{"id":318762,"date":"2023-01-26T05:47:42","date_gmt":"2023-01-26T04:47:42","guid":{"rendered":"https:\/\/www.radiopiu.net\/wordpress\/?p=318762"},"modified":"2023-01-26T06:09:07","modified_gmt":"2023-01-26T05:09:07","slug":"travolto-dalla-valanga-muore-il-patron-del-caravan-park","status":"publish","type":"post","link":"https:\/\/www.radiopiu.net\/wordpress\/travolto-dalla-valanga-muore-il-patron-del-caravan-park\/","title":{"rendered":"TRAVOLTO DALLA VALANGA, MUORE IL PATRON DEL CARAVAN PARK"},"content":{"rendered":"<p><strong><a class=\"dt-pswp-item\" href=\"https:\/\/www.radiopiu.net\/wordpress\/wp-content\/uploads\/2023\/01\/cara.jpg\" data-dt-img-description=\"\" data-large_image_width=\"102\" data-large_image_height=\"117\"><img loading=\"lazy\" decoding=\"async\" class=\"size-full wp-image-318763 alignleft\" src=\"https:\/\/www.radiopiu.net\/wordpress\/wp-content\/uploads\/2023\/01\/cara.jpg\" alt=\"\" width=\"102\" height=\"117\" \/><\/a>COMELICO<\/strong>\u00a0 E&#8217; morto \u00a0Hans Happacher, 63 anni, proprietario del Caravan Park che aveva recentemente investito anche a Domegge. L&#8217;uomo \u00e8 stato travolto dalla valanga sul Monte Elmo. L&#8217;allarme\u00a0 \u00e8 partito dall&#8217;Artva di Happacher, sotto la vetta, a una quota fra i 2000 e il 2200 metri. Pi\u00f9 di un&#8217;ora di tentativi di rianimare Happacher non \u00e8 purtroppo servita a salvargli la vita. Troppo gravi le sue condizioni.\u00a0 Era salito al Monte Elmo con le pelli di foca e poi aveva cominciato la discesa nella neve fresca, verso le 16 di ieri pomeriggio il\u00a0 grosso distacco di neve, almeno cento metri di fronte per altre centinaia di metri,\u00a0 l&#8217;escursionista sepolto da un metro e mezzo di neve.<\/p>\n<p>___<\/p>\n","protected":false},"excerpt":{"rendered":"<p>COMELICO\u00a0 E&#8217; morto \u00a0Hans Happacher, 63 anni, proprietario del Caravan Park che aveva recentemente investito anche a Domegge. L&#8217;uomo \u00e8 stato travolto dalla valanga sul Monte Elmo. L&#8217;allarme\u00a0 \u00e8 partito dall&#8217;Artva di Happacher, sotto la vetta, a una quota fra i 2000 e il 2200 metri. Pi\u00f9 di un&#8217;ora di tentativi di rianimare Happacher non&hellip;<\/p>\n","protected":false},"author":4,"featured_media":318763,"comment_status":"closed","ping_status":"closed","sticky":false,"template":"","format":"standard","meta":{"_monsterinsights_skip_tracking":false,"_monsterinsights_sitenote_active":false,"_monsterinsights_sitenote_note":"","_monsterinsights_sitenote_category":0,"footnotes":""},"categories":[51,49],"tags":[],"class_list":["post-318762","post","type-post","status-publish","format-standard","has-post-thumbnail","hentry","category-evidenza-top","category-news-18","category-51","category-49","description-off"],"img_url":"https:\/\/www.radiopiu.net\/wordpress\/wp-content\/uploads\/2023\/01\/cara.jpg","_links":{"self":[{"href":"https:\/\/www.radiopiu.net\/wordpress\/wp-json\/wp\/v2\/posts\/318762","targetHints":{"allow":["GET"]}}],"collection":[{"href":"https:\/\/www.radiopiu.net\/wordpress\/wp-json\/wp\/v2\/posts"}],"about":[{"href":"https:\/\/www.radiopiu.net\/wordpress\/wp-json\/wp\/v2\/types\/post"}],"author":[{"embeddable":true,"href":"https:\/\/www.radiopiu.net\/wordpress\/wp-json\/wp\/v2\/users\/4"}],"replies":[{"embeddable":true,"href":"https:\/\/www.radiopiu.net\/wordpress\/wp-json\/wp\/v2\/comments?post=318762"}],"version-history":[{"count":0,"href":"https:\/\/www.radiopiu.net\/wordpress\/wp-json\/wp\/v2\/posts\/318762\/revisions"}],"wp:featuredmedia":[{"embeddable":true,"href":"https:\/\/www.radiopiu.net\/wordpress\/wp-json\/wp\/v2\/media\/318763"}],"wp:attachment":[{"href":"https:\/\/www.radiopiu.net\/wordpress\/wp-json\/wp\/v2\/media?parent=318762"}],"wp:term":[{"taxonomy":"category","embeddable":true,"href":"https:\/\/www.radiopiu.net\/wordpress\/wp-json\/wp\/v2\/categories?post=318762"},{"taxonomy":"post_tag","embeddable":true,"href":"https:\/\/www.radiopiu.net\/wordpress\/wp-json\/wp\/v2\/tags?post=318762"}],"curies":[{"name":"wp","href":"https:\/\/api.w.org\/{rel}","templated":true}]}}