{"id":318772,"date":"2023-01-26T05:37:35","date_gmt":"2023-01-26T04:37:35","guid":{"rendered":"https:\/\/www.radiopiu.net\/wordpress\/?p=318772"},"modified":"2023-01-26T05:37:35","modified_gmt":"2023-01-26T04:37:35","slug":"sabato-in-sala-don-tamis-lassemblea-del-gamp","status":"publish","type":"post","link":"https:\/\/www.radiopiu.net\/wordpress\/sabato-in-sala-don-tamis-lassemblea-del-gamp\/","title":{"rendered":"SABATO IN SALA DON TAMIS L&#8217;ASSEMBLEA DEL GAMP"},"content":{"rendered":"<blockquote>\n<h3>L&#8217;ASSEMBLEA DEL GAMP<\/h3>\n<p>DI GIANNI SANTOMASO<\/p><\/blockquote>\n<p><strong><a class=\"dt-pswp-item\" href=\"https:\/\/www.radiopiu.net\/wordpress\/wp-content\/uploads\/2020\/02\/Manuel_Conedera.jpg\" data-dt-img-description=\"\" data-large_image_width=\"512\" data-large_image_height=\"512\"><img loading=\"lazy\" decoding=\"async\" class=\"wp-image-119145 alignleft\" src=\"https:\/\/www.radiopiu.net\/wordpress\/wp-content\/uploads\/2020\/02\/Manuel_Conedera-300x300.jpg\" alt=\"\" width=\"135\" height=\"135\" srcset=\"https:\/\/www.radiopiu.net\/wordpress\/wp-content\/uploads\/2020\/02\/Manuel_Conedera-300x300.jpg 300w, https:\/\/www.radiopiu.net\/wordpress\/wp-content\/uploads\/2020\/02\/Manuel_Conedera-150x150.jpg 150w, https:\/\/www.radiopiu.net\/wordpress\/wp-content\/uploads\/2020\/02\/Manuel_Conedera.jpg 512w\" sizes=\"auto, (max-width: 135px) 100vw, 135px\" \/><\/a>AGORDO <\/strong>Il presidente del Gamp &#8211; Gruppo agordino mineralogico e paleontologico, Manuel Conedera (FOTO), ha convocato l&#8217;assemblea annuale per sabato 4 febbraio alle 16.30 in sala don Tamis. All&#8217;ordine del giorno la relazione del presidente sull&#8217;attivit\u00e0 2022, la discussione e l&#8217;approvazione del bilancio 2022, le votazioni per il rinnovo del consiglio direttivo e del presidente per il biennio 2023-24. Possono votare i soci in regola con la quota associativa 2023 che ammonta a 15 euro e che potr\u00e0 essere versata a inizio assemblea, o all&#8217;ufficio turistico (aperto il luned\u00ec, il mercoled\u00ec, il gioved\u00ec, il venerd\u00ec e il sabato dalle 9 alle 12 e dalle 15 alle 18 e la domenica dalle 9 alle 12), oppure con un bonifico prima della data dell&#8217;assemblea. Per informazioni scrivere a info@agordogampdolomiti.it, contattare il segretario Davide Conedera al 388 495 5756 o il presidente Manuel Conedera al 3400 890 160, consultare il sito www.agordogampdolomiti.it.<\/p>\n<hr \/>\n<p>&nbsp;<\/p>\n","protected":false},"excerpt":{"rendered":"<p>L&#8217;ASSEMBLEA DEL GAMP DI GIANNI SANTOMASO AGORDO Il presidente del Gamp &#8211; Gruppo agordino mineralogico e paleontologico, Manuel Conedera (FOTO), ha convocato l&#8217;assemblea annuale per sabato 4 febbraio alle 16.30 in sala don Tamis. All&#8217;ordine del giorno la relazione del presidente sull&#8217;attivit\u00e0 2022, la discussione e l&#8217;approvazione del bilancio 2022, le votazioni per il rinnovo&hellip;<\/p>\n","protected":false},"author":4,"featured_media":119145,"comment_status":"closed","ping_status":"closed","sticky":false,"template":"","format":"standard","meta":{"_monsterinsights_skip_tracking":false,"_monsterinsights_sitenote_active":false,"_monsterinsights_sitenote_note":"","_monsterinsights_sitenote_category":0,"footnotes":""},"categories":[104,49],"tags":[],"class_list":["post-318772","post","type-post","status-publish","format-standard","has-post-thumbnail","hentry","category-evidenza_3","category-news-18","category-104","category-49","description-off"],"img_url":"https:\/\/www.radiopiu.net\/wordpress\/wp-content\/uploads\/2020\/02\/Manuel_Conedera.jpg","_links":{"self":[{"href":"https:\/\/www.radiopiu.net\/wordpress\/wp-json\/wp\/v2\/posts\/318772","targetHints":{"allow":["GET"]}}],"collection":[{"href":"https:\/\/www.radiopiu.net\/wordpress\/wp-json\/wp\/v2\/posts"}],"about":[{"href":"https:\/\/www.radiopiu.net\/wordpress\/wp-json\/wp\/v2\/types\/post"}],"author":[{"embeddable":true,"href":"https:\/\/www.radiopiu.net\/wordpress\/wp-json\/wp\/v2\/users\/4"}],"replies":[{"embeddable":true,"href":"https:\/\/www.radiopiu.net\/wordpress\/wp-json\/wp\/v2\/comments?post=318772"}],"version-history":[{"count":0,"href":"https:\/\/www.radiopiu.net\/wordpress\/wp-json\/wp\/v2\/posts\/318772\/revisions"}],"wp:featuredmedia":[{"embeddable":true,"href":"https:\/\/www.radiopiu.net\/wordpress\/wp-json\/wp\/v2\/media\/119145"}],"wp:attachment":[{"href":"https:\/\/www.radiopiu.net\/wordpress\/wp-json\/wp\/v2\/media?parent=318772"}],"wp:term":[{"taxonomy":"category","embeddable":true,"href":"https:\/\/www.radiopiu.net\/wordpress\/wp-json\/wp\/v2\/categories?post=318772"},{"taxonomy":"post_tag","embeddable":true,"href":"https:\/\/www.radiopiu.net\/wordpress\/wp-json\/wp\/v2\/tags?post=318772"}],"curies":[{"name":"wp","href":"https:\/\/api.w.org\/{rel}","templated":true}]}}