{"id":318807,"date":"2023-01-27T05:14:43","date_gmt":"2023-01-27T04:14:43","guid":{"rendered":"https:\/\/www.radiopiu.net\/wordpress\/?p=318807"},"modified":"2023-01-27T05:34:02","modified_gmt":"2023-01-27T04:34:02","slug":"318807-2","status":"publish","type":"post","link":"https:\/\/www.radiopiu.net\/wordpress\/318807-2\/","title":{"rendered":"LA COMETA&#8230;VICINA ALLA TERRA"},"content":{"rendered":"<p>&nbsp;<\/p>\n<p><strong>AUDIO<\/strong><\/p>\n<audio class=\"wp-audio-shortcode\" id=\"audio-318807-1\" preload=\"none\" style=\"width: 100%;\" controls=\"controls\"><source type=\"audio\/mpeg\" src=\"https:\/\/www.radiopiu.net\/wordpress\/wp-content\/uploads\/2023\/01\/CLAUDIO-PRA.mp3?_=1\" \/><a href=\"https:\/\/www.radiopiu.net\/wordpress\/wp-content\/uploads\/2023\/01\/CLAUDIO-PRA.mp3\">https:\/\/www.radiopiu.net\/wordpress\/wp-content\/uploads\/2023\/01\/CLAUDIO-PRA.mp3<\/a><\/audio>\n<p>&nbsp;<\/p>\n<p><strong><a class=\"dt-pswp-item\" href=\"https:\/\/www.radiopiu.net\/wordpress\/wp-content\/uploads\/2023\/01\/6cb8c9ff-bacd-45ff-8ead-5f67300dc06a.jpg\" data-dt-img-description=\"\" data-large_image_width=\"1468\" data-large_image_height=\"1588\"><img loading=\"lazy\" decoding=\"async\" class=\" wp-image-318808 alignleft\" src=\"https:\/\/www.radiopiu.net\/wordpress\/wp-content\/uploads\/2023\/01\/6cb8c9ff-bacd-45ff-8ead-5f67300dc06a-277x300.jpg\" alt=\"\" width=\"194\" height=\"210\" srcset=\"https:\/\/www.radiopiu.net\/wordpress\/wp-content\/uploads\/2023\/01\/6cb8c9ff-bacd-45ff-8ead-5f67300dc06a-277x300.jpg 277w, https:\/\/www.radiopiu.net\/wordpress\/wp-content\/uploads\/2023\/01\/6cb8c9ff-bacd-45ff-8ead-5f67300dc06a-947x1024.jpg 947w, https:\/\/www.radiopiu.net\/wordpress\/wp-content\/uploads\/2023\/01\/6cb8c9ff-bacd-45ff-8ead-5f67300dc06a-768x831.jpg 768w, https:\/\/www.radiopiu.net\/wordpress\/wp-content\/uploads\/2023\/01\/6cb8c9ff-bacd-45ff-8ead-5f67300dc06a-1420x1536.jpg 1420w, https:\/\/www.radiopiu.net\/wordpress\/wp-content\/uploads\/2023\/01\/6cb8c9ff-bacd-45ff-8ead-5f67300dc06a.jpg 1468w\" sizes=\"auto, (max-width: 194px) 100vw, 194px\" \/><\/a>REDAZIONE\u00a0<\/strong> Una bella cometa luminosa sta mettendo in fibrillazione in questi giorni astronomi ed astrofili, ma anche i semplici curiosi allertati dai mezzi di comunicazione. L&#8217; &#8220;astro chiomato&#8221; battezzato da molti media &#8220;la cometa dei Neanderthal&#8221;, perch\u00e9 forse transitata 50.000 anni fa ai tempi dell&#8217;uomo di Neanderthal, in realt\u00e0 si chiama C\/2022 E3 ZTF, un nome poco romantico ma pi\u00f9 concreto, che nella sua formula riporta una serie di dati tra cui, per ultimo, il sistema automatizzato che l\u2019ha individuata, ovvero il Zwicky Transient Facility, appunto ZTF. Dopo essere passata il 12 gennaio nel punto pi\u00f9 vicino al Sole chiamato perielio, l&#8217;oggetto celeste sta ora avvicinandosi al nostro pianeta. Transiter\u00e0 alla minima distanza dalla Terra, circa 42 milioni di chilometri, il primo febbraio. Saranno quindi gli ultimi giorni di gennaio e i primi di febbraio quelli di maggior interesse, con la ZTF che raggiunger\u00e1 il suo massimo splendore. Non \u00e8 facile stimare quale sar\u00e0 la reale luminosit\u00e0 di una cometa e proprio per questo alcune previsioni indicano che sar\u00e0 visibile in un piccolo binocolo, mentre per altre pi\u00f9 ottimistiche sar\u00e0 percepibile ad occhio nudo. Ed a occhio nudo si comincia a percepire, sia pure al limite, come posso testimoniare dalle mie ultime osservazioni. La raccomandazione per chi vuole osservarla \u00e8 in ogni caso di scegliere un luogo buio, lontano dal dilagante inquinamento luminoso. Le ricerche <strong><a class=\"dt-pswp-item\" href=\"https:\/\/www.radiopiu.net\/wordpress\/wp-content\/uploads\/2023\/01\/91bd8ba4-3897-4b8d-99be-621426bf9edf.jpg\" data-dt-img-description=\"\" data-large_image_width=\"1490\" data-large_image_height=\"1118\"><img loading=\"lazy\" decoding=\"async\" class=\"size-medium wp-image-318809 alignright\" src=\"https:\/\/www.radiopiu.net\/wordpress\/wp-content\/uploads\/2023\/01\/91bd8ba4-3897-4b8d-99be-621426bf9edf-300x225.jpg\" alt=\"\" width=\"300\" height=\"225\" srcset=\"https:\/\/www.radiopiu.net\/wordpress\/wp-content\/uploads\/2023\/01\/91bd8ba4-3897-4b8d-99be-621426bf9edf-300x225.jpg 300w, https:\/\/www.radiopiu.net\/wordpress\/wp-content\/uploads\/2023\/01\/91bd8ba4-3897-4b8d-99be-621426bf9edf-1024x768.jpg 1024w, https:\/\/www.radiopiu.net\/wordpress\/wp-content\/uploads\/2023\/01\/91bd8ba4-3897-4b8d-99be-621426bf9edf-768x576.jpg 768w, https:\/\/www.radiopiu.net\/wordpress\/wp-content\/uploads\/2023\/01\/91bd8ba4-3897-4b8d-99be-621426bf9edf.jpg 1490w\" sizes=\"auto, (max-width: 300px) 100vw, 300px\" \/><\/a><\/strong>potrebbero cominciare comodamente dopo cena, ma la Luna, con la sua intensa luce, disturber\u00e0 parecchio nei prossimi giorni, tanto che converr\u00e0 cercarla a ridosso dell\u2019alba, attorno alle 6.00, indirizzando lo sguardo verso nord, tra le stelle della Giraffa e in seguito dell\u2019Auriga. Un piccolo binocolo, come gi\u00e0 ricordato, permetter\u00e0 ottime osservazioni. Se poi si vedr\u00e0 anche a occhio nudo lo spettacolo sar\u00e0 ancora maggiore. Ricordo infine, per una maggior comprensione del fenomeno, che una cometa non ha niente a che fare con una stella ed infatti il termine &#8220;stella cometa&#8221; non \u00e8 corretto. Stiamo invece parlando di un aggregato poco coeso di gas, ghiaccio e polveri tenuti insieme da una crosta rocciosa. Una montagna di qualche chilometro\u00a0molto poco compatta che, avvicinandosi al Sole, si sgretola sotto la pressione della nostra stella. Il materiale che fuoriesce va a formare intorno al nucleo la chioma e in direzione opposta al Sole le code di gas e polveri. Tante meteore, le conosciutissime stelle cadenti, altro non sono che granelli di polvere dispersi dalle comete.<\/p>\n<p>&nbsp;<\/p>\n<p>&nbsp;<\/p>\n<hr \/>\n<p>&nbsp;<\/p>\n","protected":false},"excerpt":{"rendered":"<p>&nbsp; AUDIO &nbsp; REDAZIONE\u00a0 Una bella cometa luminosa sta mettendo in fibrillazione in questi giorni astronomi ed astrofili, ma anche i semplici curiosi allertati dai mezzi di comunicazione. L&#8217; &#8220;astro chiomato&#8221; battezzato da molti media &#8220;la cometa dei Neanderthal&#8221;, perch\u00e9 forse transitata 50.000 anni fa ai tempi dell&#8217;uomo di Neanderthal, in realt\u00e0 si chiama C\/2022&hellip;<\/p>\n","protected":false},"author":4,"featured_media":318809,"comment_status":"closed","ping_status":"closed","sticky":false,"template":"","format":"standard","meta":{"_monsterinsights_skip_tracking":false,"_monsterinsights_sitenote_active":false,"_monsterinsights_sitenote_note":"","_monsterinsights_sitenote_category":0,"footnotes":""},"categories":[51,49],"tags":[],"class_list":["post-318807","post","type-post","status-publish","format-standard","has-post-thumbnail","hentry","category-evidenza-top","category-news-18","category-51","category-49","description-off"],"img_url":"https:\/\/www.radiopiu.net\/wordpress\/wp-content\/uploads\/2023\/01\/91bd8ba4-3897-4b8d-99be-621426bf9edf.jpg","_links":{"self":[{"href":"https:\/\/www.radiopiu.net\/wordpress\/wp-json\/wp\/v2\/posts\/318807","targetHints":{"allow":["GET"]}}],"collection":[{"href":"https:\/\/www.radiopiu.net\/wordpress\/wp-json\/wp\/v2\/posts"}],"about":[{"href":"https:\/\/www.radiopiu.net\/wordpress\/wp-json\/wp\/v2\/types\/post"}],"author":[{"embeddable":true,"href":"https:\/\/www.radiopiu.net\/wordpress\/wp-json\/wp\/v2\/users\/4"}],"replies":[{"embeddable":true,"href":"https:\/\/www.radiopiu.net\/wordpress\/wp-json\/wp\/v2\/comments?post=318807"}],"version-history":[{"count":0,"href":"https:\/\/www.radiopiu.net\/wordpress\/wp-json\/wp\/v2\/posts\/318807\/revisions"}],"wp:featuredmedia":[{"embeddable":true,"href":"https:\/\/www.radiopiu.net\/wordpress\/wp-json\/wp\/v2\/media\/318809"}],"wp:attachment":[{"href":"https:\/\/www.radiopiu.net\/wordpress\/wp-json\/wp\/v2\/media?parent=318807"}],"wp:term":[{"taxonomy":"category","embeddable":true,"href":"https:\/\/www.radiopiu.net\/wordpress\/wp-json\/wp\/v2\/categories?post=318807"},{"taxonomy":"post_tag","embeddable":true,"href":"https:\/\/www.radiopiu.net\/wordpress\/wp-json\/wp\/v2\/tags?post=318807"}],"curies":[{"name":"wp","href":"https:\/\/api.w.org\/{rel}","templated":true}]}}