{"id":318825,"date":"2023-01-27T05:15:03","date_gmt":"2023-01-27T04:15:03","guid":{"rendered":"https:\/\/www.radiopiu.net\/wordpress\/?p=318825"},"modified":"2023-01-27T05:33:49","modified_gmt":"2023-01-27T04:33:49","slug":"accoglienza-ucraini-i-nuclei-famigliari-saranno-ricostituiti-e-vivranno-insieme","status":"publish","type":"post","link":"https:\/\/www.radiopiu.net\/wordpress\/accoglienza-ucraini-i-nuclei-famigliari-saranno-ricostituiti-e-vivranno-insieme\/","title":{"rendered":"ACCOGLIENZA UCRAINI. I NUCLEI FAMIGLIARI SARANNO RICOSTITUITI E VIVRANNO INSIEME"},"content":{"rendered":"<p><strong><a class=\"dt-pswp-item\" href=\"https:\/\/www.radiopiu.net\/wordpress\/wp-content\/uploads\/2023\/01\/082633535-e19a50bd-500f-49e7-bbac-a5cd793b6c67.jpg\" data-dt-img-description=\"\" data-large_image_width=\"775\" data-large_image_height=\"482\"><img loading=\"lazy\" decoding=\"async\" class=\" wp-image-318827 alignleft\" src=\"https:\/\/www.radiopiu.net\/wordpress\/wp-content\/uploads\/2023\/01\/082633535-e19a50bd-500f-49e7-bbac-a5cd793b6c67-300x187.jpg\" alt=\"\" width=\"178\" height=\"111\" srcset=\"https:\/\/www.radiopiu.net\/wordpress\/wp-content\/uploads\/2023\/01\/082633535-e19a50bd-500f-49e7-bbac-a5cd793b6c67-300x187.jpg 300w, https:\/\/www.radiopiu.net\/wordpress\/wp-content\/uploads\/2023\/01\/082633535-e19a50bd-500f-49e7-bbac-a5cd793b6c67-768x478.jpg 768w, https:\/\/www.radiopiu.net\/wordpress\/wp-content\/uploads\/2023\/01\/082633535-e19a50bd-500f-49e7-bbac-a5cd793b6c67.jpg 775w\" sizes=\"auto, (max-width: 178px) 100vw, 178px\" \/><\/a>BELLUNO <\/strong>Avviati i lavori all\u2019asilo Cairoli: la struttura sar\u00e0 adattata, ospiter\u00e0 i civili ucraini.\u00a0 Anche le ultime richieste di fermarsi sul territorio hanno trovato risposta positiva: l\u2019amministrazione assicurer\u00e0 l\u2019ospitalit\u00e0 a 47 persone, vale a dire donne, ragazzi, bambini ospitati finora nell\u2019ex caserma dei Vigili del fuoco di Mussoi e gli uomini accolti invece, in questi mesi, dai frati. Nelle ultime ore, infatti, \u00e8 cresciuto il numero di persone decise a non lasciare la provincia e a restare all\u2019interno del sistema di accoglienza del Comune capoluogo, per valutare un futuro nel Bellunese e cercare lavoro qui. \u201c<em>E\u2019 una bella notizia per noi, ci speravamo \u2013 commenta il sindaco, Oscar De Pellegrin -, per questo ci siamo preparati a dare sistemazione ad un numero pi\u00f9 alto di persone rispetto a quelle che gi\u00e0 settimane fa ci avevano espresso il loro desiderio di non partire. Donne, uomini, ragazzi e bambini si sono trovati bene qui, hanno scoperto una comunit\u00e0 accogliente e ben disposta ad aiutarli tanto da voler pensare ad un futuro nel nostro territorio. Cercheranno impiego, qualcuno gi\u00e0 l\u2019ha trovato, i bambini e i giovani continueranno il percorso scolastico. Nel cercare una sistemazione abbiamo posto attenzione a riunire i nuclei: genitori e figli ora torneranno a vivere insieme, a ogni famiglia sar\u00e0 affidato uno spazio proprio<\/em>\u201d. Operai e tecnici comunali sono al lavoro principalmente all\u2019asilo Cairoli per adattare gli spazi nei servizi igienici, dove verranno montate delle docce e creata maggior privacy, come nelle aule che fungeranno da camere.\u00a0 In tutto, saranno ricavate undici stanze da letto, alle quali si aggiungeranno\u00a0\u00a0 il refettorio, la cucina e altri spazi comuni. Saranno portate lavatrici in grado di dare servizio a tutti, i pasti continueranno ad essere portati da Sersa e la presenza di una cucina perfettamente allestita dar\u00e0 modo di potersi gestire, in parte, in autonomia. Sono 47 i civili ucraini a cui sar\u00e0 assicurata l\u2019ospitalit\u00e0 in citt\u00e0, perch\u00e8 17\u00a0 hanno trovato soluzioni alternative in modo autonomo e 2 si sposteranno a Vicenza.<\/p>\n<p>&nbsp;<\/p>\n<p>&nbsp;<\/p>\n<p>******<\/p>\n","protected":false},"excerpt":{"rendered":"<p>BELLUNO Avviati i lavori all\u2019asilo Cairoli: la struttura sar\u00e0 adattata, ospiter\u00e0 i civili ucraini.\u00a0 Anche le ultime richieste di fermarsi sul territorio hanno trovato risposta positiva: l\u2019amministrazione assicurer\u00e0 l\u2019ospitalit\u00e0 a 47 persone, vale a dire donne, ragazzi, bambini ospitati finora nell\u2019ex caserma dei Vigili del fuoco di Mussoi e gli uomini accolti invece, in questi&hellip;<\/p>\n","protected":false},"author":4,"featured_media":318827,"comment_status":"closed","ping_status":"closed","sticky":false,"template":"","format":"standard","meta":{"_monsterinsights_skip_tracking":false,"_monsterinsights_sitenote_active":false,"_monsterinsights_sitenote_note":"","_monsterinsights_sitenote_category":0,"footnotes":""},"categories":[51,49],"tags":[],"class_list":["post-318825","post","type-post","status-publish","format-standard","has-post-thumbnail","hentry","category-evidenza-top","category-news-18","category-51","category-49","description-off"],"img_url":"https:\/\/www.radiopiu.net\/wordpress\/wp-content\/uploads\/2023\/01\/082633535-e19a50bd-500f-49e7-bbac-a5cd793b6c67.jpg","_links":{"self":[{"href":"https:\/\/www.radiopiu.net\/wordpress\/wp-json\/wp\/v2\/posts\/318825","targetHints":{"allow":["GET"]}}],"collection":[{"href":"https:\/\/www.radiopiu.net\/wordpress\/wp-json\/wp\/v2\/posts"}],"about":[{"href":"https:\/\/www.radiopiu.net\/wordpress\/wp-json\/wp\/v2\/types\/post"}],"author":[{"embeddable":true,"href":"https:\/\/www.radiopiu.net\/wordpress\/wp-json\/wp\/v2\/users\/4"}],"replies":[{"embeddable":true,"href":"https:\/\/www.radiopiu.net\/wordpress\/wp-json\/wp\/v2\/comments?post=318825"}],"version-history":[{"count":0,"href":"https:\/\/www.radiopiu.net\/wordpress\/wp-json\/wp\/v2\/posts\/318825\/revisions"}],"wp:featuredmedia":[{"embeddable":true,"href":"https:\/\/www.radiopiu.net\/wordpress\/wp-json\/wp\/v2\/media\/318827"}],"wp:attachment":[{"href":"https:\/\/www.radiopiu.net\/wordpress\/wp-json\/wp\/v2\/media?parent=318825"}],"wp:term":[{"taxonomy":"category","embeddable":true,"href":"https:\/\/www.radiopiu.net\/wordpress\/wp-json\/wp\/v2\/categories?post=318825"},{"taxonomy":"post_tag","embeddable":true,"href":"https:\/\/www.radiopiu.net\/wordpress\/wp-json\/wp\/v2\/tags?post=318825"}],"curies":[{"name":"wp","href":"https:\/\/api.w.org\/{rel}","templated":true}]}}