{"id":318830,"date":"2023-01-26T23:59:04","date_gmt":"2023-01-26T22:59:04","guid":{"rendered":"https:\/\/www.radiopiu.net\/wordpress\/?p=318830"},"modified":"2023-01-27T05:37:33","modified_gmt":"2023-01-27T04:37:33","slug":"dolomitibus-spa-moderna-azienda-bellunese-al-servizio-dei-cittadini-dal-30-settembre-1982","status":"publish","type":"post","link":"https:\/\/www.radiopiu.net\/wordpress\/dolomitibus-spa-moderna-azienda-bellunese-al-servizio-dei-cittadini-dal-30-settembre-1982\/","title":{"rendered":"\u201cDOLOMITIBUS SPA\u201d MODERNA AZIENDA BELLUNESE  AL SERVIZIO DEI CITTADINI DAL 30 SETTEMBRE 1982"},"content":{"rendered":"<p><strong>di Renato Bona<\/strong><\/p>\n<p>Dopo vari servizi sulle diverse realt\u00e0 dell\u2019importante settore, concludiamo oggi la \u201crilettura\u201d dell\u2019ottimo libro che Dolomitibus ha realizzato nel luglio 2000 con i valenti Renato Fiabane e Lionello Fiori (preziosa la collaborazione, fra gli altri, di Gianni De Vecchi) \u201cUn secolo in corriera nella provincia di Belluno\u201d, soffermandoci sul capitolo intitolato\u201dDolomitiBus spa. Una moderna azienda al servizio dei cittadini\u201d. Gli autori ricordano che fin dal termine dell\u2019Ottocento e pi\u00f9 precisamente dal 18986, anno in cui arriv\u00f2 la ferrovia nella provincia di Belluno portando un nuovo impulso all\u2019economia locale, esisteva un servizio per trasporto passeggeri e merci effettuato per lo pi\u00f9 con traino a cavalli\u201d. Ancora: \u201cAlla fine della prima guerra mondiale (1915-18), la provincia di Belluno venne interessata da un insieme di iniziative a carattere imprenditoriale, miranti a costruire quel tessuto industriale che non era presente, ma che si rendeva necessario proporre a fianco di una economia prevalentemente agricola, non pi\u00f9 sufficiente a soddisfare le nuove esigenze della collettivit\u00e0\u201d. Segue l\u2019esposizione di iniziative di \u201calcune preveggenti e attive famiglie di imprenditori per una nuova configurazione di trasporto pubblico, collocata in zone ben precise: nell\u2019Agordino e nella fascia pedemontana fino a Feltre, compresa l\u2019area tra Belluno e Sedico operava la famiglia Buzzatti che dopo la Grande Guerra pass\u00f2 dalle vetture trainate a cavalli alle prime vetture dotate di motore: Fiat 18P-18Bl. E\u2019 del 1914 la prima iscrizione della Buzzatti alla Camera di commercio bellunese, Quanto alla zona della Sinistra Piave, se ne occupava la ditta di Pietro Zasio (che si iscrisse all\u2019ente camerale nel 1929. Conca dell\u2019Alpago: servizio curato dalla famiglia Da Rolt che garantiva anche i collegamenti con Belluno e Venezia, mentre la famiglia Conz garantiva quello da Feltre a Seren del Grappa; a Ponte nelle Alpi operava la Andreella ed il territorio della Val Zoldana era seguito dai fratelli Alfonso e Primo Molin Pradel fino al disastro del Vajont (9 ottobre 1963) e poi dalla Fap con sede a San Don\u00f2 di Piave, poi divenuta Atvo spa. Fiabane-Fiori puntualizzano quindi: \u201cAltre parti della nostra provincia erano interessate da societ\u00e0 provenienti da province limitrofe come ad esempio la zona del Cadore e la zona del Feltrino occidentale, che venivano servite dalla ditta Sad di Bolzano\u201d. Avanti nel tempo e sul finire degli anni \u201870 si manifestarono i primi sintomi di crisi del settore dato che gli introiti derivanti dai passeggeri ed i contributi statali prima e regionali poi non bastavano a coprire i costi. L\u2019ente Provincia avvi\u00f2 dunque il graduale processo di acquisizione delle societ\u00e0 di trasporto disposto con legge regionale ed il Comune di Belluno, era il 1979, costitu\u00ec la Societ\u00e0 autoservizio urbano di Belluno, Saub, per gestire il proprio servizio urbano, con acquisizione del parco autobus e le linee gestite dalle societ\u00e0 Buzzatti Giovanni e F.lli spa, e Saab, Societ\u00e0 autoservizi Alpago-Belluno dei fratelli Da Rolt. trasformandosi quindi nel 1982 nella Belluno bus spa. Mentre DolomitiBus spa \u201c\u00e8 nata con l\u2019acquisizione della Buzzatti Giovanni e F.lli spa, con atto del 30 settembre 1982 data dalla quale gli uffici furono spostati nella nuova sede di Belluno presso il palazzo della Provincia; ulteriori acquisizioni per pervenire a questa situazione quanto alla propriet\u00e0 che il 15 aprile 1999, con un aumento di capitale, vedeva attribuito l\u201983,47 per cento all\u2019Ente Provincia, ed il rimanente 16,53 per cento al Comune di Belluno.<\/p>\n\n\t\t\t<style type='text\/css'>\n\t\t\t\t#gallery-1 {\n\t\t\t\t\tmargin: auto;\n\t\t\t\t}\n\t\t\t\t#gallery-1 .gallery-item {\n\t\t\t\t\tfloat: left;\n\t\t\t\t\tmargin-top: 10px;\n\t\t\t\t\ttext-align: center;\n\t\t\t\t\twidth: 33%;\n\t\t\t\t}\n\t\t\t\t#gallery-1 img {\n\t\t\t\t\tborder: 2px solid #cfcfcf;\n\t\t\t\t}\n\t\t\t\t#gallery-1 .gallery-caption {\n\t\t\t\t\tmargin-left: 0;\n\t\t\t\t}\n\t\t\t\t\/* see gallery_shortcode() in wp-includes\/media.php *\/\n\t\t\t<\/style>\n\t\t<div id='gallery-1' class='dt-gallery-container gallery galleryid-318830 gallery-columns-3 gallery-size-thumbnail'><dl class='gallery-item'>\n\t\t\t\t<dt class='gallery-icon landscape'>\n\t\t\t\t\t<a class=\"rollover rollover-zoom dt-pswp-item\" title=\"324388142_716841376611200_7708944617083807552_n\" data-dt-img-description=\"\" data-large_image_width=\"473\" data-large_image_height=\"403\"href='https:\/\/www.radiopiu.net\/wordpress\/wp-content\/uploads\/2023\/01\/324388142_716841376611200_7708944617083807552_n.jpg'><img loading=\"lazy\" decoding=\"async\" width=\"150\" height=\"150\" src=\"https:\/\/www.radiopiu.net\/wordpress\/wp-content\/uploads\/2023\/01\/324388142_716841376611200_7708944617083807552_n-150x150.jpg\" class=\"attachment-thumbnail size-thumbnail\" alt=\"\" \/><\/a>\n\t\t\t\t<\/dt><\/dl><dl class='gallery-item'>\n\t\t\t\t<dt class='gallery-icon landscape'>\n\t\t\t\t\t<a class=\"rollover rollover-zoom dt-pswp-item\" title=\"322443612_970594953921995_6155616303841842067_n\" data-dt-img-description=\"\" data-large_image_width=\"506\" data-large_image_height=\"403\"href='https:\/\/www.radiopiu.net\/wordpress\/wp-content\/uploads\/2023\/01\/322443612_970594953921995_6155616303841842067_n.jpg'><img loading=\"lazy\" decoding=\"async\" width=\"150\" height=\"150\" src=\"https:\/\/www.radiopiu.net\/wordpress\/wp-content\/uploads\/2023\/01\/322443612_970594953921995_6155616303841842067_n-150x150.jpg\" class=\"attachment-thumbnail size-thumbnail\" alt=\"\" \/><\/a>\n\t\t\t\t<\/dt><\/dl><dl class='gallery-item'>\n\t\t\t\t<dt class='gallery-icon landscape'>\n\t\t\t\t\t<a class=\"rollover rollover-zoom dt-pswp-item\" title=\"324348841_891604305491537_7397037175791086675_n\" data-dt-img-description=\"\" data-large_image_width=\"609\" data-large_image_height=\"403\"href='https:\/\/www.radiopiu.net\/wordpress\/wp-content\/uploads\/2023\/01\/324348841_891604305491537_7397037175791086675_n.jpg'><img loading=\"lazy\" decoding=\"async\" width=\"150\" height=\"150\" src=\"https:\/\/www.radiopiu.net\/wordpress\/wp-content\/uploads\/2023\/01\/324348841_891604305491537_7397037175791086675_n-150x150.jpg\" class=\"attachment-thumbnail size-thumbnail\" alt=\"\" \/><\/a>\n\t\t\t\t<\/dt><\/dl><br style=\"clear: both\" \/><dl class='gallery-item'>\n\t\t\t\t<dt class='gallery-icon landscape'>\n\t\t\t\t\t<a class=\"rollover rollover-zoom dt-pswp-item\" title=\"323368147_854044572371174_6652115094972134708_n\" data-dt-img-description=\"\" data-large_image_width=\"532\" data-large_image_height=\"403\"href='https:\/\/www.radiopiu.net\/wordpress\/wp-content\/uploads\/2023\/01\/323368147_854044572371174_6652115094972134708_n.jpg'><img loading=\"lazy\" decoding=\"async\" width=\"150\" height=\"150\" src=\"https:\/\/www.radiopiu.net\/wordpress\/wp-content\/uploads\/2023\/01\/323368147_854044572371174_6652115094972134708_n-150x150.jpg\" class=\"attachment-thumbnail size-thumbnail\" alt=\"\" \/><\/a>\n\t\t\t\t<\/dt><\/dl><dl class='gallery-item'>\n\t\t\t\t<dt class='gallery-icon landscape'>\n\t\t\t\t\t<a class=\"rollover rollover-zoom dt-pswp-item\" title=\"323578817_1861271807542755_7191519513130492135_n\" data-dt-img-description=\"\" data-large_image_width=\"499\" data-large_image_height=\"403\"href='https:\/\/www.radiopiu.net\/wordpress\/wp-content\/uploads\/2023\/01\/323578817_1861271807542755_7191519513130492135_n.jpg'><img loading=\"lazy\" decoding=\"async\" width=\"150\" height=\"150\" src=\"https:\/\/www.radiopiu.net\/wordpress\/wp-content\/uploads\/2023\/01\/323578817_1861271807542755_7191519513130492135_n-150x150.jpg\" class=\"attachment-thumbnail size-thumbnail\" alt=\"\" \/><\/a>\n\t\t\t\t<\/dt><\/dl><dl class='gallery-item'>\n\t\t\t\t<dt class='gallery-icon landscape'>\n\t\t\t\t\t<a class=\"rollover rollover-zoom dt-pswp-item\" title=\"326368930_716085383323177_3876187897978396062_n\" data-dt-img-description=\"\" data-large_image_width=\"683\" data-large_image_height=\"403\"href='https:\/\/www.radiopiu.net\/wordpress\/wp-content\/uploads\/2023\/01\/326368930_716085383323177_3876187897978396062_n.jpg'><img loading=\"lazy\" decoding=\"async\" width=\"150\" height=\"150\" src=\"https:\/\/www.radiopiu.net\/wordpress\/wp-content\/uploads\/2023\/01\/326368930_716085383323177_3876187897978396062_n-150x150.jpg\" class=\"attachment-thumbnail size-thumbnail\" alt=\"\" \/><\/a>\n\t\t\t\t<\/dt><\/dl><br style=\"clear: both\" \/><dl class='gallery-item'>\n\t\t\t\t<dt class='gallery-icon landscape'>\n\t\t\t\t\t<a class=\"rollover rollover-zoom dt-pswp-item\" title=\"327015557_5893578957429169_1198522328340343847_n\" data-dt-img-description=\"\" data-large_image_width=\"574\" data-large_image_height=\"403\"href='https:\/\/www.radiopiu.net\/wordpress\/wp-content\/uploads\/2023\/01\/327015557_5893578957429169_1198522328340343847_n.jpg'><img loading=\"lazy\" decoding=\"async\" width=\"150\" height=\"150\" src=\"https:\/\/www.radiopiu.net\/wordpress\/wp-content\/uploads\/2023\/01\/327015557_5893578957429169_1198522328340343847_n-150x150.jpg\" class=\"attachment-thumbnail size-thumbnail\" alt=\"\" \/><\/a>\n\t\t\t\t<\/dt><\/dl><dl class='gallery-item'>\n\t\t\t\t<dt class='gallery-icon landscape'>\n\t\t\t\t\t<a class=\"rollover rollover-zoom dt-pswp-item\" title=\"325062026_901852604498460_5826769261737571062_n\" data-dt-img-description=\"\" data-large_image_width=\"526\" data-large_image_height=\"403\"href='https:\/\/www.radiopiu.net\/wordpress\/wp-content\/uploads\/2023\/01\/325062026_901852604498460_5826769261737571062_n.jpg'><img loading=\"lazy\" decoding=\"async\" width=\"150\" height=\"150\" src=\"https:\/\/www.radiopiu.net\/wordpress\/wp-content\/uploads\/2023\/01\/325062026_901852604498460_5826769261737571062_n-150x150.jpg\" class=\"attachment-thumbnail size-thumbnail\" alt=\"\" \/><\/a>\n\t\t\t\t<\/dt><\/dl><dl class='gallery-item'>\n\t\t\t\t<dt class='gallery-icon landscape'>\n\t\t\t\t\t<a class=\"rollover rollover-zoom dt-pswp-item\" title=\"324800192_885539419453081_8131600504535566557_n\" data-dt-img-description=\"\" data-large_image_width=\"582\" data-large_image_height=\"403\"href='https:\/\/www.radiopiu.net\/wordpress\/wp-content\/uploads\/2023\/01\/324800192_885539419453081_8131600504535566557_n.jpg'><img loading=\"lazy\" decoding=\"async\" width=\"150\" height=\"150\" src=\"https:\/\/www.radiopiu.net\/wordpress\/wp-content\/uploads\/2023\/01\/324800192_885539419453081_8131600504535566557_n-150x150.jpg\" class=\"attachment-thumbnail size-thumbnail\" alt=\"\" \/><\/a>\n\t\t\t\t<\/dt><\/dl><br style=\"clear: both\" \/>\n\t\t\t<\/div>\n\n<p>&nbsp;<\/p>\n<p>NELLE FOTO (riproduzioni dal libro \u201cUn secolo in corriera nella provincia di Belluno\u201d di Renato Fiabane e Lionello Fiori): la copertina del volume; la sede centrale della DolomitiBus nella bellunese via Col da Ren; l\u2019autovettura Spa del \u201cGarage Marconi\u201d di Mestre in servizio postale e viaggiatori sulla linea Belluno-San Vito di Cadore davanti alla vecchia stazione ferroviaria bellunese nell\u2019anno 1911; anno 2000: pullman a due piani Ayats Bravo 1 della Dolomitibus; anno 1999: pullman Setra S 315 con pianale ribassato e pedana per disabili della DolomitiBus davanti a Villa Montalban di Safforze; pullman Granturismo Mercedes 0 404 \u201cfiore all\u2019occhiello\u201d dell\u2019azienda bellunese, \u00e8 l\u2019anno 1996; siamo nel 1995: pullman Iveco 380 Euroclasss in servizio su varie linee della provincia di Belluno; 1977: autobus urbano Fiat 418 in servizio sulla linea numero 4: Tisoi-Belluno-Borgo Pra; siamo nell\u2019anno 1997: autobus urbano Iveco 491Cityclass in servizio sulla Bes-Safforze.<\/p>\n<p>&nbsp;<\/p>\n<p>&nbsp;<\/p>\n<p>******<\/p>\n","protected":false},"excerpt":{"rendered":"<p>di Renato Bona Dopo vari servizi sulle diverse realt\u00e0 dell\u2019importante settore, concludiamo oggi la \u201crilettura\u201d dell\u2019ottimo libro che Dolomitibus ha realizzato nel luglio 2000 con i valenti Renato Fiabane e Lionello Fiori (preziosa la collaborazione, fra gli altri, di Gianni De Vecchi) \u201cUn secolo in corriera nella provincia di Belluno\u201d, soffermandoci sul capitolo intitolato\u201dDolomitiBus spa.&hellip;<\/p>\n","protected":false},"author":4,"featured_media":318837,"comment_status":"closed","ping_status":"closed","sticky":false,"template":"","format":"standard","meta":{"_monsterinsights_skip_tracking":false,"_monsterinsights_sitenote_active":false,"_monsterinsights_sitenote_note":"","_monsterinsights_sitenote_category":0,"footnotes":""},"categories":[104,49],"tags":[],"class_list":["post-318830","post","type-post","status-publish","format-standard","has-post-thumbnail","hentry","category-evidenza_3","category-news-18","category-104","category-49","description-off"],"img_url":"https:\/\/www.radiopiu.net\/wordpress\/wp-content\/uploads\/2023\/01\/323578817_1861271807542755_7191519513130492135_n.jpg","_links":{"self":[{"href":"https:\/\/www.radiopiu.net\/wordpress\/wp-json\/wp\/v2\/posts\/318830","targetHints":{"allow":["GET"]}}],"collection":[{"href":"https:\/\/www.radiopiu.net\/wordpress\/wp-json\/wp\/v2\/posts"}],"about":[{"href":"https:\/\/www.radiopiu.net\/wordpress\/wp-json\/wp\/v2\/types\/post"}],"author":[{"embeddable":true,"href":"https:\/\/www.radiopiu.net\/wordpress\/wp-json\/wp\/v2\/users\/4"}],"replies":[{"embeddable":true,"href":"https:\/\/www.radiopiu.net\/wordpress\/wp-json\/wp\/v2\/comments?post=318830"}],"version-history":[{"count":0,"href":"https:\/\/www.radiopiu.net\/wordpress\/wp-json\/wp\/v2\/posts\/318830\/revisions"}],"wp:featuredmedia":[{"embeddable":true,"href":"https:\/\/www.radiopiu.net\/wordpress\/wp-json\/wp\/v2\/media\/318837"}],"wp:attachment":[{"href":"https:\/\/www.radiopiu.net\/wordpress\/wp-json\/wp\/v2\/media?parent=318830"}],"wp:term":[{"taxonomy":"category","embeddable":true,"href":"https:\/\/www.radiopiu.net\/wordpress\/wp-json\/wp\/v2\/categories?post=318830"},{"taxonomy":"post_tag","embeddable":true,"href":"https:\/\/www.radiopiu.net\/wordpress\/wp-json\/wp\/v2\/tags?post=318830"}],"curies":[{"name":"wp","href":"https:\/\/api.w.org\/{rel}","templated":true}]}}