{"id":318902,"date":"2023-01-28T05:22:36","date_gmt":"2023-01-28T04:22:36","guid":{"rendered":"https:\/\/www.radiopiu.net\/wordpress\/?p=318902"},"modified":"2023-01-28T06:44:49","modified_gmt":"2023-01-28T05:44:49","slug":"giornale-radiopiu-28-gennaio-2023-direttore-mirko-mezzacasa-verso-i-40-anni-25-giugno-1983-25-giugno-2023","status":"publish","type":"post","link":"https:\/\/www.radiopiu.net\/wordpress\/giornale-radiopiu-28-gennaio-2023-direttore-mirko-mezzacasa-verso-i-40-anni-25-giugno-1983-25-giugno-2023\/","title":{"rendered":"GIORNALE RADIOPIU 28 GENNAIO 2023 DIRETTORE MIRKO MEZZACASA&#8230;verso i 40 anni 25 giugno 1983-25 giugno 2023"},"content":{"rendered":"<h3 class=\"kvgmc6g5 cxmmr5t8 oygrvhab hcukyx3x c1et5uql\"><span style=\"color: #0000ff;\"><strong>RADIO PIU INFORMAZIONE il canale su TELEGRAM informazione di prima\u00a0 <\/strong><strong>mano e in tempo reale. iscriviti ed aiutaci a farlo conoscere\u00a0<\/strong><\/span><\/h3>\n<h2 style=\"text-align: left;\"><span style=\"color: #ff0000;\">ISCRIVITI AL NOSTRO CANALE YOUTUBE PER SEGUIRE IN DIRETTA I PRINCIPALI PROGRAMMI DI RADIO PIU&#8217; E LE FUTURE DIRETTE IN ESTERNA. PER ISCRIVERTI <a style=\"color: #ff0000;\" href=\"https:\/\/youtube.com\/@radiopiu1527\">CLICCA QUI<\/a> E PREMI IL TASTO &#8220;Iscriviti&#8221;\u00a0<\/span><\/h2>\n<p>&nbsp;<\/p>\n<hr \/>\n<p>&nbsp;<\/p>\n<blockquote>\n<h3>ADDIO A BRYAN DE MONTE, LA CONCLUSIONE DI UNA DOLOROSA STORIA DEL 23ENNE CADORINO<\/h3>\n<\/blockquote>\n<p><strong><img decoding=\"async\" class=\"alignleft\" src=\"https:\/\/www.radiopiu.net\/wordpress\/wp-content\/uploads\/2023\/01\/brya.png\" \/>CALALZO<\/strong> Alla fine, ma solo alla fine, ha vinto la malattia. E&#8217; mancato ieri pomeriggio all&#8217;ospedale di Belluno Bryan De Monte, 23 anni di Calalzo. Lascia nel dolore il pap\u00e0 Sergio, mamma Cinzia, la sorella Sara. Si conclude cos\u00ec la storia dolorosa del ragazzo di 23 anni che dal luglio 2021 teneva col cuore sospeso tutti quei cadorini (e non solo) che in vario modo hanno partecipato al suo calvario quando al ragazzo, appassionato calciatore e sportivo, \u00e8 stata riscontrata una patologia autoimmune: encefalite autoimmune negativa.<\/p>\n<p>&nbsp;<\/p>\n<p>&nbsp;<\/p>\n<hr \/>\n<p>&nbsp;<\/p>\n<blockquote>\n<h3>OGGI L&#8217;ULTIMO SALUTO ALLA GIOVANE DI BELLUNO<\/h3>\n<\/blockquote>\n<p><strong>BELLUNO<\/strong>\u00a0La mamma, il pap\u00e0, i nonni, i famigliari e tutti coloro che le hanno voluto bene annunciano che ci sar\u00e0 un saluto, a feretro chiuso, oggi alle\u00a0 14.30 presso la Sala del Commiato della Casa Funeraria in via Marisiga n. 97 a Belluno. Si proseguir\u00e0 per la cremazione. Dalla famiglia della giovane mancata domenica in centro a Belluno &#8220;Grazie a tutti coloro che, in ogni forma e modo, si sono uniti al nostro dolore&#8221;.<\/p>\n<p>&nbsp;<\/p>\n<p>&nbsp;<\/p>\n<hr \/>\n<blockquote>\n<h3 class=\"entry-title\">A RISCHIO LA SAFILO DI LONGARONE. PRONTA LA MOBILITAZIONE, MONTA LA RABBIA. QUI SI CANCELLA LA STORIA.<\/h3>\n<\/blockquote>\n<p><strong class=\"photoswipe-wrapper\"><a class=\"dt-pswp-item pspw-wrap-ready\" href=\"https:\/\/www.radiopiu.net\/wordpress\/wp-content\/uploads\/2023\/01\/SAFILO.png\" data-dt-img-description=\"\" data-large_image_width=\"766\" data-large_image_height=\"492\"><img loading=\"lazy\" decoding=\"async\" class=\" wp-image-318963 alignleft\" src=\"https:\/\/www.radiopiu.net\/wordpress\/wp-content\/uploads\/2023\/01\/SAFILO-300x193.png\" sizes=\"auto, (max-width: 204px) 100vw, 204px\" srcset=\"https:\/\/www.radiopiu.net\/wordpress\/wp-content\/uploads\/2023\/01\/SAFILO-300x193.png 300w, https:\/\/www.radiopiu.net\/wordpress\/wp-content\/uploads\/2023\/01\/SAFILO.png 766w\" alt=\"\" width=\"204\" height=\"131\" \/><\/a>VENEZIA<\/strong> Si \u00e8 tenuta nella sede di Veneto Lavoro l\u2019incontro per il futuro di Safilo. Presenti l\u2019assessore al lavoro Elena Donazzan e Angelo Trocchia, Amministratore Delegato di Safilo. \u201c<em>L\u2019azienda ha comunicato prima alla stampa che ai lavoratori di considerare lo stabilimento Safilo di Longarone e i sui 472 lavoratori non piu\u0300 strategici, dopo che aveva condiviso con tutti gli attori politico- economici e sociali che quel sito avrebbe dovuto diventare il \u201cgioiellino della produzione in metallo\u201d \u2013 dice il comunicato stampa congiunto di CGIL, CISL e UIL \u2013 L\u2019incontro ha aperto uno squarcio sia nelle relazioni industriali che nei contenuti. L\u2019azienda ha dimostrato un atteggiamento di mancanza di rispetto nei confronti delle lavoratrici e dei lavoratori e del territorio poiche\u0301 nei precedenti incontri proprio l\u2019azienda aveva sempre rassicurato il sindacato sostenendo la tenuta o lo sviluppo di tutti i siti produttivi veneti. Riteniamo che questa sia una scelta ingiustificata, assurda e che risponde alla sola logica del profitto e di spregio assoluto nei confronti delle persone. Oggi avremmo dovuto discutere del futuro industriale degli stabilimenti della Safilo in Veneto, della difesa dell\u2019occupazione e della salvaguardia delle professionalita\u0300, delle competenze delle maestranze. Invece ci troviamo di fronte anche al mancato rispetto degli impegni sottoscritti nel 2019 al Mise che stabilivano la gestione degli esuberi nei tre stabilimenti senza prevedere il disimpegno di Safilo Group Spa in nessuno dei tre stabilimenti in Veneto. Safilo, con questa decisione, va nella direzione di ritirarsi da Longarone e dal Paese poiche\u0301 e\u0300 prevedibile che nel tempo, questa scelta possa far perdere strategicita\u0300 anche allo stabilimento di Padova e a quello di Santa Maria di Sala che gia\u0300 lavora per conto terzi per la Kering Eyewear Spa \u2013 continua la nota dei sindacati \u2013 Come Femca, Filctem e Uiltec abbiamo ribadito che le scelte aziendali non possono ancora una volta ricadere esclusivamente sulle lavoratrici, sui lavoratori e sulla comunita\u0300 salvaguardando soltanto le logiche del profitto aziendale legato alla quotazione in borsa. Le organizzazioni sindacali sono disponibili a ripristinare una linea di confronto concreta e propositiva volta ad avviare fin da subito un percorso che coinvolga le istituzioni venete, l\u2019imprenditoria dell\u2019occhialeria, il Ministero delle Imprese e del Made in Italy e la comunita\u0300 bellunese per affrontare questa grave situazione. Sin da subito attiveremo tutte le forme di mobilitazioni democratiche a sostegno dei lavoratori e per la difesa del patrimonio storico ed economico dell\u2019occhialeria rappresentato dal sito di Longarone<\/em>\u201c.<\/p>\n<p>&nbsp;<\/p>\n<hr \/>\n<p>&nbsp;<\/p>\n<blockquote>\n<h3>RISCHIO CHIUSURA SAFILO A LONGARONE. PADRIN: &#8220;DOBBIAMO LAVORARE PER EVITARE QUESTO&#8221;<\/h3>\n<\/blockquote>\n<p><strong><a class=\"dt-pswp-item\" href=\"https:\/\/www.radiopiu.net\/wordpress\/wp-content\/uploads\/2020\/05\/PADRIN-1-scaled.jpg\" data-dt-img-description=\"\" data-large_image_width=\"2560\" data-large_image_height=\"1920\"><img loading=\"lazy\" decoding=\"async\" class=\" wp-image-138417 alignleft\" src=\"https:\/\/www.radiopiu.net\/wordpress\/wp-content\/uploads\/2020\/05\/PADRIN-1-300x225.jpg\" alt=\"\" width=\"175\" height=\"131\" srcset=\"https:\/\/www.radiopiu.net\/wordpress\/wp-content\/uploads\/2020\/05\/PADRIN-1-300x225.jpg 300w, https:\/\/www.radiopiu.net\/wordpress\/wp-content\/uploads\/2020\/05\/PADRIN-1-1024x768.jpg 1024w, https:\/\/www.radiopiu.net\/wordpress\/wp-content\/uploads\/2020\/05\/PADRIN-1-768x576.jpg 768w, https:\/\/www.radiopiu.net\/wordpress\/wp-content\/uploads\/2020\/05\/PADRIN-1-1536x1152.jpg 1536w, https:\/\/www.radiopiu.net\/wordpress\/wp-content\/uploads\/2020\/05\/PADRIN-1-2048x1536.jpg 2048w\" sizes=\"auto, (max-width: 175px) 100vw, 175px\" \/><\/a>BELLUNO <\/strong>\u00abLa grande professionalit\u00e0 dei lavoratori e delle maestranze bellunesi \u00e8 da sempre uno dei punti di forza del nostro territorio. Dovr\u00e0 essere questo lo strumento da poter utilizzare anche in questa nuova crisi che rischia di sconvolgere il manifatturiero\u00bb. \u00c8 quanto afferma il presidente della Provincia di Belluno Roberto Padrin, alla notizia della possibile chiusura dello stabilimento produttivo Safilo di Longarone. \u00abSarebbe un problema non solo per Longarone ma per l\u2019intero territorio provinciale\u00bb sintetizza il presidente. \u00abE dobbiamo lavorare per evitarlo, in questo momento, ognuno nell\u2019ambito delle proprie competenze. Auspico la pi\u00f9 alta unit\u00e0 d\u2019intenti tra categorie, sindacati, territorio e Regione Veneto: come abbiamo gi\u00e0 visto in occasione di altre crisi che hanno interessato stabilimenti bellunesi, \u00e8 questo lo strumento per provare a invertire decisioni calate dall\u2019alto. Con l\u2019assessora regionale Donazzan mi sono gi\u00e0 confrontato pi\u00f9 volte, trovando sempre grande disponibilit\u00e0 al dialogo e altissima professionalit\u00e0 nella struttura da lei creata in Regione. In questo momento dobbiamo puntare all\u2019efficacia massima delle azioni da mettere in campo, dividendo subito il campo in due obiettivi a corto raggio. Il primo deve essere quello di tentare il possibile per salvare lo stabilimento di Longarone, facendo leva sulle competenze dei lavoratori che qui lavorano e anche sui risultati di crescita dell\u2019azienda. Dobbiamo sfruttare anche il minimo spiraglio, coinvolgendo il ministero delle imprese e del Made in Italy, visto che stiamo parlando di un prodotto &#8211; l\u2019occhiale &#8211; emblema del nostro Paese, ambasciatore della moda e dello stile italiano; in questo senso credo che il territorio si farebbe trovare come un fronte compatto, lavoratori e sindacati in testa per difendere lo stabilimento. Il secondo obiettivo, in subordine ovviamente, e da tentare qualora non ci fossero margini per il primo, \u00e8 quello di lavorare per il ricollocamento degli esuberi e salvare i posti di lavoro. Ma andiamo per step e concentriamoci sulla salvaguardia della fabbrica\u00bb.<\/p>\n<p>&nbsp;<\/p>\n<p>&nbsp;<\/p>\n<p>&nbsp;<\/p>\n<hr \/>\n<p>&nbsp;<\/p>\n<blockquote>\n<h3>LUIGI DELL&#8217;ATTI (FILCTEM CGIL): &#8220;SAFILO A LONGARONE, SOLIDARIETA&#8217; DAI COLLEGHI DI LUXOTTICA&#8221;<\/h3>\n<\/blockquote>\n<p><strong><a class=\"dt-pswp-item\" href=\"https:\/\/www.radiopiu.net\/wordpress\/wp-content\/uploads\/2019\/12\/LUIGI-DELLATTI-2019.jpeg\" data-dt-img-description=\"\" data-large_image_width=\"1600\" data-large_image_height=\"1200\"><img loading=\"lazy\" decoding=\"async\" class=\" wp-image-108679 alignleft\" src=\"https:\/\/www.radiopiu.net\/wordpress\/wp-content\/uploads\/2019\/12\/LUIGI-DELLATTI-2019-300x225.jpeg\" alt=\"\" width=\"140\" height=\"105\" srcset=\"https:\/\/www.radiopiu.net\/wordpress\/wp-content\/uploads\/2019\/12\/LUIGI-DELLATTI-2019-300x225.jpeg 300w, https:\/\/www.radiopiu.net\/wordpress\/wp-content\/uploads\/2019\/12\/LUIGI-DELLATTI-2019-768x576.jpeg 768w, https:\/\/www.radiopiu.net\/wordpress\/wp-content\/uploads\/2019\/12\/LUIGI-DELLATTI-2019-1024x768.jpeg 1024w, https:\/\/www.radiopiu.net\/wordpress\/wp-content\/uploads\/2019\/12\/LUIGI-DELLATTI-2019.jpeg 1600w\" sizes=\"auto, (max-width: 140px) 100vw, 140px\" \/><\/a>AGORDO<\/strong>La notizia delle problematiche allo stabilimento di Safilo di Longarone non \u00e8 passata inosservata neanche nello stabilimento Luxottica di Agordo. La solidariet\u00e0 nei confronti dei lavoratori della sede longaronese arriva dal delegato FILCTEM CGIL Luigi Dell&#8217;Atti.<strong><br \/>\n<\/strong><\/p>\n<audio class=\"wp-audio-shortcode\" id=\"audio-318902-1\" preload=\"none\" style=\"width: 100%;\" controls=\"controls\"><source type=\"audio\/mpeg\" src=\"https:\/\/www.radiopiu.net\/wordpress\/wp-content\/uploads\/2023\/01\/LUIGI-DELLATTI.mp3?_=1\" \/><a href=\"https:\/\/www.radiopiu.net\/wordpress\/wp-content\/uploads\/2023\/01\/LUIGI-DELLATTI.mp3\">https:\/\/www.radiopiu.net\/wordpress\/wp-content\/uploads\/2023\/01\/LUIGI-DELLATTI.mp3<\/a><\/audio>\n<p>&nbsp;<\/p>\n<p>&nbsp;<\/p>\n<hr \/>\n<p>&nbsp;<\/p>\n<blockquote>\n<h3>PRESA A PUGNI IN FACCIA DAL FIDANZATO: STANGATO.<\/h3>\n<\/blockquote>\n<p><strong>OGGI SUL CORRIERE DELLE ALPI<\/strong><\/p>\n<p><strong>DI GIGI SOSSO<\/strong><\/p>\n<p><strong><img loading=\"lazy\" decoding=\"async\" class=\"alignleft\" src=\"https:\/\/www.radiopiu.net\/wordpress\/wp-content\/uploads\/2020\/11\/VIOLENZA-DONNE.jpg\" width=\"223\" height=\"182\" \/>BELLUNO<\/strong>\u00a0 Gli ha strappato la borsa, colpendola con due pugni in faccia. Un cittadino albanese \u00e8 stato condannato dal giudice per le udienze preliminari Enrica Marson a due anni e sette mesi di reclusione per maltrattamenti, stalking, lesioni e, appunto, rapina impropria. Riconosciute le attenuanti generiche, attesa per le motivazioni. La richiesta del pubblico ministero Claudio Fabris era stata di tre anni e otto mesi, ma \u00e8 venuto meno un episodio di lesioni. Mentre per il difensore Daniele Tormen si trattava di limitare al massimo la condanna, fra l&#8217;altro gi\u00e0 ridotta di un terzo per il rito alternativo. L&#8217;imputato era presente e, dopo la lettura della sentenza in camera di consiglio \u00e8 stato riaccompagnato nel carcere cittadino di Baldenich. \u00c8 detenuto per aver violato il divieto di avvicinamento alla parte offesa e c&#8217;\u00e8 stato un periodo in cui ha dovuto indossare il braccialetto elettronico&#8230;..\u00a0 Sulla base delle motivazioni, Tormen potr\u00e0 articolare il suo atto di appello<\/p>\n<p>&nbsp;<\/p>\n<hr \/>\n<p>&nbsp;<\/p>\n<blockquote>\n<h3 class=\"entry-title\">E\u2019 MORTO MARIO LENA, AMICO DI LONGARONE<\/h3>\n<\/blockquote>\n<p><strong class=\"photoswipe-wrapper\"><a class=\"dt-pswp-item pspw-wrap-ready\" href=\"https:\/\/www.radiopiu.net\/wordpress\/wp-content\/uploads\/2023\/01\/9CBE2B0D-4B23-4212-8201-04CCF3ECC4FF.jpeg\" data-dt-img-description=\"\" data-large_image_width=\"1125\" data-large_image_height=\"762\"><img loading=\"lazy\" decoding=\"async\" class=\" wp-image-318959 alignleft\" src=\"https:\/\/www.radiopiu.net\/wordpress\/wp-content\/uploads\/2023\/01\/9CBE2B0D-4B23-4212-8201-04CCF3ECC4FF-300x203.jpeg\" sizes=\"auto, (max-width: 300px) 100vw, 300px\" srcset=\"https:\/\/www.radiopiu.net\/wordpress\/wp-content\/uploads\/2023\/01\/9CBE2B0D-4B23-4212-8201-04CCF3ECC4FF-300x203.jpeg 300w, https:\/\/www.radiopiu.net\/wordpress\/wp-content\/uploads\/2023\/01\/9CBE2B0D-4B23-4212-8201-04CCF3ECC4FF-1024x694.jpeg 1024w, https:\/\/www.radiopiu.net\/wordpress\/wp-content\/uploads\/2023\/01\/9CBE2B0D-4B23-4212-8201-04CCF3ECC4FF-768x520.jpeg 768w, https:\/\/www.radiopiu.net\/wordpress\/wp-content\/uploads\/2023\/01\/9CBE2B0D-4B23-4212-8201-04CCF3ECC4FF.jpeg 1125w\" alt=\"\" width=\"195\" height=\"132\" \/><\/a>LONGARONE<\/strong>\u00a0\u00abSe ne va un amico di Longarone, un benemerito del Vajont e un custode di quella memoria che non \u00e8 solo un obbligo del territorio, ma anche un\u2019occasione \u2013 in zone distanti dalle nostre comunit\u00e0 \u2013 per riflettere su un evento tragico che non deve ripetersi mai pi\u00f9\u00bb. Cos\u00ec il sindaco di Longarone Roberto Padrin, in una nota di cordoglio per la scomparsa di Mario Lena, gi\u00e0 sindaco di Bagni di Lucca, Comune gemellato con Longarone. \u00abFu proprio lui, Mario Lena, a volere il gemellaggio\u00bb ricorda Padrin. \u00abEra fortemente legato alle nostre comunit\u00e0 e sinceramente commosso per i fatti del 9 ottobre 1963. Nei mesi successivi alla tragedia aveva ospitato a Bagni di Lucca un gruppo di bambini e di superstiti, avviando il rapporto di amicizia con Longarone. Era una figura di altissima caratura culturale e dalla spiccata sensibilit\u00e0, poeta, scrittore, amministratore di vaglia. Porto ancora con me l\u2019emozione di aver incontrato Mario nell\u2019aprile scorso quando con gli alpini di Longarone siamo andati a incontrarlo a casa sua e con lucidit\u00e0 abbiamo ripercorso gli anni del gemellaggio, donandogli il libro di Viviana Capraro \u201cL\u2019abbraccio e la parola\u201d. Mario era una persona sensibile che amava Longarone e che ci mancher\u00e0 molto. La nostra comunit\u00e0 perde un amico sincero. Ci stringiamo alla sua famiglia, a chi ha avuto la fortuna di conoscerlo e di apprezzarne le doti umane\u00bb.<\/p>\n<p>&nbsp;<\/p>\n<hr \/>\n<p>&nbsp;<\/p>\n<blockquote>\n<h3>IL CARICO DI TEGOLE CADE DALLA GRU, GRAN TONFO<\/h3>\n<\/blockquote>\n<p><strong>BELLUNO<\/strong> Il tonfo nel cantiere di Terna, in piazza Castello. Un carico di tegole \u00e8 precipitato dalla gru, preoccupando non solo gli operai al lavoro, ma anche i passanti dell&#8217;ora di pranzo. Nessuno \u00e8 rimasto coinvolto e non ci sono feriti, ma il rischio di un grave infortunio sul lavoro \u00e8 stato molto alto.\u00a0 Non \u00e8 stato richiesto alcun intervento.<\/p>\n<p>&nbsp;<\/p>\n<hr \/>\n<p>&nbsp;<\/p>\n<blockquote>\n<h3>OGGI E DOMANI IN 17 PIAZZE LE ARANCE DELLA SALUTE<\/h3>\n<\/blockquote>\n<p><strong><a class=\"dt-pswp-item\" href=\"https:\/\/www.radiopiu.net\/wordpress\/wp-content\/uploads\/2023\/01\/download-8.jpg\" data-dt-img-description=\"\" data-large_image_width=\"236\" data-large_image_height=\"214\"><img loading=\"lazy\" decoding=\"async\" class=\"size-full wp-image-317820 alignleft\" src=\"https:\/\/www.radiopiu.net\/wordpress\/wp-content\/uploads\/2023\/01\/download-8.jpg\" alt=\"\" width=\"236\" height=\"214\" \/><\/a>BELLUNO<\/strong> Oggi e domani le &#8220;Arance della salute&#8221; tornano in 17 piazze della provincia di Belluno con il primo appuntamento di sensibilizzazione e raccolta fondi dell&#8217;anno di fondazione Airc. I volontari distribuiranno reticelle di arance rosse coltivate in Italia a fronte di una donazione di 10 euro, marmellata d&#8217;arancia (6 euro) e miele ai fiori d&#8217;arancio (8 euro). In una selezione di piazze saranno distribuiti anche biscotti artigianali all&#8217;arancia e nocciola (8 euro). Le piazze : Belluno (piazza dei Martiri) sabato; Calalzo (Eurospar) sabato mattina; Canale (piazza Luciani) sabato; Colle S. Lucia (ass. turistica) sabato pomeriggio e domenica mattina; Cortina (cooperativa) sabato; Domegge (municipio) sabato mattina; Falcade (piazza Pertini) sabato e domenica; Falcade (parrocchia) sabato e domenica; Longarone (piazzetta Sartori) domenica; Mel (piazza Luciani) sabato e domenica mattina; Pedavena (piazza di Pedavena) sabato e domenica mattina; Pieve di Cadore (piazza Tiziano) sabato; Rivamonte (piazza della chiesa) domenica. Sedico (piazzale chiesa), domenica dalle 9 alle 13 e sabato al Kanguro dalle 14.30 alle 18.30; Trichiana (piazza Merlin) sabato e domenica mattina; Villa di villa (piazza Indipendenza) sabato e domenica mattina; Voltago Agordino(piazza 13 ottobre 1944), sabato pomeriggio e piazzale Caduti e dispersi in Russia sabato mattina.<\/p>\n<p>&nbsp;<\/p>\n<blockquote>\n<h3>IN ROTAZIONE ALLA RADIO I RAGAZZI DELLA SECONDA MEDIA DI SEDICO<\/h3>\n<\/blockquote>\n<p><strong>REDAZIONE<\/strong> Applausi, per i ragazzi e le ragazze delle seconde della scuola media di Sedico, sabato 28\u00a0 e domenica 29 saranno impegnati nella vendita delle arance della salute a favore dell&#8217;Airc, l&#8217;associazione per la ricerca sul cancro. Gli studenti hanno autoprodotto gli spot che ascolteremo\u00a0 alla radio attendendo l&#8217;appuntamento di Sedico.<\/p>\n<p><strong>IL MESSAGGIO DEGLI ALUNNI<\/strong><\/p>\n<p>\u00abLo facciamo perch\u00e9 ci siamo presi una responsabilit\u00e0\u00bb. Lo dicono gli alunni delle seconde della scuola media di Sedico che parteciperanno alla campagna \u201cLe arance della salute\u201d in collaborazione con la fondazione Airc-Associazione italiana per la ricerca sul cancro.\u00a0 Sabato 28 gennaio dalle 14:30 alle 18:30 al Kanguro di Sedico e domenica 29 gennaio dalle 9 alle 13 in piazza a Sedico davanti alla chiesa gli alunni delle seconde saranno impegnati nella raccolta fondi per la ricerca contro il cancro. \u00abSecondo i dati che abbiamo raccolto dal sito dell\u2019Airc \u2013 dicono i ragazzi delle classi seconde della Ugo Foscolo di Sedico \u2013 ogni anno vengono diagnosticati circa 377.000 casi di tumore di cui 195.000 fra gli uomini e 182.000 fra le donne. Nel corso della vita circa un uomo su due e una donna su tre si ammaler\u00e0 di tumore. Grazie alla ricerca, per\u00f2, i dati migliorano e mostrano che il 65% delle donne e il 59,4% degli uomini \u00e8 ancora vivo a cinque anni dalla diagnosi\u00bb. Per questo gli alunni delle seconde della scuola media di Sedico hanno deciso di aiutare la ricerca sul cancro, vendendo le arance dell\u2019Airc. \u00abLe arance della salute, coltivate dai contadini e trasportate dai corrieri, costeranno un po&#8217; di pi\u00f9 di quelle normali \u2013 sottolineano i ragazzi &#8211; perch\u00e9 una parte dei soldi servir\u00e0 a finanziare circa 5 mila ricercatori che ogni giorno lavorano per combattere il cancro\u00bb. La battaglia contro questa malattia pu\u00f2 essere combattuta anche attraverso la prevenzione. \u00abLe arance \u2013 dicono i ragazzi \u2013 sono state scelte perch\u00e9 sono un cibo salutare e sappiamo che seguire una dieta sana e svolgere attivit\u00e0 fisica pu\u00f2 aiutare a prevenire un tumore su tre\u00bb. Oltre che un&#8217;esperienza di solidariet\u00e0, per i ragazzi \u00e8 anche un\u2019occasione per imparare a rispettare gli impegni presi.\u00a0 \u00abNoi volontari \u2013 concludono gli alunni &#8211; ci siamo messi a disposizione dell\u2019Airc per fare nuove esperienze, per passare del tempo assieme, per imparare a collaborare e per aiutare la ricerca sul cancro. Ci teniamo a fare del bene: vivere con la consapevolezza di aver aiutato qualcuno \u00e8 bellissimo. Il giorno che i nostri insegnanti ci hanno proposto di contribuire a questo progetto abbiamo accettato, ci siamo assunti una responsabilit\u00e0, abbiamo fatto una promessa a noi stessi, una promessa che dobbiamo mantenere. Noi ci responsabilizziamo e voi vi responsabilizzate con un semplice \u201cS\u00ec\u201d. Aiutateci ad aiutare\u00bb.<\/p>\n<div id=\"title\" class=\"style-scope ytd-watch-metadata\"><\/div>\n<p>&nbsp;<\/p>\n<p>&nbsp;<\/p>\n<hr \/>\n<p>&nbsp;<\/p>\n<blockquote>\n<h3>L&#8217;AMMINISTRAZIONE COMUNALE DI BELLUNO PRESENTA IL BILANCIO DI PREVISIONE 2023 E IL DUP<\/h3>\n<\/blockquote>\n<p><strong><a class=\"dt-pswp-item\" href=\"https:\/\/www.radiopiu.net\/wordpress\/wp-content\/uploads\/2023\/01\/Conferenza-stampa-bilancio.jpeg\" data-dt-img-description=\"\" data-large_image_width=\"1600\" data-large_image_height=\"1200\"><img loading=\"lazy\" decoding=\"async\" class=\" wp-image-318995 alignleft\" src=\"https:\/\/www.radiopiu.net\/wordpress\/wp-content\/uploads\/2023\/01\/Conferenza-stampa-bilancio-300x225.jpeg\" alt=\"\" width=\"161\" height=\"121\" srcset=\"https:\/\/www.radiopiu.net\/wordpress\/wp-content\/uploads\/2023\/01\/Conferenza-stampa-bilancio-300x225.jpeg 300w, https:\/\/www.radiopiu.net\/wordpress\/wp-content\/uploads\/2023\/01\/Conferenza-stampa-bilancio-1024x768.jpeg 1024w, https:\/\/www.radiopiu.net\/wordpress\/wp-content\/uploads\/2023\/01\/Conferenza-stampa-bilancio-768x576.jpeg 768w, https:\/\/www.radiopiu.net\/wordpress\/wp-content\/uploads\/2023\/01\/Conferenza-stampa-bilancio-1536x1152.jpeg 1536w, https:\/\/www.radiopiu.net\/wordpress\/wp-content\/uploads\/2023\/01\/Conferenza-stampa-bilancio.jpeg 1600w\" sizes=\"auto, (max-width: 161px) 100vw, 161px\" \/><\/a>BELLUNO<\/strong> Presentati alla stampa dall&#8217;amministrazione comunale di Belluno il bilancio di previsione 2023 e il Documento Unico di Programmazione che andranno in discussione luned\u00ec pomeriggio in consiglio comunale.<\/p>\n<p><strong>di Daniele Dalvit<\/strong><\/p>\n<audio class=\"wp-audio-shortcode\" id=\"audio-318902-2\" preload=\"none\" style=\"width: 100%;\" controls=\"controls\"><source type=\"audio\/mpeg\" src=\"https:\/\/www.radiopiu.net\/wordpress\/wp-content\/uploads\/2023\/01\/DALVIT-BILANCIO-BELLUNO.mp3?_=2\" \/><a href=\"https:\/\/www.radiopiu.net\/wordpress\/wp-content\/uploads\/2023\/01\/DALVIT-BILANCIO-BELLUNO.mp3\">https:\/\/www.radiopiu.net\/wordpress\/wp-content\/uploads\/2023\/01\/DALVIT-BILANCIO-BELLUNO.mp3<\/a><\/audio>\n<p>&nbsp;<\/p>\n<hr \/>\n<p>&nbsp;<\/p>\n<blockquote>\n<h3>I SAFETY DAYS ESSILORLUXOTTICA. MARTEDI&#8217; OSPITE AD AGORDO IL PILOTA MOTOGP FRANCO MORBIDELLI<\/h3>\n<\/blockquote>\n<p><span data-contrast=\"none\"><strong><a class=\"dt-pswp-item\" href=\"https:\/\/www.radiopiu.net\/wordpress\/wp-content\/uploads\/2023\/01\/franco-morbidelli.jpg\" data-dt-img-description=\"\" data-large_image_width=\"800\" data-large_image_height=\"533\"><img loading=\"lazy\" decoding=\"async\" class=\" wp-image-319034 alignleft\" src=\"https:\/\/www.radiopiu.net\/wordpress\/wp-content\/uploads\/2023\/01\/franco-morbidelli-300x200.jpg\" alt=\"\" width=\"194\" height=\"129\" srcset=\"https:\/\/www.radiopiu.net\/wordpress\/wp-content\/uploads\/2023\/01\/franco-morbidelli-300x200.jpg 300w, https:\/\/www.radiopiu.net\/wordpress\/wp-content\/uploads\/2023\/01\/franco-morbidelli-768x512.jpg 768w, https:\/\/www.radiopiu.net\/wordpress\/wp-content\/uploads\/2023\/01\/franco-morbidelli.jpg 800w\" sizes=\"auto, (max-width: 194px) 100vw, 194px\" \/><\/a>AGORDO\u00a0<\/strong>La sicurezza prima di tutto negli stabilimenti EssilorLuxottica. Come ogni anno l&#8217;azienda organizza degli incontri con le maestranze per parlare di sicurezza. Quest&#8217;anno sar\u00e0 &#8220;On The Road&#8221; e verranno affrontati<\/span><span data-contrast=\"none\">\u00a0i temi che riguardano la <\/span>mobilit\u00e0<span data-contrast=\"none\">, la <\/span>sicurezza sulla strada<span data-contrast=\"none\"> e <\/span>alla guida<span data-contrast=\"none\">, con l\u2019obiettivo di aumentare la consapevolezza e non solo di evitare gli incidenti sul tragitto casa \u2013 lavoro, ma anche per aiutare tutti a viaggiare nel quotidiano in modo consapevole e sicuro.<\/span><span data-ccp-props=\"{\">\u00a0<\/span><span data-contrast=\"none\">Marted\u00ec 31 gennaio e nei giorni a seguire<span class=\"Apple-converted-space\"> nei vari stabilimenti<\/span><\/span><span data-contrast=\"none\"> verranno organizzate delle <\/span>sessioni di riflessione<span data-contrast=\"none\"> sui temi della sicurezza in senso ampio, di infortuni e mobilit\u00e0. Ad <\/span>Agordo<span data-contrast=\"none\">, nella stessa giornata, alcuni dipendenti, tra le persone che per il loro ruolo aziendale diffondono in azienda la cultura della sicurezza e possono verificarne l\u2019effettiva attuazione, sono stati invitati ad una sessione live, che vedr\u00e0 protagonisti il direttore della rivista <\/span>Quattroruote<span data-contrast=\"none\"> Gian Luca Pellegrini, il giornalista Roberto Ungaro e un testimonial d\u2019eccezione: <\/span>Franco Morbidelli<span data-contrast=\"none\">, pilota di MotoGP, testimonial Oakley, e che insieme a <\/span><span data-contrast=\"none\">Paolo Sibillon<\/span><span data-contrast=\"none\">, Global Industrial Environment Health &amp; SafetyEssilorLuxottica, affronteranno i temi di <\/span>mobilit\u00e0 in moto, auto e micro-mobilit\u00e0. Il 31 gennaio, durante la pausa pranzo, dalle 12:30 alle 14:30, in Sala Blu ad Agordo si potr\u00e0 incontrare il pilota di MotoGP Franco Morbidelli.<\/p>\n<p>&nbsp;<\/p>\n<p>&nbsp;<\/p>\n<hr \/>\n<p>&nbsp;<\/p>\n<blockquote>\n<h3>SOCCORSO ALPINO E DRONI. ATTIVITA&#8217; E PROSPETTIVE<\/h3>\n<\/blockquote>\n<p><strong><a class=\"dt-pswp-item\" href=\"https:\/\/www.radiopiu.net\/wordpress\/wp-content\/uploads\/2023\/01\/Watermark_20230127_123656_374.jpg\" data-dt-img-description=\"\" data-large_image_width=\"2364\" data-large_image_height=\"1773\"><img loading=\"lazy\" decoding=\"async\" class=\" wp-image-318973 alignleft\" src=\"https:\/\/www.radiopiu.net\/wordpress\/wp-content\/uploads\/2023\/01\/Watermark_20230127_123656_374-300x225.jpg\" alt=\"\" width=\"193\" height=\"145\" srcset=\"https:\/\/www.radiopiu.net\/wordpress\/wp-content\/uploads\/2023\/01\/Watermark_20230127_123656_374-300x225.jpg 300w, https:\/\/www.radiopiu.net\/wordpress\/wp-content\/uploads\/2023\/01\/Watermark_20230127_123656_374-1024x768.jpg 1024w, https:\/\/www.radiopiu.net\/wordpress\/wp-content\/uploads\/2023\/01\/Watermark_20230127_123656_374-768x576.jpg 768w, https:\/\/www.radiopiu.net\/wordpress\/wp-content\/uploads\/2023\/01\/Watermark_20230127_123656_374-1536x1152.jpg 1536w, https:\/\/www.radiopiu.net\/wordpress\/wp-content\/uploads\/2023\/01\/Watermark_20230127_123656_374-2048x1536.jpg 2048w\" sizes=\"auto, (max-width: 193px) 100vw, 193px\" \/><\/a>BELLUNO<\/strong> Il passaggio al nuovo anno \u00e8 il momento in cui si tirano le somme del passato e si pianifica il futuro. Il Soccorso alpino e speleologico Veneto, con la II Delegazione Dolomiti Bellunesi, da alcuni anni si sta occupando di analizzare l&#8217;efficacia dell&#8217;uso degli Uas, Unmanned aircraft system, pi\u00f9 notoriamente conosciuti col generico nome di droni, negli interventi di soccorso in montagna, ambiente impervio ed ostile. Malgrado questa attivit\u00e0 sia ancora in fase sperimentale, l&#8217;utilizzo nel 2022 ha visto il gruppo di piloti attualmente abilitati impegnati in 10 interventi, per un totale di 32 giorni e 386 ore uomo. Significativo \u00e8 stato l&#8217;impegno in occasione del tragico evento del ghiacciaio della Marmolada, dove l&#8217;utilizzo del nuovo strumento ha permesso di monitorare l&#8217;area primaria e secondaria, della zona di distacco e di accumulo in totale sicurezza, evitando di esporre personale a terra al rischio oggettivo di successivi distacchi, permettendo inoltre di geolocalizzare numerosi reperti, recuperati in un secondo momento, con la tecnica dell&#8217;operatore collegato al gancio baricentrico dell&#8217;elicottero. Per il 2023 il gruppo vede l&#8217;entrata di due nuovi piloti, che hanno da poco finito l&#8217;iter obbligatorio di legge, acquisendo attraverso una collaborazione con il Radio Club Belluno Nore, finanziato dal Centro servizi per il volontariato Belluno e Treviso, il brevetto A1_3 e A2, primo step per essere ammessi al corso nazionale per piloti Uas del Cnsas. Altri impegni importanti saranno l&#8217;evasione di un progetto che prevede l&#8217;acquisto dei velivoli e la formazione per tutte le Stazioni dell&#8217;area agordina e della Val di Zoldo. Continua inoltre la collaborazione con il team creatosi in occasione di un Progetto Interreg Italia &#8211; Austria, che vede gli operatori bellunesi confrontarsi con gli omologhi di Alto Adige, Tirolo e Baviera, sulle problematiche del soccorso in montagna e uso degli Uas. Non mancheranno, oltre alle consuete esercitazioni pratiche, anche lezioni teoriche per l&#8217;utilizzo di software specifici per la gestione del volo e la post elaborazione delle immagini, al fine di aumentare l&#8217;efficienza e l&#8217;efficacia delle operazioni di soccorso, con l&#8217;obiettivo primario di limitare sempre pi\u00f9 l&#8217;esposizione al rischio delle squadre a terra.<\/p>\n<p>&nbsp;<\/p>\n<p>&nbsp;<\/p>\n<hr \/>\n<p>&nbsp;<\/p>\n<blockquote>\n<h3>SWEET HOME ALPAGO, UN NUOVO PROGETTO DI AIUTO SUL TERRITORIO<\/h3>\n<\/blockquote>\n<p><strong><a class=\"dt-pswp-item\" href=\"https:\/\/www.radiopiu.net\/wordpress\/wp-content\/uploads\/2023\/01\/513ef921-8de3-4c13-9ebc-db6cf8abc1bc.jpg\" data-dt-img-description=\"\" data-large_image_width=\"2048\" data-large_image_height=\"1536\"><img loading=\"lazy\" decoding=\"async\" class=\" wp-image-319045 alignleft\" src=\"https:\/\/www.radiopiu.net\/wordpress\/wp-content\/uploads\/2023\/01\/513ef921-8de3-4c13-9ebc-db6cf8abc1bc-300x225.jpg\" alt=\"\" width=\"179\" height=\"134\" srcset=\"https:\/\/www.radiopiu.net\/wordpress\/wp-content\/uploads\/2023\/01\/513ef921-8de3-4c13-9ebc-db6cf8abc1bc-300x225.jpg 300w, https:\/\/www.radiopiu.net\/wordpress\/wp-content\/uploads\/2023\/01\/513ef921-8de3-4c13-9ebc-db6cf8abc1bc-1024x768.jpg 1024w, https:\/\/www.radiopiu.net\/wordpress\/wp-content\/uploads\/2023\/01\/513ef921-8de3-4c13-9ebc-db6cf8abc1bc-768x576.jpg 768w, https:\/\/www.radiopiu.net\/wordpress\/wp-content\/uploads\/2023\/01\/513ef921-8de3-4c13-9ebc-db6cf8abc1bc-1536x1152.jpg 1536w, https:\/\/www.radiopiu.net\/wordpress\/wp-content\/uploads\/2023\/01\/513ef921-8de3-4c13-9ebc-db6cf8abc1bc.jpg 2048w\" sizes=\"auto, (max-width: 179px) 100vw, 179px\" \/><\/a>ALPAGO<\/strong> Si chiama Sweet Home Alpago ed \u00e8 il nuovo progetto di social housing e di aiuto sul territorio promosso dai tre comuni della conca alpagota grazie al CEIS e al finanziamento di Fondazione Cariverona. L&#8217;obbiettivo \u00e8 il contrasto alle fragilit\u00e0 sempre pi\u00f9 diffuse nel territorio.<\/p>\n<p><strong>di Daniele Dalvit<\/strong><\/p>\n<audio class=\"wp-audio-shortcode\" id=\"audio-318902-3\" preload=\"none\" style=\"width: 100%;\" controls=\"controls\"><source type=\"audio\/mpeg\" src=\"https:\/\/www.radiopiu.net\/wordpress\/wp-content\/uploads\/2023\/01\/DALVIT-SWEET-HOME-ALPAGO.mp3?_=3\" \/><a href=\"https:\/\/www.radiopiu.net\/wordpress\/wp-content\/uploads\/2023\/01\/DALVIT-SWEET-HOME-ALPAGO.mp3\">https:\/\/www.radiopiu.net\/wordpress\/wp-content\/uploads\/2023\/01\/DALVIT-SWEET-HOME-ALPAGO.mp3<\/a><\/audio>\n<p>&nbsp;<\/p>\n<hr \/>\n<p>&nbsp;<\/p>\n<blockquote>\n<h3><a class=\"dt-pswp-item\" href=\"https:\/\/www.radiopiu.net\/wordpress\/wp-content\/uploads\/2023\/01\/326761738_700378741674604_5391749010902016320_n.jpg\" data-dt-img-description=\"\" data-large_image_width=\"1600\" data-large_image_height=\"1200\"><img loading=\"lazy\" decoding=\"async\" class=\" wp-image-319012 alignleft\" src=\"https:\/\/www.radiopiu.net\/wordpress\/wp-content\/uploads\/2023\/01\/326761738_700378741674604_5391749010902016320_n-300x225.jpg\" alt=\"\" width=\"128\" height=\"96\" srcset=\"https:\/\/www.radiopiu.net\/wordpress\/wp-content\/uploads\/2023\/01\/326761738_700378741674604_5391749010902016320_n-300x225.jpg 300w, https:\/\/www.radiopiu.net\/wordpress\/wp-content\/uploads\/2023\/01\/326761738_700378741674604_5391749010902016320_n-1024x768.jpg 1024w, https:\/\/www.radiopiu.net\/wordpress\/wp-content\/uploads\/2023\/01\/326761738_700378741674604_5391749010902016320_n-768x576.jpg 768w, https:\/\/www.radiopiu.net\/wordpress\/wp-content\/uploads\/2023\/01\/326761738_700378741674604_5391749010902016320_n-1536x1152.jpg 1536w, https:\/\/www.radiopiu.net\/wordpress\/wp-content\/uploads\/2023\/01\/326761738_700378741674604_5391749010902016320_n.jpg 1600w\" sizes=\"auto, (max-width: 128px) 100vw, 128px\" \/><\/a>INIZIATI I LAVORI AL PONTE DELLA VALBONA AD OSPITALE DI CADORE<\/h3>\n<\/blockquote>\n<p><strong>OSPITALE DI CADORE<\/strong> Sono iniziati i lavori per la sistemazione del ponte ferroviario a Valbona. La ditta ha installato il ponteggio per il via definitivo ai lavori<\/p>\n<p>&nbsp;<\/p>\n<p>&nbsp;<\/p>\n<hr \/>\n<p>&nbsp;<\/p>\n<blockquote>\n<h3 class=\"entry-title\">DILLO A RADIO PIU\u2019\u2026LA MANCATA RACCOLTA DELL\u2019UMIDO DI VALPE<\/h3>\n<\/blockquote>\n<p><strong class=\"photoswipe-wrapper\"><a class=\"dt-pswp-item pspw-wrap-ready\" href=\"https:\/\/www.radiopiu.net\/wordpress\/wp-content\/uploads\/2023\/01\/83633C74-EFB5-4205-ADEF-46B31E309DD3.jpeg\" data-dt-img-description=\"\" data-large_image_width=\"1044\" data-large_image_height=\"724\"><img loading=\"lazy\" decoding=\"async\" class=\"size-medium wp-image-318956 alignleft\" src=\"https:\/\/www.radiopiu.net\/wordpress\/wp-content\/uploads\/2023\/01\/83633C74-EFB5-4205-ADEF-46B31E309DD3-300x208.jpeg\" sizes=\"auto, (max-width: 300px) 100vw, 300px\" srcset=\"https:\/\/www.radiopiu.net\/wordpress\/wp-content\/uploads\/2023\/01\/83633C74-EFB5-4205-ADEF-46B31E309DD3-300x208.jpeg 300w, https:\/\/www.radiopiu.net\/wordpress\/wp-content\/uploads\/2023\/01\/83633C74-EFB5-4205-ADEF-46B31E309DD3-1024x710.jpeg 1024w, https:\/\/www.radiopiu.net\/wordpress\/wp-content\/uploads\/2023\/01\/83633C74-EFB5-4205-ADEF-46B31E309DD3-768x533.jpeg 768w, https:\/\/www.radiopiu.net\/wordpress\/wp-content\/uploads\/2023\/01\/83633C74-EFB5-4205-ADEF-46B31E309DD3.jpeg 1044w\" alt=\"\" width=\"300\" height=\"208\" \/><\/a>REDAZIONE\u00a0<\/strong>Riceviamo e pubblichiamo una segnalazione che ci \u00e8 arrivata in radio da una nostra ascoltatrice di San Tomaso riguardante la mancata raccolta del bidone dell\u2019umido da parte di Valpe<\/p>\n<p>Volevo\u00a0 segnalare\u00a0 l\u2019ennesima\u00a0 mancata\u00a0 raccolta dell\u00a0 umido\u00a0 di stamane (succede\u00a0 quasi\u00a0 ogni\u00a0 mese\u00a0 da\u00a0 quando\u00a0\u00a0c\u2019\u00e8\u00a0\u00a0 Valpe) ormai \u00e8 \u00a0un incubo perch\u00e9 anche \u00a0se\u00a0 segnali, dall\u2019azienda\u00a0 ti\u00a0 dicono\u00a0\u00a0 di lasciarlo l\u00ec che\u00a0 potrebbero passare l\u2019indomani tramite segnalazione. Ma questo non \u00e8 mai accaduto. Per la raccolta passano\u00a0 secondo\u00a0\u00a0 il\u00a0 calendario\u00a0\u00a0 di routine\u00a0\u00a0 cio\u00e8 la prossima\u00a0 settimana, cos\u00ec l\u2019immondizia\u00a0\u00a0\u00a0 fa\u00a0odore\u00a0 e gli\u00a0 animali (che\u2019\u00a0 non\u00a0 \u00e8\u00a0\u00a0 colpa\u00a0 loro)\u00a0 vengono\u00a0\u00a0 attratti\u00a0\u00a0 e magari\u00a0 buttano\u00a0\u00a0 all aria\u00a0 il\u00a0 contenuto. E\u00a0 chi\u00a0raccoglie\u00a0\u00a0 dopo? Io\u00a0 sono\u00a0 stressata\u00a0\u00a0 da\u00a0 questa situazione, gi\u00e0\u00a0 non\u00a0 abbiamo\u00a0\u00a0 tempo\u00a0 perch\u00e9\u00a0\u00a0 con\u00a0 la\u00a0 vita di\u00a0 oggi\u00a0 si\u00a0 corre\u00a0 sempre,\u00a0 mancano\u00a0\u00a0 solo\u00a0 questi\u00a0 disagi\u00a0 e\u00a0 poi\u00a0 telefonare a Valpe senza concludere nulla. In piu fatica\u00a0perch\u00e9\u00a0\u00a0 il\u00a0 peso\u00a0 dell\u2019umido pi\u00f9\u00a0 esubero\u00a0 che\u00a0 si\u00a0 accumula\u00a0 costa\u00a0 fatica, \u00a0se\u00a0 in\u00a0 pi\u00f9 \u00a0hai\u00a0 una\u00a0 invalidit\u00e0\u00a0\u00a0 ancora peggio. \u00a0E quanto\u00a0 ci\u00a0 costa\u00a0\u00a0 nelle\u00a0 bollette? Visto\u00a0 che\u00a0 gli\u00a0 operatori\u00a0 della\u00a0 raccolta\u00a0\u00a0 invece\u00a0\u00a0 di\u00a0 guardare\u00a0\u00a0 i\u00a0 bidoni\u00a0\u00a0\u00a0 pensano\u00a0\u00a0 di essere\u00a0\u00a0 al\u00a0 rally\u00a0 di\u00a0 Montecarlo\u00a0 oppure\u00a0\u00a0 pensano\u00a0 a\u00a0 qualcos\u2019altro? Sarebbe\u00a0\u00a0 meglio\u00a0\u00a0 arrangiarsi\u00a0 da\u00a0 soli\u00a0 portandogli direttamente\u00a0 in\u00a0 sede. Grazie\u00a0\u00a0 dell\u00a0 attenzione da una utente\u00a0\u00a0 molto\u00a0\u00a0 arrabbiata\u00a0 da\u00a0 anni.<\/p>\n<p>&nbsp;<\/p>\n<p>&nbsp;<\/p>\n<hr \/>\n<p>&nbsp;<\/p>\n<blockquote>\n<h3>3 FEBBRAIO GIORNO DI FESTA AD ALLEGHE PER SAN BIAGIO<\/h3>\n<\/blockquote>\n<p><strong><a class=\"dt-pswp-item\" href=\"https:\/\/www.radiopiu.net\/wordpress\/wp-content\/uploads\/2023\/01\/download-12.jpg\" data-dt-img-description=\"\" data-large_image_width=\"184\" data-large_image_height=\"274\"><img loading=\"lazy\" decoding=\"async\" class=\" wp-image-318938 alignleft\" src=\"https:\/\/www.radiopiu.net\/wordpress\/wp-content\/uploads\/2023\/01\/download-12.jpg\" alt=\"\" width=\"153\" height=\"228\" \/><\/a>ALLEGHE<\/strong> Le associazioni\u00a0 del Comune di Alleghe vi invitano alla <b>&#8220;Sagra de San Biese&#8221;. <\/b>L&#8217;evento si terr\u00e0 il 3 febbraio presso il Piazzale dello Stadio del ghiaccio di Alleghe. La giornata\u00a0 inizier\u00e0 con la Santa Messa alle ore 10:30 nella Chiesa Parrocchiale del paese e a seguire un ricco programma con musica gastronomia tipica, giochi e tanta allegria.\u00a0 Alle ore 11:30 apertura degli stand delle associazioni al Piazzale dello stadio. Dalle ore 12:00 Ci sar\u00e0 la possibilit\u00e0 di gustare i piatti della tradizione come i &#8220;Casonziei co la Zucia&#8221; &#8220;le Trippe&#8221; e &#8220;il Pastin&#8221;\u00a0\u00a0\u00a0\u00a0 e i dolci tipici paesani:\u00a0 &#8220;i Grafogn&#8221;\u00a0\u00a0 anche con possibilit\u00e0 di asporto. Alle ore 14:00\u00a0 prenderanno il via i giochi per i pi\u00f9 piccoli e le esposizioni\u00a0 delle associazioni di volontariato. Tutti\u00a0 sono invitati a partecipare. Ore 17:30 Fiaccolata sugli sci\u00a0 con arrivo ad Alleghe sulla pista di rientro visibile dal piazzale dello stadio e gran finale attorno al fuoco. Gli eventuali proventi ricavati nella giornata saranno donati in beneficenza.<\/p>\n<p><strong>L&#8217;INTERVISTA ALLA RADIO, CON PAOLA E DANIELA BALDISSERA<\/strong><\/p>\n<audio class=\"wp-audio-shortcode\" id=\"audio-318902-4\" preload=\"none\" style=\"width: 100%;\" controls=\"controls\"><source type=\"audio\/mpeg\" src=\"https:\/\/www.radiopiu.net\/wordpress\/wp-content\/uploads\/2022\/01\/san-biese-alleghe.mp3?_=4\" \/><a href=\"https:\/\/www.radiopiu.net\/wordpress\/wp-content\/uploads\/2022\/01\/san-biese-alleghe.mp3\">https:\/\/www.radiopiu.net\/wordpress\/wp-content\/uploads\/2022\/01\/san-biese-alleghe.mp3<\/a><\/audio>\n<p>&nbsp;<\/p>\n<p>&nbsp;<\/p>\n<p>&nbsp;<\/p>\n<hr \/>\n<p>&nbsp;<\/p>\n<p><strong>di Tiziano De Col<\/strong><\/p>\n\n\t\t\t<style type='text\/css'>\n\t\t\t\t#gallery-1 {\n\t\t\t\t\tmargin: auto;\n\t\t\t\t}\n\t\t\t\t#gallery-1 .gallery-item {\n\t\t\t\t\tfloat: left;\n\t\t\t\t\tmargin-top: 10px;\n\t\t\t\t\ttext-align: center;\n\t\t\t\t\twidth: 20%;\n\t\t\t\t}\n\t\t\t\t#gallery-1 img {\n\t\t\t\t\tborder: 2px solid #cfcfcf;\n\t\t\t\t}\n\t\t\t\t#gallery-1 .gallery-caption {\n\t\t\t\t\tmargin-left: 0;\n\t\t\t\t}\n\t\t\t\t\/* see gallery_shortcode() in wp-includes\/media.php *\/\n\t\t\t<\/style>\n\t\t<div id='gallery-1' class='dt-gallery-container gallery galleryid-318902 gallery-columns-5 gallery-size-medium'><dl class='gallery-item'>\n\t\t\t\t<dt class='gallery-icon landscape'>\n\t\t\t\t\t<a class=\"rollover rollover-zoom dt-pswp-item\" title=\"50cd6956-a780-4394-b258-c107370e9a17\" data-dt-img-description=\"\" data-large_image_width=\"707\" data-large_image_height=\"367\"href='https:\/\/www.radiopiu.net\/wordpress\/wp-content\/uploads\/2023\/01\/50cd6956-a780-4394-b258-c107370e9a17.jpg'><img loading=\"lazy\" decoding=\"async\" width=\"300\" height=\"156\" src=\"https:\/\/www.radiopiu.net\/wordpress\/wp-content\/uploads\/2023\/01\/50cd6956-a780-4394-b258-c107370e9a17-300x156.jpg\" class=\"attachment-medium size-medium\" alt=\"\" srcset=\"https:\/\/www.radiopiu.net\/wordpress\/wp-content\/uploads\/2023\/01\/50cd6956-a780-4394-b258-c107370e9a17-300x156.jpg 300w, https:\/\/www.radiopiu.net\/wordpress\/wp-content\/uploads\/2023\/01\/50cd6956-a780-4394-b258-c107370e9a17.jpg 707w\" sizes=\"auto, (max-width: 300px) 100vw, 300px\" \/><\/a>\n\t\t\t\t<\/dt><\/dl><dl class='gallery-item'>\n\t\t\t\t<dt class='gallery-icon landscape'>\n\t\t\t\t\t<a class=\"rollover rollover-zoom dt-pswp-item\" title=\"b13a3c2d-3b72-4c00-8343-46851969aaab\" data-dt-img-description=\"\" data-large_image_width=\"616\" data-large_image_height=\"361\"href='https:\/\/www.radiopiu.net\/wordpress\/wp-content\/uploads\/2023\/01\/b13a3c2d-3b72-4c00-8343-46851969aaab.jpg'><img loading=\"lazy\" decoding=\"async\" width=\"300\" height=\"176\" src=\"https:\/\/www.radiopiu.net\/wordpress\/wp-content\/uploads\/2023\/01\/b13a3c2d-3b72-4c00-8343-46851969aaab-300x176.jpg\" class=\"attachment-medium size-medium\" alt=\"\" srcset=\"https:\/\/www.radiopiu.net\/wordpress\/wp-content\/uploads\/2023\/01\/b13a3c2d-3b72-4c00-8343-46851969aaab-300x176.jpg 300w, https:\/\/www.radiopiu.net\/wordpress\/wp-content\/uploads\/2023\/01\/b13a3c2d-3b72-4c00-8343-46851969aaab.jpg 616w\" sizes=\"auto, (max-width: 300px) 100vw, 300px\" \/><\/a>\n\t\t\t\t<\/dt><\/dl><dl class='gallery-item'>\n\t\t\t\t<dt class='gallery-icon landscape'>\n\t\t\t\t\t<a class=\"rollover rollover-zoom dt-pswp-item\" title=\"133b4495-ad93-4c24-81fe-b4042fac6259\" data-dt-img-description=\"\" data-large_image_width=\"598\" data-large_image_height=\"358\"href='https:\/\/www.radiopiu.net\/wordpress\/wp-content\/uploads\/2023\/01\/133b4495-ad93-4c24-81fe-b4042fac6259.jpg'><img loading=\"lazy\" decoding=\"async\" width=\"300\" height=\"180\" src=\"https:\/\/www.radiopiu.net\/wordpress\/wp-content\/uploads\/2023\/01\/133b4495-ad93-4c24-81fe-b4042fac6259-300x180.jpg\" class=\"attachment-medium size-medium\" alt=\"\" srcset=\"https:\/\/www.radiopiu.net\/wordpress\/wp-content\/uploads\/2023\/01\/133b4495-ad93-4c24-81fe-b4042fac6259-300x180.jpg 300w, https:\/\/www.radiopiu.net\/wordpress\/wp-content\/uploads\/2023\/01\/133b4495-ad93-4c24-81fe-b4042fac6259.jpg 598w\" sizes=\"auto, (max-width: 300px) 100vw, 300px\" \/><\/a>\n\t\t\t\t<\/dt><\/dl><dl class='gallery-item'>\n\t\t\t\t<dt class='gallery-icon landscape'>\n\t\t\t\t\t<a class=\"rollover rollover-zoom dt-pswp-item\" title=\"32cd0d27-3df1-4c64-962d-6e14ed7c5f27\" data-dt-img-description=\"\" data-large_image_width=\"606\" data-large_image_height=\"355\"href='https:\/\/www.radiopiu.net\/wordpress\/wp-content\/uploads\/2023\/01\/32cd0d27-3df1-4c64-962d-6e14ed7c5f27.jpg'><img loading=\"lazy\" decoding=\"async\" width=\"300\" height=\"176\" src=\"https:\/\/www.radiopiu.net\/wordpress\/wp-content\/uploads\/2023\/01\/32cd0d27-3df1-4c64-962d-6e14ed7c5f27-300x176.jpg\" class=\"attachment-medium size-medium\" alt=\"\" srcset=\"https:\/\/www.radiopiu.net\/wordpress\/wp-content\/uploads\/2023\/01\/32cd0d27-3df1-4c64-962d-6e14ed7c5f27-300x176.jpg 300w, https:\/\/www.radiopiu.net\/wordpress\/wp-content\/uploads\/2023\/01\/32cd0d27-3df1-4c64-962d-6e14ed7c5f27.jpg 606w\" sizes=\"auto, (max-width: 300px) 100vw, 300px\" \/><\/a>\n\t\t\t\t<\/dt><\/dl><dl class='gallery-item'>\n\t\t\t\t<dt class='gallery-icon landscape'>\n\t\t\t\t\t<a class=\"rollover rollover-zoom dt-pswp-item\" title=\"218d539a-865e-4534-97c5-9f8e1df01596\" data-dt-img-description=\"\" data-large_image_width=\"608\" data-large_image_height=\"356\"href='https:\/\/www.radiopiu.net\/wordpress\/wp-content\/uploads\/2023\/01\/218d539a-865e-4534-97c5-9f8e1df01596.jpg'><img loading=\"lazy\" decoding=\"async\" width=\"300\" height=\"176\" src=\"https:\/\/www.radiopiu.net\/wordpress\/wp-content\/uploads\/2023\/01\/218d539a-865e-4534-97c5-9f8e1df01596-300x176.jpg\" class=\"attachment-medium size-medium\" alt=\"\" srcset=\"https:\/\/www.radiopiu.net\/wordpress\/wp-content\/uploads\/2023\/01\/218d539a-865e-4534-97c5-9f8e1df01596-300x176.jpg 300w, https:\/\/www.radiopiu.net\/wordpress\/wp-content\/uploads\/2023\/01\/218d539a-865e-4534-97c5-9f8e1df01596.jpg 608w\" sizes=\"auto, (max-width: 300px) 100vw, 300px\" \/><\/a>\n\t\t\t\t<\/dt><\/dl><br style=\"clear: both\" \/>\n\t\t\t<\/div>\n\n<p>&nbsp;<\/p>\n<hr \/>\n<p>&nbsp;<\/p>\n<blockquote>\n<h3>APPARTAMENTO PER SPECIALIZZANDI UTILIZZATO GI\u00c0 DA NOVE PROFESSIONISTI<\/h3>\n<\/blockquote>\n<p><strong><a class=\"dt-pswp-item\" href=\"https:\/\/www.radiopiu.net\/wordpress\/wp-content\/uploads\/2023\/01\/appartamento-specializzandi.jpg\" data-dt-img-description=\"\" data-large_image_width=\"2048\" data-large_image_height=\"1152\"><img loading=\"lazy\" decoding=\"async\" class=\" wp-image-319001 alignleft\" src=\"https:\/\/www.radiopiu.net\/wordpress\/wp-content\/uploads\/2023\/01\/appartamento-specializzandi-300x169.jpg\" alt=\"\" width=\"190\" height=\"107\" srcset=\"https:\/\/www.radiopiu.net\/wordpress\/wp-content\/uploads\/2023\/01\/appartamento-specializzandi-300x169.jpg 300w, https:\/\/www.radiopiu.net\/wordpress\/wp-content\/uploads\/2023\/01\/appartamento-specializzandi-1024x576.jpg 1024w, https:\/\/www.radiopiu.net\/wordpress\/wp-content\/uploads\/2023\/01\/appartamento-specializzandi-768x432.jpg 768w, https:\/\/www.radiopiu.net\/wordpress\/wp-content\/uploads\/2023\/01\/appartamento-specializzandi-1536x864.jpg 1536w, https:\/\/www.radiopiu.net\/wordpress\/wp-content\/uploads\/2023\/01\/appartamento-specializzandi.jpg 2048w\" sizes=\"auto, (max-width: 190px) 100vw, 190px\" \/><\/a>BELLUNO <\/strong>L\u2019appartamento messo a disposizione a costo calmierato dall\u2019Ulss Dolomiti per i professionisti che scelgono l\u2019ulss Dolomiti in via Sant\u2019Andrea a Belluno \u00e8 gi\u00e0 utilizzato da 9 medici e \u201cprenotato\u201d da altri due che inizieranno la loro attivit\u00e0 in Ulss a marzo. L\u2019Associazione AIL \u2013 sezione di Belluno, con un investimento di oltre 54 mila euro, ha arredato e \u201caccessoriato\u201d con ogni utilit\u00e0, dagli elettrodomestici alle stoviglie, sia l\u2019appartamento di Via Sant\u2019Andrea a Belluno sia la foresteria di Feltre, contribuendo a rendere accogliente e confortevole le strutture. Ancora una volta l\u2019Ulss Dolomiti esprime il proprio grazie all\u2019Associazione, sempre attenta ai bisogni dell\u2019ospedale con grande generosit\u00e0. L\u2019appartamento \u201cDolomiti\u201d in centro a Belluno, infatti, si aggiunge alle foresterie da tempo a disposizione di medici ed altri professionisti che svolgono parte del loro percorso formativo presso le strutture aziendali e di dipendenti che devono garantire il servizio di pronta disponibilit\u00e0 in caso di particolari condizioni meteorologiche o di altra natura, che rendono difficoltoso il tempestivo raggiungimento della sede lavorativa. Altri posti letto di foresteria sono in fase di realizzazione, anche grazie a un finanziamento dei Fondi Comune di Confine. Nel corso del 2022, i medici in formazione specialistica che hanno prestato servizio nelle varie strutture dell\u2019Ulss Dolomiti (negli ospedali di Agordo, Belluno, Pieve e Feltre e al Dipartimento di Prevenzione) sono stati complessivamente 73, per un totale di oltre 240 mesi totali di attivit\u00e0 complessivi, provenienti dalle universit\u00e0 di Padova e Verona.<\/p>\n<p>&nbsp;<\/p>\n<p>&nbsp;<\/p>\n<hr \/>\n<p>&nbsp;<\/p>\n<blockquote>\n<h3>\u201cINSIEME\u201d PROGETTI TERRITORIALI PER AIUTARE LE FAMIGLIE RAFFORZANDO SERVIZI ED EQUIPE SPECIALISTICHE<\/h3>\n<\/blockquote>\n<p><strong>VENEZIA <\/strong>Insieme \u00e8 l\u2019acronimo di \u201cImplementazione di Nuovi Sistemi Inter-istituzionali e di Equipe Multidisciplinari per prevenire l\u2019Esclusione sociale delle famiglie\u201d, si tratta di un cambio di paradigma per affrontare appunto \u201cinsieme\u201d quei casi che possono precludere ad una persona, il cui contesto familiare \u00e8 difficile, la possibilit\u00e0, ad esempio, di accedere alle stesse opportunit\u00e0 di un altro figlio, o figlia, nati in un\u2019altra famiglia, limitando i percorsi che danno origine a disuguaglianze sociali. Gli interventi sono rivolti alle famiglie a rischio di marginalizzazione ossia quei nuclei a basso capitale sociale e relazionale che provengono da storie generazionali problematiche. Spesso il basso capitale relazionale si traduce in povert\u00e0 educativa, a discapito dei minori che accumulano situazioni di svantaggio relazionale ed economico. \u201c<em>L\u2019obiettivo \u2013 riferisce l\u2019assessore alle politiche sociali Manuela Lanzarin \u2013 \u00e8 promuovere l\u2019integrazione sociale delle persone a rischio di povert\u00e0 o di esclusione sociale, combattendo anche la povert\u00e0 che colpisce i bambini e le bambine.<\/em>\u201d Attraverso un bando approvata ieri dalla Giunta regionale, il cui ammontare ha un valore di 10 milioni, a valere sul PR FSE + 2021-2027, si svilupperanno progetti per un arco di 30 mesi.<\/p>\n<p>&nbsp;<\/p>\n<p>&nbsp;<\/p>\n<hr \/>\n<p>&nbsp;<\/p>\n<blockquote>\n<h3>TORNA OPERATIVA LA LEGGE REGIONALE 18\/1994. IL FONDO DI ROTAZIONE HA UNA DISPONIBILIT\u00c0 DI 21 MILIONI DI EURO<\/h3>\n<\/blockquote>\n<p><strong>BELLUNO<\/strong> Torna la legge regionale 18\/1994 e apre al turismo. Il rinnovato fondo di rotazione, infatti, consente di ampliare il perimetro di azione, arrivando a coprire anche nuove categorie di imprese, nel settore della ristorazione e della ricettivit\u00e0.\u00a0La legge regionale 18\/1994 per le aree interne finanzia le piccole medie imprese. Lo fa attraverso un fondo di rotazione gestito dalla Provincia attraverso Veneto Sviluppo. La dotazione \u00e8 di poco meno di 21 milioni di euro, risorse che servono a finanziare nuovi investimenti e interventi di supporto finanziario.<\/p>\n<p><strong>SERENELLA BOGANA, CONSIGLIERE PROVINCIALE<\/strong><\/p>\n<audio class=\"wp-audio-shortcode\" id=\"audio-318902-5\" preload=\"none\" style=\"width: 100%;\" controls=\"controls\"><source type=\"audio\/mpeg\" src=\"https:\/\/www.radiopiu.net\/wordpress\/wp-content\/uploads\/2023\/01\/BOGANA.mp3?_=5\" \/><a href=\"https:\/\/www.radiopiu.net\/wordpress\/wp-content\/uploads\/2023\/01\/BOGANA.mp3\">https:\/\/www.radiopiu.net\/wordpress\/wp-content\/uploads\/2023\/01\/BOGANA.mp3<\/a><\/audio>\n<p>&nbsp;<\/p>\n<hr \/>\n<p>&nbsp;<\/p>\n<blockquote>\n<h3>MONUMENTI E MONTAGNE ILLUMINATI DI ROSA. SCATTA IL \u201c-100\u201d AL GIRO D\u2019ITALIA<\/h3>\n<\/blockquote>\n<p><strong>BELLUNO<\/strong> Mancano cento giorni al Giro d\u2019Italia 2023. Qualcuno in pi\u00f9 per l\u2019arrivo della corsa rosa nel Bellunese, che quest\u2019anno pi\u00f9 che mai sar\u00e0 teatro di tappe epiche e in grado di decidere la classifica finale. Per segnalare solennemente il conto alla rovescia, la notte tra mercoled\u00ec e gioved\u00ec i territori sede di tappa hanno illuminato di rosa un luogo simbolo. Anche nel Bellunese. Val di Zoldo, arrivo della tappa numero 18 (gioved\u00ec 25 maggio) ha puntato i riflettori su un tabi\u00e0, il Mas de Sabe, simbolo della vallata; una costruzione tipica della montagna che risale al 1400, giunta fino a oggi dopo utilizzi di vario genere. Longarone (partenza della tappa 19, venerd\u00ec 26 maggio) ha illuminato Palazzo Mazzol\u00e0, sede del municipio, uno dei pochi edifici storici scampati all\u2019onda del Vajont. Auronzo (arrivo della tappa 19, con traguardo alle Tre Cime di Lavaredo) ha voluto esagerare, illuminando proprio le vette emblema delle Dolomiti patrimonio Unesco. Le foto sono gi\u00e0 state pubblicate sul sito ufficiale del Giro d\u2019Italia e alcune, tra cui quella di Val di Zoldo, sono state selezionate anche per il &#8220;The best of&#8230;&#8221; della corsa rosa.<\/p>\n\n\t\t\t<style type='text\/css'>\n\t\t\t\t#gallery-2 {\n\t\t\t\t\tmargin: auto;\n\t\t\t\t}\n\t\t\t\t#gallery-2 .gallery-item {\n\t\t\t\t\tfloat: left;\n\t\t\t\t\tmargin-top: 10px;\n\t\t\t\t\ttext-align: center;\n\t\t\t\t\twidth: 33%;\n\t\t\t\t}\n\t\t\t\t#gallery-2 img {\n\t\t\t\t\tborder: 2px solid #cfcfcf;\n\t\t\t\t}\n\t\t\t\t#gallery-2 .gallery-caption {\n\t\t\t\t\tmargin-left: 0;\n\t\t\t\t}\n\t\t\t\t\/* see gallery_shortcode() in wp-includes\/media.php *\/\n\t\t\t<\/style>\n\t\t<div id='gallery-2' class='dt-gallery-container gallery galleryid-318902 gallery-columns-3 gallery-size-thumbnail'><dl class='gallery-item'>\n\t\t\t\t<dt class='gallery-icon landscape'>\n\t\t\t\t\t<a class=\"rollover rollover-zoom dt-pswp-item\" title=\"auronzo\" data-dt-img-description=\"\" data-large_image_width=\"1600\" data-large_image_height=\"900\"href='https:\/\/www.radiopiu.net\/wordpress\/wp-content\/uploads\/2023\/01\/auronzo.jpg'><img loading=\"lazy\" decoding=\"async\" width=\"150\" height=\"150\" src=\"https:\/\/www.radiopiu.net\/wordpress\/wp-content\/uploads\/2023\/01\/auronzo-150x150.jpg\" class=\"attachment-thumbnail size-thumbnail\" alt=\"\" aria-describedby=\"gallery-2-318997\" \/><\/a>\n\t\t\t\t<\/dt>\n\t\t\t\t\t<dd class='wp-caption-text gallery-caption' id='gallery-2-318997'>\n\t\t\t\t\tAURONZO\n\t\t\t\t\t<\/dd><\/dl><dl class='gallery-item'>\n\t\t\t\t<dt class='gallery-icon portrait'>\n\t\t\t\t\t<a class=\"rollover rollover-zoom dt-pswp-item\" title=\"longarone\" data-dt-img-description=\"\" data-large_image_width=\"1200\" data-large_image_height=\"1600\"href='https:\/\/www.radiopiu.net\/wordpress\/wp-content\/uploads\/2023\/01\/longarone.jpg'><img loading=\"lazy\" decoding=\"async\" width=\"150\" height=\"150\" src=\"https:\/\/www.radiopiu.net\/wordpress\/wp-content\/uploads\/2023\/01\/longarone-150x150.jpg\" class=\"attachment-thumbnail size-thumbnail\" alt=\"\" aria-describedby=\"gallery-2-318998\" \/><\/a>\n\t\t\t\t<\/dt>\n\t\t\t\t\t<dd class='wp-caption-text gallery-caption' id='gallery-2-318998'>\n\t\t\t\t\tLONGARONE\n\t\t\t\t\t<\/dd><\/dl><dl class='gallery-item'>\n\t\t\t\t<dt class='gallery-icon landscape'>\n\t\t\t\t\t<a class=\"rollover rollover-zoom dt-pswp-item\" title=\"val di zoldo\" data-dt-img-description=\"\" data-large_image_width=\"1600\" data-large_image_height=\"1066\"href='https:\/\/www.radiopiu.net\/wordpress\/wp-content\/uploads\/2023\/01\/val-di-zoldo.jpg'><img loading=\"lazy\" decoding=\"async\" width=\"150\" height=\"150\" src=\"https:\/\/www.radiopiu.net\/wordpress\/wp-content\/uploads\/2023\/01\/val-di-zoldo-150x150.jpg\" class=\"attachment-thumbnail size-thumbnail\" alt=\"\" aria-describedby=\"gallery-2-318999\" \/><\/a>\n\t\t\t\t<\/dt>\n\t\t\t\t\t<dd class='wp-caption-text gallery-caption' id='gallery-2-318999'>\n\t\t\t\t\tVAL DI ZOLDO\n\t\t\t\t\t<\/dd><\/dl><br style=\"clear: both\" \/>\n\t\t\t<\/div>\n\n<p>&nbsp;<\/p>\n<p>&nbsp;<\/p>\n<hr \/>\n<p>&nbsp;<\/p>\n<blockquote>\n<h3>CERCASI VOLONTARI PER IL CENTRO ITALIANO DI SOLIDARIETA&#8217;<\/h3>\n<\/blockquote>\n<p><strong>BELLUNO <\/strong>Il Centro Italiano di Solidariet\u00e0 di Belluno onlus seleziona 10 volontari da impiegare nel progetto di Servizio Civile Universale. Scadenza presentazione domande il 10 febbraio 2023. Per informazioni scrivere a\u00a0<a href=\"mailto:info@ceisbelluno.org\">info@ceisbelluno.org<\/a> oppure telefonare al numero 0437 950895. Disponibili 10 posti in 5 sedi in provincia di Belluno: 25 ore settimanali 25, durata un anno, rimborso mensile \u20ac 444,30.<\/p>\n<p>&nbsp;<\/p>\n<p>&nbsp;<\/p>\n<hr \/>\n<p>&nbsp;<\/p>\n<blockquote>\n<h3>PRESENTAZIONE DEL COMITATO BELLUNESE A SOSTEGNO DI BONACCINI<\/h3>\n<\/blockquote>\n<p><strong>BELLUNO <\/strong>Oggi, alle ore 12.00 presso il Bar Duomo a Belluno\u00a0verr\u00e0 presentato il\u00a0comitato\u00a0provinciale a sostegno di Stefano Bonaccini, candidato alla Segreteria nazionale del Partito Democratico<\/p>\n<p>&nbsp;<\/p>\n<p>&nbsp;<\/p>\n<hr \/>\n<p>&nbsp;<\/p>\n<blockquote>\n<h3>IL RITORNO DEL LUPO IN PROVINCIA, A FALCADE PARLANO GLI ESPERTI<\/h3>\n<\/blockquote>\n<p><strong>LA DIRETTA RADIO PIU&#8217;<\/strong><\/p>\n<p>https:\/\/www.facebook.com\/marco.baghy.1\/videos\/699374151722305<\/p>\n<p>&nbsp;<\/p>\n<p><strong><a class=\"dt-pswp-item\" href=\"https:\/\/www.radiopiu.net\/wordpress\/wp-content\/uploads\/2023\/01\/23c3f23d-2367-4eb3-a5a4-c96fbb46d9dc.jpg\" data-dt-img-description=\"\" data-large_image_width=\"1127\" data-large_image_height=\"1600\"><img loading=\"lazy\" decoding=\"async\" class=\" wp-image-318561 alignleft\" src=\"https:\/\/www.radiopiu.net\/wordpress\/wp-content\/uploads\/2023\/01\/23c3f23d-2367-4eb3-a5a4-c96fbb46d9dc-211x300.jpg\" alt=\"\" width=\"105\" height=\"149\" srcset=\"https:\/\/www.radiopiu.net\/wordpress\/wp-content\/uploads\/2023\/01\/23c3f23d-2367-4eb3-a5a4-c96fbb46d9dc-211x300.jpg 211w, https:\/\/www.radiopiu.net\/wordpress\/wp-content\/uploads\/2023\/01\/23c3f23d-2367-4eb3-a5a4-c96fbb46d9dc-721x1024.jpg 721w, https:\/\/www.radiopiu.net\/wordpress\/wp-content\/uploads\/2023\/01\/23c3f23d-2367-4eb3-a5a4-c96fbb46d9dc-768x1090.jpg 768w, https:\/\/www.radiopiu.net\/wordpress\/wp-content\/uploads\/2023\/01\/23c3f23d-2367-4eb3-a5a4-c96fbb46d9dc-1082x1536.jpg 1082w, https:\/\/www.radiopiu.net\/wordpress\/wp-content\/uploads\/2023\/01\/23c3f23d-2367-4eb3-a5a4-c96fbb46d9dc.jpg 1127w\" sizes=\"auto, (max-width: 105px) 100vw, 105px\" \/><\/a>A CANALE IL PROSSIMO APPUNTAMENTO<\/strong><\/p>\n<p>Si parler\u00e0 del lupo anche a Canale D&#8217;Agordo oggi alle 20.30, in sala Ex Emigranti di Via Lotta \u00e8 in programma un incontro dal titolo &#8220;Con il lupo si pu\u00f2 convivere&#8221;. Relatore: Cristiano Fant<\/p>\n<p>&nbsp;<\/p>\n<p>&nbsp;<\/p>\n<p>&nbsp;<\/p>\n<p>&nbsp;<\/p>\n<p>&nbsp;<\/p>\n<hr \/>\n<p>&nbsp;<\/p>\n<blockquote>\n<h2>Indagine sociolinguistica sulle lingue minoritarie del Veneto<\/h2>\n<\/blockquote>\n<p>&nbsp;<\/p>\n<p><a class=\"dt-pswp-item\" href=\"https:\/\/www.radiopiu.net\/wordpress\/wp-content\/uploads\/2023\/01\/WhatsApp-Image-2023-01-22-at-21.14.13.jpeg\" data-dt-img-description=\"\" data-large_image_width=\"1184\" data-large_image_height=\"760\"><img loading=\"lazy\" decoding=\"async\" class=\"wp-image-318189 alignleft\" src=\"https:\/\/www.radiopiu.net\/wordpress\/wp-content\/uploads\/2023\/01\/WhatsApp-Image-2023-01-22-at-21.14.13-300x193.jpeg\" alt=\"\" width=\"152\" height=\"98\" srcset=\"https:\/\/www.radiopiu.net\/wordpress\/wp-content\/uploads\/2023\/01\/WhatsApp-Image-2023-01-22-at-21.14.13-300x193.jpeg 300w, https:\/\/www.radiopiu.net\/wordpress\/wp-content\/uploads\/2023\/01\/WhatsApp-Image-2023-01-22-at-21.14.13-1024x657.jpeg 1024w, https:\/\/www.radiopiu.net\/wordpress\/wp-content\/uploads\/2023\/01\/WhatsApp-Image-2023-01-22-at-21.14.13-768x493.jpeg 768w, https:\/\/www.radiopiu.net\/wordpress\/wp-content\/uploads\/2023\/01\/WhatsApp-Image-2023-01-22-at-21.14.13.jpeg 1184w\" sizes=\"auto, (max-width: 152px) 100vw, 152px\" \/><\/a>La Regione Veneto ha avviato un\u2019importante inchiesta sociolinguistica sullo stato di salute delle minoranze linguistiche del proprio territorio (ladini, cimbri e friulani). Michela dell\u2019Osbel ed Eleonora Troi ci spiegano perch\u00e9 partecipare e diffondere \u00e8 essenziale.<\/p>\n<p>&nbsp;<\/p>\n<p>LINK,<span style=\"color: #0000ff;\"><strong> <a style=\"color: #0000ff;\" href=\"https:\/\/ec.europa.eu\/eusurvey\/runner\/QuestionarioVenetoL\">CLICCA QUI<\/a><\/strong><\/span><\/p>\n<p>&nbsp;<\/p>\n<p><strong>MICHELA DELL&#8217;OSBEL<\/strong><\/p>\n<audio class=\"wp-audio-shortcode\" id=\"audio-318902-6\" preload=\"none\" style=\"width: 100%;\" controls=\"controls\"><source type=\"audio\/mpeg\" src=\"https:\/\/www.radiopiu.net\/wordpress\/wp-content\/uploads\/2023\/01\/michela-dellosbel.mp3?_=6\" \/><a href=\"https:\/\/www.radiopiu.net\/wordpress\/wp-content\/uploads\/2023\/01\/michela-dellosbel.mp3\">https:\/\/www.radiopiu.net\/wordpress\/wp-content\/uploads\/2023\/01\/michela-dellosbel.mp3<\/a><\/audio>\n<p><strong>ELEONORA TROI<\/strong><\/p>\n<audio class=\"wp-audio-shortcode\" id=\"audio-318902-7\" preload=\"none\" style=\"width: 100%;\" controls=\"controls\"><source type=\"audio\/mpeg\" src=\"https:\/\/www.radiopiu.net\/wordpress\/wp-content\/uploads\/2023\/01\/eleonora.mp3?_=7\" \/><a href=\"https:\/\/www.radiopiu.net\/wordpress\/wp-content\/uploads\/2023\/01\/eleonora.mp3\">https:\/\/www.radiopiu.net\/wordpress\/wp-content\/uploads\/2023\/01\/eleonora.mp3<\/a><\/audio>\n<p>&nbsp;<\/p>\n<blockquote>\n<h3>dal CORRIERE DELLE ALPI Gianni Santomaso<\/h3>\n<\/blockquote>\n<p>Anche gli agordini e gli zoldani, assieme ai comeliani e ai cadorini, coinvolti nell&#8217;inchiesta sociolinguistica avviata dalla Regione per studiare lo stato di salute delle lingue di minoranza presenti sul proprio territorio. L&#8217;obiettivo \u00e8 quello di tutelare, promuovere e valorizzare l&#8217;uso delle lingue minoritarie: quella cimbra, in Lessinia, nell&#8217;Altopiano di Asiago e nel Cansiglio, quella ladina, e quella friulana, nel Portogruarese. \u00abPer poter definire politiche linguistiche efficaci ed intervenire con azioni mirate\u00bb, dice la Regione, \u00ab\u00e8 innanzitutto necessario valutare lo stato di salute della lingua di minoranza attraverso un&#8217;indagine sociolinguistica\u00bb. Per questo, da novembre 2022 e fino a febbraio 2023, ogni cittadino dei Comuni in cui \u00e8 presente una minoranza linguistica potr\u00e0 garantire il proprio contributo per la definizione delle prossime azioni di tutela e di promozione delle lingue di minoranza nella Regione, rispondendo ad un questionario anonimo on line. \u00abQuesta importante ricerca della Regione\u00bb, spiega Davide Conedera del gruppo Musla &#8211; Moviment de union e standardisazion linguistica del Agordin &#8211; riguarda da vicino coloro che abitano nei Comuni dell&#8217;Agordino, del Cadore, del Comelico e della Val di Zoldo. L&#8217;invito \u00e8 a compilare il questionario per far vedere che ci teniamo alla nostra lingua, per fare s\u00ec che la Regione avvii progetti per la salvaguardia della nostra minoranza e per far conoscere la nostra realt\u00e0 alla comunit\u00e0 scientifica\u00bb. \u00abNel compilare il questionario\u00bb, continua Conedera, \u00ab\u00e8 bene ricordare che quello che comunemente chiamiamo &#8220;dialetto&#8221; \u00e8 riconosciuto dalla legge 482\/99 e prende il nome di &#8220;ladino&#8221;. \u00c8 fondamentale che tutti partecipino se vogliamo migliorare la situazione delle nostre valli, delle persone che vivono qui e della nostra lingua\u00bb. Il questionario si pu\u00f2 trovare accedendo alla pagina ec.europa.eu\/eusurvey\/runner\/QuestionarioVenetoL<\/p>\n<p>&nbsp;<\/p>\n<hr \/>\n<p>&nbsp;<\/p>\n<blockquote>\n<h3><a class=\"dt-pswp-item\" href=\"https:\/\/www.radiopiu.net\/wordpress\/wp-content\/uploads\/2023\/01\/Senza-nome-50.jpg\" data-dt-img-description=\"\" data-large_image_width=\"300\" data-large_image_height=\"279\"><img loading=\"lazy\" decoding=\"async\" class=\"wp-image-317797 alignleft\" src=\"https:\/\/www.radiopiu.net\/wordpress\/wp-content\/uploads\/2023\/01\/Senza-nome-50.jpg\" alt=\"\" width=\"116\" height=\"108\" \/><\/a>LA PARTITA DEL SORRISO<\/h3>\n<\/blockquote>\n<p><strong>BELLUNO<\/strong>\u00a0 Oggi alle 17.30 al Palasport De Mas partita di calcio a 5 tra amministratori comunali e forze dell&#8217;ordine. Ingresso ad offerta libera, devoluto al Comitato d&#8217;Intesa per il progetto Stacco.<\/p>\n<p>&nbsp;<\/p>\n<p>&nbsp;<\/p>\n<hr \/>\n<p>&nbsp;<\/p>\n<blockquote>\n<h3>POEMA RITROVATO, POETA SCONOSCIUTO <a class=\"dt-pswp-item\" href=\"https:\/\/www.radiopiu.net\/wordpress\/wp-content\/uploads\/2023\/01\/Das-Magische-Auge_copertina-libro.jpg\" data-dt-img-description=\"\" data-large_image_width=\"1131\" data-large_image_height=\"1600\"><img loading=\"lazy\" decoding=\"async\" class=\"wp-image-318804 alignleft\" src=\"https:\/\/www.radiopiu.net\/wordpress\/wp-content\/uploads\/2023\/01\/Das-Magische-Auge_copertina-libro-212x300.jpg\" alt=\"\" width=\"116\" height=\"164\" srcset=\"https:\/\/www.radiopiu.net\/wordpress\/wp-content\/uploads\/2023\/01\/Das-Magische-Auge_copertina-libro-212x300.jpg 212w, https:\/\/www.radiopiu.net\/wordpress\/wp-content\/uploads\/2023\/01\/Das-Magische-Auge_copertina-libro-724x1024.jpg 724w, https:\/\/www.radiopiu.net\/wordpress\/wp-content\/uploads\/2023\/01\/Das-Magische-Auge_copertina-libro-768x1086.jpg 768w, https:\/\/www.radiopiu.net\/wordpress\/wp-content\/uploads\/2023\/01\/Das-Magische-Auge_copertina-libro-1086x1536.jpg 1086w, https:\/\/www.radiopiu.net\/wordpress\/wp-content\/uploads\/2023\/01\/Das-Magische-Auge_copertina-libro.jpg 1131w\" sizes=\"auto, (max-width: 116px) 100vw, 116px\" \/><\/a><\/h3>\n<\/blockquote>\n<p><strong>BELLUNO<\/strong> <span style=\"font-family: Times New Roman, serif;\"><span style=\"font-size: medium;\">Marted\u00ec, alle 18, alla Libreria Tarantola di Belluno, verr\u00e0 presentato il libro \u201cDas Magische Auge\u201d, un poema del 1927 scritto dal misterioso e sconosciuto Claudio Giuseppe De Don\u00e0, testo ritrovato nel 2019 in una soffitta a Belluno. Nella serata interverranno l\u2019autore del fortuito ritrovamento, il poliedrico artista bellunese Gianni Carlin, che ha trascritto e pubblicato il manoscritto, e lo storico Jacopo De Pasquale, al quale si deve una contestualizzazione storica sulla citt\u00e0 di Belluno tra le due guerre mondiali in apertura del volume. <\/span><\/span><\/p>\n<p>&nbsp;<\/p>\n<hr \/>\n<p>&nbsp;<\/p>\n<blockquote>\n<h3>LE IMMAGINI RACCONTANO LA STORIA.<\/h3>\n<\/blockquote>\n<p><strong>FELTRE<\/strong> La Polisportiva Feltrese, dopo la rassegna dedicata a &#8220;L&#8217;utilizzo del Piave a scopo idroelettrico 1902 &#8211; 1962&#8221;, ora al Fondaco Delle Biade espone le immagini. La mostra\u00a0 rimarr\u00e0 aperta fino al 5 febbraio 2023 anche\u00a0 il sabato e la domenica<\/p>\n<p>&nbsp;<\/p>\n<hr \/>\n<blockquote>\n<h3><\/h3>\n<blockquote>\n<h3>TORNA LA GARA DI SLITTINO A COLMEAN<\/h3>\n<\/blockquote>\n<p><strong>CANALE D&#8217;AGORDO <\/strong>Domani lungo la pista di Colmean di Canale d&#8217;Agordo ritorna la gara di slittino aperta a tutti per bambini e adulti con il gruppo Crodaioli dell&#8217;Auta. Categorie maschili e femminili (per et\u00e0), ma anche accompagnati maschili e femminili, per i pi\u00f9 piccoli anche due per slitta. Iscrizioni al Bar Colmean il giorno della gara al traguardo fino alle 13.30. Premi per tutti. Informazioni allo 0437 592078.<\/p>\n<p><strong>FOTO D&#8217;ARCHIVIO<\/strong><\/p>\n\n\t\t\t<style type='text\/css'>\n\t\t\t\t#gallery-3 {\n\t\t\t\t\tmargin: auto;\n\t\t\t\t}\n\t\t\t\t#gallery-3 .gallery-item {\n\t\t\t\t\tfloat: left;\n\t\t\t\t\tmargin-top: 10px;\n\t\t\t\t\ttext-align: center;\n\t\t\t\t\twidth: 33%;\n\t\t\t\t}\n\t\t\t\t#gallery-3 img {\n\t\t\t\t\tborder: 2px solid #cfcfcf;\n\t\t\t\t}\n\t\t\t\t#gallery-3 .gallery-caption {\n\t\t\t\t\tmargin-left: 0;\n\t\t\t\t}\n\t\t\t\t\/* see gallery_shortcode() in wp-includes\/media.php *\/\n\t\t\t<\/style>\n\t\t<div id='gallery-3' class='dt-gallery-container gallery galleryid-318902 gallery-columns-3 gallery-size-medium'><dl class='gallery-item'>\n\t\t\t\t<dt class='gallery-icon landscape'>\n\t\t\t\t\t<a class=\"rollover rollover-zoom dt-pswp-item\" title=\"Schermata 2023-01-22 alle 17.11.30\" data-dt-img-description=\"\" data-large_image_width=\"1368\" data-large_image_height=\"930\"href='https:\/\/www.radiopiu.net\/wordpress\/wp-content\/uploads\/2023\/01\/Schermata-2023-01-22-alle-17.11.30.png'><img loading=\"lazy\" decoding=\"async\" width=\"300\" height=\"204\" src=\"https:\/\/www.radiopiu.net\/wordpress\/wp-content\/uploads\/2023\/01\/Schermata-2023-01-22-alle-17.11.30-300x204.png\" class=\"attachment-medium size-medium\" alt=\"\" srcset=\"https:\/\/www.radiopiu.net\/wordpress\/wp-content\/uploads\/2023\/01\/Schermata-2023-01-22-alle-17.11.30-300x204.png 300w, https:\/\/www.radiopiu.net\/wordpress\/wp-content\/uploads\/2023\/01\/Schermata-2023-01-22-alle-17.11.30-1024x696.png 1024w, https:\/\/www.radiopiu.net\/wordpress\/wp-content\/uploads\/2023\/01\/Schermata-2023-01-22-alle-17.11.30-768x522.png 768w, https:\/\/www.radiopiu.net\/wordpress\/wp-content\/uploads\/2023\/01\/Schermata-2023-01-22-alle-17.11.30.png 1368w\" sizes=\"auto, (max-width: 300px) 100vw, 300px\" \/><\/a>\n\t\t\t\t<\/dt><\/dl><dl class='gallery-item'>\n\t\t\t\t<dt class='gallery-icon landscape'>\n\t\t\t\t\t<a class=\"rollover rollover-zoom dt-pswp-item\" title=\"Schermata 2023-01-22 alle 17.11.46\" data-dt-img-description=\"\" data-large_image_width=\"1442\" data-large_image_height=\"1064\"href='https:\/\/www.radiopiu.net\/wordpress\/wp-content\/uploads\/2023\/01\/Schermata-2023-01-22-alle-17.11.46.png'><img loading=\"lazy\" decoding=\"async\" width=\"300\" height=\"221\" src=\"https:\/\/www.radiopiu.net\/wordpress\/wp-content\/uploads\/2023\/01\/Schermata-2023-01-22-alle-17.11.46-300x221.png\" class=\"attachment-medium size-medium\" alt=\"\" srcset=\"https:\/\/www.radiopiu.net\/wordpress\/wp-content\/uploads\/2023\/01\/Schermata-2023-01-22-alle-17.11.46-300x221.png 300w, https:\/\/www.radiopiu.net\/wordpress\/wp-content\/uploads\/2023\/01\/Schermata-2023-01-22-alle-17.11.46-1024x756.png 1024w, https:\/\/www.radiopiu.net\/wordpress\/wp-content\/uploads\/2023\/01\/Schermata-2023-01-22-alle-17.11.46-768x567.png 768w, https:\/\/www.radiopiu.net\/wordpress\/wp-content\/uploads\/2023\/01\/Schermata-2023-01-22-alle-17.11.46.png 1442w\" sizes=\"auto, (max-width: 300px) 100vw, 300px\" \/><\/a>\n\t\t\t\t<\/dt><\/dl><dl class='gallery-item'>\n\t\t\t\t<dt class='gallery-icon landscape'>\n\t\t\t\t\t<a class=\"rollover rollover-zoom dt-pswp-item\" title=\"c1c0f422-e2e8-4fb5-84ff-8839f59f80cd\" data-dt-img-description=\"\" data-large_image_width=\"1600\" data-large_image_height=\"721\"href='https:\/\/www.radiopiu.net\/wordpress\/wp-content\/uploads\/2023\/01\/c1c0f422-e2e8-4fb5-84ff-8839f59f80cd-e1674535647733.jpg'><img loading=\"lazy\" decoding=\"async\" width=\"300\" height=\"135\" src=\"https:\/\/www.radiopiu.net\/wordpress\/wp-content\/uploads\/2023\/01\/c1c0f422-e2e8-4fb5-84ff-8839f59f80cd-e1674535647733-300x135.jpg\" class=\"attachment-medium size-medium\" alt=\"\" srcset=\"https:\/\/www.radiopiu.net\/wordpress\/wp-content\/uploads\/2023\/01\/c1c0f422-e2e8-4fb5-84ff-8839f59f80cd-e1674535647733-300x135.jpg 300w, https:\/\/www.radiopiu.net\/wordpress\/wp-content\/uploads\/2023\/01\/c1c0f422-e2e8-4fb5-84ff-8839f59f80cd-e1674535647733-1024x461.jpg 1024w, https:\/\/www.radiopiu.net\/wordpress\/wp-content\/uploads\/2023\/01\/c1c0f422-e2e8-4fb5-84ff-8839f59f80cd-e1674535647733-1536x692.jpg 1536w, https:\/\/www.radiopiu.net\/wordpress\/wp-content\/uploads\/2023\/01\/c1c0f422-e2e8-4fb5-84ff-8839f59f80cd-e1674535647733-768x346.jpg 768w, https:\/\/www.radiopiu.net\/wordpress\/wp-content\/uploads\/2023\/01\/c1c0f422-e2e8-4fb5-84ff-8839f59f80cd-e1674535647733.jpg 1600w\" sizes=\"auto, (max-width: 300px) 100vw, 300px\" \/><\/a>\n\t\t\t\t<\/dt><\/dl><br style=\"clear: both\" \/>\n\t\t\t<\/div>\n\n<p>&nbsp;<\/p>\n<p>&nbsp;<\/p><\/blockquote>\n<p>&nbsp;<\/p>\n<hr \/>\n<p>&nbsp;<\/p>\n<blockquote>\n<h3>L&#8217;UNIVERSITA&#8217; DEGLI ANZIANI DI AGORDO TORNA CON UN RICCO PROGRAMMA<\/h3>\n<\/blockquote>\n<p><strong>AGORDO<\/strong> L&#8217;universit\u00e0 degli anziani di Agordo \u00e8 pronta per tornare con le lezioni in presenza. \u00c8 stato stilato il calendario degli eventi in programma dal 7 febbraio al 2 maggio. Ogni marted\u00ec gli incontri si svolgeranno in sala Don Tamis dalle 15 alle 17.<\/p>\n<p><strong>IL PROGRAMMA (2 PAGINE)<\/strong><\/p>\n<a href=\"https:\/\/www.radiopiu.net\/wordpress\/wp-content\/uploads\/2023\/01\/UAA-Programma-2022-23_2\u00b0trimestreok.pdf\" class=\"pdfemb-viewer\" style=\"\" data-width=\"max\" data-height=\"max\" data-toolbar=\"top\" data-toolbar-fixed=\"on\">UAA-Programma 2022-23_2\u00b0trimestreok<\/a>\n<p>&nbsp;<\/p>\n<p>&nbsp;<\/p>\n<hr \/>\n<p>&nbsp;<\/p>\n<blockquote>\n<h3>UN SEMINARIO SU SOSTENIBILITA&#8217; E BENESSERE AZIENDALE<\/h3>\n<\/blockquote>\n<p><strong>FONZASO<\/strong> Luned\u00ec mattina le imprese del territorio sono inviate a Dolomiti per parlare di sostenibilit\u00e0 e benessere aziendale. A partire dalle 9.00 sar\u00e0 possibile confrontarsi tra imprese e docenti su due temi importanti: le B Corp e il benessere aziendale.\u00a0 Le aziende del territorio bellunesi sono in un continuo dinamismo e attenzione al mondo dell\u2019innovazione dentro la propria attivit\u00e0. Per questo Dolomiti hub, in cordata con Reviviscar, il Fondo Sociale e di Coesione, la Regione Veneto e il Piano Sviluppo e Coesione &#8211; Veneto, propone due relatori, due esperienze provenienti dal padovano e dal\u00a0 trentino per dialogare con il territorio. L\u2019evento sar\u00e0 moderato dall\u2019amministratore di Dolomiti Hub e imprenditore Walter Moretto.<\/p>\n<p>&nbsp;<\/p>\n<p>&nbsp;<\/p>\n<hr \/>\n<p>&nbsp;<\/p>\n<blockquote>\n<h3>DIALETTO VIVO<\/h3>\n<\/blockquote>\n<p><strong>LOZZO DI CADORE<\/strong> Marted\u00ec alle 18 in sala Pellegrini di Lozzo di Cadore si svolger\u00e0 &#8220;Dialetto Vivo&#8221;, recital di poesie e prose in ladino del Cadore, Comelico e Fodom.<\/p>\n<p>&nbsp;<\/p>\n<p>&nbsp;<\/p>\n<hr \/>\n<p>&nbsp;<\/p>\n<blockquote>\n<h3>JAZZERSICE IN AGORDINO A CENCENIGHE E CANALE<\/h3>\n<\/blockquote>\n<p><strong>CENCENIGHE<\/strong> Jazzercise-Dance Mix Nell&#8217;Agordino alla palestra delle Scuole Medie Di Cencenighe ogni marted\u00ec e gioved\u00ec dalle 19 alle 20, in sala ex emigranti di Canale d\u2019Agordo il mercoled\u00ec dalle 19.30 alle 20.30 e il venerd\u00ec dalle 18.45 alle 19.45<\/p>\n\n\t\t\t<style type='text\/css'>\n\t\t\t\t#gallery-4 {\n\t\t\t\t\tmargin: auto;\n\t\t\t\t}\n\t\t\t\t#gallery-4 .gallery-item {\n\t\t\t\t\tfloat: left;\n\t\t\t\t\tmargin-top: 10px;\n\t\t\t\t\ttext-align: center;\n\t\t\t\t\twidth: 50%;\n\t\t\t\t}\n\t\t\t\t#gallery-4 img {\n\t\t\t\t\tborder: 2px solid #cfcfcf;\n\t\t\t\t}\n\t\t\t\t#gallery-4 .gallery-caption {\n\t\t\t\t\tmargin-left: 0;\n\t\t\t\t}\n\t\t\t\t\/* see gallery_shortcode() in wp-includes\/media.php *\/\n\t\t\t<\/style>\n\t\t<div id='gallery-4' class='dt-gallery-container gallery galleryid-318902 gallery-columns-2 gallery-size-medium'><dl class='gallery-item'>\n\t\t\t\t<dt class='gallery-icon landscape'>\n\t\t\t\t\t<a class=\"rollover rollover-zoom dt-pswp-item\" title=\"b2d8a43a-36e6-4b9b-8263-018afcc4df14\" data-dt-img-description=\"\" data-large_image_width=\"716\" data-large_image_height=\"502\"href='https:\/\/www.radiopiu.net\/wordpress\/wp-content\/uploads\/2023\/01\/b2d8a43a-36e6-4b9b-8263-018afcc4df14.jpg'><img loading=\"lazy\" decoding=\"async\" width=\"300\" height=\"210\" src=\"https:\/\/www.radiopiu.net\/wordpress\/wp-content\/uploads\/2023\/01\/b2d8a43a-36e6-4b9b-8263-018afcc4df14-300x210.jpg\" class=\"attachment-medium size-medium\" alt=\"\" srcset=\"https:\/\/www.radiopiu.net\/wordpress\/wp-content\/uploads\/2023\/01\/b2d8a43a-36e6-4b9b-8263-018afcc4df14-300x210.jpg 300w, https:\/\/www.radiopiu.net\/wordpress\/wp-content\/uploads\/2023\/01\/b2d8a43a-36e6-4b9b-8263-018afcc4df14.jpg 716w\" sizes=\"auto, (max-width: 300px) 100vw, 300px\" \/><\/a>\n\t\t\t\t<\/dt><\/dl><dl class='gallery-item'>\n\t\t\t\t<dt class='gallery-icon portrait'>\n\t\t\t\t\t<a class=\"rollover rollover-zoom dt-pswp-item\" title=\"8ed2269c-d382-49a5-b595-a754aec85762\" data-dt-img-description=\"\" data-large_image_width=\"747\" data-large_image_height=\"1047\"href='https:\/\/www.radiopiu.net\/wordpress\/wp-content\/uploads\/2023\/01\/8ed2269c-d382-49a5-b595-a754aec85762.jpg'><img loading=\"lazy\" decoding=\"async\" width=\"214\" height=\"300\" src=\"https:\/\/www.radiopiu.net\/wordpress\/wp-content\/uploads\/2023\/01\/8ed2269c-d382-49a5-b595-a754aec85762-214x300.jpg\" class=\"attachment-medium size-medium\" alt=\"\" srcset=\"https:\/\/www.radiopiu.net\/wordpress\/wp-content\/uploads\/2023\/01\/8ed2269c-d382-49a5-b595-a754aec85762-214x300.jpg 214w, https:\/\/www.radiopiu.net\/wordpress\/wp-content\/uploads\/2023\/01\/8ed2269c-d382-49a5-b595-a754aec85762-731x1024.jpg 731w, https:\/\/www.radiopiu.net\/wordpress\/wp-content\/uploads\/2023\/01\/8ed2269c-d382-49a5-b595-a754aec85762.jpg 747w\" sizes=\"auto, (max-width: 214px) 100vw, 214px\" \/><\/a>\n\t\t\t\t<\/dt><\/dl><br style=\"clear: both\" \/>\n\t\t\t<\/div>\n\n<p>&nbsp;<\/p>\n<hr \/>\n<p>&nbsp;<\/p>\n<div class=\"column\">\n<h1><span style=\"color: #ff00ff;\">AGORDINO IN FERMENTO&#8230;AGORDINO IN MOVIMENTO\u00a0\u00a0<\/span><\/h1>\n<blockquote>\n<h3>4 FEBBRAIO 2023: LA CASPARETHA&#8230; IL CASPERITIVO. SPORT E FESTA.<\/h3>\n<\/blockquote>\n<p><strong>di Gianni Santomaso<\/strong><\/p>\n<audio class=\"wp-audio-shortcode\" id=\"audio-318902-8\" preload=\"none\" style=\"width: 100%;\" controls=\"controls\"><source type=\"audio\/mpeg\" src=\"https:\/\/www.radiopiu.net\/wordpress\/wp-content\/uploads\/2023\/01\/GIANNI-CASPARETHA.mp3?_=8\" \/><a href=\"https:\/\/www.radiopiu.net\/wordpress\/wp-content\/uploads\/2023\/01\/GIANNI-CASPARETHA.mp3\">https:\/\/www.radiopiu.net\/wordpress\/wp-content\/uploads\/2023\/01\/GIANNI-CASPARETHA.mp3<\/a><\/audio>\n<blockquote><p>&nbsp;<\/p>\n<p><strong><span style=\"color: #ff0000;\">ALLA RADIO, L&#8217;INTERVISTA A MIRCO E EMIL TANCON<\/span><\/strong><\/p><\/blockquote>\n<div class=\"column\">\n<p><strong><a class=\"dt-pswp-item\" href=\"https:\/\/www.radiopiu.net\/wordpress\/wp-content\/uploads\/2023\/01\/CASPARETHA_page-0001.jpg\" data-dt-img-description=\"\" data-large_image_width=\"886\" data-large_image_height=\"632\"><img loading=\"lazy\" decoding=\"async\" class=\" wp-image-315112 alignleft\" src=\"https:\/\/www.radiopiu.net\/wordpress\/wp-content\/uploads\/2023\/01\/CASPARETHA_page-0001-300x214.jpg\" alt=\"\" width=\"243\" height=\"173\" srcset=\"https:\/\/www.radiopiu.net\/wordpress\/wp-content\/uploads\/2023\/01\/CASPARETHA_page-0001-300x214.jpg 300w, https:\/\/www.radiopiu.net\/wordpress\/wp-content\/uploads\/2023\/01\/CASPARETHA_page-0001-768x548.jpg 768w, https:\/\/www.radiopiu.net\/wordpress\/wp-content\/uploads\/2023\/01\/CASPARETHA_page-0001.jpg 886w\" sizes=\"auto, (max-width: 243px) 100vw, 243px\" \/><\/a>CANALE D&#8217;AGORDO <\/strong>Sabato 4 febbraio \u00e8 in programma la Casparetha 2023, camminata competitiva e non in notturna con racchette da neve su tracciato di circa 5 km.<\/p>\n<p><strong>di Mirko Mezzacasa<\/strong><\/p>\n<p>OSPITI: Emil Tancon e Mirko Tancon<\/p>\n<audio class=\"wp-audio-shortcode\" id=\"audio-318902-9\" preload=\"none\" style=\"width: 100%;\" controls=\"controls\"><source type=\"audio\/mpeg\" src=\"https:\/\/www.radiopiu.net\/wordpress\/wp-content\/uploads\/2023\/01\/casparetha-mirco-emil.mp3?_=9\" \/><a href=\"https:\/\/www.radiopiu.net\/wordpress\/wp-content\/uploads\/2023\/01\/casparetha-mirco-emil.mp3\">https:\/\/www.radiopiu.net\/wordpress\/wp-content\/uploads\/2023\/01\/casparetha-mirco-emil.mp3<\/a><\/audio>\n<\/div>\n<\/div>\n<p>&nbsp;<\/p>\n<p>&nbsp;<\/p>\n<hr \/>\n<p>&nbsp;<\/p>\n<p>&nbsp;<\/p>\n<p class=\"photoswipe-wrapper\"><a class=\"dt-pswp-item pspw-wrap-ready\" href=\"https:\/\/www.radiopiu.net\/wordpress\/wp-content\/uploads\/2023\/01\/f357cc9c-828e-4d9b-9ff4-ec3efed24d74.jpg\" data-dt-img-description=\"\" data-large_image_width=\"724\" data-large_image_height=\"1024\"><img loading=\"lazy\" decoding=\"async\" class=\"wp-image-315069 alignleft\" src=\"https:\/\/www.radiopiu.net\/wordpress\/wp-content\/uploads\/2023\/01\/f357cc9c-828e-4d9b-9ff4-ec3efed24d74.jpg\" sizes=\"auto, (max-width: 140px) 100vw, 140px\" srcset=\"https:\/\/www.radiopiu.net\/wordpress\/wp-content\/uploads\/2023\/01\/f357cc9c-828e-4d9b-9ff4-ec3efed24d74.jpg 724w, https:\/\/www.radiopiu.net\/wordpress\/wp-content\/uploads\/2023\/01\/f357cc9c-828e-4d9b-9ff4-ec3efed24d74-212x300.jpg 212w\" alt=\"\" width=\"79\" height=\"112\" \/><\/a><\/p>\n<h1><span style=\"color: #ff00ff;\">AGORDINO IN FERMENTO\u2026AGORDINO IN MOVIMENTO<\/span><\/h1>\n<blockquote><p><strong>A CARNEVALE\u2026 EL CARNEVAL DE LE VAI\u2026DA SELVA DI CADORE A CANALE D\u2019AGORDO, DA RIVAMONTE A LASTE E SOTTOGUDA. TRADIZIONE, CULTUR E SPETTACOLO\u00a0\u00a0<\/strong><\/p><\/blockquote>\n<p><iframe loading=\"lazy\" title=\"CARNEVAI DE LE VAI L&#039;INTERVISTA AI PROTAGONISTI\" width=\"1200\" height=\"675\" src=\"https:\/\/www.youtube.com\/embed\/w-vtgGV1TuM?start=198&#038;feature=oembed\" frameborder=\"0\" allow=\"accelerometer; autoplay; clipboard-write; encrypted-media; gyroscope; picture-in-picture; web-share\" allowfullscreen><\/iframe><\/p>\n<p>&nbsp;<\/p>\n<p>&nbsp;<\/p>\n<hr \/>\n<p>&nbsp;<\/p>\n<p>&nbsp;<\/p>\n<p><iframe loading=\"lazy\" title=\"Radio Pi\u00f9 festeggia i suoi primi 40 anni di attivit\u00e0\" width=\"1200\" height=\"675\" src=\"https:\/\/www.youtube.com\/embed\/6ptB04FauBE?feature=oembed\" frameborder=\"0\" allow=\"accelerometer; autoplay; clipboard-write; encrypted-media; gyroscope; picture-in-picture; web-share\" allowfullscreen><\/iframe><\/p>\n<p>&nbsp;<\/p>\n<p>&nbsp;<\/p>\n<hr \/>\n<blockquote>\n<h3><\/h3>\n<\/blockquote>\n<blockquote>\n<blockquote>\n<h2><\/h2>\n<\/blockquote>\n\n\t\t\t<style type='text\/css'>\n\t\t\t\t#gallery-5 {\n\t\t\t\t\tmargin: auto;\n\t\t\t\t}\n\t\t\t\t#gallery-5 .gallery-item {\n\t\t\t\t\tfloat: left;\n\t\t\t\t\tmargin-top: 10px;\n\t\t\t\t\ttext-align: center;\n\t\t\t\t\twidth: 100%;\n\t\t\t\t}\n\t\t\t\t#gallery-5 img {\n\t\t\t\t\tborder: 2px solid #cfcfcf;\n\t\t\t\t}\n\t\t\t\t#gallery-5 .gallery-caption {\n\t\t\t\t\tmargin-left: 0;\n\t\t\t\t}\n\t\t\t\t\/* see gallery_shortcode() in wp-includes\/media.php *\/\n\t\t\t<\/style>\n\t\t<div id='gallery-5' class='dt-gallery-container gallery galleryid-318902 gallery-columns-1 gallery-size-medium'><dl class='gallery-item'>\n\t\t\t\t<dt class='gallery-icon portrait'>\n\t\t\t\t\t<a class=\"rollover rollover-zoom dt-pswp-item\" title=\"34712c4d-1310-4db5-a620-fe6ede9a0848\" data-dt-img-description=\"\" data-large_image_width=\"1131\" data-large_image_height=\"1600\"href='https:\/\/www.radiopiu.net\/wordpress\/wp-content\/uploads\/2023\/01\/34712c4d-1310-4db5-a620-fe6ede9a0848.jpg'><img loading=\"lazy\" decoding=\"async\" width=\"212\" height=\"300\" src=\"https:\/\/www.radiopiu.net\/wordpress\/wp-content\/uploads\/2023\/01\/34712c4d-1310-4db5-a620-fe6ede9a0848-212x300.jpg\" class=\"attachment-medium size-medium\" alt=\"\" aria-describedby=\"gallery-5-316092\" srcset=\"https:\/\/www.radiopiu.net\/wordpress\/wp-content\/uploads\/2023\/01\/34712c4d-1310-4db5-a620-fe6ede9a0848-212x300.jpg 212w, https:\/\/www.radiopiu.net\/wordpress\/wp-content\/uploads\/2023\/01\/34712c4d-1310-4db5-a620-fe6ede9a0848-724x1024.jpg 724w, https:\/\/www.radiopiu.net\/wordpress\/wp-content\/uploads\/2023\/01\/34712c4d-1310-4db5-a620-fe6ede9a0848-768x1086.jpg 768w, https:\/\/www.radiopiu.net\/wordpress\/wp-content\/uploads\/2023\/01\/34712c4d-1310-4db5-a620-fe6ede9a0848-1086x1536.jpg 1086w, https:\/\/www.radiopiu.net\/wordpress\/wp-content\/uploads\/2023\/01\/34712c4d-1310-4db5-a620-fe6ede9a0848.jpg 1131w\" sizes=\"auto, (max-width: 212px) 100vw, 212px\" \/><\/a>\n\t\t\t\t<\/dt>\n\t\t\t\t\t<dd class='wp-caption-text gallery-caption' id='gallery-5-316092'>\n\t\t\t\t\tDAL FARRA E BAND IN CONCERTO A LONGARONE\n\t\t\t\t\t<\/dd><\/dl><br style=\"clear: both\" \/>\n\t\t\t<\/div>\n<\/blockquote>\n<p>&nbsp;<\/p>\n<hr \/>\n<p>&nbsp;<\/p>\n<div>\n<div class=\"b654a4as d2edcug0\">\n<div class=\"rq0escxv hkbzh7o3 jwdofwj8 n8tt0mok r8blr3vg hyh9befq\">\n<p><a class=\"dt-pswp-item\" href=\"https:\/\/www.radiopiu.net\/wordpress\/wp-content\/uploads\/2020\/10\/pp.jpg\" data-dt-img-description=\"\" data-large_image_width=\"640\" data-large_image_height=\"640\"><img loading=\"lazy\" decoding=\"async\" class=\"wp-image-163678 alignleft\" src=\"https:\/\/www.radiopiu.net\/wordpress\/wp-content\/uploads\/2020\/10\/pp-300x300.jpg\" alt=\"\" width=\"106\" height=\"106\" srcset=\"https:\/\/www.radiopiu.net\/wordpress\/wp-content\/uploads\/2020\/10\/pp-300x300.jpg 300w, https:\/\/www.radiopiu.net\/wordpress\/wp-content\/uploads\/2020\/10\/pp-150x150.jpg 150w, https:\/\/www.radiopiu.net\/wordpress\/wp-content\/uploads\/2020\/10\/pp-125x125.jpg 125w, https:\/\/www.radiopiu.net\/wordpress\/wp-content\/uploads\/2020\/10\/pp-200x200.jpg 200w, https:\/\/www.radiopiu.net\/wordpress\/wp-content\/uploads\/2020\/10\/pp-80x80.jpg 80w, https:\/\/www.radiopiu.net\/wordpress\/wp-content\/uploads\/2020\/10\/pp-480x480.jpg 480w, https:\/\/www.radiopiu.net\/wordpress\/wp-content\/uploads\/2020\/10\/pp.jpg 640w\" sizes=\"auto, (max-width: 106px) 100vw, 106px\" \/><\/a><\/p>\n<\/div>\n<\/div>\n<\/div>\n<div>\n<div class=\"page-title-head hgroup\">\n<div class=\"page-title-head hgroup\">\n<div class=\"b654a4as d2edcug0\">\n<div class=\"j83agx80 btwxx1t3 lhclo0ds hop8lmos nkwizq5d scwd0bx6 roh60bw9\">\n<div class=\"rq0escxv hkbzh7o3 jwdofwj8 n8tt0mok r8blr3vg hyh9befq\">\n<div class=\"do00u71z l9j0dhe7 k4urcfbm\" style=\"text-align: left;\">\n<h2><span style=\"color: #000080;\">DON CESARE, IL PENSIERO DEL GIORNO. ALLA RADIO ALLE 7 DEL MATTINO E ALLE 19.30 DELLA SERA\u00a0<\/span><\/h2>\n<p>&nbsp;<\/p>\n<audio class=\"wp-audio-shortcode\" id=\"audio-318902-10\" preload=\"none\" style=\"width: 100%;\" controls=\"controls\"><source type=\"audio\/mpeg\" src=\"https:\/\/www.radiopiu.net\/wordpress\/wp-content\/uploads\/2023\/01\/CESARE-21.mp3?_=10\" \/><a href=\"https:\/\/www.radiopiu.net\/wordpress\/wp-content\/uploads\/2023\/01\/CESARE-21.mp3\">https:\/\/www.radiopiu.net\/wordpress\/wp-content\/uploads\/2023\/01\/CESARE-21.mp3<\/a><\/audio>\n<p>&nbsp;<\/p>\n<p>&nbsp;<\/p>\n<\/div>\n<\/div>\n<\/div>\n<\/div>\n<\/div>\n<\/div>\n<\/div>\n<hr \/>\n<p>&nbsp;<\/p>\n<h2>1990 &#8211; IL BELLO DELLA DIRETTA, puntata01 &#8220;ODIO ANCORA LA RADIO&#8221;.<\/h2>\n<p><strong>Un articolo al mese che racconta gli episodi pi\u00f9 divertenti, importanti, ricorda fatti e persone che hanno fatto la storia di Radio Pi\u00f9.<\/strong><\/p>\n<p>Il 25 giugno saranno 40 anni di informazione, musica, storia. In quattro decenni di storie ne abbiamo raccontate tante, e in attesa del taglio della torta abbiamo pensato \u201cPerch\u00e9 non ricordarle come abbiamo fatto 10 anni fa con \u201cOdio La Radio\u201d. Ma abbiamo anche pensato\u2026 \u201cE se ne raccontassimo qualcuna anche degli ultimi 10 anni? Ogni 25 del mese un nuovo articolo, vi aspettiamo!<\/p>\n<p><strong>PRIMA PUNTATA, DAL LIBRO &#8220;ODIO LA RADIO&#8221;, 2013 di Mirko Mezzacasa<\/strong><\/p>\n<p><a href=\"https:\/\/www.radiopiu.net\/wordpress\/wp-content\/uploads\/2023\/01\/WhatsApp-Image-2023-01-18-at-14.31.26.jpeg\" data-dt-img-description=\"Bruno Zanetti\" data-large_image_width=\"1600\" data-large_image_height=\"1066\"><img loading=\"lazy\" decoding=\"async\" class=\"wp-image-317469 size-medium alignleft\" src=\"https:\/\/www.radiopiu.net\/wordpress\/wp-content\/uploads\/2023\/01\/WhatsApp-Image-2023-01-18-at-14.31.26-300x200.jpeg\" alt=\"\" width=\"300\" height=\"200\" srcset=\"https:\/\/www.radiopiu.net\/wordpress\/wp-content\/uploads\/2023\/01\/WhatsApp-Image-2023-01-18-at-14.31.26-300x200.jpeg 300w, https:\/\/www.radiopiu.net\/wordpress\/wp-content\/uploads\/2023\/01\/WhatsApp-Image-2023-01-18-at-14.31.26-1024x682.jpeg 1024w, https:\/\/www.radiopiu.net\/wordpress\/wp-content\/uploads\/2023\/01\/WhatsApp-Image-2023-01-18-at-14.31.26-768x512.jpeg 768w, https:\/\/www.radiopiu.net\/wordpress\/wp-content\/uploads\/2023\/01\/WhatsApp-Image-2023-01-18-at-14.31.26-1536x1023.jpeg 1536w, https:\/\/www.radiopiu.net\/wordpress\/wp-content\/uploads\/2023\/01\/WhatsApp-Image-2023-01-18-at-14.31.26.jpeg 1600w\" sizes=\"auto, (max-width: 300px) 100vw, 300px\" \/><\/a>Indimenticabile quel notiziario, quell&#8217;incredibile errore dovuto a diverse situazioni. In studio ero solo, come sempre. Ma il notiziario a Radio Pi\u00f9, alle 12.30 o alle 12.45 a seconda dei blocchi pubblicitari \u00e8 pur sempre andato in onda. Come? Questo ha dell&#8217;incredibile. Era il periodo caldo, la sera in giro per il nord Italia a seguire l&#8217;Alleghe Hockey, di giorno chiuso in uno studio di produzione. Ma il notiziario alle 12.30 era un rito importante, guai non esserci, guai se non era e, se non \u00e8 interessante. Si chiama colonna della radio, lo sapevo nel 1983, lo riconosco oggi. Quel notiziario, il GR principale delle 12.30 (non ha mai cambiato nome in 22 anni) era di difficile realizzazione, solo in studio con due linee telefoniche aperte. <em>&#8220;Attenzione la metto in diretta, mi raccomando ascolti bene il servizio che precede la sua intervista. Poi una volta al termine sar\u00e0 mia premura introdurla per la messa in onda. Lei stia li&#8217;, fermo, aspetti il mio segnale e non respiri perch\u00e9 avr\u00f2 tutti i microfoni ambientali aperti&#8221;.<\/em> Secondo me era chiaro, il fuori onda era stato preciso almeno per me, ma non per il commendator Bruno Zanetti, al tempo presidente provinciale dell&#8217;Associazione Nazionale Alpini, un gran Presidete e uomo che ha combattuto fino all&#8217;ultimo giorno per i suoi alpini, strenuo difensore della Caserma degli Alpini di Agordo, e quando in tempi non sospetti anticipo&#8217; la possibile chiusura. Ma quella votla&#8230; non mi aveva seguito nel notiziario. Colpa mia, non avevo considerato che alle 12.30 era ritornato a casa da pochi minuti, prima del pranzo, dopo il giro di aperitivi e l&#8217;aperitivo con Zanetti era sempre un gran momento.\u00a0 Il servizio precedente verteva sulla statale del San Pellegrino. In particolare l&#8217;allora Anas aveva sostituito i gardrail metallici con palizzate in legno, ancor oggi visibili. Il mio servizio era secco, polemico senza respiro. Il concetto: <em>&#8220;Come si fa a sostituire una barriera sicura con dei pezzi di legno? Si \u00e8 pensato ai pullman, ai mezzi pesanti, ai camper, alle auto che potrebbero abbattere quella barriera e rotolare per mezzo Passo ove tra l&#8217;altro la pendenza si attesta attorno al 18 per cento?&#8221;<\/em> La boutade per me era chiara. Per il commendator Zanetti no. Finisce il servizio, stacco la prima linea telefonica,\u00a0 ospite\u00a0 Enzo Salton\u00a0 sindaco di Canale d&#8217;Agordo e responsabile del tratto stradale &#8220;incriminato&#8221;. Stacco la linea e su quella rimasta accesa\u00a0 mi propongo a Bruno Zanetti, che nel frattempo aveva ascoltato il servizio sul San Pellegrino. <em>\u00a0&#8220;Commendator Zanetti, parliamo degli alpini agordini, ex penne nere quindi in congedo, partiti per il Piemonte per prestare soccorso alle persone coinvolte nell&#8217;alluvione. Quale il suo pensiero?&#8221;.<\/em> Domanda chiara, liquidabile in poche parole, non pi\u00f9 di 2 minuti. Il taglio giornalistico era perfetto, la domanda chiara, la risposta alluncinante. La ripropongo, la ricordo come fosse ieri. <em>&#8220;Quasi non ci credo &#8211; tuon\u00f2 Zanetti dall&#8217;alto della sua presidenza &#8211; come si permettono i miei uomini di andare in Piemonte e sostiture i gardrail metallici con quelli in legno? E&#8217; una vergogna non possiamo mettere a repentaglio la vita altrui. Siamo li&#8217; per aiutare non per fare danni. Mezzacasa non si preoccupi appena torneranno sar\u00e0 mia cura farli ripartire con un camion colmo di gard rail metallici, rifaranno il lavoro, riporteranno la situazione come prima&#8221;. <\/em>Rimasi totalmente interdetto. Non sapevo come riprendere.\u00a0 <em>&#8220;Presidente, certo. Questo con riferimento a Falcade e al lavoro dell&#8217;Anas che nulla ha di che condividere con i suoi alpini. Le ripongo la domanda, cosa fanno i suoi uomini nel Piemonte alluvionato?&#8221;<\/em> Sconcertante la ripresa, peggio di prima.<em> &#8220;Mezzacasa &#8211; tuon\u00f2 di nuovo Zanetti &#8211; le ho detto che sar\u00e0 mia cura riportare la situazione nella normalit\u00e0, con o senza la presenza degli uomini dell&#8217;Anas&#8221;.<\/em> Non me la sono sentita di continuare, ho chiuso la parte di attualit\u00e0 del notiziario per buttarmi a capofitto nello sport. Per molti giorni ho sentito i commenti su quel notiziario. Io, ad esempio, avevo la registrazione in musicassetta, tutto si registrava in musicassetta in quegli anni. Me la sono tenuta in macchina per qualche anno. Nei momenti tristi mi divertivo tra il play ed il rewind ad ascoltare lo Zanetti show. Ed era un notiziario.<\/p>\n<p><strong>LA RACCOLTA COMPLETA<\/strong><\/p>\n<blockquote class=\"wp-embedded-content\" data-secret=\"gcXFNy8UQs\"><p><a href=\"https:\/\/www.radiopiu.net\/wordpress\/negli-ultimi-10anni\/\">NEGLI ULTIMI 10 ANNI<\/a><\/p><\/blockquote>\n<p><iframe loading=\"lazy\" class=\"wp-embedded-content\" sandbox=\"allow-scripts\" security=\"restricted\" style=\"position: absolute; clip: rect(1px, 1px, 1px, 1px);\" title=\"&#8220;NEGLI ULTIMI 10 ANNI&#8221; &#8212; Radio Pi\u00f9\" src=\"https:\/\/www.radiopiu.net\/wordpress\/negli-ultimi-10anni\/embed\/#?secret=HpS1UA5VSz#?secret=gcXFNy8UQs\" data-secret=\"gcXFNy8UQs\" width=\"600\" height=\"338\" frameborder=\"0\" marginwidth=\"0\" marginheight=\"0\" scrolling=\"no\"><\/iframe><\/p>\n<p>&nbsp;<\/p>\n<hr \/>\n<p>&nbsp;<\/p>\n<h2><span style=\"color: #ff00ff;\">IN VIVO VERSO\u00a0 \u00a0<\/span><\/h2>\n<blockquote>\n<h3>MATTONCINI DI MICHELA EPIFANI<\/h3>\n<\/blockquote>\n<p>AUDIO<\/p>\n<audio class=\"wp-audio-shortcode\" id=\"audio-318902-11\" preload=\"none\" style=\"width: 100%;\" controls=\"controls\"><source type=\"audio\/mpeg\" src=\"https:\/\/www.radiopiu.net\/wordpress\/wp-content\/uploads\/2023\/01\/05-michela-epifanimattoncini.mp3?_=11\" \/><a href=\"https:\/\/www.radiopiu.net\/wordpress\/wp-content\/uploads\/2023\/01\/05-michela-epifanimattoncini.mp3\">https:\/\/www.radiopiu.net\/wordpress\/wp-content\/uploads\/2023\/01\/05-michela-epifanimattoncini.mp3<\/a><\/audio>\n<p>&nbsp;<\/p>\n<p><a class=\"dt-pswp-item\" href=\"https:\/\/www.radiopiu.net\/wordpress\/wp-content\/uploads\/2023\/01\/MICHELA-EPIFANI.jpg\" data-dt-img-description=\"\" data-large_image_width=\"1536\" data-large_image_height=\"1536\"><img loading=\"lazy\" decoding=\"async\" class=\"wp-image-318932 alignleft\" src=\"https:\/\/www.radiopiu.net\/wordpress\/wp-content\/uploads\/2023\/01\/MICHELA-EPIFANI-300x300.jpg\" alt=\"\" width=\"203\" height=\"203\" srcset=\"https:\/\/www.radiopiu.net\/wordpress\/wp-content\/uploads\/2023\/01\/MICHELA-EPIFANI-300x300.jpg 300w, https:\/\/www.radiopiu.net\/wordpress\/wp-content\/uploads\/2023\/01\/MICHELA-EPIFANI-1024x1024.jpg 1024w, https:\/\/www.radiopiu.net\/wordpress\/wp-content\/uploads\/2023\/01\/MICHELA-EPIFANI-150x150.jpg 150w, https:\/\/www.radiopiu.net\/wordpress\/wp-content\/uploads\/2023\/01\/MICHELA-EPIFANI-768x768.jpg 768w, https:\/\/www.radiopiu.net\/wordpress\/wp-content\/uploads\/2023\/01\/MICHELA-EPIFANI.jpg 1536w\" sizes=\"auto, (max-width: 203px) 100vw, 203px\" \/><\/a>Michela Epifani<br \/>\nMATTONCINI<\/p>\n<p>L&#8217;ego ti fa gallo<br \/>\ne l\u2019ego ti fa vittima<\/p>\n<p>mentre cerca d\u00ec comprimere<br \/>\nla forza immensa<br \/>\ndel Tuo Cuore coraggioso<br \/>\nche spinge Potente<br \/>\nper tracciare il solco del tuo<br \/>\nAnimato Destino.<\/p>\n<p>vuole che tu pensi<br \/>\nperch\u00e9 non riesce a credere<br \/>\nche Tu possa scriverne la storia<br \/>\nsenza altro riferimento che il Battito,<br \/>\npasso passo<br \/>\nanche mentre attraversi<br \/>\nla paura<br \/>\nche essa stessa<br \/>\nti \u00e8 stata destinata<br \/>\naffinch\u00e9<br \/>\nla scoperta<br \/>\nsi compia<\/p>\n<p>l\u2019Ego ti fa forza<br \/>\ne te ne toglie<br \/>\nmentre dal Cuore<br \/>\nsgorga quella Vera<\/p>\n<div dir=\"auto\">\n<div dir=\"auto\">\n<div dir=\"auto\">\n<p><strong>LA RACCOLTA COMPLETA<\/strong><\/p>\n<blockquote class=\"wp-embedded-content\" data-secret=\"GrjJJvrmJq\"><p><a href=\"https:\/\/www.radiopiu.net\/wordpress\/in-vivo-verso\/\">In Vivo Verso<\/a><\/p><\/blockquote>\n<p><iframe loading=\"lazy\" class=\"wp-embedded-content\" sandbox=\"allow-scripts\" security=\"restricted\" style=\"position: absolute; clip: rect(1px, 1px, 1px, 1px);\" title=\"&#8220;In Vivo Verso&#8221; &#8212; Radio Pi\u00f9\" src=\"https:\/\/www.radiopiu.net\/wordpress\/in-vivo-verso\/embed\/#?secret=iz0FRYLfEW#?secret=GrjJJvrmJq\" data-secret=\"GrjJJvrmJq\" width=\"600\" height=\"338\" frameborder=\"0\" marginwidth=\"0\" marginheight=\"0\" scrolling=\"no\"><\/iframe><\/p>\n<\/div>\n<\/div>\n<\/div>\n<hr \/>\n<p>&nbsp;<\/p>\n<blockquote>\n<h3>GOCCE DI FILOSOFIA \u2013 PUNTATA 235 \u2013 LISA DE LUCA, TERZA STAGIONE<\/h3>\n<\/blockquote>\n<audio class=\"wp-audio-shortcode\" id=\"audio-318902-12\" preload=\"none\" style=\"width: 100%;\" controls=\"controls\"><source type=\"audio\/mpeg\" src=\"https:\/\/www.radiopiu.net\/wordpress\/wp-content\/uploads\/2023\/01\/FI5-3.mp3?_=12\" \/><a href=\"https:\/\/www.radiopiu.net\/wordpress\/wp-content\/uploads\/2023\/01\/FI5-3.mp3\">https:\/\/www.radiopiu.net\/wordpress\/wp-content\/uploads\/2023\/01\/FI5-3.mp3<\/a><\/audio>\n<p>&nbsp;<\/p>\n<p>LA RACCOLTA COMPLETA<\/p>\n<blockquote class=\"wp-embedded-content\" data-secret=\"dS1666INCV\"><p><a href=\"https:\/\/www.radiopiu.net\/wordpress\/gocce-filosofia\/\">Gocce di filosofia,  LA TERZA STAGIONE&#8230; 2023<\/a><\/p><\/blockquote>\n<p><iframe loading=\"lazy\" class=\"wp-embedded-content\" sandbox=\"allow-scripts\" security=\"restricted\" style=\"position: absolute; clip: rect(1px, 1px, 1px, 1px);\" title=\"&#8220;Gocce di filosofia,  LA TERZA STAGIONE&#8230; 2023&#8221; &#8212; Radio Pi\u00f9\" src=\"https:\/\/www.radiopiu.net\/wordpress\/gocce-filosofia\/embed\/#?secret=nUcO7jLweE#?secret=dS1666INCV\" data-secret=\"dS1666INCV\" width=\"600\" height=\"338\" frameborder=\"0\" marginwidth=\"0\" marginheight=\"0\" scrolling=\"no\"><\/iframe><\/p>\n<p>&nbsp;<\/p>\n<p>&nbsp;<\/p>\n<hr \/>\n<p>&nbsp;<\/p>\n<div class=\"column\">\n<p><img loading=\"lazy\" decoding=\"async\" class=\"aligncenter wp-image-61954 size-full\" src=\"https:\/\/www.radiopiu.net\/wordpress\/wp-content\/uploads\/2018\/09\/viabilita.jpeg\" sizes=\"auto, (max-width: 800px) 100vw, 800px\" srcset=\"https:\/\/www.radiopiu.net\/wordpress\/wp-content\/uploads\/2018\/09\/viabilita.jpeg 800w, https:\/\/www.radiopiu.net\/wordpress\/wp-content\/uploads\/2018\/09\/viabilita-300x38.jpeg 300w, https:\/\/www.radiopiu.net\/wordpress\/wp-content\/uploads\/2018\/09\/viabilita-768x96.jpeg 768w\" alt=\"\" width=\"800\" height=\"100\" \/><\/p>\n<p>&nbsp;<\/p>\n<p>&nbsp;<\/p>\n<p><strong>AGGIORNAMENTO VENETO STRADE, AGGIORNAMENTO CONTINUO H 24<\/strong><\/p>\n<blockquote class=\"wp-embedded-content\" data-secret=\"6N7Oz6cXUi\"><p><a href=\"https:\/\/www.radiopiu.net\/wordpress\/viabilita\/\">viabilita<\/a><\/p><\/blockquote>\n<p><iframe loading=\"lazy\" class=\"wp-embedded-content\" sandbox=\"allow-scripts\" security=\"restricted\" style=\"position: absolute; clip: rect(1px, 1px, 1px, 1px);\" title=\"&#8220;viabilita&#8221; &#8212; Radio Pi\u00f9\" src=\"https:\/\/www.radiopiu.net\/wordpress\/viabilita\/embed\/#?secret=C5x5nPeq10#?secret=6N7Oz6cXUi\" data-secret=\"6N7Oz6cXUi\" width=\"600\" height=\"338\" frameborder=\"0\" marginwidth=\"0\" marginheight=\"0\" scrolling=\"no\"><\/iframe><\/p>\n<p>&nbsp;<\/p>\n<hr \/>\n<p>&nbsp;<\/p>\n<p><a class=\"dt-pswp-item\" href=\"https:\/\/www.radiopiu.net\/wordpress\/wp-content\/uploads\/2018\/09\/WhatsApp-Image-2018-09-20-at-16.04.06.jpeg\" data-dt-img-description=\"\" data-large_image_width=\"800\" data-large_image_height=\"100\"><img loading=\"lazy\" decoding=\"async\" class=\"wp-image-61378 size-full aligncenter\" src=\"https:\/\/www.radiopiu.net\/wordpress\/wp-content\/uploads\/2018\/09\/WhatsApp-Image-2018-09-20-at-16.04.06.jpeg\" alt=\"\" width=\"800\" height=\"100\" srcset=\"https:\/\/www.radiopiu.net\/wordpress\/wp-content\/uploads\/2018\/09\/WhatsApp-Image-2018-09-20-at-16.04.06.jpeg 800w, https:\/\/www.radiopiu.net\/wordpress\/wp-content\/uploads\/2018\/09\/WhatsApp-Image-2018-09-20-at-16.04.06-300x38.jpeg 300w, https:\/\/www.radiopiu.net\/wordpress\/wp-content\/uploads\/2018\/09\/WhatsApp-Image-2018-09-20-at-16.04.06-768x96.jpeg 768w\" sizes=\"auto, (max-width: 800px) 100vw, 800px\" \/><\/a><\/p>\n<p><center><\/center>&nbsp;<\/p>\n<p><center><\/center><center><\/center><center><\/center><center><b>OGGI<\/b><\/center><b>Tempo atteso: <\/b>Nuvolosit\u00e0 medio-alta irregolare solo a tratti estesa con cielo da poco a parzialmente nuvoloso. Dal pomeriggio tendenza a schiarite via via pi\u00f9 ampie con cielo sempre pi\u00f9 sereno.<br \/>\n<b>Precipitazioni: <\/b>Assenti (0%).<br \/>\n<b>Temperature: <\/b>Minime in rialzo nelle valli e senza notevoli variazioni in quota; massime in lieve aumento.<\/p>\n<hr \/>\n<p><center><b>DOMANI<\/b><\/center><b>Tempo atteso: <\/b>Cielo sereno, aria tersa e ottima visibilit\u00e0. Lieve insidia nebbia nelle ore pi\u00f9 fredde in alcune conche e depressioni prealpine. Verso sera arrivo di nubi alte provenienti da nord.<br \/>\n<b>Precipitazioni: <\/b>Assenti (0%)<br \/>\n<b>Temperature: <\/b>Temperature in generale lieve rialzo in quota e in diminuzione nelle valli.<\/p>\n<hr \/>\n<p><center><b>LUNEDI<\/b><\/center>Al mattino sole e cielo sereno, eventuali nebbie nelle conche prealpine durante le ore pi\u00f9 fredde. Al pomeriggio aumento della nuvolosit\u00e0, assieme al rischio di neve burrascosa in quota sulle Dolomiti centro-settentrionali, altrove minore riduzione del soleggiamento e parziale nuvolosit\u00e0 alta. Temperature in sensibile rialzo, anche per Foehn nelle valli alla sera.<\/p>\n<hr \/>\n<p><center><b>MARTEDI<\/b><\/center>Tempo stabile con cielo sereno o poco nuvoloso. Temperature stazionarie in quota, in possibile aumento a fondovalle.<\/p>\n<p>&nbsp;<\/p>\n<div>\n<hr \/>\n<\/div>\n<p>&nbsp;<\/p>\n<p>&nbsp;<\/p>\n<p><a class=\"dt-pswp-item\" href=\"https:\/\/www.radiopiu.net\/wordpress\/wp-content\/uploads\/2018\/09\/sport.jpg\" data-dt-img-description=\"\" data-large_image_width=\"800\" data-large_image_height=\"100\"><img loading=\"lazy\" decoding=\"async\" class=\"aligncenter wp-image-60761 size-full\" src=\"https:\/\/www.radiopiu.net\/wordpress\/wp-content\/uploads\/2018\/09\/sport.jpg\" alt=\"\" width=\"800\" height=\"100\" srcset=\"https:\/\/www.radiopiu.net\/wordpress\/wp-content\/uploads\/2018\/09\/sport.jpg 800w, https:\/\/www.radiopiu.net\/wordpress\/wp-content\/uploads\/2018\/09\/sport-300x38.jpg 300w, https:\/\/www.radiopiu.net\/wordpress\/wp-content\/uploads\/2018\/09\/sport-768x96.jpg 768w\" sizes=\"auto, (max-width: 800px) 100vw, 800px\" \/><\/a><\/p>\n<p>&nbsp;<\/p>\n<p><span style=\"color: #0000ff;\"><strong>CALCIO<\/strong><\/span><\/p>\n<blockquote>\n<h3>AGORDINA A PONTE NELLE ALPI ALLA RICERCA DI PUNTI<\/h3>\n<\/blockquote>\n<p><strong><a class=\"dt-pswp-item\" href=\"https:\/\/www.radiopiu.net\/wordpress\/wp-content\/uploads\/2022\/11\/CALCIO-2022.jpg\" data-dt-img-description=\"\" data-large_image_width=\"1920\" data-large_image_height=\"1280\"><img loading=\"lazy\" decoding=\"async\" class=\" wp-image-305390 alignleft\" src=\"https:\/\/www.radiopiu.net\/wordpress\/wp-content\/uploads\/2022\/11\/CALCIO-2022-300x200.jpg\" alt=\"\" width=\"180\" height=\"120\" srcset=\"https:\/\/www.radiopiu.net\/wordpress\/wp-content\/uploads\/2022\/11\/CALCIO-2022-300x200.jpg 300w, https:\/\/www.radiopiu.net\/wordpress\/wp-content\/uploads\/2022\/11\/CALCIO-2022-1024x683.jpg 1024w, https:\/\/www.radiopiu.net\/wordpress\/wp-content\/uploads\/2022\/11\/CALCIO-2022-768x512.jpg 768w, https:\/\/www.radiopiu.net\/wordpress\/wp-content\/uploads\/2022\/11\/CALCIO-2022-1536x1024.jpg 1536w, https:\/\/www.radiopiu.net\/wordpress\/wp-content\/uploads\/2022\/11\/CALCIO-2022.jpg 1920w\" sizes=\"auto, (max-width: 180px) 100vw, 180px\" \/><\/a>di Marco Gaz<\/strong><\/p>\n<p><strong>REDAZIONE<\/strong> Sono due le squadre dell&#8217;Agordina impegnate nei campionati regionali LND. Domani le due partite in programma. Alle 10:30 sar\u00e0 il turno degli Allievi allenati da Renato Orzetti che giocheranno in trasferta contro il Ponte Nelle Alpi. I giovani agordini non stanno passando un buon momento in campionato, sono ultimi in classifica con un solo punto. Nel pomeriggio alle 14:30 scende in campo la prima squadra di Marco Lorenzi. Agordina che gioca la partita di Seconda Categoria girone T del Veneto in trasferta contro il Ponte Nelle Alpi. Agordin alla ricerca di punti importanti per raggiungere il prima possibile la zona salvezza. Radio Pi\u00f9 seguir\u00e0 in diretta il match all&#8217;interno di &#8220;Domenica Pi\u00f9 Sport&#8221;<\/p>\n<p>&nbsp;<\/p>\n<p>&nbsp;<\/p>\n<hr \/>\n<p>&nbsp;<\/p>\n<p><span style=\"color: #0000ff;\"><strong>SNOWBOARD<\/strong><\/span><\/p>\n<blockquote>\n<h3 class=\"entry-title\">UN DECIMO POSTO PER LA DALMASSO NELLA SECONDA GIORNATA DI GARE IN CANADA<\/h3>\n<\/blockquote>\n<p><strong class=\"photoswipe-wrapper\"><a class=\"dt-pswp-item pspw-wrap-ready\" href=\"https:\/\/www.radiopiu.net\/wordpress\/wp-content\/uploads\/2023\/01\/DC300CFB-88B5-4CB3-8111-60F7B4CD3248.jpeg\" data-dt-img-description=\"\" data-large_image_width=\"1125\" data-large_image_height=\"737\"><img loading=\"lazy\" decoding=\"async\" class=\" wp-image-319039 alignleft\" src=\"https:\/\/www.radiopiu.net\/wordpress\/wp-content\/uploads\/2023\/01\/DC300CFB-88B5-4CB3-8111-60F7B4CD3248-300x197.jpeg\" sizes=\"auto, (max-width: 300px) 100vw, 300px\" srcset=\"https:\/\/www.radiopiu.net\/wordpress\/wp-content\/uploads\/2023\/01\/DC300CFB-88B5-4CB3-8111-60F7B4CD3248-300x197.jpeg 300w, https:\/\/www.radiopiu.net\/wordpress\/wp-content\/uploads\/2023\/01\/DC300CFB-88B5-4CB3-8111-60F7B4CD3248-1024x671.jpeg 1024w, https:\/\/www.radiopiu.net\/wordpress\/wp-content\/uploads\/2023\/01\/DC300CFB-88B5-4CB3-8111-60F7B4CD3248-768x503.jpeg 768w, https:\/\/www.radiopiu.net\/wordpress\/wp-content\/uploads\/2023\/01\/DC300CFB-88B5-4CB3-8111-60F7B4CD3248.jpeg 1125w\" alt=\"\" width=\"174\" height=\"114\" \/><\/a>Di Marco Gaz<\/strong><\/p>\n<p><strong>REDAZIONE\u00a0<\/strong>Dopo il secondo posto di gioved\u00ec, Lucia Dalmasso si \u00e8 arresa agli ottavi di finale nella seconda giornata di gare a Blue Mountain in Canada. La falcadina chiude la trasferta canadese con un decimo posto assoluto. Solo 24 ore prima l\u2019atleta delle Fiamme Gialle aveva ottenuto il miglior risultato della carriera in Coppa del Mondo riuscendo a raggiungere la finalissima del gigante parallelo. Solo una caduta ha condizionato la finale di Lucia. Tutto sommato un ottimo fine settimana per la Dalmasso<\/p>\n<p>&nbsp;<\/p>\n<p>&nbsp;<\/p>\n<hr \/>\n<p>&nbsp;<\/p>\n<p><span style=\"color: #0000ff;\"><strong>SKIALP<\/strong><\/span><\/p>\n<blockquote>\n<h3 class=\"entry-title\">MARTINA SCOLA QUINTA AGLI EYOF DI SKIALP<\/h3>\n<\/blockquote>\n<p><strong class=\"photoswipe-wrapper\"><a class=\"dt-pswp-item pspw-wrap-ready\" href=\"https:\/\/www.radiopiu.net\/wordpress\/wp-content\/uploads\/2023\/01\/5B6371C2-F21E-46C6-A29D-CB5A0770C11B.jpeg\" data-dt-img-description=\"\" data-large_image_width=\"1125\" data-large_image_height=\"743\"><img loading=\"lazy\" decoding=\"async\" class=\" wp-image-318953 alignleft\" src=\"https:\/\/www.radiopiu.net\/wordpress\/wp-content\/uploads\/2023\/01\/5B6371C2-F21E-46C6-A29D-CB5A0770C11B-300x198.jpeg\" sizes=\"auto, (max-width: 300px) 100vw, 300px\" srcset=\"https:\/\/www.radiopiu.net\/wordpress\/wp-content\/uploads\/2023\/01\/5B6371C2-F21E-46C6-A29D-CB5A0770C11B-300x198.jpeg 300w, https:\/\/www.radiopiu.net\/wordpress\/wp-content\/uploads\/2023\/01\/5B6371C2-F21E-46C6-A29D-CB5A0770C11B-1024x676.jpeg 1024w, https:\/\/www.radiopiu.net\/wordpress\/wp-content\/uploads\/2023\/01\/5B6371C2-F21E-46C6-A29D-CB5A0770C11B-768x507.jpeg 768w, https:\/\/www.radiopiu.net\/wordpress\/wp-content\/uploads\/2023\/01\/5B6371C2-F21E-46C6-A29D-CB5A0770C11B.jpeg 1125w\" alt=\"\" width=\"147\" height=\"97\" \/><\/a>FORNI DI SOPRA (UD)\u00a0<\/strong>Si \u00e8 concluso il programma degli Eyof per quanto riguarda lo sci alpinismo. Di scena l\u2019Individuale che ha visto una grande prestazione per Martina Scola: l\u2019agordina dello Sci Nordico Marmolada ha chiuso al 5. posto la propria fatica in una giornata che ha visto l\u2019Italia conquistare il bronzo con la lombarda Melissa Bertolina. (Fonte: Fisi Veneto)<\/p>\n<p>&nbsp;<\/p>\n<p>&nbsp;<\/p>\n<blockquote>\n<h3>AL VIA IL 24ESIMO MONTURA TROFEO SKI ALP 4 VALLI, SI STANNO SUPERANDO I 250 ISCRITTI<\/h3>\n<\/blockquote>\n<p><a class=\"dt-pswp-item\" href=\"https:\/\/www.radiopiu.net\/wordpress\/wp-content\/uploads\/2023\/01\/PARTENZA-CASTELIR-scaled.jpg\" data-dt-img-description=\"\" data-large_image_width=\"2560\" data-large_image_height=\"1707\"><img loading=\"lazy\" decoding=\"async\" class=\" wp-image-318984 alignleft\" src=\"https:\/\/www.radiopiu.net\/wordpress\/wp-content\/uploads\/2023\/01\/PARTENZA-CASTELIR-300x200.jpg\" alt=\"\" width=\"170\" height=\"113\" srcset=\"https:\/\/www.radiopiu.net\/wordpress\/wp-content\/uploads\/2023\/01\/PARTENZA-CASTELIR-300x200.jpg 300w, https:\/\/www.radiopiu.net\/wordpress\/wp-content\/uploads\/2023\/01\/PARTENZA-CASTELIR-1024x683.jpg 1024w, https:\/\/www.radiopiu.net\/wordpress\/wp-content\/uploads\/2023\/01\/PARTENZA-CASTELIR-768x512.jpg 768w, https:\/\/www.radiopiu.net\/wordpress\/wp-content\/uploads\/2023\/01\/PARTENZA-CASTELIR-1536x1024.jpg 1536w, https:\/\/www.radiopiu.net\/wordpress\/wp-content\/uploads\/2023\/01\/PARTENZA-CASTELIR-2048x1365.jpg 2048w\" sizes=\"auto, (max-width: 170px) 100vw, 170px\" \/><\/a>Manca una sola settimana all\u2019avvio della 24\u2019 edizione del Montura Trofeo Ski Alp 4 Valli, il circuito trentino\/veneto di scialpinismo in notturna pi\u00f9 longevo d\u2019Italia che si snoda tra le quattro Valli di Fiemme, Fassa, Biois e Primiero. Dopo due anni di sospensione causa Covid, il ritorno del Trofeo Ski Alp 4 Valli \u00e8 stato accolto con grande entusiasmo dagli appassionati di sci alpinismo che hanno risposto con grande partecipazione iscrivendosi numerosi all\u2019intero circuito tanto che in queste ore si stanno superando i 250 iscritti, di cui, dato per noi molto importante che segna un ritorno alle origini, quasi 100 escursionisti. Particolarmente festaiola sar\u00e0 sicuramente la finalissima del 3 marzo a Falcade Caverson che oltre a festeggiare la 25\u2019 edizione della Molino Caverson propone anche la partecipazione con la formula SKI ALP A LA VECIA, in cui si invita tutti a partecipare vestiti con l\u2019abbigliamento e attrezzatura storica di sci alpinismo. Per il vestito folkloristico\/storico pi\u00f9 bello ci sar\u00e0 un simpatico premio e poi tutti in voliera a ballare e fare festa. Le iscrizioni fino al 2 febbraio ad ore 23.00 si possono fare SOLO ONLINE sul sito www.keepsporting.com dove sono riportate tutte le informazioni relative alla possibilit\u00e0 di iscrizione cumulativa a tutte le 4 prove oppure iscriversi singolarmente alla singola gara e relativo Regolamento.<\/p>\n<p>&nbsp;<\/p>\n<p>&nbsp;<\/p>\n<hr \/>\n<p>&nbsp;<\/p>\n<p><span style=\"color: #0000ff;\"><strong>HOCKEY SU GHIACCIO<\/strong><\/span><\/p>\n<blockquote>\n<h3>L&#8217;ALLEGHE OSPITA IL COMO PER LA QUINTA GIORNATA DI QUALIFICATION ROUND IHL<\/h3>\n<\/blockquote>\n<p><strong><a class=\"dt-pswp-item\" href=\"https:\/\/www.radiopiu.net\/wordpress\/wp-content\/uploads\/2019\/08\/logo-alleghe-hockey.png\" data-dt-img-description=\"\" data-large_image_width=\"547\" data-large_image_height=\"512\"><img loading=\"lazy\" decoding=\"async\" class=\" wp-image-95699 alignleft\" src=\"https:\/\/www.radiopiu.net\/wordpress\/wp-content\/uploads\/2019\/08\/logo-alleghe-hockey-300x281.png\" alt=\"\" width=\"162\" height=\"152\" srcset=\"https:\/\/www.radiopiu.net\/wordpress\/wp-content\/uploads\/2019\/08\/logo-alleghe-hockey-300x281.png 300w, https:\/\/www.radiopiu.net\/wordpress\/wp-content\/uploads\/2019\/08\/logo-alleghe-hockey.png 547w\" sizes=\"auto, (max-width: 162px) 100vw, 162px\" \/><\/a>di Roberto Miana, portavoce dell&#8217;Alleghe Hockey<\/strong><\/p>\n<p>Quinta giornata di Qualification Round del campionato IHL 2022\/2023. Sabato 28 gennaio alle 20:30 le Civette ospitano il Como al &#8220;De Toni &#8220;di Alleghe.<br \/>\nDopo la pausa per la disputa della final four di Coppa Italia vinta dal Varese, i ragazzi di coach Fontana tornano sul ghiaccio di casa per affrontare il Como. Nell\u2019ultimo turno i Biancorossi sono stati sconfitti al Cotta Morandini di Torre Pellice 7-2 dai padroni di casa del Valpellice. La gara, nonostante il risultato, ha ancora una volta mostrato il grande impegno profuso sul ghiaccio dai nostri ragazzi che hanno dovuto affrontare la lunga trasferta piemontese con il roster ridotto ai minimi termini. La partita contro i lariani dovrebbe vedere il ritorno sul ghiaccio di quasi tutti i giocatori biancorossi che avevano accusato inconvenienti fisici. L\u2019unica eccezione riguarda Riccardo Dall\u2019Osbel che, dalle ultime notizie che giungono dagli uffici di via Lungolago, potrebbe aver finito anticipatamente la stagione a causa di un problema alla spalla. Il Como, dal canto suo, nella giornata infrasettimanale nella quale le Civette hanno osservato il turno di riposo, ha battuto in rimonta sulle rive del Lario proprio il Valpellice, in una gara che ha visto lo statunitense Nicholas Dinicola mattatore della serata con due marcature decisive. Da tenere in debita considerazione nelle file biancobl\u00f9 anche l&#8217;altro americano Chase Harwell e il giovane comasco Lorenzo Vola, autori fin qui di un ottimo campionato. Dalla stagione 2013\/2014, da quando Alleghe e Como si affrontano nel campionato di serie B di hockey su ghiaccio (IHL), le Civette hanno incrociato le stecche con i Lariani 26 volte. Il bilancio \u00e8 di 18 vittorie Alleghesi e 8 Comasche. L&#8217;ultima gara tra le due squadre disputata sotto al Civetta, il 17 dicembre 2022 in Regular Season, ha visto il successo degli ospiti 3-2. Conteggiando le reti totali segnate in questa sfida l\u2019Alleghe ha messo a referto 102 reti contro 70 del Como.<\/p>\n<p><strong>ALLEGHE &#8211; COMO <\/strong>Sabato 28 gennaio ore 20:30, Palaghiaccio &#8220;Alvise De Toni&#8221; di Alleghe (BL). Arbitri: Cristiano Biacoli e Luca Zatta con giudici di linea Thomas Formaioni e Alberto Plancher. Collegamenti in DIRETTA RADIOFONICA su Radio Pi\u00f9 (www.radiopiu.net) con \u201cHockey al punto giusto\u201d, in studio Marco Gaz e dal &#8220;De Toni&#8221; interventi di Federico Paganin<\/p>\n<p>&nbsp;<\/p>\n<blockquote>\n<h3>L&#8217;ITALIA A BOLZANO PER IL TORNEO DEDICATO ALLA MEMORIA DI MICHELE BOLOGNINI<\/h3>\n<\/blockquote>\n<p><strong><a class=\"dt-pswp-item\" href=\"https:\/\/www.radiopiu.net\/wordpress\/wp-content\/uploads\/2023\/01\/a930bbcb-7b3c-d9d4-98f5-97cb58b9229e.jpg\" data-dt-img-description=\"\" data-large_image_width=\"1920\" data-large_image_height=\"1080\"><img loading=\"lazy\" decoding=\"async\" class=\" wp-image-318977 alignleft\" src=\"https:\/\/www.radiopiu.net\/wordpress\/wp-content\/uploads\/2023\/01\/a930bbcb-7b3c-d9d4-98f5-97cb58b9229e-300x169.jpg\" alt=\"\" width=\"186\" height=\"105\" srcset=\"https:\/\/www.radiopiu.net\/wordpress\/wp-content\/uploads\/2023\/01\/a930bbcb-7b3c-d9d4-98f5-97cb58b9229e-300x169.jpg 300w, https:\/\/www.radiopiu.net\/wordpress\/wp-content\/uploads\/2023\/01\/a930bbcb-7b3c-d9d4-98f5-97cb58b9229e-1024x576.jpg 1024w, https:\/\/www.radiopiu.net\/wordpress\/wp-content\/uploads\/2023\/01\/a930bbcb-7b3c-d9d4-98f5-97cb58b9229e-768x432.jpg 768w, https:\/\/www.radiopiu.net\/wordpress\/wp-content\/uploads\/2023\/01\/a930bbcb-7b3c-d9d4-98f5-97cb58b9229e-1536x864.jpg 1536w, https:\/\/www.radiopiu.net\/wordpress\/wp-content\/uploads\/2023\/01\/a930bbcb-7b3c-d9d4-98f5-97cb58b9229e.jpg 1920w\" sizes=\"auto, (max-width: 186px) 100vw, 186px\" \/><\/a>BOLZANO <\/strong>La Nazionale italiana di hockey su ghiaccio torna davanti al proprio pubblico. Per la pausa internazionale di febbraio, la Federazione Italiana Sport del Ghiaccio ha infatti organizzato presso la Sparkasse Arena (ex Palaonda) di Bolzano il Torneo 4 Nazioni \u201cMichele Bolognini\u201d. Alla competizione, che si terr\u00e0 dal 9 all\u201911 febbraio 2023, prenderanno parte, insieme all\u2019Italia, anche Corea del Sud, Slovenia e Ungheria. La FISG ha quindi deciso di dedicare il torneo proprio alla memoria di Michele Bolognini, giornalista bolzanino venuto a mancare nei primi mesi del 2022, che nella sua lunga carriera ha saputo raccontare l\u2019hockey tramite la carta stampata, la radio e la televisione, e che ha rivestito anche il ruolo di responsabile stampa delle squadre Nazionali di hockey.<\/p>\n<p>&nbsp;<\/p>\n<p>&nbsp;<\/p>\n<hr \/>\n<p>&nbsp;<\/p>\n<p><span style=\"color: #0000ff;\"><strong>MOTORI<\/strong><\/span><\/p>\n<blockquote>\n<h3>L&#8217;ALPE DEL NEVEGAL RADDOPPIA L&#8217;EVENTO TRICOLORE<\/h3>\n<\/blockquote>\n<p><strong>BELLUNO<\/strong><\/p>\n<p>di Roberto Bona<\/p>\n<audio class=\"wp-audio-shortcode\" id=\"audio-318902-13\" preload=\"none\" style=\"width: 100%;\" controls=\"controls\"><source type=\"audio\/mpeg\" src=\"https:\/\/www.radiopiu.net\/wordpress\/wp-content\/uploads\/2023\/01\/NevegalRaddoppiaTricolore.mp3?_=13\" \/><a href=\"https:\/\/www.radiopiu.net\/wordpress\/wp-content\/uploads\/2023\/01\/NevegalRaddoppiaTricolore.mp3\">https:\/\/www.radiopiu.net\/wordpress\/wp-content\/uploads\/2023\/01\/NevegalRaddoppiaTricolore.mp3<\/a><\/audio>\n<p>&nbsp;<\/p>\n\n\t\t\t<style type='text\/css'>\n\t\t\t\t#gallery-6 {\n\t\t\t\t\tmargin: auto;\n\t\t\t\t}\n\t\t\t\t#gallery-6 .gallery-item {\n\t\t\t\t\tfloat: left;\n\t\t\t\t\tmargin-top: 10px;\n\t\t\t\t\ttext-align: center;\n\t\t\t\t\twidth: 33%;\n\t\t\t\t}\n\t\t\t\t#gallery-6 img {\n\t\t\t\t\tborder: 2px solid #cfcfcf;\n\t\t\t\t}\n\t\t\t\t#gallery-6 .gallery-caption {\n\t\t\t\t\tmargin-left: 0;\n\t\t\t\t}\n\t\t\t\t\/* see gallery_shortcode() in wp-includes\/media.php *\/\n\t\t\t<\/style>\n\t\t<div id='gallery-6' class='dt-gallery-container gallery galleryid-318902 gallery-columns-3 gallery-size-medium'><dl class='gallery-item'>\n\t\t\t\t<dt class='gallery-icon landscape'>\n\t\t\t\t\t<a class=\"rollover rollover-zoom dt-pswp-item\" title=\"657f9844-d9ac-4d32-80db-95223a622e27\" data-dt-img-description=\"\" data-large_image_width=\"720\" data-large_image_height=\"540\"href='https:\/\/www.radiopiu.net\/wordpress\/wp-content\/uploads\/2023\/01\/657f9844-d9ac-4d32-80db-95223a622e27.jpg'><img loading=\"lazy\" decoding=\"async\" width=\"300\" height=\"225\" src=\"https:\/\/www.radiopiu.net\/wordpress\/wp-content\/uploads\/2023\/01\/657f9844-d9ac-4d32-80db-95223a622e27-300x225.jpg\" class=\"attachment-medium size-medium\" alt=\"\" srcset=\"https:\/\/www.radiopiu.net\/wordpress\/wp-content\/uploads\/2023\/01\/657f9844-d9ac-4d32-80db-95223a622e27-300x225.jpg 300w, https:\/\/www.radiopiu.net\/wordpress\/wp-content\/uploads\/2023\/01\/657f9844-d9ac-4d32-80db-95223a622e27.jpg 720w\" sizes=\"auto, (max-width: 300px) 100vw, 300px\" \/><\/a>\n\t\t\t\t<\/dt><\/dl><dl class='gallery-item'>\n\t\t\t\t<dt class='gallery-icon landscape'>\n\t\t\t\t\t<a class=\"rollover rollover-zoom dt-pswp-item\" title=\"99de440a-71ab-4409-bcce-cfa57129b167\" data-dt-img-description=\"\" data-large_image_width=\"1600\" data-large_image_height=\"792\"href='https:\/\/www.radiopiu.net\/wordpress\/wp-content\/uploads\/2023\/01\/99de440a-71ab-4409-bcce-cfa57129b167.jpg'><img loading=\"lazy\" decoding=\"async\" width=\"300\" height=\"149\" src=\"https:\/\/www.radiopiu.net\/wordpress\/wp-content\/uploads\/2023\/01\/99de440a-71ab-4409-bcce-cfa57129b167-300x149.jpg\" class=\"attachment-medium size-medium\" alt=\"\" srcset=\"https:\/\/www.radiopiu.net\/wordpress\/wp-content\/uploads\/2023\/01\/99de440a-71ab-4409-bcce-cfa57129b167-300x149.jpg 300w, https:\/\/www.radiopiu.net\/wordpress\/wp-content\/uploads\/2023\/01\/99de440a-71ab-4409-bcce-cfa57129b167-1024x507.jpg 1024w, https:\/\/www.radiopiu.net\/wordpress\/wp-content\/uploads\/2023\/01\/99de440a-71ab-4409-bcce-cfa57129b167-768x380.jpg 768w, https:\/\/www.radiopiu.net\/wordpress\/wp-content\/uploads\/2023\/01\/99de440a-71ab-4409-bcce-cfa57129b167-1536x760.jpg 1536w, https:\/\/www.radiopiu.net\/wordpress\/wp-content\/uploads\/2023\/01\/99de440a-71ab-4409-bcce-cfa57129b167.jpg 1600w\" sizes=\"auto, (max-width: 300px) 100vw, 300px\" \/><\/a>\n\t\t\t\t<\/dt><\/dl><dl class='gallery-item'>\n\t\t\t\t<dt class='gallery-icon landscape'>\n\t\t\t\t\t<a class=\"rollover rollover-zoom dt-pswp-item\" title=\"5c1041e5-3c7a-4e3c-9293-07be5d4af5ce\" data-dt-img-description=\"\" data-large_image_width=\"1600\" data-large_image_height=\"1066\"href='https:\/\/www.radiopiu.net\/wordpress\/wp-content\/uploads\/2023\/01\/5c1041e5-3c7a-4e3c-9293-07be5d4af5ce.jpg'><img loading=\"lazy\" decoding=\"async\" width=\"300\" height=\"200\" src=\"https:\/\/www.radiopiu.net\/wordpress\/wp-content\/uploads\/2023\/01\/5c1041e5-3c7a-4e3c-9293-07be5d4af5ce-300x200.jpg\" class=\"attachment-medium size-medium\" alt=\"\" srcset=\"https:\/\/www.radiopiu.net\/wordpress\/wp-content\/uploads\/2023\/01\/5c1041e5-3c7a-4e3c-9293-07be5d4af5ce-300x200.jpg 300w, https:\/\/www.radiopiu.net\/wordpress\/wp-content\/uploads\/2023\/01\/5c1041e5-3c7a-4e3c-9293-07be5d4af5ce-1024x682.jpg 1024w, https:\/\/www.radiopiu.net\/wordpress\/wp-content\/uploads\/2023\/01\/5c1041e5-3c7a-4e3c-9293-07be5d4af5ce-768x512.jpg 768w, https:\/\/www.radiopiu.net\/wordpress\/wp-content\/uploads\/2023\/01\/5c1041e5-3c7a-4e3c-9293-07be5d4af5ce-1536x1023.jpg 1536w, https:\/\/www.radiopiu.net\/wordpress\/wp-content\/uploads\/2023\/01\/5c1041e5-3c7a-4e3c-9293-07be5d4af5ce.jpg 1600w\" sizes=\"auto, (max-width: 300px) 100vw, 300px\" \/><\/a>\n\t\t\t\t<\/dt><\/dl><br style=\"clear: both\" \/>\n\t\t\t<\/div>\n\n<p>&nbsp;<\/p>\n<\/div>\n","protected":false},"excerpt":{"rendered":"<p>RADIO PIU INFORMAZIONE il canale su TELEGRAM informazione di prima\u00a0 mano e in tempo reale. iscriviti ed aiutaci a farlo conoscere\u00a0 ISCRIVITI AL NOSTRO CANALE YOUTUBE PER SEGUIRE IN DIRETTA I PRINCIPALI PROGRAMMI DI RADIO PIU&#8217; E LE FUTURE DIRETTE IN ESTERNA. PER ISCRIVERTI CLICCA QUI E PREMI IL TASTO &#8220;Iscriviti&#8221;\u00a0 &nbsp; &nbsp; ADDIO A&hellip;<\/p>\n","protected":false},"author":4,"featured_media":319056,"comment_status":"closed","ping_status":"closed","sticky":false,"template":"","format":"standard","meta":{"_monsterinsights_skip_tracking":false,"_monsterinsights_sitenote_active":false,"_monsterinsights_sitenote_note":"","_monsterinsights_sitenote_category":0,"footnotes":""},"categories":[51,86,49],"tags":[],"class_list":["post-318902","post","type-post","status-publish","format-standard","has-post-thumbnail","hentry","category-evidenza-top","category-gr","category-news-18","category-51","category-86","category-49","description-off"],"img_url":"https:\/\/www.radiopiu.net\/wordpress\/wp-content\/uploads\/2023\/01\/Senza-nome-68.jpg","_links":{"self":[{"href":"https:\/\/www.radiopiu.net\/wordpress\/wp-json\/wp\/v2\/posts\/318902","targetHints":{"allow":["GET"]}}],"collection":[{"href":"https:\/\/www.radiopiu.net\/wordpress\/wp-json\/wp\/v2\/posts"}],"about":[{"href":"https:\/\/www.radiopiu.net\/wordpress\/wp-json\/wp\/v2\/types\/post"}],"author":[{"embeddable":true,"href":"https:\/\/www.radiopiu.net\/wordpress\/wp-json\/wp\/v2\/users\/4"}],"replies":[{"embeddable":true,"href":"https:\/\/www.radiopiu.net\/wordpress\/wp-json\/wp\/v2\/comments?post=318902"}],"version-history":[{"count":0,"href":"https:\/\/www.radiopiu.net\/wordpress\/wp-json\/wp\/v2\/posts\/318902\/revisions"}],"wp:featuredmedia":[{"embeddable":true,"href":"https:\/\/www.radiopiu.net\/wordpress\/wp-json\/wp\/v2\/media\/319056"}],"wp:attachment":[{"href":"https:\/\/www.radiopiu.net\/wordpress\/wp-json\/wp\/v2\/media?parent=318902"}],"wp:term":[{"taxonomy":"category","embeddable":true,"href":"https:\/\/www.radiopiu.net\/wordpress\/wp-json\/wp\/v2\/categories?post=318902"},{"taxonomy":"post_tag","embeddable":true,"href":"https:\/\/www.radiopiu.net\/wordpress\/wp-json\/wp\/v2\/tags?post=318902"}],"curies":[{"name":"wp","href":"https:\/\/api.w.org\/{rel}","templated":true}]}}