{"id":318924,"date":"2023-01-27T05:45:24","date_gmt":"2023-01-27T04:45:24","guid":{"rendered":"https:\/\/www.radiopiu.net\/wordpress\/?p=318924"},"modified":"2023-01-27T05:45:24","modified_gmt":"2023-01-27T04:45:24","slug":"due-su-due-il-recidivo-nel-nuovo-personale-parcheggio","status":"publish","type":"post","link":"https:\/\/www.radiopiu.net\/wordpress\/due-su-due-il-recidivo-nel-nuovo-personale-parcheggio\/","title":{"rendered":"DUE SU DUE, IL RECIDIVO NEL &#8220;NUOVO&#8221; PERSONALE PARCHEGGIO"},"content":{"rendered":"<blockquote>\n<h3>DILLO A RADIO PIU&#8217;&#8230;I PARCHEGGI VALCOZZENA, LA STORIA NON CAMBIA<\/h3>\n<\/blockquote>\n<p><strong><a class=\"dt-pswp-item\" href=\"https:\/\/www.radiopiu.net\/wordpress\/wp-content\/uploads\/2023\/01\/Schermata-2023-01-26-alle-20.10.20.png\" data-dt-img-description=\"\" data-large_image_width=\"1310\" data-large_image_height=\"880\"><img loading=\"lazy\" decoding=\"async\" class=\" wp-image-318898 alignleft\" src=\"https:\/\/www.radiopiu.net\/wordpress\/wp-content\/uploads\/2023\/01\/Schermata-2023-01-26-alle-20.10.20-300x202.png\" alt=\"\" width=\"187\" height=\"126\" srcset=\"https:\/\/www.radiopiu.net\/wordpress\/wp-content\/uploads\/2023\/01\/Schermata-2023-01-26-alle-20.10.20-300x202.png 300w, https:\/\/www.radiopiu.net\/wordpress\/wp-content\/uploads\/2023\/01\/Schermata-2023-01-26-alle-20.10.20-1024x688.png 1024w, https:\/\/www.radiopiu.net\/wordpress\/wp-content\/uploads\/2023\/01\/Schermata-2023-01-26-alle-20.10.20-768x516.png 768w, https:\/\/www.radiopiu.net\/wordpress\/wp-content\/uploads\/2023\/01\/Schermata-2023-01-26-alle-20.10.20.png 1310w\" sizes=\"auto, (max-width: 187px) 100vw, 187px\" \/><\/a>REDAZIONE<\/strong> Riceviamo e pubblichiamo l&#8217;ennesima foto da localit\u00e0 Valcozzena dove, nonostante la segnalazione di ieri, si continua a parcheggiare dove capita.<\/p>\n<p><em>Cara Radio Pi\u00f9 anche oggi tornando a casa ho trovato questa auto parcheggiata sulla strada che porta alla frazione di Valcozzena. Ma oggi addirittura in contro mano. E pensare che in questa strada non ci sono accessi ai parcheggi e quindi si suppone che ci sia la volont\u00e0 di parcheggiare proprio cos\u00ec e qui. Di nuovo complimenti!\u00a0<\/em><\/p>\n<p>&nbsp;<\/p>\n<p><strong>IL GIORNO PRIMA\u00a0<\/strong><\/p>\n<blockquote>\n<h3>DILLO A RADIO PIU &#8230;.NUOVI E VECCHI PARCHEGGI IN LOCALITA&#8217; VALCOZZENA<\/h3>\n<\/blockquote>\n<p><strong><a class=\"dt-pswp-item\" href=\"https:\/\/www.radiopiu.net\/wordpress\/wp-content\/uploads\/2023\/01\/Schermata-2023-01-25-alle-19.35.16.png\" data-dt-img-description=\"\" data-large_image_width=\"1184\" data-large_image_height=\"874\"><img loading=\"lazy\" decoding=\"async\" class=\" wp-image-318751 alignleft\" src=\"https:\/\/www.radiopiu.net\/wordpress\/wp-content\/uploads\/2023\/01\/Schermata-2023-01-25-alle-19.35.16-300x221.png\" alt=\"\" width=\"164\" height=\"121\" srcset=\"https:\/\/www.radiopiu.net\/wordpress\/wp-content\/uploads\/2023\/01\/Schermata-2023-01-25-alle-19.35.16-300x221.png 300w, https:\/\/www.radiopiu.net\/wordpress\/wp-content\/uploads\/2023\/01\/Schermata-2023-01-25-alle-19.35.16-1024x756.png 1024w, https:\/\/www.radiopiu.net\/wordpress\/wp-content\/uploads\/2023\/01\/Schermata-2023-01-25-alle-19.35.16-768x567.png 768w, https:\/\/www.radiopiu.net\/wordpress\/wp-content\/uploads\/2023\/01\/Schermata-2023-01-25-alle-19.35.16.png 1184w\" sizes=\"auto, (max-width: 164px) 100vw, 164px\" \/><\/a>REDAZIONE<\/strong> Riceviamo e pubblichiamo una segnalazione che arriva da Valcozzena dove un nostro ascoltatore mette in evidenza il problema parcheggi a ridosso dello stabilimento Luxottica.<\/p>\n<p><em>Cara Radio Pi\u00f9 pensavo che con la nuova viabilit\u00e0 e i parcheggi che indicano la quantit\u00e0 di posti liberi non si sarebbe pi\u00f9 verificato quanto invece si vede nella foto. Sperando che non servano mezzi di soccorso mi sento di ringraziare il signore che, nonostante tutte le nuove infrastrutture, continua a fregarsene e parcheggia tranquillamente ostruendo la carreggiata. Auto gi\u00e0 in sosta alle 14:30&#8230;foto delle 19:15 circa.<\/em><\/p>\n<p>&nbsp;<\/p>\n","protected":false},"excerpt":{"rendered":"<p>DILLO A RADIO PIU&#8217;&#8230;I PARCHEGGI VALCOZZENA, LA STORIA NON CAMBIA REDAZIONE Riceviamo e pubblichiamo l&#8217;ennesima foto da localit\u00e0 Valcozzena dove, nonostante la segnalazione di ieri, si continua a parcheggiare dove capita. Cara Radio Pi\u00f9 anche oggi tornando a casa ho trovato questa auto parcheggiata sulla strada che porta alla frazione di Valcozzena. Ma oggi addirittura&hellip;<\/p>\n","protected":false},"author":4,"featured_media":318898,"comment_status":"closed","ping_status":"closed","sticky":false,"template":"","format":"standard","meta":{"_monsterinsights_skip_tracking":false,"_monsterinsights_sitenote_active":false,"_monsterinsights_sitenote_note":"","_monsterinsights_sitenote_category":0,"footnotes":""},"categories":[104,49],"tags":[],"class_list":["post-318924","post","type-post","status-publish","format-standard","has-post-thumbnail","hentry","category-evidenza_3","category-news-18","category-104","category-49","description-off"],"img_url":"https:\/\/www.radiopiu.net\/wordpress\/wp-content\/uploads\/2023\/01\/Schermata-2023-01-26-alle-20.10.20.png","_links":{"self":[{"href":"https:\/\/www.radiopiu.net\/wordpress\/wp-json\/wp\/v2\/posts\/318924","targetHints":{"allow":["GET"]}}],"collection":[{"href":"https:\/\/www.radiopiu.net\/wordpress\/wp-json\/wp\/v2\/posts"}],"about":[{"href":"https:\/\/www.radiopiu.net\/wordpress\/wp-json\/wp\/v2\/types\/post"}],"author":[{"embeddable":true,"href":"https:\/\/www.radiopiu.net\/wordpress\/wp-json\/wp\/v2\/users\/4"}],"replies":[{"embeddable":true,"href":"https:\/\/www.radiopiu.net\/wordpress\/wp-json\/wp\/v2\/comments?post=318924"}],"version-history":[{"count":0,"href":"https:\/\/www.radiopiu.net\/wordpress\/wp-json\/wp\/v2\/posts\/318924\/revisions"}],"wp:featuredmedia":[{"embeddable":true,"href":"https:\/\/www.radiopiu.net\/wordpress\/wp-json\/wp\/v2\/media\/318898"}],"wp:attachment":[{"href":"https:\/\/www.radiopiu.net\/wordpress\/wp-json\/wp\/v2\/media?parent=318924"}],"wp:term":[{"taxonomy":"category","embeddable":true,"href":"https:\/\/www.radiopiu.net\/wordpress\/wp-json\/wp\/v2\/categories?post=318924"},{"taxonomy":"post_tag","embeddable":true,"href":"https:\/\/www.radiopiu.net\/wordpress\/wp-json\/wp\/v2\/tags?post=318924"}],"curies":[{"name":"wp","href":"https:\/\/api.w.org\/{rel}","templated":true}]}}