{"id":318965,"date":"2023-01-28T05:16:50","date_gmt":"2023-01-28T04:16:50","guid":{"rendered":"https:\/\/www.radiopiu.net\/wordpress\/?p=318965"},"modified":"2023-01-28T05:30:01","modified_gmt":"2023-01-28T04:30:01","slug":"rischio-chiusura-safilo-a-longarone-padrin-dobbiamo-lavorare-per-evitare-questo","status":"publish","type":"post","link":"https:\/\/www.radiopiu.net\/wordpress\/rischio-chiusura-safilo-a-longarone-padrin-dobbiamo-lavorare-per-evitare-questo\/","title":{"rendered":"RISCHIO CHIUSURA SAFILO A LONGARONE. PADRIN: &#8220;DOBBIAMO LAVORARE PER EVITARE QUESTO&#8221;"},"content":{"rendered":"<p><strong><a class=\"dt-pswp-item\" href=\"https:\/\/www.radiopiu.net\/wordpress\/wp-content\/uploads\/2020\/05\/PADRIN-1-scaled.jpg\" data-dt-img-description=\"\" data-large_image_width=\"2560\" data-large_image_height=\"1920\"><img loading=\"lazy\" decoding=\"async\" class=\" wp-image-138417 alignleft\" src=\"https:\/\/www.radiopiu.net\/wordpress\/wp-content\/uploads\/2020\/05\/PADRIN-1-300x225.jpg\" alt=\"\" width=\"175\" height=\"131\" srcset=\"https:\/\/www.radiopiu.net\/wordpress\/wp-content\/uploads\/2020\/05\/PADRIN-1-300x225.jpg 300w, https:\/\/www.radiopiu.net\/wordpress\/wp-content\/uploads\/2020\/05\/PADRIN-1-1024x768.jpg 1024w, https:\/\/www.radiopiu.net\/wordpress\/wp-content\/uploads\/2020\/05\/PADRIN-1-768x576.jpg 768w, https:\/\/www.radiopiu.net\/wordpress\/wp-content\/uploads\/2020\/05\/PADRIN-1-1536x1152.jpg 1536w, https:\/\/www.radiopiu.net\/wordpress\/wp-content\/uploads\/2020\/05\/PADRIN-1-2048x1536.jpg 2048w\" sizes=\"auto, (max-width: 175px) 100vw, 175px\" \/><\/a>BELLUNO <\/strong>\u00abLa grande professionalit\u00e0 dei lavoratori e delle maestranze bellunesi \u00e8 da sempre uno dei punti di forza del nostro territorio. Dovr\u00e0 essere questo lo strumento da poter utilizzare anche in questa nuova crisi che rischia di sconvolgere il manifatturiero\u00bb. \u00c8 quanto afferma il presidente della Provincia di Belluno Roberto Padrin, alla notizia della possibile chiusura dello stabilimento produttivo Safilo di Longarone. \u00abSarebbe un problema non solo per Longarone ma per l\u2019intero territorio provinciale\u00bb sintetizza il presidente. \u00abE dobbiamo lavorare per evitarlo, in questo momento, ognuno nell\u2019ambito delle proprie competenze. Auspico la pi\u00f9 alta unit\u00e0 d\u2019intenti tra categorie, sindacati, territorio e Regione Veneto: come abbiamo gi\u00e0 visto in occasione di altre crisi che hanno interessato stabilimenti bellunesi, \u00e8 questo lo strumento per provare a invertire decisioni calate dall\u2019alto. Con l\u2019assessora regionale Donazzan mi sono gi\u00e0 confrontato pi\u00f9 volte, trovando sempre grande disponibilit\u00e0 al dialogo e altissima professionalit\u00e0 nella struttura da lei creata in Regione. In questo momento dobbiamo puntare all\u2019efficacia massima delle azioni da mettere in campo, dividendo subito il campo in due obiettivi a corto raggio. Il primo deve essere quello di tentare il possibile per salvare lo stabilimento di Longarone, facendo leva sulle competenze dei lavoratori che qui lavorano e anche sui risultati di crescita dell\u2019azienda. Dobbiamo sfruttare anche il minimo spiraglio, coinvolgendo il ministero delle imprese e del Made in Italy, visto che stiamo parlando di un prodotto &#8211; l\u2019occhiale &#8211; emblema del nostro Paese, ambasciatore della moda e dello stile italiano; in questo senso credo che il territorio si farebbe trovare come un fronte compatto, lavoratori e sindacati in testa per difendere lo stabilimento. Il secondo obiettivo, in subordine ovviamente, e da tentare qualora non ci fossero margini per il primo, \u00e8 quello di lavorare per il ricollocamento degli esuberi e salvare i posti di lavoro. Ma andiamo per step e concentriamoci sulla salvaguardia della fabbrica\u00bb.<\/p>\n<p>&nbsp;<\/p>\n<p>&nbsp;<\/p>\n<p>******<\/p>\n","protected":false},"excerpt":{"rendered":"<p>BELLUNO \u00abLa grande professionalit\u00e0 dei lavoratori e delle maestranze bellunesi \u00e8 da sempre uno dei punti di forza del nostro territorio. Dovr\u00e0 essere questo lo strumento da poter utilizzare anche in questa nuova crisi che rischia di sconvolgere il manifatturiero\u00bb. \u00c8 quanto afferma il presidente della Provincia di Belluno Roberto Padrin, alla notizia della possibile&hellip;<\/p>\n","protected":false},"author":4,"featured_media":138417,"comment_status":"closed","ping_status":"closed","sticky":false,"template":"","format":"standard","meta":{"_monsterinsights_skip_tracking":false,"_monsterinsights_sitenote_active":false,"_monsterinsights_sitenote_note":"","_monsterinsights_sitenote_category":0,"footnotes":""},"categories":[51,49],"tags":[],"class_list":["post-318965","post","type-post","status-publish","format-standard","has-post-thumbnail","hentry","category-evidenza-top","category-news-18","category-51","category-49","description-off"],"img_url":"https:\/\/www.radiopiu.net\/wordpress\/wp-content\/uploads\/2020\/05\/PADRIN-1-scaled.jpg","_links":{"self":[{"href":"https:\/\/www.radiopiu.net\/wordpress\/wp-json\/wp\/v2\/posts\/318965","targetHints":{"allow":["GET"]}}],"collection":[{"href":"https:\/\/www.radiopiu.net\/wordpress\/wp-json\/wp\/v2\/posts"}],"about":[{"href":"https:\/\/www.radiopiu.net\/wordpress\/wp-json\/wp\/v2\/types\/post"}],"author":[{"embeddable":true,"href":"https:\/\/www.radiopiu.net\/wordpress\/wp-json\/wp\/v2\/users\/4"}],"replies":[{"embeddable":true,"href":"https:\/\/www.radiopiu.net\/wordpress\/wp-json\/wp\/v2\/comments?post=318965"}],"version-history":[{"count":0,"href":"https:\/\/www.radiopiu.net\/wordpress\/wp-json\/wp\/v2\/posts\/318965\/revisions"}],"wp:featuredmedia":[{"embeddable":true,"href":"https:\/\/www.radiopiu.net\/wordpress\/wp-json\/wp\/v2\/media\/138417"}],"wp:attachment":[{"href":"https:\/\/www.radiopiu.net\/wordpress\/wp-json\/wp\/v2\/media?parent=318965"}],"wp:term":[{"taxonomy":"category","embeddable":true,"href":"https:\/\/www.radiopiu.net\/wordpress\/wp-json\/wp\/v2\/categories?post=318965"},{"taxonomy":"post_tag","embeddable":true,"href":"https:\/\/www.radiopiu.net\/wordpress\/wp-json\/wp\/v2\/tags?post=318965"}],"curies":[{"name":"wp","href":"https:\/\/api.w.org\/{rel}","templated":true}]}}