{"id":319016,"date":"2023-01-27T23:59:02","date_gmt":"2023-01-27T22:59:02","guid":{"rendered":"https:\/\/www.radiopiu.net\/wordpress\/?p=319016"},"modified":"2023-01-27T17:19:33","modified_gmt":"2023-01-27T16:19:33","slug":"agordina-a-ponte-nelle-alpi-alla-ricerca-di-punti","status":"publish","type":"post","link":"https:\/\/www.radiopiu.net\/wordpress\/agordina-a-ponte-nelle-alpi-alla-ricerca-di-punti\/","title":{"rendered":"AGORDINA A PONTE NELLE ALPI ALLA RICERCA DI PUNTI"},"content":{"rendered":"<p><strong><a class=\"dt-pswp-item\" href=\"https:\/\/www.radiopiu.net\/wordpress\/wp-content\/uploads\/2022\/11\/CALCIO-2022.jpg\" data-dt-img-description=\"\" data-large_image_width=\"1920\" data-large_image_height=\"1280\"><img loading=\"lazy\" decoding=\"async\" class=\" wp-image-305390 alignleft\" src=\"https:\/\/www.radiopiu.net\/wordpress\/wp-content\/uploads\/2022\/11\/CALCIO-2022-300x200.jpg\" alt=\"\" width=\"180\" height=\"120\" srcset=\"https:\/\/www.radiopiu.net\/wordpress\/wp-content\/uploads\/2022\/11\/CALCIO-2022-300x200.jpg 300w, https:\/\/www.radiopiu.net\/wordpress\/wp-content\/uploads\/2022\/11\/CALCIO-2022-1024x683.jpg 1024w, https:\/\/www.radiopiu.net\/wordpress\/wp-content\/uploads\/2022\/11\/CALCIO-2022-768x512.jpg 768w, https:\/\/www.radiopiu.net\/wordpress\/wp-content\/uploads\/2022\/11\/CALCIO-2022-1536x1024.jpg 1536w, https:\/\/www.radiopiu.net\/wordpress\/wp-content\/uploads\/2022\/11\/CALCIO-2022.jpg 1920w\" sizes=\"auto, (max-width: 180px) 100vw, 180px\" \/><\/a>di Marco Gaz<\/strong><\/p>\n<p><strong>REDAZIONE<\/strong> Sono due le squadre dell&#8217;Agordina impegnate nei campionati regionali LND. Domani le due partite in programma. Alle 10:30 sar\u00e0 il turno degli Allievi allenati da Renato Orzetti che giocheranno in trasferta contro il Ponte Nelle Alpi. I giovani agordini non stanno passando un buon momento in campionato, sono ultimi in classifica con un solo punto. Nel pomeriggio alle 14:30 scende in campo la prima squadra di Marco Lorenzi. Agordina che gioca la partita di Seconda Categoria girone T del Veneto in trasferta contro il Ponte Nelle Alpi. Agordin alla ricerca di punti importanti per raggiungere il prima possibile la zona salvezza. Radio Pi\u00f9 seguir\u00e0 in diretta il match all&#8217;interno di &#8220;Domenica Pi\u00f9 Sport&#8221;<\/p>\n<p>&nbsp;<\/p>\n<p>&nbsp;<\/p>\n<p>******<\/p>\n","protected":false},"excerpt":{"rendered":"<p>di Marco Gaz REDAZIONE Sono due le squadre dell&#8217;Agordina impegnate nei campionati regionali LND. Domani le due partite in programma. Alle 10:30 sar\u00e0 il turno degli Allievi allenati da Renato Orzetti che giocheranno in trasferta contro il Ponte Nelle Alpi. I giovani agordini non stanno passando un buon momento in campionato, sono ultimi in classifica&hellip;<\/p>\n","protected":false},"author":4,"featured_media":305390,"comment_status":"closed","ping_status":"closed","sticky":false,"template":"","format":"standard","meta":{"_monsterinsights_skip_tracking":false,"_monsterinsights_sitenote_active":false,"_monsterinsights_sitenote_note":"","_monsterinsights_sitenote_category":0,"footnotes":""},"categories":[49],"tags":[],"class_list":["post-319016","post","type-post","status-publish","format-standard","has-post-thumbnail","hentry","category-news-18","category-49","description-off"],"img_url":"https:\/\/www.radiopiu.net\/wordpress\/wp-content\/uploads\/2022\/11\/CALCIO-2022.jpg","_links":{"self":[{"href":"https:\/\/www.radiopiu.net\/wordpress\/wp-json\/wp\/v2\/posts\/319016","targetHints":{"allow":["GET"]}}],"collection":[{"href":"https:\/\/www.radiopiu.net\/wordpress\/wp-json\/wp\/v2\/posts"}],"about":[{"href":"https:\/\/www.radiopiu.net\/wordpress\/wp-json\/wp\/v2\/types\/post"}],"author":[{"embeddable":true,"href":"https:\/\/www.radiopiu.net\/wordpress\/wp-json\/wp\/v2\/users\/4"}],"replies":[{"embeddable":true,"href":"https:\/\/www.radiopiu.net\/wordpress\/wp-json\/wp\/v2\/comments?post=319016"}],"version-history":[{"count":0,"href":"https:\/\/www.radiopiu.net\/wordpress\/wp-json\/wp\/v2\/posts\/319016\/revisions"}],"wp:featuredmedia":[{"embeddable":true,"href":"https:\/\/www.radiopiu.net\/wordpress\/wp-json\/wp\/v2\/media\/305390"}],"wp:attachment":[{"href":"https:\/\/www.radiopiu.net\/wordpress\/wp-json\/wp\/v2\/media?parent=319016"}],"wp:term":[{"taxonomy":"category","embeddable":true,"href":"https:\/\/www.radiopiu.net\/wordpress\/wp-json\/wp\/v2\/categories?post=319016"},{"taxonomy":"post_tag","embeddable":true,"href":"https:\/\/www.radiopiu.net\/wordpress\/wp-json\/wp\/v2\/tags?post=319016"}],"curies":[{"name":"wp","href":"https:\/\/api.w.org\/{rel}","templated":true}]}}