{"id":319054,"date":"2023-01-28T05:20:07","date_gmt":"2023-01-28T04:20:07","guid":{"rendered":"https:\/\/www.radiopiu.net\/wordpress\/?p=319054"},"modified":"2023-01-28T05:25:06","modified_gmt":"2023-01-28T04:25:06","slug":"presa-a-pugni-in-faccia-dal-fidanzato-stangato","status":"publish","type":"post","link":"https:\/\/www.radiopiu.net\/wordpress\/presa-a-pugni-in-faccia-dal-fidanzato-stangato\/","title":{"rendered":"PRESA A PUGNI IN FACCIA DAL FIDANZATO: STANGATO."},"content":{"rendered":"<p><strong>OGGI SUL CORRIERE DELLE ALPI<\/strong><\/p>\n<p><strong>DI GIGI SOSSO<\/strong><\/p>\n<p><strong><img loading=\"lazy\" decoding=\"async\" class=\"alignleft\" src=\"https:\/\/www.radiopiu.net\/wordpress\/wp-content\/uploads\/2020\/11\/VIOLENZA-DONNE.jpg\" width=\"223\" height=\"182\" \/>BELLUNO<\/strong>\u00a0 Gli ha strappato la borsa, colpendola con due pugni in faccia. Un cittadino albanese \u00e8 stato condannato dal giudice per le udienze preliminari Enrica Marson a due anni e sette mesi di reclusione per maltrattamenti, stalking, lesioni e, appunto, rapina impropria. Riconosciute le attenuanti generiche, attesa per le motivazioni. La richiesta del pubblico ministero Claudio Fabris era stata di tre anni e otto mesi, ma \u00e8 venuto meno un episodio di lesioni. Mentre per il difensore Daniele Tormen si trattava di limitare al massimo la condanna, fra l&#8217;altro gi\u00e0 ridotta di un terzo per il rito alternativo. L&#8217;imputato era presente e, dopo la lettura della sentenza in camera di consiglio \u00e8 stato riaccompagnato nel carcere cittadino di Baldenich. \u00c8 detenuto per aver violato il divieto di avvicinamento alla parte offesa e c&#8217;\u00e8 stato un periodo in cui ha dovuto indossare il braccialetto elettronico&#8230;..\u00a0 Sulla base delle motivazioni, Tormen potr\u00e0 articolare il suo atto di appello<\/p>\n<p>&nbsp;<\/p>\n<p>___<\/p>\n","protected":false},"excerpt":{"rendered":"<p>OGGI SUL CORRIERE DELLE ALPI DI GIGI SOSSO BELLUNO\u00a0 Gli ha strappato la borsa, colpendola con due pugni in faccia. Un cittadino albanese \u00e8 stato condannato dal giudice per le udienze preliminari Enrica Marson a due anni e sette mesi di reclusione per maltrattamenti, stalking, lesioni e, appunto, rapina impropria. Riconosciute le attenuanti generiche, attesa&hellip;<\/p>\n","protected":false},"author":4,"featured_media":174279,"comment_status":"closed","ping_status":"closed","sticky":false,"template":"","format":"standard","meta":{"_monsterinsights_skip_tracking":false,"_monsterinsights_sitenote_active":false,"_monsterinsights_sitenote_note":"","_monsterinsights_sitenote_category":0,"footnotes":""},"categories":[51,49],"tags":[],"class_list":["post-319054","post","type-post","status-publish","format-standard","has-post-thumbnail","hentry","category-evidenza-top","category-news-18","category-51","category-49","description-off"],"img_url":"https:\/\/www.radiopiu.net\/wordpress\/wp-content\/uploads\/2020\/11\/VIOLENZA-DONNE.jpg","_links":{"self":[{"href":"https:\/\/www.radiopiu.net\/wordpress\/wp-json\/wp\/v2\/posts\/319054","targetHints":{"allow":["GET"]}}],"collection":[{"href":"https:\/\/www.radiopiu.net\/wordpress\/wp-json\/wp\/v2\/posts"}],"about":[{"href":"https:\/\/www.radiopiu.net\/wordpress\/wp-json\/wp\/v2\/types\/post"}],"author":[{"embeddable":true,"href":"https:\/\/www.radiopiu.net\/wordpress\/wp-json\/wp\/v2\/users\/4"}],"replies":[{"embeddable":true,"href":"https:\/\/www.radiopiu.net\/wordpress\/wp-json\/wp\/v2\/comments?post=319054"}],"version-history":[{"count":0,"href":"https:\/\/www.radiopiu.net\/wordpress\/wp-json\/wp\/v2\/posts\/319054\/revisions"}],"wp:featuredmedia":[{"embeddable":true,"href":"https:\/\/www.radiopiu.net\/wordpress\/wp-json\/wp\/v2\/media\/174279"}],"wp:attachment":[{"href":"https:\/\/www.radiopiu.net\/wordpress\/wp-json\/wp\/v2\/media?parent=319054"}],"wp:term":[{"taxonomy":"category","embeddable":true,"href":"https:\/\/www.radiopiu.net\/wordpress\/wp-json\/wp\/v2\/categories?post=319054"},{"taxonomy":"post_tag","embeddable":true,"href":"https:\/\/www.radiopiu.net\/wordpress\/wp-json\/wp\/v2\/tags?post=319054"}],"curies":[{"name":"wp","href":"https:\/\/api.w.org\/{rel}","templated":true}]}}