{"id":319064,"date":"2023-01-28T07:50:27","date_gmt":"2023-01-28T06:50:27","guid":{"rendered":"https:\/\/www.radiopiu.net\/wordpress\/?p=319064"},"modified":"2023-01-28T08:57:38","modified_gmt":"2023-01-28T07:57:38","slug":"ascolta-la-rassegna-stampa-dal-1983-alle-otto-del-mattino-di-mirko-mezzacasa-2","status":"publish","type":"post","link":"https:\/\/www.radiopiu.net\/wordpress\/ascolta-la-rassegna-stampa-dal-1983-alle-otto-del-mattino-di-mirko-mezzacasa-2\/","title":{"rendered":"ASCOLTA LA RASSEGNA STAMPA, DAL 1983 ALLE OTTO DEL MATTINO DI MIRKO MEZZACASA"},"content":{"rendered":"<p><strong>CALALZO<\/strong> Addio al 23enne Bryan De Monte, il Cadore, la provincia intera si era mobilitata per aiutarlo nella terribile malattia. Ad ottobre era tornato da Ferrara, poi l&#8217;infezione e i nuovi ricoveri.<br \/>\n<strong>LONGARONE<\/strong> E&#8217; mancato Mario Lena, sindaco di Bagni di Lucca nel dopo Vajont, ospito&#8217; i bimbi superstiti e lanci\u00f2 l&#8217;idea di gemellaggio con Longarone. Fu cittadino onorario della comunit\u00e0 longaronese.<br \/>\n<strong>BELLUNO<\/strong> Oggi l&#8217;ultimo saluto alla giovane morta domenica in centro a Belluno, in casa funeraria alle 14.30.<br \/>\n<strong>LONGARONE<\/strong> Sciopero ma sopratutto tanta rabbia alla Safilo. Sindacati e operai pronti ad azioni forti, si sentono presi in giro mentre crolla la storia. Dai sindacati e operai Luxottica solidariet\u00e0 ai colleghi della fabbrica longaronese.<br \/>\n<strong>SEDICO<\/strong> Quando i risparmi non sono sufficienti a fare fronte alle spese ecco che aumentano le tariffe tanto al nido che per i servizi agli anziani. Su le rette anche dell&#8217;assistenza a domicilio<br \/>\n<strong>CORTINA<\/strong> Tuon\u00f2, ma non piovve. La licenza del Miramonti \u00e8 stata riattivata, in 45 giorni dovranno essere superate le criticit\u00e0 dopo il via libera dei vigili del fuoco agli accorgimenti per la sicurezza, il sindaco revoca la sua ordinanza.<br \/>\n<strong>BELLUNO<\/strong> L&#8217;albanese che ha preso a pugni in faccia la fidanzata per strappargli la borsa \u00e8 stato condannato per rapina, stalking, maltrattamenti e lesioni, rimarr\u00e0 in carcere per 2 anni e 7 mesi.<br \/>\n<strong>ALPAGO<\/strong> A Lamosano l&#8217;ex asilo diventer\u00e0 la casa per le emergenze abitative. S&#8217;alleano tre Comuni con i privati per un progetto housing in frazione Chies.<br \/>\n<strong>MUSLA<\/strong> L&#8217;invito del Musla: partecipare al sondaggio sulle lingue. Obiettivo, tutelare, promuovere e valorizzare l&#8217;uso delle lingue minoritarie.<br \/>\n<strong>BELLUNO<\/strong> Gran tonfo ieri all&#8217;ora di pranzo, dalla gru si stacca il carico di tegole, fortunatamente nessuno \u00e8 rimasto coinvolto. Paura nel cantiere in centro.<br \/>\n<strong>AIRC<\/strong> In 17 piazze oggi e domani le arance della salute. Gli studenti delle medie di Sedico al Kanguro e in piazza Vittoria.<br \/>\n<strong>FONZASO<\/strong>\u00a0 Nel bilancio previste entrate dalle sanzioni per violazione al codice della strada per almeno 35mila euro, nel precedente esercizio era di 19 mila euro.<br \/>\n<strong>SANTA GIUSTINA<\/strong> 850mila euro per il campo sintetico. La prossima estate iniziano i lavori, previsto un mutuo e la costruzione di un fabbricato per gli spogliatoi.<br \/>\n<strong>BELLUNO<\/strong> Presentati alla stampa dall\u2019amministrazione comunale di Belluno il bilancio di previsione 2023 e il Documento Unico di Programmazione che andranno in discussione luned\u00ec pomeriggio in consiglio comunale.<br \/>\n<strong>AGORDO<\/strong> La sicurezza prima di tutto negli stabilimenti EssilorLuxottica. Come ogni anno l\u2019azienda organizza degli incontri con le maestranze per parlare di sicurezza con ospite il pilota motoGP Franco Morbidelli.<br \/>\n<strong>OSPITALE DI CADORE<\/strong> Sono iniziati i lavori per la sistemazione del ponte ferroviario a Valbona. La ditta ha installato il ponteggio per il via definitivo ai lavori<br \/>\n<strong>ALLEGHE<\/strong> Le associazioni del Comune di Alleghe vi invitano alla \u201cSagra de San Biese\u201d. L\u2019evento si terr\u00e0 il 3 febbraio presso il Piazzale dello Stadio del ghiaccio di Alleghe.<br \/>\n<strong>AGORDO<\/strong> L\u2019universit\u00e0 degli anziani di Agordo \u00e8 pronta per tornare con le lezioni in presenza. \u00c8 stato stilato il calendario degli eventi in programma dal 7 febbraio al 2 maggio. Ogni marted\u00ec gli incontri si svolgeranno in sala Don Tamis dalle 15 alle 17.<br \/>\n<strong>CENCENIGHE<\/strong> Jazzercise-Dance Mix Nell\u2019Agordino alla palestra delle Scuole Medie Di Cencenighe ogni marted\u00ec e gioved\u00ec dalle 19 alle 20, in sala ex emigranti di Canale d\u2019Agordo il mercoled\u00ec dalle 19.30 alle 20.30 e il venerd\u00ec dalle 18.45 alle 19.45<br \/>\n<span style=\"color: #ff0000;\">CALCIO<\/span> AGORDINA A PONTE NELLE ALPI ALLA RICERCA DI PUNTI<br \/>\n<span style=\"color: #ff0000;\">SNOWBOARD<\/span> UN DECIMO POSTO PER LA DALMASSO NELLA SECONDA GIORNATA DI GARE IN CANADA<br \/>\n<span style=\"color: #ff0000;\">SKIALP<\/span> MARTINA SCOLA QUINTA AGLI EYOF DI SKIALP<br \/>\nAL VIA IL 24ESIMO MONTURA TROFEO SKI ALP 4 VALLI, SI STANNO SUPERANDO I 250 ISCRITTI<br \/>\n<span style=\"color: #ff0000;\">HOCKEY SU GHIACCIO <\/span>L&#8217;ALLEGHE OSPITA IL COMO PER LA QUINTA GIORNATA DI QUALIFICATION ROUND IHL<br \/>\nL&#8217;ITALIA A BOLZANO PER IL TORNEO DEDICATO ALLA MEMORIA DI MICHELE BOLOGNINI<br \/>\nMOTORI L&#8217;ALPE DEL NEVEGAL RADDOPPIA L&#8217;EVENTO TRICOLORE<\/p>\n<p>&nbsp;<\/p>\n<p><iframe loading=\"lazy\" title=\"RASSEGNA STAMPA LOCALE\" width=\"1200\" height=\"675\" src=\"https:\/\/www.youtube.com\/embed\/ONTHh0no0sQ?feature=oembed\" frameborder=\"0\" allow=\"accelerometer; autoplay; clipboard-write; encrypted-media; gyroscope; picture-in-picture; web-share\" allowfullscreen><\/iframe><\/p>\n","protected":false},"excerpt":{"rendered":"<p>CALALZO Addio al 23enne Bryan De Monte, il Cadore, la provincia intera si era mobilitata per aiutarlo nella terribile malattia. Ad ottobre era tornato da Ferrara, poi l&#8217;infezione e i nuovi ricoveri. LONGARONE E&#8217; mancato Mario Lena, sindaco di Bagni di Lucca nel dopo Vajont, ospito&#8217; i bimbi superstiti e lanci\u00f2 l&#8217;idea di gemellaggio con&hellip;<\/p>\n","protected":false},"author":4,"featured_media":319065,"comment_status":"closed","ping_status":"closed","sticky":false,"template":"","format":"standard","meta":{"_monsterinsights_skip_tracking":false,"_monsterinsights_sitenote_active":false,"_monsterinsights_sitenote_note":"","_monsterinsights_sitenote_category":0,"footnotes":""},"categories":[104,49,142],"tags":[],"class_list":["post-319064","post","type-post","status-publish","format-standard","has-post-thumbnail","hentry","category-evidenza_3","category-news-18","category-rassegna-stampa","category-104","category-49","category-142","description-off"],"img_url":"https:\/\/www.radiopiu.net\/wordpress\/wp-content\/uploads\/2023\/01\/Senza-nome-69.jpg","_links":{"self":[{"href":"https:\/\/www.radiopiu.net\/wordpress\/wp-json\/wp\/v2\/posts\/319064","targetHints":{"allow":["GET"]}}],"collection":[{"href":"https:\/\/www.radiopiu.net\/wordpress\/wp-json\/wp\/v2\/posts"}],"about":[{"href":"https:\/\/www.radiopiu.net\/wordpress\/wp-json\/wp\/v2\/types\/post"}],"author":[{"embeddable":true,"href":"https:\/\/www.radiopiu.net\/wordpress\/wp-json\/wp\/v2\/users\/4"}],"replies":[{"embeddable":true,"href":"https:\/\/www.radiopiu.net\/wordpress\/wp-json\/wp\/v2\/comments?post=319064"}],"version-history":[{"count":0,"href":"https:\/\/www.radiopiu.net\/wordpress\/wp-json\/wp\/v2\/posts\/319064\/revisions"}],"wp:featuredmedia":[{"embeddable":true,"href":"https:\/\/www.radiopiu.net\/wordpress\/wp-json\/wp\/v2\/media\/319065"}],"wp:attachment":[{"href":"https:\/\/www.radiopiu.net\/wordpress\/wp-json\/wp\/v2\/media?parent=319064"}],"wp:term":[{"taxonomy":"category","embeddable":true,"href":"https:\/\/www.radiopiu.net\/wordpress\/wp-json\/wp\/v2\/categories?post=319064"},{"taxonomy":"post_tag","embeddable":true,"href":"https:\/\/www.radiopiu.net\/wordpress\/wp-json\/wp\/v2\/tags?post=319064"}],"curies":[{"name":"wp","href":"https:\/\/api.w.org\/{rel}","templated":true}]}}