{"id":319074,"date":"2023-01-28T09:15:28","date_gmt":"2023-01-28T08:15:28","guid":{"rendered":"https:\/\/www.radiopiu.net\/wordpress\/?p=319074"},"modified":"2023-01-28T09:15:28","modified_gmt":"2023-01-28T08:15:28","slug":"dillo-a-radio-piu-ospedale-di-agordo-visita-ai-degenti","status":"publish","type":"post","link":"https:\/\/www.radiopiu.net\/wordpress\/dillo-a-radio-piu-ospedale-di-agordo-visita-ai-degenti\/","title":{"rendered":"DILLO A RADIO PIU&#8217;&#8230;OSPEDALE DI AGORDO, VISITA AI DEGENTI"},"content":{"rendered":"<p><img loading=\"lazy\" decoding=\"async\" class=\"alignleft\" src=\"https:\/\/www.radiopiu.net\/wordpress\/wp-content\/uploads\/2021\/07\/gallery_H05050102-300x300.png\" width=\"134\" height=\"134\" \/>Riceviamo e pubblichiamo<\/p>\n<p><strong>AGORDO<\/strong> Ho un familiare all&#8217;ospedale di Agordo e per fargli visita devo telefonare e prenotarmi per mezz&#8217;ora tre giorni alla settimana. So che c&#8217;\u00e8 la legge del 18.02.2022 articolo 7.1 che dice che dal 10 marzo 2022 \u00e8 prevista la visita ai pazienti ricoverati tutti i giorni e per almeno 45 minuti. Perch\u00e9 non la rispettano? Tra l&#8217;altro non siamo pi\u00f9 in emergenza sanitaria&#8230;se qualcuno pu\u00f2 darmi chiarimenti&#8230;<\/p>\n<p>Abbiamo quindi pensato di girare il quesito agli uffici della Ulss1 che ha stretto giro di posta ha cos\u00ec risposto &#8220;<em>L&#8217;ulss Dolomiti si scusa e verificher\u00e0 quanto segnalato che non corrisponde alle indicazioni date, dopo il miglioramento del quadro epidemico&#8221;<\/em><\/p>\n<p>&nbsp;<\/p>\n<p>&nbsp;<\/p>\n<p>____<\/p>\n","protected":false},"excerpt":{"rendered":"<p>Riceviamo e pubblichiamo AGORDO Ho un familiare all&#8217;ospedale di Agordo e per fargli visita devo telefonare e prenotarmi per mezz&#8217;ora tre giorni alla settimana. So che c&#8217;\u00e8 la legge del 18.02.2022 articolo 7.1 che dice che dal 10 marzo 2022 \u00e8 prevista la visita ai pazienti ricoverati tutti i giorni e per almeno 45 minuti.&hellip;<\/p>\n","protected":false},"author":4,"featured_media":219312,"comment_status":"closed","ping_status":"closed","sticky":false,"template":"","format":"standard","meta":{"_monsterinsights_skip_tracking":false,"_monsterinsights_sitenote_active":false,"_monsterinsights_sitenote_note":"","_monsterinsights_sitenote_category":0,"footnotes":""},"categories":[51,49],"tags":[],"class_list":["post-319074","post","type-post","status-publish","format-standard","has-post-thumbnail","hentry","category-evidenza-top","category-news-18","category-51","category-49","description-off"],"img_url":"https:\/\/www.radiopiu.net\/wordpress\/wp-content\/uploads\/2021\/07\/gallery_H05050102.png","_links":{"self":[{"href":"https:\/\/www.radiopiu.net\/wordpress\/wp-json\/wp\/v2\/posts\/319074","targetHints":{"allow":["GET"]}}],"collection":[{"href":"https:\/\/www.radiopiu.net\/wordpress\/wp-json\/wp\/v2\/posts"}],"about":[{"href":"https:\/\/www.radiopiu.net\/wordpress\/wp-json\/wp\/v2\/types\/post"}],"author":[{"embeddable":true,"href":"https:\/\/www.radiopiu.net\/wordpress\/wp-json\/wp\/v2\/users\/4"}],"replies":[{"embeddable":true,"href":"https:\/\/www.radiopiu.net\/wordpress\/wp-json\/wp\/v2\/comments?post=319074"}],"version-history":[{"count":0,"href":"https:\/\/www.radiopiu.net\/wordpress\/wp-json\/wp\/v2\/posts\/319074\/revisions"}],"wp:featuredmedia":[{"embeddable":true,"href":"https:\/\/www.radiopiu.net\/wordpress\/wp-json\/wp\/v2\/media\/219312"}],"wp:attachment":[{"href":"https:\/\/www.radiopiu.net\/wordpress\/wp-json\/wp\/v2\/media?parent=319074"}],"wp:term":[{"taxonomy":"category","embeddable":true,"href":"https:\/\/www.radiopiu.net\/wordpress\/wp-json\/wp\/v2\/categories?post=319074"},{"taxonomy":"post_tag","embeddable":true,"href":"https:\/\/www.radiopiu.net\/wordpress\/wp-json\/wp\/v2\/tags?post=319074"}],"curies":[{"name":"wp","href":"https:\/\/api.w.org\/{rel}","templated":true}]}}