{"id":319076,"date":"2023-01-28T09:33:16","date_gmt":"2023-01-28T08:33:16","guid":{"rendered":"https:\/\/www.radiopiu.net\/wordpress\/?p=319076"},"modified":"2023-01-28T09:33:16","modified_gmt":"2023-01-28T08:33:16","slug":"caro-bollette-in-veneto-nel-2022-laumento-e-stato-di-10-miliardi-7-in-capo-alle-imprese-e-3-alle-famiglie","status":"publish","type":"post","link":"https:\/\/www.radiopiu.net\/wordpress\/caro-bollette-in-veneto-nel-2022-laumento-e-stato-di-10-miliardi-7-in-capo-alle-imprese-e-3-alle-famiglie\/","title":{"rendered":"CARO BOLLETTE IN VENETO: NEL 2022 L\u2019AUMENTO E\u2019 STATO DI 10 MILIARDI; 7 IN CAPO ALLE IMPRESE E 3 ALLE FAMIGLIE"},"content":{"rendered":"<p><a class=\"dt-pswp-item\" href=\"https:\/\/www.radiopiu.net\/wordpress\/wp-content\/uploads\/2023\/01\/Schermata-2023-01-28-alle-09.31.36.png\" data-dt-img-description=\"\" data-large_image_width=\"1178\" data-large_image_height=\"1424\"><img loading=\"lazy\" decoding=\"async\" class=\"alignleft size-medium wp-image-319079\" src=\"https:\/\/www.radiopiu.net\/wordpress\/wp-content\/uploads\/2023\/01\/Schermata-2023-01-28-alle-09.31.36-248x300.png\" alt=\"\" width=\"248\" height=\"300\" srcset=\"https:\/\/www.radiopiu.net\/wordpress\/wp-content\/uploads\/2023\/01\/Schermata-2023-01-28-alle-09.31.36-248x300.png 248w, https:\/\/www.radiopiu.net\/wordpress\/wp-content\/uploads\/2023\/01\/Schermata-2023-01-28-alle-09.31.36-847x1024.png 847w, https:\/\/www.radiopiu.net\/wordpress\/wp-content\/uploads\/2023\/01\/Schermata-2023-01-28-alle-09.31.36-768x928.png 768w, https:\/\/www.radiopiu.net\/wordpress\/wp-content\/uploads\/2023\/01\/Schermata-2023-01-28-alle-09.31.36.png 1178w\" sizes=\"auto, (max-width: 248px) 100vw, 248px\" \/><\/a>Ora siamo in grado di fare i conti con una precisione quasi millimetrica. Rispetto al 2021, l\u2019anno scorso le famiglie e le imprese venete hanno subito un aumento dei costi a causa dei rincari delle bollette di luce e gas stimato in 10 miliardi di euro. Se le spese per le famiglie hanno subito in termini monetari un extracosto pari a 3 miliardi \u2013 che per ciascun nucleo ha pesato per circa 1.430 euro &#8211; le imprese hanno dovuto pagare in pi\u00f9 addirittura 7 miliardi di euro.<\/p>\n<p>A dirlo \u00e8 l\u2019Ufficio studi della CGIA.<\/p>\n<p>Tra le ripartizioni geografiche del Paese \u00e8 il Nordest l\u2019area pi\u00f9 interessata dagli aumenti: rispetto al 2021 la stima degli extracosti per energia elettrica e gas \u00e8 salita del 118,1 per cento. Seguono il Nordovest con il +116,6 per cento, il Centro con il +113,6 per cento e il Mezzogiorno con il +109,9 per cento. A livello regionale il rincaro pi\u00f9 importante ha interessato l\u2019Emilia Romagna (+119,2 per cento), il Friuli Venezia Giulia (+119 per cento) e il Trentino Alto Adige (+118,3 per cento). Il Veneto, con un incremento del 116,8 per cento \u00e8 tra le regioni pi\u00f9 colpite dai rincari. In termini assoluti, ovviamente, le pi\u00f9 penalizzate sono state le regioni pi\u00f9 popolate e maggiormente interessate dalla presenza delle attivit\u00e0 economiche, come la Lombardia (+20,8 miliardi), l\u2019Emilia Romagna (+10,2 miliardi) e, come dicevamo pi\u00f9 sopra, il Veneto (+10 miliardi di euro) (vedi Tab. 1 e Tab. 2).<\/p>\n<p><strong>Lo Stato, invece, ha incassato 44,5 miliardi in pi\u00f9<\/strong><\/p>\n<p>Certo, a causa dell\u2019aumento dell\u2019inflazione, anche lo Stato centrale e le sue articolazioni periferiche hanno subito una impennata della spesa. Nel frattempo, per\u00f2, l\u2019incremento del gettito riscosso \u00e8 stato molto importante. Rispetto allo stesso periodo del 2021, nei primi 11 mesi dell\u2019anno scorso le entrate tributarie erariali sono aumentate di 44,5 miliardi di euro. Questo score cos\u00ec positivo \u00e8 riconducibile a tre fattori: agli effetti del \u201cdecreto Rilancio\u201d e del \u201cdecreto Agosto\u201d, &#8211; che tra il 2020 e il 2021 avevano disposto proroghe, sospensioni, etc. &#8211; e, in particolar modo, agli incrementi dei prezzi al consumo che hanno spinto all\u2019ins\u00f9 il gettito dell\u2019Iva.<\/p>\n<p><strong><a class=\"dt-pswp-item\" href=\"https:\/\/www.radiopiu.net\/wordpress\/wp-content\/uploads\/2023\/01\/Schermata-2023-01-28-alle-09.32.05.png\" data-dt-img-description=\"\" data-large_image_width=\"1280\" data-large_image_height=\"1534\"><img loading=\"lazy\" decoding=\"async\" class=\"alignleft size-medium wp-image-319078\" src=\"https:\/\/www.radiopiu.net\/wordpress\/wp-content\/uploads\/2023\/01\/Schermata-2023-01-28-alle-09.32.05-250x300.png\" alt=\"\" width=\"250\" height=\"300\" srcset=\"https:\/\/www.radiopiu.net\/wordpress\/wp-content\/uploads\/2023\/01\/Schermata-2023-01-28-alle-09.32.05-250x300.png 250w, https:\/\/www.radiopiu.net\/wordpress\/wp-content\/uploads\/2023\/01\/Schermata-2023-01-28-alle-09.32.05-854x1024.png 854w, https:\/\/www.radiopiu.net\/wordpress\/wp-content\/uploads\/2023\/01\/Schermata-2023-01-28-alle-09.32.05-768x920.png 768w, https:\/\/www.radiopiu.net\/wordpress\/wp-content\/uploads\/2023\/01\/Schermata-2023-01-28-alle-09.32.05.png 1280w\" sizes=\"auto, (max-width: 250px) 100vw, 250px\" \/><\/a>Dal caro energia c\u2019\u00e8 anche chi ci ha guadagnato, ma poi ha eluso il fisco<\/strong><\/p>\n<p>A seguito dei rincari dei prodotti energetici non tutti ci hanno rimesso. Molte aziende energetiche, ad esempio, nel 2022 hanno registrato un aumento dei ricavi spaventoso. Per questa ragione il Governo Draghi ha provveduto a istituire il contributo di solidariet\u00e0 che doveva consentire alle casse dello Stato di incassare da questa misura complessivamente 10,5 miliardi di euro. Dopo il saldo del 30 novembre scorso, invece, l\u2019erario ha \u201cricevuto\u201d solo 2,7 miliardi di euro. Pertanto, tra i 44,5 miliardi di extragettito incassati provvisoriamente in pi\u00f9 nei primi 11 mesi del 2022, mancano sicuramente all\u2019appello altri 7,8 miliardi di euro. La Corte dei Conti ha cercato di individuare le ragioni di questo flop, segnalando queste criticit\u00e0, ovvero:<br \/>\n1.\u00a0 l\u2019identificazione dei soggetti a cui si applica il contributo;<br \/>\n2.\u00a0 modalit\u00e0 di determinazione della base imponibile;<br \/>\n3.\u00a0 possibili problemi di costituzionalit\u00e0 del tributo (al riguardo viene richiamata la sentenza n. 10 dell\u201911 febbraio 2015 avente oggetto la cosiddetta Robin Hood Tax);<br \/>\n4.\u00a0 l\u2019indeducibilit\u00e0 del tributo;<br \/>\n5.\u00a0 la possibile traslazione del contributo sul consumatore finale.<\/p>\n<p>Al netto delle ragioni sollevate dei destinatari della misura, bene ha fatto l\u2019Agenzia delle Entrate ad annunciare in questi giorni che nei prossimi mesi avvier\u00e0 dei controlli mirati sugli extraprofitti realizzati da queste grandi aziende energetiche.<\/p>\n<p><strong>Stanziati oltre 70 miliardi aiuti contro il caro bollette<\/strong><br \/>\nTra le misure messe in campo dal governo Draghi e quelle previste nel decreto Aiuti quater approvato dall\u2019esecutivo guidato dalla Meloni, famiglie e imprese italiane hanno ricevuto nel 2022 attorno ai 70 miliardi di euro di aiuti contro il caro bollette. Pertanto, in linea puramente teorica, il maggiore aumento in c apo a famiglie e imprese \u00e8 stato di circa 20 miliardi. Un importo puramente teorico, perch\u00e9 le imprese hanno utilizzato solo la met\u00e0 degli aiuti messi a disposizione.<\/p>\n<p><strong><a class=\"dt-pswp-item\" href=\"https:\/\/www.radiopiu.net\/wordpress\/wp-content\/uploads\/2023\/01\/Schermata-2023-01-28-alle-09.32.19.png\" data-dt-img-description=\"\" data-large_image_width=\"1280\" data-large_image_height=\"1576\"><img loading=\"lazy\" decoding=\"async\" class=\"alignleft size-medium wp-image-319077\" src=\"https:\/\/www.radiopiu.net\/wordpress\/wp-content\/uploads\/2023\/01\/Schermata-2023-01-28-alle-09.32.19-244x300.png\" alt=\"\" width=\"244\" height=\"300\" srcset=\"https:\/\/www.radiopiu.net\/wordpress\/wp-content\/uploads\/2023\/01\/Schermata-2023-01-28-alle-09.32.19-244x300.png 244w, https:\/\/www.radiopiu.net\/wordpress\/wp-content\/uploads\/2023\/01\/Schermata-2023-01-28-alle-09.32.19-832x1024.png 832w, https:\/\/www.radiopiu.net\/wordpress\/wp-content\/uploads\/2023\/01\/Schermata-2023-01-28-alle-09.32.19-768x946.png 768w, https:\/\/www.radiopiu.net\/wordpress\/wp-content\/uploads\/2023\/01\/Schermata-2023-01-28-alle-09.32.19-1248x1536.png 1248w, https:\/\/www.radiopiu.net\/wordpress\/wp-content\/uploads\/2023\/01\/Schermata-2023-01-28-alle-09.32.19.png 1280w\" sizes=\"auto, (max-width: 244px) 100vw, 244px\" \/><\/a>Bonus bollette: tante micro imprese non hanno utilizzato lo sconto<\/strong><br \/>\nAncorch\u00e9 i dati siano provvisori e aggiornati al 22 novembre scorso, i bonus per le bollette di elettricit\u00e0 e gas rivolti alle imprese sono stati utilizzati in compensazione solo per met\u00e0 dell\u2019importo messo complessivamente a disposizione. Certo, mancano ancora da conteggiare i pagamenti avvenuti con la scadenza del 30 novembre e quelle previste a met\u00e0 dicembre, tuttavia pare di capire che molte imprese, anche venete, soprattutto quelle di piccola e micro dimensione, abbiano registrato grosse difficolt\u00e0 nell\u2019applicare la misura introdotta l\u2019anno scorso. Non sono pochi, infatti, i piccolissimi imprenditori ad aver desistito dal redigere il calcolo della base imponibile su cui definire successivamente lo sconto fiscale. Operazione, quest\u2019ultima, molto complessa che \u00e8 stata effettuata direttamente dai gestori solo in pochissimi casi.<br \/>\nI prezzi ora sono in calo<br \/>\nSe nel 2022 il prezzo dell\u2019energia elettrica \u00e8 pi\u00f9 che raddoppiato (+142 per cento), passando da 125 (media 2021) a 303 euro per MWh (media 2022), quello del gas, invece, \u00e8 rincarato addirittura del 167 per cento, salendo da 46 euro (media 2021) a 123 euro (media 2022). Il peggio, comunque, sembra essere ormai alle nostre spalle (vedi Graf.1 e Graf. 2). Nei primi 26 giorni del 2023 la media del prezzo dell\u2019energia \u00e8 scesa a 176 euro e quello del gas a 68 euro. Importi, quest\u2019ultimi, comunque superiori rispettivamente del 190 e del 240 per cento se comparati con quelli di inizio 2021.<\/p>\n","protected":false},"excerpt":{"rendered":"<p>Ora siamo in grado di fare i conti con una precisione quasi millimetrica. Rispetto al 2021, l\u2019anno scorso le famiglie e le imprese venete hanno subito un aumento dei costi a causa dei rincari delle bollette di luce e gas stimato in 10 miliardi di euro. Se le spese per le famiglie hanno subito in&hellip;<\/p>\n","protected":false},"author":2,"featured_media":80013,"comment_status":"closed","ping_status":"closed","sticky":false,"template":"","format":"standard","meta":{"_monsterinsights_skip_tracking":false,"_monsterinsights_sitenote_active":false,"_monsterinsights_sitenote_note":"","_monsterinsights_sitenote_category":0,"footnotes":""},"categories":[49],"tags":[],"class_list":["post-319076","post","type-post","status-publish","format-standard","has-post-thumbnail","hentry","category-news-18","category-49","description-off"],"img_url":"https:\/\/www.radiopiu.net\/wordpress\/wp-content\/uploads\/2019\/03\/soldi.jpg","_links":{"self":[{"href":"https:\/\/www.radiopiu.net\/wordpress\/wp-json\/wp\/v2\/posts\/319076","targetHints":{"allow":["GET"]}}],"collection":[{"href":"https:\/\/www.radiopiu.net\/wordpress\/wp-json\/wp\/v2\/posts"}],"about":[{"href":"https:\/\/www.radiopiu.net\/wordpress\/wp-json\/wp\/v2\/types\/post"}],"author":[{"embeddable":true,"href":"https:\/\/www.radiopiu.net\/wordpress\/wp-json\/wp\/v2\/users\/2"}],"replies":[{"embeddable":true,"href":"https:\/\/www.radiopiu.net\/wordpress\/wp-json\/wp\/v2\/comments?post=319076"}],"version-history":[{"count":0,"href":"https:\/\/www.radiopiu.net\/wordpress\/wp-json\/wp\/v2\/posts\/319076\/revisions"}],"wp:featuredmedia":[{"embeddable":true,"href":"https:\/\/www.radiopiu.net\/wordpress\/wp-json\/wp\/v2\/media\/80013"}],"wp:attachment":[{"href":"https:\/\/www.radiopiu.net\/wordpress\/wp-json\/wp\/v2\/media?parent=319076"}],"wp:term":[{"taxonomy":"category","embeddable":true,"href":"https:\/\/www.radiopiu.net\/wordpress\/wp-json\/wp\/v2\/categories?post=319076"},{"taxonomy":"post_tag","embeddable":true,"href":"https:\/\/www.radiopiu.net\/wordpress\/wp-json\/wp\/v2\/tags?post=319076"}],"curies":[{"name":"wp","href":"https:\/\/api.w.org\/{rel}","templated":true}]}}