{"id":319130,"date":"2023-01-28T16:11:29","date_gmt":"2023-01-28T15:11:29","guid":{"rendered":"https:\/\/www.radiopiu.net\/wordpress\/?p=319130"},"modified":"2023-01-28T16:11:29","modified_gmt":"2023-01-28T15:11:29","slug":"il-turismo-nel-feltrino-ritorna-ai-numeri-del-periodo-pre-pandemico","status":"publish","type":"post","link":"https:\/\/www.radiopiu.net\/wordpress\/il-turismo-nel-feltrino-ritorna-ai-numeri-del-periodo-pre-pandemico\/","title":{"rendered":"IL TURISMO NEL FELTRINO RITORNA AI NUMERI DEL PERIODO PRE-PANDEMICO"},"content":{"rendered":"<p><b>FELTRE<\/b> Corrono nel Feltrino i dati sulle presenze turistiche nel 2022. Lo certificano gli importi di fine anno, peraltro non ancora definitivi, relativi alla tassa di soggiorno, che superano abbondantemente anche quelli del periodo pre-pandemico. I pernottamenti registrati durante l\u2019anno appena concluso hanno fatto regestare introiti per quasi 143 mila euro, contro i 112 mila dello scorso anno. Il raffronto pi\u00f9 interessante \u00e8 per\u00f2, appunto, quello con il 2019, l\u2019ultimo anno prima dello scoppio della pandemia da Covid, quando erano stati incassati 125 mila euro. Lo scostamento \u00e8 dunque molto significativo, sia in termini assoluti (+ 14 mila euro rispetto al 2021 e + 3mila sul 2019) tralasciando direttamente i raffronti con il 2020, che aveva patito enormemente delle chiusure e delle restrizioni messe in atto per motivi sanitari. Sul piano geografico la crescita \u00e8 piuttosto omogenea e riguarda tanto il Comune di Feltre, nel quale gli incassi della tassa di soggiorno passano dai 35 mila euro del 2021 ai 45 mila dell\u2019anno appena trascorso, che il resto del territorio feltrino, dove il totale cresce da 67 mila a 80 mila euro.<\/p>\n<p><strong>DARIO SCOPEL, ASSESSORE AL TURISMO DELL&#8217;UNIONE MONTANA FELTRINA<\/strong><\/p>\n<p><iframe loading=\"lazy\" title=\"SCOPEL TURISMO FELTRINO\" width=\"1200\" height=\"675\" src=\"https:\/\/www.youtube.com\/embed\/RZTIhLOJxBU?feature=oembed\" frameborder=\"0\" allow=\"accelerometer; autoplay; clipboard-write; encrypted-media; gyroscope; picture-in-picture; web-share\" allowfullscreen><\/iframe><\/p>\n<p>&nbsp;<\/p>\n<p>&nbsp;<\/p>\n<p>******<\/p>\n","protected":false},"excerpt":{"rendered":"<p>FELTRE Corrono nel Feltrino i dati sulle presenze turistiche nel 2022. Lo certificano gli importi di fine anno, peraltro non ancora definitivi, relativi alla tassa di soggiorno, che superano abbondantemente anche quelli del periodo pre-pandemico. I pernottamenti registrati durante l\u2019anno appena concluso hanno fatto regestare introiti per quasi 143 mila euro, contro i 112 mila&hellip;<\/p>\n","protected":false},"author":4,"featured_media":319131,"comment_status":"closed","ping_status":"closed","sticky":false,"template":"","format":"standard","meta":{"_monsterinsights_skip_tracking":false,"_monsterinsights_sitenote_active":false,"_monsterinsights_sitenote_note":"","_monsterinsights_sitenote_category":0,"footnotes":""},"categories":[51,49],"tags":[],"class_list":["post-319130","post","type-post","status-publish","format-standard","has-post-thumbnail","hentry","category-evidenza-top","category-news-18","category-51","category-49","description-off"],"img_url":"https:\/\/www.radiopiu.net\/wordpress\/wp-content\/uploads\/2023\/01\/DARIO-SCOPEL.png","_links":{"self":[{"href":"https:\/\/www.radiopiu.net\/wordpress\/wp-json\/wp\/v2\/posts\/319130","targetHints":{"allow":["GET"]}}],"collection":[{"href":"https:\/\/www.radiopiu.net\/wordpress\/wp-json\/wp\/v2\/posts"}],"about":[{"href":"https:\/\/www.radiopiu.net\/wordpress\/wp-json\/wp\/v2\/types\/post"}],"author":[{"embeddable":true,"href":"https:\/\/www.radiopiu.net\/wordpress\/wp-json\/wp\/v2\/users\/4"}],"replies":[{"embeddable":true,"href":"https:\/\/www.radiopiu.net\/wordpress\/wp-json\/wp\/v2\/comments?post=319130"}],"version-history":[{"count":0,"href":"https:\/\/www.radiopiu.net\/wordpress\/wp-json\/wp\/v2\/posts\/319130\/revisions"}],"wp:featuredmedia":[{"embeddable":true,"href":"https:\/\/www.radiopiu.net\/wordpress\/wp-json\/wp\/v2\/media\/319131"}],"wp:attachment":[{"href":"https:\/\/www.radiopiu.net\/wordpress\/wp-json\/wp\/v2\/media?parent=319130"}],"wp:term":[{"taxonomy":"category","embeddable":true,"href":"https:\/\/www.radiopiu.net\/wordpress\/wp-json\/wp\/v2\/categories?post=319130"},{"taxonomy":"post_tag","embeddable":true,"href":"https:\/\/www.radiopiu.net\/wordpress\/wp-json\/wp\/v2\/tags?post=319130"}],"curies":[{"name":"wp","href":"https:\/\/api.w.org\/{rel}","templated":true}]}}