{"id":319173,"date":"2023-01-28T19:51:04","date_gmt":"2023-01-28T18:51:04","guid":{"rendered":"https:\/\/www.radiopiu.net\/wordpress\/?p=319173"},"modified":"2023-01-28T19:51:04","modified_gmt":"2023-01-28T18:51:04","slug":"campionati-italiani-di-biathlon-ragazzi-allievi-la-sprint-tricolore-e-nel-segno-dellalto-adige","status":"publish","type":"post","link":"https:\/\/www.radiopiu.net\/wordpress\/campionati-italiani-di-biathlon-ragazzi-allievi-la-sprint-tricolore-e-nel-segno-dellalto-adige\/","title":{"rendered":"CAMPIONATI ITALIANI DI BIATHLON RAGAZZI \u2013 ALLIEVI, LA SPRINT TRICOLORE E&#8217; NEL SEGNO DELL\u2019ALTO ADIGE"},"content":{"rendered":"<p><strong>VAL DI ZOLDO <\/strong>Si \u00e8 svolta, al centro biathlon di Palafav\u00e8ra, in Val di Zoldo la prima giornata dei Campionati italiani delle categorie Ragazzi (under 13) e Allievi (under 15) di biathlon, manifestazione tornata per la terza volta nella suggestiva localit\u00e0 delle Dolomiti Bellunesi posta all\u2019ombra del Monte Pelmo e del Monte Civetta (le altre due occasioni furono nel 2015 e nel 2018) e organizzata dallo Sci club Valzoldana in sinergia con le Fiamme Oro. In programma c\u2019era la gara Sprint (due serie di tiri: uno a terra e uno in piedi). Grande protagonista \u00e8 stato il comitato Fisi Alto Adige che si \u00e8 aggiudicato tre vittorie su quattro gare. Nella categoria Ragazze (3 chilometri) la vittoria \u00e8 andata ad Anna Wolf (Anterselva) che ha avuto la meglio su \u00a0Chantal Moreschini (Sci fondo Val di Sole) e Cloe Giordano (Alpi Marittime). Tra i Ragazzi (4 chilometri) davanti a tutti Elia Steinkasserer (Anterselva) che ha preceduto Gabriele Carrara (Sci fondo Val di Sole) e Nicol\u00f2 Pedranzini (Sci club Alta Valtellina). Nella categoria Allievi (5 chilometri) si \u00e8 imposto Andreas Braunhofer (Anterselva) davanti a Jonas Tscholl (Val Martello) e a Julian Huber (Anterselva). A interrompere il filotto altoatesino \u00e8 stata Magal\u00ec Miraglio Mellano, piemontese dello Sci club Alpi Marittime (comitato Fisi Alpi Occidentali), prima nella categoria Allieve (4 chilometri). Con lei sul podio sono salite la compagna di squadra Viola Camperi e l\u2019altoatesina Anna Anvidalfarei (Sci club Gardena).<\/p>\n\n\t\t\t<style type='text\/css'>\n\t\t\t\t#gallery-1 {\n\t\t\t\t\tmargin: auto;\n\t\t\t\t}\n\t\t\t\t#gallery-1 .gallery-item {\n\t\t\t\t\tfloat: left;\n\t\t\t\t\tmargin-top: 10px;\n\t\t\t\t\ttext-align: center;\n\t\t\t\t\twidth: 25%;\n\t\t\t\t}\n\t\t\t\t#gallery-1 img {\n\t\t\t\t\tborder: 2px solid #cfcfcf;\n\t\t\t\t}\n\t\t\t\t#gallery-1 .gallery-caption {\n\t\t\t\t\tmargin-left: 0;\n\t\t\t\t}\n\t\t\t\t\/* see gallery_shortcode() in wp-includes\/media.php *\/\n\t\t\t<\/style>\n\t\t<div id='gallery-1' class='dt-gallery-container gallery galleryid-319173 gallery-columns-4 gallery-size-medium'><dl class='gallery-item'>\n\t\t\t\t<dt class='gallery-icon landscape'>\n\t\t\t\t\t<a class=\"rollover rollover-zoom dt-pswp-item\" title=\"camp ita biathlon zoldo - sprint 28 gen 2023 - ALLIEVE\" data-dt-img-description=\"\" data-large_image_width=\"1600\" data-large_image_height=\"1067\"href='https:\/\/www.radiopiu.net\/wordpress\/wp-content\/uploads\/2023\/01\/camp-ita-biathlon-zoldo-sprint-28-gen-2023-ALLIEVE.jpeg'><img loading=\"lazy\" decoding=\"async\" width=\"300\" height=\"200\" src=\"https:\/\/www.radiopiu.net\/wordpress\/wp-content\/uploads\/2023\/01\/camp-ita-biathlon-zoldo-sprint-28-gen-2023-ALLIEVE-300x200.jpeg\" class=\"attachment-medium size-medium\" alt=\"\" aria-describedby=\"gallery-1-319174\" srcset=\"https:\/\/www.radiopiu.net\/wordpress\/wp-content\/uploads\/2023\/01\/camp-ita-biathlon-zoldo-sprint-28-gen-2023-ALLIEVE-300x200.jpeg 300w, https:\/\/www.radiopiu.net\/wordpress\/wp-content\/uploads\/2023\/01\/camp-ita-biathlon-zoldo-sprint-28-gen-2023-ALLIEVE-1024x683.jpeg 1024w, https:\/\/www.radiopiu.net\/wordpress\/wp-content\/uploads\/2023\/01\/camp-ita-biathlon-zoldo-sprint-28-gen-2023-ALLIEVE-768x512.jpeg 768w, https:\/\/www.radiopiu.net\/wordpress\/wp-content\/uploads\/2023\/01\/camp-ita-biathlon-zoldo-sprint-28-gen-2023-ALLIEVE-1536x1024.jpeg 1536w, https:\/\/www.radiopiu.net\/wordpress\/wp-content\/uploads\/2023\/01\/camp-ita-biathlon-zoldo-sprint-28-gen-2023-ALLIEVE.jpeg 1600w\" sizes=\"auto, (max-width: 300px) 100vw, 300px\" \/><\/a>\n\t\t\t\t<\/dt>\n\t\t\t\t\t<dd class='wp-caption-text gallery-caption' id='gallery-1-319174'>\n\t\t\t\t\tALLIEVE\n\t\t\t\t\t<\/dd><\/dl><dl class='gallery-item'>\n\t\t\t\t<dt class='gallery-icon landscape'>\n\t\t\t\t\t<a class=\"rollover rollover-zoom dt-pswp-item\" title=\"camp ita biathlon zoldo - sprint 28 gen 2023 - ALLIEVI\" data-dt-img-description=\"\" data-large_image_width=\"1600\" data-large_image_height=\"1067\"href='https:\/\/www.radiopiu.net\/wordpress\/wp-content\/uploads\/2023\/01\/camp-ita-biathlon-zoldo-sprint-28-gen-2023-ALLIEVI.jpeg'><img loading=\"lazy\" decoding=\"async\" width=\"300\" height=\"200\" src=\"https:\/\/www.radiopiu.net\/wordpress\/wp-content\/uploads\/2023\/01\/camp-ita-biathlon-zoldo-sprint-28-gen-2023-ALLIEVI-300x200.jpeg\" class=\"attachment-medium size-medium\" alt=\"\" aria-describedby=\"gallery-1-319175\" srcset=\"https:\/\/www.radiopiu.net\/wordpress\/wp-content\/uploads\/2023\/01\/camp-ita-biathlon-zoldo-sprint-28-gen-2023-ALLIEVI-300x200.jpeg 300w, https:\/\/www.radiopiu.net\/wordpress\/wp-content\/uploads\/2023\/01\/camp-ita-biathlon-zoldo-sprint-28-gen-2023-ALLIEVI-1024x683.jpeg 1024w, https:\/\/www.radiopiu.net\/wordpress\/wp-content\/uploads\/2023\/01\/camp-ita-biathlon-zoldo-sprint-28-gen-2023-ALLIEVI-768x512.jpeg 768w, https:\/\/www.radiopiu.net\/wordpress\/wp-content\/uploads\/2023\/01\/camp-ita-biathlon-zoldo-sprint-28-gen-2023-ALLIEVI-1536x1024.jpeg 1536w, https:\/\/www.radiopiu.net\/wordpress\/wp-content\/uploads\/2023\/01\/camp-ita-biathlon-zoldo-sprint-28-gen-2023-ALLIEVI.jpeg 1600w\" sizes=\"auto, (max-width: 300px) 100vw, 300px\" \/><\/a>\n\t\t\t\t<\/dt>\n\t\t\t\t\t<dd class='wp-caption-text gallery-caption' id='gallery-1-319175'>\n\t\t\t\t\tALLIEVI\n\t\t\t\t\t<\/dd><\/dl><dl class='gallery-item'>\n\t\t\t\t<dt class='gallery-icon landscape'>\n\t\t\t\t\t<a class=\"rollover rollover-zoom dt-pswp-item\" title=\"camp ita biathlon zoldo - sprint 28 gen 2023 - RAGAZZI\" data-dt-img-description=\"\" data-large_image_width=\"1600\" data-large_image_height=\"1067\"href='https:\/\/www.radiopiu.net\/wordpress\/wp-content\/uploads\/2023\/01\/camp-ita-biathlon-zoldo-sprint-28-gen-2023-RAGAZZI.jpeg'><img loading=\"lazy\" decoding=\"async\" width=\"300\" height=\"200\" src=\"https:\/\/www.radiopiu.net\/wordpress\/wp-content\/uploads\/2023\/01\/camp-ita-biathlon-zoldo-sprint-28-gen-2023-RAGAZZI-300x200.jpeg\" class=\"attachment-medium size-medium\" alt=\"\" aria-describedby=\"gallery-1-319176\" srcset=\"https:\/\/www.radiopiu.net\/wordpress\/wp-content\/uploads\/2023\/01\/camp-ita-biathlon-zoldo-sprint-28-gen-2023-RAGAZZI-300x200.jpeg 300w, https:\/\/www.radiopiu.net\/wordpress\/wp-content\/uploads\/2023\/01\/camp-ita-biathlon-zoldo-sprint-28-gen-2023-RAGAZZI-1024x683.jpeg 1024w, https:\/\/www.radiopiu.net\/wordpress\/wp-content\/uploads\/2023\/01\/camp-ita-biathlon-zoldo-sprint-28-gen-2023-RAGAZZI-768x512.jpeg 768w, https:\/\/www.radiopiu.net\/wordpress\/wp-content\/uploads\/2023\/01\/camp-ita-biathlon-zoldo-sprint-28-gen-2023-RAGAZZI-1536x1024.jpeg 1536w, https:\/\/www.radiopiu.net\/wordpress\/wp-content\/uploads\/2023\/01\/camp-ita-biathlon-zoldo-sprint-28-gen-2023-RAGAZZI.jpeg 1600w\" sizes=\"auto, (max-width: 300px) 100vw, 300px\" \/><\/a>\n\t\t\t\t<\/dt>\n\t\t\t\t\t<dd class='wp-caption-text gallery-caption' id='gallery-1-319176'>\n\t\t\t\t\tRAGAZZI\n\t\t\t\t\t<\/dd><\/dl><dl class='gallery-item'>\n\t\t\t\t<dt class='gallery-icon landscape'>\n\t\t\t\t\t<a class=\"rollover rollover-zoom dt-pswp-item\" title=\"camp ita biathlon zoldo - sprint 28 gen 2023 - RAGAZZE\" data-dt-img-description=\"\" data-large_image_width=\"1600\" data-large_image_height=\"1067\"href='https:\/\/www.radiopiu.net\/wordpress\/wp-content\/uploads\/2023\/01\/camp-ita-biathlon-zoldo-sprint-28-gen-2023-RAGAZZE.jpeg'><img loading=\"lazy\" decoding=\"async\" width=\"300\" height=\"200\" src=\"https:\/\/www.radiopiu.net\/wordpress\/wp-content\/uploads\/2023\/01\/camp-ita-biathlon-zoldo-sprint-28-gen-2023-RAGAZZE-300x200.jpeg\" class=\"attachment-medium size-medium\" alt=\"\" aria-describedby=\"gallery-1-319177\" srcset=\"https:\/\/www.radiopiu.net\/wordpress\/wp-content\/uploads\/2023\/01\/camp-ita-biathlon-zoldo-sprint-28-gen-2023-RAGAZZE-300x200.jpeg 300w, https:\/\/www.radiopiu.net\/wordpress\/wp-content\/uploads\/2023\/01\/camp-ita-biathlon-zoldo-sprint-28-gen-2023-RAGAZZE-1024x683.jpeg 1024w, https:\/\/www.radiopiu.net\/wordpress\/wp-content\/uploads\/2023\/01\/camp-ita-biathlon-zoldo-sprint-28-gen-2023-RAGAZZE-768x512.jpeg 768w, https:\/\/www.radiopiu.net\/wordpress\/wp-content\/uploads\/2023\/01\/camp-ita-biathlon-zoldo-sprint-28-gen-2023-RAGAZZE-1536x1024.jpeg 1536w, https:\/\/www.radiopiu.net\/wordpress\/wp-content\/uploads\/2023\/01\/camp-ita-biathlon-zoldo-sprint-28-gen-2023-RAGAZZE.jpeg 1600w\" sizes=\"auto, (max-width: 300px) 100vw, 300px\" \/><\/a>\n\t\t\t\t<\/dt>\n\t\t\t\t\t<dd class='wp-caption-text gallery-caption' id='gallery-1-319177'>\n\t\t\t\t\tRAGAZZE\n\t\t\t\t\t<\/dd><\/dl><br style=\"clear: both\" \/>\n\t\t\t<\/div>\n\n<p>&nbsp;<\/p>\n<p>&nbsp;<\/p>\n<p>*******<\/p>\n","protected":false},"excerpt":{"rendered":"<p>VAL DI ZOLDO Si \u00e8 svolta, al centro biathlon di Palafav\u00e8ra, in Val di Zoldo la prima giornata dei Campionati italiani delle categorie Ragazzi (under 13) e Allievi (under 15) di biathlon, manifestazione tornata per la terza volta nella suggestiva localit\u00e0 delle Dolomiti Bellunesi posta all\u2019ombra del Monte Pelmo e del Monte Civetta (le altre&hellip;<\/p>\n","protected":false},"author":4,"featured_media":319178,"comment_status":"closed","ping_status":"closed","sticky":false,"template":"","format":"standard","meta":{"_monsterinsights_skip_tracking":false,"_monsterinsights_sitenote_active":false,"_monsterinsights_sitenote_note":"","_monsterinsights_sitenote_category":0,"footnotes":""},"categories":[49],"tags":[],"class_list":["post-319173","post","type-post","status-publish","format-standard","has-post-thumbnail","hentry","category-news-18","category-49","description-off"],"img_url":"https:\/\/www.radiopiu.net\/wordpress\/wp-content\/uploads\/2023\/01\/BIATHLON.jpg","_links":{"self":[{"href":"https:\/\/www.radiopiu.net\/wordpress\/wp-json\/wp\/v2\/posts\/319173","targetHints":{"allow":["GET"]}}],"collection":[{"href":"https:\/\/www.radiopiu.net\/wordpress\/wp-json\/wp\/v2\/posts"}],"about":[{"href":"https:\/\/www.radiopiu.net\/wordpress\/wp-json\/wp\/v2\/types\/post"}],"author":[{"embeddable":true,"href":"https:\/\/www.radiopiu.net\/wordpress\/wp-json\/wp\/v2\/users\/4"}],"replies":[{"embeddable":true,"href":"https:\/\/www.radiopiu.net\/wordpress\/wp-json\/wp\/v2\/comments?post=319173"}],"version-history":[{"count":0,"href":"https:\/\/www.radiopiu.net\/wordpress\/wp-json\/wp\/v2\/posts\/319173\/revisions"}],"wp:featuredmedia":[{"embeddable":true,"href":"https:\/\/www.radiopiu.net\/wordpress\/wp-json\/wp\/v2\/media\/319178"}],"wp:attachment":[{"href":"https:\/\/www.radiopiu.net\/wordpress\/wp-json\/wp\/v2\/media?parent=319173"}],"wp:term":[{"taxonomy":"category","embeddable":true,"href":"https:\/\/www.radiopiu.net\/wordpress\/wp-json\/wp\/v2\/categories?post=319173"},{"taxonomy":"post_tag","embeddable":true,"href":"https:\/\/www.radiopiu.net\/wordpress\/wp-json\/wp\/v2\/tags?post=319173"}],"curies":[{"name":"wp","href":"https:\/\/api.w.org\/{rel}","templated":true}]}}