{"id":319291,"date":"2023-02-01T07:30:28","date_gmt":"2023-02-01T06:30:28","guid":{"rendered":"https:\/\/www.radiopiu.net\/wordpress\/?p=319291"},"modified":"2023-02-01T08:30:40","modified_gmt":"2023-02-01T07:30:40","slug":"goggia-e-shiffrin-alle-10-30-lungo-la-volata-pista-chiusa","status":"publish","type":"post","link":"https:\/\/www.radiopiu.net\/wordpress\/goggia-e-shiffrin-alle-10-30-lungo-la-volata-pista-chiusa\/","title":{"rendered":"GOGGIA E  SHIFFRIN ALLE 10.30 LUNGO LA VOLATA: PISTA CHIUSA"},"content":{"rendered":"<p>&nbsp;<\/p>\n<p><strong>AUDIO<\/strong><\/p>\n<p><strong>di Mirko Mezzacasa<\/strong><\/p>\n<p>ospite Renzo Minella<\/p>\n<audio class=\"wp-audio-shortcode\" id=\"audio-319291-1\" preload=\"none\" style=\"width: 100%;\" controls=\"controls\"><source type=\"audio\/mpeg\" src=\"https:\/\/www.radiopiu.net\/wordpress\/wp-content\/uploads\/2023\/01\/RENZO-MINELLA-1.mp3?_=1\" \/><a href=\"https:\/\/www.radiopiu.net\/wordpress\/wp-content\/uploads\/2023\/01\/RENZO-MINELLA-1.mp3\">https:\/\/www.radiopiu.net\/wordpress\/wp-content\/uploads\/2023\/01\/RENZO-MINELLA-1.mp3<\/a><\/audio>\n<p>&nbsp;<\/p>\n<p><strong><a class=\"dt-pswp-item\" href=\"https:\/\/www.radiopiu.net\/wordpress\/wp-content\/uploads\/2023\/01\/0eafcb5c-e642-415d-89b6-40612ebce0cb.jpg\" data-dt-img-description=\"\" data-large_image_width=\"1024\" data-large_image_height=\"768\"><img loading=\"lazy\" decoding=\"async\" class=\" wp-image-319294 alignleft\" src=\"https:\/\/www.radiopiu.net\/wordpress\/wp-content\/uploads\/2023\/01\/0eafcb5c-e642-415d-89b6-40612ebce0cb-300x225.jpg\" alt=\"\" width=\"165\" height=\"124\" srcset=\"https:\/\/www.radiopiu.net\/wordpress\/wp-content\/uploads\/2023\/01\/0eafcb5c-e642-415d-89b6-40612ebce0cb-300x225.jpg 300w, https:\/\/www.radiopiu.net\/wordpress\/wp-content\/uploads\/2023\/01\/0eafcb5c-e642-415d-89b6-40612ebce0cb-768x576.jpg 768w, https:\/\/www.radiopiu.net\/wordpress\/wp-content\/uploads\/2023\/01\/0eafcb5c-e642-415d-89b6-40612ebce0cb.jpg 1024w\" sizes=\"auto, (max-width: 165px) 100vw, 165px\" \/><\/a>VAL DI FASSA <\/strong>La Val di Fassa torna a a puntare l\u2019obiettivo sulle sue Piste Azzurre, casa degli azzurri dello sci alpino nazionale, grazie alla collaborazione fino al 2026 con la F.I.S.I che prevede l\u2019ospitalit\u00e0 di atleti, tecnici e piste d\u2019allenamento a loro riservate. Il calendario dello sci alpino dopo le intense settimane di Coppa del Mondo femminile e maschile \u00e8 puntato ora sui prossimi Campionati Mondiali di Courchevel, in Francia. Per molte squadre nazionali ed internazionali il luogo prescelto per rifinire la preparazione in vista del pi\u00f9 importante appuntamento della stagione \u00e8 proprio la Val di Fassa, sia per le discipline tecniche che quelle veloci. La nazionale austriaca di velocit\u00e0 femminile, ha terminato oggi una tre giorni di allenamento su LaVolata alla Ski Area San Pellegrino Dolomiti. Da alcuni giorni l\u2019allenamento del gruppo Coppa del Mondo Elite Femminile presenti le atlete: Curtoni, Melesi, Delago Nadia e Nicol, Marta Bassino, Laura Pirovano, Sofia Goggia\u00a0 e\u00a0 Mikaela Shiffrin con il suo team.<\/p>\n<p>&nbsp;<\/p>\n<p>&nbsp;<\/p>\n<p>******<\/p>\n","protected":false},"excerpt":{"rendered":"<p>&nbsp; AUDIO di Mirko Mezzacasa ospite Renzo Minella &nbsp; VAL DI FASSA La Val di Fassa torna a a puntare l\u2019obiettivo sulle sue Piste Azzurre, casa degli azzurri dello sci alpino nazionale, grazie alla collaborazione fino al 2026 con la F.I.S.I che prevede l\u2019ospitalit\u00e0 di atleti, tecnici e piste d\u2019allenamento a loro riservate. Il calendario&hellip;<\/p>\n","protected":false},"author":4,"featured_media":319294,"comment_status":"closed","ping_status":"closed","sticky":false,"template":"","format":"standard","meta":{"_monsterinsights_skip_tracking":false,"_monsterinsights_sitenote_active":false,"_monsterinsights_sitenote_note":"","_monsterinsights_sitenote_category":0,"footnotes":""},"categories":[49],"tags":[],"class_list":["post-319291","post","type-post","status-publish","format-standard","has-post-thumbnail","hentry","category-news-18","category-49","description-off"],"img_url":"https:\/\/www.radiopiu.net\/wordpress\/wp-content\/uploads\/2023\/01\/0eafcb5c-e642-415d-89b6-40612ebce0cb.jpg","_links":{"self":[{"href":"https:\/\/www.radiopiu.net\/wordpress\/wp-json\/wp\/v2\/posts\/319291","targetHints":{"allow":["GET"]}}],"collection":[{"href":"https:\/\/www.radiopiu.net\/wordpress\/wp-json\/wp\/v2\/posts"}],"about":[{"href":"https:\/\/www.radiopiu.net\/wordpress\/wp-json\/wp\/v2\/types\/post"}],"author":[{"embeddable":true,"href":"https:\/\/www.radiopiu.net\/wordpress\/wp-json\/wp\/v2\/users\/4"}],"replies":[{"embeddable":true,"href":"https:\/\/www.radiopiu.net\/wordpress\/wp-json\/wp\/v2\/comments?post=319291"}],"version-history":[{"count":0,"href":"https:\/\/www.radiopiu.net\/wordpress\/wp-json\/wp\/v2\/posts\/319291\/revisions"}],"wp:featuredmedia":[{"embeddable":true,"href":"https:\/\/www.radiopiu.net\/wordpress\/wp-json\/wp\/v2\/media\/319294"}],"wp:attachment":[{"href":"https:\/\/www.radiopiu.net\/wordpress\/wp-json\/wp\/v2\/media?parent=319291"}],"wp:term":[{"taxonomy":"category","embeddable":true,"href":"https:\/\/www.radiopiu.net\/wordpress\/wp-json\/wp\/v2\/categories?post=319291"},{"taxonomy":"post_tag","embeddable":true,"href":"https:\/\/www.radiopiu.net\/wordpress\/wp-json\/wp\/v2\/tags?post=319291"}],"curies":[{"name":"wp","href":"https:\/\/api.w.org\/{rel}","templated":true}]}}