{"id":319322,"date":"2023-01-30T07:55:08","date_gmt":"2023-01-30T06:55:08","guid":{"rendered":"https:\/\/www.radiopiu.net\/wordpress\/?p=319322"},"modified":"2023-01-30T08:45:10","modified_gmt":"2023-01-30T07:45:10","slug":"ascolta-la-rassegna-stampa-di-radiopiu-dal-1983-ogni-giorno-alle-otto-del-mattino-di-mirko-mezzacasa","status":"publish","type":"post","link":"https:\/\/www.radiopiu.net\/wordpress\/ascolta-la-rassegna-stampa-di-radiopiu-dal-1983-ogni-giorno-alle-otto-del-mattino-di-mirko-mezzacasa\/","title":{"rendered":"ASCOLTA LA RASSEGNA STAMPA DI RADIOPIU, DAL 1983 OGNI GIORNO ALLE OTTO DEL MATTINO DI MIRKO MEZZACASA"},"content":{"rendered":"<p><strong>BELLUNO<\/strong> Una nuova manovra messa in atto dalla Ulss1 per tamponare le falle, arrivano le guardie mediche in Pronto Soccorso per i pazienti con codici bianchi e verdi in orario diurno, compenso: 50 euro l&#8217;ora.La sperimentazione durer\u00e0 sei mesi.<br \/>\n<strong>BELLUNO<\/strong> I Laboratori analisi dell&#8217;Ulss Dolomiti saranno presto dotati di nuovi sistemi di diagnostica, \u00e8 stata aggiudicata la fornitura dei nuovi sistemi per 7 anni, per un valore complessivo di oltre 16 milioni di euro.<br \/>\n<strong>CRONACA<\/strong> 42enne di Pordenone, colto da malore durante una passeggiata al lago di Misurina. L&#8217;uomo, in compagnia, \u00e8 stato trasportato all&#8217;ospedale di Cortina per gli accertamenti del caso; escursionista scivola mentre in compagnia scende lungo il sentiero che dal Rifugio Semenza portano al Sasso della Madonna. Per la 63enne di Belluno frattura alla gamba<br \/>\n<strong>BELLUNO<\/strong> Venerd\u00ec sera in piazza dei Martiri, poco prima delle 20, un agente della polizia locale \u00e8 stato aggredito. La prognosi \u00e8 di cinque giorni. L\u2019evento si \u00e8 verificato durante l\u2019attivit\u00e0 di controllo e di prevenzione contro le soste abusive nel centro storico della citt\u00e0<br \/>\n<strong>LONGARONE<\/strong> Salvini gela Zaia e Padrin. Non ci sono soldi per lo skating, niente Oval in provincia, sar\u00e0 Torino la sede del pattinaggio olimpico dopo la rinuncia trentina.<br \/>\n<strong>CADORE<\/strong> C&#8217;\u00e8 una casa da abbattere, a Valle di Cadore in orario notturno chiude la statale di Alemagna, deviazioni in loco per i mezzi leggeri, giro ben pi\u00f9 lungo per i mezzi oltre le 3,5 tonnellate. Limitazioni fino a venerdi 3 febbraio.<br \/>\n<span style=\"color: #ff0000;\"><strong>VIVERE L&#8217;AGORDINO<\/strong><\/span> Oggi sul Corriere delle Alpi lo speciale di Gianni Santomaso, una nuova puntata dedicata a Nicholas e Christian al lavoro nella stalla a Rivamonte &#8220;Siamo i custodi della montagna&#8221;.<br \/>\n<strong>LONGARONE<\/strong> Il Partito Democratico del Veneto presenter\u00e0 un\u2019interrogazione urgente in Parlamento chiedendo al governo cosa intende fare per affrontare la propriet\u00e0 di Safilo che ha annunciato di voler dismettere lo stabilimento produttivo di Longarone e licenziare quasi 500 persone.<br \/>\n<strong>LUXOTTICA<\/strong> EssilorLuxottica sar\u00e0 presente alla Mostra Internazionale dell&#8217;Ottica (Mido) dopo i due anni caratterizzati dalle limitazioni imposte dal Covid. Uno spazio innovativo che presenta la nuova realt\u00e0 integrata: pi\u00f9 di mille metri quadrati per raccontare tutti i brand che oggi compongono l&#8217;azienda.<br \/>\n<strong>PONTE NELLE ALPI<\/strong> La sala riunioni della Casa Rossa, a Ponte nelle Alpi, sar\u00e0 dedicata a David Sassoli.<br \/>\n<strong>BORGO VALBELLUNA<\/strong> Agordini protagonisti alla gara di ape car nel ricordo di Thierry Brancaleone. Primo Andrea De Toni, secondo Marco Benvegn\u00f9. Tra le donne, successo di Francesca Balzan, trichianese.<br \/>\n<strong>AGORDO<\/strong> L\u2019universit\u00e0 degli anziani di Agordo \u00e8 pronta per tornare con le lezioni in presenza. \u00c8 stato stilato il calendario degli eventi in programma dal 7 febbraio al 2 maggio. Ogni marted\u00ec gli incontri si svolgeranno in sala Don Tamis dalle 15 alle 17.<br \/>\n<strong>CANALE D\u2019AGORDO<\/strong> Cinque km illuminati da fiaccole da percorrere ciaspole ai piedi, tra un ristoro e l\u2019altro di prodotti tipici come Gulasch e minestra d\u2019orzo. Tutto questo \u00e8 la Casparetha, la camminata sulla neve, competitiva e non, che si terr\u00e0 sabato 4 febbraio a Canale d\u2019Agordo. Partenza, alle ore 19, da piazza Papa Luciani<br \/>\n<span style=\"color: #0000ff;\">CALCIO<\/span> A PONTE NELLE ALPI L\u2019AGORDINA INCAMERA TRE PUNTI CON UN RIGORE<br \/>\n<span style=\"color: #0000ff;\">HOCKEY SU GHIACCIO<\/span> IL COMO CALA IL POKER AD ALLEGHE, CIVETTE DI NUOVO KO<br \/>\n<span style=\"color: #0000ff;\">PATTINAGGIO ARTISTICO<\/span> NADIA BORTOT AGLI EUROPEI DI PATTINAGGIO ARTISTICO<br \/>\n<span style=\"color: #0000ff;\">CALCIO A 5<\/span> LA CANOTTIERI PERDE A TESTA ALTA CONTRO LA PRIMA DELLA CLASSE<br \/>\n<span style=\"color: #0000ff;\">PALLAVOLO<\/span> IL VOLLEY CLUB AGORDINO CROLLA IN TERRA TREVIGIANA<br \/>\nPALLAVOLO BELLUNO INCASSA UN\u2019ALTRA SCONFITTA CON IL GARLASCO<br \/>\n<span style=\"color: #0000ff;\">SCI ALPINO<\/span> BIS A CORTINA PER ODERMATT, PARIS SECONDO<br \/>\nSOFIA GOGGIA E COMPAGNE SULLA PISTA LA VOLATA PER PREPARARE I MONDIALI<br \/>\nAD ALLEGHE DUE GARE DI SLALOM GIGANTE PER LA COPPA VENETO nel ricordo di FABRIZIO BASSOT E DEBORA NARDI.<br \/>\nLO SCI CLUB ARABBA FA BOTTINO PIENO SUL NEVEGAL<br \/>\n<span style=\"color: #0000ff;\">BIATHLON<\/span><br \/>\nCAMPIONATI ITALIANI DI BIATHLON RAGAZZI \u2013 ALLIEVI A VAL DI ZOLDO<\/p>\n<p>&nbsp;<\/p>\n<p>&nbsp;<\/p>\n<p><iframe loading=\"lazy\" title=\"RASSEGNA STAMPA LOCALE\" width=\"1200\" height=\"675\" src=\"https:\/\/www.youtube.com\/embed\/0lYl7ZP4q0c?feature=oembed\" frameborder=\"0\" allow=\"accelerometer; autoplay; clipboard-write; encrypted-media; gyroscope; picture-in-picture; web-share\" allowfullscreen><\/iframe><\/p>\n<p>&nbsp;<\/p>\n<hr \/>\n<p>&nbsp;<\/p>\n","protected":false},"excerpt":{"rendered":"<p>BELLUNO Una nuova manovra messa in atto dalla Ulss1 per tamponare le falle, arrivano le guardie mediche in Pronto Soccorso per i pazienti con codici bianchi e verdi in orario diurno, compenso: 50 euro l&#8217;ora.La sperimentazione durer\u00e0 sei mesi. BELLUNO I Laboratori analisi dell&#8217;Ulss Dolomiti saranno presto dotati di nuovi sistemi di diagnostica, \u00e8 stata&hellip;<\/p>\n","protected":false},"author":4,"featured_media":319318,"comment_status":"closed","ping_status":"closed","sticky":false,"template":"","format":"standard","meta":{"_monsterinsights_skip_tracking":false,"_monsterinsights_sitenote_active":false,"_monsterinsights_sitenote_note":"","_monsterinsights_sitenote_category":0,"footnotes":""},"categories":[104,49,142],"tags":[],"class_list":["post-319322","post","type-post","status-publish","format-standard","has-post-thumbnail","hentry","category-evidenza_3","category-news-18","category-rassegna-stampa","category-104","category-49","category-142","description-off"],"img_url":"https:\/\/www.radiopiu.net\/wordpress\/wp-content\/uploads\/2023\/01\/Senza-nome-71.jpg","_links":{"self":[{"href":"https:\/\/www.radiopiu.net\/wordpress\/wp-json\/wp\/v2\/posts\/319322","targetHints":{"allow":["GET"]}}],"collection":[{"href":"https:\/\/www.radiopiu.net\/wordpress\/wp-json\/wp\/v2\/posts"}],"about":[{"href":"https:\/\/www.radiopiu.net\/wordpress\/wp-json\/wp\/v2\/types\/post"}],"author":[{"embeddable":true,"href":"https:\/\/www.radiopiu.net\/wordpress\/wp-json\/wp\/v2\/users\/4"}],"replies":[{"embeddable":true,"href":"https:\/\/www.radiopiu.net\/wordpress\/wp-json\/wp\/v2\/comments?post=319322"}],"version-history":[{"count":0,"href":"https:\/\/www.radiopiu.net\/wordpress\/wp-json\/wp\/v2\/posts\/319322\/revisions"}],"wp:featuredmedia":[{"embeddable":true,"href":"https:\/\/www.radiopiu.net\/wordpress\/wp-json\/wp\/v2\/media\/319318"}],"wp:attachment":[{"href":"https:\/\/www.radiopiu.net\/wordpress\/wp-json\/wp\/v2\/media?parent=319322"}],"wp:term":[{"taxonomy":"category","embeddable":true,"href":"https:\/\/www.radiopiu.net\/wordpress\/wp-json\/wp\/v2\/categories?post=319322"},{"taxonomy":"post_tag","embeddable":true,"href":"https:\/\/www.radiopiu.net\/wordpress\/wp-json\/wp\/v2\/tags?post=319322"}],"curies":[{"name":"wp","href":"https:\/\/api.w.org\/{rel}","templated":true}]}}