{"id":319334,"date":"2023-01-31T05:43:33","date_gmt":"2023-01-31T04:43:33","guid":{"rendered":"https:\/\/www.radiopiu.net\/wordpress\/?p=319334"},"modified":"2023-01-31T09:50:38","modified_gmt":"2023-01-31T08:50:38","slug":"giornale-radiopiu-31-gennaio-2023-direttore-mirko-mezzacasa-verso-i-40-anni-25-giugno-1983-25-giugno-2023","status":"publish","type":"post","link":"https:\/\/www.radiopiu.net\/wordpress\/giornale-radiopiu-31-gennaio-2023-direttore-mirko-mezzacasa-verso-i-40-anni-25-giugno-1983-25-giugno-2023\/","title":{"rendered":"GIORNALE RADIOPIU 31 GENNAIO 2023 DIRETTORE MIRKO MEZZACASA&#8230;verso i 40 anni 25 giugno 1983-25 giugno 2023"},"content":{"rendered":"<h3 class=\"kvgmc6g5 cxmmr5t8 oygrvhab hcukyx3x c1et5uql\"><span style=\"color: #0000ff;\"><strong>RADIO PIU INFORMAZIONE il canale su TELEGRAM informazione di prima\u00a0 <\/strong><strong>mano e in tempo reale. iscriviti ed aiutaci a farlo conoscere\u00a0<\/strong><\/span><\/h3>\n<h2 style=\"text-align: left;\"><span style=\"color: #ff0000;\">ISCRIVITI AL NOSTRO CANALE YOUTUBE PER SEGUIRE IN DIRETTA I PRINCIPALI PROGRAMMI DI RADIO PIU&#8217; E LE FUTURE DIRETTE IN ESTERNA. PER ISCRIVERTI <a style=\"color: #ff0000;\" href=\"https:\/\/youtube.com\/@radiopiu1527\">CLICCA QUI<\/a> E PREMI IL TASTO &#8220;Iscriviti&#8221;\u00a0<\/span><\/h2>\n<p>&nbsp;<\/p>\n<p>&nbsp;<\/p>\n<hr \/>\n<p>&nbsp;<\/p>\n<blockquote>\n<h3><img loading=\"lazy\" decoding=\"async\" class=\"alignleft\" src=\"https:\/\/www.radiopiu.net\/wordpress\/wp-content\/uploads\/2021\/04\/vento.jpg\" width=\"147\" height=\"120\" \/>METEO. DICHIARATA FASE OPERATIVA DI ATTENZIONE PER VENTO FORTE<\/h3>\n<\/blockquote>\n<p><strong>VENEZIA<\/strong>\u00a0 Fino al pomeriggio, venti forti dai quadranti settentrionali in quota, con raffiche di Foehn anche in alcuni fondovalle, specie sulle Dolomiti. Al fine di garantire un monitoraggio costante della situazione e la massima prontezza operativa del Sistema Regionale di Protezione Civile, \u00e8 stata dichiarata la fase operativa di attenzione per venti forti nelle zone montane, specialmente in quota<\/p>\n<p>&nbsp;<\/p>\n<p>&nbsp;<\/p>\n<blockquote>\n<hr \/>\n<h3><strong>\u00a0<\/strong><\/h3>\n<h3><strong>CHIUSURA NOTTURNA DELL&#8217;ALEMAGNA, MEZZI PESANTI DEVIATI PER AURONZO<\/strong><strong style=\"font-size: 14px;\">\u00a0<\/strong><\/h3>\n<\/blockquote>\n<div>Fino a venerdi 3 febbraio\u00a0 l&#8217;Alemagna chiude di notte dalle 21.30 alle 6 di mattina per permettere l&#8217;abbattimento della casa sulla curva della macelleria. Il traffico leggero viene deviato lungo la comunale di via San Rocco. Per i mezzi pesanti deviazioni per la statale 51 bis e regionali 48 e 48 bis.<\/div>\n<div><\/div>\n<div>foto Ivan Nascimben<\/div>\n<div>\n\n\t\t\t<style type='text\/css'>\n\t\t\t\t#gallery-1 {\n\t\t\t\t\tmargin: auto;\n\t\t\t\t}\n\t\t\t\t#gallery-1 .gallery-item {\n\t\t\t\t\tfloat: left;\n\t\t\t\t\tmargin-top: 10px;\n\t\t\t\t\ttext-align: center;\n\t\t\t\t\twidth: 25%;\n\t\t\t\t}\n\t\t\t\t#gallery-1 img {\n\t\t\t\t\tborder: 2px solid #cfcfcf;\n\t\t\t\t}\n\t\t\t\t#gallery-1 .gallery-caption {\n\t\t\t\t\tmargin-left: 0;\n\t\t\t\t}\n\t\t\t\t\/* see gallery_shortcode() in wp-includes\/media.php *\/\n\t\t\t<\/style>\n\t\t<div id='gallery-1' class='dt-gallery-container gallery galleryid-319334 gallery-columns-4 gallery-size-thumbnail'><dl class='gallery-item'>\n\t\t\t\t<dt class='gallery-icon landscape'>\n\t\t\t\t\t<a class=\"rollover rollover-zoom dt-pswp-item\" title=\"323843407_720527892855737_6436566904969489171_n\" data-dt-img-description=\"\" data-large_image_width=\"960\" data-large_image_height=\"720\"href='https:\/\/www.radiopiu.net\/wordpress\/wp-content\/uploads\/2023\/01\/323843407_720527892855737_6436566904969489171_n.jpg'><img loading=\"lazy\" decoding=\"async\" width=\"150\" height=\"150\" src=\"https:\/\/www.radiopiu.net\/wordpress\/wp-content\/uploads\/2023\/01\/323843407_720527892855737_6436566904969489171_n-150x150.jpg\" class=\"attachment-thumbnail size-thumbnail\" alt=\"\" \/><\/a>\n\t\t\t\t<\/dt><\/dl><dl class='gallery-item'>\n\t\t\t\t<dt class='gallery-icon landscape'>\n\t\t\t\t\t<a class=\"rollover rollover-zoom dt-pswp-item\" title=\"323736729_731506465046418_3961658986978209026_n\" data-dt-img-description=\"\" data-large_image_width=\"960\" data-large_image_height=\"720\"href='https:\/\/www.radiopiu.net\/wordpress\/wp-content\/uploads\/2023\/01\/323736729_731506465046418_3961658986978209026_n.jpg'><img loading=\"lazy\" decoding=\"async\" width=\"150\" height=\"150\" src=\"https:\/\/www.radiopiu.net\/wordpress\/wp-content\/uploads\/2023\/01\/323736729_731506465046418_3961658986978209026_n-150x150.jpg\" class=\"attachment-thumbnail size-thumbnail\" alt=\"\" \/><\/a>\n\t\t\t\t<\/dt><\/dl><dl class='gallery-item'>\n\t\t\t\t<dt class='gallery-icon landscape'>\n\t\t\t\t\t<a class=\"rollover rollover-zoom dt-pswp-item\" title=\"323980813_904934380633481_1738186265861105514_n\" data-dt-img-description=\"\" data-large_image_width=\"960\" data-large_image_height=\"720\"href='https:\/\/www.radiopiu.net\/wordpress\/wp-content\/uploads\/2023\/01\/323980813_904934380633481_1738186265861105514_n.jpg'><img loading=\"lazy\" decoding=\"async\" width=\"150\" height=\"150\" src=\"https:\/\/www.radiopiu.net\/wordpress\/wp-content\/uploads\/2023\/01\/323980813_904934380633481_1738186265861105514_n-150x150.jpg\" class=\"attachment-thumbnail size-thumbnail\" alt=\"\" \/><\/a>\n\t\t\t\t<\/dt><\/dl><dl class='gallery-item'>\n\t\t\t\t<dt class='gallery-icon landscape'>\n\t\t\t\t\t<a class=\"rollover rollover-zoom dt-pswp-item\" title=\"325532321_635748424986599_825754128675435695_n\" data-dt-img-description=\"\" data-large_image_width=\"960\" data-large_image_height=\"720\"href='https:\/\/www.radiopiu.net\/wordpress\/wp-content\/uploads\/2023\/01\/325532321_635748424986599_825754128675435695_n.jpg'><img loading=\"lazy\" decoding=\"async\" width=\"150\" height=\"150\" src=\"https:\/\/www.radiopiu.net\/wordpress\/wp-content\/uploads\/2023\/01\/325532321_635748424986599_825754128675435695_n-150x150.jpg\" class=\"attachment-thumbnail size-thumbnail\" alt=\"\" \/><\/a>\n\t\t\t\t<\/dt><\/dl><br style=\"clear: both\" \/>\n\t\t\t<\/div>\n\n<p>&nbsp;<\/p>\n<hr \/>\n<p>&nbsp;<\/p>\n<blockquote>\n<h3>SI ALLONTANA PER UNA PASSEGGIATA, BLOCCATO DAL FREDDO<\/h3>\n<\/blockquote>\n<p><strong>CORTINA\u00a0<\/strong> Incamminatosi da Pian da Lago per una passeggiata lungo una strada forestale, un 67enne di Roma ha proseguito pensando di rientrare poi con i mezzi pubblici, ma si \u00e8 dovuto fermare infreddolito dalla neve all&#8217;altezza di Dogana Vecchia e ha chiesto aiuto al 118. Una squadra del Soccorso alpino di San Vito di Cadore, dopo che la Centrale operativa \u00e8 risalita alla posizione tramite Whatsapp, lo ha raggiunto in quad, per portarlo fino al proprio mezzo e riaccompagnarlo a Pian da Lago.<\/p>\n<p>&nbsp;<\/p>\n<hr \/>\n<p>&nbsp;<\/p>\n<blockquote>\n<h2>STUDENTESSA PALPEGGIATA ALLA SENTINELLA, MINORENNE CONDANNATO<\/h2>\n<\/blockquote>\n<p><strong>OGGI SUL CORRIERE DELLE ALPI<\/strong><\/p>\n<p><strong>DI GIGI SOSSO<\/strong><\/p>\n<p><strong><img loading=\"lazy\" decoding=\"async\" class=\"alignleft\" src=\"https:\/\/www.radiopiu.net\/wordpress\/wp-content\/uploads\/2023\/01\/th-13.jpg\" width=\"177\" height=\"133\" \/>FELTRE<\/strong> Baci e abbracci per niente innocenti. Uno studente di 17 anni questo era anche disposto ad ammetterlo. Ma una ragazza di un anno pi\u00f9 giovane l&#8217;ha portato al Tribunale dei Minori di Venezia, sostenendo di essere stata anche costretta contro un muro e pesantemente palpeggiata nelle parti intime. Molto pi\u00f9 grave: il conoscente, diventato imputato, \u00e8 stato condannato a due anni e otto mesi per violenza sessuale aggravata. Secondo lui, quanto accaduto il 16 gennaio 2020, lungo il sentiero della Sentinella di Feltre, \u00e8 stato consenziente e il suo difensore Roberta Resenterra far\u00e0 appello. Mentre la giovane donna, che \u00e8 stata sentita in audizione protetta, ha raccontato di essere stata costretta a piantargli le unghie sulla mano per farlo smettere, in quanto stava subendo una violenza. Pena sospesa. Da aggiungere che in caso di minori non si possono chiedere i danni&#8230;\u00a0 Nell&#8217;interrogatorio, l&#8217;imputato ha ammesso di averla baciata, ma l&#8217;unica cosa che gli ha evitato una condanna pi\u00f9 pesante \u00e8 la durata limitata del contestato abuso. Il pm Pasqualetto ha chiesto e ottenuto una condanna a due anni e otto mesi dal collegio, partendo da una pena base di sei.<\/p>\n<p>&nbsp;<\/p>\n<\/div>\n<hr \/>\n<p>&nbsp;<\/p>\n<blockquote>\n<h3>STANNO PER VOLGERE AL TERMINE I LAVORI IN VALCOZZENA. LA COMMISSIONE TRASPORTI DELLA RSU DI AGORDO FA IL PUNTO<\/h3>\n<\/blockquote>\n<p><strong><a class=\"dt-pswp-item\" href=\"https:\/\/www.radiopiu.net\/wordpress\/wp-content\/uploads\/2023\/01\/203107939-24157d75-8501-4894-9312-a63ec63d5a45.jpg\" data-dt-img-description=\"\" data-large_image_width=\"800\" data-large_image_height=\"450\"><img loading=\"lazy\" decoding=\"async\" class=\" wp-image-319430 alignleft\" src=\"https:\/\/www.radiopiu.net\/wordpress\/wp-content\/uploads\/2023\/01\/203107939-24157d75-8501-4894-9312-a63ec63d5a45-300x169.jpg\" alt=\"\" width=\"218\" height=\"123\" srcset=\"https:\/\/www.radiopiu.net\/wordpress\/wp-content\/uploads\/2023\/01\/203107939-24157d75-8501-4894-9312-a63ec63d5a45-300x169.jpg 300w, https:\/\/www.radiopiu.net\/wordpress\/wp-content\/uploads\/2023\/01\/203107939-24157d75-8501-4894-9312-a63ec63d5a45-768x432.jpg 768w, https:\/\/www.radiopiu.net\/wordpress\/wp-content\/uploads\/2023\/01\/203107939-24157d75-8501-4894-9312-a63ec63d5a45.jpg 800w\" sizes=\"auto, (max-width: 218px) 100vw, 218px\" \/><\/a>AGORDO\u00a0<\/strong>Stanno per volgere al termine i lavori della nuova area parcheggi in localit\u00e0 Valcozzena ad Agordo. Luxottica ha comunicato alla RSU dello stabilimento di Agordo che con i nuovi spazi dedicati alle maestranze ci sono circa 200 parcheggi in pi\u00f9. &#8220;<em>I cambiamenti positivi sono visibili, a cominciare dallo spostamento dell&#8217;area di sosta autobus che adesso si trova adiacente la portineria, evitando a centinaia di persone di dover attraversare la strada ad ogni cambio turno con relativo blocco del passaggio auto e rischio di investimento. Una soluzione di cui la Commissione trasporti discuteva da tempo con l&#8217;Azienda e che ha finalmente trovato applicazione &#8211; dicono i rappresentanti della commissione trasporti RSU di Agordo &#8211; Un ulteriore miglioramento \u00e8 stata la rotatoria all&#8217;uscita sud del parcheggio, adesso il deflusso delle auto \u00e8 molto pi\u00f9 veloce rispetto a prima. In effetti con la nuova disposizione dei parcheggi il flusso del traffico \u00e8 nell&#8217;insieme pi\u00f9 ordinato rispetto a prima. Le domande pi\u00f9 frequentemente ricevute riguardano per\u00f2 il numero di posti disponibili adesso che i lavori sono pressoch\u00e9 terminati, in molti hanno la sensazione che i posti non siano aumentati rispetto a prima, visto che le difficolt\u00e0 di parcheggio in certi orari <a class=\"dt-pswp-item\" href=\"https:\/\/www.radiopiu.net\/wordpress\/wp-content\/uploads\/2023\/01\/lux-1.jpg\" data-dt-img-description=\"\" data-large_image_width=\"257\" data-large_image_height=\"118\"><img loading=\"lazy\" decoding=\"async\" class=\"size-full wp-image-319529 alignright\" src=\"https:\/\/www.radiopiu.net\/wordpress\/wp-content\/uploads\/2023\/01\/lux-1.jpg\" alt=\"\" width=\"257\" height=\"118\" \/><\/a>persistono. L&#8217;Azienda ci aveva detto\u00a0 &#8211; continua la commissione trasporti &#8211; che a termine lavori vi sarebbero stati circa 200 parcheggi in pi\u00f9; da una nostra valutazione, confrontando le planimetrie dei nuovi parcheggi con le foto della situazione precedente, in effetti i posti auto regolari su area pavimentata sono molti pi\u00f9 di prima, a cominciare dalla nuova area di sosta a fianco del bar. Nel complesso, rispetto ad un anno fa, i posti complessivamente disponibili sono aumentati anche se in misura inferiore alle aspettative dei colleghi. Nell&#8217;ultimo anno, inoltre, sono aumentati anche i lavoratori che prestano servizio in azienda e di conseguenza \u00e8 aumentato il numero di auto che arrivano ogni giorno in Valcozzena. Ricordiamo comunque ai colleghi che \u00e8 attivo un collegamento navetta dai parcheggi di Agordo in varie fasce orarie e soprattutto vi \u00e8 un servizio autobus che copre molte tratte (non tutte purtroppo) anche per i turnisti e che sarebbe una scelta conveniente per lasciare direttamente a casa l&#8217;automobile. Ricordiamo infine\u00a0 &#8211; conclude la RSU dello stabilimento Luxottica di Agordo &#8211; la nuova area di sosta per le due ruote, in fase di ultimazione, molto pi\u00f9 ampia rispetto a prima. Una miglioria molto attesa dagli utenti e sollecitata pi\u00f9 volte dalla Commissione Trasporti, visto il sempre pi\u00f9 elevato numero di bici e moto che per buona parte dell&#8217;anno affollava ben oltre capienza l&#8217;area attuale<\/em>&#8220;.<\/p>\n<p>&nbsp;<\/p>\n<hr \/>\n<p>&nbsp;<\/p>\n<blockquote>\n<h3>A CALALZO OLTRE 800 MILA EURO PER L&#8217;EFFICENTAMENTO ENERGETICO DELLE STRUTTURE PUBBLICHE<\/h3>\n<\/blockquote>\n<p><strong> <a class=\"dt-pswp-item\" href=\"https:\/\/www.radiopiu.net\/wordpress\/wp-content\/uploads\/2023\/01\/Calalzo.jpg\" data-dt-img-description=\"\" data-large_image_width=\"2048\" data-large_image_height=\"1536\"><img loading=\"lazy\" decoding=\"async\" class=\" wp-image-319434 alignleft\" src=\"https:\/\/www.radiopiu.net\/wordpress\/wp-content\/uploads\/2023\/01\/Calalzo-300x225.jpg\" alt=\"\" width=\"148\" height=\"111\" srcset=\"https:\/\/www.radiopiu.net\/wordpress\/wp-content\/uploads\/2023\/01\/Calalzo-300x225.jpg 300w, https:\/\/www.radiopiu.net\/wordpress\/wp-content\/uploads\/2023\/01\/Calalzo-1024x768.jpg 1024w, https:\/\/www.radiopiu.net\/wordpress\/wp-content\/uploads\/2023\/01\/Calalzo-768x576.jpg 768w, https:\/\/www.radiopiu.net\/wordpress\/wp-content\/uploads\/2023\/01\/Calalzo-1536x1152.jpg 1536w, https:\/\/www.radiopiu.net\/wordpress\/wp-content\/uploads\/2023\/01\/Calalzo.jpg 2048w\" sizes=\"auto, (max-width: 148px) 100vw, 148px\" \/><\/a>CALALZO DI CADORE <\/strong>Ottime notizie per il Comune di Calalzo di Cadore: \u00a0sono stati finanziati tutti e cinque i progetti presentati in occasione della pubblicazione dell&#8217;avviso pubblico \u201cCSE \u2013 Comuni per la Sostenibilit\u00e0 e l&#8217;Efficienza energetica\u201d promosso dal Ministero dell&#8217;Ambiente e della Sicurezza Energetica, per un totale di oltre 800mila euro complessivi. Il fondo totale per questo avviso ammontava a 320 milioni di euro. Gli edifici interessati da interventi di sostituzione dei serramenti e di schermatura sono il municipio (91mila euro), la biblioteca (97mila euro) e la scuola primaria (248mila euro); oggetti di questi e altri interventi sono anche la scuola materna &#8211; che vedr\u00e0 pure un&#8217;operazione di \u201crelamping\u201d, ossia la sostituzione dell&#8217;illuminazione tradizionale con sistemi a led (148mila euro) &#8211; e la scuola secondaria (oggetto di \u201crelamping\u201d e anche di installazione di un sistema fotovoltaico; 225mila euro). Municipio, scuola primaria e biblioteca sono invece gi\u00e0 oggetto di operazione di \u201crelamping\u201d grazie ad altri finanziamenti.<\/p>\n<p>&nbsp;<\/p>\n<hr \/>\n<p>&nbsp;<\/p>\n<blockquote>\n<h3>NUOVO STABILIMENTO PRODUTTIVO DELLA JF AMMON<\/h3>\n<p>Convocato un tavolo per il caso Safilo<\/p><\/blockquote>\n<p><strong>BELLUNO<\/strong> A Ponte nelle Alpi sorger\u00e0 un nuovo stabilimento, con la creazione di posti di lavoro. La conferenza dei servizi ha dato l\u2019ok\u00a0 alla variante urbanistica per il progetto di ampliamento presentato dalla J.F. Amonn, azienda che produce colori e vernici, e che ha intenzione di occupare nuovi campi di business. Il nuovo sito produttivo infatti rientra in una nuova attivit\u00e0 avviata da J.F. Amonn, riguardante la divisione \u201chotel\u201d, specializzata nella produzione e confezionamento di cosmetici a servizio degli alberghi. L\u2019area interessata dall\u2019intervento \u00e8 di circa 9.100 metri quadrati, con una superficie coperta del nuovo stabilimento di 3.000 metri quadrati. Il progetto prevede un impianto fotovoltaico in copertura e uso di tecnologie e materiali a ridotto impatto.\u00a0 La previsione dell\u2019azienda \u00e8 di 89 nuovi posti di lavoro, di cui 40 tra produzione e ricerca.<\/p>\n<p>Sulla crisi di Safilo, la Provincia sta monitorando la situazione. Il presidente e sindaco di Longarone ha convocato per gioved\u00ec alle 17 in municipio a Longarone un tavolo territoriale con il senatore Luca De Carlo, la Regione Veneto, i rappresentanti sindacali e i sindaci bellunesi (invitati attraverso le Unioni Montane).<em> \u00abDobbiamo fare tutto ci\u00f2 che \u00e8 possibile per salvare la fabbrica, ognuno per quanto di sua competenza &#8211; dice il presidente Padrin -. E salvaguardare la tenuta occupazionale\u00bb.\u00a0<\/em><\/p>\n<p>&nbsp;<\/p>\n<p>&nbsp;<\/p>\n<hr \/>\n<p>&nbsp;<\/p>\n<blockquote>\n<h3>FORMAZIONE E PROMOZIONE DEL SETTORE LATTIERO-CASEARIO<\/h3>\n<\/blockquote>\n<p><strong><a class=\"dt-pswp-item\" href=\"https:\/\/www.radiopiu.net\/wordpress\/wp-content\/uploads\/2023\/01\/gruppo-allievi-casari-scaled.jpg\" data-dt-img-description=\"\" data-large_image_width=\"2560\" data-large_image_height=\"1920\"><img loading=\"lazy\" decoding=\"async\" class=\" wp-image-319436 alignleft\" src=\"https:\/\/www.radiopiu.net\/wordpress\/wp-content\/uploads\/2023\/01\/gruppo-allievi-casari-300x225.jpg\" alt=\"\" width=\"164\" height=\"123\" srcset=\"https:\/\/www.radiopiu.net\/wordpress\/wp-content\/uploads\/2023\/01\/gruppo-allievi-casari-300x225.jpg 300w, https:\/\/www.radiopiu.net\/wordpress\/wp-content\/uploads\/2023\/01\/gruppo-allievi-casari-1024x768.jpg 1024w, https:\/\/www.radiopiu.net\/wordpress\/wp-content\/uploads\/2023\/01\/gruppo-allievi-casari-768x576.jpg 768w, https:\/\/www.radiopiu.net\/wordpress\/wp-content\/uploads\/2023\/01\/gruppo-allievi-casari-1536x1152.jpg 1536w, https:\/\/www.radiopiu.net\/wordpress\/wp-content\/uploads\/2023\/01\/gruppo-allievi-casari-2048x1536.jpg 2048w\" sizes=\"auto, (max-width: 164px) 100vw, 164px\" \/><\/a>BELLUNO<\/strong> Formazione dei giovani casari, aggiornamento per chi conosce gi\u00e0 l\u2019antica arte del \u201cfar formaggio\u201d, e promozione del settore lattiero-caseario e dei suoi prodotti, fortemente identificativi del territorio. Sono questi gli obiettivi strategici dell\u2019accordo Provincia-Istituto Agrario, siglato a fine anno e indirizzato a mettere in campo alcune azioni precise, a partire da un corso specifico per \u201ccostruire\u201d la figura del casaro, che vede la scuola in prima linea. Si partir\u00e0 con la partecipazione alla Fiera Agrimont a Longarone, con l\u2019allestimento di un laboratorio dimostrativo di caseificazione gestito dagli studenti dell\u2019Istituto Agrario, affiancato da un percorso di degustazione guidata e analisi sensoriale dei formaggi prodotti dai diversi caseifici e latterie del territorio bellunese, per poi continuare con la partecipazione ad altre importanti fiere del settore con rilevanza nazionale.<\/p>\n<p><strong>IL CONSIGLIERE PROVINCIALE SIMONE DEOLA<\/strong><\/p>\n<audio class=\"wp-audio-shortcode\" id=\"audio-319334-1\" preload=\"none\" style=\"width: 100%;\" controls=\"controls\"><source type=\"audio\/mpeg\" src=\"https:\/\/www.radiopiu.net\/wordpress\/wp-content\/uploads\/2023\/01\/SIMONE-DEOLA.mp3?_=1\" \/><a href=\"https:\/\/www.radiopiu.net\/wordpress\/wp-content\/uploads\/2023\/01\/SIMONE-DEOLA.mp3\">https:\/\/www.radiopiu.net\/wordpress\/wp-content\/uploads\/2023\/01\/SIMONE-DEOLA.mp3<\/a><\/audio>\n<p>&nbsp;<\/p>\n<p>&nbsp;<\/p>\n<hr \/>\n<p>&nbsp;<\/p>\n<blockquote>\n<h3>I 121 ANNI DELLA FESTA DELL&#8217;ESEMPON, GRANDE PARTECIPAZIONE<\/h3>\n<\/blockquote>\n<p><strong>PONTE NELLE ALPI\u00a0<\/strong> Domenica\u00a0 si \u00e8 svolta la Festa degli Emigranti Bellunesi: una storia che trae la radici sin dall\u2019800 quando si partiva per lavorare all\u2019estero, in particolare verso i paesi dell\u2019Est Europa, a costruire ferrovie. Da qui, il nome \u201cEsempon\u201d, termine dialettale dal tedesco Eisenbahn: per l&#8217;appunto, ferrovia.<span class=\"gmail-Apple-converted-space\"> \u00a0<\/span>La manifestazione \u00e8 iniziata con la Santa Messa celebrata da don Giuseppe, nella chiesa di San Giacomo, accompagnata dalla Corale Parrocchiale. Alle 12.30, invece, si \u00e8 svolto il tradizionale pranzo nella cooperativa di Soccher, allietato dalle poesie e dai racconti di Italo Rualta. L\u2019organizzazione \u00e8 stata curata dal gruppo di volontariato \u201cSorelle Fontana Granda\u201d, e dal presidente della Cooperativa di Soccher, Oliseo Salvagno.<span class=\"gmail-Apple-converted-space\"> \u00a0<\/span>Erano presenti il sindaco Paolo Vendramini, il presidente Abm Oscar De Bona e la vice Burigo, oltre al coordinatore della Famiglia Emigranti di Ponte nelle Alpi, Fulvio De Pasqual. Alla Festa hanno partecipato oltre 50 persone della comunit\u00e0 di Soccher.<\/p>\n<p><span class=\"gmail-Apple-converted-space\"><a class=\"dt-pswp-item\" href=\"https:\/\/www.radiopiu.net\/wordpress\/wp-content\/uploads\/2023\/01\/Festa_Esempon_a_Soccher.jpg\" data-dt-img-description=\"\" data-large_image_width=\"1024\" data-large_image_height=\"768\"><img loading=\"lazy\" decoding=\"async\" class=\"size-medium wp-image-319473 aligncenter\" src=\"https:\/\/www.radiopiu.net\/wordpress\/wp-content\/uploads\/2023\/01\/Festa_Esempon_a_Soccher-300x225.jpg\" alt=\"\" width=\"300\" height=\"225\" srcset=\"https:\/\/www.radiopiu.net\/wordpress\/wp-content\/uploads\/2023\/01\/Festa_Esempon_a_Soccher-300x225.jpg 300w, https:\/\/www.radiopiu.net\/wordpress\/wp-content\/uploads\/2023\/01\/Festa_Esempon_a_Soccher-768x576.jpg 768w, https:\/\/www.radiopiu.net\/wordpress\/wp-content\/uploads\/2023\/01\/Festa_Esempon_a_Soccher.jpg 1024w\" sizes=\"auto, (max-width: 300px) 100vw, 300px\" \/><\/a><\/span><\/p>\n<p>&nbsp;<\/p>\n<p>&nbsp;<\/p>\n<hr \/>\n<p>&nbsp;<\/p>\n<blockquote>\n<h3><a class=\"dt-pswp-item\" href=\"https:\/\/www.radiopiu.net\/wordpress\/wp-content\/uploads\/2022\/11\/Municipio_di_Ponte_nelle_Alpi.jpg\" data-dt-img-description=\"\" data-large_image_width=\"1591\" data-large_image_height=\"1193\"><img loading=\"lazy\" decoding=\"async\" class=\"size-medium wp-image-308042 alignleft\" src=\"https:\/\/www.radiopiu.net\/wordpress\/wp-content\/uploads\/2022\/11\/Municipio_di_Ponte_nelle_Alpi-300x225.jpg\" alt=\"\" width=\"300\" height=\"225\" srcset=\"https:\/\/www.radiopiu.net\/wordpress\/wp-content\/uploads\/2022\/11\/Municipio_di_Ponte_nelle_Alpi-300x225.jpg 300w, https:\/\/www.radiopiu.net\/wordpress\/wp-content\/uploads\/2022\/11\/Municipio_di_Ponte_nelle_Alpi-1024x768.jpg 1024w, https:\/\/www.radiopiu.net\/wordpress\/wp-content\/uploads\/2022\/11\/Municipio_di_Ponte_nelle_Alpi-768x576.jpg 768w, https:\/\/www.radiopiu.net\/wordpress\/wp-content\/uploads\/2022\/11\/Municipio_di_Ponte_nelle_Alpi-1536x1152.jpg 1536w, https:\/\/www.radiopiu.net\/wordpress\/wp-content\/uploads\/2022\/11\/Municipio_di_Ponte_nelle_Alpi.jpg 1591w\" sizes=\"auto, (max-width: 300px) 100vw, 300px\" \/><\/a>UN QUESTIONARIO DI GRADIMENTO<\/h3>\n<\/blockquote>\n<p><strong>PONTE NELLE ALPI<\/strong> I consiglieri domunali della Lega Nord (di minoranza), Paolo de Vettor, Sindy Bindella, Angelo Levis ed Enrico Collarin, hanno presentato una mozione relativa alla proposta di un questionario per la rilevazione del gradimento della qualit\u00e0 dei servizi comunali, da sottoporre ai cittadini.\u00a0 L\u2019obiettivo del testo \u00e8 impegnare la giunta Vendramini affinch\u00e9 dia modo ai cittadini di esprimere il proprio parere e commento rispetto ai servizi erogati dagli uffici comunali, nella prospettiva di migliorare l\u2019attivit\u00e0 e andare incontro alle istanze della comunit\u00e0.<\/p>\n<p><strong>AI MICROFONI DI RADIO PIU&#8217; ANGELO LEVIS\u00a0<\/strong><\/p>\n<audio class=\"wp-audio-shortcode\" id=\"audio-319334-2\" preload=\"none\" style=\"width: 100%;\" controls=\"controls\"><source type=\"audio\/mpeg\" src=\"https:\/\/www.radiopiu.net\/wordpress\/wp-content\/uploads\/2023\/01\/ANGELO-LEVIS.mp3?_=2\" \/><a href=\"https:\/\/www.radiopiu.net\/wordpress\/wp-content\/uploads\/2023\/01\/ANGELO-LEVIS.mp3\">https:\/\/www.radiopiu.net\/wordpress\/wp-content\/uploads\/2023\/01\/ANGELO-LEVIS.mp3<\/a><\/audio>\n<p>&nbsp;<\/p>\n<hr \/>\n<p>&nbsp;<\/p>\n<blockquote>\n<h3>CAMPO SPORTIVO DI RASAI, FIRMATA LA CONVENZIONE<\/h3>\n<\/blockquote>\n<p><strong>SEREN DEL GRAPPA\u00a0<\/strong> Al campo sportivo di Rasai\u00a0 verr\u00e0 rifatta la copertura con manto in erba sintetica. Il progetto \u00e8 finanziato dal Fondo Comuni confinanti. Nei giorni scorsi \u00e8 stata firmata la convenzione, quindi l\u2019intervento potr\u00e0 procedere spedito. La riqualificazione di Rasai fa parte di un \u201cpacchetto\u201d riguardante diversi campi sportivi. Sono stati individuati anche Calalzo, Agordo, Mugnai e Sedico per lo stesso tipo di intervento, in modo tale da dotare la provincia di una serie di strutture sportive utilizzabili tutto l\u2019anno. L\u2019intervento di Rasai si configura come manutenzione straordinaria, con la sostituzione del manto erboso con erba sintetica. Il valore a quadro economico \u00e8 di 500mila euro, interamente finanziati dal Fondo Comuni confinanti.<\/p>\n<p>&nbsp;<\/p>\n<hr \/>\n<p>&nbsp;<\/p>\n<blockquote>\n<h3>TAVOLO DI COORDINAMENTO DEGLI AGRICOLTORI DI FELTRE<\/h3>\n<\/blockquote>\n<p>&nbsp;<\/p>\n<p><img loading=\"lazy\" decoding=\"async\" class=\"alignleft\" src=\"https:\/\/www.radiopiu.net\/wordpress\/wp-content\/uploads\/2023\/01\/b990bc04-5e0e-4874-8ed1-1cdb60e96c74.jpg\" width=\"258\" height=\"145\" \/><strong>FELTRE<\/strong>\u00a0 Un coordinamento tra i produttori agricoli locali, anche in ottica di partecipazioni alle manifestazioni del territorio: questo l&#8217;obbiettivo dell&#8217;incontro promosso nei giorni scorsi dal Comune di Feltre.<\/p>\n<p>&nbsp;<\/p>\n<p><strong>DI DANIELE DALVIT<\/strong><\/p>\n<audio class=\"wp-audio-shortcode\" id=\"audio-319334-3\" preload=\"none\" style=\"width: 100%;\" controls=\"controls\"><source type=\"audio\/mpeg\" src=\"https:\/\/www.radiopiu.net\/wordpress\/wp-content\/uploads\/2023\/01\/DANIELE-DAL-VIT-FELTRE.mp3?_=3\" \/><a href=\"https:\/\/www.radiopiu.net\/wordpress\/wp-content\/uploads\/2023\/01\/DANIELE-DAL-VIT-FELTRE.mp3\">https:\/\/www.radiopiu.net\/wordpress\/wp-content\/uploads\/2023\/01\/DANIELE-DAL-VIT-FELTRE.mp3<\/a><\/audio>\n<p>&nbsp;<\/p>\n<hr \/>\n<p>&nbsp;<\/p>\n<p>&nbsp;<\/p>\n<blockquote>\n<h3><a class=\"dt-pswp-item\" href=\"https:\/\/www.radiopiu.net\/wordpress\/wp-content\/uploads\/2023\/01\/Screenshot_20230130_201302_Google.jpg\" data-dt-img-description=\"\" data-large_image_width=\"1080\" data-large_image_height=\"1067\"><img loading=\"lazy\" decoding=\"async\" class=\"size-medium wp-image-319515 alignleft\" src=\"https:\/\/www.radiopiu.net\/wordpress\/wp-content\/uploads\/2023\/01\/Screenshot_20230130_201302_Google-300x296.jpg\" alt=\"\" width=\"300\" height=\"296\" srcset=\"https:\/\/www.radiopiu.net\/wordpress\/wp-content\/uploads\/2023\/01\/Screenshot_20230130_201302_Google-300x296.jpg 300w, https:\/\/www.radiopiu.net\/wordpress\/wp-content\/uploads\/2023\/01\/Screenshot_20230130_201302_Google-1024x1012.jpg 1024w, https:\/\/www.radiopiu.net\/wordpress\/wp-content\/uploads\/2023\/01\/Screenshot_20230130_201302_Google-768x759.jpg 768w, https:\/\/www.radiopiu.net\/wordpress\/wp-content\/uploads\/2023\/01\/Screenshot_20230130_201302_Google.jpg 1080w\" sizes=\"auto, (max-width: 300px) 100vw, 300px\" \/><\/a>DILLO A RADIO PIU &#8230; UFFICIO POSTALE DI AGORDO &#8220;COME NON VENIRE INCONTRO AI CITTADINI&#8230;&#8221;<\/h3>\n<\/blockquote>\n<p>Riceviamo e volentieri pubblichiamo il riscontro di Stefano<\/p>\n<p><strong>AGORDO<\/strong> Poste Italiana, questi sono gli orari \u00a0che &#8220;vengono incontro ai cittadini&#8221;. Dall&#8217;inizio dell&#8217;emergenza covid sono passati gi\u00e0 tre anni,\u00a0 ma non sono pi\u00f9 stati ripristinati\u00a0 i vecchi orari, anche a giorni alterni, al pomeriggio.<\/p>\n<p>&nbsp;<\/p>\n<p>&nbsp;<\/p>\n<p>&nbsp;<\/p>\n<p>&nbsp;<\/p>\n<p>&nbsp;<\/p>\n<p>&nbsp;<\/p>\n<hr \/>\n<p>&nbsp;<\/p>\n<p>&nbsp;<\/p>\n<blockquote>\n<h3>DILLO A RADIO PIU&#8217;&#8230;SCRIVILO A VALPE. &#8220;ESPRIMO IL MIO PARERE NEGATIVO&#8221;<\/h3>\n<\/blockquote>\n<p><strong><img decoding=\"async\" class=\"alignleft\" src=\"https:\/\/www.radiopiu.net\/wordpress\/wp-content\/uploads\/2022\/12\/LA-VALLE.jpg\" \/>REDAZIONE<\/strong> Luca De Cassai, da La Valle Agordina ha gi\u00e0 informato gli uffici Valpe Ambiente di un disservizio verificatosi nel Comune di La Valle.<\/p>\n<p>&nbsp;<\/p>\n<p>Spett le Valpe, scrivo per lamentare il vostro disservizio di raccolta rifiuti nei pressi della mia abitazione situata a La Valle Agordina in via Cugnago 72. L\u2019 abitazione in oggetto \u00e8 regolarmente servita da una strada comunale che viene tenuta pulita anche nei mesi invernali. Nonostante ci\u00f2, pur pagando regolarmente il servizio porta a porta, sono costretto a conferire i bidoni alla piazzetta frazionale, in quanto i vostri camioncini non effettuano il passaggio lungo tale strada comunale. Il problema e il mio disappunto, non riguardano il fatto di dover percorrere 100 mt a piedi, bens\u00ec il fatto che il servizio \u00e8 pagato come \u201c porta a porta \u201c. Esprimo quindi il mio completo parere negativo sul vostro servizio.<\/p>\n<p>Luca De Cassai<\/p>\n<p>&nbsp;<\/p>\n<p>&nbsp;<\/p>\n<hr \/>\n<p>&nbsp;<\/p>\n<p>&nbsp;<\/p>\n<blockquote class=\"wp-embedded-content\" data-secret=\"ch7jGrAd3d\"><p><a href=\"https:\/\/www.radiopiu.net\/wordpress\/mosina-colletta-quando-i-nomi-locali-di-un-oggetto-e-di-un-luogo-si-rifanno-ad-una-lingua-ed-ad-un-tempo-remoto\/\">MOSINA \u2013 COLLETTA, QUANDO I NOMI LOCALI DI UN OGGETTO E DI UN LUOGO SI RIFANNO AD UNA LINGUA ED AD UN TEMPO REMOTO<\/a><\/p><\/blockquote>\n<p><iframe loading=\"lazy\" class=\"wp-embedded-content\" sandbox=\"allow-scripts\" security=\"restricted\" style=\"position: absolute; clip: rect(1px, 1px, 1px, 1px);\" title=\"&#8220;MOSINA \u2013 COLLETTA, QUANDO I NOMI LOCALI DI UN OGGETTO E DI UN LUOGO SI RIFANNO AD UNA LINGUA ED AD UN TEMPO REMOTO&#8221; &#8212; Radio Pi\u00f9\" src=\"https:\/\/www.radiopiu.net\/wordpress\/mosina-colletta-quando-i-nomi-locali-di-un-oggetto-e-di-un-luogo-si-rifanno-ad-una-lingua-ed-ad-un-tempo-remoto\/embed\/#?secret=9evgHa6yHX#?secret=ch7jGrAd3d\" data-secret=\"ch7jGrAd3d\" width=\"600\" height=\"338\" frameborder=\"0\" marginwidth=\"0\" marginheight=\"0\" scrolling=\"no\"><\/iframe><\/p>\n<p>&nbsp;<\/p>\n<p>&nbsp;<\/p>\n<hr \/>\n<p>&nbsp;<\/p>\n<blockquote>\n<h3>PUNTO COVID, INCIDENZA IN DECISO CALO, NELLA SETTIMANA UN DECESSO<\/h3>\n<\/blockquote>\n<p><strong>REDAZIONE<\/strong> I grafici sono chiari \u00e8\u00a0 evidente un ulteriore raffreddamento del quadro epidemico, con un\u2019incidenza ormai al di sotto del valore soglia di 50 casi su 100 mila abitanti. La mappa dei singoli Comuni \u00e8 sempre pi\u00f9 bianca, indica interi territori dove non sono sati rilevati nuovi casi covid. Qualche contagio in pi\u00f9, poca cosa, a Rocca Pietore e Gosaldo. I nuovi casi si collocano, come di consueto, prevalentemente nella fascia d\u2019et\u00e0 centrale 45-64 anni. Nella settimana un decesso per covid, \u00e8 mancata una donna di 83 anni.<\/p>\n<p>&nbsp;<\/p>\n<p>&nbsp;<\/p>\n\n\t\t\t<style type='text\/css'>\n\t\t\t\t#gallery-2 {\n\t\t\t\t\tmargin: auto;\n\t\t\t\t}\n\t\t\t\t#gallery-2 .gallery-item {\n\t\t\t\t\tfloat: left;\n\t\t\t\t\tmargin-top: 10px;\n\t\t\t\t\ttext-align: center;\n\t\t\t\t\twidth: 33%;\n\t\t\t\t}\n\t\t\t\t#gallery-2 img {\n\t\t\t\t\tborder: 2px solid #cfcfcf;\n\t\t\t\t}\n\t\t\t\t#gallery-2 .gallery-caption {\n\t\t\t\t\tmargin-left: 0;\n\t\t\t\t}\n\t\t\t\t\/* see gallery_shortcode() in wp-includes\/media.php *\/\n\t\t\t<\/style>\n\t\t<div id='gallery-2' class='dt-gallery-container gallery galleryid-319334 gallery-columns-3 gallery-size-thumbnail'><dl class='gallery-item'>\n\t\t\t\t<dt class='gallery-icon landscape'>\n\t\t\t\t\t<a class=\"rollover rollover-zoom dt-pswp-item\" title=\"f7c98320-b0af-42d5-a35d-807eee4db30c\" data-dt-img-description=\"\" data-large_image_width=\"802\" data-large_image_height=\"524\"href='https:\/\/www.radiopiu.net\/wordpress\/wp-content\/uploads\/2023\/01\/f7c98320-b0af-42d5-a35d-807eee4db30c.jpg'><img loading=\"lazy\" decoding=\"async\" width=\"150\" height=\"150\" src=\"https:\/\/www.radiopiu.net\/wordpress\/wp-content\/uploads\/2023\/01\/f7c98320-b0af-42d5-a35d-807eee4db30c-150x150.jpg\" class=\"attachment-thumbnail size-thumbnail\" alt=\"\" \/><\/a>\n\t\t\t\t<\/dt><\/dl><dl class='gallery-item'>\n\t\t\t\t<dt class='gallery-icon landscape'>\n\t\t\t\t\t<a class=\"rollover rollover-zoom dt-pswp-item\" title=\"d3249471-d01f-411a-8fc5-45a2d935b8d5\" data-dt-img-description=\"\" data-large_image_width=\"1853\" data-large_image_height=\"788\"href='https:\/\/www.radiopiu.net\/wordpress\/wp-content\/uploads\/2023\/01\/d3249471-d01f-411a-8fc5-45a2d935b8d5.jpg'><img loading=\"lazy\" decoding=\"async\" width=\"150\" height=\"150\" src=\"https:\/\/www.radiopiu.net\/wordpress\/wp-content\/uploads\/2023\/01\/d3249471-d01f-411a-8fc5-45a2d935b8d5-150x150.jpg\" class=\"attachment-thumbnail size-thumbnail\" alt=\"\" \/><\/a>\n\t\t\t\t<\/dt><\/dl><dl class='gallery-item'>\n\t\t\t\t<dt class='gallery-icon landscape'>\n\t\t\t\t\t<a class=\"rollover rollover-zoom dt-pswp-item\" title=\"afd47eae-c7d3-463b-a37e-4ed8e0bdacaa\" data-dt-img-description=\"\" data-large_image_width=\"979\" data-large_image_height=\"977\"href='https:\/\/www.radiopiu.net\/wordpress\/wp-content\/uploads\/2023\/01\/afd47eae-c7d3-463b-a37e-4ed8e0bdacaa.jpg'><img loading=\"lazy\" decoding=\"async\" width=\"150\" height=\"150\" src=\"https:\/\/www.radiopiu.net\/wordpress\/wp-content\/uploads\/2023\/01\/afd47eae-c7d3-463b-a37e-4ed8e0bdacaa-150x150.jpg\" class=\"attachment-thumbnail size-thumbnail\" alt=\"\" srcset=\"https:\/\/www.radiopiu.net\/wordpress\/wp-content\/uploads\/2023\/01\/afd47eae-c7d3-463b-a37e-4ed8e0bdacaa-150x150.jpg 150w, https:\/\/www.radiopiu.net\/wordpress\/wp-content\/uploads\/2023\/01\/afd47eae-c7d3-463b-a37e-4ed8e0bdacaa-300x300.jpg 300w, https:\/\/www.radiopiu.net\/wordpress\/wp-content\/uploads\/2023\/01\/afd47eae-c7d3-463b-a37e-4ed8e0bdacaa-768x766.jpg 768w, https:\/\/www.radiopiu.net\/wordpress\/wp-content\/uploads\/2023\/01\/afd47eae-c7d3-463b-a37e-4ed8e0bdacaa.jpg 979w\" sizes=\"auto, (max-width: 150px) 100vw, 150px\" \/><\/a>\n\t\t\t\t<\/dt><\/dl><br style=\"clear: both\" \/>\n\t\t\t<\/div>\n\n<p>&nbsp;<\/p>\n<p>&nbsp;<\/p>\n<p>&nbsp;<\/p>\n<p>&nbsp;<\/p>\n<hr \/>\n<p>&nbsp;<\/p>\n<p><strong>di Tiziano De Col<\/strong><\/p>\n\n\t\t\t<style type='text\/css'>\n\t\t\t\t#gallery-3 {\n\t\t\t\t\tmargin: auto;\n\t\t\t\t}\n\t\t\t\t#gallery-3 .gallery-item {\n\t\t\t\t\tfloat: left;\n\t\t\t\t\tmargin-top: 10px;\n\t\t\t\t\ttext-align: center;\n\t\t\t\t\twidth: 20%;\n\t\t\t\t}\n\t\t\t\t#gallery-3 img {\n\t\t\t\t\tborder: 2px solid #cfcfcf;\n\t\t\t\t}\n\t\t\t\t#gallery-3 .gallery-caption {\n\t\t\t\t\tmargin-left: 0;\n\t\t\t\t}\n\t\t\t\t\/* see gallery_shortcode() in wp-includes\/media.php *\/\n\t\t\t<\/style>\n\t\t<div id='gallery-3' class='dt-gallery-container gallery galleryid-319334 gallery-columns-5 gallery-size-medium'><dl class='gallery-item'>\n\t\t\t\t<dt class='gallery-icon landscape'>\n\t\t\t\t\t<a class=\"rollover rollover-zoom dt-pswp-item\" title=\"643cb76b-a94d-44b1-aa0f-7361bea6d92c\" data-dt-img-description=\"\" data-large_image_width=\"594\" data-large_image_height=\"357\"href='https:\/\/www.radiopiu.net\/wordpress\/wp-content\/uploads\/2023\/01\/643cb76b-a94d-44b1-aa0f-7361bea6d92c.jpg'><img loading=\"lazy\" decoding=\"async\" width=\"300\" height=\"180\" src=\"https:\/\/www.radiopiu.net\/wordpress\/wp-content\/uploads\/2023\/01\/643cb76b-a94d-44b1-aa0f-7361bea6d92c-300x180.jpg\" class=\"attachment-medium size-medium\" alt=\"\" srcset=\"https:\/\/www.radiopiu.net\/wordpress\/wp-content\/uploads\/2023\/01\/643cb76b-a94d-44b1-aa0f-7361bea6d92c-300x180.jpg 300w, https:\/\/www.radiopiu.net\/wordpress\/wp-content\/uploads\/2023\/01\/643cb76b-a94d-44b1-aa0f-7361bea6d92c.jpg 594w\" sizes=\"auto, (max-width: 300px) 100vw, 300px\" \/><\/a>\n\t\t\t\t<\/dt><\/dl><dl class='gallery-item'>\n\t\t\t\t<dt class='gallery-icon landscape'>\n\t\t\t\t\t<a class=\"rollover rollover-zoom dt-pswp-item\" title=\"e63fd107-e8c0-4170-a91a-0c8a55f7c4e0\" data-dt-img-description=\"\" data-large_image_width=\"612\" data-large_image_height=\"354\"href='https:\/\/www.radiopiu.net\/wordpress\/wp-content\/uploads\/2023\/01\/e63fd107-e8c0-4170-a91a-0c8a55f7c4e0.jpg'><img loading=\"lazy\" decoding=\"async\" width=\"300\" height=\"174\" src=\"https:\/\/www.radiopiu.net\/wordpress\/wp-content\/uploads\/2023\/01\/e63fd107-e8c0-4170-a91a-0c8a55f7c4e0-300x174.jpg\" class=\"attachment-medium size-medium\" alt=\"\" srcset=\"https:\/\/www.radiopiu.net\/wordpress\/wp-content\/uploads\/2023\/01\/e63fd107-e8c0-4170-a91a-0c8a55f7c4e0-300x174.jpg 300w, https:\/\/www.radiopiu.net\/wordpress\/wp-content\/uploads\/2023\/01\/e63fd107-e8c0-4170-a91a-0c8a55f7c4e0.jpg 612w\" sizes=\"auto, (max-width: 300px) 100vw, 300px\" \/><\/a>\n\t\t\t\t<\/dt><\/dl><dl class='gallery-item'>\n\t\t\t\t<dt class='gallery-icon landscape'>\n\t\t\t\t\t<a class=\"rollover rollover-zoom dt-pswp-item\" title=\"ee4b6ab5-f9b6-4a71-92f5-02bca046f516\" data-dt-img-description=\"\" data-large_image_width=\"600\" data-large_image_height=\"353\"href='https:\/\/www.radiopiu.net\/wordpress\/wp-content\/uploads\/2023\/01\/ee4b6ab5-f9b6-4a71-92f5-02bca046f516.jpg'><img loading=\"lazy\" decoding=\"async\" width=\"300\" height=\"177\" src=\"https:\/\/www.radiopiu.net\/wordpress\/wp-content\/uploads\/2023\/01\/ee4b6ab5-f9b6-4a71-92f5-02bca046f516-300x177.jpg\" class=\"attachment-medium size-medium\" alt=\"\" srcset=\"https:\/\/www.radiopiu.net\/wordpress\/wp-content\/uploads\/2023\/01\/ee4b6ab5-f9b6-4a71-92f5-02bca046f516-300x177.jpg 300w, https:\/\/www.radiopiu.net\/wordpress\/wp-content\/uploads\/2023\/01\/ee4b6ab5-f9b6-4a71-92f5-02bca046f516.jpg 600w\" sizes=\"auto, (max-width: 300px) 100vw, 300px\" \/><\/a>\n\t\t\t\t<\/dt><\/dl><dl class='gallery-item'>\n\t\t\t\t<dt class='gallery-icon landscape'>\n\t\t\t\t\t<a class=\"rollover rollover-zoom dt-pswp-item\" title=\"cb8fb205-4e41-441e-8866-a98d93b9231b\" data-dt-img-description=\"\" data-large_image_width=\"606\" data-large_image_height=\"368\"href='https:\/\/www.radiopiu.net\/wordpress\/wp-content\/uploads\/2023\/01\/cb8fb205-4e41-441e-8866-a98d93b9231b.jpg'><img loading=\"lazy\" decoding=\"async\" width=\"300\" height=\"182\" src=\"https:\/\/www.radiopiu.net\/wordpress\/wp-content\/uploads\/2023\/01\/cb8fb205-4e41-441e-8866-a98d93b9231b-300x182.jpg\" class=\"attachment-medium size-medium\" alt=\"\" srcset=\"https:\/\/www.radiopiu.net\/wordpress\/wp-content\/uploads\/2023\/01\/cb8fb205-4e41-441e-8866-a98d93b9231b-300x182.jpg 300w, https:\/\/www.radiopiu.net\/wordpress\/wp-content\/uploads\/2023\/01\/cb8fb205-4e41-441e-8866-a98d93b9231b.jpg 606w\" sizes=\"auto, (max-width: 300px) 100vw, 300px\" \/><\/a>\n\t\t\t\t<\/dt><\/dl><dl class='gallery-item'>\n\t\t\t\t<dt class='gallery-icon landscape'>\n\t\t\t\t\t<a class=\"rollover rollover-zoom dt-pswp-item\" title=\"3f897b83-512d-4f8c-b25c-771130e141fb\" data-dt-img-description=\"\" data-large_image_width=\"602\" data-large_image_height=\"355\"href='https:\/\/www.radiopiu.net\/wordpress\/wp-content\/uploads\/2023\/01\/3f897b83-512d-4f8c-b25c-771130e141fb.jpg'><img loading=\"lazy\" decoding=\"async\" width=\"300\" height=\"177\" src=\"https:\/\/www.radiopiu.net\/wordpress\/wp-content\/uploads\/2023\/01\/3f897b83-512d-4f8c-b25c-771130e141fb-300x177.jpg\" class=\"attachment-medium size-medium\" alt=\"\" srcset=\"https:\/\/www.radiopiu.net\/wordpress\/wp-content\/uploads\/2023\/01\/3f897b83-512d-4f8c-b25c-771130e141fb-300x177.jpg 300w, https:\/\/www.radiopiu.net\/wordpress\/wp-content\/uploads\/2023\/01\/3f897b83-512d-4f8c-b25c-771130e141fb.jpg 602w\" sizes=\"auto, (max-width: 300px) 100vw, 300px\" \/><\/a>\n\t\t\t\t<\/dt><\/dl><br style=\"clear: both\" \/>\n\t\t\t<\/div>\n\n<p>&nbsp;<\/p>\n<hr \/>\n<p>&nbsp;<\/p>\n<blockquote>\n<h3>MANIFESTAZIONI AUTUNNALI NEL FELTRINO E NELLA BASSA VALBELLUNA, AVVIATO UN COORDINAMENTO TRA CONSORZI DI TUTELA DEI PRODOTTI LOCALI E SOGGETTI COINVOLTI NELL\u2019ORGANIZZAZIONE<\/h3>\n<\/blockquote>\n<p><strong><a class=\"dt-pswp-item\" href=\"https:\/\/www.radiopiu.net\/wordpress\/wp-content\/uploads\/2023\/01\/Coordinamento-produttori-agricoli-manifestazioni-scaled.jpg\" data-dt-img-description=\"\" data-large_image_width=\"2560\" data-large_image_height=\"1440\"><img loading=\"lazy\" decoding=\"async\" class=\" wp-image-319397 alignleft\" src=\"https:\/\/www.radiopiu.net\/wordpress\/wp-content\/uploads\/2023\/01\/Coordinamento-produttori-agricoli-manifestazioni-300x169.jpg\" alt=\"\" width=\"179\" height=\"101\" srcset=\"https:\/\/www.radiopiu.net\/wordpress\/wp-content\/uploads\/2023\/01\/Coordinamento-produttori-agricoli-manifestazioni-300x169.jpg 300w, https:\/\/www.radiopiu.net\/wordpress\/wp-content\/uploads\/2023\/01\/Coordinamento-produttori-agricoli-manifestazioni-1024x576.jpg 1024w, https:\/\/www.radiopiu.net\/wordpress\/wp-content\/uploads\/2023\/01\/Coordinamento-produttori-agricoli-manifestazioni-768x432.jpg 768w, https:\/\/www.radiopiu.net\/wordpress\/wp-content\/uploads\/2023\/01\/Coordinamento-produttori-agricoli-manifestazioni-1536x864.jpg 1536w, https:\/\/www.radiopiu.net\/wordpress\/wp-content\/uploads\/2023\/01\/Coordinamento-produttori-agricoli-manifestazioni-2048x1152.jpg 2048w\" sizes=\"auto, (max-width: 179px) 100vw, 179px\" \/><\/a>FELTRE <\/strong>Si \u00e8 tenuto nei giorni scorsi a Palazzo Bizzarrini il primo incontro del nascente coordinamento tra i produttori agricoli locali promosso dal Comune di Feltre, e nello specifico dall&#8217;assessorato all&#8217;agricoltura guidato da Tiziana Penco. Molto partecipata la riunione, alla quale hanno preso parte i rappresentanti dei Consorzi di Tutela del Morone e del Castagno del Feltrino, della Noce di Feltre, del Fagiolo di Lamon, del Mais Sponcio e della Zucca Santa, oltre agli esponenti dell&#8217;associazione per la tutela del fagiolo gial\u00e9t, del consorzio vitivinicolo \u201cCoste del Feltrino\u201d e delle Cooperative \u201cLa Pedemontana\u201d e \u201cLa Fiorita\u201d. All&#8217;incontro erano presenti anche i vertici dell&#8217;UNPLI, l&#8217;Unione delle Pro Loco della provincia di Belluno, oltre ai rappresentanti della Coldiretti e di Confagricoltura e all&#8217;assessore alle manifestazioni e all&#8217;associazionismo del Comune di Feltre Maurizio Zatta. \u201cL&#8217;obiettivo dell&#8217;iniziativa che abbiamo inteso promuovere &#8211; spiega l&#8217;assessore all&#8217;agricoltura del Comune di Feltre Tiziana Penco &#8211; \u00e8 duplice: da un lato avviare un coordinamento tra tutti i soggetti coinvolti nell&#8217;organizzazione delle fiere, in particolar modo autunnali, che vedono protagonisti i prodotti agricoli del nostro territorio; dall&#8217;altro favorire la creazione di un canale diretto tra i produttori e le stesse manifestazioni, in modo da rendere le nostre eccellenze agricole sempre pi\u00f9 presenti e protagoniste, monitorando per tempo &#8211; ad esempio \u2013 tempistiche e quantitativi disponibili dei raccolti\u201d.<\/p>\n<p>&nbsp;<\/p>\n<p>&nbsp;<\/p>\n<hr \/>\n<p>&nbsp;<\/p>\n<blockquote>\n<h3>MASTER IN SOSTENIBILITA&#8217;, PRESENTAZIONE ONLINE IL 31 GENNAIO<\/h3>\n<\/blockquote>\n<p><strong>BELLUNO<\/strong>\u00a0Sar\u00e0 presentato domani (dalle 17.30 alle 19.30 online su Zoom) il primo Master, totalmente gratuito, in sostenibilit\u00e0 ambientale per il Terzo Settore promosso dalla rete delle Universit\u00e0 del Volontariato d\u2019Italia\u00a0 compreso il\u00a0 Csv Belluno Treviso. L\u2019iniziativa \u00e8 rivolta a tutti, cittadini volontari, dipendenti e collaboratori di Enti del Terzo Settore; iscrizioni partendo dalla homepage di <a class=\"moz-txt-link-abbreviated\" href=\"http:\/\/www.csvbltv.it\">www.csvbltv.it<\/a>.<\/p>\n<p>&nbsp;<\/p>\n<hr \/>\n<p>&nbsp;<\/p>\n<blockquote>\n<h3>POLIS CON POSTE, BUSSONE (UNCEM): 1,5 MILIARDI PER MODERNIZZARE SERVIZI E DARE OPPORTUNITA&#8217; AD AREE INTERNE E MONTANE<\/h3>\n<\/blockquote>\n<p><strong><a class=\"dt-pswp-item\" href=\"https:\/\/www.radiopiu.net\/wordpress\/wp-content\/uploads\/2020\/04\/UNCEM.jpg\" data-dt-img-description=\"\" data-large_image_width=\"500\" data-large_image_height=\"500\"><img loading=\"lazy\" decoding=\"async\" class=\" wp-image-133399 alignleft\" src=\"https:\/\/www.radiopiu.net\/wordpress\/wp-content\/uploads\/2020\/04\/UNCEM-300x300.jpg\" alt=\"\" width=\"147\" height=\"147\" srcset=\"https:\/\/www.radiopiu.net\/wordpress\/wp-content\/uploads\/2020\/04\/UNCEM-300x300.jpg 300w, https:\/\/www.radiopiu.net\/wordpress\/wp-content\/uploads\/2020\/04\/UNCEM-150x150.jpg 150w, https:\/\/www.radiopiu.net\/wordpress\/wp-content\/uploads\/2020\/04\/UNCEM.jpg 500w\" sizes=\"auto, (max-width: 147px) 100vw, 147px\" \/><\/a>ROMA <\/strong>&#8220;\u00c8 molto importante che Poste avvii il progetto Polis, come raccontato alla Nuvola di Roma con 7mila sindaci. Potenziare gli uffici per 5mila piccoli Comuni \u00e8 una priorit\u00e0 del Paese intero e grazie al PNRR si potranno avere nuovi importantissimi servizi alla collettivit\u00e0. Sinergia tra PA e tra Enti locali vuol dire dare servizi nuovi ai cittadini e sgravare di incombenze i municipi, che cos\u00ec possono concentrarsi, con il loro personale, su sviluppo locale, contrasto allo spopolamento, progetti comunitari e crowdfunding. Vedo in questo legame tra Poste e Stato, centrale e nelle Autonomie, un percorso di futuro virtuoso. Che di fatto abbiamo sancito nel 2018 e nel 2019 alla Nuvola di Roma con gli eventi &#8216;Sindaci d&#8217;Italia&#8217;, attuando gli auspici del Presidente della Repubblica. E mettendo in atto, anche con Polis oggi, quanto c&#8217;\u00e8 scritto nella legge 158 del 2017 sui piccoli Comuni con Poste, vero snodo legislativo del rapporto tra Comuni e Poste italiane. Prima chiudeva, ha chiuso, ora potenzia, rafforza. E lo facciamo insieme.&#8221;. Lo afferma Marco Bussone, Presidente nazionale Uncem, intervenendo alla Nuvola dell&#8217;Eur.<\/p>\n<p>&nbsp;<\/p>\n<p>&nbsp;<\/p>\n<hr \/>\n<p>&nbsp;<\/p>\n<p>&nbsp;<\/p>\n<blockquote>\n<h3>I DUBBI DEL CONSIGLIERE SUL PASSAGGIO VENETO STRADE-ANAS<\/h3>\n<\/blockquote>\n<p><strong>BORGO VALBELLUNA<\/strong> A fronte della decantata autonomia il consigliere Dario Dal Magro riflette: <em>&#8220;Gli stessi che ieri annunciavano con entusiasmo la richiesta del trasferimento di competenze, risorse e poteri decisionali, oggi ci parlano del passaggio di 300 chilometri di viabilit\u00e0, ma teniamo le strade secondarie che coster\u00e0 di pi\u00f9 mantenere.&#8221;<\/em> Dal Magro ricorda come\u00a0 le \u00a0precedenti amministrazioni avessero ottenuto la creazione di Veneto Strade, con sede a Villa Patt di Sedico e la possibilit\u00e0, prevista dallo statuto, di nominarne il \u00a0direttore della societ\u00e0.\u00a0 &#8220;<em>Dicevamo che all&#8217;Anas &#8211; aggiunge Dal Magro &#8211; si possono criticare i costi di gestione oppure elevati investimenti tecnologici, come la smart road fra Longarone e Cortina costata 27\/mln ma ancora inutilizzata. Ma anche noi bellunesi qualche riflessione dobbiamo farla quando riceviamo critiche da amministratori trentini su come gestiamo i fondi delle aree di confine.&#8221;\u00a0\u00a0<\/em><\/p>\n<p>&nbsp;<\/p>\n<p>&nbsp;<\/p>\n<hr \/>\n<p>&nbsp;<\/p>\n<blockquote>\n<h3>NICOLAS E CRISTIAN. LA LORO PASSIONE PER LA PROPRIA TERRA<\/h3>\n<\/blockquote>\n<p><strong><a class=\"dt-pswp-item\" href=\"https:\/\/www.radiopiu.net\/wordpress\/wp-content\/uploads\/2023\/01\/0-1.png\" data-dt-img-description=\"\" data-large_image_width=\"1703\" data-large_image_height=\"1812\"><img loading=\"lazy\" decoding=\"async\" class=\" wp-image-319273 alignleft\" src=\"https:\/\/www.radiopiu.net\/wordpress\/wp-content\/uploads\/2023\/01\/0-1-282x300.png\" alt=\"\" width=\"176\" height=\"187\" srcset=\"https:\/\/www.radiopiu.net\/wordpress\/wp-content\/uploads\/2023\/01\/0-1-282x300.png 282w, https:\/\/www.radiopiu.net\/wordpress\/wp-content\/uploads\/2023\/01\/0-1-962x1024.png 962w, https:\/\/www.radiopiu.net\/wordpress\/wp-content\/uploads\/2023\/01\/0-1-768x817.png 768w, https:\/\/www.radiopiu.net\/wordpress\/wp-content\/uploads\/2023\/01\/0-1-1444x1536.png 1444w, https:\/\/www.radiopiu.net\/wordpress\/wp-content\/uploads\/2023\/01\/0-1.png 1703w\" sizes=\"auto, (max-width: 176px) 100vw, 176px\" \/><\/a>RIVAMONTE<\/strong><\/p>\n<p>di Gianni Santomaso<\/p>\n<audio class=\"wp-audio-shortcode\" id=\"audio-319334-4\" preload=\"none\" style=\"width: 100%;\" controls=\"controls\"><source type=\"audio\/mpeg\" src=\"https:\/\/www.radiopiu.net\/wordpress\/wp-content\/uploads\/2023\/01\/GIANNI-VIVERE-AGORDINO-NICOLAS-REN-E-CHRISTIAN-BRANCALEONE.mp3?_=4\" \/><a href=\"https:\/\/www.radiopiu.net\/wordpress\/wp-content\/uploads\/2023\/01\/GIANNI-VIVERE-AGORDINO-NICOLAS-REN-E-CHRISTIAN-BRANCALEONE.mp3\">https:\/\/www.radiopiu.net\/wordpress\/wp-content\/uploads\/2023\/01\/GIANNI-VIVERE-AGORDINO-NICOLAS-REN-E-CHRISTIAN-BRANCALEONE.mp3<\/a><\/audio>\n<p>&nbsp;<\/p>\n\n\t\t\t<style type='text\/css'>\n\t\t\t\t#gallery-4 {\n\t\t\t\t\tmargin: auto;\n\t\t\t\t}\n\t\t\t\t#gallery-4 .gallery-item {\n\t\t\t\t\tfloat: left;\n\t\t\t\t\tmargin-top: 10px;\n\t\t\t\t\ttext-align: center;\n\t\t\t\t\twidth: 50%;\n\t\t\t\t}\n\t\t\t\t#gallery-4 img {\n\t\t\t\t\tborder: 2px solid #cfcfcf;\n\t\t\t\t}\n\t\t\t\t#gallery-4 .gallery-caption {\n\t\t\t\t\tmargin-left: 0;\n\t\t\t\t}\n\t\t\t\t\/* see gallery_shortcode() in wp-includes\/media.php *\/\n\t\t\t<\/style>\n\t\t<div id='gallery-4' class='dt-gallery-container gallery galleryid-319334 gallery-columns-2 gallery-size-medium'><dl class='gallery-item'>\n\t\t\t\t<dt class='gallery-icon landscape'>\n\t\t\t\t\t<a class=\"rollover rollover-zoom dt-pswp-item\" title=\"261d41f9-d969-485a-a1ff-8dc280e63bea\" data-dt-img-description=\"\" data-large_image_width=\"2048\" data-large_image_height=\"1536\"href='https:\/\/www.radiopiu.net\/wordpress\/wp-content\/uploads\/2023\/01\/261d41f9-d969-485a-a1ff-8dc280e63bea.jpg'><img loading=\"lazy\" decoding=\"async\" width=\"300\" height=\"225\" src=\"https:\/\/www.radiopiu.net\/wordpress\/wp-content\/uploads\/2023\/01\/261d41f9-d969-485a-a1ff-8dc280e63bea-300x225.jpg\" class=\"attachment-medium size-medium\" alt=\"\" srcset=\"https:\/\/www.radiopiu.net\/wordpress\/wp-content\/uploads\/2023\/01\/261d41f9-d969-485a-a1ff-8dc280e63bea-300x225.jpg 300w, https:\/\/www.radiopiu.net\/wordpress\/wp-content\/uploads\/2023\/01\/261d41f9-d969-485a-a1ff-8dc280e63bea-1024x768.jpg 1024w, https:\/\/www.radiopiu.net\/wordpress\/wp-content\/uploads\/2023\/01\/261d41f9-d969-485a-a1ff-8dc280e63bea-768x576.jpg 768w, https:\/\/www.radiopiu.net\/wordpress\/wp-content\/uploads\/2023\/01\/261d41f9-d969-485a-a1ff-8dc280e63bea-1536x1152.jpg 1536w, https:\/\/www.radiopiu.net\/wordpress\/wp-content\/uploads\/2023\/01\/261d41f9-d969-485a-a1ff-8dc280e63bea.jpg 2048w\" sizes=\"auto, (max-width: 300px) 100vw, 300px\" \/><\/a>\n\t\t\t\t<\/dt><\/dl><dl class='gallery-item'>\n\t\t\t\t<dt class='gallery-icon landscape'>\n\t\t\t\t\t<a class=\"rollover rollover-zoom dt-pswp-item\" title=\"b53617c5-1c51-4fe3-a119-56695a39560d\" data-dt-img-description=\"\" data-large_image_width=\"2048\" data-large_image_height=\"1536\"href='https:\/\/www.radiopiu.net\/wordpress\/wp-content\/uploads\/2023\/01\/b53617c5-1c51-4fe3-a119-56695a39560d.jpg'><img loading=\"lazy\" decoding=\"async\" width=\"300\" height=\"225\" src=\"https:\/\/www.radiopiu.net\/wordpress\/wp-content\/uploads\/2023\/01\/b53617c5-1c51-4fe3-a119-56695a39560d-300x225.jpg\" class=\"attachment-medium size-medium\" alt=\"\" srcset=\"https:\/\/www.radiopiu.net\/wordpress\/wp-content\/uploads\/2023\/01\/b53617c5-1c51-4fe3-a119-56695a39560d-300x225.jpg 300w, https:\/\/www.radiopiu.net\/wordpress\/wp-content\/uploads\/2023\/01\/b53617c5-1c51-4fe3-a119-56695a39560d-1024x768.jpg 1024w, https:\/\/www.radiopiu.net\/wordpress\/wp-content\/uploads\/2023\/01\/b53617c5-1c51-4fe3-a119-56695a39560d-768x576.jpg 768w, https:\/\/www.radiopiu.net\/wordpress\/wp-content\/uploads\/2023\/01\/b53617c5-1c51-4fe3-a119-56695a39560d-1536x1152.jpg 1536w, https:\/\/www.radiopiu.net\/wordpress\/wp-content\/uploads\/2023\/01\/b53617c5-1c51-4fe3-a119-56695a39560d.jpg 2048w\" sizes=\"auto, (max-width: 300px) 100vw, 300px\" \/><\/a>\n\t\t\t\t<\/dt><\/dl><br style=\"clear: both\" \/>\n\t\t\t<\/div>\n\n<p>&nbsp;<\/p>\n<hr \/>\n<p>&nbsp;<\/p>\n<p>&nbsp;<\/p>\n<blockquote>\n<h3>IL RITORNO DEI 10HZ DI AGORDO AL TEATRO COMUNALE DI BELLUNO IN &#8220;SITUAZIONE ROCK&#8221;<\/h3>\n<\/blockquote>\n\n\t\t\t<style type='text\/css'>\n\t\t\t\t#gallery-5 {\n\t\t\t\t\tmargin: auto;\n\t\t\t\t}\n\t\t\t\t#gallery-5 .gallery-item {\n\t\t\t\t\tfloat: left;\n\t\t\t\t\tmargin-top: 10px;\n\t\t\t\t\ttext-align: center;\n\t\t\t\t\twidth: 50%;\n\t\t\t\t}\n\t\t\t\t#gallery-5 img {\n\t\t\t\t\tborder: 2px solid #cfcfcf;\n\t\t\t\t}\n\t\t\t\t#gallery-5 .gallery-caption {\n\t\t\t\t\tmargin-left: 0;\n\t\t\t\t}\n\t\t\t\t\/* see gallery_shortcode() in wp-includes\/media.php *\/\n\t\t\t<\/style>\n\t\t<div id='gallery-5' class='dt-gallery-container gallery galleryid-319334 gallery-columns-2 gallery-size-medium'><dl class='gallery-item'>\n\t\t\t\t<dt class='gallery-icon landscape'>\n\t\t\t\t\t<a class=\"rollover\" href='https:\/\/www.radiopiu.net\/wordpress\/giornale-radiopiu-31-gennaio-2023-direttore-mirko-mezzacasa-verso-i-40-anni-25-giugno-1983-25-giugno-2023\/cf7f2978-cce5-4524-91ca-77a1deb0bcf9\/'><img loading=\"lazy\" decoding=\"async\" width=\"300\" height=\"169\" src=\"https:\/\/www.radiopiu.net\/wordpress\/wp-content\/uploads\/2023\/01\/cf7f2978-cce5-4524-91ca-77a1deb0bcf9-300x169.jpg\" class=\"attachment-medium size-medium\" alt=\"\" srcset=\"https:\/\/www.radiopiu.net\/wordpress\/wp-content\/uploads\/2023\/01\/cf7f2978-cce5-4524-91ca-77a1deb0bcf9-300x169.jpg 300w, https:\/\/www.radiopiu.net\/wordpress\/wp-content\/uploads\/2023\/01\/cf7f2978-cce5-4524-91ca-77a1deb0bcf9-1024x576.jpg 1024w, https:\/\/www.radiopiu.net\/wordpress\/wp-content\/uploads\/2023\/01\/cf7f2978-cce5-4524-91ca-77a1deb0bcf9-768x432.jpg 768w, https:\/\/www.radiopiu.net\/wordpress\/wp-content\/uploads\/2023\/01\/cf7f2978-cce5-4524-91ca-77a1deb0bcf9-1536x864.jpg 1536w, https:\/\/www.radiopiu.net\/wordpress\/wp-content\/uploads\/2023\/01\/cf7f2978-cce5-4524-91ca-77a1deb0bcf9.jpg 1599w\" sizes=\"auto, (max-width: 300px) 100vw, 300px\" \/><\/a>\n\t\t\t\t<\/dt><\/dl><dl class='gallery-item'>\n\t\t\t\t<dt class='gallery-icon landscape'>\n\t\t\t\t\t<a class=\"rollover\" href='https:\/\/www.radiopiu.net\/wordpress\/giornale-radiopiu-31-gennaio-2023-direttore-mirko-mezzacasa-verso-i-40-anni-25-giugno-1983-25-giugno-2023\/e198d508-2a6a-460d-93f0-07477c900b45\/'><img loading=\"lazy\" decoding=\"async\" width=\"300\" height=\"169\" src=\"https:\/\/www.radiopiu.net\/wordpress\/wp-content\/uploads\/2023\/01\/e198d508-2a6a-460d-93f0-07477c900b45-300x169.jpg\" class=\"attachment-medium size-medium\" alt=\"\" srcset=\"https:\/\/www.radiopiu.net\/wordpress\/wp-content\/uploads\/2023\/01\/e198d508-2a6a-460d-93f0-07477c900b45-300x169.jpg 300w, https:\/\/www.radiopiu.net\/wordpress\/wp-content\/uploads\/2023\/01\/e198d508-2a6a-460d-93f0-07477c900b45-1024x576.jpg 1024w, https:\/\/www.radiopiu.net\/wordpress\/wp-content\/uploads\/2023\/01\/e198d508-2a6a-460d-93f0-07477c900b45-768x432.jpg 768w, https:\/\/www.radiopiu.net\/wordpress\/wp-content\/uploads\/2023\/01\/e198d508-2a6a-460d-93f0-07477c900b45-1536x864.jpg 1536w, https:\/\/www.radiopiu.net\/wordpress\/wp-content\/uploads\/2023\/01\/e198d508-2a6a-460d-93f0-07477c900b45.jpg 1599w\" sizes=\"auto, (max-width: 300px) 100vw, 300px\" \/><\/a>\n\t\t\t\t<\/dt><\/dl><br style=\"clear: both\" \/>\n\t\t\t<\/div>\n\n<p>&nbsp;<\/p>\n<p>&nbsp;<\/p>\n<hr \/>\n<p>&nbsp;<\/p>\n<div class=\"page-title-head hgroup\">\n<blockquote>\n<h3 class=\"entry-title\">3 FEBBRAIO GIORNO DI FESTA AD ALLEGHE PER SAN BIAGIO<\/h3>\n<\/blockquote>\n<\/div>\n<div class=\"page-title-breadcrumbs\"><\/div>\n<p><strong><a class=\"dt-pswp-item\" href=\"https:\/\/www.radiopiu.net\/wordpress\/wp-content\/uploads\/2023\/01\/download-12.jpg\" data-dt-img-description=\"\" data-large_image_width=\"184\" data-large_image_height=\"274\"><img loading=\"lazy\" decoding=\"async\" class=\" wp-image-318938 alignleft\" src=\"https:\/\/www.radiopiu.net\/wordpress\/wp-content\/uploads\/2023\/01\/download-12.jpg\" alt=\"\" width=\"153\" height=\"228\" \/><\/a>ALLEGHE<\/strong> Le associazioni\u00a0 del Comune di Alleghe vi invitano alla <b>&#8220;Sagra de San Biese&#8221;. <\/b>L&#8217;evento si terr\u00e0 il 3 febbraio presso il Piazzale dello Stadio del ghiaccio di Alleghe. La giornata\u00a0 inizier\u00e0 con la Santa Messa alle ore 10:30 nella Chiesa Parrocchiale del paese e a seguire un ricco programma con musica gastronomia tipica, giochi e tanta allegria.\u00a0 Alle ore 11:30 apertura degli stand delle associazioni al Piazzale dello stadio. Dalle ore 12:00 Ci sar\u00e0 la possibilit\u00e0 di gustare i piatti della tradizione come i &#8220;Casonziei co la Zucia&#8221; &#8220;le Trippe&#8221; e &#8220;il Pastin&#8221;\u00a0\u00a0\u00a0\u00a0 e i dolci tipici paesani:\u00a0 &#8220;i Grafogn&#8221;\u00a0\u00a0 anche con possibilit\u00e0 di asporto. Alle ore 14:00\u00a0 prenderanno il via i giochi per i pi\u00f9 piccoli e le esposizioni\u00a0 delle associazioni di volontariato. Tutti\u00a0 sono invitati a partecipare. Ore 17:30 Fiaccolata sugli sci\u00a0 con arrivo ad Alleghe sulla pista di rientro visibile dal piazzale dello stadio e gran finale attorno al fuoco. Gli eventuali proventi ricavati nella giornata saranno donati in beneficenza.<\/p>\n<p><strong>L&#8217;INTERVISTA ALLA RADIO, CON PAOLA E DANIELA BALDISSERA<\/strong><\/p>\n<audio class=\"wp-audio-shortcode\" id=\"audio-319334-5\" preload=\"none\" style=\"width: 100%;\" controls=\"controls\"><source type=\"audio\/mpeg\" src=\"https:\/\/www.radiopiu.net\/wordpress\/wp-content\/uploads\/2022\/01\/san-biese-alleghe.mp3?_=5\" \/><a href=\"https:\/\/www.radiopiu.net\/wordpress\/wp-content\/uploads\/2022\/01\/san-biese-alleghe.mp3\">https:\/\/www.radiopiu.net\/wordpress\/wp-content\/uploads\/2022\/01\/san-biese-alleghe.mp3<\/a><\/audio>\n<p>&nbsp;<\/p>\n<p>&nbsp;<\/p>\n<hr \/>\n<p>&nbsp;<\/p>\n<blockquote>\n<h3>IERI E OGGI ALLA RADIO, TROFEO SKI ALP QUATTRO VALLI, L&#8217;INTERVISTA A CARLO ZANON<\/h3>\n<\/blockquote>\n<p><strong><a class=\"dt-pswp-item\" href=\"https:\/\/www.radiopiu.net\/wordpress\/wp-content\/uploads\/2023\/01\/319758952_581772970037088_953019604619164499_n.jpg\" data-dt-img-description=\"\" data-large_image_width=\"640\" data-large_image_height=\"640\"><img loading=\"lazy\" decoding=\"async\" class=\"wp-image-319535 alignleft\" src=\"https:\/\/www.radiopiu.net\/wordpress\/wp-content\/uploads\/2023\/01\/319758952_581772970037088_953019604619164499_n-300x300.jpg\" alt=\"\" width=\"166\" height=\"166\" srcset=\"https:\/\/www.radiopiu.net\/wordpress\/wp-content\/uploads\/2023\/01\/319758952_581772970037088_953019604619164499_n-300x300.jpg 300w, https:\/\/www.radiopiu.net\/wordpress\/wp-content\/uploads\/2023\/01\/319758952_581772970037088_953019604619164499_n-150x150.jpg 150w, https:\/\/www.radiopiu.net\/wordpress\/wp-content\/uploads\/2023\/01\/319758952_581772970037088_953019604619164499_n.jpg 640w\" sizes=\"auto, (max-width: 166px) 100vw, 166px\" \/><\/a>AUDIO<\/strong><\/p>\n<p><strong>DI MIRKO MEZZACASA<\/strong><\/p>\n<audio class=\"wp-audio-shortcode\" id=\"audio-319334-6\" preload=\"none\" style=\"width: 100%;\" controls=\"controls\"><source type=\"audio\/mpeg\" src=\"https:\/\/www.radiopiu.net\/wordpress\/wp-content\/uploads\/2023\/01\/CARLO-ZANON.mp3?_=6\" \/><a href=\"https:\/\/www.radiopiu.net\/wordpress\/wp-content\/uploads\/2023\/01\/CARLO-ZANON.mp3\">https:\/\/www.radiopiu.net\/wordpress\/wp-content\/uploads\/2023\/01\/CARLO-ZANON.mp3<\/a><\/audio>\n<p>&nbsp;<\/p>\n<p>&nbsp;<\/p>\n<p>&nbsp;<\/p>\n<hr \/>\n<p>&nbsp;<\/p>\n<blockquote>\n<h3>CERCASI VOLONTARI PER IL CENTRO ITALIANO DI SOLIDARIETA&#8217;<\/h3>\n<\/blockquote>\n<p><strong>BELLUNO <\/strong>Il Centro Italiano di Solidariet\u00e0 di Belluno onlus seleziona 10 volontari da impiegare nel progetto di Servizio Civile Universale. Scadenza presentazione domande il 10 febbraio 2023. Per informazioni scrivere a\u00a0<a href=\"mailto:info@ceisbelluno.org\">info@ceisbelluno.org<\/a> oppure telefonare al numero 0437 950895. Disponibili 10 posti in 5 sedi in provincia di Belluno: 25 ore settimanali 25, durata un anno, rimborso mensile \u20ac 444,30.<\/p>\n<p>&nbsp;<\/p>\n<p>&nbsp;<\/p>\n<hr \/>\n<p>&nbsp;<\/p>\n<blockquote>\n<h2>Indagine sociolinguistica sulle lingue minoritarie del Veneto<\/h2>\n<\/blockquote>\n<p>&nbsp;<\/p>\n<p><a class=\"dt-pswp-item\" href=\"https:\/\/www.radiopiu.net\/wordpress\/wp-content\/uploads\/2023\/01\/WhatsApp-Image-2023-01-22-at-21.14.13.jpeg\" data-dt-img-description=\"\" data-large_image_width=\"1184\" data-large_image_height=\"760\"><img loading=\"lazy\" decoding=\"async\" class=\"wp-image-318189 alignleft\" src=\"https:\/\/www.radiopiu.net\/wordpress\/wp-content\/uploads\/2023\/01\/WhatsApp-Image-2023-01-22-at-21.14.13-300x193.jpeg\" alt=\"\" width=\"152\" height=\"98\" srcset=\"https:\/\/www.radiopiu.net\/wordpress\/wp-content\/uploads\/2023\/01\/WhatsApp-Image-2023-01-22-at-21.14.13-300x193.jpeg 300w, https:\/\/www.radiopiu.net\/wordpress\/wp-content\/uploads\/2023\/01\/WhatsApp-Image-2023-01-22-at-21.14.13-1024x657.jpeg 1024w, https:\/\/www.radiopiu.net\/wordpress\/wp-content\/uploads\/2023\/01\/WhatsApp-Image-2023-01-22-at-21.14.13-768x493.jpeg 768w, https:\/\/www.radiopiu.net\/wordpress\/wp-content\/uploads\/2023\/01\/WhatsApp-Image-2023-01-22-at-21.14.13.jpeg 1184w\" sizes=\"auto, (max-width: 152px) 100vw, 152px\" \/><\/a>La Regione Veneto ha avviato un\u2019importante inchiesta sociolinguistica sullo stato di salute delle minoranze linguistiche del proprio territorio (ladini, cimbri e friulani). Michela dell\u2019Osbel ed Eleonora Troi ci spiegano perch\u00e9 partecipare e diffondere \u00e8 essenziale.<\/p>\n<p>&nbsp;<\/p>\n<p>LINK,<span style=\"color: #0000ff;\"><strong> <a style=\"color: #0000ff;\" href=\"https:\/\/ec.europa.eu\/eusurvey\/runner\/QuestionarioVenetoL\">CLICCA QUI<\/a><\/strong><\/span><\/p>\n<p>&nbsp;<\/p>\n<p><strong>MICHELA DELL&#8217;OSBEL<\/strong><\/p>\n<audio class=\"wp-audio-shortcode\" id=\"audio-319334-7\" preload=\"none\" style=\"width: 100%;\" controls=\"controls\"><source type=\"audio\/mpeg\" src=\"https:\/\/www.radiopiu.net\/wordpress\/wp-content\/uploads\/2023\/01\/michela-dellosbel.mp3?_=7\" \/><a href=\"https:\/\/www.radiopiu.net\/wordpress\/wp-content\/uploads\/2023\/01\/michela-dellosbel.mp3\">https:\/\/www.radiopiu.net\/wordpress\/wp-content\/uploads\/2023\/01\/michela-dellosbel.mp3<\/a><\/audio>\n<p><strong>ELEONORA TROI<\/strong><\/p>\n<audio class=\"wp-audio-shortcode\" id=\"audio-319334-8\" preload=\"none\" style=\"width: 100%;\" controls=\"controls\"><source type=\"audio\/mpeg\" src=\"https:\/\/www.radiopiu.net\/wordpress\/wp-content\/uploads\/2023\/01\/eleonora.mp3?_=8\" \/><a href=\"https:\/\/www.radiopiu.net\/wordpress\/wp-content\/uploads\/2023\/01\/eleonora.mp3\">https:\/\/www.radiopiu.net\/wordpress\/wp-content\/uploads\/2023\/01\/eleonora.mp3<\/a><\/audio>\n<p>&nbsp;<\/p>\n<blockquote>\n<h3>dal CORRIERE DELLE ALPI Gianni Santomaso<\/h3>\n<\/blockquote>\n<p>Anche gli agordini e gli zoldani, assieme ai comeliani e ai cadorini, coinvolti nell&#8217;inchiesta sociolinguistica avviata dalla Regione per studiare lo stato di salute delle lingue di minoranza presenti sul proprio territorio. L&#8217;obiettivo \u00e8 quello di tutelare, promuovere e valorizzare l&#8217;uso delle lingue minoritarie: quella cimbra, in Lessinia, nell&#8217;Altopiano di Asiago e nel Cansiglio, quella ladina, e quella friulana, nel Portogruarese. \u00abPer poter definire politiche linguistiche efficaci ed intervenire con azioni mirate\u00bb, dice la Regione, \u00ab\u00e8 innanzitutto necessario valutare lo stato di salute della lingua di minoranza attraverso un&#8217;indagine sociolinguistica\u00bb. Per questo, da novembre 2022 e fino a febbraio 2023, ogni cittadino dei Comuni in cui \u00e8 presente una minoranza linguistica potr\u00e0 garantire il proprio contributo per la definizione delle prossime azioni di tutela e di promozione delle lingue di minoranza nella Regione, rispondendo ad un questionario anonimo on line. \u00abQuesta importante ricerca della Regione\u00bb, spiega Davide Conedera del gruppo Musla &#8211; Moviment de union e standardisazion linguistica del Agordin &#8211; riguarda da vicino coloro che abitano nei Comuni dell&#8217;Agordino, del Cadore, del Comelico e della Val di Zoldo. L&#8217;invito \u00e8 a compilare il questionario per far vedere che ci teniamo alla nostra lingua, per fare s\u00ec che la Regione avvii progetti per la salvaguardia della nostra minoranza e per far conoscere la nostra realt\u00e0 alla comunit\u00e0 scientifica\u00bb. \u00abNel compilare il questionario\u00bb, continua Conedera, \u00ab\u00e8 bene ricordare che quello che comunemente chiamiamo &#8220;dialetto&#8221; \u00e8 riconosciuto dalla legge 482\/99 e prende il nome di &#8220;ladino&#8221;. \u00c8 fondamentale che tutti partecipino se vogliamo migliorare la situazione delle nostre valli, delle persone che vivono qui e della nostra lingua\u00bb. Il questionario si pu\u00f2 trovare accedendo alla pagina ec.europa.eu\/eusurvey\/runner\/QuestionarioVenetoL<\/p>\n<p>&nbsp;<\/p>\n<p>&nbsp;<\/p>\n<hr \/>\n<p>&nbsp;<\/p>\n<blockquote>\n<h3>POEMA RITROVATO, POETA SCONOSCIUTO <a class=\"dt-pswp-item\" href=\"https:\/\/www.radiopiu.net\/wordpress\/wp-content\/uploads\/2023\/01\/Das-Magische-Auge_copertina-libro.jpg\" data-dt-img-description=\"\" data-large_image_width=\"1131\" data-large_image_height=\"1600\"><img loading=\"lazy\" decoding=\"async\" class=\"wp-image-318804 alignleft\" src=\"https:\/\/www.radiopiu.net\/wordpress\/wp-content\/uploads\/2023\/01\/Das-Magische-Auge_copertina-libro-212x300.jpg\" alt=\"\" width=\"116\" height=\"164\" srcset=\"https:\/\/www.radiopiu.net\/wordpress\/wp-content\/uploads\/2023\/01\/Das-Magische-Auge_copertina-libro-212x300.jpg 212w, https:\/\/www.radiopiu.net\/wordpress\/wp-content\/uploads\/2023\/01\/Das-Magische-Auge_copertina-libro-724x1024.jpg 724w, https:\/\/www.radiopiu.net\/wordpress\/wp-content\/uploads\/2023\/01\/Das-Magische-Auge_copertina-libro-768x1086.jpg 768w, https:\/\/www.radiopiu.net\/wordpress\/wp-content\/uploads\/2023\/01\/Das-Magische-Auge_copertina-libro-1086x1536.jpg 1086w, https:\/\/www.radiopiu.net\/wordpress\/wp-content\/uploads\/2023\/01\/Das-Magische-Auge_copertina-libro.jpg 1131w\" sizes=\"auto, (max-width: 116px) 100vw, 116px\" \/><\/a><\/h3>\n<\/blockquote>\n<p><strong>BELLUNO<\/strong> <span style=\"font-family: Times New Roman, serif;\"><span style=\"font-size: medium;\">Oggi, alle 18, alla Libreria Tarantola di Belluno, verr\u00e0 presentato il libro \u201cDas Magische Auge\u201d, un poema del 1927 scritto dal misterioso e sconosciuto Claudio Giuseppe De Don\u00e0, testo ritrovato nel 2019 in una soffitta a Belluno. Nella serata interverranno l\u2019autore del fortuito ritrovamento, il poliedrico artista bellunese Gianni Carlin, che ha trascritto e pubblicato il manoscritto, e lo storico Jacopo De Pasquale, al quale si deve una contestualizzazione storica sulla citt\u00e0 di Belluno tra le due guerre mondiali in apertura del volume. <\/span><\/span><\/p>\n<p>&nbsp;<\/p>\n<hr \/>\n<p>&nbsp;<\/p>\n<blockquote>\n<h3>LE IMMAGINI RACCONTANO LA STORIA.<\/h3>\n<\/blockquote>\n<p><strong>FELTRE<\/strong> La Polisportiva Feltrese, dopo la rassegna dedicata a &#8220;L&#8217;utilizzo del Piave a scopo idroelettrico 1902 &#8211; 1962&#8221;, ora al Fondaco Delle Biade espone le immagini. La mostra\u00a0 rimarr\u00e0 aperta fino al 5 febbraio 2023 anche\u00a0 il sabato e la domenica<\/p>\n<p>&nbsp;<\/p>\n<p>&nbsp;<\/p>\n<hr \/>\n<p>&nbsp;<\/p>\n<blockquote>\n<h3>L&#8217;UNIVERSITA&#8217; DEGLI ANZIANI DI AGORDO TORNA CON UN RICCO PROGRAMMA<\/h3>\n<\/blockquote>\n<p><strong>AGORDO<\/strong> L&#8217;universit\u00e0 degli anziani di Agordo \u00e8 pronta per tornare con le lezioni in presenza. \u00c8 stato stilato il calendario degli eventi in programma dal 7 febbraio al 2 maggio. Ogni marted\u00ec gli incontri si svolgeranno in sala Don Tamis dalle 15 alle 17.<\/p>\n<p><strong>IL PROGRAMMA (2 PAGINE)<\/strong><\/p>\n<a href=\"https:\/\/www.radiopiu.net\/wordpress\/wp-content\/uploads\/2023\/01\/UAA-Programma-2022-23_2\u00b0trimestreok.pdf\" class=\"pdfemb-viewer\" style=\"\" data-width=\"max\" data-height=\"max\" data-toolbar=\"top\" data-toolbar-fixed=\"on\">UAA-Programma 2022-23_2\u00b0trimestreok<\/a>\n<p>&nbsp;<\/p>\n<p>&nbsp;<\/p>\n<hr \/>\n<p>&nbsp;<\/p>\n<blockquote>\n<h3>DIALETTO VIVO<\/h3>\n<\/blockquote>\n<p><strong>LOZZO DI CADORE<\/strong> Oggi alle 18 in sala Pellegrini di Lozzo di Cadore si svolger\u00e0 &#8220;Dialetto Vivo&#8221;, recital di poesie e prose in ladino del Cadore, Comelico e Fodom.<\/p>\n<p>&nbsp;<\/p>\n<p>&nbsp;<\/p>\n<hr \/>\n<p>&nbsp;<\/p>\n<blockquote>\n<h3>JAZZERSICE IN AGORDINO A CENCENIGHE E CANALE<\/h3>\n<\/blockquote>\n<p><strong>CENCENIGHE<\/strong> Jazzercise-Dance Mix Nell&#8217;Agordino alla palestra delle Scuole Medie Di Cencenighe ogni marted\u00ec e gioved\u00ec dalle 19 alle 20, in sala ex emigranti di Canale d\u2019Agordo il mercoled\u00ec dalle 19.30 alle 20.30 e il venerd\u00ec dalle 18.45 alle 19.45<\/p>\n\n\t\t\t<style type='text\/css'>\n\t\t\t\t#gallery-6 {\n\t\t\t\t\tmargin: auto;\n\t\t\t\t}\n\t\t\t\t#gallery-6 .gallery-item {\n\t\t\t\t\tfloat: left;\n\t\t\t\t\tmargin-top: 10px;\n\t\t\t\t\ttext-align: center;\n\t\t\t\t\twidth: 50%;\n\t\t\t\t}\n\t\t\t\t#gallery-6 img {\n\t\t\t\t\tborder: 2px solid #cfcfcf;\n\t\t\t\t}\n\t\t\t\t#gallery-6 .gallery-caption {\n\t\t\t\t\tmargin-left: 0;\n\t\t\t\t}\n\t\t\t\t\/* see gallery_shortcode() in wp-includes\/media.php *\/\n\t\t\t<\/style>\n\t\t<div id='gallery-6' class='dt-gallery-container gallery galleryid-319334 gallery-columns-2 gallery-size-medium'><dl class='gallery-item'>\n\t\t\t\t<dt class='gallery-icon landscape'>\n\t\t\t\t\t<a class=\"rollover rollover-zoom dt-pswp-item\" title=\"b2d8a43a-36e6-4b9b-8263-018afcc4df14\" data-dt-img-description=\"\" data-large_image_width=\"716\" data-large_image_height=\"502\"href='https:\/\/www.radiopiu.net\/wordpress\/wp-content\/uploads\/2023\/01\/b2d8a43a-36e6-4b9b-8263-018afcc4df14.jpg'><img loading=\"lazy\" decoding=\"async\" width=\"300\" height=\"210\" src=\"https:\/\/www.radiopiu.net\/wordpress\/wp-content\/uploads\/2023\/01\/b2d8a43a-36e6-4b9b-8263-018afcc4df14-300x210.jpg\" class=\"attachment-medium size-medium\" alt=\"\" srcset=\"https:\/\/www.radiopiu.net\/wordpress\/wp-content\/uploads\/2023\/01\/b2d8a43a-36e6-4b9b-8263-018afcc4df14-300x210.jpg 300w, https:\/\/www.radiopiu.net\/wordpress\/wp-content\/uploads\/2023\/01\/b2d8a43a-36e6-4b9b-8263-018afcc4df14.jpg 716w\" sizes=\"auto, (max-width: 300px) 100vw, 300px\" \/><\/a>\n\t\t\t\t<\/dt><\/dl><dl class='gallery-item'>\n\t\t\t\t<dt class='gallery-icon portrait'>\n\t\t\t\t\t<a class=\"rollover rollover-zoom dt-pswp-item\" title=\"8ed2269c-d382-49a5-b595-a754aec85762\" data-dt-img-description=\"\" data-large_image_width=\"747\" data-large_image_height=\"1047\"href='https:\/\/www.radiopiu.net\/wordpress\/wp-content\/uploads\/2023\/01\/8ed2269c-d382-49a5-b595-a754aec85762.jpg'><img loading=\"lazy\" decoding=\"async\" width=\"214\" height=\"300\" src=\"https:\/\/www.radiopiu.net\/wordpress\/wp-content\/uploads\/2023\/01\/8ed2269c-d382-49a5-b595-a754aec85762-214x300.jpg\" class=\"attachment-medium size-medium\" alt=\"\" srcset=\"https:\/\/www.radiopiu.net\/wordpress\/wp-content\/uploads\/2023\/01\/8ed2269c-d382-49a5-b595-a754aec85762-214x300.jpg 214w, https:\/\/www.radiopiu.net\/wordpress\/wp-content\/uploads\/2023\/01\/8ed2269c-d382-49a5-b595-a754aec85762-731x1024.jpg 731w, https:\/\/www.radiopiu.net\/wordpress\/wp-content\/uploads\/2023\/01\/8ed2269c-d382-49a5-b595-a754aec85762.jpg 747w\" sizes=\"auto, (max-width: 214px) 100vw, 214px\" \/><\/a>\n\t\t\t\t<\/dt><\/dl><br style=\"clear: both\" \/>\n\t\t\t<\/div>\n\n<p>&nbsp;<\/p>\n<hr \/>\n<p>&nbsp;<\/p>\n<p>&nbsp;<\/p>\n<p><a class=\"dt-pswp-item\" href=\"https:\/\/www.radiopiu.net\/wordpress\/wp-content\/uploads\/2023\/01\/ZANETTI.png\" data-dt-img-description=\"\" data-large_image_width=\"744\" data-large_image_height=\"631\"><img loading=\"lazy\" decoding=\"async\" class=\"size-medium wp-image-319233 aligncenter\" src=\"https:\/\/www.radiopiu.net\/wordpress\/wp-content\/uploads\/2023\/01\/ZANETTI-300x254.png\" alt=\"\" width=\"300\" height=\"254\" srcset=\"https:\/\/www.radiopiu.net\/wordpress\/wp-content\/uploads\/2023\/01\/ZANETTI-300x254.png 300w, https:\/\/www.radiopiu.net\/wordpress\/wp-content\/uploads\/2023\/01\/ZANETTI.png 744w\" sizes=\"auto, (max-width: 300px) 100vw, 300px\" \/><\/a><\/p>\n<p>&nbsp;<\/p>\n<hr \/>\n<p>&nbsp;<\/p>\n<blockquote>\n<h3>LA ZINGHENESTA A CANALE D&#8217;AGORDO<\/h3>\n<\/blockquote>\n<p><strong>CANALE D&#8217;AGORDO<\/strong> Domenica 19 febbraio torna La Zinghenesta a Canale D&#8217;Agordo, il carnevale della Valle del Biois. L&#8217;evento inizier\u00e0 con la consueta sfilata del corteo mascherato in partenza da Falcade per poi arrivare verso le 12.00 a Canale d&#8217;Agordo. Alle 15.00 inizio della sfilata per le vie del paese, arrivo in piazza e premiazione della maschera pi\u00f9 bella; Alle 16.30 processo al Carnevale. Sculture in legno, divertimento e dolci per grandi e piccini accompagneranno questa edizione<\/p>\n<p>&nbsp;<\/p>\n<p>&nbsp;<\/p>\n<hr \/>\n<p>&nbsp;<\/p>\n<div class=\"column\">\n<h1><span style=\"color: #ff00ff;\">AGORDINO IN FERMENTO&#8230;AGORDINO IN MOVIMENTO\u00a0\u00a0<\/span><\/h1>\n<blockquote>\n<h3>4 FEBBRAIO 2023: LA CASPARETHA&#8230; IL CASPERITIVO. SPORT E FESTA.<\/h3>\n<\/blockquote>\n<p><strong>di Gianni Santomaso<\/strong><\/p>\n<audio class=\"wp-audio-shortcode\" id=\"audio-319334-9\" preload=\"none\" style=\"width: 100%;\" controls=\"controls\"><source type=\"audio\/mpeg\" src=\"https:\/\/www.radiopiu.net\/wordpress\/wp-content\/uploads\/2023\/01\/GIANNI-CASPARETHA.mp3?_=9\" \/><a href=\"https:\/\/www.radiopiu.net\/wordpress\/wp-content\/uploads\/2023\/01\/GIANNI-CASPARETHA.mp3\">https:\/\/www.radiopiu.net\/wordpress\/wp-content\/uploads\/2023\/01\/GIANNI-CASPARETHA.mp3<\/a><\/audio>\n<p>&nbsp;<\/p>\n<blockquote>\n<h3>NEL PROSSIMO FINE SETTIMANA LA CASPARETHA A CANALE D&#8217;AGORDO<\/h3>\n<\/blockquote>\n<p><strong><a class=\"dt-pswp-item\" href=\"https:\/\/www.radiopiu.net\/wordpress\/wp-content\/uploads\/2023\/01\/CASPARETHA-2-scaled.jpg\" data-dt-img-description=\"\" data-large_image_width=\"2560\" data-large_image_height=\"1707\"><img loading=\"lazy\" decoding=\"async\" class=\" wp-image-319101 alignleft\" src=\"https:\/\/www.radiopiu.net\/wordpress\/wp-content\/uploads\/2023\/01\/CASPARETHA-2-300x200.jpg\" alt=\"\" width=\"221\" height=\"147\" srcset=\"https:\/\/www.radiopiu.net\/wordpress\/wp-content\/uploads\/2023\/01\/CASPARETHA-2-300x200.jpg 300w, https:\/\/www.radiopiu.net\/wordpress\/wp-content\/uploads\/2023\/01\/CASPARETHA-2-1024x683.jpg 1024w, https:\/\/www.radiopiu.net\/wordpress\/wp-content\/uploads\/2023\/01\/CASPARETHA-2-768x512.jpg 768w, https:\/\/www.radiopiu.net\/wordpress\/wp-content\/uploads\/2023\/01\/CASPARETHA-2-1536x1024.jpg 1536w, https:\/\/www.radiopiu.net\/wordpress\/wp-content\/uploads\/2023\/01\/CASPARETHA-2-2048x1365.jpg 2048w\" sizes=\"auto, (max-width: 221px) 100vw, 221px\" \/><\/a>CANALE D&#8217;AGORDO <\/strong>Cinque km illuminati da fiaccole da percorrere ciaspole ai piedi, tra un ristoro e l\u2019altro di prodotti tipici come Gulasch e minestra d&#8217;orzo. Tutto questo \u00e8 la Casparetha, la camminata sulla neve, competitiva e non, che si terr\u00e0 sabato 4 febbraio a Canale d\u2019Agordo.\u00a0 Partenza, alle ore 19, da piazza Papa Luciani dove si chiude anche il percorso con tanto di festa finale e spettacolo pirotecnico. Un anello facilmente percorribile, con 200 metri di dislivello, in un\u2019atmosfera resa magica dalle luci che illuminano la neve caduta abbondante nelle ultime giornate. La partecipazione alla Casparetha \u00e8 consentita solo ai ciaspolatori ma non mancheranno le occasioni di divertimento anche per chi non si mette alla prova sui 5 km. Oltre alla festa in piazza, dalle 17.30 i locali aderenti ed il comitato organizzatore daranno vita al \u201cCasperitivo\u201d.\u00a0 Per l\u2019occasione anche il museo Papa Luciani rimarr\u00e0 aperto fino alle 21. Nella Ski Area San Pellegrino anche il mese di febbraio si annuncia denso di appuntamenti per gli amanti della montagna. Con la Casparetha non solo sci ma anche ciaspole e sapori del territorio per un weekend all\u2019insegna dello sport e della cucina tipica. \u00c8 possibile iscriversi attraverso il sito <a href=\"http:\/\/casparetha.it\/\">casparetha.it<\/a>. Massimo 1.000 partecipanti. Costo iscrizione online 20 euro per gli adulti, 10 euro per i nati dal 2013 in poi. Noleggio ciaspole 8 euro.\u00a0 Chi si iscriver\u00e0 il giorno della gara o in Pro Loco 23\u20ac adulti e 12\u20ac per i nati dal 2013 in poi. Informazioni su Casparetha.it e presso la Proloco Canale d\u2019Agordo Tel. 0437.1948030<\/p>\n<p>&nbsp;<\/p>\n<blockquote><p><strong><span style=\"color: #ff0000;\">ALLA RADIO, L&#8217;INTERVISTA A MIRCO E EMIL TANCON<\/span><\/strong><\/p><\/blockquote>\n<div class=\"column\">\n<p><strong><a class=\"dt-pswp-item\" href=\"https:\/\/www.radiopiu.net\/wordpress\/wp-content\/uploads\/2023\/01\/CASPARETHA_page-0001.jpg\" data-dt-img-description=\"\" data-large_image_width=\"886\" data-large_image_height=\"632\"><img loading=\"lazy\" decoding=\"async\" class=\" wp-image-315112 alignleft\" src=\"https:\/\/www.radiopiu.net\/wordpress\/wp-content\/uploads\/2023\/01\/CASPARETHA_page-0001-300x214.jpg\" alt=\"\" width=\"243\" height=\"173\" srcset=\"https:\/\/www.radiopiu.net\/wordpress\/wp-content\/uploads\/2023\/01\/CASPARETHA_page-0001-300x214.jpg 300w, https:\/\/www.radiopiu.net\/wordpress\/wp-content\/uploads\/2023\/01\/CASPARETHA_page-0001-768x548.jpg 768w, https:\/\/www.radiopiu.net\/wordpress\/wp-content\/uploads\/2023\/01\/CASPARETHA_page-0001.jpg 886w\" sizes=\"auto, (max-width: 243px) 100vw, 243px\" \/><\/a>CANALE D&#8217;AGORDO <\/strong>Sabato 4 febbraio \u00e8 in programma la Casparetha 2023, camminata competitiva e non in notturna con racchette da neve su tracciato di circa 5 km.<\/p>\n<p><strong>di Mirko Mezzacasa<\/strong><\/p>\n<p>OSPITI: Emil Tancon e Mirko Tancon<\/p>\n<audio class=\"wp-audio-shortcode\" id=\"audio-319334-10\" preload=\"none\" style=\"width: 100%;\" controls=\"controls\"><source type=\"audio\/mpeg\" src=\"https:\/\/www.radiopiu.net\/wordpress\/wp-content\/uploads\/2023\/01\/casparetha-mirco-emil.mp3?_=10\" \/><a href=\"https:\/\/www.radiopiu.net\/wordpress\/wp-content\/uploads\/2023\/01\/casparetha-mirco-emil.mp3\">https:\/\/www.radiopiu.net\/wordpress\/wp-content\/uploads\/2023\/01\/casparetha-mirco-emil.mp3<\/a><\/audio>\n<\/div>\n<\/div>\n<p>&nbsp;<\/p>\n<p>&nbsp;<\/p>\n<hr \/>\n<p>&nbsp;<\/p>\n<p>&nbsp;<\/p>\n<p class=\"photoswipe-wrapper\"><a class=\"dt-pswp-item pspw-wrap-ready\" href=\"https:\/\/www.radiopiu.net\/wordpress\/wp-content\/uploads\/2023\/01\/f357cc9c-828e-4d9b-9ff4-ec3efed24d74.jpg\" data-dt-img-description=\"\" data-large_image_width=\"724\" data-large_image_height=\"1024\"><img loading=\"lazy\" decoding=\"async\" class=\"wp-image-315069 alignleft\" src=\"https:\/\/www.radiopiu.net\/wordpress\/wp-content\/uploads\/2023\/01\/f357cc9c-828e-4d9b-9ff4-ec3efed24d74.jpg\" sizes=\"auto, (max-width: 140px) 100vw, 140px\" srcset=\"https:\/\/www.radiopiu.net\/wordpress\/wp-content\/uploads\/2023\/01\/f357cc9c-828e-4d9b-9ff4-ec3efed24d74.jpg 724w, https:\/\/www.radiopiu.net\/wordpress\/wp-content\/uploads\/2023\/01\/f357cc9c-828e-4d9b-9ff4-ec3efed24d74-212x300.jpg 212w\" alt=\"\" width=\"79\" height=\"112\" \/><\/a><\/p>\n<h1><span style=\"color: #ff00ff;\">AGORDINO IN FERMENTO\u2026AGORDINO IN MOVIMENTO<\/span><\/h1>\n<blockquote><p><strong>A CARNEVALE\u2026 EL CARNEVAL DE LE VAI\u2026DA SELVA DI CADORE A CANALE D\u2019AGORDO, DA RIVAMONTE A LASTE E SOTTOGUDA. TRADIZIONE, CULTUR E SPETTACOLO\u00a0\u00a0<\/strong><\/p><\/blockquote>\n<p><iframe loading=\"lazy\" title=\"CARNEVAI DE LE VAI L&#039;INTERVISTA AI PROTAGONISTI\" width=\"1200\" height=\"675\" src=\"https:\/\/www.youtube.com\/embed\/w-vtgGV1TuM?start=198&#038;feature=oembed\" frameborder=\"0\" allow=\"accelerometer; autoplay; clipboard-write; encrypted-media; gyroscope; picture-in-picture; web-share\" allowfullscreen><\/iframe><\/p>\n<p>&nbsp;<\/p>\n<p>&nbsp;<\/p>\n<hr \/>\n<p>&nbsp;<\/p>\n<p>&nbsp;<\/p>\n<p><iframe loading=\"lazy\" title=\"Radio Pi\u00f9 festeggia i suoi primi 40 anni di attivit\u00e0\" width=\"1200\" height=\"675\" src=\"https:\/\/www.youtube.com\/embed\/6ptB04FauBE?feature=oembed\" frameborder=\"0\" allow=\"accelerometer; autoplay; clipboard-write; encrypted-media; gyroscope; picture-in-picture; web-share\" allowfullscreen><\/iframe><\/p>\n<p>&nbsp;<\/p>\n<hr \/>\n<p>&nbsp;<\/p>\n<blockquote class=\"wp-embedded-content\" data-secret=\"8Zbbr1sVlh\"><p><a href=\"https:\/\/www.radiopiu.net\/wordpress\/limpresa-folle-di-aaron-lazzaro-ed-enrico-triches-in-argentina-gli-aggiornamenti-di-nessuna-vetta-e-lontana\/\">L&#8217;IMPRESA FOLLE DI AARON LAZZARO ED ENRICO TRICHES IN ARGENTINA. GLI AGGIORNAMENTI DI &#8220;NESSUNA VETTA E&#8217; LONTANA&#8221;<\/a><\/p><\/blockquote>\n<p><iframe loading=\"lazy\" class=\"wp-embedded-content\" sandbox=\"allow-scripts\" security=\"restricted\" style=\"position: absolute; clip: rect(1px, 1px, 1px, 1px);\" title=\"&#8220;L&#8217;IMPRESA FOLLE DI AARON LAZZARO ED ENRICO TRICHES IN ARGENTINA. GLI AGGIORNAMENTI DI &#8220;NESSUNA VETTA E&#8217; LONTANA&#8221;&#8221; &#8212; Radio Pi\u00f9\" src=\"https:\/\/www.radiopiu.net\/wordpress\/limpresa-folle-di-aaron-lazzaro-ed-enrico-triches-in-argentina-gli-aggiornamenti-di-nessuna-vetta-e-lontana\/embed\/#?secret=nEeAE0X8PZ#?secret=8Zbbr1sVlh\" data-secret=\"8Zbbr1sVlh\" width=\"600\" height=\"338\" frameborder=\"0\" marginwidth=\"0\" marginheight=\"0\" scrolling=\"no\"><\/iframe><\/p>\n<p>&nbsp;<\/p>\n<hr \/>\n<p>&nbsp;<\/p>\n<blockquote>\n<h3>MARCO V. DAL FARRA IN CONCERTO<\/h3>\n<\/blockquote>\n<p><strong><a class=\"dt-pswp-item\" href=\"https:\/\/www.radiopiu.net\/wordpress\/wp-content\/uploads\/2023\/01\/5ab80fca-7727-4408-b756-194a8fe774b5.jpg\" data-dt-img-description=\"\" data-large_image_width=\"1024\" data-large_image_height=\"768\"><img loading=\"lazy\" decoding=\"async\" class=\"size-medium wp-image-319181 aligncenter\" src=\"https:\/\/www.radiopiu.net\/wordpress\/wp-content\/uploads\/2023\/01\/5ab80fca-7727-4408-b756-194a8fe774b5-300x225.jpg\" alt=\"\" width=\"300\" height=\"225\" srcset=\"https:\/\/www.radiopiu.net\/wordpress\/wp-content\/uploads\/2023\/01\/5ab80fca-7727-4408-b756-194a8fe774b5-300x225.jpg 300w, https:\/\/www.radiopiu.net\/wordpress\/wp-content\/uploads\/2023\/01\/5ab80fca-7727-4408-b756-194a8fe774b5-768x576.jpg 768w, https:\/\/www.radiopiu.net\/wordpress\/wp-content\/uploads\/2023\/01\/5ab80fca-7727-4408-b756-194a8fe774b5.jpg 1024w\" sizes=\"auto, (max-width: 300px) 100vw, 300px\" \/><\/a> <\/strong><\/p>\n<p><strong>LONGARONE<\/strong> Appuntamento in musica a Longarone con il concerto di Marco V. Dal Farra e la sua band.<\/p>\n<p><strong>LA DIRETTA RADIO PIU&#8217;<\/strong><\/p>\n<p><iframe loading=\"lazy\" title=\"MARCO V. DAL FARRA IN CONCERTO A LONGARONE\" width=\"1200\" height=\"675\" src=\"https:\/\/www.youtube.com\/embed\/HKJJ-Prbrfo?feature=oembed\" frameborder=\"0\" allow=\"accelerometer; autoplay; clipboard-write; encrypted-media; gyroscope; picture-in-picture; web-share\" allowfullscreen><\/iframe><\/p>\n<p>&nbsp;<\/p>\n<p>&nbsp;<\/p>\n<hr \/>\n<p>&nbsp;<\/p>\n<h2><span style=\"color: #33cccc;\">SALUTE &amp; SOCIETA&#8217;<\/span><\/h2>\n<p><strong><a class=\"dt-pswp-item\" href=\"https:\/\/www.radiopiu.net\/wordpress\/wp-content\/uploads\/2023\/01\/c437da29-c505-a98e-450f-d414594e66c6-1.jpg\" data-dt-img-description=\"\" data-large_image_width=\"800\" data-large_image_height=\"445\"><img loading=\"lazy\" decoding=\"async\" class=\" wp-image-319392 alignleft\" src=\"https:\/\/www.radiopiu.net\/wordpress\/wp-content\/uploads\/2023\/01\/c437da29-c505-a98e-450f-d414594e66c6-1-300x167.jpg\" alt=\"\" width=\"201\" height=\"112\" srcset=\"https:\/\/www.radiopiu.net\/wordpress\/wp-content\/uploads\/2023\/01\/c437da29-c505-a98e-450f-d414594e66c6-1-300x167.jpg 300w, https:\/\/www.radiopiu.net\/wordpress\/wp-content\/uploads\/2023\/01\/c437da29-c505-a98e-450f-d414594e66c6-1-768x427.jpg 768w, https:\/\/www.radiopiu.net\/wordpress\/wp-content\/uploads\/2023\/01\/c437da29-c505-a98e-450f-d414594e66c6-1.jpg 800w\" sizes=\"auto, (max-width: 201px) 100vw, 201px\" \/><\/a>PUNTATA DEL 30 GENNAIO 2023<\/strong><\/p>\n<p><strong>Terapia medica dell\u2019artrosi<\/strong> Cosa si propone la terapia farmacologica dell\u2019artrosi, su quali classi di farmaci si basa e cosa dicono le linee guida a questo riguardo.<br \/>\n<strong>Medicina dello sport<\/strong>Il ruolo dei medici specialisti in medicina dello sport nel controllo della salute di chi voglia praticare un\u2019attivit\u00e0 sportiva \u00e8 molto importante e non pu\u00f2 escludere il tema delle protezioni vaccinali.<\/p>\n<audio class=\"wp-audio-shortcode\" id=\"audio-319334-11\" preload=\"none\" style=\"width: 100%;\" controls=\"controls\"><source type=\"audio\/mpeg\" src=\"https:\/\/www.radiopiu.net\/wordpress\/wp-content\/uploads\/2023\/01\/SALUTE-4.mp3?_=11\" \/><a href=\"https:\/\/www.radiopiu.net\/wordpress\/wp-content\/uploads\/2023\/01\/SALUTE-4.mp3\">https:\/\/www.radiopiu.net\/wordpress\/wp-content\/uploads\/2023\/01\/SALUTE-4.mp3<\/a><\/audio>\n<p>&nbsp;<\/p>\n<p>&nbsp;<\/p>\n<hr \/>\n<p>&nbsp;<\/p>\n<blockquote>\n<h3>\u201cCHIESE SCOMPARSE DI BELLUNO\u201d NEL LIBRO DI MARIO DAL MAS E MONS. ATTILIO GIACOBBI<\/h3>\n<\/blockquote>\n<p>&nbsp;<\/p>\n<p><strong>DI RENATO BONA<\/strong><\/p>\n<p>Il benemerito Istituto bellunese di ricerche sociali e culturali presieduto dal prof. don Sergio Sacco ha dato alle stampe nel gennaio del 1977 (tipografia Piave), per la serie \u201cStoria\u201d, il libro \u201cChiese scomparse di Belluno\u201d frutto dell\u2019impegnativa ricerca e della collaborazione reciproca di due famosi studiosi: l\u2019architetto Mario Dal Mas, che ha curato la ricostruzione architettonica delle chiese e l\u2019introduzione storico-architettonica-urbanistica della citt\u00e0 di Belluno, ed il prof. mons. Attilio Giacobbi il quale ha descritto ed interpretato il contenuto storico-artistico delle chiese e le espressioni di vita religiosa collegata ad esse, ed ha tratto le conclusioni. Il prezioso volume \u00e8 cos\u00ec articolato: \u201cLa Visita del Rota\u201d; \u201cLe chiese nella struttura urbana\u201d; \u201cS. Martino\u201d; \u201cS. Andrea\u201d; \u201cS. Lucano\u201d; \u201cSanta Croce\u201d; S. Giuseppe\u201d; \u201cSanta Maria Nova\u201d; \u201cS. Giorgio\u201d; \u201cSanta Giuliana al Castello\u201d; la conclusione \u00e8 a sua volta suddivisa in: \u201cUna parola sulle Confraternite\u201d; \u201cControllo soffocante delle autorit\u00e0\u201d; \u201cBilancio storico della soppressione\u201d. In questa occasione ci soffermiamo sulla chiesa di San Lucano, che era stata consacrata il 7 dicembre del 1396 \u201crinnovando il culto antichissimo di S. Lucano, il non dimenticato Vescovo di Bressanone, morto in santit\u00e0 e venerato in tutto il Bellunese\u201d (in proposito c\u2019\u00e8 chi sostiene, come C. Miari che la consacrazione della chiesa avvenne il 17 dicembre ad opera di fra Vitale da Faenza dell\u2019Ordine degli Eremitani, vescovo titolare di Milo). La chiesa, che era \u201cinserita nel quartiere omonimo \u2018de S. Lugan e de S. Crose\u2019 faceva parte anticamente della contrada di s. Lugan: antistante la piazzetta che porta il nome originario, ha una struttura assai semplice non avendo mai subito una sostanziale trasformazione e la casa attuale \u00e8 costruita proprio sulle mura non del tutto demolite della chiesa. Oltre all\u2019altare maggiore dedicato a san Lucano vi erano altri due altari \u201ca fondale delle murature laterali del presbiterio\u201d.Nel 1806 \u201csub\u00ec le sorti di tutte le chiese:il 16 settembre fu sbarrata e l\u2019immobile venduto; l\u2019Oratorio continu\u00f2 per\u00f2 ad usarla\u201dricevendone le chiavi ogni vigilia la sera fino al 7 novembre18120 e cerc\u00f2 anche di acquistarla dal Demanio \u201cma poi rimase a benefizio dell\u2019Aspirante sig. Butta Calice Antonio\u201d. Quanto alle opere d\u2019arte, l\u2019altar maggiore \u201c\u00e8 intitolato S. Lucano e la pala \u00e8 di legno parte dorato e parte colorito, con sue portelle. La pittura \u00e8 sul legno\u201d. Le portelle, opera del bellunese Nicol\u00f2 de Stefani (secolo XVI) sono andate perdute; il dipinto \u201c\u00e8 una tavola rarissima di Paris Bordone, opera giovanile che rivela molti influssi, finita nel Museo di Berlino. E\u2019 un\u2019opera centinata di pioppo 206&#215;135 raffigurante la \u201cVergine in trono col Bambino e Santi\u201d. Sui gradini dell\u2019altare due candelieri di legno argentati e due d\u2019ottone, Croce di rame dorata. Fuori dal presbiterio, l\u2019altare di san Filippo Neri con custodia di legno dorata realizzata dal bellunese Andrea Brustolon, che custodisce una reliquia del Santo. Entrambe oggi sono nella chiesa di Santa Maria di Loreto, sempre a Belluno, dove vi sono anche due opere di Brustolon: la statua di san Filippo Neri e un grande tabernacolo.<\/p>\n\n\t\t\t<style type='text\/css'>\n\t\t\t\t#gallery-7 {\n\t\t\t\t\tmargin: auto;\n\t\t\t\t}\n\t\t\t\t#gallery-7 .gallery-item {\n\t\t\t\t\tfloat: left;\n\t\t\t\t\tmargin-top: 10px;\n\t\t\t\t\ttext-align: center;\n\t\t\t\t\twidth: 33%;\n\t\t\t\t}\n\t\t\t\t#gallery-7 img {\n\t\t\t\t\tborder: 2px solid #cfcfcf;\n\t\t\t\t}\n\t\t\t\t#gallery-7 .gallery-caption {\n\t\t\t\t\tmargin-left: 0;\n\t\t\t\t}\n\t\t\t\t\/* see gallery_shortcode() in wp-includes\/media.php *\/\n\t\t\t<\/style>\n\t\t<div id='gallery-7' class='dt-gallery-container gallery galleryid-319334 gallery-columns-3 gallery-size-thumbnail'><dl class='gallery-item'>\n\t\t\t\t<dt class='gallery-icon portrait'>\n\t\t\t\t\t<a class=\"rollover rollover-zoom dt-pswp-item\" title=\"1\" data-dt-img-description=\"\" data-large_image_width=\"155\" data-large_image_height=\"240\"href='https:\/\/www.radiopiu.net\/wordpress\/wp-content\/uploads\/2023\/01\/1-1.jpg'><img loading=\"lazy\" decoding=\"async\" width=\"150\" height=\"150\" src=\"https:\/\/www.radiopiu.net\/wordpress\/wp-content\/uploads\/2023\/01\/1-1-150x150.jpg\" class=\"attachment-thumbnail size-thumbnail\" alt=\"\" \/><\/a>\n\t\t\t\t<\/dt><\/dl><dl class='gallery-item'>\n\t\t\t\t<dt class='gallery-icon landscape'>\n\t\t\t\t\t<a class=\"rollover rollover-zoom dt-pswp-item\" title=\"2\" data-dt-img-description=\"\" data-large_image_width=\"206\" data-large_image_height=\"204\"href='https:\/\/www.radiopiu.net\/wordpress\/wp-content\/uploads\/2023\/01\/2-3.jpg'><img loading=\"lazy\" decoding=\"async\" width=\"150\" height=\"150\" src=\"https:\/\/www.radiopiu.net\/wordpress\/wp-content\/uploads\/2023\/01\/2-3-150x150.jpg\" class=\"attachment-thumbnail size-thumbnail\" alt=\"\" srcset=\"https:\/\/www.radiopiu.net\/wordpress\/wp-content\/uploads\/2023\/01\/2-3-150x150.jpg 150w, https:\/\/www.radiopiu.net\/wordpress\/wp-content\/uploads\/2023\/01\/2-3.jpg 206w\" sizes=\"auto, (max-width: 150px) 100vw, 150px\" \/><\/a>\n\t\t\t\t<\/dt><\/dl><dl class='gallery-item'>\n\t\t\t\t<dt class='gallery-icon portrait'>\n\t\t\t\t\t<a class=\"rollover rollover-zoom dt-pswp-item\" title=\"3\" data-dt-img-description=\"\" data-large_image_width=\"173\" data-large_image_height=\"203\"href='https:\/\/www.radiopiu.net\/wordpress\/wp-content\/uploads\/2023\/01\/3-1.jpg'><img loading=\"lazy\" decoding=\"async\" width=\"150\" height=\"150\" src=\"https:\/\/www.radiopiu.net\/wordpress\/wp-content\/uploads\/2023\/01\/3-1-150x150.jpg\" class=\"attachment-thumbnail size-thumbnail\" alt=\"\" \/><\/a>\n\t\t\t\t<\/dt><\/dl><br style=\"clear: both\" \/><dl class='gallery-item'>\n\t\t\t\t<dt class='gallery-icon landscape'>\n\t\t\t\t\t<a class=\"rollover rollover-zoom dt-pswp-item\" title=\"4\" data-dt-img-description=\"\" data-large_image_width=\"320\" data-large_image_height=\"205\"href='https:\/\/www.radiopiu.net\/wordpress\/wp-content\/uploads\/2023\/01\/4-1.jpg'><img loading=\"lazy\" decoding=\"async\" width=\"150\" height=\"150\" src=\"https:\/\/www.radiopiu.net\/wordpress\/wp-content\/uploads\/2023\/01\/4-1-150x150.jpg\" class=\"attachment-thumbnail size-thumbnail\" alt=\"\" \/><\/a>\n\t\t\t\t<\/dt><\/dl><dl class='gallery-item'>\n\t\t\t\t<dt class='gallery-icon landscape'>\n\t\t\t\t\t<a class=\"rollover rollover-zoom dt-pswp-item\" title=\"5\" data-dt-img-description=\"\" data-large_image_width=\"206\" data-large_image_height=\"204\"href='https:\/\/www.radiopiu.net\/wordpress\/wp-content\/uploads\/2023\/01\/5-1.jpg'><img loading=\"lazy\" decoding=\"async\" width=\"150\" height=\"150\" src=\"https:\/\/www.radiopiu.net\/wordpress\/wp-content\/uploads\/2023\/01\/5-1-150x150.jpg\" class=\"attachment-thumbnail size-thumbnail\" alt=\"\" srcset=\"https:\/\/www.radiopiu.net\/wordpress\/wp-content\/uploads\/2023\/01\/5-1-150x150.jpg 150w, https:\/\/www.radiopiu.net\/wordpress\/wp-content\/uploads\/2023\/01\/5-1.jpg 206w\" sizes=\"auto, (max-width: 150px) 100vw, 150px\" \/><\/a>\n\t\t\t\t<\/dt><\/dl><dl class='gallery-item'>\n\t\t\t\t<dt class='gallery-icon portrait'>\n\t\t\t\t\t<a class=\"rollover rollover-zoom dt-pswp-item\" title=\"6\" data-dt-img-description=\"\" data-large_image_width=\"153\" data-large_image_height=\"225\"href='https:\/\/www.radiopiu.net\/wordpress\/wp-content\/uploads\/2023\/01\/6-1.jpg'><img loading=\"lazy\" decoding=\"async\" width=\"150\" height=\"150\" src=\"https:\/\/www.radiopiu.net\/wordpress\/wp-content\/uploads\/2023\/01\/6-1-150x150.jpg\" class=\"attachment-thumbnail size-thumbnail\" alt=\"\" \/><\/a>\n\t\t\t\t<\/dt><\/dl><br style=\"clear: both\" \/><dl class='gallery-item'>\n\t\t\t\t<dt class='gallery-icon portrait'>\n\t\t\t\t\t<a class=\"rollover rollover-zoom dt-pswp-item\" title=\"7\" data-dt-img-description=\"\" data-large_image_width=\"160\" data-large_image_height=\"201\"href='https:\/\/www.radiopiu.net\/wordpress\/wp-content\/uploads\/2023\/01\/7-1.jpg'><img loading=\"lazy\" decoding=\"async\" width=\"150\" height=\"150\" src=\"https:\/\/www.radiopiu.net\/wordpress\/wp-content\/uploads\/2023\/01\/7-1-150x150.jpg\" class=\"attachment-thumbnail size-thumbnail\" alt=\"\" \/><\/a>\n\t\t\t\t<\/dt><\/dl><dl class='gallery-item'>\n\t\t\t\t<dt class='gallery-icon portrait'>\n\t\t\t\t\t<a class=\"rollover rollover-zoom dt-pswp-item\" title=\"8\" data-dt-img-description=\"\" data-large_image_width=\"159\" data-large_image_height=\"225\"href='https:\/\/www.radiopiu.net\/wordpress\/wp-content\/uploads\/2023\/01\/8-1.jpg'><img loading=\"lazy\" decoding=\"async\" width=\"150\" height=\"150\" src=\"https:\/\/www.radiopiu.net\/wordpress\/wp-content\/uploads\/2023\/01\/8-1-150x150.jpg\" class=\"attachment-thumbnail size-thumbnail\" alt=\"\" \/><\/a>\n\t\t\t\t<\/dt><\/dl><dl class='gallery-item'>\n\t\t\t\t<dt class='gallery-icon portrait'>\n\t\t\t\t\t<a class=\"rollover rollover-zoom dt-pswp-item\" title=\"9\" data-dt-img-description=\"\" data-large_image_width=\"152\" data-large_image_height=\"206\"href='https:\/\/www.radiopiu.net\/wordpress\/wp-content\/uploads\/2023\/01\/9-1.jpg'><img loading=\"lazy\" decoding=\"async\" width=\"150\" height=\"150\" src=\"https:\/\/www.radiopiu.net\/wordpress\/wp-content\/uploads\/2023\/01\/9-1-150x150.jpg\" class=\"attachment-thumbnail size-thumbnail\" alt=\"\" \/><\/a>\n\t\t\t\t<\/dt><\/dl><br style=\"clear: both\" \/>\n\t\t\t<\/div>\n\n<p>&nbsp;<\/p>\n<p>NELLE FOTO (riproduzioni dal libro \u201cChiese scomparse di Belluno\u201d di Mario Dal Mas ed Attilio Giacobbi): la copertina del volume; quadretto della Beata Vergine delle Grazie; san Lucano con il suo intorno, tratto dal catasto napoleonico; particolare ingrandito di San Lucano nella stampa di F. Monaco; Scuola di San Lucano nel disegno interpretativo della piazzetta con la chiesa ed il fabbricato dell\u2019Oratorio con l\u2019originaria struttura seicentesca; custodia in legno dorata di Andrea Brustolon; Pace e reliquiario d\u2019argento di fine secolo XVII dell\u2019Oratorio di san Filippo Neri, oggi nella chiesa di Loreto; statua di san Filippo Neri del Brustolon nell\u2019immagine che risale al 1943; Ostensorio sorretto dagli Angeli, pure del Brustolon, dono dell\u2019artista al suo Oratorio e oggi a Loreto.<\/p>\n<p>&nbsp;<\/p>\n<p>&nbsp;<\/p>\n<p>&nbsp;<\/p>\n<p>&nbsp;<\/p>\n<hr \/>\n<p>&nbsp;<\/p>\n<div>\n<div class=\"b654a4as d2edcug0\">\n<div class=\"rq0escxv hkbzh7o3 jwdofwj8 n8tt0mok r8blr3vg hyh9befq\">\n<p><a class=\"dt-pswp-item\" href=\"https:\/\/www.radiopiu.net\/wordpress\/wp-content\/uploads\/2020\/10\/pp.jpg\" data-dt-img-description=\"\" data-large_image_width=\"640\" data-large_image_height=\"640\"><img loading=\"lazy\" decoding=\"async\" class=\"wp-image-163678 alignleft\" src=\"https:\/\/www.radiopiu.net\/wordpress\/wp-content\/uploads\/2020\/10\/pp-300x300.jpg\" alt=\"\" width=\"106\" height=\"106\" srcset=\"https:\/\/www.radiopiu.net\/wordpress\/wp-content\/uploads\/2020\/10\/pp-300x300.jpg 300w, https:\/\/www.radiopiu.net\/wordpress\/wp-content\/uploads\/2020\/10\/pp-150x150.jpg 150w, https:\/\/www.radiopiu.net\/wordpress\/wp-content\/uploads\/2020\/10\/pp-125x125.jpg 125w, https:\/\/www.radiopiu.net\/wordpress\/wp-content\/uploads\/2020\/10\/pp-200x200.jpg 200w, https:\/\/www.radiopiu.net\/wordpress\/wp-content\/uploads\/2020\/10\/pp-80x80.jpg 80w, https:\/\/www.radiopiu.net\/wordpress\/wp-content\/uploads\/2020\/10\/pp-480x480.jpg 480w, https:\/\/www.radiopiu.net\/wordpress\/wp-content\/uploads\/2020\/10\/pp.jpg 640w\" sizes=\"auto, (max-width: 106px) 100vw, 106px\" \/><\/a><\/p>\n<\/div>\n<\/div>\n<\/div>\n<div>\n<div class=\"page-title-head hgroup\">\n<div class=\"page-title-head hgroup\">\n<div class=\"b654a4as d2edcug0\">\n<div class=\"j83agx80 btwxx1t3 lhclo0ds hop8lmos nkwizq5d scwd0bx6 roh60bw9\">\n<div class=\"rq0escxv hkbzh7o3 jwdofwj8 n8tt0mok r8blr3vg hyh9befq\">\n<div class=\"do00u71z l9j0dhe7 k4urcfbm\" style=\"text-align: left;\">\n<h2><span style=\"color: #000080;\">DON CESARE, IL PENSIERO DEL GIORNO. ALLA RADIO ALLE 7 DEL MATTINO E ALLE 19.30 DELLA SERA\u00a0<\/span><\/h2>\n<p>&nbsp;<\/p>\n<audio class=\"wp-audio-shortcode\" id=\"audio-319334-12\" preload=\"none\" style=\"width: 100%;\" controls=\"controls\"><source type=\"audio\/mpeg\" src=\"https:\/\/www.radiopiu.net\/wordpress\/wp-content\/uploads\/2023\/01\/cesare-1.mp3?_=12\" \/><a href=\"https:\/\/www.radiopiu.net\/wordpress\/wp-content\/uploads\/2023\/01\/cesare-1.mp3\">https:\/\/www.radiopiu.net\/wordpress\/wp-content\/uploads\/2023\/01\/cesare-1.mp3<\/a><\/audio>\n<p>&nbsp;<\/p>\n<\/div>\n<\/div>\n<\/div>\n<\/div>\n<\/div>\n<\/div>\n<\/div>\n<hr \/>\n<p>&nbsp;<\/p>\n<h2>1990 &#8211; IL BELLO DELLA DIRETTA, puntata01 &#8220;ODIO ANCORA LA RADIO&#8221;.<\/h2>\n<p><strong>Un articolo al mese che racconta gli episodi pi\u00f9 divertenti, importanti, ricorda fatti e persone che hanno fatto la storia di Radio Pi\u00f9.<\/strong><\/p>\n<p>Il 25 giugno saranno 40 anni di informazione, musica, storia. In quattro decenni di storie ne abbiamo raccontate tante, e in attesa del taglio della torta abbiamo pensato \u201cPerch\u00e9 non ricordarle come abbiamo fatto 10 anni fa con \u201cOdio La Radio\u201d. Ma abbiamo anche pensato\u2026 \u201cE se ne raccontassimo qualcuna anche degli ultimi 10 anni? Ogni 25 del mese un nuovo articolo, vi aspettiamo!<\/p>\n<p><strong>PRIMA PUNTATA, DAL LIBRO &#8220;ODIO LA RADIO&#8221;, 2013 di Mirko Mezzacasa<\/strong><\/p>\n<p><a href=\"https:\/\/www.radiopiu.net\/wordpress\/wp-content\/uploads\/2023\/01\/WhatsApp-Image-2023-01-18-at-14.31.26.jpeg\" data-dt-img-description=\"Bruno Zanetti\" data-large_image_width=\"1600\" data-large_image_height=\"1066\"><img loading=\"lazy\" decoding=\"async\" class=\"wp-image-317469 size-medium alignleft\" src=\"https:\/\/www.radiopiu.net\/wordpress\/wp-content\/uploads\/2023\/01\/WhatsApp-Image-2023-01-18-at-14.31.26-300x200.jpeg\" alt=\"\" width=\"300\" height=\"200\" srcset=\"https:\/\/www.radiopiu.net\/wordpress\/wp-content\/uploads\/2023\/01\/WhatsApp-Image-2023-01-18-at-14.31.26-300x200.jpeg 300w, https:\/\/www.radiopiu.net\/wordpress\/wp-content\/uploads\/2023\/01\/WhatsApp-Image-2023-01-18-at-14.31.26-1024x682.jpeg 1024w, https:\/\/www.radiopiu.net\/wordpress\/wp-content\/uploads\/2023\/01\/WhatsApp-Image-2023-01-18-at-14.31.26-768x512.jpeg 768w, https:\/\/www.radiopiu.net\/wordpress\/wp-content\/uploads\/2023\/01\/WhatsApp-Image-2023-01-18-at-14.31.26-1536x1023.jpeg 1536w, https:\/\/www.radiopiu.net\/wordpress\/wp-content\/uploads\/2023\/01\/WhatsApp-Image-2023-01-18-at-14.31.26.jpeg 1600w\" sizes=\"auto, (max-width: 300px) 100vw, 300px\" \/><\/a>Indimenticabile quel notiziario, quell&#8217;incredibile errore dovuto a diverse situazioni. In studio ero solo, come sempre. Ma il notiziario a Radio Pi\u00f9, alle 12.30 o alle 12.45 a seconda dei blocchi pubblicitari \u00e8 pur sempre andato in onda. Come? Questo ha dell&#8217;incredibile. Era il periodo caldo, la sera in giro per il nord Italia a seguire l&#8217;Alleghe Hockey, di giorno chiuso in uno studio di produzione. Ma il notiziario alle 12.30 era un rito importante, guai non esserci, guai se non era e, se non \u00e8 interessante. Si chiama colonna della radio, lo sapevo nel 1983, lo riconosco oggi. Quel notiziario, il GR principale delle 12.30 (non ha mai cambiato nome in 22 anni) era di difficile realizzazione, solo in studio con due linee telefoniche aperte. <em>&#8220;Attenzione la metto in diretta, mi raccomando ascolti bene il servizio che precede la sua intervista. Poi una volta al termine sar\u00e0 mia premura introdurla per la messa in onda. Lei stia li&#8217;, fermo, aspetti il mio segnale e non respiri perch\u00e9 avr\u00f2 tutti i microfoni ambientali aperti&#8221;.<\/em> Secondo me era chiaro, il fuori onda era stato preciso almeno per me, ma non per il commendator Bruno Zanetti, al tempo presidente provinciale dell&#8217;Associazione Nazionale Alpini, un gran Presidete e uomo che ha combattuto fino all&#8217;ultimo giorno per i suoi alpini, strenuo difensore della Caserma degli Alpini di Agordo, e quando in tempi non sospetti anticipo&#8217; la possibile chiusura. Ma quella votla&#8230; non mi aveva seguito nel notiziario. Colpa mia, non avevo considerato che alle 12.30 era ritornato a casa da pochi minuti, prima del pranzo, dopo il giro di aperitivi e l&#8217;aperitivo con Zanetti era sempre un gran momento.\u00a0 Il servizio precedente verteva sulla statale del San Pellegrino. In particolare l&#8217;allora Anas aveva sostituito i gardrail metallici con palizzate in legno, ancor oggi visibili. Il mio servizio era secco, polemico senza respiro. Il concetto: <em>&#8220;Come si fa a sostituire una barriera sicura con dei pezzi di legno? Si \u00e8 pensato ai pullman, ai mezzi pesanti, ai camper, alle auto che potrebbero abbattere quella barriera e rotolare per mezzo Passo ove tra l&#8217;altro la pendenza si attesta attorno al 18 per cento?&#8221;<\/em> La boutade per me era chiara. Per il commendator Zanetti no. Finisce il servizio, stacco la prima linea telefonica,\u00a0 ospite\u00a0 Enzo Salton\u00a0 sindaco di Canale d&#8217;Agordo e responsabile del tratto stradale &#8220;incriminato&#8221;. Stacco la linea e su quella rimasta accesa\u00a0 mi propongo a Bruno Zanetti, che nel frattempo aveva ascoltato il servizio sul San Pellegrino. <em>\u00a0&#8220;Commendator Zanetti, parliamo degli alpini agordini, ex penne nere quindi in congedo, partiti per il Piemonte per prestare soccorso alle persone coinvolte nell&#8217;alluvione. Quale il suo pensiero?&#8221;.<\/em> Domanda chiara, liquidabile in poche parole, non pi\u00f9 di 2 minuti. Il taglio giornalistico era perfetto, la domanda chiara, la risposta alluncinante. La ripropongo, la ricordo come fosse ieri. <em>&#8220;Quasi non ci credo &#8211; tuon\u00f2 Zanetti dall&#8217;alto della sua presidenza &#8211; come si permettono i miei uomini di andare in Piemonte e sostiture i gardrail metallici con quelli in legno? E&#8217; una vergogna non possiamo mettere a repentaglio la vita altrui. Siamo li&#8217; per aiutare non per fare danni. Mezzacasa non si preoccupi appena torneranno sar\u00e0 mia cura farli ripartire con un camion colmo di gard rail metallici, rifaranno il lavoro, riporteranno la situazione come prima&#8221;. <\/em>Rimasi totalmente interdetto. Non sapevo come riprendere.\u00a0 <em>&#8220;Presidente, certo. Questo con riferimento a Falcade e al lavoro dell&#8217;Anas che nulla ha di che condividere con i suoi alpini. Le ripongo la domanda, cosa fanno i suoi uomini nel Piemonte alluvionato?&#8221;<\/em> Sconcertante la ripresa, peggio di prima.<em> &#8220;Mezzacasa &#8211; tuon\u00f2 di nuovo Zanetti &#8211; le ho detto che sar\u00e0 mia cura riportare la situazione nella normalit\u00e0, con o senza la presenza degli uomini dell&#8217;Anas&#8221;.<\/em> Non me la sono sentita di continuare, ho chiuso la parte di attualit\u00e0 del notiziario per buttarmi a capofitto nello sport. Per molti giorni ho sentito i commenti su quel notiziario. Io, ad esempio, avevo la registrazione in musicassetta, tutto si registrava in musicassetta in quegli anni. Me la sono tenuta in macchina per qualche anno. Nei momenti tristi mi divertivo tra il play ed il rewind ad ascoltare lo Zanetti show. Ed era un notiziario.<\/p>\n<p><strong>LA RACCOLTA COMPLETA<\/strong><\/p>\n<blockquote class=\"wp-embedded-content\" data-secret=\"R95MWDwVoC\"><p><a href=\"https:\/\/www.radiopiu.net\/wordpress\/negli-ultimi-10anni\/\">NEGLI ULTIMI 10 ANNI<\/a><\/p><\/blockquote>\n<p><iframe loading=\"lazy\" class=\"wp-embedded-content\" sandbox=\"allow-scripts\" security=\"restricted\" style=\"position: absolute; clip: rect(1px, 1px, 1px, 1px);\" title=\"&#8220;NEGLI ULTIMI 10 ANNI&#8221; &#8212; Radio Pi\u00f9\" src=\"https:\/\/www.radiopiu.net\/wordpress\/negli-ultimi-10anni\/embed\/#?secret=CKqit8JmFs#?secret=R95MWDwVoC\" data-secret=\"R95MWDwVoC\" width=\"600\" height=\"338\" frameborder=\"0\" marginwidth=\"0\" marginheight=\"0\" scrolling=\"no\"><\/iframe><\/p>\n<p>&nbsp;<\/p>\n<hr \/>\n<p>&nbsp;<\/p>\n<h2><span style=\"color: #ff00ff;\">IN VIVO VERSO\u00a0 \u00a0<\/span><\/h2>\n<blockquote>\n<h3>QUEST\u2019ANNO NIENTE SCUOLA (12 SETTEMBRE 1938) di LOREDANA BORGHETTO<\/h3>\n<\/blockquote>\n<p><strong>AUDIO<\/strong><\/p>\n<audio class=\"wp-audio-shortcode\" id=\"audio-319334-13\" preload=\"none\" style=\"width: 100%;\" controls=\"controls\"><source type=\"audio\/mpeg\" src=\"https:\/\/www.radiopiu.net\/wordpress\/wp-content\/uploads\/2023\/01\/01-LOREDANA-BORGHETTO-UN-GRIDO-DI-BIMBA-.mp3?_=13\" \/><a href=\"https:\/\/www.radiopiu.net\/wordpress\/wp-content\/uploads\/2023\/01\/01-LOREDANA-BORGHETTO-UN-GRIDO-DI-BIMBA-.mp3\">https:\/\/www.radiopiu.net\/wordpress\/wp-content\/uploads\/2023\/01\/01-LOREDANA-BORGHETTO-UN-GRIDO-DI-BIMBA-.mp3<\/a><\/audio>\n<p>&nbsp;<\/p>\n<p><a class=\"dt-pswp-item\" href=\"https:\/\/www.radiopiu.net\/wordpress\/wp-content\/uploads\/2023\/01\/LOREDANA-BORGHETTO.jpg\" data-dt-img-description=\"\" data-large_image_width=\"733\" data-large_image_height=\"1100\"><img loading=\"lazy\" decoding=\"async\" class=\"size-medium wp-image-319454 alignleft\" src=\"https:\/\/www.radiopiu.net\/wordpress\/wp-content\/uploads\/2023\/01\/LOREDANA-BORGHETTO-200x300.jpg\" alt=\"\" width=\"200\" height=\"300\" srcset=\"https:\/\/www.radiopiu.net\/wordpress\/wp-content\/uploads\/2023\/01\/LOREDANA-BORGHETTO-200x300.jpg 200w, https:\/\/www.radiopiu.net\/wordpress\/wp-content\/uploads\/2023\/01\/LOREDANA-BORGHETTO-682x1024.jpg 682w, https:\/\/www.radiopiu.net\/wordpress\/wp-content\/uploads\/2023\/01\/LOREDANA-BORGHETTO.jpg 733w\" sizes=\"auto, (max-width: 200px) 100vw, 200px\" \/><\/a>Loredana Borghetto<br \/>\nQUEST\u2019ANNO NIENTE SCUOLA<br \/>\n(12 SETTEMBRE 1938)<br \/>\nEspulsa\u2026 Bandita dalle scuole del Regno<br \/>\nEppure amo la scuola<br \/>\nho preparato tutto<br \/>\nla cartella di cuoio lucido<br \/>\nl\u2019astuccio con lapis e temperino<br \/>\ncanotto in legno e pennini<br \/>\ni quaderni e i libri freschi di stampa<br \/>\ne poi il grembiule allungato un po\u2019<br \/>\nperch\u00e9 sono cresciuta durante l\u2019estate<br \/>\ne il colletto bianco col fiocco rosso.<br \/>\nNessuno mi ha detto<br \/>\n(sono troppo piccola per capire)<br \/>\nche ora esiste un\u2019italica razza pura<br \/>\ne nel registro, accanto al mio nome,<br \/>\n\u201cdi razza ebraica\u201d \u00e8 scritto in rosso.<br \/>\nC\u2019\u00e8 una nuova maestra giovane bella<br \/>\nmi piace. Mi chiama alla cattedra<br \/>\n(forse per interrogarmi) mi dice:<br \/>\n\u201cPrendi i tuoi quaderni di buona<br \/>\ne vai a casa\u201d \u201cAnche domani?\u201d<br \/>\n\u201cPer sempre\u2026sei espulsa bandita<br \/>\nda tutte le scuole del Regno\u201d.<br \/>\nEspulsa\u2026bandita perch\u00e9 sono ebrea,<br \/>\nsono una pericolosissima bambina<br \/>\nebrea. Espulsa perch\u00e9 sono diversa<br \/>\n(eppure mi sento uguale a tutti loro)<br \/>\nMi crolla addosso il cielo<br \/>\ntrascinandosi dietro la mia leggerezza<br \/>\ndi bimba. Ora sono da evitare, invisibile<br \/>\nanche per la mia compagna di banco\u2026<br \/>\nper tutti sono quella diversa<br \/>\nespulsa\u2026bandita dalle scuole del Regno.<br \/>\nTutto accadde per quell\u2019autografo in calce,<br \/>\nun filo nero che divent\u00f2 rotaia per viaggi<br \/>\nsenza ritorno.<\/p>\n<p>&nbsp;<\/p>\n<div dir=\"auto\">\n<div dir=\"auto\">\n<div dir=\"auto\">\n<p><strong>LA RACCOLTA COMPLETA<\/strong><\/p>\n<blockquote class=\"wp-embedded-content\" data-secret=\"OLCoAoX9kV\"><p><a href=\"https:\/\/www.radiopiu.net\/wordpress\/in-vivo-verso\/\">In Vivo Verso<\/a><\/p><\/blockquote>\n<p><iframe loading=\"lazy\" class=\"wp-embedded-content\" sandbox=\"allow-scripts\" security=\"restricted\" style=\"position: absolute; clip: rect(1px, 1px, 1px, 1px);\" title=\"&#8220;In Vivo Verso&#8221; &#8212; Radio Pi\u00f9\" src=\"https:\/\/www.radiopiu.net\/wordpress\/in-vivo-verso\/embed\/#?secret=E95whxvndo#?secret=OLCoAoX9kV\" data-secret=\"OLCoAoX9kV\" width=\"600\" height=\"338\" frameborder=\"0\" marginwidth=\"0\" marginheight=\"0\" scrolling=\"no\"><\/iframe><\/p>\n<\/div>\n<\/div>\n<\/div>\n<hr \/>\n<p>&nbsp;<\/p>\n<h2><span style=\"color: #800080;\">I RACCONTI DI PAOLO SOPPELSA<\/span><\/h2>\n<p><strong>LA FORZA DELLE RADICI<\/strong><\/p>\n<p><strong>AUDIO<\/strong><\/p>\n<audio class=\"wp-audio-shortcode\" id=\"audio-319334-14\" preload=\"none\" style=\"width: 100%;\" controls=\"controls\"><source type=\"audio\/mpeg\" src=\"https:\/\/www.radiopiu.net\/wordpress\/wp-content\/uploads\/2023\/01\/PAOLO-SOPPELSA-LA-FORZA-DELLE-RADICI.mp3?_=14\" \/><a href=\"https:\/\/www.radiopiu.net\/wordpress\/wp-content\/uploads\/2023\/01\/PAOLO-SOPPELSA-LA-FORZA-DELLE-RADICI.mp3\">https:\/\/www.radiopiu.net\/wordpress\/wp-content\/uploads\/2023\/01\/PAOLO-SOPPELSA-LA-FORZA-DELLE-RADICI.mp3<\/a><\/audio>\n<p>&nbsp;<\/p>\n<p><a class=\"dt-pswp-item\" href=\"https:\/\/www.radiopiu.net\/wordpress\/wp-content\/uploads\/2023\/01\/94ef09d0-1616-42b1-8552-9fa043e288e3.jpg\" data-dt-img-description=\"\" data-large_image_width=\"1600\" data-large_image_height=\"1200\"><img loading=\"lazy\" decoding=\"async\" class=\" wp-image-319281 alignleft\" src=\"https:\/\/www.radiopiu.net\/wordpress\/wp-content\/uploads\/2023\/01\/94ef09d0-1616-42b1-8552-9fa043e288e3-300x225.jpg\" alt=\"\" width=\"157\" height=\"118\" srcset=\"https:\/\/www.radiopiu.net\/wordpress\/wp-content\/uploads\/2023\/01\/94ef09d0-1616-42b1-8552-9fa043e288e3-300x225.jpg 300w, https:\/\/www.radiopiu.net\/wordpress\/wp-content\/uploads\/2023\/01\/94ef09d0-1616-42b1-8552-9fa043e288e3-1024x768.jpg 1024w, https:\/\/www.radiopiu.net\/wordpress\/wp-content\/uploads\/2023\/01\/94ef09d0-1616-42b1-8552-9fa043e288e3-768x576.jpg 768w, https:\/\/www.radiopiu.net\/wordpress\/wp-content\/uploads\/2023\/01\/94ef09d0-1616-42b1-8552-9fa043e288e3-1536x1152.jpg 1536w, https:\/\/www.radiopiu.net\/wordpress\/wp-content\/uploads\/2023\/01\/94ef09d0-1616-42b1-8552-9fa043e288e3.jpg 1600w\" sizes=\"auto, (max-width: 157px) 100vw, 157px\" \/><\/a>Gennaio era stato gentile quel giorno; aveva regalato un tepore di quasi marzo e relegato il vento ad accarezzare le cime risparmiando il fondovalle. L&#8217;erba ingiallita dei prati e le montagne asciutte che reclamavano neve; era domenica di fine ferie natalizie un po&#8217; malinconica, di cielo sereno e di rientro a casa di tanti sciatori. Ero sul monte quel pomeriggio ad aspettare l&#8217;ennesimo tramonto in compagnia del silenzio di gennaio; le Pale a sud, il Pelsa ad est e le foglie dei faggi che scricchiolavano sotto gli scarponi. Mentre attendevo lo spegnersi del giorno e l&#8217;accendersi delle stelle, ricordavo quel sabato di un dicembre senza neve di una quindicina di anni fa. Fu allora che, dopo un b30el po&#8217; di tempo, rimisi piede da queste parti; era una mattina in cui il freddo era potente e sul bosco addormentato gravava una severa luce grigia. Passeggiavo nella &#8220;busa&#8221; ormai inselvatichita e pensavo ai nonni, ai sacrifici, alle fatiche affrontate per acquistare e poi curare quel pezzo di bosco e pascolo situato a pochi passi dal grande salto. Quella mattina di met\u00e0 dicembre, insieme al grande freddo, si fece sentire anche la forza delle radici che in quei momenti raccontavano quelle vite faticose e oramai lontane. Ora, quindici anni dopo, ero ancora da queste parti insieme alla consapevolezza che se ero l\u00ec era per merito di quelli che avevano vissuto prima di me, che questo pezzo di montagna se l&#8217;erano dapprima sudato, poi curato e infine insegnato a chi \u00e8 venuto dopo. Mentre il giorno scemava, la mente viaggiava all&#8217;indietro nel tempo; c&#8217;era la fine degli anni &#8217;40, c&#8217;erano le braccia e le gambe forti dei nonni, la loro vita da ricostruire finita la guerra. C&#8217;erano i loro sogni e le loro speranze, le fatiche e i sacrifici, la Svizzera, i campi da coltivare e il fieno da fare. E poi i quintali di legna per affrontare quegli inverni che erano inverni per davvero. Il loro vivere ogni giorno con buon senso e coraggio, che sono le stesse doti che servono quando si sale una montagna. Qui non c&#8217;\u00e8 solamente un monte dal quale si pu\u00f2 ammirare Cencenighe e le cime che lo circondano; qui esiste una storia di vite passate che hanno incrociato la mia vita. In fondo siamo stati insieme pochi anni, ma questi sono bastati per far s\u00ec che le radici diventassero profonde e ben radicate come quelle dei larici cresciuti sulle cenge. Hanno insegnato con poche parole e tanti esempi; vite rette, oneste, vissute al tempo di quando non c&#8217;era bosco e sui prati crescevano le azole e la falce muoveva i suoi colpi ritmati ai primi di luglio. Al tempo del timore che un temporale potesse bagnare il fieno e del ritorno immediato in cantiere in Svizzera, nasceva una storia che poi \u00e8 diventata anche la mia storia; e c&#8217;\u00e8 l&#8217;orgoglio di non aver dimenticato nulla, di avere tentato, per quanto possibile, di conservare gli insegnamenti e i sacrifici compiuti da chi amato questo luogo prima di me. Non \u00e8 stato sempre facile, ma \u00e8 stato bellissimo.<\/p>\n<p>&nbsp;<\/p>\n<p>&nbsp;<\/p>\n<hr \/>\n<p>&nbsp;<\/p>\n<h2><strong><a class=\"dt-pswp-item\" href=\"https:\/\/www.radiopiu.net\/wordpress\/wp-content\/uploads\/2020\/06\/CANALE-DAGORDO-8.jpg\" data-dt-img-description=\"\" data-large_image_width=\"960\" data-large_image_height=\"720\"><img loading=\"lazy\" decoding=\"async\" class=\" wp-image-142137 alignleft\" src=\"https:\/\/www.radiopiu.net\/wordpress\/wp-content\/uploads\/2020\/06\/CANALE-DAGORDO-8-300x225.jpg\" alt=\"\" width=\"160\" height=\"120\" srcset=\"https:\/\/www.radiopiu.net\/wordpress\/wp-content\/uploads\/2020\/06\/CANALE-DAGORDO-8-300x225.jpg 300w, https:\/\/www.radiopiu.net\/wordpress\/wp-content\/uploads\/2020\/06\/CANALE-DAGORDO-8-768x576.jpg 768w, https:\/\/www.radiopiu.net\/wordpress\/wp-content\/uploads\/2020\/06\/CANALE-DAGORDO-8.jpg 960w\" sizes=\"auto, (max-width: 160px) 100vw, 160px\" \/><\/a><span style=\"color: #339966;\">LA RASSEGNA STAMPA DA L&#8217;AMICO DEL POPOLO<\/span><\/strong><\/h2>\n<p><strong>di Gianni Santomaso<\/strong><\/p>\n<p>OSPITE: Giulia Fiocco<\/p>\n<audio class=\"wp-audio-shortcode\" id=\"audio-319334-15\" preload=\"none\" style=\"width: 100%;\" controls=\"controls\"><source type=\"audio\/mpeg\" src=\"https:\/\/www.radiopiu.net\/wordpress\/wp-content\/uploads\/2023\/01\/RASSEGNA-GIANNI-2.mp3?_=15\" \/><a href=\"https:\/\/www.radiopiu.net\/wordpress\/wp-content\/uploads\/2023\/01\/RASSEGNA-GIANNI-2.mp3\">https:\/\/www.radiopiu.net\/wordpress\/wp-content\/uploads\/2023\/01\/RASSEGNA-GIANNI-2.mp3<\/a><\/audio>\n<p>&nbsp;<\/p>\n<hr \/>\n<p>&nbsp;<\/p>\n<blockquote>\n<h3>GOCCE DI FILOSOFIA \u2013 PUNTATA 236 \u2013 CHIARA CAU, TERZA STAGIONE<\/h3>\n<\/blockquote>\n<p>AUDIO<\/p>\n<audio class=\"wp-audio-shortcode\" id=\"audio-319334-16\" preload=\"none\" style=\"width: 100%;\" controls=\"controls\"><source type=\"audio\/mpeg\" src=\"https:\/\/www.radiopiu.net\/wordpress\/wp-content\/uploads\/2023\/01\/FI1-4.mp3?_=16\" \/><a href=\"https:\/\/www.radiopiu.net\/wordpress\/wp-content\/uploads\/2023\/01\/FI1-4.mp3\">https:\/\/www.radiopiu.net\/wordpress\/wp-content\/uploads\/2023\/01\/FI1-4.mp3<\/a><\/audio>\n<p>&nbsp;<\/p>\n<p>LA RACCOLTA COMPLETA<\/p>\n<blockquote class=\"wp-embedded-content\" data-secret=\"BeXTqgHJpk\"><p><a href=\"https:\/\/www.radiopiu.net\/wordpress\/gocce-filosofia\/\">Gocce di filosofia,  LA TERZA STAGIONE&#8230; 2023<\/a><\/p><\/blockquote>\n<p><iframe loading=\"lazy\" class=\"wp-embedded-content\" sandbox=\"allow-scripts\" security=\"restricted\" style=\"position: absolute; clip: rect(1px, 1px, 1px, 1px);\" title=\"&#8220;Gocce di filosofia,  LA TERZA STAGIONE&#8230; 2023&#8221; &#8212; Radio Pi\u00f9\" src=\"https:\/\/www.radiopiu.net\/wordpress\/gocce-filosofia\/embed\/#?secret=d9bUS8zh5W#?secret=BeXTqgHJpk\" data-secret=\"BeXTqgHJpk\" width=\"600\" height=\"338\" frameborder=\"0\" marginwidth=\"0\" marginheight=\"0\" scrolling=\"no\"><\/iframe><\/p>\n<p>&nbsp;<\/p>\n<p>&nbsp;<\/p>\n<hr \/>\n<p>&nbsp;<\/p>\n<div class=\"column\">\n<p><img loading=\"lazy\" decoding=\"async\" class=\"aligncenter wp-image-61954 size-full\" src=\"https:\/\/www.radiopiu.net\/wordpress\/wp-content\/uploads\/2018\/09\/viabilita.jpeg\" sizes=\"auto, (max-width: 800px) 100vw, 800px\" srcset=\"https:\/\/www.radiopiu.net\/wordpress\/wp-content\/uploads\/2018\/09\/viabilita.jpeg 800w, https:\/\/www.radiopiu.net\/wordpress\/wp-content\/uploads\/2018\/09\/viabilita-300x38.jpeg 300w, https:\/\/www.radiopiu.net\/wordpress\/wp-content\/uploads\/2018\/09\/viabilita-768x96.jpeg 768w\" alt=\"\" width=\"800\" height=\"100\" \/><\/p>\n<p>&nbsp;<\/p>\n<p>&nbsp;<\/p>\n<p><strong>AGGIORNAMENTO VENETO STRADE, AGGIORNAMENTO CONTINUO H 24<\/strong><\/p>\n<blockquote class=\"wp-embedded-content\" data-secret=\"jDsxEaUAec\"><p><a href=\"https:\/\/www.radiopiu.net\/wordpress\/viabilita\/\">viabilita<\/a><\/p><\/blockquote>\n<p><iframe loading=\"lazy\" class=\"wp-embedded-content\" sandbox=\"allow-scripts\" security=\"restricted\" style=\"position: absolute; clip: rect(1px, 1px, 1px, 1px);\" title=\"&#8220;viabilita&#8221; &#8212; Radio Pi\u00f9\" src=\"https:\/\/www.radiopiu.net\/wordpress\/viabilita\/embed\/#?secret=N9uPLQajYh#?secret=jDsxEaUAec\" data-secret=\"jDsxEaUAec\" width=\"600\" height=\"338\" frameborder=\"0\" marginwidth=\"0\" marginheight=\"0\" scrolling=\"no\"><\/iframe><\/p>\n<p>&nbsp;<\/p>\n<p>&nbsp;<\/p>\n<p>&nbsp;<\/p>\n<p>&nbsp;<\/p>\n<hr \/>\n<p>&nbsp;<\/p>\n<p><a class=\"dt-pswp-item\" href=\"https:\/\/www.radiopiu.net\/wordpress\/wp-content\/uploads\/2018\/09\/WhatsApp-Image-2018-09-20-at-16.04.06.jpeg\" data-dt-img-description=\"\" data-large_image_width=\"800\" data-large_image_height=\"100\"><img loading=\"lazy\" decoding=\"async\" class=\"wp-image-61378 size-full aligncenter\" src=\"https:\/\/www.radiopiu.net\/wordpress\/wp-content\/uploads\/2018\/09\/WhatsApp-Image-2018-09-20-at-16.04.06.jpeg\" alt=\"\" width=\"800\" height=\"100\" srcset=\"https:\/\/www.radiopiu.net\/wordpress\/wp-content\/uploads\/2018\/09\/WhatsApp-Image-2018-09-20-at-16.04.06.jpeg 800w, https:\/\/www.radiopiu.net\/wordpress\/wp-content\/uploads\/2018\/09\/WhatsApp-Image-2018-09-20-at-16.04.06-300x38.jpeg 300w, https:\/\/www.radiopiu.net\/wordpress\/wp-content\/uploads\/2018\/09\/WhatsApp-Image-2018-09-20-at-16.04.06-768x96.jpeg 768w\" sizes=\"auto, (max-width: 800px) 100vw, 800px\" \/><\/a><\/p>\n<p><center><\/center>&nbsp;<\/p>\n<p><center><\/center><center><\/center><center><\/center><center><b>OGGI<\/b><\/center><b>Tempo atteso: <\/b>Tempo stabile e ben soleggiato con cielo sereno al mattino. Poi riduzione del soleggiamento per nubi alte, pi\u00f9 presenti sulle Prealpi, mentre qualche tratto soleggiato potr\u00e0 ancora interessare le Dolomiti. La combinazione freddo e vento in quota determiner\u00e0 condizioni di wind chill, moderato fino sui 2000-2400 m, maggiormente avvertito alle quote pi\u00f9 alte (oltre i 2500 m).<br \/>\n<b>Precipitazioni: <\/b>Assenti (0%).<br \/>\n<b>Temperature: <\/b>Minime in calo in quota e nelle valli per episodi di Foehn; massime in contenuta flessione, salvo locali rialzi nei settori interessati da episodi di Foehn.<\/p>\n<hr \/>\n<p><center><b>DOMANI<\/b><\/center><b>Tempo atteso: <\/b>Tempo soleggiato con cielo perlopi\u00f9 sereno al mattino, salvo iniziali temporanee nubi alte, pi\u00f9 probabili tra Prealpi e pedemontana, in allontanamento verso sud. Al pomeriggio perdurare del tempo soleggiato, specie sulle Prealpi e sulle Dolomiti centro-meridionali, mentre giunger\u00e0 da nord qualche annuvolamento irregolare su Dolomiti settentrionali. Atmosfera ancora assai arieggiata, specie in quota.<br \/>\n<b>Precipitazioni: <\/b>Assenti (0%)<br \/>\n<b>Temperature: <\/b>In aumento sia le minime che le massime sotto i 2200\/2400 m, mentre saranno pressoch\u00e9 stazionarie alle quote pi\u00f9 alte.<\/p>\n<hr \/>\n<p><center><b>GIOVEDI<\/b><\/center>Cielo da irregolarmente nuvoloso a coperto sulle Dolomiti, dove fiocchi burrascosi cadranno nelle alte valli, anche in maniera pi\u00f9 continua in quota, dove ci saranno accumuli di diversi cm oltre i 1800\/2000 m. Sulle Prealpi nuvolosit\u00e0 medio-alta, a tratti estesa, con qualche tratto soleggiato. Non esclusa un po&#8217; di neve burrascosa sulle cime in relazione al forte flusso da nord. Temperature in diminuzione, salvo locali ed improvvisi rialzi per Foehn nelle valli.<\/p>\n<hr \/>\n<p><center><b>VENERDI<\/b><\/center>Miglioramento del tempo con prevalenza di sole su gran parte della montagna veneta, eccetto residui iniziali annuvolamenti sulle Dolomiti settentrionali, dove comunque il sole torner\u00e0 a imporsi entro met\u00e0 mattinata. Temperature in ripresa in quota, mentre l&#8217;andamento nelle valli sar\u00e0 condizionato dal verificarsi o meno del residuo favonio per le minime.<\/p>\n<p>&nbsp;<\/p>\n<div>\n<hr \/>\n<\/div>\n<p>&nbsp;<\/p>\n<p>&nbsp;<\/p>\n<p><a class=\"dt-pswp-item\" href=\"https:\/\/www.radiopiu.net\/wordpress\/wp-content\/uploads\/2018\/09\/sport.jpg\" data-dt-img-description=\"\" data-large_image_width=\"800\" data-large_image_height=\"100\"><img loading=\"lazy\" decoding=\"async\" class=\"aligncenter wp-image-60761 size-full\" src=\"https:\/\/www.radiopiu.net\/wordpress\/wp-content\/uploads\/2018\/09\/sport.jpg\" alt=\"\" width=\"800\" height=\"100\" srcset=\"https:\/\/www.radiopiu.net\/wordpress\/wp-content\/uploads\/2018\/09\/sport.jpg 800w, https:\/\/www.radiopiu.net\/wordpress\/wp-content\/uploads\/2018\/09\/sport-300x38.jpg 300w, https:\/\/www.radiopiu.net\/wordpress\/wp-content\/uploads\/2018\/09\/sport-768x96.jpg 768w\" sizes=\"auto, (max-width: 800px) 100vw, 800px\" \/><\/a><\/p>\n<p>&nbsp;<\/p>\n<p><span style=\"color: #0000ff;\"><strong>PALLAVOLO<\/strong><\/span><\/p>\n<blockquote>\n<h3>IL VOLLEY CLUB AGORDINO SI STA COMPORTANDO EGREGIAMENTE IN PRIMA DIVISIONE<\/h3>\n<\/blockquote>\n<p><strong><a class=\"dt-pswp-item\" href=\"https:\/\/www.radiopiu.net\/wordpress\/wp-content\/uploads\/2021\/03\/VOLLEY.jpg\" data-dt-img-description=\"\" data-large_image_width=\"1280\" data-large_image_height=\"853\"><img loading=\"lazy\" decoding=\"async\" class=\" wp-image-196965 alignleft\" src=\"https:\/\/www.radiopiu.net\/wordpress\/wp-content\/uploads\/2021\/03\/VOLLEY-300x200.jpg\" alt=\"\" width=\"179\" height=\"119\" srcset=\"https:\/\/www.radiopiu.net\/wordpress\/wp-content\/uploads\/2021\/03\/VOLLEY-300x200.jpg 300w, https:\/\/www.radiopiu.net\/wordpress\/wp-content\/uploads\/2021\/03\/VOLLEY-1024x682.jpg 1024w, https:\/\/www.radiopiu.net\/wordpress\/wp-content\/uploads\/2021\/03\/VOLLEY-768x512.jpg 768w, https:\/\/www.radiopiu.net\/wordpress\/wp-content\/uploads\/2021\/03\/VOLLEY.jpg 1280w\" sizes=\"auto, (max-width: 179px) 100vw, 179px\" \/><\/a>di Marco Gaz<\/strong><\/p>\n<p><strong>REDAZIONE<\/strong> Sta per volgere al termine la prima parte della stagione del campionato di Prima Divisione di pallavolo e il Volley Club Agordino ha fatto un girone di andata molto soddisfacente. Le ragazze allenate da De Nardin si erano imposte ad inizio stagione la salvezza come obbiettivo e con l&#8217;attuale sesto posto in classifica sembra che ci stiano riuscendo. Sabato prossimo si gioca l&#8217;ultima partita del girone di andata e al PalaRova di Agordo arriver\u00e0 il Montevolley e si preannuncia una partita combattuta. Sabato scorso il Volley Club Agordino non aveva ben figurato con una sconfitta pesante contro la capolista Spresiano.<\/p>\n<p><strong>GIANPRIMO FORCELLINI, PORTAVOCE DEL VOLLEY CLUB AGORDINO<\/strong><\/p>\n<audio class=\"wp-audio-shortcode\" id=\"audio-319334-17\" preload=\"none\" style=\"width: 100%;\" controls=\"controls\"><source type=\"audio\/mpeg\" src=\"https:\/\/www.radiopiu.net\/wordpress\/wp-content\/uploads\/2023\/01\/GIANPRIMO.mp3?_=17\" \/><a href=\"https:\/\/www.radiopiu.net\/wordpress\/wp-content\/uploads\/2023\/01\/GIANPRIMO.mp3\">https:\/\/www.radiopiu.net\/wordpress\/wp-content\/uploads\/2023\/01\/GIANPRIMO.mp3<\/a><\/audio>\n<p>&nbsp;<\/p>\n<blockquote>\n<h3>PALLAVOLO BELLUNO MASCHILE, RIPARTIRE DALLO SPIRITO CONTRO GARLASCO<\/h3>\n<\/blockquote>\n<p><strong><a class=\"dt-pswp-item\" href=\"https:\/\/www.radiopiu.net\/wordpress\/wp-content\/uploads\/2023\/01\/Graziani_vs_Peric.jpg\" data-dt-img-description=\"\" data-large_image_width=\"1117\" data-large_image_height=\"745\"><img loading=\"lazy\" decoding=\"async\" class=\" wp-image-319440 alignleft\" src=\"https:\/\/www.radiopiu.net\/wordpress\/wp-content\/uploads\/2023\/01\/Graziani_vs_Peric-300x200.jpg\" alt=\"\" width=\"179\" height=\"119\" srcset=\"https:\/\/www.radiopiu.net\/wordpress\/wp-content\/uploads\/2023\/01\/Graziani_vs_Peric-300x200.jpg 300w, https:\/\/www.radiopiu.net\/wordpress\/wp-content\/uploads\/2023\/01\/Graziani_vs_Peric-1024x683.jpg 1024w, https:\/\/www.radiopiu.net\/wordpress\/wp-content\/uploads\/2023\/01\/Graziani_vs_Peric-768x512.jpg 768w, https:\/\/www.radiopiu.net\/wordpress\/wp-content\/uploads\/2023\/01\/Graziani_vs_Peric.jpg 1117w\" sizes=\"auto, (max-width: 179px) 100vw, 179px\" \/><\/a>BELLUNO <\/strong>Una sconfitta non pu\u00f2 mai essere accolta con squilli di tromba. Ma, nella pallavolo di oggi, il passivo al tie-break ha pi\u00f9 i contorni del pareggio. Specialmente se arriva al termine di una rimonta esaltante e in una delle trasferte pi\u00f9 ostiche dell\u2019intero cammino: quella di Pavia contro Garlasco.\u00a0 Alla fine la Moyashi ha la meglio per un\u2019inezia (15-13 nel quinto e decisivo parziale), ma la Pallavolo Maschile Belluno ha venduto cara la pelle. E confermato i progressi gi\u00e0 emersi nell\u2019ultimo periodo: \u00abVoglio fare i miei personalissimi complimenti al gruppo &#8211; sono le parole del direttore generale, Franco Da Re -. Non tanto per la rimonta in s\u00e9, quanto per lo spirito che ha messo in campo. Uno spirito che chiediamo da tempo e da cui dobbiamo ripartire\u00bb.<span class=\"gmail-Apple-converted-space\">\u00a0<\/span><\/p>\n<p>&nbsp;<\/p>\n<p>&nbsp;<\/p>\n<hr \/>\n<p>&nbsp;<\/p>\n<p><span style=\"color: #0000ff;\"><strong>SLITTINO<\/strong><\/span><\/p>\n<blockquote>\n<h3>UN SUCCESSO LA GARA DI SLITTINO A COLMEAN<\/h3>\n<\/blockquote>\n<p><strong>CANALE D&#8217;AGORDO<\/strong> E&#8217; tornata a Colmean di Canale D&#8217;Agordo la gara di slittino dedicata ad adulti e bambini. Una giornata di divertimento lungo il tracciato storico della frazione canalina. Successo di partecipazione e pubblico alla gara. Mauro Luciani, Nicola Scardanzan, Monica Andrea Costa, Martina Scardanzan tra i migliori.<\/p>\n<p>&nbsp;<\/p>\n<p><strong>IL PUNTO CON L&#8217;ORGANIZZATORE MARCO SCARDANZAN, DI GIANNI SANTOMASO<\/strong><\/p>\n<audio class=\"wp-audio-shortcode\" id=\"audio-319334-18\" preload=\"none\" style=\"width: 100%;\" controls=\"controls\"><source type=\"audio\/mpeg\" src=\"https:\/\/www.radiopiu.net\/wordpress\/wp-content\/uploads\/2023\/01\/MARCO-GIANNI.mp3?_=18\" \/><a href=\"https:\/\/www.radiopiu.net\/wordpress\/wp-content\/uploads\/2023\/01\/MARCO-GIANNI.mp3\">https:\/\/www.radiopiu.net\/wordpress\/wp-content\/uploads\/2023\/01\/MARCO-GIANNI.mp3<\/a><\/audio>\n<p>&nbsp;<\/p>\n<p><strong>PER CONSULTARE LE CLASSIFICHE <a href=\"https:\/\/www.radiopiu.net\/wordpress\/wp-content\/uploads\/2023\/01\/DOC-20230129-WA0010..pdf\">CLICCA QUI<\/a><\/strong><\/p>\n<p><strong>LE FOTO<\/strong><\/p>\n\n\t\t\t<style type='text\/css'>\n\t\t\t\t#gallery-8 {\n\t\t\t\t\tmargin: auto;\n\t\t\t\t}\n\t\t\t\t#gallery-8 .gallery-item {\n\t\t\t\t\tfloat: left;\n\t\t\t\t\tmargin-top: 10px;\n\t\t\t\t\ttext-align: center;\n\t\t\t\t\twidth: 16%;\n\t\t\t\t}\n\t\t\t\t#gallery-8 img {\n\t\t\t\t\tborder: 2px solid #cfcfcf;\n\t\t\t\t}\n\t\t\t\t#gallery-8 .gallery-caption {\n\t\t\t\t\tmargin-left: 0;\n\t\t\t\t}\n\t\t\t\t\/* see gallery_shortcode() in wp-includes\/media.php *\/\n\t\t\t<\/style>\n\t\t<div id='gallery-8' class='dt-gallery-container gallery galleryid-319334 gallery-columns-6 gallery-size-thumbnail'><dl class='gallery-item'>\n\t\t\t\t<dt class='gallery-icon landscape'>\n\t\t\t\t\t<a class=\"rollover rollover-zoom dt-pswp-item\" title=\"a584efd1-1be1-4edd-99c9-be9146ad6e64\" data-dt-img-description=\"\" data-large_image_width=\"1376\" data-large_image_height=\"774\"href='https:\/\/www.radiopiu.net\/wordpress\/wp-content\/uploads\/2023\/01\/a584efd1-1be1-4edd-99c9-be9146ad6e64.jpg'><img loading=\"lazy\" decoding=\"async\" width=\"150\" height=\"150\" src=\"https:\/\/www.radiopiu.net\/wordpress\/wp-content\/uploads\/2023\/01\/a584efd1-1be1-4edd-99c9-be9146ad6e64-150x150.jpg\" class=\"attachment-thumbnail size-thumbnail\" alt=\"\" \/><\/a>\n\t\t\t\t<\/dt><\/dl><dl class='gallery-item'>\n\t\t\t\t<dt class='gallery-icon landscape'>\n\t\t\t\t\t<a class=\"rollover rollover-zoom dt-pswp-item\" title=\"a6d4ec20-928f-400d-aea2-8e792d3b27b7\" data-dt-img-description=\"\" data-large_image_width=\"1599\" data-large_image_height=\"1200\"href='https:\/\/www.radiopiu.net\/wordpress\/wp-content\/uploads\/2023\/01\/a6d4ec20-928f-400d-aea2-8e792d3b27b7.jpg'><img loading=\"lazy\" decoding=\"async\" width=\"150\" height=\"150\" src=\"https:\/\/www.radiopiu.net\/wordpress\/wp-content\/uploads\/2023\/01\/a6d4ec20-928f-400d-aea2-8e792d3b27b7-150x150.jpg\" class=\"attachment-thumbnail size-thumbnail\" alt=\"\" \/><\/a>\n\t\t\t\t<\/dt><\/dl><dl class='gallery-item'>\n\t\t\t\t<dt class='gallery-icon landscape'>\n\t\t\t\t\t<a class=\"rollover rollover-zoom dt-pswp-item\" title=\"a829a6ae-1664-440e-8635-b5fecf2802bf\" data-dt-img-description=\"\" data-large_image_width=\"1599\" data-large_image_height=\"1200\"href='https:\/\/www.radiopiu.net\/wordpress\/wp-content\/uploads\/2023\/01\/a829a6ae-1664-440e-8635-b5fecf2802bf.jpg'><img loading=\"lazy\" decoding=\"async\" width=\"150\" height=\"150\" src=\"https:\/\/www.radiopiu.net\/wordpress\/wp-content\/uploads\/2023\/01\/a829a6ae-1664-440e-8635-b5fecf2802bf-150x150.jpg\" class=\"attachment-thumbnail size-thumbnail\" alt=\"\" \/><\/a>\n\t\t\t\t<\/dt><\/dl><dl class='gallery-item'>\n\t\t\t\t<dt class='gallery-icon landscape'>\n\t\t\t\t\t<a class=\"rollover rollover-zoom dt-pswp-item\" title=\"9e13d80a-fb7d-491b-846a-0e4e3872982a\" data-dt-img-description=\"\" data-large_image_width=\"1599\" data-large_image_height=\"1200\"href='https:\/\/www.radiopiu.net\/wordpress\/wp-content\/uploads\/2023\/01\/9e13d80a-fb7d-491b-846a-0e4e3872982a.jpg'><img loading=\"lazy\" decoding=\"async\" width=\"150\" height=\"150\" src=\"https:\/\/www.radiopiu.net\/wordpress\/wp-content\/uploads\/2023\/01\/9e13d80a-fb7d-491b-846a-0e4e3872982a-150x150.jpg\" class=\"attachment-thumbnail size-thumbnail\" alt=\"\" \/><\/a>\n\t\t\t\t<\/dt><\/dl><dl class='gallery-item'>\n\t\t\t\t<dt class='gallery-icon landscape'>\n\t\t\t\t\t<a class=\"rollover rollover-zoom dt-pswp-item\" title=\"3d761a2e-ecab-4c73-9fa6-ce5c8f7c09f0\" data-dt-img-description=\"\" data-large_image_width=\"1599\" data-large_image_height=\"1200\"href='https:\/\/www.radiopiu.net\/wordpress\/wp-content\/uploads\/2023\/01\/3d761a2e-ecab-4c73-9fa6-ce5c8f7c09f0.jpg'><img loading=\"lazy\" decoding=\"async\" width=\"150\" height=\"150\" src=\"https:\/\/www.radiopiu.net\/wordpress\/wp-content\/uploads\/2023\/01\/3d761a2e-ecab-4c73-9fa6-ce5c8f7c09f0-150x150.jpg\" class=\"attachment-thumbnail size-thumbnail\" alt=\"\" \/><\/a>\n\t\t\t\t<\/dt><\/dl><dl class='gallery-item'>\n\t\t\t\t<dt class='gallery-icon landscape'>\n\t\t\t\t\t<a class=\"rollover rollover-zoom dt-pswp-item\" title=\"d4097574-93ee-467e-bc57-49487a83943d\" data-dt-img-description=\"\" data-large_image_width=\"1599\" data-large_image_height=\"1200\"href='https:\/\/www.radiopiu.net\/wordpress\/wp-content\/uploads\/2023\/01\/d4097574-93ee-467e-bc57-49487a83943d.jpg'><img loading=\"lazy\" decoding=\"async\" width=\"150\" height=\"150\" src=\"https:\/\/www.radiopiu.net\/wordpress\/wp-content\/uploads\/2023\/01\/d4097574-93ee-467e-bc57-49487a83943d-150x150.jpg\" class=\"attachment-thumbnail size-thumbnail\" alt=\"\" \/><\/a>\n\t\t\t\t<\/dt><\/dl><br style=\"clear: both\" \/><dl class='gallery-item'>\n\t\t\t\t<dt class='gallery-icon landscape'>\n\t\t\t\t\t<a class=\"rollover rollover-zoom dt-pswp-item\" title=\"aced2aac-baf1-4824-ba76-5ecf2f09258b\" data-dt-img-description=\"\" data-large_image_width=\"1599\" data-large_image_height=\"1200\"href='https:\/\/www.radiopiu.net\/wordpress\/wp-content\/uploads\/2023\/01\/aced2aac-baf1-4824-ba76-5ecf2f09258b.jpg'><img loading=\"lazy\" decoding=\"async\" width=\"150\" height=\"150\" src=\"https:\/\/www.radiopiu.net\/wordpress\/wp-content\/uploads\/2023\/01\/aced2aac-baf1-4824-ba76-5ecf2f09258b-150x150.jpg\" class=\"attachment-thumbnail size-thumbnail\" alt=\"\" \/><\/a>\n\t\t\t\t<\/dt><\/dl><dl class='gallery-item'>\n\t\t\t\t<dt class='gallery-icon landscape'>\n\t\t\t\t\t<a class=\"rollover rollover-zoom dt-pswp-item\" title=\"27eee79b-5009-46f6-8931-e0d3c698cf6c\" data-dt-img-description=\"\" data-large_image_width=\"1599\" data-large_image_height=\"1200\"href='https:\/\/www.radiopiu.net\/wordpress\/wp-content\/uploads\/2023\/01\/27eee79b-5009-46f6-8931-e0d3c698cf6c.jpg'><img loading=\"lazy\" decoding=\"async\" width=\"150\" height=\"150\" src=\"https:\/\/www.radiopiu.net\/wordpress\/wp-content\/uploads\/2023\/01\/27eee79b-5009-46f6-8931-e0d3c698cf6c-150x150.jpg\" class=\"attachment-thumbnail size-thumbnail\" alt=\"\" \/><\/a>\n\t\t\t\t<\/dt><\/dl><dl class='gallery-item'>\n\t\t\t\t<dt class='gallery-icon landscape'>\n\t\t\t\t\t<a class=\"rollover rollover-zoom dt-pswp-item\" title=\"ad43502f-a65e-4519-9b6c-43598b579679\" data-dt-img-description=\"\" data-large_image_width=\"1599\" data-large_image_height=\"1200\"href='https:\/\/www.radiopiu.net\/wordpress\/wp-content\/uploads\/2023\/01\/ad43502f-a65e-4519-9b6c-43598b579679.jpg'><img loading=\"lazy\" decoding=\"async\" width=\"150\" height=\"150\" src=\"https:\/\/www.radiopiu.net\/wordpress\/wp-content\/uploads\/2023\/01\/ad43502f-a65e-4519-9b6c-43598b579679-150x150.jpg\" class=\"attachment-thumbnail size-thumbnail\" alt=\"\" \/><\/a>\n\t\t\t\t<\/dt><\/dl><dl class='gallery-item'>\n\t\t\t\t<dt class='gallery-icon landscape'>\n\t\t\t\t\t<a class=\"rollover rollover-zoom dt-pswp-item\" title=\"167456a9-1508-4825-bd45-48c19507e1f0\" data-dt-img-description=\"\" data-large_image_width=\"1599\" data-large_image_height=\"1200\"href='https:\/\/www.radiopiu.net\/wordpress\/wp-content\/uploads\/2023\/01\/167456a9-1508-4825-bd45-48c19507e1f0.jpg'><img loading=\"lazy\" decoding=\"async\" width=\"150\" height=\"150\" src=\"https:\/\/www.radiopiu.net\/wordpress\/wp-content\/uploads\/2023\/01\/167456a9-1508-4825-bd45-48c19507e1f0-150x150.jpg\" class=\"attachment-thumbnail size-thumbnail\" alt=\"\" \/><\/a>\n\t\t\t\t<\/dt><\/dl><dl class='gallery-item'>\n\t\t\t\t<dt class='gallery-icon landscape'>\n\t\t\t\t\t<a class=\"rollover rollover-zoom dt-pswp-item\" title=\"a0b25371-eef3-4973-a4d4-fcf532ecb04c\" data-dt-img-description=\"\" data-large_image_width=\"1599\" data-large_image_height=\"1200\"href='https:\/\/www.radiopiu.net\/wordpress\/wp-content\/uploads\/2023\/01\/a0b25371-eef3-4973-a4d4-fcf532ecb04c.jpg'><img loading=\"lazy\" decoding=\"async\" width=\"150\" height=\"150\" src=\"https:\/\/www.radiopiu.net\/wordpress\/wp-content\/uploads\/2023\/01\/a0b25371-eef3-4973-a4d4-fcf532ecb04c-150x150.jpg\" class=\"attachment-thumbnail size-thumbnail\" alt=\"\" \/><\/a>\n\t\t\t\t<\/dt><\/dl><dl class='gallery-item'>\n\t\t\t\t<dt class='gallery-icon landscape'>\n\t\t\t\t\t<a class=\"rollover rollover-zoom dt-pswp-item\" title=\"f833b656-fa75-465d-94e4-f2774f544d9e\" data-dt-img-description=\"\" data-large_image_width=\"1599\" data-large_image_height=\"1200\"href='https:\/\/www.radiopiu.net\/wordpress\/wp-content\/uploads\/2023\/01\/f833b656-fa75-465d-94e4-f2774f544d9e.jpg'><img loading=\"lazy\" decoding=\"async\" width=\"150\" height=\"150\" src=\"https:\/\/www.radiopiu.net\/wordpress\/wp-content\/uploads\/2023\/01\/f833b656-fa75-465d-94e4-f2774f544d9e-150x150.jpg\" class=\"attachment-thumbnail size-thumbnail\" alt=\"\" \/><\/a>\n\t\t\t\t<\/dt><\/dl><br style=\"clear: both\" \/><dl class='gallery-item'>\n\t\t\t\t<dt class='gallery-icon landscape'>\n\t\t\t\t\t<a class=\"rollover rollover-zoom dt-pswp-item\" title=\"5de05845-9e54-4e0d-99de-da45cf01938b\" data-dt-img-description=\"\" data-large_image_width=\"1599\" data-large_image_height=\"1200\"href='https:\/\/www.radiopiu.net\/wordpress\/wp-content\/uploads\/2023\/01\/5de05845-9e54-4e0d-99de-da45cf01938b.jpg'><img loading=\"lazy\" decoding=\"async\" width=\"150\" height=\"150\" src=\"https:\/\/www.radiopiu.net\/wordpress\/wp-content\/uploads\/2023\/01\/5de05845-9e54-4e0d-99de-da45cf01938b-150x150.jpg\" class=\"attachment-thumbnail size-thumbnail\" alt=\"\" \/><\/a>\n\t\t\t\t<\/dt><\/dl><dl class='gallery-item'>\n\t\t\t\t<dt class='gallery-icon landscape'>\n\t\t\t\t\t<a class=\"rollover rollover-zoom dt-pswp-item\" title=\"cd9c84ce-06f2-46bb-95e4-6b5b986a2893\" data-dt-img-description=\"\" data-large_image_width=\"1599\" data-large_image_height=\"1200\"href='https:\/\/www.radiopiu.net\/wordpress\/wp-content\/uploads\/2023\/01\/cd9c84ce-06f2-46bb-95e4-6b5b986a2893.jpg'><img loading=\"lazy\" decoding=\"async\" width=\"150\" height=\"150\" src=\"https:\/\/www.radiopiu.net\/wordpress\/wp-content\/uploads\/2023\/01\/cd9c84ce-06f2-46bb-95e4-6b5b986a2893-150x150.jpg\" class=\"attachment-thumbnail size-thumbnail\" alt=\"\" \/><\/a>\n\t\t\t\t<\/dt><\/dl><dl class='gallery-item'>\n\t\t\t\t<dt class='gallery-icon landscape'>\n\t\t\t\t\t<a class=\"rollover rollover-zoom dt-pswp-item\" title=\"b3503320-32e2-4d7c-b561-3553445570c8\" data-dt-img-description=\"\" data-large_image_width=\"1599\" data-large_image_height=\"1200\"href='https:\/\/www.radiopiu.net\/wordpress\/wp-content\/uploads\/2023\/01\/b3503320-32e2-4d7c-b561-3553445570c8.jpg'><img loading=\"lazy\" decoding=\"async\" width=\"150\" height=\"150\" src=\"https:\/\/www.radiopiu.net\/wordpress\/wp-content\/uploads\/2023\/01\/b3503320-32e2-4d7c-b561-3553445570c8-150x150.jpg\" class=\"attachment-thumbnail size-thumbnail\" alt=\"\" \/><\/a>\n\t\t\t\t<\/dt><\/dl><dl class='gallery-item'>\n\t\t\t\t<dt class='gallery-icon landscape'>\n\t\t\t\t\t<a class=\"rollover rollover-zoom dt-pswp-item\" title=\"5d247c1e-d6af-4f83-8b7d-f86a4f6ef6a1\" data-dt-img-description=\"\" data-large_image_width=\"1599\" data-large_image_height=\"1200\"href='https:\/\/www.radiopiu.net\/wordpress\/wp-content\/uploads\/2023\/01\/5d247c1e-d6af-4f83-8b7d-f86a4f6ef6a1.jpg'><img loading=\"lazy\" decoding=\"async\" width=\"150\" height=\"150\" src=\"https:\/\/www.radiopiu.net\/wordpress\/wp-content\/uploads\/2023\/01\/5d247c1e-d6af-4f83-8b7d-f86a4f6ef6a1-150x150.jpg\" class=\"attachment-thumbnail size-thumbnail\" alt=\"\" \/><\/a>\n\t\t\t\t<\/dt><\/dl><dl class='gallery-item'>\n\t\t\t\t<dt class='gallery-icon landscape'>\n\t\t\t\t\t<a class=\"rollover rollover-zoom dt-pswp-item\" title=\"2b4a3d0e-82f1-4382-b34a-666919210604\" data-dt-img-description=\"\" data-large_image_width=\"1599\" data-large_image_height=\"1200\"href='https:\/\/www.radiopiu.net\/wordpress\/wp-content\/uploads\/2023\/01\/2b4a3d0e-82f1-4382-b34a-666919210604.jpg'><img loading=\"lazy\" decoding=\"async\" width=\"150\" height=\"150\" src=\"https:\/\/www.radiopiu.net\/wordpress\/wp-content\/uploads\/2023\/01\/2b4a3d0e-82f1-4382-b34a-666919210604-150x150.jpg\" class=\"attachment-thumbnail size-thumbnail\" alt=\"\" \/><\/a>\n\t\t\t\t<\/dt><\/dl><dl class='gallery-item'>\n\t\t\t\t<dt class='gallery-icon landscape'>\n\t\t\t\t\t<a class=\"rollover rollover-zoom dt-pswp-item\" title=\"9ce7d1c3-b352-4c71-83ca-594f30fc8384\" data-dt-img-description=\"\" data-large_image_width=\"1599\" data-large_image_height=\"1200\"href='https:\/\/www.radiopiu.net\/wordpress\/wp-content\/uploads\/2023\/01\/9ce7d1c3-b352-4c71-83ca-594f30fc8384.jpg'><img loading=\"lazy\" decoding=\"async\" width=\"150\" height=\"150\" src=\"https:\/\/www.radiopiu.net\/wordpress\/wp-content\/uploads\/2023\/01\/9ce7d1c3-b352-4c71-83ca-594f30fc8384-150x150.jpg\" class=\"attachment-thumbnail size-thumbnail\" alt=\"\" \/><\/a>\n\t\t\t\t<\/dt><\/dl><br style=\"clear: both\" \/><dl class='gallery-item'>\n\t\t\t\t<dt class='gallery-icon landscape'>\n\t\t\t\t\t<a class=\"rollover rollover-zoom dt-pswp-item\" title=\"7fb0399f-c59a-4549-b635-f0a34e151c98\" data-dt-img-description=\"\" data-large_image_width=\"1599\" data-large_image_height=\"1200\"href='https:\/\/www.radiopiu.net\/wordpress\/wp-content\/uploads\/2023\/01\/7fb0399f-c59a-4549-b635-f0a34e151c98.jpg'><img loading=\"lazy\" decoding=\"async\" width=\"150\" height=\"150\" src=\"https:\/\/www.radiopiu.net\/wordpress\/wp-content\/uploads\/2023\/01\/7fb0399f-c59a-4549-b635-f0a34e151c98-150x150.jpg\" class=\"attachment-thumbnail size-thumbnail\" alt=\"\" \/><\/a>\n\t\t\t\t<\/dt><\/dl><dl class='gallery-item'>\n\t\t\t\t<dt class='gallery-icon landscape'>\n\t\t\t\t\t<a class=\"rollover rollover-zoom dt-pswp-item\" title=\"5b00f0ba-59ec-4a4b-a504-69de075dc7de\" data-dt-img-description=\"\" data-large_image_width=\"1599\" data-large_image_height=\"1200\"href='https:\/\/www.radiopiu.net\/wordpress\/wp-content\/uploads\/2023\/01\/5b00f0ba-59ec-4a4b-a504-69de075dc7de.jpg'><img loading=\"lazy\" decoding=\"async\" width=\"150\" height=\"150\" src=\"https:\/\/www.radiopiu.net\/wordpress\/wp-content\/uploads\/2023\/01\/5b00f0ba-59ec-4a4b-a504-69de075dc7de-150x150.jpg\" class=\"attachment-thumbnail size-thumbnail\" alt=\"\" \/><\/a>\n\t\t\t\t<\/dt><\/dl><dl class='gallery-item'>\n\t\t\t\t<dt class='gallery-icon landscape'>\n\t\t\t\t\t<a class=\"rollover rollover-zoom dt-pswp-item\" title=\"c706f3a5-bbba-44c6-91b8-7d28c9271213\" data-dt-img-description=\"\" data-large_image_width=\"1599\" data-large_image_height=\"1200\"href='https:\/\/www.radiopiu.net\/wordpress\/wp-content\/uploads\/2023\/01\/c706f3a5-bbba-44c6-91b8-7d28c9271213.jpg'><img loading=\"lazy\" decoding=\"async\" width=\"150\" height=\"150\" src=\"https:\/\/www.radiopiu.net\/wordpress\/wp-content\/uploads\/2023\/01\/c706f3a5-bbba-44c6-91b8-7d28c9271213-150x150.jpg\" class=\"attachment-thumbnail size-thumbnail\" alt=\"\" \/><\/a>\n\t\t\t\t<\/dt><\/dl><dl class='gallery-item'>\n\t\t\t\t<dt class='gallery-icon landscape'>\n\t\t\t\t\t<a class=\"rollover rollover-zoom dt-pswp-item\" title=\"91adb8bf-46ca-4bf9-bfa3-d4a0920a427f\" data-dt-img-description=\"\" data-large_image_width=\"1599\" data-large_image_height=\"1200\"href='https:\/\/www.radiopiu.net\/wordpress\/wp-content\/uploads\/2023\/01\/91adb8bf-46ca-4bf9-bfa3-d4a0920a427f.jpg'><img loading=\"lazy\" decoding=\"async\" width=\"150\" height=\"150\" src=\"https:\/\/www.radiopiu.net\/wordpress\/wp-content\/uploads\/2023\/01\/91adb8bf-46ca-4bf9-bfa3-d4a0920a427f-150x150.jpg\" class=\"attachment-thumbnail size-thumbnail\" alt=\"\" \/><\/a>\n\t\t\t\t<\/dt><\/dl><dl class='gallery-item'>\n\t\t\t\t<dt class='gallery-icon landscape'>\n\t\t\t\t\t<a class=\"rollover rollover-zoom dt-pswp-item\" title=\"46c11959-5ac9-4221-81e4-d8742636f6ab\" data-dt-img-description=\"\" data-large_image_width=\"1599\" data-large_image_height=\"1283\"href='https:\/\/www.radiopiu.net\/wordpress\/wp-content\/uploads\/2023\/01\/46c11959-5ac9-4221-81e4-d8742636f6ab.jpg'><img loading=\"lazy\" decoding=\"async\" width=\"150\" height=\"150\" src=\"https:\/\/www.radiopiu.net\/wordpress\/wp-content\/uploads\/2023\/01\/46c11959-5ac9-4221-81e4-d8742636f6ab-150x150.jpg\" class=\"attachment-thumbnail size-thumbnail\" alt=\"\" \/><\/a>\n\t\t\t\t<\/dt><\/dl><dl class='gallery-item'>\n\t\t\t\t<dt class='gallery-icon landscape'>\n\t\t\t\t\t<a class=\"rollover rollover-zoom dt-pswp-item\" title=\"6d8ec317-5d44-4b41-aa46-b0e8a63c8442\" data-dt-img-description=\"\" data-large_image_width=\"1599\" data-large_image_height=\"1200\"href='https:\/\/www.radiopiu.net\/wordpress\/wp-content\/uploads\/2023\/01\/6d8ec317-5d44-4b41-aa46-b0e8a63c8442.jpg'><img loading=\"lazy\" decoding=\"async\" width=\"150\" height=\"150\" src=\"https:\/\/www.radiopiu.net\/wordpress\/wp-content\/uploads\/2023\/01\/6d8ec317-5d44-4b41-aa46-b0e8a63c8442-150x150.jpg\" class=\"attachment-thumbnail size-thumbnail\" alt=\"\" \/><\/a>\n\t\t\t\t<\/dt><\/dl><br style=\"clear: both\" \/>\n\t\t\t<\/div>\n\n<p>&nbsp;<\/p>\n<hr \/>\n<p>&nbsp;<\/p>\n<p><span style=\"color: #0000ff;\"><strong>SCI DI FONDO<\/strong><\/span><\/p>\n<blockquote>\n<h3>I BELLUNESI ALLA 50ESIMA MARCIALONGA<\/h3>\n<\/blockquote>\n<p><a class=\"dt-pswp-item\" href=\"https:\/\/www.radiopiu.net\/wordpress\/wp-content\/uploads\/2023\/01\/Partenza-scaled.jpg\" data-dt-img-description=\"Newspower.it Trento www.newspower.it\" data-large_image_width=\"2560\" data-large_image_height=\"1707\"><img loading=\"lazy\" decoding=\"async\" class=\"alignleft wp-image-319419 size-medium\" src=\"https:\/\/www.radiopiu.net\/wordpress\/wp-content\/uploads\/2023\/01\/Partenza-300x200.jpg\" alt=\"\" width=\"300\" height=\"200\" srcset=\"https:\/\/www.radiopiu.net\/wordpress\/wp-content\/uploads\/2023\/01\/Partenza-300x200.jpg 300w, https:\/\/www.radiopiu.net\/wordpress\/wp-content\/uploads\/2023\/01\/Partenza-1024x683.jpg 1024w, https:\/\/www.radiopiu.net\/wordpress\/wp-content\/uploads\/2023\/01\/Partenza-768x512.jpg 768w, https:\/\/www.radiopiu.net\/wordpress\/wp-content\/uploads\/2023\/01\/Partenza-1536x1024.jpg 1536w, https:\/\/www.radiopiu.net\/wordpress\/wp-content\/uploads\/2023\/01\/Partenza-2048x1365.jpg 2048w\" sizes=\"auto, (max-width: 300px) 100vw, 300px\" \/><\/a><strong>REDAZIONE<\/strong> Rebecca Bergagnin e Lorenzo Busin sono i bellunesi che si sono contraddistinti alla 50sima Marcialonga andata in scena domenica. Rebecca ha chiuso la 70 km al 32\u00b0 posto mentre Busin \u00e8 stato il secondo migliore italiano chiudendo la gara al 35\u00b0 posto. Nella gara pi\u00f9 corta, di 45 km, il miglior bellunese \u00e8 stato Emanuele Busin sesto, in campo femminile Elena Farise al 106\u00b0 posto (FOTO: NewsPower.it)<\/p>\n<p><strong>I BELLUNESI NELLA 70 KM<\/strong><\/p>\n<p>35. Lorenzo Busin 2.50.55; 89. Stefano Dal Magro 3.04.35; 250. Toni Barp 3.34.21; 280. Gabriel Zandonella 3.36.47; 284. Damiano Fontanive 3.36.59; 473. Andrea Viel 3.51.36; 965. Ernesto De Zolt 4.21.11; 1051. Paolo Zampieri 4.26.15; 1153. Stefano Murer 4.31.47; 1188. Fabrizio Tranquillo 4.33.39; 1229. Marzio Da Roit 4.36.23; 1299. Massimo De Menech 4.40.35; 1302. Antonio Cordella 4.40.37; 1467. Flavio Angeloni 4.49.35; 1546. Stefano Da Ros 4.53.17; 1748. Ivo Andrich 5.01.52; 1843. Luigi Sebben 5.06.15; 1970. Loris Dal Magro 5.12.58; 2011. Carlo Cataruzza 5.15.05; 2047. Marco Santin 5.16.45; 2123. Giovanni Argenti 5.21.09; 2141. Caludio Peloso 5.21.58; 2207. Alessandro Bogo 5.25.58; 2245. Livio Follador 5.28.11; 2250. Maurizio Paolin 5.28.29; 2267. Giovanni Menardi 5.29.20; 2322. Lorenzo De Zaiacomo 5.32.04; 2500. Luciano Casanova 5.42.51; 2588. Gabriele Toffoli 5.47.07; 2620. Luciano Bez 5.48.59; 2726 Fabiano Nart 5.54.36; 2869. Costantino Costantin 6.02.34; 2998. Riccardo Fontanive 6.10.59; 3031. Andrea Bernardi 6.13.05; 3039. Daniele Peruzzo 6.13.46; 3257. Ettore Gallon 6.29.32; 3322. Davide Olivier 6.33.53; 3366. Stefano Zambotti 6.38.04; 3734. Carlo Coletti 7.06.43; 4147. Marco Dimai 7.56.41; 4148. Stefano Zardini 7.56.43; 4401. Luigi Collavo 8.41.45; 4463. Roberto Zanolli 8.56.02; 4547. Italo Giannina 9.29.25<\/p>\n<p><strong>LE BELLUNESI NELLA 70 KM<\/strong><\/p>\n<p>32. Rebecca Bergagnin 3.38.08; 155. Laura Zampieri 5.15.13; 171. Laura Tognetti 5.24.15; 208. Silvia Mariani 5.37.12; 250. Anna Durighello 5.48.27; 267. Eleonora Rech 5.52.49; 302. Egizia De Biasio 6.02.37; 336. Vally Bortot 6.12.27; 350. Francesca Simonetto 6.17.30; 519. Irene Da Rold 7.01.42; 536. Franca Manfroi 7.04.28; 590. Ornella Mortagna 7.19.56; 623. Irma Scopel 7.31.06; 627. Flavia Favaretto 7.31.33; 629. Verena De Grandi 7.31.35; 917. Norma Piccolotto 9.24.53.<\/p>\n<p><strong>I BELLUNESI NELLA 45 KM<\/strong><\/p>\n<p>6. Emanuele Busin 2.03.36; 40. Stefano Zatta 3.24.54; 166. Loris Fossen 5.27.24; 217. Virginio Sorar\u00f9 6.02.17.<\/p>\n<p><strong>LE BELLUNESI NELLA 45 KM<\/strong><\/p>\n<p>3. Caterina Piller (Robinson) 2.32.13; 106. Elena Farise 5.27.16; 192. Sara Canalini 4.20.03; 217. Rosella Trento 5.09.00.<\/p>\n<\/div>\n","protected":false},"excerpt":{"rendered":"<p>RADIO PIU INFORMAZIONE il canale su TELEGRAM informazione di prima\u00a0 mano e in tempo reale. iscriviti ed aiutaci a farlo conoscere\u00a0 ISCRIVITI AL NOSTRO CANALE YOUTUBE PER SEGUIRE IN DIRETTA I PRINCIPALI PROGRAMMI DI RADIO PIU&#8217; E LE FUTURE DIRETTE IN ESTERNA. PER ISCRIVERTI CLICCA QUI E PREMI IL TASTO &#8220;Iscriviti&#8221;\u00a0 &nbsp; &nbsp; &nbsp; METEO.&hellip;<\/p>\n","protected":false},"author":4,"featured_media":319452,"comment_status":"closed","ping_status":"closed","sticky":false,"template":"","format":"standard","meta":{"_monsterinsights_skip_tracking":false,"_monsterinsights_sitenote_active":false,"_monsterinsights_sitenote_note":"","_monsterinsights_sitenote_category":0,"footnotes":""},"categories":[51,86,49],"tags":[],"class_list":["post-319334","post","type-post","status-publish","format-standard","has-post-thumbnail","hentry","category-evidenza-top","category-gr","category-news-18","category-51","category-86","category-49","description-off"],"img_url":"https:\/\/www.radiopiu.net\/wordpress\/wp-content\/uploads\/2023\/01\/188cb7ac-6741-458b-9a51-67c473d3cc17.jpg","_links":{"self":[{"href":"https:\/\/www.radiopiu.net\/wordpress\/wp-json\/wp\/v2\/posts\/319334","targetHints":{"allow":["GET"]}}],"collection":[{"href":"https:\/\/www.radiopiu.net\/wordpress\/wp-json\/wp\/v2\/posts"}],"about":[{"href":"https:\/\/www.radiopiu.net\/wordpress\/wp-json\/wp\/v2\/types\/post"}],"author":[{"embeddable":true,"href":"https:\/\/www.radiopiu.net\/wordpress\/wp-json\/wp\/v2\/users\/4"}],"replies":[{"embeddable":true,"href":"https:\/\/www.radiopiu.net\/wordpress\/wp-json\/wp\/v2\/comments?post=319334"}],"version-history":[{"count":0,"href":"https:\/\/www.radiopiu.net\/wordpress\/wp-json\/wp\/v2\/posts\/319334\/revisions"}],"wp:featuredmedia":[{"embeddable":true,"href":"https:\/\/www.radiopiu.net\/wordpress\/wp-json\/wp\/v2\/media\/319452"}],"wp:attachment":[{"href":"https:\/\/www.radiopiu.net\/wordpress\/wp-json\/wp\/v2\/media?parent=319334"}],"wp:term":[{"taxonomy":"category","embeddable":true,"href":"https:\/\/www.radiopiu.net\/wordpress\/wp-json\/wp\/v2\/categories?post=319334"},{"taxonomy":"post_tag","embeddable":true,"href":"https:\/\/www.radiopiu.net\/wordpress\/wp-json\/wp\/v2\/tags?post=319334"}],"curies":[{"name":"wp","href":"https:\/\/api.w.org\/{rel}","templated":true}]}}