{"id":319518,"date":"2023-03-31T23:59:06","date_gmt":"2023-03-31T21:59:06","guid":{"rendered":"https:\/\/www.radiopiu.net\/wordpress\/?p=319518"},"modified":"2023-04-01T05:18:07","modified_gmt":"2023-04-01T03:18:07","slug":"valpe-risponde-al-malessere-di-un-utente-di-la-valle-agordina","status":"publish","type":"post","link":"https:\/\/www.radiopiu.net\/wordpress\/valpe-risponde-al-malessere-di-un-utente-di-la-valle-agordina\/","title":{"rendered":"DILLO A RADIO PIU&#8217;&#8230; I PRINCIPI DI LUCA, LE NON RISPOSTE DI VALPE"},"content":{"rendered":"<blockquote>\n<h3><a class=\"dt-pswp-item\" href=\"https:\/\/www.radiopiu.net\/wordpress\/wp-content\/uploads\/2023\/02\/331749409_888588942352273_6111502163282357872_n.jpg\" data-dt-img-description=\"\" data-large_image_width=\"155\" data-large_image_height=\"206\"><img loading=\"lazy\" decoding=\"async\" class=\"size-full wp-image-329411 alignleft\" src=\"https:\/\/www.radiopiu.net\/wordpress\/wp-content\/uploads\/2023\/02\/331749409_888588942352273_6111502163282357872_n.jpg\" alt=\"\" width=\"155\" height=\"206\" \/><\/a>Riceviamo e volentieri pubblichiamo<\/h3>\n<\/blockquote>\n<div class=\"x1h91t0o xkh2ocl x78zum5 xdt5ytf x13a6bvl x193iq5w x1c4vz4f xcrg951 x1sxyh0 x1nvil2r\" role=\"none\">\n<div class=\"xuk3077 x78zum5 x2lah0s x1fgtraw xgd8bvy\" aria-hidden=\"true\">Sto ancora aspettando la risposta da Valpe dopo l\u2019ultima mail inviata a seguito del transito, probabilmente per errore, di un loro furgone. Foto alla mano, mi sono recato agli uffici di Agordo, non ricevendo purtroppo alcuna risposta concreta. Anche se da solo, continuo la mia \u201cbattaglia \u201c , consapevole di un improbabile successo, ma \u00e8 una questione di principio<\/div>\n<\/div>\n<p>&nbsp;<\/p>\n<p>&nbsp;<\/p>\n<p>&nbsp;<\/p>\n<p><strong>ARCHIVIO RADIOPIU<\/strong><\/p>\n<blockquote>\n<h3><\/h3>\n<h3 class=\"entry-title\">VALPE RISPONDE AL MALESSERE DI UN UTENTE DI LA VALLE AGORDINA<\/h3>\n<\/blockquote>\n<p><strong><a class=\"dt-pswp-item\" href=\"https:\/\/www.radiopiu.net\/wordpress\/wp-content\/uploads\/2021\/10\/VALPE.png\" data-dt-img-description=\"\" data-large_image_width=\"800\" data-large_image_height=\"400\"><img loading=\"lazy\" decoding=\"async\" class=\" wp-image-236977 alignleft\" src=\"https:\/\/www.radiopiu.net\/wordpress\/wp-content\/uploads\/2021\/10\/VALPE-300x150.png\" alt=\"\" width=\"228\" height=\"114\" srcset=\"https:\/\/www.radiopiu.net\/wordpress\/wp-content\/uploads\/2021\/10\/VALPE-300x150.png 300w, https:\/\/www.radiopiu.net\/wordpress\/wp-content\/uploads\/2021\/10\/VALPE-768x384.png 768w, https:\/\/www.radiopiu.net\/wordpress\/wp-content\/uploads\/2021\/10\/VALPE.png 800w\" sizes=\"auto, (max-width: 228px) 100vw, 228px\" \/><\/a>AGORDO<\/strong>\u00a0 In merito alla segnalazione \u201cDILLO A RADIO PIU\u2019\u2026SCRIVILO A VALPE. \u201cESPRIMO IL MIO PARERE NEGATIVO\u201d giunta alla Vostra redazione da un\u2019utenza di La Valle Agordina, segnaliamo che lo svolgimento del servizio nella via in questione \u00e8 stato gi\u00e0 da tempo analizzato e attenzionato. A seguito di sopralluoghi effettuati dai nostri responsabili operativi, infatti, \u00e8 emerso che la via non ha la larghezza necessaria per permettere il passaggio in sicurezza dei nostri mezzi, senza il rischio di arrecare un danno<\/p>\n<h3><strong><img decoding=\"async\" class=\"alignright\" src=\"https:\/\/www.radiopiu.net\/wordpress\/wp-content\/uploads\/2022\/12\/LA-VALLE.jpg\" \/><\/strong><\/h3>\n<p>sia al mezzo che ai manufatti adiacenti. Tali criticit\u00e0 si acutizzano nei mesi freddi con la presenza di neve e ghiaccio. La problematica \u00e8 stata comunicata nel 2019 alle utenze interessate, assieme ai nuovi punti di esposizione dei contenitori, individuati in modo da garantire lo svolgimento del servizio in sicurezza. I nostri uffici rimangono comunque a disposizione per ogni ulteriore chiarimento in merito.<\/p>\n<p><strong>Valpe Ambiente<\/strong><\/p>\n<h3><\/h3>\n<p><strong>LUCA DE CASSAI&#8230; NO NON CI STO<\/strong><\/p>\n<p>Spett. le Valpe, in merito alla vostra risposta a Radio Pi\u00f9, anzich\u00e9 al diretto interessato, siete voi che fate pagare il servizio porta a porta. Se non vi sono le condizioni, che comunque ritengo infondate, allora tale servizio non deve essere pagato al 100 %. Voi fate pagare il porta a porta? Bene, allora i bidoni li svuotate nei pressi dell\u2019 abitazione. Altrimenti, il servizio deve essere pagato in funzione del vostro operato.<\/p>\n<p>Luca De Cassai<\/p>\n<p>&nbsp;<\/p>\n<p><span style=\"color: #ff0000;\"><strong>IERI ALLA RADIO<\/strong><\/span><\/p>\n<blockquote>\n<h3>DILLO A RADIO PIU\u2019\u2026SCRIVILO A VALPE. \u201cESPRIMO IL MIO PARERE NEGATIVO\u201d<\/h3>\n<\/blockquote>\n<h3><strong>REDAZIONE<\/strong>\u00a0Luca De Cassai, da La Valle Agordina ha gi\u00e0 informato gli uffici Valpe Ambiente di un disservizio verificatosi nel Comune di La Valle.<\/h3>\n<p>Spett le Valpe, scrivo per lamentare il vostro disservizio di raccolta rifiuti nei pressi della mia abitazione situata a La Valle Agordina in via Cugnago 72. L\u2019 abitazione in oggetto \u00e8 regolarmente servita da una strada comunale che viene tenuta pulita anche nei mesi invernali. Nonostante ci\u00f2, pur pagando regolarmente il servizio porta a porta, sono costretto a conferire i bidoni alla piazzetta frazionale, in quanto i vostri camioncini non effettuano il passaggio lungo tale strada comunale. Il problema e il mio disappunto, non riguardano il fatto di dover percorrere 100 mt a piedi, bens\u00ec il fatto che il servizio \u00e8 pagato come \u201c porta a porta \u201c. Esprimo quindi il mio completo parere negativo sul vostro servizio.<\/p>\n<p>Luca De Cassai<\/p>\n<p>____<\/p>\n","protected":false},"excerpt":{"rendered":"<p>Riceviamo e volentieri pubblichiamo Sto ancora aspettando la risposta da Valpe dopo l\u2019ultima mail inviata a seguito del transito, probabilmente per errore, di un loro furgone. Foto alla mano, mi sono recato agli uffici di Agordo, non ricevendo purtroppo alcuna risposta concreta. Anche se da solo, continuo la mia \u201cbattaglia \u201c , consapevole di un&hellip;<\/p>\n","protected":false},"author":4,"featured_media":329411,"comment_status":"closed","ping_status":"closed","sticky":false,"template":"","format":"standard","meta":{"_monsterinsights_skip_tracking":false,"_monsterinsights_sitenote_active":false,"_monsterinsights_sitenote_note":"","_monsterinsights_sitenote_category":0,"footnotes":""},"categories":[51,49],"tags":[],"class_list":["post-319518","post","type-post","status-publish","format-standard","has-post-thumbnail","hentry","category-evidenza-top","category-news-18","category-51","category-49","description-off"],"img_url":"https:\/\/www.radiopiu.net\/wordpress\/wp-content\/uploads\/2023\/02\/331749409_888588942352273_6111502163282357872_n.jpg","_links":{"self":[{"href":"https:\/\/www.radiopiu.net\/wordpress\/wp-json\/wp\/v2\/posts\/319518","targetHints":{"allow":["GET"]}}],"collection":[{"href":"https:\/\/www.radiopiu.net\/wordpress\/wp-json\/wp\/v2\/posts"}],"about":[{"href":"https:\/\/www.radiopiu.net\/wordpress\/wp-json\/wp\/v2\/types\/post"}],"author":[{"embeddable":true,"href":"https:\/\/www.radiopiu.net\/wordpress\/wp-json\/wp\/v2\/users\/4"}],"replies":[{"embeddable":true,"href":"https:\/\/www.radiopiu.net\/wordpress\/wp-json\/wp\/v2\/comments?post=319518"}],"version-history":[{"count":0,"href":"https:\/\/www.radiopiu.net\/wordpress\/wp-json\/wp\/v2\/posts\/319518\/revisions"}],"wp:featuredmedia":[{"embeddable":true,"href":"https:\/\/www.radiopiu.net\/wordpress\/wp-json\/wp\/v2\/media\/329411"}],"wp:attachment":[{"href":"https:\/\/www.radiopiu.net\/wordpress\/wp-json\/wp\/v2\/media?parent=319518"}],"wp:term":[{"taxonomy":"category","embeddable":true,"href":"https:\/\/www.radiopiu.net\/wordpress\/wp-json\/wp\/v2\/categories?post=319518"},{"taxonomy":"post_tag","embeddable":true,"href":"https:\/\/www.radiopiu.net\/wordpress\/wp-json\/wp\/v2\/tags?post=319518"}],"curies":[{"name":"wp","href":"https:\/\/api.w.org\/{rel}","templated":true}]}}