{"id":319525,"date":"2023-01-31T05:42:04","date_gmt":"2023-01-31T04:42:04","guid":{"rendered":"https:\/\/www.radiopiu.net\/wordpress\/?p=319525"},"modified":"2023-01-31T05:51:22","modified_gmt":"2023-01-31T04:51:22","slug":"studentessa-palpeggiata-alla-sentinella-minorenne-condannato","status":"publish","type":"post","link":"https:\/\/www.radiopiu.net\/wordpress\/studentessa-palpeggiata-alla-sentinella-minorenne-condannato\/","title":{"rendered":"STUDENTESSA PALPEGGIATA ALLA SENTINELLA, MINORENNE CONDANNATO"},"content":{"rendered":"<p><strong>OGGI SUL CORRIERE DELLE ALPI<\/strong><\/p>\n<p><strong>DI GIGI SOSSO<\/strong><\/p>\n<p><strong><img loading=\"lazy\" decoding=\"async\" class=\"alignleft\" src=\"https:\/\/www.radiopiu.net\/wordpress\/wp-content\/uploads\/2023\/01\/th-13.jpg\" width=\"177\" height=\"133\" \/>FELTRE<\/strong> Baci e abbracci per niente innocenti. Uno studente di 17 anni questo era anche disposto ad ammetterlo. Ma una ragazza di un anno pi\u00f9 giovane l&#8217;ha portato al Tribunale dei Minori di Venezia, sostenendo di essere stata anche costretta contro un muro e pesantemente palpeggiata nelle parti intime. Molto pi\u00f9 grave: il conoscente, diventato imputato, \u00e8 stato condannato a due anni e otto mesi per violenza sessuale aggravata. Secondo lui, quanto accaduto il 16 gennaio 2020, lungo il sentiero della Sentinella di Feltre, \u00e8 stato consenziente e il suo difensore Roberta Resenterra far\u00e0 appello. Mentre la giovane donna, che \u00e8 stata sentita in audizione protetta, ha raccontato di essere stata costretta a piantargli le unghie sulla mano per farlo smettere, in quanto stava subendo una violenza. Pena sospesa. Da aggiungere che in caso di minori non si possono chiedere i danni&#8230;\u00a0 Nell&#8217;interrogatorio, l&#8217;imputato ha ammesso di averla baciata, ma l&#8217;unica cosa che gli ha evitato una condanna pi\u00f9 pesante \u00e8 la durata limitata del contestato abuso. Il pm Pasqualetto ha chiesto e ottenuto una condanna a due anni e otto mesi dal collegio, partendo da una pena base di sei.<\/p>\n<p>&nbsp;<\/p>\n<p>&nbsp;<\/p>\n<hr \/>\n<p>&nbsp;<\/p>\n","protected":false},"excerpt":{"rendered":"<p>OGGI SUL CORRIERE DELLE ALPI DI GIGI SOSSO FELTRE Baci e abbracci per niente innocenti. Uno studente di 17 anni questo era anche disposto ad ammetterlo. Ma una ragazza di un anno pi\u00f9 giovane l&#8217;ha portato al Tribunale dei Minori di Venezia, sostenendo di essere stata anche costretta contro un muro e pesantemente palpeggiata nelle&hellip;<\/p>\n","protected":false},"author":4,"featured_media":319526,"comment_status":"closed","ping_status":"closed","sticky":false,"template":"","format":"standard","meta":{"_monsterinsights_skip_tracking":false,"_monsterinsights_sitenote_active":false,"_monsterinsights_sitenote_note":"","_monsterinsights_sitenote_category":0,"footnotes":""},"categories":[51,49],"tags":[],"class_list":["post-319525","post","type-post","status-publish","format-standard","has-post-thumbnail","hentry","category-evidenza-top","category-news-18","category-51","category-49","description-off"],"img_url":"https:\/\/www.radiopiu.net\/wordpress\/wp-content\/uploads\/2023\/01\/th-13.jpg","_links":{"self":[{"href":"https:\/\/www.radiopiu.net\/wordpress\/wp-json\/wp\/v2\/posts\/319525","targetHints":{"allow":["GET"]}}],"collection":[{"href":"https:\/\/www.radiopiu.net\/wordpress\/wp-json\/wp\/v2\/posts"}],"about":[{"href":"https:\/\/www.radiopiu.net\/wordpress\/wp-json\/wp\/v2\/types\/post"}],"author":[{"embeddable":true,"href":"https:\/\/www.radiopiu.net\/wordpress\/wp-json\/wp\/v2\/users\/4"}],"replies":[{"embeddable":true,"href":"https:\/\/www.radiopiu.net\/wordpress\/wp-json\/wp\/v2\/comments?post=319525"}],"version-history":[{"count":0,"href":"https:\/\/www.radiopiu.net\/wordpress\/wp-json\/wp\/v2\/posts\/319525\/revisions"}],"wp:featuredmedia":[{"embeddable":true,"href":"https:\/\/www.radiopiu.net\/wordpress\/wp-json\/wp\/v2\/media\/319526"}],"wp:attachment":[{"href":"https:\/\/www.radiopiu.net\/wordpress\/wp-json\/wp\/v2\/media?parent=319525"}],"wp:term":[{"taxonomy":"category","embeddable":true,"href":"https:\/\/www.radiopiu.net\/wordpress\/wp-json\/wp\/v2\/categories?post=319525"},{"taxonomy":"post_tag","embeddable":true,"href":"https:\/\/www.radiopiu.net\/wordpress\/wp-json\/wp\/v2\/tags?post=319525"}],"curies":[{"name":"wp","href":"https:\/\/api.w.org\/{rel}","templated":true}]}}