{"id":319692,"date":"2023-02-01T05:24:34","date_gmt":"2023-02-01T04:24:34","guid":{"rendered":"https:\/\/www.radiopiu.net\/wordpress\/?p=319692"},"modified":"2023-02-01T05:39:12","modified_gmt":"2023-02-01T04:39:12","slug":"polizia-locale-e-sicurezza-sul-lavoro-fiocco-e-il-biglietto-da-visita-di-una-citta","status":"publish","type":"post","link":"https:\/\/www.radiopiu.net\/wordpress\/polizia-locale-e-sicurezza-sul-lavoro-fiocco-e-il-biglietto-da-visita-di-una-citta\/","title":{"rendered":"POLIZIA LOCALE E SICUREZZA SUL LAVORO, FIOCCO &#8220;E&#8217; IL BIGLIETTO DA VISITA DI UNA CITTA'&#8221;"},"content":{"rendered":"<p><strong><a class=\"dt-pswp-item\" href=\"https:\/\/www.radiopiu.net\/wordpress\/wp-content\/uploads\/2022\/12\/polizia-locale-belluno.jpg\" data-dt-img-description=\"\" data-large_image_width=\"733\" data-large_image_height=\"436\"><img loading=\"lazy\" decoding=\"async\" class=\" wp-image-311737 alignleft\" src=\"https:\/\/www.radiopiu.net\/wordpress\/wp-content\/uploads\/2022\/12\/polizia-locale-belluno-300x178.jpg\" alt=\"\" width=\"256\" height=\"152\" srcset=\"https:\/\/www.radiopiu.net\/wordpress\/wp-content\/uploads\/2022\/12\/polizia-locale-belluno-300x178.jpg 300w, https:\/\/www.radiopiu.net\/wordpress\/wp-content\/uploads\/2022\/12\/polizia-locale-belluno.jpg 733w\" sizes=\"auto, (max-width: 256px) 100vw, 256px\" \/><\/a>BELLUNO<\/strong> La cronaca grazie ai mezzi di informazioni parlati e scritti \u00e8 purtroppo nota,\u00a0 un agente di Polizia Locale ha subito un&#8217;aggressione in Piazza dei Martiri.\u00a0 FP-CGIL esprime la massima solidariet\u00e0 al l\u2019Agente infortunato. L\u2019episodio evidenzia ancora una volta il grave problema di sicurezza in cui versano gli operatori di Polizia Locale.\u00a0 L\u2019agente \u00e8 stato aggredito durante l\u2019espletamento del proprio servizio in orario straordinario\u00a0 per reprimere le cos\u00ec dette \u201csoste selvagge\u201d in centro citt\u00e0.\u00a0 Aggredito dapprima verbalmente e poi fisicamente da un cittadino a causa di un diverbio.<em><strong> &#8220;Gli agenti vengono chiamati ad affrontare situazioni pericolose quotidianamente, senza essere dotati di nessuno strumento di autotutela. Come CGIL da sempre sosteniamo l\u2019importanza di frequentare appositi corsi di formazione di autodifesa personale&#8221;. <\/strong><\/em>Spesso le uscite serali sono effettuate oltre il normale orario, in straordinario, fatto che lascia intendere che gli operatori potrebbero anche essere stanchi. La Polizia Locale in tutta Italia assume ruoli sempre pi\u00f9 articolati, \u00e8 il biglietto da visita di una citt\u00e0, deve essere vicina al cittadino e lo deve tutelare, su questo la Cgil \u00e8 chiarissima.<\/p>\n<p><strong>AUDIO ANDREA FIOCCO FP CGIL<\/strong><\/p>\n<audio class=\"wp-audio-shortcode\" id=\"audio-319692-1\" preload=\"none\" style=\"width: 100%;\" controls=\"controls\"><source type=\"audio\/mpeg\" src=\"https:\/\/www.radiopiu.net\/wordpress\/wp-content\/uploads\/2023\/01\/ANDREA-FIOCCO.mp3?_=1\" \/><a href=\"https:\/\/www.radiopiu.net\/wordpress\/wp-content\/uploads\/2023\/01\/ANDREA-FIOCCO.mp3\">https:\/\/www.radiopiu.net\/wordpress\/wp-content\/uploads\/2023\/01\/ANDREA-FIOCCO.mp3<\/a><\/audio>\n<p>&nbsp;<\/p>\n<p>&nbsp;<\/p>\n<p>&nbsp;<\/p>\n<hr \/>\n<p>&nbsp;<\/p>\n","protected":false},"excerpt":{"rendered":"<p>BELLUNO La cronaca grazie ai mezzi di informazioni parlati e scritti \u00e8 purtroppo nota,\u00a0 un agente di Polizia Locale ha subito un&#8217;aggressione in Piazza dei Martiri.\u00a0 FP-CGIL esprime la massima solidariet\u00e0 al l\u2019Agente infortunato. L\u2019episodio evidenzia ancora una volta il grave problema di sicurezza in cui versano gli operatori di Polizia Locale.\u00a0 L\u2019agente \u00e8 stato&hellip;<\/p>\n","protected":false},"author":4,"featured_media":108523,"comment_status":"closed","ping_status":"closed","sticky":false,"template":"","format":"standard","meta":{"_monsterinsights_skip_tracking":false,"_monsterinsights_sitenote_active":false,"_monsterinsights_sitenote_note":"","_monsterinsights_sitenote_category":0,"footnotes":""},"categories":[51,49],"tags":[],"class_list":["post-319692","post","type-post","status-publish","format-standard","has-post-thumbnail","hentry","category-evidenza-top","category-news-18","category-51","category-49","description-off"],"img_url":"https:\/\/www.radiopiu.net\/wordpress\/wp-content\/uploads\/2019\/12\/Corso-polizia-locale.jpg","_links":{"self":[{"href":"https:\/\/www.radiopiu.net\/wordpress\/wp-json\/wp\/v2\/posts\/319692","targetHints":{"allow":["GET"]}}],"collection":[{"href":"https:\/\/www.radiopiu.net\/wordpress\/wp-json\/wp\/v2\/posts"}],"about":[{"href":"https:\/\/www.radiopiu.net\/wordpress\/wp-json\/wp\/v2\/types\/post"}],"author":[{"embeddable":true,"href":"https:\/\/www.radiopiu.net\/wordpress\/wp-json\/wp\/v2\/users\/4"}],"replies":[{"embeddable":true,"href":"https:\/\/www.radiopiu.net\/wordpress\/wp-json\/wp\/v2\/comments?post=319692"}],"version-history":[{"count":0,"href":"https:\/\/www.radiopiu.net\/wordpress\/wp-json\/wp\/v2\/posts\/319692\/revisions"}],"wp:featuredmedia":[{"embeddable":true,"href":"https:\/\/www.radiopiu.net\/wordpress\/wp-json\/wp\/v2\/media\/108523"}],"wp:attachment":[{"href":"https:\/\/www.radiopiu.net\/wordpress\/wp-json\/wp\/v2\/media?parent=319692"}],"wp:term":[{"taxonomy":"category","embeddable":true,"href":"https:\/\/www.radiopiu.net\/wordpress\/wp-json\/wp\/v2\/categories?post=319692"},{"taxonomy":"post_tag","embeddable":true,"href":"https:\/\/www.radiopiu.net\/wordpress\/wp-json\/wp\/v2\/tags?post=319692"}],"curies":[{"name":"wp","href":"https:\/\/api.w.org\/{rel}","templated":true}]}}