{"id":319790,"date":"2023-02-02T04:50:31","date_gmt":"2023-02-02T03:50:31","guid":{"rendered":"https:\/\/www.radiopiu.net\/wordpress\/?p=319790"},"modified":"2023-02-02T06:54:35","modified_gmt":"2023-02-02T05:54:35","slug":"giornale-radiopiu-02-febbraio-2023-direttore-mirko-mezzacasa-verso-i-40-anni-25-giugno-1983-25-giugno-2023","status":"publish","type":"post","link":"https:\/\/www.radiopiu.net\/wordpress\/giornale-radiopiu-02-febbraio-2023-direttore-mirko-mezzacasa-verso-i-40-anni-25-giugno-1983-25-giugno-2023\/","title":{"rendered":"GIORNALE RADIOPIU 02 FEBBRAIO 2023 DIRETTORE MIRKO MEZZACASA&#8230;verso i 40 anni 25 giugno 1983-25 giugno 2023"},"content":{"rendered":"<h3 class=\"kvgmc6g5 cxmmr5t8 oygrvhab hcukyx3x c1et5uql\"><span style=\"color: #0000ff;\"><strong>RADIO PIU INFORMAZIONE il canale su TELEGRAM informazione di prima\u00a0 <\/strong><strong>mano e in tempo reale. iscriviti ed aiutaci a farlo conoscere\u00a0\u00a0<\/strong><\/span><\/h3>\n<blockquote>\n<h3><\/h3>\n<h3>ieri, MIKAELA SHIFFRIN E SOFIA GOGGIA SULLA PISTA LA VOLATA<\/h3>\n<\/blockquote>\n<p><strong>PASSO SAN PELLEGRINO<\/strong> Mikaela Shiffrin e Sofia Goggia sono sulla pista La Volta del Passo San Pellegrino per prepararsi in vista dei Mondiali in Francia. Le foto di Mario De Marco<\/p>\n\n\t\t\t<style type='text\/css'>\n\t\t\t\t#gallery-1 {\n\t\t\t\t\tmargin: auto;\n\t\t\t\t}\n\t\t\t\t#gallery-1 .gallery-item {\n\t\t\t\t\tfloat: left;\n\t\t\t\t\tmargin-top: 10px;\n\t\t\t\t\ttext-align: center;\n\t\t\t\t\twidth: 50%;\n\t\t\t\t}\n\t\t\t\t#gallery-1 img {\n\t\t\t\t\tborder: 2px solid #cfcfcf;\n\t\t\t\t}\n\t\t\t\t#gallery-1 .gallery-caption {\n\t\t\t\t\tmargin-left: 0;\n\t\t\t\t}\n\t\t\t\t\/* see gallery_shortcode() in wp-includes\/media.php *\/\n\t\t\t<\/style>\n\t\t<div id='gallery-1' class='dt-gallery-container gallery galleryid-319790 gallery-columns-2 gallery-size-thumbnail'><dl class='gallery-item'>\n\t\t\t\t<dt class='gallery-icon portrait'>\n\t\t\t\t\t<a class=\"rollover rollover-zoom dt-pswp-item\" title=\"3c74459a-5e9e-4e71-b491-66c77b27bf36\" data-dt-img-description=\"\" data-large_image_width=\"627\" data-large_image_height=\"740\"href='https:\/\/www.radiopiu.net\/wordpress\/wp-content\/uploads\/2023\/02\/3c74459a-5e9e-4e71-b491-66c77b27bf36.jpg'><img loading=\"lazy\" decoding=\"async\" width=\"150\" height=\"150\" src=\"https:\/\/www.radiopiu.net\/wordpress\/wp-content\/uploads\/2023\/02\/3c74459a-5e9e-4e71-b491-66c77b27bf36-150x150.jpg\" class=\"attachment-thumbnail size-thumbnail\" alt=\"\" \/><\/a>\n\t\t\t\t<\/dt><\/dl><dl class='gallery-item'>\n\t\t\t\t<dt class='gallery-icon portrait'>\n\t\t\t\t\t<a class=\"rollover rollover-zoom dt-pswp-item\" title=\"4bdc385b-0c04-48c5-aad4-8ed548ba2275\" data-dt-img-description=\"\" data-large_image_width=\"1419\" data-large_image_height=\"1600\"href='https:\/\/www.radiopiu.net\/wordpress\/wp-content\/uploads\/2023\/02\/4bdc385b-0c04-48c5-aad4-8ed548ba2275.jpg'><img loading=\"lazy\" decoding=\"async\" width=\"150\" height=\"150\" src=\"https:\/\/www.radiopiu.net\/wordpress\/wp-content\/uploads\/2023\/02\/4bdc385b-0c04-48c5-aad4-8ed548ba2275-150x150.jpg\" class=\"attachment-thumbnail size-thumbnail\" alt=\"\" \/><\/a>\n\t\t\t\t<\/dt><\/dl><br style=\"clear: both\" \/>\n\t\t\t<\/div>\n\n<p>&nbsp;<\/p>\n<p>&nbsp;<\/p>\n<h2 style=\"text-align: left;\"><span style=\"color: #ff0000;\">ISCRIVITI AL NOSTRO CANALE YOUTUBE PER SEGUIRE IN DIRETTA I PRINCIPALI PROGRAMMI DI RADIO PIU&#8217; E LE FUTURE DIRETTE IN ESTERNA. PER ISCRIVERTI <a style=\"color: #ff0000;\" href=\"https:\/\/youtube.com\/@radiopiu1527\">CLICCA QUI<\/a> E PREMI IL TASTO &#8220;Iscriviti&#8221;\u00a0<\/span><\/h2>\n<p>&nbsp;<\/p>\n<hr \/>\n<p>&nbsp;<\/p>\n<blockquote>\n<h3>SAFILO: I SINDACATI SCENDONO NELL&#8217;AGONE, PRONTI A DIFENDERE IL SITO PRODUTTIVO DI LONGARONE<\/h3>\n<\/blockquote>\n<p align=\"JUSTIFY\"><img loading=\"lazy\" decoding=\"async\" class=\"alignleft\" src=\"https:\/\/www.radiopiu.net\/wordpress\/wp-content\/uploads\/2023\/01\/SAFILO.png\" width=\"297\" height=\"191\" \/>Poche righe senza grandi paroloni, chiare nel suo significato &#8220;pronti nella lotta&#8221;. E&#8217; il documento a firma delle segreterie regionali del Veneto Filctem Cgil, Femca Cisl e Uiltec Uil<\/p>\n<blockquote>\n<p align=\"JUSTIFY\"><em><span style=\"color: #000000;\"><span style=\"font-family: Arial, serif;\">Il coordinamento Safilo, riunitosi a Mestre, dopo ampio dibattito ritiene: <\/span><\/span><span style=\"font-family: Arial, serif; color: #000000;\">imprescindibile la difesa del sito produttivo di Longarone,\u00a0 <\/span><span style=\"font-family: Arial, serif; color: #000000;\">indispensabile il coinvolgimento delle Istituzioni e di tutto il sistema economico dell\u2019occhialeria a sostegno della soluzione di questa grave crisi industriale che coinvolge 472 lavoratori e tutto il territorio bellunese. N<\/span><span style=\"font-family: Arial, serif; color: #000000;\">ecessario continuare con azioni di mobilitazione democratica proclamando uno sciopero di gruppo per il giorno 8 febbraio con contestuale manifestazione nell\u2019area del sito produttivo di Longarone<\/span><\/em><\/p>\n<\/blockquote>\n<p>&nbsp;<\/p>\n<hr \/>\n<p>&nbsp;<\/p>\n<blockquote>\n<h3>UN FERITO NELL&#8217;INCIDENTE DI LONGARONE<\/h3>\n<\/blockquote>\n<p><strong>LONGARONE<\/strong>\u00a0 Un ferito, fortunatamente non in gravi condizioni nell&#8217;incidente del pomeriggio di ieri, alle 16.30 lungo la SS 51 in localit\u00e0 Fa\u00e8. Si sono scontrate un\u2019auto e un autoarticolato: ferito l\u2019autista del mezzo leggero. I pompieri accorsi da Belluno e con i volontari del locale distaccamento, hanno messo in sicurezza i mezzi, mentre il ferito \u00e8 stato preso in cura dal personale del Suem e trasferito in ospedale. La polizia stradale ha eseguito i rilievi del sinistro.<\/p>\n\n\t\t\t<style type='text\/css'>\n\t\t\t\t#gallery-2 {\n\t\t\t\t\tmargin: auto;\n\t\t\t\t}\n\t\t\t\t#gallery-2 .gallery-item {\n\t\t\t\t\tfloat: left;\n\t\t\t\t\tmargin-top: 10px;\n\t\t\t\t\ttext-align: center;\n\t\t\t\t\twidth: 50%;\n\t\t\t\t}\n\t\t\t\t#gallery-2 img {\n\t\t\t\t\tborder: 2px solid #cfcfcf;\n\t\t\t\t}\n\t\t\t\t#gallery-2 .gallery-caption {\n\t\t\t\t\tmargin-left: 0;\n\t\t\t\t}\n\t\t\t\t\/* see gallery_shortcode() in wp-includes\/media.php *\/\n\t\t\t<\/style>\n\t\t<div id='gallery-2' class='dt-gallery-container gallery galleryid-319790 gallery-columns-2 gallery-size-medium'><dl class='gallery-item'>\n\t\t\t\t<dt class='gallery-icon landscape'>\n\t\t\t\t\t<a class=\"rollover rollover-zoom dt-pswp-item\" title=\"72866c90-3fca-4fa1-b0f9-dcf80cf8cc63\" data-dt-img-description=\"\" data-large_image_width=\"1280\" data-large_image_height=\"720\"href='https:\/\/www.radiopiu.net\/wordpress\/wp-content\/uploads\/2023\/02\/72866c90-3fca-4fa1-b0f9-dcf80cf8cc63-1.jpg'><img loading=\"lazy\" decoding=\"async\" width=\"300\" height=\"169\" src=\"https:\/\/www.radiopiu.net\/wordpress\/wp-content\/uploads\/2023\/02\/72866c90-3fca-4fa1-b0f9-dcf80cf8cc63-1-300x169.jpg\" class=\"attachment-medium size-medium\" alt=\"\" srcset=\"https:\/\/www.radiopiu.net\/wordpress\/wp-content\/uploads\/2023\/02\/72866c90-3fca-4fa1-b0f9-dcf80cf8cc63-1-300x169.jpg 300w, https:\/\/www.radiopiu.net\/wordpress\/wp-content\/uploads\/2023\/02\/72866c90-3fca-4fa1-b0f9-dcf80cf8cc63-1-1024x576.jpg 1024w, https:\/\/www.radiopiu.net\/wordpress\/wp-content\/uploads\/2023\/02\/72866c90-3fca-4fa1-b0f9-dcf80cf8cc63-1-768x432.jpg 768w, https:\/\/www.radiopiu.net\/wordpress\/wp-content\/uploads\/2023\/02\/72866c90-3fca-4fa1-b0f9-dcf80cf8cc63-1.jpg 1280w\" sizes=\"auto, (max-width: 300px) 100vw, 300px\" \/><\/a>\n\t\t\t\t<\/dt><\/dl><dl class='gallery-item'>\n\t\t\t\t<dt class='gallery-icon landscape'>\n\t\t\t\t\t<a class=\"rollover rollover-zoom dt-pswp-item\" title=\"cf56b80e-e489-416d-bba9-5d17b700ca38\" data-dt-img-description=\"\" data-large_image_width=\"1088\" data-large_image_height=\"642\"href='https:\/\/www.radiopiu.net\/wordpress\/wp-content\/uploads\/2023\/02\/cf56b80e-e489-416d-bba9-5d17b700ca38-1.jpg'><img loading=\"lazy\" decoding=\"async\" width=\"300\" height=\"177\" src=\"https:\/\/www.radiopiu.net\/wordpress\/wp-content\/uploads\/2023\/02\/cf56b80e-e489-416d-bba9-5d17b700ca38-1-300x177.jpg\" class=\"attachment-medium size-medium\" alt=\"\" srcset=\"https:\/\/www.radiopiu.net\/wordpress\/wp-content\/uploads\/2023\/02\/cf56b80e-e489-416d-bba9-5d17b700ca38-1-300x177.jpg 300w, https:\/\/www.radiopiu.net\/wordpress\/wp-content\/uploads\/2023\/02\/cf56b80e-e489-416d-bba9-5d17b700ca38-1-1024x604.jpg 1024w, https:\/\/www.radiopiu.net\/wordpress\/wp-content\/uploads\/2023\/02\/cf56b80e-e489-416d-bba9-5d17b700ca38-1-768x453.jpg 768w, https:\/\/www.radiopiu.net\/wordpress\/wp-content\/uploads\/2023\/02\/cf56b80e-e489-416d-bba9-5d17b700ca38-1.jpg 1088w\" sizes=\"auto, (max-width: 300px) 100vw, 300px\" \/><\/a>\n\t\t\t\t<\/dt><\/dl><br style=\"clear: both\" \/>\n\t\t\t<\/div>\n\n<p>&nbsp;<\/p>\n<p>&nbsp;<\/p>\n<hr \/>\n<blockquote>\n<h3>IL BOTTO A SOSPIROLO, IL BOOM SONICO O BANG SUPERSONICO<\/h3>\n<\/blockquote>\n<p><img decoding=\"async\" class=\"alignleft\" src=\"https:\/\/www.radiopiu.net\/wordpress\/wp-content\/uploads\/2023\/02\/220px-Sonic_boom_050817-N-3488C-151-e1675257729328.jpg\" \/><strong>REDAZIONE<\/strong> La prima a chiamare la RADIOPIU da Sospirolo \u00e8 stata Patrizia, alle 9<em> &#8220;Ma sto botto\u00a0 che si \u00e8 sentito in tutta Sospirolo era terremoto?&#8221;<\/em> Nessun terremoto sentenzia il sensibile sismografo di via Molin dei Cot ad Agordo. Molto pi\u00f9 probabile il classico superamento del\u00a0 di \u201cmuro del suono\u201d perch\u00e9 la resistenza dell\u2019aria aumenta sempre di pi\u00f9 con l\u2019aumentare della velocit\u00e0 dell\u2019aereo, e diventa elevatissima (quasi una barriera fisica) quando la velocit\u00e0 si approssima a Mach 1 (1200 km\/h al livello del mare, 1050 km\/h a 1100 metri di quota): in quel momento le molecole d\u2019aria non fanno pi\u00f9 in tempo a spostarsi per lasciare spazio all\u2019aereo e vengono urtate, provocando il famoso fenomeno del \u201cbang\u201d sonico. La pagina Facebook Sei di Sospirolo Se&#8230; si \u00e8 riempita di messaggi. Ecco i pi\u00f9 significativi.<\/p>\n<p><span class=\"\"><span class=\"xt0psk2\"><a class=\"x1i10hfl xjbqb8w x6umtig x1b1mbwd xaqea5y xav7gou x9f619 x1ypdohk xt0psk2 xe8uvvx xdj266r x11i5rnm xat24cr x1mh8g0r xexx8yu x4uap5 x18d9i69 xkhd6sd x16tdsg8 x1hl2dhg xggy1nq x1a2a7pz x1heor9g xt0b8zv\" tabindex=\"0\" role=\"link\" href=\"https:\/\/www.facebook.com\/groups\/281172542037180\/user\/100008232888784\/?__cft__[0]=AZUjpVxZrhI41dXyT6gEIMuaCz_MCJ8tjuR3_ctiXswH2Nyz9TfA2m7yGycpBY5NRCppIhs8uj-d36SWQw84hP8Z1Vwbpm1PgU_TtHtew0xkA0ARIcAAhtI7bsHzg2jYznW7CdNt9P0esgMNvQ1YGZXD7Jm4nZCIdi3vakn-oDKaD2lEAZmXzXaL9_Xzlkx_884&amp;__tn__=R]-R\" aria-hidden=\"false\"><span class=\"x3nfvp2\"><span class=\"x193iq5w xeuugli x13faqbe x1vvkbs x1xmvt09 x1lliihq x1s928wv xhkezso x1gmr53x x1cpjm7i x1fgarty x1943h6x x4zkp8e x676frb x1nxh6w3 x1sibtaa x1s688f xzsf02u\" dir=\"auto\">Giuseppe De Don\u00e0<\/span><\/span><\/a> <\/span><\/span>Anche qui a Volpez. Terremoto? Ma \u00e8 stato un colpo simile a un&#8217;esplosione <span class=\"\"><span class=\"xt0psk2\"><a class=\"x1i10hfl xjbqb8w x6umtig x1b1mbwd xaqea5y xav7gou x9f619 x1ypdohk xt0psk2 xe8uvvx xdj266r x11i5rnm xat24cr x1mh8g0r xexx8yu x4uap5 x18d9i69 xkhd6sd x16tdsg8 x1hl2dhg xggy1nq x1a2a7pz x1heor9g xt0b8zv\" tabindex=\"0\" role=\"link\" href=\"https:\/\/www.facebook.com\/groups\/281172542037180\/user\/1660882110\/?__cft__[0]=AZUjpVxZrhI41dXyT6gEIMuaCz_MCJ8tjuR3_ctiXswH2Nyz9TfA2m7yGycpBY5NRCppIhs8uj-d36SWQw84hP8Z1Vwbpm1PgU_TtHtew0xkA0ARIcAAhtI7bsHzg2jYznW7CdNt9P0esgMNvQ1YGZXD7Jm4nZCIdi3vakn-oDKaD2lEAZmXzXaL9_Xzlkx_884&amp;__tn__=R]-R\" aria-hidden=\"false\"><span class=\"x3nfvp2\"><span class=\"x193iq5w xeuugli x13faqbe x1vvkbs x1xmvt09 x1lliihq x1s928wv xhkezso x1gmr53x x1cpjm7i x1fgarty x1943h6x x4zkp8e x676frb x1nxh6w3 x1sibtaa x1s688f xzsf02u\" dir=\"auto\">Renato Pasa <\/span><\/span><\/a><\/span><\/span>No non era terremoto, troppo forte e istantanea. Presupponendo che non sia nulla di grave in giro propenderei per un bang supersonico.<span class=\"\"><span class=\"xt0psk2\"><a class=\"x1i10hfl xjbqb8w x6umtig x1b1mbwd xaqea5y xav7gou x9f619 x1ypdohk xt0psk2 xe8uvvx xdj266r x11i5rnm xat24cr x1mh8g0r xexx8yu x4uap5 x18d9i69 xkhd6sd x16tdsg8 x1hl2dhg xggy1nq x1a2a7pz x1heor9g xt0b8zv\" tabindex=\"0\" role=\"link\" href=\"https:\/\/www.facebook.com\/groups\/281172542037180\/user\/1163355187008591\/?__cft__[0]=AZUjpVxZrhI41dXyT6gEIMuaCz_MCJ8tjuR3_ctiXswH2Nyz9TfA2m7yGycpBY5NRCppIhs8uj-d36SWQw84hP8Z1Vwbpm1PgU_TtHtew0xkA0ARIcAAhtI7bsHzg2jYznW7CdNt9P0esgMNvQ1YGZXD7Jm4nZCIdi3vakn-oDKaD2lEAZmXzXaL9_Xzlkx_884&amp;__tn__=R]-R\" aria-hidden=\"false\"><span class=\"x3nfvp2\"><span class=\"x193iq5w xeuugli x13faqbe x1vvkbs x1xmvt09 x1lliihq x1s928wv xhkezso x1gmr53x x1cpjm7i x1fgarty x1943h6x x4zkp8e x676frb x1nxh6w3 x1sibtaa x1s688f xzsf02u\" dir=\"auto\">Conoscere Sospirolo<\/span><\/span><\/a> <\/span><\/span>Un aereo a superato la velocit\u00e0 del suono <span class=\"\"><span class=\"xt0psk2\"><a class=\"x1i10hfl xjbqb8w x6umtig x1b1mbwd xaqea5y xav7gou x9f619 x1ypdohk xt0psk2 xe8uvvx xdj266r x11i5rnm xat24cr x1mh8g0r xexx8yu x4uap5 x18d9i69 xkhd6sd x16tdsg8 x1hl2dhg xggy1nq x1a2a7pz x1heor9g xt0b8zv\" tabindex=\"0\" role=\"link\" href=\"https:\/\/www.facebook.com\/groups\/281172542037180\/user\/100022996267873\/?__cft__[0]=AZUjpVxZrhI41dXyT6gEIMuaCz_MCJ8tjuR3_ctiXswH2Nyz9TfA2m7yGycpBY5NRCppIhs8uj-d36SWQw84hP8Z1Vwbpm1PgU_TtHtew0xkA0ARIcAAhtI7bsHzg2jYznW7CdNt9P0esgMNvQ1YGZXD7Jm4nZCIdi3vakn-oDKaD2lEAZmXzXaL9_Xzlkx_884&amp;__tn__=R]-R\" aria-hidden=\"false\"><span class=\"x3nfvp2\"><span class=\"x193iq5w xeuugli x13faqbe x1vvkbs x1xmvt09 x1lliihq x1s928wv xhkezso x1gmr53x x1cpjm7i x1fgarty x1943h6x x4zkp8e x676frb x1nxh6w3 x1sibtaa x1s688f xzsf02u\" dir=\"auto\">Fabrizia Benvegn\u00f9<\/span><\/span><\/a> <\/span><\/span>Sentito a Camolino&#8230; Ma non ben capito&#8230;<span class=\"\"><span class=\"xt0psk2\"><a class=\"x1i10hfl xjbqb8w x6umtig x1b1mbwd xaqea5y xav7gou x9f619 x1ypdohk xt0psk2 xe8uvvx xdj266r x11i5rnm xat24cr x1mh8g0r xexx8yu x4uap5 x18d9i69 xkhd6sd x16tdsg8 x1hl2dhg xggy1nq x1a2a7pz x1heor9g xt0b8zv\" tabindex=\"0\" role=\"link\" href=\"https:\/\/www.facebook.com\/groups\/281172542037180\/user\/100000096786113\/?__cft__[0]=AZUjpVxZrhI41dXyT6gEIMuaCz_MCJ8tjuR3_ctiXswH2Nyz9TfA2m7yGycpBY5NRCppIhs8uj-d36SWQw84hP8Z1Vwbpm1PgU_TtHtew0xkA0ARIcAAhtI7bsHzg2jYznW7CdNt9P0esgMNvQ1YGZXD7Jm4nZCIdi3vakn-oDKaD2lEAZmXzXaL9_Xzlkx_884&amp;__tn__=R]-R\" aria-hidden=\"false\"><span class=\"x3nfvp2\"><span class=\"x193iq5w xeuugli x13faqbe x1vvkbs x1xmvt09 x1lliihq x1s928wv xhkezso x1gmr53x x1cpjm7i x1fgarty x1943h6x x4zkp8e x676frb x1nxh6w3 x1sibtaa x1s688f xzsf02u\" dir=\"auto\">Fiorella Dal Molin<\/span><\/span><\/a> <\/span><\/span>Erano 2 aerei militari&#8230;poteva sembrare un terremoto dal botto ma credo proprio siano stati loro la causa <span class=\"\"><span class=\"xt0psk2\"><a class=\"x1i10hfl xjbqb8w x6umtig x1b1mbwd xaqea5y xav7gou x9f619 x1ypdohk xt0psk2 xe8uvvx xdj266r x11i5rnm xat24cr x1mh8g0r xexx8yu x4uap5 x18d9i69 xkhd6sd x16tdsg8 x1hl2dhg xggy1nq x1a2a7pz x1heor9g xt0b8zv\" tabindex=\"0\" role=\"link\" href=\"https:\/\/www.facebook.com\/groups\/281172542037180\/user\/100017139003709\/?__cft__[0]=AZUjpVxZrhI41dXyT6gEIMuaCz_MCJ8tjuR3_ctiXswH2Nyz9TfA2m7yGycpBY5NRCppIhs8uj-d36SWQw84hP8Z1Vwbpm1PgU_TtHtew0xkA0ARIcAAhtI7bsHzg2jYznW7CdNt9P0esgMNvQ1YGZXD7Jm4nZCIdi3vakn-oDKaD2lEAZmXzXaL9_Xzlkx_884&amp;__tn__=R]-R\" aria-hidden=\"false\"><span class=\"x3nfvp2\"><span class=\"x193iq5w xeuugli x13faqbe x1vvkbs x1xmvt09 x1lliihq x1s928wv xhkezso x1gmr53x x1cpjm7i x1fgarty x1943h6x x4zkp8e x676frb x1nxh6w3 x1sibtaa x1s688f xzsf02u\" dir=\"auto\">Silvio Vigne<\/span><\/span><\/a> <\/span><\/span>Che sia stat fasoi de lamon <a class=\"x1i10hfl xjbqb8w x6umtig x1b1mbwd xaqea5y xav7gou x9f619 x1ypdohk xt0psk2 xe8uvvx xdj266r x11i5rnm xat24cr x1mh8g0r xexx8yu x4uap5 x18d9i69 xkhd6sd x16tdsg8 x1hl2dhg xggy1nq x1a2a7pz xt0b8zv xzsf02u x1s688f\" tabindex=\"0\" role=\"link\" href=\"https:\/\/www.facebook.com\/groups\/281172542037180\/user\/100009780104258\/?__cft__[0]=AZUjpVxZrhI41dXyT6gEIMuaCz_MCJ8tjuR3_ctiXswH2Nyz9TfA2m7yGycpBY5NRCppIhs8uj-d36SWQw84hP8Z1Vwbpm1PgU_TtHtew0xkA0ARIcAAhtI7bsHzg2jYznW7CdNt9P0esgMNvQ1YGZXD7Jm4nZCIdi3vakn-oDKaD2lEAZmXzXaL9_Xzlkx_884&amp;__tn__=R]-R\"><span class=\"xt0psk2\">Remo Casanova<\/span><\/a> \u00a0comunque era qualcosa di militare perch\u00e9 i cavalli si sono messi sull&#8217;attenti <a class=\"x1i10hfl xjbqb8w x6umtig x1b1mbwd xaqea5y xav7gou x9f619 x1ypdohk xt0psk2 xe8uvvx xdj266r x11i5rnm xat24cr x1mh8g0r xexx8yu x4uap5 x18d9i69 xkhd6sd x16tdsg8 x1hl2dhg xggy1nq x1a2a7pz xt0b8zv xzsf02u x1s688f\" tabindex=\"0\" role=\"link\" href=\"https:\/\/www.facebook.com\/groups\/281172542037180\/user\/100077750381141\/?__cft__[0]=AZUjpVxZrhI41dXyT6gEIMuaCz_MCJ8tjuR3_ctiXswH2Nyz9TfA2m7yGycpBY5NRCppIhs8uj-d36SWQw84hP8Z1Vwbpm1PgU_TtHtew0xkA0ARIcAAhtI7bsHzg2jYznW7CdNt9P0esgMNvQ1YGZXD7Jm4nZCIdi3vakn-oDKaD2lEAZmXzXaL9_Xzlkx_884&amp;__tn__=R]-R\"><span class=\"xt0psk2\">Giordano Dre Poi<\/span><\/a> Tranquillo no le suces gnint. Par che sia stat aerei.<\/p>\n<p>&nbsp;<\/p>\n<hr \/>\n<p>&nbsp;<\/p>\n<blockquote>\n<h3>I DUE CANI TORNANO DA SOLI FINO ALL&#8217;AUTO PARCHEGGIATA A FORCELLA AURINE<\/h3>\n<\/blockquote>\n<p><strong><img loading=\"lazy\" decoding=\"async\" class=\"alignleft\" src=\"https:\/\/www.radiopiu.net\/wordpress\/wp-content\/uploads\/2023\/02\/47697876-393f-4d77-8e6d-37a0d5fe3780.jpg\" width=\"116\" height=\"155\" \/>VOLTAGO<\/strong>\u00a0 Sono stati recuperati lo zaino e gli oggetti di propriet\u00e0 dell&#8217;escursioninsta bloccato nella neve e recuperato nella notte. I suoi due cani, akita americani maschio e femmina, sono tornati da soli alla macchina parcheggiata a Forcella Aurine, dove li ha ritrovati questa mattina il proprietario &#8211; un 39enne di Castello di Godego (TV),- accompagnato all&#8217;auto da una squadra del Soccorso alpino di Agordo. I soccorritori, sci ai piedi, hanno poi raggiunto il luogo dove l&#8217;uomo aveva cercato riparo scavando una buca, poco dopo il Passo del Col di Luna verso Malga Camp, per riportargli lo zaino, con all&#8217;interno beni personali comprese le chiavi della macchina, ed altri oggetti dispersi al momento dell&#8217;arrivo dell&#8217;elicottero. La squadra, che sta scendendo a valle &#8211; ha ritrovato anche il suo cellulare.<\/p>\n<p>&nbsp;<\/p>\n<p><span style=\"color: #ff0000;\"><strong>IERI ALLA RADIO <\/strong><\/span><\/p>\n<blockquote>\n<h3>ESCURSIONISTA DI CASTELLO DI GODEGO SOCCORSO NELLA NOTTE AL COL DI LUNA, OGGI SARANNO RECUPERATI ZAINO E CANI<\/h3>\n<\/blockquote>\n<h3><strong><img loading=\"lazy\" decoding=\"async\" class=\"alignleft\" src=\"https:\/\/www.radiopiu.net\/wordpress\/wp-content\/uploads\/2023\/02\/aaa.jpg\" width=\"175\" height=\"91\" \/>VOLTAGO<\/strong> L&#8217;elicottero di Trento adibito al volo notturno nella notte ha sorvolato il paese, operazione di soccorso in Col di Luna con l&#8217;appoggio degli uomini del Soccorso Alpino di Agordo. Era da poco passata la mezzanotte e mezza quando il velivolo \u00e8 intervenuto ai piedi del Monte Agner.<\/h3>\n<p>L&#8217;uomo, 39 anni, era in escursione con le ciaspe i cani\u00a0 di grossa taglia,\u00a0 al chiar di luna, \u00e8 stato soccorso\u00a0 (illeso) e portato in albergo, allo Stella Alpina di Voltago dove ha passato la notte.<\/p>\n<p>Il Soccorso Alpino di Agordo \u00e8 stato allertato dalla centrale operativa dopo la mezzanotte. La moglie dell&#8217;escursionista alle 21.50,\u00a0 ha chiesto aiuto al 118 non avendo pi\u00f9 notizie del marito che avrebbe dovuto raggiungere per la notte il bivacco Menegazzi dopo essere partito dal Primiero. Da tre ore, infatti, la donna vedeva la posizione dell&#8217;uomo mediante un&#8217;applicazione sul telefono, fermo nella stessa posizione e non riusciva a contattarlo. Di qui la scelta di intervenire da parte della squadra guidata da Diego Favero. Pensando fosse partito da Saresin, una squadra del Soccorso alpino di Agordo ha controllato la zona per cercare la macchina, salvo poi trovarla parcheggiata a Forcella Aurine. L&#8217;uomo aveva infatti optato per l&#8217;avvicinamento dalla parte del Col di Luna. Proprio sul Passo di Luna l&#8217;uomo ha avuto dei problemi per la presenza del consistente manto nevoso. Non rispondeva alla moglie perch\u00e9 aveva perso il telefono. Data la presenza di ripide pale sovrastanti l&#8217;tinenerario, temendo potesse essere rimasto coinvolto da una valanga, \u00e8 stato chiesto l&#8217;intervento dell&#8217;elicottero di Trento abilitato al volo notturno per effettuare una ricognizione dall&#8217;alto, mentre i soccorritori si preparavano a intervenire a Frassen\u00e8. Fortunatamente l&#8217;equipaggio, dalle coordinate della posizione, \u00e8 riuscito a individuarlo poco distante dall&#8217;ultima segnalazione. L&#8217;uomo, affaticato e infreddolito si era scavato un buco e si era riparato nel sacco a pelo per passare la notte.<\/p>\n<p>&nbsp;<\/p>\n<hr \/>\n<p>&nbsp;<\/p>\n<blockquote>\n<h3>CONDANNATO IL MARITO VIOLENTO PER LE BOTTE E I MALTRATTAMENTI<\/h3>\n<\/blockquote>\n<p><strong>OGGI SUL CORRIERE DELLE ALPI<\/strong><\/p>\n<p><strong>DI GIGI SOSSO<\/strong><\/p>\n<p><strong><img loading=\"lazy\" decoding=\"async\" class=\"alignleft\" src=\"https:\/\/www.radiopiu.net\/wordpress\/wp-content\/uploads\/2023\/02\/woman-1006100__340.jpg\" width=\"247\" height=\"139\" \/>BELLUNO<\/strong> Maltrattamenti e lesioni sono costati all&#8217;imputato una condanna a un anno e sei mesi di reclusione, due anni di divieto di avvicinarla a meno di 500 metri e 10 mila euro di risarcimento. Il Tribunale di Belluno ha tenuto conto del vizio parziale di mente e del fatto che l&#8217;imputato non si trova pi\u00f9 in Italia, dopo che il pubblico ministero Tollardo aveva chiesto due anni e dieci mesi e la parte civile Ribecco 20 mila euro di danni. La difesa Alpagotti, invece, puntava all&#8217;assoluzione o al minimo della pena, anche sulla base dell&#8217;incensuratezza e dell&#8217;invalidit\u00e0 al 75 per cento del suo assistito che, pur albanese, \u00e8 anche cittadino italiano. Fino al 2017, l&#8217;uomo era stato seguito dai Servizi sociali&#8230;i giudici Coniglio, Velo e Cittolin sono usciti dalla camera di consiglio con la condanna: una pena sensibilmente pi\u00f9 bassa, rispetto a quella richiesta. Ci sono altri procedimenti penali pendenti sull&#8217;uomo, ma questo era senz&#8217;altro il pi\u00f9 grave.<\/p>\n<p>&nbsp;<\/p>\n<hr \/>\n<p>&nbsp;<\/p>\n<blockquote>\n<h3>LA DOLOMITI BELLUNESI SOSPENDE ONESCU CONDANNATO PER VIOLENZA SESSUALE<\/h3>\n<\/blockquote>\n<p><strong><a class=\"dt-pswp-item\" href=\"https:\/\/www.radiopiu.net\/wordpress\/wp-content\/uploads\/2023\/02\/Senza-noame.jpg\" data-dt-img-description=\"\" data-large_image_width=\"255\" data-large_image_height=\"292\"><img loading=\"lazy\" decoding=\"async\" class=\"wp-image-320014 alignleft\" src=\"https:\/\/www.radiopiu.net\/wordpress\/wp-content\/uploads\/2023\/02\/Senza-noame.jpg\" alt=\"\" width=\"101\" height=\"116\" \/><\/a>BELLUNO<\/strong>\u00a0 La societ\u00e0 Dolomiti Bellunesi e il Cittadella hanno deciso di sospendere i\u00a0 giocatori, condannati\u00a0 a sei anni di carcere, insieme a tre ex compagni di squadra, per violenza sessuale aggravata.\u00a0 Anche la Dolomiti Bellunesi ha deciso di sospendere il suo giocatore, Daniel Onescu, 29enne romeno. La nota dalla squadra: <em>\u00abLa societ\u00e0 Ssd Dolomiti Bellunesi, non nascondendo stupore e incredulit\u00e0, ha appreso solo ieri dagli organi di\u00a0 informazione del coinvolgimento di un proprio tesserato, Daniel Onescu, in fatti di grave rilevanza, con risvolti penalistici che lo riguardano nel periodo in cui non era tesserato con la societ\u00e0. La societ\u00e0 prende atto che la sentenza emessa dal Tribunale di Verona non \u00e8 definitiva e che la condanna inflitta potrebbe essere oggetto di riforma nei successivi gradi di giudizio. Tuttavia, alla luce della gravit\u00e0 dei fatti contestati, ha ritenuto di sospendere da ogni attivit\u00e0 in via cautelare e a tempo indeterminato il giocatore, Daniel Onescu\u00bb.\u00a0<\/em><\/p>\n<p>&nbsp;<\/p>\n<p>&nbsp;<\/p>\n<hr \/>\n<p>&nbsp;<\/p>\n<blockquote>\n<h3>OK AL COLLEGAMENTO DEL COMELICO. BERTON: \u201cSI APRE UNA NUOVA FASE, ORA BISOGNA COGLIERE TUTTE LE OPPORTUNIT\u00c0 DERIVANTI DALLE OLIMPIADI<\/h3>\n<\/blockquote>\n<p><strong><a class=\"dt-pswp-item\" href=\"https:\/\/www.radiopiu.net\/wordpress\/wp-content\/uploads\/2020\/01\/Lorraine_Berton.jpg\" data-dt-img-description=\"\" data-large_image_width=\"767\" data-large_image_height=\"768\"><img loading=\"lazy\" decoding=\"async\" class=\"wp-image-112912 alignleft\" src=\"https:\/\/www.radiopiu.net\/wordpress\/wp-content\/uploads\/2020\/01\/Lorraine_Berton-300x300.jpg\" alt=\"\" width=\"115\" height=\"115\" srcset=\"https:\/\/www.radiopiu.net\/wordpress\/wp-content\/uploads\/2020\/01\/Lorraine_Berton-300x300.jpg 300w, https:\/\/www.radiopiu.net\/wordpress\/wp-content\/uploads\/2020\/01\/Lorraine_Berton-150x150.jpg 150w, https:\/\/www.radiopiu.net\/wordpress\/wp-content\/uploads\/2020\/01\/Lorraine_Berton.jpg 767w\" sizes=\"auto, (max-width: 115px) 100vw, 115px\" \/><\/a>BELLUNO <\/strong>&#8220;\u00c8 stata una partita lunga, complicata, per certi versi estenuante, ma la forza di un territorio e la caparbiet\u00e0 di un uomo come Franz Senfter hanno vinto. Si apre una nuova fase per il Comelico, i suoi abitanti e le sue tante imprese. Ora, oltre a realizzare concretamente il nuovo collegamento, concentriamoci sulle infrastrutture viarie: il futuro di un comprensorio cos\u00ec importante e delicato va affrontato a 360 gradi\u201d. A dirlo \u00e8 Lorraine Berton, presidente di Confindustria Belluno Dolomiti, dopo che la Soprintendenza al paesaggio di Venezia ha dato il via libera al progetto Stacco, che dovr\u00e0 unire Padola con il carosello sciistico di Sesto Pusteria.<\/p>\n<p>&nbsp;<\/p>\n<p>&nbsp;<\/p>\n<hr \/>\n<p>&nbsp;<\/p>\n<blockquote>\n<h3>BUON LAVORO A GIORGIA MARCATO E STEFANO GASPERIN, NUOVI DIRETTORI IN ULSS 1 DOLOMITI<\/h3>\n<\/blockquote>\n<p><strong class=\"photoswipe-wrapper\"><a class=\"dt-pswp-item pspw-wrap-ready\" href=\"https:\/\/www.radiopiu.net\/wordpress\/wp-content\/uploads\/2023\/02\/5d51a8ae-d71f-4a04-b48e-737d17ce5cfa.jpg\" data-dt-img-description=\"\" data-large_image_width=\"493\" data-large_image_height=\"307\"><img loading=\"lazy\" decoding=\"async\" class=\" wp-image-319822 alignleft\" src=\"https:\/\/www.radiopiu.net\/wordpress\/wp-content\/uploads\/2023\/02\/5d51a8ae-d71f-4a04-b48e-737d17ce5cfa-300x187.jpg\" sizes=\"auto, (max-width: 201px) 100vw, 201px\" srcset=\"https:\/\/www.radiopiu.net\/wordpress\/wp-content\/uploads\/2023\/02\/5d51a8ae-d71f-4a04-b48e-737d17ce5cfa-300x187.jpg 300w, https:\/\/www.radiopiu.net\/wordpress\/wp-content\/uploads\/2023\/02\/5d51a8ae-d71f-4a04-b48e-737d17ce5cfa.jpg 493w\" alt=\"\" width=\"201\" height=\"125\" \/><\/a>BELLUNO<\/strong>\u00a0Buon lavoro ai nuovi direttori che hanno preso servizio in Ulss Dolomiti. Al nuovo Direttore Medico di Belluno, Giorgia Marcato, e al nuovo direttore del Pronto Soccorso di Agordo, Stefano Gasperin (in foto).<\/p>\n<p class=\"photoswipe-wrapper\"><strong>Classe 1971, di Feltre, Stefano Gasperin,<\/strong>\u00a0dopo la maturit\u00e0 classica al liceo Castaldi, si \u00e8 laureato in Medicina e Chirurgia all\u2019Universit\u00e0 di Padova, dove ha conseguito, poi, la specializzazione in Geriatria e Gerontologia e un master di secondo livello in medicina vascolare. E\u2019 esperto nella gestione avanzata del paziente critico adulto e pediatrico, sia medico che traumatologico, secondo gli attuali protocolli ACLS \u2013 Advanced Cardiovascular Life Support, ATLS \u2013 Advanced Trauma Life Support e PALS \u2013 Pediatric Advanced Life Support. E\u2019, infatti, istruttore ai corsi di rianimazione cardiovascolare avanzata (ACLS). Dal 2010 presta servizio al Pronto Soccorso di Feltre, dove ha maturato una solida esperienza in Medicina d\u2019Urgenza-Emergenza sia intra che extra-ospedaliera. E\u2019 esperto in ecografia, in ecografia avanzata venosa e arteriosa cos\u00ec come nel\u00a0<a class=\"dt-pswp-item pspw-wrap-ready\" href=\"https:\/\/www.radiopiu.net\/wordpress\/wp-content\/uploads\/2023\/02\/marcato.jpeg\" data-dt-img-description=\"\" data-large_image_width=\"1618\" data-large_image_height=\"2048\"><img loading=\"lazy\" decoding=\"async\" class=\"size-medium wp-image-319845 alignright\" src=\"https:\/\/www.radiopiu.net\/wordpress\/wp-content\/uploads\/2023\/02\/marcato-237x300.jpeg\" sizes=\"auto, (max-width: 237px) 100vw, 237px\" srcset=\"https:\/\/www.radiopiu.net\/wordpress\/wp-content\/uploads\/2023\/02\/marcato-237x300.jpeg 237w, https:\/\/www.radiopiu.net\/wordpress\/wp-content\/uploads\/2023\/02\/marcato-809x1024.jpeg 809w, https:\/\/www.radiopiu.net\/wordpress\/wp-content\/uploads\/2023\/02\/marcato-768x972.jpeg 768w, https:\/\/www.radiopiu.net\/wordpress\/wp-content\/uploads\/2023\/02\/marcato-1214x1536.jpeg 1214w, https:\/\/www.radiopiu.net\/wordpress\/wp-content\/uploads\/2023\/02\/marcato.jpeg 1618w\" alt=\"\" width=\"237\" height=\"300\" \/><\/a>reperimento di accessi venosi difficili con sonda ecografica e in gestione avanzata dei traumi. E\u2019, inoltre, responsabile formativo training su eventi critici per il personale infermieristico.<\/p>\n<p><strong>Classe 1965, originaria di Venezia e padovana di adozione, Giorgia Marcato (foto a destra)<\/strong>\u00a0ha conseguito la laurea in Medicina e Chirurgia presso l\u2019Universit\u00e0 degli Studi di Padova, dove si \u00e8 successivamente specializzata in Igiene e Medicina Preventiva e in Medicina di Comunit\u00e0. Dopo un\u2019esperienza all\u2019Ulss 14 Chioggia, Giorgia Marcato ha prestato servizio all\u2019Azienda Ospedaliera Universitaria di Padova dal 1996 al 2003, in Ulss 3 Serenissima fino al 2016 e, infine, all\u2019Istituto Oncologico Veneto fino a dicembre 2018. In particolare, presso l\u2019Ulss Serenissima ha ricoperto un incarico di alta specializzazione come Responsabile Qualit\u00e0 e relazioni ospedale-territorio. Presso lo IOV, ha ricoperto un incarico di alta specializzazione per attivit\u00e0 di direzione connesse alla sorveglianza epidemiologica delle infezioni correlate all\u2019assistenza, al rischio biologico ed infettivo. Si \u00e8 occupata, inoltre, di attivit\u00e0 di supporto all\u2019organizzazione dei sistemi di gestione qualit\u00e0, di certificazione ISO e di attivit\u00e0 di governo clinico assistenziale riguardanti l\u2019implementazione di percorsi oncologici. Ha ricoperto, infine, il ruolo di referente aziendale per la gestione dei rifiuti ospedalieri e per la gestione dell\u2019appalto pulizie. Dopo l\u2019esperienza allo IOV, dal 2019 Giorgia Marcato ha prestato servizio in Azienda Zero, ricoprendo prima un incarico di alta specializzazione e poi il ruolo di Direttore dell\u2019U.O.C. Ispezioni Sanitarie e Socio Sanitarie (disciplina Igiene e Organizzazione dei Servizi Ospedalieri). Oltre ad avere all\u2019attivo una vasta produzione scientifica, ha svolto diverse attivit\u00e0 di docenza nei corsi di Laurea in Scienze delle professioni sanitarie e tecniche diagnostiche e in Tecniche di laboratorio biomedico dell\u2019Universit\u00e0 degli Studi di Padova. Nello specifico, per l\u2019anno accademico in corso, sta tenendo il corso in Economia e Organizzazione delle Aziende Sanitarie.<\/p>\n<p>&nbsp;<\/p>\n<hr \/>\n<p>&nbsp;<\/p>\n<blockquote>\n<h3>SCUOLE MEDIE DI AGORDO, VERSO L&#8217;ADEGUAMENTO SISMICO. LA GIUNTA APPROVA.<\/h3>\n<\/blockquote>\n<p><strong><img loading=\"lazy\" decoding=\"async\" class=\"alignleft\" src=\"https:\/\/www.radiopiu.net\/wordpress\/wp-content\/uploads\/2023\/02\/302fc555-7483-4387-925a-c133e880e461.jpg\" width=\"225\" height=\"127\" \/>AGORDO<\/strong><\/p>\n<p><strong>GIANNI SANTOMASO<\/strong><\/p>\n<audio class=\"wp-audio-shortcode\" id=\"audio-319790-1\" preload=\"none\" style=\"width: 100%;\" controls=\"controls\"><source type=\"audio\/mpeg\" src=\"https:\/\/www.radiopiu.net\/wordpress\/wp-content\/uploads\/2023\/02\/scuola-gianni.mp3?_=1\" \/><a href=\"https:\/\/www.radiopiu.net\/wordpress\/wp-content\/uploads\/2023\/02\/scuola-gianni.mp3\">https:\/\/www.radiopiu.net\/wordpress\/wp-content\/uploads\/2023\/02\/scuola-gianni.mp3<\/a><\/audio>\n<p>&nbsp;<\/p>\n<hr \/>\n<p>&nbsp;<\/p>\n<blockquote>\n<h3>IN UNA LETTERA LE PERPLESSITA&#8217; DEI CITTADINI DI SAN GOTTARDO &#8220;RIVOGLIAMO IL CAMPANILE E I NOSTRI SPAZI&#8221;<\/h3>\n<\/blockquote>\n<p>&nbsp;<\/p>\n<p><strong>SOSPIROLO<\/strong> Almeno 30 firme in calce alla lettera di protesta per quel campanile mai riparato dopo il temporale con fulmini dell&#8217;agosto 2022. Oltre alla lesioni sulla torre anche i disagi per la gi\u00e0 stretta strada chiusa e transennata al centro del paese. Nella missiva i sospirolesi non chiedono \u00a0generiche rassicurazioni n\u00e9 previsioni ottimistiche, ma di essere tenuti informati sull&#8217;evolversi reale della situazione.<\/p>\n<p><strong>LA LETTERA<\/strong><\/p>\n<p>\u00abPrendiamo atto delle scelte ipotizzate dal sindaco e dal parroco per mettere in sicurezza campanile e chiesa: sull&#8217;importo previsto di circa 83 mila euro: ma cosa succederebbe se il progetto non fosse finanziato o se il preventivo non venisse rispettato? Il parroco e l&#8217;amministrazione comunale puntano a risolvere il problema in fretta, ma le condizioni affinch\u00e9 questo avvenga paiono molto fragili.\u00a0 Il transennamento della piazzetta non \u00e8 una garanzia perch\u00e9 eventuali altri detriti andrebbero ben oltre le transenne. Al di qua delle transenne passano ogni giorno molte persone e il numero aumenter\u00e0 con la bella stagione. Pure lo scuolabus inoltre non arriva pi\u00f9 ed aggiungiamo i disagi provocati dalla mancanza di rispetto da parte di numerosi veicoli dell&#8217;ordinanza comunale di divieto di parcheggio per i non residenti. Se eventi metereologici violenti causassero ulteriori cedimenti e danneggiassero persone o cose, chi ne sarebbe responsabile? L&#8217;amministrazione comunale? La curia? La Soprintendenza? L&#8217;Ente Parco? Chi risarcirebbe i danni? La salute pubblica non dovrebbe avere l&#8217;assoluta priorit\u00e0? \u00c8 accettabile, anche legalmente, che una condizione cos\u00ec fragile possa durare per anni? La &#8220;fiducia&#8221; espressa \u00e8, allo stato dei fatti, scarsamente condivisibile&#8221;.<\/p>\n<p>&nbsp;<\/p>\n<p><strong>ARCHIVIO RADIOPIU\u00a0\u00a0<\/strong><\/p>\n<p><strong>SOSPIROLO\u00a0<\/strong>\u00a0Un botto, tanta paura e poi la consapevolezza di dover iniziare la conta dei danni, per il campanile centrato dal fulmine, per la sacrestia, l\u2019interno della chiesa e le abitazioni vicine dove elettrodomestici, impianti elettrici sono stati seriamente danneggiati.\u00a0<em>\u201cEra l\u2019una e trenta del mattino \u2013 ci racconta un\u2019ascoltatrice di Radio Pi\u00f9 \u2013 quando abbiamo sentito un botto tremendo che ha fatto tremare le abitazioni. Un fulmine ha centrato il campanile della chiesa di San Gottardo causando seri danni alla struttura, al mattino ci siamo resi conto dei danni nelle abitazioni. Alcuni hanno dovuto ricorrere all\u2019elettricista perch\u00e9 sono stati danneggiati i quadri elettrici, altri hanno dovuto correre in negozio ad acquistare nuovi elettrodomestici andati completamente distrutti\u201d.\u00a0<\/em><\/p>\n<blockquote class=\"wp-embedded-content\" data-secret=\"r8rGcVVcmy\"><p><a href=\"https:\/\/www.radiopiu.net\/wordpress\/83mila-euro-per-ridare-dignita-alla-chiesa-di-san-gottardo\/\">83MILA EURO PER RIDARE DIGNITA&#8217; ALLA CHIESA DI SAN GOTTARDO<\/a><\/p><\/blockquote>\n<p><iframe loading=\"lazy\" class=\"wp-embedded-content\" sandbox=\"allow-scripts\" security=\"restricted\" style=\"position: absolute; clip: rect(1px, 1px, 1px, 1px);\" title=\"&#8220;83MILA EURO PER RIDARE DIGNITA&#8217; ALLA CHIESA DI SAN GOTTARDO&#8221; &#8212; Radio Pi\u00f9\" src=\"https:\/\/www.radiopiu.net\/wordpress\/83mila-euro-per-ridare-dignita-alla-chiesa-di-san-gottardo\/embed\/#?secret=5XAGSLtAkU#?secret=r8rGcVVcmy\" data-secret=\"r8rGcVVcmy\" width=\"600\" height=\"338\" frameborder=\"0\" marginwidth=\"0\" marginheight=\"0\" scrolling=\"no\"><\/iframe><\/p>\n<p>&nbsp;<\/p>\n<p>&nbsp;<\/p>\n<p>&nbsp;<\/p>\n<hr \/>\n<p>&nbsp;<\/p>\n<p>&nbsp;<\/p>\n<blockquote>\n<h3>DA VIA ROVA A PIAZZA LIBERTA&#8217; A TRENTA ALL&#8217;ORA, IN ARRIVO I DISSUASORI<\/h3>\n<\/blockquote>\n<p><strong><img loading=\"lazy\" decoding=\"async\" class=\"alignleft\" src=\"https:\/\/www.radiopiu.net\/wordpress\/wp-content\/uploads\/2023\/02\/Senza-nome-1.jpg\" width=\"239\" height=\"157\" \/>AGORDO<\/strong><\/p>\n<p><strong>GIANNI SANTOMASO<\/strong><\/p>\n<audio class=\"wp-audio-shortcode\" id=\"audio-319790-2\" preload=\"none\" style=\"width: 100%;\" controls=\"controls\"><source type=\"audio\/mpeg\" src=\"https:\/\/www.radiopiu.net\/wordpress\/wp-content\/uploads\/2023\/02\/30-orari-via-battisti-gianni.mp3?_=2\" \/><a href=\"https:\/\/www.radiopiu.net\/wordpress\/wp-content\/uploads\/2023\/02\/30-orari-via-battisti-gianni.mp3\">https:\/\/www.radiopiu.net\/wordpress\/wp-content\/uploads\/2023\/02\/30-orari-via-battisti-gianni.mp3<\/a><\/audio>\n<p>&nbsp;<\/p>\n<p>&nbsp;<\/p>\n<hr \/>\n<p>&nbsp;<\/p>\n<blockquote>\n<h3 class=\"entry-title\">VALPE RISPONDE AL MALESSERE DI UN UTENTE DI LA VALLE AGORDINA<\/h3>\n<\/blockquote>\n<p><strong><a class=\"dt-pswp-item\" href=\"https:\/\/www.radiopiu.net\/wordpress\/wp-content\/uploads\/2021\/10\/VALPE.png\" data-dt-img-description=\"\" data-large_image_width=\"800\" data-large_image_height=\"400\"><img loading=\"lazy\" decoding=\"async\" class=\" wp-image-236977 alignleft\" src=\"https:\/\/www.radiopiu.net\/wordpress\/wp-content\/uploads\/2021\/10\/VALPE-300x150.png\" alt=\"\" width=\"228\" height=\"114\" srcset=\"https:\/\/www.radiopiu.net\/wordpress\/wp-content\/uploads\/2021\/10\/VALPE-300x150.png 300w, https:\/\/www.radiopiu.net\/wordpress\/wp-content\/uploads\/2021\/10\/VALPE-768x384.png 768w, https:\/\/www.radiopiu.net\/wordpress\/wp-content\/uploads\/2021\/10\/VALPE.png 800w\" sizes=\"auto, (max-width: 228px) 100vw, 228px\" \/><\/a>AGORDO<\/strong>\u00a0 In merito alla segnalazione \u201cDILLO A RADIO PIU\u2019\u2026SCRIVILO A VALPE. \u201cESPRIMO IL MIO PARERE NEGATIVO\u201d giunta alla Vostra redazione da un\u2019utenza di La Valle Agordina, segnaliamo che lo svolgimento del servizio nella via in questione \u00e8 stato gi\u00e0 da tempo analizzato e attenzionato. A seguito di sopralluoghi effettuati dai nostri responsabili operativi, infatti, \u00e8 emerso che la via non ha la larghezza necessaria per permettere il passaggio in sicurezza dei nostri mezzi, senza il rischio di arrecare un danno<\/p>\n<h3><strong><img decoding=\"async\" class=\"alignright\" src=\"https:\/\/www.radiopiu.net\/wordpress\/wp-content\/uploads\/2022\/12\/LA-VALLE.jpg\" \/><\/strong><\/h3>\n<p>sia al mezzo che ai manufatti adiacenti. Tali criticit\u00e0 si acutizzano nei mesi freddi con la presenza di neve e ghiaccio. La problematica \u00e8 stata comunicata nel 2019 alle utenze interessate, assieme ai nuovi punti di esposizione dei contenitori, individuati in modo da garantire lo svolgimento del servizio in sicurezza. I nostri uffici rimangono comunque a disposizione per ogni ulteriore chiarimento in merito.<\/p>\n<p><strong>Valpe Ambiente<\/strong><\/p>\n<h3><\/h3>\n<p><strong>LUCA DE CASSAI&#8230; NO NON CI STO<\/strong><\/p>\n<p>Spett. le Valpe, in merito alla vostra risposta a Radio Pi\u00f9, anzich\u00e9 al diretto interessato, siete voi che fate pagare il servizio porta a porta. Se non vi sono le condizioni, che comunque ritengo infondate, allora tale servizio non deve essere pagato al 100 %. Voi fate pagare il porta a porta? Bene, allora i bidoni li svuotate nei pressi dell\u2019 abitazione. Altrimenti, il servizio deve essere pagato in funzione del vostro operato.<\/p>\n<p>Luca De Cassai<\/p>\n<p>&nbsp;<\/p>\n<p><span style=\"color: #ff0000;\"><strong>IERI ALLA RADIO<\/strong><\/span><\/p>\n<blockquote>\n<h3>DILLO A RADIO PIU\u2019\u2026SCRIVILO A VALPE. \u201cESPRIMO IL MIO PARERE NEGATIVO\u201d<\/h3>\n<\/blockquote>\n<h3><strong>REDAZIONE<\/strong>\u00a0Luca De Cassai, da La Valle Agordina ha gi\u00e0 informato gli uffici Valpe Ambiente di un disservizio verificatosi nel Comune di La Valle.<\/h3>\n<p>Spett le Valpe, scrivo per lamentare il vostro disservizio di raccolta rifiuti nei pressi della mia abitazione situata a La Valle Agordina in via Cugnago 72. L\u2019 abitazione in oggetto \u00e8 regolarmente servita da una strada comunale che viene tenuta pulita anche nei mesi invernali. Nonostante ci\u00f2, pur pagando regolarmente il servizio porta a porta, sono costretto a conferire i bidoni alla piazzetta frazionale, in quanto i vostri camioncini non effettuano il passaggio lungo tale strada comunale. Il problema e il mio disappunto, non riguardano il fatto di dover percorrere 100 mt a piedi, bens\u00ec il fatto che il servizio \u00e8 pagato come \u201c porta a porta \u201c. Esprimo quindi il mio completo parere negativo sul vostro servizio.<\/p>\n<p>Luca De Cassai<\/p>\n<p>&nbsp;<\/p>\n<p>&nbsp;<\/p>\n<hr \/>\n<p>&nbsp;<\/p>\n<blockquote>\n<h3>PUBBLICATO IL DECRETO FLUSSI 2022<\/h3>\n<\/blockquote>\n<p><strong><a class=\"dt-pswp-item\" href=\"https:\/\/www.radiopiu.net\/wordpress\/wp-content\/uploads\/2021\/06\/d80d78c4-d4bb-4317-8238-4958a613bc03.jpg\" data-dt-img-description=\"\" data-large_image_width=\"1920\" data-large_image_height=\"1080\"><img loading=\"lazy\" decoding=\"async\" class=\" wp-image-213614 alignleft\" src=\"https:\/\/www.radiopiu.net\/wordpress\/wp-content\/uploads\/2021\/06\/d80d78c4-d4bb-4317-8238-4958a613bc03-300x169.jpg\" alt=\"\" width=\"245\" height=\"138\" srcset=\"https:\/\/www.radiopiu.net\/wordpress\/wp-content\/uploads\/2021\/06\/d80d78c4-d4bb-4317-8238-4958a613bc03-300x169.jpg 300w, https:\/\/www.radiopiu.net\/wordpress\/wp-content\/uploads\/2021\/06\/d80d78c4-d4bb-4317-8238-4958a613bc03-1024x576.jpg 1024w, https:\/\/www.radiopiu.net\/wordpress\/wp-content\/uploads\/2021\/06\/d80d78c4-d4bb-4317-8238-4958a613bc03-768x432.jpg 768w, https:\/\/www.radiopiu.net\/wordpress\/wp-content\/uploads\/2021\/06\/d80d78c4-d4bb-4317-8238-4958a613bc03-1536x864.jpg 1536w, https:\/\/www.radiopiu.net\/wordpress\/wp-content\/uploads\/2021\/06\/d80d78c4-d4bb-4317-8238-4958a613bc03.jpg 1920w\" sizes=\"auto, (max-width: 245px) 100vw, 245px\" \/><\/a>BELLUNO <\/strong>\u00c8 stato pubblicato sulla Gazzetta Ufficiale n. 21 del 26 gennaio 2023, il D.P.C.M. del 29 dicembre 2022 (c.d. Decreto flussi) con cui sono state fissate le quote dei lavoratori stranieri che possono fare ingresso in Italia perlavorare. Il nuovo Decreto fissa una quota massima di ingressi pari a 82.705 unit\u00e0, 44.000 delle quali riservate agli ingressi per motivi di lavoro stagionale. Le quote fissate per gli ingressi per motivi di lavoro non stagionale e autonomo sono 38.705 unit\u00e0, di cui la stragrande maggioranza (30.105 unit\u00e0) riservate agli ingressi per lavoro subordinato non stagionale nei settori dell&#8217;autotrasporto, dell&#8217;edilizia e turistico-alberghiero, nonch\u00e9, novit\u00e0 di quest&#8217;anno, della meccanica, delle telecomunicazioni, dell&#8217;alimentare e della cantieristica navale. L\u2019applicativo per la precompilazione della domanda sar\u00e0 disponibile on line fino al 22 marzo 2023. Fino al 22 marzo 2023 l\u2019applicativo \u00e8 disponibile all\u2019indirizzo <u><a href=\"https:\/\/portaleservizi.dlci.interno.it\/\">https:\/\/portaleservizi.dlci.interno.it<\/a><\/u>, con orario 08:00 \u2013 20:00 tutti i giorni della settimana, sabato e domenica compresi.<\/p>\n<p>&nbsp;<\/p>\n<p>&nbsp;<\/p>\n<hr \/>\n<p>&nbsp;<\/p>\n<p>&nbsp;<\/p>\n<blockquote>\n<h3>BYE &#8230;BYE CITTASLOW, IL COMUNE NON APRE IL PORTAFOGLIO<\/h3>\n<\/blockquote>\n<p><strong><img loading=\"lazy\" decoding=\"async\" class=\"alignleft\" src=\"https:\/\/www.radiopiu.net\/wordpress\/wp-content\/uploads\/2023\/02\/4fe0e25d-f90d-4421-bd05-7eac54b72162.jpg\" width=\"157\" height=\"118\" \/>BELLUNO<\/strong>\u00a0 Il Comune di Belluno conferma: per ora, non verser\u00e0 la quota associativa a Cittaslow International. L&#8217;uscita dall&#8217;associazione che raggruppa quasi 300 citt\u00e0 da oltre 30 nazioni diverse nel mondo era approdata nei giorni scorsi anche in consiglio comunale.<\/p>\n<p><strong>DI DANIELE DALVIT<\/strong><\/p>\n<audio class=\"wp-audio-shortcode\" id=\"audio-319790-3\" preload=\"none\" style=\"width: 100%;\" controls=\"controls\"><source type=\"audio\/mpeg\" src=\"https:\/\/www.radiopiu.net\/wordpress\/wp-content\/uploads\/2023\/02\/DANIELE-DAL-VIT-COMUNE.mp3?_=3\" \/><a href=\"https:\/\/www.radiopiu.net\/wordpress\/wp-content\/uploads\/2023\/02\/DANIELE-DAL-VIT-COMUNE.mp3\">https:\/\/www.radiopiu.net\/wordpress\/wp-content\/uploads\/2023\/02\/DANIELE-DAL-VIT-COMUNE.mp3<\/a><\/audio>\n<p>&nbsp;<\/p>\n<p>&nbsp;<\/p>\n<hr \/>\n<p>&nbsp;<\/p>\n<blockquote>\n<h3>PASTI A DOMICILIO CON IL NUOVO GRUPPO, L&#8217;INVITO A COLLABORARE<\/h3>\n<\/blockquote>\n<p>&nbsp;<\/p>\n<p><strong><img loading=\"lazy\" decoding=\"async\" class=\"alignleft\" src=\"https:\/\/www.radiopiu.net\/wordpress\/wp-content\/uploads\/2020\/09\/auser-1.jpg\" width=\"164\" height=\"75\" \/>CENCENIGHE<\/strong><\/p>\n<p><strong>GIANNI SANTOMASO<\/strong><\/p>\n<audio class=\"wp-audio-shortcode\" id=\"audio-319790-4\" preload=\"none\" style=\"width: 100%;\" controls=\"controls\"><source type=\"audio\/mpeg\" src=\"https:\/\/www.radiopiu.net\/wordpress\/wp-content\/uploads\/2023\/02\/aiuto-anziani-cencenighe.mp3?_=4\" \/><a href=\"https:\/\/www.radiopiu.net\/wordpress\/wp-content\/uploads\/2023\/02\/aiuto-anziani-cencenighe.mp3\">https:\/\/www.radiopiu.net\/wordpress\/wp-content\/uploads\/2023\/02\/aiuto-anziani-cencenighe.mp3<\/a><\/audio>\n<p>&nbsp;<\/p>\n<p>&nbsp;<\/p>\n<hr \/>\n<p>&nbsp;<\/p>\n<p>&nbsp;<\/p>\n<blockquote>\n<h3>AL VIA LA SPERIMENTAZIONE A BALDENICH E LUNGO LA SR 204 SE FAI IL BRAVO TI DICO &#8220;GRAZIE&#8221;<\/h3>\n<\/blockquote>\n<p align=\"JUSTIFY\"><span style=\"color: #222222;\"><span style=\"font-family: Arial, serif;\"><span style=\"font-size: large;\"><strong><a class=\"dt-pswp-item\" href=\"https:\/\/www.radiopiu.net\/wordpress\/wp-content\/uploads\/2023\/02\/Rilevatore.jpg\" data-dt-img-description=\"\" data-large_image_width=\"1200\" data-large_image_height=\"1599\"><img loading=\"lazy\" decoding=\"async\" class=\" wp-image-319866 alignleft\" src=\"https:\/\/www.radiopiu.net\/wordpress\/wp-content\/uploads\/2023\/02\/Rilevatore-225x300.jpg\" alt=\"\" width=\"194\" height=\"259\" srcset=\"https:\/\/www.radiopiu.net\/wordpress\/wp-content\/uploads\/2023\/02\/Rilevatore-225x300.jpg 225w, https:\/\/www.radiopiu.net\/wordpress\/wp-content\/uploads\/2023\/02\/Rilevatore-768x1023.jpg 768w, https:\/\/www.radiopiu.net\/wordpress\/wp-content\/uploads\/2023\/02\/Rilevatore-1153x1536.jpg 1153w, https:\/\/www.radiopiu.net\/wordpress\/wp-content\/uploads\/2023\/02\/Rilevatore.jpg 1200w\" sizes=\"auto, (max-width: 194px) 100vw, 194px\" \/><\/a><\/strong><\/span><\/span><\/span><strong>BELLUNO<\/strong> Doppia sperimentazione in corso in alcune delle arterie pi\u00f9 trafficate della citt\u00e0. Lungo la SR 204 (la 203 finisce al Mas) da luned\u00ec scorso sono in funzione due rilevatori auto alimentati con pannelli fotovoltaici per informare gli automobilisti sulla velocit\u00e0; sono stati installati all\u2019altezza del distributore Azzalini e poco oltre l\u2019ex Caserma dei Vigili del fuoco. \u201cL\u2019obiettivo non \u00e8 elevare multe \u2013 chiarisce subito il sindaco, Oscar De Pellegrin -, ma sensibilizzare le persone sul limite di velocit\u00e0&#8221;. Nel caso di rispetto della velocit\u00e0, sul display appare la scritta \u201cGrazie\u201d. I due dissuasori alimentati oltre a rilevare la velocit\u00e0, contano il numero dei mezzi in transito. L\u2019altra sperimentazione ha preso il via questa mattina alle 9.30 al semaforo di Baldenich. L\u2019ordinanza del 19 ottobre scorso, con la quale l\u2019amministrazione stabiliva un un funzionamento a fasce orario del semaforo, \u00e8 stata integrata nei giorni scorsi per favorire i pedoni e ora la sperimentazione \u00e8 potuta partire. \u201cAnche quando il semaforo sar\u00e0 a luci gialle lampeggianti, il pedone potr\u00e0 prenotare la chiamata e ottenere il funzionamento per il tempo necessario all\u2019attraversamento spiega il comandante della polizia locale, Roberto Rossetti.\u00a0 Il semaforo sar\u00e0 funzionante con le tre fasi di luci accese per veicoli e pedoni nei giorni feriali dalle 7.30 alle 9, dalle 12 alle 13.30, dalle 17.30 alle 19. Per il resto del tempo funzioner\u00e0 a luci gialle lampeggianti. La sperimentazione avr\u00e0 una durata di sei mesi.<\/p>\n<p><strong>IL SINDACO OSCAR DE PELLEGRIN<\/strong><\/p>\n<p><iframe loading=\"lazy\" title=\"IMG 0125\" width=\"1200\" height=\"675\" src=\"https:\/\/www.youtube.com\/embed\/0GkkJQv5R1w?feature=oembed\" frameborder=\"0\" allow=\"accelerometer; autoplay; clipboard-write; encrypted-media; gyroscope; picture-in-picture; web-share\" allowfullscreen><\/iframe><\/p>\n<p>&nbsp;<\/p>\n<hr \/>\n<p>&nbsp;<\/p>\n<p>&nbsp;<\/p>\n<blockquote>\n<h3>QUARTA MULTA ANNULLATA ALL&#8217;AUTOVELOX DI ARSIE&#8217;<\/h3>\n<\/blockquote>\n<p><strong><img loading=\"lazy\" decoding=\"async\" class=\"alignleft\" src=\"https:\/\/www.radiopiu.net\/wordpress\/wp-content\/uploads\/2023\/02\/Senza-nome-3.jpg\" width=\"294\" height=\"173\" \/>ARSIE<\/strong> Sono quattro le multe annullate dal giudice di pace per l&#8217;autovelox di Arsi\u00e8. Quello che ieri il sito Altvelox.it contestava perch\u00e9 non si vedrebbe, lungo la statale 50 del Grappa e passo Rolle. Lo scorso agosto un automobilista ha superato il limite di 12,60 chilometri orari e sostiene di non aver visto il misuratore di velocit\u00e0 il magistrato onorario ha aggiunto una questione mai sollevata e che potrebbe fare giurisprudenza. Si legge nella sentenza, al di l\u00e0 della questione su approvazione e omologazione: <em>\u00abIn materia di apparecchi che consentono il rilevamento automatico della velocit\u00e0 in assenza di contestazione immediata, si deve ritenere prevalente l&#8217;esigenza di garantire che i prototipi degli stessi, prima di essere commercializzati e posti concretamente in uso, siano stati sottoposti a precise verifiche tecniche e ad esami di laboratorio che ne attestino precisione ed affidabilit\u00e0, a mezzo della comparazione con precisi parametri che, in eventuale assenza di direttive europee, devono essere necessariamente fissati dal ministero competente, al fine di non lasciare alle decisioni di singoli scelte che possono avere importanti valenze economiche, inerendo interessi commerciali privati riconducibili alle singole aziende produttrici\u00bb.<\/em><\/p>\n<p>&nbsp;<\/p>\n<hr \/>\n<p>&nbsp;<\/p>\n<p><strong>DI TIZIANO DE COL<\/strong><\/p>\n\n\t\t\t<style type='text\/css'>\n\t\t\t\t#gallery-3 {\n\t\t\t\t\tmargin: auto;\n\t\t\t\t}\n\t\t\t\t#gallery-3 .gallery-item {\n\t\t\t\t\tfloat: left;\n\t\t\t\t\tmargin-top: 10px;\n\t\t\t\t\ttext-align: center;\n\t\t\t\t\twidth: 20%;\n\t\t\t\t}\n\t\t\t\t#gallery-3 img {\n\t\t\t\t\tborder: 2px solid #cfcfcf;\n\t\t\t\t}\n\t\t\t\t#gallery-3 .gallery-caption {\n\t\t\t\t\tmargin-left: 0;\n\t\t\t\t}\n\t\t\t\t\/* see gallery_shortcode() in wp-includes\/media.php *\/\n\t\t\t<\/style>\n\t\t<div id='gallery-3' class='dt-gallery-container gallery galleryid-319790 gallery-columns-5 gallery-size-medium'><dl class='gallery-item'>\n\t\t\t\t<dt class='gallery-icon landscape'>\n\t\t\t\t\t<a class=\"rollover rollover-zoom dt-pswp-item\" title=\"4bad4f95-e9ae-4647-9aba-e0450d863e07\" data-dt-img-description=\"\" data-large_image_width=\"590\" data-large_image_height=\"366\"href='https:\/\/www.radiopiu.net\/wordpress\/wp-content\/uploads\/2023\/02\/4bad4f95-e9ae-4647-9aba-e0450d863e07.jpg'><img loading=\"lazy\" decoding=\"async\" width=\"300\" height=\"186\" src=\"https:\/\/www.radiopiu.net\/wordpress\/wp-content\/uploads\/2023\/02\/4bad4f95-e9ae-4647-9aba-e0450d863e07-300x186.jpg\" class=\"attachment-medium size-medium\" alt=\"\" srcset=\"https:\/\/www.radiopiu.net\/wordpress\/wp-content\/uploads\/2023\/02\/4bad4f95-e9ae-4647-9aba-e0450d863e07-300x186.jpg 300w, https:\/\/www.radiopiu.net\/wordpress\/wp-content\/uploads\/2023\/02\/4bad4f95-e9ae-4647-9aba-e0450d863e07.jpg 590w\" sizes=\"auto, (max-width: 300px) 100vw, 300px\" \/><\/a>\n\t\t\t\t<\/dt><\/dl><dl class='gallery-item'>\n\t\t\t\t<dt class='gallery-icon landscape'>\n\t\t\t\t\t<a class=\"rollover rollover-zoom dt-pswp-item\" title=\"a0721de7-44d0-4721-9505-2e206b7ac3a3\" data-dt-img-description=\"\" data-large_image_width=\"598\" data-large_image_height=\"370\"href='https:\/\/www.radiopiu.net\/wordpress\/wp-content\/uploads\/2023\/02\/a0721de7-44d0-4721-9505-2e206b7ac3a3.jpg'><img loading=\"lazy\" decoding=\"async\" width=\"300\" height=\"186\" src=\"https:\/\/www.radiopiu.net\/wordpress\/wp-content\/uploads\/2023\/02\/a0721de7-44d0-4721-9505-2e206b7ac3a3-300x186.jpg\" class=\"attachment-medium size-medium\" alt=\"\" srcset=\"https:\/\/www.radiopiu.net\/wordpress\/wp-content\/uploads\/2023\/02\/a0721de7-44d0-4721-9505-2e206b7ac3a3-300x186.jpg 300w, https:\/\/www.radiopiu.net\/wordpress\/wp-content\/uploads\/2023\/02\/a0721de7-44d0-4721-9505-2e206b7ac3a3.jpg 598w\" sizes=\"auto, (max-width: 300px) 100vw, 300px\" \/><\/a>\n\t\t\t\t<\/dt><\/dl><dl class='gallery-item'>\n\t\t\t\t<dt class='gallery-icon landscape'>\n\t\t\t\t\t<a class=\"rollover rollover-zoom dt-pswp-item\" title=\"4a8b251a-68b0-4e5e-b240-4c0419d6f987\" data-dt-img-description=\"\" data-large_image_width=\"604\" data-large_image_height=\"355\"href='https:\/\/www.radiopiu.net\/wordpress\/wp-content\/uploads\/2023\/02\/4a8b251a-68b0-4e5e-b240-4c0419d6f987.jpg'><img loading=\"lazy\" decoding=\"async\" width=\"300\" height=\"176\" src=\"https:\/\/www.radiopiu.net\/wordpress\/wp-content\/uploads\/2023\/02\/4a8b251a-68b0-4e5e-b240-4c0419d6f987-300x176.jpg\" class=\"attachment-medium size-medium\" alt=\"\" srcset=\"https:\/\/www.radiopiu.net\/wordpress\/wp-content\/uploads\/2023\/02\/4a8b251a-68b0-4e5e-b240-4c0419d6f987-300x176.jpg 300w, https:\/\/www.radiopiu.net\/wordpress\/wp-content\/uploads\/2023\/02\/4a8b251a-68b0-4e5e-b240-4c0419d6f987.jpg 604w\" sizes=\"auto, (max-width: 300px) 100vw, 300px\" \/><\/a>\n\t\t\t\t<\/dt><\/dl><dl class='gallery-item'>\n\t\t\t\t<dt class='gallery-icon landscape'>\n\t\t\t\t\t<a class=\"rollover rollover-zoom dt-pswp-item\" title=\"12b6cde9-2f30-4ba6-ad87-54705fcecf39\" data-dt-img-description=\"\" data-large_image_width=\"606\" data-large_image_height=\"356\"href='https:\/\/www.radiopiu.net\/wordpress\/wp-content\/uploads\/2023\/02\/12b6cde9-2f30-4ba6-ad87-54705fcecf39.jpg'><img loading=\"lazy\" decoding=\"async\" width=\"300\" height=\"176\" src=\"https:\/\/www.radiopiu.net\/wordpress\/wp-content\/uploads\/2023\/02\/12b6cde9-2f30-4ba6-ad87-54705fcecf39-300x176.jpg\" class=\"attachment-medium size-medium\" alt=\"\" srcset=\"https:\/\/www.radiopiu.net\/wordpress\/wp-content\/uploads\/2023\/02\/12b6cde9-2f30-4ba6-ad87-54705fcecf39-300x176.jpg 300w, https:\/\/www.radiopiu.net\/wordpress\/wp-content\/uploads\/2023\/02\/12b6cde9-2f30-4ba6-ad87-54705fcecf39.jpg 606w\" sizes=\"auto, (max-width: 300px) 100vw, 300px\" \/><\/a>\n\t\t\t\t<\/dt><\/dl><dl class='gallery-item'>\n\t\t\t\t<dt class='gallery-icon landscape'>\n\t\t\t\t\t<a class=\"rollover rollover-zoom dt-pswp-item\" title=\"7008ad63-5abc-46df-907e-a2bf36b35d4d\" data-dt-img-description=\"\" data-large_image_width=\"598\" data-large_image_height=\"358\"href='https:\/\/www.radiopiu.net\/wordpress\/wp-content\/uploads\/2023\/02\/7008ad63-5abc-46df-907e-a2bf36b35d4d.jpg'><img loading=\"lazy\" decoding=\"async\" width=\"300\" height=\"180\" src=\"https:\/\/www.radiopiu.net\/wordpress\/wp-content\/uploads\/2023\/02\/7008ad63-5abc-46df-907e-a2bf36b35d4d-300x180.jpg\" class=\"attachment-medium size-medium\" alt=\"\" srcset=\"https:\/\/www.radiopiu.net\/wordpress\/wp-content\/uploads\/2023\/02\/7008ad63-5abc-46df-907e-a2bf36b35d4d-300x180.jpg 300w, https:\/\/www.radiopiu.net\/wordpress\/wp-content\/uploads\/2023\/02\/7008ad63-5abc-46df-907e-a2bf36b35d4d.jpg 598w\" sizes=\"auto, (max-width: 300px) 100vw, 300px\" \/><\/a>\n\t\t\t\t<\/dt><\/dl><br style=\"clear: both\" \/>\n\t\t\t<\/div>\n\n<p>&nbsp;<\/p>\n<hr \/>\n<p>&nbsp;<\/p>\n<p>&nbsp;<\/p>\n<p>&nbsp;<\/p>\n<h2><span style=\"color: #008000;\">CISL, LA VOCE PER I LAVORATORI<\/span><\/h2>\n<p><strong><a class=\"dt-pswp-item\" href=\"https:\/\/www.radiopiu.net\/wordpress\/wp-content\/uploads\/2023\/01\/310925824_1322374345268496_2797431522410983660_n.jpg\" data-dt-img-description=\"\" data-large_image_width=\"640\" data-large_image_height=\"640\"><img loading=\"lazy\" decoding=\"async\" class=\"wp-image-319815 alignleft\" src=\"https:\/\/www.radiopiu.net\/wordpress\/wp-content\/uploads\/2023\/01\/310925824_1322374345268496_2797431522410983660_n-300x300.jpg\" alt=\"\" width=\"155\" height=\"155\" srcset=\"https:\/\/www.radiopiu.net\/wordpress\/wp-content\/uploads\/2023\/01\/310925824_1322374345268496_2797431522410983660_n-300x300.jpg 300w, https:\/\/www.radiopiu.net\/wordpress\/wp-content\/uploads\/2023\/01\/310925824_1322374345268496_2797431522410983660_n-150x150.jpg 150w, https:\/\/www.radiopiu.net\/wordpress\/wp-content\/uploads\/2023\/01\/310925824_1322374345268496_2797431522410983660_n.jpg 640w\" sizes=\"auto, (max-width: 155px) 100vw, 155px\" \/><\/a>di Mirko Mezzacasa<\/strong><\/p>\n<p>OSPITE:\u00a0 \u00a0Emanuela De Fina Cisl Belluno_Treviso<\/p>\n<audio class=\"wp-audio-shortcode\" id=\"audio-319790-5\" preload=\"none\" style=\"width: 100%;\" controls=\"controls\"><source type=\"audio\/mpeg\" src=\"https:\/\/www.radiopiu.net\/wordpress\/wp-content\/uploads\/2023\/01\/FEMCA-CISL-2.mp3?_=5\" \/><a href=\"https:\/\/www.radiopiu.net\/wordpress\/wp-content\/uploads\/2023\/01\/FEMCA-CISL-2.mp3\">https:\/\/www.radiopiu.net\/wordpress\/wp-content\/uploads\/2023\/01\/FEMCA-CISL-2.mp3<\/a><\/audio>\n<p>&nbsp;<\/p>\n<p>&nbsp;<\/p>\n<hr \/>\n<p>&nbsp;<\/p>\n<h2><span style=\"color: #ff00ff;\"><a class=\"dt-pswp-item\" href=\"https:\/\/www.radiopiu.net\/wordpress\/wp-content\/uploads\/2022\/11\/scuola-zaino.jpeg\" data-dt-img-description=\"\" data-large_image_width=\"626\" data-large_image_height=\"417\"><img loading=\"lazy\" decoding=\"async\" class=\" wp-image-306830 alignleft\" src=\"https:\/\/www.radiopiu.net\/wordpress\/wp-content\/uploads\/2022\/11\/scuola-zaino-300x200.jpeg\" alt=\"\" width=\"159\" height=\"106\" srcset=\"https:\/\/www.radiopiu.net\/wordpress\/wp-content\/uploads\/2022\/11\/scuola-zaino-300x200.jpeg 300w, https:\/\/www.radiopiu.net\/wordpress\/wp-content\/uploads\/2022\/11\/scuola-zaino.jpeg 626w\" sizes=\"auto, (max-width: 159px) 100vw, 159px\" \/><\/a>SE NON LA SMETTI TI MANDO DAL PRESIDE<\/span><\/h2>\n<p><strong>di Mirko Mezzacasa<\/strong><\/p>\n<p>Con Maria Rosa Salmazo<\/p>\n<audio class=\"wp-audio-shortcode\" id=\"audio-319790-6\" preload=\"none\" style=\"width: 100%;\" controls=\"controls\"><source type=\"audio\/mpeg\" src=\"https:\/\/www.radiopiu.net\/wordpress\/wp-content\/uploads\/2023\/02\/SE-NON-LE-SMETTI-14-PUNTATA.mp3?_=6\" \/><a href=\"https:\/\/www.radiopiu.net\/wordpress\/wp-content\/uploads\/2023\/02\/SE-NON-LE-SMETTI-14-PUNTATA.mp3\">https:\/\/www.radiopiu.net\/wordpress\/wp-content\/uploads\/2023\/02\/SE-NON-LE-SMETTI-14-PUNTATA.mp3<\/a><\/audio>\n<p>&nbsp;<\/p>\n<hr \/>\n<p>&nbsp;<\/p>\n<p>&nbsp;<\/p>\n<h3><a class=\"dt-pswp-item\" href=\"https:\/\/www.radiopiu.net\/wordpress\/wp-content\/uploads\/2023\/02\/f77ab45a-cc26-4bdb-b768-521645788773.jpg\" data-dt-img-description=\"\" data-large_image_width=\"1118\" data-large_image_height=\"833\"><img loading=\"lazy\" decoding=\"async\" class=\"wp-image-319993 alignleft\" src=\"https:\/\/www.radiopiu.net\/wordpress\/wp-content\/uploads\/2023\/02\/f77ab45a-cc26-4bdb-b768-521645788773-300x224.jpg\" alt=\"\" width=\"202\" height=\"151\" srcset=\"https:\/\/www.radiopiu.net\/wordpress\/wp-content\/uploads\/2023\/02\/f77ab45a-cc26-4bdb-b768-521645788773-300x224.jpg 300w, https:\/\/www.radiopiu.net\/wordpress\/wp-content\/uploads\/2023\/02\/f77ab45a-cc26-4bdb-b768-521645788773-1024x763.jpg 1024w, https:\/\/www.radiopiu.net\/wordpress\/wp-content\/uploads\/2023\/02\/f77ab45a-cc26-4bdb-b768-521645788773-768x572.jpg 768w, https:\/\/www.radiopiu.net\/wordpress\/wp-content\/uploads\/2023\/02\/f77ab45a-cc26-4bdb-b768-521645788773.jpg 1118w\" sizes=\"auto, (max-width: 202px) 100vw, 202px\" \/><\/a>IL BOLIDE, INQUADRATO AD AGORDO. DIREZIONE FELTRINO<\/h3>\n<h3>AGORDO<\/h3>\n<h3>GIANNI SANTOMASO<\/h3>\n<audio class=\"wp-audio-shortcode\" id=\"audio-319790-7\" preload=\"none\" style=\"width: 100%;\" controls=\"controls\"><source type=\"audio\/mpeg\" src=\"https:\/\/www.radiopiu.net\/wordpress\/wp-content\/uploads\/2023\/02\/bolide-gianni.mp3?_=7\" \/><a href=\"https:\/\/www.radiopiu.net\/wordpress\/wp-content\/uploads\/2023\/02\/bolide-gianni.mp3\">https:\/\/www.radiopiu.net\/wordpress\/wp-content\/uploads\/2023\/02\/bolide-gianni.mp3<\/a><\/audio>\n<p>&nbsp;<\/p>\n<p>&nbsp;<\/p>\n<hr \/>\n<p>&nbsp;<\/p>\n<p>&nbsp;<\/p>\n<blockquote>\n<h3>PATTO PER LA BELLEZZA, COINVOLTE 2500 IMPRESE ARTIGIANE BELLUNESI<\/h3>\n<\/blockquote>\n<p><strong><a class=\"dt-pswp-item\" href=\"https:\/\/www.radiopiu.net\/wordpress\/wp-content\/uploads\/2023\/02\/20230201_da_sx_Claudia_Scarzanella_Isabella_Collalto.jpg\" data-dt-img-description=\"\" data-large_image_width=\"1600\" data-large_image_height=\"1200\"><img loading=\"lazy\" decoding=\"async\" class=\"size-medium wp-image-319920 alignleft\" src=\"https:\/\/www.radiopiu.net\/wordpress\/wp-content\/uploads\/2023\/02\/20230201_da_sx_Claudia_Scarzanella_Isabella_Collalto-300x225.jpg\" alt=\"\" width=\"300\" height=\"225\" srcset=\"https:\/\/www.radiopiu.net\/wordpress\/wp-content\/uploads\/2023\/02\/20230201_da_sx_Claudia_Scarzanella_Isabella_Collalto-300x225.jpg 300w, https:\/\/www.radiopiu.net\/wordpress\/wp-content\/uploads\/2023\/02\/20230201_da_sx_Claudia_Scarzanella_Isabella_Collalto-1024x768.jpg 1024w, https:\/\/www.radiopiu.net\/wordpress\/wp-content\/uploads\/2023\/02\/20230201_da_sx_Claudia_Scarzanella_Isabella_Collalto-768x576.jpg 768w, https:\/\/www.radiopiu.net\/wordpress\/wp-content\/uploads\/2023\/02\/20230201_da_sx_Claudia_Scarzanella_Isabella_Collalto-1536x1152.jpg 1536w, https:\/\/www.radiopiu.net\/wordpress\/wp-content\/uploads\/2023\/02\/20230201_da_sx_Claudia_Scarzanella_Isabella_Collalto.jpg 1600w\" sizes=\"auto, (max-width: 300px) 100vw, 300px\" \/><\/a>BELLUNO<\/strong> Confartigianato Imprese Veneto e l\u2019Associazione per le Ville Venete hanno sottoscritto a Susegana un Protocollo d\u2019Intesa che impegna le due associazioni a una collaborazione con l\u2019obiettivo di unire le forze per difendere e valorizzare gli scrigni di arte e cultura rappresentati dalle dimore nobili della campagna veneta. Un patto per la bellezza, come \u00e8 stato definito, che segna il legame profondo tra antichi mestieri e luoghi di inestimabile valore culturale, storico, architettonico e paesaggistico.\u00a0 Le Ville Venete rappresentano uno dei pi\u00f9 vasti e importanti patrimoni storico-culturali e paesaggistici esistenti al mondo. Straordinarie architetture, interni sontuosi con oltre 500 cicli di affreschi, arredi e collezioni d\u2019arte di grande rilievo. Sono dimore appartenute, e che in molti casi ancora appartengono, alle famiglie venete che hanno fatto grande la Repubblica Serenissima. Si tratta di un patrimonio immenso: oltre quattromila ville distribuite nell\u201985% in Veneto e per il 15% in Friuli-Venezia Giulia. L&#8217;Associazione per le Ville Venete dal 1979 \u00e8 l&#8217;ente di riferimento dei proprietari delle Ville. Oggi dialoga e supporta continuativamente oltre 1100 Ville. Secondo le stime dell\u2019Ufficio studi di Confartigianato Imprese Veneto, sono oltre 65mila le imprese artigiane potenzialmente interessate dal Protocollo d\u2019Intesa.<em> \u201cDi queste, 2.523 si trovano in provincia di Belluno\u201d spiega la presidente Scarzanella. \u201cLa maggior parte rientra nel settore dell\u2019edilizia e dell\u2019impiantistica, ma sono rappresentati anche il legno-arredo, la moda, il benessere e l\u2019alimentazione, comparti che trovano nell\u2019espressione artistica e di bellezza un habitat ideale di sviluppo\u201d.<\/em><\/p>\n<p>&nbsp;<\/p>\n<hr \/>\n<p>&nbsp;<\/p>\n<blockquote>\n<h3>TARGA A DIVISA UFFICIALE PER IL &#8220;LIEVITISTA&#8221; OMAR POZZEBON<\/h3>\n<\/blockquote>\n<blockquote><p><em>\u00a0Dal diploma all\u2019IPSSAR di Falcade a Giovane Lievitista dell&#8217;Accademia Maestri del Lievito Madre e del Panettone Italiano .<\/em><\/p><\/blockquote>\n<p><a class=\"dt-pswp-item\" href=\"https:\/\/www.radiopiu.net\/wordpress\/wp-content\/uploads\/2023\/02\/WhatsApp-Image-2023-01-31-at-19.01.08.jpeg\" data-dt-img-description=\"\" data-large_image_width=\"1536\" data-large_image_height=\"2048\"><img loading=\"lazy\" decoding=\"async\" class=\"size-medium wp-image-319994 alignleft\" src=\"https:\/\/www.radiopiu.net\/wordpress\/wp-content\/uploads\/2023\/02\/WhatsApp-Image-2023-01-31-at-19.01.08-225x300.jpeg\" alt=\"\" width=\"225\" height=\"300\" srcset=\"https:\/\/www.radiopiu.net\/wordpress\/wp-content\/uploads\/2023\/02\/WhatsApp-Image-2023-01-31-at-19.01.08-225x300.jpeg 225w, https:\/\/www.radiopiu.net\/wordpress\/wp-content\/uploads\/2023\/02\/WhatsApp-Image-2023-01-31-at-19.01.08-768x1024.jpeg 768w, https:\/\/www.radiopiu.net\/wordpress\/wp-content\/uploads\/2023\/02\/WhatsApp-Image-2023-01-31-at-19.01.08-1152x1536.jpeg 1152w, https:\/\/www.radiopiu.net\/wordpress\/wp-content\/uploads\/2023\/02\/WhatsApp-Image-2023-01-31-at-19.01.08.jpeg 1536w\" sizes=\"auto, (max-width: 225px) 100vw, 225px\" \/><\/a><strong>FALCADE <\/strong>Omar Pozzebon classe 1995 di Falcade domenica 22 gennaio in occasione del SIGEP di Rimini -Salone Internazionale Gelateria Pasticceria Panificazione \u2013 ha ricevuto targa e divisa ufficiale che ne certificano l\u2019appartenenza alla Sezione Giovani Lievitisti della prestigiosa Accademia (www.accademialievitomadrepanettoneitaliano.it). La sezione Giovani Lievitisti dell&#8217;Accademia Maestri del Lievito Madre e del Panettone Italiano rappresenta i futuri custodi del Lievito Madre fresco e del panettone. Il progetto nasce dall&#8217;importanza di diffondere, trasmettere e fornire alle nuove generazioni le conoscenze necessarie per gestire a 360\u00b0 il lievito madre e la produzione del panettone italiano. La sezione giovani \u00e8 parte integrante dell&#8217;Accademia e accoglie associati di et\u00e0 compresa tra i 18 e i 30 anni solo dopo il parere dei Maestri i quali valuteranno scrupolosamente curriculum, motivazioni e obbiettivi dei candidati. Omar dopo il diploma ha frequentato un corso di alta formazione della durata di 8 mesi presso CAST ALIMENTI -Scuola di Cucina e dei mestieri del Gusto di Brescia fondata dal Maestro Iginio Massari per poi iniziare la sua esperienza lavorativa come Pasticcere in vari Hotel e Ristoranti della vicina Alta Badia come L\u2019Hotel Fanes e il Ristorante stellato \u201cLa Siriola\u201d di San Cassiano (BZ), passando per Merano all\u2019 Hotel Castel Fragsburg, struttura ricettiva di lusso facente parte dell\u2019associazione Relais &amp; Chateau, e all\u2019Hotel Arnika sul passo S.Pellegrino (TN). Negli ultimi anni Omar \u00e8 tornato nelle sue zone native lavorando per lo pi\u00f9 negli alberghi e ristoranti di Falcade, trovando cos\u00ec il modo di dedicare del tempo alla sua famiglia senza mai per\u00f2 tralasciare lo studio e la continua sperimentazione in pasticceria, questo lo ha portato a raggiungere l\u2019ennesimo traguardo che sar\u00e0 fondamentale per continuare a coltivare la sua passione nonch\u00e9 per la sua carriera.<\/p>\n<p><strong>IL RACCONTO DI OMAR<\/strong><br \/>\n<em>\u00abDomenica per me \u00e8 stata una giornata davvero emozionante, dopo anni di lavoro, studio e sacrifici ho raggiunto un traguardo che desideravo da tempo: fare parte dell\u2019Accademia dei MLM. Al momento della consegna della divisa i Maestri mi hanno accolto molto calorosamente quasi come fossi gi\u00e0 \u201cuno di loro\u201d. E\u2019 stato gratificante essere li al loro fianco, al fianco di chi \u00e8 stato per anni il mio punto di riferimento. Adesso inizio questa nuova esperienza in Accademia ricca di studio, formazione e confronto, la quale sicuramente mi sar\u00e0 d\u2019aiuto per realizzare i miei obbiettivi futuri. Vedo tutto questo non come un traguardo ma bens\u00ec come un punto di partenza per crescere e migliorarmi ulteriormente e per riportare l\u2019antica arte del lievito madre nelle mie zone.<\/em><br \/>\n<em>Approfitto dell\u2019occasione per ringraziare chi in questi anni non ha mai smesso di supportarmi e di credere in me, iniziando dalla mia compagna Vanessa con le mie figlie Melanie e Noemi le quali mi hanno sempre sostenuto e appoggiato nelle mie scelte; i miei genitori e la mia famiglia per tutto quello che hanno fatto per me negli anni; William Da Roit del panificio \u201cEl Forner\u201d di la Valle Agordina per avermi trasmesso la sua infinita passione per il pane e a tutti i miei datori di lavoro i quali hanno continuato a darmi fiducia negli anni. Un ringraziamento speciale va all\u2019 &#8216;Accademia Maestri del Lievito Madre e del Panettone Italiano\u00a0 per avermi dato la possibilit\u00e0 di partecipare a questo prestigioso e importante progetto.\u00bb<\/em><\/p>\n<p>&nbsp;<\/p>\n<p>&nbsp;<\/p>\n<hr \/>\n<p>&nbsp;<\/p>\n<p>&nbsp;<\/p>\n<blockquote>\n<h3>SUBITO DOPO VAIA (OTTOBRE 2018) PARTIRONO I LAVORI DI SOMMA URGENZA SUL TERRITORIO<\/h3>\n<\/blockquote>\n<div class=\"x1cy8zhl x78zum5 xdt5ytf x193iq5w x1n2onr6\">\n<div class=\"x78zum5 xh8yej3\" role=\"none\">\n<div class=\"x1tlxs6b x1g8br2z x1gn5b1j x230xth x14ctfv x1okitfd x6ikm8r x10wlt62 x1mzt3pk x1y1aw1k xn6708d xwib8y2 x1ye3gou x1n2onr6 x13faqbe x1vjfegm\" role=\"none\">\n<div class=\"x9f619 x1n2onr6 x1ja2u2z __fb-light-mode\" role=\"none\">\n<div dir=\"auto\" role=\"none\"><strong>di RENATO BONA<\/strong><\/div>\n<div dir=\"auto\" role=\"none\"><\/div>\n<div class=\"x6prxxf x1fc57z9 x1yc453h x126k92a xzsf02u\" dir=\"auto\" role=\"none\">Oggi in particolare si ricorda la drammatica situazione che si verific\u00f2 nell\u2019Agordino Il libro \u201cTempesta Vaia. Cronaca di una tragedia\u201d di Federica Broglio, edito a fine 2022 con Artegrafica di Casale sul Sile, per iniziativa di Regione Veneto e Veneto Strade, dopo i disastri provocati da Vaia (il drammatico evento dell\u2019ottobre 2018) apre col presidente della Regione, Luca Zaia il quale, in buona sostanza ha tenuto ad evidenziare il fatto che \u201cVaia non ha scalfito la centralit\u00e0 del territorio montano\u201d. Ospita quindi il capitolo \u201cPartono i lavori di somma urgenza\u201d in cui con numerose splendide immagini si descrivono in sintesi i vari interventi eseguiti sul territorio. Apre la serie la strada regionale 203 \u201cAgordina\u201d definita \u201cstrada strategica tra le Dolomiti, che rappresenta per il Bellunese un asse viario strategico: attraversa l\u2019Agordino, un\u2019area che comprende 16 realt\u00e0 comunali ed ha una estensione di oltre 65 mila ettari. Inizia a Sedico e, risalendo il torrente Cordevole, percorre il territorio del Parco nazionale Dolomiti Bellunesi che nel 2009 \u00e8 stato dichiarato patrimonio mondiale dell\u2019umanit\u00e0 dell\u2019Unesco. Raggiunge Agordo dove interseca la provinciale 347 dei passi Cereda e Duran e prosegue salendo verso Cencenighe ed Alleghe giungendo a Caprile, per risalire fra curve e tornanti fino al Bivio di Cernadoi in comune di Livinallongo del Col di Lana. Il tratto \u00e8 lungo oltre 60 chilometri. Costeggiato da rocce montuose, per frequenti frane e cadute di massi \u00e8 stato pi\u00f9 volte sottoposto a chiusure. In passato si trattava di una statale che dalla fine del 2001 \u00e8 passata alla gestione dell\u2019Anas e dal 20 dicembre 2002 a quella della Veneto Strade spa. Il vecchio tracciato \u00e8 stato oggetto di modifiche s varianti, compresa la galleria dei Castei presso il ponte del Torner \u201cche evita una gola stretta tra le montagne che prima era percorsa con molti rischi per i viaggiatori e la galleria del Ponte del Cristo che ha consentito di evitare il precedente passaggio sotto le rocce sporgenti\u201d. L\u2019alluvione del novembre 1966 prov\u00f2 inequivocabilmente che \u201cla strada non poteva pi\u00f9 costeggiare cos\u00ec da vicino il Cordevole\u201d e dunque venne spostata pi\u00f9 verso la montagna; anche in questo caso tuttavia, \u201cle frane ne evidenziarono le criticit\u00e0\u201d. Risale al 2007 e si deve all\u2019opera di Veneto Strade l\u2019inaugurazione della nuova galleria (1604 metri) che da Listolade giunge a Cencenighe. Resta da dire che Vaia ha provocato grandissimi danni e si sono resi necessari \u201cnumerosi interventi urgenti per ripristinare quanto prima la viabilit\u00e0 e non lasciare isolati interi comuni\u201d. Nel libro c\u2019\u00e8 spazio anche per la \u201cLocalit\u00e0 Candaten\u201d la cui strada \u201cha subito un\u2019erosione del ciglio di valle molto pericolosa, tale da richiedere un intervento immediato al fine di scongiurare l\u2019interruzione della viabilit\u00e0, vista la particolare importanza dell\u2019arteria, sia per il collegamento con tutto l\u2019alto Agordino, sia perch\u00e9 rappresenta l\u2019unica via di accesso per eventuali soccorsi dell\u2019intera vallata\u201d. Nella localit\u00e0 \u201cLe Campe\u201d l\u2019intervento di Veneto Strade ha riguardato la riduzione del rischio di erosione del ciglio di valle necessario per la stabilit\u00e0 del versante e garantire il ripristino della circolazione dato che si era creata un\u2019erosione profonda della scarpata con ribaltamento dei muri di argine. Per quanto riguarda Cencenighe si \u00e8 registrato fra l\u2019altro \u201cuno scalzamento del muro di valle che ha provocato un cedimento del piano viabile che ha comportato il consolidamento della parte in elevazione e la fondazione dello stesso con ripristino del piano viabile. Concludiamo questo secondo servizio sottolineando l\u2019importante ripristino di barriere paramassi dopo che lungo la viabilit\u00e0 della strada regionale \u201csi sono innescate numerose colate detritiche e schianti di piante che impattando sulle barriere in versante ne hanno compromesso la funzionalit\u00e0 provocando grave pericolo per la circolazione stradale. Le varie opere risultavano ultimate gi\u00e0 nell\u2019aprile 2019.<\/div>\n<div dir=\"auto\" role=\"none\">\n\n\t\t\t<style type='text\/css'>\n\t\t\t\t#gallery-4 {\n\t\t\t\t\tmargin: auto;\n\t\t\t\t}\n\t\t\t\t#gallery-4 .gallery-item {\n\t\t\t\t\tfloat: left;\n\t\t\t\t\tmargin-top: 10px;\n\t\t\t\t\ttext-align: center;\n\t\t\t\t\twidth: 20%;\n\t\t\t\t}\n\t\t\t\t#gallery-4 img {\n\t\t\t\t\tborder: 2px solid #cfcfcf;\n\t\t\t\t}\n\t\t\t\t#gallery-4 .gallery-caption {\n\t\t\t\t\tmargin-left: 0;\n\t\t\t\t}\n\t\t\t\t\/* see gallery_shortcode() in wp-includes\/media.php *\/\n\t\t\t<\/style>\n\t\t<div id='gallery-4' class='dt-gallery-container gallery galleryid-319790 gallery-columns-5 gallery-size-thumbnail'><dl class='gallery-item'>\n\t\t\t\t<dt class='gallery-icon landscape'>\n\t\t\t\t\t<a class=\"rollover rollover-zoom dt-pswp-item\" title=\"325472859_702241388092236_2761501790780049064_n\" data-dt-img-description=\"\" data-large_image_width=\"666\" data-large_image_height=\"206\"href='https:\/\/www.radiopiu.net\/wordpress\/wp-content\/uploads\/2023\/02\/325472859_702241388092236_2761501790780049064_n.jpg'><img loading=\"lazy\" decoding=\"async\" width=\"150\" height=\"150\" src=\"https:\/\/www.radiopiu.net\/wordpress\/wp-content\/uploads\/2023\/02\/325472859_702241388092236_2761501790780049064_n-150x150.jpg\" class=\"attachment-thumbnail size-thumbnail\" alt=\"\" \/><\/a>\n\t\t\t\t<\/dt><\/dl><dl class='gallery-item'>\n\t\t\t\t<dt class='gallery-icon landscape'>\n\t\t\t\t\t<a class=\"rollover rollover-zoom dt-pswp-item\" title=\"326515823_725674822236219_645952235784747917_n\" data-dt-img-description=\"\" data-large_image_width=\"522\" data-large_image_height=\"206\"href='https:\/\/www.radiopiu.net\/wordpress\/wp-content\/uploads\/2023\/02\/326515823_725674822236219_645952235784747917_n.jpg'><img loading=\"lazy\" decoding=\"async\" width=\"150\" height=\"150\" src=\"https:\/\/www.radiopiu.net\/wordpress\/wp-content\/uploads\/2023\/02\/326515823_725674822236219_645952235784747917_n-150x150.jpg\" class=\"attachment-thumbnail size-thumbnail\" alt=\"\" \/><\/a>\n\t\t\t\t<\/dt><\/dl><dl class='gallery-item'>\n\t\t\t\t<dt class='gallery-icon landscape'>\n\t\t\t\t\t<a class=\"rollover rollover-zoom dt-pswp-item\" title=\"327006665_780331473424864_2417388195406897962_n\" data-dt-img-description=\"\" data-large_image_width=\"417\" data-large_image_height=\"202\"href='https:\/\/www.radiopiu.net\/wordpress\/wp-content\/uploads\/2023\/02\/327006665_780331473424864_2417388195406897962_n.jpg'><img loading=\"lazy\" decoding=\"async\" width=\"150\" height=\"150\" src=\"https:\/\/www.radiopiu.net\/wordpress\/wp-content\/uploads\/2023\/02\/327006665_780331473424864_2417388195406897962_n-150x150.jpg\" class=\"attachment-thumbnail size-thumbnail\" alt=\"\" \/><\/a>\n\t\t\t\t<\/dt><\/dl><dl class='gallery-item'>\n\t\t\t\t<dt class='gallery-icon landscape'>\n\t\t\t\t\t<a class=\"rollover rollover-zoom dt-pswp-item\" title=\"326922671_554195340064910_5397956175849412898_n\" data-dt-img-description=\"\" data-large_image_width=\"351\" data-large_image_height=\"206\"href='https:\/\/www.radiopiu.net\/wordpress\/wp-content\/uploads\/2023\/02\/326922671_554195340064910_5397956175849412898_n.jpg'><img loading=\"lazy\" decoding=\"async\" width=\"150\" height=\"150\" src=\"https:\/\/www.radiopiu.net\/wordpress\/wp-content\/uploads\/2023\/02\/326922671_554195340064910_5397956175849412898_n-150x150.jpg\" class=\"attachment-thumbnail size-thumbnail\" alt=\"\" \/><\/a>\n\t\t\t\t<\/dt><\/dl><dl class='gallery-item'>\n\t\t\t\t<dt class='gallery-icon portrait'>\n\t\t\t\t\t<a class=\"rollover rollover-zoom dt-pswp-item\" title=\"326425082_847012759704045_3620895511454685914_n\" data-dt-img-description=\"\" data-large_image_width=\"204\" data-large_image_height=\"206\"href='https:\/\/www.radiopiu.net\/wordpress\/wp-content\/uploads\/2023\/02\/326425082_847012759704045_3620895511454685914_n.jpg'><img loading=\"lazy\" decoding=\"async\" width=\"150\" height=\"150\" src=\"https:\/\/www.radiopiu.net\/wordpress\/wp-content\/uploads\/2023\/02\/326425082_847012759704045_3620895511454685914_n-150x150.jpg\" class=\"attachment-thumbnail size-thumbnail\" alt=\"\" srcset=\"https:\/\/www.radiopiu.net\/wordpress\/wp-content\/uploads\/2023\/02\/326425082_847012759704045_3620895511454685914_n-150x150.jpg 150w, https:\/\/www.radiopiu.net\/wordpress\/wp-content\/uploads\/2023\/02\/326425082_847012759704045_3620895511454685914_n.jpg 204w\" sizes=\"auto, (max-width: 150px) 100vw, 150px\" \/><\/a>\n\t\t\t\t<\/dt><\/dl><br style=\"clear: both\" \/><dl class='gallery-item'>\n\t\t\t\t<dt class='gallery-icon landscape'>\n\t\t\t\t\t<a class=\"rollover rollover-zoom dt-pswp-item\" title=\"324811498_1137618663591508_560906405433853735_n\" data-dt-img-description=\"\" data-large_image_width=\"311\" data-large_image_height=\"206\"href='https:\/\/www.radiopiu.net\/wordpress\/wp-content\/uploads\/2023\/02\/324811498_1137618663591508_560906405433853735_n.jpg'><img loading=\"lazy\" decoding=\"async\" width=\"150\" height=\"150\" src=\"https:\/\/www.radiopiu.net\/wordpress\/wp-content\/uploads\/2023\/02\/324811498_1137618663591508_560906405433853735_n-150x150.jpg\" class=\"attachment-thumbnail size-thumbnail\" alt=\"\" \/><\/a>\n\t\t\t\t<\/dt><\/dl><dl class='gallery-item'>\n\t\t\t\t<dt class='gallery-icon landscape'>\n\t\t\t\t\t<a class=\"rollover rollover-zoom dt-pswp-item\" title=\"324994654_1706155879786663_6444882261720137064_n\" data-dt-img-description=\"\" data-large_image_width=\"280\" data-large_image_height=\"201\"href='https:\/\/www.radiopiu.net\/wordpress\/wp-content\/uploads\/2023\/02\/324994654_1706155879786663_6444882261720137064_n.jpg'><img loading=\"lazy\" decoding=\"async\" width=\"150\" height=\"150\" src=\"https:\/\/www.radiopiu.net\/wordpress\/wp-content\/uploads\/2023\/02\/324994654_1706155879786663_6444882261720137064_n-150x150.jpg\" class=\"attachment-thumbnail size-thumbnail\" alt=\"\" \/><\/a>\n\t\t\t\t<\/dt><\/dl><dl class='gallery-item'>\n\t\t\t\t<dt class='gallery-icon landscape'>\n\t\t\t\t\t<a class=\"rollover rollover-zoom dt-pswp-item\" title=\"325057072_589707449644629_4001672046096987807_n\" data-dt-img-description=\"\" data-large_image_width=\"261\" data-large_image_height=\"201\"href='https:\/\/www.radiopiu.net\/wordpress\/wp-content\/uploads\/2023\/02\/325057072_589707449644629_4001672046096987807_n.jpg'><img loading=\"lazy\" decoding=\"async\" width=\"150\" height=\"150\" src=\"https:\/\/www.radiopiu.net\/wordpress\/wp-content\/uploads\/2023\/02\/325057072_589707449644629_4001672046096987807_n-150x150.jpg\" class=\"attachment-thumbnail size-thumbnail\" alt=\"\" \/><\/a>\n\t\t\t\t<\/dt><\/dl><dl class='gallery-item'>\n\t\t\t\t<dt class='gallery-icon landscape'>\n\t\t\t\t\t<a class=\"rollover rollover-zoom dt-pswp-item\" title=\"324374206_1264854341042120_7557821476871062184_n\" data-dt-img-description=\"\" data-large_image_width=\"572\" data-large_image_height=\"206\"href='https:\/\/www.radiopiu.net\/wordpress\/wp-content\/uploads\/2023\/02\/324374206_1264854341042120_7557821476871062184_n.jpg'><img loading=\"lazy\" decoding=\"async\" width=\"150\" height=\"150\" src=\"https:\/\/www.radiopiu.net\/wordpress\/wp-content\/uploads\/2023\/02\/324374206_1264854341042120_7557821476871062184_n-150x150.jpg\" class=\"attachment-thumbnail size-thumbnail\" alt=\"\" \/><\/a>\n\t\t\t\t<\/dt><\/dl><dl class='gallery-item'>\n\t\t\t\t<dt class='gallery-icon portrait'>\n\t\t\t\t\t<a class=\"rollover rollover-zoom dt-pswp-item\" title=\"324616973_593491392622305_9170572877483829908_n\" data-dt-img-description=\"\" data-large_image_width=\"158\" data-large_image_height=\"315\"href='https:\/\/www.radiopiu.net\/wordpress\/wp-content\/uploads\/2023\/02\/324616973_593491392622305_9170572877483829908_n.jpg'><img loading=\"lazy\" decoding=\"async\" width=\"150\" height=\"150\" src=\"https:\/\/www.radiopiu.net\/wordpress\/wp-content\/uploads\/2023\/02\/324616973_593491392622305_9170572877483829908_n-150x150.jpg\" class=\"attachment-thumbnail size-thumbnail\" alt=\"\" \/><\/a>\n\t\t\t\t<\/dt><\/dl><br style=\"clear: both\" \/><dl class='gallery-item'>\n\t\t\t\t<dt class='gallery-icon landscape'>\n\t\t\t\t\t<a class=\"rollover rollover-zoom dt-pswp-item\" title=\"325326377_1008508623459433_5492038386811518334_n\" data-dt-img-description=\"\" data-large_image_width=\"274\" data-large_image_height=\"206\"href='https:\/\/www.radiopiu.net\/wordpress\/wp-content\/uploads\/2023\/02\/325326377_1008508623459433_5492038386811518334_n.jpg'><img loading=\"lazy\" decoding=\"async\" width=\"150\" height=\"150\" src=\"https:\/\/www.radiopiu.net\/wordpress\/wp-content\/uploads\/2023\/02\/325326377_1008508623459433_5492038386811518334_n-150x150.jpg\" class=\"attachment-thumbnail size-thumbnail\" alt=\"\" \/><\/a>\n\t\t\t\t<\/dt><\/dl><dl class='gallery-item'>\n\t\t\t\t<dt class='gallery-icon portrait'>\n\t\t\t\t\t<a class=\"rollover rollover-zoom dt-pswp-item\" title=\"326549347_1228562961078369_7796122687749901700_n\" data-dt-img-description=\"\" data-large_image_width=\"157\" data-large_image_height=\"240\"href='https:\/\/www.radiopiu.net\/wordpress\/wp-content\/uploads\/2023\/02\/326549347_1228562961078369_7796122687749901700_n.jpg'><img loading=\"lazy\" decoding=\"async\" width=\"150\" height=\"150\" src=\"https:\/\/www.radiopiu.net\/wordpress\/wp-content\/uploads\/2023\/02\/326549347_1228562961078369_7796122687749901700_n-150x150.jpg\" class=\"attachment-thumbnail size-thumbnail\" alt=\"\" \/><\/a>\n\t\t\t\t<\/dt><\/dl><dl class='gallery-item'>\n\t\t\t\t<dt class='gallery-icon landscape'>\n\t\t\t\t\t<a class=\"rollover rollover-zoom dt-pswp-item\" title=\"324525825_601201885160850_5749072018735376708_n\" data-dt-img-description=\"\" data-large_image_width=\"318\" data-large_image_height=\"206\"href='https:\/\/www.radiopiu.net\/wordpress\/wp-content\/uploads\/2023\/02\/324525825_601201885160850_5749072018735376708_n.jpg'><img loading=\"lazy\" decoding=\"async\" width=\"150\" height=\"150\" src=\"https:\/\/www.radiopiu.net\/wordpress\/wp-content\/uploads\/2023\/02\/324525825_601201885160850_5749072018735376708_n-150x150.jpg\" class=\"attachment-thumbnail size-thumbnail\" alt=\"\" \/><\/a>\n\t\t\t\t<\/dt><\/dl><dl class='gallery-item'>\n\t\t\t\t<dt class='gallery-icon landscape'>\n\t\t\t\t\t<a class=\"rollover rollover-zoom dt-pswp-item\" title=\"324555932_1217189868890689_8309835487145897776_n\" data-dt-img-description=\"\" data-large_image_width=\"296\" data-large_image_height=\"205\"href='https:\/\/www.radiopiu.net\/wordpress\/wp-content\/uploads\/2023\/02\/324555932_1217189868890689_8309835487145897776_n.jpg'><img loading=\"lazy\" decoding=\"async\" width=\"150\" height=\"150\" src=\"https:\/\/www.radiopiu.net\/wordpress\/wp-content\/uploads\/2023\/02\/324555932_1217189868890689_8309835487145897776_n-150x150.jpg\" class=\"attachment-thumbnail size-thumbnail\" alt=\"\" \/><\/a>\n\t\t\t\t<\/dt><\/dl><dl class='gallery-item'>\n\t\t\t\t<dt class='gallery-icon landscape'>\n\t\t\t\t\t<a class=\"rollover rollover-zoom dt-pswp-item\" title=\"327106270_672323738022129_4047771359000855504_n\" data-dt-img-description=\"\" data-large_image_width=\"720\" data-large_image_height=\"200\"href='https:\/\/www.radiopiu.net\/wordpress\/wp-content\/uploads\/2023\/02\/327106270_672323738022129_4047771359000855504_n.jpg'><img loading=\"lazy\" decoding=\"async\" width=\"150\" height=\"150\" src=\"https:\/\/www.radiopiu.net\/wordpress\/wp-content\/uploads\/2023\/02\/327106270_672323738022129_4047771359000855504_n-150x150.jpg\" class=\"attachment-thumbnail size-thumbnail\" alt=\"\" \/><\/a>\n\t\t\t\t<\/dt><\/dl><br style=\"clear: both\" \/>\n\t\t\t<\/div>\n\n<\/div>\n<div class=\"x6prxxf x1fc57z9 x1yc453h x126k92a xzsf02u\" dir=\"auto\" role=\"none\">NELLE FOTO (riproduzioni dal libro \u201cTempesta Vaia. Cronaca di una tragedia): interventi sulla strada regionale \u201cAgordina\u201d; erosione molto pericolosa dei ciglio di valle nella localit\u00e0 Candaten; pericolo erosione anche a Le Campe; cedimento del piano viabile a Cencenighe ed erosione del piede del muro di valle; cedimento del muro; interventi di ripristino del piano viabile e messa in sicurezza parte in elevazione del muro; interventi per il ripristino di barriere paramassi eseguiti sul tratto dal km 52+400 al 52+600 della regionale \u201cAgordina\u201d.<\/div>\n<\/div>\n<\/div>\n<div class=\"x1h91t0o xkh2ocl x78zum5 xdt5ytf x13a6bvl x193iq5w x1iyjqo2 xcrg951\" role=\"none\">\n<div class=\"x1r8uery x1iyjqo2\" role=\"none\"><\/div>\n<\/div>\n<\/div>\n<\/div>\n<div class=\"x1h91t0o xkh2ocl x78zum5 xdt5ytf x13a6bvl x193iq5w x1iyjqo2 xcrg951\" role=\"none\">\n<div class=\"x1r8uery x1iyjqo2\" role=\"none\"><\/div>\n<\/div>\n<p>&nbsp;<\/p>\n<hr \/>\n<blockquote>\n<h3>GIORNATA MONDIALE DEL MALATO: LE CELEBRAZIONI IN ULSS DOLOMITI<\/h3>\n<\/blockquote>\n<p><strong><a class=\"dt-pswp-item\" href=\"https:\/\/www.radiopiu.net\/wordpress\/wp-content\/uploads\/2023\/02\/Giornata-del-malato-1.png\" data-dt-img-description=\"\" data-large_image_width=\"2000\" data-large_image_height=\"1414\"><img loading=\"lazy\" decoding=\"async\" class=\" wp-image-319858 alignleft\" src=\"https:\/\/www.radiopiu.net\/wordpress\/wp-content\/uploads\/2023\/02\/Giornata-del-malato-1-300x212.png\" alt=\"\" width=\"168\" height=\"119\" srcset=\"https:\/\/www.radiopiu.net\/wordpress\/wp-content\/uploads\/2023\/02\/Giornata-del-malato-1-300x212.png 300w, https:\/\/www.radiopiu.net\/wordpress\/wp-content\/uploads\/2023\/02\/Giornata-del-malato-1-1024x724.png 1024w, https:\/\/www.radiopiu.net\/wordpress\/wp-content\/uploads\/2023\/02\/Giornata-del-malato-1-768x543.png 768w, https:\/\/www.radiopiu.net\/wordpress\/wp-content\/uploads\/2023\/02\/Giornata-del-malato-1-1536x1086.png 1536w, https:\/\/www.radiopiu.net\/wordpress\/wp-content\/uploads\/2023\/02\/Giornata-del-malato-1.png 2000w\" sizes=\"auto, (max-width: 168px) 100vw, 168px\" \/><\/a>BELLUNO <\/strong>Il prossimo 11 febbraio 2023 ricorre la 31\u00aa Giornata del Malato, memoria della Beata Vergine Maria di Lourdes, istituita da Giovanni Paolo II nel 1992 con lo scopo di testimoniare una speciale attenzione verso le persone malate, che si trovano nei luoghi di cura o che sono accudite in famiglia. Per questa giornata, come da tradizione, il Vescovo mons. Renato Marangoni, insieme ai cappellani degli ospedali, celebrer\u00e0 due messe in ospedale: sabato 11 febbraio alle 17.00 &#8211; Ospedale di Feltre (sala convegni); domenica 12 febbraio alle 16.00 &#8211; Ospedale di Belluno (sala convegni) Alle celebrazioni, oltre alle persone assistite e al personale sanitario, \u00e8 invitata la cittadinanza<\/p>\n<p>&nbsp;<\/p>\n<p>&nbsp;<\/p>\n<hr \/>\n<p>&nbsp;<\/p>\n<blockquote>\n<h3><a class=\"dt-pswp-item\" href=\"https:\/\/www.radiopiu.net\/wordpress\/wp-content\/uploads\/2023\/02\/Le-nostre-prime-opere-a-colori-alpago-2-ruote-alpago-2023_page-0001-scaled.jpg\" data-dt-img-description=\"\" data-large_image_width=\"1811\" data-large_image_height=\"2560\"><img loading=\"lazy\" decoding=\"async\" class=\" wp-image-319832 alignleft\" src=\"https:\/\/www.radiopiu.net\/wordpress\/wp-content\/uploads\/2023\/02\/Le-nostre-prime-opere-a-colori-alpago-2-ruote-alpago-2023_page-0001-212x300.jpg\" alt=\"\" width=\"126\" height=\"178\" srcset=\"https:\/\/www.radiopiu.net\/wordpress\/wp-content\/uploads\/2023\/02\/Le-nostre-prime-opere-a-colori-alpago-2-ruote-alpago-2023_page-0001-212x300.jpg 212w, https:\/\/www.radiopiu.net\/wordpress\/wp-content\/uploads\/2023\/02\/Le-nostre-prime-opere-a-colori-alpago-2-ruote-alpago-2023_page-0001-724x1024.jpg 724w, https:\/\/www.radiopiu.net\/wordpress\/wp-content\/uploads\/2023\/02\/Le-nostre-prime-opere-a-colori-alpago-2-ruote-alpago-2023_page-0001-768x1086.jpg 768w, https:\/\/www.radiopiu.net\/wordpress\/wp-content\/uploads\/2023\/02\/Le-nostre-prime-opere-a-colori-alpago-2-ruote-alpago-2023_page-0001-1086x1536.jpg 1086w, https:\/\/www.radiopiu.net\/wordpress\/wp-content\/uploads\/2023\/02\/Le-nostre-prime-opere-a-colori-alpago-2-ruote-alpago-2023_page-0001-1449x2048.jpg 1449w, https:\/\/www.radiopiu.net\/wordpress\/wp-content\/uploads\/2023\/02\/Le-nostre-prime-opere-a-colori-alpago-2-ruote-alpago-2023_page-0001-scaled.jpg 1811w\" sizes=\"auto, (max-width: 126px) 100vw, 126px\" \/><\/a>A PIEVE D&#8217;ALPAGO LA MOSTRA LE NOSTRE PRIME OPERE A COLORI<\/h3>\n<\/blockquote>\n<p><strong>PIEVE D&#8217;ALPAGO <\/strong>Le nostre prime opere a colori. \u00c8 questo il titolo della mostra che sar\u00e0 ospitata nei locali del municipio di Pieve d\u2019Alpago dal 4 al 19 febbraio. Si tratta di un\u2019esposizione collettiva che proporr\u00e0 i disegni realizzati dai bambini della scuola dell\u2019infanzia Santa Maria del Rosario, disegni eseguiti sotto la guida dell\u2019artista Bruno Ghigliano (che nel 2018 ha realizzato il disegno della maglietta del Giro del Lago di Santa Croce). La mostra verr\u00e0 inaugurata, al Municipio di Pieve, sabato 4 febbraio alle 15.30. Al termine sar\u00e0 possibile partecipare all\u2019asta il cui ricavato andr\u00e0 alla scuola dell\u2019infanzia. La mostra Le nostre prime opere a colori \u00e8 resa possibile dalla collaborazione tra il comitato Alpago 2 Ruote&amp;Solidariet\u00e0, il Comune di Alpago, le Biblioteche Bellunesi e la scuola dell\u2019Infanzia Santa Maria del Rosario.<\/p>\n<p>&nbsp;<\/p>\n<p>&nbsp;<\/p>\n<hr \/>\n<p>&nbsp;<\/p>\n<blockquote>\n<h3>GIORGIA RACCONTA LA RINASCITA, L&#8217;APPUNTAMENTO CON GENITORI SEMPRE<\/h3>\n<p><em>&#8220;NO ALL&#8217;USO DI DROGHE, SI AL DIVERTIMENTO SICURO&#8221;, a conclusione di un percorso tra le scuole della vallata: VENERDI 17 FEBBRAIO ALLE 20.30 IN SALA DON TAMIS AD AGORDO, L&#8217;INCONTRO PER GENITORI E LA COMUNITA&#8217;, PRESENTATO DA GIANPAOLO SORATROI, CON GIORGIA BENUSIGLIO, SCRITTRICE E TESTIMONIAL ANTI DROGA: &#8220;ESPERIENZA E RISCATTO&#8221;. <\/em><em>CON ALFIO DE SANDRE, MEDICO, TOSSICOLOGO E PSICOTERAPEUTA -Dipartimento delle dipendenze &#8211; AULS 1 DOLOMITI. <\/em><em>UN INVITO DI &#8220;GENITORI SEMPRE&#8221;, ASSOCIAZIONE DI PROMOZIONE SOCIALE, CON IL PATROCINIO DEI COMUNI DI AGORDO, CENCENIGHE E DELL&#8217;UNIONE MONTANA AGORDINA<\/em><\/p><\/blockquote>\n<p><strong>AGORDO<\/strong> L&#8217;Associazione Genitori Sempre, in collaborazione con il Serd di Agordo Dipartimento dipendenze della Aulss1 Dolomiti, a conclusione di un percorso importante tra gli studenti delle scuole dell&#8217;Agordino, ha organizzato l&#8217;evento finale, riassuntivo, importante dal titolo &#8220;Dire no all&#8217;uso di alcool e droghe, dire si al divertimento sicuro. Si tratta di un incontro con le famiglie, i loro figli, la comunit\u00e0 intera, in sala congressi Don Tamis. Venerdi 17 febbraio alle 20.30 sar\u00e0 ospite dell&#8217;associazione di promozione sociale, Giorgia Benusiglio, scrittrice e testimoniale &#8220;antidroga&#8221;,\u00a0 dopo la sua terribile vicenda, gira per le scuole di tutta Italia a parlare con i ragazzi e le loro famiglie della propria esperienza e del suo riscatto. Introdurr\u00e0 i lavori il dottor Alfio De Sandre, medico tossicologo e psicoterapeuta del Dipartimento delle Dipendenze della Aulss1 Dolomiti.<\/p>\n<p><strong>GIORGIA BENUSIGLIO<\/strong>\u00a0La sua pagina su Facebook \u00e8 seguita da oltre 50mila persone, soprattutto giovani.\u00a0 Milanese classe 1982, ha trovato il modo di farsi ascoltare<em>: &#8220;Sono seguita tanto sui social dai ragazzi perch\u00e9 hanno bisogno di un esempio positivo, hanno bisogno di parlare ma soprattutto vedono in me una persona che non li giudica&#8221;, <\/em>ha recentemente dichiarato a <span style=\"color: #0000ff;\">milano.fanpage.it.<\/span>\u00a0 Giorgia non \u00e8 una dei tanti adulti che fanno finti moralismi o prediche. Lei stessa, da giovane, ha sperimentato in prima persona cosa pu\u00f2 accadere assumendo della droga. E ne ha pagato le pesanti conseguenze. Alla fine del 1999 Giorgia, allora appena 17enne, assunse mezza pasticca di ecstasy in discoteca. La droga sintetica era per\u00f2 tagliata male e Giorgia fin\u00ec in ospedale. Aveva solo sei ore di vita, i medici hanno tentato un trapianto in extremis che dur\u00f2 17 ore e la salvarono. Da allora Giorgia si \u00e8 ritrovata ad essere una paziente a vita. Da 12 anni Giorgia gira per le scuole per raccontare la sua storia<\/p>\n<p><iframe loading=\"lazy\" title=\"La rinascita di Giorgia: &quot;Quasi morta per mezza pasticca di ecstasy, ora parlo di droghe ai giovani&quot;\" width=\"1200\" height=\"675\" src=\"https:\/\/www.youtube.com\/embed\/2fig7i2LTQY?feature=oembed\" frameborder=\"0\" allow=\"accelerometer; autoplay; clipboard-write; encrypted-media; gyroscope; picture-in-picture; web-share\" allowfullscreen><\/iframe><\/p>\n<hr \/>\n<p>&nbsp;<\/p>\n<p>&nbsp;<\/p>\n<blockquote>\n<h3>STOP ALLE BOMBE SUI CIVILI<\/h3>\n<\/blockquote>\n<p><strong><a class=\"dt-pswp-item\" href=\"https:\/\/www.radiopiu.net\/wordpress\/wp-content\/uploads\/2023\/02\/Giornata-nazionale-vittime-civili-di-guerra_1.jpeg\" data-dt-img-description=\"\" data-large_image_width=\"2048\" data-large_image_height=\"1536\"><img loading=\"lazy\" decoding=\"async\" class=\" wp-image-319869 alignleft\" src=\"https:\/\/www.radiopiu.net\/wordpress\/wp-content\/uploads\/2023\/02\/Giornata-nazionale-vittime-civili-di-guerra_1-300x225.jpeg\" alt=\"\" width=\"313\" height=\"235\" srcset=\"https:\/\/www.radiopiu.net\/wordpress\/wp-content\/uploads\/2023\/02\/Giornata-nazionale-vittime-civili-di-guerra_1-300x225.jpeg 300w, https:\/\/www.radiopiu.net\/wordpress\/wp-content\/uploads\/2023\/02\/Giornata-nazionale-vittime-civili-di-guerra_1-1024x768.jpeg 1024w, https:\/\/www.radiopiu.net\/wordpress\/wp-content\/uploads\/2023\/02\/Giornata-nazionale-vittime-civili-di-guerra_1-768x576.jpeg 768w, https:\/\/www.radiopiu.net\/wordpress\/wp-content\/uploads\/2023\/02\/Giornata-nazionale-vittime-civili-di-guerra_1-1536x1152.jpeg 1536w, https:\/\/www.radiopiu.net\/wordpress\/wp-content\/uploads\/2023\/02\/Giornata-nazionale-vittime-civili-di-guerra_1.jpeg 2048w\" sizes=\"auto, (max-width: 313px) 100vw, 313px\" \/><\/a>BELLUNO\u00a0<\/strong> Anche quest\u2019anno, in occasione del primo febbraio Giornata Nazionale delle vittime civili delle guerre e dei conflitti nel mondo, il Comune di Belluno ha aderito alla campagna di sensibilizzazione promossa da Anci e dall\u2019Associazione Nazionale Vittime Civili di Guerra (ANVCG) per sensibilizzare la popolazione sulle drammatiche conseguenze di guerre e conflitti armati sui civili. In mattinata in Sala Giunta il sindaco Oscar De Pellegrin ha accolto il presidente nazionale dell\u2019Associazione Michele Vigne, con i consiglieri Paolo Da Ros, Sisto Gusatto e Franco Chemello. Il primo febbraio 2022 l\u2019Anci e l\u2019ANVCG hanno siglato un protocollo d\u2019intesa per lo sviluppo di collaborazioni legate alla sensibilizzazione della popolazione sul tema delle vittime di guerra. Tra le iniziative, anche la campagna \u201cStop alle bombe sui civili\u201d lanciata il primo febbraio dello scorso anno e ripresa oggi con la seconda edizione. Lo slogan della giornata vuole celebrare l\u2019adozione della dichiarazione politica internazionale sull\u2019uso delle armi esplosive nelle aree popolate sottoscritta il 18 novembre del 2022 a Dublino da parte di 82 Stati tra i quali l\u2019Italia.<\/p>\n<p>&nbsp;<\/p>\n<p>&nbsp;<\/p>\n<p>&nbsp;<\/p>\n<hr \/>\n<p>&nbsp;<\/p>\n<div class=\"page-title-head hgroup\">\n<blockquote>\n<h3 class=\"entry-title\">3 FEBBRAIO GIORNO DI FESTA AD ALLEGHE PER SAN BIAGIO<\/h3>\n<\/blockquote>\n<\/div>\n<p><strong><a class=\"dt-pswp-item\" href=\"https:\/\/www.radiopiu.net\/wordpress\/wp-content\/uploads\/2023\/01\/download-12.jpg\" data-dt-img-description=\"\" data-large_image_width=\"184\" data-large_image_height=\"274\"><img loading=\"lazy\" decoding=\"async\" class=\" wp-image-318938 alignleft\" src=\"https:\/\/www.radiopiu.net\/wordpress\/wp-content\/uploads\/2023\/01\/download-12.jpg\" alt=\"\" width=\"153\" height=\"228\" \/><\/a>ALLEGHE<\/strong> Le associazioni\u00a0 del Comune di Alleghe vi invitano alla <b>&#8220;Sagra de San Biese&#8221;. <\/b>L&#8217;evento si terr\u00e0 il 3 febbraio presso il Piazzale dello Stadio del ghiaccio di Alleghe. La giornata\u00a0 inizier\u00e0 con la Santa Messa alle ore 10:30 nella Chiesa Parrocchiale del paese e a seguire un ricco programma con musica gastronomia tipica, giochi e tanta allegria.\u00a0 Alle ore 11:30 apertura degli stand delle associazioni al Piazzale dello stadio. Dalle ore 12:00 Ci sar\u00e0 la possibilit\u00e0 di gustare i piatti della tradizione come i &#8220;Casonziei co la Zucia&#8221; &#8220;le Trippe&#8221; e &#8220;il Pastin&#8221;\u00a0\u00a0\u00a0\u00a0 e i dolci tipici paesani:\u00a0 &#8220;i Grafogn&#8221;\u00a0\u00a0 anche con possibilit\u00e0 di asporto. Alle ore 14:00\u00a0 prenderanno il via i giochi per i pi\u00f9 piccoli e le esposizioni\u00a0 delle associazioni di volontariato. Tutti\u00a0 sono invitati a partecipare. Ore 17:30 Fiaccolata sugli sci\u00a0 con arrivo ad Alleghe sulla pista di rientro visibile dal piazzale dello stadio e gran finale attorno al fuoco. Gli eventuali proventi ricavati nella giornata saranno donati in beneficenza.<\/p>\n<p><strong>L&#8217;INTERVISTA ALLA RADIO, CON PAOLA E DANIELA BALDISSERA<\/strong><\/p>\n<audio class=\"wp-audio-shortcode\" id=\"audio-319790-8\" preload=\"none\" style=\"width: 100%;\" controls=\"controls\"><source type=\"audio\/mpeg\" src=\"https:\/\/www.radiopiu.net\/wordpress\/wp-content\/uploads\/2022\/01\/san-biese-alleghe.mp3?_=8\" \/><a href=\"https:\/\/www.radiopiu.net\/wordpress\/wp-content\/uploads\/2022\/01\/san-biese-alleghe.mp3\">https:\/\/www.radiopiu.net\/wordpress\/wp-content\/uploads\/2022\/01\/san-biese-alleghe.mp3<\/a><\/audio>\n<p>&nbsp;<\/p>\n<hr \/>\n<p>&nbsp;<\/p>\n<blockquote>\n<h3>CERCASI VOLONTARI PER IL CENTRO ITALIANO DI SOLIDARIETA&#8217;<\/h3>\n<\/blockquote>\n<p><strong>BELLUNO <\/strong>Il Centro Italiano di Solidariet\u00e0 di Belluno onlus seleziona 10 volontari da impiegare nel progetto di Servizio Civile Universale. Scadenza presentazione domande il 10 febbraio 2023. Per informazioni scrivere a\u00a0<a href=\"mailto:info@ceisbelluno.org\">info@ceisbelluno.org<\/a> oppure telefonare al numero 0437 950895. Disponibili 10 posti in 5 sedi in provincia di Belluno: 25 ore settimanali 25, durata un anno, rimborso mensile \u20ac 444,30.<\/p>\n<p>&nbsp;<\/p>\n<p>&nbsp;<\/p>\n<hr \/>\n<p>&nbsp;<\/p>\n<blockquote>\n<h2>Indagine sociolinguistica sulle lingue minoritarie del Veneto<\/h2>\n<\/blockquote>\n<p>&nbsp;<\/p>\n<p><a class=\"dt-pswp-item\" href=\"https:\/\/www.radiopiu.net\/wordpress\/wp-content\/uploads\/2023\/01\/WhatsApp-Image-2023-01-22-at-21.14.13.jpeg\" data-dt-img-description=\"\" data-large_image_width=\"1184\" data-large_image_height=\"760\"><img loading=\"lazy\" decoding=\"async\" class=\"wp-image-318189 alignleft\" src=\"https:\/\/www.radiopiu.net\/wordpress\/wp-content\/uploads\/2023\/01\/WhatsApp-Image-2023-01-22-at-21.14.13-300x193.jpeg\" alt=\"\" width=\"152\" height=\"98\" srcset=\"https:\/\/www.radiopiu.net\/wordpress\/wp-content\/uploads\/2023\/01\/WhatsApp-Image-2023-01-22-at-21.14.13-300x193.jpeg 300w, https:\/\/www.radiopiu.net\/wordpress\/wp-content\/uploads\/2023\/01\/WhatsApp-Image-2023-01-22-at-21.14.13-1024x657.jpeg 1024w, https:\/\/www.radiopiu.net\/wordpress\/wp-content\/uploads\/2023\/01\/WhatsApp-Image-2023-01-22-at-21.14.13-768x493.jpeg 768w, https:\/\/www.radiopiu.net\/wordpress\/wp-content\/uploads\/2023\/01\/WhatsApp-Image-2023-01-22-at-21.14.13.jpeg 1184w\" sizes=\"auto, (max-width: 152px) 100vw, 152px\" \/><\/a>La Regione Veneto ha avviato un\u2019importante inchiesta sociolinguistica sullo stato di salute delle minoranze linguistiche del proprio territorio (ladini, cimbri e friulani). Michela dell\u2019Osbel ed Eleonora Troi ci spiegano perch\u00e9 partecipare e diffondere \u00e8 essenziale.<\/p>\n<p>&nbsp;<\/p>\n<p>LINK,<span style=\"color: #0000ff;\"><strong> <a style=\"color: #0000ff;\" href=\"https:\/\/ec.europa.eu\/eusurvey\/runner\/QuestionarioVenetoL\">CLICCA QUI<\/a><\/strong><\/span><\/p>\n<p>&nbsp;<\/p>\n<p><strong>MICHELA DELL&#8217;OSBEL<\/strong><\/p>\n<audio class=\"wp-audio-shortcode\" id=\"audio-319790-9\" preload=\"none\" style=\"width: 100%;\" controls=\"controls\"><source type=\"audio\/mpeg\" src=\"https:\/\/www.radiopiu.net\/wordpress\/wp-content\/uploads\/2023\/01\/michela-dellosbel.mp3?_=9\" \/><a href=\"https:\/\/www.radiopiu.net\/wordpress\/wp-content\/uploads\/2023\/01\/michela-dellosbel.mp3\">https:\/\/www.radiopiu.net\/wordpress\/wp-content\/uploads\/2023\/01\/michela-dellosbel.mp3<\/a><\/audio>\n<p><strong>ELEONORA TROI<\/strong><\/p>\n<audio class=\"wp-audio-shortcode\" id=\"audio-319790-10\" preload=\"none\" style=\"width: 100%;\" controls=\"controls\"><source type=\"audio\/mpeg\" src=\"https:\/\/www.radiopiu.net\/wordpress\/wp-content\/uploads\/2023\/01\/eleonora.mp3?_=10\" \/><a href=\"https:\/\/www.radiopiu.net\/wordpress\/wp-content\/uploads\/2023\/01\/eleonora.mp3\">https:\/\/www.radiopiu.net\/wordpress\/wp-content\/uploads\/2023\/01\/eleonora.mp3<\/a><\/audio>\n<p>&nbsp;<\/p>\n<blockquote>\n<h3>dal CORRIERE DELLE ALPI Gianni Santomaso<\/h3>\n<\/blockquote>\n<p>Anche gli agordini e gli zoldani, assieme ai comeliani e ai cadorini, coinvolti nell&#8217;inchiesta sociolinguistica avviata dalla Regione per studiare lo stato di salute delle lingue di minoranza presenti sul proprio territorio. L&#8217;obiettivo \u00e8 quello di tutelare, promuovere e valorizzare l&#8217;uso delle lingue minoritarie: quella cimbra, in Lessinia, nell&#8217;Altopiano di Asiago e nel Cansiglio, quella ladina, e quella friulana, nel Portogruarese. \u00abPer poter definire politiche linguistiche efficaci ed intervenire con azioni mirate\u00bb, dice la Regione, \u00ab\u00e8 innanzitutto necessario valutare lo stato di salute della lingua di minoranza attraverso un&#8217;indagine sociolinguistica\u00bb. Per questo, da novembre 2022 e fino a febbraio 2023, ogni cittadino dei Comuni in cui \u00e8 presente una minoranza linguistica potr\u00e0 garantire il proprio contributo per la definizione delle prossime azioni di tutela e di promozione delle lingue di minoranza nella Regione, rispondendo ad un questionario anonimo on line. \u00abQuesta importante ricerca della Regione\u00bb, spiega Davide Conedera del gruppo Musla &#8211; Moviment de union e standardisazion linguistica del Agordin &#8211; riguarda da vicino coloro che abitano nei Comuni dell&#8217;Agordino, del Cadore, del Comelico e della Val di Zoldo. L&#8217;invito \u00e8 a compilare il questionario per far vedere che ci teniamo alla nostra lingua, per fare s\u00ec che la Regione avvii progetti per la salvaguardia della nostra minoranza e per far conoscere la nostra realt\u00e0 alla comunit\u00e0 scientifica\u00bb. \u00abNel compilare il questionario\u00bb, continua Conedera, \u00ab\u00e8 bene ricordare che quello che comunemente chiamiamo &#8220;dialetto&#8221; \u00e8 riconosciuto dalla legge 482\/99 e prende il nome di &#8220;ladino&#8221;. \u00c8 fondamentale che tutti partecipino se vogliamo migliorare la situazione delle nostre valli, delle persone che vivono qui e della nostra lingua\u00bb. Il questionario si pu\u00f2 trovare accedendo alla pagina ec.europa.eu\/eusurvey\/runner\/QuestionarioVenetoL<\/p>\n<p>&nbsp;<\/p>\n<hr \/>\n<p>&nbsp;<\/p>\n<blockquote>\n<h3>LE IMMAGINI RACCONTANO LA STORIA.<\/h3>\n<\/blockquote>\n<p><strong>FELTRE<\/strong> La Polisportiva Feltrese, dopo la rassegna dedicata a &#8220;L&#8217;utilizzo del Piave a scopo idroelettrico 1902 &#8211; 1962&#8221;, ora al Fondaco Delle Biade espone le immagini. La mostra\u00a0 rimarr\u00e0 aperta fino al 5 febbraio 2023 anche\u00a0 il sabato e la domenica<\/p>\n<p>&nbsp;<\/p>\n<hr \/>\n<p>&nbsp;<\/p>\n<blockquote>\n<h2>I PIEDI IN VENETO, GLI OCCHI IN TRENTINO. IL NUOVO VIDEO DI ERIK LENA<\/h2>\n<\/blockquote>\n<p>&nbsp;<\/p>\n<p>&nbsp;<\/p>\n<p><iframe loading=\"lazy\" title=\"Con i piedi in Veneto e gli occhi in Trentino!  | Drone | FPV | 4K |\" width=\"1200\" height=\"675\" src=\"https:\/\/www.youtube.com\/embed\/lSAojwglSBg?feature=oembed\" frameborder=\"0\" allow=\"accelerometer; autoplay; clipboard-write; encrypted-media; gyroscope; picture-in-picture; web-share\" allowfullscreen><\/iframe><\/p>\n<p>DI ERIK LENA<\/p>\n<p><span class=\"style-scope yt-formatted-string\" dir=\"auto\">Tra Veneto e Trentino, Tra nuvole e Terra. Un&#8217;altra scalata, questa volta ho sorvolato esattamente il confine tra Veneto e Trentino evidenziato dalla cresta della montagna appena imbiancata dalla neve, come sempre sulle vette dolomitiche il vento non manca ma anche questa volta le immagini ce le siamo portate a casa e sono pronte per essere condivise con tutte le persone a cui piacciono questi luoghi e che magari per varie motivazioni non riescono a portarsi sulle vette per respirare aria pura con un paesaggio mozzafiato. Il mio sito: <\/span><a class=\"yt-simple-endpoint style-scope yt-formatted-string\" dir=\"auto\" spellcheck=\"false\" href=\"https:\/\/www.youtube.com\/redirect?event=video_description&amp;redir_token=QUFFLUhqbjlIaEpla2RJSnhzc0txZEpybG5PZHpmRG0yd3xBQ3Jtc0tuTUpzaXc2Q2Y4eFpTOEtROVB1djlsVFB5b0l2WW15U3d5UGlRVHpnQXdvSFV5Qm03UEJSbXdGaTBjVUIwamVhc1NHVlppemd6NmlPaGpVREhfVzE4WDZTSkZaOUktQ3NBVVBlUkJFdTk5NXpfQ29FWQ&amp;q=https%3A%2F%2Fwww.lenaerik.com%2F&amp;v=lSAojwglSBg\" target=\"_blank\" rel=\"nofollow noopener\">https:\/\/www.lenaerik.com<\/a><\/p>\n<div>\n<div id=\"0DE9E47C-871A-4F90-8440-B190C216800A_19\" class=\"mcafee_unknown\" tabindex=\"0\"><\/div>\n<\/div>\n<p><span class=\"style-scope yt-formatted-string\" dir=\"auto\"> Instagram: <\/span><a class=\"yt-simple-endpoint style-scope yt-formatted-string\" dir=\"auto\" spellcheck=\"false\" href=\"https:\/\/www.youtube.com\/redirect?event=video_description&amp;redir_token=QUFFLUhqbklJVUhfT05OX0RQcVJraHZXTm9ScnpTUi10UXxBQ3Jtc0ttQll5NTVUd1BxMEhtV29mbjhVWU1waE02OUJJVUt6d3BwVEo1Wkt5WWdrRFZaRlg3UWhSQWhUQy1pLXZyWVlSTE9vc0puelhHMnlVUnQ4ak1hOG5jWVVLWFJYRVdvVk5CSGZNQTA5SENBM2FVZHgtZw&amp;q=https%3A%2F%2Fwww.instagram.com%2Flenaerik_%2F&amp;v=lSAojwglSBg\" target=\"_blank\" rel=\"nofollow noopener\">https:\/\/www.instagram.com\/lenaerik_\/<\/a><\/p>\n<div>\n<div id=\"0DE9E47C-871A-4F90-8440-B190C216800A_20\" class=\"mcafee_ok\" tabindex=\"0\"><\/div>\n<\/div>\n<p><span class=\"style-scope yt-formatted-string\" dir=\"auto\"> Facebook: <\/span><a class=\"yt-simple-endpoint style-scope yt-formatted-string\" dir=\"auto\" spellcheck=\"false\" href=\"https:\/\/www.youtube.com\/redirect?event=video_description&amp;redir_token=QUFFLUhqa1ZMajBKd3ZUNWZSNTg1eTRnVVZhVHRRUTZGQXxBQ3Jtc0ttWVdoeVFQYUVwQV9jUkhhMzBQVXM5TlNBN0Y1dE1sYXZpRXhUSWxaRVNfOFlHZlYwTjhyd0ZOUHU5X2l5Y1NPMVNid2psa20yalBiTEt5VVJ0VXdYOTB3Smp3dEJBdE5OOXdPWF8wM19HOHltbVZzVQ&amp;q=https%3A%2F%2Fwww.facebook.com%2FPhotoinunclick&amp;v=lSAojwglSBg\" target=\"_blank\" rel=\"nofollow noopener\">https:\/\/www.facebook.com\/Photoinunclick<\/a><\/p>\n<div>\n<div id=\"0DE9E47C-871A-4F90-8440-B190C216800A_21\" class=\"mcafee_ok\" tabindex=\"0\"><\/div>\n<\/div>\n<p><span class=\"style-scope yt-formatted-string\" dir=\"auto\"> Per gli addetti ai lavori: Video registrato in 4k 60fps Editing effettuato con Final Cut Pro x su M1 Export effettuato con parametri da Compressor in H265, mantenuto HDR Bit Rate: 10bit \\ H265 su tutto il video<\/span><\/p>\n<p>&nbsp;<\/p>\n<p>&nbsp;<\/p>\n<p>&nbsp;<\/p>\n<hr \/>\n<p>&nbsp;<\/p>\n<blockquote>\n<h3>L&#8217;UNIVERSITA&#8217; DEGLI ANZIANI DI AGORDO TORNA CON UN RICCO PROGRAMMA<\/h3>\n<\/blockquote>\n<p><strong>AGORDO<\/strong> L&#8217;universit\u00e0 degli anziani di Agordo \u00e8 pronta per tornare con le lezioni in presenza. \u00c8 stato stilato il calendario degli eventi in programma dal 7 febbraio al 2 maggio. Ogni marted\u00ec gli incontri si svolgeranno in sala Don Tamis dalle 15 alle 17.<\/p>\n<p><strong>IL PROGRAMMA (2 PAGINE)<\/strong><\/p>\n<a href=\"https:\/\/www.radiopiu.net\/wordpress\/wp-content\/uploads\/2023\/01\/UAA-Programma-2022-23_2\u00b0trimestreok.pdf\" class=\"pdfemb-viewer\" style=\"\" data-width=\"max\" data-height=\"max\" data-toolbar=\"top\" data-toolbar-fixed=\"on\">UAA-Programma 2022-23_2\u00b0trimestreok<\/a>\n<p>&nbsp;<\/p>\n<p>&nbsp;<\/p>\n<hr \/>\n<p>&nbsp;<\/p>\n<blockquote>\n<h3>JAZZERSICE IN AGORDINO A CENCENIGHE E CANALE<\/h3>\n<\/blockquote>\n<p><strong>CENCENIGHE<\/strong> Jazzercise-Dance Mix Nell&#8217;Agordino alla palestra delle Scuole Medie Di Cencenighe ogni marted\u00ec e gioved\u00ec dalle 19 alle 20, in sala ex emigranti di Canale d\u2019Agordo il mercoled\u00ec dalle 19.30 alle 20.30 e il venerd\u00ec dalle 18.45 alle 19.45<\/p>\n\n\t\t\t<style type='text\/css'>\n\t\t\t\t#gallery-5 {\n\t\t\t\t\tmargin: auto;\n\t\t\t\t}\n\t\t\t\t#gallery-5 .gallery-item {\n\t\t\t\t\tfloat: left;\n\t\t\t\t\tmargin-top: 10px;\n\t\t\t\t\ttext-align: center;\n\t\t\t\t\twidth: 50%;\n\t\t\t\t}\n\t\t\t\t#gallery-5 img {\n\t\t\t\t\tborder: 2px solid #cfcfcf;\n\t\t\t\t}\n\t\t\t\t#gallery-5 .gallery-caption {\n\t\t\t\t\tmargin-left: 0;\n\t\t\t\t}\n\t\t\t\t\/* see gallery_shortcode() in wp-includes\/media.php *\/\n\t\t\t<\/style>\n\t\t<div id='gallery-5' class='dt-gallery-container gallery galleryid-319790 gallery-columns-2 gallery-size-thumbnail'><dl class='gallery-item'>\n\t\t\t\t<dt class='gallery-icon landscape'>\n\t\t\t\t\t<a class=\"rollover rollover-zoom dt-pswp-item\" title=\"b2d8a43a-36e6-4b9b-8263-018afcc4df14\" data-dt-img-description=\"\" data-large_image_width=\"716\" data-large_image_height=\"502\"href='https:\/\/www.radiopiu.net\/wordpress\/wp-content\/uploads\/2023\/01\/b2d8a43a-36e6-4b9b-8263-018afcc4df14.jpg'><img loading=\"lazy\" decoding=\"async\" width=\"150\" height=\"150\" src=\"https:\/\/www.radiopiu.net\/wordpress\/wp-content\/uploads\/2023\/01\/b2d8a43a-36e6-4b9b-8263-018afcc4df14-150x150.jpg\" class=\"attachment-thumbnail size-thumbnail\" alt=\"\" \/><\/a>\n\t\t\t\t<\/dt><\/dl><dl class='gallery-item'>\n\t\t\t\t<dt class='gallery-icon portrait'>\n\t\t\t\t\t<a class=\"rollover rollover-zoom dt-pswp-item\" title=\"8ed2269c-d382-49a5-b595-a754aec85762\" data-dt-img-description=\"\" data-large_image_width=\"747\" data-large_image_height=\"1047\"href='https:\/\/www.radiopiu.net\/wordpress\/wp-content\/uploads\/2023\/01\/8ed2269c-d382-49a5-b595-a754aec85762.jpg'><img loading=\"lazy\" decoding=\"async\" width=\"150\" height=\"150\" src=\"https:\/\/www.radiopiu.net\/wordpress\/wp-content\/uploads\/2023\/01\/8ed2269c-d382-49a5-b595-a754aec85762-150x150.jpg\" class=\"attachment-thumbnail size-thumbnail\" alt=\"\" \/><\/a>\n\t\t\t\t<\/dt><\/dl><br style=\"clear: both\" \/>\n\t\t\t<\/div>\n\n<p>&nbsp;<\/p>\n<hr \/>\n<p>&nbsp;<\/p>\n<blockquote>\n<h2><span style=\"color: #ff0000;\">ON&#8212;&#8211;OFF<\/span><\/h2>\n<\/blockquote>\n<p><a class=\"dt-pswp-item\" href=\"https:\/\/www.radiopiu.net\/wordpress\/wp-content\/uploads\/2023\/01\/ZANETTI.png\" data-dt-img-description=\"\" data-large_image_width=\"744\" data-large_image_height=\"631\"><img loading=\"lazy\" decoding=\"async\" class=\"size-medium wp-image-319233 alignleft\" src=\"https:\/\/www.radiopiu.net\/wordpress\/wp-content\/uploads\/2023\/01\/ZANETTI-300x254.png\" alt=\"\" width=\"300\" height=\"254\" srcset=\"https:\/\/www.radiopiu.net\/wordpress\/wp-content\/uploads\/2023\/01\/ZANETTI-300x254.png 300w, https:\/\/www.radiopiu.net\/wordpress\/wp-content\/uploads\/2023\/01\/ZANETTI.png 744w\" sizes=\"auto, (max-width: 300px) 100vw, 300px\" \/><\/a>off?&#8230;. on!!!!! Accendi la tua notte! Con gli studenti del liceo scientifico SPORTIVO, al PALAFALCADE&#8230; VENERDI 10 E SABATO 11, APERITIVI, TORNEO DI BRISCOLA, CALCIO BALILLA. venerdi 10 il ballo liscio con Cristian Group, sabato 11 serata con DJ BISSO E DALLA MEZZANOTTE happy hour. Se fai tardi? Puoi fare tardi&#8230; c&#8217;e&#8217; il servizio navetta con Massimo. Vantaggioso il biglietto in prevendita&#8230; a soli 7 euro. info 340 4865363 ACCENDI LA TUA NOTTE, A FALCADE, CON GLI STUDENTI DELLO SCIENTIFICO SPORTIVO DI AGORDO&#8230;.NO LIMITS IN COLLABORAZIONE CON Impresa edile eredi Dorigo Vincenzo , ad Agordo. Zumbrillenbar, ristorante e pizza unica, a mezzogiorno e sera, in localit\u00e0 Valcozzena. E.. impresa edile marco menegolla<\/p>\n<p><strong>ALLA RADIO<\/strong><\/p>\n<audio class=\"wp-audio-shortcode\" id=\"audio-319790-11\" preload=\"none\" style=\"width: 100%;\" controls=\"controls\"><source type=\"audio\/mpeg\" src=\"https:\/\/www.radiopiu.net\/wordpress\/wp-content\/uploads\/2023\/01\/LICEOAGORDO_BA_3101.mp3?_=11\" \/><a href=\"https:\/\/www.radiopiu.net\/wordpress\/wp-content\/uploads\/2023\/01\/LICEOAGORDO_BA_3101.mp3\">https:\/\/www.radiopiu.net\/wordpress\/wp-content\/uploads\/2023\/01\/LICEOAGORDO_BA_3101.mp3<\/a><\/audio>\n<p>&nbsp;<\/p>\n<p>&nbsp;<\/p>\n<hr \/>\n<p>&nbsp;<\/p>\n<p>&nbsp;<\/p>\n<blockquote class=\"wp-embedded-content\" data-secret=\"3CDasXTUVo\"><p><a href=\"https:\/\/www.radiopiu.net\/wordpress\/provincia-di-belluno-dallalto-nei-giorni-delle-mongolfiere\/\">PROVINCIA DI BELLUNO DALL&#8217;ALTO NEI GIORNI DELLE MONGOLFIERE<\/a><\/p><\/blockquote>\n<p><iframe loading=\"lazy\" class=\"wp-embedded-content\" sandbox=\"allow-scripts\" security=\"restricted\" style=\"position: absolute; clip: rect(1px, 1px, 1px, 1px);\" title=\"&#8220;PROVINCIA DI BELLUNO DALL&#8217;ALTO NEI GIORNI DELLE MONGOLFIERE&#8221; &#8212; Radio Pi\u00f9\" src=\"https:\/\/www.radiopiu.net\/wordpress\/provincia-di-belluno-dallalto-nei-giorni-delle-mongolfiere\/embed\/#?secret=UvHSReTOLz#?secret=3CDasXTUVo\" data-secret=\"3CDasXTUVo\" width=\"600\" height=\"338\" frameborder=\"0\" marginwidth=\"0\" marginheight=\"0\" scrolling=\"no\"><\/iframe><\/p>\n<p>&nbsp;<\/p>\n<hr \/>\n<p>&nbsp;<\/p>\n<blockquote>\n<h3>LA ZINGHENESTA A CANALE D&#8217;AGORDO<\/h3>\n<\/blockquote>\n<p><strong>CANALE D&#8217;AGORDO<\/strong> Domenica 19 febbraio torna La Zinghenesta a Canale D&#8217;Agordo, il carnevale della Valle del Biois. L&#8217;evento inizier\u00e0 con la consueta sfilata del corteo mascherato in partenza da Falcade per poi arrivare verso le 12.00 a Canale d&#8217;Agordo. Alle 15.00 inizio della sfilata per le vie del paese, arrivo in piazza e premiazione della maschera pi\u00f9 bella; Alle 16.30 processo al Carnevale. Sculture in legno, divertimento e dolci per grandi e piccini accompagneranno questa edizione<\/p>\n<p>&nbsp;<\/p>\n<p>&nbsp;<\/p>\n<hr \/>\n<p>&nbsp;<\/p>\n<blockquote>\n<h3>I RICORDI DI UNA PICCOLA ITALIANA<\/h3>\n<\/blockquote>\n<p><strong>BORGO VALBELLUNA <\/strong>I ricordi di vita e di guerra di una bambina sono il tema del libro \u201cUna piccola italiana in guerra. Ricordi tra fascismo e lotta di Liberazione nell\u2019Oltrardo\u201d, pubblicato dall\u2019ISBREC con la cura di Paola Salomon, che sar\u00e0 presentato dal Circolo Promozione Cultura di Mel, in collaborazione con il Comune di Borgo Valbelluna, domani alle 18.00 nella sala conferenze del Palazzo delle Contesse di Mel.<\/p>\n<p>&nbsp;<\/p>\n<p>&nbsp;<\/p>\n<hr \/>\n<p>&nbsp;<\/p>\n<blockquote>\n<h3>IMMAGINI E SCULTURE DI GIOVANNA DEPPI<\/h3>\n<\/blockquote>\n<p><strong>PIEVE DI CADORE<\/strong> Dal 3 al 18 febbraio Giovanna Deppi esporr\u00e0 disegni e sculture presso la L\u00f2da della Cartoleria Tiziano a Pieve di Cadore, con presentazione del maestro Vico Calabr\u00f2.<\/p>\n<p>&nbsp;<\/p>\n<p>&nbsp;<\/p>\n<hr \/>\n<p>&nbsp;<\/p>\n<blockquote>\n<h3>SABATO LA PRESENTAZIONE DEL LIBRO DI SILVIO GUARNIERI<\/h3>\n<\/blockquote>\n<p><strong>FELTRE<\/strong> Sabato alle 17:30 al Museo Diocesano di Feltre Il Panfilo \u00e8 lieto di presentare \u00a0il libro inedito di Silvio Guarnieri \u201cCronache di guerra e di pace\u201d, edito da Manni editore e curato da Adriana Guarnieri, con la collaborazione di Giacomo Corazzol. Un prezioso volume, che raccoglie cinque<br \/>\nracconti in cui si trovano riunite, in un unico disegno, le esperienze vissute da Silvio Guarnieri in Romania, tra il 1943 e il 1945.<\/p>\n<p>&nbsp;<\/p>\n<p>&nbsp;<\/p>\n<hr \/>\n<p>&nbsp;<\/p>\n<blockquote>\n<h3>A LIMANA SI RICORDA NORMA COSSETTO<\/h3>\n<\/blockquote>\n<p><strong>LIMANA <\/strong>In occasione della giornata della Memoria, il Comune di Limana e la Bibilioteca organizzano per mercoled\u00ec alle 20:30 in sala Nocivelli un incontro dal titolo &#8220;Norma Cossetto, per ricordare le foibe&#8221;. Ingresso libero.<\/p>\n<p>&nbsp;<\/p>\n<p>&nbsp;<\/p>\n<hr \/>\n<p>&nbsp;<\/p>\n<blockquote>\n<h3>LA CIASPOLATA IN ROSA<\/h3>\n<\/blockquote>\n<p><strong>VAL DI ZOLDO<\/strong> Sabato 18 febbraio a Palafavera di Val di Zoldo parte la \u201cCiaspolata in Rosa\u201d. Aperta a tutti e non competitiva, la Ciaspolata si snoda su un percorso di 4-5 km nella suggestiva cornice di Palafavera dominata dai Monti Pelmo e Civetta. Iscrizioni online su \u201csportolomiti.it\u201d, presso gli uffici comunali di Forno e Fusine di Val di Zoldo e presso l\u2019ufficio turistico di Pecol.<\/p>\n<p>&nbsp;<\/p>\n<p>&nbsp;<\/p>\n<hr \/>\n<p>&nbsp;<\/p>\n<blockquote>\n<h3>RIPARTONO A LIMANA I CORSI DI POTATURA \/ INNESTI E ORTICOLTURA<\/h3>\n<\/blockquote>\n<p><strong>LIMANA <\/strong>Dopo due anni di attesa finalmente ricominciano a Limana i corsi di potatura \/ innesti e orticoltura organizzati dal Comune di Limana con la collaborazione del dr. Agronomo Alessandro Gallon, apprezzato docente presso l\u2019Istituto Professionale e Tecnico di Stato per l&#8217;Agricoltura e l&#8217;Ambiente di Feltre. Le iscrizioni sono aperte e termineranno il giorno 13 febbraio per il corso di potatura \/ innesti e il 06 marzo per il corso di orticoltura (per info: Ufficio commercio e turismo: 0437-966124 \u2013 <a href=\"mailto:commercio@comune.limana.bl.it\">commercio@comune.limana.bl.it<\/a>).<\/p>\n<p>&nbsp;<\/p>\n<p>&nbsp;<\/p>\n<hr \/>\n<p>&nbsp;<\/p>\n<div class=\"column\">\n<h1><span style=\"color: #ff00ff;\">AGORDINO IN FERMENTO&#8230;AGORDINO IN MOVIMENTO\u00a0\u00a0<\/span><\/h1>\n<blockquote>\n<h3>4 FEBBRAIO 2023: LA CASPARETHA&#8230; IL CASPERITIVO. SPORT E FESTA.<\/h3>\n<\/blockquote>\n<p><strong>di Gianni Santomaso<\/strong><\/p>\n<audio class=\"wp-audio-shortcode\" id=\"audio-319790-12\" preload=\"none\" style=\"width: 100%;\" controls=\"controls\"><source type=\"audio\/mpeg\" src=\"https:\/\/www.radiopiu.net\/wordpress\/wp-content\/uploads\/2023\/01\/GIANNI-CASPARETHA.mp3?_=12\" \/><a href=\"https:\/\/www.radiopiu.net\/wordpress\/wp-content\/uploads\/2023\/01\/GIANNI-CASPARETHA.mp3\">https:\/\/www.radiopiu.net\/wordpress\/wp-content\/uploads\/2023\/01\/GIANNI-CASPARETHA.mp3<\/a><\/audio>\n<p>&nbsp;<\/p>\n<blockquote>\n<h3>NEL PROSSIMO FINE SETTIMANA LA CASPARETHA A CANALE D&#8217;AGORDO<\/h3>\n<\/blockquote>\n<p><strong><a class=\"dt-pswp-item\" href=\"https:\/\/www.radiopiu.net\/wordpress\/wp-content\/uploads\/2023\/01\/CASPARETHA-2-scaled.jpg\" data-dt-img-description=\"\" data-large_image_width=\"2560\" data-large_image_height=\"1707\"><img loading=\"lazy\" decoding=\"async\" class=\" wp-image-319101 alignleft\" src=\"https:\/\/www.radiopiu.net\/wordpress\/wp-content\/uploads\/2023\/01\/CASPARETHA-2-300x200.jpg\" alt=\"\" width=\"221\" height=\"147\" srcset=\"https:\/\/www.radiopiu.net\/wordpress\/wp-content\/uploads\/2023\/01\/CASPARETHA-2-300x200.jpg 300w, https:\/\/www.radiopiu.net\/wordpress\/wp-content\/uploads\/2023\/01\/CASPARETHA-2-1024x683.jpg 1024w, https:\/\/www.radiopiu.net\/wordpress\/wp-content\/uploads\/2023\/01\/CASPARETHA-2-768x512.jpg 768w, https:\/\/www.radiopiu.net\/wordpress\/wp-content\/uploads\/2023\/01\/CASPARETHA-2-1536x1024.jpg 1536w, https:\/\/www.radiopiu.net\/wordpress\/wp-content\/uploads\/2023\/01\/CASPARETHA-2-2048x1365.jpg 2048w\" sizes=\"auto, (max-width: 221px) 100vw, 221px\" \/><\/a>CANALE D&#8217;AGORDO <\/strong>Cinque km illuminati da fiaccole da percorrere ciaspole ai piedi, tra un ristoro e l\u2019altro di prodotti tipici come Gulasch e minestra d&#8217;orzo. Tutto questo \u00e8 la Casparetha, la camminata sulla neve, competitiva e non, che si terr\u00e0 sabato 4 febbraio a Canale d\u2019Agordo.\u00a0 Partenza, alle ore 19, da piazza Papa Luciani dove si chiude anche il percorso con tanto di festa finale e spettacolo pirotecnico. Un anello facilmente percorribile, con 200 metri di dislivello, in un\u2019atmosfera resa magica dalle luci che illuminano la neve caduta abbondante nelle ultime giornate. La partecipazione alla Casparetha \u00e8 consentita solo ai ciaspolatori ma non mancheranno le occasioni di divertimento anche per chi non si mette alla prova sui 5 km. Oltre alla festa in piazza, dalle 17.30 i locali aderenti ed il comitato organizzatore daranno vita al \u201cCasperitivo\u201d.\u00a0 Per l\u2019occasione anche il museo Papa Luciani rimarr\u00e0 aperto fino alle 21. Nella Ski Area San Pellegrino anche il mese di febbraio si annuncia denso di appuntamenti per gli amanti della montagna. Con la Casparetha non solo sci ma anche ciaspole e sapori del territorio per un weekend all\u2019insegna dello sport e della cucina tipica. \u00c8 possibile iscriversi attraverso il sito <a href=\"http:\/\/casparetha.it\/\">casparetha.it<\/a>. Massimo 1.000 partecipanti. Costo iscrizione online 20 euro per gli adulti, 10 euro per i nati dal 2013 in poi. Noleggio ciaspole 8 euro.\u00a0 Chi si iscriver\u00e0 il giorno della gara o in Pro Loco 23\u20ac adulti e 12\u20ac per i nati dal 2013 in poi. Informazioni su Casparetha.it e presso la Proloco Canale d\u2019Agordo Tel. 0437.1948030<\/p>\n<p>&nbsp;<\/p>\n<blockquote><p><strong><span style=\"color: #ff0000;\">ALLA RADIO, L&#8217;INTERVISTA A MIRCO E EMIL TANCON<\/span><\/strong><\/p><\/blockquote>\n<div class=\"column\">\n<p><strong><a class=\"dt-pswp-item\" href=\"https:\/\/www.radiopiu.net\/wordpress\/wp-content\/uploads\/2023\/01\/CASPARETHA_page-0001.jpg\" data-dt-img-description=\"\" data-large_image_width=\"886\" data-large_image_height=\"632\"><img loading=\"lazy\" decoding=\"async\" class=\" wp-image-315112 alignleft\" src=\"https:\/\/www.radiopiu.net\/wordpress\/wp-content\/uploads\/2023\/01\/CASPARETHA_page-0001-300x214.jpg\" alt=\"\" width=\"243\" height=\"173\" srcset=\"https:\/\/www.radiopiu.net\/wordpress\/wp-content\/uploads\/2023\/01\/CASPARETHA_page-0001-300x214.jpg 300w, https:\/\/www.radiopiu.net\/wordpress\/wp-content\/uploads\/2023\/01\/CASPARETHA_page-0001-768x548.jpg 768w, https:\/\/www.radiopiu.net\/wordpress\/wp-content\/uploads\/2023\/01\/CASPARETHA_page-0001.jpg 886w\" sizes=\"auto, (max-width: 243px) 100vw, 243px\" \/><\/a>CANALE D&#8217;AGORDO <\/strong>Sabato 4 febbraio \u00e8 in programma la Casparetha 2023, camminata competitiva e non in notturna con racchette da neve su tracciato di circa 5 km.<\/p>\n<p><strong>di Mirko Mezzacasa<\/strong><\/p>\n<p>OSPITI: Emil Tancon e Mirko Tancon<\/p>\n<audio class=\"wp-audio-shortcode\" id=\"audio-319790-13\" preload=\"none\" style=\"width: 100%;\" controls=\"controls\"><source type=\"audio\/mpeg\" src=\"https:\/\/www.radiopiu.net\/wordpress\/wp-content\/uploads\/2023\/01\/casparetha-mirco-emil.mp3?_=13\" \/><a href=\"https:\/\/www.radiopiu.net\/wordpress\/wp-content\/uploads\/2023\/01\/casparetha-mirco-emil.mp3\">https:\/\/www.radiopiu.net\/wordpress\/wp-content\/uploads\/2023\/01\/casparetha-mirco-emil.mp3<\/a><\/audio>\n<\/div>\n<\/div>\n<p>&nbsp;<\/p>\n<p>&nbsp;<\/p>\n<hr \/>\n<p>&nbsp;<\/p>\n<p>&nbsp;<\/p>\n<p class=\"photoswipe-wrapper\"><a class=\"dt-pswp-item pspw-wrap-ready\" href=\"https:\/\/www.radiopiu.net\/wordpress\/wp-content\/uploads\/2023\/01\/f357cc9c-828e-4d9b-9ff4-ec3efed24d74.jpg\" data-dt-img-description=\"\" data-large_image_width=\"724\" data-large_image_height=\"1024\"><img loading=\"lazy\" decoding=\"async\" class=\"wp-image-315069 alignleft\" src=\"https:\/\/www.radiopiu.net\/wordpress\/wp-content\/uploads\/2023\/01\/f357cc9c-828e-4d9b-9ff4-ec3efed24d74.jpg\" sizes=\"auto, (max-width: 140px) 100vw, 140px\" srcset=\"https:\/\/www.radiopiu.net\/wordpress\/wp-content\/uploads\/2023\/01\/f357cc9c-828e-4d9b-9ff4-ec3efed24d74.jpg 724w, https:\/\/www.radiopiu.net\/wordpress\/wp-content\/uploads\/2023\/01\/f357cc9c-828e-4d9b-9ff4-ec3efed24d74-212x300.jpg 212w\" alt=\"\" width=\"79\" height=\"112\" \/><\/a><\/p>\n<h1><span style=\"color: #ff00ff;\">AGORDINO IN FERMENTO\u2026AGORDINO IN MOVIMENTO<\/span><\/h1>\n<blockquote><p><strong>A CARNEVALE\u2026 EL CARNEVAL DE LE VAI\u2026DA SELVA DI CADORE A CANALE D\u2019AGORDO, DA RIVAMONTE A LASTE E SOTTOGUDA. TRADIZIONE, CULTUR E SPETTACOLO\u00a0\u00a0<\/strong><\/p><\/blockquote>\n<p><iframe loading=\"lazy\" title=\"CARNEVAI DE LE VAI L&#039;INTERVISTA AI PROTAGONISTI\" width=\"1200\" height=\"675\" src=\"https:\/\/www.youtube.com\/embed\/w-vtgGV1TuM?start=198&#038;feature=oembed\" frameborder=\"0\" allow=\"accelerometer; autoplay; clipboard-write; encrypted-media; gyroscope; picture-in-picture; web-share\" allowfullscreen><\/iframe><\/p>\n<p>&nbsp;<\/p>\n<p>&nbsp;<\/p>\n<hr \/>\n<p>&nbsp;<\/p>\n<p>&nbsp;<\/p>\n<p><iframe loading=\"lazy\" title=\"Radio Pi\u00f9 festeggia i suoi primi 40 anni di attivit\u00e0\" width=\"1200\" height=\"675\" src=\"https:\/\/www.youtube.com\/embed\/6ptB04FauBE?feature=oembed\" frameborder=\"0\" allow=\"accelerometer; autoplay; clipboard-write; encrypted-media; gyroscope; picture-in-picture; web-share\" allowfullscreen><\/iframe><\/p>\n<p>&nbsp;<\/p>\n<hr \/>\n<p>&nbsp;<\/p>\n<blockquote class=\"wp-embedded-content\" data-secret=\"5rTaqKP1Ry\"><p><a href=\"https:\/\/www.radiopiu.net\/wordpress\/limpresa-folle-di-aaron-lazzaro-ed-enrico-triches-in-argentina-gli-aggiornamenti-di-nessuna-vetta-e-lontana\/\">L&#8217;IMPRESA FOLLE DI AARON LAZZARO ED ENRICO TRICHES IN ARGENTINA. GLI AGGIORNAMENTI DI &#8220;NESSUNA VETTA E&#8217; LONTANA&#8221;<\/a><\/p><\/blockquote>\n<p><iframe loading=\"lazy\" class=\"wp-embedded-content\" sandbox=\"allow-scripts\" security=\"restricted\" style=\"position: absolute; clip: rect(1px, 1px, 1px, 1px);\" title=\"&#8220;L&#8217;IMPRESA FOLLE DI AARON LAZZARO ED ENRICO TRICHES IN ARGENTINA. GLI AGGIORNAMENTI DI &#8220;NESSUNA VETTA E&#8217; LONTANA&#8221;&#8221; &#8212; Radio Pi\u00f9\" src=\"https:\/\/www.radiopiu.net\/wordpress\/limpresa-folle-di-aaron-lazzaro-ed-enrico-triches-in-argentina-gli-aggiornamenti-di-nessuna-vetta-e-lontana\/embed\/#?secret=x9y1pJBlY8#?secret=5rTaqKP1Ry\" data-secret=\"5rTaqKP1Ry\" width=\"600\" height=\"338\" frameborder=\"0\" marginwidth=\"0\" marginheight=\"0\" scrolling=\"no\"><\/iframe><\/p>\n<p>&nbsp;<\/p>\n<hr \/>\n<p>&nbsp;<\/p>\n<blockquote>\n<h3>AL FESTIVAL DI SANREMO LO SPETTACOLO DOLOMITICO&#8230;SULLE RADIO DELLA PROVINCIA<\/h3>\n<\/blockquote>\n<p><strong>LO SPOT ALLA RADIO\u00a0<\/strong><\/p>\n<audio class=\"wp-audio-shortcode\" id=\"audio-319790-14\" preload=\"none\" style=\"width: 100%;\" controls=\"controls\"><source type=\"audio\/mpeg\" src=\"https:\/\/www.radiopiu.net\/wordpress\/wp-content\/uploads\/2023\/01\/CASA-SANREMO.mp3?_=14\" \/><a href=\"https:\/\/www.radiopiu.net\/wordpress\/wp-content\/uploads\/2023\/01\/CASA-SANREMO.mp3\">https:\/\/www.radiopiu.net\/wordpress\/wp-content\/uploads\/2023\/01\/CASA-SANREMO.mp3<\/a><\/audio>\n<p>&nbsp;<\/p>\n<p><strong><a class=\"dt-pswp-item\" href=\"https:\/\/www.radiopiu.net\/wordpress\/wp-content\/uploads\/2023\/01\/Casa-Sanremo-2022_2.jpg\" data-dt-img-description=\"\" data-large_image_width=\"640\" data-large_image_height=\"480\"><img loading=\"lazy\" decoding=\"async\" class=\"size-medium wp-image-317286 alignleft\" src=\"https:\/\/www.radiopiu.net\/wordpress\/wp-content\/uploads\/2023\/01\/Casa-Sanremo-2022_2-300x225.jpg\" alt=\"\" width=\"300\" height=\"225\" srcset=\"https:\/\/www.radiopiu.net\/wordpress\/wp-content\/uploads\/2023\/01\/Casa-Sanremo-2022_2-300x225.jpg 300w, https:\/\/www.radiopiu.net\/wordpress\/wp-content\/uploads\/2023\/01\/Casa-Sanremo-2022_2.jpg 640w\" sizes=\"auto, (max-width: 300px) 100vw, 300px\" \/><\/a>BELLUNO<\/strong>\u00a0 Le Dolomiti Bellunesi saranno protagoniste al Festival della Canzone italiana 2023. La Provincia di Belluno porta nella citt\u00e0 ligure le sue montagne, i suoi colori, i suoi sapori, le sue eccellenze per farle conoscere al grande pubblico. Lo spettacolo si accende a Casa Sanremo, con incontri, meeting, trasmissioni tv e radio, la sala stampa e il ristorante. \u00c8 qui che in un\u2019area di ben 250 metri quadrati il territorio bellunese si racconter\u00e0 agli ospiti che passeranno dallo sguardo sul mare alla vista del Pelmo e del Civetta, che potranno gustare un aperitivo o assaggiare i prodotti tipici del territorio. Diversi angoli <a class=\"dt-pswp-item\" href=\"https:\/\/www.radiopiu.net\/wordpress\/wp-content\/uploads\/2023\/01\/Casa-Sanremo-Estate-Alleghe-2022-scaled.jpg\" data-dt-img-description=\"\" data-large_image_width=\"2560\" data-large_image_height=\"1920\"><img loading=\"lazy\" decoding=\"async\" class=\"size-medium wp-image-317287 alignright\" src=\"https:\/\/www.radiopiu.net\/wordpress\/wp-content\/uploads\/2023\/01\/Casa-Sanremo-Estate-Alleghe-2022-300x225.jpg\" alt=\"\" width=\"300\" height=\"225\" srcset=\"https:\/\/www.radiopiu.net\/wordpress\/wp-content\/uploads\/2023\/01\/Casa-Sanremo-Estate-Alleghe-2022-300x225.jpg 300w, https:\/\/www.radiopiu.net\/wordpress\/wp-content\/uploads\/2023\/01\/Casa-Sanremo-Estate-Alleghe-2022-1024x768.jpg 1024w, https:\/\/www.radiopiu.net\/wordpress\/wp-content\/uploads\/2023\/01\/Casa-Sanremo-Estate-Alleghe-2022-768x576.jpg 768w, https:\/\/www.radiopiu.net\/wordpress\/wp-content\/uploads\/2023\/01\/Casa-Sanremo-Estate-Alleghe-2022-1536x1152.jpg 1536w, https:\/\/www.radiopiu.net\/wordpress\/wp-content\/uploads\/2023\/01\/Casa-Sanremo-Estate-Alleghe-2022-2048x1536.jpg 2048w\" sizes=\"auto, (max-width: 300px) 100vw, 300px\" \/><\/a>confortevoli con vista Dolomiti permetteranno al personale bellunese di dialogare con ospiti d\u2019eccezione e invitati selezionati. Ci sar\u00e0 anche un palco, con un\u2019area pubblico che ospiter\u00e0 diverse trasmissioni televisive fra le quali lo show cooking del mattino, dove uno chef stellato bellunese presenter\u00e0 le ricette migliori del territorio. Le Dolomiti Bellunesi saranno nella citt\u00e0 dei fiori dal 5 all\u201911 febbraio.<\/p>\n<p><strong>LO SPETTACOLO SI ACCENDE<\/strong><\/p>\n<p>Le Dolomiti Bellunesi protagoniste al Festival della Canzone italiana. DAL 5 ALL&#8217;11 FEBBRAIO il brand Dolomiti Bellunesi si presenta alla clubhouse di casa Sanremo. Un lavoro di squadra messo in campo da Provincia di Belluno e DMO Dolomiti grazie al Fondo Comuni Confinanti, alla Regione Veneto e alla Camera di Commercio, con la partecipazione di associazioni di categorie e imprese: per una settimana verranno raccontate le eccellenze del territorio LE RADIO BELLUNESI &#8211; RADIO \u00a0BELLUNO, RADIO CLUB 103 E RADIO PIU&#8217; vi aspettano dal 5 all&#8217;11 febbraio alle 18.15, in diretta per vincere tutti\u00a0insieme al Festival di Sanremo<\/p>\n<p>&nbsp;<\/p>\n<p>&nbsp;<\/p>\n<p>&nbsp;<\/p>\n<p>&nbsp;<\/p>\n<hr \/>\n<p>&nbsp;<\/p>\n<div>\n<div class=\"b654a4as d2edcug0\">\n<div class=\"rq0escxv hkbzh7o3 jwdofwj8 n8tt0mok r8blr3vg hyh9befq\">\n<p><a class=\"dt-pswp-item\" href=\"https:\/\/www.radiopiu.net\/wordpress\/wp-content\/uploads\/2020\/10\/pp.jpg\" data-dt-img-description=\"\" data-large_image_width=\"640\" data-large_image_height=\"640\"><img loading=\"lazy\" decoding=\"async\" class=\"wp-image-163678 alignleft\" src=\"https:\/\/www.radiopiu.net\/wordpress\/wp-content\/uploads\/2020\/10\/pp-300x300.jpg\" alt=\"\" width=\"106\" height=\"106\" srcset=\"https:\/\/www.radiopiu.net\/wordpress\/wp-content\/uploads\/2020\/10\/pp-300x300.jpg 300w, https:\/\/www.radiopiu.net\/wordpress\/wp-content\/uploads\/2020\/10\/pp-150x150.jpg 150w, https:\/\/www.radiopiu.net\/wordpress\/wp-content\/uploads\/2020\/10\/pp-125x125.jpg 125w, https:\/\/www.radiopiu.net\/wordpress\/wp-content\/uploads\/2020\/10\/pp-200x200.jpg 200w, https:\/\/www.radiopiu.net\/wordpress\/wp-content\/uploads\/2020\/10\/pp-80x80.jpg 80w, https:\/\/www.radiopiu.net\/wordpress\/wp-content\/uploads\/2020\/10\/pp-480x480.jpg 480w, https:\/\/www.radiopiu.net\/wordpress\/wp-content\/uploads\/2020\/10\/pp.jpg 640w\" sizes=\"auto, (max-width: 106px) 100vw, 106px\" \/><\/a><\/p>\n<\/div>\n<\/div>\n<\/div>\n<div>\n<div class=\"page-title-head hgroup\">\n<div class=\"page-title-head hgroup\">\n<div class=\"b654a4as d2edcug0\">\n<div class=\"j83agx80 btwxx1t3 lhclo0ds hop8lmos nkwizq5d scwd0bx6 roh60bw9\">\n<div class=\"rq0escxv hkbzh7o3 jwdofwj8 n8tt0mok r8blr3vg hyh9befq\">\n<div class=\"do00u71z l9j0dhe7 k4urcfbm\" style=\"text-align: left;\">\n<h2><span style=\"color: #000080;\">DON CESARE, IL PENSIERO DEL GIORNO. ALLA RADIO ALLE 7 DEL MATTINO E ALLE 19.30 DELLA SERA\u00a0<\/span><\/h2>\n<p>&nbsp;<\/p>\n<p>&nbsp;<\/p>\n<audio class=\"wp-audio-shortcode\" id=\"audio-319790-15\" preload=\"none\" style=\"width: 100%;\" controls=\"controls\"><source type=\"audio\/mpeg\" src=\"https:\/\/www.radiopiu.net\/wordpress\/wp-content\/uploads\/2023\/02\/CESARE-1.mp3?_=15\" \/><a href=\"https:\/\/www.radiopiu.net\/wordpress\/wp-content\/uploads\/2023\/02\/CESARE-1.mp3\">https:\/\/www.radiopiu.net\/wordpress\/wp-content\/uploads\/2023\/02\/CESARE-1.mp3<\/a><\/audio>\n<p>&nbsp;<\/p>\n<p>&nbsp;<\/p>\n<\/div>\n<\/div>\n<\/div>\n<\/div>\n<\/div>\n<\/div>\n<\/div>\n<hr \/>\n<p>&nbsp;<\/p>\n<h2>1990 &#8211; IL BELLO DELLA DIRETTA, puntata01 &#8220;ODIO ANCORA LA RADIO&#8221;.<\/h2>\n<p><strong>Un articolo al mese che racconta gli episodi pi\u00f9 divertenti, importanti, ricorda fatti e persone che hanno fatto la storia di Radio Pi\u00f9.<\/strong><\/p>\n<p>Il 25 giugno saranno 40 anni di informazione, musica, storia. In quattro decenni di storie ne abbiamo raccontate tante, e in attesa del taglio della torta abbiamo pensato \u201cPerch\u00e9 non ricordarle come abbiamo fatto 10 anni fa con \u201cOdio La Radio\u201d. Ma abbiamo anche pensato\u2026 \u201cE se ne raccontassimo qualcuna anche degli ultimi 10 anni? Ogni 25 del mese un nuovo articolo, vi aspettiamo!<\/p>\n<p><strong>PRIMA PUNTATA, DAL LIBRO &#8220;ODIO LA RADIO&#8221;, 2013 di Mirko Mezzacasa<\/strong><\/p>\n<p><a href=\"https:\/\/www.radiopiu.net\/wordpress\/wp-content\/uploads\/2023\/01\/WhatsApp-Image-2023-01-18-at-14.31.26.jpeg\" data-dt-img-description=\"Bruno Zanetti\" data-large_image_width=\"1600\" data-large_image_height=\"1066\"><img loading=\"lazy\" decoding=\"async\" class=\"wp-image-317469 size-medium alignleft\" src=\"https:\/\/www.radiopiu.net\/wordpress\/wp-content\/uploads\/2023\/01\/WhatsApp-Image-2023-01-18-at-14.31.26-300x200.jpeg\" alt=\"\" width=\"300\" height=\"200\" srcset=\"https:\/\/www.radiopiu.net\/wordpress\/wp-content\/uploads\/2023\/01\/WhatsApp-Image-2023-01-18-at-14.31.26-300x200.jpeg 300w, https:\/\/www.radiopiu.net\/wordpress\/wp-content\/uploads\/2023\/01\/WhatsApp-Image-2023-01-18-at-14.31.26-1024x682.jpeg 1024w, https:\/\/www.radiopiu.net\/wordpress\/wp-content\/uploads\/2023\/01\/WhatsApp-Image-2023-01-18-at-14.31.26-768x512.jpeg 768w, https:\/\/www.radiopiu.net\/wordpress\/wp-content\/uploads\/2023\/01\/WhatsApp-Image-2023-01-18-at-14.31.26-1536x1023.jpeg 1536w, https:\/\/www.radiopiu.net\/wordpress\/wp-content\/uploads\/2023\/01\/WhatsApp-Image-2023-01-18-at-14.31.26.jpeg 1600w\" sizes=\"auto, (max-width: 300px) 100vw, 300px\" \/><\/a>Indimenticabile quel notiziario, quell&#8217;incredibile errore dovuto a diverse situazioni. In studio ero solo, come sempre. Ma il notiziario a Radio Pi\u00f9, alle 12.30 o alle 12.45 a seconda dei blocchi pubblicitari \u00e8 pur sempre andato in onda. Come? Questo ha dell&#8217;incredibile. Era il periodo caldo, la sera in giro per il nord Italia a seguire l&#8217;Alleghe Hockey, di giorno chiuso in uno studio di produzione. Ma il notiziario alle 12.30 era un rito importante, guai non esserci, guai se non era e, se non \u00e8 interessante. Si chiama colonna della radio, lo sapevo nel 1983, lo riconosco oggi. Quel notiziario, il GR principale delle 12.30 (non ha mai cambiato nome in 22 anni) era di difficile realizzazione, solo in studio con due linee telefoniche aperte. <em>&#8220;Attenzione la metto in diretta, mi raccomando ascolti bene il servizio che precede la sua intervista. Poi una volta al termine sar\u00e0 mia premura introdurla per la messa in onda. Lei stia li&#8217;, fermo, aspetti il mio segnale e non respiri perch\u00e9 avr\u00f2 tutti i microfoni ambientali aperti&#8221;.<\/em> Secondo me era chiaro, il fuori onda era stato preciso almeno per me, ma non per il commendator Bruno Zanetti, al tempo presidente provinciale dell&#8217;Associazione Nazionale Alpini, un gran Presidete e uomo che ha combattuto fino all&#8217;ultimo giorno per i suoi alpini, strenuo difensore della Caserma degli Alpini di Agordo, e quando in tempi non sospetti anticipo&#8217; la possibile chiusura. Ma quella votla&#8230; non mi aveva seguito nel notiziario. Colpa mia, non avevo considerato che alle 12.30 era ritornato a casa da pochi minuti, prima del pranzo, dopo il giro di aperitivi e l&#8217;aperitivo con Zanetti era sempre un gran momento.\u00a0 Il servizio precedente verteva sulla statale del San Pellegrino. In particolare l&#8217;allora Anas aveva sostituito i gardrail metallici con palizzate in legno, ancor oggi visibili. Il mio servizio era secco, polemico senza respiro. Il concetto: <em>&#8220;Come si fa a sostituire una barriera sicura con dei pezzi di legno? Si \u00e8 pensato ai pullman, ai mezzi pesanti, ai camper, alle auto che potrebbero abbattere quella barriera e rotolare per mezzo Passo ove tra l&#8217;altro la pendenza si attesta attorno al 18 per cento?&#8221;<\/em> La boutade per me era chiara. Per il commendator Zanetti no. Finisce il servizio, stacco la prima linea telefonica,\u00a0 ospite\u00a0 Enzo Salton\u00a0 sindaco di Canale d&#8217;Agordo e responsabile del tratto stradale &#8220;incriminato&#8221;. Stacco la linea e su quella rimasta accesa\u00a0 mi propongo a Bruno Zanetti, che nel frattempo aveva ascoltato il servizio sul San Pellegrino. <em>\u00a0&#8220;Commendator Zanetti, parliamo degli alpini agordini, ex penne nere quindi in congedo, partiti per il Piemonte per prestare soccorso alle persone coinvolte nell&#8217;alluvione. Quale il suo pensiero?&#8221;.<\/em> Domanda chiara, liquidabile in poche parole, non pi\u00f9 di 2 minuti. Il taglio giornalistico era perfetto, la domanda chiara, la risposta alluncinante. La ripropongo, la ricordo come fosse ieri. <em>&#8220;Quasi non ci credo &#8211; tuon\u00f2 Zanetti dall&#8217;alto della sua presidenza &#8211; come si permettono i miei uomini di andare in Piemonte e sostiture i gardrail metallici con quelli in legno? E&#8217; una vergogna non possiamo mettere a repentaglio la vita altrui. Siamo li&#8217; per aiutare non per fare danni. Mezzacasa non si preoccupi appena torneranno sar\u00e0 mia cura farli ripartire con un camion colmo di gard rail metallici, rifaranno il lavoro, riporteranno la situazione come prima&#8221;. <\/em>Rimasi totalmente interdetto. Non sapevo come riprendere.\u00a0 <em>&#8220;Presidente, certo. Questo con riferimento a Falcade e al lavoro dell&#8217;Anas che nulla ha di che condividere con i suoi alpini. Le ripongo la domanda, cosa fanno i suoi uomini nel Piemonte alluvionato?&#8221;<\/em> Sconcertante la ripresa, peggio di prima.<em> &#8220;Mezzacasa &#8211; tuon\u00f2 di nuovo Zanetti &#8211; le ho detto che sar\u00e0 mia cura riportare la situazione nella normalit\u00e0, con o senza la presenza degli uomini dell&#8217;Anas&#8221;.<\/em> Non me la sono sentita di continuare, ho chiuso la parte di attualit\u00e0 del notiziario per buttarmi a capofitto nello sport. Per molti giorni ho sentito i commenti su quel notiziario. Io, ad esempio, avevo la registrazione in musicassetta, tutto si registrava in musicassetta in quegli anni. Me la sono tenuta in macchina per qualche anno. Nei momenti tristi mi divertivo tra il play ed il rewind ad ascoltare lo Zanetti show. Ed era un notiziario.<\/p>\n<p><strong>LA RACCOLTA COMPLETA<\/strong><\/p>\n<blockquote class=\"wp-embedded-content\" data-secret=\"wukTty2sMm\"><p><a href=\"https:\/\/www.radiopiu.net\/wordpress\/negli-ultimi-10anni\/\">NEGLI ULTIMI 10 ANNI<\/a><\/p><\/blockquote>\n<p><iframe loading=\"lazy\" class=\"wp-embedded-content\" sandbox=\"allow-scripts\" security=\"restricted\" style=\"position: absolute; clip: rect(1px, 1px, 1px, 1px);\" title=\"&#8220;NEGLI ULTIMI 10 ANNI&#8221; &#8212; Radio Pi\u00f9\" src=\"https:\/\/www.radiopiu.net\/wordpress\/negli-ultimi-10anni\/embed\/#?secret=LlXUDW2PE4#?secret=wukTty2sMm\" data-secret=\"wukTty2sMm\" width=\"600\" height=\"338\" frameborder=\"0\" marginwidth=\"0\" marginheight=\"0\" scrolling=\"no\"><\/iframe><\/p>\n<p>&nbsp;<\/p>\n<hr \/>\n<p>&nbsp;<\/p>\n<h2><span style=\"color: #ff00ff;\">IN VIVO VERSO\u00a0 \u00a0<\/span><\/h2>\n<blockquote>\n<h3>L&#8217;UNICA VIA DI SCAMPO di SABINA SCARAMUCCI<\/h3>\n<\/blockquote>\n<p>AUDIO<\/p>\n<audio class=\"wp-audio-shortcode\" id=\"audio-319790-16\" preload=\"none\" style=\"width: 100%;\" controls=\"controls\"><source type=\"audio\/mpeg\" src=\"https:\/\/www.radiopiu.net\/wordpress\/wp-content\/uploads\/2023\/01\/03-SABINA-SCARAMUCCI-LUNICA-VIA-DI-SCAMPO.mp3?_=16\" \/><a href=\"https:\/\/www.radiopiu.net\/wordpress\/wp-content\/uploads\/2023\/01\/03-SABINA-SCARAMUCCI-LUNICA-VIA-DI-SCAMPO.mp3\">https:\/\/www.radiopiu.net\/wordpress\/wp-content\/uploads\/2023\/01\/03-SABINA-SCARAMUCCI-LUNICA-VIA-DI-SCAMPO.mp3<\/a><\/audio>\n<p>&nbsp;<\/p>\n<p><a class=\"dt-pswp-item\" href=\"https:\/\/www.radiopiu.net\/wordpress\/wp-content\/uploads\/2023\/02\/SABINA-SCARAMUCCI.jpg\" data-dt-img-description=\"\" data-large_image_width=\"669\" data-large_image_height=\"670\"><img loading=\"lazy\" decoding=\"async\" class=\"wp-image-319807 alignleft\" src=\"https:\/\/www.radiopiu.net\/wordpress\/wp-content\/uploads\/2023\/02\/SABINA-SCARAMUCCI-300x300.jpg\" alt=\"\" width=\"145\" height=\"145\" srcset=\"https:\/\/www.radiopiu.net\/wordpress\/wp-content\/uploads\/2023\/02\/SABINA-SCARAMUCCI-300x300.jpg 300w, https:\/\/www.radiopiu.net\/wordpress\/wp-content\/uploads\/2023\/02\/SABINA-SCARAMUCCI-150x150.jpg 150w, https:\/\/www.radiopiu.net\/wordpress\/wp-content\/uploads\/2023\/02\/SABINA-SCARAMUCCI.jpg 669w\" sizes=\"auto, (max-width: 145px) 100vw, 145px\" \/><\/a>Sabina Scaramucci<br \/>\nL&#8217;UNICA VIA DI SCAMPO<br \/>\nL&#8217;unica via<br \/>\ndi scampo<br \/>\n\u00e8 l&#8217;abbraccio.<br \/>\nAlla tentazione,<br \/>\ncui la tua carne<br \/>\ndolcemente<br \/>\nmi condanna,<br \/>\nnon posso<br \/>\nporre resistenza.<br \/>\nNell&#8217;amplesso,<br \/>\nestraniato<br \/>\ndal mondo,<br \/>\ntroveremo salvezza.<\/p>\n<p>&nbsp;<\/p>\n<div dir=\"auto\">\n<div dir=\"auto\">\n<div dir=\"auto\">\n<p><strong>LA RACCOLTA COMPLETA<\/strong><\/p>\n<blockquote class=\"wp-embedded-content\" data-secret=\"5waRllLnCJ\"><p><a href=\"https:\/\/www.radiopiu.net\/wordpress\/in-vivo-verso\/\">In Vivo Verso<\/a><\/p><\/blockquote>\n<p><iframe loading=\"lazy\" class=\"wp-embedded-content\" sandbox=\"allow-scripts\" security=\"restricted\" style=\"position: absolute; clip: rect(1px, 1px, 1px, 1px);\" title=\"&#8220;In Vivo Verso&#8221; &#8212; Radio Pi\u00f9\" src=\"https:\/\/www.radiopiu.net\/wordpress\/in-vivo-verso\/embed\/#?secret=kmO5iOv3by#?secret=5waRllLnCJ\" data-secret=\"5waRllLnCJ\" width=\"600\" height=\"338\" frameborder=\"0\" marginwidth=\"0\" marginheight=\"0\" scrolling=\"no\"><\/iframe><\/p>\n<\/div>\n<\/div>\n<\/div>\n<p>&nbsp;<\/p>\n<p>&nbsp;<\/p>\n<hr \/>\n<p>&nbsp;<\/p>\n<h2><strong><a class=\"dt-pswp-item\" href=\"https:\/\/www.radiopiu.net\/wordpress\/wp-content\/uploads\/2020\/06\/CANALE-DAGORDO-8.jpg\" data-dt-img-description=\"\" data-large_image_width=\"960\" data-large_image_height=\"720\"><img loading=\"lazy\" decoding=\"async\" class=\" wp-image-142137 alignleft\" src=\"https:\/\/www.radiopiu.net\/wordpress\/wp-content\/uploads\/2020\/06\/CANALE-DAGORDO-8-300x225.jpg\" alt=\"\" width=\"160\" height=\"120\" srcset=\"https:\/\/www.radiopiu.net\/wordpress\/wp-content\/uploads\/2020\/06\/CANALE-DAGORDO-8-300x225.jpg 300w, https:\/\/www.radiopiu.net\/wordpress\/wp-content\/uploads\/2020\/06\/CANALE-DAGORDO-8-768x576.jpg 768w, https:\/\/www.radiopiu.net\/wordpress\/wp-content\/uploads\/2020\/06\/CANALE-DAGORDO-8.jpg 960w\" sizes=\"auto, (max-width: 160px) 100vw, 160px\" \/><\/a><span style=\"color: #339966;\">LA RASSEGNA STAMPA DA L&#8217;AMICO DEL POPOLO<\/span><\/strong><\/h2>\n<p><strong>di Gianni Santomaso<\/strong><\/p>\n<p>OSPITE: Giulia Fiocco<\/p>\n<audio class=\"wp-audio-shortcode\" id=\"audio-319790-17\" preload=\"none\" style=\"width: 100%;\" controls=\"controls\"><source type=\"audio\/mpeg\" src=\"https:\/\/www.radiopiu.net\/wordpress\/wp-content\/uploads\/2023\/01\/RASSEGNA-GIANNI-2.mp3?_=17\" \/><a href=\"https:\/\/www.radiopiu.net\/wordpress\/wp-content\/uploads\/2023\/01\/RASSEGNA-GIANNI-2.mp3\">https:\/\/www.radiopiu.net\/wordpress\/wp-content\/uploads\/2023\/01\/RASSEGNA-GIANNI-2.mp3<\/a><\/audio>\n<p>&nbsp;<\/p>\n<hr \/>\n<p>&nbsp;<\/p>\n<blockquote>\n<h3>GOCCE DI FILOSOFIA &#8211; PUNTATA 238 \u2013 CHIARA CAU, TERZA STAGIONE<\/h3>\n<\/blockquote>\n<p>AUDIO<\/p>\n<audio class=\"wp-audio-shortcode\" id=\"audio-319790-18\" preload=\"none\" style=\"width: 100%;\" controls=\"controls\"><source type=\"audio\/mpeg\" src=\"https:\/\/www.radiopiu.net\/wordpress\/wp-content\/uploads\/2023\/01\/FI3-6.mp3?_=18\" \/><a href=\"https:\/\/www.radiopiu.net\/wordpress\/wp-content\/uploads\/2023\/01\/FI3-6.mp3\">https:\/\/www.radiopiu.net\/wordpress\/wp-content\/uploads\/2023\/01\/FI3-6.mp3<\/a><\/audio>\n<p>&nbsp;<\/p>\n<p>LA RACCOLTA COMPLETA<\/p>\n<blockquote class=\"wp-embedded-content\" data-secret=\"a0xPTPuzy9\"><p><a href=\"https:\/\/www.radiopiu.net\/wordpress\/gocce-filosofia\/\">Gocce di filosofia,  LA TERZA STAGIONE&#8230; 2023<\/a><\/p><\/blockquote>\n<p><iframe loading=\"lazy\" class=\"wp-embedded-content\" sandbox=\"allow-scripts\" security=\"restricted\" style=\"position: absolute; clip: rect(1px, 1px, 1px, 1px);\" title=\"&#8220;Gocce di filosofia,  LA TERZA STAGIONE&#8230; 2023&#8221; &#8212; Radio Pi\u00f9\" src=\"https:\/\/www.radiopiu.net\/wordpress\/gocce-filosofia\/embed\/#?secret=IZO6YBhYUg#?secret=a0xPTPuzy9\" data-secret=\"a0xPTPuzy9\" width=\"600\" height=\"338\" frameborder=\"0\" marginwidth=\"0\" marginheight=\"0\" scrolling=\"no\"><\/iframe><\/p>\n<p>&nbsp;<\/p>\n<p>&nbsp;<\/p>\n<hr \/>\n<p>&nbsp;<\/p>\n<div class=\"column\">\n<p><img loading=\"lazy\" decoding=\"async\" class=\"aligncenter wp-image-61954 size-full\" src=\"https:\/\/www.radiopiu.net\/wordpress\/wp-content\/uploads\/2018\/09\/viabilita.jpeg\" sizes=\"auto, (max-width: 800px) 100vw, 800px\" srcset=\"https:\/\/www.radiopiu.net\/wordpress\/wp-content\/uploads\/2018\/09\/viabilita.jpeg 800w, https:\/\/www.radiopiu.net\/wordpress\/wp-content\/uploads\/2018\/09\/viabilita-300x38.jpeg 300w, https:\/\/www.radiopiu.net\/wordpress\/wp-content\/uploads\/2018\/09\/viabilita-768x96.jpeg 768w\" alt=\"\" width=\"800\" height=\"100\" \/><\/p>\n<p>&nbsp;<\/p>\n<p>&nbsp;<\/p>\n<p><strong>AGGIORNAMENTO VENETO STRADE, AGGIORNAMENTO CONTINUO H 24<\/strong><\/p>\n<p>&nbsp;<\/p>\n<blockquote class=\"wp-embedded-content\" data-secret=\"xxQMODDyb3\"><p><a href=\"https:\/\/www.radiopiu.net\/wordpress\/viabilita\/\">viabilita<\/a><\/p><\/blockquote>\n<p><iframe loading=\"lazy\" class=\"wp-embedded-content\" sandbox=\"allow-scripts\" security=\"restricted\" style=\"position: absolute; clip: rect(1px, 1px, 1px, 1px);\" title=\"&#8220;viabilita&#8221; &#8212; Radio Pi\u00f9\" src=\"https:\/\/www.radiopiu.net\/wordpress\/viabilita\/embed\/#?secret=wBJg80nL15#?secret=xxQMODDyb3\" data-secret=\"xxQMODDyb3\" width=\"600\" height=\"338\" frameborder=\"0\" marginwidth=\"0\" marginheight=\"0\" scrolling=\"no\"><\/iframe><\/p>\n<p>&nbsp;<\/p>\n<p>&nbsp;<\/p>\n<hr \/>\n<p>&nbsp;<\/p>\n<p><a class=\"dt-pswp-item\" href=\"https:\/\/www.radiopiu.net\/wordpress\/wp-content\/uploads\/2018\/09\/WhatsApp-Image-2018-09-20-at-16.04.06.jpeg\" data-dt-img-description=\"\" data-large_image_width=\"800\" data-large_image_height=\"100\"><img loading=\"lazy\" decoding=\"async\" class=\"wp-image-61378 size-full aligncenter\" src=\"https:\/\/www.radiopiu.net\/wordpress\/wp-content\/uploads\/2018\/09\/WhatsApp-Image-2018-09-20-at-16.04.06.jpeg\" alt=\"\" width=\"800\" height=\"100\" srcset=\"https:\/\/www.radiopiu.net\/wordpress\/wp-content\/uploads\/2018\/09\/WhatsApp-Image-2018-09-20-at-16.04.06.jpeg 800w, https:\/\/www.radiopiu.net\/wordpress\/wp-content\/uploads\/2018\/09\/WhatsApp-Image-2018-09-20-at-16.04.06-300x38.jpeg 300w, https:\/\/www.radiopiu.net\/wordpress\/wp-content\/uploads\/2018\/09\/WhatsApp-Image-2018-09-20-at-16.04.06-768x96.jpeg 768w\" sizes=\"auto, (max-width: 800px) 100vw, 800px\" \/><\/a><\/p>\n<p>&nbsp;<\/p>\n<p><center><b>OGGI<\/b><\/center>Cielo irregolarmente nuvoloso sulle Dolomiti con nubi pi\u00f9 presenti sui settori settentrionali. Sulle Prealpi al mattino sereno o poco nuvoloso sui settori occidentali, poco o parzialmente nuvoloso su quelle orientali, nel pomeriggio irregolare aumento della nuvolosit\u00e0 medio-alta.<br \/>\n<b>Precipitazioni: <\/b>Su Dolomiti possibili debolissime nevicate a tratti, pi\u00f9 probabili sui settori settentrionali al confine con Austria e Alto Adige (40\/60 %) e nel pomeriggio, via via meno probabili verso sud. Assenti su Prealpi. Limite neve attorno a 1100-1400 m con accumuli al pi\u00f9 di qualche cm in quota sui settori pi\u00f9 settentrionali.<br \/>\n<b>Temperature: <\/b>Temperature in lieve diminuzione le minime, stazionarie le massime salvo locali ed improvvisi rialzi per Foehn nelle valli.<\/p>\n<hr \/>\n<p><center><b>DOMANI<\/b><\/center>Nuvolosit\u00e0 variabile. Al mattino cielo da poco a parzialmente nuvoloso, nel pomeriggio da parzialmente nuvoloso a tratti nuvoloso per nubi medio-alte. Su Dolomiti settentrionali addensamenti irregolari portati dal forte vento da nord, specie in serata.<br \/>\n<b>Precipitazioni: <\/b>Generalmente assenti, dalla sera su Dolomiti settentrionali qualche fiocco portato dal vento da Nord (30-50%).<br \/>\n<b>Temperature: <\/b>Temperature in generale aumento.<\/p>\n<hr \/>\n<p><center><b>SABATO<\/b><\/center>Nella notte e fino al mattino irregolarmente nuvoloso su Dolomiti settentrionali con qualche debolissima nevicata portata dal forte vento da Nord, altrove poco o parzialmente nuvoloso. In seguito esaurimento dei fenomeni con nubi irregolari su Dolomiti nord, altrove poco o parzialmente nuvoloso per nubi alte. Temperature in generale aumento su valori superiori alle medie.<\/p>\n<hr \/>\n<p><center><b>DOMENICA<\/b><\/center>Al mattino poco o parzialmente nuvoloso con qualche addensamento su Dolomiti settentrionali. Dal pomeriggio e soprattutto verso sera possibile irregolare aumento della nuvolosit\u00e0 da nord est con qualche debolissimo fenomeno sparso. Temperature in generale calo.<\/p>\n<p>&nbsp;<\/p>\n<div>\n<hr \/>\n<\/div>\n<p>&nbsp;<\/p>\n<p>&nbsp;<\/p>\n<p><a class=\"dt-pswp-item\" href=\"https:\/\/www.radiopiu.net\/wordpress\/wp-content\/uploads\/2018\/09\/sport.jpg\" data-dt-img-description=\"\" data-large_image_width=\"800\" data-large_image_height=\"100\"><img loading=\"lazy\" decoding=\"async\" class=\"aligncenter wp-image-60761 size-full\" src=\"https:\/\/www.radiopiu.net\/wordpress\/wp-content\/uploads\/2018\/09\/sport.jpg\" alt=\"\" width=\"800\" height=\"100\" srcset=\"https:\/\/www.radiopiu.net\/wordpress\/wp-content\/uploads\/2018\/09\/sport.jpg 800w, https:\/\/www.radiopiu.net\/wordpress\/wp-content\/uploads\/2018\/09\/sport-300x38.jpg 300w, https:\/\/www.radiopiu.net\/wordpress\/wp-content\/uploads\/2018\/09\/sport-768x96.jpg 768w\" sizes=\"auto, (max-width: 800px) 100vw, 800px\" \/><\/a><\/p>\n<p>&nbsp;<\/p>\n<p><span style=\"color: #0000ff;\"><strong>HOCKEY SU GHIACCIO<\/strong><\/span><\/p>\n<blockquote>\n<h3>ALLEGHE SENZA SPERANZE QUALIFICAZIONE AI PLAYOFF IHL<\/h3>\n<\/blockquote>\n<p><strong><a class=\"dt-pswp-item\" href=\"https:\/\/www.radiopiu.net\/wordpress\/wp-content\/uploads\/2019\/08\/logo-alleghe-hockey.png\" data-dt-img-description=\"\" data-large_image_width=\"547\" data-large_image_height=\"512\"><img loading=\"lazy\" decoding=\"async\" class=\" wp-image-95699 alignleft\" src=\"https:\/\/www.radiopiu.net\/wordpress\/wp-content\/uploads\/2019\/08\/logo-alleghe-hockey-300x281.png\" alt=\"\" width=\"156\" height=\"146\" srcset=\"https:\/\/www.radiopiu.net\/wordpress\/wp-content\/uploads\/2019\/08\/logo-alleghe-hockey-300x281.png 300w, https:\/\/www.radiopiu.net\/wordpress\/wp-content\/uploads\/2019\/08\/logo-alleghe-hockey.png 547w\" sizes=\"auto, (max-width: 156px) 100vw, 156px\" \/><\/a>di Marco Gaz<\/strong><\/p>\n<p><strong>REDAZIONE <\/strong>La stagione dell&#8217;Alleghe Hockey la si pu\u00f2 definire gi\u00e0 finita. Con la sconfitta di sabato scorso contro il Como sono svanite le speranze delle civette di riuscire a qualificarsi alla fase finale. Sono 14 i punti di distacco dall&#8217;ultima posizione disponibile per accedere ai quarti di finale e 12 sono i punti che gli alleghesi possono fare nelle ultime 4 partite in programma. Una stagione iniziata male, con lo stadio di Alleghe chiuso a causa del caro energia. Allenamenti e partite fuori sede e un campionato che non ha visto brillare i biancorossi. Ora una lunga passerella finale con le ultime quattro gare dove i ragazzi di Fontana cercheranno di farsi valere. Sabato sera al De Toni arriva il Fiemme, capoclassifica del qualification round della IHL.<\/p>\n<p>&nbsp;<\/p>\n<p>&nbsp;<\/p>\n<hr \/>\n<p>&nbsp;<\/p>\n<p><span style=\"color: #0000ff;\"><strong>PALLAVOLO<\/strong><\/span><\/p>\n<blockquote>\n<h3>GUOLLA E IL SUO PRIMO ACE<\/h3>\n<\/blockquote>\n<p><strong><a class=\"dt-pswp-item\" href=\"https:\/\/www.radiopiu.net\/wordpress\/wp-content\/uploads\/2023\/02\/Guolla_in_fase_di_riscaldamento.jpg\" data-dt-img-description=\"\" data-large_image_width=\"1276\" data-large_image_height=\"1519\"><img loading=\"lazy\" decoding=\"async\" class=\" wp-image-319856 alignleft\" src=\"https:\/\/www.radiopiu.net\/wordpress\/wp-content\/uploads\/2023\/02\/Guolla_in_fase_di_riscaldamento-252x300.jpg\" alt=\"\" width=\"153\" height=\"182\" srcset=\"https:\/\/www.radiopiu.net\/wordpress\/wp-content\/uploads\/2023\/02\/Guolla_in_fase_di_riscaldamento-252x300.jpg 252w, https:\/\/www.radiopiu.net\/wordpress\/wp-content\/uploads\/2023\/02\/Guolla_in_fase_di_riscaldamento-860x1024.jpg 860w, https:\/\/www.radiopiu.net\/wordpress\/wp-content\/uploads\/2023\/02\/Guolla_in_fase_di_riscaldamento-768x914.jpg 768w, https:\/\/www.radiopiu.net\/wordpress\/wp-content\/uploads\/2023\/02\/Guolla_in_fase_di_riscaldamento.jpg 1276w\" sizes=\"auto, (max-width: 153px) 100vw, 153px\" \/><\/a>BELLUNO <\/strong>Il primo ace realizzato nel campionato di Serie A3 contiene anche un messaggio ai naviganti: su Stefano Guolla si pu\u00f2 contare a occhi chiusi. S\u00ec, perch\u00e9 pur avendo davanti uno fra gli opposti pi\u00f9 prolifici dell\u2019intero girone, ovvero Marco Novello, il ventenne opposto nato in Germania, ma bellunese doc, sa farsi trovare pronto. E lo ha dimostrato, una volta di pi\u00f9, nella trasferta di Pavia: al cospetto della Moyashi Garlasco, il giovane atleta della Pallavolo Maschile Belluno ha messo il proprio timbro pure nella casella dei punti. \u00abIl servizio vincente \u00e8 stato molto significativo &#8211; racconta Stefano -. Anche perch\u00e9 la prima convocazione in A, lo scorso anno, l\u2019ho ottenuta proprio a Pavia: contro Garlasco ha avuto inizio la carriera professionistica. Un\u2019emozione unica. In vista della trasferta in Lombardia, ero partito con l\u2019idea di segnare almeno un punto. E il desiderio si \u00e8 avverato\u00bb. Guolla segue la scia del suo pari ruolo: \u00abDa Novello, che \u00e8 semplicemente unico, sto imparando moltissime cose. Grazie a Marco ho pi\u00f9 sicurezza in tutto ci\u00f2 che succede in campo: dall\u2018attacco alla battuta. In generale, ha influito in positivo sulla mia intera esperienza pallavolistica\u00bb.<span class=\"gmail-Apple-converted-space\">\u00a0<\/span><\/p>\n<p>&nbsp;<\/p>\n<p>&nbsp;<\/p>\n<hr \/>\n<p>&nbsp;<\/p>\n<p><span style=\"color: #0000ff;\"><strong>NUOTO SINCRONIZZATO<\/strong><\/span><\/p>\n<blockquote>\n<h3>\u201cOBBLIGATORI A MODO MIO\u201d: LE SINCRONETTE BELLUNESI GAREGGIANO IN CASA E RACCOLGONO SODDISFAZIONI<\/h3>\n<\/blockquote>\n<p><strong><a class=\"dt-pswp-item\" href=\"https:\/\/www.radiopiu.net\/wordpress\/wp-content\/uploads\/2023\/02\/Podio_tutto_bellunese.jpg\" data-dt-img-description=\"\" data-large_image_width=\"1192\" data-large_image_height=\"1146\"><img loading=\"lazy\" decoding=\"async\" class=\" wp-image-319794 alignleft\" src=\"https:\/\/www.radiopiu.net\/wordpress\/wp-content\/uploads\/2023\/02\/Podio_tutto_bellunese-300x288.jpg\" alt=\"\" width=\"135\" height=\"130\" srcset=\"https:\/\/www.radiopiu.net\/wordpress\/wp-content\/uploads\/2023\/02\/Podio_tutto_bellunese-300x288.jpg 300w, https:\/\/www.radiopiu.net\/wordpress\/wp-content\/uploads\/2023\/02\/Podio_tutto_bellunese-1024x984.jpg 1024w, https:\/\/www.radiopiu.net\/wordpress\/wp-content\/uploads\/2023\/02\/Podio_tutto_bellunese-768x738.jpg 768w, https:\/\/www.radiopiu.net\/wordpress\/wp-content\/uploads\/2023\/02\/Podio_tutto_bellunese.jpg 1192w\" sizes=\"auto, (max-width: 135px) 100vw, 135px\" \/><\/a>BELLUNO <\/strong>La piscina di Belluno ha fatto da teatro alla prima manifestazione interregionale della stagione, legata al nuoto sincronizzato e targata Uisp: \u201cObbligatori A Modo Mio\u201d. Cinque le societ\u00e0 presenti: Uisp Bolzano, Fondazione Bentegodi Verona, Natatorium Treviso, Rhodigium Rovigo e, ovviamente, le \u201cpadrone di casa\u201d della Sportivamente Belluno. Nel complesso, in vasca, c\u2019erano quasi 200 atlete tra gli 8 e i 18 anni. Molto buoni i risultati raccolti dalle sincronette della Sportivamente. A cominciare da Alice Peron, terza con 40,889 punti nella categoria Ragazze 2, mentre fra le Assolute 1 il podio \u00e8 stato monopolizzato dalle bellunesi: gradino pi\u00f9 alto per Beatrice Agnoli (53,160), seconda piazza per Teresa Rova (50,026) e terza per Laura Fant (47,495). Da segnalare il quarto posto ottenuto da Silvia Barp (43,815) fra le Ragazze 1 e da Francesca Caputo (48,776) fra le Juniores 1. Applausi anche per Sara Nenz, quinta (28,333) nella fascia delle Esordienti 1. Soddisfatte le allenatrici Federica Feltrin, Silvia Sovilla, Sara Casagrande, Manuela Checconi e Giulia Bortot. \u00abL\u2019emozione delle atlete, soprattutto delle pi\u00f9 piccole, era palpabile. Ma hanno eseguito ugualmente gli esercizi richiesti, senza alcun intoppo\u00bb.<\/p>\n<p>&nbsp;<\/p>\n<hr \/>\n<p>&nbsp;<\/p>\n<p><span style=\"color: #0000ff;\"><strong>SCI ALPINO<\/strong><\/span><\/p>\n<blockquote>\n<h3>LE PROTAGONISTE DEL CIRCO BIANCO IN ALLENAMENTO SULLA &#8220;VOLATA&#8221; &#8211; foto &#8211;<\/h3>\n<\/blockquote>\n<div class=\"\"><strong>REDAZION<\/strong>E Ben due turni di allenamento in vista dei prossimi Mondiali di Courchevel\u00a0 ieri mattina in Val di Fassa su LaVolata, Ski Area San Pellegrino, ormai riconosciuta come pista top della velocit\u00e0 mondiale. Allenamento prima di discesa alle prime luci dell\u2019alba per le atlete norvegesi (Mowinckel e Kajsa Vickhoff Lie), insieme a loro le nostre Nadia e Nicol Delago e le statunitensi Breezy Johnson e Isabella Wright. A seguire, dopo la ritracciatura a cura dello staff tecnico italiano presenti Gianluca Rulfi e Giovanni Feltrin, si sono presentate al cancelletto di partenza del tracciato di superG, Sofia Goggia, Mikaela Shiffrin e Alice Robinson. Una folla di fan appassionati ha atteso ad ogni giro queste tre regine dello sci alpino, che saranno sicuramente tra le protagoniste dei prossimi Campionati Mondiali nelle rispettive discipline. Grande entusiasmo come sempre per Sofia Goggia e anche per la regina incontrastata Mikaela Shiffrin. <strong>Oggi continuano gli allenamenti sulle PISTE AZZURRE della Val di Fassa, con alcune velociste sempre su LaVolata, mentre \u00a0altre atlete si alleneranno di gigante e speciale allo Ski Stadium a Pozza di Fassa.<\/strong><\/div>\n<div><\/div>\n<div><strong>Le immagini scattate oggi dal fotografo Ralf Brunel<\/strong><\/div>\n<div>\n\n\t\t\t<style type='text\/css'>\n\t\t\t\t#gallery-6 {\n\t\t\t\t\tmargin: auto;\n\t\t\t\t}\n\t\t\t\t#gallery-6 .gallery-item {\n\t\t\t\t\tfloat: left;\n\t\t\t\t\tmargin-top: 10px;\n\t\t\t\t\ttext-align: center;\n\t\t\t\t\twidth: 20%;\n\t\t\t\t}\n\t\t\t\t#gallery-6 img {\n\t\t\t\t\tborder: 2px solid #cfcfcf;\n\t\t\t\t}\n\t\t\t\t#gallery-6 .gallery-caption {\n\t\t\t\t\tmargin-left: 0;\n\t\t\t\t}\n\t\t\t\t\/* see gallery_shortcode() in wp-includes\/media.php *\/\n\t\t\t<\/style>\n\t\t<div id='gallery-6' class='dt-gallery-container gallery galleryid-319790 gallery-columns-5 gallery-size-thumbnail'><dl class='gallery-item'>\n\t\t\t\t<dt class='gallery-icon landscape'>\n\t\t\t\t\t<a class=\"rollover rollover-zoom dt-pswp-item\" title=\"_DSC3636\" data-dt-img-description=\"\" data-large_image_width=\"1000\" data-large_image_height=\"667\"href='https:\/\/www.radiopiu.net\/wordpress\/wp-content\/uploads\/2023\/02\/DSC3636.jpg'><img loading=\"lazy\" decoding=\"async\" width=\"150\" height=\"150\" src=\"https:\/\/www.radiopiu.net\/wordpress\/wp-content\/uploads\/2023\/02\/DSC3636-150x150.jpg\" class=\"attachment-thumbnail size-thumbnail\" alt=\"\" \/><\/a>\n\t\t\t\t<\/dt><\/dl><dl class='gallery-item'>\n\t\t\t\t<dt class='gallery-icon portrait'>\n\t\t\t\t\t<a class=\"rollover rollover-zoom dt-pswp-item\" title=\"_DSC3646\" data-dt-img-description=\"\" data-large_image_width=\"667\" data-large_image_height=\"1000\"href='https:\/\/www.radiopiu.net\/wordpress\/wp-content\/uploads\/2023\/02\/DSC3646.jpg'><img loading=\"lazy\" decoding=\"async\" width=\"150\" height=\"150\" src=\"https:\/\/www.radiopiu.net\/wordpress\/wp-content\/uploads\/2023\/02\/DSC3646-150x150.jpg\" class=\"attachment-thumbnail size-thumbnail\" alt=\"\" \/><\/a>\n\t\t\t\t<\/dt><\/dl><dl class='gallery-item'>\n\t\t\t\t<dt class='gallery-icon landscape'>\n\t\t\t\t\t<a class=\"rollover rollover-zoom dt-pswp-item\" title=\"_DSC3657\" data-dt-img-description=\"\" data-large_image_width=\"1000\" data-large_image_height=\"667\"href='https:\/\/www.radiopiu.net\/wordpress\/wp-content\/uploads\/2023\/02\/DSC3657.jpg'><img loading=\"lazy\" decoding=\"async\" width=\"150\" height=\"150\" src=\"https:\/\/www.radiopiu.net\/wordpress\/wp-content\/uploads\/2023\/02\/DSC3657-150x150.jpg\" class=\"attachment-thumbnail size-thumbnail\" alt=\"\" \/><\/a>\n\t\t\t\t<\/dt><\/dl><dl class='gallery-item'>\n\t\t\t\t<dt class='gallery-icon landscape'>\n\t\t\t\t\t<a class=\"rollover rollover-zoom dt-pswp-item\" title=\"_DSC3666\" data-dt-img-description=\"\" data-large_image_width=\"1000\" data-large_image_height=\"667\"href='https:\/\/www.radiopiu.net\/wordpress\/wp-content\/uploads\/2023\/02\/DSC3666.jpg'><img loading=\"lazy\" decoding=\"async\" width=\"150\" height=\"150\" src=\"https:\/\/www.radiopiu.net\/wordpress\/wp-content\/uploads\/2023\/02\/DSC3666-150x150.jpg\" class=\"attachment-thumbnail size-thumbnail\" alt=\"\" \/><\/a>\n\t\t\t\t<\/dt><\/dl><dl class='gallery-item'>\n\t\t\t\t<dt class='gallery-icon landscape'>\n\t\t\t\t\t<a class=\"rollover rollover-zoom dt-pswp-item\" title=\"_DSC3685\" data-dt-img-description=\"\" data-large_image_width=\"1000\" data-large_image_height=\"667\"href='https:\/\/www.radiopiu.net\/wordpress\/wp-content\/uploads\/2023\/02\/DSC3685.jpg'><img loading=\"lazy\" decoding=\"async\" width=\"150\" height=\"150\" src=\"https:\/\/www.radiopiu.net\/wordpress\/wp-content\/uploads\/2023\/02\/DSC3685-150x150.jpg\" class=\"attachment-thumbnail size-thumbnail\" alt=\"\" \/><\/a>\n\t\t\t\t<\/dt><\/dl><br style=\"clear: both\" \/><dl class='gallery-item'>\n\t\t\t\t<dt class='gallery-icon landscape'>\n\t\t\t\t\t<a class=\"rollover rollover-zoom dt-pswp-item\" title=\"_DSC3694\" data-dt-img-description=\"\" data-large_image_width=\"1000\" data-large_image_height=\"667\"href='https:\/\/www.radiopiu.net\/wordpress\/wp-content\/uploads\/2023\/02\/DSC3694.jpg'><img loading=\"lazy\" decoding=\"async\" width=\"150\" height=\"150\" src=\"https:\/\/www.radiopiu.net\/wordpress\/wp-content\/uploads\/2023\/02\/DSC3694-150x150.jpg\" class=\"attachment-thumbnail size-thumbnail\" alt=\"\" \/><\/a>\n\t\t\t\t<\/dt><\/dl><dl class='gallery-item'>\n\t\t\t\t<dt class='gallery-icon landscape'>\n\t\t\t\t\t<a class=\"rollover rollover-zoom dt-pswp-item\" title=\"_DSC3714\" data-dt-img-description=\"\" data-large_image_width=\"1000\" data-large_image_height=\"667\"href='https:\/\/www.radiopiu.net\/wordpress\/wp-content\/uploads\/2023\/02\/DSC3714.jpg'><img loading=\"lazy\" decoding=\"async\" width=\"150\" height=\"150\" src=\"https:\/\/www.radiopiu.net\/wordpress\/wp-content\/uploads\/2023\/02\/DSC3714-150x150.jpg\" class=\"attachment-thumbnail size-thumbnail\" alt=\"\" \/><\/a>\n\t\t\t\t<\/dt><\/dl><dl class='gallery-item'>\n\t\t\t\t<dt class='gallery-icon landscape'>\n\t\t\t\t\t<a class=\"rollover rollover-zoom dt-pswp-item\" title=\"_DSC3728\" data-dt-img-description=\"\" data-large_image_width=\"1000\" data-large_image_height=\"667\"href='https:\/\/www.radiopiu.net\/wordpress\/wp-content\/uploads\/2023\/02\/DSC3728.jpg'><img loading=\"lazy\" decoding=\"async\" width=\"150\" height=\"150\" src=\"https:\/\/www.radiopiu.net\/wordpress\/wp-content\/uploads\/2023\/02\/DSC3728-150x150.jpg\" class=\"attachment-thumbnail size-thumbnail\" alt=\"\" \/><\/a>\n\t\t\t\t<\/dt><\/dl><dl class='gallery-item'>\n\t\t\t\t<dt class='gallery-icon landscape'>\n\t\t\t\t\t<a class=\"rollover rollover-zoom dt-pswp-item\" title=\"_DSC3759\" data-dt-img-description=\"\" data-large_image_width=\"1000\" data-large_image_height=\"667\"href='https:\/\/www.radiopiu.net\/wordpress\/wp-content\/uploads\/2023\/02\/DSC3759.jpg'><img loading=\"lazy\" decoding=\"async\" width=\"150\" height=\"150\" src=\"https:\/\/www.radiopiu.net\/wordpress\/wp-content\/uploads\/2023\/02\/DSC3759-150x150.jpg\" class=\"attachment-thumbnail size-thumbnail\" alt=\"\" \/><\/a>\n\t\t\t\t<\/dt><\/dl><dl class='gallery-item'>\n\t\t\t\t<dt class='gallery-icon landscape'>\n\t\t\t\t\t<a class=\"rollover rollover-zoom dt-pswp-item\" title=\"_DSC3784\" data-dt-img-description=\"\" data-large_image_width=\"1000\" data-large_image_height=\"667\"href='https:\/\/www.radiopiu.net\/wordpress\/wp-content\/uploads\/2023\/02\/DSC3784.jpg'><img loading=\"lazy\" decoding=\"async\" width=\"150\" height=\"150\" src=\"https:\/\/www.radiopiu.net\/wordpress\/wp-content\/uploads\/2023\/02\/DSC3784-150x150.jpg\" class=\"attachment-thumbnail size-thumbnail\" alt=\"\" \/><\/a>\n\t\t\t\t<\/dt><\/dl><br style=\"clear: both\" \/><dl class='gallery-item'>\n\t\t\t\t<dt class='gallery-icon landscape'>\n\t\t\t\t\t<a class=\"rollover rollover-zoom dt-pswp-item\" title=\"_DSC3821\" data-dt-img-description=\"\" data-large_image_width=\"1000\" data-large_image_height=\"667\"href='https:\/\/www.radiopiu.net\/wordpress\/wp-content\/uploads\/2023\/02\/DSC3821.jpg'><img loading=\"lazy\" decoding=\"async\" width=\"150\" height=\"150\" src=\"https:\/\/www.radiopiu.net\/wordpress\/wp-content\/uploads\/2023\/02\/DSC3821-150x150.jpg\" class=\"attachment-thumbnail size-thumbnail\" alt=\"\" \/><\/a>\n\t\t\t\t<\/dt><\/dl><dl class='gallery-item'>\n\t\t\t\t<dt class='gallery-icon landscape'>\n\t\t\t\t\t<a class=\"rollover rollover-zoom dt-pswp-item\" title=\"_DSC3833\" data-dt-img-description=\"\" data-large_image_width=\"1000\" data-large_image_height=\"667\"href='https:\/\/www.radiopiu.net\/wordpress\/wp-content\/uploads\/2023\/02\/DSC3833.jpg'><img loading=\"lazy\" decoding=\"async\" width=\"150\" height=\"150\" src=\"https:\/\/www.radiopiu.net\/wordpress\/wp-content\/uploads\/2023\/02\/DSC3833-150x150.jpg\" class=\"attachment-thumbnail size-thumbnail\" alt=\"\" \/><\/a>\n\t\t\t\t<\/dt><\/dl><dl class='gallery-item'>\n\t\t\t\t<dt class='gallery-icon landscape'>\n\t\t\t\t\t<a class=\"rollover rollover-zoom dt-pswp-item\" title=\"_DSC2824\" data-dt-img-description=\"\" data-large_image_width=\"1000\" data-large_image_height=\"667\"href='https:\/\/www.radiopiu.net\/wordpress\/wp-content\/uploads\/2023\/02\/DSC2824.jpg'><img loading=\"lazy\" decoding=\"async\" width=\"150\" height=\"150\" src=\"https:\/\/www.radiopiu.net\/wordpress\/wp-content\/uploads\/2023\/02\/DSC2824-150x150.jpg\" class=\"attachment-thumbnail size-thumbnail\" alt=\"\" \/><\/a>\n\t\t\t\t<\/dt><\/dl><dl class='gallery-item'>\n\t\t\t\t<dt class='gallery-icon landscape'>\n\t\t\t\t\t<a class=\"rollover rollover-zoom dt-pswp-item\" title=\"_DSC2844\" data-dt-img-description=\"\" data-large_image_width=\"1000\" data-large_image_height=\"667\"href='https:\/\/www.radiopiu.net\/wordpress\/wp-content\/uploads\/2023\/02\/DSC2844.jpg'><img loading=\"lazy\" decoding=\"async\" width=\"150\" height=\"150\" src=\"https:\/\/www.radiopiu.net\/wordpress\/wp-content\/uploads\/2023\/02\/DSC2844-150x150.jpg\" class=\"attachment-thumbnail size-thumbnail\" alt=\"\" \/><\/a>\n\t\t\t\t<\/dt><\/dl><dl class='gallery-item'>\n\t\t\t\t<dt class='gallery-icon landscape'>\n\t\t\t\t\t<a class=\"rollover rollover-zoom dt-pswp-item\" title=\"_DSC2860\" data-dt-img-description=\"\" data-large_image_width=\"1000\" data-large_image_height=\"667\"href='https:\/\/www.radiopiu.net\/wordpress\/wp-content\/uploads\/2023\/02\/DSC2860.jpg'><img loading=\"lazy\" decoding=\"async\" width=\"150\" height=\"150\" src=\"https:\/\/www.radiopiu.net\/wordpress\/wp-content\/uploads\/2023\/02\/DSC2860-150x150.jpg\" class=\"attachment-thumbnail size-thumbnail\" alt=\"\" \/><\/a>\n\t\t\t\t<\/dt><\/dl><br style=\"clear: both\" \/><dl class='gallery-item'>\n\t\t\t\t<dt class='gallery-icon landscape'>\n\t\t\t\t\t<a class=\"rollover rollover-zoom dt-pswp-item\" title=\"_DSC2876\" data-dt-img-description=\"\" data-large_image_width=\"1000\" data-large_image_height=\"667\"href='https:\/\/www.radiopiu.net\/wordpress\/wp-content\/uploads\/2023\/02\/DSC2876.jpg'><img loading=\"lazy\" decoding=\"async\" width=\"150\" height=\"150\" src=\"https:\/\/www.radiopiu.net\/wordpress\/wp-content\/uploads\/2023\/02\/DSC2876-150x150.jpg\" class=\"attachment-thumbnail size-thumbnail\" alt=\"\" \/><\/a>\n\t\t\t\t<\/dt><\/dl><dl class='gallery-item'>\n\t\t\t\t<dt class='gallery-icon portrait'>\n\t\t\t\t\t<a class=\"rollover rollover-zoom dt-pswp-item\" title=\"_DSC2891\" data-dt-img-description=\"\" data-large_image_width=\"667\" data-large_image_height=\"1000\"href='https:\/\/www.radiopiu.net\/wordpress\/wp-content\/uploads\/2023\/02\/DSC2891.jpg'><img loading=\"lazy\" decoding=\"async\" width=\"150\" height=\"150\" src=\"https:\/\/www.radiopiu.net\/wordpress\/wp-content\/uploads\/2023\/02\/DSC2891-150x150.jpg\" class=\"attachment-thumbnail size-thumbnail\" alt=\"\" \/><\/a>\n\t\t\t\t<\/dt><\/dl><dl class='gallery-item'>\n\t\t\t\t<dt class='gallery-icon landscape'>\n\t\t\t\t\t<a class=\"rollover rollover-zoom dt-pswp-item\" title=\"_DSC2908\" data-dt-img-description=\"\" data-large_image_width=\"1000\" data-large_image_height=\"667\"href='https:\/\/www.radiopiu.net\/wordpress\/wp-content\/uploads\/2023\/02\/DSC2908.jpg'><img loading=\"lazy\" decoding=\"async\" width=\"150\" height=\"150\" src=\"https:\/\/www.radiopiu.net\/wordpress\/wp-content\/uploads\/2023\/02\/DSC2908-150x150.jpg\" class=\"attachment-thumbnail size-thumbnail\" alt=\"\" \/><\/a>\n\t\t\t\t<\/dt><\/dl><dl class='gallery-item'>\n\t\t\t\t<dt class='gallery-icon landscape'>\n\t\t\t\t\t<a class=\"rollover rollover-zoom dt-pswp-item\" title=\"_DSC2921\" data-dt-img-description=\"\" data-large_image_width=\"1000\" data-large_image_height=\"667\"href='https:\/\/www.radiopiu.net\/wordpress\/wp-content\/uploads\/2023\/02\/DSC2921.jpg'><img loading=\"lazy\" decoding=\"async\" width=\"150\" height=\"150\" src=\"https:\/\/www.radiopiu.net\/wordpress\/wp-content\/uploads\/2023\/02\/DSC2921-150x150.jpg\" class=\"attachment-thumbnail size-thumbnail\" alt=\"\" \/><\/a>\n\t\t\t\t<\/dt><\/dl><dl class='gallery-item'>\n\t\t\t\t<dt class='gallery-icon landscape'>\n\t\t\t\t\t<a class=\"rollover rollover-zoom dt-pswp-item\" title=\"_DSC2960\" data-dt-img-description=\"\" data-large_image_width=\"1000\" data-large_image_height=\"667\"href='https:\/\/www.radiopiu.net\/wordpress\/wp-content\/uploads\/2023\/02\/DSC2960.jpg'><img loading=\"lazy\" decoding=\"async\" width=\"150\" height=\"150\" src=\"https:\/\/www.radiopiu.net\/wordpress\/wp-content\/uploads\/2023\/02\/DSC2960-150x150.jpg\" class=\"attachment-thumbnail size-thumbnail\" alt=\"\" \/><\/a>\n\t\t\t\t<\/dt><\/dl><br style=\"clear: both\" \/><dl class='gallery-item'>\n\t\t\t\t<dt class='gallery-icon portrait'>\n\t\t\t\t\t<a class=\"rollover rollover-zoom dt-pswp-item\" title=\"_DSC2972\" data-dt-img-description=\"\" data-large_image_width=\"667\" data-large_image_height=\"1000\"href='https:\/\/www.radiopiu.net\/wordpress\/wp-content\/uploads\/2023\/02\/DSC2972.jpg'><img loading=\"lazy\" decoding=\"async\" width=\"150\" height=\"150\" src=\"https:\/\/www.radiopiu.net\/wordpress\/wp-content\/uploads\/2023\/02\/DSC2972-150x150.jpg\" class=\"attachment-thumbnail size-thumbnail\" alt=\"\" \/><\/a>\n\t\t\t\t<\/dt><\/dl><dl class='gallery-item'>\n\t\t\t\t<dt class='gallery-icon portrait'>\n\t\t\t\t\t<a class=\"rollover rollover-zoom dt-pswp-item\" title=\"_DSC3008\" data-dt-img-description=\"\" data-large_image_width=\"667\" data-large_image_height=\"1000\"href='https:\/\/www.radiopiu.net\/wordpress\/wp-content\/uploads\/2023\/02\/DSC3008.jpg'><img loading=\"lazy\" decoding=\"async\" width=\"150\" height=\"150\" src=\"https:\/\/www.radiopiu.net\/wordpress\/wp-content\/uploads\/2023\/02\/DSC3008-150x150.jpg\" class=\"attachment-thumbnail size-thumbnail\" alt=\"\" \/><\/a>\n\t\t\t\t<\/dt><\/dl><dl class='gallery-item'>\n\t\t\t\t<dt class='gallery-icon landscape'>\n\t\t\t\t\t<a class=\"rollover rollover-zoom dt-pswp-item\" title=\"_DSC3019\" data-dt-img-description=\"\" data-large_image_width=\"1000\" data-large_image_height=\"667\"href='https:\/\/www.radiopiu.net\/wordpress\/wp-content\/uploads\/2023\/02\/DSC3019.jpg'><img loading=\"lazy\" decoding=\"async\" width=\"150\" height=\"150\" src=\"https:\/\/www.radiopiu.net\/wordpress\/wp-content\/uploads\/2023\/02\/DSC3019-150x150.jpg\" class=\"attachment-thumbnail size-thumbnail\" alt=\"\" \/><\/a>\n\t\t\t\t<\/dt><\/dl><dl class='gallery-item'>\n\t\t\t\t<dt class='gallery-icon landscape'>\n\t\t\t\t\t<a class=\"rollover rollover-zoom dt-pswp-item\" title=\"_DSC3115\" data-dt-img-description=\"\" data-large_image_width=\"1000\" data-large_image_height=\"667\"href='https:\/\/www.radiopiu.net\/wordpress\/wp-content\/uploads\/2023\/02\/DSC3115.jpg'><img loading=\"lazy\" decoding=\"async\" width=\"150\" height=\"150\" src=\"https:\/\/www.radiopiu.net\/wordpress\/wp-content\/uploads\/2023\/02\/DSC3115-150x150.jpg\" class=\"attachment-thumbnail size-thumbnail\" alt=\"\" \/><\/a>\n\t\t\t\t<\/dt><\/dl><dl class='gallery-item'>\n\t\t\t\t<dt class='gallery-icon portrait'>\n\t\t\t\t\t<a class=\"rollover rollover-zoom dt-pswp-item\" title=\"_DSC3122\" data-dt-img-description=\"\" data-large_image_width=\"667\" data-large_image_height=\"1000\"href='https:\/\/www.radiopiu.net\/wordpress\/wp-content\/uploads\/2023\/02\/DSC3122.jpg'><img loading=\"lazy\" decoding=\"async\" width=\"150\" height=\"150\" src=\"https:\/\/www.radiopiu.net\/wordpress\/wp-content\/uploads\/2023\/02\/DSC3122-150x150.jpg\" class=\"attachment-thumbnail size-thumbnail\" alt=\"\" \/><\/a>\n\t\t\t\t<\/dt><\/dl><br style=\"clear: both\" \/><dl class='gallery-item'>\n\t\t\t\t<dt class='gallery-icon portrait'>\n\t\t\t\t\t<a class=\"rollover rollover-zoom dt-pswp-item\" title=\"_DSC3136\" data-dt-img-description=\"\" data-large_image_width=\"667\" data-large_image_height=\"1000\"href='https:\/\/www.radiopiu.net\/wordpress\/wp-content\/uploads\/2023\/02\/DSC3136.jpg'><img loading=\"lazy\" decoding=\"async\" width=\"150\" height=\"150\" src=\"https:\/\/www.radiopiu.net\/wordpress\/wp-content\/uploads\/2023\/02\/DSC3136-150x150.jpg\" class=\"attachment-thumbnail size-thumbnail\" alt=\"\" \/><\/a>\n\t\t\t\t<\/dt><\/dl><dl class='gallery-item'>\n\t\t\t\t<dt class='gallery-icon portrait'>\n\t\t\t\t\t<a class=\"rollover rollover-zoom dt-pswp-item\" title=\"_DSC3147\" data-dt-img-description=\"\" data-large_image_width=\"667\" data-large_image_height=\"1000\"href='https:\/\/www.radiopiu.net\/wordpress\/wp-content\/uploads\/2023\/02\/DSC3147.jpg'><img loading=\"lazy\" decoding=\"async\" width=\"150\" height=\"150\" src=\"https:\/\/www.radiopiu.net\/wordpress\/wp-content\/uploads\/2023\/02\/DSC3147-150x150.jpg\" class=\"attachment-thumbnail size-thumbnail\" alt=\"\" \/><\/a>\n\t\t\t\t<\/dt><\/dl><dl class='gallery-item'>\n\t\t\t\t<dt class='gallery-icon landscape'>\n\t\t\t\t\t<a class=\"rollover rollover-zoom dt-pswp-item\" title=\"_DSC3265\" data-dt-img-description=\"\" data-large_image_width=\"1000\" data-large_image_height=\"667\"href='https:\/\/www.radiopiu.net\/wordpress\/wp-content\/uploads\/2023\/02\/DSC3265.jpg'><img loading=\"lazy\" decoding=\"async\" width=\"150\" height=\"150\" src=\"https:\/\/www.radiopiu.net\/wordpress\/wp-content\/uploads\/2023\/02\/DSC3265-150x150.jpg\" class=\"attachment-thumbnail size-thumbnail\" alt=\"\" \/><\/a>\n\t\t\t\t<\/dt><\/dl><dl class='gallery-item'>\n\t\t\t\t<dt class='gallery-icon landscape'>\n\t\t\t\t\t<a class=\"rollover rollover-zoom dt-pswp-item\" title=\"_DSC3272\" data-dt-img-description=\"\" data-large_image_width=\"1000\" data-large_image_height=\"667\"href='https:\/\/www.radiopiu.net\/wordpress\/wp-content\/uploads\/2023\/02\/DSC3272.jpg'><img loading=\"lazy\" decoding=\"async\" width=\"150\" height=\"150\" src=\"https:\/\/www.radiopiu.net\/wordpress\/wp-content\/uploads\/2023\/02\/DSC3272-150x150.jpg\" class=\"attachment-thumbnail size-thumbnail\" alt=\"\" \/><\/a>\n\t\t\t\t<\/dt><\/dl><dl class='gallery-item'>\n\t\t\t\t<dt class='gallery-icon landscape'>\n\t\t\t\t\t<a class=\"rollover rollover-zoom dt-pswp-item\" title=\"_DSC3364\" data-dt-img-description=\"\" data-large_image_width=\"1000\" data-large_image_height=\"667\"href='https:\/\/www.radiopiu.net\/wordpress\/wp-content\/uploads\/2023\/02\/DSC3364.jpg'><img loading=\"lazy\" decoding=\"async\" width=\"150\" height=\"150\" src=\"https:\/\/www.radiopiu.net\/wordpress\/wp-content\/uploads\/2023\/02\/DSC3364-150x150.jpg\" class=\"attachment-thumbnail size-thumbnail\" alt=\"\" \/><\/a>\n\t\t\t\t<\/dt><\/dl><br style=\"clear: both\" \/><dl class='gallery-item'>\n\t\t\t\t<dt class='gallery-icon portrait'>\n\t\t\t\t\t<a class=\"rollover rollover-zoom dt-pswp-item\" title=\"_DSC3396\" data-dt-img-description=\"\" data-large_image_width=\"667\" data-large_image_height=\"1000\"href='https:\/\/www.radiopiu.net\/wordpress\/wp-content\/uploads\/2023\/02\/DSC3396.jpg'><img loading=\"lazy\" decoding=\"async\" width=\"150\" height=\"150\" src=\"https:\/\/www.radiopiu.net\/wordpress\/wp-content\/uploads\/2023\/02\/DSC3396-150x150.jpg\" class=\"attachment-thumbnail size-thumbnail\" alt=\"\" \/><\/a>\n\t\t\t\t<\/dt><\/dl><dl class='gallery-item'>\n\t\t\t\t<dt class='gallery-icon landscape'>\n\t\t\t\t\t<a class=\"rollover rollover-zoom dt-pswp-item\" title=\"_DSC3427\" data-dt-img-description=\"\" data-large_image_width=\"1000\" data-large_image_height=\"667\"href='https:\/\/www.radiopiu.net\/wordpress\/wp-content\/uploads\/2023\/02\/DSC3427.jpg'><img loading=\"lazy\" decoding=\"async\" width=\"150\" height=\"150\" src=\"https:\/\/www.radiopiu.net\/wordpress\/wp-content\/uploads\/2023\/02\/DSC3427-150x150.jpg\" class=\"attachment-thumbnail size-thumbnail\" alt=\"\" \/><\/a>\n\t\t\t\t<\/dt><\/dl><dl class='gallery-item'>\n\t\t\t\t<dt class='gallery-icon portrait'>\n\t\t\t\t\t<a class=\"rollover rollover-zoom dt-pswp-item\" title=\"_DSC3498\" data-dt-img-description=\"\" data-large_image_width=\"667\" data-large_image_height=\"1000\"href='https:\/\/www.radiopiu.net\/wordpress\/wp-content\/uploads\/2023\/02\/DSC3498.jpg'><img loading=\"lazy\" decoding=\"async\" width=\"150\" height=\"150\" src=\"https:\/\/www.radiopiu.net\/wordpress\/wp-content\/uploads\/2023\/02\/DSC3498-150x150.jpg\" class=\"attachment-thumbnail size-thumbnail\" alt=\"\" \/><\/a>\n\t\t\t\t<\/dt><\/dl><dl class='gallery-item'>\n\t\t\t\t<dt class='gallery-icon landscape'>\n\t\t\t\t\t<a class=\"rollover rollover-zoom dt-pswp-item\" title=\"_DSC3512\" data-dt-img-description=\"\" data-large_image_width=\"1000\" data-large_image_height=\"667\"href='https:\/\/www.radiopiu.net\/wordpress\/wp-content\/uploads\/2023\/02\/DSC3512.jpg'><img loading=\"lazy\" decoding=\"async\" width=\"150\" height=\"150\" src=\"https:\/\/www.radiopiu.net\/wordpress\/wp-content\/uploads\/2023\/02\/DSC3512-150x150.jpg\" class=\"attachment-thumbnail size-thumbnail\" alt=\"\" \/><\/a>\n\t\t\t\t<\/dt><\/dl><dl class='gallery-item'>\n\t\t\t\t<dt class='gallery-icon landscape'>\n\t\t\t\t\t<a class=\"rollover rollover-zoom dt-pswp-item\" title=\"_DSC3568\" data-dt-img-description=\"\" data-large_image_width=\"1000\" data-large_image_height=\"667\"href='https:\/\/www.radiopiu.net\/wordpress\/wp-content\/uploads\/2023\/02\/DSC3568.jpg'><img loading=\"lazy\" decoding=\"async\" width=\"150\" height=\"150\" src=\"https:\/\/www.radiopiu.net\/wordpress\/wp-content\/uploads\/2023\/02\/DSC3568-150x150.jpg\" class=\"attachment-thumbnail size-thumbnail\" alt=\"\" \/><\/a>\n\t\t\t\t<\/dt><\/dl><br style=\"clear: both\" \/><dl class='gallery-item'>\n\t\t\t\t<dt class='gallery-icon landscape'>\n\t\t\t\t\t<a class=\"rollover rollover-zoom dt-pswp-item\" title=\"_DSC3577\" data-dt-img-description=\"\" data-large_image_width=\"1000\" data-large_image_height=\"667\"href='https:\/\/www.radiopiu.net\/wordpress\/wp-content\/uploads\/2023\/02\/DSC3577.jpg'><img loading=\"lazy\" decoding=\"async\" width=\"150\" height=\"150\" src=\"https:\/\/www.radiopiu.net\/wordpress\/wp-content\/uploads\/2023\/02\/DSC3577-150x150.jpg\" class=\"attachment-thumbnail size-thumbnail\" alt=\"\" \/><\/a>\n\t\t\t\t<\/dt><\/dl><dl class='gallery-item'>\n\t\t\t\t<dt class='gallery-icon portrait'>\n\t\t\t\t\t<a class=\"rollover rollover-zoom dt-pswp-item\" title=\"_DSC3603\" data-dt-img-description=\"\" data-large_image_width=\"667\" data-large_image_height=\"1000\"href='https:\/\/www.radiopiu.net\/wordpress\/wp-content\/uploads\/2023\/02\/DSC3603.jpg'><img loading=\"lazy\" decoding=\"async\" width=\"150\" height=\"150\" src=\"https:\/\/www.radiopiu.net\/wordpress\/wp-content\/uploads\/2023\/02\/DSC3603-150x150.jpg\" class=\"attachment-thumbnail size-thumbnail\" alt=\"\" \/><\/a>\n\t\t\t\t<\/dt><\/dl>\n\t\t\t\t<br style='clear: both' \/>\n\t\t\t<\/div>\n\n<\/div>\n<div class=\"\"><\/div>\n<p>&nbsp;<\/p>\n<hr \/>\n<p>&nbsp;<\/p>\n<p>&nbsp;<\/p>\n<\/div>\n","protected":false},"excerpt":{"rendered":"<p>RADIO PIU INFORMAZIONE il canale su TELEGRAM informazione di prima\u00a0 mano e in tempo reale. iscriviti ed aiutaci a farlo conoscere\u00a0\u00a0 ieri, MIKAELA SHIFFRIN E SOFIA GOGGIA SULLA PISTA LA VOLATA PASSO SAN PELLEGRINO Mikaela Shiffrin e Sofia Goggia sono sulla pista La Volta del Passo San Pellegrino per prepararsi in vista dei Mondiali in&hellip;<\/p>\n","protected":false},"author":4,"featured_media":319918,"comment_status":"closed","ping_status":"closed","sticky":false,"template":"","format":"standard","meta":{"_monsterinsights_skip_tracking":false,"_monsterinsights_sitenote_active":false,"_monsterinsights_sitenote_note":"","_monsterinsights_sitenote_category":0,"footnotes":""},"categories":[51,86,49],"tags":[],"class_list":["post-319790","post","type-post","status-publish","format-standard","has-post-thumbnail","hentry","category-evidenza-top","category-gr","category-news-18","category-51","category-86","category-49","description-off"],"img_url":"https:\/\/www.radiopiu.net\/wordpress\/wp-content\/uploads\/2023\/02\/Watermark_20230201_161139_781.jpg","_links":{"self":[{"href":"https:\/\/www.radiopiu.net\/wordpress\/wp-json\/wp\/v2\/posts\/319790","targetHints":{"allow":["GET"]}}],"collection":[{"href":"https:\/\/www.radiopiu.net\/wordpress\/wp-json\/wp\/v2\/posts"}],"about":[{"href":"https:\/\/www.radiopiu.net\/wordpress\/wp-json\/wp\/v2\/types\/post"}],"author":[{"embeddable":true,"href":"https:\/\/www.radiopiu.net\/wordpress\/wp-json\/wp\/v2\/users\/4"}],"replies":[{"embeddable":true,"href":"https:\/\/www.radiopiu.net\/wordpress\/wp-json\/wp\/v2\/comments?post=319790"}],"version-history":[{"count":0,"href":"https:\/\/www.radiopiu.net\/wordpress\/wp-json\/wp\/v2\/posts\/319790\/revisions"}],"wp:featuredmedia":[{"embeddable":true,"href":"https:\/\/www.radiopiu.net\/wordpress\/wp-json\/wp\/v2\/media\/319918"}],"wp:attachment":[{"href":"https:\/\/www.radiopiu.net\/wordpress\/wp-json\/wp\/v2\/media?parent=319790"}],"wp:term":[{"taxonomy":"category","embeddable":true,"href":"https:\/\/www.radiopiu.net\/wordpress\/wp-json\/wp\/v2\/categories?post=319790"},{"taxonomy":"post_tag","embeddable":true,"href":"https:\/\/www.radiopiu.net\/wordpress\/wp-json\/wp\/v2\/tags?post=319790"}],"curies":[{"name":"wp","href":"https:\/\/api.w.org\/{rel}","templated":true}]}}