{"id":319821,"date":"2023-02-01T10:23:15","date_gmt":"2023-02-01T09:23:15","guid":{"rendered":"https:\/\/www.radiopiu.net\/wordpress\/?p=319821"},"modified":"2023-02-01T10:56:46","modified_gmt":"2023-02-01T09:56:46","slug":"buon-lavoro-a-giorgia-marcato-e-stefano-gasperin-nuovi-direttori-in-ulss-1-dolomiti","status":"publish","type":"post","link":"https:\/\/www.radiopiu.net\/wordpress\/buon-lavoro-a-giorgia-marcato-e-stefano-gasperin-nuovi-direttori-in-ulss-1-dolomiti\/","title":{"rendered":"BUON LAVORO A GIORGIA MARCATO E STEFANO GASPERIN, NUOVI DIRETTORI IN ULSS 1 DOLOMITI"},"content":{"rendered":"<p><strong><a class=\"dt-pswp-item\" href=\"https:\/\/www.radiopiu.net\/wordpress\/wp-content\/uploads\/2023\/02\/5d51a8ae-d71f-4a04-b48e-737d17ce5cfa.jpg\" data-dt-img-description=\"\" data-large_image_width=\"493\" data-large_image_height=\"307\"><img loading=\"lazy\" decoding=\"async\" class=\" wp-image-319822 alignleft\" src=\"https:\/\/www.radiopiu.net\/wordpress\/wp-content\/uploads\/2023\/02\/5d51a8ae-d71f-4a04-b48e-737d17ce5cfa-300x187.jpg\" alt=\"\" width=\"201\" height=\"125\" srcset=\"https:\/\/www.radiopiu.net\/wordpress\/wp-content\/uploads\/2023\/02\/5d51a8ae-d71f-4a04-b48e-737d17ce5cfa-300x187.jpg 300w, https:\/\/www.radiopiu.net\/wordpress\/wp-content\/uploads\/2023\/02\/5d51a8ae-d71f-4a04-b48e-737d17ce5cfa.jpg 493w\" sizes=\"auto, (max-width: 201px) 100vw, 201px\" \/><\/a>BELLUNO<\/strong> Buon lavoro ai nuovi direttori che hanno preso servizio in Ulss Dolomiti. Al nuovo Direttore Medico di Belluno, Giorgia Marcato, e al nuovo direttore del Pronto Soccorso di Agordo, Stefano Gasperin (in foto).<\/p>\n<p><strong>Classe 1971, di Feltre, Stefano Gasperin,<\/strong> dopo la maturit\u00e0 classica al liceo Castaldi, si \u00e8 laureato in Medicina e Chirurgia all\u2019Universit\u00e0 di Padova, dove ha conseguito, poi, la specializzazione in Geriatria e Gerontologia e un master di secondo livello in medicina vascolare. E&#8217; esperto nella gestione avanzata del paziente critico adulto e pediatrico, sia medico che traumatologico, secondo gli attuali protocolli ACLS &#8211; Advanced Cardiovascular Life Support, ATLS &#8211; Advanced Trauma Life Support e PALS &#8211; Pediatric Advanced Life Support. E\u2019, infatti, istruttore ai corsi di rianimazione cardiovascolare avanzata (ACLS). Dal 2010 presta servizio al Pronto Soccorso di Feltre, dove ha maturato una solida esperienza in Medicina d\u2019Urgenza-Emergenza sia intra che extra-ospedaliera. E\u2019 esperto in ecografia, in ecografia avanzata venosa e arteriosa cos\u00ec come nel <a class=\"dt-pswp-item\" href=\"https:\/\/www.radiopiu.net\/wordpress\/wp-content\/uploads\/2023\/02\/marcato.jpeg\" data-dt-img-description=\"\" data-large_image_width=\"1618\" data-large_image_height=\"2048\"><img loading=\"lazy\" decoding=\"async\" class=\"size-medium wp-image-319845 alignright\" src=\"https:\/\/www.radiopiu.net\/wordpress\/wp-content\/uploads\/2023\/02\/marcato-237x300.jpeg\" alt=\"\" width=\"237\" height=\"300\" srcset=\"https:\/\/www.radiopiu.net\/wordpress\/wp-content\/uploads\/2023\/02\/marcato-237x300.jpeg 237w, https:\/\/www.radiopiu.net\/wordpress\/wp-content\/uploads\/2023\/02\/marcato-809x1024.jpeg 809w, https:\/\/www.radiopiu.net\/wordpress\/wp-content\/uploads\/2023\/02\/marcato-768x972.jpeg 768w, https:\/\/www.radiopiu.net\/wordpress\/wp-content\/uploads\/2023\/02\/marcato-1214x1536.jpeg 1214w, https:\/\/www.radiopiu.net\/wordpress\/wp-content\/uploads\/2023\/02\/marcato.jpeg 1618w\" sizes=\"auto, (max-width: 237px) 100vw, 237px\" \/><\/a>reperimento di accessi venosi difficili con sonda ecografica e in gestione avanzata dei traumi. E\u2019, inoltre, responsabile formativo training su eventi critici per il personale infermieristico.<\/p>\n<p><strong>Classe 1965, originaria di Venezia e padovana di adozione, Giorgia Marcato (foto a destra)<\/strong>\u00a0ha conseguito la laurea in Medicina e Chirurgia presso l\u2019Universit\u00e0 degli Studi di Padova, dove si \u00e8 successivamente specializzata in Igiene e Medicina Preventiva e in Medicina di Comunit\u00e0. Dopo un\u2019esperienza all\u2019Ulss 14 Chioggia, Giorgia Marcato ha prestato servizio all\u2019Azienda Ospedaliera Universitaria di Padova dal 1996 al 2003, in Ulss 3 Serenissima fino al 2016 e, infine, all\u2019Istituto Oncologico Veneto fino a dicembre 2018. In particolare, presso l\u2019Ulss Serenissima ha ricoperto un incarico di alta specializzazione come Responsabile Qualit\u00e0 e relazioni ospedale-territorio. Presso lo IOV, ha ricoperto un incarico di alta specializzazione per attivit\u00e0 di direzione connesse alla sorveglianza epidemiologica delle infezioni correlate all\u2019assistenza, al rischio biologico ed infettivo. Si \u00e8 occupata, inoltre, di attivit\u00e0 di supporto all\u2019organizzazione dei sistemi di gestione qualit\u00e0, di certificazione ISO e di attivit\u00e0 di governo clinico assistenziale riguardanti l\u2019implementazione di percorsi oncologici. Ha ricoperto, infine, il ruolo di referente aziendale per la gestione dei rifiuti ospedalieri e per la gestione dell\u2019appalto pulizie. Dopo l\u2019esperienza allo IOV, dal 2019 Giorgia Marcato ha prestato servizio in Azienda Zero, ricoprendo prima un incarico di alta specializzazione e poi il ruolo di Direttore dell\u2019U.O.C. Ispezioni Sanitarie e Socio Sanitarie (disciplina Igiene e Organizzazione dei Servizi Ospedalieri). Oltre ad avere all\u2019attivo una vasta produzione scientifica, ha svolto diverse attivit\u00e0 di docenza nei corsi di Laurea in Scienze delle professioni sanitarie e tecniche diagnostiche e in Tecniche di laboratorio biomedico dell\u2019Universit\u00e0 degli Studi di Padova. Nello specifico, per l\u2019anno accademico in corso, sta tenendo il corso in Economia e Organizzazione delle Aziende Sanitarie.<\/p>\n<p>&nbsp;<\/p>\n<p>&nbsp;<\/p>\n<p>&nbsp;<\/p>\n<p>****<\/p>\n","protected":false},"excerpt":{"rendered":"<p>BELLUNO Buon lavoro ai nuovi direttori che hanno preso servizio in Ulss Dolomiti. Al nuovo Direttore Medico di Belluno, Giorgia Marcato, e al nuovo direttore del Pronto Soccorso di Agordo, Stefano Gasperin (in foto). Classe 1971, di Feltre, Stefano Gasperin, dopo la maturit\u00e0 classica al liceo Castaldi, si \u00e8 laureato in Medicina e Chirurgia all\u2019Universit\u00e0&hellip;<\/p>\n","protected":false},"author":4,"featured_media":319822,"comment_status":"closed","ping_status":"closed","sticky":false,"template":"","format":"standard","meta":{"_monsterinsights_skip_tracking":false,"_monsterinsights_sitenote_active":false,"_monsterinsights_sitenote_note":"","_monsterinsights_sitenote_category":0,"footnotes":""},"categories":[49],"tags":[],"class_list":["post-319821","post","type-post","status-publish","format-standard","has-post-thumbnail","hentry","category-news-18","category-49","description-off"],"img_url":"https:\/\/www.radiopiu.net\/wordpress\/wp-content\/uploads\/2023\/02\/5d51a8ae-d71f-4a04-b48e-737d17ce5cfa.jpg","_links":{"self":[{"href":"https:\/\/www.radiopiu.net\/wordpress\/wp-json\/wp\/v2\/posts\/319821","targetHints":{"allow":["GET"]}}],"collection":[{"href":"https:\/\/www.radiopiu.net\/wordpress\/wp-json\/wp\/v2\/posts"}],"about":[{"href":"https:\/\/www.radiopiu.net\/wordpress\/wp-json\/wp\/v2\/types\/post"}],"author":[{"embeddable":true,"href":"https:\/\/www.radiopiu.net\/wordpress\/wp-json\/wp\/v2\/users\/4"}],"replies":[{"embeddable":true,"href":"https:\/\/www.radiopiu.net\/wordpress\/wp-json\/wp\/v2\/comments?post=319821"}],"version-history":[{"count":0,"href":"https:\/\/www.radiopiu.net\/wordpress\/wp-json\/wp\/v2\/posts\/319821\/revisions"}],"wp:featuredmedia":[{"embeddable":true,"href":"https:\/\/www.radiopiu.net\/wordpress\/wp-json\/wp\/v2\/media\/319822"}],"wp:attachment":[{"href":"https:\/\/www.radiopiu.net\/wordpress\/wp-json\/wp\/v2\/media?parent=319821"}],"wp:term":[{"taxonomy":"category","embeddable":true,"href":"https:\/\/www.radiopiu.net\/wordpress\/wp-json\/wp\/v2\/categories?post=319821"},{"taxonomy":"post_tag","embeddable":true,"href":"https:\/\/www.radiopiu.net\/wordpress\/wp-json\/wp\/v2\/tags?post=319821"}],"curies":[{"name":"wp","href":"https:\/\/api.w.org\/{rel}","templated":true}]}}