{"id":320131,"date":"2023-01-01T22:47:42","date_gmt":"2023-01-01T21:47:42","guid":{"rendered":"https:\/\/www.radiopiu.net\/wordpress\/?p=320131"},"modified":"2023-02-03T04:50:12","modified_gmt":"2023-02-03T03:50:12","slug":"crisi-safilo-istituito-il-comitato-di-sorveglianza-socio-istituzionale","status":"publish","type":"post","link":"https:\/\/www.radiopiu.net\/wordpress\/crisi-safilo-istituito-il-comitato-di-sorveglianza-socio-istituzionale\/","title":{"rendered":"CRISI SAFILO, ISTITUITO IL COMITATO DI SORVEGLIANZA SOCIO-ISTITUZIONALE"},"content":{"rendered":"<p>&nbsp;<\/p>\n<blockquote><p><strong>DI MORENO GIOLI<\/strong><\/p><\/blockquote>\n<audio class=\"wp-audio-shortcode\" id=\"audio-320131-1\" preload=\"none\" style=\"width: 100%;\" controls=\"controls\"><source type=\"audio\/mpeg\" src=\"https:\/\/www.radiopiu.net\/wordpress\/wp-content\/uploads\/2023\/02\/MORENO-GIOLI-SAFILO-1.mp3?_=1\" \/><a href=\"https:\/\/www.radiopiu.net\/wordpress\/wp-content\/uploads\/2023\/02\/MORENO-GIOLI-SAFILO-1.mp3\">https:\/\/www.radiopiu.net\/wordpress\/wp-content\/uploads\/2023\/02\/MORENO-GIOLI-SAFILO-1.mp3<\/a><\/audio>\n<blockquote><p>&nbsp;<\/p><\/blockquote>\n<p>&nbsp;<\/p>\n<p style=\"margin: 0cm; background: white;\"><span style=\"font-size: 10.5pt; font-family: Helvetica; color: black;\"><strong><a class=\"dt-pswp-item\" href=\"https:\/\/www.radiopiu.net\/wordpress\/wp-content\/uploads\/2023\/01\/SAFILO.png\" data-dt-img-description=\"\" data-large_image_width=\"766\" data-large_image_height=\"492\"><img loading=\"lazy\" decoding=\"async\" class=\" wp-image-318963 alignleft\" src=\"https:\/\/www.radiopiu.net\/wordpress\/wp-content\/uploads\/2023\/01\/SAFILO-300x193.png\" alt=\"\" width=\"185\" height=\"119\" srcset=\"https:\/\/www.radiopiu.net\/wordpress\/wp-content\/uploads\/2023\/01\/SAFILO-300x193.png 300w, https:\/\/www.radiopiu.net\/wordpress\/wp-content\/uploads\/2023\/01\/SAFILO.png 766w\" sizes=\"auto, (max-width: 185px) 100vw, 185px\" \/><\/a>BELLUNO<\/strong> \u00c8 stato istituito a Longarone il Comitato di sorveglianza socio-istituzionale per la gestione della crisi Safilo. La proposta \u00e8 stata condivisa in maniera unanime dal tavolo convocato dal sindaco di Longarone e presidente della Provincia di Belluno, a cui hanno partecipato il senatore Luca De Carlo, i consiglieri regionali Silvia Cestaro e Giovanni Puppato, i presidenti delle Unioni Montane Belluno-Ponte, Feltrina, Valbelluna e Centro Cadore, i sindaci di Soverzene e Pieve di Cadore, le sigle sindacali territoriali e regionali, e i rappresentanti di Confindustria Belluno Dolomiti, oltre a una delegazione di lavoratori. <\/span><span style=\"font-size: 10.5pt; font-family: Helvetica; color: black;\">\u00c8 stato convenuto che il Comitato di sorveglianza sar\u00e0 presieduto dal sindaco di Longarone. Ne faranno parte il senatore De Carlo, l\u2019assessore regionale al Lavoro Elena Donazzan con l\u2019unit\u00e0 di crisi regionale, i consiglieri regionali territoriali e i rappresentanti delle sigle sindacali Cgil, Cisl e Uil. L\u2019obiettivo \u00e8 la salvaguardia del sito produttivo, dove oggi sono impiegati poco meno di 500 lavoratori, residenti soprattutto nella zona Longarone-Cadore-Ponte, ma anche in Val Cellina e in diverse parti della Valbelluna. <\/span><span style=\"font-size: 10.5pt; font-family: Helvetica; color: black;\">Il Comitato monitorer\u00e0 costantemente la situazione. La prima tappa sar\u00e0 mercoled\u00ec prossimo (8 febbraio) con lo sciopero in tutti gli stabilimenti del Gruppo Safilo (oltre a Longarone, anche Santa Maria di Sala e Padova) e la manifestazione organizzata dai lavoratori. Il 22 febbraio \u00e8 convocato in Regione il tavolo tecnico per un primo confronto in cui l\u2019azienda sar\u00e0 chiamata a rappresentare la situazione e presentare uno studio sulle possibili soluzioni. <\/span><span style=\"font-size: 10.5pt; font-family: Helvetica; color: black;\">Da parte del Comitato di sorveglianza \u00e8 stata condivisa la necessit\u00e0 di affrontare in maniera unitaria ogni passo, con l\u2019obiettivo che Safilo mantenga il suo impegno sul territorio e al fine di salvaguardare un sito produttivo che funziona, una fabbrica in grado di fare utili grazie alle competenze dei lavoratori e al know-how maturato dalle maestranze attive nello stabilimento longaronese.<\/span><\/p>\n<p>&nbsp;<\/p>\n<p>&nbsp;<\/p>\n<p>******<\/p>\n","protected":false},"excerpt":{"rendered":"<p>&nbsp; DI MORENO GIOLI &nbsp; &nbsp; BELLUNO \u00c8 stato istituito a Longarone il Comitato di sorveglianza socio-istituzionale per la gestione della crisi Safilo. La proposta \u00e8 stata condivisa in maniera unanime dal tavolo convocato dal sindaco di Longarone e presidente della Provincia di Belluno, a cui hanno partecipato il senatore Luca De Carlo, i consiglieri&hellip;<\/p>\n","protected":false},"author":4,"featured_media":318963,"comment_status":"closed","ping_status":"closed","sticky":false,"template":"","format":"standard","meta":{"_monsterinsights_skip_tracking":false,"_monsterinsights_sitenote_active":false,"_monsterinsights_sitenote_note":"","_monsterinsights_sitenote_category":0,"footnotes":""},"categories":[51,49],"tags":[],"class_list":["post-320131","post","type-post","status-publish","format-standard","has-post-thumbnail","hentry","category-evidenza-top","category-news-18","category-51","category-49","description-off"],"img_url":"https:\/\/www.radiopiu.net\/wordpress\/wp-content\/uploads\/2023\/01\/SAFILO.png","_links":{"self":[{"href":"https:\/\/www.radiopiu.net\/wordpress\/wp-json\/wp\/v2\/posts\/320131","targetHints":{"allow":["GET"]}}],"collection":[{"href":"https:\/\/www.radiopiu.net\/wordpress\/wp-json\/wp\/v2\/posts"}],"about":[{"href":"https:\/\/www.radiopiu.net\/wordpress\/wp-json\/wp\/v2\/types\/post"}],"author":[{"embeddable":true,"href":"https:\/\/www.radiopiu.net\/wordpress\/wp-json\/wp\/v2\/users\/4"}],"replies":[{"embeddable":true,"href":"https:\/\/www.radiopiu.net\/wordpress\/wp-json\/wp\/v2\/comments?post=320131"}],"version-history":[{"count":0,"href":"https:\/\/www.radiopiu.net\/wordpress\/wp-json\/wp\/v2\/posts\/320131\/revisions"}],"wp:featuredmedia":[{"embeddable":true,"href":"https:\/\/www.radiopiu.net\/wordpress\/wp-json\/wp\/v2\/media\/318963"}],"wp:attachment":[{"href":"https:\/\/www.radiopiu.net\/wordpress\/wp-json\/wp\/v2\/media?parent=320131"}],"wp:term":[{"taxonomy":"category","embeddable":true,"href":"https:\/\/www.radiopiu.net\/wordpress\/wp-json\/wp\/v2\/categories?post=320131"},{"taxonomy":"post_tag","embeddable":true,"href":"https:\/\/www.radiopiu.net\/wordpress\/wp-json\/wp\/v2\/tags?post=320131"}],"curies":[{"name":"wp","href":"https:\/\/api.w.org\/{rel}","templated":true}]}}