{"id":320193,"date":"2023-02-04T05:39:34","date_gmt":"2023-02-04T04:39:34","guid":{"rendered":"https:\/\/www.radiopiu.net\/wordpress\/?p=320193"},"modified":"2023-02-04T09:19:23","modified_gmt":"2023-02-04T08:19:23","slug":"giornale-radiopiu-04-febbraio-2023-direttore-mirko-mezzacasa-verso-i-40-anni-25-giugno-1983-25-giugno-2023","status":"publish","type":"post","link":"https:\/\/www.radiopiu.net\/wordpress\/giornale-radiopiu-04-febbraio-2023-direttore-mirko-mezzacasa-verso-i-40-anni-25-giugno-1983-25-giugno-2023\/","title":{"rendered":"GIORNALE RADIOPIU 04 FEBBRAIO 2023 DIRETTORE MIRKO MEZZACASA&#8230;verso i 40 anni 25 giugno 1983-25 giugno 2023"},"content":{"rendered":"<blockquote>\n<h1>OGGI VENTO&#8230;<\/h1>\n<p><strong>ultim&#8217;ora, 06.30. PER CADUTA ALBERI CHIUSO PASSO DURAN\u00a0<\/strong><\/p>\n<p><span dir=\"ltr\" role=\"presentation\"><strong><a class=\"dt-pswp-item\" href=\"https:\/\/www.radiopiu.net\/wordpress\/wp-content\/uploads\/2023\/02\/d77fda7c-487b-4e16-ad2d-13a303c0f0d7-1.jpg\" data-dt-img-description=\"\" data-large_image_width=\"450\" data-large_image_height=\"800\"><img loading=\"lazy\" decoding=\"async\" class=\"size-medium wp-image-320396 alignleft\" src=\"https:\/\/www.radiopiu.net\/wordpress\/wp-content\/uploads\/2023\/02\/d77fda7c-487b-4e16-ad2d-13a303c0f0d7-1-169x300.jpg\" alt=\"\" width=\"169\" height=\"300\" srcset=\"https:\/\/www.radiopiu.net\/wordpress\/wp-content\/uploads\/2023\/02\/d77fda7c-487b-4e16-ad2d-13a303c0f0d7-1-169x300.jpg 169w, https:\/\/www.radiopiu.net\/wordpress\/wp-content\/uploads\/2023\/02\/d77fda7c-487b-4e16-ad2d-13a303c0f0d7-1.jpg 450w\" sizes=\"auto, (max-width: 169px) 100vw, 169px\" \/><\/a>Aggiornamento del 04\/02\/2023 ore 08 15<\/strong><\/span><\/p>\n<p><span dir=\"ltr\" role=\"presentation\">Aggiornamento del 04\/02\/2023 ore 06:30.<\/span><\/p>\n<p><span dir=\"ltr\" role=\"presentation\">Si comunica la chiusura del seguente tratto stradale per presenza di alberi caduti sul piano<\/span><br role=\"presentation\" \/><span dir=\"ltr\" role=\"presentation\">viabile a seguito di vento forte: <\/span><span dir=\"ltr\" role=\"presentation\">&#8211;<\/span> <span dir=\"ltr\" role=\"presentation\">S.P. 347 \u201cdel Passo Duran e Passo Cereda\u201d<\/span> <span dir=\"ltr\" role=\"presentation\">dalla progressiva km 36+000 (localit\u00e0 Le Vizze) alla <\/span><span dir=\"ltr\" role=\"presentation\">progressiva km 44+200 (loc.Passo Duran).<\/span><\/p>\n<p>Rami e alberi in strada a Tiser e in localit\u00e0 La Muda lungo la regionale 203 agordina, ma anche ad Avoscan di San Tomaso poco oltre Cencenighe<\/p>\n<p><span dir=\"ltr\" role=\"presentation\">Sono in corso deboli precipitazioni atmosferiche sulla parte settentrionale della Provincia,<\/span> <span dir=\"ltr\" role=\"presentation\">di <\/span><span dir=\"ltr\" role=\"presentation\">carattere nevoso al di sopra dei 1500\/1600 m s.l.m. nelle aree Dolomitiche<\/span> <span dir=\"ltr\" role=\"presentation\">con forte vento. <\/span><span dir=\"ltr\" role=\"presentation\">Si raccomanda di prestare particolare attenzione per la presenza di possibili cumuli di neve sul <\/span><span dir=\"ltr\" role=\"presentation\">piano viabile causati dalle forti raffiche di vento.<\/span><\/p>\n<p><strong>VIGILI DEL FUOCO DI AGORDO<\/strong> Due Interventi per alberi pericolanti, sulla 203 Agordina Frazione La Muda. Alle ore 5.41 e 6.54. Nessun danno o feriti.<\/p><\/blockquote>\n<p>&nbsp;<\/p>\n<p>&nbsp;<\/p>\n<p>&nbsp;<\/p>\n<h1><a class=\"dt-pswp-item\" href=\"https:\/\/www.radiopiu.net\/wordpress\/wp-content\/uploads\/2023\/02\/photo_5976470288742857837_y.jpg\" data-dt-img-description=\"\" data-large_image_width=\"1280\" data-large_image_height=\"720\"><img loading=\"lazy\" decoding=\"async\" class=\"alignnone wp-image-320401 size-full\" src=\"https:\/\/www.radiopiu.net\/wordpress\/wp-content\/uploads\/2023\/02\/photo_5976470288742857837_y.jpg\" alt=\"\" width=\"1280\" height=\"720\" srcset=\"https:\/\/www.radiopiu.net\/wordpress\/wp-content\/uploads\/2023\/02\/photo_5976470288742857837_y.jpg 1280w, https:\/\/www.radiopiu.net\/wordpress\/wp-content\/uploads\/2023\/02\/photo_5976470288742857837_y-300x169.jpg 300w, https:\/\/www.radiopiu.net\/wordpress\/wp-content\/uploads\/2023\/02\/photo_5976470288742857837_y-1024x576.jpg 1024w, https:\/\/www.radiopiu.net\/wordpress\/wp-content\/uploads\/2023\/02\/photo_5976470288742857837_y-768x432.jpg 768w\" sizes=\"auto, (max-width: 1280px) 100vw, 1280px\" \/><\/a><\/h1>\n<blockquote>\n<h1><\/h1>\n<h1>RILEVAMENTO IN MARMOLADA<\/h1>\n<\/blockquote>\n\n\t\t\t<style type='text\/css'>\n\t\t\t\t#gallery-1 {\n\t\t\t\t\tmargin: auto;\n\t\t\t\t}\n\t\t\t\t#gallery-1 .gallery-item {\n\t\t\t\t\tfloat: left;\n\t\t\t\t\tmargin-top: 10px;\n\t\t\t\t\ttext-align: center;\n\t\t\t\t\twidth: 50%;\n\t\t\t\t}\n\t\t\t\t#gallery-1 img {\n\t\t\t\t\tborder: 2px solid #cfcfcf;\n\t\t\t\t}\n\t\t\t\t#gallery-1 .gallery-caption {\n\t\t\t\t\tmargin-left: 0;\n\t\t\t\t}\n\t\t\t\t\/* see gallery_shortcode() in wp-includes\/media.php *\/\n\t\t\t<\/style>\n\t\t<div id='gallery-1' class='dt-gallery-container gallery galleryid-320193 gallery-columns-2 gallery-size-thumbnail'><dl class='gallery-item'>\n\t\t\t\t<dt class='gallery-icon landscape'>\n\t\t\t\t\t<a class=\"rollover rollover-zoom dt-pswp-item\" title=\"6006fc8e-3b06-4c29-9c55-a75b9ae7a336\" data-dt-img-description=\"\" data-large_image_width=\"1076\" data-large_image_height=\"876\"href='https:\/\/www.radiopiu.net\/wordpress\/wp-content\/uploads\/2023\/02\/6006fc8e-3b06-4c29-9c55-a75b9ae7a336.jpg'><img loading=\"lazy\" decoding=\"async\" width=\"150\" height=\"150\" src=\"https:\/\/www.radiopiu.net\/wordpress\/wp-content\/uploads\/2023\/02\/6006fc8e-3b06-4c29-9c55-a75b9ae7a336-150x150.jpg\" class=\"attachment-thumbnail size-thumbnail\" alt=\"\" \/><\/a>\n\t\t\t\t<\/dt><\/dl><dl class='gallery-item'>\n\t\t\t\t<dt class='gallery-icon landscape'>\n\t\t\t\t\t<a class=\"rollover rollover-zoom dt-pswp-item\" title=\"eb29c364-44f6-4fb3-8699-0617e4d047af\" data-dt-img-description=\"\" data-large_image_width=\"1066\" data-large_image_height=\"626\"href='https:\/\/www.radiopiu.net\/wordpress\/wp-content\/uploads\/2023\/02\/eb29c364-44f6-4fb3-8699-0617e4d047af.jpg'><img loading=\"lazy\" decoding=\"async\" width=\"150\" height=\"150\" src=\"https:\/\/www.radiopiu.net\/wordpress\/wp-content\/uploads\/2023\/02\/eb29c364-44f6-4fb3-8699-0617e4d047af-150x150.jpg\" class=\"attachment-thumbnail size-thumbnail\" alt=\"\" \/><\/a>\n\t\t\t\t<\/dt><\/dl><br style=\"clear: both\" \/>\n\t\t\t<\/div>\n\n<h3 class=\"kvgmc6g5 cxmmr5t8 oygrvhab hcukyx3x c1et5uql\"><span style=\"color: #0000ff;\"><strong>RADIO PIU INFORMAZIONE il canale su TELEGRAM informazione di prima\u00a0 <\/strong><strong>mano e in tempo reale. iscriviti ed aiutaci a farlo conoscere\u00a0 \u00a0<\/strong><\/span><\/h3>\n<p>&nbsp;<\/p>\n<div class=\"column\">\n<h1><span style=\"color: #ff00ff;\"><strong><a class=\"dt-pswp-item\" href=\"https:\/\/www.radiopiu.net\/wordpress\/wp-content\/uploads\/2023\/01\/CASPARETHA-2-scaled.jpg\" data-dt-img-description=\"\" data-large_image_width=\"2560\" data-large_image_height=\"1707\"><img loading=\"lazy\" decoding=\"async\" class=\" wp-image-319101 alignleft\" src=\"https:\/\/www.radiopiu.net\/wordpress\/wp-content\/uploads\/2023\/01\/CASPARETHA-2-300x200.jpg\" alt=\"\" width=\"221\" height=\"147\" srcset=\"https:\/\/www.radiopiu.net\/wordpress\/wp-content\/uploads\/2023\/01\/CASPARETHA-2-300x200.jpg 300w, https:\/\/www.radiopiu.net\/wordpress\/wp-content\/uploads\/2023\/01\/CASPARETHA-2-1024x683.jpg 1024w, https:\/\/www.radiopiu.net\/wordpress\/wp-content\/uploads\/2023\/01\/CASPARETHA-2-768x512.jpg 768w, https:\/\/www.radiopiu.net\/wordpress\/wp-content\/uploads\/2023\/01\/CASPARETHA-2-1536x1024.jpg 1536w, https:\/\/www.radiopiu.net\/wordpress\/wp-content\/uploads\/2023\/01\/CASPARETHA-2-2048x1365.jpg 2048w\" sizes=\"auto, (max-width: 221px) 100vw, 221px\" \/><\/a><\/strong>IL GIORNO DELLA CASPARETHA<\/span><\/h1>\n<blockquote>\n<h3>\u00a0<strong style=\"font-size: 14px;\"><span style=\"color: #ff0000;\">ALLA RADIO, L&#8217;INTERVISTA A MIRCO E EMIL TANCON<\/span><\/strong><\/h3>\n<div class=\"column\">\n<div class=\"column\">\n<p><strong>CANALE D&#8217;AGORDO\u00a0 <\/strong>Oggi la Casparetha 2023, camminata competitiva e non in notturna con racchette da neve su tracciato di circa 5 km.<\/p>\n<p><strong>di Mirko Mezzacasa<\/strong><\/p>\n<p>OSPITE Mirko Tancon<\/p>\n<\/div>\n<\/div>\n<\/blockquote>\n<p><strong>AUDIO\u00a0<\/strong><\/p>\n<blockquote><audio class=\"wp-audio-shortcode\" id=\"audio-320193-1\" preload=\"none\" style=\"width: 100%;\" controls=\"controls\"><source type=\"audio\/mpeg\" src=\"https:\/\/www.radiopiu.net\/wordpress\/wp-content\/uploads\/2023\/02\/MIRCO-TANCON.mp3?_=1\" \/><a href=\"https:\/\/www.radiopiu.net\/wordpress\/wp-content\/uploads\/2023\/02\/MIRCO-TANCON.mp3\">https:\/\/www.radiopiu.net\/wordpress\/wp-content\/uploads\/2023\/02\/MIRCO-TANCON.mp3<\/a><\/audio>\n<h3><\/h3>\n<\/blockquote>\n<\/div>\n<h2 style=\"text-align: left;\"><span style=\"color: #ff0000;\">ISCRIVITI AL NOSTRO CANALE YOUTUBE PER SEGUIRE IN DIRETTA I PRINCIPALI PROGRAMMI DI RADIO PIU&#8217; E LE FUTURE DIRETTE IN ESTERNA. PER ISCRIVERTI <a style=\"color: #ff0000;\" href=\"https:\/\/youtube.com\/@radiopiu1527\">CLICCA QUI<\/a> E PREMI IL TASTO &#8220;Iscriviti&#8221;\u00a0\u00a0<\/span><\/h2>\n<p>&nbsp;<\/p>\n<hr \/>\n<p>&nbsp;<\/p>\n<p>&nbsp;<\/p>\n<p><strong>ULTIM&#8217;ORA, ORE 5, TERREMOTO AL CONFINE.<\/strong><\/p>\n<p><a class=\"dt-pswp-item\" href=\"https:\/\/www.radiopiu.net\/wordpress\/wp-content\/uploads\/2023\/02\/Senza-nome-12.jpg\" data-dt-img-description=\"\" data-large_image_width=\"193\" data-large_image_height=\"168\"><img loading=\"lazy\" decoding=\"async\" class=\"wp-image-320368 alignleft\" src=\"https:\/\/www.radiopiu.net\/wordpress\/wp-content\/uploads\/2023\/02\/Senza-nome-12.jpg\" alt=\"\" width=\"130\" height=\"113\" \/><\/a> Questa notte la terra ha tremato, ha tremato di nuovo al confine con la provincia nel pordenonese a Tramonti di Sopra. Due le scosse di terremoto, alla mezzanotte, 2,7 gradi della scala Richter con replica mezz&#8217;ora dopo, altra scossa di 2 gradi.<\/p>\n<p><a class=\"dt-pswp-item\" href=\"https:\/\/www.radiopiu.net\/wordpress\/wp-content\/uploads\/2023\/02\/Senza-nome-11.jpg\" data-dt-img-description=\"\" data-large_image_width=\"386\" data-large_image_height=\"115\"><img loading=\"lazy\" decoding=\"async\" class=\"size-medium wp-image-320366 aligncenter\" src=\"https:\/\/www.radiopiu.net\/wordpress\/wp-content\/uploads\/2023\/02\/Senza-nome-11-300x89.jpg\" alt=\"\" width=\"300\" height=\"89\" srcset=\"https:\/\/www.radiopiu.net\/wordpress\/wp-content\/uploads\/2023\/02\/Senza-nome-11-300x89.jpg 300w, https:\/\/www.radiopiu.net\/wordpress\/wp-content\/uploads\/2023\/02\/Senza-nome-11.jpg 386w\" sizes=\"auto, (max-width: 300px) 100vw, 300px\" \/><\/a><\/p>\n<p>&nbsp;<\/p>\n<hr \/>\n<p>&nbsp;<\/p>\n<blockquote>\n<h3>VALANGA SUL CRISTALLO, UNA PERSONA TRAVOLTA<\/h3>\n<\/blockquote>\n<p><strong><a class=\"dt-pswp-item\" href=\"https:\/\/www.radiopiu.net\/wordpress\/wp-content\/uploads\/2023\/02\/Watermark_20230203_183119_205.jpg\" data-dt-img-description=\"\" data-large_image_width=\"1773\" data-large_image_height=\"2364\"><img loading=\"lazy\" decoding=\"async\" class=\"size-medium wp-image-320334 alignleft\" src=\"https:\/\/www.radiopiu.net\/wordpress\/wp-content\/uploads\/2023\/02\/Watermark_20230203_183119_205-225x300.jpg\" alt=\"\" width=\"225\" height=\"300\" srcset=\"https:\/\/www.radiopiu.net\/wordpress\/wp-content\/uploads\/2023\/02\/Watermark_20230203_183119_205-225x300.jpg 225w, https:\/\/www.radiopiu.net\/wordpress\/wp-content\/uploads\/2023\/02\/Watermark_20230203_183119_205-768x1024.jpg 768w, https:\/\/www.radiopiu.net\/wordpress\/wp-content\/uploads\/2023\/02\/Watermark_20230203_183119_205-1152x1536.jpg 1152w, https:\/\/www.radiopiu.net\/wordpress\/wp-content\/uploads\/2023\/02\/Watermark_20230203_183119_205-1536x2048.jpg 1536w, https:\/\/www.radiopiu.net\/wordpress\/wp-content\/uploads\/2023\/02\/Watermark_20230203_183119_205.jpg 1773w\" sizes=\"auto, (max-width: 225px) 100vw, 225px\" \/><\/a>CORTINA <\/strong>Sono gravi le condizioni di uno scialpinista francese di 35 anni \u00a0N.J.C, di Lione coinvolto da una valanga mentre con una comitiva di connazionali stava scendendo dal Cristallo. Due dei nove sciatori, non appena sono entrati nel canale di Val Pra Del Vecia, a circa 2mila metri di quota, sono stati travolti dal distacco: uno ha perso gli sci ed \u00e8 riuscito a rimanere fuori, l&#8217;altro,\u00a0 \u00e8 stato trascinato per oltre 500 metri. Scattato l&#8217;allarme verso le 15.10, sul posto si sono portati l&#8217;elicottero del Suem di Pieve di Cadore, che ha sbarcato equipe sanitaria, unit\u00e0 cinofila e tecnico di elisoccorso e personale del Soccorso alpino di Cortina e della Guardia di finanza con un&#8217;altra unit\u00e0 cinofila. I soccorritori hanno raggiunto l&#8217;uomo che era stato estratto dalla neve dai compagni e sono a loro subentrati nelle manovre di rianimazione. Lo sciatore \u00e8 stato poi recuperato dall&#8217;elicottero di Trento emergenza e trasportato all&#8217;ospedale. Per il timore di ulteriori distacchi, tutti i soccorritori e i compagni dello scialpinista sono stati imbarcati dall&#8217;elicottero dell&#8217;Air service center e portati a valle.<\/p>\n<p>&nbsp;<\/p>\n<p><strong>PERSONA SOCCORSA SUL MONTE CRISTALLO. IL PLAUSO DEL PRESIDENTE VENETO LUCA ZAIA<\/strong><\/p>\n<p><em>\u201cUna squadra impegnata e vincente che, unita, salva le persone. Parlo del Soccorso Alpino del Veneto che, insieme all\u2019unit\u00e0 cinofila, ai piloti, al personale medico sanitario e tecnico dell\u2019elisoccorso dell\u2019Ulss 1 di Belluno ieri ha soccorso una persona che era stata travolta da una valanga sul Monte Cristallo, a circa 2000 metri di quota. Un plauso all\u2019importante operazione di salvataggio di questi angeli della montagna, che garantiscono il presidio della montagna, proteggendo l&#8217;utenza turistica e chi abita nelle terre alte. Un grazie alla rete di elisoccorso che abbiamo in Veneto e al presidio costante che ci garantisce risultati importanti come quello odierno. Salvare una vita non ha prezzo\u201d. <\/em>Sono le parole con cui il Presidente della Regione del Veneto, Luca Zaia, si complimenta per l\u2019operazione di soccorso effettuata oggi sulle Dolomiti venete.<\/p>\n<p>&nbsp;<\/p>\n<blockquote>\n<h3>E FALCO? ABBONATO AL NIDO. ANCHE IERI L&#8217;ELICOTTERO NON SI E&#8217; ALZATO IN VOLO<\/h3>\n<\/blockquote>\n<p><strong><a class=\"dt-pswp-item\" href=\"https:\/\/www.radiopiu.net\/wordpress\/wp-content\/uploads\/2023\/01\/Senza-nome-38.jpg\" data-dt-img-description=\"\" data-large_image_width=\"762\" data-large_image_height=\"365\"><img loading=\"lazy\" decoding=\"async\" class=\"wp-image-316847 alignleft\" src=\"https:\/\/www.radiopiu.net\/wordpress\/wp-content\/uploads\/2023\/01\/Senza-nome-38-300x144.jpg\" alt=\"\" width=\"196\" height=\"94\" srcset=\"https:\/\/www.radiopiu.net\/wordpress\/wp-content\/uploads\/2023\/01\/Senza-nome-38-300x144.jpg 300w, https:\/\/www.radiopiu.net\/wordpress\/wp-content\/uploads\/2023\/01\/Senza-nome-38.jpg 762w\" sizes=\"auto, (max-width: 196px) 100vw, 196px\" \/><\/a>BELLUNO<\/strong>\u00a0 Anche ieri elicottero ai box, ufficialmente &#8220;per problemi di vento&#8221;, e lo scialpinista francese viene trasferito in ospedale dall&#8217;elisoccorso di Trento. Una ennesima frenata, niente rispetto alle avarie pi\u00f9 pesanti dei giorni scorsi e dell&#8217;agosto scorso, durata giorni.\u00a0 Quindi un&#8217;altra&#8221;avaria&#8221; temporanea di Falco che \u00abha avuto un problema momentaneo legato al vento\u00bb spiegano dall&#8217;azienda sanitaria.\u00a0 Oltre 26mila euro per il guasto al computer intorno al 14 gennaio: Falco era rimasto parcheggiato sulle piste del Civetta. Si arriva a una somma di oltre quarantamila euro, per gli altri guasti: l&#8217;ultimo ha visto addirittura la sostituzione del computer di bordo. Se si aggiungono i quasi sessantamila euro dell&#8217;agosto 2022 per un fermo di una settimana circa, si arriva a un totale di quasi centomila euro in poco meno di sei mesi.<\/p>\n<p>&nbsp;<\/p>\n<p>&nbsp;<\/p>\n<hr \/>\n<p>&nbsp;<\/p>\n<p>&nbsp;<\/p>\n<div class=\"page-title-head hgroup\">\n<blockquote>\n<h3 class=\"entry-title\">ICECLIMBER SI FERISCE CON I RAMPONI<\/h3>\n<\/blockquote>\n<\/div>\n<p><strong><img loading=\"lazy\" decoding=\"async\" class=\"alignleft\" src=\"https:\/\/www.radiopiu.net\/wordpress\/wp-content\/uploads\/2023\/02\/th-2.jpg\" width=\"160\" height=\"106\" \/>CORTINA\u00a0<\/strong>\u00a0 Ieri nel primo pomeriggio la Centrale del 118 \u00e8 stata attivata dai compagni di un iceclimber tedesco,\u00a0 che era scivolato ferendosi a una gamba con i suoi stessi ramponi nella zona delle Cascate di ghiaccio del Belvedere, in Val Travenanzes. Dopo che l&#8217;elicottero del Suem di Pieve di Cadore non \u00e8 potuto intervenire a causa delle forti raffiche di vento, una squadra del Soccorso alpino di Cortina \u00e8 stata imbarcata dall&#8217;elicottero dell&#8217;Air service center, convenzionato con la Delegazione Dolomiti Bellunesi del Cnsas, e trasportata il pi\u00f9 vicino possibile per poi proseguire a piedi, mentre una seconda squadra per si muoveva in motoslitta. I soccorritori hanno quindi raggiunto l&#8217;infortunato, che si trovava alla base della parete, per provvedere al primo aiuto. Lo scalatore \u00e8 stato quindi accompagnato fino a Fiames e preso in carico dell&#8217;ambulanza.<\/p>\n<p>FOTO www.ouraynews.com<\/p>\n<p>&nbsp;<\/p>\n<hr \/>\n<p>&nbsp;<\/p>\n<blockquote>\n<h3>MALORE ALLA GUIDA, 39ENNE IN RIANIMAZIONE<\/h3>\n<\/blockquote>\n<p><strong>BORGO VALBELLUNA<\/strong>\u00a0 Malore improvviso per un uomo di Trichiana attualmente ricoverato in\u00a0 Rianimazione dell&#8217;ospedale San Martino di Belluno,\u00a0 non \u00e8 dato in pericolo di vita, ma la prognosi \u00e8 riservata. Ieri il 39enne stava tornando verso la sua abitazione, in Sinistra Piave, si \u00e8 sentito male, fermandosi in mezzo alla strada. \u00c8 stato un altro automobilista ad accorgersi del suo inatteso arresto sulla corsia e a chiamare il 118<\/p>\n<p>&nbsp;<\/p>\n<hr \/>\n<p>&nbsp;<\/p>\n<blockquote>\n<h3><a class=\"dt-pswp-item\" href=\"https:\/\/www.radiopiu.net\/wordpress\/wp-content\/uploads\/2023\/02\/oreste-1.jpg\" data-dt-img-description=\"\" data-large_image_width=\"258\" data-large_image_height=\"350\"><img loading=\"lazy\" decoding=\"async\" class=\"wp-image-320362 alignleft\" src=\"https:\/\/www.radiopiu.net\/wordpress\/wp-content\/uploads\/2023\/02\/oreste-1-221x300.jpg\" alt=\"\" width=\"85\" height=\"115\" srcset=\"https:\/\/www.radiopiu.net\/wordpress\/wp-content\/uploads\/2023\/02\/oreste-1-221x300.jpg 221w, https:\/\/www.radiopiu.net\/wordpress\/wp-content\/uploads\/2023\/02\/oreste-1.jpg 258w\" sizes=\"auto, (max-width: 85px) 100vw, 85px\" \/><\/a>OGGI I FUNERALI DI ORESTE<\/h3>\n<\/blockquote>\n<p><strong>SAN VITO DI CADORE<\/strong>\u00a0 Una malattia incurabile ha strappato alla vita l&#8217;architetto Oreste De Lotto, 76 anni.\u00a0 Ha progettato la copertura del palaghiaccio di Cortina. Tante le opere di primo piano firmate, compresa la riqualificazione del centro di San Vito. Oreste De Lotto abitava a San Vito ma il suo studio professionale era situato a Cortina.\u00a0 Lascia la moglie Silvana, il figlio Ludovico, la figlia Margherita. I funerali si terranno oggi pomeriggio alle ore 14. 30 nella chiesa parrocchiale di San Vito.<\/p>\n<p>&nbsp;<\/p>\n<p>&nbsp;<\/p>\n<hr \/>\n<p>&nbsp;<\/p>\n<blockquote>\n<h3>DOLOMITIBUS NON RISPONDE O NEGA IL PROBLEMA, LA MISURA E&#8217; COLMA E GLI UTENTI PROTESTANO<\/h3>\n<\/blockquote>\n<p>&nbsp;<\/p>\n<p><strong>AGORDO <\/strong>Cinquanta seduti, altrettanti in piedi con zaino in spalla. Ma molti rimangono a piedi nonostante i tanti soldi spesi ogni anno per l&#8217;abbonamento. Gli utenti reclamano da settembre, ma nessuno risponde e quando succede hanno sempre pronta una scusa.<\/p>\n<p><strong>DI GIANNI SANTOMASO<\/strong><\/p>\n<audio class=\"wp-audio-shortcode\" id=\"audio-320193-2\" preload=\"none\" style=\"width: 100%;\" controls=\"controls\"><source type=\"audio\/mpeg\" src=\"https:\/\/www.radiopiu.net\/wordpress\/wp-content\/uploads\/2023\/02\/DOLOMITIBUS-GIANNI.mp3?_=2\" \/><a href=\"https:\/\/www.radiopiu.net\/wordpress\/wp-content\/uploads\/2023\/02\/DOLOMITIBUS-GIANNI.mp3\">https:\/\/www.radiopiu.net\/wordpress\/wp-content\/uploads\/2023\/02\/DOLOMITIBUS-GIANNI.mp3<\/a><\/audio>\n<p>&nbsp;<\/p>\n\n\t\t\t<style type='text\/css'>\n\t\t\t\t#gallery-2 {\n\t\t\t\t\tmargin: auto;\n\t\t\t\t}\n\t\t\t\t#gallery-2 .gallery-item {\n\t\t\t\t\tfloat: left;\n\t\t\t\t\tmargin-top: 10px;\n\t\t\t\t\ttext-align: center;\n\t\t\t\t\twidth: 33%;\n\t\t\t\t}\n\t\t\t\t#gallery-2 img {\n\t\t\t\t\tborder: 2px solid #cfcfcf;\n\t\t\t\t}\n\t\t\t\t#gallery-2 .gallery-caption {\n\t\t\t\t\tmargin-left: 0;\n\t\t\t\t}\n\t\t\t\t\/* see gallery_shortcode() in wp-includes\/media.php *\/\n\t\t\t<\/style>\n\t\t<div id='gallery-2' class='dt-gallery-container gallery galleryid-320193 gallery-columns-3 gallery-size-thumbnail'><dl class='gallery-item'>\n\t\t\t\t<dt class='gallery-icon portrait'>\n\t\t\t\t\t<a class=\"rollover rollover-zoom dt-pswp-item\" title=\"71b3a155-6556-4791-805a-d9ff62d4cb98\" data-dt-img-description=\"\" data-large_image_width=\"768\" data-large_image_height=\"1024\"href='https:\/\/www.radiopiu.net\/wordpress\/wp-content\/uploads\/2023\/02\/71b3a155-6556-4791-805a-d9ff62d4cb98.jpeg'><img loading=\"lazy\" decoding=\"async\" width=\"150\" height=\"150\" src=\"https:\/\/www.radiopiu.net\/wordpress\/wp-content\/uploads\/2023\/02\/71b3a155-6556-4791-805a-d9ff62d4cb98-150x150.jpeg\" class=\"attachment-thumbnail size-thumbnail\" alt=\"\" \/><\/a>\n\t\t\t\t<\/dt><\/dl><dl class='gallery-item'>\n\t\t\t\t<dt class='gallery-icon portrait'>\n\t\t\t\t\t<a class=\"rollover rollover-zoom dt-pswp-item\" title=\"478654d7-51ac-4913-87ef-4066b2a49d64\" data-dt-img-description=\"\" data-large_image_width=\"1536\" data-large_image_height=\"2048\"href='https:\/\/www.radiopiu.net\/wordpress\/wp-content\/uploads\/2023\/02\/478654d7-51ac-4913-87ef-4066b2a49d64.jpeg'><img loading=\"lazy\" decoding=\"async\" width=\"150\" height=\"150\" src=\"https:\/\/www.radiopiu.net\/wordpress\/wp-content\/uploads\/2023\/02\/478654d7-51ac-4913-87ef-4066b2a49d64-150x150.jpeg\" class=\"attachment-thumbnail size-thumbnail\" alt=\"\" \/><\/a>\n\t\t\t\t<\/dt><\/dl><dl class='gallery-item'>\n\t\t\t\t<dt class='gallery-icon portrait'>\n\t\t\t\t\t<a class=\"rollover rollover-zoom dt-pswp-item\" title=\"83516b4e-0859-4336-a494-a8d27f9c9140\" data-dt-img-description=\"\" data-large_image_width=\"1536\" data-large_image_height=\"2048\"href='https:\/\/www.radiopiu.net\/wordpress\/wp-content\/uploads\/2023\/02\/83516b4e-0859-4336-a494-a8d27f9c9140.jpeg'><img loading=\"lazy\" decoding=\"async\" width=\"150\" height=\"150\" src=\"https:\/\/www.radiopiu.net\/wordpress\/wp-content\/uploads\/2023\/02\/83516b4e-0859-4336-a494-a8d27f9c9140-150x150.jpeg\" class=\"attachment-thumbnail size-thumbnail\" alt=\"\" \/><\/a>\n\t\t\t\t<\/dt><\/dl><br style=\"clear: both\" \/>\n\t\t\t<\/div>\n\n<p>&nbsp;<\/p>\n<hr \/>\n<p>&nbsp;<\/p>\n<blockquote>\n<h3>ROCCA PIETORE PERDE LA SCUOLA, I NUMERI LA CONDANNANO ALLA CHIUSURA<\/h3>\n<\/blockquote>\n<p><strong><a class=\"dt-pswp-item\" href=\"https:\/\/www.radiopiu.net\/wordpress\/wp-content\/uploads\/2023\/02\/Senza-nome-10.jpg\" data-dt-img-description=\"\" data-large_image_width=\"699\" data-large_image_height=\"547\"><img loading=\"lazy\" decoding=\"async\" class=\"size-medium wp-image-320345 alignleft\" src=\"https:\/\/www.radiopiu.net\/wordpress\/wp-content\/uploads\/2023\/02\/Senza-nome-10-300x235.jpg\" alt=\"\" width=\"300\" height=\"235\" srcset=\"https:\/\/www.radiopiu.net\/wordpress\/wp-content\/uploads\/2023\/02\/Senza-nome-10-300x235.jpg 300w, https:\/\/www.radiopiu.net\/wordpress\/wp-content\/uploads\/2023\/02\/Senza-nome-10.jpg 699w\" sizes=\"auto, (max-width: 300px) 100vw, 300px\" \/><\/a>ROCCA PIETORE<\/strong> La notizia della chiusura della scuola \u00e8 di dominio pubblico. Dopo anni di tentativi fatti dall&#8217;istituto Comprensivo e dall&#8217;Amministrazione Comunale di tenerla aperta, bell&#8217;esempio di piccola scuola di montagna efficiente, i numeri purtroppo non danno ragione e a scegliere la sua chiusura \u00e8 stato in primis il calo demografico unitamente alle iscrizioni.<\/p>\n<p>&nbsp;<\/p>\n<p><em>L&#8217;INTERVENTO DEL SINDACO ANDREA DE BERNARDIN\u00a0<\/em><\/p>\n<p>&#8220;Non critico e non voglio fare polemiche sulle scelte lecite delle famiglie che avranno fatto i loro ragionamenti in totale libert\u00e0 come \u00e8 giusto che sia. Sappiamo che Rocca Pietore \u00e8 un Comune molto vasto e soprattutto molto lungo. Questo comporta una naturale predisposizione per molti dei nostri villaggi a riferirsi al Comune vicino per molte cose. Cos\u00ec \u00e8 stato ad esempio da sempre che Alleghe facesse da riferimento per la scuola per la parte bassa del nostro Comune. Questo comporta che nonostante i numeri dei nuovi nati siano in linea con i Comuni contermini, per noi le scuole di riferimento sono tre. Negli ultimi tempi le iscrizioni per l&#8217;anno scolastico hanno per\u00f2 visto una tendenza ad iscrivere ad Alleghe anche bambini della Val Pettorina. Questo non perch\u00e9 la scuola di Rocca non sia all&#8217;altezza nel preparare i bambini, anzi il contrario. L&#8217;offerta educativa e le proposte che anno dopo anno l&#8217;amministrazione ha voluto sovvenzionare nonostante i costi piuttosto alti, credo abbiano portato la scuola di Rocca ad avere una delle offerte pi\u00f9 alte dell&#8217;intera provincia. Ricordo una su tutte il doposcuola gratuito (credo caso unico in Provincia) o l&#8217;insegnamento sia del tedesco che dell&#8217;inglese proposto quest&#8217;anno (penso che solo Livinallongo faccia altrettanto). Altre e molteplici sono le offerte di cui i bambini hanno potuto godere nel corso dei loro anni scolastici. Interessante pu\u00f2 essere per tutti dare un occhiata ai nuovi nati (colgo loccasione per ricordare che le famiglie del Comune di Rocca Pietore ricevono 700 euro per ogni nato a titolo di piccolo contributo e anche questo succede in pochi Comuni&#8230;.). Il costante calo demografico unito alla riduzione delle iscrizioni alla scuola di Rocca ci ha costretto tristemente a decidere la chiusura del plesso, scelta concordata con la Preside dell&#8217;istituto Comprensivo, la quale ci ha informato che i numeri non sono pi\u00f9 sufficienti per mantenere l&#8217;organico e quindi la scuola aperta. Ci dice anche una cosa che mi rasserena e cio\u00e8 che i bambini del Comune di Rocca stanno contribuendo affinch\u00e9 ad avere problemi con i numeri sia anche la stessa scuola di Alleghe. Credo siano evoluzioni alle quali poco possiamo fare come amministrazioni per contrastarle. Indubbiamente \u00e8 uno scossone non indifferente per Rocca e ora non rimane che valutare cosa si possa ancora fare ad esempio riguardo al doposcuola che ora non \u00e8 per nulla scontato. Anche lo stesso trasporto scolastico dovr\u00e0 per forza subire delle importanti modifiche e spero che l&#8217;organico della squadra operai (peraltro numericamente ridotta)sia in grado di soddisfare le nuove richieste. Avr\u00f2 modo di aggiornare su eventuali novit\u00e0&#8221;.<\/p>\n<h2>nati nei 5 Comuni dell&#8217;Alto Cordevole dal 2017 al 2022<\/h2>\n<p><a class=\"dt-pswp-item\" href=\"https:\/\/www.radiopiu.net\/wordpress\/wp-content\/uploads\/2023\/02\/f9f08297-05ba-4c61-8407-527b64cec950.jpg\" data-dt-img-description=\"\" data-large_image_width=\"1563\" data-large_image_height=\"325\"><img loading=\"lazy\" decoding=\"async\" class=\"alignnone wp-image-320347 size-full\" src=\"https:\/\/www.radiopiu.net\/wordpress\/wp-content\/uploads\/2023\/02\/f9f08297-05ba-4c61-8407-527b64cec950.jpg\" alt=\"\" width=\"1563\" height=\"325\" srcset=\"https:\/\/www.radiopiu.net\/wordpress\/wp-content\/uploads\/2023\/02\/f9f08297-05ba-4c61-8407-527b64cec950.jpg 1563w, https:\/\/www.radiopiu.net\/wordpress\/wp-content\/uploads\/2023\/02\/f9f08297-05ba-4c61-8407-527b64cec950-300x62.jpg 300w, https:\/\/www.radiopiu.net\/wordpress\/wp-content\/uploads\/2023\/02\/f9f08297-05ba-4c61-8407-527b64cec950-1024x213.jpg 1024w, https:\/\/www.radiopiu.net\/wordpress\/wp-content\/uploads\/2023\/02\/f9f08297-05ba-4c61-8407-527b64cec950-768x160.jpg 768w, https:\/\/www.radiopiu.net\/wordpress\/wp-content\/uploads\/2023\/02\/f9f08297-05ba-4c61-8407-527b64cec950-1536x319.jpg 1536w\" sizes=\"auto, (max-width: 1563px) 100vw, 1563px\" \/><\/a><\/p>\n<p>&nbsp;<\/p>\n<p>&nbsp;<\/p>\n<hr \/>\n<p>&nbsp;<\/p>\n<blockquote>\n<h3>IL LUPO IN PROVINCIA? PER LA PREFETTURA NON E&#8217; UN PROBLEMA E NON C&#8217;E&#8217; SOVRA POPOLAZIONE<\/h3>\n<\/blockquote>\n<p><strong><img loading=\"lazy\" decoding=\"async\" class=\"alignleft\" src=\"https:\/\/www.radiopiu.net\/wordpress\/wp-content\/uploads\/2020\/05\/LUPO.jpg\" width=\"258\" height=\"171\" \/>BELLUNO<\/strong><\/p>\n<p><strong>DI MORENO GIOLI<\/strong><\/p>\n<audio class=\"wp-audio-shortcode\" id=\"audio-320193-3\" preload=\"none\" style=\"width: 100%;\" controls=\"controls\"><source type=\"audio\/mpeg\" src=\"https:\/\/www.radiopiu.net\/wordpress\/wp-content\/uploads\/2023\/02\/lupo-gioli.mp3?_=3\" \/><a href=\"https:\/\/www.radiopiu.net\/wordpress\/wp-content\/uploads\/2023\/02\/lupo-gioli.mp3\">https:\/\/www.radiopiu.net\/wordpress\/wp-content\/uploads\/2023\/02\/lupo-gioli.mp3<\/a><\/audio>\n<p>&nbsp;<\/p>\n<p>&nbsp;<\/p>\n<p>&nbsp;<\/p>\n<hr \/>\n<p>&nbsp;<\/p>\n<blockquote>\n<h3>VELOCITA&#8217; IN CENTRO, INSTALLATI I NUOVI DISSUASORI NON SANZIONATORI<\/h3>\n<\/blockquote>\n<p><strong>AGORDO<\/strong> Novit\u00e0 sulle strade di Agordo nei punti pi\u00f9 trafficati o insidiosi, il Comune ha infatti installato i pannelli che segnalano la velocit\u00e0, luce verde con un grazie per chi rispetta il limite, il colore rosso un invito a rallentare e rispettare i limiti.<\/p>\n<p>&nbsp;<\/p>\n<p><strong>L&#8217;INTERVISTA<\/strong> di Mirko Mezzacasa, ospite alla radio Claudio Sito assessore al bilancio<\/p>\n<p><strong>audio<\/strong><\/p>\n<audio class=\"wp-audio-shortcode\" id=\"audio-320193-4\" preload=\"none\" style=\"width: 100%;\" controls=\"controls\"><source type=\"audio\/mpeg\" src=\"https:\/\/www.radiopiu.net\/wordpress\/wp-content\/uploads\/2023\/02\/CLAUDIO-SITO.mp3?_=4\" \/><a href=\"https:\/\/www.radiopiu.net\/wordpress\/wp-content\/uploads\/2023\/02\/CLAUDIO-SITO.mp3\">https:\/\/www.radiopiu.net\/wordpress\/wp-content\/uploads\/2023\/02\/CLAUDIO-SITO.mp3<\/a><\/audio>\n<p>&nbsp;<\/p>\n\n\t\t\t<style type='text\/css'>\n\t\t\t\t#gallery-3 {\n\t\t\t\t\tmargin: auto;\n\t\t\t\t}\n\t\t\t\t#gallery-3 .gallery-item {\n\t\t\t\t\tfloat: left;\n\t\t\t\t\tmargin-top: 10px;\n\t\t\t\t\ttext-align: center;\n\t\t\t\t\twidth: 33%;\n\t\t\t\t}\n\t\t\t\t#gallery-3 img {\n\t\t\t\t\tborder: 2px solid #cfcfcf;\n\t\t\t\t}\n\t\t\t\t#gallery-3 .gallery-caption {\n\t\t\t\t\tmargin-left: 0;\n\t\t\t\t}\n\t\t\t\t\/* see gallery_shortcode() in wp-includes\/media.php *\/\n\t\t\t<\/style>\n\t\t<div id='gallery-3' class='dt-gallery-container gallery galleryid-320193 gallery-columns-3 gallery-size-thumbnail'><dl class='gallery-item'>\n\t\t\t\t<dt class='gallery-icon portrait'>\n\t\t\t\t\t<a class=\"rollover rollover-zoom dt-pswp-item\" title=\"6941d1c0-05b3-4d2f-b12c-061dbc61ac60\" data-dt-img-description=\"\" data-large_image_width=\"1536\" data-large_image_height=\"2048\"href='https:\/\/www.radiopiu.net\/wordpress\/wp-content\/uploads\/2023\/02\/6941d1c0-05b3-4d2f-b12c-061dbc61ac60.jpg'><img loading=\"lazy\" decoding=\"async\" width=\"150\" height=\"150\" src=\"https:\/\/www.radiopiu.net\/wordpress\/wp-content\/uploads\/2023\/02\/6941d1c0-05b3-4d2f-b12c-061dbc61ac60-150x150.jpg\" class=\"attachment-thumbnail size-thumbnail\" alt=\"\" \/><\/a>\n\t\t\t\t<\/dt><\/dl><dl class='gallery-item'>\n\t\t\t\t<dt class='gallery-icon portrait'>\n\t\t\t\t\t<a class=\"rollover rollover-zoom dt-pswp-item\" title=\"ac98f8f5-07b8-47c1-a831-d0a829f72fcb\" data-dt-img-description=\"\" data-large_image_width=\"1536\" data-large_image_height=\"2048\"href='https:\/\/www.radiopiu.net\/wordpress\/wp-content\/uploads\/2023\/02\/ac98f8f5-07b8-47c1-a831-d0a829f72fcb.jpg'><img loading=\"lazy\" decoding=\"async\" width=\"150\" height=\"150\" src=\"https:\/\/www.radiopiu.net\/wordpress\/wp-content\/uploads\/2023\/02\/ac98f8f5-07b8-47c1-a831-d0a829f72fcb-150x150.jpg\" class=\"attachment-thumbnail size-thumbnail\" alt=\"\" \/><\/a>\n\t\t\t\t<\/dt><\/dl><dl class='gallery-item'>\n\t\t\t\t<dt class='gallery-icon portrait'>\n\t\t\t\t\t<a class=\"rollover rollover-zoom dt-pswp-item\" title=\"cd91aaf6-2c9e-4611-9019-b8baba82057b\" data-dt-img-description=\"\" data-large_image_width=\"1536\" data-large_image_height=\"2048\"href='https:\/\/www.radiopiu.net\/wordpress\/wp-content\/uploads\/2023\/02\/cd91aaf6-2c9e-4611-9019-b8baba82057b.jpg'><img loading=\"lazy\" decoding=\"async\" width=\"150\" height=\"150\" src=\"https:\/\/www.radiopiu.net\/wordpress\/wp-content\/uploads\/2023\/02\/cd91aaf6-2c9e-4611-9019-b8baba82057b-150x150.jpg\" class=\"attachment-thumbnail size-thumbnail\" alt=\"\" \/><\/a>\n\t\t\t\t<\/dt><\/dl><br style=\"clear: both\" \/>\n\t\t\t<\/div>\n\n<div style=\"width: 848px;\" class=\"wp-video\"><video class=\"wp-video-shortcode\" id=\"video-320193-1\" width=\"848\" height=\"480\" preload=\"metadata\" controls=\"controls\"><source type=\"video\/mp4\" src=\"https:\/\/www.radiopiu.net\/wordpress\/wp-content\/uploads\/2023\/02\/velocita-video.mp4?_=1\" \/><a href=\"https:\/\/www.radiopiu.net\/wordpress\/wp-content\/uploads\/2023\/02\/velocita-video.mp4\">https:\/\/www.radiopiu.net\/wordpress\/wp-content\/uploads\/2023\/02\/velocita-video.mp4<\/a><\/video><\/div>\n<p>&nbsp;<\/p>\n<p>&nbsp;<\/p>\n<hr \/>\n<p>&nbsp;<\/p>\n<p>&nbsp;<\/p>\n<blockquote>\n<h3>GIA&#8217; INTERROTTA LA SPERIMENTAZIONE A BALDENICH<\/h3>\n<\/blockquote>\n<p><strong><img loading=\"lazy\" decoding=\"async\" class=\"alignleft\" src=\"https:\/\/www.radiopiu.net\/wordpress\/wp-content\/uploads\/2018\/06\/semaforo.jpg\" width=\"226\" height=\"151\" \/>BELLUNO\u00a0<\/strong> Gi\u00e0 interrotta la sperimentazione al semaforo di Baldenich, a Belluno: da questa mattina si \u00e8 tornati al sistema tradizionale. Resta invece confermata la fase \u201ca lampeggio\u201d durante le ore notturne.<\/p>\n<p><strong>DI DANIELE DALVIT<\/strong><\/p>\n<audio class=\"wp-audio-shortcode\" id=\"audio-320193-5\" preload=\"none\" style=\"width: 100%;\" controls=\"controls\"><source type=\"audio\/mpeg\" src=\"https:\/\/www.radiopiu.net\/wordpress\/wp-content\/uploads\/2023\/02\/daniele-baldenic.mp3?_=5\" \/><a href=\"https:\/\/www.radiopiu.net\/wordpress\/wp-content\/uploads\/2023\/02\/daniele-baldenic.mp3\">https:\/\/www.radiopiu.net\/wordpress\/wp-content\/uploads\/2023\/02\/daniele-baldenic.mp3<\/a><\/audio>\n<p>&nbsp;<\/p>\n<p>&nbsp;<\/p>\n<hr \/>\n<p>&nbsp;<\/p>\n<blockquote>\n<h3>AUMENTI DELLE RETTE DELLE CASE DI RIPOSO, PENSIONATI CISL: \u201cINACCETTABILE CHE SI SCARICHINO I COSTI SULLE FAMIGLIE E SUGLI ANZIANI\u201d<\/h3>\n<\/blockquote>\n<p><strong><a class=\"dt-pswp-item\" href=\"https:\/\/www.radiopiu.net\/wordpress\/wp-content\/uploads\/2023\/02\/Franco-Marcuzzo.jpg\" data-dt-img-description=\"\" data-large_image_width=\"650\" data-large_image_height=\"641\"><img loading=\"lazy\" decoding=\"async\" class=\" wp-image-320209 alignleft\" src=\"https:\/\/www.radiopiu.net\/wordpress\/wp-content\/uploads\/2023\/02\/Franco-Marcuzzo-300x296.jpg\" alt=\"\" width=\"159\" height=\"157\" srcset=\"https:\/\/www.radiopiu.net\/wordpress\/wp-content\/uploads\/2023\/02\/Franco-Marcuzzo-300x296.jpg 300w, https:\/\/www.radiopiu.net\/wordpress\/wp-content\/uploads\/2023\/02\/Franco-Marcuzzo.jpg 650w\" sizes=\"auto, (max-width: 159px) 100vw, 159px\" \/><\/a>BELLUNO\u00a0 <\/strong>\u201cL\u2019aumento delle rette delle case di riposo \u00e8 solo parzialmente comprensibile e giustificabile: \u00e8 vero che sono cresciuti i costi dell\u2019energia e dei materiali e che ci sono stati dei rinnovi contrattuali che hanno portato a un aumento del costo del personale, ma non \u00e8 accettabile che questi costi vengano scaricati sulle famiglie e sugli anziani\u201d. \u00c8 la riflessione di Franco Marcuzzo (nella foto), segretario generale della Cisl Fnp Belluno Treviso, in merito ai rincari da 90 a 150 euro al mese praticati recentemente dalle strutture di assistenza agli anziani.\u00a0 Il segretario generale dei Pensionati Cisl di Belluno Treviso sottolinea che mediamente un pensionato della fascia 80-84 anni, et\u00e0 media degli ospiti delle case di riposo, percepisce un assegno mensile pari a 883 euro lordi in provincia di Belluno e di 902 euro nella Marca trevigiana, a cui si aggiungono i 527 euro di accompagnatoria nel caso di non autosufficienza. Trattandosi di una media, \u00e8 evidente come siano in molti a doversi mantenere con un assegno pi\u00f9 basso.<\/p>\n<p><strong>FRANCO MARCUZZO, CISL FNP BELLUNO TREVISO<\/strong><\/p>\n<audio class=\"wp-audio-shortcode\" id=\"audio-320193-6\" preload=\"none\" style=\"width: 100%;\" controls=\"controls\"><source type=\"audio\/mpeg\" src=\"https:\/\/www.radiopiu.net\/wordpress\/wp-content\/uploads\/2023\/02\/FRANCO-MARCUZZO-CISL.mp3?_=6\" \/><a href=\"https:\/\/www.radiopiu.net\/wordpress\/wp-content\/uploads\/2023\/02\/FRANCO-MARCUZZO-CISL.mp3\">https:\/\/www.radiopiu.net\/wordpress\/wp-content\/uploads\/2023\/02\/FRANCO-MARCUZZO-CISL.mp3<\/a><\/audio>\n<p>&nbsp;<\/p>\n<hr \/>\n<p>&nbsp;<\/p>\n<blockquote>\n<h3>PULIZIA NEI CIMITERI CITTADINI DI BELLUNO<\/h3>\n<\/blockquote>\n<p><strong>BELLUNO<\/strong> La primavera \u00e8 ancora lontana, ma sono iniziate le pulizie ai cimiteri della citt\u00e0. Dopo i sopralluoghi dei mesi scorsi, ha preso il via il piano di riordino dei due maggiori campi santi, quello di Prade e quello di Cusighe. Gli operai comunali in questi giorni sono all\u2019opera per potare e togliere alberi e cespugli infestanti, cresciuti sopra alcune tombe<\/p>\n<p><strong>L\u2019ASSESSORE ALL\u2019AMBIENTE, LORENZA DE KUNOVICH\u00a0<\/strong><\/p>\n<audio class=\"wp-audio-shortcode\" id=\"audio-320193-7\" preload=\"none\" style=\"width: 100%;\" controls=\"controls\"><source type=\"audio\/mpeg\" src=\"https:\/\/www.radiopiu.net\/wordpress\/wp-content\/uploads\/2023\/02\/De-Kunovich-su-cimiteri.mp3?_=7\" \/><a href=\"https:\/\/www.radiopiu.net\/wordpress\/wp-content\/uploads\/2023\/02\/De-Kunovich-su-cimiteri.mp3\">https:\/\/www.radiopiu.net\/wordpress\/wp-content\/uploads\/2023\/02\/De-Kunovich-su-cimiteri.mp3<\/a><\/audio>\n<p>&nbsp;<\/p>\n\n\t\t\t<style type='text\/css'>\n\t\t\t\t#gallery-4 {\n\t\t\t\t\tmargin: auto;\n\t\t\t\t}\n\t\t\t\t#gallery-4 .gallery-item {\n\t\t\t\t\tfloat: left;\n\t\t\t\t\tmargin-top: 10px;\n\t\t\t\t\ttext-align: center;\n\t\t\t\t\twidth: 25%;\n\t\t\t\t}\n\t\t\t\t#gallery-4 img {\n\t\t\t\t\tborder: 2px solid #cfcfcf;\n\t\t\t\t}\n\t\t\t\t#gallery-4 .gallery-caption {\n\t\t\t\t\tmargin-left: 0;\n\t\t\t\t}\n\t\t\t\t\/* see gallery_shortcode() in wp-includes\/media.php *\/\n\t\t\t<\/style>\n\t\t<div id='gallery-4' class='dt-gallery-container gallery galleryid-320193 gallery-columns-4 gallery-size-thumbnail'><dl class='gallery-item'>\n\t\t\t\t<dt class='gallery-icon landscape'>\n\t\t\t\t\t<a class=\"rollover rollover-zoom dt-pswp-item\" title=\"Pulizia cimiteri_1\" data-dt-img-description=\"\" data-large_image_width=\"1024\" data-large_image_height=\"768\"href='https:\/\/www.radiopiu.net\/wordpress\/wp-content\/uploads\/2023\/02\/Pulizia-cimiteri_1.jpeg'><img loading=\"lazy\" decoding=\"async\" width=\"150\" height=\"150\" src=\"https:\/\/www.radiopiu.net\/wordpress\/wp-content\/uploads\/2023\/02\/Pulizia-cimiteri_1-150x150.jpeg\" class=\"attachment-thumbnail size-thumbnail\" alt=\"\" \/><\/a>\n\t\t\t\t<\/dt><\/dl><dl class='gallery-item'>\n\t\t\t\t<dt class='gallery-icon portrait'>\n\t\t\t\t\t<a class=\"rollover rollover-zoom dt-pswp-item\" title=\"Pulizia cimiteri_2\" data-dt-img-description=\"\" data-large_image_width=\"768\" data-large_image_height=\"1024\"href='https:\/\/www.radiopiu.net\/wordpress\/wp-content\/uploads\/2023\/02\/Pulizia-cimiteri_2.jpeg'><img loading=\"lazy\" decoding=\"async\" width=\"150\" height=\"150\" src=\"https:\/\/www.radiopiu.net\/wordpress\/wp-content\/uploads\/2023\/02\/Pulizia-cimiteri_2-150x150.jpeg\" class=\"attachment-thumbnail size-thumbnail\" alt=\"\" \/><\/a>\n\t\t\t\t<\/dt><\/dl><dl class='gallery-item'>\n\t\t\t\t<dt class='gallery-icon portrait'>\n\t\t\t\t\t<a class=\"rollover rollover-zoom dt-pswp-item\" title=\"Pulizia cimiteri\" data-dt-img-description=\"\" data-large_image_width=\"768\" data-large_image_height=\"1024\"href='https:\/\/www.radiopiu.net\/wordpress\/wp-content\/uploads\/2023\/02\/Pulizia-cimiteri.jpeg'><img loading=\"lazy\" decoding=\"async\" width=\"150\" height=\"150\" src=\"https:\/\/www.radiopiu.net\/wordpress\/wp-content\/uploads\/2023\/02\/Pulizia-cimiteri-150x150.jpeg\" class=\"attachment-thumbnail size-thumbnail\" alt=\"\" \/><\/a>\n\t\t\t\t<\/dt><\/dl><dl class='gallery-item'>\n\t\t\t\t<dt class='gallery-icon portrait'>\n\t\t\t\t\t<a class=\"rollover rollover-zoom dt-pswp-item\" title=\"Pulizia cimiteri_3\" data-dt-img-description=\"\" data-large_image_width=\"768\" data-large_image_height=\"1024\"href='https:\/\/www.radiopiu.net\/wordpress\/wp-content\/uploads\/2023\/02\/Pulizia-cimiteri_3.jpeg'><img loading=\"lazy\" decoding=\"async\" width=\"150\" height=\"150\" src=\"https:\/\/www.radiopiu.net\/wordpress\/wp-content\/uploads\/2023\/02\/Pulizia-cimiteri_3-150x150.jpeg\" class=\"attachment-thumbnail size-thumbnail\" alt=\"\" \/><\/a>\n\t\t\t\t<\/dt><\/dl><br style=\"clear: both\" \/>\n\t\t\t<\/div>\n\n<p>&nbsp;<\/p>\n<hr \/>\n<p>&nbsp;<\/p>\n<blockquote>\n<h3>RIGENERAZIONE DEL VERDE URBANO DEVASTATO DALLA TEMPESTA VAIA: MESSE A DIMORA LE NUOVE PIANTE IN VIALE MONTE GRAPPA<\/h3>\n<\/blockquote>\n<p><strong><a class=\"dt-pswp-item\" href=\"https:\/\/www.radiopiu.net\/wordpress\/wp-content\/uploads\/2023\/02\/Ripiantumazione-V.le-M.-Grappa-1-scaled.jpg\" data-dt-img-description=\"\" data-large_image_width=\"2560\" data-large_image_height=\"1440\"><img loading=\"lazy\" decoding=\"async\" class=\" wp-image-320243 alignleft\" src=\"https:\/\/www.radiopiu.net\/wordpress\/wp-content\/uploads\/2023\/02\/Ripiantumazione-V.le-M.-Grappa-1-300x169.jpg\" alt=\"\" width=\"192\" height=\"108\" srcset=\"https:\/\/www.radiopiu.net\/wordpress\/wp-content\/uploads\/2023\/02\/Ripiantumazione-V.le-M.-Grappa-1-300x169.jpg 300w, https:\/\/www.radiopiu.net\/wordpress\/wp-content\/uploads\/2023\/02\/Ripiantumazione-V.le-M.-Grappa-1-1024x576.jpg 1024w, https:\/\/www.radiopiu.net\/wordpress\/wp-content\/uploads\/2023\/02\/Ripiantumazione-V.le-M.-Grappa-1-768x432.jpg 768w, https:\/\/www.radiopiu.net\/wordpress\/wp-content\/uploads\/2023\/02\/Ripiantumazione-V.le-M.-Grappa-1-1536x864.jpg 1536w, https:\/\/www.radiopiu.net\/wordpress\/wp-content\/uploads\/2023\/02\/Ripiantumazione-V.le-M.-Grappa-1-2048x1152.jpg 2048w\" sizes=\"auto, (max-width: 192px) 100vw, 192px\" \/><\/a>FELTRE <\/strong>Non sono ancora del tutto ripristinati gli effetti devastanti che la tempesta Vaia ha prodotto anche nell&#8217;ambito del verde urbano e, pi\u00f9 in particolare, sulle piante ad alto fusto. Come si ricorder\u00e0, furono diverse centinaia quelle abbattute dalla furia della tempesta o in seguito alla stessa, perch\u00e9 ammalorate o pericolanti. Proprio in questi giorni \u00e8 stata portata a termine la ripiantumazione che riguarda il tratto di Viale Monte Grappa compreso tra l&#8217;incrocio con via Montelungo e la rotatoria del monumento ai caduti. Qui sono state collocate 24 esemplari di pero da fiore, una tipologia di pianta ornamentale meno esposta ad eventuali di fenomeni atmosferici violenti e dunque pi\u00f9 resistente. Nelle prossime settimane prender\u00e0 avvio anche la consueta attivit\u00e0 di potatura degli alberi cittadini, in vista della quale sar\u00e0 individuato del personale adeguatamente formato alle tecniche pi\u00f9 adeguate e meno invasive per le piante interessate.<\/p>\n<p>&nbsp;<\/p>\n<hr \/>\n<p>&nbsp;<\/p>\n<p>&nbsp;<\/p>\n<blockquote>\n<h3>TAGLI E RINCARI, L&#8217;OPPOSIZIONE NON CI STA, I GIUDIZI SUL BILANCIO SONO NEGATIVI<\/h3>\n<\/blockquote>\n<p><img loading=\"lazy\" decoding=\"async\" class=\"alignleft\" src=\"https:\/\/www.radiopiu.net\/wordpress\/wp-content\/uploads\/2023\/02\/390cddd8-24cd-416e-b693-8a0da8401c40.jpg\" width=\"185\" height=\"139\" \/><strong>BELLUNO\u00a0 <\/strong>Dure critiche dal gruppo Insieme per Belluno Bene Comune, in opposizione in consiglio comunale a Belluno, al bilancio previsionale approvato luned\u00ec scorso: \u201cpoca concretezza e nessuna visione di citt\u00e0\u201d, le critiche.<\/p>\n<p><strong>DI DANIELE DALVIT<\/strong><\/p>\n<audio class=\"wp-audio-shortcode\" id=\"audio-320193-8\" preload=\"none\" style=\"width: 100%;\" controls=\"controls\"><source type=\"audio\/mpeg\" src=\"https:\/\/www.radiopiu.net\/wordpress\/wp-content\/uploads\/2023\/02\/DANIELE-DAL-VIT-BILANCIO9.mp3?_=8\" \/><a href=\"https:\/\/www.radiopiu.net\/wordpress\/wp-content\/uploads\/2023\/02\/DANIELE-DAL-VIT-BILANCIO9.mp3\">https:\/\/www.radiopiu.net\/wordpress\/wp-content\/uploads\/2023\/02\/DANIELE-DAL-VIT-BILANCIO9.mp3<\/a><\/audio>\n<p>&nbsp;<\/p>\n<p>&nbsp;<\/p>\n<hr \/>\n<p>&nbsp;<\/p>\n<p>&nbsp;<\/p>\n<blockquote>\n<h3>IPOTESI DI FUSIONE PER BIM GSP E BIM INFRASTRUTTURE<\/h3>\n<\/blockquote>\n<p><strong>BELLUNO<\/strong>\u00a0 Nuove prospettive di sviluppo per Bim Gsp e Bim Belluno Infrastrutture, societ\u00e0 che gestiscono in provincia di Belluno rispettivamente il servizio idrico integrato e le reti di distribuzione del gas naturale. E\u2019 stato illustrato infatti, ai Comuni soci il progetto di fusione tra i due soggetti. L\u2019operazione, presentata nei dettagli da Attilio Sommavilla e Bruno Zanolla, rispettivamente Presidente e Amministratore Unico delle due societ\u00e0, prevede l\u2019incorporazione di Bim Infrastrutture in Bim Gsp: l\u2019iter formale, che sar\u00e0 semplificato trattandosi appunto di assorbimento di una societ\u00e0 all\u2019interno dell\u2019altra, potrebbe partire gi\u00e0 a breve e concludersi entro l\u2019anno. Il tutto, naturalmente, sar\u00e0 subordinato al consenso unanime dei soci, che saranno chiamati ad esprimersi nei prossimi mesi, e al passaggio delle reti di distribuzione del gas al nuovo gestore, previsto per giugno 2023. Il soggetto che nascer\u00e0 dalla fusione proposta, operativo indicativamente da inizio 2024, continuer\u00e0 a gestire il servizio idrico integrato nel territorio provinciale e le reti a Gpl nei cinque comuni dove al momento sono attive. Al vaglio dei Sindaci anche la scelta dell\u2019area su cui costruire la nuova sede che ospiter\u00e0 tutto il gruppo BIM (nuovo gestore dell\u2019idrico e dell\u2019energia, Consorzio Bim e SIT): approvata dalla maggioranza dei presenti la proposta di realizzare il nuovo stabile a Levego, nel terreno di propriet\u00e0 di Bim Infrastrutture all\u2019interno della lottizzazione del Consorzio Quadrante.\u00a0 Saranno eliminati i costi di affitto \u2013 circa 200mila euro all\u2019anno \u2013 conseguendo quindi risparmi utili.<\/p>\n\n\t\t\t<style type='text\/css'>\n\t\t\t\t#gallery-5 {\n\t\t\t\t\tmargin: auto;\n\t\t\t\t}\n\t\t\t\t#gallery-5 .gallery-item {\n\t\t\t\t\tfloat: left;\n\t\t\t\t\tmargin-top: 10px;\n\t\t\t\t\ttext-align: center;\n\t\t\t\t\twidth: 50%;\n\t\t\t\t}\n\t\t\t\t#gallery-5 img {\n\t\t\t\t\tborder: 2px solid #cfcfcf;\n\t\t\t\t}\n\t\t\t\t#gallery-5 .gallery-caption {\n\t\t\t\t\tmargin-left: 0;\n\t\t\t\t}\n\t\t\t\t\/* see gallery_shortcode() in wp-includes\/media.php *\/\n\t\t\t<\/style>\n\t\t<div id='gallery-5' class='dt-gallery-container gallery galleryid-320193 gallery-columns-2 gallery-size-medium'><dl class='gallery-item'>\n\t\t\t\t<dt class='gallery-icon landscape'>\n\t\t\t\t\t<a class=\"rollover rollover-zoom dt-pswp-item\" title=\"01\" data-dt-img-description=\"\" data-large_image_width=\"709\" data-large_image_height=\"463\"href='https:\/\/www.radiopiu.net\/wordpress\/wp-content\/uploads\/2023\/02\/01.jpg'><img loading=\"lazy\" decoding=\"async\" width=\"300\" height=\"196\" src=\"https:\/\/www.radiopiu.net\/wordpress\/wp-content\/uploads\/2023\/02\/01-300x196.jpg\" class=\"attachment-medium size-medium\" alt=\"\" srcset=\"https:\/\/www.radiopiu.net\/wordpress\/wp-content\/uploads\/2023\/02\/01-300x196.jpg 300w, https:\/\/www.radiopiu.net\/wordpress\/wp-content\/uploads\/2023\/02\/01.jpg 709w\" sizes=\"auto, (max-width: 300px) 100vw, 300px\" \/><\/a>\n\t\t\t\t<\/dt><\/dl><dl class='gallery-item'>\n\t\t\t\t<dt class='gallery-icon landscape'>\n\t\t\t\t\t<a class=\"rollover rollover-zoom dt-pswp-item\" title=\"02\" data-dt-img-description=\"\" data-large_image_width=\"1134\" data-large_image_height=\"850\"href='https:\/\/www.radiopiu.net\/wordpress\/wp-content\/uploads\/2023\/02\/02.jpg'><img loading=\"lazy\" decoding=\"async\" width=\"300\" height=\"225\" src=\"https:\/\/www.radiopiu.net\/wordpress\/wp-content\/uploads\/2023\/02\/02-300x225.jpg\" class=\"attachment-medium size-medium\" alt=\"\" srcset=\"https:\/\/www.radiopiu.net\/wordpress\/wp-content\/uploads\/2023\/02\/02-300x225.jpg 300w, https:\/\/www.radiopiu.net\/wordpress\/wp-content\/uploads\/2023\/02\/02-1024x768.jpg 1024w, https:\/\/www.radiopiu.net\/wordpress\/wp-content\/uploads\/2023\/02\/02-768x576.jpg 768w, https:\/\/www.radiopiu.net\/wordpress\/wp-content\/uploads\/2023\/02\/02.jpg 1134w\" sizes=\"auto, (max-width: 300px) 100vw, 300px\" \/><\/a>\n\t\t\t\t<\/dt><\/dl><br style=\"clear: both\" \/>\n\t\t\t<\/div>\n\n<p>&nbsp;<\/p>\n<hr \/>\n<p>&nbsp;<\/p>\n<blockquote>\n<h3><br role=\"presentation\" \/><span dir=\"ltr\" role=\"presentation\">OLIMPIADI MILANO \u2013 CORTINA 2026: LA STAFFETTA DELLE ALPI PER OLIMPIADI INVERNALI<\/span><br role=\"presentation\" \/><span dir=\"ltr\" role=\"presentation\">TRASPARENTI, RISPETTOSE, RESPONSABILI<\/span><\/h3>\n<\/blockquote>\n<p><span dir=\"ltr\" role=\"presentation\">Iniziati<\/span><span dir=\"ltr\" role=\"presentation\">va di Libera\u00a0<\/span><\/p>\n<p><span dir=\"ltr\" role=\"presentation\"><strong><a class=\"dt-pswp-item\" href=\"https:\/\/www.radiopiu.net\/wordpress\/wp-content\/uploads\/2022\/03\/LIBERA-MAFIE.png\" data-dt-img-description=\"\" data-large_image_width=\"860\" data-large_image_height=\"756\"><img loading=\"lazy\" decoding=\"async\" class=\" wp-image-267115 alignleft\" src=\"https:\/\/www.radiopiu.net\/wordpress\/wp-content\/uploads\/2022\/03\/LIBERA-MAFIE-300x264.png\" alt=\"\" width=\"260\" height=\"229\" \/><\/a>BELLUNO<\/strong> Associazioni, nomi e numeri contro le mafie APS\u201d, in collaborazione con CIPRA Italia, Italia Nostra, <\/span><span dir=\"ltr\" role=\"presentation\">Legambiente, Mountain Wilderness e WWF, organizza una manifestazione iti<\/span><span dir=\"ltr\" role=\"presentation\">nerante strutt<\/span><span dir=\"ltr\" role=\"presentation\">urata in eventi <\/span><span dir=\"ltr\" role=\"presentation\">pubblici che avranno luogo nelle principali citt<\/span><span dir=\"ltr\" role=\"presentation\">\u00e0 e localit\u00e0 protagoniste delle prossime Olimpiadi invernali <\/span><span dir=\"ltr\" role=\"presentation\">del 2026. Con il susseguirsi di questo<\/span>\u00a0<span dir=\"ltr\" role=\"presentation\">momento<\/span>\u00a0<span dir=\"ltr\" role=\"presentation\">di riflessione, che toccheranno il Veneto, il Trenti <\/span><span dir=\"ltr\" role=\"presentation\">no Alto <\/span><span dir=\"ltr\" role=\"presentation\">Adige e la Lombardia, s\u2019intende manifestare, in una ideale staffett<\/span><span dir=\"ltr\" role=\"presentation\">a, la richiesta che le prossime Olimpiadi <\/span><span dir=\"ltr\" role=\"presentation\">siano rispett<\/span><span dir=\"ltr\" role=\"presentation\">ose dell\u2019ambiente, delle comunit\u00e0, scevre da speculazioni economiche e da infiltrazioni <\/span><span dir=\"ltr\" role=\"presentation\">mafiose.<\/span> <span dir=\"ltr\" role=\"presentation\">La Staffett<\/span><span dir=\"ltr\" role=\"presentation\">a avr\u00e0 inizio a Verona in data 7 febbraio 2023 (prima tappa), far\u00e0 tappa a Belluno, <\/span><span dir=\"ltr\" role=\"presentation\">Corti<\/span><span dir=\"ltr\" role=\"presentation\">na, Anterselva, Cavalese e Bormio-Livigno per concludersi a Milano il 21 marzo 2023<\/span> <span dir=\"ltr\" role=\"presentation\">in occasione <\/span><span dir=\"ltr\" role=\"presentation\">della manifestazione nazionale della Giornata della memoria e dell\u2019impegno in ricordo delle vi<\/span><span dir=\"ltr\" role=\"presentation\">\u01abti<\/span><span dir=\"ltr\" role=\"presentation\">me <\/span><span dir=\"ltr\" role=\"presentation\">innocenti<\/span>\u00a0<span dir=\"ltr\" role=\"presentation\">delle mafie<\/span><\/p>\n<p><strong><span dir=\"ltr\" role=\"presentation\">Seconda tappa <\/span><\/strong><span dir=\"ltr\" role=\"presentation\"><strong>Belluno<\/strong>, Sala Eliseo Dal Pont \u201cBianchi\u201d, luned\u00ec 13 febbraio, dalle ore 18.00 alle ore 20.00 <\/span><span dir=\"ltr\" role=\"presentation\">Titolo: <\/span><span dir=\"ltr\" role=\"presentation\">L\u2019importanza della trasparenza nell\u2019azione della Pubblica Amministrazione e i processi corru<\/span><span dir=\"ltr\" role=\"presentation\">\u01abti<\/span><span dir=\"ltr\" role=\"presentation\">vi come <\/span><span dir=\"ltr\" role=\"presentation\">porta di accesso alle infiltrazioni mafiose. <\/span><span dir=\"ltr\" role=\"presentation\">Relatori: <\/span>\u00a0<span dir=\"ltr\" role=\"presentation\">Alberto Vannucci, <\/span><span dir=\"ltr\" role=\"presentation\">Luigi Casanova<\/span><span dir=\"ltr\" role=\"presentation\">, <\/span><span dir=\"ltr\" role=\"presentation\">\u00a0Diego Cason\u00a0<\/span><\/p>\n<p><strong><span dir=\"ltr\" role=\"presentation\">Terza tappa <\/span><span dir=\"ltr\" role=\"presentation\">Corti<\/span><\/strong><span dir=\"ltr\" role=\"presentation\"><strong>na,<\/strong> Sala della Cultura, venerd\u00ec 17 febbraio, dalle ore 20.30 alle ore 22.30 <\/span><span dir=\"ltr\" role=\"presentation\">Titolo: <\/span><span dir=\"ltr\" role=\"presentation\">Mala economia. Infiltrazioni mafioso \u2013 n\u2019drangheti<\/span><span dir=\"ltr\" role=\"presentation\">ste nel mercato del lavoro. <\/span><span dir=\"ltr\" role=\"presentation\">Relatori:<\/span>\u00a0<span dir=\"ltr\" role=\"presentation\">Gianluigi Miglioli<\/span><span dir=\"ltr\" role=\"presentation\">,<\/span> \u00a0<span dir=\"ltr\" role=\"presentation\">Antonio Massariolo<\/span><\/p>\n<p>&nbsp;<\/p>\n<p>&nbsp;<\/p>\n<p>&nbsp;<\/p>\n<hr \/>\n<p>&nbsp;<\/p>\n<p>&nbsp;<\/p>\n<p>&nbsp;<\/p>\n<blockquote>\n<h3>ASCA E VOLONTARI DEL TERRITORIO, SEMPRE PIU&#8217; INSIEME<\/h3>\n<\/blockquote>\n<p><strong><img loading=\"lazy\" decoding=\"async\" class=\"alignleft\" src=\"https:\/\/www.radiopiu.net\/wordpress\/wp-content\/uploads\/2023\/02\/th-1.jpg\" width=\"259\" height=\"144\" \/>AGORDO<\/strong> Il volontariato nell&#8217;Agordino, grazie alle sue associazioni che operano sul territorio \u00e8 una macchina ben oliata, non mancano le attenzioni di quanti si sono messi a disposizioni della collettivit\u00e0 in accordo, sempre pi\u00f9 in accordo, con l&#8217;Azienda Asca. L&#8217;amministratore unico Mariachiara Santin si \u00e8 presa l&#8217;impegno di presentare le associazioni al nuovo direttore, Paolo Santesso che \u00e8 anche direttore di Agordo Servizi e Fodom Servizi in convenzione con Asca. I volontari ogni giorno sono una garanzia:\u00a0 nel\u00a0 trasporto delle persone non autonome ( 110 nell\u2019ultimo anno) ,\u00a0 nella consegna\u00a0 dei pasti a casa della persone anziane e disabili che nell\u2019anno 2022 sono state 24.000 di cui 18.000 fatte dai volontari del Gav e dell\u2019Auser Val Biois. Attualmente vengono consegnati 110 pasti al giorno in tutta la vallata anche nei paesi pi\u00f9 disagiati e alti, \u00a0\u00e8 in corso di perfezionamento la convenzione fra ASCA e il Circolo Pensionati di Luxottica, che gi\u00e0 ha iniziato a operatore nel comune di Gosaldo proprio per favorire la distribuzione capillare e tempestiva dei pasti confezionati nelle cucine della mensa Luxottica.\u00a0Sono 12 i volontari della Pettirosso a sostegno agli anziani che vivono in Rsa, uomini e donne impegnati anche nell&#8217;organizzazione dei corsi formativi\u00a0 con i professionisti di Asca. Quattro i centri di sollievo in vallata,\u00a0 Agordo, Gosaldo, Cencenighe e Rocca Pietore, che impegnano per le attivit\u00e0 riabilitative e di trasporto\u00a0 40 volontari del Gav, dell\u2019Auser El Broi, anche con il gruppo di Tiser, e dell\u2019Auser Val Biois con nuovi volontari\u00a0 di Cencenighe.<\/p>\n<p>&nbsp;<\/p>\n<p>&nbsp;<\/p>\n<hr \/>\n<p>&nbsp;<\/p>\n<blockquote>\n<h3>CASSA RURALE DOLOMITI, INAUGURATO IL NUOVO SPORTELLO A MUSSOI<\/h3>\n<\/blockquote>\n<p><strong>BELLUNO <\/strong>\u00c8 stato inaugurato il decimo sportello provinciale della Cassa Rurale Dolomiti.<em> \u00ab\u00c8 sempre un&#8217;emozione\u00bb, ha detto il presidente Carlo Vadagnini, \u00abaprire una filiale. Anche se siamo trentini, Belluno rappresenta l&#8217;unica citt\u00e0 del nostro territorio di competenza. Abbiamo pensato a una filiale importante per una citt\u00e0 importante. Vogliamo aumentare il benessere della popolazione, sia dal punto di vista economico che sociale. Sosteniamo infatti le associazioni sportive e le attivit\u00e0 culturali. Il nostro impegno \u00e8 di essere presenti in modo fattivo a Belluno cosi come lo siamo da trent&#8217;anni in provincia, che rappresenta pi\u00f9 di un terzo del nostro volume d&#8217;affari. Siamo convinti che potremo andare avanti su questa strada<\/em><\/p>\n<p>&nbsp;<\/p>\n<p>&nbsp;<\/p>\n<hr \/>\n<p>&nbsp;<\/p>\n<blockquote>\n<h3>UN ANNO DI SOCCORSO ALPINO. IL DIARO DEL 2022<\/h3>\n<\/blockquote>\n<p><strong>BELLUNO<\/strong> Il riassunto di un anno di interventi del Soccorso Alpino nel Diario del 2022<\/p>\n<p><strong>IL DIARIO (60 PAGINE)<\/strong><\/p>\n<a href=\"https:\/\/www.radiopiu.net\/wordpress\/wp-content\/uploads\/2023\/02\/2023_01_09_Rev.07.pdf\" class=\"pdfemb-viewer\" style=\"\" data-width=\"max\" data-height=\"max\" data-toolbar=\"top\" data-toolbar-fixed=\"on\">2023_01_09_Rev.07<\/a>\n<p>&nbsp;<\/p>\n<p>&nbsp;<\/p>\n<hr \/>\n<p>&nbsp;<\/p>\n<p><strong>DI TIZIANO DE COL<\/strong><\/p>\n\n\t\t\t<style type='text\/css'>\n\t\t\t\t#gallery-6 {\n\t\t\t\t\tmargin: auto;\n\t\t\t\t}\n\t\t\t\t#gallery-6 .gallery-item {\n\t\t\t\t\tfloat: left;\n\t\t\t\t\tmargin-top: 10px;\n\t\t\t\t\ttext-align: center;\n\t\t\t\t\twidth: 20%;\n\t\t\t\t}\n\t\t\t\t#gallery-6 img {\n\t\t\t\t\tborder: 2px solid #cfcfcf;\n\t\t\t\t}\n\t\t\t\t#gallery-6 .gallery-caption {\n\t\t\t\t\tmargin-left: 0;\n\t\t\t\t}\n\t\t\t\t\/* see gallery_shortcode() in wp-includes\/media.php *\/\n\t\t\t<\/style>\n\t\t<div id='gallery-6' class='dt-gallery-container gallery galleryid-320193 gallery-columns-5 gallery-size-medium'><dl class='gallery-item'>\n\t\t\t\t<dt class='gallery-icon landscape'>\n\t\t\t\t\t<a class=\"rollover rollover-zoom dt-pswp-item\" title=\"3ed2f965-732a-4ecf-9ee6-ef5714668a7e\" data-dt-img-description=\"\" data-large_image_width=\"598\" data-large_image_height=\"357\"href='https:\/\/www.radiopiu.net\/wordpress\/wp-content\/uploads\/2023\/02\/3ed2f965-732a-4ecf-9ee6-ef5714668a7e.jpg'><img loading=\"lazy\" decoding=\"async\" width=\"300\" height=\"179\" src=\"https:\/\/www.radiopiu.net\/wordpress\/wp-content\/uploads\/2023\/02\/3ed2f965-732a-4ecf-9ee6-ef5714668a7e-300x179.jpg\" class=\"attachment-medium size-medium\" alt=\"\" srcset=\"https:\/\/www.radiopiu.net\/wordpress\/wp-content\/uploads\/2023\/02\/3ed2f965-732a-4ecf-9ee6-ef5714668a7e-300x179.jpg 300w, https:\/\/www.radiopiu.net\/wordpress\/wp-content\/uploads\/2023\/02\/3ed2f965-732a-4ecf-9ee6-ef5714668a7e.jpg 598w\" sizes=\"auto, (max-width: 300px) 100vw, 300px\" \/><\/a>\n\t\t\t\t<\/dt><\/dl><dl class='gallery-item'>\n\t\t\t\t<dt class='gallery-icon landscape'>\n\t\t\t\t\t<a class=\"rollover rollover-zoom dt-pswp-item\" title=\"b404cf02-15f1-45e4-99b2-e898bc1e3c5f\" data-dt-img-description=\"\" data-large_image_width=\"608\" data-large_image_height=\"341\"href='https:\/\/www.radiopiu.net\/wordpress\/wp-content\/uploads\/2023\/02\/b404cf02-15f1-45e4-99b2-e898bc1e3c5f.jpg'><img loading=\"lazy\" decoding=\"async\" width=\"300\" height=\"168\" src=\"https:\/\/www.radiopiu.net\/wordpress\/wp-content\/uploads\/2023\/02\/b404cf02-15f1-45e4-99b2-e898bc1e3c5f-300x168.jpg\" class=\"attachment-medium size-medium\" alt=\"\" srcset=\"https:\/\/www.radiopiu.net\/wordpress\/wp-content\/uploads\/2023\/02\/b404cf02-15f1-45e4-99b2-e898bc1e3c5f-300x168.jpg 300w, https:\/\/www.radiopiu.net\/wordpress\/wp-content\/uploads\/2023\/02\/b404cf02-15f1-45e4-99b2-e898bc1e3c5f.jpg 608w\" sizes=\"auto, (max-width: 300px) 100vw, 300px\" \/><\/a>\n\t\t\t\t<\/dt><\/dl><dl class='gallery-item'>\n\t\t\t\t<dt class='gallery-icon landscape'>\n\t\t\t\t\t<a class=\"rollover rollover-zoom dt-pswp-item\" title=\"c643b84b-38cc-4c3b-92be-3fcdd6311adf\" data-dt-img-description=\"\" data-large_image_width=\"582\" data-large_image_height=\"347\"href='https:\/\/www.radiopiu.net\/wordpress\/wp-content\/uploads\/2023\/02\/c643b84b-38cc-4c3b-92be-3fcdd6311adf.jpg'><img loading=\"lazy\" decoding=\"async\" width=\"300\" height=\"179\" src=\"https:\/\/www.radiopiu.net\/wordpress\/wp-content\/uploads\/2023\/02\/c643b84b-38cc-4c3b-92be-3fcdd6311adf-300x179.jpg\" class=\"attachment-medium size-medium\" alt=\"\" srcset=\"https:\/\/www.radiopiu.net\/wordpress\/wp-content\/uploads\/2023\/02\/c643b84b-38cc-4c3b-92be-3fcdd6311adf-300x179.jpg 300w, https:\/\/www.radiopiu.net\/wordpress\/wp-content\/uploads\/2023\/02\/c643b84b-38cc-4c3b-92be-3fcdd6311adf.jpg 582w\" sizes=\"auto, (max-width: 300px) 100vw, 300px\" \/><\/a>\n\t\t\t\t<\/dt><\/dl><dl class='gallery-item'>\n\t\t\t\t<dt class='gallery-icon landscape'>\n\t\t\t\t\t<a class=\"rollover rollover-zoom dt-pswp-item\" title=\"600914be-d5f6-46ab-8141-1a629b306180\" data-dt-img-description=\"\" data-large_image_width=\"604\" data-large_image_height=\"350\"href='https:\/\/www.radiopiu.net\/wordpress\/wp-content\/uploads\/2023\/02\/600914be-d5f6-46ab-8141-1a629b306180.jpg'><img loading=\"lazy\" decoding=\"async\" width=\"300\" height=\"174\" src=\"https:\/\/www.radiopiu.net\/wordpress\/wp-content\/uploads\/2023\/02\/600914be-d5f6-46ab-8141-1a629b306180-300x174.jpg\" class=\"attachment-medium size-medium\" alt=\"\" srcset=\"https:\/\/www.radiopiu.net\/wordpress\/wp-content\/uploads\/2023\/02\/600914be-d5f6-46ab-8141-1a629b306180-300x174.jpg 300w, https:\/\/www.radiopiu.net\/wordpress\/wp-content\/uploads\/2023\/02\/600914be-d5f6-46ab-8141-1a629b306180.jpg 604w\" sizes=\"auto, (max-width: 300px) 100vw, 300px\" \/><\/a>\n\t\t\t\t<\/dt><\/dl><dl class='gallery-item'>\n\t\t\t\t<dt class='gallery-icon landscape'>\n\t\t\t\t\t<a class=\"rollover rollover-zoom dt-pswp-item\" title=\"0797518f-ea45-4ac5-b2ac-62eee8871fa6\" data-dt-img-description=\"\" data-large_image_width=\"610\" data-large_image_height=\"366\"href='https:\/\/www.radiopiu.net\/wordpress\/wp-content\/uploads\/2023\/02\/0797518f-ea45-4ac5-b2ac-62eee8871fa6.jpg'><img loading=\"lazy\" decoding=\"async\" width=\"300\" height=\"180\" src=\"https:\/\/www.radiopiu.net\/wordpress\/wp-content\/uploads\/2023\/02\/0797518f-ea45-4ac5-b2ac-62eee8871fa6-300x180.jpg\" class=\"attachment-medium size-medium\" alt=\"\" srcset=\"https:\/\/www.radiopiu.net\/wordpress\/wp-content\/uploads\/2023\/02\/0797518f-ea45-4ac5-b2ac-62eee8871fa6-300x180.jpg 300w, https:\/\/www.radiopiu.net\/wordpress\/wp-content\/uploads\/2023\/02\/0797518f-ea45-4ac5-b2ac-62eee8871fa6.jpg 610w\" sizes=\"auto, (max-width: 300px) 100vw, 300px\" \/><\/a>\n\t\t\t\t<\/dt><\/dl><br style=\"clear: both\" \/>\n\t\t\t<\/div>\n\n<p>&nbsp;<\/p>\n<hr \/>\n<p>&nbsp;<\/p>\n<blockquote>\n<h3>LA COMUNICAZIONE AUMENTATIVA ALTERNATIVA<\/h3>\n<\/blockquote>\n<p><strong><a class=\"dt-pswp-item\" href=\"https:\/\/www.radiopiu.net\/wordpress\/wp-content\/uploads\/2023\/02\/Progetto-senza-titolo-54-1.png\" data-dt-img-description=\"\" data-large_image_width=\"1080\" data-large_image_height=\"1080\"><img loading=\"lazy\" decoding=\"async\" class=\" wp-image-320275 alignleft\" src=\"https:\/\/www.radiopiu.net\/wordpress\/wp-content\/uploads\/2023\/02\/Progetto-senza-titolo-54-1-300x300.png\" alt=\"\" width=\"154\" height=\"154\" srcset=\"https:\/\/www.radiopiu.net\/wordpress\/wp-content\/uploads\/2023\/02\/Progetto-senza-titolo-54-1-300x300.png 300w, https:\/\/www.radiopiu.net\/wordpress\/wp-content\/uploads\/2023\/02\/Progetto-senza-titolo-54-1-1024x1024.png 1024w, https:\/\/www.radiopiu.net\/wordpress\/wp-content\/uploads\/2023\/02\/Progetto-senza-titolo-54-1-150x150.png 150w, https:\/\/www.radiopiu.net\/wordpress\/wp-content\/uploads\/2023\/02\/Progetto-senza-titolo-54-1-768x768.png 768w, https:\/\/www.radiopiu.net\/wordpress\/wp-content\/uploads\/2023\/02\/Progetto-senza-titolo-54-1.png 1080w\" sizes=\"auto, (max-width: 154px) 100vw, 154px\" \/><\/a>BELLUNO <\/strong>Nei giorni scorsi la Scuola in Ospedale e gli operatori del reparto di Neuropsichiatria Infantile\/Pediatria di Belluno, con il supporto dello Sportello Provinciale Autismo di Belluno, hanno avviato la prima esperienza di accoglienza dei piccoli pazienti con disturbi del neurosviluppo utilizzando la Comunicazione Aumentativa Alternativa. La Comunicazione Aumentativa Alternativa (CAA) \u00e8 tutto l&#8217;insieme di strategie, strumenti e tecniche messe in atto per garantire la comunicazione alle persone che non possono esprimersi verbalmente. Viene definita Aumentativa in quanto non si limita a sostituire o a proporre nuove modalit\u00e0 comunicative, ma intende accrescere la comunicazione naturale e le competenze del soggetto. Viene definita Alternativa in quanto si avvale di ausili e della tecnologia avanzata. Tale approccio ha come obiettivo la creazione di opportunit\u00e0 di reale comunicazione e di effettivo coinvolgimento della persona, pertanto deve essere flessibile e su misura della persona stessa. Uno dei pi\u00f9 noti strumenti di CAA conosciuti \u00e8 il sistema di scrittura in simboli ed \u00e8 quello che \u00e8 stato individuato nella NPI\/Pediatria di Belluno per le prime esperienze in ospedale.<\/p>\n<p>&nbsp;<\/p>\n<p>&nbsp;<\/p>\n<hr \/>\n<p>&nbsp;<\/p>\n<blockquote>\n<h3>LA GIORNATA DEI CALZINI SPAIATI: IL BELLO DI SCOPRIRE DI NON ESSERE TUTTI UGUALI NEL VIDEO DEI CENTRI DIURNI DI PIEVE DI CADORE E CUSIGHE<\/h3>\n<\/blockquote>\n<p><strong>BELLUNO<\/strong> Come \u00e8 bello scoprire di non essere tutti uguali. Una storia dove la \u201cdiversit\u00e0\u201d diventa momento di scoperta dell\u2019altro in un arcobaleno di tanti colori, tutti diversi ma uniti tutti insieme, valorizzando l\u2019unicit\u00e0 di ciascuno. Grazie ai ragazzi dei Centri Diurni Clessidra e Libellula di Pieve Di Cadore e del Centro Diurno di Cusighe che hanno ideato e realizzato insieme agli operatori questo video in occasione della Giornata dei calzini spaiati.<\/p>\n<div style=\"width: 1200px;\" class=\"wp-video\"><video class=\"wp-video-shortcode\" id=\"video-320193-2\" width=\"1200\" height=\"675\" preload=\"metadata\" controls=\"controls\"><source type=\"video\/mp4\" src=\"https:\/\/www.radiopiu.net\/wordpress\/wp-content\/uploads\/2023\/02\/Vidoe_calzini-spaiati.mp4?_=2\" \/><a href=\"https:\/\/www.radiopiu.net\/wordpress\/wp-content\/uploads\/2023\/02\/Vidoe_calzini-spaiati.mp4\">https:\/\/www.radiopiu.net\/wordpress\/wp-content\/uploads\/2023\/02\/Vidoe_calzini-spaiati.mp4<\/a><\/video><\/div>\n<p>&nbsp;<\/p>\n<hr \/>\n<p>&nbsp;<\/p>\n<blockquote>\n<h3>OGGI LA GIORNATA MONDIALE CONTRO IL CANCRO<\/h3>\n<\/blockquote>\n<p><strong><a class=\"dt-pswp-item\" href=\"https:\/\/www.radiopiu.net\/wordpress\/wp-content\/uploads\/2022\/12\/ZAIA.jpg\" data-dt-img-description=\"\" data-large_image_width=\"1024\" data-large_image_height=\"765\"><img loading=\"lazy\" decoding=\"async\" class=\" wp-image-314057 alignleft\" src=\"https:\/\/www.radiopiu.net\/wordpress\/wp-content\/uploads\/2022\/12\/ZAIA-300x224.jpg\" alt=\"\" width=\"159\" height=\"119\" srcset=\"https:\/\/www.radiopiu.net\/wordpress\/wp-content\/uploads\/2022\/12\/ZAIA-300x224.jpg 300w, https:\/\/www.radiopiu.net\/wordpress\/wp-content\/uploads\/2022\/12\/ZAIA-768x574.jpg 768w, https:\/\/www.radiopiu.net\/wordpress\/wp-content\/uploads\/2022\/12\/ZAIA.jpg 1024w\" sizes=\"auto, (max-width: 159px) 100vw, 159px\" \/><\/a>VENEZIA <\/strong>\u201cIn Veneto abbiamo un registro tumori che \u00e8 unico per dimensione della popolazione censita. Affronta i tumori che insorgono in quasi cinque milioni di cittadini. Questo fa della nostra Regione un protagonista nella lotta contro il Cancro e i numeri riportati sono i dati di un grande impegno e la guida per le strategie di prevenzione e terapia oncologica che vedono la Regione in prima linea. Nell\u2019anno appena concluso sono stati diagnosticati 33.580 nuovi casi di tumore maligno: 17.898 nella popolazione maschile e 15.682 in quella femminile. Sono numeri che riassumono altrettante sfide per la nostra sanit\u00e0 e altrettante battaglie personali per i pazienti. Ma sono anche un indicatore di come nello sforzo enorme che ha segnato gli anni della pandemia, l\u2019attivit\u00e0 diagnostica oncologica \u00e8 andata avanti; il nostro impegno non vuole lasciare indietro nessuno\u201d. Cos\u00ec il Presidente Luca Zaia, in occasione della Giornata Mondiale contro il Cancro, che si celebra ogni anno il 4 febbraio, sottolinea l\u2019impegno della Regione del Veneto e delle sue strutture sanitarie nel contrasto ai tumori.<\/p>\n<p>&nbsp;<\/p>\n<p>&nbsp;<\/p>\n<hr \/>\n<p>&nbsp;<\/p>\n<blockquote>\n<h3>INFLUENZA. GIA\u2019 COLPITE 675.563 PERSONE IN VENETO<\/h3>\n<\/blockquote>\n<p><strong><a class=\"dt-pswp-item\" href=\"https:\/\/www.radiopiu.net\/wordpress\/wp-content\/uploads\/2022\/12\/influenza.jpg\" data-dt-img-description=\"\" data-large_image_width=\"1718\" data-large_image_height=\"1190\"><img loading=\"lazy\" decoding=\"async\" class=\" wp-image-311722 alignleft\" src=\"https:\/\/www.radiopiu.net\/wordpress\/wp-content\/uploads\/2022\/12\/influenza-300x208.jpg\" alt=\"\" width=\"164\" height=\"114\" srcset=\"https:\/\/www.radiopiu.net\/wordpress\/wp-content\/uploads\/2022\/12\/influenza-300x208.jpg 300w, https:\/\/www.radiopiu.net\/wordpress\/wp-content\/uploads\/2022\/12\/influenza-1024x709.jpg 1024w, https:\/\/www.radiopiu.net\/wordpress\/wp-content\/uploads\/2022\/12\/influenza-768x532.jpg 768w, https:\/\/www.radiopiu.net\/wordpress\/wp-content\/uploads\/2022\/12\/influenza-1536x1064.jpg 1536w, https:\/\/www.radiopiu.net\/wordpress\/wp-content\/uploads\/2022\/12\/influenza.jpg 1718w\" sizes=\"auto, (max-width: 164px) 100vw, 164px\" \/><\/a>VENEZIA <\/strong>Nell\u2019ultima settimana in Veneto sono 31.312 i casi stimati di influenza stagionale per un totale complessivo da inizio stagione di 675.563. Il dato \u00e8 riportato nel report del sistema di sorveglianza epidemiologica del contagio nell\u2019ambito della rete Influnet. L\u2019incidenza generale \u00e8 pari a 6,45 casi per mille abitanti, contro 7,26 casi per mille abitanti, della scorsa settimana. La fascia di et\u00e0 pi\u00f9 colpita \u00e8 quella dei bambini da 0 a 4 anni con 16,00 casi per mille (in discesa di un punto), seguita da quella tra i 15 e 64 anni con 6,86 per mille. Tra i 5 e i 14 anni il tasso \u00e8 del 5,73 per mille (in calo). Cala il dato per gli ultrasessantacinquenni con 3,01 per mille contro 4,83 per mille della scorsa settimana.<\/p>\n<p>&nbsp;<\/p>\n<p>&nbsp;<\/p>\n<hr \/>\n<p>&nbsp;<\/p>\n<blockquote>\n<h3>MERCOLEDI&#8217; IL CONSIGLIO COMUNALE A LIVINALLONGO<\/h3>\n<\/blockquote>\n<p><strong>LIVINALLONGO<\/strong> Il sindaco di Livinallongo Lendro Grones ha convocato i consiglieri comunali per mercoled\u00ec alle 18:30 in Municipio. Sono sei i punti da trattare tra cui l&#8217;approvazione del regolamento sul sistema dei controlli interni, la convenzione con l&#8217;Unione Montana Agordina per la gestione del comitato unico di garanzia per le pari opportunit\u00e0, un mutamento temporaneo di destinazione per la costruzione di una nuova cabina elettrica e l&#8217;acquisizione di un&#8217;unit\u00e0 immobiliare in localit\u00e0 Sorar\u00f9 per finalit\u00e0 istituzioneali dell&#8217;azienda speciale Fodom Servizi.<\/p>\n<p>&nbsp;<\/p>\n<p>&nbsp;<\/p>\n<hr \/>\n<p>&nbsp;<\/p>\n<blockquote>\n<h3>GIORNATA MONDIALE DEL MALATO: LE CELEBRAZIONI IN ULSS DOLOMITI<\/h3>\n<\/blockquote>\n<p><strong><a class=\"dt-pswp-item\" href=\"https:\/\/www.radiopiu.net\/wordpress\/wp-content\/uploads\/2023\/02\/Giornata-del-malato-1.png\" data-dt-img-description=\"\" data-large_image_width=\"2000\" data-large_image_height=\"1414\"><img loading=\"lazy\" decoding=\"async\" class=\" wp-image-319858 alignleft\" src=\"https:\/\/www.radiopiu.net\/wordpress\/wp-content\/uploads\/2023\/02\/Giornata-del-malato-1-300x212.png\" alt=\"\" width=\"168\" height=\"119\" srcset=\"https:\/\/www.radiopiu.net\/wordpress\/wp-content\/uploads\/2023\/02\/Giornata-del-malato-1-300x212.png 300w, https:\/\/www.radiopiu.net\/wordpress\/wp-content\/uploads\/2023\/02\/Giornata-del-malato-1-1024x724.png 1024w, https:\/\/www.radiopiu.net\/wordpress\/wp-content\/uploads\/2023\/02\/Giornata-del-malato-1-768x543.png 768w, https:\/\/www.radiopiu.net\/wordpress\/wp-content\/uploads\/2023\/02\/Giornata-del-malato-1-1536x1086.png 1536w, https:\/\/www.radiopiu.net\/wordpress\/wp-content\/uploads\/2023\/02\/Giornata-del-malato-1.png 2000w\" sizes=\"auto, (max-width: 168px) 100vw, 168px\" \/><\/a>BELLUNO <\/strong>Il prossimo 11 febbraio 2023 ricorre la 31\u00aa Giornata del Malato, memoria della Beata Vergine Maria di Lourdes, istituita da Giovanni Paolo II nel 1992 con lo scopo di testimoniare una speciale attenzione verso le persone malate, che si trovano nei luoghi di cura o che sono accudite in famiglia. Per questa giornata, come da tradizione, il Vescovo mons. Renato Marangoni, insieme ai cappellani degli ospedali, celebrer\u00e0 due messe in ospedale: sabato 11 febbraio alle 17.00 &#8211; Ospedale di Feltre (sala convegni); domenica 12 febbraio alle 16.00 &#8211; Ospedale di Belluno (sala convegni) Alle celebrazioni, oltre alle persone assistite e al personale sanitario, \u00e8 invitata la cittadinanza<\/p>\n<p>&nbsp;<\/p>\n<p>&nbsp;<\/p>\n<hr \/>\n<p>&nbsp;<\/p>\n<blockquote>\n<h3>UN CORSO PER DIVENTARE VOLOTARIO DELL&#8217;ASSOCIAZIONE CUCCHINI<\/h3>\n<\/blockquote>\n<p><strong><a class=\"dt-pswp-item\" href=\"https:\/\/www.radiopiu.net\/wordpress\/wp-content\/uploads\/2023\/02\/immagine-corso.jpg\" data-dt-img-description=\"\" data-large_image_width=\"1024\" data-large_image_height=\"1024\"><img loading=\"lazy\" decoding=\"async\" class=\" wp-image-320259 alignleft\" src=\"https:\/\/www.radiopiu.net\/wordpress\/wp-content\/uploads\/2023\/02\/immagine-corso-300x300.jpg\" alt=\"\" width=\"121\" height=\"121\" srcset=\"https:\/\/www.radiopiu.net\/wordpress\/wp-content\/uploads\/2023\/02\/immagine-corso-300x300.jpg 300w, https:\/\/www.radiopiu.net\/wordpress\/wp-content\/uploads\/2023\/02\/immagine-corso-150x150.jpg 150w, https:\/\/www.radiopiu.net\/wordpress\/wp-content\/uploads\/2023\/02\/immagine-corso-768x768.jpg 768w, https:\/\/www.radiopiu.net\/wordpress\/wp-content\/uploads\/2023\/02\/immagine-corso.jpg 1024w\" sizes=\"auto, (max-width: 121px) 100vw, 121px\" \/><\/a>BELLUNO<\/strong> Aiutare le persone ammalate e i loro famigliari non \u00e8 un compito in cui ci si pu\u00f2 improvvisare dall\u2019oggi al domani. Per questo l\u2019associazione Cucchini &#8211; da oltre trent\u2019anni attiva nel campo del sollievo e dell\u2019aiuto degli ammalati &#8211; organizza un corso di formazione per volontari. Si tratta della quindicesima edizione di un percorso storico per l\u2019associazione, che intende fornire competenze e consapevolezza, un bagaglio fondamentale per chi intende diventare volontario nell\u2019aiuto alle persone ammalate. Nove incontri con esperti e medici dal 7 marzo al 4 aprile. Per informazioni e iscrizioni: associazione Cucchini odv (viale Europa Belluno &#8211; accanto hospice Casa Tua Due, ospedale San Martino). Telefono: 0437 516 666. Mail: <a class=\"moz-txt-link-abbreviated moz-txt-link-freetext\" href=\"mailto:segreteria@associazionecucchini.it\">segreteria@associazionecucchini.it<\/a><\/p>\n<p>&nbsp;<\/p>\n<p>&nbsp;<\/p>\n<hr \/>\n<p>&nbsp;<\/p>\n<blockquote>\n<h3><a class=\"dt-pswp-item\" href=\"https:\/\/www.radiopiu.net\/wordpress\/wp-content\/uploads\/2023\/02\/Le-nostre-prime-opere-a-colori-alpago-2-ruote-alpago-2023_page-0001-scaled.jpg\" data-dt-img-description=\"\" data-large_image_width=\"1811\" data-large_image_height=\"2560\"><img loading=\"lazy\" decoding=\"async\" class=\" wp-image-319832 alignleft\" src=\"https:\/\/www.radiopiu.net\/wordpress\/wp-content\/uploads\/2023\/02\/Le-nostre-prime-opere-a-colori-alpago-2-ruote-alpago-2023_page-0001-212x300.jpg\" alt=\"\" width=\"126\" height=\"178\" srcset=\"https:\/\/www.radiopiu.net\/wordpress\/wp-content\/uploads\/2023\/02\/Le-nostre-prime-opere-a-colori-alpago-2-ruote-alpago-2023_page-0001-212x300.jpg 212w, https:\/\/www.radiopiu.net\/wordpress\/wp-content\/uploads\/2023\/02\/Le-nostre-prime-opere-a-colori-alpago-2-ruote-alpago-2023_page-0001-724x1024.jpg 724w, https:\/\/www.radiopiu.net\/wordpress\/wp-content\/uploads\/2023\/02\/Le-nostre-prime-opere-a-colori-alpago-2-ruote-alpago-2023_page-0001-768x1086.jpg 768w, https:\/\/www.radiopiu.net\/wordpress\/wp-content\/uploads\/2023\/02\/Le-nostre-prime-opere-a-colori-alpago-2-ruote-alpago-2023_page-0001-1086x1536.jpg 1086w, https:\/\/www.radiopiu.net\/wordpress\/wp-content\/uploads\/2023\/02\/Le-nostre-prime-opere-a-colori-alpago-2-ruote-alpago-2023_page-0001-1449x2048.jpg 1449w, https:\/\/www.radiopiu.net\/wordpress\/wp-content\/uploads\/2023\/02\/Le-nostre-prime-opere-a-colori-alpago-2-ruote-alpago-2023_page-0001-scaled.jpg 1811w\" sizes=\"auto, (max-width: 126px) 100vw, 126px\" \/><\/a>A PIEVE D&#8217;ALPAGO LA MOSTRA LE NOSTRE PRIME OPERE A COLORI<\/h3>\n<\/blockquote>\n<p><strong>PIEVE D&#8217;ALPAGO <\/strong>Le nostre prime opere a colori. \u00c8 questo il titolo della mostra che sar\u00e0 ospitata nei locali del municipio di Pieve d\u2019Alpago dal 4 al 19 febbraio. Si tratta di un\u2019esposizione collettiva che proporr\u00e0 i disegni realizzati dai bambini della scuola dell\u2019infanzia Santa Maria del Rosario, disegni eseguiti sotto la guida dell\u2019artista Bruno Ghigliano (che nel 2018 ha realizzato il disegno della maglietta del Giro del Lago di Santa Croce). La mostra verr\u00e0 inaugurata, al Municipio di Pieve, oggi alle 15.30. Al termine sar\u00e0 possibile partecipare all\u2019asta il cui ricavato andr\u00e0 alla scuola dell\u2019infanzia. La mostra Le nostre prime opere a colori \u00e8 resa possibile dalla collaborazione tra il comitato Alpago 2 Ruote&amp;Solidariet\u00e0, il Comune di Alpago, le Biblioteche Bellunesi e la scuola dell\u2019Infanzia Santa Maria del Rosario.<\/p>\n<p>&nbsp;<\/p>\n<hr \/>\n<p>&nbsp;<\/p>\n<blockquote>\n<h3>IL GRAN BALLO DI SAN VALENTINO, SABATO 11 AL NOF FILO&#8217; DI CENCENIGHE<\/h3>\n<\/blockquote>\n<blockquote><p><em>La serata danzante \u00e8 aperta a tutti con ingresso a 10 \u20ac e sar\u00e0 allietata dalla musica dell\u2019orchestra Alfio e Rino live show. Durante la serata si potranno degustare i tradizionali carfogn e la novit\u00e0 del gelato artigianale alla vaniglia e papavero preparato dai nostri maestri gelatai, simbolo dell\u2019emigrazione agordina che ha esportato all\u2019estero i saperi e l\u2019imprenditorialit\u00e0 bellunese, portando alto il nome delle gelaterie agordine in Germania.<\/em><\/p><\/blockquote>\n<p><strong><img decoding=\"async\" class=\"alignleft\" src=\"https:\/\/www.radiopiu.net\/wordpress\/wp-content\/uploads\/2023\/02\/Senza-nome-9.jpg\" \/>CENCENIGHE<\/strong> Durante l\u2019autunno 2022 la famiglia Agordina ex emigranti ha rinnovato il consiglio direttivo con l\u2018ingresso di nuovi volontari e un nuovo presidente dando continuit\u00e0 all\u2019attivit\u00e0 dell\u2019associazione attiva in Agordino dal 1991. Sabato 11 febbraio 2023 dalle\u00a0 21\u00a0 al Nof Fil\u00f2 di Cencenighe verr\u00e0 riproposto lo storico appuntamento dell\u2019associazione ex emigranti Agordino con il tradizionale ballo di San Valentino.<br \/>\nIn questa occasione saranno ricordati e premiati i soci fondatori, che 32 anni fa hanno creduto nell\u2019unione tra gli ex emigranti: Marcella Avoscan Rossi (San Tomaso Agordino), Bruno Zanella (Canale d\u2019Agordo), Edilio Colardi (Rivamonte Agordino), Nella Piccolin (Falcade), Luca De Toffol Macutan (Cencenighe), Irma Menin Tibolla (Rivamonte Agordino), Giuseppina Tonin (Rivamonte Agordino), Paolo Avoscan (San Tomaso Agordino), Bruno De Toffol (San Tomaso Agordino), Claudio Lazzaris (Caviola), Alcide Zas Frizz (La Valle Agordina), Alessandro Fontanive (Frassen\u00e8), Davide Benvegn\u00f9 (Agordo), Aldo De Biasio (Rocca Pietore), Virgilio De Biasio (Alleghe). Sar\u00e0 l\u2019occasione per i componenti del nuovo consiglio direttivo di ringraziare tutti i soci che per tanti anni hanno supportato l\u2019associazione e per ricordare il tesseramento 2023. Un ringraziamento particolare andr\u00e0 alla presidente uscente, Lucia Macutan. Il consiglio direttivo in carica dal 2022 \u00e8 formato da: \u2981 Luca\u00a0 Luchetta \u2013 presidente \u2981 Daniele Scola \u2013 vice presidente \u2981 Danilo De Zaiacomo \u2013 vice presidente \u2981 Vally Levrini\u00a0 &#8211; segretaria \u2981\u00a0 Loris Soppelsa\u00a0 \u2981\u00a0 Silvio De Pr\u00e0 \u2981\u00a0 Walter Ongaro\u00a0 \u2981 Antonella Schena \u2981 Virgilio De Biasio<\/p>\n<p>&nbsp;<\/p>\n<p>&nbsp;<\/p>\n<hr \/>\n<p>&nbsp;<\/p>\n<blockquote>\n<h3>GIORGIA RACCONTA LA RINASCITA, L&#8217;APPUNTAMENTO CON GENITORI SEMPRE<\/h3>\n<p><em>&#8220;NO ALL&#8217;USO DI DROGHE, SI AL DIVERTIMENTO SICURO&#8221;, a conclusione di un percorso tra le scuole della vallata: VENERDI 17 FEBBRAIO ALLE 20.30 IN SALA DON TAMIS AD AGORDO, L&#8217;INCONTRO PER GENITORI E LA COMUNITA&#8217;, PRESENTATO DA GIANPAOLO SORATROI, CON GIORGIA BENUSIGLIO, SCRITTRICE E TESTIMONIAL ANTI DROGA: &#8220;ESPERIENZA E RISCATTO&#8221;. <\/em><em>CON ALFIO DE SANDRE, MEDICO, TOSSICOLOGO E PSICOTERAPEUTA -Dipartimento delle dipendenze &#8211; AULS 1 DOLOMITI. <\/em><em>UN INVITO DI &#8220;GENITORI SEMPRE&#8221;, ASSOCIAZIONE DI PROMOZIONE SOCIALE, CON IL PATROCINIO DEI COMUNI DI AGORDO, CENCENIGHE E DELL&#8217;UNIONE MONTANA AGORDINA<\/em><\/p><\/blockquote>\n<p><strong>AGORDO<\/strong> L&#8217;Associazione Genitori Sempre, in collaborazione con il Serd di Agordo Dipartimento dipendenze della Aulss1 Dolomiti, a conclusione di un percorso importante tra gli studenti delle scuole dell&#8217;Agordino, ha organizzato l&#8217;evento finale, riassuntivo, importante dal titolo &#8220;Dire no all&#8217;uso di alcool e droghe, dire si al divertimento sicuro. Si tratta di un incontro con le famiglie, i loro figli, la comunit\u00e0 intera, in sala congressi Don Tamis. Venerdi 17 febbraio alle 20.30 sar\u00e0 ospite dell&#8217;associazione di promozione sociale, Giorgia Benusiglio, scrittrice e testimoniale &#8220;antidroga&#8221;,\u00a0 dopo la sua terribile vicenda, gira per le scuole di tutta Italia a parlare con i ragazzi e le loro famiglie della propria esperienza e del suo riscatto. Introdurr\u00e0 i lavori il dottor Alfio De Sandre, medico tossicologo e psicoterapeuta del Dipartimento delle Dipendenze della Aulss1 Dolomiti.<\/p>\n<p><strong>GIORGIA BENUSIGLIO<\/strong>\u00a0La sua pagina su Facebook \u00e8 seguita da oltre 50mila persone, soprattutto giovani.\u00a0 Milanese classe 1982, ha trovato il modo di farsi ascoltare<em>: &#8220;Sono seguita tanto sui social dai ragazzi perch\u00e9 hanno bisogno di un esempio positivo, hanno bisogno di parlare ma soprattutto vedono in me una persona che non li giudica&#8221;, <\/em>ha recentemente dichiarato a <span style=\"color: #0000ff;\">milano.fanpage.it.<\/span>\u00a0 Giorgia non \u00e8 una dei tanti adulti che fanno finti moralismi o prediche. Lei stessa, da giovane, ha sperimentato in prima persona cosa pu\u00f2 accadere assumendo della droga. E ne ha pagato le pesanti conseguenze. Alla fine del 1999 Giorgia, allora appena 17enne, assunse mezza pasticca di ecstasy in discoteca. La droga sintetica era per\u00f2 tagliata male e Giorgia fin\u00ec in ospedale. Aveva solo sei ore di vita, i medici hanno tentato un trapianto in extremis che dur\u00f2 17 ore e la salvarono. Da allora Giorgia si \u00e8 ritrovata ad essere una paziente a vita. Da 12 anni Giorgia gira per le scuole per raccontare la sua storia<\/p>\n<p><iframe loading=\"lazy\" title=\"La rinascita di Giorgia: &quot;Quasi morta per mezza pasticca di ecstasy, ora parlo di droghe ai giovani&quot;\" width=\"1200\" height=\"675\" src=\"https:\/\/www.youtube.com\/embed\/2fig7i2LTQY?feature=oembed\" frameborder=\"0\" allow=\"accelerometer; autoplay; clipboard-write; encrypted-media; gyroscope; picture-in-picture; web-share\" allowfullscreen><\/iframe><\/p>\n<p>&nbsp;<\/p>\n<hr \/>\n<p>&nbsp;<\/p>\n<blockquote>\n<h3>CERCASI VOLONTARI PER IL CENTRO ITALIANO DI SOLIDARIETA&#8217;<\/h3>\n<\/blockquote>\n<p><strong>BELLUNO <\/strong>Il Centro Italiano di Solidariet\u00e0 di Belluno onlus seleziona 10 volontari da impiegare nel progetto di Servizio Civile Universale. Scadenza presentazione domande il 10 febbraio 2023. Per informazioni scrivere a\u00a0<a href=\"mailto:info@ceisbelluno.org\">info@ceisbelluno.org<\/a> oppure telefonare al numero 0437 950895. Disponibili 10 posti in 5 sedi in provincia di Belluno: 25 ore settimanali 25, durata un anno, rimborso mensile \u20ac 444,30.<\/p>\n<p>&nbsp;<\/p>\n<p>&nbsp;<\/p>\n<hr \/>\n<p>&nbsp;<\/p>\n<blockquote>\n<h2>Indagine sociolinguistica sulle lingue minoritarie del Veneto<\/h2>\n<\/blockquote>\n<p>&nbsp;<\/p>\n<p><a class=\"dt-pswp-item\" href=\"https:\/\/www.radiopiu.net\/wordpress\/wp-content\/uploads\/2023\/01\/WhatsApp-Image-2023-01-22-at-21.14.13.jpeg\" data-dt-img-description=\"\" data-large_image_width=\"1184\" data-large_image_height=\"760\"><img loading=\"lazy\" decoding=\"async\" class=\"wp-image-318189 alignleft\" src=\"https:\/\/www.radiopiu.net\/wordpress\/wp-content\/uploads\/2023\/01\/WhatsApp-Image-2023-01-22-at-21.14.13-300x193.jpeg\" alt=\"\" width=\"152\" height=\"98\" srcset=\"https:\/\/www.radiopiu.net\/wordpress\/wp-content\/uploads\/2023\/01\/WhatsApp-Image-2023-01-22-at-21.14.13-300x193.jpeg 300w, https:\/\/www.radiopiu.net\/wordpress\/wp-content\/uploads\/2023\/01\/WhatsApp-Image-2023-01-22-at-21.14.13-1024x657.jpeg 1024w, https:\/\/www.radiopiu.net\/wordpress\/wp-content\/uploads\/2023\/01\/WhatsApp-Image-2023-01-22-at-21.14.13-768x493.jpeg 768w, https:\/\/www.radiopiu.net\/wordpress\/wp-content\/uploads\/2023\/01\/WhatsApp-Image-2023-01-22-at-21.14.13.jpeg 1184w\" sizes=\"auto, (max-width: 152px) 100vw, 152px\" \/><\/a>La Regione Veneto ha avviato un\u2019importante inchiesta sociolinguistica sullo stato di salute delle minoranze linguistiche del proprio territorio (ladini, cimbri e friulani). Michela dell\u2019Osbel ed Eleonora Troi ci spiegano perch\u00e9 partecipare e diffondere \u00e8 essenziale.<\/p>\n<p>&nbsp;<\/p>\n<p>LINK,<span style=\"color: #0000ff;\"><strong> <a style=\"color: #0000ff;\" href=\"https:\/\/ec.europa.eu\/eusurvey\/runner\/QuestionarioVenetoL\">CLICCA QUI<\/a><\/strong><\/span><\/p>\n<p><strong>MICHELA DELL&#8217;OSBEL<\/strong><\/p>\n<audio class=\"wp-audio-shortcode\" id=\"audio-320193-9\" preload=\"none\" style=\"width: 100%;\" controls=\"controls\"><source type=\"audio\/mpeg\" src=\"https:\/\/www.radiopiu.net\/wordpress\/wp-content\/uploads\/2023\/01\/michela-dellosbel.mp3?_=9\" \/><a href=\"https:\/\/www.radiopiu.net\/wordpress\/wp-content\/uploads\/2023\/01\/michela-dellosbel.mp3\">https:\/\/www.radiopiu.net\/wordpress\/wp-content\/uploads\/2023\/01\/michela-dellosbel.mp3<\/a><\/audio>\n<p><strong>ELEONORA TROI<\/strong><\/p>\n<audio class=\"wp-audio-shortcode\" id=\"audio-320193-10\" preload=\"none\" style=\"width: 100%;\" controls=\"controls\"><source type=\"audio\/mpeg\" src=\"https:\/\/www.radiopiu.net\/wordpress\/wp-content\/uploads\/2023\/01\/eleonora.mp3?_=10\" \/><a href=\"https:\/\/www.radiopiu.net\/wordpress\/wp-content\/uploads\/2023\/01\/eleonora.mp3\">https:\/\/www.radiopiu.net\/wordpress\/wp-content\/uploads\/2023\/01\/eleonora.mp3<\/a><\/audio>\n<p>&nbsp;<\/p>\n<blockquote>\n<h3>dal CORRIERE DELLE ALPI Gianni Santomaso<\/h3>\n<\/blockquote>\n<p>Anche gli agordini e gli zoldani, assieme ai comeliani e ai cadorini, coinvolti nell&#8217;inchiesta sociolinguistica avviata dalla Regione per studiare lo stato di salute delle lingue di minoranza presenti sul proprio territorio. L&#8217;obiettivo \u00e8 quello di tutelare, promuovere e valorizzare l&#8217;uso delle lingue minoritarie: quella cimbra, in Lessinia, nell&#8217;Altopiano di Asiago e nel Cansiglio, quella ladina, e quella friulana, nel Portogruarese. \u00abPer poter definire politiche linguistiche efficaci ed intervenire con azioni mirate\u00bb, dice la Regione, \u00ab\u00e8 innanzitutto necessario valutare lo stato di salute della lingua di minoranza attraverso un&#8217;indagine sociolinguistica\u00bb. Per questo, da novembre 2022 e fino a febbraio 2023, ogni cittadino dei Comuni in cui \u00e8 presente una minoranza linguistica potr\u00e0 garantire il proprio contributo per la definizione delle prossime azioni di tutela e di promozione delle lingue di minoranza nella Regione, rispondendo ad un questionario anonimo on line. \u00abQuesta importante ricerca della Regione\u00bb, spiega Davide Conedera del gruppo Musla &#8211; Moviment de union e standardisazion linguistica del Agordin &#8211; riguarda da vicino coloro che abitano nei Comuni dell&#8217;Agordino, del Cadore, del Comelico e della Val di Zoldo. L&#8217;invito \u00e8 a compilare il questionario per far vedere che ci teniamo alla nostra lingua, per fare s\u00ec che la Regione avvii progetti per la salvaguardia della nostra minoranza e per far conoscere la nostra realt\u00e0 alla comunit\u00e0 scientifica\u00bb. \u00abNel compilare il questionario\u00bb, continua Conedera, \u00ab\u00e8 bene ricordare che quello che comunemente chiamiamo &#8220;dialetto&#8221; \u00e8 riconosciuto dalla legge 482\/99 e prende il nome di &#8220;ladino&#8221;. \u00c8 fondamentale che tutti partecipino se vogliamo migliorare la situazione delle nostre valli, delle persone che vivono qui e della nostra lingua\u00bb. Il questionario si pu\u00f2 trovare accedendo alla pagina ec.europa.eu\/eusurvey\/runner\/QuestionarioVeneto<\/p>\n<p>&nbsp;<\/p>\n<p>&nbsp;<\/p>\n<hr \/>\n<p>&nbsp;<\/p>\n<blockquote>\n<h3>LE IMMAGINI RACCONTANO LA STORIA<\/h3>\n<\/blockquote>\n<p><strong>FELTRE<\/strong> La Polisportiva Feltrese, dopo la rassegna dedicata a &#8220;L&#8217;utilizzo del Piave a scopo idroelettrico 1902 &#8211; 1962&#8221;, ora al Fondaco Delle Biade espone le immagini. La mostra\u00a0 rimarr\u00e0 aperta fino al 5 febbraio 2023 anche\u00a0 il sabato e la domenica<\/p>\n<p>&nbsp;<\/p>\n<p>&nbsp;<\/p>\n<hr \/>\n<div class=\"page-title-head hgroup\">\n<blockquote>\n<h3><\/h3>\n<h3 class=\"entry-title\">LA SAGRA DE SAN BIESE, IERI AD ALLEGHE<\/h3>\n<\/blockquote>\n<\/div>\n<blockquote>\n<h2><\/h2>\n<\/blockquote>\n<p><strong>ALLEGHE<\/strong> Giornata di festa ieri ad Alleghe\u00a0 in occasione di San Biagio con\u00a0 le associazioni del volontariato locale<\/p>\n\n\t\t\t<style type='text\/css'>\n\t\t\t\t#gallery-7 {\n\t\t\t\t\tmargin: auto;\n\t\t\t\t}\n\t\t\t\t#gallery-7 .gallery-item {\n\t\t\t\t\tfloat: left;\n\t\t\t\t\tmargin-top: 10px;\n\t\t\t\t\ttext-align: center;\n\t\t\t\t\twidth: 16%;\n\t\t\t\t}\n\t\t\t\t#gallery-7 img {\n\t\t\t\t\tborder: 2px solid #cfcfcf;\n\t\t\t\t}\n\t\t\t\t#gallery-7 .gallery-caption {\n\t\t\t\t\tmargin-left: 0;\n\t\t\t\t}\n\t\t\t\t\/* see gallery_shortcode() in wp-includes\/media.php *\/\n\t\t\t<\/style>\n\t\t<div id='gallery-7' class='dt-gallery-container gallery galleryid-320193 gallery-columns-6 gallery-size-thumbnail'><dl class='gallery-item'>\n\t\t\t\t<dt class='gallery-icon landscape'>\n\t\t\t\t\t<a class=\"rollover rollover-zoom dt-pswp-item\" title=\"21c11c9c-dbeb-48b8-8af7-006f52c26702\" data-dt-img-description=\"\" data-large_image_width=\"1416\" data-large_image_height=\"796\"href='https:\/\/www.radiopiu.net\/wordpress\/wp-content\/uploads\/2023\/02\/21c11c9c-dbeb-48b8-8af7-006f52c26702.jpg'><img loading=\"lazy\" decoding=\"async\" width=\"150\" height=\"150\" src=\"https:\/\/www.radiopiu.net\/wordpress\/wp-content\/uploads\/2023\/02\/21c11c9c-dbeb-48b8-8af7-006f52c26702-150x150.jpg\" class=\"attachment-thumbnail size-thumbnail\" alt=\"\" \/><\/a>\n\t\t\t\t<\/dt><\/dl><dl class='gallery-item'>\n\t\t\t\t<dt class='gallery-icon landscape'>\n\t\t\t\t\t<a class=\"rollover rollover-zoom dt-pswp-item\" title=\"d253cb29-064c-4803-99ea-fe8f01582323\" data-dt-img-description=\"\" data-large_image_width=\"1416\" data-large_image_height=\"796\"href='https:\/\/www.radiopiu.net\/wordpress\/wp-content\/uploads\/2023\/02\/d253cb29-064c-4803-99ea-fe8f01582323.jpg'><img loading=\"lazy\" decoding=\"async\" width=\"150\" height=\"150\" src=\"https:\/\/www.radiopiu.net\/wordpress\/wp-content\/uploads\/2023\/02\/d253cb29-064c-4803-99ea-fe8f01582323-150x150.jpg\" class=\"attachment-thumbnail size-thumbnail\" alt=\"\" \/><\/a>\n\t\t\t\t<\/dt><\/dl><dl class='gallery-item'>\n\t\t\t\t<dt class='gallery-icon landscape'>\n\t\t\t\t\t<a class=\"rollover rollover-zoom dt-pswp-item\" title=\"35652aed-3ba6-43fd-ae14-c2f825c45fc1\" data-dt-img-description=\"\" data-large_image_width=\"1416\" data-large_image_height=\"796\"href='https:\/\/www.radiopiu.net\/wordpress\/wp-content\/uploads\/2023\/02\/35652aed-3ba6-43fd-ae14-c2f825c45fc1.jpg'><img loading=\"lazy\" decoding=\"async\" width=\"150\" height=\"150\" src=\"https:\/\/www.radiopiu.net\/wordpress\/wp-content\/uploads\/2023\/02\/35652aed-3ba6-43fd-ae14-c2f825c45fc1-150x150.jpg\" class=\"attachment-thumbnail size-thumbnail\" alt=\"\" \/><\/a>\n\t\t\t\t<\/dt><\/dl><dl class='gallery-item'>\n\t\t\t\t<dt class='gallery-icon portrait'>\n\t\t\t\t\t<a class=\"rollover rollover-zoom dt-pswp-item\" title=\"b1a2c0f8-2b4b-4e8f-8791-f736dd41161c\" data-dt-img-description=\"\" data-large_image_width=\"796\" data-large_image_height=\"1416\"href='https:\/\/www.radiopiu.net\/wordpress\/wp-content\/uploads\/2023\/02\/b1a2c0f8-2b4b-4e8f-8791-f736dd41161c.jpg'><img loading=\"lazy\" decoding=\"async\" width=\"150\" height=\"150\" src=\"https:\/\/www.radiopiu.net\/wordpress\/wp-content\/uploads\/2023\/02\/b1a2c0f8-2b4b-4e8f-8791-f736dd41161c-150x150.jpg\" class=\"attachment-thumbnail size-thumbnail\" alt=\"\" \/><\/a>\n\t\t\t\t<\/dt><\/dl><dl class='gallery-item'>\n\t\t\t\t<dt class='gallery-icon landscape'>\n\t\t\t\t\t<a class=\"rollover rollover-zoom dt-pswp-item\" title=\"b69b71bb-081d-4c26-8033-8cfc8c83420d\" data-dt-img-description=\"\" data-large_image_width=\"1416\" data-large_image_height=\"796\"href='https:\/\/www.radiopiu.net\/wordpress\/wp-content\/uploads\/2023\/02\/b69b71bb-081d-4c26-8033-8cfc8c83420d.jpg'><img loading=\"lazy\" decoding=\"async\" width=\"150\" height=\"150\" src=\"https:\/\/www.radiopiu.net\/wordpress\/wp-content\/uploads\/2023\/02\/b69b71bb-081d-4c26-8033-8cfc8c83420d-150x150.jpg\" class=\"attachment-thumbnail size-thumbnail\" alt=\"\" \/><\/a>\n\t\t\t\t<\/dt><\/dl><dl class='gallery-item'>\n\t\t\t\t<dt class='gallery-icon landscape'>\n\t\t\t\t\t<a class=\"rollover rollover-zoom dt-pswp-item\" title=\"3e183a15-e353-4502-95a4-428202e7d6c5\" data-dt-img-description=\"\" data-large_image_width=\"1416\" data-large_image_height=\"796\"href='https:\/\/www.radiopiu.net\/wordpress\/wp-content\/uploads\/2023\/02\/3e183a15-e353-4502-95a4-428202e7d6c5.jpg'><img loading=\"lazy\" decoding=\"async\" width=\"150\" height=\"150\" src=\"https:\/\/www.radiopiu.net\/wordpress\/wp-content\/uploads\/2023\/02\/3e183a15-e353-4502-95a4-428202e7d6c5-150x150.jpg\" class=\"attachment-thumbnail size-thumbnail\" alt=\"\" \/><\/a>\n\t\t\t\t<\/dt><\/dl><br style=\"clear: both\" \/>\n\t\t\t<\/div>\n\n<p>&nbsp;<\/p>\n<p>&nbsp;<\/p>\n<hr \/>\n<p>&nbsp;<\/p>\n<blockquote>\n<h3>L&#8217;UNIVERSITA&#8217; DEGLI ANZIANI DI AGORDO TORNA CON UN RICCO PROGRAMMA<\/h3>\n<\/blockquote>\n<p><strong>AGORDO<\/strong> L&#8217;universit\u00e0 degli anziani di Agordo \u00e8 pronta per tornare con le lezioni in presenza. \u00c8 stato stilato il calendario degli eventi in programma dal 7 febbraio al 2 maggio. Ogni marted\u00ec gli incontri si svolgeranno in sala Don Tamis dalle 15 alle 17.<\/p>\n<p><strong>IL PROGRAMMA (2 PAGINE)<\/strong><\/p>\n<a href=\"https:\/\/www.radiopiu.net\/wordpress\/wp-content\/uploads\/2023\/01\/UAA-Programma-2022-23_2\u00b0trimestreok.pdf\" class=\"pdfemb-viewer\" style=\"\" data-width=\"max\" data-height=\"max\" data-toolbar=\"top\" data-toolbar-fixed=\"on\">UAA-Programma 2022-23_2\u00b0trimestreok<\/a>\n<p>&nbsp;<\/p>\n<p>&nbsp;<\/p>\n<hr \/>\n<p>&nbsp;<\/p>\n<p>&nbsp;<\/p>\n<blockquote>\n<h3><a class=\"dt-pswp-item\" href=\"https:\/\/www.radiopiu.net\/wordpress\/wp-content\/uploads\/2023\/02\/c688b549-bd78-417a-82fc-9b5b7ddfe6eb.jpg\" data-dt-img-description=\"\" data-large_image_width=\"1131\" data-large_image_height=\"1600\"><img loading=\"lazy\" decoding=\"async\" class=\"size-medium wp-image-320109 alignleft\" src=\"https:\/\/www.radiopiu.net\/wordpress\/wp-content\/uploads\/2023\/02\/c688b549-bd78-417a-82fc-9b5b7ddfe6eb-212x300.jpg\" alt=\"\" width=\"212\" height=\"300\" srcset=\"https:\/\/www.radiopiu.net\/wordpress\/wp-content\/uploads\/2023\/02\/c688b549-bd78-417a-82fc-9b5b7ddfe6eb-212x300.jpg 212w, https:\/\/www.radiopiu.net\/wordpress\/wp-content\/uploads\/2023\/02\/c688b549-bd78-417a-82fc-9b5b7ddfe6eb-724x1024.jpg 724w, https:\/\/www.radiopiu.net\/wordpress\/wp-content\/uploads\/2023\/02\/c688b549-bd78-417a-82fc-9b5b7ddfe6eb-768x1086.jpg 768w, https:\/\/www.radiopiu.net\/wordpress\/wp-content\/uploads\/2023\/02\/c688b549-bd78-417a-82fc-9b5b7ddfe6eb-1086x1536.jpg 1086w, https:\/\/www.radiopiu.net\/wordpress\/wp-content\/uploads\/2023\/02\/c688b549-bd78-417a-82fc-9b5b7ddfe6eb.jpg 1131w\" sizes=\"auto, (max-width: 212px) 100vw, 212px\" \/><\/a>E DOMENICA 12&#8230; A COLMEAN LA GARA DI RIDOLE A COPPIE<\/h3>\n<\/blockquote>\n<p>12 FEBBRAIO, ORE 14&#8230; .3-2-1.. SPINGI&#8230; VOLA&#8230;DAI&#8230;. ARRIVA: VINCI LA TUA SFIDA E&#8230; ABBRACCIATI! GARA DI RID\u00f2LE A COPPIE SULLA PISTA DI SLITTINO DI COLMEAN. UNA GIORNATA DI SPORT, DI FESTA E TRADIZIONI, CON IL GRUPPO CRODAIOLI DELL&#8217;AUTA DI FEDER. PUNTO BASE PER LE ISCRIZIONI IL BAR COLMEAN, FINO ALLE 12.30 DI DOMENICA 12 FEBBRAIO E PRESSO IL TRAGUARDO FINO A 15 MINUTI PRIMA DELLA PARTENZA. ALLE 16 LE PREMIAZIONI. INFORMAZIONI ALLO 0437 592078<\/p>\n<p>&nbsp;<\/p>\n<p>&nbsp;<\/p>\n<p>&nbsp;<\/p>\n<p>&nbsp;<\/p>\n<p>&nbsp;<\/p>\n<hr \/>\n<p>&nbsp;<\/p>\n<blockquote>\n<h2><span style=\"color: #ff0000;\">ON&#8212;&#8211;OFF<\/span><\/h2>\n<\/blockquote>\n<p><a class=\"dt-pswp-item\" href=\"https:\/\/www.radiopiu.net\/wordpress\/wp-content\/uploads\/2023\/01\/ZANETTI.png\" data-dt-img-description=\"\" data-large_image_width=\"744\" data-large_image_height=\"631\"><img loading=\"lazy\" decoding=\"async\" class=\"size-medium wp-image-319233 alignleft\" src=\"https:\/\/www.radiopiu.net\/wordpress\/wp-content\/uploads\/2023\/01\/ZANETTI-300x254.png\" alt=\"\" width=\"300\" height=\"254\" srcset=\"https:\/\/www.radiopiu.net\/wordpress\/wp-content\/uploads\/2023\/01\/ZANETTI-300x254.png 300w, https:\/\/www.radiopiu.net\/wordpress\/wp-content\/uploads\/2023\/01\/ZANETTI.png 744w\" sizes=\"auto, (max-width: 300px) 100vw, 300px\" \/><\/a>off?&#8230;. on!!!!! Accendi la tua notte! Con gli studenti del liceo scientifico SPORTIVO, al PALAFALCADE&#8230; VENERDI 10 E SABATO 11, APERITIVI, TORNEO DI BRISCOLA, CALCIO BALILLA. venerdi 10 il ballo liscio con Cristian Group, sabato 11 serata con DJ BISSO E DALLA MEZZANOTTE happy hour. Se fai tardi? Puoi fare tardi&#8230; c&#8217;e&#8217; il servizio navetta con Massimo. Vantaggioso il biglietto in prevendita&#8230; a soli 7 euro. info 340 4865363 ACCENDI LA TUA NOTTE, A FALCADE, CON GLI STUDENTI DELLO SCIENTIFICO SPORTIVO DI AGORDO&#8230;.NO LIMITS IN COLLABORAZIONE CON Impresa edile eredi Dorigo Vincenzo , ad Agordo. Zumbrillenbar, ristorante e pizza unica, a mezzogiorno e sera, in localit\u00e0 Valcozzena. E.. impresa edile marco menegolla<\/p>\n<p><strong>ALLA RADIO<\/strong><\/p>\n<audio class=\"wp-audio-shortcode\" id=\"audio-320193-11\" preload=\"none\" style=\"width: 100%;\" controls=\"controls\"><source type=\"audio\/mpeg\" src=\"https:\/\/www.radiopiu.net\/wordpress\/wp-content\/uploads\/2023\/01\/LICEOAGORDO_BA_3101.mp3?_=11\" \/><a href=\"https:\/\/www.radiopiu.net\/wordpress\/wp-content\/uploads\/2023\/01\/LICEOAGORDO_BA_3101.mp3\">https:\/\/www.radiopiu.net\/wordpress\/wp-content\/uploads\/2023\/01\/LICEOAGORDO_BA_3101.mp3<\/a><\/audio>\n<p>&nbsp;<\/p>\n<p>&nbsp;<\/p>\n<hr \/>\n<p>&nbsp;<\/p>\n<p>&nbsp;<\/p>\n<blockquote class=\"wp-embedded-content\" data-secret=\"wyh7Q1TLaA\"><p><a href=\"https:\/\/www.radiopiu.net\/wordpress\/provincia-di-belluno-dallalto-nei-giorni-delle-mongolfiere\/\">PROVINCIA DI BELLUNO DALL&#8217;ALTO NEI GIORNI DELLE MONGOLFIERE<\/a><\/p><\/blockquote>\n<p><iframe loading=\"lazy\" class=\"wp-embedded-content\" sandbox=\"allow-scripts\" security=\"restricted\" style=\"position: absolute; clip: rect(1px, 1px, 1px, 1px);\" title=\"&#8220;PROVINCIA DI BELLUNO DALL&#8217;ALTO NEI GIORNI DELLE MONGOLFIERE&#8221; &#8212; Radio Pi\u00f9\" src=\"https:\/\/www.radiopiu.net\/wordpress\/provincia-di-belluno-dallalto-nei-giorni-delle-mongolfiere\/embed\/#?secret=Y6Qr6ZeT0G#?secret=wyh7Q1TLaA\" data-secret=\"wyh7Q1TLaA\" width=\"600\" height=\"338\" frameborder=\"0\" marginwidth=\"0\" marginheight=\"0\" scrolling=\"no\"><\/iframe><\/p>\n<p>&nbsp;<\/p>\n<hr \/>\n<p>&nbsp;<\/p>\n<blockquote>\n<h3>LA ZINGHENESTA A CANALE D&#8217;AGORDO<\/h3>\n<\/blockquote>\n<p><strong>CANALE D&#8217;AGORDO<\/strong> Domenica 19 febbraio torna La Zinghenesta a Canale D&#8217;Agordo, il carnevale della Valle del Biois. L&#8217;evento inizier\u00e0 con la consueta sfilata del corteo mascherato in partenza da Falcade per poi arrivare verso le 12.00 a Canale d&#8217;Agordo. Alle 15.00 inizio della sfilata per le vie del paese, arrivo in piazza e premiazione della maschera pi\u00f9 bella; Alle 16.30 processo al Carnevale. Sculture in legno, divertimento e dolci per grandi e piccini accompagneranno questa edizione<\/p>\n<p>&nbsp;<\/p>\n<p>&nbsp;<\/p>\n<hr \/>\n<p>&nbsp;<\/p>\n<p>&nbsp;<\/p>\n<blockquote>\n<h3><strong><a class=\"dt-pswp-item\" href=\"https:\/\/www.radiopiu.net\/wordpress\/wp-content\/uploads\/2023\/02\/Senza-nome-6.jpg\" data-dt-img-description=\"\" data-large_image_width=\"242\" data-large_image_height=\"189\"><img loading=\"lazy\" decoding=\"async\" class=\"wp-image-320153 alignleft\" src=\"https:\/\/www.radiopiu.net\/wordpress\/wp-content\/uploads\/2023\/02\/Senza-nome-6.jpg\" alt=\"\" width=\"168\" height=\"131\" \/><\/a><\/strong>CARNEVALE CON LA PROLOCO DI SAN TOMASO<\/h3>\n<\/blockquote>\n<p><strong>SAN TOMASO<\/strong> Carnevale con la proloco di San Tomaso, tre gli appuntamenti: 12 febbraio festa di carnevale, passeggiata in maschera da Celat e Colzares\u00e8; 16 febbraio lettura animate in biblioteca a Celat alle 17 (in maschera), 19 febbraio I racconti di Paolo Soppelsa alle 17 in sala a Celat.<\/p>\n<p>&nbsp;<\/p>\n<p>&nbsp;<\/p>\n<p>&nbsp;<\/p>\n<hr \/>\n<p>&nbsp;<\/p>\n<blockquote>\n<h3>IMMAGINI E SCULTURE DI GIOVANNA DEPPI<\/h3>\n<\/blockquote>\n<p><strong>PIEVE DI CADORE<\/strong> Dal 3 al 18 febbraio Giovanna Deppi esporr\u00e0 disegni e sculture presso la L\u00f2da della Cartoleria Tiziano a Pieve di Cadore, con presentazione del maestro Vico Calabr\u00f2.<\/p>\n<p>&nbsp;<\/p>\n<p>&nbsp;<\/p>\n<hr \/>\n<p>&nbsp;<\/p>\n<blockquote>\n<h3>OGGI LA PRESENTAZIONE DEL LIBRO DI SILVIO GUARNIERI<\/h3>\n<\/blockquote>\n<p><strong>FELTRE<\/strong> Oggi alle 17:30 al Museo Diocesano di Feltre Il Panfilo \u00e8 lieto di presentare \u00a0il libro inedito di Silvio Guarnieri \u201cCronache di guerra e di pace\u201d, edito da Manni editore e curato da Adriana Guarnieri, con la collaborazione di Giacomo Corazzol. Un prezioso volume, che raccoglie cinque<br \/>\nracconti in cui si trovano riunite, in un unico disegno, le esperienze vissute da Silvio Guarnieri in Romania, tra il 1943 e il 1945.<\/p>\n<p>&nbsp;<\/p>\n<p>&nbsp;<\/p>\n<hr \/>\n<p>&nbsp;<\/p>\n<blockquote>\n<h3>A LIMANA SI RICORDA NORMA COSSETTO<\/h3>\n<\/blockquote>\n<p><strong>LIMANA <\/strong>In occasione della giornata della Memoria, il Comune di Limana e la Bibilioteca organizzano per mercoled\u00ec alle 20:30 in sala Nocivelli un incontro dal titolo &#8220;Norma Cossetto, per ricordare le foibe&#8221;. Ingresso libero.<\/p>\n<p>&nbsp;<\/p>\n<p>&nbsp;<\/p>\n<hr \/>\n<p>&nbsp;<\/p>\n<blockquote>\n<h3>LA CIASPOLATA IN ROSA<\/h3>\n<\/blockquote>\n<p><strong>VAL DI ZOLDO<\/strong> Sabato 18 febbraio a Palafavera di Val di Zoldo parte la \u201cCiaspolata in Rosa\u201d. Aperta a tutti e non competitiva, la Ciaspolata si snoda su un percorso di 4-5 km nella suggestiva cornice di Palafavera dominata dai Monti Pelmo e Civetta. Iscrizioni online su \u201csportolomiti.it\u201d, presso gli uffici comunali di Forno e Fusine di Val di Zoldo e presso l\u2019ufficio turistico di Pecol.<\/p>\n<p>&nbsp;<\/p>\n<p>&nbsp;<\/p>\n<hr \/>\n<p>&nbsp;<\/p>\n<blockquote>\n<h3>RIPARTONO A LIMANA I CORSI DI POTATURA \/ INNESTI E ORTICOLTURA<\/h3>\n<\/blockquote>\n<p><strong>LIMANA <\/strong>Dopo due anni di attesa finalmente ricominciano a Limana i corsi di potatura \/ innesti e orticoltura organizzati dal Comune di Limana con la collaborazione del dr. Agronomo Alessandro Gallon, apprezzato docente presso l\u2019Istituto Professionale e Tecnico di Stato per l&#8217;Agricoltura e l&#8217;Ambiente di Feltre. Le iscrizioni sono aperte e termineranno il giorno 13 febbraio per il corso di potatura \/ innesti e il 06 marzo per il corso di orticoltura (per info: Ufficio commercio e turismo: 0437-966124 \u2013 <a href=\"mailto:commercio@comune.limana.bl.it\">commercio@comune.limana.bl.it<\/a>).<\/p>\n<p>&nbsp;<\/p>\n<p>&nbsp;<\/p>\n<hr \/>\n<p>&nbsp;<\/p>\n<blockquote>\n<h3>AL TEATRO COMUNALE CON IL CIRCOLO CULTURALE BELLUNESE<\/h3>\n<\/blockquote>\n<p><strong><a class=\"dt-pswp-item\" href=\"https:\/\/www.radiopiu.net\/wordpress\/wp-content\/uploads\/2023\/02\/Sokolov.jpg\" data-dt-img-description=\"\" data-large_image_width=\"1250\" data-large_image_height=\"611\"><img loading=\"lazy\" decoding=\"async\" class=\" wp-image-320230 alignleft\" src=\"https:\/\/www.radiopiu.net\/wordpress\/wp-content\/uploads\/2023\/02\/Sokolov-300x147.jpg\" alt=\"\" width=\"165\" height=\"81\" srcset=\"https:\/\/www.radiopiu.net\/wordpress\/wp-content\/uploads\/2023\/02\/Sokolov-300x147.jpg 300w, https:\/\/www.radiopiu.net\/wordpress\/wp-content\/uploads\/2023\/02\/Sokolov-1024x501.jpg 1024w, https:\/\/www.radiopiu.net\/wordpress\/wp-content\/uploads\/2023\/02\/Sokolov-768x375.jpg 768w, https:\/\/www.radiopiu.net\/wordpress\/wp-content\/uploads\/2023\/02\/Sokolov.jpg 1250w\" sizes=\"auto, (max-width: 165px) 100vw, 165px\" \/><\/a>BELLUNO<\/strong> Torna a Belluno il grande pianista Grigory Sokolov per aprire nella nostra citt\u00e0 il suo tour mondiale 2023, ospite del Circolo Culturale Bellunese, marted\u00ec 7 febbraio, alle ore 20:30, Teatro Comunale. Informazioni e note di sala su belcircolo.org Biglietti in vendita nella sede del concerto, mezz\u2019ora prima del suo inizio, o presso la biglietteria di Palazzo Fulcis, nei giorni e negli orari di apertura, fino a 45 minuti prima della chiusura del Museo<\/p>\n<p>&nbsp;<\/p>\n<p>&nbsp;<\/p>\n<p>&nbsp;<\/p>\n<hr \/>\n<p>&nbsp;<\/p>\n<p>&nbsp;<\/p>\n<p class=\"photoswipe-wrapper\"><a class=\"dt-pswp-item pspw-wrap-ready\" href=\"https:\/\/www.radiopiu.net\/wordpress\/wp-content\/uploads\/2023\/01\/f357cc9c-828e-4d9b-9ff4-ec3efed24d74.jpg\" data-dt-img-description=\"\" data-large_image_width=\"724\" data-large_image_height=\"1024\"><img loading=\"lazy\" decoding=\"async\" class=\"wp-image-315069 alignleft\" src=\"https:\/\/www.radiopiu.net\/wordpress\/wp-content\/uploads\/2023\/01\/f357cc9c-828e-4d9b-9ff4-ec3efed24d74.jpg\" sizes=\"auto, (max-width: 140px) 100vw, 140px\" srcset=\"https:\/\/www.radiopiu.net\/wordpress\/wp-content\/uploads\/2023\/01\/f357cc9c-828e-4d9b-9ff4-ec3efed24d74.jpg 724w, https:\/\/www.radiopiu.net\/wordpress\/wp-content\/uploads\/2023\/01\/f357cc9c-828e-4d9b-9ff4-ec3efed24d74-212x300.jpg 212w\" alt=\"\" width=\"79\" height=\"112\" \/><\/a><\/p>\n<h1><span style=\"color: #ff00ff;\">AGORDINO IN FERMENTO\u2026AGORDINO IN MOVIMENTO<\/span><\/h1>\n<blockquote><p><strong>A CARNEVALE\u2026 EL CARNEVAL DE LE VAI\u2026DA SELVA DI CADORE A CANALE D\u2019AGORDO, DA RIVAMONTE A LASTE E SOTTOGUDA. TRADIZIONE, CULTUR E SPETTACOLO\u00a0\u00a0<\/strong><\/p><\/blockquote>\n<p><iframe loading=\"lazy\" title=\"CARNEVAI DE LE VAI L&#039;INTERVISTA AI PROTAGONISTI\" width=\"1200\" height=\"675\" src=\"https:\/\/www.youtube.com\/embed\/w-vtgGV1TuM?start=198&#038;feature=oembed\" frameborder=\"0\" allow=\"accelerometer; autoplay; clipboard-write; encrypted-media; gyroscope; picture-in-picture; web-share\" allowfullscreen><\/iframe><\/p>\n<p>&nbsp;<\/p>\n<p>&nbsp;<\/p>\n<hr \/>\n<p>&nbsp;<\/p>\n<p>&nbsp;<\/p>\n<p><iframe loading=\"lazy\" title=\"Radio Pi\u00f9 festeggia i suoi primi 40 anni di attivit\u00e0\" width=\"1200\" height=\"675\" src=\"https:\/\/www.youtube.com\/embed\/6ptB04FauBE?feature=oembed\" frameborder=\"0\" allow=\"accelerometer; autoplay; clipboard-write; encrypted-media; gyroscope; picture-in-picture; web-share\" allowfullscreen><\/iframe><\/p>\n<p>&nbsp;<\/p>\n<hr \/>\n<p>&nbsp;<\/p>\n<blockquote class=\"wp-embedded-content\" data-secret=\"O4zosceLwF\"><p><a href=\"https:\/\/www.radiopiu.net\/wordpress\/limpresa-folle-di-aaron-lazzaro-ed-enrico-triches-in-argentina-gli-aggiornamenti-di-nessuna-vetta-e-lontana\/\">L&#8217;IMPRESA FOLLE DI AARON LAZZARO ED ENRICO TRICHES IN ARGENTINA. GLI AGGIORNAMENTI DI &#8220;NESSUNA VETTA E&#8217; LONTANA&#8221;<\/a><\/p><\/blockquote>\n<p><iframe loading=\"lazy\" class=\"wp-embedded-content\" sandbox=\"allow-scripts\" security=\"restricted\" style=\"position: absolute; clip: rect(1px, 1px, 1px, 1px);\" title=\"&#8220;L&#8217;IMPRESA FOLLE DI AARON LAZZARO ED ENRICO TRICHES IN ARGENTINA. GLI AGGIORNAMENTI DI &#8220;NESSUNA VETTA E&#8217; LONTANA&#8221;&#8221; &#8212; Radio Pi\u00f9\" src=\"https:\/\/www.radiopiu.net\/wordpress\/limpresa-folle-di-aaron-lazzaro-ed-enrico-triches-in-argentina-gli-aggiornamenti-di-nessuna-vetta-e-lontana\/embed\/#?secret=xsdBUWfyUV#?secret=O4zosceLwF\" data-secret=\"O4zosceLwF\" width=\"600\" height=\"338\" frameborder=\"0\" marginwidth=\"0\" marginheight=\"0\" scrolling=\"no\"><\/iframe><\/p>\n<p>&nbsp;<\/p>\n<hr \/>\n<p>&nbsp;<\/p>\n<blockquote>\n<h3>AL FESTIVAL DI SANREMO LO SPETTACOLO DOLOMITICO&#8230;SULLE RADIO DELLA PROVINCIA<\/h3>\n<\/blockquote>\n<p><strong>LO SPOT ALLA RADIO\u00a0<\/strong><\/p>\n<audio class=\"wp-audio-shortcode\" id=\"audio-320193-12\" preload=\"none\" style=\"width: 100%;\" controls=\"controls\"><source type=\"audio\/mpeg\" src=\"https:\/\/www.radiopiu.net\/wordpress\/wp-content\/uploads\/2023\/01\/CASA-SANREMO.mp3?_=12\" \/><a href=\"https:\/\/www.radiopiu.net\/wordpress\/wp-content\/uploads\/2023\/01\/CASA-SANREMO.mp3\">https:\/\/www.radiopiu.net\/wordpress\/wp-content\/uploads\/2023\/01\/CASA-SANREMO.mp3<\/a><\/audio>\n<p>&nbsp;<\/p>\n<div>\n<p><span style=\"font-size: large;\"><a class=\"dt-pswp-item\" href=\"https:\/\/www.radiopiu.net\/wordpress\/wp-content\/uploads\/2023\/02\/Casa-Sanremo-2022_2-300x225-1.jpg\" data-dt-img-description=\"\" data-large_image_width=\"300\" data-large_image_height=\"225\"><img loading=\"lazy\" decoding=\"async\" class=\"size-full wp-image-320301 alignleft\" src=\"https:\/\/www.radiopiu.net\/wordpress\/wp-content\/uploads\/2023\/02\/Casa-Sanremo-2022_2-300x225-1.jpg\" alt=\"\" width=\"300\" height=\"225\" \/><\/a>Dai sapori dolomitici all\u2019occhialeria, dalle strade del Giro d\u2019Italia ai luoghi che hanno incantato il cinema. Il territorio delle Dolomiti bellunesi si presenta in grande spolvero al Festival della Canzone italiana, con sette giorni di iniziative e promozione a Casa Sanremo. <\/span><span style=\"font-size: large;\">La Provincia di Belluno, all\u2019interno del progetto \u201cGrandi eventi\u201d, sostenuto dal Fondo Comuni confinanti e dalla Regione Veneto, ha acquistato uno spazio proprio a Casa Sanremo.\u00a0 Lo spazio bellunese &#8211; la clubhouse di Casa Sanremo rinominata per l\u2019occasione \u201cCasa Dolomiti bellunesi\u201d &#8211; sar\u00e0 attivo dal 5 all\u201911 febbraio con un ristorante che cuciner\u00e0 ogni giorno pranzi e cene a base di prodotti dolomitici. <\/span><span style=\"font-size: large;\"><span class=\"gmail-Apple-converted-space\">\u00a0<\/span><\/span><span style=\"font-size: large;\">Ogni giorno poi il territorio sar\u00e0 protagonista di \u201cBuongiorno Sanremo\u201d<\/span><span style=\"font-size: large;\">. Ampio spazio sar\u00e0 dato allo sport, con Olimpiadi e Paralimpiadi invernali, sci, outdoor e ciclismo.<span class=\"gmail-Apple-converted-space\">\u00a0<\/span><\/span><span style=\"font-size: large;\">Ma ci sar\u00e0 ampio spazio anche per le imprese,\u00a0 i produttori vitivinicoli. Nutritissima la partecipazione delle piccole realt\u00e0 del settore primario che porteranno i loro prodotti a Casa Sanremo, per rifornire quotidianamente il ristorante.. <\/span><em><span style=\"font-size: large;\">\u00abQuesto \u00e8 un esempio del grande lavoro di squadra che stiamo portando avanti e che \u00e8 l\u2019obiettivo a medio lungo termine\u00bb commenta Elisa Calcamuggi, responsabile marketing Dmo Dolomiti, braccio operativo nell\u2019operazione Casa Sanremo. \u00abPubblico e privato insieme per promuovere non solo il turismo, ma un intero territorio, fatto di paesaggi e di imprese, di panorami e montagne, ma anche di prodotti e know-how\u00bb.<\/span><\/em><\/p>\n<\/div>\n<p>&nbsp;<\/p>\n<p>&nbsp;<\/p>\n<hr \/>\n<p>&nbsp;<\/p>\n<h2><span style=\"color: #ff0000;\">IERI ALLA RADIO<\/span><\/h2>\n<h2><strong><a class=\"dt-pswp-item\" href=\"https:\/\/www.radiopiu.net\/wordpress\/wp-content\/uploads\/2020\/05\/solidariet\u00e0-veneto.jpg\" data-dt-img-description=\"\" data-large_image_width=\"1373\" data-large_image_height=\"961\"><img loading=\"lazy\" decoding=\"async\" class=\" wp-image-134366 alignleft\" src=\"https:\/\/www.radiopiu.net\/wordpress\/wp-content\/uploads\/2020\/05\/solidariet\u00e0-veneto-300x210.jpg\" alt=\"\" width=\"186\" height=\"130\" srcset=\"https:\/\/www.radiopiu.net\/wordpress\/wp-content\/uploads\/2020\/05\/solidariet\u00e0-veneto-300x210.jpg 300w, https:\/\/www.radiopiu.net\/wordpress\/wp-content\/uploads\/2020\/05\/solidariet\u00e0-veneto-1024x717.jpg 1024w, https:\/\/www.radiopiu.net\/wordpress\/wp-content\/uploads\/2020\/05\/solidariet\u00e0-veneto-768x538.jpg 768w, https:\/\/www.radiopiu.net\/wordpress\/wp-content\/uploads\/2020\/05\/solidariet\u00e0-veneto.jpg 1373w\" sizes=\"auto, (max-width: 186px) 100vw, 186px\" \/><\/a><\/strong><span style=\"color: #339966;\">SPECIALE SOLIDARIETA&#8217; VENETO<\/span><\/h2>\n<p><strong>di Mirko Mezzacasa<\/strong><\/p>\n<p>OSPITE: Paolo Stefan<\/p>\n<audio class=\"wp-audio-shortcode\" id=\"audio-320193-13\" preload=\"none\" style=\"width: 100%;\" controls=\"controls\"><source type=\"audio\/mpeg\" src=\"https:\/\/www.radiopiu.net\/wordpress\/wp-content\/uploads\/2023\/02\/paolo-stefan-venerdi-primo-mese-febbraio-1.mp3?_=13\" \/><a href=\"https:\/\/www.radiopiu.net\/wordpress\/wp-content\/uploads\/2023\/02\/paolo-stefan-venerdi-primo-mese-febbraio-1.mp3\">https:\/\/www.radiopiu.net\/wordpress\/wp-content\/uploads\/2023\/02\/paolo-stefan-venerdi-primo-mese-febbraio-1.mp3<\/a><\/audio>\n<p>&nbsp;<\/p>\n<hr \/>\n<p>&nbsp;<\/p>\n<h2><span style=\"color: #008080;\">&#8220;DINTORN E FORA VIA&#8221;\u00a0<\/span><span style=\"color: #008080;\"> IL PROGRAMMA\u00a0 <\/span><span style=\"color: #008080;\">A CURA DEL MUSLA\u00a0\u00a0<\/span><\/h2>\n<h1 style=\"text-align: center;\"><\/h1>\n<h1 style=\"text-align: center;\"><strong><span style=\"color: #ff0000;\">SECONDO ANNO<\/span><\/strong><\/h1>\n<p><strong>PUNTATA DEL 03 FEBBRAIO, SIMONE GANZ<\/strong><\/p>\n<audio class=\"wp-audio-shortcode\" id=\"audio-320193-14\" preload=\"none\" style=\"width: 100%;\" controls=\"controls\"><source type=\"audio\/mpeg\" src=\"https:\/\/www.radiopiu.net\/wordpress\/wp-content\/uploads\/2023\/02\/MUSLA.mp3?_=14\" \/><a href=\"https:\/\/www.radiopiu.net\/wordpress\/wp-content\/uploads\/2023\/02\/MUSLA.mp3\">https:\/\/www.radiopiu.net\/wordpress\/wp-content\/uploads\/2023\/02\/MUSLA.mp3<\/a><\/audio>\n<p>&nbsp;<\/p>\n<hr \/>\n<p>&nbsp;<\/p>\n<div>\n<div class=\"b654a4as d2edcug0\">\n<div class=\"rq0escxv hkbzh7o3 jwdofwj8 n8tt0mok r8blr3vg hyh9befq\">\n<p><a class=\"dt-pswp-item\" href=\"https:\/\/www.radiopiu.net\/wordpress\/wp-content\/uploads\/2020\/10\/pp.jpg\" data-dt-img-description=\"\" data-large_image_width=\"640\" data-large_image_height=\"640\"><img loading=\"lazy\" decoding=\"async\" class=\"wp-image-163678 alignleft\" src=\"https:\/\/www.radiopiu.net\/wordpress\/wp-content\/uploads\/2020\/10\/pp-300x300.jpg\" alt=\"\" width=\"106\" height=\"106\" srcset=\"https:\/\/www.radiopiu.net\/wordpress\/wp-content\/uploads\/2020\/10\/pp-300x300.jpg 300w, https:\/\/www.radiopiu.net\/wordpress\/wp-content\/uploads\/2020\/10\/pp-150x150.jpg 150w, https:\/\/www.radiopiu.net\/wordpress\/wp-content\/uploads\/2020\/10\/pp-125x125.jpg 125w, https:\/\/www.radiopiu.net\/wordpress\/wp-content\/uploads\/2020\/10\/pp-200x200.jpg 200w, https:\/\/www.radiopiu.net\/wordpress\/wp-content\/uploads\/2020\/10\/pp-80x80.jpg 80w, https:\/\/www.radiopiu.net\/wordpress\/wp-content\/uploads\/2020\/10\/pp-480x480.jpg 480w, https:\/\/www.radiopiu.net\/wordpress\/wp-content\/uploads\/2020\/10\/pp.jpg 640w\" sizes=\"auto, (max-width: 106px) 100vw, 106px\" \/><\/a><\/p>\n<\/div>\n<\/div>\n<\/div>\n<div>\n<div class=\"page-title-head hgroup\">\n<div class=\"page-title-head hgroup\">\n<div class=\"b654a4as d2edcug0\">\n<div class=\"j83agx80 btwxx1t3 lhclo0ds hop8lmos nkwizq5d scwd0bx6 roh60bw9\">\n<div class=\"rq0escxv hkbzh7o3 jwdofwj8 n8tt0mok r8blr3vg hyh9befq\">\n<div class=\"do00u71z l9j0dhe7 k4urcfbm\" style=\"text-align: left;\">\n<h2><span style=\"color: #000080;\">DON CESARE, IL PENSIERO DEL GIORNO. ALLA RADIO ALLE 7 DEL MATTINO E ALLE 19.30 DELLA SERA\u00a0<\/span><\/h2>\n<p>&nbsp;<\/p>\n<p>&nbsp;<\/p>\n<p>&nbsp;<\/p>\n<p>&nbsp;<\/p>\n<\/div>\n<\/div>\n<\/div>\n<\/div>\n<\/div>\n<\/div>\n<\/div>\n<hr \/>\n<p>&nbsp;<\/p>\n<h2>1990 &#8211; IL BELLO DELLA DIRETTA, puntata01 &#8220;ODIO ANCORA LA RADIO&#8221;.<\/h2>\n<p><strong>Un articolo al mese che racconta gli episodi pi\u00f9 divertenti, importanti, ricorda fatti e persone che hanno fatto la storia di Radio Pi\u00f9.<\/strong><\/p>\n<p>Il 25 giugno saranno 40 anni di informazione, musica, storia. In quattro decenni di storie ne abbiamo raccontate tante, e in attesa del taglio della torta abbiamo pensato \u201cPerch\u00e9 non ricordarle come abbiamo fatto 10 anni fa con \u201cOdio La Radio\u201d. Ma abbiamo anche pensato\u2026 \u201cE se ne raccontassimo qualcuna anche degli ultimi 10 anni? Ogni 25 del mese un nuovo articolo, vi aspettiamo!<\/p>\n<p><strong>PRIMA PUNTATA, DAL LIBRO &#8220;ODIO LA RADIO&#8221;, 2013 di Mirko Mezzacasa<\/strong><\/p>\n<p><a href=\"https:\/\/www.radiopiu.net\/wordpress\/wp-content\/uploads\/2023\/01\/WhatsApp-Image-2023-01-18-at-14.31.26.jpeg\" data-dt-img-description=\"Bruno Zanetti\" data-large_image_width=\"1600\" data-large_image_height=\"1066\"><img loading=\"lazy\" decoding=\"async\" class=\"wp-image-317469 size-medium alignleft\" src=\"https:\/\/www.radiopiu.net\/wordpress\/wp-content\/uploads\/2023\/01\/WhatsApp-Image-2023-01-18-at-14.31.26-300x200.jpeg\" alt=\"\" width=\"300\" height=\"200\" srcset=\"https:\/\/www.radiopiu.net\/wordpress\/wp-content\/uploads\/2023\/01\/WhatsApp-Image-2023-01-18-at-14.31.26-300x200.jpeg 300w, https:\/\/www.radiopiu.net\/wordpress\/wp-content\/uploads\/2023\/01\/WhatsApp-Image-2023-01-18-at-14.31.26-1024x682.jpeg 1024w, https:\/\/www.radiopiu.net\/wordpress\/wp-content\/uploads\/2023\/01\/WhatsApp-Image-2023-01-18-at-14.31.26-768x512.jpeg 768w, https:\/\/www.radiopiu.net\/wordpress\/wp-content\/uploads\/2023\/01\/WhatsApp-Image-2023-01-18-at-14.31.26-1536x1023.jpeg 1536w, https:\/\/www.radiopiu.net\/wordpress\/wp-content\/uploads\/2023\/01\/WhatsApp-Image-2023-01-18-at-14.31.26.jpeg 1600w\" sizes=\"auto, (max-width: 300px) 100vw, 300px\" \/><\/a>Indimenticabile quel notiziario, quell&#8217;incredibile errore dovuto a diverse situazioni. In studio ero solo, come sempre. Ma il notiziario a Radio Pi\u00f9, alle 12.30 o alle 12.45 a seconda dei blocchi pubblicitari \u00e8 pur sempre andato in onda. Come? Questo ha dell&#8217;incredibile. Era il periodo caldo, la sera in giro per il nord Italia a seguire l&#8217;Alleghe Hockey, di giorno chiuso in uno studio di produzione. Ma il notiziario alle 12.30 era un rito importante, guai non esserci, guai se non era e, se non \u00e8 interessante. Si chiama colonna della radio, lo sapevo nel 1983, lo riconosco oggi. Quel notiziario, il GR principale delle 12.30 (non ha mai cambiato nome in 22 anni) era di difficile realizzazione, solo in studio con due linee telefoniche aperte. <em>&#8220;Attenzione la metto in diretta, mi raccomando ascolti bene il servizio che precede la sua intervista. Poi una volta al termine sar\u00e0 mia premura introdurla per la messa in onda. Lei stia li&#8217;, fermo, aspetti il mio segnale e non respiri perch\u00e9 avr\u00f2 tutti i microfoni ambientali aperti&#8221;.<\/em> Secondo me era chiaro, il fuori onda era stato preciso almeno per me, ma non per il commendator Bruno Zanetti, al tempo presidente provinciale dell&#8217;Associazione Nazionale Alpini, un gran Presidete e uomo che ha combattuto fino all&#8217;ultimo giorno per i suoi alpini, strenuo difensore della Caserma degli Alpini di Agordo, e quando in tempi non sospetti anticipo&#8217; la possibile chiusura. Ma quella votla&#8230; non mi aveva seguito nel notiziario. Colpa mia, non avevo considerato che alle 12.30 era ritornato a casa da pochi minuti, prima del pranzo, dopo il giro di aperitivi e l&#8217;aperitivo con Zanetti era sempre un gran momento.\u00a0 Il servizio precedente verteva sulla statale del San Pellegrino. In particolare l&#8217;allora Anas aveva sostituito i gardrail metallici con palizzate in legno, ancor oggi visibili. Il mio servizio era secco, polemico senza respiro. Il concetto: <em>&#8220;Come si fa a sostituire una barriera sicura con dei pezzi di legno? Si \u00e8 pensato ai pullman, ai mezzi pesanti, ai camper, alle auto che potrebbero abbattere quella barriera e rotolare per mezzo Passo ove tra l&#8217;altro la pendenza si attesta attorno al 18 per cento?&#8221;<\/em> La boutade per me era chiara. Per il commendator Zanetti no. Finisce il servizio, stacco la prima linea telefonica,\u00a0 ospite\u00a0 Enzo Salton\u00a0 sindaco di Canale d&#8217;Agordo e responsabile del tratto stradale &#8220;incriminato&#8221;. Stacco la linea e su quella rimasta accesa\u00a0 mi propongo a Bruno Zanetti, che nel frattempo aveva ascoltato il servizio sul San Pellegrino. <em>\u00a0&#8220;Commendator Zanetti, parliamo degli alpini agordini, ex penne nere quindi in congedo, partiti per il Piemonte per prestare soccorso alle persone coinvolte nell&#8217;alluvione. Quale il suo pensiero?&#8221;.<\/em> Domanda chiara, liquidabile in poche parole, non pi\u00f9 di 2 minuti. Il taglio giornalistico era perfetto, la domanda chiara, la risposta alluncinante. La ripropongo, la ricordo come fosse ieri. <em>&#8220;Quasi non ci credo &#8211; tuon\u00f2 Zanetti dall&#8217;alto della sua presidenza &#8211; come si permettono i miei uomini di andare in Piemonte e sostiture i gardrail metallici con quelli in legno? E&#8217; una vergogna non possiamo mettere a repentaglio la vita altrui. Siamo li&#8217; per aiutare non per fare danni. Mezzacasa non si preoccupi appena torneranno sar\u00e0 mia cura farli ripartire con un camion colmo di gard rail metallici, rifaranno il lavoro, riporteranno la situazione come prima&#8221;. <\/em>Rimasi totalmente interdetto. Non sapevo come riprendere.\u00a0 <em>&#8220;Presidente, certo. Questo con riferimento a Falcade e al lavoro dell&#8217;Anas che nulla ha di che condividere con i suoi alpini. Le ripongo la domanda, cosa fanno i suoi uomini nel Piemonte alluvionato?&#8221;<\/em> Sconcertante la ripresa, peggio di prima.<em> &#8220;Mezzacasa &#8211; tuon\u00f2 di nuovo Zanetti &#8211; le ho detto che sar\u00e0 mia cura riportare la situazione nella normalit\u00e0, con o senza la presenza degli uomini dell&#8217;Anas&#8221;.<\/em> Non me la sono sentita di continuare, ho chiuso la parte di attualit\u00e0 del notiziario per buttarmi a capofitto nello sport. Per molti giorni ho sentito i commenti su quel notiziario. Io, ad esempio, avevo la registrazione in musicassetta, tutto si registrava in musicassetta in quegli anni. Me la sono tenuta in macchina per qualche anno. Nei momenti tristi mi divertivo tra il play ed il rewind ad ascoltare lo Zanetti show. Ed era un notiziario.<\/p>\n<p><strong>LA RACCOLTA COMPLETA<\/strong><\/p>\n<blockquote class=\"wp-embedded-content\" data-secret=\"xCx8huas4u\"><p><a href=\"https:\/\/www.radiopiu.net\/wordpress\/negli-ultimi-10anni\/\">NEGLI ULTIMI 10 ANNI<\/a><\/p><\/blockquote>\n<p><iframe loading=\"lazy\" class=\"wp-embedded-content\" sandbox=\"allow-scripts\" security=\"restricted\" style=\"position: absolute; clip: rect(1px, 1px, 1px, 1px);\" title=\"&#8220;NEGLI ULTIMI 10 ANNI&#8221; &#8212; Radio Pi\u00f9\" src=\"https:\/\/www.radiopiu.net\/wordpress\/negli-ultimi-10anni\/embed\/#?secret=knRgq3hztm#?secret=xCx8huas4u\" data-secret=\"xCx8huas4u\" width=\"600\" height=\"338\" frameborder=\"0\" marginwidth=\"0\" marginheight=\"0\" scrolling=\"no\"><\/iframe><\/p>\n<p>&nbsp;<\/p>\n<hr \/>\n<p>&nbsp;<\/p>\n<h2><span style=\"color: #ff00ff;\">IN VIVO VERSO\u00a0 \u00a0<\/span><\/h2>\n<blockquote>\n<h3>SUSI GREGORIS LEGGE CHARLIE CHAPLIN &#8220;VIVI&#8221;<\/h3>\n<\/blockquote>\n<p><strong>AUDIO<\/strong><\/p>\n<audio class=\"wp-audio-shortcode\" id=\"audio-320193-15\" preload=\"none\" style=\"width: 100%;\" controls=\"controls\"><source type=\"audio\/mpeg\" src=\"https:\/\/www.radiopiu.net\/wordpress\/wp-content\/uploads\/2023\/01\/05-SUSI-GREGORIS-VIVI.mp3?_=15\" \/><a href=\"https:\/\/www.radiopiu.net\/wordpress\/wp-content\/uploads\/2023\/01\/05-SUSI-GREGORIS-VIVI.mp3\">https:\/\/www.radiopiu.net\/wordpress\/wp-content\/uploads\/2023\/01\/05-SUSI-GREGORIS-VIVI.mp3<\/a><\/audio>\n<p>&nbsp;<\/p>\n<p><a class=\"dt-pswp-item\" href=\"https:\/\/www.radiopiu.net\/wordpress\/wp-content\/uploads\/2023\/02\/Charlie_Chaplin.jpg\" data-dt-img-description=\"\" data-large_image_width=\"500\" data-large_image_height=\"750\"><img loading=\"lazy\" decoding=\"async\" class=\" wp-image-320228 alignleft\" src=\"https:\/\/www.radiopiu.net\/wordpress\/wp-content\/uploads\/2023\/02\/Charlie_Chaplin-200x300.jpg\" alt=\"\" width=\"166\" height=\"249\" srcset=\"https:\/\/www.radiopiu.net\/wordpress\/wp-content\/uploads\/2023\/02\/Charlie_Chaplin-200x300.jpg 200w, https:\/\/www.radiopiu.net\/wordpress\/wp-content\/uploads\/2023\/02\/Charlie_Chaplin.jpg 500w\" sizes=\"auto, (max-width: 166px) 100vw, 166px\" \/><\/a>Susi Gregoris legge:<br \/>\nCharlie Chaplin<br \/>\nVIVI<br \/>\nHo perdonato errori quasi imperdonabili,<br \/>\nHo cercato di sostituire persone insostituibili<br \/>\ne di dimenticare persone indimenticabili.<br \/>\nHo agito d&#8217;impulso,<br \/>\nsono rimasto deluso da alcune persone,<br \/>\nma anche io ne ho deluse alcune.<br \/>\nHo abbracciato per proteggere.<br \/>\nHo riso quando non si poteva farlo.<br \/>\nMi sono fatto amici per l&#8217;eternita&#8217;.<\/p>\n<p>Ho amato e sono stato amato, ma sono stato anche respinto.<br \/>\nSono stato amato e non ho saputo ricambiare.<br \/>\nHo gridato e saltato per la gioia<\/p>\n<p>Ho vissuto d\u2019amore e fatto giuramenti eterni,<br \/>\nma ne ho anche rotti molti!<br \/>\nHo pianto ascoltando musica e guardando fotografie<br \/>\nHo chiamato solo per ascoltare una voce.<br \/>\nMi sono innamorato per un sorriso.<br \/>\nHo pensato di poter morire di nostalgia e\u2026<br \/>\nHo avuto paura di perdere qualcuno di speciale<br \/>\ned ho finito per perderlo.<br \/>\nPer\u00f2 sono sopravvissuto!<br \/>\nSono ancora vivo!<br \/>\nNon mi stanco della vita!E nemmeno tu devi stancartene\u2026<br \/>\nVivi!<br \/>\nCombattere con determinazione \u00e8 un bene,<br \/>\nabbracciare la vita e vivere con passione.<br \/>\nPerdere con classe e vincere con audacia,<br \/>\nperch\u00e9 il mondo appartiene a chi osa<br \/>\ne la vita \u00e8 troppo bella per essere insignificante.<br \/>\nLa Vita \u00e8 troppo bella per essere insignificante!<\/p>\n<div dir=\"auto\">\n<div dir=\"auto\">\n<div dir=\"auto\">\n<p><strong>LA RACCOLTA COMPLETA<\/strong><\/p>\n<blockquote class=\"wp-embedded-content\" data-secret=\"UeA95SgxbL\"><p><a href=\"https:\/\/www.radiopiu.net\/wordpress\/in-vivo-verso\/\">In Vivo Verso<\/a><\/p><\/blockquote>\n<p><iframe loading=\"lazy\" class=\"wp-embedded-content\" sandbox=\"allow-scripts\" security=\"restricted\" style=\"position: absolute; clip: rect(1px, 1px, 1px, 1px);\" title=\"&#8220;In Vivo Verso&#8221; &#8212; Radio Pi\u00f9\" src=\"https:\/\/www.radiopiu.net\/wordpress\/in-vivo-verso\/embed\/#?secret=8WAvp7CMDO#?secret=UeA95SgxbL\" data-secret=\"UeA95SgxbL\" width=\"600\" height=\"338\" frameborder=\"0\" marginwidth=\"0\" marginheight=\"0\" scrolling=\"no\"><\/iframe><\/p>\n<\/div>\n<\/div>\n<\/div>\n<p>&nbsp;<\/p>\n<hr \/>\n<p>&nbsp;<\/p>\n<blockquote>\n<h3>GOCCE DI FILOSOFIA &#8211; PUNTATA 240 \u2013 CHIARA CAU, TERZA STAGIONE<\/h3>\n<\/blockquote>\n<p>AUDIO<\/p>\n<audio class=\"wp-audio-shortcode\" id=\"audio-320193-16\" preload=\"none\" style=\"width: 100%;\" controls=\"controls\"><source type=\"audio\/mpeg\" src=\"https:\/\/www.radiopiu.net\/wordpress\/wp-content\/uploads\/2023\/01\/FI5-6.mp3?_=16\" \/><a href=\"https:\/\/www.radiopiu.net\/wordpress\/wp-content\/uploads\/2023\/01\/FI5-6.mp3\">https:\/\/www.radiopiu.net\/wordpress\/wp-content\/uploads\/2023\/01\/FI5-6.mp3<\/a><\/audio>\n<p>&nbsp;<\/p>\n<p>LA RACCOLTA COMPLETA<\/p>\n<blockquote class=\"wp-embedded-content\" data-secret=\"uFBt2i5arP\"><p><a href=\"https:\/\/www.radiopiu.net\/wordpress\/gocce-filosofia\/\">Gocce di filosofia,  LA TERZA STAGIONE&#8230; 2023<\/a><\/p><\/blockquote>\n<p><iframe loading=\"lazy\" class=\"wp-embedded-content\" sandbox=\"allow-scripts\" security=\"restricted\" style=\"position: absolute; clip: rect(1px, 1px, 1px, 1px);\" title=\"&#8220;Gocce di filosofia,  LA TERZA STAGIONE&#8230; 2023&#8221; &#8212; Radio Pi\u00f9\" src=\"https:\/\/www.radiopiu.net\/wordpress\/gocce-filosofia\/embed\/#?secret=Ae52HVSkOP#?secret=uFBt2i5arP\" data-secret=\"uFBt2i5arP\" width=\"600\" height=\"338\" frameborder=\"0\" marginwidth=\"0\" marginheight=\"0\" scrolling=\"no\"><\/iframe><\/p>\n<p>&nbsp;<\/p>\n<p>&nbsp;<\/p>\n<hr \/>\n<p>&nbsp;<\/p>\n<div class=\"column\">\n<p><img loading=\"lazy\" decoding=\"async\" class=\"aligncenter wp-image-61954 size-full\" src=\"https:\/\/www.radiopiu.net\/wordpress\/wp-content\/uploads\/2018\/09\/viabilita.jpeg\" sizes=\"auto, (max-width: 800px) 100vw, 800px\" srcset=\"https:\/\/www.radiopiu.net\/wordpress\/wp-content\/uploads\/2018\/09\/viabilita.jpeg 800w, https:\/\/www.radiopiu.net\/wordpress\/wp-content\/uploads\/2018\/09\/viabilita-300x38.jpeg 300w, https:\/\/www.radiopiu.net\/wordpress\/wp-content\/uploads\/2018\/09\/viabilita-768x96.jpeg 768w\" alt=\"\" width=\"800\" height=\"100\" \/><\/p>\n<p>&nbsp;<\/p>\n<p>&nbsp;<\/p>\n<p><strong>AGGIORNAMENTO VENETO STRADE, AGGIORNAMENTO CONTINUO H 24<\/strong><\/p>\n<p>&nbsp;<\/p>\n<blockquote class=\"wp-embedded-content\" data-secret=\"8q56NzjtFf\"><p><a href=\"https:\/\/www.radiopiu.net\/wordpress\/viabilita\/\">viabilita<\/a><\/p><\/blockquote>\n<p><iframe loading=\"lazy\" class=\"wp-embedded-content\" sandbox=\"allow-scripts\" security=\"restricted\" style=\"position: absolute; clip: rect(1px, 1px, 1px, 1px);\" title=\"&#8220;viabilita&#8221; &#8212; Radio Pi\u00f9\" src=\"https:\/\/www.radiopiu.net\/wordpress\/viabilita\/embed\/#?secret=crJi85FRjc#?secret=8q56NzjtFf\" data-secret=\"8q56NzjtFf\" width=\"600\" height=\"338\" frameborder=\"0\" marginwidth=\"0\" marginheight=\"0\" scrolling=\"no\"><\/iframe><\/p>\n<p>&nbsp;<\/p>\n<p>&nbsp;<\/p>\n<hr \/>\n<p>&nbsp;<\/p>\n<p><a class=\"dt-pswp-item\" href=\"https:\/\/www.radiopiu.net\/wordpress\/wp-content\/uploads\/2018\/09\/WhatsApp-Image-2018-09-20-at-16.04.06.jpeg\" data-dt-img-description=\"\" data-large_image_width=\"800\" data-large_image_height=\"100\"><img loading=\"lazy\" decoding=\"async\" class=\"wp-image-61378 size-full aligncenter\" src=\"https:\/\/www.radiopiu.net\/wordpress\/wp-content\/uploads\/2018\/09\/WhatsApp-Image-2018-09-20-at-16.04.06.jpeg\" alt=\"\" width=\"800\" height=\"100\" srcset=\"https:\/\/www.radiopiu.net\/wordpress\/wp-content\/uploads\/2018\/09\/WhatsApp-Image-2018-09-20-at-16.04.06.jpeg 800w, https:\/\/www.radiopiu.net\/wordpress\/wp-content\/uploads\/2018\/09\/WhatsApp-Image-2018-09-20-at-16.04.06-300x38.jpeg 300w, https:\/\/www.radiopiu.net\/wordpress\/wp-content\/uploads\/2018\/09\/WhatsApp-Image-2018-09-20-at-16.04.06-768x96.jpeg 768w\" sizes=\"auto, (max-width: 800px) 100vw, 800px\" \/><\/a><\/p>\n<p>&nbsp;<\/p>\n<p><center><b>OGGI<\/b><\/center><b>Tempo atteso: <\/b>Giornata assai ventosa. Fino al primo mattino irregolarmente nuvoloso su Dolomiti con deboli fenomeni, su Prealpi poco o parzialmente nuvoloso per nubi alte. In seguito sereno o poco nuvoloso per qualche velatura.<br \/>\n<b>Precipitazioni: <\/b>Nella notte e fino al primo mattino deboli nevicate su Dolomiti (40\/60%), specie settentrionali (80\/100%), portate dal forte vento da Nord. Limite neve attorno a 1300-1500 m. Accumuli previsti da venerd\u00ec sera modesti, al pi\u00f9 fino a 5-10 cm in alta quota sulle Dolomiti pi\u00f9 settentrionali.<br \/>\n<b>Temperature: <\/b>Stazionarie in quota e in calo dal pomeriggio con minime raggiunte in serata, a fondovalle minime in aumento e massime stazionarie o in ulteriore locale aumento.<\/p>\n<hr \/>\n<p><center><b>DOMANI<\/b><\/center><b>Tempo atteso: <\/b>Al mattino sereno o poco nuvoloso. Dalle ore centrali irregolare aumento della nuvolosit\u00e0 specie su Prealpi e ovunque verso sera.<br \/>\n<b>Precipitazioni: <\/b>Generalmente assenti seppur non del tutto escluso qualche debolissimo fenomeno sparso specie verso sera (10%).<br \/>\n<b>Temperature: <\/b>Temperature in generale marcato calo.<\/p>\n<hr \/>\n<p><center><b>LUNEDI<\/b><\/center>Tempo stabile e pi\u00f9 freddo. Cielo sereno su Dolomiti, su Prealpi al mattino poco nuvoloso, con addensamenti fino a parzialmente nuvoloso o nuvoloso su prealpi vicentine e veronesi. Temperature in ulteriore generale calo.<\/p>\n<hr \/>\n<p><center><b>MARTEDI<\/b><\/center>Tempo stabile e freddo. Cielo sereno, aria tersa ed ottima visibilit\u00e0. Temperature stazionarie o in ulteriore lieve calo le minime a fondovalle con intense gelate.<\/p>\n<p>&nbsp;<\/p>\n<div>\n<hr \/>\n<\/div>\n<p>&nbsp;<\/p>\n<p>&nbsp;<\/p>\n<p><a class=\"dt-pswp-item\" href=\"https:\/\/www.radiopiu.net\/wordpress\/wp-content\/uploads\/2018\/09\/sport.jpg\" data-dt-img-description=\"\" data-large_image_width=\"800\" data-large_image_height=\"100\"><img loading=\"lazy\" decoding=\"async\" class=\"aligncenter wp-image-60761 size-full\" src=\"https:\/\/www.radiopiu.net\/wordpress\/wp-content\/uploads\/2018\/09\/sport.jpg\" alt=\"\" width=\"800\" height=\"100\" srcset=\"https:\/\/www.radiopiu.net\/wordpress\/wp-content\/uploads\/2018\/09\/sport.jpg 800w, https:\/\/www.radiopiu.net\/wordpress\/wp-content\/uploads\/2018\/09\/sport-300x38.jpg 300w, https:\/\/www.radiopiu.net\/wordpress\/wp-content\/uploads\/2018\/09\/sport-768x96.jpg 768w\" sizes=\"auto, (max-width: 800px) 100vw, 800px\" \/><\/a><\/p>\n<p>&nbsp;<\/p>\n<p><span style=\"color: #0000ff;\"><strong>SCI ALPINO\u00a0<\/strong><\/span><\/p>\n<blockquote>\n<h3>LE CAMPIONESSE COME JET, SU &#8220;LA VOLATA&#8221; DEL SAN PELLEGRINO<\/h3>\n<\/blockquote>\n<div class=\"\"><strong><a class=\"dt-pswp-item\" href=\"https:\/\/www.radiopiu.net\/wordpress\/wp-content\/uploads\/2023\/02\/DSC3953.jpg\" data-dt-img-description=\"\" data-large_image_width=\"1000\" data-large_image_height=\"667\"><img loading=\"lazy\" decoding=\"async\" class=\"size-medium wp-image-320296 alignleft\" src=\"https:\/\/www.radiopiu.net\/wordpress\/wp-content\/uploads\/2023\/02\/DSC3953-300x200.jpg\" alt=\"\" width=\"300\" height=\"200\" srcset=\"https:\/\/www.radiopiu.net\/wordpress\/wp-content\/uploads\/2023\/02\/DSC3953-300x200.jpg 300w, https:\/\/www.radiopiu.net\/wordpress\/wp-content\/uploads\/2023\/02\/DSC3953-768x512.jpg 768w, https:\/\/www.radiopiu.net\/wordpress\/wp-content\/uploads\/2023\/02\/DSC3953.jpg 1000w\" sizes=\"auto, (max-width: 300px) 100vw, 300px\" \/><\/a>REDAZIONE<\/strong> Settimana\u00a0 intensa con le massime protagoniste dello sci alpino mondiale. Sulle Piste Azzurre, della Val di Fassa tra Ski Area San Pellegrino e Ski Stadium Aloch si si sono allenate alcune delle prossime protagoniste dei Mondiali di sci alpino che inizieranno il 6 febbraio. Protagonista assoluta\u00a0 Mikaela Shiffrin, l\u2019atleta polivalente pi\u00f9 vincente della storia di Coppa del Mondo Femminile. Con lei\u00a0 la neozelandese Alice Robinson, di casa in Val di Fassa e il giovane gigantista azzurro, Filippo Della Vite che potrebbe essere tra i prossimi protagonisti \u00a0a Courchevel. Le velociste compresa Shiffrin si sono allenate di superG, su LaVolata.<\/div>\n<div><\/div>\n<div class=\"\">Sofia Goggia ha lasciato la val di Fassa, anticipatamente mercoled\u00ec per riposarsi prima dei Mondiali. In arrivo domenica la medaglia d\u2019oro di gigante Sara Hector che rimarr\u00e0 in Val di Fassa insieme alle compagne ed ai compagni di squadra maschili di gigante, per finalizzare la preparazione in vista dei Campionati Mondiali.<\/div>\n<div>foto Ralf Brunel.<\/div>\n<div><\/div>\n<div><\/div>\n<div>\n<hr \/>\n<p><span style=\"color: #0000ff;\"><strong>SKIALP<\/strong><\/span><\/p>\n<\/div>\n<blockquote>\n<h3>TROFEO SKI ALP 4 VALLI, LA PRIMA TAPPA A OBERBACHER E FELICETTI<\/h3>\n<\/blockquote>\n<div>\n<p><strong><a class=\"dt-pswp-item\" href=\"https:\/\/www.radiopiu.net\/wordpress\/wp-content\/uploads\/2023\/02\/Senza-nome-13.jpg\" data-dt-img-description=\"\" data-large_image_width=\"330\" data-large_image_height=\"239\"><img loading=\"lazy\" decoding=\"async\" class=\" wp-image-320371 alignleft\" src=\"https:\/\/www.radiopiu.net\/wordpress\/wp-content\/uploads\/2023\/02\/Senza-nome-13-300x217.jpg\" alt=\"\" width=\"278\" height=\"201\" srcset=\"https:\/\/www.radiopiu.net\/wordpress\/wp-content\/uploads\/2023\/02\/Senza-nome-13-300x217.jpg 300w, https:\/\/www.radiopiu.net\/wordpress\/wp-content\/uploads\/2023\/02\/Senza-nome-13.jpg 330w\" sizes=\"auto, (max-width: 278px) 100vw, 278px\" \/><\/a>PREDAZZO<\/strong>\u00a0 Prima tappa\u00a0 in ricordo di Elisa Deflorian con iscritti 330 scialpinisti (210 agonisti \u00a0e 120 amatori). Alex Oberbacher l \u2019azzurro del Team La Sportiva\u00a0 ha subito fatto il vuoto per poi andare a trionfare in 34\u201955\u201d. A 2\u201907\u201d \u00e8 arrivato Simone Manfroi (Dolomiti Advanturer), mentre \u00a0terzo a pochi secondi da Manfroi si \u00e8 piazzato \u00a0Gabriele Depaul (Asd Cauriol).\u00a0 Tra le donne prima \u00a0Giorgia Felicetti (Crazy) che ha stampato un finish time di 43\u201941\u201d. Secondo posto per la skyrunner Martina Cumerlato (Team La Sportiva) giunta a 11\u201d. Bene anche Kristel Mottin (Bela Ladinia) giunta terza in 47\u201900\u201d.<\/p>\n<p><strong>CLASSIFICHE<\/strong> <a href=\"https:\/\/www.sportdimontagna.com\/download\/skialp-11\">CLICCA QUI\u00a0<\/a><\/p>\n<p>&nbsp;<\/p>\n<p><span class=\"evidenziatov2\"><strong>Venerdi 10 febbraio:<\/strong>\u00a0<\/span>8\u2019 Moena SKI-ALP: ore 20.00 Moena-Alpe di Lusia \u2013 Val di Fassa (solo salita con partenza in linea) <span class=\"evidenziatov2\"><strong>Venerdi 24 febbraio:<\/strong>\u00a0<\/span>24\u2019 Memorial Maurizio Zagonel \u2013 3\u2019 Trofeo Aldo Giovanelli ore 19.30 San Martino di Castrozza \u2013 Val di Primiero (TN) (solo salita con partenza libera dalle 19.30 alle 20.15 all\u2019ok del cronometrista). <strong><span class=\"evidenziatov2\">Venerdi 3 marzo:<\/span><\/strong>\u00a025\u00b0 Molino Caverson ore 19.30 &#8211; Falcade \u2013 Val del Biois (BL) (solo salita con partenza libera dalle 19.30 alle 20.15 all\u2019ok del cronometrista).<\/p>\n<p>&nbsp;<\/p>\n<\/div>\n<div><\/div>\n<p>&nbsp;<\/p>\n<hr \/>\n<p><span style=\"color: #000080;\"><strong>\u00a0<\/strong><\/span><\/p>\n<p><span style=\"color: #000080;\"><strong>BASKET<\/strong><\/span><\/p>\n<blockquote>\n<h3>IERI LA TERZA TAPPA DELLA REYER SCHOOL CUP A FALCADE<\/h3>\n<\/blockquote>\n<p><strong>FALCADE<\/strong> L&#8217;Istituto Negrelli-Forcellini di Feltre vince la terza tappa della Volksbank Reyer School Cup e vola alla seconda fase. Un trionfo arrivato nell&#8217;appuntamento bellunese della manifestazione targata Umana Reyer e rivolta agli studenti di 48 istituti superiori del Veneto che, ieri mattina, ha animato per la prima volta nella storia della competizione il PalaFalcade, stesso palasport dove da alcune stagioni salgono per il ritiro estivo le due prime squadre orogranata. Il miglior marcatore \u00e8 risultato Matteo Piazza del Da Vinci con 38 punti. Il premio per la miglior comunicazione va invece al Negrelli-Forcellini. Negrelli-Forcellini\u00a0 aggiudicandosi la tappa conquista il pass playoff come seconda classificata.\u00a0 Nella sfida dei tiratori da 3, emerge Leonardo Patriarca (Negrelli-Forcellini) che va direttamente alla finalissima del 15 aprile in occasione della Final Four al Taliercio.<\/p>\n<p><strong>I RISULTATI<\/strong> Dal Piaz vs Negrelli-Forcellini: 27-43 Calvi vs Da Vinci: 12-34 Negrelli-Forcellini vs Calvi: 40-14 Da Vinci vs Dal Piaz: 18-26 Calvi vs Dal Piaz: 31-37 Negrelli-Forcellini vs Da Vinci: 17-29<\/p>\n<p><strong>CLASSIFICA<\/strong> Negrelli-Forcellini: 6 Dal Piaz: 4 Da Vinci: 2 Calvi: 0<\/p>\n<p>&nbsp;<\/p>\n<p>LE FOTO DELLE SQUADRE <span style=\"color: #0000ff;\"><strong><a style=\"color: #0000ff;\" href=\"https:\/\/schoolcup.reyer.it\/preview-tappa-3-cosmo-gruppo\/\">CLICCA QUI<\/a><\/strong><\/span><\/p>\n<p>&nbsp;<\/p>\n<p>LE FOTO DELLE SQUADRE <span style=\"color: #0000ff;\"><strong><a style=\"color: #0000ff;\" href=\"https:\/\/schoolcup.reyer.it\/preview-tappa-3-cosmo-gruppo\/\">CLICCA QUI<\/a><\/strong><\/span><\/p>\n\n\t\t\t<style type='text\/css'>\n\t\t\t\t#gallery-8 {\n\t\t\t\t\tmargin: auto;\n\t\t\t\t}\n\t\t\t\t#gallery-8 .gallery-item {\n\t\t\t\t\tfloat: left;\n\t\t\t\t\tmargin-top: 10px;\n\t\t\t\t\ttext-align: center;\n\t\t\t\t\twidth: 33%;\n\t\t\t\t}\n\t\t\t\t#gallery-8 img {\n\t\t\t\t\tborder: 2px solid #cfcfcf;\n\t\t\t\t}\n\t\t\t\t#gallery-8 .gallery-caption {\n\t\t\t\t\tmargin-left: 0;\n\t\t\t\t}\n\t\t\t\t\/* see gallery_shortcode() in wp-includes\/media.php *\/\n\t\t\t<\/style>\n\t\t<div id='gallery-8' class='dt-gallery-container gallery galleryid-320193 gallery-columns-3 gallery-size-thumbnail'><dl class='gallery-item'>\n\t\t\t\t<dt class='gallery-icon portrait'>\n\t\t\t\t\t<a class=\"rollover rollover-zoom dt-pswp-item\" title=\"c18880fc-faaf-45e1-b029-c33ca154b46c\" data-dt-img-description=\"\" data-large_image_width=\"1536\" data-large_image_height=\"2048\"href='https:\/\/www.radiopiu.net\/wordpress\/wp-content\/uploads\/2023\/02\/c18880fc-faaf-45e1-b029-c33ca154b46c.jpg'><img loading=\"lazy\" decoding=\"async\" width=\"150\" height=\"150\" src=\"https:\/\/www.radiopiu.net\/wordpress\/wp-content\/uploads\/2023\/02\/c18880fc-faaf-45e1-b029-c33ca154b46c-150x150.jpg\" class=\"attachment-thumbnail size-thumbnail\" alt=\"\" \/><\/a>\n\t\t\t\t<\/dt><\/dl><dl class='gallery-item'>\n\t\t\t\t<dt class='gallery-icon portrait'>\n\t\t\t\t\t<a class=\"rollover rollover-zoom dt-pswp-item\" title=\"12db6470-224e-4c84-9a57-18c678b34fb3\" data-dt-img-description=\"\" data-large_image_width=\"1536\" data-large_image_height=\"2048\"href='https:\/\/www.radiopiu.net\/wordpress\/wp-content\/uploads\/2023\/02\/12db6470-224e-4c84-9a57-18c678b34fb3.jpg'><img loading=\"lazy\" decoding=\"async\" width=\"150\" height=\"150\" src=\"https:\/\/www.radiopiu.net\/wordpress\/wp-content\/uploads\/2023\/02\/12db6470-224e-4c84-9a57-18c678b34fb3-150x150.jpg\" class=\"attachment-thumbnail size-thumbnail\" alt=\"\" \/><\/a>\n\t\t\t\t<\/dt><\/dl><dl class='gallery-item'>\n\t\t\t\t<dt class='gallery-icon portrait'>\n\t\t\t\t\t<a class=\"rollover rollover-zoom dt-pswp-item\" title=\"5767756d-cfc0-4199-b031-0c6de4165e83\" data-dt-img-description=\"\" data-large_image_width=\"1536\" data-large_image_height=\"2048\"href='https:\/\/www.radiopiu.net\/wordpress\/wp-content\/uploads\/2023\/02\/5767756d-cfc0-4199-b031-0c6de4165e83.jpg'><img loading=\"lazy\" decoding=\"async\" width=\"150\" height=\"150\" src=\"https:\/\/www.radiopiu.net\/wordpress\/wp-content\/uploads\/2023\/02\/5767756d-cfc0-4199-b031-0c6de4165e83-150x150.jpg\" class=\"attachment-thumbnail size-thumbnail\" alt=\"\" \/><\/a>\n\t\t\t\t<\/dt><\/dl><br style=\"clear: both\" \/><dl class='gallery-item'>\n\t\t\t\t<dt class='gallery-icon portrait'>\n\t\t\t\t\t<a class=\"rollover rollover-zoom dt-pswp-item\" title=\"09d3df23-852c-450f-9f44-1bfceaf09e55\" data-dt-img-description=\"\" data-large_image_width=\"1200\" data-large_image_height=\"1600\"href='https:\/\/www.radiopiu.net\/wordpress\/wp-content\/uploads\/2023\/02\/09d3df23-852c-450f-9f44-1bfceaf09e55.jpg'><img loading=\"lazy\" decoding=\"async\" width=\"150\" height=\"150\" src=\"https:\/\/www.radiopiu.net\/wordpress\/wp-content\/uploads\/2023\/02\/09d3df23-852c-450f-9f44-1bfceaf09e55-150x150.jpg\" class=\"attachment-thumbnail size-thumbnail\" alt=\"\" \/><\/a>\n\t\t\t\t<\/dt><\/dl><dl class='gallery-item'>\n\t\t\t\t<dt class='gallery-icon portrait'>\n\t\t\t\t\t<a class=\"rollover rollover-zoom dt-pswp-item\" title=\"4c5ef0dc-113e-4ade-aa54-15db4ad183d9\" data-dt-img-description=\"\" data-large_image_width=\"1200\" data-large_image_height=\"1600\"href='https:\/\/www.radiopiu.net\/wordpress\/wp-content\/uploads\/2023\/02\/4c5ef0dc-113e-4ade-aa54-15db4ad183d9.jpg'><img loading=\"lazy\" decoding=\"async\" width=\"150\" height=\"150\" src=\"https:\/\/www.radiopiu.net\/wordpress\/wp-content\/uploads\/2023\/02\/4c5ef0dc-113e-4ade-aa54-15db4ad183d9-150x150.jpg\" class=\"attachment-thumbnail size-thumbnail\" alt=\"\" \/><\/a>\n\t\t\t\t<\/dt><\/dl><dl class='gallery-item'>\n\t\t\t\t<dt class='gallery-icon portrait'>\n\t\t\t\t\t<a class=\"rollover rollover-zoom dt-pswp-item\" title=\"8834bd31-06ce-4a14-b246-2ddcb81ceba4\" data-dt-img-description=\"\" data-large_image_width=\"1200\" data-large_image_height=\"1600\"href='https:\/\/www.radiopiu.net\/wordpress\/wp-content\/uploads\/2023\/02\/8834bd31-06ce-4a14-b246-2ddcb81ceba4.jpg'><img loading=\"lazy\" decoding=\"async\" width=\"150\" height=\"150\" src=\"https:\/\/www.radiopiu.net\/wordpress\/wp-content\/uploads\/2023\/02\/8834bd31-06ce-4a14-b246-2ddcb81ceba4-150x150.jpg\" class=\"attachment-thumbnail size-thumbnail\" alt=\"\" \/><\/a>\n\t\t\t\t<\/dt><\/dl><br style=\"clear: both\" \/>\n\t\t\t<\/div>\n\n<p>&nbsp;<\/p>\n<p>&nbsp;<\/p>\n<hr \/>\n<p>&nbsp;<\/p>\n<p>&nbsp;<\/p>\n<p><span style=\"color: #0000ff;\"><strong>CALCIO<\/strong><\/span><\/p>\n<blockquote>\n<h3>AGORDINA A SOIS ALLA RICERCA DEI TRE PUNTI<\/h3>\n<\/blockquote>\n<p><strong><a class=\"dt-pswp-item\" href=\"https:\/\/www.radiopiu.net\/wordpress\/wp-content\/uploads\/2019\/09\/AGORDINA-CALCIO.jpeg\" data-dt-img-description=\"\" data-large_image_width=\"225\" data-large_image_height=\"225\"><img loading=\"lazy\" decoding=\"async\" class=\" wp-image-97575 alignleft\" src=\"https:\/\/www.radiopiu.net\/wordpress\/wp-content\/uploads\/2019\/09\/AGORDINA-CALCIO.jpeg\" alt=\"\" width=\"108\" height=\"108\" srcset=\"https:\/\/www.radiopiu.net\/wordpress\/wp-content\/uploads\/2019\/09\/AGORDINA-CALCIO.jpeg 225w, https:\/\/www.radiopiu.net\/wordpress\/wp-content\/uploads\/2019\/09\/AGORDINA-CALCIO-150x150.jpeg 150w\" sizes=\"auto, (max-width: 108px) 100vw, 108px\" \/><\/a>di Marco Gaz<\/strong><\/p>\n<p><strong>REDAZIONE<\/strong> Continuano i campionati regionali della LND dove sono iscritte due squadre dell&#8217;Agordina. Nel fine settimana saranno in campo gli Allievi di Orzetti e la prima squadra allenata da Lorenzi. Le partite sono in programma domani. Alle 10:30 i primi a scendere in campo sono i ragazzi della squadra giovanile che giocheranno contro il Conegliano. Gli agordini sono ancora in fondo alla classifica con un solo punto messo a segno in sedici partite. Di fronte la squadra trevigiana che milita a met\u00e0 graduatoria. Alle 14:30 in campo la prima squadra che si trover\u00e0 di fronte il Sois. Una partita importante per i ragazzi di Marco Lorenzi che saranno alla ricerca della vittoria per sorpassare i diretti avversari in classifica e quindi abbandonare la zona playout. Radio Pi\u00f9 seguir\u00e0 la partita in diretta la partita dalle 14:30 all&#8217;interno di &#8220;Domenica Pi\u00f9 Sport&#8221;.<\/p>\n<p>&nbsp;<\/p>\n<p>&nbsp;<\/p>\n<hr \/>\n<p>&nbsp;<\/p>\n<p><span style=\"color: #0000ff;\"><strong>HOCKEY SU GHIACCIO<\/strong><\/span><\/p>\n<blockquote>\n<h3>FIEMME AD ALLEGHE PER LA SESTA GIORNATA DEL QUALIFICATION ROUND IHL<\/h3>\n<\/blockquote>\n<p><strong>di Roberto Miana, portavoce dell&#8217;Alleghe Hockey<\/strong><\/p>\n<p>Sesta giornata di Qualification Round del campionato IHL 2022\/2023. Sabato 4 febbraio alle 20:30 le Civette ospitano il Valdifiemme al &#8220;De Toni&#8221; di Alleghe. Civette nuovamente protagoniste sul ghiaccio di casa dopo la sconfitta 1-4 subita contro il Como. Nel match con i lariani, dopo un primo tempo terminato a reti inviolate, in apertura di secondo periodo i biancorossi si sono portati in vantaggio con la seconda marcatura stagionale di Dan Przybyla #81 che ha illuso gli alleghesi, prima del prepotente ritorno degli ospiti in grado di ribaltare il risultato in pochi minuti, legittimandolo poi con un terzo drittel a senso unico. Prossimo avversario in riva al lago per gli agordini il Valdifiemme che, dopo due sconfitte consecutive contro Como e Bressanone, ha ritrovato la vittoria travolgendo in casa 7-3 il malcapitato Valpellice. Fiemmesi che possono vantare uno dei migliori attacchi di questa seconda fase di campionato, secondo solo al Varese capolista nel Master Round. Devastante nei trentini l\u2019apporto dei due stranieri della Repubblica Ceca Tomas Mlynar e Jaroslav Moucka, che nelle quattro gare del Qualification Round hanno messo a referto un totale di 11 reti e 13 assist, prendendo letteralmente per mano la squadra dopo l\u2019improvviso addio dei fratelli Ahlstroem, risultando al momento i top scorers assoluti di tutta la seconda fase del torneo. Dalla stagione 2015\/2016, da quando Alleghe e Valdifiemme si affrontano nel campionato di serie B di hockey su ghiaccio (IHL), le Civette hanno incrociato le stecche con i trentini 23 volte. Il bilancio \u00e8 di 7 vittorie Alleghesi e 16 Fiemmesi. L&#8217;ultima gara tra le due squadre disputata sotto al Civetta, l&#8217;8 dicembre scorso in Regular Season, ha visto il successo degli ospiti con un tennistico 6-0. Conteggiando le reti totali segnate in questa sfida l\u2019Alleghe ha messo a referto 62 reti contro 91 del Valdifiemme.<br \/>\n<strong>ALLEGHE &#8211; VALDIFIEMME, <\/strong>Sabato 4 febbraio ore 20:30, Palaghiaccio &#8220;Alvise De Toni&#8221; di Alleghe (BL). ARBITRI: Patrick Gruber e Stefano Ricco con giudici di linea Gianluca Abram e Federico Fecchio. Collegamenti in DIRETTA RADIOFONICA su Radio Pi\u00f9 (www.radiopiu.net) con \u201cHockey al punto giusto\u201d, in studio Marco Gaz e dal &#8220;De Toni&#8221; interventi di Federico Paganin<\/p>\n\n\t\t\t<style type='text\/css'>\n\t\t\t\t#gallery-9 {\n\t\t\t\t\tmargin: auto;\n\t\t\t\t}\n\t\t\t\t#gallery-9 .gallery-item {\n\t\t\t\t\tfloat: left;\n\t\t\t\t\tmargin-top: 10px;\n\t\t\t\t\ttext-align: center;\n\t\t\t\t\twidth: 25%;\n\t\t\t\t}\n\t\t\t\t#gallery-9 img {\n\t\t\t\t\tborder: 2px solid #cfcfcf;\n\t\t\t\t}\n\t\t\t\t#gallery-9 .gallery-caption {\n\t\t\t\t\tmargin-left: 0;\n\t\t\t\t}\n\t\t\t\t\/* see gallery_shortcode() in wp-includes\/media.php *\/\n\t\t\t<\/style>\n\t\t<div id='gallery-9' class='dt-gallery-container gallery galleryid-320193 gallery-columns-4 gallery-size-thumbnail'><dl class='gallery-item'>\n\t\t\t\t<dt class='gallery-icon landscape'>\n\t\t\t\t\t<a class=\"rollover rollover-zoom dt-pswp-item\" title=\"63fdf344-056a-4496-8776-5ef2407357ba\" data-dt-img-description=\"\" data-large_image_width=\"1024\" data-large_image_height=\"939\"href='https:\/\/www.radiopiu.net\/wordpress\/wp-content\/uploads\/2023\/02\/63fdf344-056a-4496-8776-5ef2407357ba.jpg'><img loading=\"lazy\" decoding=\"async\" width=\"150\" height=\"150\" src=\"https:\/\/www.radiopiu.net\/wordpress\/wp-content\/uploads\/2023\/02\/63fdf344-056a-4496-8776-5ef2407357ba-150x150.jpg\" class=\"attachment-thumbnail size-thumbnail\" alt=\"\" \/><\/a>\n\t\t\t\t<\/dt><\/dl><dl class='gallery-item'>\n\t\t\t\t<dt class='gallery-icon landscape'>\n\t\t\t\t\t<a class=\"rollover rollover-zoom dt-pswp-item\" title=\"cfebc4bd-bd63-459a-84b9-147f2beafe77\" data-dt-img-description=\"\" data-large_image_width=\"1024\" data-large_image_height=\"777\"href='https:\/\/www.radiopiu.net\/wordpress\/wp-content\/uploads\/2023\/02\/cfebc4bd-bd63-459a-84b9-147f2beafe77.jpg'><img loading=\"lazy\" decoding=\"async\" width=\"150\" height=\"150\" src=\"https:\/\/www.radiopiu.net\/wordpress\/wp-content\/uploads\/2023\/02\/cfebc4bd-bd63-459a-84b9-147f2beafe77-150x150.jpg\" class=\"attachment-thumbnail size-thumbnail\" alt=\"\" \/><\/a>\n\t\t\t\t<\/dt><\/dl><dl class='gallery-item'>\n\t\t\t\t<dt class='gallery-icon landscape'>\n\t\t\t\t\t<a class=\"rollover rollover-zoom dt-pswp-item\" title=\"f188f73f-4c0c-4485-b174-bfd8d7028846\" data-dt-img-description=\"\" data-large_image_width=\"1000\" data-large_image_height=\"943\"href='https:\/\/www.radiopiu.net\/wordpress\/wp-content\/uploads\/2023\/02\/f188f73f-4c0c-4485-b174-bfd8d7028846.jpg'><img loading=\"lazy\" decoding=\"async\" width=\"150\" height=\"150\" src=\"https:\/\/www.radiopiu.net\/wordpress\/wp-content\/uploads\/2023\/02\/f188f73f-4c0c-4485-b174-bfd8d7028846-150x150.jpg\" class=\"attachment-thumbnail size-thumbnail\" alt=\"\" \/><\/a>\n\t\t\t\t<\/dt><\/dl><dl class='gallery-item'>\n\t\t\t\t<dt class='gallery-icon landscape'>\n\t\t\t\t\t<a class=\"rollover rollover-zoom dt-pswp-item\" title=\"f9bedb73-9403-4770-a28c-6798e61fdb9b\" data-dt-img-description=\"\" data-large_image_width=\"1024\" data-large_image_height=\"709\"href='https:\/\/www.radiopiu.net\/wordpress\/wp-content\/uploads\/2023\/02\/f9bedb73-9403-4770-a28c-6798e61fdb9b.jpg'><img loading=\"lazy\" decoding=\"async\" width=\"150\" height=\"150\" src=\"https:\/\/www.radiopiu.net\/wordpress\/wp-content\/uploads\/2023\/02\/f9bedb73-9403-4770-a28c-6798e61fdb9b-150x150.jpg\" class=\"attachment-thumbnail size-thumbnail\" alt=\"\" \/><\/a>\n\t\t\t\t<\/dt><\/dl><br style=\"clear: both\" \/>\n\t\t\t<\/div>\n\n<p>&nbsp;<\/p>\n<hr \/>\n<p>&nbsp;<\/p>\n<p><span style=\"color: #0000ff;\"><strong>PALLAVOLO<\/strong><\/span><\/p>\n<blockquote>\n<h3>BOLOGNA IL PROSSIMO AVVERSARIO DELLA PALLAVOLO MASCHILE BELLUNO<\/h3>\n<\/blockquote>\n<p><strong><a class=\"dt-pswp-item\" href=\"https:\/\/www.radiopiu.net\/wordpress\/wp-content\/uploads\/2023\/02\/Duello_sotto_rete_nel_match_di_andata.jpg\" data-dt-img-description=\"\" data-large_image_width=\"1401\" data-large_image_height=\"934\"><img loading=\"lazy\" decoding=\"async\" class=\" wp-image-320197 alignleft\" src=\"https:\/\/www.radiopiu.net\/wordpress\/wp-content\/uploads\/2023\/02\/Duello_sotto_rete_nel_match_di_andata-300x200.jpg\" alt=\"\" width=\"185\" height=\"123\" srcset=\"https:\/\/www.radiopiu.net\/wordpress\/wp-content\/uploads\/2023\/02\/Duello_sotto_rete_nel_match_di_andata-300x200.jpg 300w, https:\/\/www.radiopiu.net\/wordpress\/wp-content\/uploads\/2023\/02\/Duello_sotto_rete_nel_match_di_andata-1024x683.jpg 1024w, https:\/\/www.radiopiu.net\/wordpress\/wp-content\/uploads\/2023\/02\/Duello_sotto_rete_nel_match_di_andata-768x512.jpg 768w, https:\/\/www.radiopiu.net\/wordpress\/wp-content\/uploads\/2023\/02\/Duello_sotto_rete_nel_match_di_andata.jpg 1401w\" sizes=\"auto, (max-width: 185px) 100vw, 185px\" \/><\/a><a class=\"dt-pswp-item\" href=\"https:\/\/www.radiopiu.net\/wordpress\/wp-content\/uploads\/2023\/02\/Stefano_Guolla_infortunato-scaled.jpg\" data-dt-img-description=\"\" data-large_image_width=\"1707\" data-large_image_height=\"2560\"><img loading=\"lazy\" decoding=\"async\" class=\"size-medium wp-image-320291 alignright\" src=\"https:\/\/www.radiopiu.net\/wordpress\/wp-content\/uploads\/2023\/02\/Stefano_Guolla_infortunato-200x300.jpg\" alt=\"\" width=\"200\" height=\"300\" srcset=\"https:\/\/www.radiopiu.net\/wordpress\/wp-content\/uploads\/2023\/02\/Stefano_Guolla_infortunato-200x300.jpg 200w, https:\/\/www.radiopiu.net\/wordpress\/wp-content\/uploads\/2023\/02\/Stefano_Guolla_infortunato-683x1024.jpg 683w, https:\/\/www.radiopiu.net\/wordpress\/wp-content\/uploads\/2023\/02\/Stefano_Guolla_infortunato-768x1152.jpg 768w, https:\/\/www.radiopiu.net\/wordpress\/wp-content\/uploads\/2023\/02\/Stefano_Guolla_infortunato-1024x1536.jpg 1024w, https:\/\/www.radiopiu.net\/wordpress\/wp-content\/uploads\/2023\/02\/Stefano_Guolla_infortunato-1365x2048.jpg 1365w, https:\/\/www.radiopiu.net\/wordpress\/wp-content\/uploads\/2023\/02\/Stefano_Guolla_infortunato-scaled.jpg 1707w\" sizes=\"auto, (max-width: 200px) 100vw, 200px\" \/><\/a>BELLUNO <\/strong>Non ha iniziato il 2023 nel migliore dei modi, ma la Geetit Bologna \u00e8 sempre l\u00ec: a ridosso delle zone nobili della graduatoria e a tre lunghezze dalla Pallavolo Maschile Belluno, attualmente quinta.\u00a0 Tanto \u00e8 vero che quello di domani alle 16 alla Spes Arena pu\u00f2 essere considerato a tutti gli effetti uno scontro diretto: \u00abSe prendiamo in esame le ultime quattro giornate &#8211; afferma il vice allenatore del Belluno, Roberto Malaguti, nell\u2019ormai tradizionale analisi degli avversari che affronteranno i rinoceronti &#8211; Bologna ha totalizzato cinque punti, riuscendo a vincere una sola volta contro San Giustino. Tuttavia, ha mosso la classifica in altre due occasioni: contro Savigliano, la terza forza del campionato. E Parma\u00bb.<span class=\"gmail-Apple-converted-space\">\u00a0<\/span><\/p>\n<div class=\"moz-text-html\" lang=\"x-unicode\">\n<div dir=\"ltr\">\n<div>\n<div>\n<div>\n<div>\n<p><b>Infortunio al ginocchio per Guolla: tempi di recupero da valutare.\u00a0 <\/b>\u00a0Stefano Guolla ha rimediato un infortunio al ginocchio sinistro.<span class=\"gmail-Apple-converted-space\"> \u00a0<\/span>I tempi di recupero saranno valutati dallo staff medico, in base all\u2019evoluzione del quadro clinico.<span class=\"gmail-Apple-converted-space\"> \u00a0<\/span>La speranza, comunque, \u00e8 che il giovane atleta possa tornare presto in campo per continuare a offrire il suo contributo. Come ha fatto anche domenica scorsa, in occasione della trasferta di Pavia, dove ha messo a segno un ace e dato un apporto tangibile ai rinoceronti.<span class=\"gmail-Apple-converted-space\"> \u00a0<\/span><\/p>\n<p>&nbsp;<\/p>\n<hr \/>\n<\/div>\n<\/div>\n<\/div>\n<\/div>\n<\/div>\n<\/div>\n<blockquote>\n<h3><\/h3>\n<h3>INIZIA IL GIRONE DI RITORNO PER LE LUPE<\/h3>\n<\/blockquote>\n<p><strong><a class=\"dt-pswp-item\" href=\"https:\/\/www.radiopiu.net\/wordpress\/wp-content\/uploads\/2023\/02\/Caterina_Fioretti_in_battuta.jpg\" data-dt-img-description=\"\" data-large_image_width=\"1555\" data-large_image_height=\"1037\"><img loading=\"lazy\" decoding=\"async\" class=\" wp-image-320196 alignleft\" src=\"https:\/\/www.radiopiu.net\/wordpress\/wp-content\/uploads\/2023\/02\/Caterina_Fioretti_in_battuta-300x200.jpg\" alt=\"\" width=\"191\" height=\"127\" srcset=\"https:\/\/www.radiopiu.net\/wordpress\/wp-content\/uploads\/2023\/02\/Caterina_Fioretti_in_battuta-300x200.jpg 300w, https:\/\/www.radiopiu.net\/wordpress\/wp-content\/uploads\/2023\/02\/Caterina_Fioretti_in_battuta-1024x683.jpg 1024w, https:\/\/www.radiopiu.net\/wordpress\/wp-content\/uploads\/2023\/02\/Caterina_Fioretti_in_battuta-768x512.jpg 768w, https:\/\/www.radiopiu.net\/wordpress\/wp-content\/uploads\/2023\/02\/Caterina_Fioretti_in_battuta-1536x1024.jpg 1536w, https:\/\/www.radiopiu.net\/wordpress\/wp-content\/uploads\/2023\/02\/Caterina_Fioretti_in_battuta.jpg 1555w\" sizes=\"auto, (max-width: 191px) 100vw, 191px\" \/><\/a>BELLUNO<\/strong> In fondo, \u00e8 sempre una questione di prospettive e di punti di vista. Sempre, anche nello sport. Un esempio? La graduatoria della Pallavolo femminile Belluno al termine del girone d\u2019andata: i freddi numeri dicono 3 vittorie a fronte di 7 sconfitte. E penultimo posto. Non il massimo, quindi. Ma solo se ci si ferma in superficie. Perch\u00e9, andando pi\u00f9 a fondo, si scopre che le lupe muovono la classifica da tre partite di fila, hanno ottenuto 6 degli ultimi 9 punti a disposizione e manifestato evidenti progressi sotto il profilo del gioco e dell\u2019atteggiamento. Eccole qui, le diverse prospettive. Non a caso, la squadra di coach Lorenzo Nesello, pur in una situazione ancora scomoda, guarda con fiducia alla seconda met\u00e0 di campionato. E al primo turno del girone di ritorno, in calendario oggi alle 18.30, al palasport De Mas, dove approder\u00e0 l\u2019Inglesina Altavilla<\/p>\n<p>&nbsp;<\/p>\n<hr \/>\n<p>&nbsp;<\/p>\n<p><span style=\"color: #0000ff;\"><strong>ATLETICA<\/strong><\/span><\/p>\n<blockquote>\n<h3>DA VIA&#8217; E GASPERIN AI TRICOLORI DI ANCONA<\/h3>\n<\/blockquote>\n<p><strong><a class=\"dt-pswp-item\" href=\"https:\/\/www.radiopiu.net\/wordpress\/wp-content\/uploads\/2023\/02\/Da-Via_ph.-Atleticamente.jpg\" data-dt-img-description=\"\" data-large_image_width=\"1367\" data-large_image_height=\"1090\"><img loading=\"lazy\" decoding=\"async\" class=\" wp-image-320198 alignleft\" src=\"https:\/\/www.radiopiu.net\/wordpress\/wp-content\/uploads\/2023\/02\/Da-Via_ph.-Atleticamente-300x239.jpg\" alt=\"\" width=\"159\" height=\"127\" srcset=\"https:\/\/www.radiopiu.net\/wordpress\/wp-content\/uploads\/2023\/02\/Da-Via_ph.-Atleticamente-300x239.jpg 300w, https:\/\/www.radiopiu.net\/wordpress\/wp-content\/uploads\/2023\/02\/Da-Via_ph.-Atleticamente-1024x817.jpg 1024w, https:\/\/www.radiopiu.net\/wordpress\/wp-content\/uploads\/2023\/02\/Da-Via_ph.-Atleticamente-768x612.jpg 768w, https:\/\/www.radiopiu.net\/wordpress\/wp-content\/uploads\/2023\/02\/Da-Via_ph.-Atleticamente.jpg 1367w\" sizes=\"auto, (max-width: 159px) 100vw, 159px\" \/><\/a>BORGO VALBELLUNA <\/strong>Un weekend tricolore per Francesco Da Vi\u00e0 e Nicol\u00f2 Gasperin. I due atleti del Gs La Piave 2000 sono in partenza per i Campionati Italiani Juniores e Promesse indoor, in programma oggi e domani ad Ancona. Francesco Da Vi\u00e0 garegger\u00e0 nei 3000 metri promesse, andando in cerca di conferme dopo l\u2019ottimo inizio di stagione che l\u2019ha visto alternare gare in pista e cross. Il 14 gennaio a Padova ha portato il personale sulla distanza a 8\u201932\u201d84 e il fine settimana successivo \u00e8 andato a vincere la gara assoluta del cross Citt\u00e0 della Vittoria che a Vittorio Veneto ha inaugurato la stagione regionale sui prati. L\u2019anno scorso ad Ancona era giunto nono, ma il salto di qualit\u00e0 mostrato in questo primo scorcio di 2023 lo candida ad un risultato di prestigio anche in ambito tricolore. Nicol\u00f2 Gasperin sar\u00e0 al via negli 800 juniores. Sabato scorso, ad Ancona, ha abbassato il record personale indoor a 1\u201958\u201d67, dopo che nel 2022 aveva gi\u00e0 corso all\u2019aperto in 1\u201956\u201d94. E\u2019 la sua prima rassegna tricolore da juniores, categoria in cui \u00e8 entrato quest\u2019anno, e cercher\u00e0 di cogliere l\u2019occasione per centrare un ulteriore miglioramento.<\/p>\n<p>&nbsp;<\/p>\n<\/div>\n","protected":false},"excerpt":{"rendered":"<p>OGGI VENTO&#8230; ultim&#8217;ora, 06.30. PER CADUTA ALBERI CHIUSO PASSO DURAN\u00a0 Aggiornamento del 04\/02\/2023 ore 08 15 Aggiornamento del 04\/02\/2023 ore 06:30. Si comunica la chiusura del seguente tratto stradale per presenza di alberi caduti sul pianoviabile a seguito di vento forte: &#8211; S.P. 347 \u201cdel Passo Duran e Passo Cereda\u201d dalla progressiva km 36+000 (localit\u00e0&hellip;<\/p>\n","protected":false},"author":4,"featured_media":320334,"comment_status":"closed","ping_status":"closed","sticky":false,"template":"","format":"standard","meta":{"_monsterinsights_skip_tracking":false,"_monsterinsights_sitenote_active":false,"_monsterinsights_sitenote_note":"","_monsterinsights_sitenote_category":0,"footnotes":""},"categories":[51,86,49],"tags":[],"class_list":["post-320193","post","type-post","status-publish","format-standard","has-post-thumbnail","hentry","category-evidenza-top","category-gr","category-news-18","category-51","category-86","category-49","description-off"],"img_url":"https:\/\/www.radiopiu.net\/wordpress\/wp-content\/uploads\/2023\/02\/Watermark_20230203_183119_205.jpg","_links":{"self":[{"href":"https:\/\/www.radiopiu.net\/wordpress\/wp-json\/wp\/v2\/posts\/320193","targetHints":{"allow":["GET"]}}],"collection":[{"href":"https:\/\/www.radiopiu.net\/wordpress\/wp-json\/wp\/v2\/posts"}],"about":[{"href":"https:\/\/www.radiopiu.net\/wordpress\/wp-json\/wp\/v2\/types\/post"}],"author":[{"embeddable":true,"href":"https:\/\/www.radiopiu.net\/wordpress\/wp-json\/wp\/v2\/users\/4"}],"replies":[{"embeddable":true,"href":"https:\/\/www.radiopiu.net\/wordpress\/wp-json\/wp\/v2\/comments?post=320193"}],"version-history":[{"count":0,"href":"https:\/\/www.radiopiu.net\/wordpress\/wp-json\/wp\/v2\/posts\/320193\/revisions"}],"wp:featuredmedia":[{"embeddable":true,"href":"https:\/\/www.radiopiu.net\/wordpress\/wp-json\/wp\/v2\/media\/320334"}],"wp:attachment":[{"href":"https:\/\/www.radiopiu.net\/wordpress\/wp-json\/wp\/v2\/media?parent=320193"}],"wp:term":[{"taxonomy":"category","embeddable":true,"href":"https:\/\/www.radiopiu.net\/wordpress\/wp-json\/wp\/v2\/categories?post=320193"},{"taxonomy":"post_tag","embeddable":true,"href":"https:\/\/www.radiopiu.net\/wordpress\/wp-json\/wp\/v2\/tags?post=320193"}],"curies":[{"name":"wp","href":"https:\/\/api.w.org\/{rel}","templated":true}]}}