{"id":320195,"date":"2023-02-03T23:59:30","date_gmt":"2023-02-03T22:59:30","guid":{"rendered":"https:\/\/www.radiopiu.net\/wordpress\/?p=320195"},"modified":"2023-02-03T10:05:41","modified_gmt":"2023-02-03T09:05:41","slug":"agordina-a-sois-alla-ricerca-dei-tre-punti","status":"publish","type":"post","link":"https:\/\/www.radiopiu.net\/wordpress\/agordina-a-sois-alla-ricerca-dei-tre-punti\/","title":{"rendered":"AGORDINA A SOIS ALLA RICERCA DEI TRE PUNTI"},"content":{"rendered":"<p><strong><a class=\"dt-pswp-item\" href=\"https:\/\/www.radiopiu.net\/wordpress\/wp-content\/uploads\/2019\/09\/AGORDINA-CALCIO.jpeg\" data-dt-img-description=\"\" data-large_image_width=\"225\" data-large_image_height=\"225\"><img loading=\"lazy\" decoding=\"async\" class=\" wp-image-97575 alignleft\" src=\"https:\/\/www.radiopiu.net\/wordpress\/wp-content\/uploads\/2019\/09\/AGORDINA-CALCIO.jpeg\" alt=\"\" width=\"108\" height=\"108\" srcset=\"https:\/\/www.radiopiu.net\/wordpress\/wp-content\/uploads\/2019\/09\/AGORDINA-CALCIO.jpeg 225w, https:\/\/www.radiopiu.net\/wordpress\/wp-content\/uploads\/2019\/09\/AGORDINA-CALCIO-150x150.jpeg 150w\" sizes=\"auto, (max-width: 108px) 100vw, 108px\" \/><\/a>di Marco Gaz<\/strong><\/p>\n<p><strong>REDAZIONE<\/strong> Continuano i campionati regionali della LND dove sono iscritte due squadre dell&#8217;Agordina. Nel fine settimana saranno in campo gli Allievi di Orzetti e la prima squadra allenata da Lorenzi. Le partite sono in programma domani. Alle 10:30 i primi a scendere in campo sono i ragazzi della squadra giovanile che giocheranno contro il Conegliano. Gli agordini sono ancora in fondo alla classifica con un solo punto messo a segno in sedici partite. Di fronte la squadra trevigiana che milita a met\u00e0 graduatoria. Alle 14:30 in campo la prima squadra che si trover\u00e0 di fronte il Sois. Una partita importante per i ragazzi di Marco Lorenzi che saranno alla ricerca della vittoria per sorpassare i diretti avversari in classifica e quindi abbandonare la zona playout. Radio Pi\u00f9 seguir\u00e0 la partita in diretta la partita dalle 14:30 all&#8217;interno di &#8220;Domenica Pi\u00f9 Sport&#8221;.<\/p>\n<p>&nbsp;<\/p>\n<p>&nbsp;<\/p>\n<p>****<\/p>\n","protected":false},"excerpt":{"rendered":"<p>di Marco Gaz REDAZIONE Continuano i campionati regionali della LND dove sono iscritte due squadre dell&#8217;Agordina. Nel fine settimana saranno in campo gli Allievi di Orzetti e la prima squadra allenata da Lorenzi. Le partite sono in programma domani. Alle 10:30 i primi a scendere in campo sono i ragazzi della squadra giovanile che giocheranno&hellip;<\/p>\n","protected":false},"author":4,"featured_media":135669,"comment_status":"closed","ping_status":"closed","sticky":false,"template":"","format":"standard","meta":{"_monsterinsights_skip_tracking":false,"_monsterinsights_sitenote_active":false,"_monsterinsights_sitenote_note":"","_monsterinsights_sitenote_category":0,"footnotes":""},"categories":[49],"tags":[],"class_list":["post-320195","post","type-post","status-publish","format-standard","has-post-thumbnail","hentry","category-news-18","category-49","description-off"],"img_url":"https:\/\/www.radiopiu.net\/wordpress\/wp-content\/uploads\/2020\/05\/CALCIO-2020.jpg","_links":{"self":[{"href":"https:\/\/www.radiopiu.net\/wordpress\/wp-json\/wp\/v2\/posts\/320195","targetHints":{"allow":["GET"]}}],"collection":[{"href":"https:\/\/www.radiopiu.net\/wordpress\/wp-json\/wp\/v2\/posts"}],"about":[{"href":"https:\/\/www.radiopiu.net\/wordpress\/wp-json\/wp\/v2\/types\/post"}],"author":[{"embeddable":true,"href":"https:\/\/www.radiopiu.net\/wordpress\/wp-json\/wp\/v2\/users\/4"}],"replies":[{"embeddable":true,"href":"https:\/\/www.radiopiu.net\/wordpress\/wp-json\/wp\/v2\/comments?post=320195"}],"version-history":[{"count":0,"href":"https:\/\/www.radiopiu.net\/wordpress\/wp-json\/wp\/v2\/posts\/320195\/revisions"}],"wp:featuredmedia":[{"embeddable":true,"href":"https:\/\/www.radiopiu.net\/wordpress\/wp-json\/wp\/v2\/media\/135669"}],"wp:attachment":[{"href":"https:\/\/www.radiopiu.net\/wordpress\/wp-json\/wp\/v2\/media?parent=320195"}],"wp:term":[{"taxonomy":"category","embeddable":true,"href":"https:\/\/www.radiopiu.net\/wordpress\/wp-json\/wp\/v2\/categories?post=320195"},{"taxonomy":"post_tag","embeddable":true,"href":"https:\/\/www.radiopiu.net\/wordpress\/wp-json\/wp\/v2\/tags?post=320195"}],"curies":[{"name":"wp","href":"https:\/\/api.w.org\/{rel}","templated":true}]}}