{"id":320308,"date":"2023-02-05T23:55:23","date_gmt":"2023-02-05T22:55:23","guid":{"rendered":"https:\/\/www.radiopiu.net\/wordpress\/?p=320308"},"modified":"2023-02-06T05:22:18","modified_gmt":"2023-02-06T04:22:18","slug":"il-gran-ballo-di-san-valentino-sabato-11-al-nof-filo-di-cencenighe","status":"publish","type":"post","link":"https:\/\/www.radiopiu.net\/wordpress\/il-gran-ballo-di-san-valentino-sabato-11-al-nof-filo-di-cencenighe\/","title":{"rendered":"IL GRAN BALLO DI SAN VALENTINO, SABATO 11 AL NOF FILO&#8217; DI CENCENIGHE"},"content":{"rendered":"<blockquote><p><em>La serata danzante \u00e8 aperta a tutti con ingresso a 10 \u20ac e sar\u00e0 allietata dalla musica dell\u2019orchestra Alfio e Rino live show. Durante la serata si potranno degustare i tradizionali carfogn e la novit\u00e0 del gelato artigianale alla vaniglia e papavero preparato dai nostri maestri gelatai, simbolo dell\u2019emigrazione agordina che ha esportato all\u2019estero i saperi e l\u2019imprenditorialit\u00e0 bellunese, portando alto il nome delle gelaterie agordine in Germania.<\/em><\/p><\/blockquote>\n<p><strong><img decoding=\"async\" class=\"alignleft\" src=\"https:\/\/www.radiopiu.net\/wordpress\/wp-content\/uploads\/2023\/02\/Senza-nome-9.jpg\" \/>CENCENIGHE<\/strong> Durante l\u2019autunno 2022 la famiglia Agordina ex emigranti ha rinnovato il consiglio direttivo con l\u2018ingresso di nuovi volontari e un nuovo presidente dando continuit\u00e0 all\u2019attivit\u00e0 dell\u2019associazione attiva in Agordino dal 1991. Sabato 11 febbraio 2023 dalle\u00a0 21\u00a0 al Nof Fil\u00f2 di Cencenighe verr\u00e0 riproposto lo storico appuntamento dell\u2019associazione ex emigranti Agordino con il tradizionale ballo di San Valentino.<br \/>\nIn questa occasione saranno ricordati e premiati i soci fondatori, che 32 anni fa hanno creduto nell\u2019unione tra gli ex emigranti: Marcella Avoscan Rossi (San Tomaso Agordino), Bruno Zanella (Canale d\u2019Agordo), Edilio Colardi (Rivamonte Agordino), Nella Piccolin (Falcade), Luca De Toffol Macutan (Cencenighe), Irma Menin Tibolla (Rivamonte Agordino), Giuseppina Tonin (Rivamonte Agordino), Paolo Avoscan (San Tomaso Agordino), Bruno De Toffol (San Tomaso Agordino), Claudio Lazzaris (Caviola), Alcide Zas Frizz (La Valle Agordina), Alessandro Fontanive (Frassen\u00e8), Davide Benvegn\u00f9 (Agordo), Aldo De Biasio (Rocca Pietore), Virgilio De Biasio (Alleghe). Sar\u00e0 l\u2019occasione per i componenti del nuovo consiglio direttivo di ringraziare tutti i soci che per tanti anni hanno supportato l\u2019associazione e per ricordare il tesseramento 2023. Un ringraziamento particolare andr\u00e0 alla presidente uscente, Lucia Macutan. Il consiglio direttivo in carica dal 2022 \u00e8 formato da: \u2981 Luca\u00a0 Luchetta \u2013 presidente \u2981 Daniele Scola \u2013 vice presidente \u2981 Danilo De Zaiacomo \u2013 vice presidente \u2981 Vally Levrini\u00a0 &#8211; segretaria \u2981\u00a0 Loris Soppelsa\u00a0 \u2981\u00a0 Silvio De Pr\u00e0 \u2981\u00a0 Walter Ongaro\u00a0 \u2981 Antonella Schena \u2981 Virgilio De Biasio<\/p>\n<p>&nbsp;<\/p>\n<hr \/>\n<p>&nbsp;<\/p>\n","protected":false},"excerpt":{"rendered":"<p>La serata danzante \u00e8 aperta a tutti con ingresso a 10 \u20ac e sar\u00e0 allietata dalla musica dell\u2019orchestra Alfio e Rino live show. Durante la serata si potranno degustare i tradizionali carfogn e la novit\u00e0 del gelato artigianale alla vaniglia e papavero preparato dai nostri maestri gelatai, simbolo dell\u2019emigrazione agordina che ha esportato all\u2019estero i&hellip;<\/p>\n","protected":false},"author":4,"featured_media":320309,"comment_status":"closed","ping_status":"closed","sticky":false,"template":"","format":"standard","meta":{"_monsterinsights_skip_tracking":false,"_monsterinsights_sitenote_active":false,"_monsterinsights_sitenote_note":"","_monsterinsights_sitenote_category":0,"footnotes":""},"categories":[104,49],"tags":[],"class_list":["post-320308","post","type-post","status-publish","format-standard","has-post-thumbnail","hentry","category-evidenza_3","category-news-18","category-104","category-49","description-off"],"img_url":"https:\/\/www.radiopiu.net\/wordpress\/wp-content\/uploads\/2023\/02\/Senza-nome-9.jpg","_links":{"self":[{"href":"https:\/\/www.radiopiu.net\/wordpress\/wp-json\/wp\/v2\/posts\/320308","targetHints":{"allow":["GET"]}}],"collection":[{"href":"https:\/\/www.radiopiu.net\/wordpress\/wp-json\/wp\/v2\/posts"}],"about":[{"href":"https:\/\/www.radiopiu.net\/wordpress\/wp-json\/wp\/v2\/types\/post"}],"author":[{"embeddable":true,"href":"https:\/\/www.radiopiu.net\/wordpress\/wp-json\/wp\/v2\/users\/4"}],"replies":[{"embeddable":true,"href":"https:\/\/www.radiopiu.net\/wordpress\/wp-json\/wp\/v2\/comments?post=320308"}],"version-history":[{"count":0,"href":"https:\/\/www.radiopiu.net\/wordpress\/wp-json\/wp\/v2\/posts\/320308\/revisions"}],"wp:featuredmedia":[{"embeddable":true,"href":"https:\/\/www.radiopiu.net\/wordpress\/wp-json\/wp\/v2\/media\/320309"}],"wp:attachment":[{"href":"https:\/\/www.radiopiu.net\/wordpress\/wp-json\/wp\/v2\/media?parent=320308"}],"wp:term":[{"taxonomy":"category","embeddable":true,"href":"https:\/\/www.radiopiu.net\/wordpress\/wp-json\/wp\/v2\/categories?post=320308"},{"taxonomy":"post_tag","embeddable":true,"href":"https:\/\/www.radiopiu.net\/wordpress\/wp-json\/wp\/v2\/tags?post=320308"}],"curies":[{"name":"wp","href":"https:\/\/api.w.org\/{rel}","templated":true}]}}