{"id":320340,"date":"2023-02-04T05:38:05","date_gmt":"2023-02-04T04:38:05","guid":{"rendered":"https:\/\/www.radiopiu.net\/wordpress\/?p=320340"},"modified":"2023-02-04T11:56:17","modified_gmt":"2023-02-04T10:56:17","slug":"rocca-pietore-chiude-il-plesso-delle-elementari-la-materna-di-sottoguda-regge-lurto-del-calo-demografico","status":"publish","type":"post","link":"https:\/\/www.radiopiu.net\/wordpress\/rocca-pietore-chiude-il-plesso-delle-elementari-la-materna-di-sottoguda-regge-lurto-del-calo-demografico\/","title":{"rendered":"ROCCA PIETORE, CHIUDE IL PLESSO DELLE ELEMENTARI, LA MATERNA DI SOTTOGUDA REGGE L&#8217;URTO DEL CALO DEMOGRAFICO"},"content":{"rendered":"<h2>i nati nei 5 Comuni dell&#8217;Alto Cordevole dal 2017 al 2022<\/h2>\n<p><a class=\"dt-pswp-item\" href=\"https:\/\/www.radiopiu.net\/wordpress\/wp-content\/uploads\/2023\/02\/f9f08297-05ba-4c61-8407-527b64cec950.jpg\" data-dt-img-description=\"\" data-large_image_width=\"1563\" data-large_image_height=\"325\"><img loading=\"lazy\" decoding=\"async\" class=\"alignnone wp-image-320347 size-full\" src=\"https:\/\/www.radiopiu.net\/wordpress\/wp-content\/uploads\/2023\/02\/f9f08297-05ba-4c61-8407-527b64cec950.jpg\" alt=\"\" width=\"1563\" height=\"325\" srcset=\"https:\/\/www.radiopiu.net\/wordpress\/wp-content\/uploads\/2023\/02\/f9f08297-05ba-4c61-8407-527b64cec950.jpg 1563w, https:\/\/www.radiopiu.net\/wordpress\/wp-content\/uploads\/2023\/02\/f9f08297-05ba-4c61-8407-527b64cec950-300x62.jpg 300w, https:\/\/www.radiopiu.net\/wordpress\/wp-content\/uploads\/2023\/02\/f9f08297-05ba-4c61-8407-527b64cec950-1024x213.jpg 1024w, https:\/\/www.radiopiu.net\/wordpress\/wp-content\/uploads\/2023\/02\/f9f08297-05ba-4c61-8407-527b64cec950-768x160.jpg 768w, https:\/\/www.radiopiu.net\/wordpress\/wp-content\/uploads\/2023\/02\/f9f08297-05ba-4c61-8407-527b64cec950-1536x319.jpg 1536w\" sizes=\"auto, (max-width: 1563px) 100vw, 1563px\" \/><\/a><\/p>\n<p>&nbsp;<\/p>\n<p><strong>REDAZIONE<\/strong>\u00a0 Apertura del <strong>RADIOGIORNALE PRINCIPALE<\/strong> da quarant&#8217;anni in onda alle 12.30, dedicata alle scuole di Rocca Pietore, da settembre ex scuole, perch\u00e9 i numeri la condannano. Nonostante negli ultimi\u00a0 sei anni siano nati 46 bambini (40 ad Alleghe, 51 a Livinallongo) lo spopolamento s&#8217;impone ad ogni battaglia. Ma ci sono colpe e colpe, da una parte l&#8217;andamento demografico, dall&#8217;altra le scelte di iscrivere comunque i propri figli in altri plessi scolastici. Ne abbiamo parlato con il sindaco, Andrea De Bernardin<\/p>\n<audio class=\"wp-audio-shortcode\" id=\"audio-320340-1\" preload=\"none\" style=\"width: 100%;\" controls=\"controls\"><source type=\"audio\/mpeg\" src=\"https:\/\/www.radiopiu.net\/wordpress\/wp-content\/uploads\/2023\/02\/ANDREA-DE.mp3?_=1\" \/><a href=\"https:\/\/www.radiopiu.net\/wordpress\/wp-content\/uploads\/2023\/02\/ANDREA-DE.mp3\">https:\/\/www.radiopiu.net\/wordpress\/wp-content\/uploads\/2023\/02\/ANDREA-DE.mp3<\/a><\/audio>\n<p>&nbsp;<\/p>\n<blockquote>\n<h3>ALCUNI COMMENTI DALLA PAGINA FACEBOOK\u00a0 \u00a0&#8220;RADIO PIU EMITTENTE AGORDINA&#8221; (gruppo).<\/h3>\n<\/blockquote>\n<div class=\"x1n2onr6\">\n<div class=\"x1n2onr6 x1iorvi4 x4uap5 x18d9i69 x1swvt13 x78zum5 x1q0g3np x1a2a7pz\" tabindex=\"-1\" role=\"article\" aria-label=\"Commento di Marco de Pra 2 ore fa\">\n<div class=\"x1r8uery x1iyjqo2 x6ikm8r x10wlt62 x1pi30zi\">\n<div>\n<div class=\"x1rg5ohu xv55zj0 x1vvkbs xxymvpz\">\n<div class=\"x3nfvp2 x1n2onr6 xxymvpz xh8yej3\">\n<div class=\"xdl72j9 x1iyjqo2 xs83m0k xeuugli xh8yej3\">\n<div class=\"x1tlxs6b x1g8br2z x1gn5b1j x230xth x9f619 xzsf02u x1rg5ohu xdj266r x11i5rnm xat24cr x1mh8g0r x193iq5w x1mzt3pk x1n2onr6 xeaf4i8 x13faqbe xmjcpbm\">\n<div class=\"x1y1aw1k xn6708d xwib8y2 x1ye3gou\">\n<div class=\"x1lliihq xjkvuk6 x1iorvi4\"><\/div>\n<\/div>\n<\/div>\n<\/div>\n<\/div>\n<\/div>\n<div class=\"x1rg5ohu xxymvpz x17z2i9w\">\n<div class=\"x1hy63sm xhva3ql xg01cxk\" aria-hidden=\"false\">\n<div class=\"x1i10hfl x1qjc9v5 xjqpnuy xa49m3k xqeqjp1 x2hbi6w x9f619 x1ypdohk xdl72j9 x2lah0s xe8uvvx x2lwn1j xeuugli x16tdsg8 x1hl2dhg xggy1nq x1ja2u2z x1t137rt x1o1ewxj x3x9cwd x1e5q0jg x13rtm0m x1q0g3np x87ps6o x1lku1pv x1a2a7pz xjyslct xjbqb8w x13fuv20 xu3j5b3 x1q0q8m5 x26u7qi x972fbf xcfux6l x1qhh985 xm0m39n x3nfvp2 xdj266r x11i5rnm xat24cr x1mh8g0r xexx8yu x4uap5 x18d9i69 xkhd6sd x1n2onr6 x3ajldb x194ut8o x1vzenxt xd7ygy7 xt298gk x1xhcax0 x1s928wv x10pfhc2 x1j6awrg x1v53gu8 x1tfg27r xitxdhh\" tabindex=\"0\" role=\"button\" aria-expanded=\"false\" aria-haspopup=\"menu\" aria-label=\"Nascondi\"><i class=\"x1b0d499 x1d69dk1\" data-visualcompletion=\"css-img\"><\/i><\/p>\n<div class=\"x1ey2m1c xds687c xg01cxk x47corl x10l6tqk x17qophe x13vifvy x1ebt8du x19991ni x1dhq9h x14yjl9h xudhj91 x18nykt9 xww2gxu\" data-visualcompletion=\"ignore\"><a class=\"x1i10hfl xjbqb8w x6umtig x1b1mbwd xaqea5y xav7gou x9f619 x1ypdohk xt0psk2 xe8uvvx xdj266r x11i5rnm xat24cr x1mh8g0r xexx8yu x4uap5 x18d9i69 xkhd6sd x16tdsg8 x1hl2dhg xggy1nq x1a2a7pz x1heor9g xt0b8zv\" tabindex=\"0\" role=\"link\" href=\"https:\/\/www.facebook.com\/groups\/61488111720\/user\/100000398184096\/?__cft__[0]=AZWqe34ECW7F86qv25MuEWy7Q4LK3pvHMCRXl00pT3ZQCKyY9croDy2Gr28nL9NaYMdzswOh82ObJ6iuj6-jBtEijyvVWbupxGPxQ2y7bgzc3o4CLjU0t8ck11DqIBHKrn4NLjmVdSbr1miiChfPKf0p7Ez42W4qjxw7CIip3PT4XqBj_jFJJE0zs7m2T2jf02w&amp;__tn__=R]-R\" aria-hidden=\"false\"><span class=\"x3nfvp2\"><span class=\"x193iq5w xeuugli x13faqbe x1vvkbs x1xmvt09 x1lliihq x1s928wv xhkezso x1gmr53x x1cpjm7i x1fgarty x1943h6x x4zkp8e x676frb x1nxh6w3 x1sibtaa x1s688f xzsf02u\" dir=\"auto\">Simone Fontanive<\/span><\/span><\/a><\/div>\n<\/div>\n<\/div>\n<\/div>\n<\/div>\n<\/div>\n<\/div>\n<div class=\"x1n2onr6\">\n<div class=\"x1n2onr6 x1iorvi4 x4uap5 x18d9i69 x1swvt13 x78zum5 x1q0g3np x1a2a7pz\" tabindex=\"-1\" role=\"article\" aria-label=\"Commento di Simone Fontanive 2 ore fa\">\n<div class=\"x1r8uery x1iyjqo2 x6ikm8r x10wlt62 x1pi30zi\">\n<div class=\"x1rg5ohu xv55zj0 x1vvkbs xxymvpz\">\n<div class=\"x3nfvp2 x1n2onr6 xxymvpz xh8yej3\">\n<div class=\"xdl72j9 x1iyjqo2 xs83m0k xeuugli xh8yej3\">\n<div class=\"x1tlxs6b x1g8br2z x1gn5b1j x230xth x9f619 xzsf02u x1rg5ohu xdj266r x11i5rnm xat24cr x1mh8g0r x193iq5w x1mzt3pk x1n2onr6 xeaf4i8 x13faqbe xmjcpbm\">\n<div class=\"x1y1aw1k xn6708d xwib8y2 x1ye3gou\">\n<div class=\"x1lliihq xjkvuk6 x1iorvi4\">\n<div class=\"x11i5rnm xat24cr x1mh8g0r x1vvkbs xdj266r\">\n<div dir=\"auto\">Un gran peccato, ci lavoro da due anni e posso affermare che una scuola come Rocca da un\u2019offerta formativa ad hoc un Servizio di dopo scuola e mensa gratuiti, ha insegnati d\u2019oro le quali si prestano ad ampliare la didattica anche con uscite formative sul territorio in collaborazione con le associazioni sempre pronte, insomma da l\u2019esempio di una piccola scuola di montagna efficiente ! Mi Rimarr\u00e0 un\u2019esperienza bellissima da portare nel cuore!<\/div>\n<\/div>\n<\/div>\n<\/div>\n<\/div>\n<\/div>\n<\/div>\n<\/div>\n<\/div>\n<\/div>\n<\/div>\n<div class=\"x1n2onr6\">\n<div class=\"x1n2onr6 x1iorvi4 x4uap5 x18d9i69 x1swvt13 x78zum5 x1q0g3np x1a2a7pz\" tabindex=\"-1\" role=\"article\" aria-label=\"Commento di Valeria Nicolao 2 ore fa\">\n<div class=\"x1r8uery x1iyjqo2 x6ikm8r x10wlt62 x1pi30zi\">\n<div class=\"x1rg5ohu xv55zj0 x1vvkbs xxymvpz\">\n<div class=\"x3nfvp2 x1n2onr6 xxymvpz xh8yej3\">\n<div class=\"xdl72j9 x1iyjqo2 xs83m0k xeuugli xh8yej3\">\n<div class=\"x1tlxs6b x1g8br2z x1gn5b1j x230xth x9f619 xzsf02u x1rg5ohu xdj266r x11i5rnm xat24cr x1mh8g0r x193iq5w x1mzt3pk x1n2onr6 xeaf4i8 x13faqbe xmjcpbm\">\n<div class=\"x1y1aw1k xn6708d xwib8y2 x1ye3gou\"><span class=\"\"><span class=\"xt0psk2\"><a class=\"x1i10hfl xjbqb8w x6umtig x1b1mbwd xaqea5y xav7gou x9f619 x1ypdohk xt0psk2 xe8uvvx xdj266r x11i5rnm xat24cr x1mh8g0r xexx8yu x4uap5 x18d9i69 xkhd6sd x16tdsg8 x1hl2dhg xggy1nq x1a2a7pz x1heor9g xt0b8zv\" tabindex=\"0\" role=\"link\" href=\"https:\/\/www.facebook.com\/groups\/61488111720\/user\/1445876197\/?__cft__[0]=AZWqe34ECW7F86qv25MuEWy7Q4LK3pvHMCRXl00pT3ZQCKyY9croDy2Gr28nL9NaYMdzswOh82ObJ6iuj6-jBtEijyvVWbupxGPxQ2y7bgzc3o4CLjU0t8ck11DqIBHKrn4NLjmVdSbr1miiChfPKf0p7Ez42W4qjxw7CIip3PT4XqBj_jFJJE0zs7m2T2jf02w&amp;__tn__=R]-R\" aria-hidden=\"false\"><span class=\"x3nfvp2\"><span class=\"x193iq5w xeuugli x13faqbe x1vvkbs x1xmvt09 x1lliihq x1s928wv xhkezso x1gmr53x x1cpjm7i x1fgarty x1943h6x x4zkp8e x676frb x1nxh6w3 x1sibtaa x1s688f xzsf02u\" dir=\"auto\">Valeria Nicolao<\/span><\/span><\/a><\/span><\/span><\/p>\n<div class=\"x1lliihq xjkvuk6 x1iorvi4\">\n<div class=\"x11i5rnm xat24cr x1mh8g0r x1vvkbs xdj266r\">\n<div dir=\"auto\">Una scuola di montagna che chiude \u00e8 una scuola che non riaprir\u00e0 probabilmente mai pi\u00f9, \u00e8 una ricchezza che se ne va. \u00c8 un peccato, soprattutto perch\u00e9 i numeri delle nascite negli ultimi anni facevano ben sperare.<\/div>\n<\/div>\n<\/div>\n<\/div>\n<\/div>\n<\/div>\n<\/div>\n<\/div>\n<\/div>\n<\/div>\n<\/div>\n<div class=\"x1n2onr6\">\n<div class=\"x1n2onr6 x1iorvi4 x4uap5 x18d9i69 x1swvt13 x78zum5 x1q0g3np x1a2a7pz\" tabindex=\"-1\" role=\"article\" aria-label=\"Commento di Danilo Fersuoch 2 ore fa\">\n<div class=\"x1r8uery x1iyjqo2 x6ikm8r x10wlt62 x1pi30zi\">\n<div>\n<div class=\"x1rg5ohu xv55zj0 x1vvkbs xxymvpz\">\n<div class=\"x3nfvp2 x1n2onr6 xxymvpz xh8yej3\">\n<div class=\"xdl72j9 x1iyjqo2 xs83m0k xeuugli xh8yej3\">\n<div class=\"x1tlxs6b x1g8br2z x1gn5b1j x230xth x9f619 xzsf02u x1rg5ohu xdj266r x11i5rnm xat24cr x1mh8g0r x193iq5w x1mzt3pk x1n2onr6 xeaf4i8 x13faqbe xmjcpbm\">\n<div class=\"x1y1aw1k xn6708d xwib8y2 x1ye3gou\"><span class=\"\"><span class=\"xt0psk2\"><a class=\"x1i10hfl xjbqb8w x6umtig x1b1mbwd xaqea5y xav7gou x9f619 x1ypdohk xt0psk2 xe8uvvx xdj266r x11i5rnm xat24cr x1mh8g0r xexx8yu x4uap5 x18d9i69 xkhd6sd x16tdsg8 x1hl2dhg xggy1nq x1a2a7pz x1heor9g xt0b8zv\" tabindex=\"0\" role=\"link\" href=\"https:\/\/www.facebook.com\/groups\/61488111720\/user\/100002175813783\/?__cft__[0]=AZWqe34ECW7F86qv25MuEWy7Q4LK3pvHMCRXl00pT3ZQCKyY9croDy2Gr28nL9NaYMdzswOh82ObJ6iuj6-jBtEijyvVWbupxGPxQ2y7bgzc3o4CLjU0t8ck11DqIBHKrn4NLjmVdSbr1miiChfPKf0p7Ez42W4qjxw7CIip3PT4XqBj_jFJJE0zs7m2T2jf02w&amp;__tn__=R]-R\" aria-hidden=\"false\"><span class=\"x3nfvp2\"><span class=\"x193iq5w xeuugli x13faqbe x1vvkbs x1xmvt09 x1lliihq x1s928wv xhkezso x1gmr53x x1cpjm7i x1fgarty x1943h6x x4zkp8e x676frb x1nxh6w3 x1sibtaa x1s688f xzsf02u\" dir=\"auto\">Danilo Fersuoch<\/span><\/span><\/a><\/span><\/span><\/p>\n<div class=\"x1lliihq xjkvuk6 x1iorvi4\">\n<div class=\"x11i5rnm xat24cr x1mh8g0r x1vvkbs xdj266r\">\n<div dir=\"auto\">La vera ed unica responsabilit\u00e0 della chiusura della scuola di Rocca \u00e8 unicamente in quei genitori che in questi anni hanno iscritto i propri figli ad Alleghe pensando che l&#8217;erba del vicino fosse sempre pi\u00f9 verde, ma non \u00e8 cos\u00ec e parlo per esperienza avendo tre figli. La scuola di Rocca con il suo doposcuola istituito a spese del Comune con molte attivit\u00e0 \u00e8 una bellissima realt\u00e0. Purtroppo non sar\u00e0 pi\u00f9 cos\u00ec. Per Rocca \u00e8 una gravissima perdita. Se tutti i bambini del Comune ( posso al limite capire quelli di Masar\u00e8 che hanno la scuola di Alleghe vicinissima) avessero iscritto i propri figli a Rocca, la scuola avrebbe continuato a vivere senza problemi invece hanno vinto certe scelte ottuse di alcuni genitori. Inutile girarci tanto intorno la realt\u00e0 e questa! Un vero grande peccato ed impoverimento per Rocca<\/div>\n<\/div>\n<\/div>\n<\/div>\n<\/div>\n<\/div>\n<\/div>\n<\/div>\n<\/div>\n<\/div>\n<\/div>\n<\/div>\n<div class=\"x1n2onr6\">\n<div class=\"x1n2onr6 x1iorvi4 x4uap5 x18d9i69 x1swvt13 x78zum5 x1q0g3np x1a2a7pz\" tabindex=\"-1\" role=\"article\" aria-label=\"Commento di Mirko Crepaz circa un'ora fa\">\n<div class=\"x1r8uery x1iyjqo2 x6ikm8r x10wlt62 x1pi30zi\">\n<div>\n<div class=\"x1rg5ohu xv55zj0 x1vvkbs xxymvpz\">\n<div class=\"x3nfvp2 x1n2onr6 xxymvpz xh8yej3\">\n<div class=\"xdl72j9 x1iyjqo2 xs83m0k xeuugli xh8yej3\">\n<div class=\"x1tlxs6b x1g8br2z x1gn5b1j x230xth x9f619 xzsf02u x1rg5ohu xdj266r x11i5rnm xat24cr x1mh8g0r x193iq5w x1mzt3pk x1n2onr6 xeaf4i8 x13faqbe xmjcpbm\"><\/div>\n<\/div>\n<\/div>\n<\/div>\n<\/div>\n<\/div>\n<\/div>\n<\/div>\n<div>\n<div class=\"xdj266r xexx8yu x4uap5 x18d9i69 xkhd6sd\">\n<ul>\n<li>\n<div class=\"x1n2onr6 x46jau6\">\n<div class=\"x1n2onr6 x1iorvi4 x4uap5 x18d9i69 xurb0ha x78zum5 x1q0g3np x1a2a7pz\" tabindex=\"-1\" role=\"article\" aria-label=\"Risposta di David Fontanive al commento di Mirko Crepaz 27 minuti fa\">\n<div class=\"x1r8uery x1iyjqo2 x6ikm8r x10wlt62 x1pi30zi\">\n<div>\n<div class=\"x1rg5ohu xv55zj0 x1vvkbs xxymvpz\">\n<div class=\"x3nfvp2 x1n2onr6 xxymvpz xh8yej3\">\n<div class=\"x1ve5b48 x177n6bx x10l6tqk x1ja2u2z xlshs6z\">\n<div>\n<div>\n<div>\n<div class=\"x1i10hfl xjbqb8w x6umtig x1b1mbwd xaqea5y xav7gou x9f619 x1ypdohk xt0psk2 xe8uvvx xdj266r x11i5rnm xat24cr x1mh8g0r xexx8yu x4uap5 x18d9i69 xkhd6sd x16tdsg8 x1hl2dhg xggy1nq x1o1ewxj x3x9cwd x1e5q0jg x13rtm0m x1n2onr6 x87ps6o x1lku1pv x1a2a7pz\" tabindex=\"0\" role=\"button\" aria-label=\"1 reazione; scopri chi ha aggiunto la sua reazione qui\"><\/div>\n<\/div>\n<\/div>\n<\/div>\n<\/div>\n<\/div>\n<\/div>\n<\/div>\n<\/div>\n<\/div>\n<\/div>\n<\/li>\n<\/ul>\n<\/div>\n<\/div>\n<\/div>\n<p>&nbsp;<\/p>\n<hr \/>\n<p>&nbsp;<\/p>\n<p>&nbsp;<\/p>\n<p>&nbsp;<\/p>\n<blockquote>\n<h3>ROCCA PIETORE PERDE LA SCUOLA, I NUMERI LA CONDANNANO ALLA CHIUSURA<\/h3>\n<\/blockquote>\n<p>&nbsp;<\/p>\n<p><strong><a class=\"dt-pswp-item\" href=\"https:\/\/www.radiopiu.net\/wordpress\/wp-content\/uploads\/2023\/02\/Senza-nome-10.jpg\" data-dt-img-description=\"\" data-large_image_width=\"699\" data-large_image_height=\"547\"><img loading=\"lazy\" decoding=\"async\" class=\"size-medium wp-image-320345 alignleft\" src=\"https:\/\/www.radiopiu.net\/wordpress\/wp-content\/uploads\/2023\/02\/Senza-nome-10-300x235.jpg\" alt=\"\" width=\"300\" height=\"235\" srcset=\"https:\/\/www.radiopiu.net\/wordpress\/wp-content\/uploads\/2023\/02\/Senza-nome-10-300x235.jpg 300w, https:\/\/www.radiopiu.net\/wordpress\/wp-content\/uploads\/2023\/02\/Senza-nome-10.jpg 699w\" sizes=\"auto, (max-width: 300px) 100vw, 300px\" \/><\/a>ROCCA PIETORE<\/strong> La notizia della chiusura della scuola \u00e8 di dominio pubblico. Dopo anni di tentativi fatti dall&#8217;istituto Comprensivo e dall&#8217;Amministrazione Comunale di tenerla aperta, bell&#8217;esempio di piccola scuola di montagna efficiente, i numeri purtroppo non danno ragione e a scegliere la sua chiusura \u00e8 stato in primis il calo demografico unitamente alle iscrizioni.<\/p>\n<p>&nbsp;<\/p>\n<p><em>L&#8217;INTERVENTO DEL SINDACO ANDREA DE BERNARDIN\u00a0<\/em><\/p>\n<p>&#8220;Non critico e non voglio fare polemiche sulle scelte lecite delle famiglie che avranno fatto i loro ragionamenti in totale libert\u00e0 come \u00e8 giusto che sia. Sappiamo che Rocca Pietore \u00e8 un Comune molto vasto e soprattutto molto lungo. Questo comporta una naturale predisposizione per molti dei nostri villaggi a riferirsi al Comune vicino per molte cose. Cos\u00ec \u00e8 stato ad esempio da sempre che Alleghe facesse da riferimento per la scuola per la parte bassa del nostro Comune. Questo comporta che nonostante i numeri dei nuovi nati siano in linea con i Comuni contermini, per noi le scuole di riferimento sono tre. Negli ultimi tempi le iscrizioni per l&#8217;anno scolastico hanno per\u00f2 visto una tendenza ad iscrivere ad Alleghe anche bambini della Val Pettorina. Questo non perch\u00e9 la scuola di Rocca non sia all&#8217;altezza nel preparare i bambini, anzi il contrario. L&#8217;offerta educativa e le proposte che anno dopo anno l&#8217;amministrazione ha voluto sovvenzionare nonostante i costi piuttosto alti, credo abbiano portato la scuola di Rocca ad avere una delle offerte pi\u00f9 alte dell&#8217;intera provincia. Ricordo una su tutte il doposcuola gratuito (credo caso unico in Provincia) o l&#8217;insegnamento sia del tedesco che dell&#8217;inglese proposto quest&#8217;anno (penso che solo Livinallongo faccia altrettanto). Altre e molteplici sono le offerte di cui i bambini hanno potuto godere nel corso dei loro anni scolastici. Interessante pu\u00f2 essere per tutti dare un occhiata ai nuovi nati (colgo loccasione per ricordare che le famiglie del Comune di Rocca Pietore ricevono 700 euro per ogni nato a titolo di piccolo contributo e anche questo succede in pochi Comuni&#8230;.). Il costante calo demografico unito alla riduzione delle iscrizioni alla scuola di Rocca ci ha costretto tristemente a decidere la chiusura del plesso, scelta concordata con la Preside dell&#8217;istituto Comprensivo, la quale ci ha informato che i numeri non sono pi\u00f9 sufficienti per mantenere l&#8217;organico e quindi la scuola aperta. Ci dice anche una cosa che mi rasserena e cio\u00e8 che i bambini del Comune di Rocca stanno contribuendo affinch\u00e9 ad avere problemi con i numeri sia anche la stessa scuola di Alleghe. Credo siano evoluzioni alle quali poco possiamo fare come amministrazioni per contrastarle. Indubbiamente \u00e8 uno scossone non indifferente per Rocca e ora non rimane che valutare cosa si possa ancora fare ad esempio riguardo al doposcuola che ora non \u00e8 per nulla scontato. Anche lo stesso trasporto scolastico dovr\u00e0 per forza subire delle importanti modifiche e spero che l&#8217;organico della squadra operai (peraltro numericamente ridotta)sia in grado di soddisfare le nuove richieste. Avr\u00f2 modo di aggiornare su eventuali novit\u00e0&#8221;.<\/p>\n<p>&nbsp;<\/p>\n<p>____<\/p>\n","protected":false},"excerpt":{"rendered":"<p>i nati nei 5 Comuni dell&#8217;Alto Cordevole dal 2017 al 2022 &nbsp; REDAZIONE\u00a0 Apertura del RADIOGIORNALE PRINCIPALE da quarant&#8217;anni in onda alle 12.30, dedicata alle scuole di Rocca Pietore, da settembre ex scuole, perch\u00e9 i numeri la condannano. Nonostante negli ultimi\u00a0 sei anni siano nati 46 bambini (40 ad Alleghe, 51 a Livinallongo) lo spopolamento&hellip;<\/p>\n","protected":false},"author":4,"featured_media":320345,"comment_status":"closed","ping_status":"closed","sticky":false,"template":"","format":"standard","meta":{"_monsterinsights_skip_tracking":false,"_monsterinsights_sitenote_active":false,"_monsterinsights_sitenote_note":"","_monsterinsights_sitenote_category":0,"footnotes":""},"categories":[51,49],"tags":[],"class_list":["post-320340","post","type-post","status-publish","format-standard","has-post-thumbnail","hentry","category-evidenza-top","category-news-18","category-51","category-49","description-off"],"img_url":"https:\/\/www.radiopiu.net\/wordpress\/wp-content\/uploads\/2023\/02\/Senza-nome-10.jpg","_links":{"self":[{"href":"https:\/\/www.radiopiu.net\/wordpress\/wp-json\/wp\/v2\/posts\/320340","targetHints":{"allow":["GET"]}}],"collection":[{"href":"https:\/\/www.radiopiu.net\/wordpress\/wp-json\/wp\/v2\/posts"}],"about":[{"href":"https:\/\/www.radiopiu.net\/wordpress\/wp-json\/wp\/v2\/types\/post"}],"author":[{"embeddable":true,"href":"https:\/\/www.radiopiu.net\/wordpress\/wp-json\/wp\/v2\/users\/4"}],"replies":[{"embeddable":true,"href":"https:\/\/www.radiopiu.net\/wordpress\/wp-json\/wp\/v2\/comments?post=320340"}],"version-history":[{"count":0,"href":"https:\/\/www.radiopiu.net\/wordpress\/wp-json\/wp\/v2\/posts\/320340\/revisions"}],"wp:featuredmedia":[{"embeddable":true,"href":"https:\/\/www.radiopiu.net\/wordpress\/wp-json\/wp\/v2\/media\/320345"}],"wp:attachment":[{"href":"https:\/\/www.radiopiu.net\/wordpress\/wp-json\/wp\/v2\/media?parent=320340"}],"wp:term":[{"taxonomy":"category","embeddable":true,"href":"https:\/\/www.radiopiu.net\/wordpress\/wp-json\/wp\/v2\/categories?post=320340"},{"taxonomy":"post_tag","embeddable":true,"href":"https:\/\/www.radiopiu.net\/wordpress\/wp-json\/wp\/v2\/tags?post=320340"}],"curies":[{"name":"wp","href":"https:\/\/api.w.org\/{rel}","templated":true}]}}