{"id":320581,"date":"2023-02-06T05:11:55","date_gmt":"2023-02-06T04:11:55","guid":{"rendered":"https:\/\/www.radiopiu.net\/wordpress\/?p=320581"},"modified":"2023-02-06T05:17:22","modified_gmt":"2023-02-06T04:17:22","slug":"portata-al-cras-di-treviso-la-lupa-investita-a-levego-lanimale-e-stato-tenuto-in-osservazione-tutta-la-notte","status":"publish","type":"post","link":"https:\/\/www.radiopiu.net\/wordpress\/portata-al-cras-di-treviso-la-lupa-investita-a-levego-lanimale-e-stato-tenuto-in-osservazione-tutta-la-notte\/","title":{"rendered":"PORTATA AL CRAS DI TREVISO LA LUPA INVESTITA A LEVEGO. L\u2019ANIMALE E&#8217; STATO TENUTO IN OSSERVAZIONE TUTTA LA NOTTE"},"content":{"rendered":"<p><strong><a class=\"dt-pswp-item\" href=\"https:\/\/www.radiopiu.net\/wordpress\/wp-content\/uploads\/2022\/01\/LUPO.jpg\" data-dt-img-description=\"\" data-large_image_width=\"1920\" data-large_image_height=\"1280\"><img loading=\"lazy\" decoding=\"async\" class=\" wp-image-254452 alignleft\" src=\"https:\/\/www.radiopiu.net\/wordpress\/wp-content\/uploads\/2022\/01\/LUPO-300x200.jpg\" alt=\"\" width=\"179\" height=\"119\" srcset=\"https:\/\/www.radiopiu.net\/wordpress\/wp-content\/uploads\/2022\/01\/LUPO-300x200.jpg 300w, https:\/\/www.radiopiu.net\/wordpress\/wp-content\/uploads\/2022\/01\/LUPO-1024x683.jpg 1024w, https:\/\/www.radiopiu.net\/wordpress\/wp-content\/uploads\/2022\/01\/LUPO-768x512.jpg 768w, https:\/\/www.radiopiu.net\/wordpress\/wp-content\/uploads\/2022\/01\/LUPO-1536x1024.jpg 1536w, https:\/\/www.radiopiu.net\/wordpress\/wp-content\/uploads\/2022\/01\/LUPO.jpg 1920w\" sizes=\"auto, (max-width: 179px) 100vw, 179px\" \/><\/a>BELLUNO <\/strong>\u00c8 stata portata al Cras di Treviso la lupa investita sabato pomeriggio a Levego, sulla Sp1 della Sinistra Piave. L\u2019animale \u00e8 stato recuperato dalla Polizia provinciale e ha passato una notte tranquilla dopo aver ricevuto le cure necessarie nella clinica veterinaria di via Feltre. Gli esami clinici, radiografia ed ecografia, avevano evidenziato diversi traumi interni. La terapia \u00e8 stata condivisa dai veterinari dell\u2019ambulatorio insieme al dottor Omar Del Vecchio, che opera in una clinica specializzata in provincia di Savona e ha esperienza in materia di lupi e grandi carnivori. \u00abIl dottor Del Vecchio si trovava in vacanza nel Bellunese e si \u00e8 reso subito disponibile. A lui e ai veterinari della clinica di via Feltre &#8211; le dottoresse Daniela Netti, Serenella Serra, Chiara Campo Dall\u2019Orto, Elena Dolcetta Capuzzo, e i dottori Omar Bolzonello e Gabriele Corcillo &#8211; un grande ringraziamento per l\u2019impegno profuso nel curare la giovane lupa\u00bb commenta il consigliere provinciale delegato alla tutela faunistica Franco De Bon. \u00abL\u2019animale, grazie alla nostra Polizia provinciale \u00e8 stato trasferito al Cras di Treviso dove verr\u00e0 monitorato. Abbiamo gi\u00e0 contattato l\u2019esperto Duccio Berzi dell\u2019Universit\u00e0 di Sassari, per concordare le azioni da intraprendere. Se la lupa si rimetter\u00e0 in forze e sar\u00e0 in grado di essere rimessa in natura, verr\u00e0 radiocollarata e seguita\u00bb.<\/p>\n<p>&nbsp;<\/p>\n<p>&nbsp;<\/p>\n<p>******<\/p>\n","protected":false},"excerpt":{"rendered":"<p>BELLUNO \u00c8 stata portata al Cras di Treviso la lupa investita sabato pomeriggio a Levego, sulla Sp1 della Sinistra Piave. L\u2019animale \u00e8 stato recuperato dalla Polizia provinciale e ha passato una notte tranquilla dopo aver ricevuto le cure necessarie nella clinica veterinaria di via Feltre. Gli esami clinici, radiografia ed ecografia, avevano evidenziato diversi traumi&hellip;<\/p>\n","protected":false},"author":4,"featured_media":254452,"comment_status":"closed","ping_status":"closed","sticky":false,"template":"","format":"standard","meta":{"_monsterinsights_skip_tracking":false,"_monsterinsights_sitenote_active":false,"_monsterinsights_sitenote_note":"","_monsterinsights_sitenote_category":0,"footnotes":""},"categories":[51,49],"tags":[],"class_list":["post-320581","post","type-post","status-publish","format-standard","has-post-thumbnail","hentry","category-evidenza-top","category-news-18","category-51","category-49","description-off"],"img_url":"https:\/\/www.radiopiu.net\/wordpress\/wp-content\/uploads\/2022\/01\/LUPO.jpg","_links":{"self":[{"href":"https:\/\/www.radiopiu.net\/wordpress\/wp-json\/wp\/v2\/posts\/320581","targetHints":{"allow":["GET"]}}],"collection":[{"href":"https:\/\/www.radiopiu.net\/wordpress\/wp-json\/wp\/v2\/posts"}],"about":[{"href":"https:\/\/www.radiopiu.net\/wordpress\/wp-json\/wp\/v2\/types\/post"}],"author":[{"embeddable":true,"href":"https:\/\/www.radiopiu.net\/wordpress\/wp-json\/wp\/v2\/users\/4"}],"replies":[{"embeddable":true,"href":"https:\/\/www.radiopiu.net\/wordpress\/wp-json\/wp\/v2\/comments?post=320581"}],"version-history":[{"count":0,"href":"https:\/\/www.radiopiu.net\/wordpress\/wp-json\/wp\/v2\/posts\/320581\/revisions"}],"wp:featuredmedia":[{"embeddable":true,"href":"https:\/\/www.radiopiu.net\/wordpress\/wp-json\/wp\/v2\/media\/254452"}],"wp:attachment":[{"href":"https:\/\/www.radiopiu.net\/wordpress\/wp-json\/wp\/v2\/media?parent=320581"}],"wp:term":[{"taxonomy":"category","embeddable":true,"href":"https:\/\/www.radiopiu.net\/wordpress\/wp-json\/wp\/v2\/categories?post=320581"},{"taxonomy":"post_tag","embeddable":true,"href":"https:\/\/www.radiopiu.net\/wordpress\/wp-json\/wp\/v2\/tags?post=320581"}],"curies":[{"name":"wp","href":"https:\/\/api.w.org\/{rel}","templated":true}]}}