{"id":320632,"date":"2023-02-05T19:20:45","date_gmt":"2023-02-05T18:20:45","guid":{"rendered":"https:\/\/www.radiopiu.net\/wordpress\/?p=320632"},"modified":"2023-02-05T19:20:45","modified_gmt":"2023-02-05T18:20:45","slug":"inaugurata-casa-sanremo-le-dolomiti-bellunesi-iniziano-con-amadeus-la-settimana-di-festival-ospiti-deccezione-loris-capirossi-e-nicole-mazzocato","status":"publish","type":"post","link":"https:\/\/www.radiopiu.net\/wordpress\/inaugurata-casa-sanremo-le-dolomiti-bellunesi-iniziano-con-amadeus-la-settimana-di-festival-ospiti-deccezione-loris-capirossi-e-nicole-mazzocato\/","title":{"rendered":"INAUGURATA CASA SANREMO, LE DOLOMITI BELLUNESI INIZIANO CON AMADEUS LA SETTIMANA DI FESTIVAL. OSPITI D\u2019ECCEZIONE LORIS CAPIROSSI E NICOLE MAZZOCATO"},"content":{"rendered":"<p><strong>BELLUNO\/SANREMO <\/strong>Taglio del nastro con Amadeus. \u00c8 stato il presentatore del 73. Festival della Canzone italiana a inaugurare Casa Sanremo. Ed \u00e8 partita ufficialmente l\u2019avventura delle Dolomiti Bellunesi nella citt\u00e0 dei fiori.\u00a0 \u00ab<em>Una grande occasione per il nostro territorio per mostrarsi e raccontarsi nel pi\u00f9 grande evento di spettacolo d\u2019Italia\u00bb commenta il presidente della Provincia, Roberto Padrin, che ha partecipato alla cerimonia inaugurale. \u00abIl Bellunese \u00e8 stato definito spettacolare nella definizione del brand di destinazione turistica. E quale vetrina pi\u00f9 spettacolare di questa? Diamo alle aziende e alle realt\u00e0 della nostra provincia un\u2019occasione per raccontarsi. Avremo la possibilit\u00e0 di mostrare all\u2019Italia i nostri valori e le nostre eccellenze<\/em>\u00bb. Il territorio bellunese sar\u00e0 protagonista tutta la settimana negli spazi del Palafiori, a due passi dal teatro Ariston. La programmazione quotidiana partir\u00e0 gi\u00e0 domani, con il racconto delle eccellenze bellunesi in diretta dalle 10.30 su Casa Sanremo Tv (canale tematico della settimana, visibile in streaming sul sito internet ufficiale della Casa). Si comincia con due ospiti d\u2019eccezione come Loris Capirossi e Nicole Mazzocato. Il campione MotoGp \u00e8 il pilota per cui \u00e8 stata disegnata l\u2019ultima supercar di Frangivento, una creatura del bellunese Giorgio Pirolo, e parler\u00e0 delle sue imprese sportive. Mazzocato invece, modella bellunese, racconter\u00e0 il suo legame con la Provincia d\u2019origine.\u00a0 Ma la giornata ha in programma anche il racconto delle Olimpiadi 2026 e dello sci, con Stefano Campoccia (vice presidente della Fondazione Cortina 2026) e con Luca Bertagnolli, maestro di sci e accompagnatore di un\u2019atleta ipovedente. E poi spazio ai sapori del territorio, con il risotto al formaggio Piave come piatto forte del men\u00f9 di Casa Sanremo.<\/p>\n\n\t\t\t<style type='text\/css'>\n\t\t\t\t#gallery-1 {\n\t\t\t\t\tmargin: auto;\n\t\t\t\t}\n\t\t\t\t#gallery-1 .gallery-item {\n\t\t\t\t\tfloat: left;\n\t\t\t\t\tmargin-top: 10px;\n\t\t\t\t\ttext-align: center;\n\t\t\t\t\twidth: 25%;\n\t\t\t\t}\n\t\t\t\t#gallery-1 img {\n\t\t\t\t\tborder: 2px solid #cfcfcf;\n\t\t\t\t}\n\t\t\t\t#gallery-1 .gallery-caption {\n\t\t\t\t\tmargin-left: 0;\n\t\t\t\t}\n\t\t\t\t\/* see gallery_shortcode() in wp-includes\/media.php *\/\n\t\t\t<\/style>\n\t\t<div id='gallery-1' class='dt-gallery-container gallery galleryid-320632 gallery-columns-4 gallery-size-medium'><dl class='gallery-item'>\n\t\t\t\t<dt class='gallery-icon landscape'>\n\t\t\t\t\t<a class=\"rollover rollover-zoom dt-pswp-item\" title=\"DSC05198\" data-dt-img-description=\"\" data-large_image_width=\"2560\" data-large_image_height=\"1707\"href='https:\/\/www.radiopiu.net\/wordpress\/wp-content\/uploads\/2023\/02\/DSC05198-scaled.jpg'><img loading=\"lazy\" decoding=\"async\" width=\"300\" height=\"200\" src=\"https:\/\/www.radiopiu.net\/wordpress\/wp-content\/uploads\/2023\/02\/DSC05198-300x200.jpg\" class=\"attachment-medium size-medium\" alt=\"\" srcset=\"https:\/\/www.radiopiu.net\/wordpress\/wp-content\/uploads\/2023\/02\/DSC05198-300x200.jpg 300w, https:\/\/www.radiopiu.net\/wordpress\/wp-content\/uploads\/2023\/02\/DSC05198-1024x683.jpg 1024w, https:\/\/www.radiopiu.net\/wordpress\/wp-content\/uploads\/2023\/02\/DSC05198-768x512.jpg 768w, https:\/\/www.radiopiu.net\/wordpress\/wp-content\/uploads\/2023\/02\/DSC05198-1536x1024.jpg 1536w, https:\/\/www.radiopiu.net\/wordpress\/wp-content\/uploads\/2023\/02\/DSC05198-2048x1365.jpg 2048w\" sizes=\"auto, (max-width: 300px) 100vw, 300px\" \/><\/a>\n\t\t\t\t<\/dt><\/dl><dl class='gallery-item'>\n\t\t\t\t<dt class='gallery-icon landscape'>\n\t\t\t\t\t<a class=\"rollover rollover-zoom dt-pswp-item\" title=\"DSC05204\" data-dt-img-description=\"\" data-large_image_width=\"2560\" data-large_image_height=\"1707\"href='https:\/\/www.radiopiu.net\/wordpress\/wp-content\/uploads\/2023\/02\/DSC05204-scaled.jpg'><img loading=\"lazy\" decoding=\"async\" width=\"300\" height=\"200\" src=\"https:\/\/www.radiopiu.net\/wordpress\/wp-content\/uploads\/2023\/02\/DSC05204-300x200.jpg\" class=\"attachment-medium size-medium\" alt=\"\" srcset=\"https:\/\/www.radiopiu.net\/wordpress\/wp-content\/uploads\/2023\/02\/DSC05204-300x200.jpg 300w, https:\/\/www.radiopiu.net\/wordpress\/wp-content\/uploads\/2023\/02\/DSC05204-1024x683.jpg 1024w, https:\/\/www.radiopiu.net\/wordpress\/wp-content\/uploads\/2023\/02\/DSC05204-768x512.jpg 768w, https:\/\/www.radiopiu.net\/wordpress\/wp-content\/uploads\/2023\/02\/DSC05204-1536x1024.jpg 1536w, https:\/\/www.radiopiu.net\/wordpress\/wp-content\/uploads\/2023\/02\/DSC05204-2048x1365.jpg 2048w\" sizes=\"auto, (max-width: 300px) 100vw, 300px\" \/><\/a>\n\t\t\t\t<\/dt><\/dl><dl class='gallery-item'>\n\t\t\t\t<dt class='gallery-icon landscape'>\n\t\t\t\t\t<a class=\"rollover rollover-zoom dt-pswp-item\" title=\"DSC05205\" data-dt-img-description=\"\" data-large_image_width=\"2560\" data-large_image_height=\"1707\"href='https:\/\/www.radiopiu.net\/wordpress\/wp-content\/uploads\/2023\/02\/DSC05205-scaled.jpg'><img loading=\"lazy\" decoding=\"async\" width=\"300\" height=\"200\" src=\"https:\/\/www.radiopiu.net\/wordpress\/wp-content\/uploads\/2023\/02\/DSC05205-300x200.jpg\" class=\"attachment-medium size-medium\" alt=\"\" srcset=\"https:\/\/www.radiopiu.net\/wordpress\/wp-content\/uploads\/2023\/02\/DSC05205-300x200.jpg 300w, https:\/\/www.radiopiu.net\/wordpress\/wp-content\/uploads\/2023\/02\/DSC05205-1024x683.jpg 1024w, https:\/\/www.radiopiu.net\/wordpress\/wp-content\/uploads\/2023\/02\/DSC05205-768x512.jpg 768w, https:\/\/www.radiopiu.net\/wordpress\/wp-content\/uploads\/2023\/02\/DSC05205-1536x1024.jpg 1536w, https:\/\/www.radiopiu.net\/wordpress\/wp-content\/uploads\/2023\/02\/DSC05205-2048x1365.jpg 2048w\" sizes=\"auto, (max-width: 300px) 100vw, 300px\" \/><\/a>\n\t\t\t\t<\/dt><\/dl><dl class='gallery-item'>\n\t\t\t\t<dt class='gallery-icon landscape'>\n\t\t\t\t\t<a class=\"rollover rollover-zoom dt-pswp-item\" title=\"DSC05274\" data-dt-img-description=\"\" data-large_image_width=\"2560\" data-large_image_height=\"1600\"href='https:\/\/www.radiopiu.net\/wordpress\/wp-content\/uploads\/2023\/02\/DSC05274-scaled.jpg'><img loading=\"lazy\" decoding=\"async\" width=\"300\" height=\"187\" src=\"https:\/\/www.radiopiu.net\/wordpress\/wp-content\/uploads\/2023\/02\/DSC05274-300x187.jpg\" class=\"attachment-medium size-medium\" alt=\"\" srcset=\"https:\/\/www.radiopiu.net\/wordpress\/wp-content\/uploads\/2023\/02\/DSC05274-300x187.jpg 300w, https:\/\/www.radiopiu.net\/wordpress\/wp-content\/uploads\/2023\/02\/DSC05274-1024x640.jpg 1024w, https:\/\/www.radiopiu.net\/wordpress\/wp-content\/uploads\/2023\/02\/DSC05274-768x480.jpg 768w, https:\/\/www.radiopiu.net\/wordpress\/wp-content\/uploads\/2023\/02\/DSC05274-1536x960.jpg 1536w, https:\/\/www.radiopiu.net\/wordpress\/wp-content\/uploads\/2023\/02\/DSC05274-2048x1280.jpg 2048w\" sizes=\"auto, (max-width: 300px) 100vw, 300px\" \/><\/a>\n\t\t\t\t<\/dt><\/dl><br style=\"clear: both\" \/>\n\t\t\t<\/div>\n\n<p>&nbsp;<\/p>\n<p>&nbsp;<\/p>\n<p>&nbsp;<\/p>\n<p>******<\/p>\n","protected":false},"excerpt":{"rendered":"<p>BELLUNO\/SANREMO Taglio del nastro con Amadeus. \u00c8 stato il presentatore del 73. Festival della Canzone italiana a inaugurare Casa Sanremo. Ed \u00e8 partita ufficialmente l\u2019avventura delle Dolomiti Bellunesi nella citt\u00e0 dei fiori.\u00a0 \u00abUna grande occasione per il nostro territorio per mostrarsi e raccontarsi nel pi\u00f9 grande evento di spettacolo d\u2019Italia\u00bb commenta il presidente della Provincia,&hellip;<\/p>\n","protected":false},"author":4,"featured_media":320636,"comment_status":"closed","ping_status":"closed","sticky":false,"template":"","format":"standard","meta":{"_monsterinsights_skip_tracking":false,"_monsterinsights_sitenote_active":false,"_monsterinsights_sitenote_note":"","_monsterinsights_sitenote_category":0,"footnotes":""},"categories":[49],"tags":[],"class_list":["post-320632","post","type-post","status-publish","format-standard","has-post-thumbnail","hentry","category-news-18","category-49","description-off"],"img_url":"https:\/\/www.radiopiu.net\/wordpress\/wp-content\/uploads\/2023\/02\/DSC05204-scaled.jpg","_links":{"self":[{"href":"https:\/\/www.radiopiu.net\/wordpress\/wp-json\/wp\/v2\/posts\/320632","targetHints":{"allow":["GET"]}}],"collection":[{"href":"https:\/\/www.radiopiu.net\/wordpress\/wp-json\/wp\/v2\/posts"}],"about":[{"href":"https:\/\/www.radiopiu.net\/wordpress\/wp-json\/wp\/v2\/types\/post"}],"author":[{"embeddable":true,"href":"https:\/\/www.radiopiu.net\/wordpress\/wp-json\/wp\/v2\/users\/4"}],"replies":[{"embeddable":true,"href":"https:\/\/www.radiopiu.net\/wordpress\/wp-json\/wp\/v2\/comments?post=320632"}],"version-history":[{"count":0,"href":"https:\/\/www.radiopiu.net\/wordpress\/wp-json\/wp\/v2\/posts\/320632\/revisions"}],"wp:featuredmedia":[{"embeddable":true,"href":"https:\/\/www.radiopiu.net\/wordpress\/wp-json\/wp\/v2\/media\/320636"}],"wp:attachment":[{"href":"https:\/\/www.radiopiu.net\/wordpress\/wp-json\/wp\/v2\/media?parent=320632"}],"wp:term":[{"taxonomy":"category","embeddable":true,"href":"https:\/\/www.radiopiu.net\/wordpress\/wp-json\/wp\/v2\/categories?post=320632"},{"taxonomy":"post_tag","embeddable":true,"href":"https:\/\/www.radiopiu.net\/wordpress\/wp-json\/wp\/v2\/tags?post=320632"}],"curies":[{"name":"wp","href":"https:\/\/api.w.org\/{rel}","templated":true}]}}