{"id":320685,"date":"2023-02-06T07:45:01","date_gmt":"2023-02-06T06:45:01","guid":{"rendered":"https:\/\/www.radiopiu.net\/wordpress\/?p=320685"},"modified":"2023-02-06T08:54:34","modified_gmt":"2023-02-06T07:54:34","slug":"320685-2","status":"publish","type":"post","link":"https:\/\/www.radiopiu.net\/wordpress\/320685-2\/","title":{"rendered":"ASCOLTA LA RASSEGNA STAMPA LOCALE, ALLE OTTO DEL MATTINO. DI MIRKO MEZZACASA"},"content":{"rendered":"<p><strong>UN&#8217;ALTRA VITTIMA DELLA VALANGA<\/strong> Stagione terribile sotto alle valanghe, all&#8217;ospedale di Trento \u00e8 morto lo scialpinista francese di 35 anni travolto venerdi pomeriggio dalla massa di neve sul monte Cristallo. Inutili i tentativi dei medici di salvarlo, troppo gravi le conseguenze dell&#8217;ipotermia.<br \/>\n<strong>TERREMOTO<\/strong> La forte scossa di terremoto in Turchia rilevata dal sismografo di Agordo, la terra ha tremato di nuovo a Tramonti di Sopra nel pordenonese, a mezzanotte due scosse (magnitudo 2 e 2,7)<br \/>\n<strong>TREVISO<\/strong> La lupa investita a Ponte nelle Alpi al Cras di Treviso, \u00e8 stata travolta sulla provinciale 1 a Levego. Se dovesse riprendersi sar\u00e0 radiocollarata e rimessa in libert\u00e0.<br \/>\n<strong>MILANO\/BELLUNO<\/strong> Una grande piattaforma per l\u2019innovazione dedicata alle aziende dell\u2019occhialeria: \u00e8 \u201cOpen Innovation\u201d, il progetto lanciato nel corso di Mido \u2013 il pi\u00f9 importante salone internazionale dell\u2019occhiale che si sta tenendo in questi giorni a Milano \u2013 nell\u2019ambito della Dolomiti Innovation Valley.<br \/>\n<strong>SANREMO<\/strong> Taglio del nastro con Amadeus a Casa Dolomiti Bellunesi, un&#8217;occasione per il territorio per raccontarsi dal pi\u00f9 grande evento canoro d&#8217;Italia, alle 18,15 la seconda puntata sulle radio bellunesi, in diretta dalla citt\u00e0 dei fiori.<br \/>\n<strong>BELLUNO<\/strong> Primo pranzo all\u2019ex asilo Cairoli, quello di ieri, per i 42 civili ucraini che resteranno a Belluno.<br \/>\n<strong>AGORDO<\/strong> Novit\u00e0 nella FILCTEM CGIL Luxottica. Da alcuni giorni il capogruppo della sigla dello stabilimento Luxottica di Agordo Luigi Dell\u2019Atti ha un nuovo incarico. Infatti, \u00e8 nominato come funzionario della sigla sindacale per gli stabilimenti di Agordo e Cencenighe per seguire oltre cinque mila operai.<br \/>\n<strong>BELLUNO<\/strong> Buone notizie per le piccole e medie imprese bellunesi: torna infatti la Legge regionale 18 con un\u2019importante dotazione finanziaria, che da quest\u2019anno potr\u00e0 sostenere anche le imprese ricettive e i professionisti.<br \/>\n<strong>PONTE NELLE ALPI<\/strong> Si chiama Gina Fedon Broi. Lo scorso primo febbraio ha compiuto 86 anni. E da oltre sei lustri, come volontaria, si occupa del decoro dei sentieri sopra la frazione di Soccher, oltre che delle vie del paese e del monumento nella piazza.<br \/>\n<strong>LIVINALLONGO<\/strong> Il sindaco di Livinallongo Lendro Grones ha convocato i consiglieri comunali per mercoled\u00ec alle 18:30 in Municipio.<br \/>\n<strong>BELLUNO<\/strong> Il Centro Italiano di Solidariet\u00e0 di Belluno onlus seleziona 10 volontari da impiegare nel progetto di Servizio Civile Universale. Scadenza presentazione domande il 10 febbraio 2023.<br \/>\n<strong>CANALE D\u2019AGORDO<\/strong> Gran successo per la Casparetha 2023 a Canale D\u2019Agordo. Nel tracciato di 5 km con partenza e arrivo in piazza a Canale D\u2019Agordo, il vincitore della gara competitiva \u00e8 stato Daniel De Battista che ha chiuso con il tempo di 23\u201943\u201d. In ambito femminile la gara \u00e8 stata vinta da Emanuela Zaetta che ha tagliato il traguardo in 32\u201924\u201d.<br \/>\n<strong>CENCENIGHE<\/strong> Durante l\u2019autunno 2022 la famiglia Agordina ex emigranti ha rinnovato il consiglio direttivo con l\u2018ingresso di nuovi volontari e un nuovo presidente dando continuit\u00e0 all\u2019attivit\u00e0 dell\u2019associazione attiva in Agordino dal 1991. Sabato 11 febbraio 2023 dalle 21 al Nof Fil\u00f2 di Cencenighe verr\u00e0 riproposto lo storico appuntamento dell\u2019associazione ex emigranti Agordino con il tradizionale ballo di San Valentino.<\/p>\n<p><strong>CALCIO\u00a0<\/strong> UN PAREGGIO AMARO PER L&#8217;AGORDINA A SOIS<br \/>\n<strong>HOCKEY SU GHIACCIO<\/strong> IL FIEMME CONQUISTA TRE PUNTI AL DE TONI E COSTRINGE LE CIVETTE A CHIUDERE LA STAGIONE IN FONDO ALLA CLASSIFICA<br \/>\nANCORA UNA SCONFITTA PER LE CIVETTE UNDER 17<br \/>\nNAZIONALE SENIOR IN RITIRO A BOLZANO DA OGGI<br \/>\n<strong>CALCIO A 5<\/strong> LA CANOTTIERI RIFILA SEI GOL AL BISSUOLA<br \/>\n<strong>PALLAVOLO<\/strong> IL MONTEVOLLEY ESPUGNA IL PALAROVA MA IL VOLLEY CLUB AGORDINO NE ESCE A TESTA ALTA<br \/>\nUN PUNTO PER LE LUPE CONTRO L&#8217;ALTAVILLA<br \/>\nBELLUNO ABBONATA AL TIE BREAK, MA DI NUOVO SCONFITTA<br \/>\n<strong>SKIALP<\/strong> VENERDI LA PRIMA PROVA TROFEO SKI ALP 4 VALLI<\/p>\n<p>&nbsp;<\/p>\n<p>&nbsp;<\/p>\n<p><iframe loading=\"lazy\" title=\"RASSEGNA STAMPA LOCALE\" width=\"1200\" height=\"675\" src=\"https:\/\/www.youtube.com\/embed\/nFXGqOMQP5w?feature=oembed\" frameborder=\"0\" allow=\"accelerometer; autoplay; clipboard-write; encrypted-media; gyroscope; picture-in-picture; web-share\" allowfullscreen><\/iframe><\/p>\n<p>&nbsp;<\/p>\n<p>&nbsp;<\/p>\n<hr \/>\n<p>&nbsp;<\/p>\n","protected":false},"excerpt":{"rendered":"<p>UN&#8217;ALTRA VITTIMA DELLA VALANGA Stagione terribile sotto alle valanghe, all&#8217;ospedale di Trento \u00e8 morto lo scialpinista francese di 35 anni travolto venerdi pomeriggio dalla massa di neve sul monte Cristallo. Inutili i tentativi dei medici di salvarlo, troppo gravi le conseguenze dell&#8217;ipotermia. TERREMOTO La forte scossa di terremoto in Turchia rilevata dal sismografo di Agordo,&hellip;<\/p>\n","protected":false},"author":4,"featured_media":320666,"comment_status":"closed","ping_status":"closed","sticky":false,"template":"","format":"standard","meta":{"_monsterinsights_skip_tracking":false,"_monsterinsights_sitenote_active":false,"_monsterinsights_sitenote_note":"","_monsterinsights_sitenote_category":0,"footnotes":""},"categories":[104,49,142],"tags":[],"class_list":["post-320685","post","type-post","status-publish","format-standard","has-post-thumbnail","hentry","category-evidenza_3","category-news-18","category-rassegna-stampa","category-104","category-49","category-142","description-off"],"img_url":"https:\/\/www.radiopiu.net\/wordpress\/wp-content\/uploads\/2023\/02\/coperrta.jpg","_links":{"self":[{"href":"https:\/\/www.radiopiu.net\/wordpress\/wp-json\/wp\/v2\/posts\/320685","targetHints":{"allow":["GET"]}}],"collection":[{"href":"https:\/\/www.radiopiu.net\/wordpress\/wp-json\/wp\/v2\/posts"}],"about":[{"href":"https:\/\/www.radiopiu.net\/wordpress\/wp-json\/wp\/v2\/types\/post"}],"author":[{"embeddable":true,"href":"https:\/\/www.radiopiu.net\/wordpress\/wp-json\/wp\/v2\/users\/4"}],"replies":[{"embeddable":true,"href":"https:\/\/www.radiopiu.net\/wordpress\/wp-json\/wp\/v2\/comments?post=320685"}],"version-history":[{"count":0,"href":"https:\/\/www.radiopiu.net\/wordpress\/wp-json\/wp\/v2\/posts\/320685\/revisions"}],"wp:featuredmedia":[{"embeddable":true,"href":"https:\/\/www.radiopiu.net\/wordpress\/wp-json\/wp\/v2\/media\/320666"}],"wp:attachment":[{"href":"https:\/\/www.radiopiu.net\/wordpress\/wp-json\/wp\/v2\/media?parent=320685"}],"wp:term":[{"taxonomy":"category","embeddable":true,"href":"https:\/\/www.radiopiu.net\/wordpress\/wp-json\/wp\/v2\/categories?post=320685"},{"taxonomy":"post_tag","embeddable":true,"href":"https:\/\/www.radiopiu.net\/wordpress\/wp-json\/wp\/v2\/tags?post=320685"}],"curies":[{"name":"wp","href":"https:\/\/api.w.org\/{rel}","templated":true}]}}