{"id":320756,"date":"2023-02-06T23:59:47","date_gmt":"2023-02-06T22:59:47","guid":{"rendered":"https:\/\/www.radiopiu.net\/wordpress\/?p=320756"},"modified":"2023-02-07T05:53:08","modified_gmt":"2023-02-07T04:53:08","slug":"quellappello-di-viel-e-brattl-lanciato-per-strade-e-strutture-dei-monti-ad-igne","status":"publish","type":"post","link":"https:\/\/www.radiopiu.net\/wordpress\/quellappello-di-viel-e-brattl-lanciato-per-strade-e-strutture-dei-monti-ad-igne\/","title":{"rendered":"QUELL\u2019APPELLO DI VIEL E BRATTL LANCIATO PER STRADE E STRUTTURE DEI MONTI AD IGNE"},"content":{"rendered":"<p><strong>di Renato Bona<\/strong><\/p>\n<p>Dopo tre belle immagini dedicate a \u201cLa loda e il bob\u201d, il libro \u201cIgne paese del fuoco\u201d realizzato nel 2002 con Media diffusion dagli amici e colleghi Ivano Pocchiesa (purtroppo mancato) e Mario Fornaro, col patrocinio del Comune di Longarone e per iniziativa del Gruppo volontari Igne oltre che della Parrocchia di san Valentino, dedica il giusto spazio ad un tema importante, sotto il titolo: \u201cAppello per il territorio\u201d. Partiamo dunque precisando che la prima immagine, che risale agli anni \u201840, mostra Giovanni De Bona Zalin detto \u201cNani Ranc\u201d che procede \u201ccon la loda a la revesa\u201d. La loda &#8211; precisano gli autori &#8211; era uno strumento insostituibile di lavoro, d\u2019estate come d\u2019inverno; la sua struttura consentiva il trasporto di robusti carichi di fieno o legna, scivolando indifferentemente su erba, neve o sulle pietre delle famose vie lastricate di Igne verso gli alti pascoli, ancora oggi oggetto di ammirazione. La seconda, degli anni \u201830-\u201940, che \u00e8 stata scattata nella localit\u00e0 Brent\u00e8l, conferma che la loda, questa con l\u2019optional delle ruote, \u201cpoteva anche costituire oggetto di svago per i pi\u00f9 piccini\u201d. A bordo i due fratelli De Bona Mario e Tonin Titon con ai piedi i tipici \u2018scarp\u00e9t\u2019 di stoffa con suole trapuntate, assieme a due villeggianti con scarpe \u201cnormali\u201d. Il terzo scatto proposto \u00e8 stato effettuato nel 1959 nella localit\u00e0 Paluc: evoluzione scherzosa della loda in bob casalingo, con Arcangela e Zelindo \u201calla ricerca di nuove emozioni\u201d. Ed eccoci al capitolo che richiama una lettera che Giovanni Viel aveva indirizzato al mensile \u201cBellunesi nel mondo\u201d con un accorato appello rivolto alla \u201csalvaguardia dalla disgregazione di strade e strutture della montagna di Igne. Viel ricordava che 15 anni prima la magnifica montagna alle spalle dell\u2019abitato di Igne, a quota 627 \u201cera tutto un lavoro, tutto un fermento, tutto un via vai degli abitanti del paese compresi i bambini, per portare gi\u00f9 il fieno che dava da mangiare a ben 200 mucche\u201d e aggiungeva: \u201cNon posso che rattristarmi se ora, anno 1972, l\u2019ho girata per 12 ore ed ho trovato solamente un vecchio ed un ragazzo\u201d. Esponeva quindi un po\u2019 di storia sul complesso montagnoso che fa capo alla cima d\u2019Albero (2016 metri) dalla cui vetta si ha una visione straordinaria sulla strada d\u2019Alemagna fino al lago di Sottocastello e su tutte le vette circostanti e lontane: Civetta, Pelmo, Antelao, Pelf, Sasso di Bosconero, Duranno, Col nudo\u2026 Da Igne una magnifica strada si inerpica fino ai 1300 metri e si divide in due andando verso Campigol d\u2019Endra (1579 metri) e Casera Colon (1746 metri). Pocchiesa e Fornaro ricordano quindi che nell\u2019introduzione ad un \u201cQuaderno\u201d dell\u2019Istituto bellunese di ricerche sociali e culturali\u201d scritto da Giuseppe De Vecchi, l\u2019allora sindaco di Longarone Gioachino Bratti a sua volta scriveva, fra l\u2019altro: \u201cChi percorre oggi gli incerti sentieri delle montagne attorno a Longarone, incontra dappertutto i resti della fervida e ingegnosa presenza umana del passato. Sono stazzi regolari ed erbosi, imponenti avanzi di stalle e casere, lastrichi di pietre dalla connessione e dalla simmetria perfette. In ogni luogo innumerevoli testimonianze di un\u2019attivit\u00e0 tenace e paziente abbracciate ormai da una vegetazione sempre pi\u00f9 prepotente e aggressiva, regno della solitudine, dell\u2019abbandono, del silenzio. Questi ruderi solitari e muti\u2026\u201d. Manifestando dunque come Viel \u201cla nostalgia per un mondo perduto, forse irrimediabilmente\u201d, per quindi proporre, parafrasando Proust: \u201cponiamoci alla ricerca del tempo perduto, rievocando quegli squarci di esso che la memorie ha salvato nei ricordi di chi quel mondo ha visto, vissuto narrato&#8230;\u201d. Segue l\u2019auspicio per un futuro migliore, proteso alla valorizzazione turistica degli ambiti territoriali, tenuto conto della vicinanza di alcune importanti mete di interesse paesaggistico e altre peculiarit\u00e0\u201d. Pare proprio che le cose stiano cambiando, passando per una serie di iniziative di valorizzazione che contemplano il settore delle visite turistiche, quello del \u201cPercorso della memoria\u201d che ricorda la catastrofe del Vajont del 9 ottobre 1963, itinerari culturali e percorsi escursionistici (per ulteriori informazioni in merito si pu\u00f2 contattare l\u2019associazione Pro Loco di Longarone, in Piazza Jacopo Tasso 2, telefono 0437-770119, fax 0437-770177, indirizzo email: proloco@longarone.net, sito: <span role=\"gridcell\"><a class=\"x1i10hfl xjbqb8w x6umtig x1b1mbwd xaqea5y xav7gou x9f619 x1ypdohk xt0psk2 xe8uvvx xdj266r x11i5rnm xat24cr x1mh8g0r xexx8yu x4uap5 x18d9i69 xkhd6sd x16tdsg8 xggy1nq x1a2a7pz xt0b8zv x1heor9g x1bvjpef\" tabindex=\"-1\" role=\"link\" href=\"http:\/\/www.longarone.net\/?fbclid=IwAR2OtGUOIMefp-Bbxuh6QAmwcliHmcIoRonUl0gg_-_QmgFtg2IDo_0Q3QU\" target=\"_blank\" rel=\"nofollow noopener\">www.longarone.net<\/a><\/span>.<\/p>\n\n\t\t\t<style type='text\/css'>\n\t\t\t\t#gallery-1 {\n\t\t\t\t\tmargin: auto;\n\t\t\t\t}\n\t\t\t\t#gallery-1 .gallery-item {\n\t\t\t\t\tfloat: left;\n\t\t\t\t\tmargin-top: 10px;\n\t\t\t\t\ttext-align: center;\n\t\t\t\t\twidth: 14%;\n\t\t\t\t}\n\t\t\t\t#gallery-1 img {\n\t\t\t\t\tborder: 2px solid #cfcfcf;\n\t\t\t\t}\n\t\t\t\t#gallery-1 .gallery-caption {\n\t\t\t\t\tmargin-left: 0;\n\t\t\t\t}\n\t\t\t\t\/* see gallery_shortcode() in wp-includes\/media.php *\/\n\t\t\t<\/style>\n\t\t<div id='gallery-1' class='dt-gallery-container gallery galleryid-320756 gallery-columns-7 gallery-size-thumbnail'><dl class='gallery-item'>\n\t\t\t\t<dt class='gallery-icon landscape'>\n\t\t\t\t\t<a class=\"rollover rollover-zoom dt-pswp-item\" title=\"329728995_1673835426411956_8855423082567181846_n\" data-dt-img-description=\"\" data-large_image_width=\"626\" data-large_image_height=\"403\"href='https:\/\/www.radiopiu.net\/wordpress\/wp-content\/uploads\/2023\/02\/329728995_1673835426411956_8855423082567181846_n.jpg'><img loading=\"lazy\" decoding=\"async\" width=\"150\" height=\"150\" src=\"https:\/\/www.radiopiu.net\/wordpress\/wp-content\/uploads\/2023\/02\/329728995_1673835426411956_8855423082567181846_n-150x150.jpg\" class=\"attachment-thumbnail size-thumbnail\" alt=\"\" \/><\/a>\n\t\t\t\t<\/dt><\/dl><dl class='gallery-item'>\n\t\t\t\t<dt class='gallery-icon landscape'>\n\t\t\t\t\t<a class=\"rollover rollover-zoom dt-pswp-item\" title=\"329391439_726257172216964_9169581535727753514_n\" data-dt-img-description=\"\" data-large_image_width=\"447\" data-large_image_height=\"403\"href='https:\/\/www.radiopiu.net\/wordpress\/wp-content\/uploads\/2023\/02\/329391439_726257172216964_9169581535727753514_n.jpg'><img loading=\"lazy\" decoding=\"async\" width=\"150\" height=\"150\" src=\"https:\/\/www.radiopiu.net\/wordpress\/wp-content\/uploads\/2023\/02\/329391439_726257172216964_9169581535727753514_n-150x150.jpg\" class=\"attachment-thumbnail size-thumbnail\" alt=\"\" \/><\/a>\n\t\t\t\t<\/dt><\/dl><dl class='gallery-item'>\n\t\t\t\t<dt class='gallery-icon landscape'>\n\t\t\t\t\t<a class=\"rollover rollover-zoom dt-pswp-item\" title=\"329676875_1225453071711082_8414010916296932725_n\" data-dt-img-description=\"\" data-large_image_width=\"576\" data-large_image_height=\"403\"href='https:\/\/www.radiopiu.net\/wordpress\/wp-content\/uploads\/2023\/02\/329676875_1225453071711082_8414010916296932725_n.jpg'><img loading=\"lazy\" decoding=\"async\" width=\"150\" height=\"150\" src=\"https:\/\/www.radiopiu.net\/wordpress\/wp-content\/uploads\/2023\/02\/329676875_1225453071711082_8414010916296932725_n-150x150.jpg\" class=\"attachment-thumbnail size-thumbnail\" alt=\"\" \/><\/a>\n\t\t\t\t<\/dt><\/dl><dl class='gallery-item'>\n\t\t\t\t<dt class='gallery-icon landscape'>\n\t\t\t\t\t<a class=\"rollover rollover-zoom dt-pswp-item\" title=\"329491193_1198480017449995_5029010649676376198_n\" data-dt-img-description=\"\" data-large_image_width=\"543\" data-large_image_height=\"403\"href='https:\/\/www.radiopiu.net\/wordpress\/wp-content\/uploads\/2023\/02\/329491193_1198480017449995_5029010649676376198_n.jpg'><img loading=\"lazy\" decoding=\"async\" width=\"150\" height=\"150\" src=\"https:\/\/www.radiopiu.net\/wordpress\/wp-content\/uploads\/2023\/02\/329491193_1198480017449995_5029010649676376198_n-150x150.jpg\" class=\"attachment-thumbnail size-thumbnail\" alt=\"\" \/><\/a>\n\t\t\t\t<\/dt><\/dl><dl class='gallery-item'>\n\t\t\t\t<dt class='gallery-icon landscape'>\n\t\t\t\t\t<a class=\"rollover rollover-zoom dt-pswp-item\" title=\"329543714_739222857767488_157380541072582589_n\" data-dt-img-description=\"\" data-large_image_width=\"617\" data-large_image_height=\"403\"href='https:\/\/www.radiopiu.net\/wordpress\/wp-content\/uploads\/2023\/02\/329543714_739222857767488_157380541072582589_n.jpg'><img loading=\"lazy\" decoding=\"async\" width=\"150\" height=\"150\" src=\"https:\/\/www.radiopiu.net\/wordpress\/wp-content\/uploads\/2023\/02\/329543714_739222857767488_157380541072582589_n-150x150.jpg\" class=\"attachment-thumbnail size-thumbnail\" alt=\"\" \/><\/a>\n\t\t\t\t<\/dt><\/dl><dl class='gallery-item'>\n\t\t\t\t<dt class='gallery-icon landscape'>\n\t\t\t\t\t<a class=\"rollover rollover-zoom dt-pswp-item\" title=\"329665517_5287494151352136_6729631933281855179_n\" data-dt-img-description=\"\" data-large_image_width=\"486\" data-large_image_height=\"403\"href='https:\/\/www.radiopiu.net\/wordpress\/wp-content\/uploads\/2023\/02\/329665517_5287494151352136_6729631933281855179_n.jpg'><img loading=\"lazy\" decoding=\"async\" width=\"150\" height=\"150\" src=\"https:\/\/www.radiopiu.net\/wordpress\/wp-content\/uploads\/2023\/02\/329665517_5287494151352136_6729631933281855179_n-150x150.jpg\" class=\"attachment-thumbnail size-thumbnail\" alt=\"\" \/><\/a>\n\t\t\t\t<\/dt><\/dl><dl class='gallery-item'>\n\t\t\t\t<dt class='gallery-icon landscape'>\n\t\t\t\t\t<a class=\"rollover rollover-zoom dt-pswp-item\" title=\"329806466_908993060294317_5294687858889985838_n\" data-dt-img-description=\"\" data-large_image_width=\"552\" data-large_image_height=\"400\"href='https:\/\/www.radiopiu.net\/wordpress\/wp-content\/uploads\/2023\/02\/329806466_908993060294317_5294687858889985838_n.jpg'><img loading=\"lazy\" decoding=\"async\" width=\"150\" height=\"150\" src=\"https:\/\/www.radiopiu.net\/wordpress\/wp-content\/uploads\/2023\/02\/329806466_908993060294317_5294687858889985838_n-150x150.jpg\" class=\"attachment-thumbnail size-thumbnail\" alt=\"\" \/><\/a>\n\t\t\t\t<\/dt><\/dl><br style=\"clear: both\" \/>\n\t\t\t<\/div>\n\n<p>&nbsp;<\/p>\n<p>NELLE FOTO (riproduzioni dal libro \u201cIgne paese del fuoco\u201d di Ivano Pocchiesa e Mario Fornaro): esempio delle famose strade lastricate da Igne al monte Salta; localit\u00e0 Villa: una vecchia mulattiera; il Rui Pizzol e le sue cascatelle naturali; il misterioso \u201cbrent\u201d della localit\u00e0 Grefa: una grande vasca per l\u2019acqua ricavata da un unico blocco di pietra<\/p>\n","protected":false},"excerpt":{"rendered":"<p>di Renato Bona Dopo tre belle immagini dedicate a \u201cLa loda e il bob\u201d, il libro \u201cIgne paese del fuoco\u201d realizzato nel 2002 con Media diffusion dagli amici e colleghi Ivano Pocchiesa (purtroppo mancato) e Mario Fornaro, col patrocinio del Comune di Longarone e per iniziativa del Gruppo volontari Igne oltre che della Parrocchia di&hellip;<\/p>\n","protected":false},"author":4,"featured_media":320766,"comment_status":"closed","ping_status":"closed","sticky":false,"template":"","format":"standard","meta":{"_monsterinsights_skip_tracking":false,"_monsterinsights_sitenote_active":false,"_monsterinsights_sitenote_note":"","_monsterinsights_sitenote_category":0,"footnotes":""},"categories":[104,49],"tags":[],"class_list":["post-320756","post","type-post","status-publish","format-standard","has-post-thumbnail","hentry","category-evidenza_3","category-news-18","category-104","category-49","description-off"],"img_url":"https:\/\/www.radiopiu.net\/wordpress\/wp-content\/uploads\/2023\/02\/329491193_1198480017449995_5029010649676376198_n.jpg","_links":{"self":[{"href":"https:\/\/www.radiopiu.net\/wordpress\/wp-json\/wp\/v2\/posts\/320756","targetHints":{"allow":["GET"]}}],"collection":[{"href":"https:\/\/www.radiopiu.net\/wordpress\/wp-json\/wp\/v2\/posts"}],"about":[{"href":"https:\/\/www.radiopiu.net\/wordpress\/wp-json\/wp\/v2\/types\/post"}],"author":[{"embeddable":true,"href":"https:\/\/www.radiopiu.net\/wordpress\/wp-json\/wp\/v2\/users\/4"}],"replies":[{"embeddable":true,"href":"https:\/\/www.radiopiu.net\/wordpress\/wp-json\/wp\/v2\/comments?post=320756"}],"version-history":[{"count":0,"href":"https:\/\/www.radiopiu.net\/wordpress\/wp-json\/wp\/v2\/posts\/320756\/revisions"}],"wp:featuredmedia":[{"embeddable":true,"href":"https:\/\/www.radiopiu.net\/wordpress\/wp-json\/wp\/v2\/media\/320766"}],"wp:attachment":[{"href":"https:\/\/www.radiopiu.net\/wordpress\/wp-json\/wp\/v2\/media?parent=320756"}],"wp:term":[{"taxonomy":"category","embeddable":true,"href":"https:\/\/www.radiopiu.net\/wordpress\/wp-json\/wp\/v2\/categories?post=320756"},{"taxonomy":"post_tag","embeddable":true,"href":"https:\/\/www.radiopiu.net\/wordpress\/wp-json\/wp\/v2\/tags?post=320756"}],"curies":[{"name":"wp","href":"https:\/\/api.w.org\/{rel}","templated":true}]}}