{"id":320817,"date":"2023-02-08T05:50:04","date_gmt":"2023-02-08T04:50:04","guid":{"rendered":"https:\/\/www.radiopiu.net\/wordpress\/?p=320817"},"modified":"2023-02-08T09:05:09","modified_gmt":"2023-02-08T08:05:09","slug":"giornale-radiopiu-08-febbraio-2023-direttore-mirko-mezzacasa-verso-i-40-anni-25-giugno-1983-25-giugno-2023","status":"publish","type":"post","link":"https:\/\/www.radiopiu.net\/wordpress\/giornale-radiopiu-08-febbraio-2023-direttore-mirko-mezzacasa-verso-i-40-anni-25-giugno-1983-25-giugno-2023\/","title":{"rendered":"GIORNALE RADIOPIU 08 FEBBRAIO 2023 DIRETTORE MIRKO MEZZACASA&#8230;verso i 40 anni 25 giugno 1983-25 giugno 2023"},"content":{"rendered":"<h3 class=\"kvgmc6g5 cxmmr5t8 oygrvhab hcukyx3x c1et5uql\"><span style=\"color: #0000ff;\"><strong>RADIO PIU INFORMAZIONE il canale su TELEGRAM informazione di prima\u00a0 <\/strong><strong>mano e in tempo reale. iscriviti ed aiutaci a farlo conoscere\u00a0 \u00a0\u00a0<\/strong><\/span><\/h3>\n<p>&nbsp;<\/p>\n<blockquote>\n<h3>BENVENUTI AI GIORNALISTI SCIATORI SULLE NEVI DI ARABBA<\/h3>\n<\/blockquote>\n<p><strong>LIVINALLONGO<\/strong> E&#8217; in corso il\u00a0 79\u00b0 Campionato italiano dei giornalisti: 75 rappresentanti di testate nazionali dei principali organi di informazione del Paese. A presentare il progetto\u00a0 Scarpa \u00e8 invece invervenuto l&#8217;alpinista Herv\u00e8 Barmasse.<\/p>\n\n\t\t\t<style type='text\/css'>\n\t\t\t\t#gallery-1 {\n\t\t\t\t\tmargin: auto;\n\t\t\t\t}\n\t\t\t\t#gallery-1 .gallery-item {\n\t\t\t\t\tfloat: left;\n\t\t\t\t\tmargin-top: 10px;\n\t\t\t\t\ttext-align: center;\n\t\t\t\t\twidth: 20%;\n\t\t\t\t}\n\t\t\t\t#gallery-1 img {\n\t\t\t\t\tborder: 2px solid #cfcfcf;\n\t\t\t\t}\n\t\t\t\t#gallery-1 .gallery-caption {\n\t\t\t\t\tmargin-left: 0;\n\t\t\t\t}\n\t\t\t\t\/* see gallery_shortcode() in wp-includes\/media.php *\/\n\t\t\t<\/style>\n\t\t<div id='gallery-1' class='dt-gallery-container gallery galleryid-320817 gallery-columns-5 gallery-size-thumbnail'><dl class='gallery-item'>\n\t\t\t\t<dt class='gallery-icon portrait'>\n\t\t\t\t\t<a class=\"rollover\" href='https:\/\/www.radiopiu.net\/wordpress\/giornale-radiopiu-08-febbraio-2023-direttore-mirko-mezzacasa-verso-i-40-anni-25-giugno-1983-25-giugno-2023\/321688692_579340920401063_1955777955328246864_n\/'><img loading=\"lazy\" decoding=\"async\" width=\"150\" height=\"150\" src=\"https:\/\/www.radiopiu.net\/wordpress\/wp-content\/uploads\/2023\/02\/321688692_579340920401063_1955777955328246864_n-150x150.jpg\" class=\"attachment-thumbnail size-thumbnail\" alt=\"\" \/><\/a>\n\t\t\t\t<\/dt><\/dl><dl class='gallery-item'>\n\t\t\t\t<dt class='gallery-icon landscape'>\n\t\t\t\t\t<a class=\"rollover\" href='https:\/\/www.radiopiu.net\/wordpress\/giornale-radiopiu-08-febbraio-2023-direttore-mirko-mezzacasa-verso-i-40-anni-25-giugno-1983-25-giugno-2023\/329177133_1040812256835113_3764008261081363642_n\/'><img loading=\"lazy\" decoding=\"async\" width=\"150\" height=\"150\" src=\"https:\/\/www.radiopiu.net\/wordpress\/wp-content\/uploads\/2023\/02\/329177133_1040812256835113_3764008261081363642_n-150x150.jpg\" class=\"attachment-thumbnail size-thumbnail\" alt=\"\" \/><\/a>\n\t\t\t\t<\/dt><\/dl><dl class='gallery-item'>\n\t\t\t\t<dt class='gallery-icon landscape'>\n\t\t\t\t\t<a class=\"rollover\" href='https:\/\/www.radiopiu.net\/wordpress\/giornale-radiopiu-08-febbraio-2023-direttore-mirko-mezzacasa-verso-i-40-anni-25-giugno-1983-25-giugno-2023\/328311264_736698861157697_6363204297564234009_n\/'><img loading=\"lazy\" decoding=\"async\" width=\"150\" height=\"150\" src=\"https:\/\/www.radiopiu.net\/wordpress\/wp-content\/uploads\/2023\/02\/328311264_736698861157697_6363204297564234009_n-150x150.jpg\" class=\"attachment-thumbnail size-thumbnail\" alt=\"\" \/><\/a>\n\t\t\t\t<\/dt><\/dl><dl class='gallery-item'>\n\t\t\t\t<dt class='gallery-icon portrait'>\n\t\t\t\t\t<a class=\"rollover\" href='https:\/\/www.radiopiu.net\/wordpress\/giornale-radiopiu-08-febbraio-2023-direttore-mirko-mezzacasa-verso-i-40-anni-25-giugno-1983-25-giugno-2023\/327084629_872062190677897_7542657009350768817_n\/'><img loading=\"lazy\" decoding=\"async\" width=\"150\" height=\"150\" src=\"https:\/\/www.radiopiu.net\/wordpress\/wp-content\/uploads\/2023\/02\/327084629_872062190677897_7542657009350768817_n-150x150.jpg\" class=\"attachment-thumbnail size-thumbnail\" alt=\"\" \/><\/a>\n\t\t\t\t<\/dt><\/dl><dl class='gallery-item'>\n\t\t\t\t<dt class='gallery-icon landscape'>\n\t\t\t\t\t<a class=\"rollover\" href='https:\/\/www.radiopiu.net\/wordpress\/giornale-radiopiu-08-febbraio-2023-direttore-mirko-mezzacasa-verso-i-40-anni-25-giugno-1983-25-giugno-2023\/326926015_504561618539539_7897643966346748342_n\/'><img loading=\"lazy\" decoding=\"async\" width=\"150\" height=\"150\" src=\"https:\/\/www.radiopiu.net\/wordpress\/wp-content\/uploads\/2023\/02\/326926015_504561618539539_7897643966346748342_n-150x150.jpg\" class=\"attachment-thumbnail size-thumbnail\" alt=\"\" \/><\/a>\n\t\t\t\t<\/dt><\/dl><br style=\"clear: both\" \/>\n\t\t\t<\/div>\n\n<h2 style=\"text-align: left;\"><span style=\"color: #ff0000;\">ISCRIVITI AL NOSTRO CANALE YOUTUBE PER SEGUIRE IN DIRETTA I PRINCIPALI PROGRAMMI DI RADIO PIU&#8217; E LE FUTURE DIRETTE IN ESTERNA. PER ISCRIVERTI <a style=\"color: #ff0000;\" href=\"https:\/\/youtube.com\/@radiopiu1527\">CLICCA QUI<\/a> E PREMI IL TASTO &#8220;Iscriviti&#8221;\u00a0<\/span><\/h2>\n<p>&nbsp;<\/p>\n<hr \/>\n<p>&nbsp;<\/p>\n<blockquote>\n<h3 class=\"entry-title\">ADDIO AL GIORNALISTA DI SKY TG24 E FIRMA DEL \u201cMANIFESTO\u201d PIO D\u2019EMILIA<\/h3>\n<\/blockquote>\n<div dir=\"auto\">\n<blockquote>\n<div dir=\"auto\"><em>Padre dell\u2019ex assessore comunale al turismo di Belluno Yuki D\u2019Emilia\u00a0 alla quale inviamo un messaggio cordoglio.<\/em><\/div>\n<\/blockquote>\n<\/div>\n<p dir=\"auto\"><strong><img loading=\"lazy\" decoding=\"async\" class=\"alignleft\" src=\"https:\/\/www.radiopiu.net\/wordpress\/wp-content\/uploads\/2023\/02\/329690558_590659369543234_6505218274665660782_n-300x300.jpg\" width=\"217\" height=\"217\" \/>REDAZIONE<\/strong>\u00a0Si e\u2019 spento, dopo una lunga malattia, il giornalista Pio d\u2019Emilia, 68 anni. Viveva in Giappone da quarant\u2019anni e da li ha collaborato con varie testate italiane e straniere. Per tutti Pio era soprattutto un grandissimo punto di riferimento per cercare di capire la cultura giapponese.\u00a0 Nel 2011 fu uno dei primi giornalisti ad arrivare nelle zone colpite dal grande disastro che colp\u00ec il Tohoku e soprattutto nell\u2019area evacuata intorno alla centrale di Fukushima dove, con il materiale raccolto, scrisse e produsse un libro: \u201cTsunami Nucleare\u201d e un docufilm: \u201cFukushima, a Nuclear Story\u201d. Durante la pandemia ha collaborato con\u00a0<a class=\"x1i10hfl xjbqb8w x6umtig x1b1mbwd xaqea5y xav7gou x9f619 x1ypdohk xt0psk2 xe8uvvx xdj266r x11i5rnm xat24cr x1mh8g0r xexx8yu x4uap5 x18d9i69 xkhd6sd x16tdsg8 x1hl2dhg xggy1nq x1a2a7pz xt0b8zv x1qq9wsj xo1l8bm\" tabindex=\"0\" role=\"link\" href=\"https:\/\/www.facebook.com\/hashtag\/laltrogiappone?__eep__=6&amp;__cft__[0]=AZW6shrklID7mYYAZDpq1QTUuoivY64RHJi3Me6T6P2FhkeXah_eY6D70OFkcxasR_-OQfa196Gy2_A55zLvqCEeWLoh7IDCMZPX4wKbze4AGVAE5KAjYt1bXHHvavZHDlI&amp;__tn__=*NK-R\">#laltrogiappone<\/a>\u00a0e, di cui era socio onorario, per la realizzazione del progetto \u201c# Covid 19 \u2013 Cronache differite dal Giappone\u201d ed era stato a Napoli durante \u2018evento culturale de l\u2019Altro Giappone al Museo Archeologico Nazionale nel 2021. La notizia della morte del giornalista ha suscitato commozione in Cadore e nel bellunese, ad Auronzo possedeva una abitazione e dove soggiornava quando rientrava in Italia per un periodo di vacanza.<\/p>\n<p dir=\"auto\"><strong>FOTO L\u2019ALTRO GIAPPONE FACEBOOK<\/strong><\/p>\n<p>&nbsp;<\/p>\n<hr \/>\n<p>&nbsp;<\/p>\n<p>&nbsp;<\/p>\n<blockquote>\n<h3>OTTANTENNE INVESTITO AD AGORDO<\/h3>\n<\/blockquote>\n<p><strong><a class=\"dt-pswp-item\" href=\"https:\/\/www.radiopiu.net\/wordpress\/wp-content\/uploads\/2023\/02\/Schermata-2023-02-07-alle-19.26.04.png\" data-dt-img-description=\"\" data-large_image_width=\"1620\" data-large_image_height=\"962\"><img loading=\"lazy\" decoding=\"async\" class=\" wp-image-320975 alignleft\" src=\"https:\/\/www.radiopiu.net\/wordpress\/wp-content\/uploads\/2023\/02\/Schermata-2023-02-07-alle-19.26.04-300x178.png\" alt=\"\" width=\"221\" height=\"131\" srcset=\"https:\/\/www.radiopiu.net\/wordpress\/wp-content\/uploads\/2023\/02\/Schermata-2023-02-07-alle-19.26.04-300x178.png 300w, https:\/\/www.radiopiu.net\/wordpress\/wp-content\/uploads\/2023\/02\/Schermata-2023-02-07-alle-19.26.04-1024x608.png 1024w, https:\/\/www.radiopiu.net\/wordpress\/wp-content\/uploads\/2023\/02\/Schermata-2023-02-07-alle-19.26.04-768x456.png 768w, https:\/\/www.radiopiu.net\/wordpress\/wp-content\/uploads\/2023\/02\/Schermata-2023-02-07-alle-19.26.04-1536x912.png 1536w, https:\/\/www.radiopiu.net\/wordpress\/wp-content\/uploads\/2023\/02\/Schermata-2023-02-07-alle-19.26.04.png 1620w\" sizes=\"auto, (max-width: 221px) 100vw, 221px\" \/><\/a> <\/strong><\/p>\n<p><strong>\u00a0<\/strong><strong>AGORDO<\/strong> Nel primo pomeriggio di ieri \u00e8 stato investito un uomo ad Agordo all&#8217;altezza del Ponte Rova. L&#8217;ottantenne di Agordo, M.A.F., \u00e8 stato soccorso dal SUEM e portato al Pronto Soccorso di Agordo. Non \u00e8 in gravi condizioni. Inevitabili i disagi al traffico con le auto che sono state deviate verso le vie secondarie. Sul posto anche le forze dell&#8217;ordine.<\/p>\n<p>&nbsp;<\/p>\n<hr \/>\n<p>&nbsp;<\/p>\n<blockquote>\n<h3><strong>ANZIANO SOCCORSO IN CASA\u00a0<\/strong><\/h3>\n<\/blockquote>\n<p><strong>BELLUNO<\/strong> I vigili del fuoco dopo aver forzato la porta dell&#8217;appartamento hanno soccorso una persona sulla settantina sofferente. I pompieri l&#8217;hanno trovato in vita, affidandolo all&#8217;ambulanza del 118 per il trasporto in gravi condizioni all&#8217;ospedale San Martino.<\/p>\n<hr \/>\n<blockquote>\n<h3>INFORTUNIO SUL LAVORO<\/h3>\n<\/blockquote>\n<p><strong>BELLUNO<\/strong> Un gran spavento, ma fortunatamente le conseguenze non sono pesanti per l&#8217;uomo di Castoi caduto dalla falciatrice. Ricevute le prime cure da parte dei sanitari e dei vigili del fuoco, l&#8217;uomo ha rifiutato il trasporto all&#8217;ospedale San Martino<\/p>\n<p>&nbsp;<\/p>\n<hr \/>\n<p>&nbsp;<\/p>\n<blockquote>\n<h3>DISTRUGGE LA PUNTO, SE LA CAVA CON FERITE LIEVI<\/h3>\n<\/blockquote>\n<p><strong>ALANO DI PIAVE<\/strong> Disavventura per il cittadino extracomunitario. Si \u00e8 schiantato con la Punto in via Conti. Il 48enne se l&#8217;\u00e8 cavata con una lesione alla spalla. Il veicolo dopo la sbandata \u00e8 capottato per poi concludere la corsa contro il muro. Sul posto l&#8217;ambulanza, rilievi eseguiti dalla polizia stradale di Feltre. Sul posto per le messa in sicurezza del mezzo e della strada i vigili del fuoco.<\/p>\n<p>&nbsp;<\/p>\n<hr \/>\n<p>&nbsp;<\/p>\n<blockquote>\n<h3>INCIDENTE A COL GALLINA, DONNA IN OSPEDALE<\/h3>\n<\/blockquote>\n<p><strong>CORTINA<\/strong>\u00a0 Il sinistro lungo la 48 delle Dolomiti ieri a mezzogiorno. Si sono tamponate una Volkswagen multivan e una Kia e il bilancio \u00e8 di una giovane donna di 25 anni, ferita e soccorsa dall&#8217;ambulanza del Suem 118 per i\u00a0 traumi\u00a0 a un polso e al volto. Illeso, invece, il conducente della multivan.<\/p>\n<p>&nbsp;<\/p>\n<hr \/>\n<p>&nbsp;<\/p>\n<blockquote>\n<h3><a class=\"dt-pswp-item\" href=\"https:\/\/www.radiopiu.net\/wordpress\/wp-content\/uploads\/2019\/02\/558x312xcasello-autostrada-A27-dolomiti.jpg.pagespeed.ic_.AUYLIYSelj.jpg\" data-dt-img-description=\"\" data-large_image_width=\"558\" data-large_image_height=\"312\"><img loading=\"lazy\" decoding=\"async\" class=\"wp-image-75528 alignleft\" src=\"https:\/\/www.radiopiu.net\/wordpress\/wp-content\/uploads\/2019\/02\/558x312xcasello-autostrada-A27-dolomiti.jpg.pagespeed.ic_.AUYLIYSelj-300x168.jpg\" alt=\"\" width=\"187\" height=\"105\" srcset=\"https:\/\/www.radiopiu.net\/wordpress\/wp-content\/uploads\/2019\/02\/558x312xcasello-autostrada-A27-dolomiti.jpg.pagespeed.ic_.AUYLIYSelj-300x168.jpg 300w, https:\/\/www.radiopiu.net\/wordpress\/wp-content\/uploads\/2019\/02\/558x312xcasello-autostrada-A27-dolomiti.jpg.pagespeed.ic_.AUYLIYSelj.jpg 558w\" sizes=\"auto, (max-width: 187px) 100vw, 187px\" \/><\/a>INCIDENTE TRA I CASELLI DELL&#8217;AUTOSTRADA A 27<\/h3>\n<\/blockquote>\n<p><strong>VITTORIO VENETO\u00a0<\/strong> Una persona leggermente ferita sulla autostrada A27. L&#8217;incidente\u00a0 tra una vettura che procedeva contromano: scendeva in corsia nord tra i due caselli di Vittorio Veneto. Alla guida un 27enne di origini ghanesi. Non \u00e8 riuscito ad evitare l&#8217;impatto con l&#8217;auto che procedeva verso nord in un&#8217;area di cantiere verso la galleria Monte Baldo. \u00a0Il 27enne potrebbe aver imboccato l&#8217;entrata di Vittorio Veneto Nord o ancora quella del Fadalto e aver percorso quindi un lungo tratto, o peggio quella di Belluno. Non si esclude che possa aver fatto inversione con l&#8217;auto e cambiato senso di marcia.<\/p>\n<p>&nbsp;<\/p>\n<hr \/>\n<p>&nbsp;<\/p>\n<blockquote>\n<h3>DOMANI I FUNERALI DI IGOR<\/h3>\n<\/blockquote>\n<p><a class=\"dt-pswp-item\" href=\"https:\/\/www.radiopiu.net\/wordpress\/wp-content\/uploads\/2023\/02\/Senza-nome-18.jpg\" data-dt-img-description=\"\" data-large_image_width=\"219\" data-large_image_height=\"149\"><img loading=\"lazy\" decoding=\"async\" class=\"size-full wp-image-321006 alignleft\" src=\"https:\/\/www.radiopiu.net\/wordpress\/wp-content\/uploads\/2023\/02\/Senza-nome-18.jpg\" alt=\"\" width=\"219\" height=\"149\" \/><\/a><strong>BORGO VALBELLUNA<\/strong> I funerali di Igor Schiocchet, lo sfortunato pilota dell&#8217;elicottero incorso nell&#8217;incidente in Friuli la scorsa settimana si terranno domani alle 15 nella chiesa parrocchiale di S. Antonio Tortal. Una comunit\u00e0 \u00e8 pronta a portare la propria solidariet\u00e0 alla moglie Simonetta, ai figli Mattia e Giada con Igor, pap\u00e0 Paolo con Barbara, parenti ed amici.<\/p>\n<p>&nbsp;<\/p>\n<p>&nbsp;<\/p>\n<hr \/>\n<p>&nbsp;<\/p>\n<blockquote>\n<h3>IL LADRO ASSETATO DEI RISTORANTI FELTRINI<\/h3>\n<\/blockquote>\n<p><strong><a class=\"dt-pswp-item\" href=\"https:\/\/www.radiopiu.net\/wordpress\/wp-content\/uploads\/2023\/02\/th-6.jpg\" data-dt-img-description=\"\" data-large_image_width=\"474\" data-large_image_height=\"474\"><img loading=\"lazy\" decoding=\"async\" class=\"wp-image-321008 alignleft\" src=\"https:\/\/www.radiopiu.net\/wordpress\/wp-content\/uploads\/2023\/02\/th-6-300x300.jpg\" alt=\"\" width=\"166\" height=\"166\" srcset=\"https:\/\/www.radiopiu.net\/wordpress\/wp-content\/uploads\/2023\/02\/th-6-300x300.jpg 300w, https:\/\/www.radiopiu.net\/wordpress\/wp-content\/uploads\/2023\/02\/th-6-150x150.jpg 150w, https:\/\/www.radiopiu.net\/wordpress\/wp-content\/uploads\/2023\/02\/th-6.jpg 474w\" sizes=\"auto, (max-width: 166px) 100vw, 166px\" \/><\/a>FELTRE<\/strong> Un malvivente, forse con dei complici. In azione alla Locanda di via Montelungo e al Mizu all&#8217;Altanon. Non una banda ma un ladro solitario e assetato visto sia alla Locanda che al ristorante orientale si \u00e8 fermato anche a bere prima di prendere l&#8217;uscio per la fuga. Nessuna forzatura di porte o finestre, pi\u00f9 semplicemente il malvivente \u00e8 entrato da porte secondarie\u00a0 (era quindi ben informato) uscendo da quelle di sicurezza apribili a spinta. Rubate\u00a0 le mance per i dipendenti e il fondo cassa. Al ristorante\u00a0 Mizu l&#8217;operazione entra-ruba ed esci \u00e8 stata immortalata dalle telecamere. Anche qui hanno preso il volo le mance e il poco fondo cassa. Entrambi gli episodi sono stati denunciati ai carabinieri di Feltre<\/p>\n<p>&nbsp;<\/p>\n<hr \/>\n<p>&nbsp;<\/p>\n<blockquote>\n<h3>SEMPRE TROPPI GLI UBRIACHI ALLA GUIDA, PROSEGUONO I CONTROLLI DEI CARABINIERI<\/h3>\n<\/blockquote>\n<p align=\"JUSTIFY\"><strong><img loading=\"lazy\" decoding=\"async\" class=\"alignleft\" src=\"https:\/\/www.radiopiu.net\/wordpress\/wp-content\/uploads\/2023\/02\/14aef018-ac71-436f-9bb3-24849d68d125.jpg\" width=\"282\" height=\"188\" \/>BELLUNO\u00a0<\/strong> Settanta persone sottoposte ad accertamento, sei patenti ritirate e altrettante persone deferite in stato di libert\u00e0 per guida in stato di ebbrezza. Un uomo \u00e8 stato denunciato poich\u00e9 positivo a sostanze stupefacenti. Tre mezzi sottoposti a sequestro. E&#8217; il risultato del servizio di controllo del territorio, coordinato dal Comando Provinciale dei Carabinieri finalizzato alla prevenzione degli incidenti. Gli uomini dell&#8217;Arma hanno operato\u00a0 nel comprensorio di Cortina, oltre 15 pattuglie e oltre 30 militari hanno monitorato le principali arterie stradali e aree isolate del territorio, 30 i veicoli controllati nei tanti posti di blocco delle Stazioni Carabinieri di <a class=\"dt-pswp-item\" href=\"https:\/\/www.radiopiu.net\/wordpress\/wp-content\/uploads\/2023\/02\/Schermata-2022-09-07-alle-17.41.41-150x150-1.png\" data-dt-img-description=\"\" data-large_image_width=\"150\" data-large_image_height=\"150\"><img loading=\"lazy\" decoding=\"async\" class=\"size-full wp-image-320864 alignright\" src=\"https:\/\/www.radiopiu.net\/wordpress\/wp-content\/uploads\/2023\/02\/Schermata-2022-09-07-alle-17.41.41-150x150-1.png\" alt=\"\" width=\"150\" height=\"150\" \/><\/a>Cortina, San Vito di Cadore, Vigo di Cadore e Santo Stefano. I servizi si ripeteranno ancora, nelle prossime settimane, in diverse aree della provincia.<\/p>\n<blockquote>\n<p align=\"JUSTIFY\"><em> \u201cQui non si tratta di contrastare il divertimento, la voglia di stare insieme e passare del tempo in allegria, ma di rendere chiaro un concetto piuttosto semplice: non ci si pone alla guida in stato di alterazione psicofisica. L\u2019assunzione di alcool o droghe non \u00e8 compatibile con la conduzione di mezzi, e pone a serio rischio l\u2019incolumit\u00e0 di chi guida, perch\u00e9 non \u00e8 reattivo di fronte a qualsivoglia evenienza, dall\u2019animale che attraversa la strada al ghiaccio lungo il percorso, ma mette in pericolo anche gli altri utenti della strada o chi passeggia lungo le strade\u201d <\/em>ha detto il Colonnello Enrico Pigozzo Comandante Provinciale dell&#8217;Arma dei Carabinieri (foto).<\/p>\n<\/blockquote>\n<p>&nbsp;<\/p>\n<hr \/>\n<p>&nbsp;<\/p>\n<blockquote>\n<h3 class=\"entry-title\">ALTVELOX CRITICO CON IL CONTROLLO DELLA VELOCITA\u2019<\/h3>\n<\/blockquote>\n<p><strong><a href=\"https:\/\/www.radiopiu.net\/wordpress\/wp-content\/uploads\/2023\/02\/d7d372_9c63315ec9b84725a0e67c62d3726a1a_mv2.webp\"><img loading=\"lazy\" decoding=\"async\" class=\"size-medium wp-image-320964 alignleft\" src=\"https:\/\/www.radiopiu.net\/wordpress\/wp-content\/uploads\/2023\/02\/d7d372_9c63315ec9b84725a0e67c62d3726a1a_mv2-228x300.webp\" sizes=\"auto, (max-width: 228px) 100vw, 228px\" srcset=\"https:\/\/www.radiopiu.net\/wordpress\/wp-content\/uploads\/2023\/02\/d7d372_9c63315ec9b84725a0e67c62d3726a1a_mv2-228x300.webp 228w, https:\/\/www.radiopiu.net\/wordpress\/wp-content\/uploads\/2023\/02\/d7d372_9c63315ec9b84725a0e67c62d3726a1a_mv2.webp 324w\" alt=\"\" width=\"228\" height=\"300\" \/><\/a>BELLUNO<\/strong>\u00a0Un gruppo di avvocati si riconosce in Altvelox che \u00e8 anche una pagina internet parecchio consultata. Oggi \u00e8 finita sotto alla lente di ingrandimento la postazione di controllo\u00a0 lungo la statale 50 al chilometro 11.\u00a0<em>\u201cDove la banchina non esiste \u2013 attaccano gli avvocati \u2013 pertanto questa strada per come risulta oggi strutturata, non presenta le caratteristiche di legge per autorizzare l\u2019installazione e l\u2019utilizzo di un autovelox in modalit\u00e0 automatica, ovvero privo della presenza di operatori di polizia\u201d.<\/em>\u00a0Anche il\u00a0<img loading=\"lazy\" decoding=\"async\" class=\"alignright\" src=\"https:\/\/www.radiopiu.net\/wordpress\/wp-content\/uploads\/2023\/02\/d7d372_028bb92efbc847b2b75f3cb9c0ae4b37_mv2.webp\" width=\"194\" height=\"291\" \/>Comitato Civico di Salce, con una protesta pubblica aveva gi\u00e0 denunciato l\u2019utilizzo improprio e soprattutto la posizione in cui era stato posizionato l\u2019autovelox.\u00a0\u00a0<strong>IL FATTO ODIERNO<\/strong>\u00a0<span class=\"_2PHJq public-DraftStyleDefault-ltr\">Ieri mattina, alle 10.45 il Comune di Belluno \u2013 Polizia Locale, aveva posizionato l\u2019autovelox all\u2019interno del box fisso e quindi stava effettuando controllo elettronico della velocit\u00e0 (secondo Altvelox ) senza la presenza del personale. Sulla strada statale 50 non vi era alcun cartello mobile che pre-segnalava il controllo in atto. <\/span><span class=\"_2PHJq public-DraftStyleDefault-ltr\">Per quanto scrive la\u00a0<strong><u class=\"_3zM-5\">Suprema Corte di Cassazione<\/u><\/strong>\u00a0con l\u2019ultima sentenza, ha condannato il Comune di Motta di Livenza (TV) al risarcimento di un automobilista multato ingiustamente da un autovelox, posto in una strada urbana di scorrimento, non corrispondente tra quelle che il Codice della Strada ammette alla rilevazione elettronica della velocit\u00e0 senza la presenza del personale di polizia.\u00a0<em>\u00a0\u201cA<\/em><\/span><span class=\"_2PHJq public-DraftStyleDefault-ltr\"><em>uspichiamo -conclude Altvelox.it un immediato intervento del Prefetto di Belluno al fine di interrompere le attivit\u00e0 di controllo della Polizia Locale su quel tratto della S.S.50 Km.11+00 modificando il decreto autorizzativo vigente\u201d<\/em>.<\/span><\/p>\n<p>&nbsp;<\/p>\n<p>&nbsp;<\/p>\n<hr \/>\n<p>&nbsp;<\/p>\n<blockquote>\n<h3>OGGI LA MANIFESTAZIONE PER SCONGIURARE LA CHIUSURA DELLO STABILIMENTO SAFILO A LONGARONE<\/h3>\n<\/blockquote>\n<p><strong><a class=\"dt-pswp-item\" href=\"https:\/\/www.radiopiu.net\/wordpress\/wp-content\/uploads\/2023\/01\/SAFILO.png\" data-dt-img-description=\"\" data-large_image_width=\"766\" data-large_image_height=\"492\"><img loading=\"lazy\" decoding=\"async\" class=\" wp-image-318963 alignleft\" src=\"https:\/\/www.radiopiu.net\/wordpress\/wp-content\/uploads\/2023\/01\/SAFILO-300x193.png\" alt=\"\" width=\"190\" height=\"122\" srcset=\"https:\/\/www.radiopiu.net\/wordpress\/wp-content\/uploads\/2023\/01\/SAFILO-300x193.png 300w, https:\/\/www.radiopiu.net\/wordpress\/wp-content\/uploads\/2023\/01\/SAFILO.png 766w\" sizes=\"auto, (max-width: 190px) 100vw, 190px\" \/><\/a>BELLUNO <\/strong>E&#8217; in programma oggi la manifestazione delle sigle sindacali per scongiurare la chiusura dello stabilimento Safilo a Longarone.\u00a0 <span style=\"color: #000000; font-family: Helvetica;\">\u201cLa grande manifestazione che si svolge mercoled\u00ec 8 febbraio per il dichiarato disinteressamento della propriet\u00e0 sullo stabilimento Safilo di Longarone, si lega idealmente alla manifestazione di Mel del 13 novembre 2021, in cui tutti i soggetti politici, sindacali e istituzionali si riunirono in un grande momento di solidariet\u00e0 e partecipazione nei confronti dei lavoratori della Ceramica Dolomite e della Acc, ma anche per la salvaguardia della relativa struttura industriale &#8211; afferma Milena Cesca della FEMCA CISL &#8211; Allo stesso modo vuole essere questo l&#8217;inizio di un percorso che deve vedere un livello ancora maggiore di attenzione, perch\u00e8 impatta su un settore quale l&#8217;occhialeria determinante per il territorio. Un settore che nel territorio Bellunese rappresenta l\u201980% della produzione globale e occupa quasi 14.000 persone su un totale di 18.000 circa, questo solo con l&#8217;occupazione diretta e senza contare l&#8217;indotto. <\/span><span style=\"color: #000000; font-family: Helvetica;\">Ma perch\u00e8 l&#8217;azione sindacale e politica \u00e8 cos\u00ec importante in questa fase? Semplicemente perch\u00e8 dentro una pi\u00f9 complessiva trasformazione di tutto il mondo dell&#8217;occhialeria, legato da una parte alle scelte strategiche delle grandi griffe e dal cambio delle storiche propriet\u00e0, a farne le spese saranno, se non si interviene in maniera decisa, le lavoratrici e i lavoratori e, tra questi, i meno qualificati o quelli con limitazioni fisiche causate da anni di lavoro sulle linee di produzione. <\/span><span style=\"color: #000000; font-family: Helvetica;\">Due sono i filoni dell&#8217;azione sindacale, da una parte quello di carattere strategico, in primis la formazione, con i quasi 3 milioni di euro cofinanziati da Regione Veneto e parti datoriali, dall&#8217;altra una forte azione negoziale e rivendicativa, come quella che stiamo mettendo in campo finalizzata a influenzare in maniera positiva le scelte del management Safilo e degli azionisti. <\/span><span style=\"color: #000000; font-family: Helvetica;\">Siccome sono questi processi che partono da lontano, fanno specie alcune dichiarazioni di qualche giorno fa di Tabacchi che tendono a individuare rispetto alla situazione dell&#8217;Azienda, responsabilit\u00e0 parziali e non ben motivate, bisognerebbe chiedersi invece come mai Safilo negli ultimi 15 anni ha perso dal proprio portafoglio le principali griffe quali Armani, Gucci, Dior ecc., finendo per cessare di essere quel riferimento per la produzione degli occhiali di lusso che negli anni ne ha fatto la fortuna. I<\/span><span style=\"color: #000000; font-family: Helvetica;\">l sindacato &#8211; conclude Cesca &#8211; \u00e8 impegnato con le sue migliori energie e insieme al mondo della politica e istituzioni sul territorio per far s\u00ec che l&#8217;occhialeria continui ad essere una parte fondamentale dell&#8217;economia della provincia, con la consapevolezza che nessuno deve rimanere escluso, a partire dai pi\u00f9 fragili e con la lungimiranza di chi deve trovare soluzioni per l&#8217;immediato, ma anche di lungo respiro che garantiscano continuit\u00e0, crescita professionale e prospettive ai lavoratori di oggi e ai giovani di domani\u201d.<\/span><\/p>\n<p>&nbsp;<\/p>\n<hr \/>\n<p>&nbsp;<\/p>\n<blockquote>\n<h3>GARA DEL GAS: SINDACI ED EX SENATORE ASSOLTI<\/h3>\n<\/blockquote>\n<p><strong><a class=\"dt-pswp-item\" href=\"https:\/\/www.radiopiu.net\/wordpress\/wp-content\/uploads\/2020\/07\/FIAMMA-GAS.jpg\" data-dt-img-description=\"\" data-large_image_width=\"1920\" data-large_image_height=\"1440\"><img loading=\"lazy\" decoding=\"async\" class=\" wp-image-150271 alignleft\" src=\"https:\/\/www.radiopiu.net\/wordpress\/wp-content\/uploads\/2020\/07\/FIAMMA-GAS-300x225.jpg\" alt=\"\" width=\"175\" height=\"131\" srcset=\"https:\/\/www.radiopiu.net\/wordpress\/wp-content\/uploads\/2020\/07\/FIAMMA-GAS-300x225.jpg 300w, https:\/\/www.radiopiu.net\/wordpress\/wp-content\/uploads\/2020\/07\/FIAMMA-GAS-1024x768.jpg 1024w, https:\/\/www.radiopiu.net\/wordpress\/wp-content\/uploads\/2020\/07\/FIAMMA-GAS-768x576.jpg 768w, https:\/\/www.radiopiu.net\/wordpress\/wp-content\/uploads\/2020\/07\/FIAMMA-GAS-1536x1152.jpg 1536w, https:\/\/www.radiopiu.net\/wordpress\/wp-content\/uploads\/2020\/07\/FIAMMA-GAS.jpg 1920w\" sizes=\"auto, (max-width: 175px) 100vw, 175px\" \/><\/a>FELTRE<\/strong> Tutti assolti con formula piena gli amministratori finiti sotto processo con l&#8217;accusa di aver turbato la gara del gas in provincia di Belluno. Si tratta di Paolo Perenzin, ex sindaco di Feltre, Bruno Zanolla, primo cittadino di Quero Vas e amministratore unico di Bim Infrastrutture e\u00a0Giovanni Piccoli, direttore tecnico dell&#8217; stesso ente. Oggi la sentenza del Gup dove \u00e8 stato dichiarato che il fatto non sussiste. &#8220;<em>Siamo sempre stati fiduciosi che la magistratura avrebbe chiarito la vicenda e cos\u00ec \u00e8 stato. La giustizia ha appurato ci\u00f2 di cui non abbiamo mai dubitato, ovvero la totale mancanza di illeciti e l\u2019assoluta insussistenza di qualsiasi ipotesi di reato, assolvendo con formula piena perch\u00e9 il fatto non sussiste il gi\u00e0 Sindaco di Feltre Paolo Perenzin. La soddisfazione per questa verit\u00e0 acclarata dai giudici \u00e8 certamente grande, l&#8217;amico Paolo \u00e8 sempre stato un esempio, si \u00e8 sempre impegnato esclusivamente per il bene della collettivit\u00e0, senza alcun interesse di parte, operando sempre con chiarezza, trasparenza e onest\u00e0. Nei suoi anni di Sindaco e di Consigliere Provinciale ha cercato di perseguire e tutelare l\u2019interesse pubblico, credendo fermamente nel territorio e nei valori della nostra comunit\u00e0 locale<\/em>&#8221; dicono dal Gruppo Politico &#8220;Cittadinanza e Partecipazione&#8221; di Feltre.<\/p>\n<p>&nbsp;<\/p>\n<p>&nbsp;<\/p>\n<hr \/>\n<p>&nbsp;<\/p>\n<blockquote>\n<h3>CAVALLO BLOCCATO NEL GELO DEL TORRENTE LIERA, L&#8217;INTERVENTO DEI VIGILI DEL FUOCO<\/h3>\n<\/blockquote>\n<p><strong>CANALE D&#8217;AGORDO<\/strong> Nel pomeriggio di ieri i vigili del fuoco sono intervenuti in localit\u00e0 Pian de Sabion nei pressi del campeggio Lastei per soccorrere un cavallo, rimasto bloccato dal freddo nell\u2019acqua gelata in mezzo al torrente Liera. I pompieri accorsi dal locale distaccamento sono riusciti a tirare fuori l\u2019animale, l\u2019hanno asciugato e provato a riscaldare, fino all\u2019intervento del veterinario che ha somministrato delle flebo per cercare di far rialzare il cavallo al momento molto debole.<\/p>\n\n\t\t\t<style type='text\/css'>\n\t\t\t\t#gallery-2 {\n\t\t\t\t\tmargin: auto;\n\t\t\t\t}\n\t\t\t\t#gallery-2 .gallery-item {\n\t\t\t\t\tfloat: left;\n\t\t\t\t\tmargin-top: 10px;\n\t\t\t\t\ttext-align: center;\n\t\t\t\t\twidth: 33%;\n\t\t\t\t}\n\t\t\t\t#gallery-2 img {\n\t\t\t\t\tborder: 2px solid #cfcfcf;\n\t\t\t\t}\n\t\t\t\t#gallery-2 .gallery-caption {\n\t\t\t\t\tmargin-left: 0;\n\t\t\t\t}\n\t\t\t\t\/* see gallery_shortcode() in wp-includes\/media.php *\/\n\t\t\t<\/style>\n\t\t<div id='gallery-2' class='dt-gallery-container gallery galleryid-320817 gallery-columns-3 gallery-size-thumbnail'><dl class='gallery-item'>\n\t\t\t\t<dt class='gallery-icon landscape'>\n\t\t\t\t\t<a class=\"rollover rollover-zoom dt-pswp-item\" title=\"383fc5c1-4907-48a4-9678-d8e4225e2fe2\" data-dt-img-description=\"\" data-large_image_width=\"836\" data-large_image_height=\"620\"href='https:\/\/www.radiopiu.net\/wordpress\/wp-content\/uploads\/2023\/02\/383fc5c1-4907-48a4-9678-d8e4225e2fe2-1.jpg'><img loading=\"lazy\" decoding=\"async\" width=\"150\" height=\"150\" src=\"https:\/\/www.radiopiu.net\/wordpress\/wp-content\/uploads\/2023\/02\/383fc5c1-4907-48a4-9678-d8e4225e2fe2-1-150x150.jpg\" class=\"attachment-thumbnail size-thumbnail\" alt=\"\" \/><\/a>\n\t\t\t\t<\/dt><\/dl><dl class='gallery-item'>\n\t\t\t\t<dt class='gallery-icon landscape'>\n\t\t\t\t\t<a class=\"rollover rollover-zoom dt-pswp-item\" title=\"f2b49c7a-817e-485f-be33-d282f0732e49\" data-dt-img-description=\"\" data-large_image_width=\"964\" data-large_image_height=\"728\"href='https:\/\/www.radiopiu.net\/wordpress\/wp-content\/uploads\/2023\/02\/f2b49c7a-817e-485f-be33-d282f0732e49-1.jpg'><img loading=\"lazy\" decoding=\"async\" width=\"150\" height=\"150\" src=\"https:\/\/www.radiopiu.net\/wordpress\/wp-content\/uploads\/2023\/02\/f2b49c7a-817e-485f-be33-d282f0732e49-1-150x150.jpg\" class=\"attachment-thumbnail size-thumbnail\" alt=\"\" \/><\/a>\n\t\t\t\t<\/dt><\/dl><dl class='gallery-item'>\n\t\t\t\t<dt class='gallery-icon landscape'>\n\t\t\t\t\t<a class=\"rollover rollover-zoom dt-pswp-item\" title=\"003d749b-db68-48a9-83c6-0d5461869fda\" data-dt-img-description=\"\" data-large_image_width=\"964\" data-large_image_height=\"780\"href='https:\/\/www.radiopiu.net\/wordpress\/wp-content\/uploads\/2023\/02\/003d749b-db68-48a9-83c6-0d5461869fda-1.jpg'><img loading=\"lazy\" decoding=\"async\" width=\"150\" height=\"150\" src=\"https:\/\/www.radiopiu.net\/wordpress\/wp-content\/uploads\/2023\/02\/003d749b-db68-48a9-83c6-0d5461869fda-1-150x150.jpg\" class=\"attachment-thumbnail size-thumbnail\" alt=\"\" \/><\/a>\n\t\t\t\t<\/dt><\/dl><br style=\"clear: both\" \/><dl class='gallery-item'>\n\t\t\t\t<dt class='gallery-icon portrait'>\n\t\t\t\t\t<a class=\"rollover rollover-zoom dt-pswp-item\" title=\"6c565b4d-04e9-438d-9639-6e7766c29780\" data-dt-img-description=\"\" data-large_image_width=\"896\" data-large_image_height=\"1192\"href='https:\/\/www.radiopiu.net\/wordpress\/wp-content\/uploads\/2023\/02\/6c565b4d-04e9-438d-9639-6e7766c29780-1.jpg'><img loading=\"lazy\" decoding=\"async\" width=\"150\" height=\"150\" src=\"https:\/\/www.radiopiu.net\/wordpress\/wp-content\/uploads\/2023\/02\/6c565b4d-04e9-438d-9639-6e7766c29780-1-150x150.jpg\" class=\"attachment-thumbnail size-thumbnail\" alt=\"\" \/><\/a>\n\t\t\t\t<\/dt><\/dl><dl class='gallery-item'>\n\t\t\t\t<dt class='gallery-icon portrait'>\n\t\t\t\t\t<a class=\"rollover rollover-zoom dt-pswp-item\" title=\"783dbb33-b298-425a-9c66-71bbb2adfedd\" data-dt-img-description=\"\" data-large_image_width=\"880\" data-large_image_height=\"1220\"href='https:\/\/www.radiopiu.net\/wordpress\/wp-content\/uploads\/2023\/02\/783dbb33-b298-425a-9c66-71bbb2adfedd-1.jpg'><img loading=\"lazy\" decoding=\"async\" width=\"150\" height=\"150\" src=\"https:\/\/www.radiopiu.net\/wordpress\/wp-content\/uploads\/2023\/02\/783dbb33-b298-425a-9c66-71bbb2adfedd-1-150x150.jpg\" class=\"attachment-thumbnail size-thumbnail\" alt=\"\" \/><\/a>\n\t\t\t\t<\/dt><\/dl>\n\t\t\t\t<br style='clear: both' \/>\n\t\t\t<\/div>\n\n<p>&nbsp;<\/p>\n<hr \/>\n<p>&nbsp;<\/p>\n<blockquote>\n<h3><a class=\"dt-pswp-item\" href=\"https:\/\/www.radiopiu.net\/wordpress\/wp-content\/uploads\/2023\/02\/Senza-nome-19.jpg\" data-dt-img-description=\"\" data-large_image_width=\"114\" data-large_image_height=\"154\"><img loading=\"lazy\" decoding=\"async\" class=\" wp-image-321010 alignleft\" src=\"https:\/\/www.radiopiu.net\/wordpress\/wp-content\/uploads\/2023\/02\/Senza-nome-19.jpg\" alt=\"\" width=\"73\" height=\"99\" \/><\/a>IN VIA DI GUARIGIONE LA LUPA INVESTITA<\/h3>\n<\/blockquote>\n<p><strong>TREVISO<\/strong> La lupa investita sabato a Levego e sottoposta alle cure del Cras di Treviso \u00e8 in buone condizioni. \u00a0Ancora sotto osservazione, ieri la lupa riusciva a camminare in autonomia, dando dunque segni di ripresa.<\/p>\n<p>&nbsp;<\/p>\n<p>&nbsp;<\/p>\n<hr \/>\n<p>&nbsp;<\/p>\n<blockquote>\n<h3>LA CICLABILE BRIBANO-CENCENIGHE CAMBIA TRACCIATO<\/h3>\n<\/blockquote>\n<p><strong><a class=\"dt-pswp-item\" href=\"https:\/\/www.radiopiu.net\/wordpress\/wp-content\/uploads\/2020\/12\/Pista_ciclabile_1.jpg\" data-dt-img-description=\"\" data-large_image_width=\"1870\" data-large_image_height=\"1282\"><img loading=\"lazy\" decoding=\"async\" class=\" wp-image-181344 alignleft\" src=\"https:\/\/www.radiopiu.net\/wordpress\/wp-content\/uploads\/2020\/12\/Pista_ciclabile_1-300x206.jpg\" alt=\"\" width=\"197\" height=\"135\" srcset=\"https:\/\/www.radiopiu.net\/wordpress\/wp-content\/uploads\/2020\/12\/Pista_ciclabile_1-300x206.jpg 300w, https:\/\/www.radiopiu.net\/wordpress\/wp-content\/uploads\/2020\/12\/Pista_ciclabile_1-1024x702.jpg 1024w, https:\/\/www.radiopiu.net\/wordpress\/wp-content\/uploads\/2020\/12\/Pista_ciclabile_1-768x527.jpg 768w, https:\/\/www.radiopiu.net\/wordpress\/wp-content\/uploads\/2020\/12\/Pista_ciclabile_1-1536x1053.jpg 1536w, https:\/\/www.radiopiu.net\/wordpress\/wp-content\/uploads\/2020\/12\/Pista_ciclabile_1.jpg 1870w\" sizes=\"auto, (max-width: 197px) 100vw, 197px\" \/><\/a>AGORDO<\/strong><\/p>\n<p>di Gianni Santomaso<\/p>\n<audio class=\"wp-audio-shortcode\" id=\"audio-320817-1\" preload=\"none\" style=\"width: 100%;\" controls=\"controls\"><source type=\"audio\/mpeg\" src=\"https:\/\/www.radiopiu.net\/wordpress\/wp-content\/uploads\/2023\/02\/GIANNI-LA-CICLABILE-BRIBANO-CENCENIGHE-CAMBIA-TRACCIATO.mp3?_=1\" \/><a href=\"https:\/\/www.radiopiu.net\/wordpress\/wp-content\/uploads\/2023\/02\/GIANNI-LA-CICLABILE-BRIBANO-CENCENIGHE-CAMBIA-TRACCIATO.mp3\">https:\/\/www.radiopiu.net\/wordpress\/wp-content\/uploads\/2023\/02\/GIANNI-LA-CICLABILE-BRIBANO-CENCENIGHE-CAMBIA-TRACCIATO.mp3<\/a><\/audio>\n<p>&nbsp;<\/p>\n<p>&nbsp;<\/p>\n<hr \/>\n<p>&nbsp;<\/p>\n<blockquote>\n<h3 style=\"text-align: left;\">AUMENTATI I FONDI PER I SENTIERI DI MONTAGNA<\/h3>\n<h3 style=\"text-align: left;\"><a class=\"dt-pswp-item\" href=\"https:\/\/www.radiopiu.net\/wordpress\/wp-content\/uploads\/2023\/02\/FOTO-incontro-scaled.jpg\" data-dt-img-description=\"\" data-large_image_width=\"2560\" data-large_image_height=\"1416\"><img loading=\"lazy\" decoding=\"async\" class=\"size-medium wp-image-320889 alignleft\" src=\"https:\/\/www.radiopiu.net\/wordpress\/wp-content\/uploads\/2023\/02\/FOTO-incontro-300x166.jpg\" alt=\"\" width=\"300\" height=\"166\" srcset=\"https:\/\/www.radiopiu.net\/wordpress\/wp-content\/uploads\/2023\/02\/FOTO-incontro-300x166.jpg 300w, https:\/\/www.radiopiu.net\/wordpress\/wp-content\/uploads\/2023\/02\/FOTO-incontro-1024x567.jpg 1024w, https:\/\/www.radiopiu.net\/wordpress\/wp-content\/uploads\/2023\/02\/FOTO-incontro-768x425.jpg 768w, https:\/\/www.radiopiu.net\/wordpress\/wp-content\/uploads\/2023\/02\/FOTO-incontro-1536x850.jpg 1536w, https:\/\/www.radiopiu.net\/wordpress\/wp-content\/uploads\/2023\/02\/FOTO-incontro-2048x1133.jpg 2048w\" sizes=\"auto, (max-width: 300px) 100vw, 300px\" \/><\/a><\/h3>\n<\/blockquote>\n<p><strong>VENEZIA<\/strong> Incontro in laguna organizzato dal consigliere regionale Silvia Cestaro. La delegazione \u00a0ricevuta dall\u2019assessore al turismo Federico Caner.\u00a0 Obiettivo\u00a0 avviare un confronto con la Regione sulla distribuzione e l\u2019aumento dei fondi finalizzati alla manutenzione di sentieri e ferrate, previsti dalla legge regionale. Per l\u2019anno 2023 il fondo, da ripartire tra i territori del Veneto, \u00e8 stato aumentato. <em>\u201cSiamo soddisfatti, &#8211; commenta il coordinatore Gianluigi Topran d\u2019Agata &#8211; i lavori alla rete sentieristica e alle ferrate sono sempre tanti e impegnativi, poter contare su maggiori contributi \u00e8 per noi fondamentale. Il turista, quando si rivolge ai Consorzi turistici per avere informazioni su cosa visitare e cosa fare, come prima cosa chiede indicazioni su escursioni e passeggiate. Da qui l\u2019importanza, per l\u2019economia turistica del nostro territorio, di avere sempre una rete sentieristica percorribile, ben segnalata, e ferrate sicure&#8221;.<\/em><\/p>\n<p>foto <span dir=\"ltr\" role=\"presentation\">Renato Frigo <\/span><span dir=\"ltr\" role=\"presentation\">presidente regionale Cai,\u00a0 Franco Marchionni e Maurizio<\/span><br role=\"presentation\" \/><span dir=\"ltr\" role=\"presentation\">Dissegna, Enrico Geremia presidente\u00a0 Collegio regionale Guide Alpine del Veneto,<\/span><br role=\"presentation\" \/><span dir=\"ltr\" role=\"presentation\">Giovanni Beato coordinatore del Coordinamento sezioni vicentine, Gianluigi <\/span><span dir=\"ltr\" role=\"presentation\">Topran d\u2019Agata, presidente della sezione Val Comelico, Angelo Ennio De Simoi <\/span><span dir=\"ltr\" role=\"presentation\">presidente della sezione di Feltre,\u00a0 Laura De Rocco\u00a0 presidente della <\/span><span dir=\"ltr\" role=\"presentation\">sezione<\/span> <span dir=\"ltr\" role=\"presentation\">Val<\/span> <span dir=\"ltr\" role=\"presentation\">di<\/span> <span dir=\"ltr\" role=\"presentation\">Zoldo, <\/span>\u00a0<span dir=\"ltr\" role=\"presentation\">Ennio<\/span> <span dir=\"ltr\" role=\"presentation\">Vigne<\/span> <span dir=\"ltr\" role=\"presentation\">presidente<\/span> <span dir=\"ltr\" role=\"presentation\">Uncem<\/span> <span dir=\"ltr\" role=\"presentation\">Veneto, <\/span><span dir=\"ltr\" role=\"presentation\">Pierluigi<\/span> <span dir=\"ltr\" role=\"presentation\">Svaluto<\/span> <span dir=\"ltr\" role=\"presentation\">Ferro<\/span> <span dir=\"ltr\" role=\"presentation\">presidente<\/span> <span dir=\"ltr\" role=\"presentation\">Unione<\/span> <span dir=\"ltr\" role=\"presentation\">montana<\/span> <span dir=\"ltr\" role=\"presentation\">Centro<\/span> <span dir=\"ltr\" role=\"presentation\">Cadore<\/span> <span dir=\"ltr\" role=\"presentation\">e<\/span> <span dir=\"ltr\" role=\"presentation\">Giuseppe <\/span><span dir=\"ltr\" role=\"presentation\">Casagrande vice presidente.\u00a0<\/span><\/p>\n<p>&nbsp;<\/p>\n<hr \/>\n<p>&nbsp;<\/p>\n<blockquote>\n<h3>AFFIDATI I LAVORI DI ADEGUAMENTO DELLA SP3 A RIVAMONTE<\/h3>\n<\/blockquote>\n<p><strong><a class=\"dt-pswp-item\" href=\"https:\/\/www.radiopiu.net\/wordpress\/wp-content\/uploads\/2021\/09\/DJI_0031-scaled.jpg\" data-dt-img-description=\"\" data-large_image_width=\"2560\" data-large_image_height=\"1920\"><img loading=\"lazy\" decoding=\"async\" class=\" wp-image-232640 alignleft\" src=\"https:\/\/www.radiopiu.net\/wordpress\/wp-content\/uploads\/2021\/09\/DJI_0031-300x225.jpg\" alt=\"\" width=\"179\" height=\"134\" srcset=\"https:\/\/www.radiopiu.net\/wordpress\/wp-content\/uploads\/2021\/09\/DJI_0031-300x225.jpg 300w, https:\/\/www.radiopiu.net\/wordpress\/wp-content\/uploads\/2021\/09\/DJI_0031-1024x768.jpg 1024w, https:\/\/www.radiopiu.net\/wordpress\/wp-content\/uploads\/2021\/09\/DJI_0031-768x576.jpg 768w, https:\/\/www.radiopiu.net\/wordpress\/wp-content\/uploads\/2021\/09\/DJI_0031-1536x1152.jpg 1536w, https:\/\/www.radiopiu.net\/wordpress\/wp-content\/uploads\/2021\/09\/DJI_0031-2048x1536.jpg 2048w\" sizes=\"auto, (max-width: 179px) 100vw, 179px\" \/><\/a>RIVAMONTE<\/strong><\/p>\n<p>di Gianni Santomaso<\/p>\n<audio class=\"wp-audio-shortcode\" id=\"audio-320817-2\" preload=\"none\" style=\"width: 100%;\" controls=\"controls\"><source type=\"audio\/mpeg\" src=\"https:\/\/www.radiopiu.net\/wordpress\/wp-content\/uploads\/2023\/02\/GIANNI-AFFIDATI-I-LAVORI-DI-ADEGUAMENTO-DELLA-SP3.mp3?_=2\" \/><a href=\"https:\/\/www.radiopiu.net\/wordpress\/wp-content\/uploads\/2023\/02\/GIANNI-AFFIDATI-I-LAVORI-DI-ADEGUAMENTO-DELLA-SP3.mp3\">https:\/\/www.radiopiu.net\/wordpress\/wp-content\/uploads\/2023\/02\/GIANNI-AFFIDATI-I-LAVORI-DI-ADEGUAMENTO-DELLA-SP3.mp3<\/a><\/audio>\n<p>&nbsp;<\/p>\n<hr \/>\n<p>&nbsp;<\/p>\n<blockquote>\n<h3>DISTRETTO DEL COMMERCIO DI FELTRE E PEDAVENA, PRIMO APPUNTAMENTO LUNEDI&#8217;<\/h3>\n<\/blockquote>\n<p><a class=\"dt-pswp-item\" href=\"https:\/\/www.radiopiu.net\/wordpress\/wp-content\/uploads\/2023\/02\/th-5.jpg\" data-dt-img-description=\"\" data-large_image_width=\"474\" data-large_image_height=\"355\"><img loading=\"lazy\" decoding=\"async\" class=\" wp-image-320890 alignleft\" src=\"https:\/\/www.radiopiu.net\/wordpress\/wp-content\/uploads\/2023\/02\/th-5-300x225.jpg\" alt=\"\" width=\"152\" height=\"114\" srcset=\"https:\/\/www.radiopiu.net\/wordpress\/wp-content\/uploads\/2023\/02\/th-5-300x225.jpg 300w, https:\/\/www.radiopiu.net\/wordpress\/wp-content\/uploads\/2023\/02\/th-5.jpg 474w\" sizes=\"auto, (max-width: 152px) 100vw, 152px\" \/><\/a><\/p>\n<p><strong>FELTRE\/PEDAVENA<\/strong> Distretto del Commercio di Feltre e Pedavena, si parte: appuntamento luned\u00ec 13 con l&#8217;incontro rivolto ai commercianti del due comuni per spiegare loro il progetto e i prossimi bandi.<\/p>\n<p><strong>di Daniele Dalvit<\/strong><\/p>\n<audio class=\"wp-audio-shortcode\" id=\"audio-320817-3\" preload=\"none\" style=\"width: 100%;\" controls=\"controls\"><source type=\"audio\/mpeg\" src=\"https:\/\/www.radiopiu.net\/wordpress\/wp-content\/uploads\/2023\/02\/DALVIT-DISTRETTO-COMMERCIO.mp3?_=3\" \/><a href=\"https:\/\/www.radiopiu.net\/wordpress\/wp-content\/uploads\/2023\/02\/DALVIT-DISTRETTO-COMMERCIO.mp3\">https:\/\/www.radiopiu.net\/wordpress\/wp-content\/uploads\/2023\/02\/DALVIT-DISTRETTO-COMMERCIO.mp3<\/a><\/audio>\n<p>&nbsp;<\/p>\n<hr \/>\n<p>&nbsp;<\/p>\n<blockquote>\n<h3>IL SOLITO PASSAGGIO A RASO<\/h3>\n<\/blockquote>\n<p style=\"font-weight: 400;\"><strong>Di William Da Roit<\/strong><\/p>\n<p style=\"font-weight: 400;\">Continua, dal luglio scorso,\u00a0 l&#8217;arroganza degli autisti dei bilici di legname al passaggio della strettoia di La Valle.\u00a0 Innumerevoli le segnalazioni a Comune, ditta e forze dell&#8217;ordine ma non sembra ci sia una soluzione possibile se non quella dell&#8217;allargamento del passaggio proprio per merito di questi mezzi con il conseguente indebolimento dell&#8217;edificio che comprende bar e negozio del panificio El Forner. Quando ci sar\u00e0 un buco nel muro raccoglieremo i panini in strada.<\/p>\n<div style=\"width: 848px;\" class=\"wp-video\"><video class=\"wp-video-shortcode\" id=\"video-320817-1\" width=\"848\" height=\"480\" preload=\"metadata\" controls=\"controls\"><source type=\"video\/mp4\" src=\"https:\/\/www.radiopiu.net\/wordpress\/wp-content\/uploads\/2023\/02\/WhatsApp-Video-2023-02-07-at-20.29.10.mp4?_=1\" \/><a href=\"https:\/\/www.radiopiu.net\/wordpress\/wp-content\/uploads\/2023\/02\/WhatsApp-Video-2023-02-07-at-20.29.10.mp4\">https:\/\/www.radiopiu.net\/wordpress\/wp-content\/uploads\/2023\/02\/WhatsApp-Video-2023-02-07-at-20.29.10.mp4<\/a><\/video><\/div>\n<p>&nbsp;<\/p>\n<hr \/>\n<p>&nbsp;<\/p>\n<p><strong>di Tiziano De Col\u00a0<\/strong><\/p>\n\n\t\t\t<style type='text\/css'>\n\t\t\t\t#gallery-3 {\n\t\t\t\t\tmargin: auto;\n\t\t\t\t}\n\t\t\t\t#gallery-3 .gallery-item {\n\t\t\t\t\tfloat: left;\n\t\t\t\t\tmargin-top: 10px;\n\t\t\t\t\ttext-align: center;\n\t\t\t\t\twidth: 20%;\n\t\t\t\t}\n\t\t\t\t#gallery-3 img {\n\t\t\t\t\tborder: 2px solid #cfcfcf;\n\t\t\t\t}\n\t\t\t\t#gallery-3 .gallery-caption {\n\t\t\t\t\tmargin-left: 0;\n\t\t\t\t}\n\t\t\t\t\/* see gallery_shortcode() in wp-includes\/media.php *\/\n\t\t\t<\/style>\n\t\t<div id='gallery-3' class='dt-gallery-container gallery galleryid-320817 gallery-columns-5 gallery-size-thumbnail'><dl class='gallery-item'>\n\t\t\t\t<dt class='gallery-icon landscape'>\n\t\t\t\t\t<a class=\"rollover rollover-zoom dt-pswp-item\" title=\"49ff2718-b817-4c5c-b924-3de2285b6b91\" data-dt-img-description=\"\" data-large_image_width=\"606\" data-large_image_height=\"354\"href='https:\/\/www.radiopiu.net\/wordpress\/wp-content\/uploads\/2023\/02\/49ff2718-b817-4c5c-b924-3de2285b6b91.jpg'><img loading=\"lazy\" decoding=\"async\" width=\"150\" height=\"150\" src=\"https:\/\/www.radiopiu.net\/wordpress\/wp-content\/uploads\/2023\/02\/49ff2718-b817-4c5c-b924-3de2285b6b91-150x150.jpg\" class=\"attachment-thumbnail size-thumbnail\" alt=\"\" \/><\/a>\n\t\t\t\t<\/dt><\/dl><dl class='gallery-item'>\n\t\t\t\t<dt class='gallery-icon landscape'>\n\t\t\t\t\t<a class=\"rollover rollover-zoom dt-pswp-item\" title=\"9b81f1d3-e802-471a-8a83-893e079de74a\" data-dt-img-description=\"\" data-large_image_width=\"604\" data-large_image_height=\"353\"href='https:\/\/www.radiopiu.net\/wordpress\/wp-content\/uploads\/2023\/02\/9b81f1d3-e802-471a-8a83-893e079de74a.jpg'><img loading=\"lazy\" decoding=\"async\" width=\"150\" height=\"150\" src=\"https:\/\/www.radiopiu.net\/wordpress\/wp-content\/uploads\/2023\/02\/9b81f1d3-e802-471a-8a83-893e079de74a-150x150.jpg\" class=\"attachment-thumbnail size-thumbnail\" alt=\"\" \/><\/a>\n\t\t\t\t<\/dt><\/dl><dl class='gallery-item'>\n\t\t\t\t<dt class='gallery-icon landscape'>\n\t\t\t\t\t<a class=\"rollover rollover-zoom dt-pswp-item\" title=\"03148604-7b77-426b-ae86-8f3f0784811e\" data-dt-img-description=\"\" data-large_image_width=\"606\" data-large_image_height=\"347\"href='https:\/\/www.radiopiu.net\/wordpress\/wp-content\/uploads\/2023\/02\/03148604-7b77-426b-ae86-8f3f0784811e.jpg'><img loading=\"lazy\" decoding=\"async\" width=\"150\" height=\"150\" src=\"https:\/\/www.radiopiu.net\/wordpress\/wp-content\/uploads\/2023\/02\/03148604-7b77-426b-ae86-8f3f0784811e-150x150.jpg\" class=\"attachment-thumbnail size-thumbnail\" alt=\"\" \/><\/a>\n\t\t\t\t<\/dt><\/dl><dl class='gallery-item'>\n\t\t\t\t<dt class='gallery-icon landscape'>\n\t\t\t\t\t<a class=\"rollover rollover-zoom dt-pswp-item\" title=\"2473a004-af64-4fd0-ae51-3fece2cab20d\" data-dt-img-description=\"\" data-large_image_width=\"592\" data-large_image_height=\"361\"href='https:\/\/www.radiopiu.net\/wordpress\/wp-content\/uploads\/2023\/02\/2473a004-af64-4fd0-ae51-3fece2cab20d.jpg'><img loading=\"lazy\" decoding=\"async\" width=\"150\" height=\"150\" src=\"https:\/\/www.radiopiu.net\/wordpress\/wp-content\/uploads\/2023\/02\/2473a004-af64-4fd0-ae51-3fece2cab20d-150x150.jpg\" class=\"attachment-thumbnail size-thumbnail\" alt=\"\" \/><\/a>\n\t\t\t\t<\/dt><\/dl><dl class='gallery-item'>\n\t\t\t\t<dt class='gallery-icon landscape'>\n\t\t\t\t\t<a class=\"rollover rollover-zoom dt-pswp-item\" title=\"39b71d77-9eb3-40d3-b829-53d49f2f687f\" data-dt-img-description=\"\" data-large_image_width=\"618\" data-large_image_height=\"357\"href='https:\/\/www.radiopiu.net\/wordpress\/wp-content\/uploads\/2023\/02\/39b71d77-9eb3-40d3-b829-53d49f2f687f.jpg'><img loading=\"lazy\" decoding=\"async\" width=\"150\" height=\"150\" src=\"https:\/\/www.radiopiu.net\/wordpress\/wp-content\/uploads\/2023\/02\/39b71d77-9eb3-40d3-b829-53d49f2f687f-150x150.jpg\" class=\"attachment-thumbnail size-thumbnail\" alt=\"\" \/><\/a>\n\t\t\t\t<\/dt><\/dl><br style=\"clear: both\" \/>\n\t\t\t<\/div>\n\n<p>&nbsp;<\/p>\n<hr \/>\n<p>&nbsp;<\/p>\n<blockquote>\n<h3>RINNOVATA LA CONVENZIONE CON L\u2019AIL PER \u201cPRONTO EMATOLOGIA\u201d<\/h3>\n<\/blockquote>\n<p><strong><a class=\"dt-pswp-item\" href=\"https:\/\/www.radiopiu.net\/wordpress\/wp-content\/uploads\/2022\/07\/AIL-BELLUNO.jpg\" data-dt-img-description=\"\" data-large_image_width=\"237\" data-large_image_height=\"213\"><img loading=\"lazy\" decoding=\"async\" class=\" wp-image-287251 alignleft\" src=\"https:\/\/www.radiopiu.net\/wordpress\/wp-content\/uploads\/2022\/07\/AIL-BELLUNO.jpg\" alt=\"\" width=\"129\" height=\"116\" \/><\/a>BELLUNO <\/strong>E\u2019 stata rinnovata la convenzione con l\u2019AIL sezione di Belluno per la realizzazione del progetto \u201cPronto Ematologia\u201d. Il progetto \u00e8 finalizzato a promuovere la condivisione di percorsi diagnostici\/terapeutici, dare risoluzione a quesiti assistenziali, favorire l\u2019appropriato accesso dei pazienti alla rete ospedaliera, sviluppare maggiore affinit\u00e0 tra Medico di Medicina Generale ed Ospedale. Nell\u2019ambito della convenzione, AIL\u00a0 assicura una consulenza specialistica da parte di un medico esperto. Di norma, gli accessi settimanali saranno tre, per complessive diciotto ore L\u2019Ulss Dolomiti ringrazia l\u2019AIL, sempre attenta a supportare i bisogni della nostra Azienda con generosit\u00e0: in questi anni il progetto \u201cPronto Ematologia\u201d ha contribuito a dare una risposta locale ai nostri pazienti.<\/p>\n<p>&nbsp;<\/p>\n<p>&nbsp;<\/p>\n<hr \/>\n<p>&nbsp;<\/p>\n<blockquote>\n<h3>CALALZO SARA&#8217; UN COMUNE PIU&#8217; TECNOLOGICO GRAZIE AI FONDI PNRR<\/h3>\n<\/blockquote>\n<p><strong><a class=\"dt-pswp-item\" href=\"https:\/\/www.radiopiu.net\/wordpress\/wp-content\/uploads\/2020\/04\/fibra-ottica.jpg\" data-dt-img-description=\"\" data-large_image_width=\"1920\" data-large_image_height=\"1280\"><img loading=\"lazy\" decoding=\"async\" class=\" wp-image-133161 alignleft\" src=\"https:\/\/www.radiopiu.net\/wordpress\/wp-content\/uploads\/2020\/04\/fibra-ottica-300x200.jpg\" alt=\"\" width=\"152\" height=\"101\" srcset=\"https:\/\/www.radiopiu.net\/wordpress\/wp-content\/uploads\/2020\/04\/fibra-ottica-300x200.jpg 300w, https:\/\/www.radiopiu.net\/wordpress\/wp-content\/uploads\/2020\/04\/fibra-ottica-1024x683.jpg 1024w, https:\/\/www.radiopiu.net\/wordpress\/wp-content\/uploads\/2020\/04\/fibra-ottica-768x512.jpg 768w, https:\/\/www.radiopiu.net\/wordpress\/wp-content\/uploads\/2020\/04\/fibra-ottica-1536x1024.jpg 1536w, https:\/\/www.radiopiu.net\/wordpress\/wp-content\/uploads\/2020\/04\/fibra-ottica.jpg 1920w\" sizes=\"auto, (max-width: 152px) 100vw, 152px\" \/><\/a>CALALZO DI CADORE<\/strong> Cinque progetti per oltre 116mila euro di finanziamento dal PNRR: il Comune di Calalzo lavora sull&#8217;informatizzazione e digitalizzazione, e grazie a questi fondi potr\u00e0 realizzare importanti operazioni che, spiega il sindaco Luca De Carlo, \u201cci consentiranno di garantire e di migliorare i servizi ai nostri cittadini\u201d. Si tratta infatti di azioni che consentono di migliorare il rapporto e la comunicazione tra il cittadino e la pubblica amministrazione: si va dalla Piattaforma Digitale Nazionale Dati, che consente di condividere con gli altri enti pubblici i dati cos\u00ec da non costringere gli abitanti a richiedere nuovamente informazioni gi\u00e0 in possesso della pubblica amministrazione, all&#8217;Abilitazione e facilitazione migrazione al Cloud, che consente una conservazione dei dati pi\u00f9 sicura e al tempo stesso raggiungibile da qualunque luogo; c&#8217;\u00e8 poi l&#8217;adozione dell&#8217;App IO, che consentir\u00e0 l&#8217;accesso ai servizi, la Digitalizzazione degli avvisi pubblici, che permetter\u00e0 di accorciare i tempi e tagliare i costi delle comunicazioni tra amministrazione e cittadini, e Esperienza del Cittadino nei servizi pubblici, che porter\u00e0 miglioramenti nel sito web e nei servizi digitali offerti dall&#8217;amministrazione.<\/p>\n<p>&nbsp;<\/p>\n<p>&nbsp;<\/p>\n<hr \/>\n<p>&nbsp;<\/p>\n<blockquote>\n<h3>GIUNTA COMUNALE IN VISITA AL FULCIS<\/h3>\n<\/blockquote>\n<p><strong><a class=\"dt-pswp-item\" href=\"https:\/\/www.radiopiu.net\/wordpress\/wp-content\/uploads\/2023\/02\/Visita-mostra-Mattotti-e-Buzzati.jpeg\" data-dt-img-description=\"\" data-large_image_width=\"1600\" data-large_image_height=\"1200\"><img loading=\"lazy\" decoding=\"async\" class=\" wp-image-320957 alignleft\" src=\"https:\/\/www.radiopiu.net\/wordpress\/wp-content\/uploads\/2023\/02\/Visita-mostra-Mattotti-e-Buzzati-300x225.jpeg\" alt=\"\" width=\"160\" height=\"120\" srcset=\"https:\/\/www.radiopiu.net\/wordpress\/wp-content\/uploads\/2023\/02\/Visita-mostra-Mattotti-e-Buzzati-300x225.jpeg 300w, https:\/\/www.radiopiu.net\/wordpress\/wp-content\/uploads\/2023\/02\/Visita-mostra-Mattotti-e-Buzzati-1024x768.jpeg 1024w, https:\/\/www.radiopiu.net\/wordpress\/wp-content\/uploads\/2023\/02\/Visita-mostra-Mattotti-e-Buzzati-768x576.jpeg 768w, https:\/\/www.radiopiu.net\/wordpress\/wp-content\/uploads\/2023\/02\/Visita-mostra-Mattotti-e-Buzzati-1536x1152.jpeg 1536w, https:\/\/www.radiopiu.net\/wordpress\/wp-content\/uploads\/2023\/02\/Visita-mostra-Mattotti-e-Buzzati.jpeg 1600w\" sizes=\"auto, (max-width: 160px) 100vw, 160px\" \/><\/a>BELLUNO <\/strong>Giunta comunale in visita alla mostra \u201cMattotti&amp;Buzzati. La famosa invasione degli orsi in Sicilia\u201d. A illustrare l\u2019esposizione al sindaco e alla sua squadra, lo stesso assessore alla cultura Raffaele Addamiano. \u201cPalazzo Fulcis \u00e8 un gioiello\u00a0 \u2013 commenta il sindaco, Oscar De Pellegrin &#8211; e mostre come questa attirano visitatori da fuori provincia, favorendo quella destagionalizzazione di cui la nostra citt\u00e0 ha bisogno. La cultura muove l\u2019economia, a dirlo sono i numeri dei visitatori\u201d. A illustrare l\u2019origine dell\u2019esposizione, le illustrazioni esposte e il romanzo a cui sono legate \u00e8 stato l\u2019assessore Addamiano per il quale l\u2019incontro di ieri ha un valore che va oltre l\u2019arricchimento personale di ciascuno.<\/p>\n<p>&nbsp;<\/p>\n<p>&nbsp;<\/p>\n<hr \/>\n<p>&nbsp;<\/p>\n<blockquote>\n<h3>NUOVO PARCO GIOCHI A SOCCHER<\/h3>\n<\/blockquote>\n<p><strong><a class=\"dt-pswp-item\" href=\"https:\/\/www.radiopiu.net\/wordpress\/wp-content\/uploads\/2023\/02\/Parco_di_Soccher.jpg\" data-dt-img-description=\"\" data-large_image_width=\"1317\" data-large_image_height=\"985\"><img loading=\"lazy\" decoding=\"async\" class=\" wp-image-320912 alignleft\" src=\"https:\/\/www.radiopiu.net\/wordpress\/wp-content\/uploads\/2023\/02\/Parco_di_Soccher-300x224.jpg\" alt=\"\" width=\"194\" height=\"145\" srcset=\"https:\/\/www.radiopiu.net\/wordpress\/wp-content\/uploads\/2023\/02\/Parco_di_Soccher-300x224.jpg 300w, https:\/\/www.radiopiu.net\/wordpress\/wp-content\/uploads\/2023\/02\/Parco_di_Soccher-1024x766.jpg 1024w, https:\/\/www.radiopiu.net\/wordpress\/wp-content\/uploads\/2023\/02\/Parco_di_Soccher-768x574.jpg 768w, https:\/\/www.radiopiu.net\/wordpress\/wp-content\/uploads\/2023\/02\/Parco_di_Soccher.jpg 1317w\" sizes=\"auto, (max-width: 194px) 100vw, 194px\" \/><\/a>PONTE NELLE ALPI <\/strong>Si sono conclusi i lavori di riqualificazione del parco giochi a Soccher.\u00a0 A questo proposito, l\u2019amministrazione comunale di Ponte nelle Alpi ha investito 80mila euro per la sistemazione, la manutenzione e l\u2019implementazione dei parchi nel territorio. \u00abC\u2019\u00e8 la comune convinzione &#8211; ha sottolineato l\u2019assessora Marta Viel, durante il sopralluogo svoltosi oggi &#8211; dell\u2019importanza del gioco all\u2019aria aperta, del movimento, degli stimoli da offrire a creativit\u00e0 e immaginazione e del fatto che il benessere di un bambino passi necessariamente attraverso il gioco e le opportunit\u00e0 pi\u00f9 varie di apprendimento\u00bb.<span class=\"gmail-Apple-converted-space\"> \u00a0<\/span>Grande soddisfazione per gli interventi nei paesi viene espressa anche da Oliseo Salvagno, consigliere comunale e assessore in Unione montana: \u00abL\u2019amministrazione ha messo al centro del programma le frazioni. Ora le associazioni e i gruppi di volontariato di Soccher, condividendo il percorso con i residenti e il Comune, stabiliranno la data dell\u2019inaugurazione e a chi sar\u00e0 intitolato il nuovo parco giochi\u00bb.<span class=\"gmail-Apple-converted-space\">\u00a0<\/span><\/p>\n<p>&nbsp;<\/p>\n<p>&nbsp;<\/p>\n<hr \/>\n<p>&nbsp;<\/p>\n<blockquote>\n<h3>IL BIALNCIO DI FAMILY AUDIT A PALAZZO PILONI<\/h3>\n<\/blockquote>\n<p><strong>BELLUNO <\/strong>Sono passati quasi tre anni da quando ha preso il via il Progetto Family Audit, frutto della collaborazione tra il Consorzio BIM Piave di Belluno e la Provincia di Trento, che sta coinvolgendo tre Pubbliche Amministrazioni (Comune di Feltre, Provincia di Belluno e Azienda Feltrina per i Servizi alla Persona) e cinque imprese bellunesi. Tutte queste realt\u00e0 hanno gi\u00e0 ottenuto la certificazione Family Audit e nel corso dei prossimi anni si impegneranno a portare avanti i rispettivi piani d\u2019azione, definiti internamente per raggiungere e migliorare il benessere aziendale. \u00c8 arrivato quindi il momento di fare un bilancio del progetto e di conoscere qual \u00e8 stato il percorso di ciascuna azienda e istituzione. Per questo ho il piacere di invitarLa gioved\u00ec 23 febbraio, dalle 10 alle 12, nella Sala Affreschi di Palazzo Piloni a Belluno all\u2019evento \u201c<em>Family Audit, un cambiamento culturale per il territorio bellunese<\/em>\u201d.<\/p>\n<p>&nbsp;<\/p>\n<p>&nbsp;<\/p>\n<hr \/>\n<p>&nbsp;<\/p>\n<blockquote>\n<h3>PIERO FASSINO INCONTRA LE ASSOCIAZIONI DI CATEGORIA DEL BELLUNESE<\/h3>\n<\/blockquote>\n<p><strong>BELLUNO <\/strong>Venerd\u00ec, Ezio Paganin,\u00a0 il Presidente dell\u2019Assemblea provinciale del Partito Democratico, d\u2019intesa con la Segretaria, Monica Lotto, ha organizzato un primo incontro tra il deputato Piero Fassino e le Associazioni di Categoria provinciali. L\u2019iniziativa si inquadra\u00a0 nel progetto di collaborazione che il PD di Belluno intende avere con il mondo del lavoro provinciale e regionale e con le parti sociali con l\u2019obiettivo di cogliere i loro bisogni e istanze\u00a0 da sostenere a livello parlamentare<\/p>\n<p>&nbsp;<\/p>\n<p>&nbsp;<\/p>\n<hr \/>\n<p>&nbsp;<\/p>\n<blockquote>\n<h3>PER SAN VALENTINO A CORTINA D\u2019AMPEZZO&#8230;SCOCCA LA FRECCIA!<\/h3>\n<\/blockquote>\n<p><strong><a class=\"dt-pswp-item\" href=\"https:\/\/www.radiopiu.net\/wordpress\/wp-content\/uploads\/2023\/02\/Scocca-la-Freccia-Post-Instagram-Quadrato-scaled.jpg\" data-dt-img-description=\"\" data-large_image_width=\"2560\" data-large_image_height=\"2560\"><img loading=\"lazy\" decoding=\"async\" class=\" wp-image-320920 alignleft\" src=\"https:\/\/www.radiopiu.net\/wordpress\/wp-content\/uploads\/2023\/02\/Scocca-la-Freccia-Post-Instagram-Quadrato-300x300.jpg\" alt=\"\" width=\"135\" height=\"135\" srcset=\"https:\/\/www.radiopiu.net\/wordpress\/wp-content\/uploads\/2023\/02\/Scocca-la-Freccia-Post-Instagram-Quadrato-300x300.jpg 300w, https:\/\/www.radiopiu.net\/wordpress\/wp-content\/uploads\/2023\/02\/Scocca-la-Freccia-Post-Instagram-Quadrato-1024x1024.jpg 1024w, https:\/\/www.radiopiu.net\/wordpress\/wp-content\/uploads\/2023\/02\/Scocca-la-Freccia-Post-Instagram-Quadrato-150x150.jpg 150w, https:\/\/www.radiopiu.net\/wordpress\/wp-content\/uploads\/2023\/02\/Scocca-la-Freccia-Post-Instagram-Quadrato-768x768.jpg 768w, https:\/\/www.radiopiu.net\/wordpress\/wp-content\/uploads\/2023\/02\/Scocca-la-Freccia-Post-Instagram-Quadrato-1536x1536.jpg 1536w, https:\/\/www.radiopiu.net\/wordpress\/wp-content\/uploads\/2023\/02\/Scocca-la-Freccia-Post-Instagram-Quadrato-2048x2048.jpg 2048w\" sizes=\"auto, (max-width: 135px) 100vw, 135px\" \/><\/a>CORTINA <\/strong>San Valentino da sogno a Cortina d\u2019Ampezzo: la Regina delle Dolomiti \u00e8 Regina di Cuori grazie all\u2019iniziativa promossa da Tofana Freccia nel Cielo in partnership con Cortina IN: \u201cScocca la Freccia\u201d. Il pacchetto* nei giorni dal 10 al 18 febbraio, in concomitanza con la Festa degli innamorati, raccoglie in un bouquet inimitabile esperienze da vivere in due, toccando il cielo con un dito: Soggiorno di due notti per due persone, incluso welcome setup all\u2019arrivo e una ricca colazione. Transfer da\/a impianti di risalita di Tofana Freccia nel Cielo. Due giorni di skipass per due persone nel comprensorio sciistico di Tofana Freccia nel Cielo. Dessert a tema San Valentino offerto a mezzogiorno del 14 febbraio c\/o i rifugi Masi Wine Bar al Drusci\u00e8, Ristorante Col Drusci\u00e8 1778, Capanna Ra Valles. \u201cScocca la Freccia\u201d \u00e8 l\u2019opportunit\u00e0 unica di condividere momenti che profumano di sogni in compagnia della propria dolce met\u00e0, con la dolcezza di realizzarli in luoghi che sono garanzia di meraviglia, oltrech\u00e9 di un\u2019offerta sciistica e gourmet di alto livello, abbracciati dalla bellezza delle Dolomiti Patrimonio Mondiale. Inoltre, ad accrescere l\u2019unicit\u00e0 dei giorni insieme, due eventi, promossi dalla societ\u00e0 Tofana Freccia nel Cielo,\u00a0 regalano nuovi significati alla parola \u201cemozione\u201d: l&#8217;Astrocena a Col Drusci\u00e8 il 10 febbraio e la sciata all&#8217;alba a Ra Valles l&#8217;11 e 18 febbraio. <u>Per info e prenotazioni: <\/u>TOFANA FRECCIA NEL CIELO: 0436 5052\u00a0 <a href=\"mailto:tofanacortina@freccianelcielo.com\">tofanacortina@freccianelcielo.com<\/a><\/p>\n<p>&nbsp;<\/p>\n<p>&nbsp;<\/p>\n<hr \/>\n<p>&nbsp;<\/p>\n<blockquote>\n<h3>HERBALIFE SUPPORTERA&#8217; IL COMITATO ORGANIZZATORE DI MILANO CORTINA 2026<\/h3>\n<\/blockquote>\n<p><strong><a class=\"dt-pswp-item\" href=\"https:\/\/www.radiopiu.net\/wordpress\/wp-content\/uploads\/2023\/02\/3e5bf41d-ca41-4fd6-8782-00e361c2f447.jpg\" data-dt-img-description=\"\" data-large_image_width=\"1600\" data-large_image_height=\"1340\"><img loading=\"lazy\" decoding=\"async\" class=\" wp-image-320938 alignleft\" src=\"https:\/\/www.radiopiu.net\/wordpress\/wp-content\/uploads\/2023\/02\/3e5bf41d-ca41-4fd6-8782-00e361c2f447-300x251.jpg\" alt=\"\" width=\"173\" height=\"145\" srcset=\"https:\/\/www.radiopiu.net\/wordpress\/wp-content\/uploads\/2023\/02\/3e5bf41d-ca41-4fd6-8782-00e361c2f447-300x251.jpg 300w, https:\/\/www.radiopiu.net\/wordpress\/wp-content\/uploads\/2023\/02\/3e5bf41d-ca41-4fd6-8782-00e361c2f447-1024x858.jpg 1024w, https:\/\/www.radiopiu.net\/wordpress\/wp-content\/uploads\/2023\/02\/3e5bf41d-ca41-4fd6-8782-00e361c2f447-768x643.jpg 768w, https:\/\/www.radiopiu.net\/wordpress\/wp-content\/uploads\/2023\/02\/3e5bf41d-ca41-4fd6-8782-00e361c2f447-1536x1286.jpg 1536w, https:\/\/www.radiopiu.net\/wordpress\/wp-content\/uploads\/2023\/02\/3e5bf41d-ca41-4fd6-8782-00e361c2f447.jpg 1600w\" sizes=\"auto, (max-width: 173px) 100vw, 173px\" \/><\/a>CORTINA<\/strong><\/p>\n<p>di Roberto Bona<\/p>\n<audio class=\"wp-audio-shortcode\" id=\"audio-320817-4\" preload=\"none\" style=\"width: 100%;\" controls=\"controls\"><source type=\"audio\/mpeg\" src=\"https:\/\/www.radiopiu.net\/wordpress\/wp-content\/uploads\/2023\/02\/HerbalifeCortinaMilano2026.mp3?_=4\" \/><a href=\"https:\/\/www.radiopiu.net\/wordpress\/wp-content\/uploads\/2023\/02\/HerbalifeCortinaMilano2026.mp3\">https:\/\/www.radiopiu.net\/wordpress\/wp-content\/uploads\/2023\/02\/HerbalifeCortinaMilano2026.mp3<\/a><\/audio>\n<p>&nbsp;<\/p>\n<hr \/>\n<p>&nbsp;<\/p>\n<blockquote>\n<h3><span dir=\"ltr\" role=\"presentation\">AIUTI ECONOMICI AGLI STUDENTI AGORDINI ISCRITTI AL CORSO DI<\/span><br role=\"presentation\" \/><span dir=\"ltr\" role=\"presentation\">LAUREA IN INFERMIERISTICA <\/span><\/h3>\n<\/blockquote>\n<p><strong><a class=\"dt-pswp-item\" href=\"https:\/\/www.radiopiu.net\/wordpress\/wp-content\/uploads\/2023\/02\/unione-montana.jpg\" data-dt-img-description=\"\" data-large_image_width=\"72\" data-large_image_height=\"86\"><img loading=\"lazy\" decoding=\"async\" class=\" wp-image-320722 alignleft\" src=\"https:\/\/www.radiopiu.net\/wordpress\/wp-content\/uploads\/2023\/02\/unione-montana.jpg\" alt=\"\" width=\"81\" height=\"97\" \/><\/a>AGORDO<\/strong>\u00a0 <span dir=\"ltr\" role=\"presentation\">L\u2019Unione Montana Agordina promuove ed incentiva i giovani agordini che desiderano intraprendere gli studi per la <\/span><span dir=\"ltr\" role=\"presentation\">professione infermieristica o li stiano portando avanti con profitto ed\u00a0 <\/span><span dir=\"ltr\" role=\"presentation\">istituisce: <\/span>\u00a0<span dir=\"ltr\" role=\"presentation\">tre<\/span> <span dir=\"ltr\" role=\"presentation\">borse di studio<\/span> <span dir=\"ltr\" role=\"presentation\">a favore degli studenti che siano iscritti, nell&#8217;anno accademico 2022-2023, al primo anno del Corso di Laurea <\/span><span dir=\"ltr\" role=\"presentation\">in Infermieristica;\u00a0 <\/span>\u00a0<span dir=\"ltr\" role=\"presentation\">tre<\/span> <span dir=\"ltr\" role=\"presentation\">premi di incentivazione<\/span> <span dir=\"ltr\" role=\"presentation\">a favore di studenti iscritti, nell&#8217;anno accademico 2022-2023, al secondo o terzo anno del Corso di <\/span><span dir=\"ltr\" role=\"presentation\">Laurea in Infermieristica. <\/span><span dir=\"ltr\" role=\"presentation\">La domanda per l&#8217;assegnazione deve essere predisposta su apposito stampato disponibile presso gli uffici e scaricabile dal sito <\/span><span dir=\"ltr\" role=\"presentation\">internet<\/span> <span dir=\"ltr\" role=\"presentation\">www.agordino.bl.it<\/span> <span dir=\"ltr\" role=\"presentation\">e presentata direttamente alla sede dell\u2019Unione Montana, oppure a mezzo posta raccomandata inviandola <\/span><span dir=\"ltr\" role=\"presentation\">all\u2019Unione Montana Agordina <\/span>\u00a0<span dir=\"ltr\" role=\"presentation\">entro il 31.03.2023\u00a0<\/span><\/p>\n<p><strong>di Gianni Santomaso<\/strong><\/p>\n<audio class=\"wp-audio-shortcode\" id=\"audio-320817-5\" preload=\"none\" style=\"width: 100%;\" controls=\"controls\"><source type=\"audio\/mpeg\" src=\"https:\/\/www.radiopiu.net\/wordpress\/wp-content\/uploads\/2023\/02\/GIANNI-BORSE-DI-STUDIO-UNIONE-MONTANA.mp3?_=5\" \/><a href=\"https:\/\/www.radiopiu.net\/wordpress\/wp-content\/uploads\/2023\/02\/GIANNI-BORSE-DI-STUDIO-UNIONE-MONTANA.mp3\">https:\/\/www.radiopiu.net\/wordpress\/wp-content\/uploads\/2023\/02\/GIANNI-BORSE-DI-STUDIO-UNIONE-MONTANA.mp3<\/a><\/audio>\n<p>&nbsp;<\/p>\n<p>&nbsp;<\/p>\n<hr \/>\n<p>&nbsp;<\/p>\n<blockquote>\n<h3>ASSEMBLEA GENERALE BIM<\/h3>\n<\/blockquote>\n<p><strong>BELLUNO<\/strong> Venerdi 17 febbraio alle 14 in <span id=\"page3R_mcid23\" class=\"markedContent\"><span dir=\"ltr\" role=\"presentation\">\u201cSala Convegni della A.N.A. Sezione di Belluno\u201d <\/span><\/span><span id=\"page3R_mcid24\" class=\"markedContent\"><span dir=\"ltr\" role=\"presentation\">in Via Attilio Tissi assemblea generale del Consorzio Bim Piave Belluno. All&#8217;ordine del giorno il bilancio da approvare.<\/span><\/span><\/p>\n<p>&nbsp;<\/p>\n<hr \/>\n<blockquote>\n<h3><\/h3>\n<h3>IL CONSIGLIO COMUNALE A LIVINALLONGO<\/h3>\n<\/blockquote>\n<p><strong>LIVINALLONGO<\/strong> Il sindaco di Livinallongo Lendro Grones ha convocato i consiglieri comunali per oggi alle 18:30 in Municipio. Sono sei i punti da trattare tra cui l&#8217;approvazione del regolamento sul sistema dei controlli interni, la convenzione con l&#8217;Unione Montana Agordina per la gestione del comitato unico di garanzia per le pari opportunit\u00e0, un mutamento temporaneo di destinazione per la costruzione di una nuova cabina elettrica e l&#8217;acquisizione di un&#8217;unit\u00e0 immobiliare in localit\u00e0 Sorar\u00f9 per finalit\u00e0 istituzionali dell&#8217;azienda speciale Fodom Servizi.<\/p>\n<p>&nbsp;<\/p>\n<p>&nbsp;<\/p>\n<hr \/>\n<p>&nbsp;<\/p>\n<blockquote>\n<h3>GIORNATA MONDIALE DEL MALATO: LE CELEBRAZIONI IN ULSS DOLOMITI<\/h3>\n<\/blockquote>\n<p><strong><a class=\"dt-pswp-item\" href=\"https:\/\/www.radiopiu.net\/wordpress\/wp-content\/uploads\/2023\/02\/Giornata-del-malato-1.png\" data-dt-img-description=\"\" data-large_image_width=\"2000\" data-large_image_height=\"1414\"><img loading=\"lazy\" decoding=\"async\" class=\" wp-image-319858 alignleft\" src=\"https:\/\/www.radiopiu.net\/wordpress\/wp-content\/uploads\/2023\/02\/Giornata-del-malato-1-300x212.png\" alt=\"\" width=\"168\" height=\"119\" srcset=\"https:\/\/www.radiopiu.net\/wordpress\/wp-content\/uploads\/2023\/02\/Giornata-del-malato-1-300x212.png 300w, https:\/\/www.radiopiu.net\/wordpress\/wp-content\/uploads\/2023\/02\/Giornata-del-malato-1-1024x724.png 1024w, https:\/\/www.radiopiu.net\/wordpress\/wp-content\/uploads\/2023\/02\/Giornata-del-malato-1-768x543.png 768w, https:\/\/www.radiopiu.net\/wordpress\/wp-content\/uploads\/2023\/02\/Giornata-del-malato-1-1536x1086.png 1536w, https:\/\/www.radiopiu.net\/wordpress\/wp-content\/uploads\/2023\/02\/Giornata-del-malato-1.png 2000w\" sizes=\"auto, (max-width: 168px) 100vw, 168px\" \/><\/a>BELLUNO <\/strong>Il prossimo 11 febbraio 2023 ricorre la 31\u00aa Giornata del Malato, memoria della Beata Vergine Maria di Lourdes, istituita da Giovanni Paolo II nel 1992 con lo scopo di testimoniare una speciale attenzione verso le persone malate, che si trovano nei luoghi di cura o che sono accudite in famiglia. Per questa giornata, come da tradizione, il Vescovo mons. Renato Marangoni, insieme ai cappellani degli ospedali, celebrer\u00e0 due messe in ospedale: sabato 11 febbraio alle 17.00 &#8211; Ospedale di Feltre (sala convegni); domenica 12 febbraio alle 16.00 &#8211; Ospedale di Belluno (sala convegni) Alle celebrazioni, oltre alle persone assistite e al personale sanitario, \u00e8 invitata la cittadinanza<\/p>\n<p>&nbsp;<\/p>\n<p>&nbsp;<\/p>\n<hr \/>\n<p>&nbsp;<\/p>\n<blockquote>\n<h3><i><b>GRANDI EVENTI E SVILUPPO A NORDEST: IL NODO INFRASTRUTTURE<\/b><\/i><i><b>\u201d<\/b><\/i>.<\/h3>\n<\/blockquote>\n<p><strong><a class=\"dt-pswp-item\" href=\"https:\/\/www.radiopiu.net\/wordpress\/wp-content\/uploads\/2021\/05\/CONFINDUSTRIA.png\" data-dt-img-description=\"\" data-large_image_width=\"575\" data-large_image_height=\"575\"><img loading=\"lazy\" decoding=\"async\" class=\"wp-image-211858 alignleft\" src=\"https:\/\/www.radiopiu.net\/wordpress\/wp-content\/uploads\/2021\/05\/CONFINDUSTRIA-300x300.png\" alt=\"\" width=\"154\" height=\"154\" srcset=\"https:\/\/www.radiopiu.net\/wordpress\/wp-content\/uploads\/2021\/05\/CONFINDUSTRIA-300x300.png 300w, https:\/\/www.radiopiu.net\/wordpress\/wp-content\/uploads\/2021\/05\/CONFINDUSTRIA-150x150.png 150w, https:\/\/www.radiopiu.net\/wordpress\/wp-content\/uploads\/2021\/05\/CONFINDUSTRIA.png 575w\" sizes=\"auto, (max-width: 154px) 100vw, 154px\" \/><\/a>BELLUNO<\/strong>\u00a0 Lunedi alle 11 in sala Caldart (Confindustria Belluno) incontro che affronter\u00e0 il tema articolato e complesso delle infrastrutture essenziali per le <b>Olimpiadi Invernali Milano Cortina 2026<\/b>, il relativo cronoprogramma di realizzazione e il contributo che potranno dare allo sviluppo del Nord Est del Paese.Ne parlano: <b>Lorraine Berton<\/b> (Presidente Confindustria Belluno Dolomiti) <b>Alessandro Banzato<\/b> (Advisor Infrastrutture e Mobilit\u00e0 Sostenibile Confindustria Veneto) <b>Elisabetta Pellegrini<\/b> (Responsabile Struttura Tecnica di Missione per l\u2019indirizzo Strategico, lo Sviluppo delle Infrastrutture e l\u2019Alta Sorveglianza Ministero delle Infrastrutture e dei Trasporti) <b>Elisa De Berti<\/b> (Vice Presidente e Assessore Affari legali, Lavori pubblici, Infrastrutture, Trasporti Regione del Veneto) <b>Gianluca Lorenzi<\/b> (Sindaco Cortina d\u2019Ampezzo) <b>Vittorio Zollet<\/b> (Coordinatore Tavolo Provinciale Infrastrutture Confindustria Belluno Dolomiti) <b>Enrico Carraro<\/b> (Presidente Confindustria Veneto)<\/p>\n<p>&nbsp;<\/p>\n<p>&nbsp;<\/p>\n<hr \/>\n<p>&nbsp;<\/p>\n<blockquote>\n<h3>UN CORSO PER DIVENTARE VOLONTARIO DELL&#8217;ASSOCIAZIONE CUCCHINI<\/h3>\n<\/blockquote>\n<p><strong><a class=\"dt-pswp-item\" href=\"https:\/\/www.radiopiu.net\/wordpress\/wp-content\/uploads\/2023\/02\/immagine-corso.jpg\" data-dt-img-description=\"\" data-large_image_width=\"1024\" data-large_image_height=\"1024\"><img loading=\"lazy\" decoding=\"async\" class=\" wp-image-320259 alignleft\" src=\"https:\/\/www.radiopiu.net\/wordpress\/wp-content\/uploads\/2023\/02\/immagine-corso-300x300.jpg\" alt=\"\" width=\"121\" height=\"121\" srcset=\"https:\/\/www.radiopiu.net\/wordpress\/wp-content\/uploads\/2023\/02\/immagine-corso-300x300.jpg 300w, https:\/\/www.radiopiu.net\/wordpress\/wp-content\/uploads\/2023\/02\/immagine-corso-150x150.jpg 150w, https:\/\/www.radiopiu.net\/wordpress\/wp-content\/uploads\/2023\/02\/immagine-corso-768x768.jpg 768w, https:\/\/www.radiopiu.net\/wordpress\/wp-content\/uploads\/2023\/02\/immagine-corso.jpg 1024w\" sizes=\"auto, (max-width: 121px) 100vw, 121px\" \/><\/a>BELLUNO<\/strong> Aiutare le persone ammalate e i loro famigliari non \u00e8 un compito in cui ci si pu\u00f2 improvvisare dall\u2019oggi al domani. Per questo l\u2019associazione Cucchini &#8211; da oltre trent\u2019anni attiva nel campo del sollievo e dell\u2019aiuto degli ammalati &#8211; organizza un corso di formazione per volontari. Si tratta della quindicesima edizione di un percorso storico per l\u2019associazione, che intende fornire competenze e consapevolezza, un bagaglio fondamentale per chi intende diventare volontario nell\u2019aiuto alle persone ammalate. Nove incontri con esperti e medici dal 7 marzo al 4 aprile. Per informazioni e iscrizioni: associazione Cucchini odv (viale Europa Belluno &#8211; accanto hospice Casa Tua Due, ospedale San Martino). Telefono: 0437 516 666. Mail: <a class=\"moz-txt-link-abbreviated moz-txt-link-freetext\" href=\"mailto:segreteria@associazionecucchini.it\">segreteria@associazionecucchini.it\u00a0<\/a><\/p>\n<p>&nbsp;<\/p>\n<p>&nbsp;<\/p>\n<hr \/>\n<p>&nbsp;<\/p>\n<blockquote>\n<h3>LA REUNION DEI POOH NELLA GIORNATA BELLUNESE A CASA SANREMO<\/h3>\n<\/blockquote>\n<p><strong>SANREMO <\/strong>Red Canzian, Dodi Battaglia, Roby Facchinetti e Riccardo Fogli. Di nuovo insieme per la prima serata di Festival, con un aneddoto tutto longaronese. Perch\u00e9 uno dei primi grandi concerti dei Pooh ebbe come location Longarone e gli organizzatori fecero di tutto per riparare in tempo il riscaldamento del camerino, che non funzionava, con il timore di far prendere freddo agli artisti e alle loro ugole. Non ce la fecero. Cinquant\u2019anni dopo, i Pooh si ritrovano a Sanremo e ricordano con un sorriso l\u2019episodio, insieme al presidente della Provincia e sindaco di Longarone, Roberto Padrin. \u00c8 cominciata cos\u00ec la seconda giornata delle Dolomiti Bellunesi a Sanremo. Con un\u2019improvvisata nell\u2019albergo dove i Pooh sono blindatissimi prima della serata di Festival. Una giornata che ha puntato i riflettori sulla cultura con il racconto del legame tra i boschi cadorini e Venezia, con i colori di Tiziano Vecellio e le atmosfere di Dino Buzzati, tratteggiati dal direttore e dal presidente della Magnifica Comunit\u00e0 di Cadore, Matteo Da Deppo e Renzo Bortolot, e da Valentina Morassutti (pronipote dello scrittore bellunese).\u00a0 Graziano Prest, chef stellato del Tivoli, si \u00e8 diviso tra la cucina dove opera magistralmente da domenica Enzo De Pr\u00e0 e lo studio di \u201cBuongiorno Sanremo\u201d dove ha parlato delle sue avventure olimpiche a Casa Italia, oltre che dei prodotti bellunesi. A cominciare dal Piave dop, raccontato anche da Chiara Brandalise, del consorzio di tutela del formaggio pi\u00f9 tipico del Bellunese.\u00a0 E poi \u00e8 stato il primo giorno a Casa Sanremo anche per Clio Zammatteo, alias Clio Makeup, bellunese di successo che ha raccontato il suo rapporto con la terra d\u2019origine. Una terra che conosce bene, visto che ha risposto in maniera ineccepibile a tutte le domande di un simpatico quiz inventato per lei da Matteo Da Deppo. Promossa a pieni voti su Tiziano e la storia del Cadore. Ieri Casa Sanremo \u00e8 stata invasa dai giornalisti. Molti hanno allestito una sorta di redazione volante nella club house Dolomiti. E hanno apprezzato la cucina bellunese, che ieri ha proposto lasagne con pastin e radicchio, zuppa d\u2019orzo, polenta e cervo, musetto con le verze, e l\u2019immancabile gelato alla noce feltrina. Tra gli ospiti del ristorante anche Enrico Lucci e la troupe di Striscia la Notizia, e Anna Pettinelli, voce storica di Rds.<\/p>\n\n\t\t\t<style type='text\/css'>\n\t\t\t\t#gallery-4 {\n\t\t\t\t\tmargin: auto;\n\t\t\t\t}\n\t\t\t\t#gallery-4 .gallery-item {\n\t\t\t\t\tfloat: left;\n\t\t\t\t\tmargin-top: 10px;\n\t\t\t\t\ttext-align: center;\n\t\t\t\t\twidth: 33%;\n\t\t\t\t}\n\t\t\t\t#gallery-4 img {\n\t\t\t\t\tborder: 2px solid #cfcfcf;\n\t\t\t\t}\n\t\t\t\t#gallery-4 .gallery-caption {\n\t\t\t\t\tmargin-left: 0;\n\t\t\t\t}\n\t\t\t\t\/* see gallery_shortcode() in wp-includes\/media.php *\/\n\t\t\t<\/style>\n\t\t<div id='gallery-4' class='dt-gallery-container gallery galleryid-320817 gallery-columns-3 gallery-size-medium'><dl class='gallery-item'>\n\t\t\t\t<dt class='gallery-icon landscape'>\n\t\t\t\t\t<a class=\"rollover rollover-zoom dt-pswp-item\" title=\"6FFC5A63-78E1-46C0-BC2A-F7E4AE0F8754\" data-dt-img-description=\"\" data-large_image_width=\"1280\" data-large_image_height=\"958\"href='https:\/\/www.radiopiu.net\/wordpress\/wp-content\/uploads\/2023\/02\/6FFC5A63-78E1-46C0-BC2A-F7E4AE0F8754.jpeg'><img loading=\"lazy\" decoding=\"async\" width=\"300\" height=\"225\" src=\"https:\/\/www.radiopiu.net\/wordpress\/wp-content\/uploads\/2023\/02\/6FFC5A63-78E1-46C0-BC2A-F7E4AE0F8754-300x225.jpeg\" class=\"attachment-medium size-medium\" alt=\"\" srcset=\"https:\/\/www.radiopiu.net\/wordpress\/wp-content\/uploads\/2023\/02\/6FFC5A63-78E1-46C0-BC2A-F7E4AE0F8754-300x225.jpeg 300w, https:\/\/www.radiopiu.net\/wordpress\/wp-content\/uploads\/2023\/02\/6FFC5A63-78E1-46C0-BC2A-F7E4AE0F8754-1024x766.jpeg 1024w, https:\/\/www.radiopiu.net\/wordpress\/wp-content\/uploads\/2023\/02\/6FFC5A63-78E1-46C0-BC2A-F7E4AE0F8754-768x575.jpeg 768w, https:\/\/www.radiopiu.net\/wordpress\/wp-content\/uploads\/2023\/02\/6FFC5A63-78E1-46C0-BC2A-F7E4AE0F8754.jpeg 1280w\" sizes=\"auto, (max-width: 300px) 100vw, 300px\" \/><\/a>\n\t\t\t\t<\/dt><\/dl><dl class='gallery-item'>\n\t\t\t\t<dt class='gallery-icon landscape'>\n\t\t\t\t\t<a class=\"rollover rollover-zoom dt-pswp-item\" title=\"684AF151-5FD7-4A14-989D-BDBDD62E0003\" data-dt-img-description=\"\" data-large_image_width=\"1280\" data-large_image_height=\"958\"href='https:\/\/www.radiopiu.net\/wordpress\/wp-content\/uploads\/2023\/02\/684AF151-5FD7-4A14-989D-BDBDD62E0003.jpeg'><img loading=\"lazy\" decoding=\"async\" width=\"300\" height=\"225\" src=\"https:\/\/www.radiopiu.net\/wordpress\/wp-content\/uploads\/2023\/02\/684AF151-5FD7-4A14-989D-BDBDD62E0003-300x225.jpeg\" class=\"attachment-medium size-medium\" alt=\"\" srcset=\"https:\/\/www.radiopiu.net\/wordpress\/wp-content\/uploads\/2023\/02\/684AF151-5FD7-4A14-989D-BDBDD62E0003-300x225.jpeg 300w, https:\/\/www.radiopiu.net\/wordpress\/wp-content\/uploads\/2023\/02\/684AF151-5FD7-4A14-989D-BDBDD62E0003-1024x766.jpeg 1024w, https:\/\/www.radiopiu.net\/wordpress\/wp-content\/uploads\/2023\/02\/684AF151-5FD7-4A14-989D-BDBDD62E0003-768x575.jpeg 768w, https:\/\/www.radiopiu.net\/wordpress\/wp-content\/uploads\/2023\/02\/684AF151-5FD7-4A14-989D-BDBDD62E0003.jpeg 1280w\" sizes=\"auto, (max-width: 300px) 100vw, 300px\" \/><\/a>\n\t\t\t\t<\/dt><\/dl><dl class='gallery-item'>\n\t\t\t\t<dt class='gallery-icon landscape'>\n\t\t\t\t\t<a class=\"rollover rollover-zoom dt-pswp-item\" title=\"E5BA0A90-A473-47A1-8530-E43A9ABFFB06\" data-dt-img-description=\"\" data-large_image_width=\"1024\" data-large_image_height=\"502\"href='https:\/\/www.radiopiu.net\/wordpress\/wp-content\/uploads\/2023\/02\/E5BA0A90-A473-47A1-8530-E43A9ABFFB06.jpeg'><img loading=\"lazy\" decoding=\"async\" width=\"300\" height=\"147\" src=\"https:\/\/www.radiopiu.net\/wordpress\/wp-content\/uploads\/2023\/02\/E5BA0A90-A473-47A1-8530-E43A9ABFFB06-300x147.jpeg\" class=\"attachment-medium size-medium\" alt=\"\" srcset=\"https:\/\/www.radiopiu.net\/wordpress\/wp-content\/uploads\/2023\/02\/E5BA0A90-A473-47A1-8530-E43A9ABFFB06-300x147.jpeg 300w, https:\/\/www.radiopiu.net\/wordpress\/wp-content\/uploads\/2023\/02\/E5BA0A90-A473-47A1-8530-E43A9ABFFB06-768x377.jpeg 768w, https:\/\/www.radiopiu.net\/wordpress\/wp-content\/uploads\/2023\/02\/E5BA0A90-A473-47A1-8530-E43A9ABFFB06.jpeg 1024w\" sizes=\"auto, (max-width: 300px) 100vw, 300px\" \/><\/a>\n\t\t\t\t<\/dt><\/dl><br style=\"clear: both\" \/>\n\t\t\t<\/div>\n\n<p>&nbsp;<\/p>\n<hr \/>\n<p>&nbsp;<\/p>\n<blockquote>\n<h3>AL FESTIVAL DI SANREMO LO SPETTACOLO DOLOMITICO&#8230;SULLE RADIO DELLA PROVINCIA<\/h3>\n<\/blockquote>\n<blockquote>\n<h3><span style=\"color: #ff0000;\"><img loading=\"lazy\" decoding=\"async\" class=\"alignleft\" src=\"https:\/\/www.radiopiu.net\/wordpress\/wp-content\/uploads\/2023\/02\/DSC05204-scaled.jpg\" width=\"221\" height=\"147\" \/>A CURA DELLE RADIO BELLUNESI, RADIO BELLUNO, RADIO CLUB 103, RADIO PIU&#8217; EMITTENTE AGORDINA<\/span><\/h3>\n<\/blockquote>\n<p>&nbsp;<\/p>\n<p>&nbsp;<\/p>\n<p>&nbsp;<\/p>\n<p><strong><span style=\"color: #0000ff;\">LA SECONDA PUNTATA<span style=\"color: #000000;\">,<\/span><\/span> 06 FEBBRAIO 2023, con Barbara Paolazzi. RADIOCLUB103<\/strong><\/p>\n<audio class=\"wp-audio-shortcode\" id=\"audio-320817-6\" preload=\"none\" style=\"width: 100%;\" controls=\"controls\"><source type=\"audio\/mpeg\" src=\"https:\/\/www.radiopiu.net\/wordpress\/wp-content\/uploads\/2023\/02\/DIRETTA-6-2-23-ok-1.mp3?_=6\" \/><a href=\"https:\/\/www.radiopiu.net\/wordpress\/wp-content\/uploads\/2023\/02\/DIRETTA-6-2-23-ok-1.mp3\">https:\/\/www.radiopiu.net\/wordpress\/wp-content\/uploads\/2023\/02\/DIRETTA-6-2-23-ok-1.mp3<\/a><\/audio>\n<p>&nbsp;<\/p>\n<p><strong><span style=\"color: #0000ff;\">LA PRIMA PUNTATA<\/span>, 05 FEBBRAIO 2023, con Barbara Paolazzi. RADIOCLUB103<\/strong><\/p>\n<audio class=\"wp-audio-shortcode\" id=\"audio-320817-7\" preload=\"none\" style=\"width: 100%;\" controls=\"controls\"><source type=\"audio\/mpeg\" src=\"https:\/\/www.radiopiu.net\/wordpress\/wp-content\/uploads\/2023\/02\/SPECIALE-CASA-SAN-REMO-.mp3?_=7\" \/><a href=\"https:\/\/www.radiopiu.net\/wordpress\/wp-content\/uploads\/2023\/02\/SPECIALE-CASA-SAN-REMO-.mp3\">https:\/\/www.radiopiu.net\/wordpress\/wp-content\/uploads\/2023\/02\/SPECIALE-CASA-SAN-REMO-.mp3<\/a><\/audio>\n<p>&nbsp;<\/p>\n<p><strong>LO SPOT ALLA RADIO\u00a0<\/strong><\/p>\n<audio class=\"wp-audio-shortcode\" id=\"audio-320817-8\" preload=\"none\" style=\"width: 100%;\" controls=\"controls\"><source type=\"audio\/mpeg\" src=\"https:\/\/www.radiopiu.net\/wordpress\/wp-content\/uploads\/2023\/01\/CASA-SANREMO.mp3?_=8\" \/><a href=\"https:\/\/www.radiopiu.net\/wordpress\/wp-content\/uploads\/2023\/01\/CASA-SANREMO.mp3\">https:\/\/www.radiopiu.net\/wordpress\/wp-content\/uploads\/2023\/01\/CASA-SANREMO.mp3<\/a><\/audio>\n<p>&nbsp;<\/p>\n<hr \/>\n<p>&nbsp;<\/p>\n<blockquote>\n<h3>IL GRAN BALLO DI SAN VALENTINO, SABATO 11 AL NOF FILO&#8217; DI CENCENIGHE<\/h3>\n<\/blockquote>\n<blockquote><p><em>La serata danzante \u00e8 aperta a tutti con ingresso a 10 \u20ac e sar\u00e0 allietata dalla musica dell\u2019orchestra Alfio e Rino live show. Durante la serata si potranno degustare i tradizionali carfogn e la novit\u00e0 del gelato artigianale alla vaniglia e papavero preparato dai nostri maestri gelatai, simbolo dell\u2019emigrazione agordina che ha esportato all\u2019estero i saperi e l\u2019imprenditorialit\u00e0 bellunese, portando alto il nome delle gelaterie agordine in Germania.<\/em><\/p><\/blockquote>\n<p><strong><img decoding=\"async\" class=\"alignleft\" src=\"https:\/\/www.radiopiu.net\/wordpress\/wp-content\/uploads\/2023\/02\/Senza-nome-9.jpg\" \/>CENCENIGHE<\/strong> Durante l\u2019autunno 2022 la famiglia Agordina ex emigranti ha rinnovato il consiglio direttivo con l\u2018ingresso di nuovi volontari e un nuovo presidente dando continuit\u00e0 all\u2019attivit\u00e0 dell\u2019associazione attiva in Agordino dal 1991. Sabato 11 febbraio 2023 dalle\u00a0 21\u00a0 al Nof Fil\u00f2 di Cencenighe verr\u00e0 riproposto lo storico appuntamento dell\u2019associazione ex emigranti Agordino con il tradizionale ballo di San Valentino.<br \/>\nIn questa occasione saranno ricordati e premiati i soci fondatori, che 32 anni fa hanno creduto nell\u2019unione tra gli ex emigranti: Marcella Avoscan Rossi (San Tomaso Agordino), Bruno Zanella (Canale d\u2019Agordo), Edilio Colardi (Rivamonte Agordino), Nella Piccolin (Falcade), Luca De Toffol Macutan (Cencenighe), Irma Menin Tibolla (Rivamonte Agordino), Giuseppina Tonin (Rivamonte Agordino), Paolo Avoscan (San Tomaso Agordino), Bruno De Toffol (San Tomaso Agordino), Claudio Lazzaris (Caviola), Alcide Zas Frizz (La Valle Agordina), Alessandro Fontanive (Frassen\u00e8), Davide Benvegn\u00f9 (Agordo), Aldo De Biasio (Rocca Pietore), Virgilio De Biasio (Alleghe). Sar\u00e0 l\u2019occasione per i componenti del nuovo consiglio direttivo di ringraziare tutti i soci che per tanti anni hanno supportato l\u2019associazione e per ricordare il tesseramento 2023. Un ringraziamento particolare andr\u00e0 alla presidente uscente, Lucia Macutan. Il consiglio direttivo in carica dal 2022 \u00e8 formato da: \u2981 Luca\u00a0 Luchetta \u2013 presidente \u2981 Daniele Scola \u2013 vice presidente \u2981 Danilo De Zaiacomo \u2013 vice presidente \u2981 Vally Levrini\u00a0 &#8211; segretaria \u2981\u00a0 Loris Soppelsa\u00a0 \u2981\u00a0 Silvio De Pr\u00e0 \u2981\u00a0 Walter Ongaro\u00a0 \u2981 Antonella Schena \u2981 Virgilio De Biasio<\/p>\n<p>&nbsp;<\/p>\n<p>&nbsp;<\/p>\n<hr \/>\n<p>&nbsp;<\/p>\n<blockquote>\n<h3>GIORGIA RACCONTA LA RINASCITA, L&#8217;APPUNTAMENTO CON GENITORI SEMPRE<\/h3>\n<p><em>&#8220;NO ALL&#8217;USO DI DROGHE, SI AL DIVERTIMENTO SICURO&#8221;, a conclusione di un percorso tra le scuole della vallata: VENERDI 17 FEBBRAIO ALLE 20.30 IN SALA DON TAMIS AD AGORDO, L&#8217;INCONTRO PER GENITORI E LA COMUNITA&#8217;, PRESENTATO DA GIANPAOLO SORATROI, CON GIORGIA BENUSIGLIO, SCRITTRICE E TESTIMONIAL ANTI DROGA: &#8220;ESPERIENZA E RISCATTO&#8221;. <\/em><em>CON ALFIO DE SANDRE, MEDICO, TOSSICOLOGO E PSICOTERAPEUTA -Dipartimento delle dipendenze &#8211; AULS 1 DOLOMITI. <\/em><em>UN INVITO DI &#8220;GENITORI SEMPRE&#8221;, ASSOCIAZIONE DI PROMOZIONE SOCIALE, CON IL PATROCINIO DEI COMUNI DI AGORDO, CENCENIGHE E DELL&#8217;UNIONE MONTANA AGORDINA<\/em><\/p><\/blockquote>\n<p><strong>di Gianni Santomaso<\/strong><\/p>\n<audio class=\"wp-audio-shortcode\" id=\"audio-320817-9\" preload=\"none\" style=\"width: 100%;\" controls=\"controls\"><source type=\"audio\/mpeg\" src=\"https:\/\/www.radiopiu.net\/wordpress\/wp-content\/uploads\/2023\/02\/GIANNI-GENITORI-SEMPRE.mp3?_=9\" \/><a href=\"https:\/\/www.radiopiu.net\/wordpress\/wp-content\/uploads\/2023\/02\/GIANNI-GENITORI-SEMPRE.mp3\">https:\/\/www.radiopiu.net\/wordpress\/wp-content\/uploads\/2023\/02\/GIANNI-GENITORI-SEMPRE.mp3<\/a><\/audio>\n<p>&nbsp;<\/p>\n<p><strong>AGORDO<\/strong> L&#8217;Associazione Genitori Sempre, in collaborazione con il Serd di Agordo Dipartimento dipendenze della Aulss1 Dolomiti, a conclusione di un percorso importante tra gli studenti delle scuole dell&#8217;Agordino, ha organizzato l&#8217;evento finale, riassuntivo, importante dal titolo &#8220;Dire no all&#8217;uso di alcool e droghe, dire si al divertimento sicuro. Si tratta di un incontro con le famiglie, i loro figli, la comunit\u00e0 intera, in sala congressi Don Tamis. Venerdi 17 febbraio alle 20.30 sar\u00e0 ospite dell&#8217;associazione di promozione sociale, Giorgia Benusiglio, scrittrice e testimoniale &#8220;antidroga&#8221;,\u00a0 dopo la sua terribile vicenda, gira per le scuole di tutta Italia a parlare con i ragazzi e le loro famiglie della propria esperienza e del suo riscatto. Introdurr\u00e0 i lavori il dottor Alfio De Sandre, medico tossicologo e psicoterapeuta del Dipartimento delle Dipendenze della Aulss1 Dolomiti.<\/p>\n<p><strong>GIORGIA BENUSIGLIO<\/strong>\u00a0La sua pagina su Facebook \u00e8 seguita da oltre 50mila persone, soprattutto giovani.\u00a0 Milanese classe 1982, ha trovato il modo di farsi ascoltare<em>: &#8220;Sono seguita tanto sui social dai ragazzi perch\u00e9 hanno bisogno di un esempio positivo, hanno bisogno di parlare ma soprattutto vedono in me una persona che non li giudica&#8221;, <\/em>ha recentemente dichiarato a <span style=\"color: #0000ff;\">milano.fanpage.it.<\/span>\u00a0 Giorgia non \u00e8 una dei tanti adulti che fanno finti moralismi o prediche. Lei stessa, da giovane, ha sperimentato in prima persona cosa pu\u00f2 accadere assumendo della droga. E ne ha pagato le pesanti conseguenze. Alla fine del 1999 Giorgia, allora appena 17enne, assunse mezza pasticca di ecstasy in discoteca. La droga sintetica era per\u00f2 tagliata male e Giorgia fin\u00ec in ospedale. Aveva solo sei ore di vita, i medici hanno tentato un trapianto in extremis che dur\u00f2 17 ore e la salvarono. Da allora Giorgia si \u00e8 ritrovata ad essere una paziente a vita. Da 12 anni Giorgia gira per le scuole per raccontare la sua storia<\/p>\n<p><iframe loading=\"lazy\" title=\"La rinascita di Giorgia: &quot;Quasi morta per mezza pasticca di ecstasy, ora parlo di droghe ai giovani&quot;\" width=\"1200\" height=\"675\" src=\"https:\/\/www.youtube.com\/embed\/2fig7i2LTQY?feature=oembed\" frameborder=\"0\" allow=\"accelerometer; autoplay; clipboard-write; encrypted-media; gyroscope; picture-in-picture; web-share\" allowfullscreen><\/iframe><\/p>\n<p>&nbsp;<\/p>\n<hr \/>\n<p>&nbsp;<\/p>\n<blockquote>\n<h3>CERCASI VOLONTARI PER IL CENTRO ITALIANO DI SOLIDARIETA&#8217;<\/h3>\n<\/blockquote>\n<p><strong>BELLUNO <\/strong>Il Centro Italiano di Solidariet\u00e0 di Belluno onlus seleziona 10 volontari da impiegare nel progetto di Servizio Civile Universale. Scadenza presentazione domande il 10 febbraio 2023. Per informazioni scrivere a\u00a0<a href=\"mailto:info@ceisbelluno.org\">info@ceisbelluno.org<\/a> oppure telefonare al numero 0437 950895. Disponibili 10 posti in 5 sedi in provincia di Belluno: 25 ore settimanali 25, durata un anno, rimborso mensile \u20ac 444,30.<\/p>\n<p>&nbsp;<\/p>\n<p>&nbsp;<\/p>\n<hr \/>\n<p>&nbsp;<\/p>\n<blockquote>\n<h2>Indagine sociolinguistica sulle lingue minoritarie del Veneto<\/h2>\n<\/blockquote>\n<p>&nbsp;<\/p>\n<p><a class=\"dt-pswp-item\" href=\"https:\/\/www.radiopiu.net\/wordpress\/wp-content\/uploads\/2023\/01\/WhatsApp-Image-2023-01-22-at-21.14.13.jpeg\" data-dt-img-description=\"\" data-large_image_width=\"1184\" data-large_image_height=\"760\"><img loading=\"lazy\" decoding=\"async\" class=\"wp-image-318189 alignleft\" src=\"https:\/\/www.radiopiu.net\/wordpress\/wp-content\/uploads\/2023\/01\/WhatsApp-Image-2023-01-22-at-21.14.13-300x193.jpeg\" alt=\"\" width=\"152\" height=\"98\" srcset=\"https:\/\/www.radiopiu.net\/wordpress\/wp-content\/uploads\/2023\/01\/WhatsApp-Image-2023-01-22-at-21.14.13-300x193.jpeg 300w, https:\/\/www.radiopiu.net\/wordpress\/wp-content\/uploads\/2023\/01\/WhatsApp-Image-2023-01-22-at-21.14.13-1024x657.jpeg 1024w, https:\/\/www.radiopiu.net\/wordpress\/wp-content\/uploads\/2023\/01\/WhatsApp-Image-2023-01-22-at-21.14.13-768x493.jpeg 768w, https:\/\/www.radiopiu.net\/wordpress\/wp-content\/uploads\/2023\/01\/WhatsApp-Image-2023-01-22-at-21.14.13.jpeg 1184w\" sizes=\"auto, (max-width: 152px) 100vw, 152px\" \/><\/a>La Regione Veneto ha avviato un\u2019importante inchiesta sociolinguistica sullo stato di salute delle minoranze linguistiche del proprio territorio (ladini, cimbri e friulani). Michela dell\u2019Osbel ed Eleonora Troi ci spiegano perch\u00e9 partecipare e diffondere \u00e8 essenziale.<\/p>\n<p>&nbsp;<\/p>\n<p>LINK,<span style=\"color: #0000ff;\"><strong> <a style=\"color: #0000ff;\" href=\"https:\/\/ec.europa.eu\/eusurvey\/runner\/QuestionarioVenetoL\">CLICCA QUI<\/a><\/strong><\/span><\/p>\n<p><strong>MICHELA DELL&#8217;OSBEL<\/strong><\/p>\n<audio class=\"wp-audio-shortcode\" id=\"audio-320817-10\" preload=\"none\" style=\"width: 100%;\" controls=\"controls\"><source type=\"audio\/mpeg\" src=\"https:\/\/www.radiopiu.net\/wordpress\/wp-content\/uploads\/2023\/01\/michela-dellosbel.mp3?_=10\" \/><a href=\"https:\/\/www.radiopiu.net\/wordpress\/wp-content\/uploads\/2023\/01\/michela-dellosbel.mp3\">https:\/\/www.radiopiu.net\/wordpress\/wp-content\/uploads\/2023\/01\/michela-dellosbel.mp3<\/a><\/audio>\n<p><strong>ELEONORA TROI<\/strong><\/p>\n<audio class=\"wp-audio-shortcode\" id=\"audio-320817-11\" preload=\"none\" style=\"width: 100%;\" controls=\"controls\"><source type=\"audio\/mpeg\" src=\"https:\/\/www.radiopiu.net\/wordpress\/wp-content\/uploads\/2023\/01\/eleonora.mp3?_=11\" \/><a href=\"https:\/\/www.radiopiu.net\/wordpress\/wp-content\/uploads\/2023\/01\/eleonora.mp3\">https:\/\/www.radiopiu.net\/wordpress\/wp-content\/uploads\/2023\/01\/eleonora.mp3<\/a><\/audio>\n<p>&nbsp;<\/p>\n<blockquote>\n<h3><\/h3>\n<\/blockquote>\n<hr \/>\n<p>&nbsp;<\/p>\n<blockquote>\n<h3>CROCE VERDE ALLEGHE VIA AL TESSERAMENTO<\/h3>\n<\/blockquote>\n<p><strong>ALLEGHE<\/strong> Fino al 30 marzo \u00e8 possibile tesserarsi all&#8217;associazione volontari Croce Verde Alleghe. La quota associativa \u00e8 stata fissata a 15 euro, il tesseramento \u00e8 individuale, non famigliare e non per i minorenni. Negozi autorizzati: Panificio Rech, Cooperativa di consumo, Ufficio Turistico (Alleghe); Cooperativa di Consumo, macelleria (Caprile); Bar Caminada, Salone De Lazzer (Masar\u00e8) Pizzeria Off line (San Tomaso).<\/p>\n<p>&nbsp;<\/p>\n<hr \/>\n<p>&nbsp;<\/p>\n<h2><span style=\"color: #008080;\">&#8220;DINTORN E FORA VIA&#8221;\u00a0<\/span><span style=\"color: #008080;\"> IL PROGRAMMA\u00a0 <\/span><span style=\"color: #008080;\">A CURA DEL MUSLA\u00a0\u00a0<\/span><\/h2>\n<h1 style=\"text-align: center;\"><\/h1>\n<h1 style=\"text-align: center;\"><strong><span style=\"color: #ff0000;\">SECONDO ANNO\u00a0<\/span><\/strong><\/h1>\n<p>&nbsp;<\/p>\n<h2><span style=\"color: #008080;\"><a class=\"dt-pswp-item\" href=\"https:\/\/www.radiopiu.net\/wordpress\/wp-content\/uploads\/2022\/10\/Senza-nome-109.jpg\" data-dt-img-description=\"\" data-large_image_width=\"624\" data-large_image_height=\"296\"><img loading=\"lazy\" decoding=\"async\" class=\"wp-image-304083 alignleft\" src=\"https:\/\/www.radiopiu.net\/wordpress\/wp-content\/uploads\/2022\/10\/Senza-nome-109-300x142.jpg\" alt=\"\" width=\"167\" height=\"79\" srcset=\"https:\/\/www.radiopiu.net\/wordpress\/wp-content\/uploads\/2022\/10\/Senza-nome-109-300x142.jpg 300w, https:\/\/www.radiopiu.net\/wordpress\/wp-content\/uploads\/2022\/10\/Senza-nome-109.jpg 624w\" sizes=\"auto, (max-width: 167px) 100vw, 167px\" \/><\/a><\/span><\/h2>\n<p><strong>PUNTATA DEL 07 FEBBRAIO, MAYRA DE MARCO<\/strong><\/p>\n<audio class=\"wp-audio-shortcode\" id=\"audio-320817-12\" preload=\"none\" style=\"width: 100%;\" controls=\"controls\"><source type=\"audio\/mpeg\" src=\"https:\/\/www.radiopiu.net\/wordpress\/wp-content\/uploads\/2023\/02\/MUSLA-1.mp3?_=12\" \/><a href=\"https:\/\/www.radiopiu.net\/wordpress\/wp-content\/uploads\/2023\/02\/MUSLA-1.mp3\">https:\/\/www.radiopiu.net\/wordpress\/wp-content\/uploads\/2023\/02\/MUSLA-1.mp3<\/a><\/audio>\n<p>&nbsp;<\/p>\n<p>&nbsp;<\/p>\n<p>&nbsp;<\/p>\n<hr \/>\n<p>&nbsp;<\/p>\n<blockquote>\n<h3>L&#8217;UNIVERSITA&#8217; DEGLI ANZIANI DI AGORDO TORNA CON UN RICCO PROGRAMMA<\/h3>\n<\/blockquote>\n<p><strong>AGORDO<\/strong> L&#8217;universit\u00e0 degli anziani di Agordo \u00e8 pronta per tornare con le lezioni in presenza. \u00c8 stato stilato il calendario degli eventi in programma dal 7 febbraio al 2 maggio. Ogni marted\u00ec gli incontri si svolgeranno in sala Don Tamis dalle 15 alle 17.<\/p>\n<p><strong>IL PROGRAMMA (2 PAGINE)<\/strong><\/p>\n<a href=\"https:\/\/www.radiopiu.net\/wordpress\/wp-content\/uploads\/2023\/01\/UAA-Programma-2022-23_2\u00b0trimestreok.pdf\" class=\"pdfemb-viewer\" style=\"\" data-width=\"max\" data-height=\"max\" data-toolbar=\"top\" data-toolbar-fixed=\"on\">UAA-Programma 2022-23_2\u00b0trimestreok<\/a>\n<p>&nbsp;<\/p>\n<p>&nbsp;<\/p>\n<hr \/>\n<p>&nbsp;<\/p>\n<p>&nbsp;<\/p>\n<blockquote>\n<h3><a class=\"dt-pswp-item\" href=\"https:\/\/www.radiopiu.net\/wordpress\/wp-content\/uploads\/2023\/02\/c688b549-bd78-417a-82fc-9b5b7ddfe6eb.jpg\" data-dt-img-description=\"\" data-large_image_width=\"1131\" data-large_image_height=\"1600\"><img loading=\"lazy\" decoding=\"async\" class=\"size-medium wp-image-320109 alignleft\" src=\"https:\/\/www.radiopiu.net\/wordpress\/wp-content\/uploads\/2023\/02\/c688b549-bd78-417a-82fc-9b5b7ddfe6eb-212x300.jpg\" alt=\"\" width=\"212\" height=\"300\" srcset=\"https:\/\/www.radiopiu.net\/wordpress\/wp-content\/uploads\/2023\/02\/c688b549-bd78-417a-82fc-9b5b7ddfe6eb-212x300.jpg 212w, https:\/\/www.radiopiu.net\/wordpress\/wp-content\/uploads\/2023\/02\/c688b549-bd78-417a-82fc-9b5b7ddfe6eb-724x1024.jpg 724w, https:\/\/www.radiopiu.net\/wordpress\/wp-content\/uploads\/2023\/02\/c688b549-bd78-417a-82fc-9b5b7ddfe6eb-768x1086.jpg 768w, https:\/\/www.radiopiu.net\/wordpress\/wp-content\/uploads\/2023\/02\/c688b549-bd78-417a-82fc-9b5b7ddfe6eb-1086x1536.jpg 1086w, https:\/\/www.radiopiu.net\/wordpress\/wp-content\/uploads\/2023\/02\/c688b549-bd78-417a-82fc-9b5b7ddfe6eb.jpg 1131w\" sizes=\"auto, (max-width: 212px) 100vw, 212px\" \/><\/a>E DOMENICA 12&#8230; A COLMEAN LA GARA DI RIDOLE A COPPIE<\/h3>\n<\/blockquote>\n<p>12 FEBBRAIO, ORE 14&#8230; .3-2-1.. SPINGI&#8230; VOLA&#8230;DAI&#8230;. ARRIVA: VINCI LA TUA SFIDA E&#8230; ABBRACCIATI! GARA DI RID\u00f2LE A COPPIE SULLA PISTA DI SLITTINO DI COLMEAN. UNA GIORNATA DI SPORT, DI FESTA E TRADIZIONI, CON IL GRUPPO CRODAIOLI DELL&#8217;AUTA DI FEDER. PUNTO BASE PER LE ISCRIZIONI IL BAR COLMEAN, FINO ALLE 12.30 DI DOMENICA 12 FEBBRAIO E PRESSO IL TRAGUARDO FINO A 15 MINUTI PRIMA DELLA PARTENZA. ALLE 16 LE PREMIAZIONI. INFORMAZIONI ALLO 0437 592078<\/p>\n<p>&nbsp;<\/p>\n<p>&nbsp;<\/p>\n<p>&nbsp;<\/p>\n<p>&nbsp;<\/p>\n<p>&nbsp;<\/p>\n<hr \/>\n<p>&nbsp;<\/p>\n<blockquote>\n<h2><span style=\"color: #ff0000;\">ON&#8212;&#8211;OFF<\/span><\/h2>\n<\/blockquote>\n<p><a class=\"dt-pswp-item\" href=\"https:\/\/www.radiopiu.net\/wordpress\/wp-content\/uploads\/2023\/01\/ZANETTI.png\" data-dt-img-description=\"\" data-large_image_width=\"744\" data-large_image_height=\"631\"><img loading=\"lazy\" decoding=\"async\" class=\"size-medium wp-image-319233 alignleft\" src=\"https:\/\/www.radiopiu.net\/wordpress\/wp-content\/uploads\/2023\/01\/ZANETTI-300x254.png\" alt=\"\" width=\"300\" height=\"254\" srcset=\"https:\/\/www.radiopiu.net\/wordpress\/wp-content\/uploads\/2023\/01\/ZANETTI-300x254.png 300w, https:\/\/www.radiopiu.net\/wordpress\/wp-content\/uploads\/2023\/01\/ZANETTI.png 744w\" sizes=\"auto, (max-width: 300px) 100vw, 300px\" \/><\/a>off?&#8230;. on!!!!! Accendi la tua notte! Con gli studenti del liceo scientifico SPORTIVO, al PALAFALCADE&#8230; VENERDI 10 E SABATO 11, APERITIVI, TORNEO DI BRISCOLA, CALCIO BALILLA. venerdi 10 il ballo liscio con Cristian Group, sabato 11 serata con DJ BISSO E DALLA MEZZANOTTE happy hour. Se fai tardi? Puoi fare tardi&#8230; c&#8217;e&#8217; il servizio navetta con Massimo. Vantaggioso il biglietto in prevendita&#8230; a soli 7 euro. info 340 4865363 ACCENDI LA TUA NOTTE, A FALCADE, CON GLI STUDENTI DELLO SCIENTIFICO SPORTIVO DI AGORDO&#8230;.NO LIMITS IN COLLABORAZIONE CON Impresa edile eredi Dorigo Vincenzo , ad Agordo. Zumbrillenbar, ristorante e pizza unica, a mezzogiorno e sera, in localit\u00e0 Valcozzena. E.. impresa edile marco menegolla<\/p>\n<p><strong>ALLA RADIO<\/strong><\/p>\n<audio class=\"wp-audio-shortcode\" id=\"audio-320817-13\" preload=\"none\" style=\"width: 100%;\" controls=\"controls\"><source type=\"audio\/mpeg\" src=\"https:\/\/www.radiopiu.net\/wordpress\/wp-content\/uploads\/2023\/01\/LICEOAGORDO_BA_3101.mp3?_=13\" \/><a href=\"https:\/\/www.radiopiu.net\/wordpress\/wp-content\/uploads\/2023\/01\/LICEOAGORDO_BA_3101.mp3\">https:\/\/www.radiopiu.net\/wordpress\/wp-content\/uploads\/2023\/01\/LICEOAGORDO_BA_3101.mp3<\/a><\/audio>\n<p>&nbsp;<\/p>\n<p>&nbsp;<\/p>\n<hr \/>\n<p>&nbsp;<\/p>\n<p>&nbsp;<\/p>\n<blockquote>\n<h3>IL CARNEVALE DI SEDICO AUDIO<\/h3>\n<\/blockquote>\n\n\t\t\t<style type='text\/css'>\n\t\t\t\t#gallery-5 {\n\t\t\t\t\tmargin: auto;\n\t\t\t\t}\n\t\t\t\t#gallery-5 .gallery-item {\n\t\t\t\t\tfloat: left;\n\t\t\t\t\tmargin-top: 10px;\n\t\t\t\t\ttext-align: center;\n\t\t\t\t\twidth: 25%;\n\t\t\t\t}\n\t\t\t\t#gallery-5 img {\n\t\t\t\t\tborder: 2px solid #cfcfcf;\n\t\t\t\t}\n\t\t\t\t#gallery-5 .gallery-caption {\n\t\t\t\t\tmargin-left: 0;\n\t\t\t\t}\n\t\t\t\t\/* see gallery_shortcode() in wp-includes\/media.php *\/\n\t\t\t<\/style>\n\t\t<div id='gallery-5' class='dt-gallery-container gallery galleryid-320817 gallery-columns-4 gallery-size-thumbnail'><dl class='gallery-item'>\n\t\t\t\t<dt class='gallery-icon landscape'>\n\t\t\t\t\t<a class=\"rollover rollover-zoom dt-pswp-item\" title=\"lsc1-1024x1013\" data-dt-img-description=\"\" data-large_image_width=\"1024\" data-large_image_height=\"1013\"href='https:\/\/www.radiopiu.net\/wordpress\/wp-content\/uploads\/2023\/02\/lsc1-1024x1013-1.jpg'><img loading=\"lazy\" decoding=\"async\" width=\"150\" height=\"150\" src=\"https:\/\/www.radiopiu.net\/wordpress\/wp-content\/uploads\/2023\/02\/lsc1-1024x1013-1-150x150.jpg\" class=\"attachment-thumbnail size-thumbnail\" alt=\"\" srcset=\"https:\/\/www.radiopiu.net\/wordpress\/wp-content\/uploads\/2023\/02\/lsc1-1024x1013-1-150x150.jpg 150w, https:\/\/www.radiopiu.net\/wordpress\/wp-content\/uploads\/2023\/02\/lsc1-1024x1013-1-300x297.jpg 300w\" sizes=\"auto, (max-width: 150px) 100vw, 150px\" \/><\/a>\n\t\t\t\t<\/dt><\/dl><dl class='gallery-item'>\n\t\t\t\t<dt class='gallery-icon landscape'>\n\t\t\t\t\t<a class=\"rollover rollover-zoom dt-pswp-item\" title=\"321145035_23852495964190037_3565507165864669981_n\" data-dt-img-description=\"\" data-large_image_width=\"960\" data-large_image_height=\"960\"href='https:\/\/www.radiopiu.net\/wordpress\/wp-content\/uploads\/2023\/02\/321145035_23852495964190037_3565507165864669981_n.jpg'><img loading=\"lazy\" decoding=\"async\" width=\"150\" height=\"150\" src=\"https:\/\/www.radiopiu.net\/wordpress\/wp-content\/uploads\/2023\/02\/321145035_23852495964190037_3565507165864669981_n-150x150.jpg\" class=\"attachment-thumbnail size-thumbnail\" alt=\"\" srcset=\"https:\/\/www.radiopiu.net\/wordpress\/wp-content\/uploads\/2023\/02\/321145035_23852495964190037_3565507165864669981_n-150x150.jpg 150w, https:\/\/www.radiopiu.net\/wordpress\/wp-content\/uploads\/2023\/02\/321145035_23852495964190037_3565507165864669981_n-300x300.jpg 300w, https:\/\/www.radiopiu.net\/wordpress\/wp-content\/uploads\/2023\/02\/321145035_23852495964190037_3565507165864669981_n-768x768.jpg 768w, https:\/\/www.radiopiu.net\/wordpress\/wp-content\/uploads\/2023\/02\/321145035_23852495964190037_3565507165864669981_n.jpg 960w\" sizes=\"auto, (max-width: 150px) 100vw, 150px\" \/><\/a>\n\t\t\t\t<\/dt><\/dl><dl class='gallery-item'>\n\t\t\t\t<dt class='gallery-icon landscape'>\n\t\t\t\t\t<a class=\"rollover rollover-zoom dt-pswp-item\" title=\"316029020_23852495963820037_1614347729215627725_n\" data-dt-img-description=\"\" data-large_image_width=\"960\" data-large_image_height=\"960\"href='https:\/\/www.radiopiu.net\/wordpress\/wp-content\/uploads\/2023\/02\/316029020_23852495963820037_1614347729215627725_n.jpg'><img loading=\"lazy\" decoding=\"async\" width=\"150\" height=\"150\" src=\"https:\/\/www.radiopiu.net\/wordpress\/wp-content\/uploads\/2023\/02\/316029020_23852495963820037_1614347729215627725_n-150x150.jpg\" class=\"attachment-thumbnail size-thumbnail\" alt=\"\" srcset=\"https:\/\/www.radiopiu.net\/wordpress\/wp-content\/uploads\/2023\/02\/316029020_23852495963820037_1614347729215627725_n-150x150.jpg 150w, https:\/\/www.radiopiu.net\/wordpress\/wp-content\/uploads\/2023\/02\/316029020_23852495963820037_1614347729215627725_n-300x300.jpg 300w, https:\/\/www.radiopiu.net\/wordpress\/wp-content\/uploads\/2023\/02\/316029020_23852495963820037_1614347729215627725_n-768x768.jpg 768w, https:\/\/www.radiopiu.net\/wordpress\/wp-content\/uploads\/2023\/02\/316029020_23852495963820037_1614347729215627725_n.jpg 960w\" sizes=\"auto, (max-width: 150px) 100vw, 150px\" \/><\/a>\n\t\t\t\t<\/dt><\/dl><dl class='gallery-item'>\n\t\t\t\t<dt class='gallery-icon landscape'>\n\t\t\t\t\t<a class=\"rollover rollover-zoom dt-pswp-item\" title=\"326751864_23852495963540037_8046812644008803059_n\" data-dt-img-description=\"\" data-large_image_width=\"960\" data-large_image_height=\"960\"href='https:\/\/www.radiopiu.net\/wordpress\/wp-content\/uploads\/2023\/02\/326751864_23852495963540037_8046812644008803059_n.jpg'><img loading=\"lazy\" decoding=\"async\" width=\"150\" height=\"150\" src=\"https:\/\/www.radiopiu.net\/wordpress\/wp-content\/uploads\/2023\/02\/326751864_23852495963540037_8046812644008803059_n-150x150.jpg\" class=\"attachment-thumbnail size-thumbnail\" alt=\"\" srcset=\"https:\/\/www.radiopiu.net\/wordpress\/wp-content\/uploads\/2023\/02\/326751864_23852495963540037_8046812644008803059_n-150x150.jpg 150w, https:\/\/www.radiopiu.net\/wordpress\/wp-content\/uploads\/2023\/02\/326751864_23852495963540037_8046812644008803059_n-300x300.jpg 300w, https:\/\/www.radiopiu.net\/wordpress\/wp-content\/uploads\/2023\/02\/326751864_23852495963540037_8046812644008803059_n-768x768.jpg 768w, https:\/\/www.radiopiu.net\/wordpress\/wp-content\/uploads\/2023\/02\/326751864_23852495963540037_8046812644008803059_n.jpg 960w\" sizes=\"auto, (max-width: 150px) 100vw, 150px\" \/><\/a>\n\t\t\t\t<\/dt><\/dl><br style=\"clear: both\" \/>\n\t\t\t<\/div>\n\n<audio class=\"wp-audio-shortcode\" id=\"audio-320817-14\" preload=\"none\" style=\"width: 100%;\" controls=\"controls\"><source type=\"audio\/mpeg\" src=\"https:\/\/www.radiopiu.net\/wordpress\/wp-content\/uploads\/2023\/02\/CARNEVALE-DI-SEDICO-05-feb-30s-coda-DE-MIN.mp3?_=14\" \/><a href=\"https:\/\/www.radiopiu.net\/wordpress\/wp-content\/uploads\/2023\/02\/CARNEVALE-DI-SEDICO-05-feb-30s-coda-DE-MIN.mp3\">https:\/\/www.radiopiu.net\/wordpress\/wp-content\/uploads\/2023\/02\/CARNEVALE-DI-SEDICO-05-feb-30s-coda-DE-MIN.mp3<\/a><\/audio>\n<h3><\/h3>\n<h3><\/h3>\n<blockquote>\n<h3>IL CARNEVALE CASTIONESE AUDIO<\/h3>\n<\/blockquote>\n<p><a class=\"dt-pswp-item\" href=\"https:\/\/www.radiopiu.net\/wordpress\/wp-content\/uploads\/2023\/02\/Senza-nome-16.jpg\" data-dt-img-description=\"\" data-large_image_width=\"662\" data-large_image_height=\"307\"><img loading=\"lazy\" decoding=\"async\" class=\" wp-image-320744 alignleft\" src=\"https:\/\/www.radiopiu.net\/wordpress\/wp-content\/uploads\/2023\/02\/Senza-nome-16-300x139.jpg\" alt=\"\" width=\"270\" height=\"125\" srcset=\"https:\/\/www.radiopiu.net\/wordpress\/wp-content\/uploads\/2023\/02\/Senza-nome-16-300x139.jpg 300w, https:\/\/www.radiopiu.net\/wordpress\/wp-content\/uploads\/2023\/02\/Senza-nome-16.jpg 662w\" sizes=\"auto, (max-width: 270px) 100vw, 270px\" \/><\/a>MASCHERE&#8230;MASCHERINE&#8230;CORIANDOLI E STELLE FILANTI&#8230;IL CARNEVALE<br \/>\nCASTIONESE PORTA&#8230;LA GIOIA!<br \/>\nTRE APPPUNTAMENTI CON LA PROLOCO E ASSOCIAZIONI LOCALI, PATROCINIO DELLA<br \/>\nPROVINCIA<br \/>\nsabato 18 febbraio alle 20.45 al teatro San Gaetano &#8220;Carnevale a Teatro&#8221;<br \/>\ndomenica 19 febbraio alle 11.30 sfilano le mascherine, dalle 14 in pian<br \/>\ndelle feste i carri mascherati<br \/>\nLunedi 20 febbraio alle 20.30 nella palestra delle scuole medie il gran<br \/>\nfinale con la tombola di carnevale.<br \/>\ninfo 345 8238880<\/p>\n<audio class=\"wp-audio-shortcode\" id=\"audio-320817-15\" preload=\"none\" style=\"width: 100%;\" controls=\"controls\"><source type=\"audio\/mpeg\" src=\"https:\/\/www.radiopiu.net\/wordpress\/wp-content\/uploads\/2023\/02\/carnevale-castionese-c.mp3?_=15\" \/><a href=\"https:\/\/www.radiopiu.net\/wordpress\/wp-content\/uploads\/2023\/02\/carnevale-castionese-c.mp3\">https:\/\/www.radiopiu.net\/wordpress\/wp-content\/uploads\/2023\/02\/carnevale-castionese-c.mp3<\/a><\/audio>\n<p>&nbsp;<\/p>\n<hr \/>\n<p>&nbsp;<\/p>\n<blockquote>\n<h3><\/h3>\n<h3>E AL NOF FILO&#8217; IL BALLO SI SAN VALENTINO\u00a0 AUDIO<\/h3>\n<p>SABATO 11 FEBBRAIO DALLE 21 AL NOF FILO&#8217; DI CENCENIGHE il gran ballo di San Valentino<br \/>\nCon la famiglia ex emigranti Agordino una spensierata serata nel ballo con Alfio e Rino live show<br \/>\nDurante la serata si potranno degustare i tradizionali carfogn e la novit\u00e0 del gelato artigianale alla vaniglia e papavero preparato dai maestri gelatai.<br \/>\nMUSICA, DIVERTIMENTO, STORIA E CULTURA AL NOF FILO&#8217; DI CENCENIGHE, SABATO 11 FEBBRAIO DALLE 21.<\/p><\/blockquote>\n<audio class=\"wp-audio-shortcode\" id=\"audio-320817-16\" preload=\"none\" style=\"width: 100%;\" controls=\"controls\"><source type=\"audio\/mpeg\" src=\"https:\/\/www.radiopiu.net\/wordpress\/wp-content\/uploads\/2023\/02\/NOF-FILO-VALENTINO.mp3?_=16\" \/><a href=\"https:\/\/www.radiopiu.net\/wordpress\/wp-content\/uploads\/2023\/02\/NOF-FILO-VALENTINO.mp3\">https:\/\/www.radiopiu.net\/wordpress\/wp-content\/uploads\/2023\/02\/NOF-FILO-VALENTINO.mp3<\/a><\/audio>\n<p>&nbsp;<\/p>\n<p>&nbsp;<\/p>\n<hr \/>\n<p>&nbsp;<\/p>\n<blockquote>\n<h3>LA ZINGHENESTA A CANALE D&#8217;AGORDO<\/h3>\n<\/blockquote>\n<p><strong>CANALE D&#8217;AGORDO<\/strong> Domenica 19 febbraio torna La Zinghenesta a Canale D&#8217;Agordo, il carnevale della Valle del Biois. L&#8217;evento inizier\u00e0 con la consueta sfilata del corteo mascherato in partenza da Falcade per poi arrivare verso le 12.00 a Canale d&#8217;Agordo. Alle 15.00 inizio della sfilata per le vie del paese, arrivo in piazza e premiazione della maschera pi\u00f9 bella; Alle 16.30 processo al Carnevale. Sculture in legno, divertimento e dolci per grandi e piccini accompagneranno questa edizione<\/p>\n<p>&nbsp;<\/p>\n<p>&nbsp;<\/p>\n<hr \/>\n<p>&nbsp;<\/p>\n<blockquote>\n<h3><strong><a class=\"dt-pswp-item\" href=\"https:\/\/www.radiopiu.net\/wordpress\/wp-content\/uploads\/2023\/02\/Senza-nome-6.jpg\" data-dt-img-description=\"\" data-large_image_width=\"242\" data-large_image_height=\"189\"><img loading=\"lazy\" decoding=\"async\" class=\"wp-image-320153 alignleft\" src=\"https:\/\/www.radiopiu.net\/wordpress\/wp-content\/uploads\/2023\/02\/Senza-nome-6.jpg\" alt=\"\" width=\"168\" height=\"131\" \/><\/a><\/strong>CARNEVALE CON LA PROLOCO DI SAN TOMASO<\/h3>\n<\/blockquote>\n<p><strong>SAN TOMASO<\/strong> Carnevale con la proloco di San Tomaso, tre gli appuntamenti: 12 febbraio festa di carnevale, passeggiata in maschera da Celat e Colzares\u00e8; 16 febbraio lettura animate in biblioteca a Celat alle 17 (in maschera), 19 febbraio I racconti di Paolo Soppelsa alle 17 in sala a Celat.<\/p>\n<p>&nbsp;<\/p>\n<p>&nbsp;<\/p>\n<hr \/>\n<p>&nbsp;<\/p>\n<blockquote>\n<h3>EL CARNEVAL DEI BOCE A TAIBON<\/h3>\n<\/blockquote>\n<p><strong>TAIBON<\/strong> Pro Loco e Comune di Taibon organizzano El Carneval Dei Boce domenica 19 febbraio. Ritrovo in piazza alle 14, sfilata alla casa di riposo e festa all&#8217;ex municipio dalle 16.<\/p>\n<p>&nbsp;<\/p>\n<p>&nbsp;<\/p>\n<hr \/>\n<p>&nbsp;<\/p>\n<blockquote>\n<h3>A LIMANA SI RICORDA NORMA COSSETTO<\/h3>\n<\/blockquote>\n<p><strong>LIMANA <\/strong>In occasione della giornata della Memoria, il Comune di Limana e la Bibilioteca organizzano\u00a0 alle 20:30 in sala Nocivelli un incontro dal titolo &#8220;Norma Cossetto, per ricordare le foibe&#8221;. Ingresso libero.<\/p>\n<p>&nbsp;<\/p>\n<p>&nbsp;<\/p>\n<hr \/>\n<p>&nbsp;<\/p>\n<blockquote>\n<h3>LA CIASPOLATA IN ROSA<\/h3>\n<\/blockquote>\n<p><strong>VAL DI ZOLDO<\/strong> Sabato 18 febbraio a Palafavera di Val di Zoldo parte la \u201cCiaspolata in Rosa\u201d. Aperta a tutti e non competitiva, la Ciaspolata si snoda su un percorso di 4-5 km nella suggestiva cornice di Palafavera dominata dai Monti Pelmo e Civetta. Iscrizioni online su \u201csportolomiti.it\u201d, presso gli uffici comunali di Forno e Fusine di Val di Zoldo e presso l\u2019ufficio turistico di Pecol.<\/p>\n<p>&nbsp;<\/p>\n<p>&nbsp;<\/p>\n<hr \/>\n<p>&nbsp;<\/p>\n<blockquote>\n<h3>CAMMINA CON IL CUORE<\/h3>\n<\/blockquote>\n<p><strong>LIMANA <\/strong>Sabato a Limana, l&#8217;Aido Belluno proporra\u0300 &#8220;Cammina con cuore&#8221;, una passeggiata per adulti e bambini lungo un percorso ad anello di cinque chilometri per sponsorizzare uno stile di vita sano. Giunta alla terza edizione, la manifestazione verra\u0300 organizzata in collaborazione con Pro Loco Limana e Comune in occasione dei festeggiamenti del santo patrono. Il programma prevede il ritrovo alle 14 in piazza Lorenzi (davanti alla chiesa), con la successiva partenza alle 14.30. La quota di adesione sara\u0300 di cinque euro. I bambini sotto i dieci anni potranno invece partecipare gratuitamente.<\/p>\n<p>&nbsp;<\/p>\n<p>&nbsp;<\/p>\n<hr \/>\n<p>&nbsp;<\/p>\n<p class=\"photoswipe-wrapper\"><a class=\"dt-pswp-item pspw-wrap-ready\" href=\"https:\/\/www.radiopiu.net\/wordpress\/wp-content\/uploads\/2023\/01\/f357cc9c-828e-4d9b-9ff4-ec3efed24d74.jpg\" data-dt-img-description=\"\" data-large_image_width=\"724\" data-large_image_height=\"1024\"><img loading=\"lazy\" decoding=\"async\" class=\"wp-image-315069 alignleft\" src=\"https:\/\/www.radiopiu.net\/wordpress\/wp-content\/uploads\/2023\/01\/f357cc9c-828e-4d9b-9ff4-ec3efed24d74.jpg\" sizes=\"auto, (max-width: 140px) 100vw, 140px\" srcset=\"https:\/\/www.radiopiu.net\/wordpress\/wp-content\/uploads\/2023\/01\/f357cc9c-828e-4d9b-9ff4-ec3efed24d74.jpg 724w, https:\/\/www.radiopiu.net\/wordpress\/wp-content\/uploads\/2023\/01\/f357cc9c-828e-4d9b-9ff4-ec3efed24d74-212x300.jpg 212w\" alt=\"\" width=\"79\" height=\"112\" \/><\/a><\/p>\n<h1><span style=\"color: #ff00ff;\">AGORDINO IN FERMENTO\u2026AGORDINO IN MOVIMENTO<\/span><\/h1>\n<blockquote><p><strong>A CARNEVALE\u2026 EL CARNEVAL DE LE VAI\u2026DA SELVA DI CADORE A CANALE D\u2019AGORDO, DA RIVAMONTE A LASTE E SOTTOGUDA. TRADIZIONE, CULTUR E SPETTACOLO\u00a0\u00a0<\/strong><\/p><\/blockquote>\n<p><iframe loading=\"lazy\" title=\"CARNEVAI DE LE VAI L&#039;INTERVISTA AI PROTAGONISTI\" width=\"1200\" height=\"675\" src=\"https:\/\/www.youtube.com\/embed\/w-vtgGV1TuM?start=198&#038;feature=oembed\" frameborder=\"0\" allow=\"accelerometer; autoplay; clipboard-write; encrypted-media; gyroscope; picture-in-picture; web-share\" allowfullscreen><\/iframe><\/p>\n<p>&nbsp;<\/p>\n<p>&nbsp;<\/p>\n<hr \/>\n<p>&nbsp;<\/p>\n<p>&nbsp;<\/p>\n<p><iframe loading=\"lazy\" title=\"Radio Pi\u00f9 festeggia i suoi primi 40 anni di attivit\u00e0\" width=\"1200\" height=\"675\" src=\"https:\/\/www.youtube.com\/embed\/6ptB04FauBE?feature=oembed\" frameborder=\"0\" allow=\"accelerometer; autoplay; clipboard-write; encrypted-media; gyroscope; picture-in-picture; web-share\" allowfullscreen><\/iframe><\/p>\n<p>&nbsp;<\/p>\n<hr \/>\n<p>&nbsp;<\/p>\n<blockquote class=\"wp-embedded-content\" data-secret=\"yJJcs8uCUv\"><p><a href=\"https:\/\/www.radiopiu.net\/wordpress\/limpresa-folle-di-aaron-lazzaro-ed-enrico-triches-in-argentina-gli-aggiornamenti-di-nessuna-vetta-e-lontana\/\">L&#8217;IMPRESA FOLLE DI AARON LAZZARO ED ENRICO TRICHES IN ARGENTINA. GLI AGGIORNAMENTI DI &#8220;NESSUNA VETTA E&#8217; LONTANA&#8221;<\/a><\/p><\/blockquote>\n<p><iframe loading=\"lazy\" class=\"wp-embedded-content\" sandbox=\"allow-scripts\" security=\"restricted\" style=\"position: absolute; clip: rect(1px, 1px, 1px, 1px);\" title=\"&#8220;L&#8217;IMPRESA FOLLE DI AARON LAZZARO ED ENRICO TRICHES IN ARGENTINA. GLI AGGIORNAMENTI DI &#8220;NESSUNA VETTA E&#8217; LONTANA&#8221;&#8221; &#8212; Radio Pi\u00f9\" src=\"https:\/\/www.radiopiu.net\/wordpress\/limpresa-folle-di-aaron-lazzaro-ed-enrico-triches-in-argentina-gli-aggiornamenti-di-nessuna-vetta-e-lontana\/embed\/#?secret=BPUrumsUk1#?secret=yJJcs8uCUv\" data-secret=\"yJJcs8uCUv\" width=\"600\" height=\"338\" frameborder=\"0\" marginwidth=\"0\" marginheight=\"0\" scrolling=\"no\"><\/iframe><\/p>\n<p>&nbsp;<\/p>\n<p>&nbsp;<\/p>\n<div>\n<p>&nbsp;<\/p>\n<hr \/>\n<p>&nbsp;<\/p>\n<blockquote>\n<h3>ELSA DE ZOLT COPPOLA: LA DOCENTE, SCRITTRICE E VALENTE POETESSA DI CAMPOLONGO DI CADORE<\/h3>\n<\/blockquote>\n<p><strong>di Renato Bona<\/strong><\/p>\n<p>Volentieri torniamo sul libro \u201cDonne in prima linea\u201d che la bellunese trapiantata nella Capitale, Milena Caldart, ha realizzato per Alessandro Tarantola editore nel maggio 2014, grafica e stampa della tipografia Sommavilla, perch\u00e9 tra quelle che La raffinata autrice definisce \u201cTestimoni dell\u2019identit\u00e0 femminile veneta bellunesi, vicentine e trevigiane dall\u2019annessione al ventennio\u201d, figura anche Elsa De Zolt Coppola, docente, scrittrice e poetessa di Campolongo di Santo Stefano di Cadore, in provincia di Belluno. La De Zolt, figlia di un commerciante di legnami era nata nel 1894 in quel di Padova dove la famiglia trascorreva lunghi periodi per esigenze lavorative \u201cma vivr\u00e0 una parte fondamentale della sua vita nel paese cadorino. Conseguito il diploma di maestra a Belluno, insegna in un primo tempo a Costalissoio, altra frazione di Santo Stefano di Cadore. Negli anni Trenta ottiene la cattedra a Venezia, alla Giudecca, e poi alla \u201cGabelli\u201d del Lido. E\u2019 il periodo in cui conosce il dott. Castrenze Coppola col quale si unisce in matrimonio. Il Cadore, cui \u00e8 legatissima, diventa la sua dimora per i mesi delle vacanze estive. Sin da giovanissima manifest\u00f2 un\u2019autentica passione letteraria e proprio il Cadore divenne soggetto di poesie e racconti. All\u2019et\u00e0 di 20 anni dedica un volumetto di liriche al fratello Celso Ottavio, alpino del Settimo reggimento, caduto nel 1916 sulla Tofana dove si scrissero autentiche, drammatiche pagine di storia della Grande Guerra. I versi della De Zolt &#8211; secondo l\u201dautrice Caldart &#8211; esprimono la semplicit\u00e0 del suo animo, nel quale sono racchiuse visioni magiche dei luoghi di montagna che amava\u201d. Negli anni Venti e Trenta scrive numerose novelle che sono ospitate da \u201cIl Gazzettino illustrato\u201d: \u201cSignorina d\u2019altri tempi\u201d e \u201cRitorno\u201d fra le altre sono \u201cindirizzate a giovani ragazze adolescenti, dove rappresenta personaggi e situazioni con leggerezza e rapidi tocchi\u201d. E\u2019 del 1948 la pubblicazione di \u201cPoveri ragazzi\u201d dove la De Zolt descrive la vita di fanciulli e ragazzi dei campi e delle calli veneziane\u201d. Importante anche il libro del 1957 \u201cLa fanciulla romantica e altri racconti\u201d in cui sono raccolte le sue fantasie sul Cadore dove, come si \u00e8 detto, abitualmente soggiorna, confermando che l\u2019attaccamento alla terra d\u2019origine ed ai suoi valori \u201crappresentano un\u2019importante componente della sua attivit\u00e0 di scrittrice: \u201cLa Digola era il nostro monte preferito: grande, lontano, bisognava faticare tante ore per arrivarci, ma quando s\u2019era lass\u00f9! Il cielo era vicino, vicino tanto che si poteva toccarlo, nascondersi tra le nuvole, e le foreste d\u2019abeti e di pini erano cos\u00ec fitte e verdi, d\u2019un verde cupo, che davano l\u2019impressione d\u2019essere rin un mondo incantato. Via, via alla ricerca di mirtilli e di fragole; ci si impiastricciava tutte e poi si andava a bere alla cascata d\u2019acqua gelida e si discendeva alla sera, a ruzzoloni, ridendo, cantando\u201d. Milena Caldart, in chiusura, sottolinea: \u201cla sua sensibilit\u00e0 non si limita agli aspetti contemplativi e alle emozioni che in lei suscitano la bellezza della montagna, ma si estende anche ai problemi pi\u00f9 aspri, come quello delle dure esperienze dell\u2019emigrazione contenute nel racconto \u2018Il minatore\u2019\u201d. Elsa De Zolt Coppola nel 1965, dopo decenni dedicati all\u2019insegnamento, ottenne la medaglia d\u2019oro del Ministero della pubblica istruzione. Mor\u00ec a Roma dove si era trasferita nel 1965, il 5 marzo del 1978. Il giornalista cadorino di Perarolo Fiorello Zangrando ha curato nel 1988 una \u201cBreve antologia di poesie e racconti\u201d ad iniziativa del Comune di Santo Stefano di Cadore.<\/p>\n\n\t\t\t<style type='text\/css'>\n\t\t\t\t#gallery-6 {\n\t\t\t\t\tmargin: auto;\n\t\t\t\t}\n\t\t\t\t#gallery-6 .gallery-item {\n\t\t\t\t\tfloat: left;\n\t\t\t\t\tmargin-top: 10px;\n\t\t\t\t\ttext-align: center;\n\t\t\t\t\twidth: 14%;\n\t\t\t\t}\n\t\t\t\t#gallery-6 img {\n\t\t\t\t\tborder: 2px solid #cfcfcf;\n\t\t\t\t}\n\t\t\t\t#gallery-6 .gallery-caption {\n\t\t\t\t\tmargin-left: 0;\n\t\t\t\t}\n\t\t\t\t\/* see gallery_shortcode() in wp-includes\/media.php *\/\n\t\t\t<\/style>\n\t\t<div id='gallery-6' class='dt-gallery-container gallery galleryid-320817 gallery-columns-7 gallery-size-thumbnail'><dl class='gallery-item'>\n\t\t\t\t<dt class='gallery-icon landscape'>\n\t\t\t\t\t<a class=\"rollover rollover-zoom dt-pswp-item\" title=\"328317950_476116304719331_263956106567246398_n\" data-dt-img-description=\"\" data-large_image_width=\"413\" data-large_image_height=\"403\"href='https:\/\/www.radiopiu.net\/wordpress\/wp-content\/uploads\/2023\/02\/328317950_476116304719331_263956106567246398_n.jpg'><img loading=\"lazy\" decoding=\"async\" width=\"150\" height=\"150\" src=\"https:\/\/www.radiopiu.net\/wordpress\/wp-content\/uploads\/2023\/02\/328317950_476116304719331_263956106567246398_n-150x150.jpg\" class=\"attachment-thumbnail size-thumbnail\" alt=\"\" \/><\/a>\n\t\t\t\t<\/dt><\/dl><dl class='gallery-item'>\n\t\t\t\t<dt class='gallery-icon landscape'>\n\t\t\t\t\t<a class=\"rollover rollover-zoom dt-pswp-item\" title=\"329898371_529417342370348_1344707784304884675_n\" data-dt-img-description=\"\" data-large_image_width=\"569\" data-large_image_height=\"403\"href='https:\/\/www.radiopiu.net\/wordpress\/wp-content\/uploads\/2023\/02\/329898371_529417342370348_1344707784304884675_n.jpg'><img loading=\"lazy\" decoding=\"async\" width=\"150\" height=\"150\" src=\"https:\/\/www.radiopiu.net\/wordpress\/wp-content\/uploads\/2023\/02\/329898371_529417342370348_1344707784304884675_n-150x150.jpg\" class=\"attachment-thumbnail size-thumbnail\" alt=\"\" \/><\/a>\n\t\t\t\t<\/dt><\/dl><dl class='gallery-item'>\n\t\t\t\t<dt class='gallery-icon landscape'>\n\t\t\t\t\t<a class=\"rollover rollover-zoom dt-pswp-item\" title=\"329697917_881867092865917_2771617389211627564_n\" data-dt-img-description=\"\" data-large_image_width=\"195\" data-large_image_height=\"130\"href='https:\/\/www.radiopiu.net\/wordpress\/wp-content\/uploads\/2023\/02\/329697917_881867092865917_2771617389211627564_n.jpg'><img loading=\"lazy\" decoding=\"async\" width=\"150\" height=\"130\" src=\"https:\/\/www.radiopiu.net\/wordpress\/wp-content\/uploads\/2023\/02\/329697917_881867092865917_2771617389211627564_n-150x130.jpg\" class=\"attachment-thumbnail size-thumbnail\" alt=\"\" \/><\/a>\n\t\t\t\t<\/dt><\/dl><dl class='gallery-item'>\n\t\t\t\t<dt class='gallery-icon landscape'>\n\t\t\t\t\t<a class=\"rollover rollover-zoom dt-pswp-item\" title=\"329876398_585197866468120_9081778935930692556_n\" data-dt-img-description=\"\" data-large_image_width=\"259\" data-large_image_height=\"194\"href='https:\/\/www.radiopiu.net\/wordpress\/wp-content\/uploads\/2023\/02\/329876398_585197866468120_9081778935930692556_n.jpg'><img loading=\"lazy\" decoding=\"async\" width=\"150\" height=\"150\" src=\"https:\/\/www.radiopiu.net\/wordpress\/wp-content\/uploads\/2023\/02\/329876398_585197866468120_9081778935930692556_n-150x150.jpg\" class=\"attachment-thumbnail size-thumbnail\" alt=\"\" \/><\/a>\n\t\t\t\t<\/dt><\/dl><dl class='gallery-item'>\n\t\t\t\t<dt class='gallery-icon portrait'>\n\t\t\t\t\t<a class=\"rollover rollover-zoom dt-pswp-item\" title=\"329850469_719363119724125_3578367885690477351_n\" data-dt-img-description=\"\" data-large_image_width=\"300\" data-large_image_height=\"414\"href='https:\/\/www.radiopiu.net\/wordpress\/wp-content\/uploads\/2023\/02\/329850469_719363119724125_3578367885690477351_n.jpg'><img loading=\"lazy\" decoding=\"async\" width=\"150\" height=\"150\" src=\"https:\/\/www.radiopiu.net\/wordpress\/wp-content\/uploads\/2023\/02\/329850469_719363119724125_3578367885690477351_n-150x150.jpg\" class=\"attachment-thumbnail size-thumbnail\" alt=\"\" \/><\/a>\n\t\t\t\t<\/dt><\/dl><dl class='gallery-item'>\n\t\t\t\t<dt class='gallery-icon landscape'>\n\t\t\t\t\t<a class=\"rollover rollover-zoom dt-pswp-item\" title=\"330077793_726763935682439_196963816012327019_n\" data-dt-img-description=\"\" data-large_image_width=\"260\" data-large_image_height=\"177\"href='https:\/\/www.radiopiu.net\/wordpress\/wp-content\/uploads\/2023\/02\/330077793_726763935682439_196963816012327019_n.jpg'><img loading=\"lazy\" decoding=\"async\" width=\"150\" height=\"150\" src=\"https:\/\/www.radiopiu.net\/wordpress\/wp-content\/uploads\/2023\/02\/330077793_726763935682439_196963816012327019_n-150x150.jpg\" class=\"attachment-thumbnail size-thumbnail\" alt=\"\" \/><\/a>\n\t\t\t\t<\/dt><\/dl><dl class='gallery-item'>\n\t\t\t\t<dt class='gallery-icon portrait'>\n\t\t\t\t\t<a class=\"rollover rollover-zoom dt-pswp-item\" title=\"329781232_593864238737156_7728067968086953056_n\" data-dt-img-description=\"\" data-large_image_width=\"238\" data-large_image_height=\"328\"href='https:\/\/www.radiopiu.net\/wordpress\/wp-content\/uploads\/2023\/02\/329781232_593864238737156_7728067968086953056_n.jpg'><img loading=\"lazy\" decoding=\"async\" width=\"150\" height=\"150\" src=\"https:\/\/www.radiopiu.net\/wordpress\/wp-content\/uploads\/2023\/02\/329781232_593864238737156_7728067968086953056_n-150x150.jpg\" class=\"attachment-thumbnail size-thumbnail\" alt=\"\" \/><\/a>\n\t\t\t\t<\/dt><\/dl><br style=\"clear: both\" \/>\n\t\t\t<\/div>\n\n<p>&nbsp;<\/p>\n<p>NELLE FOTO (riproduzione dal libro di Milena Caldart e sito Wikipedia): Elsa De Zolt Coppola (per concessione di Celso Coppola); donne sui campi a Campolongo; panoramica del paese cadorino; copertine di due opere della docente, scrittrice e poetessa comelicese; immagine della Tofana dover cadde suo fratello nel periodo della Grande Guerra; numero del 27 gennaio 1935 de Il Gazzettino Illustrato.<\/p>\n<p>&nbsp;<\/p>\n<p>&nbsp;<\/p>\n<hr \/>\n<p>&nbsp;<\/p>\n<div>\n<div class=\"b654a4as d2edcug0\">\n<div class=\"rq0escxv hkbzh7o3 jwdofwj8 n8tt0mok r8blr3vg hyh9befq\">\n<p><a class=\"dt-pswp-item\" href=\"https:\/\/www.radiopiu.net\/wordpress\/wp-content\/uploads\/2020\/10\/pp.jpg\" data-dt-img-description=\"\" data-large_image_width=\"640\" data-large_image_height=\"640\"><img loading=\"lazy\" decoding=\"async\" class=\"wp-image-163678 alignleft\" src=\"https:\/\/www.radiopiu.net\/wordpress\/wp-content\/uploads\/2020\/10\/pp-300x300.jpg\" alt=\"\" width=\"106\" height=\"106\" srcset=\"https:\/\/www.radiopiu.net\/wordpress\/wp-content\/uploads\/2020\/10\/pp-300x300.jpg 300w, https:\/\/www.radiopiu.net\/wordpress\/wp-content\/uploads\/2020\/10\/pp-150x150.jpg 150w, https:\/\/www.radiopiu.net\/wordpress\/wp-content\/uploads\/2020\/10\/pp-125x125.jpg 125w, https:\/\/www.radiopiu.net\/wordpress\/wp-content\/uploads\/2020\/10\/pp-200x200.jpg 200w, https:\/\/www.radiopiu.net\/wordpress\/wp-content\/uploads\/2020\/10\/pp-80x80.jpg 80w, https:\/\/www.radiopiu.net\/wordpress\/wp-content\/uploads\/2020\/10\/pp-480x480.jpg 480w, https:\/\/www.radiopiu.net\/wordpress\/wp-content\/uploads\/2020\/10\/pp.jpg 640w\" sizes=\"auto, (max-width: 106px) 100vw, 106px\" \/><\/a><\/p>\n<\/div>\n<\/div>\n<\/div>\n<div>\n<div class=\"page-title-head hgroup\">\n<div class=\"page-title-head hgroup\">\n<div class=\"b654a4as d2edcug0\">\n<div class=\"j83agx80 btwxx1t3 lhclo0ds hop8lmos nkwizq5d scwd0bx6 roh60bw9\">\n<div class=\"rq0escxv hkbzh7o3 jwdofwj8 n8tt0mok r8blr3vg hyh9befq\">\n<div class=\"do00u71z l9j0dhe7 k4urcfbm\" style=\"text-align: left;\">\n<h2><span style=\"color: #000080;\">DON CESARE, IL PENSIERO DEL GIORNO. ALLA RADIO ALLE 7 DEL MATTINO E ALLE 19.30 DELLA SERA\u00a0<\/span><\/h2>\n<audio class=\"wp-audio-shortcode\" id=\"audio-320817-17\" preload=\"none\" style=\"width: 100%;\" controls=\"controls\"><source type=\"audio\/mpeg\" src=\"https:\/\/www.radiopiu.net\/wordpress\/wp-content\/uploads\/2023\/02\/CESARE-7.mp3?_=17\" \/><a href=\"https:\/\/www.radiopiu.net\/wordpress\/wp-content\/uploads\/2023\/02\/CESARE-7.mp3\">https:\/\/www.radiopiu.net\/wordpress\/wp-content\/uploads\/2023\/02\/CESARE-7.mp3<\/a><\/audio>\n<p>&nbsp;<\/p>\n<p>&nbsp;<\/p>\n<\/div>\n<\/div>\n<\/div>\n<\/div>\n<\/div>\n<\/div>\n<\/div>\n<hr \/>\n<p>&nbsp;<\/p>\n<h2><\/h2>\n<h1>40 ANNI DI RADIOPIU&#8230;..<\/h1>\n<blockquote class=\"wp-embedded-content\" data-secret=\"9ZyC2mzG16\"><p><a href=\"https:\/\/www.radiopiu.net\/wordpress\/negli-ultimi-10anni\/\">NEGLI ULTIMI 10 ANNI<\/a><\/p><\/blockquote>\n<p><iframe loading=\"lazy\" class=\"wp-embedded-content\" sandbox=\"allow-scripts\" security=\"restricted\" style=\"position: absolute; clip: rect(1px, 1px, 1px, 1px);\" title=\"&#8220;NEGLI ULTIMI 10 ANNI&#8221; &#8212; Radio Pi\u00f9\" src=\"https:\/\/www.radiopiu.net\/wordpress\/negli-ultimi-10anni\/embed\/#?secret=llR6spN9qY#?secret=9ZyC2mzG16\" data-secret=\"9ZyC2mzG16\" width=\"600\" height=\"338\" frameborder=\"0\" marginwidth=\"0\" marginheight=\"0\" scrolling=\"no\"><\/iframe><\/p>\n<p>&nbsp;<\/p>\n<hr \/>\n<p>&nbsp;<\/p>\n<h2><span style=\"color: #ff00ff;\">IN VIVO VERSO\u00a0<\/span><\/h2>\n<blockquote>\n<h3>SOGNANDO LA PRIMAVERA di RICCARDO RUSSO<\/h3>\n<\/blockquote>\n<p><strong>AUDIO<\/strong><\/p>\n<audio class=\"wp-audio-shortcode\" id=\"audio-320817-18\" preload=\"none\" style=\"width: 100%;\" controls=\"controls\"><source type=\"audio\/mpeg\" src=\"https:\/\/www.radiopiu.net\/wordpress\/wp-content\/uploads\/2023\/02\/2-RICCARDO-RUSSO-SOGNANDO-LA-PRIMAVERA.mp3?_=18\" \/><a href=\"https:\/\/www.radiopiu.net\/wordpress\/wp-content\/uploads\/2023\/02\/2-RICCARDO-RUSSO-SOGNANDO-LA-PRIMAVERA.mp3\">https:\/\/www.radiopiu.net\/wordpress\/wp-content\/uploads\/2023\/02\/2-RICCARDO-RUSSO-SOGNANDO-LA-PRIMAVERA.mp3<\/a><\/audio>\n<p>&nbsp;<\/p>\n<p><a class=\"dt-pswp-item\" href=\"https:\/\/www.radiopiu.net\/wordpress\/wp-content\/uploads\/2023\/02\/2-RICCARDO-RUSSO.jpg\" data-dt-img-description=\"\" data-large_image_width=\"720\" data-large_image_height=\"480\"><img loading=\"lazy\" decoding=\"async\" class=\"wp-image-320653 alignleft\" src=\"https:\/\/www.radiopiu.net\/wordpress\/wp-content\/uploads\/2023\/02\/2-RICCARDO-RUSSO-300x200.jpg\" alt=\"\" width=\"168\" height=\"112\" srcset=\"https:\/\/www.radiopiu.net\/wordpress\/wp-content\/uploads\/2023\/02\/2-RICCARDO-RUSSO-300x200.jpg 300w, https:\/\/www.radiopiu.net\/wordpress\/wp-content\/uploads\/2023\/02\/2-RICCARDO-RUSSO.jpg 720w\" sizes=\"auto, (max-width: 168px) 100vw, 168px\" \/><\/a><strong>Riccardo Russo<\/strong><br \/>\n<strong>SOGNANDO LA PRIMAVERA<\/strong><\/p>\n<p>Una gelida panchina e uno sguardo all&#8217;orizzonte<br \/>\nIn questa sera di un lungo e rigido inverno<br \/>\nFumano lenti i camini in lontananza<br \/>\nScricchiolano i miei passi sulla poca neve a terra<br \/>\nM&#8217;immagino questi secchi rami rigogliosi a primavera<br \/>\nE provo ad ascoltare dei silenziosi cinguettii<br \/>\nMa un muto freddo mi assale e mi spinge verso case<br \/>\nNell&#8217;attesa che il sole torni a scaldare i nostri passi<\/p>\n<p>&nbsp;<\/p>\n<p>&nbsp;<\/p>\n<div dir=\"auto\">\n<div dir=\"auto\">\n<div dir=\"auto\">\n<p><strong>LA RACCOLTA COMPLETA<\/strong><\/p>\n<blockquote class=\"wp-embedded-content\" data-secret=\"A6xwmVvoTG\"><p><a href=\"https:\/\/www.radiopiu.net\/wordpress\/in-vivo-verso\/\">In Vivo Verso<\/a><\/p><\/blockquote>\n<p><iframe loading=\"lazy\" class=\"wp-embedded-content\" sandbox=\"allow-scripts\" security=\"restricted\" style=\"position: absolute; clip: rect(1px, 1px, 1px, 1px);\" title=\"&#8220;In Vivo Verso&#8221; &#8212; Radio Pi\u00f9\" src=\"https:\/\/www.radiopiu.net\/wordpress\/in-vivo-verso\/embed\/#?secret=CiUfMKdkyA#?secret=A6xwmVvoTG\" data-secret=\"A6xwmVvoTG\" width=\"600\" height=\"338\" frameborder=\"0\" marginwidth=\"0\" marginheight=\"0\" scrolling=\"no\"><\/iframe><\/p>\n<\/div>\n<\/div>\n<\/div>\n<p>&nbsp;<\/p>\n<hr \/>\n<p>&nbsp;<\/p>\n<h2><strong><a class=\"dt-pswp-item\" href=\"https:\/\/www.radiopiu.net\/wordpress\/wp-content\/uploads\/2023\/01\/d4097574-93ee-467e-bc57-49487a83943d.jpg\" data-dt-img-description=\"\" data-large_image_width=\"1599\" data-large_image_height=\"1200\"><img loading=\"lazy\" decoding=\"async\" class=\" wp-image-319362 alignleft\" src=\"https:\/\/www.radiopiu.net\/wordpress\/wp-content\/uploads\/2023\/01\/d4097574-93ee-467e-bc57-49487a83943d-300x225.jpg\" alt=\"\" width=\"163\" height=\"122\" srcset=\"https:\/\/www.radiopiu.net\/wordpress\/wp-content\/uploads\/2023\/01\/d4097574-93ee-467e-bc57-49487a83943d-300x225.jpg 300w, https:\/\/www.radiopiu.net\/wordpress\/wp-content\/uploads\/2023\/01\/d4097574-93ee-467e-bc57-49487a83943d-1024x768.jpg 1024w, https:\/\/www.radiopiu.net\/wordpress\/wp-content\/uploads\/2023\/01\/d4097574-93ee-467e-bc57-49487a83943d-768x576.jpg 768w, https:\/\/www.radiopiu.net\/wordpress\/wp-content\/uploads\/2023\/01\/d4097574-93ee-467e-bc57-49487a83943d-1536x1153.jpg 1536w, https:\/\/www.radiopiu.net\/wordpress\/wp-content\/uploads\/2023\/01\/d4097574-93ee-467e-bc57-49487a83943d.jpg 1599w\" sizes=\"auto, (max-width: 163px) 100vw, 163px\" \/><\/a><\/strong><span style=\"color: #33cccc;\">LA RASSEGNA STAMPA DA L&#8217;AMICO DEL POPOLO<\/span><\/h2>\n<p><strong>di Gianni Santomaso<\/strong><\/p>\n<p>OSPITE: Dario Costa<\/p>\n<audio class=\"wp-audio-shortcode\" id=\"audio-320817-19\" preload=\"none\" style=\"width: 100%;\" controls=\"controls\"><source type=\"audio\/mpeg\" src=\"https:\/\/www.radiopiu.net\/wordpress\/wp-content\/uploads\/2023\/02\/RASSEGNA-GIANNI.mp3?_=19\" \/><a href=\"https:\/\/www.radiopiu.net\/wordpress\/wp-content\/uploads\/2023\/02\/RASSEGNA-GIANNI.mp3\">https:\/\/www.radiopiu.net\/wordpress\/wp-content\/uploads\/2023\/02\/RASSEGNA-GIANNI.mp3<\/a><\/audio>\n<p>&nbsp;<\/p>\n<hr \/>\n<p>&nbsp;<\/p>\n<p>&nbsp;<\/p>\n<blockquote>\n<h1><span style=\"color: #ff00ff;\">GOCCE DI FILOSOFIA<\/span><\/h1>\n<\/blockquote>\n<h3 class=\"entry-title\">GOCCE DI FILOSOFIA \u2013 PUNTATA 242 \u2013 LISA DE LUCA, TERZA STAGIONE<\/h3>\n<audio class=\"wp-audio-shortcode\" id=\"audio-320817-20\" preload=\"none\" style=\"width: 100%;\" controls=\"controls\"><source type=\"audio\/mpeg\" src=\"https:\/\/www.radiopiu.net\/wordpress\/wp-content\/uploads\/2023\/02\/FI2.mp3?_=20\" \/><a href=\"https:\/\/www.radiopiu.net\/wordpress\/wp-content\/uploads\/2023\/02\/FI2.mp3\">https:\/\/www.radiopiu.net\/wordpress\/wp-content\/uploads\/2023\/02\/FI2.mp3<\/a><\/audio>\n<p>&nbsp;<\/p>\n<p>LA RACCOLTA COMPLETA<\/p>\n<blockquote class=\"wp-embedded-content\" data-secret=\"03cQYQdSQv\"><p><a href=\"https:\/\/www.radiopiu.net\/wordpress\/gocce-filosofia\/\">Gocce di filosofia,  LA TERZA STAGIONE&#8230; 2023<\/a><\/p><\/blockquote>\n<p><iframe loading=\"lazy\" class=\"wp-embedded-content\" sandbox=\"allow-scripts\" security=\"restricted\" style=\"position: absolute; clip: rect(1px, 1px, 1px, 1px);\" title=\"&#8220;Gocce di filosofia,  LA TERZA STAGIONE&#8230; 2023&#8221; &#8212; Radio Pi\u00f9\" src=\"https:\/\/www.radiopiu.net\/wordpress\/gocce-filosofia\/embed\/#?secret=MXYblJnTTk#?secret=03cQYQdSQv\" data-secret=\"03cQYQdSQv\" width=\"600\" height=\"338\" frameborder=\"0\" marginwidth=\"0\" marginheight=\"0\" scrolling=\"no\"><\/iframe><\/p>\n<p>&nbsp;<\/p>\n<hr \/>\n<p>&nbsp;<\/p>\n<p>&nbsp;<\/p>\n<blockquote class=\"wp-embedded-content\" data-secret=\"QE9pL1S1Ku\"><p><a href=\"https:\/\/www.radiopiu.net\/wordpress\/il-ritorno-del-country-alla-radio-il-ritorno-di-alex-nascinben\/\">IL RITORNO DEL COUNTRY ALLA RADIO&#8230; IL RITORNO DI ALEX NASCINBEN<\/a><\/p><\/blockquote>\n<p><iframe loading=\"lazy\" class=\"wp-embedded-content\" sandbox=\"allow-scripts\" security=\"restricted\" style=\"position: absolute; clip: rect(1px, 1px, 1px, 1px);\" title=\"&#8220;IL RITORNO DEL COUNTRY ALLA RADIO&#8230; IL RITORNO DI ALEX NASCINBEN&#8221; &#8212; Radio Pi\u00f9\" src=\"https:\/\/www.radiopiu.net\/wordpress\/il-ritorno-del-country-alla-radio-il-ritorno-di-alex-nascinben\/embed\/#?secret=fS2GcXxWnT#?secret=QE9pL1S1Ku\" data-secret=\"QE9pL1S1Ku\" width=\"600\" height=\"338\" frameborder=\"0\" marginwidth=\"0\" marginheight=\"0\" scrolling=\"no\"><\/iframe><\/p>\n<p>&nbsp;<\/p>\n<p>&nbsp;<\/p>\n<hr \/>\n<p>&nbsp;<\/p>\n<p>&nbsp;<\/p>\n<blockquote class=\"wp-embedded-content\" data-secret=\"igkTvqlOlo\"><p><a href=\"https:\/\/www.radiopiu.net\/wordpress\/trentatre-per-tre-il-programma-alla-radio-con-aldo-brigadoi-l\/\">TRENTATRE&#8217; PER TRE il  programma alla radio, con ALDO BRIGADOI &#8220;L&#8217;ALDONE&#8221;<\/a><\/p><\/blockquote>\n<p><iframe loading=\"lazy\" class=\"wp-embedded-content\" sandbox=\"allow-scripts\" security=\"restricted\" style=\"position: absolute; clip: rect(1px, 1px, 1px, 1px);\" title=\"&#8220;TRENTATRE&#8217; PER TRE il  programma alla radio, con ALDO BRIGADOI &#8220;L&#8217;ALDONE&#8221;&#8221; &#8212; Radio Pi\u00f9\" src=\"https:\/\/www.radiopiu.net\/wordpress\/trentatre-per-tre-il-programma-alla-radio-con-aldo-brigadoi-l\/embed\/#?secret=xbzOzFYPwu#?secret=igkTvqlOlo\" data-secret=\"igkTvqlOlo\" width=\"600\" height=\"338\" frameborder=\"0\" marginwidth=\"0\" marginheight=\"0\" scrolling=\"no\"><\/iframe><\/p>\n<p>&nbsp;<\/p>\n<p>&nbsp;<\/p>\n<p>&nbsp;<\/p>\n<p>&nbsp;<\/p>\n<hr \/>\n<p>&nbsp;<\/p>\n<div class=\"column\">\n<p><img loading=\"lazy\" decoding=\"async\" class=\"aligncenter wp-image-61954 size-full\" src=\"https:\/\/www.radiopiu.net\/wordpress\/wp-content\/uploads\/2018\/09\/viabilita.jpeg\" sizes=\"auto, (max-width: 800px) 100vw, 800px\" srcset=\"https:\/\/www.radiopiu.net\/wordpress\/wp-content\/uploads\/2018\/09\/viabilita.jpeg 800w, https:\/\/www.radiopiu.net\/wordpress\/wp-content\/uploads\/2018\/09\/viabilita-300x38.jpeg 300w, https:\/\/www.radiopiu.net\/wordpress\/wp-content\/uploads\/2018\/09\/viabilita-768x96.jpeg 768w\" alt=\"\" width=\"800\" height=\"100\" \/><\/p>\n<p>&nbsp;<\/p>\n<p>&nbsp;<\/p>\n<p><strong>AGGIORNAMENTO VENETO STRADE, AGGIORNAMENTO CONTINUO H 24<\/strong><\/p>\n<p>&nbsp;<\/p>\n<blockquote class=\"wp-embedded-content\" data-secret=\"82m2bFFy93\"><p><a href=\"https:\/\/www.radiopiu.net\/wordpress\/viabilita\/\">viabilita<\/a><\/p><\/blockquote>\n<p><iframe loading=\"lazy\" class=\"wp-embedded-content\" sandbox=\"allow-scripts\" security=\"restricted\" style=\"position: absolute; clip: rect(1px, 1px, 1px, 1px);\" title=\"&#8220;viabilita&#8221; &#8212; Radio Pi\u00f9\" src=\"https:\/\/www.radiopiu.net\/wordpress\/viabilita\/embed\/#?secret=LEUVHVjWQD#?secret=82m2bFFy93\" data-secret=\"82m2bFFy93\" width=\"600\" height=\"338\" frameborder=\"0\" marginwidth=\"0\" marginheight=\"0\" scrolling=\"no\"><\/iframe><\/p>\n<p>&nbsp;<\/p>\n<hr \/>\n<p>&nbsp;<\/p>\n<blockquote>\n<h3>QUANTO FREDDO FA&#8230;ieri<\/h3>\n<\/blockquote>\n<p><img loading=\"lazy\" decoding=\"async\" class=\"alignleft\" src=\"https:\/\/www.radiopiu.net\/wordpress\/wp-content\/uploads\/2023\/02\/ice-2360348__340.jpg\" width=\"242\" height=\"136\" \/>Ecco le temperature minime registrate ieri notte in alcune localit\u00e0 del Veneto.<\/p>\n<p><u><b>Fra i paesi<span class=\"gmail_default\">,<\/span> i valori pi\u00f9 significativi, in relazione all&#8217;altitudine, sono stati misurati a<\/b>: <\/u>Boscoverde<span class=\"gmail_default\">\u00a0&#8211; Rocca Pietore<\/span> (BL-1200 m) -14.7\u00b0C Cernadoi (BL-1520 m) -13.8\u00b0C Asiago (VI-1016 m) &#8211;<span class=\"gmail_default\">11.3<\/span>\u00b0C Santo Stefano di Cadore (BL-905 m) -1<span class=\"gmail_default\">0.9<\/span>\u00b0C Santa Giustina Bellunese (BL-278 m) -7.2\u00b0C Ponte di Piave (TV-3 m) -6.3\u00b0C<\/p>\n<p><b><u>Per gli altri paesi e le citt\u00e0 della regione si veda questa <a href=\"https:\/\/www.arpa.veneto.it\/dati-ambientali\/dati-in-diretta\/meteo-idro-nivo\/tminmaxoggi\" target=\"_blank\" rel=\"noopener\">tabella<\/a><\/u><\/b><\/p>\n<p><u><b>Si segnalano inoltre le temperature minime ne<\/b><span class=\"gmail_default\"><span style=\"font-family: verdana, sans-serif;\"><b><\/b>lle <\/span><b><span style=\"font-family: arial, sans-serif;\">localit\u00e0<\/span><\/b><\/span><b>\u00a0normalmente pi\u00f9 fredd<span class=\"gmail_default\">e<\/span>: <\/b><\/u>Val Visdende (BL-1240 m) -1<span class=\"gmail_default\">6.3<\/span>\u00b0C Piana di Marcesina (VI-1310 m) -20.9\u00b0C Passo Cimabanche (BL-1530 m) &#8211;<span class=\"gmail_default\">19.8<\/span>\u00b0C Passo Pordoi (BL-2154 m) <span class=\"gmail_default\">-14.6\u00b0C <\/span>Marmolada- arrivo funivia (BL-3256 m) &#8211;<span class=\"gmail_default\">20.5<\/span>\u00b0C<\/p>\n<div>\n<div class=\"gmail_default\"><span style=\"font-family: arial, sans-serif;\"><b><u>A titolo di curiosit\u00e0 si citano le minime di due siti caratterizzati da un particolare microclima: <\/u><\/b><\/span>Paludetto di Misurina (BL-1741 m)\u00a0 NP\u00a0 Dolina Campoluzzo (VI-1768 m) &#8211;<span class=\"gmail_default\">33.0<\/span>\u00b0C<\/div>\n<\/div>\n<div><i><span style=\"font-family: arial, sans-serif;\"><span class=\"gmail_default\">I due siti sono rappresentativi solo di una piccola area e, nel caso di Campoluzzo,\u00a0<\/span><span class=\"gmail_default\">il punto di misura si trova<\/span>\u00a0sul fondo di una conca, in una sperduta zona di montagna<span class=\"gmail_default\">.<\/span><\/span><\/i><\/div>\n<div><\/div>\n<div>Per le temperature minime in alcune zone molto fredde dell&#8217;altopiano del Cansiglio (BL) si vedano\u00a0<span class=\"gmail_default\">i<\/span> dati<span class=\"gmail_default\"> di questa <a href=\"https:\/\/opendata.piancansigliometeowebcam.it\/sinottico\/estremi\/estremi_stazioni_completo.php\">rete<\/a>, realizzata nell&#8217;ambito del Progetto Sperimentale di Monitoraggio Meteorologico della Foresta del Cansiglio.<\/span><\/div>\n<div><\/div>\n<p>&nbsp;<\/p>\n<hr \/>\n<p>&nbsp;<\/p>\n<p><a class=\"dt-pswp-item\" href=\"https:\/\/www.radiopiu.net\/wordpress\/wp-content\/uploads\/2018\/09\/WhatsApp-Image-2018-09-20-at-16.04.06.jpeg\" data-dt-img-description=\"\" data-large_image_width=\"800\" data-large_image_height=\"100\"><img loading=\"lazy\" decoding=\"async\" class=\"wp-image-61378 size-full aligncenter\" src=\"https:\/\/www.radiopiu.net\/wordpress\/wp-content\/uploads\/2018\/09\/WhatsApp-Image-2018-09-20-at-16.04.06.jpeg\" alt=\"\" width=\"800\" height=\"100\" srcset=\"https:\/\/www.radiopiu.net\/wordpress\/wp-content\/uploads\/2018\/09\/WhatsApp-Image-2018-09-20-at-16.04.06.jpeg 800w, https:\/\/www.radiopiu.net\/wordpress\/wp-content\/uploads\/2018\/09\/WhatsApp-Image-2018-09-20-at-16.04.06-300x38.jpeg 300w, https:\/\/www.radiopiu.net\/wordpress\/wp-content\/uploads\/2018\/09\/WhatsApp-Image-2018-09-20-at-16.04.06-768x96.jpeg 768w\" sizes=\"auto, (max-width: 800px) 100vw, 800px\" \/><\/a><\/p>\n<p>&nbsp;<\/p>\n<p><center><b>OGGI<\/b><\/center>Tempo stabile e freddo, ben soleggiato con cielo sereno, aria tersa e ottima visibilit\u00e0 su tutta la montagna veneta. Il freddo notturno s&#8217;intensificher\u00e0 su molti settori e il contesto termico risulter\u00e0 sempre pi\u00f9 invernale, specie sulle Prealpi.<br \/>\n<b>Precipitazioni: <\/b>Assenti (0%)<br \/>\n<b>Temperature: <\/b>In generale lieve diminuzione, pi\u00f9 marcata sulle Prealpi rispetto alle Dolomiti. Nella fascia altimetrica 1600-2200 m, le minime saranno raggiunte alla sera. Le gelate notturne saranno diffuse, anche intense, specie nei settori innevati (-9\/-15\u00b0C, localmente inferiori sugli altopiani prealpini). Il gelo persister\u00e0 tutto il giorno oltre i 600\/800 m, anche qa quote pi\u00f9 basse nei settori in ombra.<\/p>\n<hr \/>\n<p><center><b>DOMANI<\/b><\/center>Tempo stabile con sole, cielo sereno, aria tersa e ottima visibilit\u00e0. Il freddo sar\u00e0 intenso all&#8217;alba, anche nei fondovalle prealpini, ma sopratutto nelle valli innevate, mentre in giornata l&#8217;avvezione di aria fredda si allenter\u00e0, in maniera pi\u00f9 avvertita in alta quota.<br \/>\n<b>Precipitazioni: <\/b>Assenti (0%).<br \/>\n<b>Temperature: <\/b>Minime in diminuzione nelle valli e pressoch\u00e9 stazionarie in alta quota, eccetto lieve rialzo sulle cime pi\u00f9 alte (oltre i 2600 m). Massime in generale ripresa, pi\u00f9 sensibile sulle cime pi\u00f9 alte. Le gelate notturne potrebbero raggiungere la loro massima intensit\u00e0 nelle valli dando luogo a una notte assai gelida. Il gelo persister\u00e0, gi\u00e0 a quote relativamente basse nelle valli a lungo in ombra.<\/p>\n<hr \/>\n<p><center><b>VENERDI<\/b><\/center>Tempo stabile e meno freddo, con sole, cielo sereno, aria tersa e ottima visibilit\u00e0 su tutta la montagna veneta. Nel corso del pomeriggio giungeranno sottili nubi alte in grado di velare il cielo a partire dalle Dolomiti, anche sulle Prealpi entro la sera. Temperature in generale aumento. Venti deboli\/moderati da nord in quota, nelle valli deboli di direzione variabile, salvo locali e temporanei rinforzi erratici.<\/p>\n<hr \/>\n<p><center><b>SABATO<\/b><\/center>Parzialmente nuvoloso per transito di nubi medio-alte, a tratti estese, ma con qualche tratto soleggiato. Temperature in ulteriore generale aumento.<\/p>\n<p>&nbsp;<\/p>\n<div>\n<hr \/>\n<\/div>\n<p>&nbsp;<\/p>\n<p>&nbsp;<\/p>\n<p><a class=\"dt-pswp-item\" href=\"https:\/\/www.radiopiu.net\/wordpress\/wp-content\/uploads\/2018\/09\/sport.jpg\" data-dt-img-description=\"\" data-large_image_width=\"800\" data-large_image_height=\"100\"><img loading=\"lazy\" decoding=\"async\" class=\"aligncenter wp-image-60761 size-full\" src=\"https:\/\/www.radiopiu.net\/wordpress\/wp-content\/uploads\/2018\/09\/sport.jpg\" alt=\"\" width=\"800\" height=\"100\" srcset=\"https:\/\/www.radiopiu.net\/wordpress\/wp-content\/uploads\/2018\/09\/sport.jpg 800w, https:\/\/www.radiopiu.net\/wordpress\/wp-content\/uploads\/2018\/09\/sport-300x38.jpg 300w, https:\/\/www.radiopiu.net\/wordpress\/wp-content\/uploads\/2018\/09\/sport-768x96.jpg 768w\" sizes=\"auto, (max-width: 800px) 100vw, 800px\" \/><\/a><\/p>\n<p>&nbsp;<\/p>\n<p><span style=\"color: #0000ff;\"><strong>CALCIO<\/strong><\/span><\/p>\n<blockquote>\n<h3>L&#8217;AGORDINA RIMANE IN ZONA PLAYOUT. UN PAREGGIO AMARO CONTRO IL SOIS<\/h3>\n<\/blockquote>\n<p><strong><a class=\"dt-pswp-item\" href=\"https:\/\/www.radiopiu.net\/wordpress\/wp-content\/uploads\/2021\/11\/CALCIO-2021.jpg\" data-dt-img-description=\"\" data-large_image_width=\"2560\" data-large_image_height=\"1707\"><img loading=\"lazy\" decoding=\"async\" class=\" wp-image-242798 alignleft\" src=\"https:\/\/www.radiopiu.net\/wordpress\/wp-content\/uploads\/2021\/11\/CALCIO-2021-300x200.jpg\" alt=\"\" width=\"179\" height=\"119\" srcset=\"https:\/\/www.radiopiu.net\/wordpress\/wp-content\/uploads\/2021\/11\/CALCIO-2021-300x200.jpg 300w, https:\/\/www.radiopiu.net\/wordpress\/wp-content\/uploads\/2021\/11\/CALCIO-2021-1024x683.jpg 1024w, https:\/\/www.radiopiu.net\/wordpress\/wp-content\/uploads\/2021\/11\/CALCIO-2021-768x512.jpg 768w, https:\/\/www.radiopiu.net\/wordpress\/wp-content\/uploads\/2021\/11\/CALCIO-2021-1536x1024.jpg 1536w, https:\/\/www.radiopiu.net\/wordpress\/wp-content\/uploads\/2021\/11\/CALCIO-2021-2048x1366.jpg 2048w\" sizes=\"auto, (max-width: 179px) 100vw, 179px\" \/><\/a>di Marco Gaz<\/strong><\/p>\n<p><strong>REDAZIONE\u00a0<\/strong>Un pareggio dal sapore amaro per l&#8217;Agordina di Marco Lorenzi quello di domenica scorsa contro il Sois. Nello scontro diretto per la bassa classifica della Seconda Categoria girone T del Veneto, la squadra di Agordo non ha saputo sfruttare a pieno l&#8217;occasione di sorpassare in classifica il diretto avversario. Due gol a testa dopo i 90&#8242; di gioco dove gli agordini sono andati in vantaggio con Del Chin, hanno subito il pareggio del Sois e subito pareggiato con Zannoni. Nel finale di gara l&#8217;arbitro ha concesso un rigore al Sois, al quanto dubbio, e spedito sotto la doccia anzitempo proprio Zannoni. Da qui il pareggio dei bellunesi con l&#8217;Agordina che le ha provate tutte per conquistare i tre punti senza riuscirci. Squadra di Agordo bisognosa di punti per raggiungere la zona salvezza quanto prima e domenica prossima un&#8217;altra chance da non buttare al vento contro il Nogar\u00e8.<\/p>\n<p><strong>ETIENNE MEZZACASA, GIOCATORE DELL&#8217;AGORDINA<\/strong><\/p>\n<audio class=\"wp-audio-shortcode\" id=\"audio-320817-21\" preload=\"none\" style=\"width: 100%;\" controls=\"controls\"><source type=\"audio\/mpeg\" src=\"https:\/\/www.radiopiu.net\/wordpress\/wp-content\/uploads\/2023\/02\/etienne-mezzacasa-sois.mp3?_=21\" \/><a href=\"https:\/\/www.radiopiu.net\/wordpress\/wp-content\/uploads\/2023\/02\/etienne-mezzacasa-sois.mp3\">https:\/\/www.radiopiu.net\/wordpress\/wp-content\/uploads\/2023\/02\/etienne-mezzacasa-sois.mp3<\/a><\/audio>\n<p>&nbsp;<\/p>\n<hr \/>\n<p>&nbsp;<\/p>\n<p><span style=\"color: #0000ff;\"><strong>NUOTO<\/strong><\/span><\/p>\n<blockquote>\n<h2>ALLA SPORTIVAMENTE BELLUNO SEI TITOLI REGIONALI<\/h2>\n<\/blockquote>\n<p><strong><a class=\"dt-pswp-item\" href=\"https:\/\/www.radiopiu.net\/wordpress\/wp-content\/uploads\/2023\/02\/Staffetta_a_Lignano.jpg\" data-dt-img-description=\"\" data-large_image_width=\"1646\" data-large_image_height=\"1098\"><img loading=\"lazy\" decoding=\"async\" class=\"size-medium wp-image-320893 alignleft\" src=\"https:\/\/www.radiopiu.net\/wordpress\/wp-content\/uploads\/2023\/02\/Staffetta_a_Lignano-300x200.jpg\" alt=\"\" width=\"300\" height=\"200\" srcset=\"https:\/\/www.radiopiu.net\/wordpress\/wp-content\/uploads\/2023\/02\/Staffetta_a_Lignano-300x200.jpg 300w, https:\/\/www.radiopiu.net\/wordpress\/wp-content\/uploads\/2023\/02\/Staffetta_a_Lignano-1024x683.jpg 1024w, https:\/\/www.radiopiu.net\/wordpress\/wp-content\/uploads\/2023\/02\/Staffetta_a_Lignano-768x512.jpg 768w, https:\/\/www.radiopiu.net\/wordpress\/wp-content\/uploads\/2023\/02\/Staffetta_a_Lignano-1536x1025.jpg 1536w, https:\/\/www.radiopiu.net\/wordpress\/wp-content\/uploads\/2023\/02\/Staffetta_a_Lignano.jpg 1646w\" sizes=\"auto, (max-width: 300px) 100vw, 300px\" \/><\/a>BELLUNO<\/strong> <span style=\"color: #000000;\"><span style=\"font-family: Helvetica Neue, serif;\"><span style=\"font-size: small;\"><span style=\"font-family: Helvetica, serif;\"><span lang=\"it-IT\">A Lignano 25 atleti della Sportivamente Belluno si sono ritagliati un ruolo di rilievo tra <\/span><\/span><span style=\"font-family: Helvetica, serif;\">1<\/span><span style=\"font-family: Helvetica, serif;\"><span lang=\"it-IT\">.<\/span><\/span><span style=\"font-family: Helvetica, serif;\">133 <\/span><span style=\"font-family: Helvetica, serif;\"><span lang=\"it-IT\">nuotatori<\/span><\/span><span style=\"font-family: Helvetica, serif;\">, <\/span><span style=\"font-family: Helvetica, serif;\"><span lang=\"it-IT\">in rappresentanza di 51 societ\u00e0 e per un totale di <\/span><\/span><span style=\"font-family: Helvetica, serif;\">2<\/span><span style=\"font-family: Helvetica, serif;\"><span lang=\"it-IT\">.177 presenze gare. L<\/span><\/span><\/span><\/span><\/span><span style=\"font-family: Helvetica, serif; font-size: small; color: #000000;\">a Sportivamente ha conquistato sei titoli regionali con quattro atleti diversi:\u00a0 Laura Etzi (M60), prima nei 800 stile e 200 misti; Giulia De Bona (M30) nei 200 dorso; Elena Fava (M40) nei 400 stile. E Tullio Franceschini (M65) nei 200 e 400 misti. <\/span><span style=\"color: #000000;\"><span style=\"font-family: Helvetica Neue, serif;\"><span style=\"font-size: small;\"><span style=\"font-family: Helvetica, serif;\"><span lang=\"it-IT\">Sul podio anche Marta Rossa (seconda nei 100 delfino e 200 misti), Matteo Sogne (terzo nei 400 stile), Giorgia Massenz (terza nei 100 delfino), Gianni Edotti (secondo nei 100 delfino), Franz Bossems <a class=\"dt-pswp-item\" href=\"https:\/\/www.radiopiu.net\/wordpress\/wp-content\/uploads\/2023\/02\/Gruppo_Master_a_Lignano.jpg\" data-dt-img-description=\"\" data-large_image_width=\"2048\" data-large_image_height=\"1532\"><img loading=\"lazy\" decoding=\"async\" class=\"size-medium wp-image-320892 alignright\" src=\"https:\/\/www.radiopiu.net\/wordpress\/wp-content\/uploads\/2023\/02\/Gruppo_Master_a_Lignano-300x224.jpg\" alt=\"\" width=\"300\" height=\"224\" srcset=\"https:\/\/www.radiopiu.net\/wordpress\/wp-content\/uploads\/2023\/02\/Gruppo_Master_a_Lignano-300x224.jpg 300w, https:\/\/www.radiopiu.net\/wordpress\/wp-content\/uploads\/2023\/02\/Gruppo_Master_a_Lignano-1024x766.jpg 1024w, https:\/\/www.radiopiu.net\/wordpress\/wp-content\/uploads\/2023\/02\/Gruppo_Master_a_Lignano-768x575.jpg 768w, https:\/\/www.radiopiu.net\/wordpress\/wp-content\/uploads\/2023\/02\/Gruppo_Master_a_Lignano-1536x1149.jpg 1536w, https:\/\/www.radiopiu.net\/wordpress\/wp-content\/uploads\/2023\/02\/Gruppo_Master_a_Lignano.jpg 2048w\" sizes=\"auto, (max-width: 300px) 100vw, 300px\" \/><\/a>(terzo nei 100 stile) e Daniela Bianchet (seconda nei 200 misti e 50 delfino). <\/span><\/span><\/span><\/span><\/span><span style=\"font-family: Helvetica, serif; font-size: small; color: #000000;\">Non da meno le staffette, finite due volte sul secondo gradino del podio: nello specifico, la 4&#215;50 mista mista (due uomini e due donne) e la 4&#215;50 stile, formate da Etzi, Zannoni, Rossa e Bossems<\/span><\/p>\n<blockquote>\n<p align=\"LEFT\"><em><span style=\"color: #000000;\"><span style=\"font-family: Helvetica Neue, serif;\"><span style=\"font-size: small;\"><span style=\"font-family: Helvetica, serif;\"><span lang=\"it-IT\">\u00abSiamo molto soddisfatti &#8211; \u00e8 il commento della guida tecnica Maria Elena Canova -. Anche se la vasca da 50 metri, per noi che ci alleniamo sui 25, \u00e8 sempre un po\u2019 penalizzante, abbiamo dato vita a delle buonissime prestazioni. E all\u2019interno di una manifestazione caratterizzata da numeri strepitosi. A questo proposito, \u00e8 meraviglioso tornare a una sorta di normalit\u00e0, dopo il periodo caratterizzato dalla pandemia. Condividere una passione come il nuoto, insieme a cos\u00ec tante persone, \u00e8 gratificante\u00bb.\u00a0<\/span><\/span><\/span><\/span><\/span><\/em><\/p>\n<p align=\"LEFT\">\n<\/blockquote>\n<hr \/>\n<p>&nbsp;<\/p>\n<p><span style=\"color: #0000ff;\"><strong>SCI PARALIMPICO<\/strong><\/span><\/p>\n<blockquote>\n<h3>LUNEDI&#8217; VERRANNO PRESENTATE LE FINALI DI COPPA DEL MONDO DI SCI PARALIMPICO A CORTINA<\/h3>\n<\/blockquote>\n<p><strong><a class=\"dt-pswp-item\" href=\"https:\/\/www.radiopiu.net\/wordpress\/wp-content\/uploads\/2022\/03\/rene-de-silvestro.jpg\" data-dt-img-description=\"\" data-large_image_width=\"1440\" data-large_image_height=\"959\"><img loading=\"lazy\" decoding=\"async\" class=\" wp-image-263207 alignleft\" src=\"https:\/\/www.radiopiu.net\/wordpress\/wp-content\/uploads\/2022\/03\/rene-de-silvestro-300x200.jpg\" alt=\"\" width=\"171\" height=\"114\" srcset=\"https:\/\/www.radiopiu.net\/wordpress\/wp-content\/uploads\/2022\/03\/rene-de-silvestro-300x200.jpg 300w, https:\/\/www.radiopiu.net\/wordpress\/wp-content\/uploads\/2022\/03\/rene-de-silvestro-1024x682.jpg 1024w, https:\/\/www.radiopiu.net\/wordpress\/wp-content\/uploads\/2022\/03\/rene-de-silvestro-768x511.jpg 768w, https:\/\/www.radiopiu.net\/wordpress\/wp-content\/uploads\/2022\/03\/rene-de-silvestro.jpg 1440w\" sizes=\"auto, (max-width: 171px) 100vw, 171px\" \/><\/a>MILANO<\/strong><\/p>\n<p>di Roberto Bona<\/p>\n<audio class=\"wp-audio-shortcode\" id=\"audio-320817-22\" preload=\"none\" style=\"width: 100%;\" controls=\"controls\"><source type=\"audio\/mpeg\" src=\"https:\/\/www.radiopiu.net\/wordpress\/wp-content\/uploads\/2023\/02\/CoppaMondoSciPalalimpicoPresentazione.mp3?_=22\" \/><a href=\"https:\/\/www.radiopiu.net\/wordpress\/wp-content\/uploads\/2023\/02\/CoppaMondoSciPalalimpicoPresentazione.mp3\">https:\/\/www.radiopiu.net\/wordpress\/wp-content\/uploads\/2023\/02\/CoppaMondoSciPalalimpicoPresentazione.mp3<\/a><\/audio>\n<p>&nbsp;<\/p>\n<p>&nbsp;<\/p>\n<p>&nbsp;<\/p>\n<\/div>\n<\/div>\n","protected":false},"excerpt":{"rendered":"<p>RADIO PIU INFORMAZIONE il canale su TELEGRAM informazione di prima\u00a0 mano e in tempo reale. iscriviti ed aiutaci a farlo conoscere\u00a0 \u00a0\u00a0 &nbsp; BENVENUTI AI GIORNALISTI SCIATORI SULLE NEVI DI ARABBA LIVINALLONGO E&#8217; in corso il\u00a0 79\u00b0 Campionato italiano dei giornalisti: 75 rappresentanti di testate nazionali dei principali organi di informazione del Paese. A presentare&hellip;<\/p>\n","protected":false},"author":4,"featured_media":320990,"comment_status":"closed","ping_status":"closed","sticky":false,"template":"","format":"standard","meta":{"_monsterinsights_skip_tracking":false,"_monsterinsights_sitenote_active":false,"_monsterinsights_sitenote_note":"","_monsterinsights_sitenote_category":0,"footnotes":""},"categories":[51,86,49],"tags":[],"class_list":["post-320817","post","type-post","status-publish","format-standard","has-post-thumbnail","hentry","category-evidenza-top","category-gr","category-news-18","category-51","category-86","category-49","description-off"],"img_url":"https:\/\/www.radiopiu.net\/wordpress\/wp-content\/uploads\/2023\/02\/383fc5c1-4907-48a4-9678-d8e4225e2fe2-1.jpg","_links":{"self":[{"href":"https:\/\/www.radiopiu.net\/wordpress\/wp-json\/wp\/v2\/posts\/320817","targetHints":{"allow":["GET"]}}],"collection":[{"href":"https:\/\/www.radiopiu.net\/wordpress\/wp-json\/wp\/v2\/posts"}],"about":[{"href":"https:\/\/www.radiopiu.net\/wordpress\/wp-json\/wp\/v2\/types\/post"}],"author":[{"embeddable":true,"href":"https:\/\/www.radiopiu.net\/wordpress\/wp-json\/wp\/v2\/users\/4"}],"replies":[{"embeddable":true,"href":"https:\/\/www.radiopiu.net\/wordpress\/wp-json\/wp\/v2\/comments?post=320817"}],"version-history":[{"count":0,"href":"https:\/\/www.radiopiu.net\/wordpress\/wp-json\/wp\/v2\/posts\/320817\/revisions"}],"wp:featuredmedia":[{"embeddable":true,"href":"https:\/\/www.radiopiu.net\/wordpress\/wp-json\/wp\/v2\/media\/320990"}],"wp:attachment":[{"href":"https:\/\/www.radiopiu.net\/wordpress\/wp-json\/wp\/v2\/media?parent=320817"}],"wp:term":[{"taxonomy":"category","embeddable":true,"href":"https:\/\/www.radiopiu.net\/wordpress\/wp-json\/wp\/v2\/categories?post=320817"},{"taxonomy":"post_tag","embeddable":true,"href":"https:\/\/www.radiopiu.net\/wordpress\/wp-json\/wp\/v2\/tags?post=320817"}],"curies":[{"name":"wp","href":"https:\/\/api.w.org\/{rel}","templated":true}]}}