{"id":320904,"date":"2023-02-08T05:14:38","date_gmt":"2023-02-08T04:14:38","guid":{"rendered":"https:\/\/www.radiopiu.net\/wordpress\/?p=320904"},"modified":"2023-02-08T05:58:05","modified_gmt":"2023-02-08T04:58:05","slug":"gara-del-gas","status":"publish","type":"post","link":"https:\/\/www.radiopiu.net\/wordpress\/gara-del-gas\/","title":{"rendered":"GARA DEL GAS: SINDACI ED EX SENATORE ASSOLTI"},"content":{"rendered":"<p><strong><a class=\"dt-pswp-item\" href=\"https:\/\/www.radiopiu.net\/wordpress\/wp-content\/uploads\/2020\/07\/FIAMMA-GAS.jpg\" data-dt-img-description=\"\" data-large_image_width=\"1920\" data-large_image_height=\"1440\"><img loading=\"lazy\" decoding=\"async\" class=\" wp-image-150271 alignleft\" src=\"https:\/\/www.radiopiu.net\/wordpress\/wp-content\/uploads\/2020\/07\/FIAMMA-GAS-300x225.jpg\" alt=\"\" width=\"175\" height=\"131\" srcset=\"https:\/\/www.radiopiu.net\/wordpress\/wp-content\/uploads\/2020\/07\/FIAMMA-GAS-300x225.jpg 300w, https:\/\/www.radiopiu.net\/wordpress\/wp-content\/uploads\/2020\/07\/FIAMMA-GAS-1024x768.jpg 1024w, https:\/\/www.radiopiu.net\/wordpress\/wp-content\/uploads\/2020\/07\/FIAMMA-GAS-768x576.jpg 768w, https:\/\/www.radiopiu.net\/wordpress\/wp-content\/uploads\/2020\/07\/FIAMMA-GAS-1536x1152.jpg 1536w, https:\/\/www.radiopiu.net\/wordpress\/wp-content\/uploads\/2020\/07\/FIAMMA-GAS.jpg 1920w\" sizes=\"auto, (max-width: 175px) 100vw, 175px\" \/><\/a>FELTRE<\/strong> Tutti assolti con formula piena gli amministratori finiti sotto processo con l&#8217;accusa di aver turbato la gara del gas in provincia di Belluno. Si tratta di Paolo Perenzin, ex sindaco di Feltre, Bruno Zanolla, primo cittadino di Quero Vas e amministratore unico di Bim Infrastrutture e\u00a0Giovanni Piccoli, direttore tecnico dell&#8217; stesso ente. Oggi la sentenza del Gup dove \u00e8 stato dichiarato che il fatto non sussiste. &#8220;<em>Siamo sempre stati fiduciosi che la magistratura avrebbe chiarito la vicenda e cos\u00ec \u00e8 stato. La giustizia ha appurato ci\u00f2 di cui non abbiamo mai dubitato, ovvero la totale mancanza di illeciti e l\u2019assoluta insussistenza di qualsiasi ipotesi di reato, assolvendo con formula piena perch\u00e9 il fatto non sussiste il gi\u00e0 Sindaco di Feltre Paolo Perenzin. La soddisfazione per questa verit\u00e0 acclarata dai giudici \u00e8 certamente grande, l&#8217;amico Paolo \u00e8 sempre stato un esempio, si \u00e8 sempre impegnato esclusivamente per il bene della collettivit\u00e0, senza alcun interesse di parte, operando sempre con chiarezza, trasparenza e onest\u00e0. Nei suoi anni di Sindaco e di Consigliere Provinciale ha cercato di perseguire e tutelare l\u2019interesse pubblico, credendo fermamente nel territorio e nei valori della nostra comunit\u00e0 locale<\/em>&#8221; dicono dal Gruppo Politico &#8220;Cittadinanza e Partecipazione&#8221; di Feltre.<\/p>\n<p>&nbsp;<\/p>\n<p>&nbsp;<\/p>\n<p>*****<\/p>\n","protected":false},"excerpt":{"rendered":"<p>FELTRE Tutti assolti con formula piena gli amministratori finiti sotto processo con l&#8217;accusa di aver turbato la gara del gas in provincia di Belluno. Si tratta di Paolo Perenzin, ex sindaco di Feltre, Bruno Zanolla, primo cittadino di Quero Vas e amministratore unico di Bim Infrastrutture e\u00a0Giovanni Piccoli, direttore tecnico dell&#8217; stesso ente. Oggi la&hellip;<\/p>\n","protected":false},"author":4,"featured_media":150271,"comment_status":"closed","ping_status":"closed","sticky":false,"template":"","format":"standard","meta":{"_monsterinsights_skip_tracking":false,"_monsterinsights_sitenote_active":false,"_monsterinsights_sitenote_note":"","_monsterinsights_sitenote_category":0,"footnotes":""},"categories":[51,49],"tags":[],"class_list":["post-320904","post","type-post","status-publish","format-standard","has-post-thumbnail","hentry","category-evidenza-top","category-news-18","category-51","category-49","description-off"],"img_url":"https:\/\/www.radiopiu.net\/wordpress\/wp-content\/uploads\/2020\/07\/FIAMMA-GAS.jpg","_links":{"self":[{"href":"https:\/\/www.radiopiu.net\/wordpress\/wp-json\/wp\/v2\/posts\/320904","targetHints":{"allow":["GET"]}}],"collection":[{"href":"https:\/\/www.radiopiu.net\/wordpress\/wp-json\/wp\/v2\/posts"}],"about":[{"href":"https:\/\/www.radiopiu.net\/wordpress\/wp-json\/wp\/v2\/types\/post"}],"author":[{"embeddable":true,"href":"https:\/\/www.radiopiu.net\/wordpress\/wp-json\/wp\/v2\/users\/4"}],"replies":[{"embeddable":true,"href":"https:\/\/www.radiopiu.net\/wordpress\/wp-json\/wp\/v2\/comments?post=320904"}],"version-history":[{"count":0,"href":"https:\/\/www.radiopiu.net\/wordpress\/wp-json\/wp\/v2\/posts\/320904\/revisions"}],"wp:featuredmedia":[{"embeddable":true,"href":"https:\/\/www.radiopiu.net\/wordpress\/wp-json\/wp\/v2\/media\/150271"}],"wp:attachment":[{"href":"https:\/\/www.radiopiu.net\/wordpress\/wp-json\/wp\/v2\/media?parent=320904"}],"wp:term":[{"taxonomy":"category","embeddable":true,"href":"https:\/\/www.radiopiu.net\/wordpress\/wp-json\/wp\/v2\/categories?post=320904"},{"taxonomy":"post_tag","embeddable":true,"href":"https:\/\/www.radiopiu.net\/wordpress\/wp-json\/wp\/v2\/tags?post=320904"}],"curies":[{"name":"wp","href":"https:\/\/api.w.org\/{rel}","templated":true}]}}