{"id":320919,"date":"2023-02-07T17:13:55","date_gmt":"2023-02-07T16:13:55","guid":{"rendered":"https:\/\/www.radiopiu.net\/wordpress\/?p=320919"},"modified":"2023-02-07T17:13:55","modified_gmt":"2023-02-07T16:13:55","slug":"per-san-valentino-a-cortina-dampezzo-scocca-la-freccia","status":"publish","type":"post","link":"https:\/\/www.radiopiu.net\/wordpress\/per-san-valentino-a-cortina-dampezzo-scocca-la-freccia\/","title":{"rendered":"PER SAN VALENTINO A CORTINA D\u2019AMPEZZO&#8230;SCOCCA LA FRECCIA!"},"content":{"rendered":"<p><strong><a class=\"dt-pswp-item\" href=\"https:\/\/www.radiopiu.net\/wordpress\/wp-content\/uploads\/2023\/02\/Scocca-la-Freccia-Post-Instagram-Quadrato-scaled.jpg\" data-dt-img-description=\"\" data-large_image_width=\"2560\" data-large_image_height=\"2560\"><img loading=\"lazy\" decoding=\"async\" class=\" wp-image-320920 alignleft\" src=\"https:\/\/www.radiopiu.net\/wordpress\/wp-content\/uploads\/2023\/02\/Scocca-la-Freccia-Post-Instagram-Quadrato-300x300.jpg\" alt=\"\" width=\"135\" height=\"135\" srcset=\"https:\/\/www.radiopiu.net\/wordpress\/wp-content\/uploads\/2023\/02\/Scocca-la-Freccia-Post-Instagram-Quadrato-300x300.jpg 300w, https:\/\/www.radiopiu.net\/wordpress\/wp-content\/uploads\/2023\/02\/Scocca-la-Freccia-Post-Instagram-Quadrato-1024x1024.jpg 1024w, https:\/\/www.radiopiu.net\/wordpress\/wp-content\/uploads\/2023\/02\/Scocca-la-Freccia-Post-Instagram-Quadrato-150x150.jpg 150w, https:\/\/www.radiopiu.net\/wordpress\/wp-content\/uploads\/2023\/02\/Scocca-la-Freccia-Post-Instagram-Quadrato-768x768.jpg 768w, https:\/\/www.radiopiu.net\/wordpress\/wp-content\/uploads\/2023\/02\/Scocca-la-Freccia-Post-Instagram-Quadrato-1536x1536.jpg 1536w, https:\/\/www.radiopiu.net\/wordpress\/wp-content\/uploads\/2023\/02\/Scocca-la-Freccia-Post-Instagram-Quadrato-2048x2048.jpg 2048w\" sizes=\"auto, (max-width: 135px) 100vw, 135px\" \/><\/a>CORTINA <\/strong>San Valentino da sogno a Cortina d\u2019Ampezzo: la Regina delle Dolomiti \u00e8 Regina di Cuori grazie all\u2019iniziativa promossa da Tofana Freccia nel Cielo in partnership con Cortina IN: \u201cScocca la Freccia\u201d. Il pacchetto* nei giorni dal 10 al 18 febbraio, in concomitanza con la Festa degli innamorati, raccoglie in un bouquet inimitabile esperienze da vivere in due, toccando il cielo con un dito: Soggiorno di due notti per due persone, incluso welcome setup all\u2019arrivo e una ricca colazione. Transfer da\/a impianti di risalita di Tofana Freccia nel Cielo. Due giorni di skipass per due persone nel comprensorio sciistico di Tofana Freccia nel Cielo. Dessert a tema San Valentino offerto a mezzogiorno del 14 febbraio c\/o i rifugi Masi Wine Bar al Drusci\u00e8, Ristorante Col Drusci\u00e8 1778, Capanna Ra Valles. \u201cScocca la Freccia\u201d \u00e8 l\u2019opportunit\u00e0 unica di condividere momenti che profumano di sogni in compagnia della propria dolce met\u00e0, con la dolcezza di realizzarli in luoghi che sono garanzia di meraviglia, oltrech\u00e9 di un\u2019offerta sciistica e gourmet di alto livello, abbracciati dalla bellezza delle Dolomiti Patrimonio Mondiale. Inoltre, ad accrescere l\u2019unicit\u00e0 dei giorni insieme, due eventi, promossi dalla societ\u00e0 Tofana Freccia nel Cielo,\u00a0 regalano nuovi significati alla parola \u201cemozione\u201d: l&#8217;Astrocena a Col Drusci\u00e8 il 10 febbraio e la sciata all&#8217;alba a Ra Valles l&#8217;11 e 18 febbraio.<u>Per info e prenotazioni: <\/u>TOFANA FRECCIA NEL CIELO: 0436 5052\u00a0 <a href=\"mailto:tofanacortina@freccianelcielo.com\">tofanacortina@freccianelcielo.com<\/a><\/p>\n<p>&nbsp;<\/p>\n<p>&nbsp;<\/p>\n<p>****<\/p>\n","protected":false},"excerpt":{"rendered":"<p>CORTINA San Valentino da sogno a Cortina d\u2019Ampezzo: la Regina delle Dolomiti \u00e8 Regina di Cuori grazie all\u2019iniziativa promossa da Tofana Freccia nel Cielo in partnership con Cortina IN: \u201cScocca la Freccia\u201d. Il pacchetto* nei giorni dal 10 al 18 febbraio, in concomitanza con la Festa degli innamorati, raccoglie in un bouquet inimitabile esperienze da&hellip;<\/p>\n","protected":false},"author":4,"featured_media":320923,"comment_status":"closed","ping_status":"closed","sticky":false,"template":"","format":"standard","meta":{"_monsterinsights_skip_tracking":false,"_monsterinsights_sitenote_active":false,"_monsterinsights_sitenote_note":"","_monsterinsights_sitenote_category":0,"footnotes":""},"categories":[49],"tags":[],"class_list":["post-320919","post","type-post","status-publish","format-standard","has-post-thumbnail","hentry","category-news-18","category-49","description-off"],"img_url":"https:\/\/www.radiopiu.net\/wordpress\/wp-content\/uploads\/2023\/02\/Scocca-la-Freccia.png","_links":{"self":[{"href":"https:\/\/www.radiopiu.net\/wordpress\/wp-json\/wp\/v2\/posts\/320919","targetHints":{"allow":["GET"]}}],"collection":[{"href":"https:\/\/www.radiopiu.net\/wordpress\/wp-json\/wp\/v2\/posts"}],"about":[{"href":"https:\/\/www.radiopiu.net\/wordpress\/wp-json\/wp\/v2\/types\/post"}],"author":[{"embeddable":true,"href":"https:\/\/www.radiopiu.net\/wordpress\/wp-json\/wp\/v2\/users\/4"}],"replies":[{"embeddable":true,"href":"https:\/\/www.radiopiu.net\/wordpress\/wp-json\/wp\/v2\/comments?post=320919"}],"version-history":[{"count":0,"href":"https:\/\/www.radiopiu.net\/wordpress\/wp-json\/wp\/v2\/posts\/320919\/revisions"}],"wp:featuredmedia":[{"embeddable":true,"href":"https:\/\/www.radiopiu.net\/wordpress\/wp-json\/wp\/v2\/media\/320923"}],"wp:attachment":[{"href":"https:\/\/www.radiopiu.net\/wordpress\/wp-json\/wp\/v2\/media?parent=320919"}],"wp:term":[{"taxonomy":"category","embeddable":true,"href":"https:\/\/www.radiopiu.net\/wordpress\/wp-json\/wp\/v2\/categories?post=320919"},{"taxonomy":"post_tag","embeddable":true,"href":"https:\/\/www.radiopiu.net\/wordpress\/wp-json\/wp\/v2\/tags?post=320919"}],"curies":[{"name":"wp","href":"https:\/\/api.w.org\/{rel}","templated":true}]}}