{"id":320926,"date":"2023-02-08T05:17:34","date_gmt":"2023-02-08T04:17:34","guid":{"rendered":"https:\/\/www.radiopiu.net\/wordpress\/?p=320926"},"modified":"2023-02-08T05:57:09","modified_gmt":"2023-02-08T04:57:09","slug":"domani-la-manifestazione-per-scongiurare-la-chiusura-dello-stabilimento-safilo-a-longarone","status":"publish","type":"post","link":"https:\/\/www.radiopiu.net\/wordpress\/domani-la-manifestazione-per-scongiurare-la-chiusura-dello-stabilimento-safilo-a-longarone\/","title":{"rendered":"OGGI LA MANIFESTAZIONE PER SCONGIURARE LA CHIUSURA DELLO STABILIMENTO SAFILO A LONGARONE"},"content":{"rendered":"<p><strong><a class=\"dt-pswp-item\" href=\"https:\/\/www.radiopiu.net\/wordpress\/wp-content\/uploads\/2023\/01\/SAFILO.png\" data-dt-img-description=\"\" data-large_image_width=\"766\" data-large_image_height=\"492\"><img loading=\"lazy\" decoding=\"async\" class=\" wp-image-318963 alignleft\" src=\"https:\/\/www.radiopiu.net\/wordpress\/wp-content\/uploads\/2023\/01\/SAFILO-300x193.png\" alt=\"\" width=\"190\" height=\"122\" srcset=\"https:\/\/www.radiopiu.net\/wordpress\/wp-content\/uploads\/2023\/01\/SAFILO-300x193.png 300w, https:\/\/www.radiopiu.net\/wordpress\/wp-content\/uploads\/2023\/01\/SAFILO.png 766w\" sizes=\"auto, (max-width: 190px) 100vw, 190px\" \/><\/a>BELLUNO <\/strong>E&#8217; in programma\u00a0 oggi la manifestazione delle sigle sindacali per scongiurare la chiusura dello stabilimento Safilo a Longarone.\u00a0 <span style=\"color: #000000; font-family: Helvetica;\">\u201cLa grande manifestazione che si svolge mercoled\u00ec 8 febbraio per il dichiarato disinteressamento della propriet\u00e0 sullo stabilimento Safilo di Longarone, si lega idealmente alla manifestazione di Mel del 13 novembre 2021, in cui tutti i soggetti politici, sindacali e istituzionali si riunirono in un grande momento di solidariet\u00e0 e partecipazione nei confronti dei lavoratori della Ceramica Dolomite e della Acc, ma anche per la salvaguardia della relativa struttura industriale &#8211; afferma Milena Cesca della FEMCA CISL &#8211; Allo stesso modo vuole essere questo l&#8217;inizio di un percorso che deve vedere un livello ancora maggiore di attenzione, perch\u00e8 impatta su un settore quale l&#8217;occhialeria determinante per il territorio. Un settore che nel territorio Bellunese rappresenta l\u201980% della produzione globale e occupa quasi 14.000 persone su un totale di 18.000 circa, questo solo con l&#8217;occupazione diretta e senza contare l&#8217;indotto. <\/span><span style=\"color: #000000; font-family: Helvetica;\">Ma perch\u00e8 l&#8217;azione sindacale e politica \u00e8 cos\u00ec importante in questa fase? Semplicemente perch\u00e8 dentro una pi\u00f9 complessiva trasformazione di tutto il mondo dell&#8217;occhialeria, legato da una parte alle scelte strategiche delle grandi griffe e dal cambio delle storiche propriet\u00e0, a farne le spese saranno, se non si interviene in maniera decisa, le lavoratrici e i lavoratori e, tra questi, i meno qualificati o quelli con limitazioni fisiche causate da anni di lavoro sulle linee di produzione. <\/span><span style=\"color: #000000; font-family: Helvetica;\">Due sono i filoni dell&#8217;azione sindacale, da una parte quello di carattere strategico, in primis la formazione, con i quasi 3 milioni di euro cofinanziati da Regione Veneto e parti datoriali, dall&#8217;altra una forte azione negoziale e rivendicativa, come quella che stiamo mettendo in campo finalizzata a influenzare in maniera positiva le scelte del management Safilo e degli azionisti. <\/span><span style=\"color: #000000; font-family: Helvetica;\">Siccome sono questi processi che partono da lontano, fanno specie alcune dichiarazioni di qualche giorno fa di Tabacchi che tendono a individuare rispetto alla situazione dell&#8217;Azienda, responsabilit\u00e0 parziali e non ben motivate, bisognerebbe chiedersi invece come mai Safilo negli ultimi 15 anni ha perso dal proprio portafoglio le principali griffe quali Armani, Gucci, Dior ecc., finendo per cessare di essere quel riferimento per la produzione degli occhiali di lusso che negli anni ne ha fatto la fortuna. I<\/span><span style=\"color: #000000; font-family: Helvetica;\">l sindacato &#8211; conclude Cesca &#8211; \u00e8 impegnato con le sue migliori energie e insieme al mondo della politica e istituzioni sul territorio per far s\u00ec che l&#8217;occhialeria continui ad essere una parte fondamentale dell&#8217;economia della provincia, con la consapevolezza che nessuno deve rimanere escluso, a partire dai pi\u00f9 fragili e con la lungimiranza di chi deve trovare soluzioni per l&#8217;immediato, ma anche di lungo respiro che garantiscano continuit\u00e0, crescita professionale e prospettive ai lavoratori di oggi e ai giovani di domani\u201d.<\/span><\/p>\n<p>&nbsp;<\/p>\n<p>&nbsp;<\/p>\n<p>*****<\/p>\n","protected":false},"excerpt":{"rendered":"<p>BELLUNO E&#8217; in programma\u00a0 oggi la manifestazione delle sigle sindacali per scongiurare la chiusura dello stabilimento Safilo a Longarone.\u00a0 \u201cLa grande manifestazione che si svolge mercoled\u00ec 8 febbraio per il dichiarato disinteressamento della propriet\u00e0 sullo stabilimento Safilo di Longarone, si lega idealmente alla manifestazione di Mel del 13 novembre 2021, in cui tutti i soggetti&hellip;<\/p>\n","protected":false},"author":4,"featured_media":318963,"comment_status":"closed","ping_status":"closed","sticky":false,"template":"","format":"standard","meta":{"_monsterinsights_skip_tracking":false,"_monsterinsights_sitenote_active":false,"_monsterinsights_sitenote_note":"","_monsterinsights_sitenote_category":0,"footnotes":""},"categories":[104,49],"tags":[],"class_list":["post-320926","post","type-post","status-publish","format-standard","has-post-thumbnail","hentry","category-evidenza_3","category-news-18","category-104","category-49","description-off"],"img_url":"https:\/\/www.radiopiu.net\/wordpress\/wp-content\/uploads\/2023\/01\/SAFILO.png","_links":{"self":[{"href":"https:\/\/www.radiopiu.net\/wordpress\/wp-json\/wp\/v2\/posts\/320926","targetHints":{"allow":["GET"]}}],"collection":[{"href":"https:\/\/www.radiopiu.net\/wordpress\/wp-json\/wp\/v2\/posts"}],"about":[{"href":"https:\/\/www.radiopiu.net\/wordpress\/wp-json\/wp\/v2\/types\/post"}],"author":[{"embeddable":true,"href":"https:\/\/www.radiopiu.net\/wordpress\/wp-json\/wp\/v2\/users\/4"}],"replies":[{"embeddable":true,"href":"https:\/\/www.radiopiu.net\/wordpress\/wp-json\/wp\/v2\/comments?post=320926"}],"version-history":[{"count":0,"href":"https:\/\/www.radiopiu.net\/wordpress\/wp-json\/wp\/v2\/posts\/320926\/revisions"}],"wp:featuredmedia":[{"embeddable":true,"href":"https:\/\/www.radiopiu.net\/wordpress\/wp-json\/wp\/v2\/media\/318963"}],"wp:attachment":[{"href":"https:\/\/www.radiopiu.net\/wordpress\/wp-json\/wp\/v2\/media?parent=320926"}],"wp:term":[{"taxonomy":"category","embeddable":true,"href":"https:\/\/www.radiopiu.net\/wordpress\/wp-json\/wp\/v2\/categories?post=320926"},{"taxonomy":"post_tag","embeddable":true,"href":"https:\/\/www.radiopiu.net\/wordpress\/wp-json\/wp\/v2\/tags?post=320926"}],"curies":[{"name":"wp","href":"https:\/\/api.w.org\/{rel}","templated":true}]}}