{"id":320967,"date":"2023-02-08T05:19:34","date_gmt":"2023-02-08T04:19:34","guid":{"rendered":"https:\/\/www.radiopiu.net\/wordpress\/?p=320967"},"modified":"2023-02-08T05:56:18","modified_gmt":"2023-02-08T04:56:18","slug":"ottantenne-investito-ad-agordo","status":"publish","type":"post","link":"https:\/\/www.radiopiu.net\/wordpress\/ottantenne-investito-ad-agordo\/","title":{"rendered":"OTTANTENNE INVESTITO AD AGORDO"},"content":{"rendered":"<p><strong><a class=\"dt-pswp-item\" href=\"https:\/\/www.radiopiu.net\/wordpress\/wp-content\/uploads\/2023\/02\/Schermata-2023-02-07-alle-19.26.04.png\" data-dt-img-description=\"\" data-large_image_width=\"1620\" data-large_image_height=\"962\"><img loading=\"lazy\" decoding=\"async\" class=\" wp-image-320975 alignleft\" src=\"https:\/\/www.radiopiu.net\/wordpress\/wp-content\/uploads\/2023\/02\/Schermata-2023-02-07-alle-19.26.04-300x178.png\" alt=\"\" width=\"221\" height=\"131\" srcset=\"https:\/\/www.radiopiu.net\/wordpress\/wp-content\/uploads\/2023\/02\/Schermata-2023-02-07-alle-19.26.04-300x178.png 300w, https:\/\/www.radiopiu.net\/wordpress\/wp-content\/uploads\/2023\/02\/Schermata-2023-02-07-alle-19.26.04-1024x608.png 1024w, https:\/\/www.radiopiu.net\/wordpress\/wp-content\/uploads\/2023\/02\/Schermata-2023-02-07-alle-19.26.04-768x456.png 768w, https:\/\/www.radiopiu.net\/wordpress\/wp-content\/uploads\/2023\/02\/Schermata-2023-02-07-alle-19.26.04-1536x912.png 1536w, https:\/\/www.radiopiu.net\/wordpress\/wp-content\/uploads\/2023\/02\/Schermata-2023-02-07-alle-19.26.04.png 1620w\" sizes=\"auto, (max-width: 221px) 100vw, 221px\" \/><\/a> <\/strong><\/p>\n<p><strong>\u00a0<\/strong><\/p>\n<p><strong>AGORDO<\/strong> Nel primo pomeriggio di oggi \u00e8 stato investito un uomo ad Agordo all&#8217;altezza del Ponte Rova. L&#8217;ottantenne di Agordo, M.A.F., \u00e8 stato soccorso dal SUEM e portato al Pronto Soccorso di Agordo. Non \u00e8 in gravi condizioni. Inevitabili i disagi al traffico con le auto che sono state deviate verso le vie secondarie. Sul posto anche le forze dell&#8217;ordine.<\/p>\n<p>&nbsp;<\/p>\n<p>&nbsp;<\/p>\n<p>******<\/p>\n","protected":false},"excerpt":{"rendered":"<p>\u00a0 AGORDO Nel primo pomeriggio di oggi \u00e8 stato investito un uomo ad Agordo all&#8217;altezza del Ponte Rova. L&#8217;ottantenne di Agordo, M.A.F., \u00e8 stato soccorso dal SUEM e portato al Pronto Soccorso di Agordo. Non \u00e8 in gravi condizioni. Inevitabili i disagi al traffico con le auto che sono state deviate verso le vie secondarie.&hellip;<\/p>\n","protected":false},"author":4,"featured_media":320975,"comment_status":"closed","ping_status":"closed","sticky":false,"template":"","format":"standard","meta":{"_monsterinsights_skip_tracking":false,"_monsterinsights_sitenote_active":false,"_monsterinsights_sitenote_note":"","_monsterinsights_sitenote_category":0,"footnotes":""},"categories":[51,49],"tags":[],"class_list":["post-320967","post","type-post","status-publish","format-standard","has-post-thumbnail","hentry","category-evidenza-top","category-news-18","category-51","category-49","description-off"],"img_url":"https:\/\/www.radiopiu.net\/wordpress\/wp-content\/uploads\/2023\/02\/Schermata-2023-02-07-alle-19.26.04.png","_links":{"self":[{"href":"https:\/\/www.radiopiu.net\/wordpress\/wp-json\/wp\/v2\/posts\/320967","targetHints":{"allow":["GET"]}}],"collection":[{"href":"https:\/\/www.radiopiu.net\/wordpress\/wp-json\/wp\/v2\/posts"}],"about":[{"href":"https:\/\/www.radiopiu.net\/wordpress\/wp-json\/wp\/v2\/types\/post"}],"author":[{"embeddable":true,"href":"https:\/\/www.radiopiu.net\/wordpress\/wp-json\/wp\/v2\/users\/4"}],"replies":[{"embeddable":true,"href":"https:\/\/www.radiopiu.net\/wordpress\/wp-json\/wp\/v2\/comments?post=320967"}],"version-history":[{"count":0,"href":"https:\/\/www.radiopiu.net\/wordpress\/wp-json\/wp\/v2\/posts\/320967\/revisions"}],"wp:featuredmedia":[{"embeddable":true,"href":"https:\/\/www.radiopiu.net\/wordpress\/wp-json\/wp\/v2\/media\/320975"}],"wp:attachment":[{"href":"https:\/\/www.radiopiu.net\/wordpress\/wp-json\/wp\/v2\/media?parent=320967"}],"wp:term":[{"taxonomy":"category","embeddable":true,"href":"https:\/\/www.radiopiu.net\/wordpress\/wp-json\/wp\/v2\/categories?post=320967"},{"taxonomy":"post_tag","embeddable":true,"href":"https:\/\/www.radiopiu.net\/wordpress\/wp-json\/wp\/v2\/tags?post=320967"}],"curies":[{"name":"wp","href":"https:\/\/api.w.org\/{rel}","templated":true}]}}