{"id":321058,"date":"2023-02-08T11:16:34","date_gmt":"2023-02-08T10:16:34","guid":{"rendered":"https:\/\/www.radiopiu.net\/wordpress\/?p=321058"},"modified":"2023-02-08T14:29:27","modified_gmt":"2023-02-08T13:29:27","slug":"lacrime-dinverno-di-antonietta-crepaz","status":"publish","type":"post","link":"https:\/\/www.radiopiu.net\/wordpress\/lacrime-dinverno-di-antonietta-crepaz\/","title":{"rendered":"LACRIME D&#8217;INVERNO  di ANTONIETTA CREPAZ"},"content":{"rendered":"<p><strong>AUDIO<\/strong><\/p>\n<audio class=\"wp-audio-shortcode\" id=\"audio-321058-1\" preload=\"none\" style=\"width: 100%;\" controls=\"controls\"><source type=\"audio\/mpeg\" src=\"https:\/\/www.radiopiu.net\/wordpress\/wp-content\/uploads\/2023\/02\/3-ANTONIETTA-CREPAZ-LACRIME-D-INVERNO.mp3?_=1\" \/><a href=\"https:\/\/www.radiopiu.net\/wordpress\/wp-content\/uploads\/2023\/02\/3-ANTONIETTA-CREPAZ-LACRIME-D-INVERNO.mp3\">https:\/\/www.radiopiu.net\/wordpress\/wp-content\/uploads\/2023\/02\/3-ANTONIETTA-CREPAZ-LACRIME-D-INVERNO.mp3<\/a><\/audio>\n<p>&nbsp;<\/p>\n<p><img loading=\"lazy\" decoding=\"async\" class=\"alignleft\" src=\"https:\/\/www.radiopiu.net\/wordpress\/wp-content\/uploads\/2023\/02\/3-CREPAZ.jpg\" width=\"223\" height=\"149\" \/>Crepaz Antonietta<br \/>\nLACRIME D&#8217;INVERNO.<\/p>\n<p>Oggi piange l&#8217;inverno<br \/>\ntra muri dolenti<br \/>\nl\u00e0 dove il vento<br \/>\nnon riesce a spazzare<br \/>\nil sentore di fumo<br \/>\ndi dolore e di morte.<\/p>\n<p>Dove all&#8217;uomo<br \/>\nsono stati sottratti<br \/>\ni ricordi, i sogni<br \/>\ne la forza di pregare<br \/>\nquel Dio<br \/>\nche un giorno salv\u00f2<br \/>\nNo\u00e8 dal diluvio<br \/>\ne guid\u00f2 Mos\u00e8<br \/>\nverso la Terra Promessa.<\/p>\n<p>Si raccapriccia l&#8217;inverno<br \/>\nal cospetto di cuori<br \/>\npi\u00f9 duri di pietre<br \/>\ncon menti annebbiate<br \/>\ndall&#8217;odio e ferocia.<\/p>\n<p>Pietoso ora dona<br \/>\nun&#8217;ultima neve<br \/>\nper lenire<br \/>\nsofferenza e orrore.<\/p>\n<p>&nbsp;<\/p>\n<div dir=\"auto\">\n<div dir=\"auto\">\n<div dir=\"auto\">\n<p><strong>LA RACCOLTA COMPLETA<\/strong><\/p>\n<blockquote class=\"wp-embedded-content\" data-secret=\"TZTSIFjmwX\"><p><a href=\"https:\/\/www.radiopiu.net\/wordpress\/in-vivo-verso\/\">In Vivo Verso<\/a><\/p><\/blockquote>\n<p><iframe loading=\"lazy\" class=\"wp-embedded-content\" sandbox=\"allow-scripts\" security=\"restricted\" style=\"position: absolute; clip: rect(1px, 1px, 1px, 1px);\" title=\"&#8220;In Vivo Verso&#8221; &#8212; Radio Pi\u00f9\" src=\"https:\/\/www.radiopiu.net\/wordpress\/in-vivo-verso\/embed\/#?secret=EHRJOYgB0U#?secret=TZTSIFjmwX\" data-secret=\"TZTSIFjmwX\" width=\"600\" height=\"338\" frameborder=\"0\" marginwidth=\"0\" marginheight=\"0\" scrolling=\"no\"><\/iframe><\/p>\n<\/div>\n<\/div>\n<\/div>\n<hr \/>\n<p>&nbsp;<\/p>\n","protected":false},"excerpt":{"rendered":"<p>AUDIO &nbsp; Crepaz Antonietta LACRIME D&#8217;INVERNO. Oggi piange l&#8217;inverno tra muri dolenti l\u00e0 dove il vento non riesce a spazzare il sentore di fumo di dolore e di morte. Dove all&#8217;uomo sono stati sottratti i ricordi, i sogni e la forza di pregare quel Dio che un giorno salv\u00f2 No\u00e8 dal diluvio e guid\u00f2 Mos\u00e8&hellip;<\/p>\n","protected":false},"author":4,"featured_media":320654,"comment_status":"closed","ping_status":"closed","sticky":false,"template":"","format":"standard","meta":{"_monsterinsights_skip_tracking":false,"_monsterinsights_sitenote_active":false,"_monsterinsights_sitenote_note":"","_monsterinsights_sitenote_category":0,"footnotes":""},"categories":[22,49],"tags":[],"class_list":["post-321058","post","type-post","status-publish","format-standard","has-post-thumbnail","hentry","category-invivoverso","category-news-18","category-22","category-49","description-off"],"img_url":"https:\/\/www.radiopiu.net\/wordpress\/wp-content\/uploads\/2023\/02\/3-CREPAZ.jpg","_links":{"self":[{"href":"https:\/\/www.radiopiu.net\/wordpress\/wp-json\/wp\/v2\/posts\/321058","targetHints":{"allow":["GET"]}}],"collection":[{"href":"https:\/\/www.radiopiu.net\/wordpress\/wp-json\/wp\/v2\/posts"}],"about":[{"href":"https:\/\/www.radiopiu.net\/wordpress\/wp-json\/wp\/v2\/types\/post"}],"author":[{"embeddable":true,"href":"https:\/\/www.radiopiu.net\/wordpress\/wp-json\/wp\/v2\/users\/4"}],"replies":[{"embeddable":true,"href":"https:\/\/www.radiopiu.net\/wordpress\/wp-json\/wp\/v2\/comments?post=321058"}],"version-history":[{"count":0,"href":"https:\/\/www.radiopiu.net\/wordpress\/wp-json\/wp\/v2\/posts\/321058\/revisions"}],"wp:featuredmedia":[{"embeddable":true,"href":"https:\/\/www.radiopiu.net\/wordpress\/wp-json\/wp\/v2\/media\/320654"}],"wp:attachment":[{"href":"https:\/\/www.radiopiu.net\/wordpress\/wp-json\/wp\/v2\/media?parent=321058"}],"wp:term":[{"taxonomy":"category","embeddable":true,"href":"https:\/\/www.radiopiu.net\/wordpress\/wp-json\/wp\/v2\/categories?post=321058"},{"taxonomy":"post_tag","embeddable":true,"href":"https:\/\/www.radiopiu.net\/wordpress\/wp-json\/wp\/v2\/tags?post=321058"}],"curies":[{"name":"wp","href":"https:\/\/api.w.org\/{rel}","templated":true}]}}