{"id":321074,"date":"2023-02-09T05:40:56","date_gmt":"2023-02-09T04:40:56","guid":{"rendered":"https:\/\/www.radiopiu.net\/wordpress\/?p=321074"},"modified":"2023-02-10T14:29:03","modified_gmt":"2023-02-10T13:29:03","slug":"giornale-radiopiu-09-febbraio-2023-direttore-mirko-mezzacasa-verso-i-40-anni-25-giugno-1983-25-giugno-2023","status":"publish","type":"post","link":"https:\/\/www.radiopiu.net\/wordpress\/giornale-radiopiu-09-febbraio-2023-direttore-mirko-mezzacasa-verso-i-40-anni-25-giugno-1983-25-giugno-2023\/","title":{"rendered":"GIORNALE RADIOPIU 09 FEBBRAIO 2023 DIRETTORE MIRKO MEZZACASA&#8230;verso i 40 anni 25 giugno 1983-25 giugno 2023"},"content":{"rendered":"<blockquote>\n<h3 class=\"kvgmc6g5 cxmmr5t8 oygrvhab hcukyx3x c1et5uql\"><span style=\"color: #0000ff;\"><strong>RADIO PIU INFORMAZIONE il canale su TELEGRAM informazione di prima\u00a0 <\/strong><strong>mano e in tempo reale. iscriviti ed aiutaci a farlo conoscere\u00a0 \u00a0 \u00a0<\/strong><\/span><\/h3>\n<p><strong><span style=\"color: #0000ff;\">SCI ALPINO<\/span><\/strong><\/p>\n<blockquote>\n<h3>MARTA BASSINO CAMPIONESSA DI SUPERGIGANTE AI MONDIALI IN FRANCIA, si \u00e8 allenato su &#8220;la Volata&#8221;<\/h3>\n<\/blockquote>\n<p><strong>REDAZIONE<\/strong> Grandissima Marta Bassino campionessa mondiale di Supergigante a Courchevel Meribel in Francia. Qui lo scatto di Mario De Marco durante l&#8217;allenamento sul Passo San Pellegrino sulla pista La Volata.<\/p>\n<p><a class=\"dt-pswp-item\" href=\"https:\/\/www.radiopiu.net\/wordpress\/wp-content\/uploads\/2023\/02\/a28a42d9-57ac-4594-a579-06c80bf2c702.jpg\" data-dt-img-description=\"\" data-large_image_width=\"922\" data-large_image_height=\"875\"><img loading=\"lazy\" decoding=\"async\" class=\"size-medium wp-image-321114 aligncenter\" src=\"https:\/\/www.radiopiu.net\/wordpress\/wp-content\/uploads\/2023\/02\/a28a42d9-57ac-4594-a579-06c80bf2c702-300x285.jpg\" alt=\"\" width=\"300\" height=\"285\" srcset=\"https:\/\/www.radiopiu.net\/wordpress\/wp-content\/uploads\/2023\/02\/a28a42d9-57ac-4594-a579-06c80bf2c702-300x285.jpg 300w, https:\/\/www.radiopiu.net\/wordpress\/wp-content\/uploads\/2023\/02\/a28a42d9-57ac-4594-a579-06c80bf2c702-768x729.jpg 768w, https:\/\/www.radiopiu.net\/wordpress\/wp-content\/uploads\/2023\/02\/a28a42d9-57ac-4594-a579-06c80bf2c702.jpg 922w\" sizes=\"auto, (max-width: 300px) 100vw, 300px\" \/><\/a><\/p>\n<p>&nbsp;<\/p><\/blockquote>\n<h2 style=\"text-align: left;\"><span style=\"color: #ff0000;\">ISCRIVITI AL NOSTRO CANALE YOUTUBE PER SEGUIRE IN DIRETTA I PRINCIPALI PROGRAMMI DI RADIO PIU&#8217; E LE FUTURE DIRETTE IN ESTERNA. PER ISCRIVERTI <a style=\"color: #ff0000;\" href=\"https:\/\/youtube.com\/@radiopiu1527\">CLICCA QUI<\/a> E PREMI IL TASTO &#8220;Iscriviti&#8221;\u00a0<\/span><\/h2>\n<p>&nbsp;<\/p>\n<hr \/>\n<p>&nbsp;<\/p>\n<blockquote>\n<h2>LA MARCIA PER LA SAFILO, IN MIGLIAIA A DIFESA DEL POSTO DI LAVORO<\/h2>\n<\/blockquote>\n<p><strong>LONGARONE<\/strong> In 2000 ieri alla manifestazione, adesione del 100per cento nello stabilimento di Longarone, del 70-80% negli altri stabilimenti. Tante le delegazioni sindacali delle realt\u00e0 industriali della provincia.<\/p>\n<p>&nbsp;<\/p>\n<p><strong>LONGARONE\u00a0 Sciopero dei dipendenti degli stabilimenti\u00a0<a href=\"https:\/\/www.ilgazzettino.it\/t\/safilo\">Safilo<\/a>,\u00a0 dei 1700 del gruppo 472 sono a rischio.\u00a0 I vertici Safilo non ritengono pi\u00f9 strategico lo stabilimento di Longarone<\/strong><\/p>\n<p><strong>DI MORENO GIOLI<\/strong><\/p>\n<p><strong>AUDIO<\/strong><\/p>\n<audio class=\"wp-audio-shortcode\" id=\"audio-321074-1\" preload=\"none\" style=\"width: 100%;\" controls=\"controls\"><source type=\"audio\/mpeg\" src=\"https:\/\/www.radiopiu.net\/wordpress\/wp-content\/uploads\/2023\/02\/COMPLETO.mp3?_=1\" \/><a href=\"https:\/\/www.radiopiu.net\/wordpress\/wp-content\/uploads\/2023\/02\/COMPLETO.mp3\">https:\/\/www.radiopiu.net\/wordpress\/wp-content\/uploads\/2023\/02\/COMPLETO.mp3<\/a><\/audio>\n<p>&nbsp;<\/p>\n<p>&nbsp;<\/p>\n\n\t\t\t<style type='text\/css'>\n\t\t\t\t#gallery-1 {\n\t\t\t\t\tmargin: auto;\n\t\t\t\t}\n\t\t\t\t#gallery-1 .gallery-item {\n\t\t\t\t\tfloat: left;\n\t\t\t\t\tmargin-top: 10px;\n\t\t\t\t\ttext-align: center;\n\t\t\t\t\twidth: 25%;\n\t\t\t\t}\n\t\t\t\t#gallery-1 img {\n\t\t\t\t\tborder: 2px solid #cfcfcf;\n\t\t\t\t}\n\t\t\t\t#gallery-1 .gallery-caption {\n\t\t\t\t\tmargin-left: 0;\n\t\t\t\t}\n\t\t\t\t\/* see gallery_shortcode() in wp-includes\/media.php *\/\n\t\t\t<\/style>\n\t\t<div id='gallery-1' class='dt-gallery-container gallery galleryid-321074 gallery-columns-4 gallery-size-thumbnail'><dl class='gallery-item'>\n\t\t\t\t<dt class='gallery-icon landscape'>\n\t\t\t\t\t<a class=\"rollover rollover-zoom dt-pswp-item\" title=\"84acf39a-eea0-4611-87eb-58650a7c3e14\" data-dt-img-description=\"\" data-large_image_width=\"1600\" data-large_image_height=\"1200\"href='https:\/\/www.radiopiu.net\/wordpress\/wp-content\/uploads\/2023\/02\/84acf39a-eea0-4611-87eb-58650a7c3e14.jpg'><img loading=\"lazy\" decoding=\"async\" width=\"150\" height=\"150\" src=\"https:\/\/www.radiopiu.net\/wordpress\/wp-content\/uploads\/2023\/02\/84acf39a-eea0-4611-87eb-58650a7c3e14-150x150.jpg\" class=\"attachment-thumbnail size-thumbnail\" alt=\"\" \/><\/a>\n\t\t\t\t<\/dt><\/dl><dl class='gallery-item'>\n\t\t\t\t<dt class='gallery-icon landscape'>\n\t\t\t\t\t<a class=\"rollover rollover-zoom dt-pswp-item\" title=\"af7aa317-993e-4473-9ebf-848b2fd2524c\" data-dt-img-description=\"\" data-large_image_width=\"1600\" data-large_image_height=\"1200\"href='https:\/\/www.radiopiu.net\/wordpress\/wp-content\/uploads\/2023\/02\/af7aa317-993e-4473-9ebf-848b2fd2524c.jpg'><img loading=\"lazy\" decoding=\"async\" width=\"150\" height=\"150\" src=\"https:\/\/www.radiopiu.net\/wordpress\/wp-content\/uploads\/2023\/02\/af7aa317-993e-4473-9ebf-848b2fd2524c-150x150.jpg\" class=\"attachment-thumbnail size-thumbnail\" alt=\"\" \/><\/a>\n\t\t\t\t<\/dt><\/dl><dl class='gallery-item'>\n\t\t\t\t<dt class='gallery-icon landscape'>\n\t\t\t\t\t<a class=\"rollover rollover-zoom dt-pswp-item\" title=\"51d00564-5545-4b98-8c3f-0d20ae660577\" data-dt-img-description=\"\" data-large_image_width=\"1600\" data-large_image_height=\"1200\"href='https:\/\/www.radiopiu.net\/wordpress\/wp-content\/uploads\/2023\/02\/51d00564-5545-4b98-8c3f-0d20ae660577.jpg'><img loading=\"lazy\" decoding=\"async\" width=\"150\" height=\"150\" src=\"https:\/\/www.radiopiu.net\/wordpress\/wp-content\/uploads\/2023\/02\/51d00564-5545-4b98-8c3f-0d20ae660577-150x150.jpg\" class=\"attachment-thumbnail size-thumbnail\" alt=\"\" \/><\/a>\n\t\t\t\t<\/dt><\/dl><dl class='gallery-item'>\n\t\t\t\t<dt class='gallery-icon landscape'>\n\t\t\t\t\t<a class=\"rollover rollover-zoom dt-pswp-item\" title=\"2c7a030d-3552-4285-bd86-6118ec8f5649\" data-dt-img-description=\"\" data-large_image_width=\"1600\" data-large_image_height=\"1200\"href='https:\/\/www.radiopiu.net\/wordpress\/wp-content\/uploads\/2023\/02\/2c7a030d-3552-4285-bd86-6118ec8f5649.jpg'><img loading=\"lazy\" decoding=\"async\" width=\"150\" height=\"150\" src=\"https:\/\/www.radiopiu.net\/wordpress\/wp-content\/uploads\/2023\/02\/2c7a030d-3552-4285-bd86-6118ec8f5649-150x150.jpg\" class=\"attachment-thumbnail size-thumbnail\" alt=\"\" \/><\/a>\n\t\t\t\t<\/dt><\/dl><br style=\"clear: both\" \/><dl class='gallery-item'>\n\t\t\t\t<dt class='gallery-icon landscape'>\n\t\t\t\t\t<a class=\"rollover rollover-zoom dt-pswp-item\" title=\"e376c0cf-e4c6-456e-9f76-6f3ea4f23f01\" data-dt-img-description=\"\" data-large_image_width=\"1600\" data-large_image_height=\"1200\"href='https:\/\/www.radiopiu.net\/wordpress\/wp-content\/uploads\/2023\/02\/e376c0cf-e4c6-456e-9f76-6f3ea4f23f01.jpg'><img loading=\"lazy\" decoding=\"async\" width=\"150\" height=\"150\" src=\"https:\/\/www.radiopiu.net\/wordpress\/wp-content\/uploads\/2023\/02\/e376c0cf-e4c6-456e-9f76-6f3ea4f23f01-150x150.jpg\" class=\"attachment-thumbnail size-thumbnail\" alt=\"\" \/><\/a>\n\t\t\t\t<\/dt><\/dl><dl class='gallery-item'>\n\t\t\t\t<dt class='gallery-icon landscape'>\n\t\t\t\t\t<a class=\"rollover rollover-zoom dt-pswp-item\" title=\"d2a7d163-522d-49d3-9b5b-f840b15761d9\" data-dt-img-description=\"\" data-large_image_width=\"1600\" data-large_image_height=\"1200\"href='https:\/\/www.radiopiu.net\/wordpress\/wp-content\/uploads\/2023\/02\/d2a7d163-522d-49d3-9b5b-f840b15761d9.jpg'><img loading=\"lazy\" decoding=\"async\" width=\"150\" height=\"150\" src=\"https:\/\/www.radiopiu.net\/wordpress\/wp-content\/uploads\/2023\/02\/d2a7d163-522d-49d3-9b5b-f840b15761d9-150x150.jpg\" class=\"attachment-thumbnail size-thumbnail\" alt=\"\" \/><\/a>\n\t\t\t\t<\/dt><\/dl><dl class='gallery-item'>\n\t\t\t\t<dt class='gallery-icon landscape'>\n\t\t\t\t\t<a class=\"rollover rollover-zoom dt-pswp-item\" title=\"78557552-f7f3-45df-9e5b-62c5a977db43\" data-dt-img-description=\"\" data-large_image_width=\"1600\" data-large_image_height=\"1200\"href='https:\/\/www.radiopiu.net\/wordpress\/wp-content\/uploads\/2023\/02\/78557552-f7f3-45df-9e5b-62c5a977db43.jpg'><img loading=\"lazy\" decoding=\"async\" width=\"150\" height=\"150\" src=\"https:\/\/www.radiopiu.net\/wordpress\/wp-content\/uploads\/2023\/02\/78557552-f7f3-45df-9e5b-62c5a977db43-150x150.jpg\" class=\"attachment-thumbnail size-thumbnail\" alt=\"\" \/><\/a>\n\t\t\t\t<\/dt><\/dl>\n\t\t\t\t<br style='clear: both' \/>\n\t\t\t<\/div>\n\n<blockquote>\n<h3><\/h3>\n<h3>Lotto: \u00abLa preoccupazione dei lavoratori \u00e8 quella di tutti noi\u00bb<\/h3>\n<\/blockquote>\n<p><i>La vice segretaria del PD Veneto alla manifestazione dei dipendenti a Longarone<\/i><\/p>\n<p>\u00abLa risposta istituzionale a questa crisi ci sembra tiepida. Troppo tiepida, soprattutto perch\u00e9 siamo di fronte a un\u2019azienda con i conti in ordine e che non avrebbe motivi per ridurre la forza lavoro. Certo, la preoccupazione dei lavoratori \u00e8 quella di tutti noi, e non si limita solo al Bellunese, ma coinvolge tutto il Veneto. Non riguarda solo gli addetti diretti ma l\u2019intera filiera dell\u2019 indotto. Il governo e la regione facciano ogni sforzo per mantenere aperto lo stabilimento di Longarone, nella consapevolezza che il modello ACC qui \u00e8 solo parzialmente applicabile, proprio in considerazione della filiera lunga e ramificata di Safilo che in caso di dismissione sarebbe gravemente pregiudicata\u00bb. Lo afferma la vice segretaria regionale del Partito democratico veneto, <b>Monica Lotto<\/b> che ieri mattina a Longarone ha partecipato alla manifestazione di protesta organizzata dai dipendenti degli stabilimenti veneti di Safilo.<\/p>\n<p>&nbsp;<\/p>\n<p>&nbsp;<\/p>\n<p><strong>IL PRESIDENTE DELLA PROVINCIA ROBERTO PADRIN\u00a0<\/strong><\/p>\n<p><em>\u00abPorter\u00f2 una rappresentanza di lavoratori a Sanremo, dove come Provincia, con la collaborazione della Regione Veneto e della Camera di Commercio Belluno-Treviso, abbiamo uno spazio all\u2019interno del Palafiori, per promuovere le nostre eccellenze. Perch\u00e9 le nostre eccellenze sono anche i lavoratori ed \u00e8 giusto che facciano sentire la loro voce\u00bb\u00a0\u00a0<\/em><\/p>\n<p>&nbsp;<\/p>\n<hr \/>\n<p>&nbsp;<\/p>\n<p>&nbsp;<\/p>\n<blockquote>\n<h3>SEGNALATI AL PREFETTO PER DETENZIONE PERSONALE DI STUPEFACENTI<\/h3>\n<\/blockquote>\n<p><strong><img loading=\"lazy\" decoding=\"async\" class=\"alignleft\" src=\"https:\/\/www.radiopiu.net\/wordpress\/wp-content\/uploads\/2018\/12\/Parco-Citt%C3%A0-di-Bologna-Belluno-1.jpg\" width=\"312\" height=\"208\" \/>BELLUNO<\/strong> Al Parco citt\u00e0 di Bologna, sotto al Gazebo con tanto di bilancino di precisione, e quanto necessario per la preparazione degli spinelli compresa la materia prima, l&#8217;hashish incelophanato. I minorenni che li&#8217; bivaccavano sono incappati nel controllo della Volante. Due dei ragazzi avvicinati dagli agenti apparivano particolarmente sofferenti al controllo e nervosi, motivo in pi\u00f9 per una pi\u00f9\u00a0 approfondita verifica. Analoga situazione \u00e8 accaduta nel primo pomeriggio del 31 gennaio quando una volante, transitando nel piazzale davanti alla stazione ferroviaria di Belluno, procedeva al controllo di un gruppo di ragazzi che alla vista della pattuglia tentava di defilarsi. A uno dei due \u00e8 andato male il goffo tentativo di liberarsi di un pezzo di &#8220;fumo&#8221;. Visti i precedenti specifici di uso e spaccio di stupefacenti del ragazzo anche il suo domicilio \u00e8 stato oggetto di perquisizione dove \u00e8 stata rinvenuta altro stupefacente.<\/p>\n<p>&nbsp;<\/p>\n<p>&nbsp;<\/p>\n<p>&nbsp;<\/p>\n<p>&nbsp;<\/p>\n<hr \/>\n<p>&nbsp;<\/p>\n<blockquote>\n<h3>GUIDA SENZA PATENTE, SANZIONE PESANTE<\/h3>\n<\/blockquote>\n<p>&nbsp;<\/p>\n<p><strong><a class=\"dt-pswp-item\" href=\"https:\/\/www.radiopiu.net\/wordpress\/wp-content\/uploads\/2022\/05\/POLIZIA-2.jpg\" data-dt-img-description=\"\" data-large_image_width=\"1920\" data-large_image_height=\"1080\"><img loading=\"lazy\" decoding=\"async\" class=\"wp-image-278033 alignleft\" src=\"https:\/\/www.radiopiu.net\/wordpress\/wp-content\/uploads\/2022\/05\/POLIZIA-2-300x169.jpg\" alt=\"\" width=\"188\" height=\"106\" srcset=\"https:\/\/www.radiopiu.net\/wordpress\/wp-content\/uploads\/2022\/05\/POLIZIA-2-300x169.jpg 300w, https:\/\/www.radiopiu.net\/wordpress\/wp-content\/uploads\/2022\/05\/POLIZIA-2-1024x576.jpg 1024w, https:\/\/www.radiopiu.net\/wordpress\/wp-content\/uploads\/2022\/05\/POLIZIA-2-768x432.jpg 768w, https:\/\/www.radiopiu.net\/wordpress\/wp-content\/uploads\/2022\/05\/POLIZIA-2-1536x864.jpg 1536w, https:\/\/www.radiopiu.net\/wordpress\/wp-content\/uploads\/2022\/05\/POLIZIA-2.jpg 1920w\" sizes=\"auto, (max-width: 188px) 100vw, 188px\" \/><\/a>BELLUNO<\/strong> Un giovane poco pi\u00f9 che maggiorenne guidava l&#8217;auto della mamma con una patente per ciclomotori, senza mai aver conseguito il documento di guida di tipo B. Pagher\u00e0 una sanzione amministrativa tra i 5100 e i 30mila euro, previsto il fermo amministrativo dell&#8217;auto per tre mesi. La pattuglia della volante ha inoltre fermato un uomo alla guida in stato di ebbrezza. Immediata la denuncia all\u2019Autorit\u00e0 Giudiziaria\u00a0 e\u00a0 il ritiro della patente.<\/p>\n<p>&nbsp;<\/p>\n<p>&nbsp;<\/p>\n<p>&nbsp;<\/p>\n<hr \/>\n<blockquote>\n<h3><\/h3>\n<h3><\/h3>\n<h3>OGGI I FUNERALI DI IGOR<\/h3>\n<\/blockquote>\n<p><a class=\"dt-pswp-item\" href=\"https:\/\/www.radiopiu.net\/wordpress\/wp-content\/uploads\/2023\/02\/Senza-nome-18.jpg\" data-dt-img-description=\"\" data-large_image_width=\"219\" data-large_image_height=\"149\"><img loading=\"lazy\" decoding=\"async\" class=\"size-full wp-image-321006 alignleft\" src=\"https:\/\/www.radiopiu.net\/wordpress\/wp-content\/uploads\/2023\/02\/Senza-nome-18.jpg\" alt=\"\" width=\"219\" height=\"149\" \/><\/a><strong>BORGO VALBELLUNA<\/strong> I funerali di Igor Schiocchet, lo sfortunato pilota dell&#8217;elicottero incorso nell&#8217;incidente in Friuli la scorsa settimana si terranno oggi alle 15 nella chiesa parrocchiale di S. Antonio Tortal. Una comunit\u00e0 \u00e8 pronta a portare la propria solidariet\u00e0 alla moglie Simonetta, ai figli Mattia e Giada con Igor, pap\u00e0 Paolo con Barbara, parenti ed amici.<\/p>\n<p>&nbsp;<\/p>\n<p>&nbsp;<\/p>\n<p>&nbsp;<\/p>\n<p>&nbsp;<\/p>\n<hr \/>\n<p><a class=\"dt-pswp-item\" href=\"https:\/\/www.radiopiu.net\/wordpress\/wp-content\/uploads\/2023\/02\/Senza-nome-21.jpg\" data-dt-img-description=\"\" data-large_image_width=\"207\" data-large_image_height=\"257\"><img loading=\"lazy\" decoding=\"async\" class=\"size-full wp-image-321139 alignleft\" src=\"https:\/\/www.radiopiu.net\/wordpress\/wp-content\/uploads\/2023\/02\/Senza-nome-21.jpg\" alt=\"\" width=\"207\" height=\"257\" \/><\/a><\/p>\n<blockquote>\n<h3>UN PAESE IN LUTTO PER LA SCOMPARSA DI MANUELA<\/h3>\n<\/blockquote>\n<p><strong>LA VALLE<\/strong> Un paese in lutto, si prepara a salutare venerdi Manuela De Col, 50 anni, sconfitta dalla malattia contro la quale ha lottato con grande dignit\u00e0. Lascia nel dolore la mamma Rita,\u00a0 il marito Elvis Da Roit, i figli Martina, Patrick con Giada, i famigliari i parenti. L&#8217;ultimo saluto venerdi alle 14.30 nella chiesa di La Valle. La famiglia ha porto un particolare ringraziamento al personale degli ospedali di Agordo e Belluno, al medico curante dottor Fadig\u00e0.<\/p>\n<p>&nbsp;<\/p>\n<p>&nbsp;<\/p>\n<p>&nbsp;<\/p>\n<p>&nbsp;<\/p>\n<p>&nbsp;<\/p>\n<hr \/>\n<p>&nbsp;<\/p>\n<blockquote>\n<h3><a class=\"dt-pswp-item\" href=\"https:\/\/www.radiopiu.net\/wordpress\/wp-content\/uploads\/2020\/08\/Carabinieri-Nuoro-bomba-sipe.jpg\" data-dt-img-description=\"\" data-large_image_width=\"700\" data-large_image_height=\"400\"><img loading=\"lazy\" decoding=\"async\" class=\"wp-image-154885 alignleft\" src=\"https:\/\/www.radiopiu.net\/wordpress\/wp-content\/uploads\/2020\/08\/Carabinieri-Nuoro-bomba-sipe-300x171.jpg\" alt=\"\" width=\"175\" height=\"100\" srcset=\"https:\/\/www.radiopiu.net\/wordpress\/wp-content\/uploads\/2020\/08\/Carabinieri-Nuoro-bomba-sipe-300x171.jpg 300w, https:\/\/www.radiopiu.net\/wordpress\/wp-content\/uploads\/2020\/08\/Carabinieri-Nuoro-bomba-sipe.jpg 700w\" sizes=\"auto, (max-width: 175px) 100vw, 175px\" \/><\/a>IN CASA UNA BOMBA, ANZIANO AGLI ARRESTI<\/h3>\n<\/blockquote>\n<p><strong>SEDICO<\/strong> Durante una perquisizione \u00e8 saltata fuori la bomba.\u00a0 Arrestato un 77enne del posto per il reato di detenzione illegale di armi da guerra. L&#8217;ordigno sarebbe inesploso e potenzialmente molto pericoloso, l&#8217;anziano \u00e8 comparso ieri mattina davanti al giudice per le indagini preliminari del Tribunale di Belluno, difeso d&#8217;ufficio dagli avvocati Viale e Perco: l&#8217;arresto \u00e8 stato convalidato, ma nei confronti dell&#8217;indagato non \u00e8 stata disposta alcuna misura.\u00a0 La bomba \u00e8 stata sequestrata. I carabinieri sono intervenuti sulla base di una denuncia per maltrattamenti presentata dalla figlia convivente.\u00a0 La pattuglia \u00e8 entrata nell&#8217;abitazione indicata e ha trovato tutta una serie di armi custodite nei mobili dei vari ambienti.<\/p>\n<p>&nbsp;<\/p>\n<hr \/>\n<p>&nbsp;<\/p>\n<p>&nbsp;<\/p>\n<blockquote>\n<h3>CHIUSURA DELLA SCUOLA ELEMENTARE DI MEANO. LE PRECISAZIONI DEL SINDACO DI SANTA GIUSTINA IVAN MINELLA<\/h3>\n<\/blockquote>\n<p><strong><a class=\"dt-pswp-item\" href=\"https:\/\/www.radiopiu.net\/wordpress\/wp-content\/uploads\/2023\/02\/SCUOLA-MEANO.jpg\" data-dt-img-description=\"\" data-large_image_width=\"259\" data-large_image_height=\"194\"><img loading=\"lazy\" decoding=\"async\" class=\" wp-image-321085 alignleft\" src=\"https:\/\/www.radiopiu.net\/wordpress\/wp-content\/uploads\/2023\/02\/SCUOLA-MEANO.jpg\" alt=\"\" width=\"167\" height=\"125\" \/><\/a>SANTA GIUSTINA <\/strong>In riferimento a quanto emerso in questi giorni in merito ad un\u2019ipotetica chiusura della scuola elementare di Meano, sono dovute, da parte dell\u2019Amministrazione Comunale di Santa Giustina, alcune precisazioni. L\u2019Amministrazione Comunale si \u00e8 sempre posta in prima linea contro la riduzione del numero degli studenti iscritti nelle scuole; la scuola primaria di Meano rappresenta il fiore all\u2019occhiello e il vanto del Comune di Santa Giustina, nel mantenere vive le realt\u00e0 locali. <em>&#8220;In generale, non solo sulle questioni che riguardano la scuola, l&#8217;Amministrazione Comunale ha scelto di investire molto nei servizi che si trovano nelle frazioni. &#8211; dice il sindaco di Santa Giustina Ivan Minella &#8211;\u00a0 <\/em><em>Lavorando in questa direzione, anche la volont\u00e0 di non organizzare un trasporto pubblico locale da Meano verso le scuole del capoluogo \u00e8 stata dettata proprio per incentivare e preservare la peculiarit\u00e0 della scuola primaria di Meano&#8221; <\/em><em>G<\/em>li investimenti di adeguamento sismico che l\u2019Amministrazione Comunale sta perseguendo, a completamento di un virtuoso ed impegnativo investimento complessivo di messa in sicurezza degli stabili comunali, ne \u00e8 la prova. Con questi interventi edilizi si conclude la messa in sicurezza, ai fini del rischio sismico, della totalit\u00e0 degli edifici pubblici destinati all\u2019istruzione scolastica. &#8220;<em>A riprova di come l\u2019Amministrazione Comunale ponga la scuola, e la sicurezza degli studenti al primo posto nella scala delle priorit\u00e0. Ne consegue che la scuola primaria di Meano, non venga ritenuta dall\u2019Amministrazione Comunale in nessun modo in secondo piano rispetto ad altre realt\u00e0 presenti nel territorio &#8211; continua il primo cittadino &#8211; La scuola primaria di Meano ha inoltre sempre proposto alle famiglie un\u2019offerta diversificata, sia a livello didattico, ma anche per la proposta oraria, appositamente istituita per le diverse esigenze familiari rispetto alla scuola primara del capoluogo. Proprio questa offerta formativa diversificata, sviluppata su sei giorni anzich\u00e9 su cinque, non ha mai reso necessario l\u2019attivazione del servizio di mensa. Solamente dall\u2019anno scolastico in corso, a seguito dell\u2019inserimento delle due ore aggiuntive di educazione fisica per le sole classi quinte (12 alunni), \u00e8 stato istituito un rientro pomeridiano. L\u2019orario inizialmente deliberato dall\u2019Istituto Comprensivo per l\u2019anno scolastico in corso, non prevedeva nessun rientro, ma un prolungamento di mezz\u2019ora dell\u2019orario mattutino per quattro giornate. Sono poi state le famiglie stesse a richiedere all\u2019Istituto Comprensivo una variazione in corsa dell\u2019orario, aggiungendo un rientro, in quanto ritenuto pi\u00f9 consono alle esigenze familiari e del bambino stesso. Occorre tuttavia precisare quanto il fenomeno del calo demografico influisca e si faccia sentire ancor in maggior modo per le aree montane e ancor di pi\u00f9 per le zone periferiche; non ci si pu\u00f2 quindi esimere dal pensare che le scuole, tutte, avranno nei prossimi anni gravi e sensibili carenze di studenti &#8211; conclude Minella &#8211;\u00a0 Il timore di una possibile chiusura del plesso di Meano \u00e8 capibile, e preoccupa anche l\u2019Amministrazione stessa che, nel caso, far\u00e0 quanto nelle sue facolt\u00e0 perch\u00e9 questo non avvenga, fermo restando che sulle scelte personali delle singole famiglie, non \u00e8 possibile entrare nel merito&#8221;.<\/em><\/p>\n<p>&nbsp;<\/p>\n<hr \/>\n<p>&nbsp;<\/p>\n<blockquote>\n<h3>PALPEGGIAMENTI, PROFESSORE DI GINNASTICA A PROCESSO<\/h3>\n<\/blockquote>\n<p><strong><img loading=\"lazy\" decoding=\"async\" class=\"alignleft\" src=\"https:\/\/www.radiopiu.net\/wordpress\/wp-content\/uploads\/2018\/10\/violenza.jpg\" width=\"288\" height=\"172\" \/>OGGI SUL CORRIERE DELLE ALPI<\/strong><\/p>\n<p><strong>DI GIGI SOSSO<\/strong><\/p>\n<p><strong>BELLUNO\u00a0<\/strong> Il processo puo&#8217; iniziare. Professore di educazione fisica in tribunale per violenza sessuale. L&#8217;uomo, che insegna in una scuola superiore cittadina, sarebbe anche disposto ad ammettere di aver abbracciato e baciato sulla fronte una studentessa di 17 anni. Ma nel capo d&#8217;imputazione, scritto dal pubblico ministero Roberta Gallego sulla base della denuncia, si legge di palpeggiamenti dei glutei e di sfregamenti sulle gambe che sarebbero avvenuti all&#8217;aperto, in un giorno di scuola, giusto un anno fa. L&#8217;insegnante era stato rinviato a giudizio per violenza sessuale aggravata e, ai tempi dell&#8217;udienza preliminare, la giovane donna non si era costituita parte civile con un legale di fiducia, dopo essere diventata maggiorenne. &#8230;. Ci sarebbe stato un abbraccio con questa studentessa e in aula si discuter\u00e0 di quello che \u00e8 successo durante questa dimostrazione di affetto: per il professore c&#8217;\u00e8 stato al massimo un paterno bacio sulla fronte, magari non gradito, mentre per la ragazza si sarebbe andati molto oltre, con palpeggiamenti e sfregamenti inequivocabili.<\/p>\n<p>&nbsp;<\/p>\n<blockquote>\n<h3>SEI BELLA&#8230; E ALLUNGA LE MANI: DENUNCIATO<\/h3>\n<\/blockquote>\n<p><strong>LONGARONE<\/strong>\u00a0 Un&#8217;operaia di un&#8217;azienda di Longarone denuncia un collega per violenza sessuale: non solo lo porta in tribunale, ma si costituisce anche parte civile e non mancher\u00e0 di chiedergli un risarcimento danni.I fatti sarebbero accaduti il 18 maggio dell&#8217;anno scorso, durante un normale turno di lavoro.\u00a0 L&#8217;uomo era stato rinviato a giudizio dal giudice per le udienze preliminari, su richiesta del pubblico ministero Roberta Gallego e ieri mattina si \u00e8 celebrata l&#8217;udienza di smistamento.\u00a0 Il processo comincer\u00e0 il 29 novembre con i testi citati dalla pubblica accusa. Seguiranno quelli delle altre parti, fino alla discussione e alla sentenza di primo grado.<\/p>\n<p>&nbsp;<\/p>\n<p>&nbsp;<\/p>\n<hr \/>\n<p>&nbsp;<\/p>\n<blockquote>\n<h3>NEL BANDO PER LA GESTIONE DELL&#8217;EX VALLE IMPERINA C&#8217;E&#8217; UNA NOVITA&#8217;<\/h3>\n<\/blockquote>\n<p><strong><a class=\"dt-pswp-item\" href=\"https:\/\/www.radiopiu.net\/wordpress\/wp-content\/uploads\/2020\/11\/36_Valle-Imperina.jpg\" data-dt-img-description=\"\" data-large_image_width=\"1280\" data-large_image_height=\"723\"><img loading=\"lazy\" decoding=\"async\" class=\"size-medium wp-image-170177 alignleft\" src=\"https:\/\/www.radiopiu.net\/wordpress\/wp-content\/uploads\/2020\/11\/36_Valle-Imperina-300x169.jpg\" alt=\"\" width=\"300\" height=\"169\" srcset=\"https:\/\/www.radiopiu.net\/wordpress\/wp-content\/uploads\/2020\/11\/36_Valle-Imperina-300x169.jpg 300w, https:\/\/www.radiopiu.net\/wordpress\/wp-content\/uploads\/2020\/11\/36_Valle-Imperina-1024x578.jpg 1024w, https:\/\/www.radiopiu.net\/wordpress\/wp-content\/uploads\/2020\/11\/36_Valle-Imperina-768x434.jpg 768w, https:\/\/www.radiopiu.net\/wordpress\/wp-content\/uploads\/2020\/11\/36_Valle-Imperina.jpg 1280w\" sizes=\"auto, (max-width: 300px) 100vw, 300px\" \/><\/a>RIVAMONTE<\/strong><\/p>\n<p>di Gianni Santomaso<\/p>\n<audio class=\"wp-audio-shortcode\" id=\"audio-321074-2\" preload=\"none\" style=\"width: 100%;\" controls=\"controls\"><source type=\"audio\/mpeg\" src=\"https:\/\/www.radiopiu.net\/wordpress\/wp-content\/uploads\/2023\/02\/GIANNI-NEL-BANDO-PER-LEX-VALLE-IMPERINA-CE-UNA-NOVITA.mp3?_=2\" \/><a href=\"https:\/\/www.radiopiu.net\/wordpress\/wp-content\/uploads\/2023\/02\/GIANNI-NEL-BANDO-PER-LEX-VALLE-IMPERINA-CE-UNA-NOVITA.mp3\">https:\/\/www.radiopiu.net\/wordpress\/wp-content\/uploads\/2023\/02\/GIANNI-NEL-BANDO-PER-LEX-VALLE-IMPERINA-CE-UNA-NOVITA.mp3<\/a><\/audio>\n<p>&nbsp;<\/p>\n<hr \/>\n<p>&nbsp;<\/p>\n<blockquote>\n<h3>PULIZIA STRAORDINARIA A BOLZANO BELLUNESE<\/h3>\n<\/blockquote>\n<p><strong>BELLUNO <\/strong>Pulizia straordinaria a Bolzano Bellunese. Tre operai comunali, un\u2019escavatrice e una settimana di lavoro: cos\u00ec \u00e8 stata liberata dai detriti e dal materiale accumulato in oltre cinquant\u2019anni, la condotta che passa sotto via Sigi Lechner, nel centro abitato della frazione. \u201cUn\u2019operazione complessa, per la quale ringraziamo le nostre squadre \u2013 commenta il sindaco, Oscar De Pellegrin -. La zona \u00e8 stata messa in sicurezza, in caso di forti piogge c\u2019era il rischio di ostruzione totale del passaggio dell\u2019acqua, con conseguenti danni alla strada e dissesti idrogeologici\u201d.<\/p>\n<p><strong>FRANCO ROCCON, ASSESSORE AI LAVORI PUBBLICI DI BELLUNO<\/strong><\/p>\n<audio class=\"wp-audio-shortcode\" id=\"audio-321074-3\" preload=\"none\" style=\"width: 100%;\" controls=\"controls\"><source type=\"audio\/mpeg\" src=\"https:\/\/www.radiopiu.net\/wordpress\/wp-content\/uploads\/2023\/02\/Roccon_su_pulizia_Bolzano_Bellunese.mp3?_=3\" \/><a href=\"https:\/\/www.radiopiu.net\/wordpress\/wp-content\/uploads\/2023\/02\/Roccon_su_pulizia_Bolzano_Bellunese.mp3\">https:\/\/www.radiopiu.net\/wordpress\/wp-content\/uploads\/2023\/02\/Roccon_su_pulizia_Bolzano_Bellunese.mp3<\/a><\/audio>\n<p>&nbsp;<\/p>\n\n\t\t\t<style type='text\/css'>\n\t\t\t\t#gallery-2 {\n\t\t\t\t\tmargin: auto;\n\t\t\t\t}\n\t\t\t\t#gallery-2 .gallery-item {\n\t\t\t\t\tfloat: left;\n\t\t\t\t\tmargin-top: 10px;\n\t\t\t\t\ttext-align: center;\n\t\t\t\t\twidth: 50%;\n\t\t\t\t}\n\t\t\t\t#gallery-2 img {\n\t\t\t\t\tborder: 2px solid #cfcfcf;\n\t\t\t\t}\n\t\t\t\t#gallery-2 .gallery-caption {\n\t\t\t\t\tmargin-left: 0;\n\t\t\t\t}\n\t\t\t\t\/* see gallery_shortcode() in wp-includes\/media.php *\/\n\t\t\t<\/style>\n\t\t<div id='gallery-2' class='dt-gallery-container gallery galleryid-321074 gallery-columns-2 gallery-size-thumbnail'><dl class='gallery-item'>\n\t\t\t\t<dt class='gallery-icon portrait'>\n\t\t\t\t\t<a class=\"rollover rollover-zoom dt-pswp-item\" title=\"Pulizia tombotto Bolzano Bellunese\" data-dt-img-description=\"\" data-large_image_width=\"1200\" data-large_image_height=\"1600\"href='https:\/\/www.radiopiu.net\/wordpress\/wp-content\/uploads\/2023\/02\/Pulizia-tombotto-Bolzano-Bellunese.jpeg'><img loading=\"lazy\" decoding=\"async\" width=\"150\" height=\"150\" src=\"https:\/\/www.radiopiu.net\/wordpress\/wp-content\/uploads\/2023\/02\/Pulizia-tombotto-Bolzano-Bellunese-150x150.jpeg\" class=\"attachment-thumbnail size-thumbnail\" alt=\"\" \/><\/a>\n\t\t\t\t<\/dt><\/dl><dl class='gallery-item'>\n\t\t\t\t<dt class='gallery-icon landscape'>\n\t\t\t\t\t<a class=\"rollover rollover-zoom dt-pswp-item\" title=\"Pulizia tombotto Bolzano Bellunese 1\" data-dt-img-description=\"\" data-large_image_width=\"1600\" data-large_image_height=\"1200\"href='https:\/\/www.radiopiu.net\/wordpress\/wp-content\/uploads\/2023\/02\/Pulizia-tombotto-Bolzano-Bellunese-1.jpeg'><img loading=\"lazy\" decoding=\"async\" width=\"150\" height=\"150\" src=\"https:\/\/www.radiopiu.net\/wordpress\/wp-content\/uploads\/2023\/02\/Pulizia-tombotto-Bolzano-Bellunese-1-150x150.jpeg\" class=\"attachment-thumbnail size-thumbnail\" alt=\"\" \/><\/a>\n\t\t\t\t<\/dt><\/dl><br style=\"clear: both\" \/>\n\t\t\t<\/div>\n\n<p>&nbsp;<\/p>\n<hr \/>\n<p>&nbsp;<\/p>\n<blockquote>\n<h3>GORDI E&#8217; MORTA, FATALE IL GELO DEL TORRENTE LIERA<\/h3>\n<\/blockquote>\n<p>&nbsp;<\/p>\n<div class=\"sezioneArticolo\"><strong><a class=\"dt-pswp-item\" href=\"https:\/\/www.radiopiu.net\/wordpress\/wp-content\/uploads\/2023\/02\/383fc5c1-4907-48a4-9678-d8e4225e2fe2.jpg\" data-dt-img-description=\"\" data-large_image_width=\"836\" data-large_image_height=\"620\"><img loading=\"lazy\" decoding=\"async\" class=\" wp-image-320985 alignleft\" src=\"https:\/\/www.radiopiu.net\/wordpress\/wp-content\/uploads\/2023\/02\/383fc5c1-4907-48a4-9678-d8e4225e2fe2-300x222.jpg\" alt=\"\" width=\"254\" height=\"188\" srcset=\"https:\/\/www.radiopiu.net\/wordpress\/wp-content\/uploads\/2023\/02\/383fc5c1-4907-48a4-9678-d8e4225e2fe2-300x222.jpg 300w, https:\/\/www.radiopiu.net\/wordpress\/wp-content\/uploads\/2023\/02\/383fc5c1-4907-48a4-9678-d8e4225e2fe2-768x570.jpg 768w, https:\/\/www.radiopiu.net\/wordpress\/wp-content\/uploads\/2023\/02\/383fc5c1-4907-48a4-9678-d8e4225e2fe2.jpg 836w\" sizes=\"auto, (max-width: 254px) 100vw, 254px\" \/><\/a>CANALE D&#8217;AGORDO<\/strong> I vigili del fuoco del locale distaccamento, i servizi veterinari hanno fatto l&#8217;impossibile per strappare alla morte la cavalla di razza &#8220;Gordi&#8221; caduta nel torrente Liera\u00a0 Le\u00a0 gelide temperature delle acque\u00a0 sono risultati fatali alla cavalla.<\/div>\n<p>&nbsp;<\/p>\n<p><span style=\"color: #ff0000;\"><strong>ieri alla radio<\/strong><\/span><\/p>\n<blockquote>\n<h3>CAVALLO BLOCCATO NEL GELO DEL TORRENTE LIERA, L&#8217;INTERVENTO DEI VIGILI DEL FUOCO<\/h3>\n<\/blockquote>\n<p><strong>CANALE D&#8217;AGORDO<\/strong> Nel pomeriggio\u00a0 i vigili del fuoco sono intervenuti in localit\u00e0 Pian de Sabion nei pressi del campeggio Lastei per soccorrere un cavallo, rimasto bloccato dal freddo nell\u2019acqua gelata in mezzo al torrente Liera. I pompieri accorsi dal locale distaccamento sono riusciti a tirare fuori l\u2019animale, l\u2019hanno asciugato e provato a riscaldare, fino all\u2019intervento del veterinario che ha somministrato delle flebo per cercare di far rialzare il cavallo al momento molto debole.<\/p>\n<p>&nbsp;<\/p>\n<p>&nbsp;<\/p>\n<hr \/>\n<p>&nbsp;<\/p>\n<blockquote>\n<h3><a class=\"dt-pswp-item\" href=\"https:\/\/www.radiopiu.net\/wordpress\/wp-content\/uploads\/2023\/02\/acbc0f45-9c3c-475c-bf20-3f414cf129b4-280x300-1.jpg\" data-dt-img-description=\"\" data-large_image_width=\"280\" data-large_image_height=\"300\"><img loading=\"lazy\" decoding=\"async\" class=\" wp-image-321162 alignleft\" src=\"https:\/\/www.radiopiu.net\/wordpress\/wp-content\/uploads\/2023\/02\/acbc0f45-9c3c-475c-bf20-3f414cf129b4-280x300-1.jpg\" alt=\"\" width=\"133\" height=\"143\" \/><\/a>CAMMINA CON IL CUORE<\/h3>\n<p>Il ricavato verr\u00e0 in parte devoluto all&#8217;associazione, in memoria del giovane Kevin Fontanive, recentemente scomparso, al quale l&#8217;Aido dedicher\u00e0 l&#8217;evento.<\/p><\/blockquote>\n<p><strong>LIMANA <\/strong>Sabato a Limana, l&#8217;Aido Belluno proporra\u0300 &#8220;Cammina con cuore&#8221;, una passeggiata per adulti e bambini lungo un percorso ad anello di cinque chilometri per sponsorizzare uno stile di vita sano. Giunta alla terza edizione, la manifestazione verra\u0300 organizzata in collaborazione con Pro Loco Limana e Comune in occasione dei festeggiamenti del santo patrono. Il programma prevede il ritrovo alle 14 in piazza Lorenzi (davanti alla chiesa), con la successiva partenza alle 14.30. La quota di adesione sara\u0300 di cinque euro. I bambini sotto i dieci anni potranno invece partecipare gratuitamente.<\/p>\n<p>&nbsp;<\/p>\n<p>archivio radiopiu<\/p>\n<p><strong class=\"photoswipe-wrapper\">VOLTAGO\u00a0\u00a0<\/strong>Un paese scosso, non potrebbe essere diversamente in una\u00a0 triste domenica di gennaio. Un lutto in un piccolo paese, come quello che ha coinvolto la famiglia Fontanive, rattrista e annienta una comunit\u00e0 dove la notizia corre di casa in casa, come \u00e8\u00a0 successo ieri pomeriggio. In\u00a0 frazione Bertoi nella casa paterna\u00a0 \u00e8 stato ritrovato privo di vita Kevin Fontanive, 27 anni,\u00a0 molto conosciuto sotto all\u2019Agner, sabato sera era uscito con gli amici per trascorrere una serata spensierata, ieri mattina il triste epilogo tra le mura di casa. Il pap\u00e0 Francesco \u00e8 originario di Cencenighe, la mamma Carla di Frassen\u00e8 (dipendente della Luxottica). Un malore ha strappato alla vita Kevin, attoniti gli amici, soprattutto i coscritti\u00a0 del 1996 che hanno appreso la notizia nel pomeriggio, sono rimasti senza parole, chiusi in un grande dolore.<em>\u00a0<\/em><\/p>\n<p>&nbsp;<\/p>\n<hr \/>\n<p><strong>\u00a0<\/strong><\/p>\n<p><strong>di Tiziano De Col\u00a0<\/strong><\/p>\n\n\t\t\t<style type='text\/css'>\n\t\t\t\t#gallery-3 {\n\t\t\t\t\tmargin: auto;\n\t\t\t\t}\n\t\t\t\t#gallery-3 .gallery-item {\n\t\t\t\t\tfloat: left;\n\t\t\t\t\tmargin-top: 10px;\n\t\t\t\t\ttext-align: center;\n\t\t\t\t\twidth: 20%;\n\t\t\t\t}\n\t\t\t\t#gallery-3 img {\n\t\t\t\t\tborder: 2px solid #cfcfcf;\n\t\t\t\t}\n\t\t\t\t#gallery-3 .gallery-caption {\n\t\t\t\t\tmargin-left: 0;\n\t\t\t\t}\n\t\t\t\t\/* see gallery_shortcode() in wp-includes\/media.php *\/\n\t\t\t<\/style>\n\t\t<div id='gallery-3' class='dt-gallery-container gallery galleryid-321074 gallery-columns-5 gallery-size-thumbnail'><dl class='gallery-item'>\n\t\t\t\t<dt class='gallery-icon landscape'>\n\t\t\t\t\t<a class=\"rollover rollover-zoom dt-pswp-item\" title=\"d5c0d8c5-67db-4b9e-97b7-23311442b23e\" data-dt-img-description=\"\" data-large_image_width=\"606\" data-large_image_height=\"347\"href='https:\/\/www.radiopiu.net\/wordpress\/wp-content\/uploads\/2023\/02\/d5c0d8c5-67db-4b9e-97b7-23311442b23e.jpg'><img loading=\"lazy\" decoding=\"async\" width=\"150\" height=\"150\" src=\"https:\/\/www.radiopiu.net\/wordpress\/wp-content\/uploads\/2023\/02\/d5c0d8c5-67db-4b9e-97b7-23311442b23e-150x150.jpg\" class=\"attachment-thumbnail size-thumbnail\" alt=\"\" \/><\/a>\n\t\t\t\t<\/dt><\/dl><dl class='gallery-item'>\n\t\t\t\t<dt class='gallery-icon landscape'>\n\t\t\t\t\t<a class=\"rollover rollover-zoom dt-pswp-item\" title=\"6a1d3467-964d-4779-893d-7294b69cada6\" data-dt-img-description=\"\" data-large_image_width=\"592\" data-large_image_height=\"361\"href='https:\/\/www.radiopiu.net\/wordpress\/wp-content\/uploads\/2023\/02\/6a1d3467-964d-4779-893d-7294b69cada6.jpg'><img loading=\"lazy\" decoding=\"async\" width=\"150\" height=\"150\" src=\"https:\/\/www.radiopiu.net\/wordpress\/wp-content\/uploads\/2023\/02\/6a1d3467-964d-4779-893d-7294b69cada6-150x150.jpg\" class=\"attachment-thumbnail size-thumbnail\" alt=\"\" \/><\/a>\n\t\t\t\t<\/dt><\/dl><dl class='gallery-item'>\n\t\t\t\t<dt class='gallery-icon landscape'>\n\t\t\t\t\t<a class=\"rollover rollover-zoom dt-pswp-item\" title=\"09c5331d-ca65-4ddf-8903-159fabf09ee3\" data-dt-img-description=\"\" data-large_image_width=\"604\" data-large_image_height=\"353\"href='https:\/\/www.radiopiu.net\/wordpress\/wp-content\/uploads\/2023\/02\/09c5331d-ca65-4ddf-8903-159fabf09ee3.jpg'><img loading=\"lazy\" decoding=\"async\" width=\"150\" height=\"150\" src=\"https:\/\/www.radiopiu.net\/wordpress\/wp-content\/uploads\/2023\/02\/09c5331d-ca65-4ddf-8903-159fabf09ee3-150x150.jpg\" class=\"attachment-thumbnail size-thumbnail\" alt=\"\" \/><\/a>\n\t\t\t\t<\/dt><\/dl><dl class='gallery-item'>\n\t\t\t\t<dt class='gallery-icon landscape'>\n\t\t\t\t\t<a class=\"rollover rollover-zoom dt-pswp-item\" title=\"54955232-5149-42dd-9702-78d42da3af54\" data-dt-img-description=\"\" data-large_image_width=\"606\" data-large_image_height=\"354\"href='https:\/\/www.radiopiu.net\/wordpress\/wp-content\/uploads\/2023\/02\/54955232-5149-42dd-9702-78d42da3af54.jpg'><img loading=\"lazy\" decoding=\"async\" width=\"150\" height=\"150\" src=\"https:\/\/www.radiopiu.net\/wordpress\/wp-content\/uploads\/2023\/02\/54955232-5149-42dd-9702-78d42da3af54-150x150.jpg\" class=\"attachment-thumbnail size-thumbnail\" alt=\"\" \/><\/a>\n\t\t\t\t<\/dt><\/dl><dl class='gallery-item'>\n\t\t\t\t<dt class='gallery-icon landscape'>\n\t\t\t\t\t<a class=\"rollover rollover-zoom dt-pswp-item\" title=\"9f3bf62e-40a9-4318-9d79-95f3a9316f03\" data-dt-img-description=\"\" data-large_image_width=\"618\" data-large_image_height=\"357\"href='https:\/\/www.radiopiu.net\/wordpress\/wp-content\/uploads\/2023\/02\/9f3bf62e-40a9-4318-9d79-95f3a9316f03.jpg'><img loading=\"lazy\" decoding=\"async\" width=\"150\" height=\"150\" src=\"https:\/\/www.radiopiu.net\/wordpress\/wp-content\/uploads\/2023\/02\/9f3bf62e-40a9-4318-9d79-95f3a9316f03-150x150.jpg\" class=\"attachment-thumbnail size-thumbnail\" alt=\"\" \/><\/a>\n\t\t\t\t<\/dt><\/dl><br style=\"clear: both\" \/>\n\t\t\t<\/div>\n\n<p>&nbsp;<\/p>\n<hr \/>\n<p>&nbsp;<\/p>\n<blockquote>\n<h3>ROBOT CHIRURGICO: 3 DITTE HANNO PRESENTATO DOMANDA<\/h3>\n<\/blockquote>\n<p><strong><a class=\"dt-pswp-item\" href=\"https:\/\/www.radiopiu.net\/wordpress\/wp-content\/uploads\/2021\/03\/ULSS-1.jpg\" data-dt-img-description=\"\" data-large_image_width=\"776\" data-large_image_height=\"408\"><img loading=\"lazy\" decoding=\"async\" class=\" wp-image-198838 alignleft\" src=\"https:\/\/www.radiopiu.net\/wordpress\/wp-content\/uploads\/2021\/03\/ULSS-1-300x158.jpg\" alt=\"\" width=\"175\" height=\"92\" srcset=\"https:\/\/www.radiopiu.net\/wordpress\/wp-content\/uploads\/2021\/03\/ULSS-1-300x158.jpg 300w, https:\/\/www.radiopiu.net\/wordpress\/wp-content\/uploads\/2021\/03\/ULSS-1-768x404.jpg 768w, https:\/\/www.radiopiu.net\/wordpress\/wp-content\/uploads\/2021\/03\/ULSS-1.jpg 776w\" sizes=\"auto, (max-width: 175px) 100vw, 175px\" \/><\/a>BELLUNO <\/strong>Procede spedito l\u2019iter per dotare il Centro di Riferimento Regionale per la chirurgia oncologica gastrointestinale \u201cMichele De Boni\u201d di Feltre del robot chirurgico. Dopo una consultazione preliminare del mercato per l\u2019approfondimento di alcuni aspetti tecnici, a fine 2022 era stata indetta la procedura per la fornitura di un sistema robotizzato per la chirurgia endoscopica per l\u2019ospedale di Feltre. L\u2019appalto previsto \u00e8 \u201cmisto\u201d e ricomprende sia forniture che servizi (assistenza full risk etc)\u00a0 e materiale di consumo per la realizzazione di 200 interventi l\u2019anno per cinque anni. L\u2019importo a base d\u2019asta \u00e8 di 4,1 milioni di euro. L\u2019intervento \u00e8 cofinanziato con 1,6 milioni di euro attraverso il Fondo Comuni Confinanti come dall\u2019impegno assunto dell\u2019Unione Montana Feltrina e dalla Comunit\u00e0 di Primiero. Alla chiusa dei termini di gara, hanno presentato domanda tre ditte. E\u2019 stata nominata, inoltre, la commissione che sceglier\u00e0 l\u2019offerta migliore tra quelle pervenute. Sar\u00e0 composta da Laura Chiea, Responsabile UOS Ingegneria Clinica dell\u2019Ulss Dolomiti, in qualit\u00e0 di presidente, e in qualit\u00e0 di componenti da: Umberto Montin,\u00a0 Direttore del Dipartimento Chirurgico e Direttore U.O.C. di Chirurgia di Feltre; Roberto Bertoldin, Direttore U.O.C. di Urologia di Feltre; Laura Favretti, Direttore U.O.C. di Ostetricia e Ginecologia di Feltre; Carlo Malavisi, Direttore dell\u2019U.O.C. di Anestesia e Rianimazione e Responsabile del Gruppo operatorio dell\u2019Ospedale di Feltre. L\u2019intento, infatti, \u00e8 quello di procedere in tempi brevi con l\u2019assegnazione della fornitura.<\/p>\n<p>&nbsp;<\/p>\n<p>&nbsp;<\/p>\n<hr \/>\n<p>&nbsp;<\/p>\n<blockquote>\n<h3>TURCHIA, IL TEAM SANITARIO DEL VENETO COMPLETA PROCEDURE PRE PARTENZA<\/h3>\n<\/blockquote>\n<p><strong>VENEZIA <\/strong>Il team sanitario della Regione del Veneto specializzato in emergenze su macerie ha completato ieri mattina, presso la caserma dei Vigili del Fuoco di Mestre, sede della centrale operativa del Suem118 dell\u2019Ulss 3 Serenissima, le procedure per una potenziale partenza per le aree colpite dal terremoto in Turchia. Sono state verificate e imballate tutte le attrezzature tecniche e medicali, in attesa del \u201ctask\u201d, l\u2019assegnamento della missione, che potrebbe arrivare da parte della Protezione Civile nazionale, che sta coordinando gli interventi.<\/p>\n\n\t\t\t<style type='text\/css'>\n\t\t\t\t#gallery-4 {\n\t\t\t\t\tmargin: auto;\n\t\t\t\t}\n\t\t\t\t#gallery-4 .gallery-item {\n\t\t\t\t\tfloat: left;\n\t\t\t\t\tmargin-top: 10px;\n\t\t\t\t\ttext-align: center;\n\t\t\t\t\twidth: 16%;\n\t\t\t\t}\n\t\t\t\t#gallery-4 img {\n\t\t\t\t\tborder: 2px solid #cfcfcf;\n\t\t\t\t}\n\t\t\t\t#gallery-4 .gallery-caption {\n\t\t\t\t\tmargin-left: 0;\n\t\t\t\t}\n\t\t\t\t\/* see gallery_shortcode() in wp-includes\/media.php *\/\n\t\t\t<\/style>\n\t\t<div id='gallery-4' class='dt-gallery-container gallery galleryid-321074 gallery-columns-6 gallery-size-thumbnail'><dl class='gallery-item'>\n\t\t\t\t<dt class='gallery-icon landscape'>\n\t\t\t\t\t<a class=\"rollover rollover-zoom dt-pswp-item\" title=\"team sanitario veneto\" data-dt-img-description=\"\" data-large_image_width=\"1600\" data-large_image_height=\"1278\"href='https:\/\/www.radiopiu.net\/wordpress\/wp-content\/uploads\/2023\/02\/team-sanitario-veneto.jpeg'><img loading=\"lazy\" decoding=\"async\" width=\"150\" height=\"150\" src=\"https:\/\/www.radiopiu.net\/wordpress\/wp-content\/uploads\/2023\/02\/team-sanitario-veneto-150x150.jpeg\" class=\"attachment-thumbnail size-thumbnail\" alt=\"\" \/><\/a>\n\t\t\t\t<\/dt><\/dl><dl class='gallery-item'>\n\t\t\t\t<dt class='gallery-icon landscape'>\n\t\t\t\t\t<a class=\"rollover rollover-zoom dt-pswp-item\" title=\"team sanitario veneto 2\" data-dt-img-description=\"\" data-large_image_width=\"1600\" data-large_image_height=\"982\"href='https:\/\/www.radiopiu.net\/wordpress\/wp-content\/uploads\/2023\/02\/team-sanitario-veneto-2.jpeg'><img loading=\"lazy\" decoding=\"async\" width=\"150\" height=\"150\" src=\"https:\/\/www.radiopiu.net\/wordpress\/wp-content\/uploads\/2023\/02\/team-sanitario-veneto-2-150x150.jpeg\" class=\"attachment-thumbnail size-thumbnail\" alt=\"\" \/><\/a>\n\t\t\t\t<\/dt><\/dl><dl class='gallery-item'>\n\t\t\t\t<dt class='gallery-icon portrait'>\n\t\t\t\t\t<a class=\"rollover rollover-zoom dt-pswp-item\" title=\"team sanitario veneto 3\" data-dt-img-description=\"\" data-large_image_width=\"900\" data-large_image_height=\"1600\"href='https:\/\/www.radiopiu.net\/wordpress\/wp-content\/uploads\/2023\/02\/team-sanitario-veneto-3.jpeg'><img loading=\"lazy\" decoding=\"async\" width=\"150\" height=\"150\" src=\"https:\/\/www.radiopiu.net\/wordpress\/wp-content\/uploads\/2023\/02\/team-sanitario-veneto-3-150x150.jpeg\" class=\"attachment-thumbnail size-thumbnail\" alt=\"\" \/><\/a>\n\t\t\t\t<\/dt><\/dl><dl class='gallery-item'>\n\t\t\t\t<dt class='gallery-icon landscape'>\n\t\t\t\t\t<a class=\"rollover rollover-zoom dt-pswp-item\" title=\"team sanitario veneto 4\" data-dt-img-description=\"\" data-large_image_width=\"1600\" data-large_image_height=\"900\"href='https:\/\/www.radiopiu.net\/wordpress\/wp-content\/uploads\/2023\/02\/team-sanitario-veneto-4.jpeg'><img loading=\"lazy\" decoding=\"async\" width=\"150\" height=\"150\" src=\"https:\/\/www.radiopiu.net\/wordpress\/wp-content\/uploads\/2023\/02\/team-sanitario-veneto-4-150x150.jpeg\" class=\"attachment-thumbnail size-thumbnail\" alt=\"\" \/><\/a>\n\t\t\t\t<\/dt><\/dl><dl class='gallery-item'>\n\t\t\t\t<dt class='gallery-icon landscape'>\n\t\t\t\t\t<a class=\"rollover rollover-zoom dt-pswp-item\" title=\"team sanitario veneto 5\" data-dt-img-description=\"\" data-large_image_width=\"1600\" data-large_image_height=\"900\"href='https:\/\/www.radiopiu.net\/wordpress\/wp-content\/uploads\/2023\/02\/team-sanitario-veneto-5.jpeg'><img loading=\"lazy\" decoding=\"async\" width=\"150\" height=\"150\" src=\"https:\/\/www.radiopiu.net\/wordpress\/wp-content\/uploads\/2023\/02\/team-sanitario-veneto-5-150x150.jpeg\" class=\"attachment-thumbnail size-thumbnail\" alt=\"\" \/><\/a>\n\t\t\t\t<\/dt><\/dl><dl class='gallery-item'>\n\t\t\t\t<dt class='gallery-icon landscape'>\n\t\t\t\t\t<a class=\"rollover rollover-zoom dt-pswp-item\" title=\"team sanitario veneto 6\" data-dt-img-description=\"\" data-large_image_width=\"1600\" data-large_image_height=\"1300\"href='https:\/\/www.radiopiu.net\/wordpress\/wp-content\/uploads\/2023\/02\/team-sanitario-veneto-6.jpeg'><img loading=\"lazy\" decoding=\"async\" width=\"150\" height=\"150\" src=\"https:\/\/www.radiopiu.net\/wordpress\/wp-content\/uploads\/2023\/02\/team-sanitario-veneto-6-150x150.jpeg\" class=\"attachment-thumbnail size-thumbnail\" alt=\"\" \/><\/a>\n\t\t\t\t<\/dt><\/dl><br style=\"clear: both\" \/>\n\t\t\t<\/div>\n\n<p>&nbsp;<\/p>\n<hr \/>\n<p>&nbsp;<\/p>\n<blockquote>\n<h3>PISCINE: APPROVATA LA MOZIONE PRESENTATA DAL PD PER SALVARLE DALLA CHIUSURA<\/h3>\n<\/blockquote>\n<p><strong><a class=\"dt-pswp-item\" href=\"https:\/\/www.radiopiu.net\/wordpress\/wp-content\/uploads\/2021\/11\/piscina-2.jpg\" data-dt-img-description=\"\" data-large_image_width=\"960\" data-large_image_height=\"539\"><img loading=\"lazy\" decoding=\"async\" class=\" wp-image-245598 alignleft\" src=\"https:\/\/www.radiopiu.net\/wordpress\/wp-content\/uploads\/2021\/11\/piscina-2-300x168.jpg\" alt=\"\" width=\"186\" height=\"104\" srcset=\"https:\/\/www.radiopiu.net\/wordpress\/wp-content\/uploads\/2021\/11\/piscina-2-300x168.jpg 300w, https:\/\/www.radiopiu.net\/wordpress\/wp-content\/uploads\/2021\/11\/piscina-2-768x431.jpg 768w, https:\/\/www.radiopiu.net\/wordpress\/wp-content\/uploads\/2021\/11\/piscina-2.jpg 960w\" sizes=\"auto, (max-width: 186px) 100vw, 186px\" \/><\/a>VENEZIA <\/strong>&#8220;Gli impianti natatori, per loro natura fortemente energivori, di fronte ai rincari delle bollette sono destinati alla chiusura se non si interverr\u00e0 con sostegni concreti. Ora, con l\u2019approvazione unanime della mozione che avevo presentato a novembre, la Regione \u00e8 chiamata ad intervenire per sollecitare innanzitutto il Governo ad adottare con urgenza tutte le misure necessarie\u201d. A dirlo il consigliere regionale del PD Veneto, Andrea Zanoni, primo firmatario della mozione che ieri ha ricevuto il via libera dell\u2019aula, sottoscritta dai colleghi dell&#8217;opposizione, Giacomo Possamai, Bigon, Camani, Montanariello, Zottis, Baldin, Guarda, Lorenzoni e Ostanel. &#8220;Queste strutture &#8211; evidenzia &#8211; sono preziose perch\u00e9 consentono la pratica di uno sport i cui benefici psico-fisici sono incontestabili. Al tempo stesso sono impianti di grande importanza per il recupero delle capacit\u00e0 fisiche e dell&#8217;attivit\u00e0 motoria, permettendo alle persone con disabilit\u00e0 di raggiungere il miglior livello di autonomia possibile. Le piscine sono inoltre centri di aggregazione sociale e di svago da preservare\u201d.<\/p>\n<p>&nbsp;<\/p>\n<p>&nbsp;<\/p>\n<hr \/>\n<p>&nbsp;<\/p>\n<blockquote>\n<h3>TUTTO PRONTO PER IL CARNEVALE A FELTRE<\/h3>\n<\/blockquote>\n<p><strong><a class=\"dt-pswp-item\" href=\"https:\/\/www.radiopiu.net\/wordpress\/wp-content\/uploads\/2023\/02\/f1d04649-7c8f-440d-9eb6-802d7d557761.jpg\" data-dt-img-description=\"\" data-large_image_width=\"1600\" data-large_image_height=\"1200\"><img loading=\"lazy\" decoding=\"async\" class=\" wp-image-321101 alignleft\" src=\"https:\/\/www.radiopiu.net\/wordpress\/wp-content\/uploads\/2023\/02\/f1d04649-7c8f-440d-9eb6-802d7d557761-300x225.jpg\" alt=\"\" width=\"168\" height=\"126\" srcset=\"https:\/\/www.radiopiu.net\/wordpress\/wp-content\/uploads\/2023\/02\/f1d04649-7c8f-440d-9eb6-802d7d557761-300x225.jpg 300w, https:\/\/www.radiopiu.net\/wordpress\/wp-content\/uploads\/2023\/02\/f1d04649-7c8f-440d-9eb6-802d7d557761-1024x768.jpg 1024w, https:\/\/www.radiopiu.net\/wordpress\/wp-content\/uploads\/2023\/02\/f1d04649-7c8f-440d-9eb6-802d7d557761-768x576.jpg 768w, https:\/\/www.radiopiu.net\/wordpress\/wp-content\/uploads\/2023\/02\/f1d04649-7c8f-440d-9eb6-802d7d557761-1536x1152.jpg 1536w, https:\/\/www.radiopiu.net\/wordpress\/wp-content\/uploads\/2023\/02\/f1d04649-7c8f-440d-9eb6-802d7d557761.jpg 1600w\" sizes=\"auto, (max-width: 168px) 100vw, 168px\" \/><\/a>FELTRE<\/strong> Sar\u00e0 un carnevale festoso, ma anche con tante iniziative culturali, quello che si appresta a vivere la citt\u00e0 di Feltre. Il via alle manifestazioni gi\u00e0 venerd\u00ec.<\/p>\n<p><strong>di Daniele Dalvit<\/strong><\/p>\n<audio class=\"wp-audio-shortcode\" id=\"audio-321074-4\" preload=\"none\" style=\"width: 100%;\" controls=\"controls\"><source type=\"audio\/mpeg\" src=\"https:\/\/www.radiopiu.net\/wordpress\/wp-content\/uploads\/2023\/02\/DALVIT-CARNEVALE-FELTRE.mp3?_=4\" \/><a href=\"https:\/\/www.radiopiu.net\/wordpress\/wp-content\/uploads\/2023\/02\/DALVIT-CARNEVALE-FELTRE.mp3\">https:\/\/www.radiopiu.net\/wordpress\/wp-content\/uploads\/2023\/02\/DALVIT-CARNEVALE-FELTRE.mp3<\/a><\/audio>\n<p>&nbsp;<\/p>\n<hr \/>\n<p>&nbsp;<\/p>\n<blockquote>\n<h3>MARTEDI&#8217; IL SAFER INTERNET DAY 2023<\/h3>\n<\/blockquote>\n<p><strong><a class=\"dt-pswp-item\" href=\"https:\/\/www.radiopiu.net\/wordpress\/wp-content\/uploads\/2020\/05\/FIBRA.jpg\" data-dt-img-description=\"\" data-large_image_width=\"1920\" data-large_image_height=\"1080\"><img loading=\"lazy\" decoding=\"async\" class=\" wp-image-135540 alignleft\" src=\"https:\/\/www.radiopiu.net\/wordpress\/wp-content\/uploads\/2020\/05\/FIBRA-300x169.jpg\" alt=\"\" width=\"162\" height=\"91\" srcset=\"https:\/\/www.radiopiu.net\/wordpress\/wp-content\/uploads\/2020\/05\/FIBRA-300x169.jpg 300w, https:\/\/www.radiopiu.net\/wordpress\/wp-content\/uploads\/2020\/05\/FIBRA-1024x576.jpg 1024w, https:\/\/www.radiopiu.net\/wordpress\/wp-content\/uploads\/2020\/05\/FIBRA-768x432.jpg 768w, https:\/\/www.radiopiu.net\/wordpress\/wp-content\/uploads\/2020\/05\/FIBRA-1536x864.jpg 1536w, https:\/\/www.radiopiu.net\/wordpress\/wp-content\/uploads\/2020\/05\/FIBRA.jpg 1920w\" sizes=\"auto, (max-width: 162px) 100vw, 162px\" \/><\/a>ROMA<\/strong> Dopo la straordinaria partecipazione alle edizioni 2021 e 2022 torna #cuoriconnessi, l\u2019evento di Polizia di Stato e Unieuro per l\u2019utilizzo responsabile della rete e delle tecnologie digitali da parte dei ragazzi. Polizia di Stato e Unieuro saranno in diretta streaming marted\u00ec 7 febbraio a partire dalle ore 10.00 per #cuoriconnessi, un grande evento digitale realizzato in occasione del Safer Internet Day, giornata mondiale per la sicurezza in rete. Per il terzo anno consecutivo parteciperanno alla diretta streaming sulla piattaforma dedicata all\u2019evento pi\u00f9 di 4000 scuole secondarie di primo e secondo grado di tutta Italia e oltre 200.000 studenti. L\u2019evento verr\u00e0 trasmesso inoltre sul sito e sul canale YouTube di #cuoriconnessi e della Polizia di Stato.<\/p>\n<p>&nbsp;<\/p>\n<p>&nbsp;<\/p>\n<hr \/>\n<p>&nbsp;<\/p>\n<blockquote>\n<h3>A CANALE D&#8217;AGORDO LA 16 COMUNI 2023<\/h3>\n<\/blockquote>\n<p><strong><a class=\"dt-pswp-item\" href=\"https:\/\/www.radiopiu.net\/wordpress\/wp-content\/uploads\/2019\/09\/PARTENZA-16-COMUNI.jpeg\" data-dt-img-description=\"\" data-large_image_width=\"1600\" data-large_image_height=\"1200\"><img loading=\"lazy\" decoding=\"async\" class=\" wp-image-99509 alignleft\" src=\"https:\/\/www.radiopiu.net\/wordpress\/wp-content\/uploads\/2019\/09\/PARTENZA-16-COMUNI-300x225.jpeg\" alt=\"\" width=\"187\" height=\"140\" srcset=\"https:\/\/www.radiopiu.net\/wordpress\/wp-content\/uploads\/2019\/09\/PARTENZA-16-COMUNI-300x225.jpeg 300w, https:\/\/www.radiopiu.net\/wordpress\/wp-content\/uploads\/2019\/09\/PARTENZA-16-COMUNI-768x576.jpeg 768w, https:\/\/www.radiopiu.net\/wordpress\/wp-content\/uploads\/2019\/09\/PARTENZA-16-COMUNI-1024x768.jpeg 1024w, https:\/\/www.radiopiu.net\/wordpress\/wp-content\/uploads\/2019\/09\/PARTENZA-16-COMUNI.jpeg 1600w\" sizes=\"auto, (max-width: 187px) 100vw, 187px\" \/><\/a>CANALE D&#8217;AGORDO<\/strong><\/p>\n<p>di Gianni Santomaso<\/p>\n<audio class=\"wp-audio-shortcode\" id=\"audio-321074-5\" preload=\"none\" style=\"width: 100%;\" controls=\"controls\"><source type=\"audio\/mpeg\" src=\"https:\/\/www.radiopiu.net\/wordpress\/wp-content\/uploads\/2023\/02\/GIANNI-A-CANALE-DAGORDO-LA-16-COMUNI-2023.mp3?_=5\" \/><a href=\"https:\/\/www.radiopiu.net\/wordpress\/wp-content\/uploads\/2023\/02\/GIANNI-A-CANALE-DAGORDO-LA-16-COMUNI-2023.mp3\">https:\/\/www.radiopiu.net\/wordpress\/wp-content\/uploads\/2023\/02\/GIANNI-A-CANALE-DAGORDO-LA-16-COMUNI-2023.mp3<\/a><\/audio>\n<p>&nbsp;<\/p>\n<hr \/>\n<p>&nbsp;<\/p>\n<blockquote>\n<h3>CISL LA VOCE PER I LAVORATORI &#8211; 08 FEBBRAIO 2023 &#8211;<\/h3>\n<\/blockquote>\n<p>08 febbraio 2023<\/p>\n<p><strong><a class=\"dt-pswp-item\" href=\"https:\/\/www.radiopiu.net\/wordpress\/wp-content\/uploads\/2022\/01\/322214999_147267294820525_7615653602787203428_n.jpg\" data-dt-img-description=\"\" data-large_image_width=\"474\" data-large_image_height=\"475\"><img loading=\"lazy\" decoding=\"async\" class=\"wp-image-321062 alignleft\" src=\"https:\/\/www.radiopiu.net\/wordpress\/wp-content\/uploads\/2022\/01\/322214999_147267294820525_7615653602787203428_n-300x300.jpg\" alt=\"\" width=\"139\" height=\"139\" srcset=\"https:\/\/www.radiopiu.net\/wordpress\/wp-content\/uploads\/2022\/01\/322214999_147267294820525_7615653602787203428_n-300x300.jpg 300w, https:\/\/www.radiopiu.net\/wordpress\/wp-content\/uploads\/2022\/01\/322214999_147267294820525_7615653602787203428_n-150x150.jpg 150w, https:\/\/www.radiopiu.net\/wordpress\/wp-content\/uploads\/2022\/01\/322214999_147267294820525_7615653602787203428_n.jpg 474w\" sizes=\"auto, (max-width: 139px) 100vw, 139px\" \/><\/a>PUNTATA 09\u00a0 MARIANGELA DA ROLD, FEMCA CISL-LOGISTICA LUXOTTICA SEDICO<\/strong><\/p>\n<audio class=\"wp-audio-shortcode\" id=\"audio-321074-6\" preload=\"none\" style=\"width: 100%;\" controls=\"controls\"><source type=\"audio\/mpeg\" src=\"https:\/\/www.radiopiu.net\/wordpress\/wp-content\/uploads\/2023\/02\/FEMCA-CISL.mp3?_=6\" \/><a href=\"https:\/\/www.radiopiu.net\/wordpress\/wp-content\/uploads\/2023\/02\/FEMCA-CISL.mp3\">https:\/\/www.radiopiu.net\/wordpress\/wp-content\/uploads\/2023\/02\/FEMCA-CISL.mp3<\/a><\/audio>\n<p>&nbsp;<\/p>\n<hr \/>\n<p>&nbsp;<\/p>\n<p>&nbsp;<\/p>\n<blockquote>\n<h3><a class=\"dt-pswp-item\" href=\"https:\/\/www.radiopiu.net\/wordpress\/wp-content\/uploads\/2023\/02\/8895045f-5f56-4d63-b310-db730878957a-300x138-1.jpg\" data-dt-img-description=\"\" data-large_image_width=\"300\" data-large_image_height=\"138\"><img loading=\"lazy\" decoding=\"async\" class=\" wp-image-321081 alignleft\" src=\"https:\/\/www.radiopiu.net\/wordpress\/wp-content\/uploads\/2023\/02\/8895045f-5f56-4d63-b310-db730878957a-300x138-1.jpg\" alt=\"\" width=\"261\" height=\"120\" \/><\/a>LA LEGA SUL BILANCIO DEL COMUNE DI BELLUNO<\/h3>\n<\/blockquote>\n<p><strong>BELLUNO<\/strong><\/p>\n<p><i>Marzio Sovilla commenta i<\/i>l bilancio approvato dall\u2019emiciclo di Palazzo Rosso luned\u00ec 30 gennaio. <i>Un bilancio da 27 milioni di euro, una coperta corta ma secondo Sovilla l\u2019amministrazione \u00e8 riuscita a coprire le spese essenziali e a dare una sua linea politica, chiara e lungimirante, all\u2019attivit\u00e0 dei prossimi mesi<\/i>.<\/p>\n<audio class=\"wp-audio-shortcode\" id=\"audio-321074-7\" preload=\"none\" style=\"width: 100%;\" controls=\"controls\"><source type=\"audio\/mpeg\" src=\"https:\/\/www.radiopiu.net\/wordpress\/wp-content\/uploads\/2023\/02\/sovilla-lega.mp3?_=7\" \/><a href=\"https:\/\/www.radiopiu.net\/wordpress\/wp-content\/uploads\/2023\/02\/sovilla-lega.mp3\">https:\/\/www.radiopiu.net\/wordpress\/wp-content\/uploads\/2023\/02\/sovilla-lega.mp3<\/a><\/audio>\n<p>&nbsp;<\/p>\n<p>&nbsp;<\/p>\n<hr \/>\n<h3><\/h3>\n<blockquote>\n<h3>ENI FRA GLI SPONSOR DI MILANO CORTINA 2026<\/h3>\n<\/blockquote>\n<p><strong><a class=\"dt-pswp-item\" href=\"https:\/\/www.radiopiu.net\/wordpress\/wp-content\/uploads\/2023\/02\/ab26dc20-8d8c-40f1-8d23-fb4b90a212d7.jpg\" data-dt-img-description=\"\" data-large_image_width=\"1600\" data-large_image_height=\"1161\"><img loading=\"lazy\" decoding=\"async\" class=\" wp-image-321126 alignleft\" src=\"https:\/\/www.radiopiu.net\/wordpress\/wp-content\/uploads\/2023\/02\/ab26dc20-8d8c-40f1-8d23-fb4b90a212d7-300x218.jpg\" alt=\"\" width=\"184\" height=\"134\" srcset=\"https:\/\/www.radiopiu.net\/wordpress\/wp-content\/uploads\/2023\/02\/ab26dc20-8d8c-40f1-8d23-fb4b90a212d7-300x218.jpg 300w, https:\/\/www.radiopiu.net\/wordpress\/wp-content\/uploads\/2023\/02\/ab26dc20-8d8c-40f1-8d23-fb4b90a212d7-1024x743.jpg 1024w, https:\/\/www.radiopiu.net\/wordpress\/wp-content\/uploads\/2023\/02\/ab26dc20-8d8c-40f1-8d23-fb4b90a212d7-768x557.jpg 768w, https:\/\/www.radiopiu.net\/wordpress\/wp-content\/uploads\/2023\/02\/ab26dc20-8d8c-40f1-8d23-fb4b90a212d7-1536x1115.jpg 1536w, https:\/\/www.radiopiu.net\/wordpress\/wp-content\/uploads\/2023\/02\/ab26dc20-8d8c-40f1-8d23-fb4b90a212d7.jpg 1600w\" sizes=\"auto, (max-width: 184px) 100vw, 184px\" \/><\/a>CORTINA<\/strong><\/p>\n<p>di Roberto Bona<\/p>\n<audio class=\"wp-audio-shortcode\" id=\"audio-321074-8\" preload=\"none\" style=\"width: 100%;\" controls=\"controls\"><source type=\"audio\/mpeg\" src=\"https:\/\/www.radiopiu.net\/wordpress\/wp-content\/uploads\/2023\/02\/BONA-ENI-MILANO-CORTINA.mp3?_=8\" \/><a href=\"https:\/\/www.radiopiu.net\/wordpress\/wp-content\/uploads\/2023\/02\/BONA-ENI-MILANO-CORTINA.mp3\">https:\/\/www.radiopiu.net\/wordpress\/wp-content\/uploads\/2023\/02\/BONA-ENI-MILANO-CORTINA.mp3<\/a><\/audio>\n<p>&nbsp;<\/p>\n<p>&nbsp;<\/p>\n<hr \/>\n<p>&nbsp;<\/p>\n<blockquote>\n<blockquote>\n<h3>PIERO FASSINO INCONTRA LE ASSOCIAZIONI DI CATEGORIA DEL BELLUNESE<\/h3>\n<\/blockquote>\n<p><strong>BELLUNO\u00a0 <\/strong>Domani, Ezio Paganin,\u00a0 il Presidente dell\u2019Assemblea provinciale del Partito Democratico, d\u2019intesa con la Segretaria, Monica Lotto, ha organizzato un primo incontro tra il deputato Piero Fassino e le Associazioni di Categoria provinciali. L\u2019iniziativa si inquadra\u00a0 nel progetto di collaborazione che il PD di Belluno intende avere con il mondo del lavoro provinciale e regionale e con le parti sociali con l\u2019obiettivo di cogliere i loro bisogni e istanze\u00a0 da sostenere a livello parlamentare<\/p><\/blockquote>\n<p>&nbsp;<\/p>\n<hr \/>\n<p>&nbsp;<\/p>\n<blockquote>\n<h3>ASSEMBLEA GENERALE BIM<\/h3>\n<\/blockquote>\n<p><strong>BELLUNO<\/strong> Venerd\u00ec 17 febbraio alle 14 in <span id=\"page3R_mcid23\" class=\"markedContent\"><span dir=\"ltr\" role=\"presentation\">\u201cSala Convegni della A.N.A. Sezione di Belluno\u201d <\/span><\/span><span id=\"page3R_mcid24\" class=\"markedContent\"><span dir=\"ltr\" role=\"presentation\">in Via Attilio Tissi assemblea generale del Consorzio Bim Piave Belluno. All&#8217;ordine del giorno il bilancio da approvare.<\/span><\/span><\/p>\n<p>&nbsp;<\/p>\n<hr \/>\n<p>&nbsp;<\/p>\n<blockquote>\n<h3>UN CORSO PER DIVENTARE VOLONTARIO DELL&#8217;ASSOCIAZIONE CUCCHINI<\/h3>\n<\/blockquote>\n<p><strong><a class=\"dt-pswp-item\" href=\"https:\/\/www.radiopiu.net\/wordpress\/wp-content\/uploads\/2023\/02\/immagine-corso.jpg\" data-dt-img-description=\"\" data-large_image_width=\"1024\" data-large_image_height=\"1024\"><img loading=\"lazy\" decoding=\"async\" class=\" wp-image-320259 alignleft\" src=\"https:\/\/www.radiopiu.net\/wordpress\/wp-content\/uploads\/2023\/02\/immagine-corso-300x300.jpg\" alt=\"\" width=\"121\" height=\"121\" srcset=\"https:\/\/www.radiopiu.net\/wordpress\/wp-content\/uploads\/2023\/02\/immagine-corso-300x300.jpg 300w, https:\/\/www.radiopiu.net\/wordpress\/wp-content\/uploads\/2023\/02\/immagine-corso-150x150.jpg 150w, https:\/\/www.radiopiu.net\/wordpress\/wp-content\/uploads\/2023\/02\/immagine-corso-768x768.jpg 768w, https:\/\/www.radiopiu.net\/wordpress\/wp-content\/uploads\/2023\/02\/immagine-corso.jpg 1024w\" sizes=\"auto, (max-width: 121px) 100vw, 121px\" \/><\/a>BELLUNO<\/strong> Aiutare le persone ammalate e i loro famigliari non \u00e8 un compito in cui ci si pu\u00f2 improvvisare dall\u2019oggi al domani. Per questo l\u2019associazione Cucchini &#8211; da oltre trent\u2019anni attiva nel campo del sollievo e dell\u2019aiuto degli ammalati &#8211; organizza un corso di formazione per volontari. Si tratta della quindicesima edizione di un percorso storico per l\u2019associazione, che intende fornire competenze e consapevolezza, un bagaglio fondamentale per chi intende diventare volontario nell\u2019aiuto alle persone ammalate. Nove incontri con esperti e medici dal 7 marzo al 4 aprile. Per informazioni e iscrizioni: associazione Cucchini odv (viale Europa Belluno &#8211; accanto hospice Casa Tua Due, ospedale San Martino). Telefono: 0437 516 666. Mail: <a class=\"moz-txt-link-abbreviated moz-txt-link-freetext\" href=\"mailto:segreteria@associazionecucchini.it\">segreteria@associazionecucchini.it\u00a0<\/a><\/p>\n<p>&nbsp;<\/p>\n<p>&nbsp;<\/p>\n<hr \/>\n<p>&nbsp;<\/p>\n<blockquote>\n<h3>IL RITORNO DEL LUPO, PROSEGUONO GLI INCONTRI<\/h3>\n<\/blockquote>\n<p><strong>LAMON<\/strong><span style=\"font-family: Tahoma, Verdana;\">&#8220;Il ritorno del lupo: conoscere di pi\u00f9 per convivere meglio&#8221;: \u00e8 il titolo della serata pubblica organizzata dal Comune di Lamon e dal Parco Nazionale Dolomiti Bellunesi. L&#8217;appuntamento \u00e8 per mercoled\u00ec 22 febbraio, alle ore 20:30, presso la sala teatro del centro AMO di Lamon. Relazioni di\u00a0 <\/span><span style=\"font-family: Tahoma, Verdana;\">Enrico Vettorazzo, tecnico del Parco Nazionale Dolomiti Bellunesi, e del fotografo naturalista Ivan Mazzon\u00a0<\/span><\/p>\n<p>&nbsp;<\/p>\n<hr \/>\n<p>&nbsp;<\/p>\n<blockquote>\n<h3>IL GRAN BALLO DI SAN VALENTINO, SABATO 11 AL NOF FILO&#8217; DI CENCENIGHE<\/h3>\n<\/blockquote>\n<blockquote><p><em>La serata danzante \u00e8 aperta a tutti con ingresso a 10 \u20ac e sar\u00e0 allietata dalla musica dell\u2019orchestra Alfio e Rino live show. Durante la serata si potranno degustare i tradizionali carfogn e la novit\u00e0 del gelato artigianale alla vaniglia e papavero preparato dai nostri maestri gelatai, simbolo dell\u2019emigrazione agordina che ha esportato all\u2019estero i saperi e l\u2019imprenditorialit\u00e0 bellunese, portando alto il nome delle gelaterie agordine in Germania.<\/em><\/p><\/blockquote>\n<p>&nbsp;<\/p>\n<hr \/>\n<p>&nbsp;<\/p>\n<p>&nbsp;<\/p>\n<h3>GIORGIA RACCONTA LA RINASCITA, L&#8217;APPUNTAMENTO CON GENITORI SEMPRE<\/h3>\n<p><em>&#8220;NO ALL&#8217;USO DI DROGHE, SI AL DIVERTIMENTO SICURO&#8221;, a conclusione di un percorso tra le scuole della vallata: VENERDI 17 FEBBRAIO ALLE 20.30 IN SALA DON TAMIS AD AGORDO, L&#8217;INCONTRO PER GENITORI E LA COMUNITA&#8217;, PRESENTATO DA GIANPAOLO SORATROI, CON GIORGIA BENUSIGLIO, SCRITTRICE E TESTIMONIAL ANTI DROGA: &#8220;ESPERIENZA E RISCATTO&#8221;. <\/em><em>CON ALFIO DE SANDRE, MEDICO, TOSSICOLOGO E PSICOTERAPEUTA -Dipartimento delle dipendenze &#8211; AULS 1 DOLOMITI. <\/em><em>UN INVITO DI &#8220;GENITORI SEMPRE&#8221;, ASSOCIAZIONE DI PROMOZIONE SOCIALE, CON IL PATROCINIO DEI COMUNI DI AGORDO, CENCENIGHE E DELL&#8217;UNIONE MONTANA AGORDINA<\/em><\/p>\n<p>&nbsp;<\/p>\n<p>&nbsp;<\/p>\n<p>&nbsp;<\/p>\n<hr \/>\n<p>&nbsp;<\/p>\n<blockquote>\n<h3><a class=\"dt-pswp-item\" href=\"https:\/\/www.radiopiu.net\/wordpress\/wp-content\/uploads\/2022\/11\/scuola-zaino.jpeg\" data-dt-img-description=\"\" data-large_image_width=\"626\" data-large_image_height=\"417\"><img loading=\"lazy\" decoding=\"async\" class=\"wp-image-306830 alignleft\" src=\"https:\/\/www.radiopiu.net\/wordpress\/wp-content\/uploads\/2022\/11\/scuola-zaino-300x200.jpeg\" alt=\"\" width=\"159\" height=\"106\" srcset=\"https:\/\/www.radiopiu.net\/wordpress\/wp-content\/uploads\/2022\/11\/scuola-zaino-300x200.jpeg 300w, https:\/\/www.radiopiu.net\/wordpress\/wp-content\/uploads\/2022\/11\/scuola-zaino.jpeg 626w\" sizes=\"auto, (max-width: 159px) 100vw, 159px\" \/><\/a>IERI ALLA RADIO, SE NON LA SMETTI TI MANDO DAL PRESIDE, 15^ PUNTATA CON LA PROF. MARIA ROSA SALMAZO<\/h3>\n<\/blockquote>\n<p><strong>AUDIO<\/strong><\/p>\n<audio class=\"wp-audio-shortcode\" id=\"audio-321074-9\" preload=\"none\" style=\"width: 100%;\" controls=\"controls\"><source type=\"audio\/mpeg\" src=\"https:\/\/www.radiopiu.net\/wordpress\/wp-content\/uploads\/2023\/02\/SE-NON-LA-SMETTI-15.mp3?_=9\" \/><a href=\"https:\/\/www.radiopiu.net\/wordpress\/wp-content\/uploads\/2023\/02\/SE-NON-LA-SMETTI-15.mp3\">https:\/\/www.radiopiu.net\/wordpress\/wp-content\/uploads\/2023\/02\/SE-NON-LA-SMETTI-15.mp3<\/a><\/audio>\n<p>&nbsp;<\/p>\n<p>&nbsp;<\/p>\n<hr \/>\n<p>&nbsp;<\/p>\n<blockquote>\n<h3><a class=\"dt-pswp-item\" href=\"https:\/\/www.radiopiu.net\/wordpress\/wp-content\/uploads\/2023\/02\/th-7.jpg\" data-dt-img-description=\"\" data-large_image_width=\"474\" data-large_image_height=\"646\"><img loading=\"lazy\" decoding=\"async\" class=\"wp-image-321159 alignleft\" src=\"https:\/\/www.radiopiu.net\/wordpress\/wp-content\/uploads\/2023\/02\/th-7-220x300.jpg\" alt=\"\" width=\"146\" height=\"199\" srcset=\"https:\/\/www.radiopiu.net\/wordpress\/wp-content\/uploads\/2023\/02\/th-7-220x300.jpg 220w, https:\/\/www.radiopiu.net\/wordpress\/wp-content\/uploads\/2023\/02\/th-7.jpg 474w\" sizes=\"auto, (max-width: 146px) 100vw, 146px\" \/><\/a>IL RITORNO IN PROVINCIA DI CLAUDIO BAGLIONI<\/h3>\n<\/blockquote>\n<p><strong>BELLUNO<\/strong> Era il 1985 quando Claudio Baglioni cant\u00f2 per migliaia di persone a Sedico. Il 10 marzo ritorna in provincia, in confronto per &#8220;pochi intimi&#8221; al Teatro Comunale di Belluno con le sue centinaia di posti a sedere, i biglietti (platea 100 euro) sono gi\u00e0 in vendita. Quella del cantautore romano sar\u00e0 una delle tappe conclusive del &#8220;Dodici note solo bis&#8221;, una maratona di 155 concerti in 400 giorni nei maggiori teatri lirici e di tradizione d&#8217;Italia.<\/p>\n<hr \/>\n<p>&nbsp;<\/p>\n<p>&nbsp;<\/p>\n<p>&nbsp;<\/p>\n<blockquote>\n<h3><a class=\"dt-pswp-item\" href=\"https:\/\/www.radiopiu.net\/wordpress\/wp-content\/uploads\/2023\/02\/c688b549-bd78-417a-82fc-9b5b7ddfe6eb.jpg\" data-dt-img-description=\"\" data-large_image_width=\"1131\" data-large_image_height=\"1600\"><img loading=\"lazy\" decoding=\"async\" class=\"size-medium wp-image-320109 alignleft\" src=\"https:\/\/www.radiopiu.net\/wordpress\/wp-content\/uploads\/2023\/02\/c688b549-bd78-417a-82fc-9b5b7ddfe6eb-212x300.jpg\" alt=\"\" width=\"212\" height=\"300\" srcset=\"https:\/\/www.radiopiu.net\/wordpress\/wp-content\/uploads\/2023\/02\/c688b549-bd78-417a-82fc-9b5b7ddfe6eb-212x300.jpg 212w, https:\/\/www.radiopiu.net\/wordpress\/wp-content\/uploads\/2023\/02\/c688b549-bd78-417a-82fc-9b5b7ddfe6eb-724x1024.jpg 724w, https:\/\/www.radiopiu.net\/wordpress\/wp-content\/uploads\/2023\/02\/c688b549-bd78-417a-82fc-9b5b7ddfe6eb-768x1086.jpg 768w, https:\/\/www.radiopiu.net\/wordpress\/wp-content\/uploads\/2023\/02\/c688b549-bd78-417a-82fc-9b5b7ddfe6eb-1086x1536.jpg 1086w, https:\/\/www.radiopiu.net\/wordpress\/wp-content\/uploads\/2023\/02\/c688b549-bd78-417a-82fc-9b5b7ddfe6eb.jpg 1131w\" sizes=\"auto, (max-width: 212px) 100vw, 212px\" \/><\/a>E DOMENICA 12&#8230; A COLMEAN LA GARA DI RIDOLE A COPPIE<\/h3>\n<\/blockquote>\n<p>12 FEBBRAIO, ORE 14&#8230; .3-2-1.. SPINGI&#8230; VOLA&#8230;DAI&#8230;. ARRIVA: VINCI LA TUA SFIDA E&#8230; ABBRACCIATI! GARA DI RID\u00f2LE A COPPIE SULLA PISTA DI SLITTINO DI COLMEAN. UNA GIORNATA DI SPORT, DI FESTA E TRADIZIONI, CON IL GRUPPO CRODAIOLI DELL&#8217;AUTA DI FEDER. PUNTO BASE PER LE ISCRIZIONI IL BAR COLMEAN, FINO ALLE 12.30 DI DOMENICA 12 FEBBRAIO E PRESSO IL TRAGUARDO FINO A 15 MINUTI PRIMA DELLA PARTENZA. ALLE 16 LE PREMIAZIONI. INFORMAZIONI ALLO 0437 592078<\/p>\n<p>&nbsp;<\/p>\n<p>&nbsp;<\/p>\n<p>&nbsp;<\/p>\n<p>&nbsp;<\/p>\n<p>&nbsp;<\/p>\n<p>&nbsp;<\/p>\n<hr \/>\n<p>&nbsp;<\/p>\n<p>&nbsp;<\/p>\n<blockquote>\n<h2><span style=\"color: #ff0000;\">ON&#8212;&#8211;OFF<\/span><\/h2>\n<\/blockquote>\n<p><a class=\"dt-pswp-item\" href=\"https:\/\/www.radiopiu.net\/wordpress\/wp-content\/uploads\/2023\/01\/ZANETTI.png\" data-dt-img-description=\"\" data-large_image_width=\"744\" data-large_image_height=\"631\"><img loading=\"lazy\" decoding=\"async\" class=\"size-medium wp-image-319233 alignleft\" src=\"https:\/\/www.radiopiu.net\/wordpress\/wp-content\/uploads\/2023\/01\/ZANETTI-300x254.png\" alt=\"\" width=\"300\" height=\"254\" srcset=\"https:\/\/www.radiopiu.net\/wordpress\/wp-content\/uploads\/2023\/01\/ZANETTI-300x254.png 300w, https:\/\/www.radiopiu.net\/wordpress\/wp-content\/uploads\/2023\/01\/ZANETTI.png 744w\" sizes=\"auto, (max-width: 300px) 100vw, 300px\" \/><\/a>off?&#8230;. on!!!!! Accendi la tua notte! Con gli studenti del liceo scientifico SPORTIVO, al PALAFALCADE&#8230; VENERDI 10 E SABATO 11, APERITIVI, TORNEO DI BRISCOLA, CALCIO BALILLA. venerdi 10 il ballo liscio con Cristian Group, sabato 11 serata con DJ BISSO E DALLA MEZZANOTTE happy hour. Se fai tardi? Puoi fare tardi&#8230; c&#8217;e&#8217; il servizio navetta con Massimo. Vantaggioso il biglietto in prevendita&#8230; a soli 7 euro. info 340 4865363 ACCENDI LA TUA NOTTE, A FALCADE, CON GLI STUDENTI DELLO SCIENTIFICO SPORTIVO DI AGORDO&#8230;.NO LIMITS IN COLLABORAZIONE CON Impresa edile eredi Dorigo Vincenzo , ad Agordo. Zumbrillenbar, ristorante e pizza unica, a mezzogiorno e sera, in localit\u00e0 Valcozzena. E.. impresa edile marco menegolla<\/p>\n<p><strong>ALLA RADIO<\/strong><\/p>\n<audio class=\"wp-audio-shortcode\" id=\"audio-321074-10\" preload=\"none\" style=\"width: 100%;\" controls=\"controls\"><source type=\"audio\/mpeg\" src=\"https:\/\/www.radiopiu.net\/wordpress\/wp-content\/uploads\/2023\/01\/LICEOAGORDO_BA_3101.mp3?_=10\" \/><a href=\"https:\/\/www.radiopiu.net\/wordpress\/wp-content\/uploads\/2023\/01\/LICEOAGORDO_BA_3101.mp3\">https:\/\/www.radiopiu.net\/wordpress\/wp-content\/uploads\/2023\/01\/LICEOAGORDO_BA_3101.mp3<\/a><\/audio>\n<p>&nbsp;<\/p>\n<p>&nbsp;<\/p>\n<hr \/>\n<p>&nbsp;<\/p>\n<p>&nbsp;<\/p>\n<p>&nbsp;<\/p>\n<blockquote>\n<h3>IL CARNEVALE DI SEDICO AUDIO<\/h3>\n<\/blockquote>\n\n\t\t\t<style type='text\/css'>\n\t\t\t\t#gallery-5 {\n\t\t\t\t\tmargin: auto;\n\t\t\t\t}\n\t\t\t\t#gallery-5 .gallery-item {\n\t\t\t\t\tfloat: left;\n\t\t\t\t\tmargin-top: 10px;\n\t\t\t\t\ttext-align: center;\n\t\t\t\t\twidth: 25%;\n\t\t\t\t}\n\t\t\t\t#gallery-5 img {\n\t\t\t\t\tborder: 2px solid #cfcfcf;\n\t\t\t\t}\n\t\t\t\t#gallery-5 .gallery-caption {\n\t\t\t\t\tmargin-left: 0;\n\t\t\t\t}\n\t\t\t\t\/* see gallery_shortcode() in wp-includes\/media.php *\/\n\t\t\t<\/style>\n\t\t<div id='gallery-5' class='dt-gallery-container gallery galleryid-321074 gallery-columns-4 gallery-size-thumbnail'><dl class='gallery-item'>\n\t\t\t\t<dt class='gallery-icon landscape'>\n\t\t\t\t\t<a class=\"rollover rollover-zoom dt-pswp-item\" title=\"lsc1-1024x1013\" data-dt-img-description=\"\" data-large_image_width=\"1024\" data-large_image_height=\"1013\"href='https:\/\/www.radiopiu.net\/wordpress\/wp-content\/uploads\/2023\/02\/lsc1-1024x1013-1.jpg'><img loading=\"lazy\" decoding=\"async\" width=\"150\" height=\"150\" src=\"https:\/\/www.radiopiu.net\/wordpress\/wp-content\/uploads\/2023\/02\/lsc1-1024x1013-1-150x150.jpg\" class=\"attachment-thumbnail size-thumbnail\" alt=\"\" srcset=\"https:\/\/www.radiopiu.net\/wordpress\/wp-content\/uploads\/2023\/02\/lsc1-1024x1013-1-150x150.jpg 150w, https:\/\/www.radiopiu.net\/wordpress\/wp-content\/uploads\/2023\/02\/lsc1-1024x1013-1-300x297.jpg 300w\" sizes=\"auto, (max-width: 150px) 100vw, 150px\" \/><\/a>\n\t\t\t\t<\/dt><\/dl><dl class='gallery-item'>\n\t\t\t\t<dt class='gallery-icon landscape'>\n\t\t\t\t\t<a class=\"rollover rollover-zoom dt-pswp-item\" title=\"321145035_23852495964190037_3565507165864669981_n\" data-dt-img-description=\"\" data-large_image_width=\"960\" data-large_image_height=\"960\"href='https:\/\/www.radiopiu.net\/wordpress\/wp-content\/uploads\/2023\/02\/321145035_23852495964190037_3565507165864669981_n.jpg'><img loading=\"lazy\" decoding=\"async\" width=\"150\" height=\"150\" src=\"https:\/\/www.radiopiu.net\/wordpress\/wp-content\/uploads\/2023\/02\/321145035_23852495964190037_3565507165864669981_n-150x150.jpg\" class=\"attachment-thumbnail size-thumbnail\" alt=\"\" srcset=\"https:\/\/www.radiopiu.net\/wordpress\/wp-content\/uploads\/2023\/02\/321145035_23852495964190037_3565507165864669981_n-150x150.jpg 150w, https:\/\/www.radiopiu.net\/wordpress\/wp-content\/uploads\/2023\/02\/321145035_23852495964190037_3565507165864669981_n-300x300.jpg 300w, https:\/\/www.radiopiu.net\/wordpress\/wp-content\/uploads\/2023\/02\/321145035_23852495964190037_3565507165864669981_n-768x768.jpg 768w, https:\/\/www.radiopiu.net\/wordpress\/wp-content\/uploads\/2023\/02\/321145035_23852495964190037_3565507165864669981_n.jpg 960w\" sizes=\"auto, (max-width: 150px) 100vw, 150px\" \/><\/a>\n\t\t\t\t<\/dt><\/dl><dl class='gallery-item'>\n\t\t\t\t<dt class='gallery-icon landscape'>\n\t\t\t\t\t<a class=\"rollover rollover-zoom dt-pswp-item\" title=\"316029020_23852495963820037_1614347729215627725_n\" data-dt-img-description=\"\" data-large_image_width=\"960\" data-large_image_height=\"960\"href='https:\/\/www.radiopiu.net\/wordpress\/wp-content\/uploads\/2023\/02\/316029020_23852495963820037_1614347729215627725_n.jpg'><img loading=\"lazy\" decoding=\"async\" width=\"150\" height=\"150\" src=\"https:\/\/www.radiopiu.net\/wordpress\/wp-content\/uploads\/2023\/02\/316029020_23852495963820037_1614347729215627725_n-150x150.jpg\" class=\"attachment-thumbnail size-thumbnail\" alt=\"\" srcset=\"https:\/\/www.radiopiu.net\/wordpress\/wp-content\/uploads\/2023\/02\/316029020_23852495963820037_1614347729215627725_n-150x150.jpg 150w, https:\/\/www.radiopiu.net\/wordpress\/wp-content\/uploads\/2023\/02\/316029020_23852495963820037_1614347729215627725_n-300x300.jpg 300w, https:\/\/www.radiopiu.net\/wordpress\/wp-content\/uploads\/2023\/02\/316029020_23852495963820037_1614347729215627725_n-768x768.jpg 768w, https:\/\/www.radiopiu.net\/wordpress\/wp-content\/uploads\/2023\/02\/316029020_23852495963820037_1614347729215627725_n.jpg 960w\" sizes=\"auto, (max-width: 150px) 100vw, 150px\" \/><\/a>\n\t\t\t\t<\/dt><\/dl><dl class='gallery-item'>\n\t\t\t\t<dt class='gallery-icon landscape'>\n\t\t\t\t\t<a class=\"rollover rollover-zoom dt-pswp-item\" title=\"326751864_23852495963540037_8046812644008803059_n\" data-dt-img-description=\"\" data-large_image_width=\"960\" data-large_image_height=\"960\"href='https:\/\/www.radiopiu.net\/wordpress\/wp-content\/uploads\/2023\/02\/326751864_23852495963540037_8046812644008803059_n.jpg'><img loading=\"lazy\" decoding=\"async\" width=\"150\" height=\"150\" src=\"https:\/\/www.radiopiu.net\/wordpress\/wp-content\/uploads\/2023\/02\/326751864_23852495963540037_8046812644008803059_n-150x150.jpg\" class=\"attachment-thumbnail size-thumbnail\" alt=\"\" srcset=\"https:\/\/www.radiopiu.net\/wordpress\/wp-content\/uploads\/2023\/02\/326751864_23852495963540037_8046812644008803059_n-150x150.jpg 150w, https:\/\/www.radiopiu.net\/wordpress\/wp-content\/uploads\/2023\/02\/326751864_23852495963540037_8046812644008803059_n-300x300.jpg 300w, https:\/\/www.radiopiu.net\/wordpress\/wp-content\/uploads\/2023\/02\/326751864_23852495963540037_8046812644008803059_n-768x768.jpg 768w, https:\/\/www.radiopiu.net\/wordpress\/wp-content\/uploads\/2023\/02\/326751864_23852495963540037_8046812644008803059_n.jpg 960w\" sizes=\"auto, (max-width: 150px) 100vw, 150px\" \/><\/a>\n\t\t\t\t<\/dt><\/dl><br style=\"clear: both\" \/>\n\t\t\t<\/div>\n\n<audio class=\"wp-audio-shortcode\" id=\"audio-321074-11\" preload=\"none\" style=\"width: 100%;\" controls=\"controls\"><source type=\"audio\/mpeg\" src=\"https:\/\/www.radiopiu.net\/wordpress\/wp-content\/uploads\/2023\/02\/CARNEVALE-DI-SEDICO-05-feb-30s-coda-DE-MIN.mp3?_=11\" \/><a href=\"https:\/\/www.radiopiu.net\/wordpress\/wp-content\/uploads\/2023\/02\/CARNEVALE-DI-SEDICO-05-feb-30s-coda-DE-MIN.mp3\">https:\/\/www.radiopiu.net\/wordpress\/wp-content\/uploads\/2023\/02\/CARNEVALE-DI-SEDICO-05-feb-30s-coda-DE-MIN.mp3<\/a><\/audio>\n<h3><\/h3>\n<h3><\/h3>\n<blockquote>\n<h3>IL CARNEVALE CASTIONESE AUDIO<\/h3>\n<\/blockquote>\n<p><a class=\"dt-pswp-item\" href=\"https:\/\/www.radiopiu.net\/wordpress\/wp-content\/uploads\/2023\/02\/Senza-nome-16.jpg\" data-dt-img-description=\"\" data-large_image_width=\"662\" data-large_image_height=\"307\"><img loading=\"lazy\" decoding=\"async\" class=\" wp-image-320744 alignleft\" src=\"https:\/\/www.radiopiu.net\/wordpress\/wp-content\/uploads\/2023\/02\/Senza-nome-16-300x139.jpg\" alt=\"\" width=\"270\" height=\"125\" srcset=\"https:\/\/www.radiopiu.net\/wordpress\/wp-content\/uploads\/2023\/02\/Senza-nome-16-300x139.jpg 300w, https:\/\/www.radiopiu.net\/wordpress\/wp-content\/uploads\/2023\/02\/Senza-nome-16.jpg 662w\" sizes=\"auto, (max-width: 270px) 100vw, 270px\" \/><\/a>MASCHERE&#8230;MASCHERINE&#8230;CORIANDOLI E STELLE FILANTI&#8230;IL CARNEVALE<br \/>\nCASTIONESE PORTA&#8230;LA GIOIA!<br \/>\nTRE APPPUNTAMENTI CON LA PROLOCO E ASSOCIAZIONI LOCALI, PATROCINIO DELLA<br \/>\nPROVINCIA<br \/>\nsabato 18 febbraio alle 20.45 al teatro San Gaetano &#8220;Carnevale a Teatro&#8221;<br \/>\ndomenica 19 febbraio alle 11.30 sfilano le mascherine, dalle 14 in pian<br \/>\ndelle feste i carri mascherati<br \/>\nLunedi 20 febbraio alle 20.30 nella palestra delle scuole medie il gran<br \/>\nfinale con la tombola di carnevale.<br \/>\ninfo 345 8238880<\/p>\n<audio class=\"wp-audio-shortcode\" id=\"audio-321074-12\" preload=\"none\" style=\"width: 100%;\" controls=\"controls\"><source type=\"audio\/mpeg\" src=\"https:\/\/www.radiopiu.net\/wordpress\/wp-content\/uploads\/2023\/02\/carnevale-castionese-c.mp3?_=12\" \/><a href=\"https:\/\/www.radiopiu.net\/wordpress\/wp-content\/uploads\/2023\/02\/carnevale-castionese-c.mp3\">https:\/\/www.radiopiu.net\/wordpress\/wp-content\/uploads\/2023\/02\/carnevale-castionese-c.mp3<\/a><\/audio>\n<p>&nbsp;<\/p>\n<p>&nbsp;<\/p>\n<hr \/>\n<p>&nbsp;<\/p>\n<blockquote>\n<h3>LA ZINGHENESTA A CANALE D&#8217;AGORDO<\/h3>\n<\/blockquote>\n<p><strong>CANALE D&#8217;AGORDO<\/strong> Domenica 19 febbraio torna La Zinghenesta a Canale D&#8217;Agordo, il carnevale della Valle del Biois. L&#8217;evento inizier\u00e0 con la consueta sfilata del corteo mascherato in partenza da Falcade per poi arrivare verso le 12.00 a Canale d&#8217;Agordo. Alle 15.00 inizio della sfilata per le vie del paese, arrivo in piazza e premiazione della maschera pi\u00f9 bella; Alle 16.30 processo al Carnevale. Sculture in legno, divertimento e dolci per grandi e piccini accompagneranno questa edizione<\/p>\n<p>&nbsp;<\/p>\n<p>&nbsp;<\/p>\n<p>&nbsp;<\/p>\n<hr \/>\n<p><a class=\"dt-pswp-item\" href=\"https:\/\/www.radiopiu.net\/wordpress\/wp-content\/uploads\/2023\/02\/hello-kitty.jpg\" data-dt-img-description=\"\" data-large_image_width=\"1658\" data-large_image_height=\"2048\"><img loading=\"lazy\" decoding=\"async\" class=\"size-medium wp-image-321078 alignleft\" src=\"https:\/\/www.radiopiu.net\/wordpress\/wp-content\/uploads\/2023\/02\/hello-kitty-243x300.jpg\" alt=\"\" width=\"243\" height=\"300\" srcset=\"https:\/\/www.radiopiu.net\/wordpress\/wp-content\/uploads\/2023\/02\/hello-kitty-243x300.jpg 243w, https:\/\/www.radiopiu.net\/wordpress\/wp-content\/uploads\/2023\/02\/hello-kitty-829x1024.jpg 829w, https:\/\/www.radiopiu.net\/wordpress\/wp-content\/uploads\/2023\/02\/hello-kitty-768x949.jpg 768w, https:\/\/www.radiopiu.net\/wordpress\/wp-content\/uploads\/2023\/02\/hello-kitty-1244x1536.jpg 1244w, https:\/\/www.radiopiu.net\/wordpress\/wp-content\/uploads\/2023\/02\/hello-kitty.jpg 1658w\" sizes=\"auto, (max-width: 243px) 100vw, 243px\" \/><\/a><\/p>\n<blockquote>\n<h3>DOMENICA DI CARNEVALE\u00a0 A SOSPIROLO<\/h3>\n<\/blockquote>\n<p><strong>SOSPIROLO<\/strong>\u00a0 Con la\u00a0Pro Loco Monti del Sole domenica alle 9.30 tradizionale passeggiata in maschera, da Piazza Lexy\u00a0 per Susin, Maras, San Zenon, Paderno con la sosta per la pasta offerta dal GS Paderno ai partecipanti e, dopo le 13.30, la sfilata e la premiazione dei gruppi e delle maschere pi\u00f9 originali Gran finale a Campaz e Oregne verso le 15:45. Il tema di quest\u2019anno \u00e8 \u201cL&#8217;\u00d2m Selv\u00e0rech\u201d Premi per la maschera pi\u00f9 originale, mascherina pi\u00f9 originale, gruppo pi\u00f9 originale. Sabato 18 febbraio alle 15 al Centro civico Carnevale dei Bambini con spettacolo del Coro Arcobaleno di Limana diretto da Donatella Triches e sfilata delle mascherine.<\/p>\n<p>&nbsp;<\/p>\n<p>&nbsp;<\/p>\n<p>&nbsp;<\/p>\n<p>&nbsp;<\/p>\n<p>&nbsp;<\/p>\n<p>&nbsp;<\/p>\n<p>&nbsp;<\/p>\n<hr \/>\n<p>&nbsp;<\/p>\n<blockquote>\n<h3>IL VERTICAL WINTER TOUR FA TAPPA AD ALLEGHE<\/h3>\n<\/blockquote>\n<p><strong>ALLEGHE<\/strong> Quarta tappa per il Vertical Winter Tour ad Alleghe sabato e domenica. Sport, Music and Fun \u00e8 anche nel 2022-2023 il filo conduttore dell\u2019evento, un format in grado di intrattenere un pubblico molto vasto, dai ragazzi agli adulti, con un bellissimo villaggio sulla neve di 900 mq ad ingresso totalmente libero e gratuito (orario 9-16:30) e tantissime attivit\u00e0 da svolgere dalla mattina al pomeriggio inoltrato. Il media partner sar\u00e0 ancora una volta Radio Deejay, che in ogni tappa porter\u00e0 i propri Talent sul palco del Villaggio e che ad Andalo vedr\u00e0 la partecipazione dei Vitiello, sabato dalle 15.<\/p>\n<p>&nbsp;<\/p>\n<p>&nbsp;<\/p>\n<hr \/>\n<p>&nbsp;<\/p>\n<blockquote class=\"wp-embedded-content\" data-secret=\"12u9w5uwu7\"><p><a href=\"https:\/\/www.radiopiu.net\/wordpress\/le-radio-bellunesi\/\">AL FESTIVAL DI SANREMO LO SPETTACOLO DOLOMITICO&#8230;SULLE RADIO DELLA PROVINCIA<\/a><\/p><\/blockquote>\n<p><iframe loading=\"lazy\" class=\"wp-embedded-content\" sandbox=\"allow-scripts\" security=\"restricted\" style=\"position: absolute; clip: rect(1px, 1px, 1px, 1px);\" title=\"&#8220;AL FESTIVAL DI SANREMO LO SPETTACOLO DOLOMITICO&#8230;SULLE RADIO DELLA PROVINCIA&#8221; &#8212; Radio Pi\u00f9\" src=\"https:\/\/www.radiopiu.net\/wordpress\/le-radio-bellunesi\/embed\/#?secret=1RZ59W2ejo#?secret=12u9w5uwu7\" data-secret=\"12u9w5uwu7\" width=\"600\" height=\"338\" frameborder=\"0\" marginwidth=\"0\" marginheight=\"0\" scrolling=\"no\"><\/iframe><\/p>\n<p>&nbsp;<\/p>\n<p>&nbsp;<\/p>\n<hr \/>\n<p>&nbsp;<\/p>\n<blockquote>\n<h3><strong><a class=\"dt-pswp-item\" href=\"https:\/\/www.radiopiu.net\/wordpress\/wp-content\/uploads\/2023\/02\/Senza-nome-6.jpg\" data-dt-img-description=\"\" data-large_image_width=\"242\" data-large_image_height=\"189\"><img loading=\"lazy\" decoding=\"async\" class=\"wp-image-320153 alignleft\" src=\"https:\/\/www.radiopiu.net\/wordpress\/wp-content\/uploads\/2023\/02\/Senza-nome-6.jpg\" alt=\"\" width=\"168\" height=\"131\" \/><\/a><\/strong>CARNEVALE CON LA PROLOCO DI SAN TOMASO<\/h3>\n<\/blockquote>\n<p><strong>SAN TOMASO<\/strong> Carnevale con la proloco di San Tomaso, tre gli appuntamenti: 12 febbraio festa di carnevale, passeggiata in maschera da Celat e Colzares\u00e8; 16 febbraio lettura animate in biblioteca a Celat alle 17 (in maschera), 19 febbraio I racconti di Paolo Soppelsa alle 17 in sala a Celat.<\/p>\n<p>&nbsp;<\/p>\n<p>&nbsp;<\/p>\n<hr \/>\n<p>&nbsp;<\/p>\n<blockquote>\n<h3>EL CARNEVAL DEI BOCE A TAIBON<\/h3>\n<\/blockquote>\n<p><strong>TAIBON<\/strong> Pro Loco e Comune di Taibon organizzano El Carneval Dei Boce domenica 19 febbraio. Ritrovo in piazza alle 14, sfilata alla casa di riposo e festa all&#8217;ex municipio dalle 16.<\/p>\n<p>&nbsp;<\/p>\n<hr \/>\n<p>&nbsp;<\/p>\n<blockquote>\n<h3>LA CIASPOLATA IN ROSA<\/h3>\n<\/blockquote>\n<p><strong>VAL DI ZOLDO<\/strong> Sabato 18 febbraio a Palafavera di Val di Zoldo parte la \u201cCiaspolata in Rosa\u201d. Aperta a tutti e non competitiva, la Ciaspolata si snoda su un percorso di 4-5 km nella suggestiva cornice di Palafavera dominata dai Monti Pelmo e Civetta. Iscrizioni online su \u201csportolomiti.it\u201d, presso gli uffici comunali di Forno e Fusine di Val di Zoldo e presso l\u2019ufficio turistico di Pecol.<\/p>\n<p>&nbsp;<\/p>\n<p>&nbsp;<\/p>\n<hr \/>\n<p>&nbsp;<\/p>\n<p>&nbsp;<\/p>\n<div>\n<div class=\"b654a4as d2edcug0\">\n<div class=\"rq0escxv hkbzh7o3 jwdofwj8 n8tt0mok r8blr3vg hyh9befq\">\n<p><a class=\"dt-pswp-item\" href=\"https:\/\/www.radiopiu.net\/wordpress\/wp-content\/uploads\/2020\/10\/pp.jpg\" data-dt-img-description=\"\" data-large_image_width=\"640\" data-large_image_height=\"640\"><img loading=\"lazy\" decoding=\"async\" class=\"wp-image-163678 alignleft\" src=\"https:\/\/www.radiopiu.net\/wordpress\/wp-content\/uploads\/2020\/10\/pp-300x300.jpg\" alt=\"\" width=\"106\" height=\"106\" srcset=\"https:\/\/www.radiopiu.net\/wordpress\/wp-content\/uploads\/2020\/10\/pp-300x300.jpg 300w, https:\/\/www.radiopiu.net\/wordpress\/wp-content\/uploads\/2020\/10\/pp-150x150.jpg 150w, https:\/\/www.radiopiu.net\/wordpress\/wp-content\/uploads\/2020\/10\/pp-125x125.jpg 125w, https:\/\/www.radiopiu.net\/wordpress\/wp-content\/uploads\/2020\/10\/pp-200x200.jpg 200w, https:\/\/www.radiopiu.net\/wordpress\/wp-content\/uploads\/2020\/10\/pp-80x80.jpg 80w, https:\/\/www.radiopiu.net\/wordpress\/wp-content\/uploads\/2020\/10\/pp-480x480.jpg 480w, https:\/\/www.radiopiu.net\/wordpress\/wp-content\/uploads\/2020\/10\/pp.jpg 640w\" sizes=\"auto, (max-width: 106px) 100vw, 106px\" \/><\/a><\/p>\n<\/div>\n<\/div>\n<\/div>\n<div>\n<div class=\"page-title-head hgroup\">\n<div class=\"page-title-head hgroup\">\n<div class=\"b654a4as d2edcug0\">\n<div class=\"j83agx80 btwxx1t3 lhclo0ds hop8lmos nkwizq5d scwd0bx6 roh60bw9\">\n<div class=\"rq0escxv hkbzh7o3 jwdofwj8 n8tt0mok r8blr3vg hyh9befq\">\n<div class=\"do00u71z l9j0dhe7 k4urcfbm\" style=\"text-align: left;\">\n<h2><span style=\"color: #000080;\">DON CESARE, IL PENSIERO DEL GIORNO. ALLA RADIO ALLE 7 DEL MATTINO E ALLE 19.30 DELLA SERA\u00a0<\/span><\/h2>\n<\/div>\n<\/div>\n<\/div>\n<\/div>\n<\/div>\n<\/div>\n<\/div>\n<audio class=\"wp-audio-shortcode\" id=\"audio-321074-13\" preload=\"none\" style=\"width: 100%;\" controls=\"controls\"><source type=\"audio\/mpeg\" src=\"https:\/\/www.radiopiu.net\/wordpress\/wp-content\/uploads\/2023\/02\/CESARE-8.mp3?_=13\" \/><a href=\"https:\/\/www.radiopiu.net\/wordpress\/wp-content\/uploads\/2023\/02\/CESARE-8.mp3\">https:\/\/www.radiopiu.net\/wordpress\/wp-content\/uploads\/2023\/02\/CESARE-8.mp3<\/a><\/audio>\n<p>&nbsp;<\/p>\n<hr \/>\n<p>&nbsp;<\/p>\n<h2><span style=\"color: #ff00ff;\">IN VIVO VERSO\u00a0<\/span><\/h2>\n<blockquote>\n<h2>LACRIME D&#8217;INVERNO di ANTONIETTA CREPAZ<\/h2>\n<\/blockquote>\n<p><strong>AUDIO<\/strong><\/p>\n<audio class=\"wp-audio-shortcode\" id=\"audio-321074-14\" preload=\"none\" style=\"width: 100%;\" controls=\"controls\"><source type=\"audio\/mpeg\" src=\"https:\/\/www.radiopiu.net\/wordpress\/wp-content\/uploads\/2023\/02\/3-ANTONIETTA-CREPAZ-LACRIME-D-INVERNO.mp3?_=14\" \/><a href=\"https:\/\/www.radiopiu.net\/wordpress\/wp-content\/uploads\/2023\/02\/3-ANTONIETTA-CREPAZ-LACRIME-D-INVERNO.mp3\">https:\/\/www.radiopiu.net\/wordpress\/wp-content\/uploads\/2023\/02\/3-ANTONIETTA-CREPAZ-LACRIME-D-INVERNO.mp3<\/a><\/audio>\n<p>&nbsp;<\/p>\n<p><img loading=\"lazy\" decoding=\"async\" class=\"alignleft\" src=\"https:\/\/www.radiopiu.net\/wordpress\/wp-content\/uploads\/2023\/02\/3-CREPAZ.jpg\" width=\"223\" height=\"149\" \/>Crepaz Antonietta<br \/>\nLACRIME D&#8217;INVERNO.<\/p>\n<p>Oggi piange l&#8217;inverno<br \/>\ntra muri dolenti<br \/>\nl\u00e0 dove il vento<br \/>\nnon riesce a spazzare<br \/>\nil sentore di fumo<br \/>\ndi dolore e di morte.<\/p>\n<p>Dove all&#8217;uomo<br \/>\nsono stati sottratti<br \/>\ni ricordi, i sogni<br \/>\ne la forza di pregare<br \/>\nquel Dio<br \/>\nche un giorno salv\u00f2<br \/>\nNo\u00e8 dal diluvio<br \/>\ne guid\u00f2 Mos\u00e8<br \/>\nverso la Terra Promessa.<\/p>\n<p>Si raccapriccia l&#8217;inverno<br \/>\nal cospetto di cuori<br \/>\npi\u00f9 duri di pietre<br \/>\ncon menti annebbiate<br \/>\ndall&#8217;odio e ferocia.<\/p>\n<p>Pietoso ora dona<br \/>\nun&#8217;ultima neve<br \/>\nper lenire<br \/>\nsofferenza e orrore.<\/p>\n<p>&nbsp;<\/p>\n<p>&nbsp;<\/p>\n<div dir=\"auto\">\n<div dir=\"auto\">\n<div dir=\"auto\">\n<p><strong>LA RACCOLTA COMPLETA<\/strong><\/p>\n<blockquote class=\"wp-embedded-content\" data-secret=\"QhRTPn68rp\"><p><a href=\"https:\/\/www.radiopiu.net\/wordpress\/in-vivo-verso\/\">In Vivo Verso<\/a><\/p><\/blockquote>\n<p><iframe loading=\"lazy\" class=\"wp-embedded-content\" sandbox=\"allow-scripts\" security=\"restricted\" style=\"position: absolute; clip: rect(1px, 1px, 1px, 1px);\" title=\"&#8220;In Vivo Verso&#8221; &#8212; Radio Pi\u00f9\" src=\"https:\/\/www.radiopiu.net\/wordpress\/in-vivo-verso\/embed\/#?secret=zTjDGfn80C#?secret=QhRTPn68rp\" data-secret=\"QhRTPn68rp\" width=\"600\" height=\"338\" frameborder=\"0\" marginwidth=\"0\" marginheight=\"0\" scrolling=\"no\"><\/iframe><\/p>\n<\/div>\n<\/div>\n<\/div>\n<hr \/>\n<p>&nbsp;<\/p>\n<h1><span style=\"color: #ff00ff;\">GOCCE DI FILOSOFIA<\/span><\/h1>\n<blockquote>\n<h3>GOCCE DI FILOSOFIA \u2013 PUNTATA 243 \u2013 LISA DE LUCA, TERZA STAGIONE<\/h3>\n<\/blockquote>\n<p>AUDIO<\/p>\n<audio class=\"wp-audio-shortcode\" id=\"audio-321074-15\" preload=\"none\" style=\"width: 100%;\" controls=\"controls\"><source type=\"audio\/mpeg\" src=\"https:\/\/www.radiopiu.net\/wordpress\/wp-content\/uploads\/2023\/02\/FI3.mp3?_=15\" \/><a href=\"https:\/\/www.radiopiu.net\/wordpress\/wp-content\/uploads\/2023\/02\/FI3.mp3\">https:\/\/www.radiopiu.net\/wordpress\/wp-content\/uploads\/2023\/02\/FI3.mp3<\/a><\/audio>\n<p>&nbsp;<\/p>\n<p>LA RACCOLTA COMPLETA<\/p>\n<blockquote class=\"wp-embedded-content\" data-secret=\"QwZiac9E2X\"><p><a href=\"https:\/\/www.radiopiu.net\/wordpress\/gocce-filosofia\/\">Gocce di filosofia,  LA TERZA STAGIONE&#8230; 2023<\/a><\/p><\/blockquote>\n<p><iframe loading=\"lazy\" class=\"wp-embedded-content\" sandbox=\"allow-scripts\" security=\"restricted\" style=\"position: absolute; clip: rect(1px, 1px, 1px, 1px);\" title=\"&#8220;Gocce di filosofia,  LA TERZA STAGIONE&#8230; 2023&#8221; &#8212; Radio Pi\u00f9\" src=\"https:\/\/www.radiopiu.net\/wordpress\/gocce-filosofia\/embed\/#?secret=lCbIUmu15h#?secret=QwZiac9E2X\" data-secret=\"QwZiac9E2X\" width=\"600\" height=\"338\" frameborder=\"0\" marginwidth=\"0\" marginheight=\"0\" scrolling=\"no\"><\/iframe><\/p>\n<p>&nbsp;<\/p>\n<p>&nbsp;<\/p>\n<hr \/>\n<p>&nbsp;<\/p>\n<p>&nbsp;<\/p>\n<div class=\"column\">\n<p><img loading=\"lazy\" decoding=\"async\" class=\"aligncenter wp-image-61954 size-full\" src=\"https:\/\/www.radiopiu.net\/wordpress\/wp-content\/uploads\/2018\/09\/viabilita.jpeg\" sizes=\"auto, (max-width: 800px) 100vw, 800px\" srcset=\"https:\/\/www.radiopiu.net\/wordpress\/wp-content\/uploads\/2018\/09\/viabilita.jpeg 800w, https:\/\/www.radiopiu.net\/wordpress\/wp-content\/uploads\/2018\/09\/viabilita-300x38.jpeg 300w, https:\/\/www.radiopiu.net\/wordpress\/wp-content\/uploads\/2018\/09\/viabilita-768x96.jpeg 768w\" alt=\"\" width=\"800\" height=\"100\" \/><\/p>\n<p>&nbsp;<\/p>\n<p>&nbsp;<\/p>\n<p><strong>AGGIORNAMENTO VENETO STRADE, AGGIORNAMENTO CONTINUO H 24<\/strong><\/p>\n<p>&nbsp;<\/p>\n<blockquote class=\"wp-embedded-content\" data-secret=\"ZFAPzvxxsm\"><p><a href=\"https:\/\/www.radiopiu.net\/wordpress\/viabilita\/\">viabilita<\/a><\/p><\/blockquote>\n<p><iframe loading=\"lazy\" class=\"wp-embedded-content\" sandbox=\"allow-scripts\" security=\"restricted\" style=\"position: absolute; clip: rect(1px, 1px, 1px, 1px);\" title=\"&#8220;viabilita&#8221; &#8212; Radio Pi\u00f9\" src=\"https:\/\/www.radiopiu.net\/wordpress\/viabilita\/embed\/#?secret=Er0B6wjmTw#?secret=ZFAPzvxxsm\" data-secret=\"ZFAPzvxxsm\" width=\"600\" height=\"338\" frameborder=\"0\" marginwidth=\"0\" marginheight=\"0\" scrolling=\"no\"><\/iframe><\/p>\n<p>&nbsp;<\/p>\n<div><\/div>\n<p>&nbsp;<\/p>\n<hr \/>\n<p>&nbsp;<\/p>\n<p><a class=\"dt-pswp-item\" href=\"https:\/\/www.radiopiu.net\/wordpress\/wp-content\/uploads\/2018\/09\/WhatsApp-Image-2018-09-20-at-16.04.06.jpeg\" data-dt-img-description=\"\" data-large_image_width=\"800\" data-large_image_height=\"100\"><img loading=\"lazy\" decoding=\"async\" class=\"wp-image-61378 size-full aligncenter\" src=\"https:\/\/www.radiopiu.net\/wordpress\/wp-content\/uploads\/2018\/09\/WhatsApp-Image-2018-09-20-at-16.04.06.jpeg\" alt=\"\" width=\"800\" height=\"100\" srcset=\"https:\/\/www.radiopiu.net\/wordpress\/wp-content\/uploads\/2018\/09\/WhatsApp-Image-2018-09-20-at-16.04.06.jpeg 800w, https:\/\/www.radiopiu.net\/wordpress\/wp-content\/uploads\/2018\/09\/WhatsApp-Image-2018-09-20-at-16.04.06-300x38.jpeg 300w, https:\/\/www.radiopiu.net\/wordpress\/wp-content\/uploads\/2018\/09\/WhatsApp-Image-2018-09-20-at-16.04.06-768x96.jpeg 768w\" sizes=\"auto, (max-width: 800px) 100vw, 800px\" \/><\/a><\/p>\n<p>&nbsp;<\/p>\n<p><center><\/center><b>OGGI: <\/b>Tempo stabile con sole, cielo sereno, aria tersa e ottima visibilit\u00e0. Il freddo sar\u00e0 intenso all&#8217;alba, anche nei fondovalle prealpini, ma sopratutto nelle valli innevate, mentre in giornata l&#8217;avvezione di aria fredda si allenter\u00e0, in maniera pi\u00f9 avvertita in alta quota. <b>Precipitazioni<\/b>. <b>Temperature: <\/b>Minime in diminuzione nelle valli e pressoch\u00e9 stazionarie in alta quota, eccetto lieve rialzo sulle cime pi\u00f9 alte (oltre i 2600 m).<\/p>\n<p>&nbsp;<\/p>\n<hr \/>\n<p><center><\/center><b>DOMANI <\/b>Tempo stabile e meno freddo, con sole, cielo sereno, aria tersa e ottima visibilit\u00e0 su tutta la montagna veneta. Nel corso del pomeriggio giungeranno sottili nubi alte in grado di velare il cielo a partire dalle Dolomiti, successivamente anche sulle Prealpi. Il freddo dei giorni precedenti rimarr\u00e0 solo un ricordo, anche se ci sar\u00e0 un ristagno iniziale (minime all&#8217;alba) nei fondovalle prealpini, con inversione termica. <b>Precipitazioni: <\/b>Assenti\u00a0 <b>Temperature: <\/b>In generale aumento<\/p>\n<p>&nbsp;<\/p>\n<hr \/>\n<p><center><\/center><strong>SABATO<\/strong> Tempo buono e perlopi\u00f9 soleggiato, nonostante il transito di nubi alte e medio-alte di sottovento, a tratti anche estese al mattino, ma senza grande rilevanza, specie al pomeriggio quando il cielo torner\u00e0 a essere quasi del tutto sereno. Temperature in ulteriore generale aumento.<\/p>\n<hr \/>\n<p><center><\/center><strong>DOMENICA<\/strong> Tempo ben soleggiato con cielo perlopi\u00f9 sereno, salvo effimeri nubi alte al primo mattino, in rapido dissolvimento. Temperature in ulteriore generale aumento.<\/p>\n<p>&nbsp;<\/p>\n<div>\n<hr \/>\n<\/div>\n<p>&nbsp;<\/p>\n<p>&nbsp;<\/p>\n<p><a class=\"dt-pswp-item\" href=\"https:\/\/www.radiopiu.net\/wordpress\/wp-content\/uploads\/2018\/09\/sport.jpg\" data-dt-img-description=\"\" data-large_image_width=\"800\" data-large_image_height=\"100\"><img loading=\"lazy\" decoding=\"async\" class=\"aligncenter wp-image-60761 size-full\" src=\"https:\/\/www.radiopiu.net\/wordpress\/wp-content\/uploads\/2018\/09\/sport.jpg\" alt=\"\" width=\"800\" height=\"100\" srcset=\"https:\/\/www.radiopiu.net\/wordpress\/wp-content\/uploads\/2018\/09\/sport.jpg 800w, https:\/\/www.radiopiu.net\/wordpress\/wp-content\/uploads\/2018\/09\/sport-300x38.jpg 300w, https:\/\/www.radiopiu.net\/wordpress\/wp-content\/uploads\/2018\/09\/sport-768x96.jpg 768w\" sizes=\"auto, (max-width: 800px) 100vw, 800px\" \/><\/a><\/p>\n<p>&nbsp;<\/p>\n<p><span style=\"color: #0000ff;\"><strong>PALLAVOLO<\/strong><\/span><\/p>\n<blockquote>\n<h3>UN OTTAVO POSTO IN CLASSIFICA PER IL VOLLEY CLUB AGORDINO ALLA FINE DEL GIRONE DI ANDATA DI PRIMA DIVISIONE<\/h3>\n<\/blockquote>\n<p><strong><a class=\"dt-pswp-item\" href=\"https:\/\/www.radiopiu.net\/wordpress\/wp-content\/uploads\/2022\/04\/VOLLEY-CLUB-AGORDINO.jpg\" data-dt-img-description=\"\" data-large_image_width=\"500\" data-large_image_height=\"512\"><img loading=\"lazy\" decoding=\"async\" class=\" wp-image-268787 alignleft\" src=\"https:\/\/www.radiopiu.net\/wordpress\/wp-content\/uploads\/2022\/04\/VOLLEY-CLUB-AGORDINO-293x300.jpg\" alt=\"\" width=\"133\" height=\"136\" srcset=\"https:\/\/www.radiopiu.net\/wordpress\/wp-content\/uploads\/2022\/04\/VOLLEY-CLUB-AGORDINO-293x300.jpg 293w, https:\/\/www.radiopiu.net\/wordpress\/wp-content\/uploads\/2022\/04\/VOLLEY-CLUB-AGORDINO.jpg 500w\" sizes=\"auto, (max-width: 133px) 100vw, 133px\" \/><\/a>di Marco Gaz<\/strong><\/p>\n<p><strong>REDAZIONE<\/strong> E&#8217; terminato sabato scorso il girone di andata del campionato di Prima Divisione di pallavolo. Finale di prima fase del campionato con una sconfitta per il Volley Club Agordino. Al PalaRova di Agordo le trevigiane del MonteVolley hanno avuto la meglio sulla squadra agordina. Le ragazze di De Nardin per\u00f2 hanno giocato bene tenendo in piedi la sfida e concedendo poco alle avversarie che per\u00f2 hanno avuto la meglio vincendo 3 a 1. La squadra di Livio De Nardin chiude il girone di andata con 17 punti occupando l&#8217;ottavo posto della classifica. Tutto sommato si pu\u00f2 definire un&#8217;ottima prima parte di stagione per le agordine che alla prima esperienza nella categoria maggiore hanno saputo farsi valere. Ora la testa al girone di ritorno che inizier\u00e0 sabato prossimo con un&#8217;altra partita tra le mura amiche per il Volley Club Agordino. Al PalaRova arriva il Monestier, una compagine che dista a 6 punti dalla squadra di Agordo e sulla carta le ragazze di De Nardin sembrano essere le favorite.<\/p>\n<p>&nbsp;<\/p>\n<p>&nbsp;<\/p>\n<hr \/>\n<p>&nbsp;<\/p>\n<p><span style=\"color: #0000ff;\"><strong>HOCKEY\u00a0<\/strong><\/span><\/p>\n<table width=\"100%\">\n<tbody>\n<tr>\n<td>\n<table width=\"100%\">\n<tbody>\n<tr>\n<td>\n<table width=\"100%\">\n<tbody>\n<tr>\n<td>\n<h1>Nazionale Senior, tutto pronto per il Torneo 4 Nazioni &#8220;Michele Bolognini&#8221;<\/h1>\n<\/td>\n<\/tr>\n<\/tbody>\n<\/table>\n<\/td>\n<\/tr>\n<\/tbody>\n<\/table>\n<\/td>\n<\/tr>\n<tr>\n<td>\n<table width=\"100%\">\n<tbody>\n<tr>\n<td>\n<table width=\"100%\">\n<tbody>\n<tr>\n<td>\n<h3><strong>Quindici giocatori nuovi per il Blue Team rispetto al raduno di novembre: per il coaching staff un&#8217;opportunit\u00e0 di valutazione in vista dei Mondiali di Nottingham.\u00a0<\/strong><\/h3>\n<\/td>\n<\/tr>\n<\/tbody>\n<\/table>\n<\/td>\n<\/tr>\n<\/tbody>\n<\/table>\n<table width=\"100%\">\n<tbody>\n<tr>\n<td>\n<table width=\"100%\">\n<tbody>\n<tr>\n<td>\n<h4><a class=\"dt-pswp-item\" href=\"https:\/\/www.radiopiu.net\/wordpress\/wp-content\/uploads\/2023\/02\/6de87865-1e29-aff4-c0bd-7961f39faf4a-scaled.jpg\" data-dt-img-description=\"\" data-large_image_width=\"2560\" data-large_image_height=\"1706\"><img loading=\"lazy\" decoding=\"async\" class=\"size-medium wp-image-321082 alignleft\" src=\"https:\/\/www.radiopiu.net\/wordpress\/wp-content\/uploads\/2023\/02\/6de87865-1e29-aff4-c0bd-7961f39faf4a-300x200.jpg\" alt=\"\" width=\"300\" height=\"200\" srcset=\"https:\/\/www.radiopiu.net\/wordpress\/wp-content\/uploads\/2023\/02\/6de87865-1e29-aff4-c0bd-7961f39faf4a-300x200.jpg 300w, https:\/\/www.radiopiu.net\/wordpress\/wp-content\/uploads\/2023\/02\/6de87865-1e29-aff4-c0bd-7961f39faf4a-1024x683.jpg 1024w, https:\/\/www.radiopiu.net\/wordpress\/wp-content\/uploads\/2023\/02\/6de87865-1e29-aff4-c0bd-7961f39faf4a-768x512.jpg 768w, https:\/\/www.radiopiu.net\/wordpress\/wp-content\/uploads\/2023\/02\/6de87865-1e29-aff4-c0bd-7961f39faf4a-1536x1024.jpg 1536w, https:\/\/www.radiopiu.net\/wordpress\/wp-content\/uploads\/2023\/02\/6de87865-1e29-aff4-c0bd-7961f39faf4a-2048x1365.jpg 2048w\" sizes=\"auto, (max-width: 300px) 100vw, 300px\" \/><\/a>Dopo tre giorni di allenamenti alla Sparkasse Arena (ex Palaonda) di Bolzano, la <strong>Nazionale italiana<\/strong> \u00e8 pronta ad entrare in azione. Fino a sabato\u00a0 sul ghiaccio bolzanino andr\u00e0 in scena il <strong>Torneo 4 Nazioni &#8220;Michele Bolognini&#8221;<\/strong>, che vedr\u00e0 il Blue Team incrociare le stecche con Slovenia, Ungheria e Corea del Sud. Per coach <strong>Mike Keenan<\/strong>, affiancato da Mike Pelino e dagli assistenti Diego Scandella e Fabio Armani, sar\u00e0 la seconda esperienza sul pancone azzurro, dopo il successo ottenuto all&#8217;Euro Ice Hockey Challenge di Budapest, nel mese di novembre.<\/h4>\n<h4 class=\"null\">&#8220;<em>Abbiamo 15 giocatori nuovi rispetto al torneo in Ungheria &#8211; <\/em>spiega Keenan<em> -, questo perch\u00e9 vogliamo dare a quanti pi\u00f9 ragazzi possibile l&#8217;opportunit\u00e0 di essere valutati. Il tempo a disposizione \u00e8 poco, ma stiamo lavorando molto e vediamo gi\u00e0 grandi miglioramenti: c&#8217;\u00e8 tanta fame e l&#8217;obiettivo \u00e8 quello di portare lo stesso livello visto a novembre. Il gruppo \u00e8 felice di essere qui, c&#8217;\u00e8 energia: nonostante per tutti sia un momento importante della stagione, vedo grande voglia di far parte della Nazionale, c&#8217;\u00e8 attaccamento a questa maglia e orgoglio nel portare questi colori<\/em>&#8220;. Gli Azzurri faranno il loro esordio oggi, alle\u00a0 17.30<\/h4>\n<\/td>\n<\/tr>\n<\/tbody>\n<\/table>\n<\/td>\n<\/tr>\n<\/tbody>\n<\/table>\n<\/td>\n<\/tr>\n<\/tbody>\n<\/table>\n<p>&nbsp;<\/p>\n<p>&nbsp;<\/p>\n<p>&nbsp;<\/p>\n<hr \/>\n<p>&nbsp;<\/p>\n<p><span style=\"color: #0000ff;\"><strong>SNOWBOARD PARALIMPICO<\/strong><\/span><\/p>\n<blockquote>\n<h3>PARA SNOWBOARD CROSS, A CORTINA BRILLA JACOPO LUCCHINI<\/h3>\n<\/blockquote>\n<p><strong><a class=\"dt-pswp-item\" href=\"https:\/\/www.radiopiu.net\/wordpress\/wp-content\/uploads\/2023\/02\/230208_Zenoni.jpg-11-partenza-2-scaled.jpg\" data-dt-img-description=\"\" data-large_image_width=\"2560\" data-large_image_height=\"1707\"><img loading=\"lazy\" decoding=\"async\" class=\" wp-image-321118 alignleft\" src=\"https:\/\/www.radiopiu.net\/wordpress\/wp-content\/uploads\/2023\/02\/230208_Zenoni.jpg-11-partenza-2-300x200.jpg\" alt=\"\" width=\"203\" height=\"135\" srcset=\"https:\/\/www.radiopiu.net\/wordpress\/wp-content\/uploads\/2023\/02\/230208_Zenoni.jpg-11-partenza-2-300x200.jpg 300w, https:\/\/www.radiopiu.net\/wordpress\/wp-content\/uploads\/2023\/02\/230208_Zenoni.jpg-11-partenza-2-1024x683.jpg 1024w, https:\/\/www.radiopiu.net\/wordpress\/wp-content\/uploads\/2023\/02\/230208_Zenoni.jpg-11-partenza-2-768x512.jpg 768w, https:\/\/www.radiopiu.net\/wordpress\/wp-content\/uploads\/2023\/02\/230208_Zenoni.jpg-11-partenza-2-1536x1024.jpg 1536w, https:\/\/www.radiopiu.net\/wordpress\/wp-content\/uploads\/2023\/02\/230208_Zenoni.jpg-11-partenza-2-2048x1365.jpg 2048w\" sizes=\"auto, (max-width: 203px) 100vw, 203px\" \/><\/a>CORTINA<\/strong><\/p>\n<p>di Roberto Bona<\/p>\n<p>(FOTO: Zenoni)<\/p>\n<audio class=\"wp-audio-shortcode\" id=\"audio-321074-16\" preload=\"none\" style=\"width: 100%;\" controls=\"controls\"><source type=\"audio\/mpeg\" src=\"https:\/\/www.radiopiu.net\/wordpress\/wp-content\/uploads\/2023\/02\/gr-09-sport-snowboard-paralimpico-bona.mp3?_=16\" \/><a href=\"https:\/\/www.radiopiu.net\/wordpress\/wp-content\/uploads\/2023\/02\/gr-09-sport-snowboard-paralimpico-bona.mp3\">https:\/\/www.radiopiu.net\/wordpress\/wp-content\/uploads\/2023\/02\/gr-09-sport-snowboard-paralimpico-bona.mp3<\/a><\/audio>\n<p>&nbsp;<\/p>\n<\/div>\n","protected":false},"excerpt":{"rendered":"<p>RADIO PIU INFORMAZIONE il canale su TELEGRAM informazione di prima\u00a0 mano e in tempo reale. iscriviti ed aiutaci a farlo conoscere\u00a0 \u00a0 \u00a0 SCI ALPINO MARTA BASSINO CAMPIONESSA DI SUPERGIGANTE AI MONDIALI IN FRANCIA, si \u00e8 allenato su &#8220;la Volata&#8221; REDAZIONE Grandissima Marta Bassino campionessa mondiale di Supergigante a Courchevel Meribel in Francia. Qui lo&hellip;<\/p>\n","protected":false},"author":4,"featured_media":321049,"comment_status":"closed","ping_status":"closed","sticky":false,"template":"","format":"standard","meta":{"_monsterinsights_skip_tracking":false,"_monsterinsights_sitenote_active":false,"_monsterinsights_sitenote_note":"","_monsterinsights_sitenote_category":0,"footnotes":""},"categories":[51,86,49],"tags":[],"class_list":["post-321074","post","type-post","status-publish","format-standard","has-post-thumbnail","hentry","category-evidenza-top","category-gr","category-news-18","category-51","category-86","category-49","description-off"],"img_url":"https:\/\/www.radiopiu.net\/wordpress\/wp-content\/uploads\/2023\/02\/78557552-f7f3-45df-9e5b-62c5a977db43.jpg","_links":{"self":[{"href":"https:\/\/www.radiopiu.net\/wordpress\/wp-json\/wp\/v2\/posts\/321074","targetHints":{"allow":["GET"]}}],"collection":[{"href":"https:\/\/www.radiopiu.net\/wordpress\/wp-json\/wp\/v2\/posts"}],"about":[{"href":"https:\/\/www.radiopiu.net\/wordpress\/wp-json\/wp\/v2\/types\/post"}],"author":[{"embeddable":true,"href":"https:\/\/www.radiopiu.net\/wordpress\/wp-json\/wp\/v2\/users\/4"}],"replies":[{"embeddable":true,"href":"https:\/\/www.radiopiu.net\/wordpress\/wp-json\/wp\/v2\/comments?post=321074"}],"version-history":[{"count":0,"href":"https:\/\/www.radiopiu.net\/wordpress\/wp-json\/wp\/v2\/posts\/321074\/revisions"}],"wp:featuredmedia":[{"embeddable":true,"href":"https:\/\/www.radiopiu.net\/wordpress\/wp-json\/wp\/v2\/media\/321049"}],"wp:attachment":[{"href":"https:\/\/www.radiopiu.net\/wordpress\/wp-json\/wp\/v2\/media?parent=321074"}],"wp:term":[{"taxonomy":"category","embeddable":true,"href":"https:\/\/www.radiopiu.net\/wordpress\/wp-json\/wp\/v2\/categories?post=321074"},{"taxonomy":"post_tag","embeddable":true,"href":"https:\/\/www.radiopiu.net\/wordpress\/wp-json\/wp\/v2\/tags?post=321074"}],"curies":[{"name":"wp","href":"https:\/\/api.w.org\/{rel}","templated":true}]}}