{"id":321099,"date":"2023-02-08T20:00:41","date_gmt":"2023-02-08T19:00:41","guid":{"rendered":"https:\/\/www.radiopiu.net\/wordpress\/?p=321099"},"modified":"2023-02-08T15:50:20","modified_gmt":"2023-02-08T14:50:20","slug":"tutto-pronto-per-il-carnevale-a-feltre","status":"publish","type":"post","link":"https:\/\/www.radiopiu.net\/wordpress\/tutto-pronto-per-il-carnevale-a-feltre\/","title":{"rendered":"TUTTO PRONTO PER IL CARNEVALE A FELTRE"},"content":{"rendered":"<p><strong><a class=\"dt-pswp-item\" href=\"https:\/\/www.radiopiu.net\/wordpress\/wp-content\/uploads\/2023\/02\/f1d04649-7c8f-440d-9eb6-802d7d557761.jpg\" data-dt-img-description=\"\" data-large_image_width=\"1600\" data-large_image_height=\"1200\"><img loading=\"lazy\" decoding=\"async\" class=\" wp-image-321101 alignleft\" src=\"https:\/\/www.radiopiu.net\/wordpress\/wp-content\/uploads\/2023\/02\/f1d04649-7c8f-440d-9eb6-802d7d557761-300x225.jpg\" alt=\"\" width=\"168\" height=\"126\" srcset=\"https:\/\/www.radiopiu.net\/wordpress\/wp-content\/uploads\/2023\/02\/f1d04649-7c8f-440d-9eb6-802d7d557761-300x225.jpg 300w, https:\/\/www.radiopiu.net\/wordpress\/wp-content\/uploads\/2023\/02\/f1d04649-7c8f-440d-9eb6-802d7d557761-1024x768.jpg 1024w, https:\/\/www.radiopiu.net\/wordpress\/wp-content\/uploads\/2023\/02\/f1d04649-7c8f-440d-9eb6-802d7d557761-768x576.jpg 768w, https:\/\/www.radiopiu.net\/wordpress\/wp-content\/uploads\/2023\/02\/f1d04649-7c8f-440d-9eb6-802d7d557761-1536x1152.jpg 1536w, https:\/\/www.radiopiu.net\/wordpress\/wp-content\/uploads\/2023\/02\/f1d04649-7c8f-440d-9eb6-802d7d557761.jpg 1600w\" sizes=\"auto, (max-width: 168px) 100vw, 168px\" \/><\/a>FELTRE<\/strong> Sar\u00e0 un carnevale festoso, ma anche con tante iniziative culturali, quello che si appresta a vivere la citt\u00e0 di Feltre. Il via alle manifestazioni gi\u00e0 venerd\u00ec.<\/p>\n<p><strong>di Daniele Dalvit<\/strong><\/p>\n<audio class=\"wp-audio-shortcode\" id=\"audio-321099-1\" preload=\"none\" style=\"width: 100%;\" controls=\"controls\"><source type=\"audio\/mpeg\" src=\"https:\/\/www.radiopiu.net\/wordpress\/wp-content\/uploads\/2023\/02\/DALVIT-CARNEVALE-FELTRE.mp3?_=1\" \/><a href=\"https:\/\/www.radiopiu.net\/wordpress\/wp-content\/uploads\/2023\/02\/DALVIT-CARNEVALE-FELTRE.mp3\">https:\/\/www.radiopiu.net\/wordpress\/wp-content\/uploads\/2023\/02\/DALVIT-CARNEVALE-FELTRE.mp3<\/a><\/audio>\n<p>&nbsp;<\/p>\n<p>&nbsp;<\/p>\n<p>******<\/p>\n","protected":false},"excerpt":{"rendered":"<p>FELTRE Sar\u00e0 un carnevale festoso, ma anche con tante iniziative culturali, quello che si appresta a vivere la citt\u00e0 di Feltre. Il via alle manifestazioni gi\u00e0 venerd\u00ec. di Daniele Dalvit &nbsp; &nbsp; ******<\/p>\n","protected":false},"author":4,"featured_media":321101,"comment_status":"closed","ping_status":"closed","sticky":false,"template":"","format":"standard","meta":{"_monsterinsights_skip_tracking":false,"_monsterinsights_sitenote_active":false,"_monsterinsights_sitenote_note":"","_monsterinsights_sitenote_category":0,"footnotes":""},"categories":[49],"tags":[],"class_list":["post-321099","post","type-post","status-publish","format-standard","has-post-thumbnail","hentry","category-news-18","category-49","description-off"],"img_url":"https:\/\/www.radiopiu.net\/wordpress\/wp-content\/uploads\/2023\/02\/f1d04649-7c8f-440d-9eb6-802d7d557761.jpg","_links":{"self":[{"href":"https:\/\/www.radiopiu.net\/wordpress\/wp-json\/wp\/v2\/posts\/321099","targetHints":{"allow":["GET"]}}],"collection":[{"href":"https:\/\/www.radiopiu.net\/wordpress\/wp-json\/wp\/v2\/posts"}],"about":[{"href":"https:\/\/www.radiopiu.net\/wordpress\/wp-json\/wp\/v2\/types\/post"}],"author":[{"embeddable":true,"href":"https:\/\/www.radiopiu.net\/wordpress\/wp-json\/wp\/v2\/users\/4"}],"replies":[{"embeddable":true,"href":"https:\/\/www.radiopiu.net\/wordpress\/wp-json\/wp\/v2\/comments?post=321099"}],"version-history":[{"count":0,"href":"https:\/\/www.radiopiu.net\/wordpress\/wp-json\/wp\/v2\/posts\/321099\/revisions"}],"wp:featuredmedia":[{"embeddable":true,"href":"https:\/\/www.radiopiu.net\/wordpress\/wp-json\/wp\/v2\/media\/321101"}],"wp:attachment":[{"href":"https:\/\/www.radiopiu.net\/wordpress\/wp-json\/wp\/v2\/media?parent=321099"}],"wp:term":[{"taxonomy":"category","embeddable":true,"href":"https:\/\/www.radiopiu.net\/wordpress\/wp-json\/wp\/v2\/categories?post=321099"},{"taxonomy":"post_tag","embeddable":true,"href":"https:\/\/www.radiopiu.net\/wordpress\/wp-json\/wp\/v2\/tags?post=321099"}],"curies":[{"name":"wp","href":"https:\/\/api.w.org\/{rel}","templated":true}]}}