{"id":321141,"date":"2023-02-10T05:32:14","date_gmt":"2023-02-10T04:32:14","guid":{"rendered":"https:\/\/www.radiopiu.net\/wordpress\/?p=321141"},"modified":"2023-02-10T09:56:46","modified_gmt":"2023-02-10T08:56:46","slug":"giornale-radiopiu-10-febbraio-2023-direttore-mirko-mezzacasa-verso-i-40-anni-25-giugno-1983-25-giugno-2023","status":"publish","type":"post","link":"https:\/\/www.radiopiu.net\/wordpress\/giornale-radiopiu-10-febbraio-2023-direttore-mirko-mezzacasa-verso-i-40-anni-25-giugno-1983-25-giugno-2023\/","title":{"rendered":"GIORNALE RADIOPIU 10 FEBBRAIO 2023 DIRETTORE MIRKO MEZZACASA&#8230;verso i 40 anni 25 giugno 1983-25 giugno 2023"},"content":{"rendered":"<blockquote>\n<h3 class=\"kvgmc6g5 cxmmr5t8 oygrvhab hcukyx3x c1et5uql\"><span style=\"color: #0000ff;\"><strong>RADIO PIU INFORMAZIONE il canale su TELEGRAM informazione di prima\u00a0 <\/strong><strong>mano e in tempo reale. iscriviti ed aiutaci a farlo conoscere\u00a0 \u00a0\u00a0<\/strong><\/span><\/h3>\n<\/blockquote>\n<h2 style=\"text-align: left;\"><span style=\"color: #ff0000;\">ISCRIVITI AL NOSTRO CANALE YOUTUBE PER SEGUIRE IN DIRETTA I PRINCIPALI PROGRAMMI DI RADIO PIU&#8217; E LE FUTURE DIRETTE IN ESTERNA. PER ISCRIVERTI <a style=\"color: #ff0000;\" href=\"https:\/\/youtube.com\/@radiopiu1527\">CLICCA QUI<\/a> E PREMI IL TASTO &#8220;Iscriviti&#8221;\u00a0<\/span><\/h2>\n<p>&nbsp;<\/p>\n<hr \/>\n<p>&nbsp;<\/p>\n<blockquote>\n<h3>ALL&#8217;ESAME CON LE CUFFIE E L&#8217;APPARATO RICEVENTE: DENUNCIATA PER TENTATA TRUFFA<\/h3>\n<\/blockquote>\n<p><a class=\"dt-pswp-item\" href=\"https:\/\/www.radiopiu.net\/wordpress\/wp-content\/uploads\/2023\/02\/Comunicato-stampa-Esame-patente-di-guida-rotated.jpg\" data-dt-img-description=\"\" data-large_image_width=\"1024\" data-large_image_height=\"768\"><img loading=\"lazy\" decoding=\"async\" class=\" wp-image-321189 alignleft\" src=\"https:\/\/www.radiopiu.net\/wordpress\/wp-content\/uploads\/2023\/02\/Comunicato-stampa-Esame-patente-di-guida-300x225.jpg\" alt=\"\" width=\"224\" height=\"168\" srcset=\"https:\/\/www.radiopiu.net\/wordpress\/wp-content\/uploads\/2023\/02\/Comunicato-stampa-Esame-patente-di-guida-300x225.jpg 300w, https:\/\/www.radiopiu.net\/wordpress\/wp-content\/uploads\/2023\/02\/Comunicato-stampa-Esame-patente-di-guida-768x576.jpg 768w, https:\/\/www.radiopiu.net\/wordpress\/wp-content\/uploads\/2023\/02\/Comunicato-stampa-Esame-patente-di-guida-rotated.jpg 1024w\" sizes=\"auto, (max-width: 224px) 100vw, 224px\" \/><\/a><strong>BELLUNO<\/strong> Se un tempo nelle classi scolastiche erano in voga i bigliettini appiccicati al banco, nel risvolto della camicia o anche nei calzini, oggi i &#8220;furbi&#8221; si sono evoluti con un sistema tecnologico <span style=\"font-family: Georgia, serif;\"><span style=\"font-size: medium;\">composto da un auricolare bluetooth inserito sotto alla cuffia utilizzata per ascoltare le domande d\u2019esame, collegato ad uno smartphone opportunamente occultato sotto i vestiti. Tutto bene, fino a quando non si viene scoperti, perch\u00e9 scatta la denuncia per truffa.\u00a0 Gli agenti della<\/span><\/span><span style=\"font-size: medium; font-family: Georgia, serif;\"> Polizia Stradale di Belluno negli uffici della Motorizzazione civile, durante lo svolgimento di un esame teorico\u00a0 finalizzato al conseguimento della patente di categoria \u201cB\u201d, hanno pizzicato\u00a0 una donna straniera di 32 anni, residente nella provincia,\u00a0 nell\u2019atto di farsi suggerire le risposte dell\u2019esame tramite l&#8217;ingegnoso sistema. <\/span><span style=\"font-family: Georgia, serif;\"><span style=\"font-size: medium;\">Una volta scoperta \u00e8 stata identificata e denunciata all\u2019Autorit\u00e0 Giudiziaria. <\/span><\/span><span style=\"font-size: medium; font-family: Georgia, serif;\">Il \u201ckit\u201d fraudolento \u00e8 stato sequestrato, anche con la finalit\u00e0 di poter risalire ai complici dell\u2019ingegnoso, ma illegale, sistema.\u00a0<\/span><\/p>\n<p>&nbsp;<\/p>\n<p>&nbsp;<\/p>\n<p>&nbsp;<\/p>\n<hr \/>\n<p>&nbsp;<\/p>\n<p><a class=\"dt-pswp-item\" href=\"https:\/\/www.radiopiu.net\/wordpress\/wp-content\/uploads\/2023\/02\/Senza-nome-21.jpg\" data-dt-img-description=\"\" data-large_image_width=\"207\" data-large_image_height=\"257\"><img loading=\"lazy\" decoding=\"async\" class=\"size-full wp-image-321139 alignleft\" src=\"https:\/\/www.radiopiu.net\/wordpress\/wp-content\/uploads\/2023\/02\/Senza-nome-21.jpg\" alt=\"\" width=\"207\" height=\"257\" \/><\/a><\/p>\n<blockquote>\n<h3>OGGI I FUNERALI DI MANUELA<\/h3>\n<\/blockquote>\n<p><strong>LA VALLE<\/strong> Oggi alle 14.30 nella chiesa di San Michele l&#8217;ultimo saluto a Manuela, e l&#8217;abbraccio alla mamma Rita,\u00a0 al marito Elvis Da Roit, i figli Martina, Patrick con Giada, famigliari e parenti.<\/p>\n<p>La famiglia ha porto un particolare ringraziamento al personale degli ospedali di Agordo e Belluno, al medico curante dottor Fadig\u00e0.<\/p>\n<p>&nbsp;<\/p>\n<p>&nbsp;<\/p>\n<p>&nbsp;<\/p>\n<p>&nbsp;<\/p>\n<p>&nbsp;<\/p>\n<hr \/>\n<p>&nbsp;<\/p>\n<blockquote>\n<h3>ADDIO AL MEDICO STEFANO MARSON<\/h3>\n<\/blockquote>\n<p><a class=\"dt-pswp-item\" href=\"https:\/\/www.radiopiu.net\/wordpress\/wp-content\/uploads\/2023\/02\/Senza-nome-23.jpg\" data-dt-img-description=\"\" data-large_image_width=\"154\" data-large_image_height=\"137\"><img loading=\"lazy\" decoding=\"async\" class=\"size-full wp-image-321344 alignleft\" src=\"https:\/\/www.radiopiu.net\/wordpress\/wp-content\/uploads\/2023\/02\/Senza-nome-23.jpg\" alt=\"\" width=\"154\" height=\"137\" \/><\/a><strong>BELLUNO<\/strong>\u00a0 E&#8217; morto dopo una sofferta malattia Stefano Marson. Era medico ginecologo, aveva 65 anni.\u00a0 In Duomo, sabato alle\u00a0 15 la cerimonia funebre, poi la deposizione nella tomba di famiglia nel cimitero di Prade. Stefano, oltre a Mara e Mattia, lascia la sorella Carla, la cognata Marina e i nipoti. Nel dolore di queste ore la moglie ringrazia a chi ha sostenuto Stefano con l&#8217;assistenza domiciliare<\/p>\n<p>&nbsp;<\/p>\n<p>&nbsp;<\/p>\n<p>&nbsp;<\/p>\n<hr \/>\n<p>&nbsp;<\/p>\n<blockquote>\n<h3>VIOLENZE DOMESTICHE, FUGGE DALLA GUERRA E FA ARRESTARE IL MARITO<\/h3>\n<\/blockquote>\n<p>&nbsp;<\/p>\n<p><strong>OGGI SUL CORRIERE DELLE ALPI<\/strong><\/p>\n<p><strong>DI GIGI SOSSO<\/strong><\/p>\n<p><img loading=\"lazy\" decoding=\"async\" class=\"alignleft\" src=\"https:\/\/www.radiopiu.net\/wordpress\/wp-content\/uploads\/2023\/02\/Senza-nome-24.jpg\" width=\"258\" height=\"170\" \/>BELLUNO Dall&#8217;inferno del Kosovo all&#8217;inferno di casa. Una donna che aveva vissuto l&#8217;orrore della guerra in patria alla fine degli anni Novanta, pensava di poter cominciare una vita diversa in quella d&#8217;adozione. Ma dopo essere arrivata a Belluno con il marito, si \u00e8 vista costretta a denunciarlo per lesioni, minacce e violenza sessuale. Tutti reati in forma aggravata. L&#8217;uomo \u00e8 stato arrestato ed \u00e8 ancora detenuto nel carcere di Baldenich proprio per questa causa. \u00c8 arrivato in tribunale scortato dagli agenti della Polizia penitenziaria, dopo aver chiesto di essere tradotto per questa e anche le prossime udienze. Dopo il rinvio a giudizio, \u00e8 stato aperto il dibattimento e la prima udienza con audizione dei testimoni del pubblico ministero Roberta Gallego \u00e8 stata fissata per il prossimo 7 giugno.\u00a0L&#8217;imputato \u00e8 difeso dagli avvocati Mario Mazzoccoli ed Esmeralda Di Risio, mentre lei si \u00e8 costituita parte civile con Valentina Stefani e chieder\u00e0 un risarcimento danni<\/p>\n<p>&nbsp;<\/p>\n<p>&nbsp;<\/p>\n<hr \/>\n<p>&nbsp;<\/p>\n<p>&nbsp;<\/p>\n<blockquote>\n<h3>NOMINATI I NUOVI MEMBRI DEL CDA PER L&#8217;ASILO SANGUINAZZI<\/h3>\n<\/blockquote>\n<p><strong>FELTRE<\/strong> Sono stati nominati con decreto del sindaco Viviana Fusaro i membri che andranno a comporre il nuovo consiglio di amministrazione dell&#8217;Asilo \u201cSanguinazzi\u201d: si tratta di Nunzio Gorza e di Maurizio Da Col, gi\u00e0 individuati\u00a0 per l&#8217;organo amministrativo dello stesso Carenzoni, che andranno ad affiancare Massimiliano Guiotto Zugni Tauro De Mezzan, componente del CdA uscente. <em>\u201cUn augurio di buon lavoro e un sincero ringraziamento per la disponibilit\u00e0 prestata &#8211; dice il sindaco Viviana Fusaro &#8211;\u00a0 vanno al nuovo consiglio di amministrazione &#8211; tanto nella figura dei due nuovi consiglieri come del terzo membro, il dottor Massimiliano Guiotto &#8211; cos\u00ec come ai consiglieri uscenti e al segretario, dottor Angelo Pontin, che hanno terminato il loro mandato,\u00a0 condotto sempre con spirito di servizio e dedizione a beneficio delle famiglie e dell&#8217;intera collettivit\u00e0\u201d.\u00a0<\/em><\/p>\n<p>&nbsp;<\/p>\n<hr \/>\n<p>&nbsp;<\/p>\n<p>&nbsp;<\/p>\n<p><a class=\"dt-pswp-item\" href=\"https:\/\/www.radiopiu.net\/wordpress\/wp-content\/uploads\/2023\/02\/DA-CANAL.jpg\" data-dt-img-description=\"\" data-large_image_width=\"1443\" data-large_image_height=\"1924\"><img loading=\"lazy\" decoding=\"async\" class=\"wp-image-321213 alignleft\" src=\"https:\/\/www.radiopiu.net\/wordpress\/wp-content\/uploads\/2023\/02\/DA-CANAL-225x300.jpg\" alt=\"\" width=\"122\" height=\"163\" srcset=\"https:\/\/www.radiopiu.net\/wordpress\/wp-content\/uploads\/2023\/02\/DA-CANAL-225x300.jpg 225w, https:\/\/www.radiopiu.net\/wordpress\/wp-content\/uploads\/2023\/02\/DA-CANAL-768x1024.jpg 768w, https:\/\/www.radiopiu.net\/wordpress\/wp-content\/uploads\/2023\/02\/DA-CANAL-1152x1536.jpg 1152w, https:\/\/www.radiopiu.net\/wordpress\/wp-content\/uploads\/2023\/02\/DA-CANAL.jpg 1443w\" sizes=\"auto, (max-width: 122px) 100vw, 122px\" \/><\/a><\/p>\n<blockquote>\n<h3><strong>BONUS PATENTE PER L&#8217;AUTOTRASPORTO \u2013 DOMANDE AL VIA DAL 13 FEBBRAIO<\/strong><\/h3>\n<\/blockquote>\n<p><strong>BELLUNO<\/strong> Tutte le ragazze e i ragazzi che intendono conseguire le patenti per l&#8217;autotrasporto e la carta di qualificazione del conducente (meglio nota come &#8221;Cqc\u201d) potranno presentare domanda. La misura consentir\u00e0 ai giovani tra i 18 e i 35 anni di richiedere un contributo fino all\u201980 per cento della spesa sostenuta \u2013 fino a un massimo di 2500 euro &#8211; per il conseguimento dei documenti di guida necessari per operare nel settore dell&#8217;autotrasporto. <em>\u201c\u00c8 un provvedimento che aspettavamo da tempo e che pu\u00f2 aiutarci a superare una fase di profonda carenza di manodopera. I costi delle patenti spesso sono proibitivi soprattutto per chi vuole entrare nel mondo del lavoro\u201d,<\/em> afferma Christian Da Canal, presidente della Sezione Trasporti di Confindustria Belluno Dolomiti (foto)<em>. <\/em>La Sezione ha calcolato in oltre cento i profili necessari alle aziende associate soltanto in provincia di Belluno Le domande saranno presentabili al seguente indirizzo: <a href=\"https:\/\/patentiautotrasporto.mit.gov.it\/bonuspatente\/\">https:\/\/patentiautotrasporto.mit.gov.it\/bonuspatente\/<\/a><\/p>\n<p>&nbsp;<\/p>\n<hr \/>\n<p>&nbsp;<\/p>\n<blockquote>\n<h3>TITUBANZA PER IL SINDACO DI CENCENIGHE CHE PENSA ALLE PROSSIME ELEZIONI<\/h3>\n<\/blockquote>\n<p><a class=\"dt-pswp-item\" href=\"https:\/\/www.radiopiu.net\/wordpress\/wp-content\/uploads\/2018\/05\/Mauro-Soppelsa-libero-professionista-perito-edile-56-anni.jpg\" data-dt-img-description=\"MAURO SOPPELSA\" data-large_image_width=\"1852\" data-large_image_height=\"2218\"><img loading=\"lazy\" decoding=\"async\" class=\"alignleft wp-image-48070 \" src=\"https:\/\/www.radiopiu.net\/wordpress\/wp-content\/uploads\/2018\/05\/Mauro-Soppelsa-libero-professionista-perito-edile-56-anni-250x300.jpg\" alt=\"\" width=\"122\" height=\"146\" srcset=\"https:\/\/www.radiopiu.net\/wordpress\/wp-content\/uploads\/2018\/05\/Mauro-Soppelsa-libero-professionista-perito-edile-56-anni-250x300.jpg 250w, https:\/\/www.radiopiu.net\/wordpress\/wp-content\/uploads\/2018\/05\/Mauro-Soppelsa-libero-professionista-perito-edile-56-anni-768x920.jpg 768w, https:\/\/www.radiopiu.net\/wordpress\/wp-content\/uploads\/2018\/05\/Mauro-Soppelsa-libero-professionista-perito-edile-56-anni-855x1024.jpg 855w, https:\/\/www.radiopiu.net\/wordpress\/wp-content\/uploads\/2018\/05\/Mauro-Soppelsa-libero-professionista-perito-edile-56-anni.jpg 1852w\" sizes=\"auto, (max-width: 122px) 100vw, 122px\" \/><\/a><strong>CENCENIGHE<\/strong><\/p>\n<p>di Gianni Santomaso<\/p>\n<audio class=\"wp-audio-shortcode\" id=\"audio-321141-1\" preload=\"none\" style=\"width: 100%;\" controls=\"controls\"><source type=\"audio\/mpeg\" src=\"https:\/\/www.radiopiu.net\/wordpress\/wp-content\/uploads\/2023\/02\/GIANNI-TITUBANZA-PER-IL-SINDACO-DI-CENCENIGHE-CHE-PENSA-ALLE-PROSSIME-ELEZIONI.mp3?_=1\" \/><a href=\"https:\/\/www.radiopiu.net\/wordpress\/wp-content\/uploads\/2023\/02\/GIANNI-TITUBANZA-PER-IL-SINDACO-DI-CENCENIGHE-CHE-PENSA-ALLE-PROSSIME-ELEZIONI.mp3\">https:\/\/www.radiopiu.net\/wordpress\/wp-content\/uploads\/2023\/02\/GIANNI-TITUBANZA-PER-IL-SINDACO-DI-CENCENIGHE-CHE-PENSA-ALLE-PROSSIME-ELEZIONI.mp3<\/a><\/audio>\n<p>&nbsp;<\/p>\n<hr \/>\n<p>&nbsp;<\/p>\n<h3 style=\"text-align: center;\">MANIFESTAZIONE FUTILE. COLCERGNAN &#8220;VERGOGNOSA ESTERNAZIONE&#8221;<\/h3>\n<p>&nbsp;<\/p>\n<p><strong><em><span dir=\"ltr\" role=\"presentation\"><a class=\"dt-pswp-item\" href=\"https:\/\/www.radiopiu.net\/wordpress\/wp-content\/uploads\/2018\/08\/FLAVIO-COLCE.jpg\" data-dt-img-description=\"\" data-large_image_width=\"575\" data-large_image_height=\"1024\"><img loading=\"lazy\" decoding=\"async\" class=\"wp-image-56267 alignright\" src=\"https:\/\/www.radiopiu.net\/wordpress\/wp-content\/uploads\/2018\/08\/FLAVIO-COLCE-168x300.jpg\" alt=\"\" width=\"120\" height=\"214\" srcset=\"https:\/\/www.radiopiu.net\/wordpress\/wp-content\/uploads\/2018\/08\/FLAVIO-COLCE-168x300.jpg 168w, https:\/\/www.radiopiu.net\/wordpress\/wp-content\/uploads\/2018\/08\/FLAVIO-COLCE.jpg 575w\" sizes=\"auto, (max-width: 120px) 100vw, 120px\" \/><\/a><\/span><\/em><\/strong><\/p>\n<p><strong>REDAZIONE<\/strong> Una lettera inviata in Comune ha mandato su tutte le furie il sindaco di Canale d&#8217;Agordo, Flavio Colcergnan. Una missiva critica verso l&#8217;organizzazione del partecipato evento &#8220;La Casparetha&#8221; che ha iscritto 900 partecipanti. Il sindaco ha risposto.<\/p>\n<blockquote><p><em><span dir=\"ltr\" role=\"presentation\">Egregio Signore, <\/span><span dir=\"ltr\" role=\"presentation\">ho ricevuto la sua email e devo dirLe che sono rimasto sbalordito e piacevolmente <\/span><span dir=\"ltr\" role=\"presentation\">sorpreso nel costatare che Lei, oltre ad avere una dimora a Canale d\u2019Agordo, si \u00e8 anche <\/span><span dir=\"ltr\" role=\"presentation\">integrato molto bene con la cittadinanza e il vivere quotidiano di chi allegramente \u00e8 <\/span><span dir=\"ltr\" role=\"presentation\">costretto a vivere 365 giorni a Canale e che quindi, non sapendo come passare il tempo si <\/span><span dir=\"ltr\" role=\"presentation\">inventa futili manifestazioni. <\/span><span dir=\"ltr\" role=\"presentation\">Oltre ad aver detto il falso, le strade non sono state chiuse per due giorni, ma al massimo <\/span><span dir=\"ltr\" role=\"presentation\">per quattro, dico quattro ore, Lei si permette di sputare sentenze sull\u2019attivit\u00e0 di una <\/span><span dir=\"ltr\" role=\"presentation\">comunit\u00e0. <\/span><span dir=\"ltr\" role=\"presentation\">La Sua esternazione \u00e8 vergognosa<\/span><\/em><\/p><\/blockquote>\n<p>Nel programma serale del mercoled\u00ec abbiamo sentito il primo cittadino<\/p>\n<p><strong>AUDIO\u00a0<\/strong><\/p>\n<audio class=\"wp-audio-shortcode\" id=\"audio-321141-2\" preload=\"none\" style=\"width: 100%;\" controls=\"controls\"><source type=\"audio\/mpeg\" src=\"https:\/\/www.radiopiu.net\/wordpress\/wp-content\/uploads\/2023\/02\/flavio.mp3?_=2\" \/><a href=\"https:\/\/www.radiopiu.net\/wordpress\/wp-content\/uploads\/2023\/02\/flavio.mp3\">https:\/\/www.radiopiu.net\/wordpress\/wp-content\/uploads\/2023\/02\/flavio.mp3<\/a><\/audio>\n<p>&nbsp;<\/p>\n<p>&nbsp;<\/p>\n<hr \/>\n<p>&nbsp;<\/p>\n<p>&nbsp;<\/p>\n<blockquote>\n<h3>LAVORATORI SAFILO A CASA SANREMO &#8211; VIDEO &#8211;<\/h3>\n<\/blockquote>\n<p><strong>REDAZIONE<\/strong> A Casa Sanremo l&#8217;intervento delle maestranze della Safilo. Marted\u00ec la manifestazioni sulle strade del longaronese con 2000 persone, oggi a Casa Dolomiti.Questo il loro intervento.<\/p>\n<p>&nbsp;<\/p>\n<div style=\"width: 848px;\" class=\"wp-video\"><video class=\"wp-video-shortcode\" id=\"video-321141-1\" width=\"848\" height=\"464\" preload=\"metadata\" controls=\"controls\"><source type=\"video\/mp4\" src=\"https:\/\/www.radiopiu.net\/wordpress\/wp-content\/uploads\/2023\/02\/WhatsApp-Video-2023-02-09-at-14.42.57.mp4?_=1\" \/><a href=\"https:\/\/www.radiopiu.net\/wordpress\/wp-content\/uploads\/2023\/02\/WhatsApp-Video-2023-02-09-at-14.42.57.mp4\">https:\/\/www.radiopiu.net\/wordpress\/wp-content\/uploads\/2023\/02\/WhatsApp-Video-2023-02-09-at-14.42.57.mp4<\/a><\/video><\/div>\n<p>&nbsp;<\/p>\n<blockquote>\n<h3>SAFILO.\u00a0 DE POLI (UDC): &#8220;SIAMO DALLA PARTE DEI LAVORATORI&#8221;<\/h3>\n<\/blockquote>\n<p><strong>ROMA<\/strong> &#8220;A Longarone 2000 persone hanno sfidato il gelo contro la chiusura della Safilo. La nostra priorit\u00e0, oggi, \u00e8 salvare il destino di 472 lavoratori a Longarone, Santa Maria di Sala e Padova. Stiamo dalla loro parte. Condivido le parole del vescovo di Belluno-Feltre, monsignor Renato Marangoni: dobbiamo tutelare la dignit\u00e0 delle persone. In Senato chieder\u00f2, con un\u2019interrogazione parlamentare al ministro Urso, di intervenire urgentemente per difendere un\u2019eccellenza del nostro made in Italy&#8221;. Lo afferma il senatore UDC Antonio De Poli che aggiunge: \u201cAl primo posto, per noi, c\u2019\u00e8 la difesa dei posti di lavoro e, dunque, la tutela del comparto dell\u2019occhialeria e dell\u2019imprenditoria del Cadore e bellunese\u201d.<\/p>\n<p>&nbsp;<\/p>\n<hr \/>\n<p>&nbsp;<\/p>\n<blockquote>\n<h3>PER ALTVELOX NON SERVONO ALTRI DISPOSISITIVI DI RILEVAMENTO DELLA VELOCITA&#8217; PER EVITARE INCIDENTI<\/h3>\n<\/blockquote>\n<p><strong><a class=\"dt-pswp-item\" href=\"https:\/\/www.radiopiu.net\/wordpress\/wp-content\/uploads\/2022\/12\/AUTOVELOX.jpg\" data-dt-img-description=\"\" data-large_image_width=\"1920\" data-large_image_height=\"1280\"><img loading=\"lazy\" decoding=\"async\" class=\" wp-image-310004 alignleft\" src=\"https:\/\/www.radiopiu.net\/wordpress\/wp-content\/uploads\/2022\/12\/AUTOVELOX-300x200.jpg\" alt=\"\" width=\"182\" height=\"121\" srcset=\"https:\/\/www.radiopiu.net\/wordpress\/wp-content\/uploads\/2022\/12\/AUTOVELOX-300x200.jpg 300w, https:\/\/www.radiopiu.net\/wordpress\/wp-content\/uploads\/2022\/12\/AUTOVELOX-1024x683.jpg 1024w, https:\/\/www.radiopiu.net\/wordpress\/wp-content\/uploads\/2022\/12\/AUTOVELOX-768x512.jpg 768w, https:\/\/www.radiopiu.net\/wordpress\/wp-content\/uploads\/2022\/12\/AUTOVELOX-1536x1024.jpg 1536w, https:\/\/www.radiopiu.net\/wordpress\/wp-content\/uploads\/2022\/12\/AUTOVELOX.jpg 1920w\" sizes=\"auto, (max-width: 182px) 100vw, 182px\" \/><\/a>BELLUNO<\/strong> La velocit\u00e0 dei veicoli \u00e8 al centro del problema degli incidenti stradali. Pi\u00f9 in particolare, la velocit\u00e0 eccessiva o inappropriata \u00e8 un fattore di rischio fondamentale delle lesioni stradali. Dopo le dichiarazione del Prefetto di Belluno Mariano Savastano dove aveva dichiarato che per contenere gli incidenti in provincia di Belluno bisogna installare nuovi autovelox, l&#8217;associazione Altvelox si fa sentire e non \u00e8 dello stesso pensiero. &#8220;<em>C&#8217;\u00e8 il sospetto che gli autovelox svolgano il ruolo di bancomat per le casse comunali &#8211; dicono gli avvocati di Altvelox &#8211; Proventi importanti si trovano per esempio anche a Quero Vas, Arsi\u00e8 e Colle Santa Lucia, nel Bellunese, dove si passa per raggiungere il passo Pordoi. Tre piccoli Comuni che assieme fanno 5000 abitanti, nel 2021 hanno incamerato una piccola finanziaria di 1.640.132,81 Euro&#8230; non male diremmo se non fossero soldi dei contribuenti. Anche in queste realt\u00e0 i vigili non hanno visto nemmeno una cintura slacciata o un guidatore che parlava al cellulare, parcheggiava in modo vietato, si prendeva una precedenza non dovuta o commetteva qualsiasi altra infrazione stradale. A Colle Santa Lucia accade infatti che non risulta incassare un euro, nemmeno da chi \u00e8 uscito fuori strada rovinando un guard-rail (caso in cui scatterebbe in automatico una multa di 42 euro per \u201cdanneggiamento di opere o piantagioni\u201d in base all\u2019articolo 15 del Codice della strada) in un incidente rilevato dalla Polizia provinciale&#8221;. &#8220;Le strade urbane ed extraurbane spesso non sono in buone condizioni, con buche sull\u2019asfalto e marciapiedi dissestati che provocano incidenti. Vi sono diverse ragioni che compromettono la qualit\u00e0 del manto stradale e la viabilit\u00e0: l\u2019escursione termica, le radici degli alberi particolarmente robuste, la ripetuta circolazione stradale di mezzi pesanti, oltre all\u2019eventuale scarsa manutenzione degli amministratori che hanno la responsabilit\u00e0 di tutelare l\u2019ambiente e mantenere in buone condizioni le strade. Un problema che riguarda non solo automobili e motociclette, ma anche pedoni e ciclisti &#8211; continua l&#8217;associazione &#8211; Abbiamo coinvolto per le questioni anche qui trattate, seppur in forma generica, vari parlamentari di tutte le aree politiche al fine di capire dove si voglia arrivare e quanto le Amministrazioni Locali possano essere lasciate libere di &#8220;spremere&#8221; i cittadini come limoni. Il rispetto del codice della strada e delle regole della prudenza non sono qui in discussion, sono alla base del nostro impegno sociale e per tale le faremo sempre rispettare&#8221;<\/em>.<\/p>\n<p>&nbsp;<\/p>\n<p>&nbsp;<\/p>\n<hr \/>\n<p>&nbsp;<\/p>\n<blockquote>\n<h3>PUBBLICATO IL BANDO PER LA CONCESSIONE DEGLI IMPIANTI IN NEVEGAL<\/h3>\n<\/blockquote>\n<p><strong><a class=\"dt-pswp-item\" href=\"https:\/\/www.radiopiu.net\/wordpress\/wp-content\/uploads\/2023\/02\/7d33abae-7514-46f9-8656-a70e16c7c14b.jpg\" data-dt-img-description=\"\" data-large_image_width=\"1600\" data-large_image_height=\"900\"><img loading=\"lazy\" decoding=\"async\" class=\" wp-image-321289 alignleft\" src=\"https:\/\/www.radiopiu.net\/wordpress\/wp-content\/uploads\/2023\/02\/7d33abae-7514-46f9-8656-a70e16c7c14b-300x169.jpg\" alt=\"\" width=\"209\" height=\"118\" srcset=\"https:\/\/www.radiopiu.net\/wordpress\/wp-content\/uploads\/2023\/02\/7d33abae-7514-46f9-8656-a70e16c7c14b-300x169.jpg 300w, https:\/\/www.radiopiu.net\/wordpress\/wp-content\/uploads\/2023\/02\/7d33abae-7514-46f9-8656-a70e16c7c14b-1024x576.jpg 1024w, https:\/\/www.radiopiu.net\/wordpress\/wp-content\/uploads\/2023\/02\/7d33abae-7514-46f9-8656-a70e16c7c14b-768x432.jpg 768w, https:\/\/www.radiopiu.net\/wordpress\/wp-content\/uploads\/2023\/02\/7d33abae-7514-46f9-8656-a70e16c7c14b-1536x864.jpg 1536w, https:\/\/www.radiopiu.net\/wordpress\/wp-content\/uploads\/2023\/02\/7d33abae-7514-46f9-8656-a70e16c7c14b.jpg 1600w\" sizes=\"auto, (max-width: 209px) 100vw, 209px\" \/><\/a>BELLUNO<\/strong> Pubblicato il bando per l&#8217;affidamento della gestione degli impianti di risalita del Nevegal; c&#8217;\u00e8 tempo un mese per presentare domanda. Soddisfazione da parte dell&#8217;amministrazione comunale, mentre Nevegal 2021 attende di leggere con attenzione il documento.<\/p>\n<p><strong>di Daniele Dalvit<\/strong><\/p>\n<audio class=\"wp-audio-shortcode\" id=\"audio-321141-3\" preload=\"none\" style=\"width: 100%;\" controls=\"controls\"><source type=\"audio\/mpeg\" src=\"https:\/\/www.radiopiu.net\/wordpress\/wp-content\/uploads\/2023\/02\/DALVIT-BANDO-NEVEGAL.mp3?_=3\" \/><a href=\"https:\/\/www.radiopiu.net\/wordpress\/wp-content\/uploads\/2023\/02\/DALVIT-BANDO-NEVEGAL.mp3\">https:\/\/www.radiopiu.net\/wordpress\/wp-content\/uploads\/2023\/02\/DALVIT-BANDO-NEVEGAL.mp3<\/a><\/audio>\n<p>&nbsp;<\/p>\n<p><iframe loading=\"lazy\" title=\"roccon bando\" width=\"1200\" height=\"675\" src=\"https:\/\/www.youtube.com\/embed\/0_S1YuOfLCc?feature=oembed\" frameborder=\"0\" allow=\"accelerometer; autoplay; clipboard-write; encrypted-media; gyroscope; picture-in-picture; web-share\" allowfullscreen><\/iframe><\/p>\n<p>&nbsp;<\/p>\n<p>&nbsp;<\/p>\n<hr \/>\n<p>&nbsp;<\/p>\n<blockquote>\n<h3>IL VENTO DI FEBBRAIO E I PESANTI DANNI SULLA STRADA PER IL DURAN, SCOPERCHIATA UNA STRUTTURA<\/h3>\n<\/blockquote>\n<p><strong>DI TIZIANO DE COL<\/strong><\/p>\n<p><a class=\"dt-pswp-item\" href=\"https:\/\/www.radiopiu.net\/wordpress\/wp-content\/uploads\/2023\/02\/6e68e7c2-632b-4ee1-8c19-186a40a3eda5.jpg\" data-dt-img-description=\"\" data-large_image_width=\"899\" data-large_image_height=\"1599\"><img loading=\"lazy\" decoding=\"async\" class=\"size-medium wp-image-321259 alignleft\" src=\"https:\/\/www.radiopiu.net\/wordpress\/wp-content\/uploads\/2023\/02\/6e68e7c2-632b-4ee1-8c19-186a40a3eda5-169x300.jpg\" alt=\"\" width=\"169\" height=\"300\" srcset=\"https:\/\/www.radiopiu.net\/wordpress\/wp-content\/uploads\/2023\/02\/6e68e7c2-632b-4ee1-8c19-186a40a3eda5-169x300.jpg 169w, https:\/\/www.radiopiu.net\/wordpress\/wp-content\/uploads\/2023\/02\/6e68e7c2-632b-4ee1-8c19-186a40a3eda5-576x1024.jpg 576w, https:\/\/www.radiopiu.net\/wordpress\/wp-content\/uploads\/2023\/02\/6e68e7c2-632b-4ee1-8c19-186a40a3eda5-768x1366.jpg 768w, https:\/\/www.radiopiu.net\/wordpress\/wp-content\/uploads\/2023\/02\/6e68e7c2-632b-4ee1-8c19-186a40a3eda5-864x1536.jpg 864w, https:\/\/www.radiopiu.net\/wordpress\/wp-content\/uploads\/2023\/02\/6e68e7c2-632b-4ee1-8c19-186a40a3eda5.jpg 899w\" sizes=\"auto, (max-width: 169px) 100vw, 169px\" \/><\/a><strong>LA VALLE AGORDINA<\/strong>\u00a0 Le raffiche di vento che hanno battuto La Valle Agordina nella notte tra venerd\u00ec 3 febbraio 2023 e sabato 4 febbraio, continuando anche nella mattinata di sabato 4 febbraio hanno lasciato pesanti segni non solo sulla Provinciale 347 del Passo Dur\u00e0n che, a causa della caduta alberi \u00e8 stata chiusa per circa mezza giornata fino a met\u00e0 pomeriggio di sabato. Le raffiche hanno colpito un po&#8217; tutto il paese causando scoperchiamenti parziali di tetti, soprattutto di quelli in lamiera e di costruzioni ad uso fienili, ma anche fabbricati di civile abitazione. Diverse le strade dove dono cadute tegole e coppi di copertura, sia strade comunali che la stessa SP347. In qualche caso le tegole cadute hanno danneggiato anche auto di propriet\u00e0 parcheggiate all\u2019esterno di casa. Sono intervenuti anche i Vigili del Fuoco per sistemare tegole e coppi pericolanti. Critica la situazione anche per qualche viabilit\u00e0 forestale per caduta piante. Si hanno notizie di piante cadute sulla silvo-pastorale Cas\u00e8n-Dagarei, ma i danni maggiori si riscontrano sulla silvo-pastorale di Fr\u00e8s per il gran numero di abeti caduti sulla strada lungo quasi tutto lo sviluppo della stessa in destra orografica del torrente Rova come documentato dalle foto di Daniel Zuanel qui a seguito allegate. Una situazione complessa e complicata da affrontare, date anche le pendenze del versante. La strada in questione serve tutti i prati e boschi posti anche in sinistra orografica del Rova in localit\u00e0 Pra de Val in Comune di Agordo e Val de Inte \u2013 I Quattro Tabi\u00e0, in comune di La Valle. In occasione delle raffiche di Fohn normalmente presenti a La Valle con vento di direzione Nord \u2013 Nord\/Est, a La Valle si verifica quasi sempre anche il fenomeno di \u201cvento di ritorno\u201d da Sud\/Ovest che, con forti raffiche, \u201cdisturba\u201d talvolta molto pi\u00f9 delle raffiche principali provenienti da Nord-Nord\/Est, dalle quali il paese \u00e8 in parte protetto dalla Catena del San Sebastiano. Cos\u00ec \u00e8 stato anche tra le 5,30 e le 9,30 di sabato mattina, quando la centralina meteo amatoriale di Diego Zasso , posta sull\u2019altura vicino al cimitero di La Valle (pubblicata su Wheater Underground \u2013 ILAV62) ha rilevato raffiche fino a poco meno di 70 km\/h provenienti da SW. La variazione , anche repentina, della direzione delle raffiche di vento, comporta anche , localmente, la formazione di vortici che complicano ancor pi\u00f9 le condizioni di sicurezza per i fabbricati ed i boschi. (FOTO Struttura rurale parzialmente scoperchiata in localit\u00e0 Matten. Foto Damiano Porta)<\/p>\n<blockquote>\n<h3>Situazione della viabilit\u00e0 e del bosco in localit\u00e0 Fres &#8211; Foto di\u00a0 DANIEL ZUANEL<\/h3>\n<\/blockquote>\n\n\t\t\t<style type='text\/css'>\n\t\t\t\t#gallery-1 {\n\t\t\t\t\tmargin: auto;\n\t\t\t\t}\n\t\t\t\t#gallery-1 .gallery-item {\n\t\t\t\t\tfloat: left;\n\t\t\t\t\tmargin-top: 10px;\n\t\t\t\t\ttext-align: center;\n\t\t\t\t\twidth: 20%;\n\t\t\t\t}\n\t\t\t\t#gallery-1 img {\n\t\t\t\t\tborder: 2px solid #cfcfcf;\n\t\t\t\t}\n\t\t\t\t#gallery-1 .gallery-caption {\n\t\t\t\t\tmargin-left: 0;\n\t\t\t\t}\n\t\t\t\t\/* see gallery_shortcode() in wp-includes\/media.php *\/\n\t\t\t<\/style>\n\t\t<div id='gallery-1' class='dt-gallery-container gallery galleryid-321141 gallery-columns-5 gallery-size-thumbnail'><dl class='gallery-item'>\n\t\t\t\t<dt class='gallery-icon landscape'>\n\t\t\t\t\t<a class=\"rollover rollover-zoom dt-pswp-item\" title=\"2271f7c7-1138-462e-8cf8-c47113543018\" data-dt-img-description=\"\" data-large_image_width=\"2048\" data-large_image_height=\"1153\"href='https:\/\/www.radiopiu.net\/wordpress\/wp-content\/uploads\/2023\/02\/2271f7c7-1138-462e-8cf8-c47113543018.jpg'><img loading=\"lazy\" decoding=\"async\" width=\"150\" height=\"150\" src=\"https:\/\/www.radiopiu.net\/wordpress\/wp-content\/uploads\/2023\/02\/2271f7c7-1138-462e-8cf8-c47113543018-150x150.jpg\" class=\"attachment-thumbnail size-thumbnail\" alt=\"\" \/><\/a>\n\t\t\t\t<\/dt><\/dl><dl class='gallery-item'>\n\t\t\t\t<dt class='gallery-icon landscape'>\n\t\t\t\t\t<a class=\"rollover rollover-zoom dt-pswp-item\" title=\"23500416-ee0c-4dfa-8db2-52115ea1291f\" data-dt-img-description=\"\" data-large_image_width=\"2048\" data-large_image_height=\"1153\"href='https:\/\/www.radiopiu.net\/wordpress\/wp-content\/uploads\/2023\/02\/23500416-ee0c-4dfa-8db2-52115ea1291f.jpg'><img loading=\"lazy\" decoding=\"async\" width=\"150\" height=\"150\" src=\"https:\/\/www.radiopiu.net\/wordpress\/wp-content\/uploads\/2023\/02\/23500416-ee0c-4dfa-8db2-52115ea1291f-150x150.jpg\" class=\"attachment-thumbnail size-thumbnail\" alt=\"\" \/><\/a>\n\t\t\t\t<\/dt><\/dl><dl class='gallery-item'>\n\t\t\t\t<dt class='gallery-icon landscape'>\n\t\t\t\t\t<a class=\"rollover rollover-zoom dt-pswp-item\" title=\"24333214-0aaa-490e-ab6e-9f27672c2197\" data-dt-img-description=\"\" data-large_image_width=\"2048\" data-large_image_height=\"1153\"href='https:\/\/www.radiopiu.net\/wordpress\/wp-content\/uploads\/2023\/02\/24333214-0aaa-490e-ab6e-9f27672c2197.jpg'><img loading=\"lazy\" decoding=\"async\" width=\"150\" height=\"150\" src=\"https:\/\/www.radiopiu.net\/wordpress\/wp-content\/uploads\/2023\/02\/24333214-0aaa-490e-ab6e-9f27672c2197-150x150.jpg\" class=\"attachment-thumbnail size-thumbnail\" alt=\"\" \/><\/a>\n\t\t\t\t<\/dt><\/dl><dl class='gallery-item'>\n\t\t\t\t<dt class='gallery-icon landscape'>\n\t\t\t\t\t<a class=\"rollover rollover-zoom dt-pswp-item\" title=\"a26f038e-3e41-4cd7-ae92-162f187703c3\" data-dt-img-description=\"\" data-large_image_width=\"2048\" data-large_image_height=\"1153\"href='https:\/\/www.radiopiu.net\/wordpress\/wp-content\/uploads\/2023\/02\/a26f038e-3e41-4cd7-ae92-162f187703c3.jpg'><img loading=\"lazy\" decoding=\"async\" width=\"150\" height=\"150\" src=\"https:\/\/www.radiopiu.net\/wordpress\/wp-content\/uploads\/2023\/02\/a26f038e-3e41-4cd7-ae92-162f187703c3-150x150.jpg\" class=\"attachment-thumbnail size-thumbnail\" alt=\"\" \/><\/a>\n\t\t\t\t<\/dt><\/dl><dl class='gallery-item'>\n\t\t\t\t<dt class='gallery-icon landscape'>\n\t\t\t\t\t<a class=\"rollover rollover-zoom dt-pswp-item\" title=\"a921c8f0-a65d-4867-b772-16c545c51fd9\" data-dt-img-description=\"\" data-large_image_width=\"2048\" data-large_image_height=\"1153\"href='https:\/\/www.radiopiu.net\/wordpress\/wp-content\/uploads\/2023\/02\/a921c8f0-a65d-4867-b772-16c545c51fd9.jpg'><img loading=\"lazy\" decoding=\"async\" width=\"150\" height=\"150\" src=\"https:\/\/www.radiopiu.net\/wordpress\/wp-content\/uploads\/2023\/02\/a921c8f0-a65d-4867-b772-16c545c51fd9-150x150.jpg\" class=\"attachment-thumbnail size-thumbnail\" alt=\"\" \/><\/a>\n\t\t\t\t<\/dt><\/dl><br style=\"clear: both\" \/><dl class='gallery-item'>\n\t\t\t\t<dt class='gallery-icon landscape'>\n\t\t\t\t\t<a class=\"rollover rollover-zoom dt-pswp-item\" title=\"d35f4c4f-769f-48f2-8924-6886d830a8e1\" data-dt-img-description=\"\" data-large_image_width=\"2048\" data-large_image_height=\"1153\"href='https:\/\/www.radiopiu.net\/wordpress\/wp-content\/uploads\/2023\/02\/d35f4c4f-769f-48f2-8924-6886d830a8e1.jpg'><img loading=\"lazy\" decoding=\"async\" width=\"150\" height=\"150\" src=\"https:\/\/www.radiopiu.net\/wordpress\/wp-content\/uploads\/2023\/02\/d35f4c4f-769f-48f2-8924-6886d830a8e1-150x150.jpg\" class=\"attachment-thumbnail size-thumbnail\" alt=\"\" \/><\/a>\n\t\t\t\t<\/dt><\/dl><dl class='gallery-item'>\n\t\t\t\t<dt class='gallery-icon landscape'>\n\t\t\t\t\t<a class=\"rollover rollover-zoom dt-pswp-item\" title=\"d54ede1c-e58e-4e9d-851d-2e90df391f85\" data-dt-img-description=\"\" data-large_image_width=\"2048\" data-large_image_height=\"1153\"href='https:\/\/www.radiopiu.net\/wordpress\/wp-content\/uploads\/2023\/02\/d54ede1c-e58e-4e9d-851d-2e90df391f85.jpg'><img loading=\"lazy\" decoding=\"async\" width=\"150\" height=\"150\" src=\"https:\/\/www.radiopiu.net\/wordpress\/wp-content\/uploads\/2023\/02\/d54ede1c-e58e-4e9d-851d-2e90df391f85-150x150.jpg\" class=\"attachment-thumbnail size-thumbnail\" alt=\"\" \/><\/a>\n\t\t\t\t<\/dt><\/dl><dl class='gallery-item'>\n\t\t\t\t<dt class='gallery-icon landscape'>\n\t\t\t\t\t<a class=\"rollover rollover-zoom dt-pswp-item\" title=\"e990350f-a6e2-4370-8ccb-6ae924dcf11f\" data-dt-img-description=\"\" data-large_image_width=\"2048\" data-large_image_height=\"1153\"href='https:\/\/www.radiopiu.net\/wordpress\/wp-content\/uploads\/2023\/02\/e990350f-a6e2-4370-8ccb-6ae924dcf11f.jpg'><img loading=\"lazy\" decoding=\"async\" width=\"150\" height=\"150\" src=\"https:\/\/www.radiopiu.net\/wordpress\/wp-content\/uploads\/2023\/02\/e990350f-a6e2-4370-8ccb-6ae924dcf11f-150x150.jpg\" class=\"attachment-thumbnail size-thumbnail\" alt=\"\" \/><\/a>\n\t\t\t\t<\/dt><\/dl><dl class='gallery-item'>\n\t\t\t\t<dt class='gallery-icon landscape'>\n\t\t\t\t\t<a class=\"rollover rollover-zoom dt-pswp-item\" title=\"1d0c6e71-4279-455c-afd3-0cda47846dd4\" data-dt-img-description=\"\" data-large_image_width=\"2048\" data-large_image_height=\"1153\"href='https:\/\/www.radiopiu.net\/wordpress\/wp-content\/uploads\/2023\/02\/1d0c6e71-4279-455c-afd3-0cda47846dd4.jpg'><img loading=\"lazy\" decoding=\"async\" width=\"150\" height=\"150\" src=\"https:\/\/www.radiopiu.net\/wordpress\/wp-content\/uploads\/2023\/02\/1d0c6e71-4279-455c-afd3-0cda47846dd4-150x150.jpg\" class=\"attachment-thumbnail size-thumbnail\" alt=\"\" \/><\/a>\n\t\t\t\t<\/dt><\/dl><dl class='gallery-item'>\n\t\t\t\t<dt class='gallery-icon landscape'>\n\t\t\t\t\t<a class=\"rollover rollover-zoom dt-pswp-item\" title=\"c51cb81f-2692-4ce6-97c4-beffffcb0eb1\" data-dt-img-description=\"\" data-large_image_width=\"2048\" data-large_image_height=\"1153\"href='https:\/\/www.radiopiu.net\/wordpress\/wp-content\/uploads\/2023\/02\/c51cb81f-2692-4ce6-97c4-beffffcb0eb1.jpg'><img loading=\"lazy\" decoding=\"async\" width=\"150\" height=\"150\" src=\"https:\/\/www.radiopiu.net\/wordpress\/wp-content\/uploads\/2023\/02\/c51cb81f-2692-4ce6-97c4-beffffcb0eb1-150x150.jpg\" class=\"attachment-thumbnail size-thumbnail\" alt=\"\" \/><\/a>\n\t\t\t\t<\/dt><\/dl><br style=\"clear: both\" \/><dl class='gallery-item'>\n\t\t\t\t<dt class='gallery-icon landscape'>\n\t\t\t\t\t<a class=\"rollover rollover-zoom dt-pswp-item\" title=\"4d765660-dc40-4a7f-a643-971f0c40852f\" data-dt-img-description=\"\" data-large_image_width=\"2016\" data-large_image_height=\"1512\"href='https:\/\/www.radiopiu.net\/wordpress\/wp-content\/uploads\/2023\/02\/4d765660-dc40-4a7f-a643-971f0c40852f.jpg'><img loading=\"lazy\" decoding=\"async\" width=\"150\" height=\"150\" src=\"https:\/\/www.radiopiu.net\/wordpress\/wp-content\/uploads\/2023\/02\/4d765660-dc40-4a7f-a643-971f0c40852f-150x150.jpg\" class=\"attachment-thumbnail size-thumbnail\" alt=\"\" \/><\/a>\n\t\t\t\t<\/dt><\/dl><dl class='gallery-item'>\n\t\t\t\t<dt class='gallery-icon landscape'>\n\t\t\t\t\t<a class=\"rollover rollover-zoom dt-pswp-item\" title=\"5bf0ccbb-3462-4036-aad6-15bf8e437b3e\" data-dt-img-description=\"\" data-large_image_width=\"2048\" data-large_image_height=\"1153\"href='https:\/\/www.radiopiu.net\/wordpress\/wp-content\/uploads\/2023\/02\/5bf0ccbb-3462-4036-aad6-15bf8e437b3e.jpg'><img loading=\"lazy\" decoding=\"async\" width=\"150\" height=\"150\" src=\"https:\/\/www.radiopiu.net\/wordpress\/wp-content\/uploads\/2023\/02\/5bf0ccbb-3462-4036-aad6-15bf8e437b3e-150x150.jpg\" class=\"attachment-thumbnail size-thumbnail\" alt=\"\" \/><\/a>\n\t\t\t\t<\/dt><\/dl><dl class='gallery-item'>\n\t\t\t\t<dt class='gallery-icon landscape'>\n\t\t\t\t\t<a class=\"rollover rollover-zoom dt-pswp-item\" title=\"9c4bcaa9-f14e-4ee8-9d8a-29973453b0a2\" data-dt-img-description=\"\" data-large_image_width=\"2048\" data-large_image_height=\"1153\"href='https:\/\/www.radiopiu.net\/wordpress\/wp-content\/uploads\/2023\/02\/9c4bcaa9-f14e-4ee8-9d8a-29973453b0a2.jpg'><img loading=\"lazy\" decoding=\"async\" width=\"150\" height=\"150\" src=\"https:\/\/www.radiopiu.net\/wordpress\/wp-content\/uploads\/2023\/02\/9c4bcaa9-f14e-4ee8-9d8a-29973453b0a2-150x150.jpg\" class=\"attachment-thumbnail size-thumbnail\" alt=\"\" \/><\/a>\n\t\t\t\t<\/dt><\/dl><dl class='gallery-item'>\n\t\t\t\t<dt class='gallery-icon landscape'>\n\t\t\t\t\t<a class=\"rollover rollover-zoom dt-pswp-item\" title=\"8a3e31dc-71d8-415f-be05-7543f1ab4594\" data-dt-img-description=\"\" data-large_image_width=\"2016\" data-large_image_height=\"1512\"href='https:\/\/www.radiopiu.net\/wordpress\/wp-content\/uploads\/2023\/02\/8a3e31dc-71d8-415f-be05-7543f1ab4594.jpg'><img loading=\"lazy\" decoding=\"async\" width=\"150\" height=\"150\" src=\"https:\/\/www.radiopiu.net\/wordpress\/wp-content\/uploads\/2023\/02\/8a3e31dc-71d8-415f-be05-7543f1ab4594-150x150.jpg\" class=\"attachment-thumbnail size-thumbnail\" alt=\"\" \/><\/a>\n\t\t\t\t<\/dt><\/dl><dl class='gallery-item'>\n\t\t\t\t<dt class='gallery-icon portrait'>\n\t\t\t\t\t<a class=\"rollover rollover-zoom dt-pswp-item\" title=\"6e68e7c2-632b-4ee1-8c19-186a40a3eda5\" data-dt-img-description=\"\" data-large_image_width=\"899\" data-large_image_height=\"1599\"href='https:\/\/www.radiopiu.net\/wordpress\/wp-content\/uploads\/2023\/02\/6e68e7c2-632b-4ee1-8c19-186a40a3eda5.jpg'><img loading=\"lazy\" decoding=\"async\" width=\"150\" height=\"150\" src=\"https:\/\/www.radiopiu.net\/wordpress\/wp-content\/uploads\/2023\/02\/6e68e7c2-632b-4ee1-8c19-186a40a3eda5-150x150.jpg\" class=\"attachment-thumbnail size-thumbnail\" alt=\"\" \/><\/a>\n\t\t\t\t<\/dt><\/dl><br style=\"clear: both\" \/><dl class='gallery-item'>\n\t\t\t\t<dt class='gallery-icon landscape'>\n\t\t\t\t\t<a class=\"rollover rollover-zoom dt-pswp-item\" title=\"026a5685-5f11-44c3-a949-1563405fb607\" data-dt-img-description=\"\" data-large_image_width=\"2048\" data-large_image_height=\"1153\"href='https:\/\/www.radiopiu.net\/wordpress\/wp-content\/uploads\/2023\/02\/026a5685-5f11-44c3-a949-1563405fb607.jpg'><img loading=\"lazy\" decoding=\"async\" width=\"150\" height=\"150\" src=\"https:\/\/www.radiopiu.net\/wordpress\/wp-content\/uploads\/2023\/02\/026a5685-5f11-44c3-a949-1563405fb607-150x150.jpg\" class=\"attachment-thumbnail size-thumbnail\" alt=\"\" \/><\/a>\n\t\t\t\t<\/dt><\/dl><dl class='gallery-item'>\n\t\t\t\t<dt class='gallery-icon portrait'>\n\t\t\t\t\t<a class=\"rollover rollover-zoom dt-pswp-item\" title=\"87f0b73d-994a-468f-856f-d0bb9b1b7bdc\" data-dt-img-description=\"\" data-large_image_width=\"1153\" data-large_image_height=\"2048\"href='https:\/\/www.radiopiu.net\/wordpress\/wp-content\/uploads\/2023\/02\/87f0b73d-994a-468f-856f-d0bb9b1b7bdc.jpg'><img loading=\"lazy\" decoding=\"async\" width=\"150\" height=\"150\" src=\"https:\/\/www.radiopiu.net\/wordpress\/wp-content\/uploads\/2023\/02\/87f0b73d-994a-468f-856f-d0bb9b1b7bdc-150x150.jpg\" class=\"attachment-thumbnail size-thumbnail\" alt=\"\" \/><\/a>\n\t\t\t\t<\/dt><\/dl><dl class='gallery-item'>\n\t\t\t\t<dt class='gallery-icon landscape'>\n\t\t\t\t\t<a class=\"rollover rollover-zoom dt-pswp-item\" title=\"111f4ea0-3752-4fb2-a6e0-33fad5e9cdc3\" data-dt-img-description=\"\" data-large_image_width=\"2048\" data-large_image_height=\"1153\"href='https:\/\/www.radiopiu.net\/wordpress\/wp-content\/uploads\/2023\/02\/111f4ea0-3752-4fb2-a6e0-33fad5e9cdc3.jpg'><img loading=\"lazy\" decoding=\"async\" width=\"150\" height=\"150\" src=\"https:\/\/www.radiopiu.net\/wordpress\/wp-content\/uploads\/2023\/02\/111f4ea0-3752-4fb2-a6e0-33fad5e9cdc3-150x150.jpg\" class=\"attachment-thumbnail size-thumbnail\" alt=\"\" \/><\/a>\n\t\t\t\t<\/dt><\/dl><dl class='gallery-item'>\n\t\t\t\t<dt class='gallery-icon landscape'>\n\t\t\t\t\t<a class=\"rollover rollover-zoom dt-pswp-item\" title=\"562bcc78-295e-4856-a3e5-5cfd5b04827f\" data-dt-img-description=\"\" data-large_image_width=\"2048\" data-large_image_height=\"1153\"href='https:\/\/www.radiopiu.net\/wordpress\/wp-content\/uploads\/2023\/02\/562bcc78-295e-4856-a3e5-5cfd5b04827f.jpg'><img loading=\"lazy\" decoding=\"async\" width=\"150\" height=\"150\" src=\"https:\/\/www.radiopiu.net\/wordpress\/wp-content\/uploads\/2023\/02\/562bcc78-295e-4856-a3e5-5cfd5b04827f-150x150.jpg\" class=\"attachment-thumbnail size-thumbnail\" alt=\"\" \/><\/a>\n\t\t\t\t<\/dt><\/dl><dl class='gallery-item'>\n\t\t\t\t<dt class='gallery-icon landscape'>\n\t\t\t\t\t<a class=\"rollover rollover-zoom dt-pswp-item\" title=\"977f677a-8d48-43d9-b324-85242ecfdfa0\" data-dt-img-description=\"\" data-large_image_width=\"2048\" data-large_image_height=\"1153\"href='https:\/\/www.radiopiu.net\/wordpress\/wp-content\/uploads\/2023\/02\/977f677a-8d48-43d9-b324-85242ecfdfa0.jpg'><img loading=\"lazy\" decoding=\"async\" width=\"150\" height=\"150\" src=\"https:\/\/www.radiopiu.net\/wordpress\/wp-content\/uploads\/2023\/02\/977f677a-8d48-43d9-b324-85242ecfdfa0-150x150.jpg\" class=\"attachment-thumbnail size-thumbnail\" alt=\"\" \/><\/a>\n\t\t\t\t<\/dt><\/dl><br style=\"clear: both\" \/>\n\t\t\t<\/div>\n\n<p>&nbsp;<\/p>\n<hr \/>\n<p>&nbsp;<\/p>\n<blockquote>\n<h3>TRASPORTI, NAVETTA, PISTA CICLOPEDONALE E AUTO ELETTRICHE. LA COMMISSIONE TRASPORTI DELLA RSU LUXOTTICA AGORDO FA IL PUNTO<\/h3>\n<\/blockquote>\n<p><strong><a class=\"dt-pswp-item\" href=\"https:\/\/www.radiopiu.net\/wordpress\/wp-content\/uploads\/2021\/12\/LUXOTTICA-FRAMONT.jpg\" data-dt-img-description=\"\" data-large_image_width=\"2048\" data-large_image_height=\"1536\"><img loading=\"lazy\" decoding=\"async\" class=\" wp-image-246066 alignleft\" src=\"https:\/\/www.radiopiu.net\/wordpress\/wp-content\/uploads\/2021\/12\/LUXOTTICA-FRAMONT-300x225.jpg\" alt=\"\" width=\"171\" height=\"128\" srcset=\"https:\/\/www.radiopiu.net\/wordpress\/wp-content\/uploads\/2021\/12\/LUXOTTICA-FRAMONT-300x225.jpg 300w, https:\/\/www.radiopiu.net\/wordpress\/wp-content\/uploads\/2021\/12\/LUXOTTICA-FRAMONT-1024x768.jpg 1024w, https:\/\/www.radiopiu.net\/wordpress\/wp-content\/uploads\/2021\/12\/LUXOTTICA-FRAMONT-768x576.jpg 768w, https:\/\/www.radiopiu.net\/wordpress\/wp-content\/uploads\/2021\/12\/LUXOTTICA-FRAMONT-1536x1152.jpg 1536w, https:\/\/www.radiopiu.net\/wordpress\/wp-content\/uploads\/2021\/12\/LUXOTTICA-FRAMONT.jpg 2048w\" sizes=\"auto, (max-width: 171px) 100vw, 171px\" \/><\/a>AGORDO<\/strong> La Commisione Trasporti della RSU Luxottica di Agordo fa il punto su alcuni temi che riguardano i trasporti pubblici, navetta, pista ciclopedonale e le nuove colonnine di ricarica per le auto elettriche. Per quanto riguarda il trasporto pubblico &#8220;o<span class=\"s1\">ltre un anno e mezzo fa avevamo chiesto alla Provincia l&#8217;istituzione di un servizio di trasporto turnisti sulla tratta Caprile-Cencenighe-Agordo, visto il sempre crescente numero di lavoratori coinvolti &#8211; dicono i delegati &#8211; La Provincia aveva chiesto alla Dolomiti Bus una valutazione tecnica ed economica. La settimana scorsa abbiamo nuovamente chiesto alla Provincia un aggiornamento ma ci \u00e8 stato risposto che la Dolomiti Bus non ha inviato la valutazione richiesta, nonostante pi\u00f9 solleciti&#8221;. La Commissione trasporti inoltre ha chiesto di mettere un mezzo adeguato come navetta che porta le maestranze allo stabilimento nel turno pomeriggio perch\u00e9 gli utenti sono sempre in crescita. Per la pista ciclopedonale sono state invitate\u00a0 le amministrazioni comunali di Agordo e Taibon a realizzare un percorso ciclopedonale di collegamento tra la frazione Valcozzena e la gi\u00e0 esistente ciclopedonale che collega i due comuni. Per quanto riguarda invece la mobilit\u00e0 elettrica &#8221; <\/span><span class=\"s1\">Al momento l&#8217;azienda ha installato dei punti di ricarica nel parcheggio interno, riservati per\u00f2 alle sole auto aziendali &#8211; chiudono dalla commissione trasporti dello stabilimento di Agordo &#8211; Alla nostra richiesta di mettere a disposizione le colonnine anche per i lavoratori, l&#8217;azienda ha risposto che contatter\u00e0 il Comune di Agordo per valutare un&#8217;installazione&#8221;.<\/span><\/p>\n<p>&nbsp;<\/p>\n<p>&nbsp;<\/p>\n<hr \/>\n<p>&nbsp;<\/p>\n<p><strong>DI TIZIANO DE COL<\/strong><\/p>\n\n\t\t\t<style type='text\/css'>\n\t\t\t\t#gallery-2 {\n\t\t\t\t\tmargin: auto;\n\t\t\t\t}\n\t\t\t\t#gallery-2 .gallery-item {\n\t\t\t\t\tfloat: left;\n\t\t\t\t\tmargin-top: 10px;\n\t\t\t\t\ttext-align: center;\n\t\t\t\t\twidth: 20%;\n\t\t\t\t}\n\t\t\t\t#gallery-2 img {\n\t\t\t\t\tborder: 2px solid #cfcfcf;\n\t\t\t\t}\n\t\t\t\t#gallery-2 .gallery-caption {\n\t\t\t\t\tmargin-left: 0;\n\t\t\t\t}\n\t\t\t\t\/* see gallery_shortcode() in wp-includes\/media.php *\/\n\t\t\t<\/style>\n\t\t<div id='gallery-2' class='dt-gallery-container gallery galleryid-321141 gallery-columns-5 gallery-size-thumbnail'><dl class='gallery-item'>\n\t\t\t\t<dt class='gallery-icon landscape'>\n\t\t\t\t\t<a class=\"rollover rollover-zoom dt-pswp-item\" title=\"596f6dc2-e209-4449-a21d-7c1865ef0ec2\" data-dt-img-description=\"\" data-large_image_width=\"613\" data-large_image_height=\"361\"href='https:\/\/www.radiopiu.net\/wordpress\/wp-content\/uploads\/2023\/02\/596f6dc2-e209-4449-a21d-7c1865ef0ec2.jpg'><img loading=\"lazy\" decoding=\"async\" width=\"150\" height=\"150\" src=\"https:\/\/www.radiopiu.net\/wordpress\/wp-content\/uploads\/2023\/02\/596f6dc2-e209-4449-a21d-7c1865ef0ec2-150x150.jpg\" class=\"attachment-thumbnail size-thumbnail\" alt=\"\" \/><\/a>\n\t\t\t\t<\/dt><\/dl><dl class='gallery-item'>\n\t\t\t\t<dt class='gallery-icon landscape'>\n\t\t\t\t\t<a class=\"rollover rollover-zoom dt-pswp-item\" title=\"2bb994d9-efb3-4257-8d41-917c7cc48a94\" data-dt-img-description=\"\" data-large_image_width=\"480\" data-large_image_height=\"289\"href='https:\/\/www.radiopiu.net\/wordpress\/wp-content\/uploads\/2023\/02\/2bb994d9-efb3-4257-8d41-917c7cc48a94.jpg'><img loading=\"lazy\" decoding=\"async\" width=\"150\" height=\"150\" src=\"https:\/\/www.radiopiu.net\/wordpress\/wp-content\/uploads\/2023\/02\/2bb994d9-efb3-4257-8d41-917c7cc48a94-150x150.jpg\" class=\"attachment-thumbnail size-thumbnail\" alt=\"\" \/><\/a>\n\t\t\t\t<\/dt><\/dl><dl class='gallery-item'>\n\t\t\t\t<dt class='gallery-icon landscape'>\n\t\t\t\t\t<a class=\"rollover rollover-zoom dt-pswp-item\" title=\"1c121107-3fc5-47bf-8125-fda0f301786e\" data-dt-img-description=\"\" data-large_image_width=\"600\" data-large_image_height=\"358\"href='https:\/\/www.radiopiu.net\/wordpress\/wp-content\/uploads\/2023\/02\/1c121107-3fc5-47bf-8125-fda0f301786e.jpg'><img loading=\"lazy\" decoding=\"async\" width=\"150\" height=\"150\" src=\"https:\/\/www.radiopiu.net\/wordpress\/wp-content\/uploads\/2023\/02\/1c121107-3fc5-47bf-8125-fda0f301786e-150x150.jpg\" class=\"attachment-thumbnail size-thumbnail\" alt=\"\" \/><\/a>\n\t\t\t\t<\/dt><\/dl><dl class='gallery-item'>\n\t\t\t\t<dt class='gallery-icon landscape'>\n\t\t\t\t\t<a class=\"rollover rollover-zoom dt-pswp-item\" title=\"d85df417-038e-43fe-b0ea-7c8926ddd380\" data-dt-img-description=\"\" data-large_image_width=\"588\" data-large_image_height=\"355\"href='https:\/\/www.radiopiu.net\/wordpress\/wp-content\/uploads\/2023\/02\/d85df417-038e-43fe-b0ea-7c8926ddd380.jpg'><img loading=\"lazy\" decoding=\"async\" width=\"150\" height=\"150\" src=\"https:\/\/www.radiopiu.net\/wordpress\/wp-content\/uploads\/2023\/02\/d85df417-038e-43fe-b0ea-7c8926ddd380-150x150.jpg\" class=\"attachment-thumbnail size-thumbnail\" alt=\"\" \/><\/a>\n\t\t\t\t<\/dt><\/dl><dl class='gallery-item'>\n\t\t\t\t<dt class='gallery-icon landscape'>\n\t\t\t\t\t<a class=\"rollover rollover-zoom dt-pswp-item\" title=\"68a397df-6bf6-44e1-a272-f9abb5a91243\" data-dt-img-description=\"\" data-large_image_width=\"610\" data-large_image_height=\"352\"href='https:\/\/www.radiopiu.net\/wordpress\/wp-content\/uploads\/2023\/02\/68a397df-6bf6-44e1-a272-f9abb5a91243.jpg'><img loading=\"lazy\" decoding=\"async\" width=\"150\" height=\"150\" src=\"https:\/\/www.radiopiu.net\/wordpress\/wp-content\/uploads\/2023\/02\/68a397df-6bf6-44e1-a272-f9abb5a91243-150x150.jpg\" class=\"attachment-thumbnail size-thumbnail\" alt=\"\" \/><\/a>\n\t\t\t\t<\/dt><\/dl><br style=\"clear: both\" \/>\n\t\t\t<\/div>\n\n<p>&nbsp;<\/p>\n<hr \/>\n<p>&nbsp;<\/p>\n<blockquote>\n<h3>CHIRURGIA VASCOLARE: 10 MILA PRESTAZIONI E 500 INTERVENTI<\/h3>\n<\/blockquote>\n<p><strong><a class=\"dt-pswp-item\" href=\"https:\/\/www.radiopiu.net\/wordpress\/wp-content\/uploads\/2023\/02\/chirurgia-vascolare.jpg\" data-dt-img-description=\"\" data-large_image_width=\"987\" data-large_image_height=\"952\"><img loading=\"lazy\" decoding=\"async\" class=\" wp-image-321296 alignleft\" src=\"https:\/\/www.radiopiu.net\/wordpress\/wp-content\/uploads\/2023\/02\/chirurgia-vascolare-300x289.jpg\" alt=\"\" width=\"148\" height=\"143\" srcset=\"https:\/\/www.radiopiu.net\/wordpress\/wp-content\/uploads\/2023\/02\/chirurgia-vascolare-300x289.jpg 300w, https:\/\/www.radiopiu.net\/wordpress\/wp-content\/uploads\/2023\/02\/chirurgia-vascolare-768x741.jpg 768w, https:\/\/www.radiopiu.net\/wordpress\/wp-content\/uploads\/2023\/02\/chirurgia-vascolare.jpg 987w\" sizes=\"auto, (max-width: 148px) 100vw, 148px\" \/><\/a>BELLUNO <\/strong>Dieci mila prestazioni ambulatoriali, oltre 500 interventi in un anno. Il 2022 \u00e8 stato l\u2019anno del consolidamento della Chirurgia vascolare dell\u2019Ulss Dolomiti, attivata nel marzo 2021. Nel nostro territorio, come in tutto il mondo occidentale, si assiste ad un aumento delle malattie vascolari verosimilmente legato all\u2019invecchiamento della popolazione e la conseguente presenza di multipatologie fra cui il diabete, l\u2019ipertensione, l\u2019ipercolesterolemia. Tali condizioni agiscono in concomitanza con l\u2019azione di altri fattori di rischio, come il fumo e la dieta non adeguata, potenziando la formazione di placche nelle arterie che producono l\u2019occlusione o il cedimento della parete del vaso. L\u2019attivit\u00e0 della chirurgia vascolare e della sezione angiologica oltre che alla terapia, \u00e8 rivolta all\u2019 approfondimento diagnostico edalla presa in carico dei pazienti. Il 2021 \u00e8 stato l\u2019anno dedicato all\u2019avvio del reparto di chirurgia vascolare con l\u2019acquisizione delle apparecchiature e dei materiali e l\u2019arrivo di parte del personale medico. Nel 2022 l\u2019attivit\u00e0 ha iniziato ad entrare a regime. Sono state erogate oltre 10.000 prestazioni ambulatoriali fra visite di chirurgia vascolare e visite angiologiche, medicazioni, ecocolordoppler e i pi\u00f9 sofisticati esami come il laserdoppler e la capillaroscopia. Il 2023 ha visto, inoltre, partire a pieno ritmo il cantiere per la realizzazione della sala ibrida al San Martino dove potranno operare sia i chirurghi vascolari che i radiologi interventisti con un importante upgrade tecnologico e spazi a misura di paziente.<\/p>\n<p>&nbsp;<\/p>\n<p>&nbsp;<\/p>\n<hr \/>\n<p>&nbsp;<\/p>\n<blockquote>\n<h3>LIBERA NELLE SCUOLE, IL PM ROBERTA GALLEGO SPIEGA LA LEGALITA&#8217;<\/h3>\n<\/blockquote>\n<p><strong><a class=\"dt-pswp-item\" href=\"https:\/\/www.radiopiu.net\/wordpress\/wp-content\/uploads\/2023\/02\/th-8.jpg\" data-dt-img-description=\"\" data-large_image_width=\"474\" data-large_image_height=\"355\"><img loading=\"lazy\" decoding=\"async\" class=\" wp-image-321353 alignleft\" src=\"https:\/\/www.radiopiu.net\/wordpress\/wp-content\/uploads\/2023\/02\/th-8-300x225.jpg\" alt=\"\" width=\"263\" height=\"197\" srcset=\"https:\/\/www.radiopiu.net\/wordpress\/wp-content\/uploads\/2023\/02\/th-8-300x225.jpg 300w, https:\/\/www.radiopiu.net\/wordpress\/wp-content\/uploads\/2023\/02\/th-8.jpg 474w\" sizes=\"auto, (max-width: 263px) 100vw, 263px\" \/><\/a>BORGO VALBELLUNA<\/strong> Tecnologie, legalit\u00e0 e responsabilit\u00e0 educative: il ruolo della scuola e delle famiglie: ne parler\u00e0 la vice procuratore della Repubblica di Belluno Roberta Gallego,\u00a0 questa sera alle 20 alla palestra di Lentiai. \u00abQuali sono le tecnologie, la legalit\u00e0 e le responsabilit\u00e0 educative nel territorio e qual \u00e8 il ruolo della scuola e della famiglia? Sono temi che coinvolgono veramente tutte le realt\u00e0 che hanno a cuore il benessere e il futuro delle nuove generazioni\u00bb.<\/p>\n<p><strong>Roberta Gallego,<\/strong> vice Procuratore della Repubblica presso il Tribunale di Belluno e scrittrice. <em>\u00abLa proposta nasce all&#8217;interno del gruppo pedagogico dell&#8217;Istituto &#8211; si legge nella nota -, anche per dare maggior valore alla promulgazione del regolamento sull&#8217;uso dei cellulari, argomento particolarmente scottante che riguarda non solo i ragazzi, ma anche gli adulti. Fondamentale \u00e8 perci\u00f2 il coinvolgimento dei genitori nei confronti di temi importanti come la legalit\u00e0, dove solo l&#8217;alleanza scuola-famiglia-territorio e altre agenzie educative potr\u00e0 essere vincente. L&#8217;incontro per\u00f2 non \u00e8 esclusivamente rivolto ai genitori, ma anche a tutti i cittadini come occasione per fare squadra a favore delle giovani generazioni\u00bb.<\/em> Durante la serata, avverr\u00e0 anche la consegna ufficiale della bandiera di Libera ad una rappresentanza dei due plessi di scuola secondaria di I grado di Mel e di Lentiai.<\/p>\n<p>&nbsp;<\/p>\n<p>&nbsp;<\/p>\n<hr \/>\n<p>&nbsp;<\/p>\n<blockquote>\n<h3>ARTE E SPORT, DOPPIO EVENTO SABATO 11 FEBBRAIO IN MARMOLADA<\/h3>\n<\/blockquote>\n<p><strong><img loading=\"lazy\" decoding=\"async\" class=\"alignleft\" src=\"https:\/\/www.radiopiu.net\/wordpress\/wp-content\/uploads\/2023\/02\/AAAA.jpg\" width=\"201\" height=\"151\" \/>ROCCA PIETORE<\/strong> <strong>\u00a0<\/strong>Prima le \u201cformiche\u201d pi\u00f9 famose d&#8217;Italia, poi le grandi emozioni dello snowboard con una gara aperta a tutti gli appassionati. Doppio evento sabato 11 febbraio in Marmolada tra arte e sport. Si inizier\u00e0 alle 11 quando \u2013 nella sala polifunzionale della stazione funiviaria di Serauta \u2013 sar\u00e0 presente Fabio Vettori, uno dei <a class=\"dt-pswp-item\" href=\"https:\/\/www.radiopiu.net\/wordpress\/wp-content\/uploads\/2023\/02\/ZZZZ.jpg\" data-dt-img-description=\"\" data-large_image_width=\"526\" data-large_image_height=\"336\"><img loading=\"lazy\" decoding=\"async\" class=\" wp-image-321198 alignright\" src=\"https:\/\/www.radiopiu.net\/wordpress\/wp-content\/uploads\/2023\/02\/ZZZZ-300x192.jpg\" alt=\"\" width=\"241\" height=\"154\" srcset=\"https:\/\/www.radiopiu.net\/wordpress\/wp-content\/uploads\/2023\/02\/ZZZZ-300x192.jpg 300w, https:\/\/www.radiopiu.net\/wordpress\/wp-content\/uploads\/2023\/02\/ZZZZ.jpg 526w\" sizes=\"auto, (max-width: 241px) 100vw, 241px\" \/><\/a>disegnatori pi\u00f9 amati di sempre. L&#8217;artista illustrer\u00e0 \u2013 anche con la possibilit\u00e0 di visite personalizzate &#8211; le opere della sua mostra \u201cFormiche in Marmolada\u201d a tutti i presenti. L&#8217;esposizione, gi\u00e0 visitabile dalla scorsa estate, celebra i 50 anni delle formiche, un successo che ha valicato i confini italiani, consacrando lo stesso Vettori sulla scena internazionale. L&#8217;artista nella prima parte della mattinata sar\u00e0 impegnato con i bambini delle scuole materne ed elementari di Rocca Pietore per un laboratorio di disegno, a dimostrazione del forte legame tra Marmolada srl e la comunit\u00e0. Nel tardo pomeriggio invece spazio allo sport con la \u201cMarmolada Rail Jam\u201d, una gara \u2013 a iscrizione gratuita \u2013 dedicata agli snowboarder. Il ritrovo \u00e8 previsto alle 17.30 a Malga Ciapela, mentre il via \u00e8 fissato alle 18: si tratta di un percorso con strutture preparate dai maestri della Scuola Sci &amp; Snowboard Alleghe Civetta e Scuola Sci Marmolada. Alle 20 saranno votati e premiati \u2013 con un premio a sorpresa \u2013 i trick pi\u00f9 belli. Al bar Funivia sar\u00e0 festa per tutti con dj Luca. Per tutte le informazioni scrivere una mail a <a href=\"mailto:visitmarmolada@funiviemarmolada.com\">visitmarmolada@funiviemarmolada.com<\/a> o chiamare il numero 334 6794461.<\/p>\n<p>&nbsp;<\/p>\n<hr \/>\n<p>&nbsp;<\/p>\n<blockquote>\n<h3>A SANREMO PRESENTATE LE DUE POSSIBILI MASCOTTE DI MILANO CORTINA 2026<\/h3>\n<\/blockquote>\n<p><strong>SANREMO<\/strong><\/p>\n<p>di Roberto Bona<\/p>\n<audio class=\"wp-audio-shortcode\" id=\"audio-321141-4\" preload=\"none\" style=\"width: 100%;\" controls=\"controls\"><source type=\"audio\/mpeg\" src=\"https:\/\/www.radiopiu.net\/wordpress\/wp-content\/uploads\/2023\/02\/SanremoMascotteOlimpiadi.mp3?_=4\" \/><a href=\"https:\/\/www.radiopiu.net\/wordpress\/wp-content\/uploads\/2023\/02\/SanremoMascotteOlimpiadi.mp3\">https:\/\/www.radiopiu.net\/wordpress\/wp-content\/uploads\/2023\/02\/SanremoMascotteOlimpiadi.mp3<\/a><\/audio>\n<p>&nbsp;<\/p>\n\n\t\t\t<style type='text\/css'>\n\t\t\t\t#gallery-3 {\n\t\t\t\t\tmargin: auto;\n\t\t\t\t}\n\t\t\t\t#gallery-3 .gallery-item {\n\t\t\t\t\tfloat: left;\n\t\t\t\t\tmargin-top: 10px;\n\t\t\t\t\ttext-align: center;\n\t\t\t\t\twidth: 33%;\n\t\t\t\t}\n\t\t\t\t#gallery-3 img {\n\t\t\t\t\tborder: 2px solid #cfcfcf;\n\t\t\t\t}\n\t\t\t\t#gallery-3 .gallery-caption {\n\t\t\t\t\tmargin-left: 0;\n\t\t\t\t}\n\t\t\t\t\/* see gallery_shortcode() in wp-includes\/media.php *\/\n\t\t\t<\/style>\n\t\t<div id='gallery-3' class='dt-gallery-container gallery galleryid-321141 gallery-columns-3 gallery-size-medium'><dl class='gallery-item'>\n\t\t\t\t<dt class='gallery-icon landscape'>\n\t\t\t\t\t<a class=\"rollover rollover-zoom dt-pswp-item\" title=\"862268bd-4393-49b6-abe8-8fb5dc9cbd0c\" data-dt-img-description=\"\" data-large_image_width=\"1600\" data-large_image_height=\"1066\"href='https:\/\/www.radiopiu.net\/wordpress\/wp-content\/uploads\/2023\/02\/862268bd-4393-49b6-abe8-8fb5dc9cbd0c.jpg'><img loading=\"lazy\" decoding=\"async\" width=\"300\" height=\"200\" src=\"https:\/\/www.radiopiu.net\/wordpress\/wp-content\/uploads\/2023\/02\/862268bd-4393-49b6-abe8-8fb5dc9cbd0c-300x200.jpg\" class=\"attachment-medium size-medium\" alt=\"\" srcset=\"https:\/\/www.radiopiu.net\/wordpress\/wp-content\/uploads\/2023\/02\/862268bd-4393-49b6-abe8-8fb5dc9cbd0c-300x200.jpg 300w, https:\/\/www.radiopiu.net\/wordpress\/wp-content\/uploads\/2023\/02\/862268bd-4393-49b6-abe8-8fb5dc9cbd0c-1024x682.jpg 1024w, https:\/\/www.radiopiu.net\/wordpress\/wp-content\/uploads\/2023\/02\/862268bd-4393-49b6-abe8-8fb5dc9cbd0c-768x512.jpg 768w, https:\/\/www.radiopiu.net\/wordpress\/wp-content\/uploads\/2023\/02\/862268bd-4393-49b6-abe8-8fb5dc9cbd0c-1536x1023.jpg 1536w, https:\/\/www.radiopiu.net\/wordpress\/wp-content\/uploads\/2023\/02\/862268bd-4393-49b6-abe8-8fb5dc9cbd0c.jpg 1600w\" sizes=\"auto, (max-width: 300px) 100vw, 300px\" \/><\/a>\n\t\t\t\t<\/dt><\/dl><dl class='gallery-item'>\n\t\t\t\t<dt class='gallery-icon landscape'>\n\t\t\t\t\t<a class=\"rollover rollover-zoom dt-pswp-item\" title=\"5819bcad-3021-40b9-bf98-5db713677e80\" data-dt-img-description=\"\" data-large_image_width=\"1600\" data-large_image_height=\"1066\"href='https:\/\/www.radiopiu.net\/wordpress\/wp-content\/uploads\/2023\/02\/5819bcad-3021-40b9-bf98-5db713677e80.jpg'><img loading=\"lazy\" decoding=\"async\" width=\"300\" height=\"200\" src=\"https:\/\/www.radiopiu.net\/wordpress\/wp-content\/uploads\/2023\/02\/5819bcad-3021-40b9-bf98-5db713677e80-300x200.jpg\" class=\"attachment-medium size-medium\" alt=\"\" srcset=\"https:\/\/www.radiopiu.net\/wordpress\/wp-content\/uploads\/2023\/02\/5819bcad-3021-40b9-bf98-5db713677e80-300x200.jpg 300w, https:\/\/www.radiopiu.net\/wordpress\/wp-content\/uploads\/2023\/02\/5819bcad-3021-40b9-bf98-5db713677e80-1024x682.jpg 1024w, https:\/\/www.radiopiu.net\/wordpress\/wp-content\/uploads\/2023\/02\/5819bcad-3021-40b9-bf98-5db713677e80-768x512.jpg 768w, https:\/\/www.radiopiu.net\/wordpress\/wp-content\/uploads\/2023\/02\/5819bcad-3021-40b9-bf98-5db713677e80-1536x1023.jpg 1536w, https:\/\/www.radiopiu.net\/wordpress\/wp-content\/uploads\/2023\/02\/5819bcad-3021-40b9-bf98-5db713677e80.jpg 1600w\" sizes=\"auto, (max-width: 300px) 100vw, 300px\" \/><\/a>\n\t\t\t\t<\/dt><\/dl><dl class='gallery-item'>\n\t\t\t\t<dt class='gallery-icon landscape'>\n\t\t\t\t\t<a class=\"rollover rollover-zoom dt-pswp-item\" title=\"767bebeb-ed8f-4c43-8e12-62d23d40e1f2\" data-dt-img-description=\"\" data-large_image_width=\"1600\" data-large_image_height=\"900\"href='https:\/\/www.radiopiu.net\/wordpress\/wp-content\/uploads\/2023\/02\/767bebeb-ed8f-4c43-8e12-62d23d40e1f2.jpg'><img loading=\"lazy\" decoding=\"async\" width=\"300\" height=\"169\" src=\"https:\/\/www.radiopiu.net\/wordpress\/wp-content\/uploads\/2023\/02\/767bebeb-ed8f-4c43-8e12-62d23d40e1f2-300x169.jpg\" class=\"attachment-medium size-medium\" alt=\"\" srcset=\"https:\/\/www.radiopiu.net\/wordpress\/wp-content\/uploads\/2023\/02\/767bebeb-ed8f-4c43-8e12-62d23d40e1f2-300x169.jpg 300w, https:\/\/www.radiopiu.net\/wordpress\/wp-content\/uploads\/2023\/02\/767bebeb-ed8f-4c43-8e12-62d23d40e1f2-1024x576.jpg 1024w, https:\/\/www.radiopiu.net\/wordpress\/wp-content\/uploads\/2023\/02\/767bebeb-ed8f-4c43-8e12-62d23d40e1f2-768x432.jpg 768w, https:\/\/www.radiopiu.net\/wordpress\/wp-content\/uploads\/2023\/02\/767bebeb-ed8f-4c43-8e12-62d23d40e1f2-1536x864.jpg 1536w, https:\/\/www.radiopiu.net\/wordpress\/wp-content\/uploads\/2023\/02\/767bebeb-ed8f-4c43-8e12-62d23d40e1f2.jpg 1600w\" sizes=\"auto, (max-width: 300px) 100vw, 300px\" \/><\/a>\n\t\t\t\t<\/dt><\/dl><br style=\"clear: both\" \/>\n\t\t\t<\/div>\n\n<p>&nbsp;<\/p>\n<hr \/>\n<p>&nbsp;<\/p>\n<blockquote>\n<h3>SPECIALE SPI CGIL &#8211; 09 febbraio 2023 &#8211;<\/h3>\n<\/blockquote>\n<p><a class=\"dt-pswp-item\" href=\"https:\/\/www.radiopiu.net\/wordpress\/wp-content\/uploads\/2019\/02\/Logo_Spi-CGIL-800x445.jpg\" data-dt-img-description=\"\" data-large_image_width=\"800\" data-large_image_height=\"445\"><img loading=\"lazy\" decoding=\"async\" class=\"size-medium wp-image-75538 alignleft\" src=\"https:\/\/www.radiopiu.net\/wordpress\/wp-content\/uploads\/2019\/02\/Logo_Spi-CGIL-800x445-300x167.jpg\" alt=\"\" width=\"300\" height=\"167\" srcset=\"https:\/\/www.radiopiu.net\/wordpress\/wp-content\/uploads\/2019\/02\/Logo_Spi-CGIL-800x445-300x167.jpg 300w, https:\/\/www.radiopiu.net\/wordpress\/wp-content\/uploads\/2019\/02\/Logo_Spi-CGIL-800x445-768x427.jpg 768w, https:\/\/www.radiopiu.net\/wordpress\/wp-content\/uploads\/2019\/02\/Logo_Spi-CGIL-800x445.jpg 800w\" sizes=\"auto, (max-width: 300px) 100vw, 300px\" \/><\/a><\/p>\n<p>OSPITE: Maria Rita Gentilin<\/p>\n<p>&nbsp;<\/p>\n<p>&nbsp;<\/p>\n<p>&nbsp;<\/p>\n<p>&nbsp;<\/p>\n<p>&nbsp;<\/p>\n<p>DI MIRKO MEZZACASA<\/p>\n<audio class=\"wp-audio-shortcode\" id=\"audio-321141-5\" preload=\"none\" style=\"width: 100%;\" controls=\"controls\"><source type=\"audio\/mpeg\" src=\"https:\/\/www.radiopiu.net\/wordpress\/wp-content\/uploads\/2023\/02\/MARIA-RITA-GENTILIN-09-FEBBRAIO.mp3?_=5\" \/><a href=\"https:\/\/www.radiopiu.net\/wordpress\/wp-content\/uploads\/2023\/02\/MARIA-RITA-GENTILIN-09-FEBBRAIO.mp3\">https:\/\/www.radiopiu.net\/wordpress\/wp-content\/uploads\/2023\/02\/MARIA-RITA-GENTILIN-09-FEBBRAIO.mp3<\/a><\/audio>\n<p>&nbsp;<\/p>\n<p>&nbsp;<\/p>\n<hr \/>\n<p>&nbsp;<\/p>\n<blockquote>\n<h3>MERCOLEDI&#8217; IL CONSIGLIO COMUNALE DI TAIBON<\/h3>\n<\/blockquote>\n<p><strong>TAIBON<\/strong><\/p>\n<p>di Gianni Santomaso<\/p>\n<audio class=\"wp-audio-shortcode\" id=\"audio-321141-6\" preload=\"none\" style=\"width: 100%;\" controls=\"controls\"><source type=\"audio\/mpeg\" src=\"https:\/\/www.radiopiu.net\/wordpress\/wp-content\/uploads\/2023\/02\/GIANNI-IL-CONSIGLIO-COMUNALE-A-TAIBON.mp3?_=6\" \/><a href=\"https:\/\/www.radiopiu.net\/wordpress\/wp-content\/uploads\/2023\/02\/GIANNI-IL-CONSIGLIO-COMUNALE-A-TAIBON.mp3\">https:\/\/www.radiopiu.net\/wordpress\/wp-content\/uploads\/2023\/02\/GIANNI-IL-CONSIGLIO-COMUNALE-A-TAIBON.mp3<\/a><\/audio>\n<p>&nbsp;<\/p>\n<hr \/>\n<p>&nbsp;<\/p>\n<blockquote>\n<h3>QUARANT&#8217;ANNI DEL CEIS BELLUNO<\/h3>\n<\/blockquote>\n<p><strong><a class=\"dt-pswp-item\" href=\"https:\/\/www.radiopiu.net\/wordpress\/wp-content\/uploads\/2020\/12\/CEIS.png\" data-dt-img-description=\"\" data-large_image_width=\"640\" data-large_image_height=\"320\"><img loading=\"lazy\" decoding=\"async\" class=\" wp-image-180913 alignleft\" src=\"https:\/\/www.radiopiu.net\/wordpress\/wp-content\/uploads\/2020\/12\/CEIS-300x150.png\" alt=\"\" width=\"162\" height=\"81\" srcset=\"https:\/\/www.radiopiu.net\/wordpress\/wp-content\/uploads\/2020\/12\/CEIS-300x150.png 300w, https:\/\/www.radiopiu.net\/wordpress\/wp-content\/uploads\/2020\/12\/CEIS.png 640w\" sizes=\"auto, (max-width: 162px) 100vw, 162px\" \/><\/a>BELLUNO<\/strong> \u201cQuarant\u2019anni di Solidariet\u00e0 \u2013 Quarant\u2019anni di Libert\u00e0\u201d Con questa frase il Centro di Solidariet\u00e0 di Belluno intende sintetizzare la sua lunga storia di presenza e servizi sul territorio bellunese e oltre. L\u2019anniversario dell\u2019atto di costituzione del Centro, il compleanno di 40 anni, ricorre infatti il prossimo 6 maggio, presenti nel lontano 1983 davanti al notaio Molinari una ventina tra enti, associazioni e volontari, tutti in piena sintonia con la Societ\u00e0 Bellunese. Per ricordare e celebrare l\u2019evento sono previste varie iniziative e importanti momenti di richiesta attenzione sulle esigenze, tra l\u2019altro cresciute, dell\u2019area operativa socio-sanitaria nella quale il Ceis di Belluno offre i servizi.<\/p>\n<p>&nbsp;<\/p>\n<p>&nbsp;<\/p>\n<hr \/>\n<p>&nbsp;<\/p>\n<blockquote>\n<h3>L&#8217;ASSEMBLEA DEI DONATORI DEL SANGUE DI CANALE D&#8217;AGORDO<\/h3>\n<\/blockquote>\n<p><strong><a class=\"dt-pswp-item\" href=\"https:\/\/www.radiopiu.net\/wordpress\/wp-content\/uploads\/2020\/09\/DONAZIONE-SANGUE.jpg\" data-dt-img-description=\"\" data-large_image_width=\"1920\" data-large_image_height=\"1282\"><img loading=\"lazy\" decoding=\"async\" class=\" wp-image-161053 alignleft\" src=\"https:\/\/www.radiopiu.net\/wordpress\/wp-content\/uploads\/2020\/09\/DONAZIONE-SANGUE-300x200.jpg\" alt=\"\" width=\"150\" height=\"100\" srcset=\"https:\/\/www.radiopiu.net\/wordpress\/wp-content\/uploads\/2020\/09\/DONAZIONE-SANGUE-300x200.jpg 300w, https:\/\/www.radiopiu.net\/wordpress\/wp-content\/uploads\/2020\/09\/DONAZIONE-SANGUE-1024x684.jpg 1024w, https:\/\/www.radiopiu.net\/wordpress\/wp-content\/uploads\/2020\/09\/DONAZIONE-SANGUE-768x513.jpg 768w, https:\/\/www.radiopiu.net\/wordpress\/wp-content\/uploads\/2020\/09\/DONAZIONE-SANGUE-1536x1026.jpg 1536w, https:\/\/www.radiopiu.net\/wordpress\/wp-content\/uploads\/2020\/09\/DONAZIONE-SANGUE-640x427.jpg 640w, https:\/\/www.radiopiu.net\/wordpress\/wp-content\/uploads\/2020\/09\/DONAZIONE-SANGUE.jpg 1920w\" sizes=\"auto, (max-width: 150px) 100vw, 150px\" \/><\/a>CANALE D&#8217;AGORDO<\/strong><\/p>\n<p>di Gianni Santomaso<\/p>\n<audio class=\"wp-audio-shortcode\" id=\"audio-321141-7\" preload=\"none\" style=\"width: 100%;\" controls=\"controls\"><source type=\"audio\/mpeg\" src=\"https:\/\/www.radiopiu.net\/wordpress\/wp-content\/uploads\/2023\/02\/GIANNI-ASSEMBLEA-DEI-DONATORI-DEL-SANGUE-DI-CANALE-DAGORDO.mp3?_=7\" \/><a href=\"https:\/\/www.radiopiu.net\/wordpress\/wp-content\/uploads\/2023\/02\/GIANNI-ASSEMBLEA-DEI-DONATORI-DEL-SANGUE-DI-CANALE-DAGORDO.mp3\">https:\/\/www.radiopiu.net\/wordpress\/wp-content\/uploads\/2023\/02\/GIANNI-ASSEMBLEA-DEI-DONATORI-DEL-SANGUE-DI-CANALE-DAGORDO.mp3<\/a><\/audio>\n<p>&nbsp;<\/p>\n<p>&nbsp;<\/p>\n<hr \/>\n<p>&nbsp;<\/p>\n<p>&nbsp;<\/p>\n<blockquote>\n<h2>CONFERMATO IL DIRETTIVO DEL CORO FODOM, UNA STORIA DI OLTRE MEZZO SECOLO<\/h2>\n<\/blockquote>\n<p><strong><img loading=\"lazy\" decoding=\"async\" class=\"alignleft\" src=\"https:\/\/www.radiopiu.net\/wordpress\/wp-content\/uploads\/2023\/01\/th-14.jpg\" width=\"246\" height=\"138\" \/>LIVINALLONGO<\/strong><\/p>\n<p><strong>DI LORENZO SORATROI<\/strong><\/p>\n<audio class=\"wp-audio-shortcode\" id=\"audio-321141-8\" preload=\"none\" style=\"width: 100%;\" controls=\"controls\"><source type=\"audio\/mpeg\" src=\"https:\/\/www.radiopiu.net\/wordpress\/wp-content\/uploads\/2023\/02\/CORO-FODOM-LORENZO.mp3?_=8\" \/><a href=\"https:\/\/www.radiopiu.net\/wordpress\/wp-content\/uploads\/2023\/02\/CORO-FODOM-LORENZO.mp3\">https:\/\/www.radiopiu.net\/wordpress\/wp-content\/uploads\/2023\/02\/CORO-FODOM-LORENZO.mp3<\/a><\/audio>\n<p>&nbsp;<\/p>\n<p>&nbsp;<\/p>\n<hr \/>\n<p>&nbsp;<\/p>\n<blockquote>\n<blockquote>\n<h3>PIERO FASSINO INCONTRA LE ASSOCIAZIONI DI CATEGORIA DEL BELLUNESE<\/h3>\n<\/blockquote>\n<p><strong>BELLUNO\u00a0 <\/strong>Oggi, Ezio Paganin,\u00a0 il Presidente dell\u2019Assemblea provinciale del Partito Democratico, d\u2019intesa con la Segretaria, Monica Lotto, ha organizzato un primo incontro tra il deputato Piero Fassino e le Associazioni di Categoria provinciali. L\u2019iniziativa si inquadra\u00a0 nel progetto di collaborazione che il PD di Belluno intende avere con il mondo del lavoro provinciale e regionale e con le parti sociali con l\u2019obiettivo di cogliere i loro bisogni e istanze\u00a0 da sostenere a livello parlamentare<\/p><\/blockquote>\n<p>&nbsp;<\/p>\n<p>&nbsp;<\/p>\n<p>&nbsp;<\/p>\n<hr \/>\n<p>&nbsp;<\/p>\n<blockquote>\n<h3>IL RITORNO DEL LUPO, PROSEGUONO GLI INCONTRI<\/h3>\n<\/blockquote>\n<p><strong>LAMON <\/strong><span style=\"font-family: Tahoma, Verdana;\">&#8220;Il ritorno del lupo: conoscere di pi\u00f9 per convivere meglio&#8221;: \u00e8 il titolo della serata pubblica organizzata dal Comune di Lamon e dal Parco Nazionale Dolomiti Bellunesi. L&#8217;appuntamento \u00e8 per mercoled\u00ec 22 febbraio, alle ore 20:30, presso la sala teatro del centro AMO di Lamon. Relazioni di\u00a0 <\/span><span style=\"font-family: Tahoma, Verdana;\">Enrico Vettorazzo, tecnico del Parco Nazionale Dolomiti Bellunesi, e del fotografo naturalista Ivan Mazzon\u00a0<\/span><\/p>\n<p>&nbsp;<\/p>\n<p>&nbsp;<\/p>\n<hr \/>\n<p>&nbsp;<\/p>\n<blockquote>\n<h3>BENEFICA CENA AL BUIO<\/h3>\n<\/blockquote>\n<p><strong>AGORDO<\/strong> L&#8217;Unione Italiana dei Ciechi e degli Ipovedenti di Belluno\u00a0 organizza per\u00a0 sabato 25 febbraio, alle 20, al centro parrocchiale Vincenzo Savio la cena al buio. Il costo dell&#8217;evento \u00e8 di \u20ac 40 a persona. Parte del ricavato verr\u00e0 impiegata per finanziare l&#8217;acquisto di un nuovo pulmino per il trasporto delle persone con disabilit\u00e0 visiva della provincia di Belluno a opera dei volontari U.N.I.Vo.C. Le iscrizioni sono aperte fino al 20 febbraio (ma verranno chiuse prima in caso di esaurimento dei posti disponibili). Info 0437 943413<\/p>\n<p>&nbsp;<\/p>\n<hr \/>\n<p>&nbsp;<\/p>\n<blockquote>\n<h3><a class=\"dt-pswp-item\" href=\"https:\/\/www.radiopiu.net\/wordpress\/wp-content\/uploads\/2023\/02\/acbc0f45-9c3c-475c-bf20-3f414cf129b4-280x300-1.jpg\" data-dt-img-description=\"\" data-large_image_width=\"280\" data-large_image_height=\"300\"><img loading=\"lazy\" decoding=\"async\" class=\" wp-image-321162 alignleft\" src=\"https:\/\/www.radiopiu.net\/wordpress\/wp-content\/uploads\/2023\/02\/acbc0f45-9c3c-475c-bf20-3f414cf129b4-280x300-1.jpg\" alt=\"\" width=\"133\" height=\"143\" \/><\/a>CAMMINA CON IL CUORE<\/h3>\n<p><em>Il ricavato verr\u00e0 in parte devoluto all&#8217;associazione, in memoria del giovane Kevin Fontanive, recentemente scomparso, al quale l&#8217;Aido dedicher\u00e0 l&#8217;evento.<\/em><\/p><\/blockquote>\n<p><strong>LIMANA <\/strong>Domani a Limana, l&#8217;Aido Belluno proporra\u0300 &#8220;Cammina con cuore&#8221;, una passeggiata per adulti e bambini lungo un percorso ad anello di cinque chilometri per sponsorizzare uno stile di vita sano.\u00a0 Il programma prevede il ritrovo alle 14 in piazza Lorenzi (davanti alla chiesa), con la successiva partenza alle 14.30. La quota di adesione sara\u0300 di cinque euro. I bambini sotto i dieci anni potranno invece partecipare gratuitamente.<\/p>\n<p>&nbsp;<\/p>\n<hr \/>\n<p>&nbsp;<\/p>\n<blockquote>\n<h3>CON LA SEZIONE AGORDINA DEL CLUB ALPINO ITALIANO<\/h3>\n<\/blockquote>\n<p><strong>AGORDO\u00a0<\/strong> Dopo il buon avvio di stagione, con discreto innevamento e buona partecipazione alle escursioni scialpinistiche e con le racchette da neve, domenica nuovo appuntamento sulle Dolomiti Ampezzane, al lago di Federa, con racchette da neve.<\/p>\n<p>&nbsp;<\/p>\n<hr \/>\n<p>&nbsp;<\/p>\n<blockquote>\n<h3>IL GRAN BALLO DI SAN VALENTINO, DOMANI AL NOF FILO&#8217; DI CENCENIGHE<\/h3>\n<\/blockquote>\n<blockquote><p><em>Domani la serata danzante \u00e8 aperta a tutti con ingresso a 10 \u20ac e sar\u00e0 allietata dalla musica dell\u2019orchestra Alfio e Rino live show. Durante la serata si potranno degustare i tradizionali carfogn e la novit\u00e0 del gelato artigianale alla vaniglia e papavero preparato dai nostri maestri gelatai, simbolo dell\u2019emigrazione agordina che ha esportato all\u2019estero i saperi e l\u2019imprenditorialit\u00e0 bellunese, portando alto il nome delle gelaterie agordine in Germania.<\/em><\/p><\/blockquote>\n<p>&nbsp;<\/p>\n<hr \/>\n<p>&nbsp;<\/p>\n<p>&nbsp;<\/p>\n<h3>GIORGIA RACCONTA LA RINASCITA, L&#8217;APPUNTAMENTO CON GENITORI SEMPRE<\/h3>\n<p><em>&#8220;NO ALL&#8217;USO DI DROGHE, SI AL DIVERTIMENTO SICURO&#8221;, a conclusione di un percorso tra le scuole della vallata: VENERDI 17 FEBBRAIO ALLE 20.30 IN SALA DON TAMIS AD AGORDO, L&#8217;INCONTRO PER GENITORI E LA COMUNITA&#8217;, PRESENTATO DA GIANPAOLO SORATROI, CON GIORGIA BENUSIGLIO, SCRITTRICE E TESTIMONIAL ANTI DROGA: &#8220;ESPERIENZA E RISCATTO&#8221;. <\/em><em>CON ALFIO DE SANDRE, MEDICO, TOSSICOLOGO E PSICOTERAPEUTA -Dipartimento delle dipendenze &#8211; AULS 1 DOLOMITI. <\/em><em>UN INVITO DI &#8220;GENITORI SEMPRE&#8221;, ASSOCIAZIONE DI PROMOZIONE SOCIALE, CON IL PATROCINIO DEI COMUNI DI AGORDO, CENCENIGHE E DELL&#8217;UNIONE MONTANA AGORDINA<\/em><\/p>\n<p>&nbsp;<\/p>\n<p>&nbsp;<\/p>\n<hr \/>\n<p>&nbsp;<\/p>\n<blockquote>\n<h3><a class=\"dt-pswp-item\" href=\"https:\/\/www.radiopiu.net\/wordpress\/wp-content\/uploads\/2023\/02\/c688b549-bd78-417a-82fc-9b5b7ddfe6eb.jpg\" data-dt-img-description=\"\" data-large_image_width=\"1131\" data-large_image_height=\"1600\"><img loading=\"lazy\" decoding=\"async\" class=\" wp-image-320109 alignleft\" src=\"https:\/\/www.radiopiu.net\/wordpress\/wp-content\/uploads\/2023\/02\/c688b549-bd78-417a-82fc-9b5b7ddfe6eb-212x300.jpg\" alt=\"\" width=\"131\" height=\"185\" srcset=\"https:\/\/www.radiopiu.net\/wordpress\/wp-content\/uploads\/2023\/02\/c688b549-bd78-417a-82fc-9b5b7ddfe6eb-212x300.jpg 212w, https:\/\/www.radiopiu.net\/wordpress\/wp-content\/uploads\/2023\/02\/c688b549-bd78-417a-82fc-9b5b7ddfe6eb-724x1024.jpg 724w, https:\/\/www.radiopiu.net\/wordpress\/wp-content\/uploads\/2023\/02\/c688b549-bd78-417a-82fc-9b5b7ddfe6eb-768x1086.jpg 768w, https:\/\/www.radiopiu.net\/wordpress\/wp-content\/uploads\/2023\/02\/c688b549-bd78-417a-82fc-9b5b7ddfe6eb-1086x1536.jpg 1086w, https:\/\/www.radiopiu.net\/wordpress\/wp-content\/uploads\/2023\/02\/c688b549-bd78-417a-82fc-9b5b7ddfe6eb.jpg 1131w\" sizes=\"auto, (max-width: 131px) 100vw, 131px\" \/><\/a>E DOMENICA 12&#8230; A COLMEAN LA GARA DI RIDOLE A COPPIE<\/h3>\n<\/blockquote>\n<p>12 FEBBRAIO, ORE 14&#8230; .3-2-1.. SPINGI&#8230; VOLA&#8230;DAI&#8230;. ARRIVA: VINCI LA TUA SFIDA E&#8230; ABBRACCIATI! GARA DI RID\u00f2LE A COPPIE SULLA PISTA DI SLITTINO DI COLMEAN. UNA GIORNATA DI SPORT, DI FESTA E TRADIZIONI, CON IL GRUPPO CRODAIOLI DELL&#8217;AUTA DI FEDER. PUNTO BASE PER LE ISCRIZIONI IL BAR COLMEAN, FINO ALLE 12.30 DI DOMENICA 12 FEBBRAIO E PRESSO IL TRAGUARDO FINO A 15 MINUTI PRIMA DELLA PARTENZA. ALLE 16 LE PREMIAZIONI. INFORMAZIONI ALLO 0437 592078<\/p>\n<p><strong>di Gianni Santomaso<\/strong><\/p>\n<audio class=\"wp-audio-shortcode\" id=\"audio-321141-9\" preload=\"none\" style=\"width: 100%;\" controls=\"controls\"><source type=\"audio\/mpeg\" src=\"https:\/\/www.radiopiu.net\/wordpress\/wp-content\/uploads\/2023\/02\/GIANNI-RIDOLE-A-COPPIE.mp3?_=9\" \/><a href=\"https:\/\/www.radiopiu.net\/wordpress\/wp-content\/uploads\/2023\/02\/GIANNI-RIDOLE-A-COPPIE.mp3\">https:\/\/www.radiopiu.net\/wordpress\/wp-content\/uploads\/2023\/02\/GIANNI-RIDOLE-A-COPPIE.mp3<\/a><\/audio>\n<p>&nbsp;<\/p>\n<hr \/>\n<p>&nbsp;<\/p>\n<p>&nbsp;<\/p>\n<blockquote>\n<h2><span style=\"color: #ff0000;\">ON&#8212;&#8211;OFF<\/span><\/h2>\n<\/blockquote>\n<p><a class=\"dt-pswp-item\" href=\"https:\/\/www.radiopiu.net\/wordpress\/wp-content\/uploads\/2023\/01\/ZANETTI.png\" data-dt-img-description=\"\" data-large_image_width=\"744\" data-large_image_height=\"631\"><img loading=\"lazy\" decoding=\"async\" class=\"size-medium wp-image-319233 alignleft\" src=\"https:\/\/www.radiopiu.net\/wordpress\/wp-content\/uploads\/2023\/01\/ZANETTI-300x254.png\" alt=\"\" width=\"300\" height=\"254\" srcset=\"https:\/\/www.radiopiu.net\/wordpress\/wp-content\/uploads\/2023\/01\/ZANETTI-300x254.png 300w, https:\/\/www.radiopiu.net\/wordpress\/wp-content\/uploads\/2023\/01\/ZANETTI.png 744w\" sizes=\"auto, (max-width: 300px) 100vw, 300px\" \/><\/a>off?&#8230;. on!!!!! Accendi la tua notte! Con gli studenti del liceo scientifico SPORTIVO, al PALAFALCADE&#8230; OGGI E DOMANI, APERITIVI, TORNEO DI BRISCOLA, CALCIO BALILLA. venerdi 10 il ballo liscio con Cristian Group, sabato 11 serata con DJ BISSO E DALLA MEZZANOTTE happy hour. Se fai tardi? Puoi fare tardi&#8230; c&#8217;e&#8217; il servizio navetta con Massimo. Vantaggioso il biglietto in prevendita&#8230; a soli 7 euro. info 340 4865363 ACCENDI LA TUA NOTTE, A FALCADE, CON GLI STUDENTI DELLO SCIENTIFICO SPORTIVO DI AGORDO&#8230;.NO LIMITS IN COLLABORAZIONE CON Impresa edile eredi Dorigo Vincenzo , ad Agordo. Zumbrillenbar, ristorante e pizza unica, a mezzogiorno e sera, in localit\u00e0 Valcozzena. E.. impresa edile marco menegolla<\/p>\n<p><strong>ALLA RADIO<\/strong><\/p>\n<audio class=\"wp-audio-shortcode\" id=\"audio-321141-10\" preload=\"none\" style=\"width: 100%;\" controls=\"controls\"><source type=\"audio\/mpeg\" src=\"https:\/\/www.radiopiu.net\/wordpress\/wp-content\/uploads\/2023\/01\/LICEOAGORDO_BA_3101.mp3?_=10\" \/><a href=\"https:\/\/www.radiopiu.net\/wordpress\/wp-content\/uploads\/2023\/01\/LICEOAGORDO_BA_3101.mp3\">https:\/\/www.radiopiu.net\/wordpress\/wp-content\/uploads\/2023\/01\/LICEOAGORDO_BA_3101.mp3<\/a><\/audio>\n<p>&nbsp;<\/p>\n<p>&nbsp;<\/p>\n<hr \/>\n<p>&nbsp;<\/p>\n<blockquote>\n<h3>DOMANI A LASTE, DOMENICA A RIVAMONTE: CARNEVAI DE LE VAI<\/h3>\n<\/blockquote>\n<p><a class=\"dt-pswp-item\" href=\"https:\/\/www.radiopiu.net\/wordpress\/wp-content\/uploads\/2023\/01\/f357cc9c-828e-4d9b-9ff4-ec3efed24d74.jpg\" data-dt-img-description=\"\" data-large_image_width=\"724\" data-large_image_height=\"1024\"><img loading=\"lazy\" decoding=\"async\" class=\"wp-image-315069 alignleft\" src=\"https:\/\/www.radiopiu.net\/wordpress\/wp-content\/uploads\/2023\/01\/f357cc9c-828e-4d9b-9ff4-ec3efed24d74.jpg\" alt=\"\" width=\"140\" height=\"198\" srcset=\"https:\/\/www.radiopiu.net\/wordpress\/wp-content\/uploads\/2023\/01\/f357cc9c-828e-4d9b-9ff4-ec3efed24d74.jpg 724w, https:\/\/www.radiopiu.net\/wordpress\/wp-content\/uploads\/2023\/01\/f357cc9c-828e-4d9b-9ff4-ec3efed24d74-212x300.jpg 212w\" sizes=\"auto, (max-width: 140px) 100vw, 140px\" \/><\/a><\/p>\n<h1><strong style=\"color: #ff0000; font-size: 14px;\">A CARNEVALE&#8230; EL CARNEVAL DE LE VAI&#8230;DA SELVA DI CADORE A CANALE D&#8217;AGORDO, DA RIVAMONTE A LASTE E SOTTOGUDA. TRADIZIONE, CULTURLA E SPETTACOLO\u00a0 L&#8217;INCONTRO ALLA RADIO CON GLI ORGANIZZATORI<\/strong><\/h1>\n<p>&nbsp;<\/p>\n<p>&nbsp;<\/p>\n<p>\u201cCarnevai de le vai\u201d: CARNEVALI tradizionali, MASCHERATE tipiche, CULTURA e folklore DELL&#8217;AGORDINO. CINQUE APPUNTAMENTI DAL 22 GENNAIO AL 19 FEBBRAIO. \u00a0<strong>SABATO 11 FEBBRAIO<\/strong> DA MO\u00c8 DI LASTE A DAGAI LA \u201cMASCORADA DA LASTE\u201d&#8230;sfilata con il Matacinch e BALLO NELLA SALA DEI POMPIERI <strong>DOMENICA 12 FEBBRAIO,<\/strong> sfilata DAL RISTORANTE \u201cAL MOLIN\u201d ALLA PIAZZA DELLA CHIESA di Rivamonte: \u201c\u00d2LT DA RIVA E CONPAGNIA BELA\u201d, festa, BALLI E PREMI PER le MASCHERe pi\u00f9 belle.<strong> SABATO 18 FEBBRAIO<\/strong> DA COL DI ROCCA A SOTTOGUDA \u201cLA MASCOR\u00c8DA\u201d, sfilata, giochi e PREMI ALLA MASCHERA PIU&#8217; BELLA.<strong> DOMENICA 19 FEBBRAIO<\/strong> A CANALE D&#8217;AGORDO IN PIAZZA E PER LE VIE DEL PAESE \u201cLA ZINGHENESTA\u201d.<br \/>\nPARTENZA AL MATTINO DA FALCADE, ALLE 16 IL PROCESSO A CARNEVALE TRA balli, CARFOGN E CAFE&#8217; DA ORZ \u201cCarnevai de le vai\u201dmascherete e carnevali tipici dell\u2019Agordino, dove la tradizione e la cultura \u201cvanno a braccetto\u201d con la festa e l\u2019allegria<\/p>\n<p>&nbsp;<\/p>\n<p><iframe loading=\"lazy\" title=\"CARNEVAI DE LE VAI L&#039;INTERVISTA AI PROTAGONISTI\" width=\"1200\" height=\"675\" src=\"https:\/\/www.youtube.com\/embed\/w-vtgGV1TuM?feature=oembed\" frameborder=\"0\" allow=\"accelerometer; autoplay; clipboard-write; encrypted-media; gyroscope; picture-in-picture; web-share\" allowfullscreen><\/iframe><\/p>\n<p>&nbsp;<\/p>\n<p>&nbsp;<\/p>\n<p>&nbsp;<\/p>\n<p>&nbsp;<\/p>\n<hr \/>\n<blockquote>\n<h3><\/h3>\n<h3>IL CARNEVALE DI SEDICO AUDIO<\/h3>\n<\/blockquote>\n\n\t\t\t<style type='text\/css'>\n\t\t\t\t#gallery-4 {\n\t\t\t\t\tmargin: auto;\n\t\t\t\t}\n\t\t\t\t#gallery-4 .gallery-item {\n\t\t\t\t\tfloat: left;\n\t\t\t\t\tmargin-top: 10px;\n\t\t\t\t\ttext-align: center;\n\t\t\t\t\twidth: 25%;\n\t\t\t\t}\n\t\t\t\t#gallery-4 img {\n\t\t\t\t\tborder: 2px solid #cfcfcf;\n\t\t\t\t}\n\t\t\t\t#gallery-4 .gallery-caption {\n\t\t\t\t\tmargin-left: 0;\n\t\t\t\t}\n\t\t\t\t\/* see gallery_shortcode() in wp-includes\/media.php *\/\n\t\t\t<\/style>\n\t\t<div id='gallery-4' class='dt-gallery-container gallery galleryid-321141 gallery-columns-4 gallery-size-thumbnail'><dl class='gallery-item'>\n\t\t\t\t<dt class='gallery-icon landscape'>\n\t\t\t\t\t<a class=\"rollover rollover-zoom dt-pswp-item\" title=\"lsc1-1024x1013\" data-dt-img-description=\"\" data-large_image_width=\"1024\" data-large_image_height=\"1013\"href='https:\/\/www.radiopiu.net\/wordpress\/wp-content\/uploads\/2023\/02\/lsc1-1024x1013-1.jpg'><img loading=\"lazy\" decoding=\"async\" width=\"150\" height=\"150\" src=\"https:\/\/www.radiopiu.net\/wordpress\/wp-content\/uploads\/2023\/02\/lsc1-1024x1013-1-150x150.jpg\" class=\"attachment-thumbnail size-thumbnail\" alt=\"\" srcset=\"https:\/\/www.radiopiu.net\/wordpress\/wp-content\/uploads\/2023\/02\/lsc1-1024x1013-1-150x150.jpg 150w, https:\/\/www.radiopiu.net\/wordpress\/wp-content\/uploads\/2023\/02\/lsc1-1024x1013-1-300x297.jpg 300w\" sizes=\"auto, (max-width: 150px) 100vw, 150px\" \/><\/a>\n\t\t\t\t<\/dt><\/dl><dl class='gallery-item'>\n\t\t\t\t<dt class='gallery-icon landscape'>\n\t\t\t\t\t<a class=\"rollover rollover-zoom dt-pswp-item\" title=\"321145035_23852495964190037_3565507165864669981_n\" data-dt-img-description=\"\" data-large_image_width=\"960\" data-large_image_height=\"960\"href='https:\/\/www.radiopiu.net\/wordpress\/wp-content\/uploads\/2023\/02\/321145035_23852495964190037_3565507165864669981_n.jpg'><img loading=\"lazy\" decoding=\"async\" width=\"150\" height=\"150\" src=\"https:\/\/www.radiopiu.net\/wordpress\/wp-content\/uploads\/2023\/02\/321145035_23852495964190037_3565507165864669981_n-150x150.jpg\" class=\"attachment-thumbnail size-thumbnail\" alt=\"\" srcset=\"https:\/\/www.radiopiu.net\/wordpress\/wp-content\/uploads\/2023\/02\/321145035_23852495964190037_3565507165864669981_n-150x150.jpg 150w, https:\/\/www.radiopiu.net\/wordpress\/wp-content\/uploads\/2023\/02\/321145035_23852495964190037_3565507165864669981_n-300x300.jpg 300w, https:\/\/www.radiopiu.net\/wordpress\/wp-content\/uploads\/2023\/02\/321145035_23852495964190037_3565507165864669981_n-768x768.jpg 768w, https:\/\/www.radiopiu.net\/wordpress\/wp-content\/uploads\/2023\/02\/321145035_23852495964190037_3565507165864669981_n.jpg 960w\" sizes=\"auto, (max-width: 150px) 100vw, 150px\" \/><\/a>\n\t\t\t\t<\/dt><\/dl><dl class='gallery-item'>\n\t\t\t\t<dt class='gallery-icon landscape'>\n\t\t\t\t\t<a class=\"rollover rollover-zoom dt-pswp-item\" title=\"316029020_23852495963820037_1614347729215627725_n\" data-dt-img-description=\"\" data-large_image_width=\"960\" data-large_image_height=\"960\"href='https:\/\/www.radiopiu.net\/wordpress\/wp-content\/uploads\/2023\/02\/316029020_23852495963820037_1614347729215627725_n.jpg'><img loading=\"lazy\" decoding=\"async\" width=\"150\" height=\"150\" src=\"https:\/\/www.radiopiu.net\/wordpress\/wp-content\/uploads\/2023\/02\/316029020_23852495963820037_1614347729215627725_n-150x150.jpg\" class=\"attachment-thumbnail size-thumbnail\" alt=\"\" srcset=\"https:\/\/www.radiopiu.net\/wordpress\/wp-content\/uploads\/2023\/02\/316029020_23852495963820037_1614347729215627725_n-150x150.jpg 150w, https:\/\/www.radiopiu.net\/wordpress\/wp-content\/uploads\/2023\/02\/316029020_23852495963820037_1614347729215627725_n-300x300.jpg 300w, https:\/\/www.radiopiu.net\/wordpress\/wp-content\/uploads\/2023\/02\/316029020_23852495963820037_1614347729215627725_n-768x768.jpg 768w, https:\/\/www.radiopiu.net\/wordpress\/wp-content\/uploads\/2023\/02\/316029020_23852495963820037_1614347729215627725_n.jpg 960w\" sizes=\"auto, (max-width: 150px) 100vw, 150px\" \/><\/a>\n\t\t\t\t<\/dt><\/dl><dl class='gallery-item'>\n\t\t\t\t<dt class='gallery-icon landscape'>\n\t\t\t\t\t<a class=\"rollover rollover-zoom dt-pswp-item\" title=\"326751864_23852495963540037_8046812644008803059_n\" data-dt-img-description=\"\" data-large_image_width=\"960\" data-large_image_height=\"960\"href='https:\/\/www.radiopiu.net\/wordpress\/wp-content\/uploads\/2023\/02\/326751864_23852495963540037_8046812644008803059_n.jpg'><img loading=\"lazy\" decoding=\"async\" width=\"150\" height=\"150\" src=\"https:\/\/www.radiopiu.net\/wordpress\/wp-content\/uploads\/2023\/02\/326751864_23852495963540037_8046812644008803059_n-150x150.jpg\" class=\"attachment-thumbnail size-thumbnail\" alt=\"\" srcset=\"https:\/\/www.radiopiu.net\/wordpress\/wp-content\/uploads\/2023\/02\/326751864_23852495963540037_8046812644008803059_n-150x150.jpg 150w, https:\/\/www.radiopiu.net\/wordpress\/wp-content\/uploads\/2023\/02\/326751864_23852495963540037_8046812644008803059_n-300x300.jpg 300w, https:\/\/www.radiopiu.net\/wordpress\/wp-content\/uploads\/2023\/02\/326751864_23852495963540037_8046812644008803059_n-768x768.jpg 768w, https:\/\/www.radiopiu.net\/wordpress\/wp-content\/uploads\/2023\/02\/326751864_23852495963540037_8046812644008803059_n.jpg 960w\" sizes=\"auto, (max-width: 150px) 100vw, 150px\" \/><\/a>\n\t\t\t\t<\/dt><\/dl><br style=\"clear: both\" \/>\n\t\t\t<\/div>\n\n<audio class=\"wp-audio-shortcode\" id=\"audio-321141-11\" preload=\"none\" style=\"width: 100%;\" controls=\"controls\"><source type=\"audio\/mpeg\" src=\"https:\/\/www.radiopiu.net\/wordpress\/wp-content\/uploads\/2023\/02\/CARNEVALE-DI-SEDICO-05-feb-30s-coda-DE-MIN.mp3?_=11\" \/><a href=\"https:\/\/www.radiopiu.net\/wordpress\/wp-content\/uploads\/2023\/02\/CARNEVALE-DI-SEDICO-05-feb-30s-coda-DE-MIN.mp3\">https:\/\/www.radiopiu.net\/wordpress\/wp-content\/uploads\/2023\/02\/CARNEVALE-DI-SEDICO-05-feb-30s-coda-DE-MIN.mp3<\/a><\/audio>\n<h3><\/h3>\n<h3><\/h3>\n<blockquote>\n<h3>IL CARNEVALE CASTIONESE AUDIO<\/h3>\n<\/blockquote>\n<p><a class=\"dt-pswp-item\" href=\"https:\/\/www.radiopiu.net\/wordpress\/wp-content\/uploads\/2023\/02\/Senza-nome-16.jpg\" data-dt-img-description=\"\" data-large_image_width=\"662\" data-large_image_height=\"307\"><img loading=\"lazy\" decoding=\"async\" class=\" wp-image-320744 alignleft\" src=\"https:\/\/www.radiopiu.net\/wordpress\/wp-content\/uploads\/2023\/02\/Senza-nome-16-300x139.jpg\" alt=\"\" width=\"270\" height=\"125\" srcset=\"https:\/\/www.radiopiu.net\/wordpress\/wp-content\/uploads\/2023\/02\/Senza-nome-16-300x139.jpg 300w, https:\/\/www.radiopiu.net\/wordpress\/wp-content\/uploads\/2023\/02\/Senza-nome-16.jpg 662w\" sizes=\"auto, (max-width: 270px) 100vw, 270px\" \/><\/a>MASCHERE&#8230;MASCHERINE&#8230;CORIANDOLI E STELLE FILANTI&#8230;IL CARNEVALE<br \/>\nCASTIONESE PORTA&#8230;LA GIOIA!<br \/>\nTRE APPPUNTAMENTI CON LA PROLOCO E ASSOCIAZIONI LOCALI, PATROCINIO DELLA<br \/>\nPROVINCIA<br \/>\nsabato 18 febbraio alle 20.45 al teatro San Gaetano &#8220;Carnevale a Teatro&#8221;<br \/>\ndomenica 19 febbraio alle 11.30 sfilano le mascherine, dalle 14 in pian<br \/>\ndelle feste i carri mascherati<br \/>\nLunedi 20 febbraio alle 20.30 nella palestra delle scuole medie il gran<br \/>\nfinale con la tombola di carnevale.<br \/>\ninfo 345 8238880<\/p>\n<audio class=\"wp-audio-shortcode\" id=\"audio-321141-12\" preload=\"none\" style=\"width: 100%;\" controls=\"controls\"><source type=\"audio\/mpeg\" src=\"https:\/\/www.radiopiu.net\/wordpress\/wp-content\/uploads\/2023\/02\/carnevale-castionese-c.mp3?_=12\" \/><a href=\"https:\/\/www.radiopiu.net\/wordpress\/wp-content\/uploads\/2023\/02\/carnevale-castionese-c.mp3\">https:\/\/www.radiopiu.net\/wordpress\/wp-content\/uploads\/2023\/02\/carnevale-castionese-c.mp3<\/a><\/audio>\n<p>&nbsp;<\/p>\n<p>&nbsp;<\/p>\n<hr \/>\n<p>&nbsp;<\/p>\n<blockquote>\n<h3>LA ZINGHENESTA A CANALE D&#8217;AGORDO<\/h3>\n<\/blockquote>\n<p><strong>CANALE D&#8217;AGORDO<\/strong> Domenica 19 febbraio torna La Zinghenesta a Canale D&#8217;Agordo, il carnevale della Valle del Biois. L&#8217;evento inizier\u00e0 con la consueta sfilata del corteo mascherato in partenza da Falcade per poi arrivare verso le 12.00 a Canale d&#8217;Agordo. Alle 15.00 inizio della sfilata per le vie del paese, arrivo in piazza e premiazione della maschera pi\u00f9 bella; Alle 16.30 processo al Carnevale. Sculture in legno, divertimento e dolci per grandi e piccini accompagneranno questa edizione<\/p>\n<p>&nbsp;<\/p>\n<p>&nbsp;<\/p>\n<p>&nbsp;<\/p>\n<hr \/>\n<p>&nbsp;<\/p>\n<blockquote>\n<h3>IL MINISTRO DELLA SANITA\u2019 E AMADEUS VISITANO LE DOLOMITI BELLUNESI A CASA SANREMO<\/h3>\n<\/blockquote>\n<p><strong>SANREMO<\/strong> Il Festival non \u00e8 solo una vetrina per il Bellunese, ma un\u2019occasione di confronto su grandi tempi. Nella mattinata di ieri infatti il ministro della sanit\u00e0 Orazio Schillaci, ospite di un evento su prevenzione e salute, ha incontrato Il presidente della Provincia di Belluno, Roberto Padrin, nella club house Dolomiti Bellunesi. Il tempo di un caff\u00e8 con diversi argomenti, fra i quali il tema dell\u2019\u2019occhialeria e dell\u2019importanza di questo settore nel sistema del Made in Italy. \u00abL\u2019occhiale non \u00e8 solo moda e design, campo nel quale le nostre aziende bellunesi eccellono. \u00c8 anche uno strumento di sanit\u00e0 a tutti gli effetti. Ed \u00e8 di questo che ho voluto parlare con il ministro Schillaci\u00bb, spiega il presidente Padrin. \u00abGli ho presentato il distretto dell\u2019occhiale, eccellenza tutta bellunese, e insieme abbiamo parlato dell\u2019importanza della salute degli occhi e della buona vista. Gli ho ribadito l\u2019importanza del bonus vista, che consente ai nuclei familiari di accedere a un contributo per l\u2019acquisto di lenti e occhiali da vista a partire dal 13 febbraio; speriamo che questo strumento venga implementato, anche con l\u2019innalzamento della soglia Isee. Sarebbe un\u2019occasione importante non solo per rendere un servizio alle famiglie, ma anche per stimolare il settore e il mercato\u00bb.\u00a0 Il tema occhialeria \u00e8 stato messo al centro anche con la presenza dei lavoratori Safilo, portatori di un know-how che da decenni rende Belluno terra di grande occhialeria.\u00a0 Poi \u00e8 stata la volta di Amadeus. Il presentatore e direttore artistico del Festival \u00e8 passato a Casa Sanremo e si \u00e8 intrattenuto con il presidente Padrin per parlare delle eccellenze e della storia del territorio. Il tema della quarta giornata di Casa Sanremo \u00e8 ruotato intorno alla Regione Veneto e ai siti Unesco presentati durante il programma \u201cBuongiorno Sanremo&#8221;, ospite l\u2019assessore regionale alla cultura Cristiano Corazzari. Oggi le Dolomiti Bellunesi metteranno sotto i riflettori l\u2019alpinismo e l\u2019artigianato.<\/p>\n\n\t\t\t<style type='text\/css'>\n\t\t\t\t#gallery-5 {\n\t\t\t\t\tmargin: auto;\n\t\t\t\t}\n\t\t\t\t#gallery-5 .gallery-item {\n\t\t\t\t\tfloat: left;\n\t\t\t\t\tmargin-top: 10px;\n\t\t\t\t\ttext-align: center;\n\t\t\t\t\twidth: 25%;\n\t\t\t\t}\n\t\t\t\t#gallery-5 img {\n\t\t\t\t\tborder: 2px solid #cfcfcf;\n\t\t\t\t}\n\t\t\t\t#gallery-5 .gallery-caption {\n\t\t\t\t\tmargin-left: 0;\n\t\t\t\t}\n\t\t\t\t\/* see gallery_shortcode() in wp-includes\/media.php *\/\n\t\t\t<\/style>\n\t\t<div id='gallery-5' class='dt-gallery-container gallery galleryid-321141 gallery-columns-4 gallery-size-medium'><dl class='gallery-item'>\n\t\t\t\t<dt class='gallery-icon landscape'>\n\t\t\t\t\t<a class=\"rollover rollover-zoom dt-pswp-item\" title=\"B0E64657-D57E-45F5-96BF-ED68A068F2F6\" data-dt-img-description=\"\" data-large_image_width=\"1024\" data-large_image_height=\"684\"href='https:\/\/www.radiopiu.net\/wordpress\/wp-content\/uploads\/2023\/02\/B0E64657-D57E-45F5-96BF-ED68A068F2F6.jpeg'><img loading=\"lazy\" decoding=\"async\" width=\"300\" height=\"200\" src=\"https:\/\/www.radiopiu.net\/wordpress\/wp-content\/uploads\/2023\/02\/B0E64657-D57E-45F5-96BF-ED68A068F2F6-300x200.jpeg\" class=\"attachment-medium size-medium\" alt=\"\" srcset=\"https:\/\/www.radiopiu.net\/wordpress\/wp-content\/uploads\/2023\/02\/B0E64657-D57E-45F5-96BF-ED68A068F2F6-300x200.jpeg 300w, https:\/\/www.radiopiu.net\/wordpress\/wp-content\/uploads\/2023\/02\/B0E64657-D57E-45F5-96BF-ED68A068F2F6-768x513.jpeg 768w, https:\/\/www.radiopiu.net\/wordpress\/wp-content\/uploads\/2023\/02\/B0E64657-D57E-45F5-96BF-ED68A068F2F6.jpeg 1024w\" sizes=\"auto, (max-width: 300px) 100vw, 300px\" \/><\/a>\n\t\t\t\t<\/dt><\/dl><dl class='gallery-item'>\n\t\t\t\t<dt class='gallery-icon landscape'>\n\t\t\t\t\t<a class=\"rollover rollover-zoom dt-pswp-item\" title=\"D26BE5B6-25E6-41B3-A68F-7F9B654BA617\" data-dt-img-description=\"\" data-large_image_width=\"1024\" data-large_image_height=\"684\"href='https:\/\/www.radiopiu.net\/wordpress\/wp-content\/uploads\/2023\/02\/D26BE5B6-25E6-41B3-A68F-7F9B654BA617.jpeg'><img loading=\"lazy\" decoding=\"async\" width=\"300\" height=\"200\" src=\"https:\/\/www.radiopiu.net\/wordpress\/wp-content\/uploads\/2023\/02\/D26BE5B6-25E6-41B3-A68F-7F9B654BA617-300x200.jpeg\" class=\"attachment-medium size-medium\" alt=\"\" srcset=\"https:\/\/www.radiopiu.net\/wordpress\/wp-content\/uploads\/2023\/02\/D26BE5B6-25E6-41B3-A68F-7F9B654BA617-300x200.jpeg 300w, https:\/\/www.radiopiu.net\/wordpress\/wp-content\/uploads\/2023\/02\/D26BE5B6-25E6-41B3-A68F-7F9B654BA617-768x513.jpeg 768w, https:\/\/www.radiopiu.net\/wordpress\/wp-content\/uploads\/2023\/02\/D26BE5B6-25E6-41B3-A68F-7F9B654BA617.jpeg 1024w\" sizes=\"auto, (max-width: 300px) 100vw, 300px\" \/><\/a>\n\t\t\t\t<\/dt><\/dl><dl class='gallery-item'>\n\t\t\t\t<dt class='gallery-icon landscape'>\n\t\t\t\t\t<a class=\"rollover rollover-zoom dt-pswp-item\" title=\"88045D3A-B76E-4D82-86CD-09578DA12BDE\" data-dt-img-description=\"\" data-large_image_width=\"1024\" data-large_image_height=\"768\"href='https:\/\/www.radiopiu.net\/wordpress\/wp-content\/uploads\/2023\/02\/88045D3A-B76E-4D82-86CD-09578DA12BDE.jpeg'><img loading=\"lazy\" decoding=\"async\" width=\"300\" height=\"225\" src=\"https:\/\/www.radiopiu.net\/wordpress\/wp-content\/uploads\/2023\/02\/88045D3A-B76E-4D82-86CD-09578DA12BDE-300x225.jpeg\" class=\"attachment-medium size-medium\" alt=\"\" srcset=\"https:\/\/www.radiopiu.net\/wordpress\/wp-content\/uploads\/2023\/02\/88045D3A-B76E-4D82-86CD-09578DA12BDE-300x225.jpeg 300w, https:\/\/www.radiopiu.net\/wordpress\/wp-content\/uploads\/2023\/02\/88045D3A-B76E-4D82-86CD-09578DA12BDE-768x576.jpeg 768w, https:\/\/www.radiopiu.net\/wordpress\/wp-content\/uploads\/2023\/02\/88045D3A-B76E-4D82-86CD-09578DA12BDE.jpeg 1024w\" sizes=\"auto, (max-width: 300px) 100vw, 300px\" \/><\/a>\n\t\t\t\t<\/dt><\/dl><dl class='gallery-item'>\n\t\t\t\t<dt class='gallery-icon portrait'>\n\t\t\t\t\t<a class=\"rollover rollover-zoom dt-pswp-item\" title=\"E45A9D08-9273-4E61-B0B8-0A1D86FE2635\" data-dt-img-description=\"\" data-large_image_width=\"1066\" data-large_image_height=\"1600\"href='https:\/\/www.radiopiu.net\/wordpress\/wp-content\/uploads\/2023\/02\/E45A9D08-9273-4E61-B0B8-0A1D86FE2635.jpeg'><img loading=\"lazy\" decoding=\"async\" width=\"200\" height=\"300\" src=\"https:\/\/www.radiopiu.net\/wordpress\/wp-content\/uploads\/2023\/02\/E45A9D08-9273-4E61-B0B8-0A1D86FE2635-200x300.jpeg\" class=\"attachment-medium size-medium\" alt=\"\" srcset=\"https:\/\/www.radiopiu.net\/wordpress\/wp-content\/uploads\/2023\/02\/E45A9D08-9273-4E61-B0B8-0A1D86FE2635-200x300.jpeg 200w, https:\/\/www.radiopiu.net\/wordpress\/wp-content\/uploads\/2023\/02\/E45A9D08-9273-4E61-B0B8-0A1D86FE2635-682x1024.jpeg 682w, https:\/\/www.radiopiu.net\/wordpress\/wp-content\/uploads\/2023\/02\/E45A9D08-9273-4E61-B0B8-0A1D86FE2635-768x1153.jpeg 768w, https:\/\/www.radiopiu.net\/wordpress\/wp-content\/uploads\/2023\/02\/E45A9D08-9273-4E61-B0B8-0A1D86FE2635-1023x1536.jpeg 1023w, https:\/\/www.radiopiu.net\/wordpress\/wp-content\/uploads\/2023\/02\/E45A9D08-9273-4E61-B0B8-0A1D86FE2635.jpeg 1066w\" sizes=\"auto, (max-width: 200px) 100vw, 200px\" \/><\/a>\n\t\t\t\t<\/dt><\/dl><br style=\"clear: both\" \/>\n\t\t\t<\/div>\n\n<p>&nbsp;<\/p>\n<p><iframe loading=\"lazy\" title=\"CASA SANREMO PADRIN - MINISTRO SANITA&#039;\" width=\"1200\" height=\"675\" src=\"https:\/\/www.youtube.com\/embed\/z28hO5MMTpg?feature=oembed\" frameborder=\"0\" allow=\"accelerometer; autoplay; clipboard-write; encrypted-media; gyroscope; picture-in-picture; web-share\" allowfullscreen><\/iframe><\/p>\n<p>&nbsp;<\/p>\n<hr \/>\n<p>&nbsp;<\/p>\n<blockquote>\n<h3><span style=\"color: #ff0000;\">PAGINA IN AGGIORNAMENTO QUOTIDIANO, A CURA DELLE RADIO BELLUNESI, RADIO BELLUNO, RADIO CLUB 103, RADIO PIU&#8217; EMITTENTE AGORDINA<\/span><\/h3>\n<\/blockquote>\n<p>&nbsp;<\/p>\n<p><strong><span style=\"color: #0000ff;\">LA QUARTA PUNTATA<\/span>, 07 FEBBRAIO, con NATASHA. RADIOCLUB103 da Sanremo Lapo Pretelli<\/strong><\/p>\n<audio class=\"wp-audio-shortcode\" id=\"audio-321141-13\" preload=\"none\" style=\"width: 100%;\" controls=\"controls\"><source type=\"audio\/mpeg\" src=\"https:\/\/www.radiopiu.net\/wordpress\/wp-content\/uploads\/2023\/02\/DIRETTA-08-02-23-OK.mp3?_=13\" \/><a href=\"https:\/\/www.radiopiu.net\/wordpress\/wp-content\/uploads\/2023\/02\/DIRETTA-08-02-23-OK.mp3\">https:\/\/www.radiopiu.net\/wordpress\/wp-content\/uploads\/2023\/02\/DIRETTA-08-02-23-OK.mp3<\/a><\/audio>\n<p>&nbsp;<\/p>\n\n\t\t\t<style type='text\/css'>\n\t\t\t\t#gallery-6 {\n\t\t\t\t\tmargin: auto;\n\t\t\t\t}\n\t\t\t\t#gallery-6 .gallery-item {\n\t\t\t\t\tfloat: left;\n\t\t\t\t\tmargin-top: 10px;\n\t\t\t\t\ttext-align: center;\n\t\t\t\t\twidth: 33%;\n\t\t\t\t}\n\t\t\t\t#gallery-6 img {\n\t\t\t\t\tborder: 2px solid #cfcfcf;\n\t\t\t\t}\n\t\t\t\t#gallery-6 .gallery-caption {\n\t\t\t\t\tmargin-left: 0;\n\t\t\t\t}\n\t\t\t\t\/* see gallery_shortcode() in wp-includes\/media.php *\/\n\t\t\t<\/style>\n\t\t<div id='gallery-6' class='dt-gallery-container gallery galleryid-321141 gallery-columns-3 gallery-size-thumbnail'><dl class='gallery-item'>\n\t\t\t\t<dt class='gallery-icon landscape'>\n\t\t\t\t\t<a class=\"rollover rollover-zoom dt-pswp-item\" title=\"8dd5e00f-207c-4b2f-8947-69a18392e46a\" data-dt-img-description=\"\" data-large_image_width=\"1024\" data-large_image_height=\"768\"href='https:\/\/www.radiopiu.net\/wordpress\/wp-content\/uploads\/2023\/02\/8dd5e00f-207c-4b2f-8947-69a18392e46a.jpg'><img loading=\"lazy\" decoding=\"async\" width=\"150\" height=\"150\" src=\"https:\/\/www.radiopiu.net\/wordpress\/wp-content\/uploads\/2023\/02\/8dd5e00f-207c-4b2f-8947-69a18392e46a-150x150.jpg\" class=\"attachment-thumbnail size-thumbnail\" alt=\"\" \/><\/a>\n\t\t\t\t<\/dt><\/dl><dl class='gallery-item'>\n\t\t\t\t<dt class='gallery-icon landscape'>\n\t\t\t\t\t<a class=\"rollover rollover-zoom dt-pswp-item\" title=\"PHOTO-2023-02-08-18-15-58\" data-dt-img-description=\"\" data-large_image_width=\"1616\" data-large_image_height=\"1080\"href='https:\/\/www.radiopiu.net\/wordpress\/wp-content\/uploads\/2023\/02\/PHOTO-2023-02-08-18-15-58.jpg'><img loading=\"lazy\" decoding=\"async\" width=\"150\" height=\"150\" src=\"https:\/\/www.radiopiu.net\/wordpress\/wp-content\/uploads\/2023\/02\/PHOTO-2023-02-08-18-15-58-150x150.jpg\" class=\"attachment-thumbnail size-thumbnail\" alt=\"\" \/><\/a>\n\t\t\t\t<\/dt><\/dl><dl class='gallery-item'>\n\t\t\t\t<dt class='gallery-icon landscape'>\n\t\t\t\t\t<a class=\"rollover rollover-zoom dt-pswp-item\" title=\"PHOTO-2023-02-08-18-15-56\" data-dt-img-description=\"\" data-large_image_width=\"2048\" data-large_image_height=\"1330\"href='https:\/\/www.radiopiu.net\/wordpress\/wp-content\/uploads\/2023\/02\/PHOTO-2023-02-08-18-15-56.jpg'><img loading=\"lazy\" decoding=\"async\" width=\"150\" height=\"150\" src=\"https:\/\/www.radiopiu.net\/wordpress\/wp-content\/uploads\/2023\/02\/PHOTO-2023-02-08-18-15-56-150x150.jpg\" class=\"attachment-thumbnail size-thumbnail\" alt=\"\" \/><\/a>\n\t\t\t\t<\/dt><\/dl><br style=\"clear: both\" \/>\n\t\t\t<\/div>\n\n<h1><\/h1>\n<h1><em>la raccolta completa<\/em><\/h1>\n<blockquote class=\"wp-embedded-content\" data-secret=\"2G1jVBxADY\"><p><a href=\"https:\/\/www.radiopiu.net\/wordpress\/le-3radio-bellunesi\/\">A SANREMO TRA LE DOLOMITI CON LE RADIO BELLUNESI<\/a><\/p><\/blockquote>\n<p><iframe loading=\"lazy\" class=\"wp-embedded-content\" sandbox=\"allow-scripts\" security=\"restricted\" style=\"position: absolute; clip: rect(1px, 1px, 1px, 1px);\" title=\"&#8220;A SANREMO TRA LE DOLOMITI CON LE RADIO BELLUNESI&#8221; &#8212; Radio Pi\u00f9\" src=\"https:\/\/www.radiopiu.net\/wordpress\/le-3radio-bellunesi\/embed\/#?secret=E2WTfESD1O#?secret=2G1jVBxADY\" data-secret=\"2G1jVBxADY\" width=\"600\" height=\"338\" frameborder=\"0\" marginwidth=\"0\" marginheight=\"0\" scrolling=\"no\"><\/iframe><\/p>\n<p>&nbsp;<\/p>\n<p>&nbsp;<\/p>\n<p>&nbsp;<\/p>\n<hr \/>\n<p>&nbsp;<\/p>\n<blockquote>\n<h3><strong><a class=\"dt-pswp-item\" href=\"https:\/\/www.radiopiu.net\/wordpress\/wp-content\/uploads\/2023\/02\/Senza-nome-6.jpg\" data-dt-img-description=\"\" data-large_image_width=\"242\" data-large_image_height=\"189\"><img loading=\"lazy\" decoding=\"async\" class=\"wp-image-320153 alignleft\" src=\"https:\/\/www.radiopiu.net\/wordpress\/wp-content\/uploads\/2023\/02\/Senza-nome-6.jpg\" alt=\"\" width=\"168\" height=\"131\" \/><\/a><\/strong>CARNEVALE CON LA PROLOCO DI SAN TOMASO<\/h3>\n<\/blockquote>\n<p><strong>SAN TOMASO<\/strong> Carnevale con la proloco di San Tomaso, tre gli appuntamenti: 12 febbraio festa di carnevale, passeggiata in maschera da Celat e Colzares\u00e8; 16 febbraio lettura animate in biblioteca a Celat alle 17 (in maschera), 19 febbraio I racconti di Paolo Soppelsa alle 17 in sala a Celat.<\/p>\n<p>&nbsp;<\/p>\n<p>&nbsp;<\/p>\n<hr \/>\n<p>&nbsp;<\/p>\n<blockquote>\n<h3>EL CARNEVAL DEI BOCE A TAIBON<\/h3>\n<\/blockquote>\n<p><strong>TAIBON<\/strong> Pro Loco e Comune di Taibon organizzano El Carneval Dei Boce domenica 19 febbraio. Ritrovo in piazza alle 14, sfilata alla casa di riposo e festa all&#8217;ex municipio dalle 16.<\/p>\n<p>&nbsp;<\/p>\n<hr \/>\n<p>&nbsp;<\/p>\n<blockquote>\n<h3>LA CIASPOLATA IN ROSA<\/h3>\n<\/blockquote>\n<p><strong>VAL DI ZOLDO<\/strong> Sabato 18 febbraio a Palafavera di Val di Zoldo parte la \u201cCiaspolata in Rosa\u201d. Aperta a tutti e non competitiva, la Ciaspolata si snoda su un percorso di 4-5 km nella suggestiva cornice di Palafavera dominata dai Monti Pelmo e Civetta. Iscrizioni online su \u201csportolomiti.it\u201d, presso gli uffici comunali di Forno e Fusine di Val di Zoldo e presso l\u2019ufficio turistico di Pecol.<\/p>\n<p>&nbsp;<\/p>\n<hr \/>\n<p>&nbsp;<\/p>\n<blockquote>\n<h3>DON CLAUDIO E LA LUNA<\/h3>\n<\/blockquote>\n<p><strong>PIEVE DI CADORE<\/strong> Stasera alle 18:30 alla Magnifica Comunit\u00e0 Di Cadore Fabio &#8220;Rufus&#8221; Bristot presenter\u00e0 il suo libro &#8220;Don Claudio E La Luna&#8221;. Un&#8217;iniziativa del Lions Club &#8220;Cadore Dolomiti&#8221;.<\/p>\n<p>&nbsp;<\/p>\n<hr \/>\n<p>&nbsp;<\/p>\n<p>&nbsp;<\/p>\n<blockquote>\n<h3>GITA DI CLASSE, 1963<\/h3>\n<\/blockquote>\n<p><strong>REDAZIONE<\/strong> I coscritti del 1963 il 1 aprile si ritroveranno in gita, al Castello di Spessa e San Daniele. Partenza in pullman da Agordo alle 8.30, rientro in serata. Prenotazione e saldo (130euro) entro il 5 marzo. Info 348 0326080 -Giornale e Caffe&#8217;, Taibon.<\/p>\n<p>&nbsp;<\/p>\n<p>&nbsp;<\/p>\n<hr \/>\n<p>&nbsp;<\/p>\n<h3 style=\"text-align: center;\">SENTIRE PROFONDO E SENSIBILITA STRAORDINARIA DI ELIANA OLIVOTTO NEL LIBRO \u201cDONNE IN POESIA\u201d<\/h3>\n<p><strong>di RENATO BONA<\/strong><\/p>\n<p>Si intitola \u201cDonne in poesia\u201d. E\u2019 il libro di Eliana Olivotto (ci tengo molto perch\u00e9 regalo della mia ex compagna di scuola Elda Deon Cardin, che me ne ha fatto dono nel febbraio di due anni fa per esprimermi gratitudine per aver commentato i suoi libri frutto anche di certosine ed onerose ricerche di immagini soprattutto datate) realizzato (Grafiche Longaronesi) &#8211; corredato dagli \u201cex libris\u201d di Bruna Brazzalotto, trevigiana laureata all\u2019accademia Belle arti di Venezia, e dai disegni del bellunese Angelo Olivotto, fra l\u2019altro diplomato maestro d\u2019arte in ceramica a Nove di Vicenza &#8211; presentato nel 2014-15 in vari centri culturali della provincia di Belluno. Giustina Menegazzi Barcati (nota scrittrice trevigiana di Miane, scrittrice, laureata in lettere a Padova) in presentazione scrive fra l\u2019altro: \u201c&#8230;Sono suoni vivi e profondi, leggeri e rivelatori della vera poesia, appassionanti e sconvolgenti momenti che da un attimo di emozione sviluppano strazianti e tenaci sentimenti che come onda intermittente permeano le figure, le parole e lasciano echi inconfondibili\u201d ed aggiunge: \u201cIl sentire profondo, la sensibilit\u00e0 straordinaria di Eliana, corrispondono al suo bisogno di testimoniare la vita pur nella sua fragile, struggente nudit\u00e0\u2026 ricorda la realt\u00e0 passata di un mondo femminile che ha conosciuto, che ha visto da vicino, che ha lasciato traccia profonda nel suo cuore. Ogni quadro, ogni presenza femminile sono inseriti in uno scenario reso con intensit\u00e0 in nitida precisione\u2026\u201d. E cos\u00ec conclude: \u201cDONNA: Una vertigine, un sogno, un\u2019eternit\u00e0, un universo. Percorso di sofferenza, di lotta, di coraggio, di forza. Il cammino non si arresta nel baratro\u201d. Dal canto suo Enzo Croatto ricercatore esterno del Centro dialettologico dell\u2019Universit\u00e0 di Padova, precisato che non conosceva la Olivotto, spiega che \u201cmi procurai tutti i suoi scritti e mi resi conto che Eliana attribuiva al dialetto tutto il suo valore, perch\u00e9 lei percepiva l\u2019enorme ricchezza, non solo culturale ma anche affettiva delle parole native \u2026 ha valorizzato ed elevato ulteriormente la carica espressiva e poetica del dialetto\u201d tanto che: \u201cLa produzione poetica in italiano della Nostra non fa che confermare la sua felice, sensibile ed efficace vena espressiva che ha avuto peraltro numerosi importanti riconoscimenti\u201d. Prima del susseguirsi della serie di poesie con le bellissime illustrazioni, l\u2019autrice spiega: \u201cRaccolgo qui poesie nuove sul tema della Donna, ma riprendo anche poesie gi\u00e0 pubblicate in passato: tante tessere atte a comporre un ideale mosaico che mostra la Donna in situazioni e tempi diversi. Tendo cos\u00ec ad ottenere una visione pi\u00f9 ampia e completa della vita femminile\u201d. Obiettivo pienamente raggiunto, ci permettiamo modestamente ma convintamente di dire. Con Eliana Olivotto che nell\u2019ultima di copertina scrive: \u201cSar\u00f2 me stessa nella forza accompagnata dal sorriso. Sar\u00f2 semplicemente donna\u201d.<\/p>\n\n\t\t\t<style type='text\/css'>\n\t\t\t\t#gallery-7 {\n\t\t\t\t\tmargin: auto;\n\t\t\t\t}\n\t\t\t\t#gallery-7 .gallery-item {\n\t\t\t\t\tfloat: left;\n\t\t\t\t\tmargin-top: 10px;\n\t\t\t\t\ttext-align: center;\n\t\t\t\t\twidth: 25%;\n\t\t\t\t}\n\t\t\t\t#gallery-7 img {\n\t\t\t\t\tborder: 2px solid #cfcfcf;\n\t\t\t\t}\n\t\t\t\t#gallery-7 .gallery-caption {\n\t\t\t\t\tmargin-left: 0;\n\t\t\t\t}\n\t\t\t\t\/* see gallery_shortcode() in wp-includes\/media.php *\/\n\t\t\t<\/style>\n\t\t<div id='gallery-7' class='dt-gallery-container gallery galleryid-321141 gallery-columns-4 gallery-size-thumbnail'><dl class='gallery-item'>\n\t\t\t\t<dt class='gallery-icon portrait'>\n\t\t\t\t\t<a class=\"rollover rollover-zoom dt-pswp-item\" title=\"330100650_889632062085551_2536319211582837596_n\" data-dt-img-description=\"\" data-large_image_width=\"1525\" data-large_image_height=\"2048\"href='https:\/\/www.radiopiu.net\/wordpress\/wp-content\/uploads\/2023\/02\/330100650_889632062085551_2536319211582837596_n.jpg'><img loading=\"lazy\" decoding=\"async\" width=\"150\" height=\"150\" src=\"https:\/\/www.radiopiu.net\/wordpress\/wp-content\/uploads\/2023\/02\/330100650_889632062085551_2536319211582837596_n-150x150.jpg\" class=\"attachment-thumbnail size-thumbnail\" alt=\"\" \/><\/a>\n\t\t\t\t<\/dt><\/dl><dl class='gallery-item'>\n\t\t\t\t<dt class='gallery-icon portrait'>\n\t\t\t\t\t<a class=\"rollover rollover-zoom dt-pswp-item\" title=\"330253990_860010968421645_5359749129156209676_n\" data-dt-img-description=\"\" data-large_image_width=\"1370\" data-large_image_height=\"2048\"href='https:\/\/www.radiopiu.net\/wordpress\/wp-content\/uploads\/2023\/02\/330253990_860010968421645_5359749129156209676_n.jpg'><img loading=\"lazy\" decoding=\"async\" width=\"150\" height=\"150\" src=\"https:\/\/www.radiopiu.net\/wordpress\/wp-content\/uploads\/2023\/02\/330253990_860010968421645_5359749129156209676_n-150x150.jpg\" class=\"attachment-thumbnail size-thumbnail\" alt=\"\" \/><\/a>\n\t\t\t\t<\/dt><\/dl><dl class='gallery-item'>\n\t\t\t\t<dt class='gallery-icon portrait'>\n\t\t\t\t\t<a class=\"rollover rollover-zoom dt-pswp-item\" title=\"330253977_1234875674128559_8307521505650447998_n\" data-dt-img-description=\"\" data-large_image_width=\"1615\" data-large_image_height=\"2048\"href='https:\/\/www.radiopiu.net\/wordpress\/wp-content\/uploads\/2023\/02\/330253977_1234875674128559_8307521505650447998_n.jpg'><img loading=\"lazy\" decoding=\"async\" width=\"150\" height=\"150\" src=\"https:\/\/www.radiopiu.net\/wordpress\/wp-content\/uploads\/2023\/02\/330253977_1234875674128559_8307521505650447998_n-150x150.jpg\" class=\"attachment-thumbnail size-thumbnail\" alt=\"\" \/><\/a>\n\t\t\t\t<\/dt><\/dl><dl class='gallery-item'>\n\t\t\t\t<dt class='gallery-icon portrait'>\n\t\t\t\t\t<a class=\"rollover rollover-zoom dt-pswp-item\" title=\"329817887_729251171914889_7407130520546070857_n\" data-dt-img-description=\"\" data-large_image_width=\"1407\" data-large_image_height=\"2048\"href='https:\/\/www.radiopiu.net\/wordpress\/wp-content\/uploads\/2023\/02\/329817887_729251171914889_7407130520546070857_n.jpg'><img loading=\"lazy\" decoding=\"async\" width=\"150\" height=\"150\" src=\"https:\/\/www.radiopiu.net\/wordpress\/wp-content\/uploads\/2023\/02\/329817887_729251171914889_7407130520546070857_n-150x150.jpg\" class=\"attachment-thumbnail size-thumbnail\" alt=\"\" \/><\/a>\n\t\t\t\t<\/dt><\/dl><br style=\"clear: both\" \/><dl class='gallery-item'>\n\t\t\t\t<dt class='gallery-icon portrait'>\n\t\t\t\t\t<a class=\"rollover rollover-zoom dt-pswp-item\" title=\"329906161_751002199501719_6305928388052816258_n\" data-dt-img-description=\"\" data-large_image_width=\"1663\" data-large_image_height=\"2048\"href='https:\/\/www.radiopiu.net\/wordpress\/wp-content\/uploads\/2023\/02\/329906161_751002199501719_6305928388052816258_n.jpg'><img loading=\"lazy\" decoding=\"async\" width=\"150\" height=\"150\" src=\"https:\/\/www.radiopiu.net\/wordpress\/wp-content\/uploads\/2023\/02\/329906161_751002199501719_6305928388052816258_n-150x150.jpg\" class=\"attachment-thumbnail size-thumbnail\" alt=\"\" \/><\/a>\n\t\t\t\t<\/dt><\/dl><dl class='gallery-item'>\n\t\t\t\t<dt class='gallery-icon portrait'>\n\t\t\t\t\t<a class=\"rollover rollover-zoom dt-pswp-item\" title=\"328604687_910808290116734_732283514502471002_n\" data-dt-img-description=\"\" data-large_image_width=\"1797\" data-large_image_height=\"2048\"href='https:\/\/www.radiopiu.net\/wordpress\/wp-content\/uploads\/2023\/02\/328604687_910808290116734_732283514502471002_n.jpg'><img loading=\"lazy\" decoding=\"async\" width=\"150\" height=\"150\" src=\"https:\/\/www.radiopiu.net\/wordpress\/wp-content\/uploads\/2023\/02\/328604687_910808290116734_732283514502471002_n-150x150.jpg\" class=\"attachment-thumbnail size-thumbnail\" alt=\"\" \/><\/a>\n\t\t\t\t<\/dt><\/dl><dl class='gallery-item'>\n\t\t\t\t<dt class='gallery-icon portrait'>\n\t\t\t\t\t<a class=\"rollover rollover-zoom dt-pswp-item\" title=\"330134306_514528960840548_3590328000917764846_n\" data-dt-img-description=\"\" data-large_image_width=\"1779\" data-large_image_height=\"2048\"href='https:\/\/www.radiopiu.net\/wordpress\/wp-content\/uploads\/2023\/02\/330134306_514528960840548_3590328000917764846_n.jpg'><img loading=\"lazy\" decoding=\"async\" width=\"150\" height=\"150\" src=\"https:\/\/www.radiopiu.net\/wordpress\/wp-content\/uploads\/2023\/02\/330134306_514528960840548_3590328000917764846_n-150x150.jpg\" class=\"attachment-thumbnail size-thumbnail\" alt=\"\" \/><\/a>\n\t\t\t\t<\/dt><\/dl><dl class='gallery-item'>\n\t\t\t\t<dt class='gallery-icon portrait'>\n\t\t\t\t\t<a class=\"rollover rollover-zoom dt-pswp-item\" title=\"330180920_856860872277714_6279836542021084143_n\" data-dt-img-description=\"\" data-large_image_width=\"1356\" data-large_image_height=\"2048\"href='https:\/\/www.radiopiu.net\/wordpress\/wp-content\/uploads\/2023\/02\/330180920_856860872277714_6279836542021084143_n.jpg'><img loading=\"lazy\" decoding=\"async\" width=\"150\" height=\"150\" src=\"https:\/\/www.radiopiu.net\/wordpress\/wp-content\/uploads\/2023\/02\/330180920_856860872277714_6279836542021084143_n-150x150.jpg\" class=\"attachment-thumbnail size-thumbnail\" alt=\"\" \/><\/a>\n\t\t\t\t<\/dt><\/dl><br style=\"clear: both\" \/>\n\t\t\t<\/div>\n\n<p>&nbsp;<\/p>\n<p>NELLE FOTO (riproduzioni dal libro \u201cDonne in poesia\u201d della bellunese Eliana Olivotto e Corriere delle Alpi): la copertina della pubblicazione; l\u2019autrice del pregevole volume; uno degli \u201cex libris\u201d di Bruna Brazzalotto; disegno di Angelo Olivotto dedicato \u201cAlla piccola Beatrice\u201d; con la lirica \u201cLa m\u00e0re\u201d, la riproduzione della \u201clignea Maternit\u00e0\u201d di Gino Casanova \u201c che risveglia con prepotenza alla memoria rustiche scene di campagna\u2026; il disegno accostato a \u201cSar\u00f2 una viola\u201d e quello accanto ai versi: \u201cEssere e basta. Un\u2019essenza vitale, essere terra\u201d; infine quello accanto al quale si pu\u00f2 leggere: \u201cSe educhi un bambino, educhi un bambino. Se educhi una bimba, educhi l\u2019umanit\u00e0\u201d (di Greg Mortenson, da un\u2019intervista televisiva di Monica Maggioni).<\/p>\n<p>&nbsp;<\/p>\n<p>&nbsp;<\/p>\n<p>&nbsp;<\/p>\n<p>&nbsp;<\/p>\n<hr \/>\n<p>&nbsp;<\/p>\n<p>&nbsp;<\/p>\n<div>\n<div class=\"b654a4as d2edcug0\">\n<div class=\"rq0escxv hkbzh7o3 jwdofwj8 n8tt0mok r8blr3vg hyh9befq\">\n<p><a class=\"dt-pswp-item\" href=\"https:\/\/www.radiopiu.net\/wordpress\/wp-content\/uploads\/2020\/10\/pp.jpg\" data-dt-img-description=\"\" data-large_image_width=\"640\" data-large_image_height=\"640\"><img loading=\"lazy\" decoding=\"async\" class=\"wp-image-163678 alignleft\" src=\"https:\/\/www.radiopiu.net\/wordpress\/wp-content\/uploads\/2020\/10\/pp-300x300.jpg\" alt=\"\" width=\"106\" height=\"106\" srcset=\"https:\/\/www.radiopiu.net\/wordpress\/wp-content\/uploads\/2020\/10\/pp-300x300.jpg 300w, https:\/\/www.radiopiu.net\/wordpress\/wp-content\/uploads\/2020\/10\/pp-150x150.jpg 150w, https:\/\/www.radiopiu.net\/wordpress\/wp-content\/uploads\/2020\/10\/pp-125x125.jpg 125w, https:\/\/www.radiopiu.net\/wordpress\/wp-content\/uploads\/2020\/10\/pp-200x200.jpg 200w, https:\/\/www.radiopiu.net\/wordpress\/wp-content\/uploads\/2020\/10\/pp-80x80.jpg 80w, https:\/\/www.radiopiu.net\/wordpress\/wp-content\/uploads\/2020\/10\/pp-480x480.jpg 480w, https:\/\/www.radiopiu.net\/wordpress\/wp-content\/uploads\/2020\/10\/pp.jpg 640w\" sizes=\"auto, (max-width: 106px) 100vw, 106px\" \/><\/a><\/p>\n<\/div>\n<\/div>\n<\/div>\n<div>\n<div class=\"page-title-head hgroup\">\n<div class=\"page-title-head hgroup\">\n<div class=\"b654a4as d2edcug0\">\n<div class=\"j83agx80 btwxx1t3 lhclo0ds hop8lmos nkwizq5d scwd0bx6 roh60bw9\">\n<div class=\"rq0escxv hkbzh7o3 jwdofwj8 n8tt0mok r8blr3vg hyh9befq\">\n<div class=\"do00u71z l9j0dhe7 k4urcfbm\" style=\"text-align: left;\">\n<h2><span style=\"color: #000080;\">DON CESARE, IL PENSIERO DEL GIORNO. ALLA RADIO ALLE 7 DEL MATTINO E ALLE 19.30 DELLA SERA\u00a0<\/span><\/h2>\n<\/div>\n<\/div>\n<\/div>\n<\/div>\n<\/div>\n<\/div>\n<\/div>\n<audio class=\"wp-audio-shortcode\" id=\"audio-321141-14\" preload=\"none\" style=\"width: 100%;\" controls=\"controls\"><source type=\"audio\/mpeg\" src=\"https:\/\/www.radiopiu.net\/wordpress\/wp-content\/uploads\/2023\/02\/CESARE-9.mp3?_=14\" \/><a href=\"https:\/\/www.radiopiu.net\/wordpress\/wp-content\/uploads\/2023\/02\/CESARE-9.mp3\">https:\/\/www.radiopiu.net\/wordpress\/wp-content\/uploads\/2023\/02\/CESARE-9.mp3<\/a><\/audio>\n<p>&nbsp;<\/p>\n<hr \/>\n<p>&nbsp;<\/p>\n<h2><span style=\"color: #ff00ff;\">IN VIVO VERSO\u00a0<\/span><\/h2>\n<blockquote>\n<h2>MADRE E FIGLIO di FRANCO ZAGRA<\/h2>\n<\/blockquote>\n<p><strong>AUDIO<\/strong><\/p>\n<audio class=\"wp-audio-shortcode\" id=\"audio-321141-15\" preload=\"none\" style=\"width: 100%;\" controls=\"controls\"><source type=\"audio\/mpeg\" src=\"https:\/\/www.radiopiu.net\/wordpress\/wp-content\/uploads\/2023\/02\/4-FRANCO-ZAGRA-MADRE-E-FIGLIO.mp3?_=15\" \/><a href=\"https:\/\/www.radiopiu.net\/wordpress\/wp-content\/uploads\/2023\/02\/4-FRANCO-ZAGRA-MADRE-E-FIGLIO.mp3\">https:\/\/www.radiopiu.net\/wordpress\/wp-content\/uploads\/2023\/02\/4-FRANCO-ZAGRA-MADRE-E-FIGLIO.mp3<\/a><\/audio>\n<p>&nbsp;<\/p>\n<p>&nbsp;<\/p>\n<p>&nbsp;<\/p>\n<p><img loading=\"lazy\" decoding=\"async\" class=\"alignleft\" src=\"https:\/\/www.radiopiu.net\/wordpress\/wp-content\/uploads\/2023\/02\/4-ZAGRA.jpg\" width=\"305\" height=\"203\" \/>Franco Zagra<br \/>\nM A D R E E F I G L I O<\/p>\n<p>Solo per poco<br \/>\nnegli occhi s\u2019\u00e8 riacceso<br \/>\nl\u2019antico tuo velluto di cerbiatta,<br \/>\nl\u2019ombra vincendo per un poco sul volto gi\u00e0 accampata:<br \/>\nquel volto tuo cos\u00ec predato<br \/>\nda somigliare<br \/>\nal mio, come sar\u00e0 alla fine.<\/p>\n<div dir=\"auto\">\n<div dir=\"auto\">\n<div dir=\"auto\">\n<p><strong>LA RACCOLTA COMPLETA<\/strong><\/p>\n<blockquote class=\"wp-embedded-content\" data-secret=\"ioFXtFqfcz\"><p><a href=\"https:\/\/www.radiopiu.net\/wordpress\/in-vivo-verso\/\">In Vivo Verso<\/a><\/p><\/blockquote>\n<p><iframe loading=\"lazy\" class=\"wp-embedded-content\" sandbox=\"allow-scripts\" security=\"restricted\" style=\"position: absolute; clip: rect(1px, 1px, 1px, 1px);\" title=\"&#8220;In Vivo Verso&#8221; &#8212; Radio Pi\u00f9\" src=\"https:\/\/www.radiopiu.net\/wordpress\/in-vivo-verso\/embed\/#?secret=zJ7OYkJGdJ#?secret=ioFXtFqfcz\" data-secret=\"ioFXtFqfcz\" width=\"600\" height=\"338\" frameborder=\"0\" marginwidth=\"0\" marginheight=\"0\" scrolling=\"no\"><\/iframe><\/p>\n<\/div>\n<\/div>\n<\/div>\n<hr \/>\n<p>&nbsp;<\/p>\n<h1><span style=\"color: #ff00ff;\">GOCCE DI FILOSOFIA<\/span><\/h1>\n<blockquote>\n<h3>GOCCE DI FILOSOFIA \u2013 PUNTATA 244 \u2013 LISA DE LUCA, TERZA STAGIONE<\/h3>\n<\/blockquote>\n<p>AUDIO<\/p>\n<audio class=\"wp-audio-shortcode\" id=\"audio-321141-16\" preload=\"none\" style=\"width: 100%;\" controls=\"controls\"><source type=\"audio\/mpeg\" src=\"https:\/\/www.radiopiu.net\/wordpress\/wp-content\/uploads\/2023\/02\/FI4.mp3?_=16\" \/><a href=\"https:\/\/www.radiopiu.net\/wordpress\/wp-content\/uploads\/2023\/02\/FI4.mp3\">https:\/\/www.radiopiu.net\/wordpress\/wp-content\/uploads\/2023\/02\/FI4.mp3<\/a><\/audio>\n<p>&nbsp;<\/p>\n<p>LA RACCOLTA COMPLETA<\/p>\n<blockquote class=\"wp-embedded-content\" data-secret=\"WiylUAF4ir\"><p><a href=\"https:\/\/www.radiopiu.net\/wordpress\/gocce-filosofia\/\">Gocce di filosofia,  LA TERZA STAGIONE&#8230; 2023<\/a><\/p><\/blockquote>\n<p><iframe loading=\"lazy\" class=\"wp-embedded-content\" sandbox=\"allow-scripts\" security=\"restricted\" style=\"position: absolute; clip: rect(1px, 1px, 1px, 1px);\" title=\"&#8220;Gocce di filosofia,  LA TERZA STAGIONE&#8230; 2023&#8221; &#8212; Radio Pi\u00f9\" src=\"https:\/\/www.radiopiu.net\/wordpress\/gocce-filosofia\/embed\/#?secret=dwJUem3nTc#?secret=WiylUAF4ir\" data-secret=\"WiylUAF4ir\" width=\"600\" height=\"338\" frameborder=\"0\" marginwidth=\"0\" marginheight=\"0\" scrolling=\"no\"><\/iframe><\/p>\n<p>&nbsp;<\/p>\n<p>&nbsp;<\/p>\n<hr \/>\n<p>&nbsp;<\/p>\n<p>&nbsp;<\/p>\n<div class=\"column\">\n<p><img loading=\"lazy\" decoding=\"async\" class=\"aligncenter wp-image-61954 size-full\" src=\"https:\/\/www.radiopiu.net\/wordpress\/wp-content\/uploads\/2018\/09\/viabilita.jpeg\" sizes=\"auto, (max-width: 800px) 100vw, 800px\" srcset=\"https:\/\/www.radiopiu.net\/wordpress\/wp-content\/uploads\/2018\/09\/viabilita.jpeg 800w, https:\/\/www.radiopiu.net\/wordpress\/wp-content\/uploads\/2018\/09\/viabilita-300x38.jpeg 300w, https:\/\/www.radiopiu.net\/wordpress\/wp-content\/uploads\/2018\/09\/viabilita-768x96.jpeg 768w\" alt=\"\" width=\"800\" height=\"100\" \/><\/p>\n<p>&nbsp;<\/p>\n<p>&nbsp;<\/p>\n<p><strong>AGGIORNAMENTO VENETO STRADE, AGGIORNAMENTO CONTINUO H 24<\/strong><\/p>\n<p>&nbsp;<\/p>\n<blockquote class=\"wp-embedded-content\" data-secret=\"OcBn8frU98\"><p><a href=\"https:\/\/www.radiopiu.net\/wordpress\/viabilita\/\">viabilita<\/a><\/p><\/blockquote>\n<p><iframe loading=\"lazy\" class=\"wp-embedded-content\" sandbox=\"allow-scripts\" security=\"restricted\" style=\"position: absolute; clip: rect(1px, 1px, 1px, 1px);\" title=\"&#8220;viabilita&#8221; &#8212; Radio Pi\u00f9\" src=\"https:\/\/www.radiopiu.net\/wordpress\/viabilita\/embed\/#?secret=pT4qUXqY2h#?secret=OcBn8frU98\" data-secret=\"OcBn8frU98\" width=\"600\" height=\"338\" frameborder=\"0\" marginwidth=\"0\" marginheight=\"0\" scrolling=\"no\"><\/iframe><\/p>\n<p>&nbsp;<\/p>\n<div>\n<hr \/>\n<\/div>\n<div><\/div>\n<blockquote>\n<h3>MA CHE FREDDO FA?<\/h3>\n<\/blockquote>\n<div>\n<p><img loading=\"lazy\" decoding=\"async\" class=\"alignleft\" src=\"https:\/\/www.radiopiu.net\/wordpress\/wp-content\/uploads\/2020\/10\/gelo-brina.jpg\" width=\"180\" height=\"135\" \/><\/p>\n<div class=\"gmail_attr\" dir=\"ltr\"><b><span style=\"font-size: large;\">Si segnalano le temperature minime registrate la scorsa notte in alcune localit\u00e0 del Veneto<\/span><span class=\"gmail_default\"><span style=\"font-size: xx-large;\"> \u00a0<\/span><\/span><\/b><u style=\"font-family: verdana, sans-serif;\"><b>Fra i paesi<span class=\"gmail_default\">,<\/span> i valori pi\u00f9 significativi, in relazione all&#8217;altitudine, sono stati misurati a<\/b>:<\/u><\/div>\n<div dir=\"ltr\">\n<div class=\"gmail_quote\">\n<div dir=\"ltr\">\n<div class=\"gmail_quote\">\n<div dir=\"ltr\">\n<div><span style=\"font-family: verdana, sans-serif;\">Boscoverde<span class=\"gmail_default\">\u00a0&#8211; Rocca Pietore<\/span>\u00a0(BL-1200 m) <b>-1<span class=\"gmail_default\">7.0<\/span>\u00b0C <\/b><\/span>Santo Stefano di Cadore (BL-905 m) <b>-1<\/b><b><span class=\"gmail_default\">4.1<\/span>\u00b0C <\/b><span style=\"font-family: verdana, sans-serif;\">C<\/span><span class=\"gmail_default\" style=\"font-family: verdana, sans-serif;\">ortina (BL-1270 m) <b>-13.8\u00b0C <\/b><\/span><span style=\"font-family: verdana, sans-serif;\">Santa Giustina Bellunese (BL-278 m) <\/span><b style=\"font-family: verdana, sans-serif;\">-1<span class=\"gmail_default\">0.4<\/span>\u00b0C <\/b><span style=\"font-family: verdana, sans-serif;\"><span class=\"gmail_default\">Belluno (376 m)<b> -10.2\u00b0C\u00a0 \u00a0<\/b><\/span><\/span><b style=\"font-family: verdana, sans-serif;\"><u>Per gli altri paesi e le citt\u00e0 della regione si veda questa <a href=\"https:\/\/www.arpa.veneto.it\/dati-ambientali\/dati-in-diretta\/meteo-idro-nivo\/tminmaxoggi\" target=\"_blank\" rel=\"noopener\">tabella<\/a> <\/u><\/b><u style=\"font-family: verdana, sans-serif;\"><b>Si segnalano inoltre le temperature minime ne<\/b><span class=\"gmail_default\"><b><\/b>lle <b>localit\u00e0<\/b><\/span><b>\u00a0normalmente pi\u00f9 fredd<span class=\"gmail_default\">e<\/span>:\u00a0 <\/b><\/u><span style=\"font-family: verdana, sans-serif;\">Val Visdende (BL-1240 m)<b> -1<span class=\"gmail_default\">9.2<\/span>\u00b0C <\/b><\/span><span style=\"font-family: verdana, sans-serif;\">Piana di Marcesina (VI-1310 m) <\/span><b style=\"font-family: verdana, sans-serif;\">&#8211;<span class=\"gmail_default\">23.8<\/span>\u00b0C <\/b><span style=\"font-family: verdana, sans-serif;\">Passo Cimabanche (BL-1530 m) <b>&#8211;<span class=\"gmail_default\">22.7<\/span>\u00b0C <\/b>Passo Pordoi (BL-2154 m) <span class=\"gmail_default\"><b>-15.9\u00b0C <\/b><\/span>Marmolada- arrivo funivia (BL-3256 m) <b>&#8211;<span class=\"gmail_default\">18.5<\/span>\u00b0C <\/b><\/span><b><u><span style=\"font-family: verdana, sans-serif;\">A titolo di curiosit\u00e0 si citano le minime di due siti caratterizzati da un particolare microclima: <\/span><\/u><\/b><span style=\"font-family: verdana, sans-serif;\">Paludetto di Misurina (BL-1741 m)\u00a0 <\/span><b style=\"font-family: verdana, sans-serif;\">NP<\/b><span style=\"font-family: verdana, sans-serif;\"> \u00a0<\/span><span style=\"font-family: verdana, sans-serif;\">Dolina Campoluzzo (VI-1768 m) <b>&#8211;<span class=\"gmail_default\">29.8<\/span>\u00b0C<\/b><\/span><\/div>\n<div><span style=\"font-family: verdana, sans-serif;\"><i><span class=\"gmail_default\">I due siti sono rappresentativi solo di una piccola area e, nel caso di Campoluzzo,\u00a0<\/span><span class=\"gmail_default\">il punto di misura si trova<\/span>\u00a0sul fondo di una conca, in una sperduta zona di montagna<span class=\"gmail_default\">.<\/span><\/i><br \/>\n<\/span><\/div>\n<div><span style=\"font-family: verdana, sans-serif;\"><span style=\"color: #999999;\">Record degli ultimi 35 anni (temperature minime assolute) nei siti <span class=\"gmail_default\">sopra <\/span>considerati Val Visdende: -26.4\u00b0C (1 marzo 2005) <\/span>Piana di Marcesina: -32.0\u00b0C (1 marzo 2005) <span style=\"color: #999999;\">Passo Cimabanche: -30\u00b0C (7 gennaio 1985) Passo Pordoi: -26.2\u00b0C (6 gennaio 1985)<br \/>\nMarmolada: -30.4\u00b0C (30 gennaio 1999) <\/span>Paludetto di Misurina:\u00a0<span class=\"gmail_default\">-31.8\u00b0C (<\/span><span class=\"gmail_default\">12 dicembre 2022<\/span><span class=\"gmail_default\">) &#8211;<\/span><span class=\"gmail_default\">\u00a0<\/span><span class=\"gmail_default\">sito monitorato dal 3 ottobre 2022 <\/span><\/span><span style=\"color: #999999; font-family: verdana, sans-serif;\">Dolina Campoluzzo: -44.1\u00b0C (26 febbraio 2018)<\/span><\/div>\n<\/div>\n<\/div>\n<\/div>\n<\/div>\n<\/div>\n<\/div>\n<div><\/div>\n<div><\/div>\n<div><\/div>\n<p>&nbsp;<\/p>\n<hr \/>\n<p>&nbsp;<\/p>\n<p><a class=\"dt-pswp-item\" href=\"https:\/\/www.radiopiu.net\/wordpress\/wp-content\/uploads\/2018\/09\/WhatsApp-Image-2018-09-20-at-16.04.06.jpeg\" data-dt-img-description=\"\" data-large_image_width=\"800\" data-large_image_height=\"100\"><img loading=\"lazy\" decoding=\"async\" class=\"wp-image-61378 size-full aligncenter\" src=\"https:\/\/www.radiopiu.net\/wordpress\/wp-content\/uploads\/2018\/09\/WhatsApp-Image-2018-09-20-at-16.04.06.jpeg\" alt=\"\" width=\"800\" height=\"100\" srcset=\"https:\/\/www.radiopiu.net\/wordpress\/wp-content\/uploads\/2018\/09\/WhatsApp-Image-2018-09-20-at-16.04.06.jpeg 800w, https:\/\/www.radiopiu.net\/wordpress\/wp-content\/uploads\/2018\/09\/WhatsApp-Image-2018-09-20-at-16.04.06-300x38.jpeg 300w, https:\/\/www.radiopiu.net\/wordpress\/wp-content\/uploads\/2018\/09\/WhatsApp-Image-2018-09-20-at-16.04.06-768x96.jpeg 768w\" sizes=\"auto, (max-width: 800px) 100vw, 800px\" \/><\/a><\/p>\n<p>&nbsp;<\/p>\n<p><center><\/center><center><\/center><b>OGGI <\/b>Tempo stabile e meno freddo, con sole, cielo sereno, aria tersa e ottima visibilit\u00e0 su tutta la montagna veneta. Verso sera qualche sottile velatura.<br \/>\n<b>Precipitazioni: <\/b>Assenti . <b>Temperature: <\/b>In generale aumento, specie le massime. Minime stazionarie o in lieve aumento a fondovalle con forti gelate.<\/p>\n<hr \/>\n<p><center><\/center><b>DOMANI Tempo atteso: <\/b>Tempo stabile con cielo da poco nuvoloso a tratti velato per il transito di nubi alte e medio-alte di sottovento, anche estese.<br \/>\n<b>Precipitazioni: <\/b>Assenti <b>Temperature: <\/b>Temperature in marcato aumento specie le massime.<\/p>\n<hr \/>\n<p><center><\/center><strong>DOMENICA<\/strong> Tempo ben soleggiato con cielo perlopi\u00f9 sereno, salvo qualche nube alta al primo mattino, in rapido dissolvimento. Temperature stazionarie o in lieve calo. Venti inizialmente moderati\/tesi da nord-est in quota, tendenti ad attenuarsi con il passare delle ore; deboli di direzione variabile nelle valli.<\/p>\n<hr \/>\n<p><center><\/center><strong>LUNEDI<\/strong> Tempo stabile con cielo sereno. Temperature in aumento con valori ben superiori alla media( zero termico a 2900 metri) e forte inversione termica nelle valli durante le ore pi\u00f9 fredde. Venti in quota deboli\/moderati da nordest, deboli variabili nelle valli.<\/p>\n<p>&nbsp;<\/p>\n<div>\n<hr \/>\n<\/div>\n<p>&nbsp;<\/p>\n<p>&nbsp;<\/p>\n<p><a class=\"dt-pswp-item\" href=\"https:\/\/www.radiopiu.net\/wordpress\/wp-content\/uploads\/2018\/09\/sport.jpg\" data-dt-img-description=\"\" data-large_image_width=\"800\" data-large_image_height=\"100\"><img loading=\"lazy\" decoding=\"async\" class=\"aligncenter wp-image-60761 size-full\" src=\"https:\/\/www.radiopiu.net\/wordpress\/wp-content\/uploads\/2018\/09\/sport.jpg\" alt=\"\" width=\"800\" height=\"100\" srcset=\"https:\/\/www.radiopiu.net\/wordpress\/wp-content\/uploads\/2018\/09\/sport.jpg 800w, https:\/\/www.radiopiu.net\/wordpress\/wp-content\/uploads\/2018\/09\/sport-300x38.jpg 300w, https:\/\/www.radiopiu.net\/wordpress\/wp-content\/uploads\/2018\/09\/sport-768x96.jpg 768w\" sizes=\"auto, (max-width: 800px) 100vw, 800px\" \/><\/a><\/p>\n<p>&nbsp;<\/p>\n<p><span style=\"color: #0000ff;\"><strong>HOCKEY SU GHIACCIO<\/strong><\/span><\/p>\n<blockquote>\n<h3>ALLEGHE UNDER 17 A CORTO DI VITTORIE NELLA SECONDA FASE DEL CAMPIONATO<\/h3>\n<\/blockquote>\n<p><strong><a class=\"dt-pswp-item\" href=\"https:\/\/www.radiopiu.net\/wordpress\/wp-content\/uploads\/2021\/03\/hockey-2744905_1920.jpg\" data-dt-img-description=\"\" data-large_image_width=\"1920\" data-large_image_height=\"1279\"><img loading=\"lazy\" decoding=\"async\" class=\" wp-image-197447 alignleft\" src=\"https:\/\/www.radiopiu.net\/wordpress\/wp-content\/uploads\/2021\/03\/hockey-2744905_1920-300x200.jpg\" alt=\"\" width=\"174\" height=\"116\" srcset=\"https:\/\/www.radiopiu.net\/wordpress\/wp-content\/uploads\/2021\/03\/hockey-2744905_1920-300x200.jpg 300w, https:\/\/www.radiopiu.net\/wordpress\/wp-content\/uploads\/2021\/03\/hockey-2744905_1920-1024x682.jpg 1024w, https:\/\/www.radiopiu.net\/wordpress\/wp-content\/uploads\/2021\/03\/hockey-2744905_1920-768x512.jpg 768w, https:\/\/www.radiopiu.net\/wordpress\/wp-content\/uploads\/2021\/03\/hockey-2744905_1920-1536x1023.jpg 1536w, https:\/\/www.radiopiu.net\/wordpress\/wp-content\/uploads\/2021\/03\/hockey-2744905_1920.jpg 1920w\" sizes=\"auto, (max-width: 174px) 100vw, 174px\" \/><\/a>di Marco Gaz<\/strong><\/p>\n<p><strong>REDAZIONE<\/strong> La seconda fase del campionato Under 17 di hockey su ghiaccio \u00e8 iniziata ormai da un mese e l&#8217;Alleghe Hockey, dopo essersi comportato egregiamente nella stagione regolare, ha strappato il pass per giocare nel Master Round dove si trovano le 5 compagini pi\u00f9 forti alla fine della prima fase. Non \u00e8 iniziata per\u00f2 con il piede giusto questa seconda fase del torneo. Infatti la squadra mista di alleghesi e cortinesi non \u00e8 riuscita ad incamerare punti nelle prime tre partite giocate. Sembra che le giovani civette abbiano tirato un p\u00f2 i remi in barca subendo 15 gol e andando a segno sole 4 volte. La classifica vede la squadra allenata da Paolo De Biasio al quinto posto nella graduatoria attuale con 9 punti. Ora l&#8217;obbiettivo \u00e8 quello di agguantare il Valpusteria che dista a sole 3 lunghezze e mancano due match per la conclusione del girone prima che inizi la fase finale dove la squadra mista \u00e8 qualificata ai playoff. Questa settimana i giovani di De Biasio non scenderanno in campo ma la prossima settimana sono in programma le ultime due sfide del Master Round. contro Bressanone e lo scontro diretto con il Valpusteria<\/p>\n<p>&nbsp;<\/p>\n<blockquote>\n<h3><a class=\"dt-pswp-item\" href=\"https:\/\/www.radiopiu.net\/wordpress\/wp-content\/uploads\/2023\/02\/2bb14464-5662-9646-8e59-9a4b3ca5ff64-scaled.jpg\" data-dt-img-description=\"\" data-large_image_width=\"2560\" data-large_image_height=\"1707\"><img loading=\"lazy\" decoding=\"async\" class=\" wp-image-321333 alignleft\" src=\"https:\/\/www.radiopiu.net\/wordpress\/wp-content\/uploads\/2023\/02\/2bb14464-5662-9646-8e59-9a4b3ca5ff64-300x200.jpg\" alt=\"\" width=\"242\" height=\"161\" srcset=\"https:\/\/www.radiopiu.net\/wordpress\/wp-content\/uploads\/2023\/02\/2bb14464-5662-9646-8e59-9a4b3ca5ff64-300x200.jpg 300w, https:\/\/www.radiopiu.net\/wordpress\/wp-content\/uploads\/2023\/02\/2bb14464-5662-9646-8e59-9a4b3ca5ff64-1024x683.jpg 1024w, https:\/\/www.radiopiu.net\/wordpress\/wp-content\/uploads\/2023\/02\/2bb14464-5662-9646-8e59-9a4b3ca5ff64-768x512.jpg 768w, https:\/\/www.radiopiu.net\/wordpress\/wp-content\/uploads\/2023\/02\/2bb14464-5662-9646-8e59-9a4b3ca5ff64-1536x1024.jpg 1536w, https:\/\/www.radiopiu.net\/wordpress\/wp-content\/uploads\/2023\/02\/2bb14464-5662-9646-8e59-9a4b3ca5ff64-2048x1365.jpg 2048w\" sizes=\"auto, (max-width: 242px) 100vw, 242px\" \/><\/a>TROFEO MICHELE BOLOGNINI. L&#8217;ITALIA PERDE ALL&#8217;OVERTIME CON LA SLOVENIA<\/h3>\n<\/blockquote>\n<p class=\"null\">Si apre con una sconfitta all&#8217;overtime il Torneo 4 Nazioni &#8220;Michele Bolognini&#8221; per la Nazionale italiana, che viene piegata per 1 a 0 dal goal di Rok Ticar. Un match che ha visto gli Azzurri mostrare a tratti buoni sprazzi di gioco, senza per\u00f2 mai trovare la continuit\u00e0. Sofferenza soprattutto nel secondo tempo, con Bernard tra i pali a tenere a galla i padroni di casa. Nell&#8217;altro match di giornata l&#8217;Ungheria supera per 4 a 1 la Corea del Sud. Il Torneo 4 Nazioni proseguir\u00e0 oggi: alle ore 13:30 la sfida tra Corea del Sud e Slovenia, alle ore 17:30 l&#8217;Italia se la vedr\u00e0 con l&#8217;Ungheria. (Foto: Valentina Gallina)<\/p>\n<p>&nbsp;<\/p>\n<p>&nbsp;<\/p>\n<hr \/>\n<p>&nbsp;<\/p>\n<p><span style=\"color: #0000ff;\"><strong>SNOWBOARD PARALIMPICO<\/strong><\/span><\/p>\n<blockquote>\n<h3>SI CHIUDE LA DUE GIORNI DEDICATA ALLO SNOWBOARD PARALIMPICO A CORTINA<\/h3>\n<\/blockquote>\n<p><strong><a class=\"dt-pswp-item\" href=\"https:\/\/www.radiopiu.net\/wordpress\/wp-content\/uploads\/2023\/02\/977c050d-6a05-47f1-9cba-f43f12e03386.jpg\" data-dt-img-description=\"\" data-large_image_width=\"1600\" data-large_image_height=\"1066\"><img loading=\"lazy\" decoding=\"async\" class=\" wp-image-321299 alignleft\" src=\"https:\/\/www.radiopiu.net\/wordpress\/wp-content\/uploads\/2023\/02\/977c050d-6a05-47f1-9cba-f43f12e03386-300x200.jpg\" alt=\"\" width=\"183\" height=\"122\" srcset=\"https:\/\/www.radiopiu.net\/wordpress\/wp-content\/uploads\/2023\/02\/977c050d-6a05-47f1-9cba-f43f12e03386-300x200.jpg 300w, https:\/\/www.radiopiu.net\/wordpress\/wp-content\/uploads\/2023\/02\/977c050d-6a05-47f1-9cba-f43f12e03386-1024x682.jpg 1024w, https:\/\/www.radiopiu.net\/wordpress\/wp-content\/uploads\/2023\/02\/977c050d-6a05-47f1-9cba-f43f12e03386-768x512.jpg 768w, https:\/\/www.radiopiu.net\/wordpress\/wp-content\/uploads\/2023\/02\/977c050d-6a05-47f1-9cba-f43f12e03386-1536x1023.jpg 1536w, https:\/\/www.radiopiu.net\/wordpress\/wp-content\/uploads\/2023\/02\/977c050d-6a05-47f1-9cba-f43f12e03386.jpg 1600w\" sizes=\"auto, (max-width: 183px) 100vw, 183px\" \/><\/a>CORTINA<\/strong><\/p>\n<p>di Roberto Bona<\/p>\n<p>(foto: Zenoni)<\/p>\n<audio class=\"wp-audio-shortcode\" id=\"audio-321141-17\" preload=\"none\" style=\"width: 100%;\" controls=\"controls\"><source type=\"audio\/mpeg\" src=\"https:\/\/www.radiopiu.net\/wordpress\/wp-content\/uploads\/2023\/02\/SnowParalimpico.mp3?_=17\" \/><a href=\"https:\/\/www.radiopiu.net\/wordpress\/wp-content\/uploads\/2023\/02\/SnowParalimpico.mp3\">https:\/\/www.radiopiu.net\/wordpress\/wp-content\/uploads\/2023\/02\/SnowParalimpico.mp3<\/a><\/audio>\n<p>&nbsp;<\/p>\n<hr \/>\n<p>&nbsp;<\/p>\n<p><span style=\"color: #0000ff;\"><strong>QUIDDITCH<\/strong><\/span><\/p>\n<blockquote>\n<h3>MATTEO GANZ CONVOCATO CON LA NAZIONALE ITALIANA DI QUIDDITCH<\/h3>\n<\/blockquote>\n<p><strong><a class=\"dt-pswp-item\" href=\"https:\/\/www.radiopiu.net\/wordpress\/wp-content\/uploads\/2023\/02\/bb136c7c-145f-4c50-931d-24620f619398.jpg\" data-dt-img-description=\"\" data-large_image_width=\"155\" data-large_image_height=\"206\"><img loading=\"lazy\" decoding=\"async\" class=\" wp-image-321316 alignleft\" src=\"https:\/\/www.radiopiu.net\/wordpress\/wp-content\/uploads\/2023\/02\/bb136c7c-145f-4c50-931d-24620f619398.jpg\" alt=\"\" width=\"81\" height=\"108\" \/><\/a>REDAZIONE<\/strong> Il falcadino Matteo Ganz \u00e8 stato scelto a rappresentare l&#8217;Italia nella squadra di Quidditch. Sono stati i campi di Verona a definire la rosa di atleti che parteciperanno a questo sport curioso. Il quidditch \u00e8 uno sport di squadra nato nel 2005 dall&#8217;omonimo gioco di fantasia della saga di Harry Potter. Si gioca sull&#8217;erba con sette giocatori che hanno tra le gambe una scopa. Classe 2005, Matteo si sta preparando in vista deiMondiali di Richmond<strong>,<\/strong> negli Stati Uniti. Ma la trasferta \u00e8 molto costosa per la nazionale che far\u00e0 una raccolta fondi per poter sostenere le spese per partecipare alle gare in programma a fine febbraio.<\/p>\n<p>&nbsp;<\/p>\n<p>&nbsp;<\/p>\n<\/div>\n","protected":false},"excerpt":{"rendered":"<p>RADIO PIU INFORMAZIONE il canale su TELEGRAM informazione di prima\u00a0 mano e in tempo reale. iscriviti ed aiutaci a farlo conoscere\u00a0 \u00a0\u00a0 ISCRIVITI AL NOSTRO CANALE YOUTUBE PER SEGUIRE IN DIRETTA I PRINCIPALI PROGRAMMI DI RADIO PIU&#8217; E LE FUTURE DIRETTE IN ESTERNA. PER ISCRIVERTI CLICCA QUI E PREMI IL TASTO &#8220;Iscriviti&#8221;\u00a0 &nbsp; &nbsp; ALL&#8217;ESAME&hellip;<\/p>\n","protected":false},"author":4,"featured_media":321265,"comment_status":"closed","ping_status":"closed","sticky":false,"template":"","format":"standard","meta":{"_monsterinsights_skip_tracking":false,"_monsterinsights_sitenote_active":false,"_monsterinsights_sitenote_note":"","_monsterinsights_sitenote_category":0,"footnotes":""},"categories":[51,86,49],"tags":[],"class_list":["post-321141","post","type-post","status-publish","format-standard","has-post-thumbnail","hentry","category-evidenza-top","category-gr","category-news-18","category-51","category-86","category-49","description-off"],"img_url":"https:\/\/www.radiopiu.net\/wordpress\/wp-content\/uploads\/2023\/02\/562bcc78-295e-4856-a3e5-5cfd5b04827f.jpg","_links":{"self":[{"href":"https:\/\/www.radiopiu.net\/wordpress\/wp-json\/wp\/v2\/posts\/321141","targetHints":{"allow":["GET"]}}],"collection":[{"href":"https:\/\/www.radiopiu.net\/wordpress\/wp-json\/wp\/v2\/posts"}],"about":[{"href":"https:\/\/www.radiopiu.net\/wordpress\/wp-json\/wp\/v2\/types\/post"}],"author":[{"embeddable":true,"href":"https:\/\/www.radiopiu.net\/wordpress\/wp-json\/wp\/v2\/users\/4"}],"replies":[{"embeddable":true,"href":"https:\/\/www.radiopiu.net\/wordpress\/wp-json\/wp\/v2\/comments?post=321141"}],"version-history":[{"count":0,"href":"https:\/\/www.radiopiu.net\/wordpress\/wp-json\/wp\/v2\/posts\/321141\/revisions"}],"wp:featuredmedia":[{"embeddable":true,"href":"https:\/\/www.radiopiu.net\/wordpress\/wp-json\/wp\/v2\/media\/321265"}],"wp:attachment":[{"href":"https:\/\/www.radiopiu.net\/wordpress\/wp-json\/wp\/v2\/media?parent=321141"}],"wp:term":[{"taxonomy":"category","embeddable":true,"href":"https:\/\/www.radiopiu.net\/wordpress\/wp-json\/wp\/v2\/categories?post=321141"},{"taxonomy":"post_tag","embeddable":true,"href":"https:\/\/www.radiopiu.net\/wordpress\/wp-json\/wp\/v2\/tags?post=321141"}],"curies":[{"name":"wp","href":"https:\/\/api.w.org\/{rel}","templated":true}]}}