{"id":321155,"date":"2023-02-09T05:38:02","date_gmt":"2023-02-09T04:38:02","guid":{"rendered":"https:\/\/www.radiopiu.net\/wordpress\/?p=321155"},"modified":"2023-02-09T05:42:07","modified_gmt":"2023-02-09T04:42:07","slug":"palpeggiamenti-professore-di-ginnastica-a-processo","status":"publish","type":"post","link":"https:\/\/www.radiopiu.net\/wordpress\/palpeggiamenti-professore-di-ginnastica-a-processo\/","title":{"rendered":"PALPEGGIAMENTI, PROFESSORE DI GINNASTICA A PROCESSO"},"content":{"rendered":"<p><strong>OGGI SUL CORRIERE DELLE ALPI<\/strong><\/p>\n<p><strong>DI GIGI SOSSO<\/strong><\/p>\n<p><strong>BELLUNO\u00a0<\/strong> Il processo puo&#8217; iniziare. Professore di educazione fisica in tribunale per violenza sessuale. L&#8217;uomo, che insegna in una scuola superiore cittadina, sarebbe anche disposto ad ammettere di aver abbracciato e baciato sulla fronte una studentessa di 17 anni. Ma nel capo d&#8217;imputazione, scritto dal pubblico ministero Roberta Gallego sulla base della denuncia, si legge di palpeggiamenti dei glutei e di sfregamenti sulle gambe che sarebbero avvenuti all&#8217;aperto, in un giorno di scuola, giusto un anno fa. L&#8217;insegnante era stato rinviato a giudizio per violenza sessuale aggravata e, ai tempi dell&#8217;udienza preliminare, la giovane donna non si era costituita parte civile con un legale di fiducia, dopo essere diventata maggiorenne. &#8230;. Ci sarebbe stato un abbraccio con questa studentessa e in aula si discuter\u00e0 di quello che \u00e8 successo durante questa dimostrazione di affetto: per il professore c&#8217;\u00e8 stato al massimo un paterno bacio sulla fronte, magari non gradito, mentre per la ragazza si sarebbe andati molto oltre, con palpeggiamenti e sfregamenti inequivocabili.<\/p>\n<p>&nbsp;<\/p>\n<blockquote>\n<h3>SEI BELLA&#8230; E ALLUNGA LE MANI: DENUNCIATO<\/h3>\n<\/blockquote>\n<p><strong>LONGARONE<\/strong>\u00a0 Un&#8217;operaia di un&#8217;azienda di Longarone denuncia un collega per violenza sessuale: non solo lo porta in tribunale, ma si costituisce anche parte civile e non mancher\u00e0 di chiedergli un risarcimento danni.I fatti sarebbero accaduti il 18 maggio dell&#8217;anno scorso, durante un normale turno di lavoro.\u00a0 L&#8217;uomo era stato rinviato a giudizio dal giudice per le udienze preliminari, su richiesta del pubblico ministero Roberta Gallego e ieri mattina si \u00e8 celebrata l&#8217;udienza di smistamento.\u00a0 Il processo comincer\u00e0 il 29 novembre con i testi citati dalla pubblica accusa. Seguiranno quelli delle altre parti, fino alla discussione e alla sentenza di primo grado.<\/p>\n<p>&nbsp;<\/p>\n<p>&#8212;-<\/p>\n","protected":false},"excerpt":{"rendered":"<p>OGGI SUL CORRIERE DELLE ALPI DI GIGI SOSSO BELLUNO\u00a0 Il processo puo&#8217; iniziare. Professore di educazione fisica in tribunale per violenza sessuale. L&#8217;uomo, che insegna in una scuola superiore cittadina, sarebbe anche disposto ad ammettere di aver abbracciato e baciato sulla fronte una studentessa di 17 anni. Ma nel capo d&#8217;imputazione, scritto dal pubblico ministero&hellip;<\/p>\n","protected":false},"author":4,"featured_media":62916,"comment_status":"closed","ping_status":"closed","sticky":false,"template":"","format":"standard","meta":{"_monsterinsights_skip_tracking":false,"_monsterinsights_sitenote_active":false,"_monsterinsights_sitenote_note":"","_monsterinsights_sitenote_category":0,"footnotes":""},"categories":[51,49],"tags":[],"class_list":["post-321155","post","type-post","status-publish","format-standard","has-post-thumbnail","hentry","category-evidenza-top","category-news-18","category-51","category-49","description-off"],"img_url":"https:\/\/www.radiopiu.net\/wordpress\/wp-content\/uploads\/2018\/10\/violenza.jpg","_links":{"self":[{"href":"https:\/\/www.radiopiu.net\/wordpress\/wp-json\/wp\/v2\/posts\/321155","targetHints":{"allow":["GET"]}}],"collection":[{"href":"https:\/\/www.radiopiu.net\/wordpress\/wp-json\/wp\/v2\/posts"}],"about":[{"href":"https:\/\/www.radiopiu.net\/wordpress\/wp-json\/wp\/v2\/types\/post"}],"author":[{"embeddable":true,"href":"https:\/\/www.radiopiu.net\/wordpress\/wp-json\/wp\/v2\/users\/4"}],"replies":[{"embeddable":true,"href":"https:\/\/www.radiopiu.net\/wordpress\/wp-json\/wp\/v2\/comments?post=321155"}],"version-history":[{"count":0,"href":"https:\/\/www.radiopiu.net\/wordpress\/wp-json\/wp\/v2\/posts\/321155\/revisions"}],"wp:featuredmedia":[{"embeddable":true,"href":"https:\/\/www.radiopiu.net\/wordpress\/wp-json\/wp\/v2\/media\/62916"}],"wp:attachment":[{"href":"https:\/\/www.radiopiu.net\/wordpress\/wp-json\/wp\/v2\/media?parent=321155"}],"wp:term":[{"taxonomy":"category","embeddable":true,"href":"https:\/\/www.radiopiu.net\/wordpress\/wp-json\/wp\/v2\/categories?post=321155"},{"taxonomy":"post_tag","embeddable":true,"href":"https:\/\/www.radiopiu.net\/wordpress\/wp-json\/wp\/v2\/tags?post=321155"}],"curies":[{"name":"wp","href":"https:\/\/api.w.org\/{rel}","templated":true}]}}