{"id":321276,"date":"2023-02-09T16:11:04","date_gmt":"2023-02-09T15:11:04","guid":{"rendered":"https:\/\/www.radiopiu.net\/wordpress\/?p=321276"},"modified":"2023-02-09T16:42:22","modified_gmt":"2023-02-09T15:42:22","slug":"il-ministro-della-sanita-e-amadeus-visitano-le-dolomiti-bellunesi-a-casa-sanremo","status":"publish","type":"post","link":"https:\/\/www.radiopiu.net\/wordpress\/il-ministro-della-sanita-e-amadeus-visitano-le-dolomiti-bellunesi-a-casa-sanremo\/","title":{"rendered":"IL MINISTRO DELLA SANITA\u2019 E AMADEUS VISITANO LE DOLOMITI BELLUNESI A CASA SANREMO"},"content":{"rendered":"<p><strong>SANREMO<\/strong> Il Festival non \u00e8 solo una vetrina per il Bellunese, ma un\u2019occasione di confronto su grandi tempi. Nella mattinata infatti il ministro della sanit\u00e0 Orazio Schillaci, ospite di un evento su prevenzione e salute, ha incontrato Il presidente della Provincia di Belluno, Roberto Padrin, nella club house Dolomiti Bellunesi. Il tempo di un caff\u00e8 con diversi argomenti, fra i quali il tema dell\u2019\u2019occhialeria e dell\u2019importanza di questo settore nel sistema del Made in Italy. \u00abL\u2019occhiale non \u00e8 solo moda e design, campo nel quale le nostre aziende bellunesi eccellono. \u00c8 anche uno strumento di sanit\u00e0 a tutti gli effetti. Ed \u00e8 di questo che ho voluto parlare con il ministro Schillaci\u00bb, spiega il presidente Padrin. \u00abGli ho presentato il distretto dell\u2019occhiale, eccellenza tutta bellunese, e insieme abbiamo parlato dell\u2019importanza della salute degli occhi e della buona vista. Gli ho ribadito l\u2019importanza del bonus vista, che consente ai nuclei familiari di accedere a un contributo per l\u2019acquisto di lenti e occhiali da vista a partire dal 13 febbraio; speriamo che questo strumento venga implementato, anche con l\u2019innalzamento della soglia Isee. Sarebbe un\u2019occasione importante non solo per rendere un servizio alle famiglie, ma anche per stimolare il settore e il mercato\u00bb.\u00a0 Il tema occhialeria \u00e8 stato messo al centro anche con la presenza dei lavoratori Safilo, portatori di un know-how che da decenni rende Belluno terra di grande occhialeria.\u00a0 Poi \u00e8 stata la volta di Amadeus. Il presentatore e direttore artistico del Festival \u00e8 passato a Casa Sanremo e si \u00e8 intrattenuto con il presidente Padrin per parlare delle eccellenze e della storia del territorio. Il tema della quarta giornata di Casa Sanremo \u00e8 ruotato intorno alla Regione Veneto e ai siti Unesco presentati durante il programma \u201cBuongiorno Sanremo&#8221;, ospite l\u2019assessore regionale alla cultura Cristiano Corazzari. Domani le Dolomiti Bellunesi metteranno sotto i riflettori l\u2019alpinismo e l\u2019artigianato.<\/p>\n\n\t\t\t<style type='text\/css'>\n\t\t\t\t#gallery-1 {\n\t\t\t\t\tmargin: auto;\n\t\t\t\t}\n\t\t\t\t#gallery-1 .gallery-item {\n\t\t\t\t\tfloat: left;\n\t\t\t\t\tmargin-top: 10px;\n\t\t\t\t\ttext-align: center;\n\t\t\t\t\twidth: 25%;\n\t\t\t\t}\n\t\t\t\t#gallery-1 img {\n\t\t\t\t\tborder: 2px solid #cfcfcf;\n\t\t\t\t}\n\t\t\t\t#gallery-1 .gallery-caption {\n\t\t\t\t\tmargin-left: 0;\n\t\t\t\t}\n\t\t\t\t\/* see gallery_shortcode() in wp-includes\/media.php *\/\n\t\t\t<\/style>\n\t\t<div id='gallery-1' class='dt-gallery-container gallery galleryid-321276 gallery-columns-4 gallery-size-medium'><dl class='gallery-item'>\n\t\t\t\t<dt class='gallery-icon landscape'>\n\t\t\t\t\t<a class=\"rollover rollover-zoom dt-pswp-item\" title=\"B0E64657-D57E-45F5-96BF-ED68A068F2F6\" data-dt-img-description=\"\" data-large_image_width=\"1024\" data-large_image_height=\"684\"href='https:\/\/www.radiopiu.net\/wordpress\/wp-content\/uploads\/2023\/02\/B0E64657-D57E-45F5-96BF-ED68A068F2F6.jpeg'><img loading=\"lazy\" decoding=\"async\" width=\"300\" height=\"200\" src=\"https:\/\/www.radiopiu.net\/wordpress\/wp-content\/uploads\/2023\/02\/B0E64657-D57E-45F5-96BF-ED68A068F2F6-300x200.jpeg\" class=\"attachment-medium size-medium\" alt=\"\" srcset=\"https:\/\/www.radiopiu.net\/wordpress\/wp-content\/uploads\/2023\/02\/B0E64657-D57E-45F5-96BF-ED68A068F2F6-300x200.jpeg 300w, https:\/\/www.radiopiu.net\/wordpress\/wp-content\/uploads\/2023\/02\/B0E64657-D57E-45F5-96BF-ED68A068F2F6-768x513.jpeg 768w, https:\/\/www.radiopiu.net\/wordpress\/wp-content\/uploads\/2023\/02\/B0E64657-D57E-45F5-96BF-ED68A068F2F6.jpeg 1024w\" sizes=\"auto, (max-width: 300px) 100vw, 300px\" \/><\/a>\n\t\t\t\t<\/dt><\/dl><dl class='gallery-item'>\n\t\t\t\t<dt class='gallery-icon landscape'>\n\t\t\t\t\t<a class=\"rollover rollover-zoom dt-pswp-item\" title=\"D26BE5B6-25E6-41B3-A68F-7F9B654BA617\" data-dt-img-description=\"\" data-large_image_width=\"1024\" data-large_image_height=\"684\"href='https:\/\/www.radiopiu.net\/wordpress\/wp-content\/uploads\/2023\/02\/D26BE5B6-25E6-41B3-A68F-7F9B654BA617.jpeg'><img loading=\"lazy\" decoding=\"async\" width=\"300\" height=\"200\" src=\"https:\/\/www.radiopiu.net\/wordpress\/wp-content\/uploads\/2023\/02\/D26BE5B6-25E6-41B3-A68F-7F9B654BA617-300x200.jpeg\" class=\"attachment-medium size-medium\" alt=\"\" srcset=\"https:\/\/www.radiopiu.net\/wordpress\/wp-content\/uploads\/2023\/02\/D26BE5B6-25E6-41B3-A68F-7F9B654BA617-300x200.jpeg 300w, https:\/\/www.radiopiu.net\/wordpress\/wp-content\/uploads\/2023\/02\/D26BE5B6-25E6-41B3-A68F-7F9B654BA617-768x513.jpeg 768w, https:\/\/www.radiopiu.net\/wordpress\/wp-content\/uploads\/2023\/02\/D26BE5B6-25E6-41B3-A68F-7F9B654BA617.jpeg 1024w\" sizes=\"auto, (max-width: 300px) 100vw, 300px\" \/><\/a>\n\t\t\t\t<\/dt><\/dl><dl class='gallery-item'>\n\t\t\t\t<dt class='gallery-icon landscape'>\n\t\t\t\t\t<a class=\"rollover rollover-zoom dt-pswp-item\" title=\"88045D3A-B76E-4D82-86CD-09578DA12BDE\" data-dt-img-description=\"\" data-large_image_width=\"1024\" data-large_image_height=\"768\"href='https:\/\/www.radiopiu.net\/wordpress\/wp-content\/uploads\/2023\/02\/88045D3A-B76E-4D82-86CD-09578DA12BDE.jpeg'><img loading=\"lazy\" decoding=\"async\" width=\"300\" height=\"225\" src=\"https:\/\/www.radiopiu.net\/wordpress\/wp-content\/uploads\/2023\/02\/88045D3A-B76E-4D82-86CD-09578DA12BDE-300x225.jpeg\" class=\"attachment-medium size-medium\" alt=\"\" srcset=\"https:\/\/www.radiopiu.net\/wordpress\/wp-content\/uploads\/2023\/02\/88045D3A-B76E-4D82-86CD-09578DA12BDE-300x225.jpeg 300w, https:\/\/www.radiopiu.net\/wordpress\/wp-content\/uploads\/2023\/02\/88045D3A-B76E-4D82-86CD-09578DA12BDE-768x576.jpeg 768w, https:\/\/www.radiopiu.net\/wordpress\/wp-content\/uploads\/2023\/02\/88045D3A-B76E-4D82-86CD-09578DA12BDE.jpeg 1024w\" sizes=\"auto, (max-width: 300px) 100vw, 300px\" \/><\/a>\n\t\t\t\t<\/dt><\/dl><dl class='gallery-item'>\n\t\t\t\t<dt class='gallery-icon portrait'>\n\t\t\t\t\t<a class=\"rollover rollover-zoom dt-pswp-item\" title=\"E45A9D08-9273-4E61-B0B8-0A1D86FE2635\" data-dt-img-description=\"\" data-large_image_width=\"1066\" data-large_image_height=\"1600\"href='https:\/\/www.radiopiu.net\/wordpress\/wp-content\/uploads\/2023\/02\/E45A9D08-9273-4E61-B0B8-0A1D86FE2635.jpeg'><img loading=\"lazy\" decoding=\"async\" width=\"200\" height=\"300\" src=\"https:\/\/www.radiopiu.net\/wordpress\/wp-content\/uploads\/2023\/02\/E45A9D08-9273-4E61-B0B8-0A1D86FE2635-200x300.jpeg\" class=\"attachment-medium size-medium\" alt=\"\" srcset=\"https:\/\/www.radiopiu.net\/wordpress\/wp-content\/uploads\/2023\/02\/E45A9D08-9273-4E61-B0B8-0A1D86FE2635-200x300.jpeg 200w, https:\/\/www.radiopiu.net\/wordpress\/wp-content\/uploads\/2023\/02\/E45A9D08-9273-4E61-B0B8-0A1D86FE2635-682x1024.jpeg 682w, https:\/\/www.radiopiu.net\/wordpress\/wp-content\/uploads\/2023\/02\/E45A9D08-9273-4E61-B0B8-0A1D86FE2635-768x1153.jpeg 768w, https:\/\/www.radiopiu.net\/wordpress\/wp-content\/uploads\/2023\/02\/E45A9D08-9273-4E61-B0B8-0A1D86FE2635-1023x1536.jpeg 1023w, https:\/\/www.radiopiu.net\/wordpress\/wp-content\/uploads\/2023\/02\/E45A9D08-9273-4E61-B0B8-0A1D86FE2635.jpeg 1066w\" sizes=\"auto, (max-width: 200px) 100vw, 200px\" \/><\/a>\n\t\t\t\t<\/dt><\/dl><br style=\"clear: both\" \/>\n\t\t\t<\/div>\n\n<p>&nbsp;<\/p>\n<p><iframe loading=\"lazy\" title=\"CASA SANREMO PADRIN - MINISTRO SANITA&#039;\" width=\"1200\" height=\"675\" src=\"https:\/\/www.youtube.com\/embed\/z28hO5MMTpg?feature=oembed\" frameborder=\"0\" allow=\"accelerometer; autoplay; clipboard-write; encrypted-media; gyroscope; picture-in-picture; web-share\" allowfullscreen><\/iframe><\/p>\n<p>&nbsp;<\/p>\n<p>&nbsp;<\/p>\n<p>*******<\/p>\n","protected":false},"excerpt":{"rendered":"<p>SANREMO Il Festival non \u00e8 solo una vetrina per il Bellunese, ma un\u2019occasione di confronto su grandi tempi. Nella mattinata infatti il ministro della sanit\u00e0 Orazio Schillaci, ospite di un evento su prevenzione e salute, ha incontrato Il presidente della Provincia di Belluno, Roberto Padrin, nella club house Dolomiti Bellunesi. Il tempo di un caff\u00e8&hellip;<\/p>\n","protected":false},"author":4,"featured_media":321278,"comment_status":"closed","ping_status":"closed","sticky":false,"template":"","format":"standard","meta":{"_monsterinsights_skip_tracking":false,"_monsterinsights_sitenote_active":false,"_monsterinsights_sitenote_note":"","_monsterinsights_sitenote_category":0,"footnotes":""},"categories":[49],"tags":[],"class_list":["post-321276","post","type-post","status-publish","format-standard","has-post-thumbnail","hentry","category-news-18","category-49","description-off"],"img_url":"https:\/\/www.radiopiu.net\/wordpress\/wp-content\/uploads\/2023\/02\/D26BE5B6-25E6-41B3-A68F-7F9B654BA617.jpeg","_links":{"self":[{"href":"https:\/\/www.radiopiu.net\/wordpress\/wp-json\/wp\/v2\/posts\/321276","targetHints":{"allow":["GET"]}}],"collection":[{"href":"https:\/\/www.radiopiu.net\/wordpress\/wp-json\/wp\/v2\/posts"}],"about":[{"href":"https:\/\/www.radiopiu.net\/wordpress\/wp-json\/wp\/v2\/types\/post"}],"author":[{"embeddable":true,"href":"https:\/\/www.radiopiu.net\/wordpress\/wp-json\/wp\/v2\/users\/4"}],"replies":[{"embeddable":true,"href":"https:\/\/www.radiopiu.net\/wordpress\/wp-json\/wp\/v2\/comments?post=321276"}],"version-history":[{"count":0,"href":"https:\/\/www.radiopiu.net\/wordpress\/wp-json\/wp\/v2\/posts\/321276\/revisions"}],"wp:featuredmedia":[{"embeddable":true,"href":"https:\/\/www.radiopiu.net\/wordpress\/wp-json\/wp\/v2\/media\/321278"}],"wp:attachment":[{"href":"https:\/\/www.radiopiu.net\/wordpress\/wp-json\/wp\/v2\/media?parent=321276"}],"wp:term":[{"taxonomy":"category","embeddable":true,"href":"https:\/\/www.radiopiu.net\/wordpress\/wp-json\/wp\/v2\/categories?post=321276"},{"taxonomy":"post_tag","embeddable":true,"href":"https:\/\/www.radiopiu.net\/wordpress\/wp-json\/wp\/v2\/tags?post=321276"}],"curies":[{"name":"wp","href":"https:\/\/api.w.org\/{rel}","templated":true}]}}