{"id":321335,"date":"2023-02-11T06:20:39","date_gmt":"2023-02-11T05:20:39","guid":{"rendered":"https:\/\/www.radiopiu.net\/wordpress\/?p=321335"},"modified":"2023-02-11T06:20:39","modified_gmt":"2023-02-11T05:20:39","slug":"giornale-radiopiu-11-febbraio-2023-direttore-mirko-mezzacasa-verso-i-40-anni-25-giugno-1983-25-giugno-2023","status":"publish","type":"post","link":"https:\/\/www.radiopiu.net\/wordpress\/giornale-radiopiu-11-febbraio-2023-direttore-mirko-mezzacasa-verso-i-40-anni-25-giugno-1983-25-giugno-2023\/","title":{"rendered":"GIORNALE RADIOPIU 11 FEBBRAIO 2023 DIRETTORE MIRKO MEZZACASA&#8230;verso i 40 anni 25 giugno 1983-25 giugno 2023"},"content":{"rendered":"<blockquote>\n<h3 class=\"kvgmc6g5 cxmmr5t8 oygrvhab hcukyx3x c1et5uql\"><span style=\"color: #0000ff;\"><strong>RADIO PIU INFORMAZIONE il canale su TELEGRAM informazione di prima\u00a0 <\/strong><strong>mano e in tempo reale. iscriviti ed aiutaci a farlo conoscere\u00a0 \u00a0\u00a0<\/strong><\/span><\/h3>\n<\/blockquote>\n<h2 style=\"text-align: left;\"><span style=\"color: #ff0000;\">ISCRIVITI AL NOSTRO CANALE YOUTUBE PER SEGUIRE IN DIRETTA I PRINCIPALI PROGRAMMI DI RADIO PIU&#8217; E LE FUTURE DIRETTE IN ESTERNA. PER ISCRIVERTI <a style=\"color: #ff0000;\" href=\"https:\/\/youtube.com\/@radiopiu1527\">CLICCA QUI<\/a> E PREMI IL TASTO &#8220;Iscriviti&#8221;\u00a0<\/span><\/h2>\n<p>&nbsp;<\/p>\n<p>&nbsp;<\/p>\n<hr \/>\n<p>&nbsp;<\/p>\n<blockquote>\n<h3>FELTRE PIANGE PIETRO DALLA PALMA<\/h3>\n<\/blockquote>\n<p><strong><a class=\"dt-pswp-item\" href=\"https:\/\/www.radiopiu.net\/wordpress\/wp-content\/uploads\/2023\/02\/4f1c8927-9059-43fd-8e41-30107a899a26.jpg\" data-dt-img-description=\"\" data-large_image_width=\"853\" data-large_image_height=\"1024\"><img loading=\"lazy\" decoding=\"async\" class=\" wp-image-321515 alignleft\" src=\"https:\/\/www.radiopiu.net\/wordpress\/wp-content\/uploads\/2023\/02\/4f1c8927-9059-43fd-8e41-30107a899a26-250x300.jpg\" alt=\"\" width=\"103\" height=\"124\" srcset=\"https:\/\/www.radiopiu.net\/wordpress\/wp-content\/uploads\/2023\/02\/4f1c8927-9059-43fd-8e41-30107a899a26-250x300.jpg 250w, https:\/\/www.radiopiu.net\/wordpress\/wp-content\/uploads\/2023\/02\/4f1c8927-9059-43fd-8e41-30107a899a26-768x922.jpg 768w, https:\/\/www.radiopiu.net\/wordpress\/wp-content\/uploads\/2023\/02\/4f1c8927-9059-43fd-8e41-30107a899a26.jpg 853w\" sizes=\"auto, (max-width: 103px) 100vw, 103px\" \/><\/a>FELTRE<\/strong> Imprenditore agricolo con la passione per la politica, \u00e8 scomparso all&#8217;et\u00e0 di 87 anni Pietro Dalla Palma. I funerali si svolgeranno oggi alle 14.30 nella chiesa di Vellai. Per anni \u00e8 stato figura di vertice della Federazione provinciale dei coltivatori diretti, costantemente in prima fila per la risoluzione delle istanze degli associati. Per tanti anni \u00e8 stato dirigente del consorzio agrario interprovinciale di Belluno e Treviso. Cavaliere al merito della Repubblica nel 1972, l&#8217;onorificenza di Ufficiale della Repubblica italiana nel 1982 e quella di Commendatore della Repubblica italiana nel 1985. \u00c8 stato consigliere comunale dal 1973 al 1978\u00a0 e ancora dal 1978 al 1983. Poi anche consigliere provinciale e assessore nell&#8217;amministrazione presieduta da Elio Daur\u00f9. (foto: Corriere Delle Alpi)<\/p>\n<p>&nbsp;<\/p>\n<p>&nbsp;<\/p>\n<hr \/>\n<p>&nbsp;<\/p>\n<blockquote>\n<h3>OGGI ALLE 15 L&#8217;ULTIMO SALUTO AL DOTTOR MARSON<\/h3>\n<\/blockquote>\n<p><a class=\"dt-pswp-item\" href=\"https:\/\/www.radiopiu.net\/wordpress\/wp-content\/uploads\/2023\/02\/Senza-nome-23.jpg\" data-dt-img-description=\"\" data-large_image_width=\"154\" data-large_image_height=\"137\"><img loading=\"lazy\" decoding=\"async\" class=\"size-full wp-image-321344 alignleft\" src=\"https:\/\/www.radiopiu.net\/wordpress\/wp-content\/uploads\/2023\/02\/Senza-nome-23.jpg\" alt=\"\" width=\"154\" height=\"137\" \/><\/a><strong>BELLUNO<\/strong>\u00a0 E&#8217; morto dopo una sofferta malattia Stefano Marson. Era medico ginecologo, aveva 65 anni.\u00a0 In Duomo oggi alle 15 la cerimonia funebre. Stefano, oltre a Mara e Mattia, lascia la sorella Carla, la cognata Marina e i nipoti. Nel dolore di queste ore la moglie ringrazia a chi ha sostenuto Stefano con l&#8217;assistenza domiciliare<\/p>\n<p>&nbsp;<\/p>\n<p>&nbsp;<\/p>\n<p>&nbsp;<\/p>\n<p>&nbsp;<\/p>\n<hr \/>\n<p>&nbsp;<\/p>\n<blockquote>\n<h3>TROVATO MORTO IN CASA &#8220;IL CONTE&#8221;, TIZIANO CONTI<\/h3>\n<\/blockquote>\n<p><strong><a class=\"dt-pswp-item\" href=\"https:\/\/www.radiopiu.net\/wordpress\/wp-content\/uploads\/2023\/02\/330166523_1223031158616127_7767925895499442252_n.jpg\" data-dt-img-description=\"\" data-large_image_width=\"960\" data-large_image_height=\"937\"><img loading=\"lazy\" decoding=\"async\" class=\" wp-image-321519 alignleft\" src=\"https:\/\/www.radiopiu.net\/wordpress\/wp-content\/uploads\/2023\/02\/330166523_1223031158616127_7767925895499442252_n-300x293.jpg\" alt=\"\" width=\"168\" height=\"164\" srcset=\"https:\/\/www.radiopiu.net\/wordpress\/wp-content\/uploads\/2023\/02\/330166523_1223031158616127_7767925895499442252_n-300x293.jpg 300w, https:\/\/www.radiopiu.net\/wordpress\/wp-content\/uploads\/2023\/02\/330166523_1223031158616127_7767925895499442252_n-768x750.jpg 768w, https:\/\/www.radiopiu.net\/wordpress\/wp-content\/uploads\/2023\/02\/330166523_1223031158616127_7767925895499442252_n.jpg 960w\" sizes=\"auto, (max-width: 168px) 100vw, 168px\" \/><\/a>BELLUNO<\/strong> Tiziano Conti, noto come &#8220;il Conte&#8221;, una persona che conoscevano un po&#8217; tutti nella zona di Orzes e del Mas di Sedico, \u00e8 stato trovato senza vita ieri nella sua abitazione. L&#8217;uomo viveva in condizioni molto precarie e ultimamente aveva accusato pi\u00f9 che mai dei problemi di salute, facendo qualche tappa anche all&#8217;ospedale di Belluno per degli accertamenti. Frequentava soprattutto la zona del Mas e di Sedico, dove si recava frequentemente a piedi: l\u00e0, lungo la strada che dai Casoni porta verso il Mas gli automobilisti di passaggio lo incrociavano di frequente mentre camminava lungo la carreggiata. Tra i primi a dare la notizia della morte di Conti \u00e8 stato Fabio &#8220;Rufus&#8221; Bristot che in un post su Facebook ha scritto: &#8220;Gli ultimi (per qualsiasi motivo che non mi permetto di giudicare), spesso derisi e beffeggiati dagli idioti, troppi, di turno. Gli ultimi, che almeno la morte dar\u00e0 loro quella dignit\u00e0 che, forse, non siamo riusciti a dare noi in vita&#8221;.<\/p>\n<p>&nbsp;<\/p>\n<p>&nbsp;<\/p>\n<hr \/>\n<p>&nbsp;<\/p>\n<blockquote>\n<h3>ESERCITAZIONE CONGIUNTA IN VALANGA GUARDIA DI FINANZA E POLIZIA DI STATO<\/h3>\n<\/blockquote>\n<p>&nbsp;<\/p>\n<p><img loading=\"lazy\" decoding=\"async\" class=\"alignleft\" src=\"https:\/\/www.radiopiu.net\/wordpress\/wp-content\/uploads\/2021\/02\/fiamme-gialle-scaled.jpeg\" width=\"177\" height=\"133\" \/><strong>BELLUNO<\/strong> S<span dir=\"ltr\" role=\"presentation\">cialpinista travolto da valanga, <\/span><span dir=\"ltr\" role=\"presentation\">con l\u2019impossibilit\u00e0 di utilizzare l\u2019elicottero a causa delle condizioni meteo <\/span><span dir=\"ltr\" role=\"presentation\">avverse; i soccorritori insieme ai rispettivi cani hanno quindi raggiunto il sito valanghivo 450 metri sopra, localizzato e dissepolto l&#8217;uomo&#8230;si \u00e8 trattato di un&#8217;importante esercitazione <\/span><span dir=\"ltr\" role=\"presentation\">in valanga con l\u2019ausilio delle unit\u00e0 cinofile a<\/span><span dir=\"ltr\" role=\"presentation\">\u00a0Misurina <\/span><span dir=\"ltr\" role=\"presentation\">tra i 1800 e i 2200 metri con temperatura di 20 gradi sotto zero. Sul campo <\/span><span dir=\"ltr\" role=\"presentation\">\u00a0il Soccorso Alpino della Guardia di Finanza e il <\/span><span dir=\"ltr\" role=\"presentation\">Centro Addestramento Alpino della Polizia di Stato. <\/span><span dir=\"ltr\" role=\"presentation\">L\u2019attivit\u00e0, pianificata e coordinata dall\u2019Istruttore unit\u00e0 cinofile da soccorso, Appuntato Scelto Davide <\/span><span dir=\"ltr\" role=\"presentation\">Buzzo, ha visto la partecipazione di 18 militari cinofili provenienti dalle Stazioni S.A.G.F. di Auronzo di <\/span><span dir=\"ltr\" role=\"presentation\">Cadore, Cortina d\u2019Ampezzo, Silandro, Vipiteno, Prato alla Drava, Brunico, Tione, Passo Rolle e dalla <\/span><span dir=\"ltr\" role=\"presentation\">Sezione Addestramento Unit\u00e0 Cinofile di Soccorso della Scuola Alpina di Predazzo, unitamente a 2 <\/span><span dir=\"ltr\" role=\"presentation\">unit\u00e0 della Squadra Cinofili del Centro Addestramento Alpino di Moena della Polizia di Stato.\u00a0<\/span><\/p>\n<p>&nbsp;<\/p>\n<p>&nbsp;<\/p>\n<hr \/>\n<p>&nbsp;<\/p>\n<blockquote>\n<h3>DILLO A RADIO PIU&#8217;&#8230;.&#8221;IO PROPORREI: A PAPA LUCIANI&#8221;<\/h3>\n<\/blockquote>\n<p><strong><img loading=\"lazy\" decoding=\"async\" class=\"alignleft\" src=\"https:\/\/www.radiopiu.net\/wordpress\/wp-content\/uploads\/2021\/07\/gallery_H05050102-300x300.png\" width=\"156\" height=\"156\" \/>REDAZIONE<\/strong> Riceviamo e volentieri pubblichiamo l&#8217;intervento di Alberto Curti a proposito della tanto attesa intitolazione dell&#8217;ospedale di Agordo, se ne parla da anni, decenni, a Papa Luciani.<\/p>\n<p>&nbsp;<\/p>\n<p>Scrivo a proposito dell&#8217;intitolazione dell&#8217;Ospedale di Agordo, al nostro Papa. L&#8217;idea \u00e8 ottima, senz&#8217;altro da condividere. E&#8217; inconcepibile il ritardo, perch\u00e9, a quanto ne so, se ne parla da anni. Tutti sembravano d&#8217;accordo, ma non se ne \u00e8 fatto finora nulla. Mi pare che l&#8217;idea sia di intitolare l&#8217;Ospedale di Agordo a &#8220;Giovanni Paolo I&#8221; Io proporrei invece di intitolarlo a &#8220;Papa Luciani&#8221;. Questo perch\u00e9 noi agordini sappiamo bene chi \u00e8 Giovanni Paolo I, ma tutti quelli che vengono da fuori senz&#8217;altro penserebbero a Papa Woytila (Giovanni Paolo II) molto pi\u00f9 conosciuto ovunque del nostro Luciani agordino. Se lo condivide, inviterei\u00a0 Radiopi\u00f9 di farsi sostenitrice-promotrice di questa proposta e di diffonderla perch\u00e9 sia conosciuta e condivisa da quanti pi\u00f9 cittadini possibile, e quindi sia portata all&#8217;attenzione di chi ha la possibilit\u00e0 e il potere di decidere in merito. Personalmente non immagino possano esserci obiezioni contrarie. In subordine, auspicherei un altro nominativo: Leonardo Del Vecchio. Per quest&#8217;altro illustrissimo personaggio agordino, sarebbe comunque da pensare a qualcosa di importante, quale l&#8217;intitolazione della Piazza centrale di Agordo, con una statua. Potrebbe essere bello.<\/p>\n<p>ALBERTO CURTI<\/p>\n<p>&nbsp;<\/p>\n<hr \/>\n<p>&nbsp;<\/p>\n<p>&nbsp;<\/p>\n<blockquote>\n<h3>SUL CASO SAFILO, IL SINDACO DE PELLEGRIN &#8220;NON POSSIAMO PERMETTERCI ALTRE CHISURE&#8221;<\/h3>\n<\/blockquote>\n<p><em><a class=\"dt-pswp-item\" href=\"https:\/\/www.radiopiu.net\/wordpress\/wp-content\/uploads\/2023\/02\/e376c0cf-e4c6-456e-9f76-6f3ea4f23f01.jpg\" data-dt-img-description=\"\" data-large_image_width=\"1600\" data-large_image_height=\"1200\"><img loading=\"lazy\" decoding=\"async\" class=\" wp-image-321047 alignleft\" src=\"https:\/\/www.radiopiu.net\/wordpress\/wp-content\/uploads\/2023\/02\/e376c0cf-e4c6-456e-9f76-6f3ea4f23f01-300x225.jpg\" alt=\"\" width=\"217\" height=\"163\" srcset=\"https:\/\/www.radiopiu.net\/wordpress\/wp-content\/uploads\/2023\/02\/e376c0cf-e4c6-456e-9f76-6f3ea4f23f01-300x225.jpg 300w, https:\/\/www.radiopiu.net\/wordpress\/wp-content\/uploads\/2023\/02\/e376c0cf-e4c6-456e-9f76-6f3ea4f23f01-1024x768.jpg 1024w, https:\/\/www.radiopiu.net\/wordpress\/wp-content\/uploads\/2023\/02\/e376c0cf-e4c6-456e-9f76-6f3ea4f23f01-768x576.jpg 768w, https:\/\/www.radiopiu.net\/wordpress\/wp-content\/uploads\/2023\/02\/e376c0cf-e4c6-456e-9f76-6f3ea4f23f01-1536x1152.jpg 1536w, https:\/\/www.radiopiu.net\/wordpress\/wp-content\/uploads\/2023\/02\/e376c0cf-e4c6-456e-9f76-6f3ea4f23f01.jpg 1600w\" sizes=\"auto, (max-width: 217px) 100vw, 217px\" \/><\/a>\u201c<\/em><span style=\"font-family: Arial, serif;\"><span style=\"font-size: large;\"><em>Monitorare da vicino la situazione Safilo, non possiamo permetterci di perdere un\u2019altra azienda. Il Comune di Belluno pronto a fare la sua parte\u201d.<\/em> Cos\u00ec il sindaco del capoluogo, Oscar De Pellegrin, interviene a sostegno dei lavoratori dello stabilimento di Longarone in fibrillazione da settimane per l\u2019annunciata dismissione del sito produttivo e la conseguente perdita del lavoro.<\/span><\/span><\/p>\n<p>&nbsp;<\/p>\n<p>&nbsp;<\/p>\n<p><strong>AUDIO oscar de pellegrin<\/strong><\/p>\n<audio class=\"wp-audio-shortcode\" id=\"audio-321335-1\" preload=\"none\" style=\"width: 100%;\" controls=\"controls\"><source type=\"audio\/mpeg\" src=\"https:\/\/www.radiopiu.net\/wordpress\/wp-content\/uploads\/2023\/02\/OSCAR-DE-PELLEGRIN.mp3?_=1\" \/><a href=\"https:\/\/www.radiopiu.net\/wordpress\/wp-content\/uploads\/2023\/02\/OSCAR-DE-PELLEGRIN.mp3\">https:\/\/www.radiopiu.net\/wordpress\/wp-content\/uploads\/2023\/02\/OSCAR-DE-PELLEGRIN.mp3<\/a><\/audio>\n<p>&nbsp;<\/p>\n<blockquote>\n<h3>UNCEM AL FIANCO DEI LAVORATORI DI SAFILO<\/h3>\n<\/blockquote>\n<p><strong>ROMA<\/strong> Uncem, con il Presidente nazionale Marco Bussone e il Presidente Uncem Veneto Ennio Vigne, si unisce ai Lavoratori e alle Lavoratrici della Safilo di Longarone. Ieri duemila persone sono scese in piazza contro la chiusura dell&#8217;impianto produttivo. In testa i Sindaci, con Roberto Padrin (primo cittadino di Longarone e Presidente della Provincia di Belluno). Uncem \u00e8 a fianco delle famiglie, dei lavoratori che rischiano il posto per la chiusura dell&#8217;impianto produttivo, peraltro dopo una serie di scelte unilaterali di tagli, ridimensionamenti, ristrutturazioni. Fatturato in crescita, marchi importantissimi, ma troppi dannosi tagli e oggi l&#8217;annuncio della chiusura. Non accettabile. &#8220;Perch\u00e9 Safilo &#8211; commentano Bussone e Vigne &#8211; \u00e8 un pezzo importantissimo del distretto dell&#8217;occhialeria che il mondo guarda e nel quale tutto il Paese crede. \u00c8 un distretto produttivo montano e non possiamo avere aziende che se ne vanno, o che tagliano posti di lavoro solo per ottimizzare e per non ben precisati utili da far aumentare. Uncem dice no alla chiusura della Safilo, e siamo con tutte le Istituzioni pronte a difendere i lavoratori. Positiva l&#8217;azione del Ministro Urso, dei Parlamentari del territorio, della Regione con il Presidente Zaia in testa, e ovviamente la guida della mobilitazione da parte dei Sindaci, impegnati a difendere e valorizzare i posti di lavoro. Uncem \u00e8 dalla parte delle Persone che hanno permesso alla Safilo di crescere e di vincere le sfide dell&#8217;innovazione. Lo faranno ancora. L&#8217;azienda non va chiusa&#8221;.<\/p>\n<p>&nbsp;<\/p>\n<p>&nbsp;<\/p>\n<hr \/>\n<p>&nbsp;<\/p>\n<blockquote>\n<h3><a class=\"dt-pswp-item\" href=\"https:\/\/www.radiopiu.net\/wordpress\/wp-content\/uploads\/2023\/02\/Chiesetta_di_Sant_Andrea.jpg\" data-dt-img-description=\"\" data-large_image_width=\"750\" data-large_image_height=\"480\"><img loading=\"lazy\" decoding=\"async\" class=\" wp-image-321432 alignleft\" src=\"https:\/\/www.radiopiu.net\/wordpress\/wp-content\/uploads\/2023\/02\/Chiesetta_di_Sant_Andrea-300x192.jpg\" alt=\"\" width=\"223\" height=\"143\" srcset=\"https:\/\/www.radiopiu.net\/wordpress\/wp-content\/uploads\/2023\/02\/Chiesetta_di_Sant_Andrea-300x192.jpg 300w, https:\/\/www.radiopiu.net\/wordpress\/wp-content\/uploads\/2023\/02\/Chiesetta_di_Sant_Andrea.jpg 750w\" sizes=\"auto, (max-width: 223px) 100vw, 223px\" \/><\/a>VERSO LA SISTEMAZIONE DEL SENTIERO PER LA CHIESETTA DI SANT&#8217;ANDREA<\/h3>\n<\/blockquote>\n<p><strong>PONTE NELLE ALPI<\/strong>\u00a0 Comune e Parco hanno sottoscritto la convenzione per sistemare il sentiero che porta alla Chiesetta di Sant\u2019Andrea. L\u2019ente Parco, interverr\u00e0 con\u00a0 32mila euro. L\u2019assessore in Unione Montana, Oliseo Salvagno, ha seguito da vicino l\u2019iter e non nasconde la sua soddisfazione in seguito all\u2019importante risultato raggiunto: <em>\u00abA questo primo intervento ne seguiranno altri di sistemazione, riqualificazione e manutenzione dei sentieri nelle zone di accesso al Parco. Riteniamo sia un modo efficace per valorizzare la nostra storia, l\u2019ambiente e per sviluppare il turismo e la cultura\u00bb.<\/em><\/p>\n<p>&nbsp;<\/p>\n<hr \/>\n<p>&nbsp;<\/p>\n<blockquote>\n<h3><\/h3>\n<h3><a class=\"dt-pswp-item\" href=\"https:\/\/www.radiopiu.net\/wordpress\/wp-content\/uploads\/2023\/02\/IMG_20221212_152608.jpg\" data-dt-img-description=\"\" data-large_image_width=\"1134\" data-large_image_height=\"1512\"><img loading=\"lazy\" decoding=\"async\" class=\" wp-image-321430 alignleft\" src=\"https:\/\/www.radiopiu.net\/wordpress\/wp-content\/uploads\/2023\/02\/IMG_20221212_152608-225x300.jpg\" alt=\"\" width=\"221\" height=\"295\" srcset=\"https:\/\/www.radiopiu.net\/wordpress\/wp-content\/uploads\/2023\/02\/IMG_20221212_152608-225x300.jpg 225w, https:\/\/www.radiopiu.net\/wordpress\/wp-content\/uploads\/2023\/02\/IMG_20221212_152608-768x1024.jpg 768w, https:\/\/www.radiopiu.net\/wordpress\/wp-content\/uploads\/2023\/02\/IMG_20221212_152608.jpg 1134w\" sizes=\"auto, (max-width: 221px) 100vw, 221px\" \/><\/a><\/h3>\n<h3><\/h3>\n<h3>NUOVO ACQUEDOTTO IN NEVEGAL<\/h3>\n<\/blockquote>\n<p><strong>BELLUNO<\/strong>\u00a0\u00a0Bim Gsp ha provveduto a sostituire circa 1 km di tubazioni: circa 500 metri di nuovo collegamento tra i serbatoi di accumulo Comirato e Reale, che alimentano buona parte del Colle, ed altrettanti di rete distribuzione a servizio di via Faverghera, in acciaio e con diametro di 80 mm. La nuova tratta, posata in sostituzione dell\u2019esistente ormai vetusta e con numerose perdite, \u00e8 gi\u00e0 in esercizio e assicura massima efficienza nell\u2019erogazione all\u2019utenza: grazie a questo rinnovamento strutturale, infatti, vengono risparmiati giornalmente circa 260mila litri, prima dispersi in ambiente, pari a 95 milioni di litri in un anno. Lavori per un valore complessivo di 80mila euro, riprenderanno in primavera con la sostituzione di altre condotte acquedottistiche, estese per circa 500 metri complessivi, in uscita dal serbatoio Comirato.<\/p>\n<p>&nbsp;<\/p>\n<p>&nbsp;<\/p>\n<p>&nbsp;<\/p>\n<p>&nbsp;<\/p>\n<hr \/>\n<p>&nbsp;<\/p>\n<blockquote>\n<h3>AUMENTO DELL&#8217;ADDIZIONALE COMUNALE IRPEF, LA PERPLESSITA&#8217; DELLA MINORANZA<\/h3>\n<\/blockquote>\n<p><strong><a class=\"dt-pswp-item\" href=\"https:\/\/www.radiopiu.net\/wordpress\/wp-content\/uploads\/2023\/02\/De-Francesch-Costa-Dal-Paos.png\" data-dt-img-description=\"\" data-large_image_width=\"1573\" data-large_image_height=\"785\"><img loading=\"lazy\" decoding=\"async\" class=\"size-medium wp-image-321431 alignleft\" src=\"https:\/\/www.radiopiu.net\/wordpress\/wp-content\/uploads\/2023\/02\/De-Francesch-Costa-Dal-Paos-300x150.png\" alt=\"\" width=\"300\" height=\"150\" srcset=\"https:\/\/www.radiopiu.net\/wordpress\/wp-content\/uploads\/2023\/02\/De-Francesch-Costa-Dal-Paos-300x150.png 300w, https:\/\/www.radiopiu.net\/wordpress\/wp-content\/uploads\/2023\/02\/De-Francesch-Costa-Dal-Paos-1024x511.png 1024w, https:\/\/www.radiopiu.net\/wordpress\/wp-content\/uploads\/2023\/02\/De-Francesch-Costa-Dal-Paos-768x383.png 768w, https:\/\/www.radiopiu.net\/wordpress\/wp-content\/uploads\/2023\/02\/De-Francesch-Costa-Dal-Paos-1536x767.png 1536w, https:\/\/www.radiopiu.net\/wordpress\/wp-content\/uploads\/2023\/02\/De-Francesch-Costa-Dal-Paos.png 1573w\" sizes=\"auto, (max-width: 300px) 100vw, 300px\" \/><\/a>ALPAGO<\/strong> A un anno dall&#8217;insediamento la Giunta del sindaco Peterle aumenta l&#8217;addizionale Irpef, la minoranza con Vanessa De Franesch, Federico Costa e Attilio Dal Paos ha votato contro l&#8217;aumento, aliquota in rialzo dallo 0,35% allo 0,78% a seconda dei redditi, vicino alla soglia massima consentita dello 0,80%.\u00a0<em> &#8220;Abbiamo votato contro &#8211; dicono i consiglieri &#8211; perch\u00e9\u00a0 non \u00e8 n\u00e8 il momento n\u00e8 il modo di fare questa operazione. Nella campagna referendaria per il Comune unico \u00e8 sempre stato dichiarato che le risorse acquisite nel processo di fusione sarebbero state prioritariamente dirette ad evitare un aumento delle tasse, anzi se possibile una riduzione. Ora si tradiscono le aspettative dei cittadini che hanno creduto nella fusione. Se proprio era necessario aumentare la tassazione, allora andava gestita in modo progressivo negli anni e con maggiore attenzione&#8221;.<\/em>\u00a0 Con questa operazione il Comune incasser\u00e0 200 mila euro in pi\u00f9, beffati i cittadini di Farra, in pochi anni sono passati dal pagare nulla all&#8217;aliquota quasi massima.<\/p>\n<p>&nbsp;<\/p>\n<p>&nbsp;<\/p>\n<hr \/>\n<p>&nbsp;<\/p>\n<blockquote>\n<h3>CELEBRATA ANCHE A BELLUNO LA GIORNATA DEL RICORDO<\/h3>\n<\/blockquote>\n<p><strong><a class=\"dt-pswp-item\" href=\"https:\/\/www.radiopiu.net\/wordpress\/wp-content\/uploads\/2023\/02\/c9e692e4-dad8-4651-ae9b-b8e15f46f336.jpg\" data-dt-img-description=\"\" data-large_image_width=\"2048\" data-large_image_height=\"1536\"><img loading=\"lazy\" decoding=\"async\" class=\" wp-image-321470 alignleft\" src=\"https:\/\/www.radiopiu.net\/wordpress\/wp-content\/uploads\/2023\/02\/c9e692e4-dad8-4651-ae9b-b8e15f46f336-300x225.jpg\" alt=\"\" width=\"152\" height=\"114\" srcset=\"https:\/\/www.radiopiu.net\/wordpress\/wp-content\/uploads\/2023\/02\/c9e692e4-dad8-4651-ae9b-b8e15f46f336-300x225.jpg 300w, https:\/\/www.radiopiu.net\/wordpress\/wp-content\/uploads\/2023\/02\/c9e692e4-dad8-4651-ae9b-b8e15f46f336-1024x768.jpg 1024w, https:\/\/www.radiopiu.net\/wordpress\/wp-content\/uploads\/2023\/02\/c9e692e4-dad8-4651-ae9b-b8e15f46f336-768x576.jpg 768w, https:\/\/www.radiopiu.net\/wordpress\/wp-content\/uploads\/2023\/02\/c9e692e4-dad8-4651-ae9b-b8e15f46f336-1536x1152.jpg 1536w, https:\/\/www.radiopiu.net\/wordpress\/wp-content\/uploads\/2023\/02\/c9e692e4-dad8-4651-ae9b-b8e15f46f336.jpg 2048w\" sizes=\"auto, (max-width: 152px) 100vw, 152px\" \/><\/a>BELLUNO<\/strong> Anche la Citt\u00e0 di Belluno ha celebrato il Giorno del Ricordo, con una breve cerimonia al monumento delle vittime delle foibe vicino alla stazione ferroviaria. Un&#8217;occasione per invitare a non dimenticare e a non chiudere gli occhi su quanto sta accadendo ancora oggi nel mondo.<\/p>\n<p><strong>di Daniele Dalvit<\/strong><\/p>\n<audio class=\"wp-audio-shortcode\" id=\"audio-321335-2\" preload=\"none\" style=\"width: 100%;\" controls=\"controls\"><source type=\"audio\/mpeg\" src=\"https:\/\/www.radiopiu.net\/wordpress\/wp-content\/uploads\/2023\/02\/DALVIT-GIORNATA-MEMORIA-BELLUNO.mp3?_=2\" \/><a href=\"https:\/\/www.radiopiu.net\/wordpress\/wp-content\/uploads\/2023\/02\/DALVIT-GIORNATA-MEMORIA-BELLUNO.mp3\">https:\/\/www.radiopiu.net\/wordpress\/wp-content\/uploads\/2023\/02\/DALVIT-GIORNATA-MEMORIA-BELLUNO.mp3<\/a><\/audio>\n<p>&nbsp;<\/p>\n<hr \/>\n<p>&nbsp;<\/p>\n<blockquote>\n<h3>LA RSU DI LUXOTTICA PRESENTERA&#8217; IL RINNOVO DEL CONTRATTO INTEGRATIVO AZIENDALE<\/h3>\n<\/blockquote>\n<p><strong><a class=\"dt-pswp-item\" href=\"https:\/\/www.radiopiu.net\/wordpress\/wp-content\/uploads\/2022\/06\/LUXOTTICA-12.jpg\" data-dt-img-description=\"\" data-large_image_width=\"800\" data-large_image_height=\"600\"><img loading=\"lazy\" decoding=\"async\" class=\" wp-image-284019 alignleft\" src=\"https:\/\/www.radiopiu.net\/wordpress\/wp-content\/uploads\/2022\/06\/LUXOTTICA-12-300x225.jpg\" alt=\"\" width=\"143\" height=\"107\" srcset=\"https:\/\/www.radiopiu.net\/wordpress\/wp-content\/uploads\/2022\/06\/LUXOTTICA-12-300x225.jpg 300w, https:\/\/www.radiopiu.net\/wordpress\/wp-content\/uploads\/2022\/06\/LUXOTTICA-12-768x576.jpg 768w, https:\/\/www.radiopiu.net\/wordpress\/wp-content\/uploads\/2022\/06\/LUXOTTICA-12.jpg 800w\" sizes=\"auto, (max-width: 143px) 100vw, 143px\" \/><\/a>AGORDO<\/strong> Le sigle sindacali hanno programmato le assemblee nello stabilimento Luxottica di Agordo per mercoled\u00ec prossimo. Sul tavolo di discussione la presentazione e la votazione di ipotesi sul rinnovo del contratto integrativo (C.I.A.). Una giornata importante per la RSU di stabilimento in cui CGIL, CISL e UIL presenteranno le richieste che verranno fatte all&#8217;azienda in occasione del rinnovo contrattuale. Una giornata intensa dove tutte le maestranze sono chiamate a partecipare per discutere e trattare un argomento importante per il futuro dell&#8217;azienda. Sulle bacheche di reparto sono stati esposti gli orari con i rispettivi reparti interessati dall&#8217;assemblea.<\/p>\n<p>&nbsp;<\/p>\n<p>&nbsp;<\/p>\n<hr \/>\n<p>&nbsp;<\/p>\n<p><strong>DI TIZIANO DE COL<\/strong><\/p>\n\n\t\t\t<style type='text\/css'>\n\t\t\t\t#gallery-1 {\n\t\t\t\t\tmargin: auto;\n\t\t\t\t}\n\t\t\t\t#gallery-1 .gallery-item {\n\t\t\t\t\tfloat: left;\n\t\t\t\t\tmargin-top: 10px;\n\t\t\t\t\ttext-align: center;\n\t\t\t\t\twidth: 20%;\n\t\t\t\t}\n\t\t\t\t#gallery-1 img {\n\t\t\t\t\tborder: 2px solid #cfcfcf;\n\t\t\t\t}\n\t\t\t\t#gallery-1 .gallery-caption {\n\t\t\t\t\tmargin-left: 0;\n\t\t\t\t}\n\t\t\t\t\/* see gallery_shortcode() in wp-includes\/media.php *\/\n\t\t\t<\/style>\n\t\t<div id='gallery-1' class='dt-gallery-container gallery galleryid-321335 gallery-columns-5 gallery-size-thumbnail'><dl class='gallery-item'>\n\t\t\t\t<dt class='gallery-icon landscape'>\n\t\t\t\t\t<a class=\"rollover rollover-zoom dt-pswp-item\" title=\"e3b88cc4-4da6-4c28-b6c5-0ae71c3c1bc3\" data-dt-img-description=\"\" data-large_image_width=\"598\" data-large_image_height=\"354\"href='https:\/\/www.radiopiu.net\/wordpress\/wp-content\/uploads\/2023\/02\/e3b88cc4-4da6-4c28-b6c5-0ae71c3c1bc3.jpg'><img loading=\"lazy\" decoding=\"async\" width=\"150\" height=\"150\" src=\"https:\/\/www.radiopiu.net\/wordpress\/wp-content\/uploads\/2023\/02\/e3b88cc4-4da6-4c28-b6c5-0ae71c3c1bc3-150x150.jpg\" class=\"attachment-thumbnail size-thumbnail\" alt=\"\" \/><\/a>\n\t\t\t\t<\/dt><\/dl><dl class='gallery-item'>\n\t\t\t\t<dt class='gallery-icon landscape'>\n\t\t\t\t\t<a class=\"rollover rollover-zoom dt-pswp-item\" title=\"2d69ed84-c278-4525-a1ee-fb13f02884b4\" data-dt-img-description=\"\" data-large_image_width=\"606\" data-large_image_height=\"371\"href='https:\/\/www.radiopiu.net\/wordpress\/wp-content\/uploads\/2023\/02\/2d69ed84-c278-4525-a1ee-fb13f02884b4.jpg'><img loading=\"lazy\" decoding=\"async\" width=\"150\" height=\"150\" src=\"https:\/\/www.radiopiu.net\/wordpress\/wp-content\/uploads\/2023\/02\/2d69ed84-c278-4525-a1ee-fb13f02884b4-150x150.jpg\" class=\"attachment-thumbnail size-thumbnail\" alt=\"\" \/><\/a>\n\t\t\t\t<\/dt><\/dl><dl class='gallery-item'>\n\t\t\t\t<dt class='gallery-icon landscape'>\n\t\t\t\t\t<a class=\"rollover rollover-zoom dt-pswp-item\" title=\"dbe21798-e36b-417c-a257-f44545aa2964\" data-dt-img-description=\"\" data-large_image_width=\"612\" data-large_image_height=\"350\"href='https:\/\/www.radiopiu.net\/wordpress\/wp-content\/uploads\/2023\/02\/dbe21798-e36b-417c-a257-f44545aa2964.jpg'><img loading=\"lazy\" decoding=\"async\" width=\"150\" height=\"150\" src=\"https:\/\/www.radiopiu.net\/wordpress\/wp-content\/uploads\/2023\/02\/dbe21798-e36b-417c-a257-f44545aa2964-150x150.jpg\" class=\"attachment-thumbnail size-thumbnail\" alt=\"\" \/><\/a>\n\t\t\t\t<\/dt><\/dl><dl class='gallery-item'>\n\t\t\t\t<dt class='gallery-icon landscape'>\n\t\t\t\t\t<a class=\"rollover rollover-zoom dt-pswp-item\" title=\"9167aefa-ee21-4b20-9461-01f34e89bff0\" data-dt-img-description=\"\" data-large_image_width=\"593\" data-large_image_height=\"359\"href='https:\/\/www.radiopiu.net\/wordpress\/wp-content\/uploads\/2023\/02\/9167aefa-ee21-4b20-9461-01f34e89bff0.jpg'><img loading=\"lazy\" decoding=\"async\" width=\"150\" height=\"150\" src=\"https:\/\/www.radiopiu.net\/wordpress\/wp-content\/uploads\/2023\/02\/9167aefa-ee21-4b20-9461-01f34e89bff0-150x150.jpg\" class=\"attachment-thumbnail size-thumbnail\" alt=\"\" \/><\/a>\n\t\t\t\t<\/dt><\/dl><dl class='gallery-item'>\n\t\t\t\t<dt class='gallery-icon landscape'>\n\t\t\t\t\t<a class=\"rollover rollover-zoom dt-pswp-item\" title=\"7adeafe5-843e-4364-a9a0-001a8b7f5bf1\" data-dt-img-description=\"\" data-large_image_width=\"612\" data-large_image_height=\"354\"href='https:\/\/www.radiopiu.net\/wordpress\/wp-content\/uploads\/2023\/02\/7adeafe5-843e-4364-a9a0-001a8b7f5bf1.jpg'><img loading=\"lazy\" decoding=\"async\" width=\"150\" height=\"150\" src=\"https:\/\/www.radiopiu.net\/wordpress\/wp-content\/uploads\/2023\/02\/7adeafe5-843e-4364-a9a0-001a8b7f5bf1-150x150.jpg\" class=\"attachment-thumbnail size-thumbnail\" alt=\"\" \/><\/a>\n\t\t\t\t<\/dt><\/dl><br style=\"clear: both\" \/>\n\t\t\t<\/div>\n\n<p>&nbsp;<\/p>\n<hr \/>\n<p>&nbsp;<\/p>\n<blockquote>\n<h3>CAMBIO MEDICO A CESIOMAGGIORE<\/h3>\n<\/blockquote>\n<p><strong><a class=\"dt-pswp-item\" href=\"https:\/\/www.radiopiu.net\/wordpress\/wp-content\/uploads\/2021\/06\/MEDICO.jpg\" data-dt-img-description=\"\" data-large_image_width=\"1920\" data-large_image_height=\"1440\"><img loading=\"lazy\" decoding=\"async\" class=\" wp-image-216887 alignleft\" src=\"https:\/\/www.radiopiu.net\/wordpress\/wp-content\/uploads\/2021\/06\/MEDICO-300x225.jpg\" alt=\"\" width=\"148\" height=\"111\" srcset=\"https:\/\/www.radiopiu.net\/wordpress\/wp-content\/uploads\/2021\/06\/MEDICO-300x225.jpg 300w, https:\/\/www.radiopiu.net\/wordpress\/wp-content\/uploads\/2021\/06\/MEDICO-1024x768.jpg 1024w, https:\/\/www.radiopiu.net\/wordpress\/wp-content\/uploads\/2021\/06\/MEDICO-768x576.jpg 768w, https:\/\/www.radiopiu.net\/wordpress\/wp-content\/uploads\/2021\/06\/MEDICO-1536x1152.jpg 1536w, https:\/\/www.radiopiu.net\/wordpress\/wp-content\/uploads\/2021\/06\/MEDICO.jpg 1920w\" sizes=\"auto, (max-width: 148px) 100vw, 148px\" \/><\/a>BELLUNO<\/strong> Da oggi il dott. Basilio Mansueto cessa\u00a0 l\u2019incarico di Medico di Medicina Generale a Cesiomaggiore. Dal 13 febbraio, e fino all\u2019individuazione di un nuovo Medico che sostituisca il dott. Mansueto, l\u2019assistenza sanitaria di base (ripetizione ricette, visite mediche, certificati di malattia, etc,) sar\u00e0 erogata temporaneamente, su appuntamento contattando i seguenti numeri telefonici: 0439 883734 oppure 0439 883794 dal lunedi al venerdi dalle 8.00 alle 12.00 nella sede della Guardia Medica di Feltre (Ospedale \u2013 piano terra). A breve, gli assistiti riceveranno indicazioni per effettuare la nuova scelta del Medico di medicina generale, a partire dal 1\u00b0 marzo. L\u2019Ulss infatti, dopo le dimissioni improvvise del medico, sta cercando una soluzione per riattivare quanto prima l\u2019ambulatorio di Cesiomaggiore e sono gi\u00e0 in corso dei contatti un professionista disponibile ad assumere l\u2019incarico. Anche l\u2019Amministrazione comunale sta seguendo con attenzione la questione ed ha assicurato collaborazione e supporto all\u2019Azienda. Ulss e Amministrazione comunale, consapevoli del momentaneo disagio, assicurano agli assistiti del dr Mansueto la temporaneit\u00e0 della situazione e confidano in una rapida soluzione attenta ai bisogni dei cittadini.<\/p>\n<p>&nbsp;<\/p>\n<p>&nbsp;<\/p>\n<hr \/>\n<p>&nbsp;<\/p>\n<blockquote>\n<h3>OGGI LA GIORNATA MONDIALE DEL MALATO<\/h3>\n<\/blockquote>\n<p><strong>BELLUNO<\/strong>\u00a0 Oggi ricorre la XXXI Giornata del Malato, memoria della Beata Vergine Maria di Lourdes, istituita da Giovanni Paolo II nel 1992 con lo scopo di testimoniare una speciale attenzione verso le persone malate, che si trovano nei luoghi di cura o che sono accudite in famiglia. Per questa giornata, come da tradizione, il Vescovo mons. Renato Marangoni, insieme ai cappellani degli ospedali, celebrer\u00e0 due messe in ospedale: oggi alle 17.00 &#8211; Ospedale di Feltre (sala convegni), domani\u00a0alle 16.00 &#8211; Ospedale di Belluno (sala convegni). Alle celebrazioni, oltre alle persone assistite e al personale sanitario, \u00e8 invitata la cittadinanza.<\/p>\n<p>&nbsp;<\/p>\n<p>&nbsp;<\/p>\n<p>&nbsp;<\/p>\n<hr \/>\n<p>&nbsp;<\/p>\n<blockquote>\n<h3>UNA FINESTRA SUL VOLONTARIATO DEL COMITATO D\u2019INTESA, PUNTATA FEBBRAIO<\/h3>\n<\/blockquote>\n<h2><span style=\"color: #339966;\"><a class=\"dt-pswp-item\" href=\"https:\/\/www.radiopiu.net\/wordpress\/wp-content\/uploads\/2022\/01\/4ded5022-1ab1-4d61-a0ab-fac18a5dac4a.jpg\" data-dt-img-description=\"\" data-large_image_width=\"2048\" data-large_image_height=\"1152\"><img loading=\"lazy\" decoding=\"async\" class=\"size-medium wp-image-321360 alignleft\" src=\"https:\/\/www.radiopiu.net\/wordpress\/wp-content\/uploads\/2022\/01\/4ded5022-1ab1-4d61-a0ab-fac18a5dac4a-300x169.jpg\" alt=\"\" width=\"300\" height=\"169\" srcset=\"https:\/\/www.radiopiu.net\/wordpress\/wp-content\/uploads\/2022\/01\/4ded5022-1ab1-4d61-a0ab-fac18a5dac4a-300x169.jpg 300w, https:\/\/www.radiopiu.net\/wordpress\/wp-content\/uploads\/2022\/01\/4ded5022-1ab1-4d61-a0ab-fac18a5dac4a-1024x576.jpg 1024w, https:\/\/www.radiopiu.net\/wordpress\/wp-content\/uploads\/2022\/01\/4ded5022-1ab1-4d61-a0ab-fac18a5dac4a-768x432.jpg 768w, https:\/\/www.radiopiu.net\/wordpress\/wp-content\/uploads\/2022\/01\/4ded5022-1ab1-4d61-a0ab-fac18a5dac4a-1536x864.jpg 1536w, https:\/\/www.radiopiu.net\/wordpress\/wp-content\/uploads\/2022\/01\/4ded5022-1ab1-4d61-a0ab-fac18a5dac4a.jpg 2048w\" sizes=\"auto, (max-width: 300px) 100vw, 300px\" \/><\/a>PUNTATA DEL 10 FEBBRAIO 2023<\/span><\/h2>\n<p>Ospiti Sonia d&#8217;Agostini e Fabrizio Campedel con Sisto Da Roit.<br \/>\nPETTIROSSO-CASSA SOLIDARIETA&#8217; AZIENDALE LAVORATORI LUXOTTICA<\/p>\n<audio class=\"wp-audio-shortcode\" id=\"audio-321335-3\" preload=\"none\" style=\"width: 100%;\" controls=\"controls\"><source type=\"audio\/mpeg\" src=\"https:\/\/www.radiopiu.net\/wordpress\/wp-content\/uploads\/2022\/01\/UNA-FINESTRA-FABRIZIO-SONIA-SISTO.mp3?_=3\" \/><a href=\"https:\/\/www.radiopiu.net\/wordpress\/wp-content\/uploads\/2022\/01\/UNA-FINESTRA-FABRIZIO-SONIA-SISTO.mp3\">https:\/\/www.radiopiu.net\/wordpress\/wp-content\/uploads\/2022\/01\/UNA-FINESTRA-FABRIZIO-SONIA-SISTO.mp3<\/a><\/audio>\n<p>&nbsp;<\/p>\n<p>&nbsp;<\/p>\n<p>&nbsp;<\/p>\n<hr \/>\n<p>&nbsp;<\/p>\n<blockquote>\n<h3>L&#8217;ASSEMBLEA DEI DONATORI DEL SANGUE DI CANALE D&#8217;AGORDO<\/h3>\n<\/blockquote>\n<p><strong><a class=\"dt-pswp-item\" href=\"https:\/\/www.radiopiu.net\/wordpress\/wp-content\/uploads\/2020\/09\/DONAZIONE-SANGUE.jpg\" data-dt-img-description=\"\" data-large_image_width=\"1920\" data-large_image_height=\"1282\"><img loading=\"lazy\" decoding=\"async\" class=\" wp-image-161053 alignleft\" src=\"https:\/\/www.radiopiu.net\/wordpress\/wp-content\/uploads\/2020\/09\/DONAZIONE-SANGUE-300x200.jpg\" alt=\"\" width=\"150\" height=\"100\" srcset=\"https:\/\/www.radiopiu.net\/wordpress\/wp-content\/uploads\/2020\/09\/DONAZIONE-SANGUE-300x200.jpg 300w, https:\/\/www.radiopiu.net\/wordpress\/wp-content\/uploads\/2020\/09\/DONAZIONE-SANGUE-1024x684.jpg 1024w, https:\/\/www.radiopiu.net\/wordpress\/wp-content\/uploads\/2020\/09\/DONAZIONE-SANGUE-768x513.jpg 768w, https:\/\/www.radiopiu.net\/wordpress\/wp-content\/uploads\/2020\/09\/DONAZIONE-SANGUE-1536x1026.jpg 1536w, https:\/\/www.radiopiu.net\/wordpress\/wp-content\/uploads\/2020\/09\/DONAZIONE-SANGUE-640x427.jpg 640w, https:\/\/www.radiopiu.net\/wordpress\/wp-content\/uploads\/2020\/09\/DONAZIONE-SANGUE.jpg 1920w\" sizes=\"auto, (max-width: 150px) 100vw, 150px\" \/><\/a>CANALE D&#8217;AGORDO<\/strong><\/p>\n<p>di Gianni Santomaso<\/p>\n<audio class=\"wp-audio-shortcode\" id=\"audio-321335-4\" preload=\"none\" style=\"width: 100%;\" controls=\"controls\"><source type=\"audio\/mpeg\" src=\"https:\/\/www.radiopiu.net\/wordpress\/wp-content\/uploads\/2023\/02\/GIANNI-ASSEMBLEA-DEI-DONATORI-DEL-SANGUE-DI-CANALE-DAGORDO.mp3?_=4\" \/><a href=\"https:\/\/www.radiopiu.net\/wordpress\/wp-content\/uploads\/2023\/02\/GIANNI-ASSEMBLEA-DEI-DONATORI-DEL-SANGUE-DI-CANALE-DAGORDO.mp3\">https:\/\/www.radiopiu.net\/wordpress\/wp-content\/uploads\/2023\/02\/GIANNI-ASSEMBLEA-DEI-DONATORI-DEL-SANGUE-DI-CANALE-DAGORDO.mp3<\/a><\/audio>\n<p>&nbsp;<\/p>\n<p>&nbsp;<\/p>\n<hr \/>\n<p>&nbsp;<\/p>\n<blockquote>\n<h3>BILANCI E CONVENZIONI NEL CONSIGLIO COMUNALE<\/h3>\n<\/blockquote>\n<p><strong>TAIBON<\/strong> Il sindaco Silvia Tormen ha convocato il consiglio comunale per mercoledi alle 18. All&#8217;ordine del giorno, tra l&#8217;altro: approvazione della convenzione con l&#8217;Unione Montana per la gestione in forma associata del comitato unico di garanzia per le pari opportunit\u00e0; approvazione dei bilanci dell&#8217;azienda speciale multiservizi ;addizionale Irpef e Imu, conferma aliquote.<\/p>\n<p>&nbsp;<\/p>\n<hr \/>\n<p>&nbsp;<\/p>\n<blockquote>\n<h3>GIOVEDI IN SALA DON TAMIS I CONSIGLIERI DELL&#8217;UNIONE MONTANA<\/h3>\n<\/blockquote>\n<p><strong>AGORDO<\/strong> Il Presidente Paolo Frena ha convocato i consiglieri per giovedi alle 20. All&#8217;ordine del giorno il DUP e anche l&#8217;approvazione del bilancio di previsione. In discussione anche i regolamenti di contabilit\u00e0 e controlli interni.<\/p>\n<p>&nbsp;<\/p>\n<p>&nbsp;<\/p>\n<hr \/>\n<p>&nbsp;<\/p>\n<blockquote>\n<h3>IL RITORNO DEL LUPO, PROSEGUONO GLI INCONTRI<\/h3>\n<\/blockquote>\n<p><strong>LAMON <\/strong><span style=\"font-family: Tahoma, Verdana;\">&#8220;Il ritorno del lupo: conoscere di pi\u00f9 per convivere meglio&#8221;: \u00e8 il titolo della serata pubblica organizzata dal Comune di Lamon e dal Parco Nazionale Dolomiti Bellunesi. L&#8217;appuntamento \u00e8 per mercoled\u00ec 22 febbraio, alle ore 20:30, presso la sala teatro del centro AMO di Lamon. Relazioni di\u00a0 <\/span><span style=\"font-family: Tahoma, Verdana;\">Enrico Vettorazzo, tecnico del Parco Nazionale Dolomiti Bellunesi, e del fotografo naturalista Ivan Mazzon\u00a0<\/span><\/p>\n<p>&nbsp;<\/p>\n<hr \/>\n<p>&nbsp;<\/p>\n<blockquote>\n<h3>LABORATORI ESPRESSIVI PER ALUNNI<\/h3>\n<\/blockquote>\n<p><strong>FELTRE<\/strong> Il Polo Bibliotecario Feltrino propone una serie di laboratori di lettura espressiva da svolgersi presso le classi quinte della Scuola Primaria. Allo scopo, ha dato la propria disponibilit\u00e0 a titolo gratuito Rosa Lusa, lettrice del gruppo \u201cCaratteri Atipici\u201d. Il progetto in questione prevede una lezione &#8211; della durata di un&#8217;ora circa &#8211; articolata in vari momenti: l&#8217;introduzione alla lettura ad alta voce, il senso della lettura in pubblico, la concezione del nostro corpo come uno strumento musicale, il gioco \u201cscatola delle voci\u201d.<\/p>\n<p>&nbsp;<\/p>\n<hr \/>\n<p>&nbsp;<\/p>\n<blockquote>\n<h3>BENEFICA CENA AL BUIO<\/h3>\n<\/blockquote>\n<p><strong>AGORDO<\/strong> L&#8217;Unione Italiana dei Ciechi e degli Ipovedenti di Belluno\u00a0 organizza per\u00a0 sabato 25 febbraio, alle 20, al centro parrocchiale Vincenzo Savio la cena al buio. Il costo dell&#8217;evento \u00e8 di \u20ac 40 a persona. Parte del ricavato verr\u00e0 impiegata per finanziare l&#8217;acquisto di un nuovo pulmino per il trasporto delle persone con disabilit\u00e0 visiva della provincia di Belluno a opera dei volontari U.N.I.Vo.C. Le iscrizioni sono aperte fino al 20 febbraio (ma verranno chiuse prima in caso di esaurimento dei posti disponibili). Info 0437 943413<\/p>\n<p>&nbsp;<\/p>\n<hr \/>\n<p>&nbsp;<\/p>\n<blockquote>\n<h3><a class=\"dt-pswp-item\" href=\"https:\/\/www.radiopiu.net\/wordpress\/wp-content\/uploads\/2023\/02\/acbc0f45-9c3c-475c-bf20-3f414cf129b4-280x300-1.jpg\" data-dt-img-description=\"\" data-large_image_width=\"280\" data-large_image_height=\"300\"><img loading=\"lazy\" decoding=\"async\" class=\" wp-image-321162 alignleft\" src=\"https:\/\/www.radiopiu.net\/wordpress\/wp-content\/uploads\/2023\/02\/acbc0f45-9c3c-475c-bf20-3f414cf129b4-280x300-1.jpg\" alt=\"\" width=\"133\" height=\"143\" \/><\/a>CAMMINA CON IL CUORE<\/h3>\n<p><em>Il ricavato verr\u00e0 in parte devoluto all&#8217;associazione, in memoria del giovane Kevin Fontanive, recentemente scomparso, al quale l&#8217;Aido dedicher\u00e0 l&#8217;evento.<\/em><\/p><\/blockquote>\n<p><strong>LIMANA <\/strong>Oggi a Limana, l&#8217;Aido Belluno proporra\u0300 &#8220;Cammina con cuore&#8221;, una passeggiata per adulti e bambini lungo un percorso ad anello di cinque chilometri per sponsorizzare uno stile di vita sano.\u00a0 Il programma prevede il ritrovo alle 14 in piazza Lorenzi (davanti alla chiesa), con la successiva partenza alle 14.30. La quota di adesione sara\u0300 di cinque euro. I bambini sotto i dieci anni potranno invece partecipare gratuitamente.<\/p>\n<p>&nbsp;<\/p>\n<hr \/>\n<p>&nbsp;<\/p>\n<blockquote>\n<h3>CON LA SEZIONE AGORDINA DEL CLUB ALPINO ITALIANO<\/h3>\n<\/blockquote>\n<p><strong>AGORDO\u00a0<\/strong> Dopo il buon avvio di stagione, con discreto innevamento e buona partecipazione alle escursioni scialpinistiche e con le racchette da neve, domani nuovo appuntamento sulle Dolomiti Ampezzane, al lago di Federa, con racchette da neve.<\/p>\n<p>&nbsp;<\/p>\n<hr \/>\n<p>&nbsp;<\/p>\n<blockquote>\n<h3>IL GRAN BALLO DI SAN VALENTINO, OGGI AL NOF FILO&#8217; DI CENCENIGHE<\/h3>\n<\/blockquote>\n<blockquote><p><em>Oggi la serata danzante \u00e8 aperta a tutti con ingresso a 10 \u20ac e sar\u00e0 allietata dalla musica dell\u2019orchestra Alfio e Rino live show. Durante la serata si potranno degustare i tradizionali carfogn e la novit\u00e0 del gelato artigianale alla vaniglia e papavero preparato dai nostri maestri gelatai, simbolo dell\u2019emigrazione agordina che ha esportato all\u2019estero i saperi e l\u2019imprenditorialit\u00e0 bellunese, portando alto il nome delle gelaterie agordine in Germania.\u00a0<\/em><\/p><\/blockquote>\n<p>&nbsp;<\/p>\n<p>&nbsp;<\/p>\n<hr \/>\n<p>&nbsp;<\/p>\n<blockquote>\n<h3>\u00a0SAN VALENTINO A LIMANA<\/h3>\n<\/blockquote>\n<p><strong>LIMANA<\/strong> Due gli eventi, questa sera alle 20.30 in Municipio,\u00a0 presentazione del libro &#8220;Pedo l tacon de l bus&#8221; di Fulcio Bortot, sabato prossimo spettacolo &#8220;Il musicista innamorato, cronologia di un play boy&#8221; di e con Claudio Colombo, con Lino Brotto alla chitarra e Filippo Tantino al contrabbasso.<\/p>\n<p>&nbsp;<\/p>\n<p>&nbsp;<\/p>\n<hr \/>\n<p>&nbsp;<\/p>\n<p>&nbsp;<\/p>\n<blockquote>\n<h3>ARTE E SPORT, DOPPIO EVENTO\u00a0 IN MARMOLADA<\/h3>\n<\/blockquote>\n<p><strong><img loading=\"lazy\" decoding=\"async\" class=\"alignleft\" src=\"https:\/\/www.radiopiu.net\/wordpress\/wp-content\/uploads\/2023\/02\/AAAA.jpg\" width=\"201\" height=\"151\" \/>ROCCA PIETORE<\/strong> <strong>\u00a0<\/strong>Prima le \u201cformiche\u201d pi\u00f9 famose d&#8217;Italia, poi le grandi emozioni dello snowboard con una gara aperta a tutti gli appassionati. Doppio evento oggi dalle 11 in Marmolada tra arte e sport. Si inizier\u00e0 alle 11 quando \u2013 nella sala polifunzionale della stazione funiviaria di Serauta \u2013 sar\u00e0 presente Fabio Vettori. Nel tardo pomeriggio invece spazio allo sport con la \u201cMarmolada Rail Jam\u201d, una gara \u2013 a iscrizione gratuita \u2013 dedicata agli snowboarder. Il ritrovo \u00e8 previsto alle 17.30 a Malga Ciapela, mentre il via \u00e8 fissato alle 18. Per tutte le informazioni \u00a0334 6794461.<\/p>\n<p>&nbsp;<\/p>\n<p>&nbsp;<\/p>\n<p>&nbsp;<\/p>\n<hr \/>\n<p>&nbsp;<\/p>\n<blockquote>\n<h3>&#8220;LIBERAMENTE TRATTI&#8221; LA LEGGEREZZA DELLA VITA<\/h3>\n<\/blockquote>\n<p><strong><a class=\"dt-pswp-item\" href=\"https:\/\/www.radiopiu.net\/wordpress\/wp-content\/uploads\/2023\/02\/308693574_3189192634743872_8179276396842524545_n.jpg\" data-dt-img-description=\"\" data-large_image_width=\"640\" data-large_image_height=\"640\"><img loading=\"lazy\" decoding=\"async\" class=\"wp-image-321464 alignleft\" src=\"https:\/\/www.radiopiu.net\/wordpress\/wp-content\/uploads\/2023\/02\/308693574_3189192634743872_8179276396842524545_n-300x300.jpg\" alt=\"\" width=\"158\" height=\"158\" srcset=\"https:\/\/www.radiopiu.net\/wordpress\/wp-content\/uploads\/2023\/02\/308693574_3189192634743872_8179276396842524545_n-300x300.jpg 300w, https:\/\/www.radiopiu.net\/wordpress\/wp-content\/uploads\/2023\/02\/308693574_3189192634743872_8179276396842524545_n-150x150.jpg 150w, https:\/\/www.radiopiu.net\/wordpress\/wp-content\/uploads\/2023\/02\/308693574_3189192634743872_8179276396842524545_n.jpg 640w\" sizes=\"auto, (max-width: 158px) 100vw, 158px\" \/><\/a>REDAZIONE<\/strong> Giancarlo Merlin \u00e8 il Presidente della &#8220;Liberamente tratti&#8221;, la compagnia teatrale di Belluno gi\u00e0 nota a diversi palchi della provincia.\u00a0 E&#8217; ospite di RADIOPIU per parlare dell&#8217;associazione, dei recenti e prossimi appuntamenti.<\/p>\n<p>&nbsp;<\/p>\n<p>&nbsp;<\/p>\n<p>&nbsp;<\/p>\n<p>&nbsp;<\/p>\n<p><strong>AUDIO<\/strong><\/p>\n<audio class=\"wp-audio-shortcode\" id=\"audio-321335-5\" preload=\"none\" style=\"width: 100%;\" controls=\"controls\"><source type=\"audio\/mpeg\" src=\"https:\/\/www.radiopiu.net\/wordpress\/wp-content\/uploads\/2023\/02\/GIANCARLO-MERLIN-PRESIDENET-ASSOCAIZIONE-LIBERAMENTI-TRATTI.mp3?_=5\" \/><a href=\"https:\/\/www.radiopiu.net\/wordpress\/wp-content\/uploads\/2023\/02\/GIANCARLO-MERLIN-PRESIDENET-ASSOCAIZIONE-LIBERAMENTI-TRATTI.mp3\">https:\/\/www.radiopiu.net\/wordpress\/wp-content\/uploads\/2023\/02\/GIANCARLO-MERLIN-PRESIDENET-ASSOCAIZIONE-LIBERAMENTI-TRATTI.mp3<\/a><\/audio>\n<p>&nbsp;<\/p>\n<p>&nbsp;<\/p>\n\n\t\t\t<style type='text\/css'>\n\t\t\t\t#gallery-2 {\n\t\t\t\t\tmargin: auto;\n\t\t\t\t}\n\t\t\t\t#gallery-2 .gallery-item {\n\t\t\t\t\tfloat: left;\n\t\t\t\t\tmargin-top: 10px;\n\t\t\t\t\ttext-align: center;\n\t\t\t\t\twidth: 20%;\n\t\t\t\t}\n\t\t\t\t#gallery-2 img {\n\t\t\t\t\tborder: 2px solid #cfcfcf;\n\t\t\t\t}\n\t\t\t\t#gallery-2 .gallery-caption {\n\t\t\t\t\tmargin-left: 0;\n\t\t\t\t}\n\t\t\t\t\/* see gallery_shortcode() in wp-includes\/media.php *\/\n\t\t\t<\/style>\n\t\t<div id='gallery-2' class='dt-gallery-container gallery galleryid-321335 gallery-columns-5 gallery-size-thumbnail'><dl class='gallery-item'>\n\t\t\t\t<dt class='gallery-icon landscape'>\n\t\t\t\t\t<a class=\"rollover rollover-zoom dt-pswp-item\" title=\"88e67d39-750b-4ab8-803c-c622aee52156\" data-dt-img-description=\"\" data-large_image_width=\"1600\" data-large_image_height=\"900\"href='https:\/\/www.radiopiu.net\/wordpress\/wp-content\/uploads\/2023\/02\/88e67d39-750b-4ab8-803c-c622aee52156.jpg'><img loading=\"lazy\" decoding=\"async\" width=\"150\" height=\"150\" src=\"https:\/\/www.radiopiu.net\/wordpress\/wp-content\/uploads\/2023\/02\/88e67d39-750b-4ab8-803c-c622aee52156-150x150.jpg\" class=\"attachment-thumbnail size-thumbnail\" alt=\"\" \/><\/a>\n\t\t\t\t<\/dt><\/dl><dl class='gallery-item'>\n\t\t\t\t<dt class='gallery-icon landscape'>\n\t\t\t\t\t<a class=\"rollover rollover-zoom dt-pswp-item\" title=\"304ad134-b953-4ed9-b229-ec6989ad34be\" data-dt-img-description=\"\" data-large_image_width=\"2048\" data-large_image_height=\"946\"href='https:\/\/www.radiopiu.net\/wordpress\/wp-content\/uploads\/2023\/02\/304ad134-b953-4ed9-b229-ec6989ad34be.jpg'><img loading=\"lazy\" decoding=\"async\" width=\"150\" height=\"150\" src=\"https:\/\/www.radiopiu.net\/wordpress\/wp-content\/uploads\/2023\/02\/304ad134-b953-4ed9-b229-ec6989ad34be-150x150.jpg\" class=\"attachment-thumbnail size-thumbnail\" alt=\"\" \/><\/a>\n\t\t\t\t<\/dt><\/dl><dl class='gallery-item'>\n\t\t\t\t<dt class='gallery-icon landscape'>\n\t\t\t\t\t<a class=\"rollover rollover-zoom dt-pswp-item\" title=\"455e8bcc-1e9c-40ee-9cf1-e86ae6009364\" data-dt-img-description=\"\" data-large_image_width=\"1600\" data-large_image_height=\"900\"href='https:\/\/www.radiopiu.net\/wordpress\/wp-content\/uploads\/2023\/02\/455e8bcc-1e9c-40ee-9cf1-e86ae6009364.jpg'><img loading=\"lazy\" decoding=\"async\" width=\"150\" height=\"150\" src=\"https:\/\/www.radiopiu.net\/wordpress\/wp-content\/uploads\/2023\/02\/455e8bcc-1e9c-40ee-9cf1-e86ae6009364-150x150.jpg\" class=\"attachment-thumbnail size-thumbnail\" alt=\"\" \/><\/a>\n\t\t\t\t<\/dt><\/dl><dl class='gallery-item'>\n\t\t\t\t<dt class='gallery-icon landscape'>\n\t\t\t\t\t<a class=\"rollover rollover-zoom dt-pswp-item\" title=\"d1869278-9632-4cbf-93f0-e949b0c9370c\" data-dt-img-description=\"\" data-large_image_width=\"1600\" data-large_image_height=\"900\"href='https:\/\/www.radiopiu.net\/wordpress\/wp-content\/uploads\/2023\/02\/d1869278-9632-4cbf-93f0-e949b0c9370c.jpg'><img loading=\"lazy\" decoding=\"async\" width=\"150\" height=\"150\" src=\"https:\/\/www.radiopiu.net\/wordpress\/wp-content\/uploads\/2023\/02\/d1869278-9632-4cbf-93f0-e949b0c9370c-150x150.jpg\" class=\"attachment-thumbnail size-thumbnail\" alt=\"\" \/><\/a>\n\t\t\t\t<\/dt><\/dl><dl class='gallery-item'>\n\t\t\t\t<dt class='gallery-icon portrait'>\n\t\t\t\t\t<a class=\"rollover rollover-zoom dt-pswp-item\" title=\"9cc9f54a-09fb-4620-bc6d-787327fc8535\" data-dt-img-description=\"\" data-large_image_width=\"1200\" data-large_image_height=\"1600\"href='https:\/\/www.radiopiu.net\/wordpress\/wp-content\/uploads\/2023\/02\/9cc9f54a-09fb-4620-bc6d-787327fc8535.jpg'><img loading=\"lazy\" decoding=\"async\" width=\"150\" height=\"150\" src=\"https:\/\/www.radiopiu.net\/wordpress\/wp-content\/uploads\/2023\/02\/9cc9f54a-09fb-4620-bc6d-787327fc8535-150x150.jpg\" class=\"attachment-thumbnail size-thumbnail\" alt=\"\" \/><\/a>\n\t\t\t\t<\/dt><\/dl><br style=\"clear: both\" \/>\n\t\t\t<\/div>\n\n<p>&nbsp;<\/p>\n<hr \/>\n<p>&nbsp;<\/p>\n<h1 style=\"text-align: center;\">&#8220;DINTORN E FORA VIA&#8221;\u00a0 IL PROGRAMMA\u00a0 A CURA DEL MUSLA<\/h1>\n<p><strong><a class=\"dt-pswp-item\" href=\"https:\/\/www.radiopiu.net\/wordpress\/wp-content\/uploads\/2022\/12\/bf826253-7207-46f8-9f54-bc1e919603da.jpg\" data-dt-img-description=\"\" data-large_image_width=\"1087\" data-large_image_height=\"312\"><img loading=\"lazy\" decoding=\"async\" class=\" wp-image-310127 alignleft\" src=\"https:\/\/www.radiopiu.net\/wordpress\/wp-content\/uploads\/2022\/12\/bf826253-7207-46f8-9f54-bc1e919603da-300x86.jpg\" alt=\"\" width=\"258\" height=\"74\" srcset=\"https:\/\/www.radiopiu.net\/wordpress\/wp-content\/uploads\/2022\/12\/bf826253-7207-46f8-9f54-bc1e919603da-300x86.jpg 300w, https:\/\/www.radiopiu.net\/wordpress\/wp-content\/uploads\/2022\/12\/bf826253-7207-46f8-9f54-bc1e919603da-1024x294.jpg 1024w, https:\/\/www.radiopiu.net\/wordpress\/wp-content\/uploads\/2022\/12\/bf826253-7207-46f8-9f54-bc1e919603da-768x220.jpg 768w, https:\/\/www.radiopiu.net\/wordpress\/wp-content\/uploads\/2022\/12\/bf826253-7207-46f8-9f54-bc1e919603da-350x100.jpg 350w, https:\/\/www.radiopiu.net\/wordpress\/wp-content\/uploads\/2022\/12\/bf826253-7207-46f8-9f54-bc1e919603da.jpg 1087w\" sizes=\"auto, (max-width: 258px) 100vw, 258px\" \/><\/a>PUNTATA DEL 10 FEBBRAIO, BEATRICE COLCUC<\/strong><\/p>\n<audio class=\"wp-audio-shortcode\" id=\"audio-321335-6\" preload=\"none\" style=\"width: 100%;\" controls=\"controls\"><source type=\"audio\/mpeg\" src=\"https:\/\/www.radiopiu.net\/wordpress\/wp-content\/uploads\/2023\/02\/MUSLA-2.mp3?_=6\" \/><a href=\"https:\/\/www.radiopiu.net\/wordpress\/wp-content\/uploads\/2023\/02\/MUSLA-2.mp3\">https:\/\/www.radiopiu.net\/wordpress\/wp-content\/uploads\/2023\/02\/MUSLA-2.mp3<\/a><\/audio>\n<p>&nbsp;<\/p>\n<p>&nbsp;<\/p>\n<hr \/>\n<p>&nbsp;<\/p>\n<blockquote>\n<h3>DA BELLUNO AL MONDO, CLIO MAKEUP OSPITE DELLE DOLOMITI BELLUNESI A CASA SANREMO<\/h3>\n<\/blockquote>\n<p><strong>SANREMO <\/strong>Germania, Milano, New York\u2026 ma la casa \u00e8 sempre tra le montagne rosa del Bellunese. Clio MakeUp ha portato a Sanremo il suo \u201ccanto di gioia\u201d per la terra che le ha dato i natali. Ospite della club house delle Dolomiti Bellunesi, la nota influencer nel campo make-up, con quasi 4 milioni di follower su Instagram, ha iniziato la giornata con il caff\u00e8 di \u201cBuongiorno Sanremo\u201d, raccontandosi a tutto tondo.\u00a0 Un percorso che l\u2019ha vista uscire dal Bellunese a 16 anni. Prima la Germania, poi Milano e gli Stati Uniti nella sua cartina geografica. Ogni tappa, una crescita umana e professionale, legata indissolubilmente all\u2019aumento della notoriet\u00e0 e ovviamente dei fan. Eppure, Belluno c\u2019\u00e8 sempre. Nel cuore e nella testa.\u00a0 \u00abBelluno \u00e8 casa\u00bb dice Clio. \u00abQuando penso a Belluno, mi viene in mente la casa di nonna, tra le montagne. E mi rendo conto di essere fortunata a essere nata nella bellezza. Mi \u00e8 servita e continua a essere una fonte di ispirazione\u00bb. Dolomiti Bellunesi e genius loci, come fonte di ispirazione e di serenit\u00e0. Anche per la famiglia di Clio MakeUp, che ha portato le sue figlie a Belluno. \u00abLe bambine la amano, per loro Belluno \u00e8 il luogo del cuore, dove si pu\u00f2 girare in bicicletta, respirare i profumi della natura\u00bb. Un bel messaggio quello lanciato dalla influencer bellunese. Come il racconto di Valentina Marchei e Andrea Macr\u00ec, testimonial dei Giochi di Milano Cortina 2026. L\u2019ex pattinatrice e l\u2019atleta di para-ice hanno raccontato le loro emozioni olimpiche, che anche quest\u2019anno salgono sul palco dell\u2019Ariston (dopo il contest per il logo ufficiale delle Olimpiadi 2026 nel 2021 e la scelta della canzone olimpica nel 2022).\u00a0 \u00abMilano Cortina 2026 \u00e8 un biglietto da visita grandioso per il nostro Paese, sia sul versante sportivo sia per la legacy che \u00e8 in grado di creare un evento del genere\u00bb, hanno spiegato i due testimonial. \u00abSiamo nel rettilineo finale e dobbiamo accelerare per coinvolgere tutti in questa grande opportunit\u00e0 di far volare l\u2019Italia\u00bb. Nella giornata di Casa Sanremo, spazio anche alle produzioni d\u2019eccellenza del territorio bellunese, con l\u2019occhialeria Blackfin, e con l\u2019artigianato locale, ospite la presidente di Confartigianato Belluno, Claudia Scarzanella. Per Blackfin \u00e8 intervenuto il fondatore Nicola De Din, per raccontare la storia di una piccola realt\u00e0 che ha scalato vette mondiali. Come hanno fatto della verticalit\u00e0 e della scalata il loro motivo di vita Sara Avoscan e Manrico Dell\u2019Agnola, gli alpinisti bellunesi che hanno portato al PalaFiori la loro narrazione della montagna, fatta di emozioni forti e di scenari mozzafiato.<\/p>\n<p>&nbsp;<\/p>\n<blockquote>\n<h3>A SANREMO TRA LE DOLOMITI CON LE RADIO BELLUNESI<\/h3>\n<\/blockquote>\n<blockquote>\n<h3><span style=\"color: #ff0000;\">PAGINA IN AGGIORNAMENTO QUOTIDIANO, A CURA DELLE RADIO BELLUNESI, RADIO BELLUNO, RADIO CLUB 103, RADIO PIU&#8217; EMITTENTE AGORDINA<\/span><\/h3>\n<\/blockquote>\n<p>&nbsp;<\/p>\n<p><strong><span style=\"color: #0000ff;\">LA SESTA PUNTATA,<\/span> 10 FEBBRAIO 2023, con Barbara Paolazzi. RADIOCLUB103 da Sanremo Lapo Pretelli<\/strong><\/p>\n<audio class=\"wp-audio-shortcode\" id=\"audio-321335-7\" preload=\"none\" style=\"width: 100%;\" controls=\"controls\"><source type=\"audio\/mpeg\" src=\"https:\/\/www.radiopiu.net\/wordpress\/wp-content\/uploads\/2023\/02\/DIRETTA-10-02-23-OK.mp3?_=7\" \/><a href=\"https:\/\/www.radiopiu.net\/wordpress\/wp-content\/uploads\/2023\/02\/DIRETTA-10-02-23-OK.mp3\">https:\/\/www.radiopiu.net\/wordpress\/wp-content\/uploads\/2023\/02\/DIRETTA-10-02-23-OK.mp3<\/a><\/audio>\n<p>&nbsp;<\/p>\n\n\t\t\t<style type='text\/css'>\n\t\t\t\t#gallery-3 {\n\t\t\t\t\tmargin: auto;\n\t\t\t\t}\n\t\t\t\t#gallery-3 .gallery-item {\n\t\t\t\t\tfloat: left;\n\t\t\t\t\tmargin-top: 10px;\n\t\t\t\t\ttext-align: center;\n\t\t\t\t\twidth: 33%;\n\t\t\t\t}\n\t\t\t\t#gallery-3 img {\n\t\t\t\t\tborder: 2px solid #cfcfcf;\n\t\t\t\t}\n\t\t\t\t#gallery-3 .gallery-caption {\n\t\t\t\t\tmargin-left: 0;\n\t\t\t\t}\n\t\t\t\t\/* see gallery_shortcode() in wp-includes\/media.php *\/\n\t\t\t<\/style>\n\t\t<div id='gallery-3' class='dt-gallery-container gallery galleryid-321335 gallery-columns-3 gallery-size-medium'><dl class='gallery-item'>\n\t\t\t\t<dt class='gallery-icon landscape'>\n\t\t\t\t\t<a class=\"rollover rollover-zoom dt-pswp-item\" title=\"1E7E53C6-E815-424E-BCDD-9C54A8865807\" data-dt-img-description=\"\" data-large_image_width=\"2048\" data-large_image_height=\"1366\"href='https:\/\/www.radiopiu.net\/wordpress\/wp-content\/uploads\/2023\/02\/1E7E53C6-E815-424E-BCDD-9C54A8865807.jpeg'><img loading=\"lazy\" decoding=\"async\" width=\"300\" height=\"200\" src=\"https:\/\/www.radiopiu.net\/wordpress\/wp-content\/uploads\/2023\/02\/1E7E53C6-E815-424E-BCDD-9C54A8865807-300x200.jpeg\" class=\"attachment-medium size-medium\" alt=\"\" srcset=\"https:\/\/www.radiopiu.net\/wordpress\/wp-content\/uploads\/2023\/02\/1E7E53C6-E815-424E-BCDD-9C54A8865807-300x200.jpeg 300w, https:\/\/www.radiopiu.net\/wordpress\/wp-content\/uploads\/2023\/02\/1E7E53C6-E815-424E-BCDD-9C54A8865807-1024x683.jpeg 1024w, https:\/\/www.radiopiu.net\/wordpress\/wp-content\/uploads\/2023\/02\/1E7E53C6-E815-424E-BCDD-9C54A8865807-768x512.jpeg 768w, https:\/\/www.radiopiu.net\/wordpress\/wp-content\/uploads\/2023\/02\/1E7E53C6-E815-424E-BCDD-9C54A8865807-1536x1025.jpeg 1536w, https:\/\/www.radiopiu.net\/wordpress\/wp-content\/uploads\/2023\/02\/1E7E53C6-E815-424E-BCDD-9C54A8865807.jpeg 2048w\" sizes=\"auto, (max-width: 300px) 100vw, 300px\" \/><\/a>\n\t\t\t\t<\/dt><\/dl><dl class='gallery-item'>\n\t\t\t\t<dt class='gallery-icon landscape'>\n\t\t\t\t\t<a class=\"rollover rollover-zoom dt-pswp-item\" title=\"A3AFAD7F-A154-4903-AFCE-06904AC26AA3\" data-dt-img-description=\"\" data-large_image_width=\"1600\" data-large_image_height=\"1066\"href='https:\/\/www.radiopiu.net\/wordpress\/wp-content\/uploads\/2023\/02\/A3AFAD7F-A154-4903-AFCE-06904AC26AA3.jpeg'><img loading=\"lazy\" decoding=\"async\" width=\"300\" height=\"200\" src=\"https:\/\/www.radiopiu.net\/wordpress\/wp-content\/uploads\/2023\/02\/A3AFAD7F-A154-4903-AFCE-06904AC26AA3-300x200.jpeg\" class=\"attachment-medium size-medium\" alt=\"\" srcset=\"https:\/\/www.radiopiu.net\/wordpress\/wp-content\/uploads\/2023\/02\/A3AFAD7F-A154-4903-AFCE-06904AC26AA3-300x200.jpeg 300w, https:\/\/www.radiopiu.net\/wordpress\/wp-content\/uploads\/2023\/02\/A3AFAD7F-A154-4903-AFCE-06904AC26AA3-1024x682.jpeg 1024w, https:\/\/www.radiopiu.net\/wordpress\/wp-content\/uploads\/2023\/02\/A3AFAD7F-A154-4903-AFCE-06904AC26AA3-768x512.jpeg 768w, https:\/\/www.radiopiu.net\/wordpress\/wp-content\/uploads\/2023\/02\/A3AFAD7F-A154-4903-AFCE-06904AC26AA3-1536x1023.jpeg 1536w, https:\/\/www.radiopiu.net\/wordpress\/wp-content\/uploads\/2023\/02\/A3AFAD7F-A154-4903-AFCE-06904AC26AA3.jpeg 1600w\" sizes=\"auto, (max-width: 300px) 100vw, 300px\" \/><\/a>\n\t\t\t\t<\/dt><\/dl><dl class='gallery-item'>\n\t\t\t\t<dt class='gallery-icon landscape'>\n\t\t\t\t\t<a class=\"rollover rollover-zoom dt-pswp-item\" title=\"2429D862-1B08-4A63-A843-3FD40D8D41A1\" data-dt-img-description=\"\" data-large_image_width=\"1616\" data-large_image_height=\"1080\"href='https:\/\/www.radiopiu.net\/wordpress\/wp-content\/uploads\/2023\/02\/2429D862-1B08-4A63-A843-3FD40D8D41A1.jpeg'><img loading=\"lazy\" decoding=\"async\" width=\"300\" height=\"200\" src=\"https:\/\/www.radiopiu.net\/wordpress\/wp-content\/uploads\/2023\/02\/2429D862-1B08-4A63-A843-3FD40D8D41A1-300x200.jpeg\" class=\"attachment-medium size-medium\" alt=\"\" srcset=\"https:\/\/www.radiopiu.net\/wordpress\/wp-content\/uploads\/2023\/02\/2429D862-1B08-4A63-A843-3FD40D8D41A1-300x200.jpeg 300w, https:\/\/www.radiopiu.net\/wordpress\/wp-content\/uploads\/2023\/02\/2429D862-1B08-4A63-A843-3FD40D8D41A1-1024x684.jpeg 1024w, https:\/\/www.radiopiu.net\/wordpress\/wp-content\/uploads\/2023\/02\/2429D862-1B08-4A63-A843-3FD40D8D41A1-768x513.jpeg 768w, https:\/\/www.radiopiu.net\/wordpress\/wp-content\/uploads\/2023\/02\/2429D862-1B08-4A63-A843-3FD40D8D41A1-1536x1027.jpeg 1536w, https:\/\/www.radiopiu.net\/wordpress\/wp-content\/uploads\/2023\/02\/2429D862-1B08-4A63-A843-3FD40D8D41A1.jpeg 1616w\" sizes=\"auto, (max-width: 300px) 100vw, 300px\" \/><\/a>\n\t\t\t\t<\/dt><\/dl><br style=\"clear: both\" \/><dl class='gallery-item'>\n\t\t\t\t<dt class='gallery-icon landscape'>\n\t\t\t\t\t<a class=\"rollover rollover-zoom dt-pswp-item\" title=\"61FA13F6-852F-4D8C-9604-13E86DEB42B4\" data-dt-img-description=\"\" data-large_image_width=\"1616\" data-large_image_height=\"1080\"href='https:\/\/www.radiopiu.net\/wordpress\/wp-content\/uploads\/2023\/02\/61FA13F6-852F-4D8C-9604-13E86DEB42B4.jpeg'><img loading=\"lazy\" decoding=\"async\" width=\"300\" height=\"200\" src=\"https:\/\/www.radiopiu.net\/wordpress\/wp-content\/uploads\/2023\/02\/61FA13F6-852F-4D8C-9604-13E86DEB42B4-300x200.jpeg\" class=\"attachment-medium size-medium\" alt=\"\" srcset=\"https:\/\/www.radiopiu.net\/wordpress\/wp-content\/uploads\/2023\/02\/61FA13F6-852F-4D8C-9604-13E86DEB42B4-300x200.jpeg 300w, https:\/\/www.radiopiu.net\/wordpress\/wp-content\/uploads\/2023\/02\/61FA13F6-852F-4D8C-9604-13E86DEB42B4-1024x684.jpeg 1024w, https:\/\/www.radiopiu.net\/wordpress\/wp-content\/uploads\/2023\/02\/61FA13F6-852F-4D8C-9604-13E86DEB42B4-768x513.jpeg 768w, https:\/\/www.radiopiu.net\/wordpress\/wp-content\/uploads\/2023\/02\/61FA13F6-852F-4D8C-9604-13E86DEB42B4-1536x1027.jpeg 1536w, https:\/\/www.radiopiu.net\/wordpress\/wp-content\/uploads\/2023\/02\/61FA13F6-852F-4D8C-9604-13E86DEB42B4.jpeg 1616w\" sizes=\"auto, (max-width: 300px) 100vw, 300px\" \/><\/a>\n\t\t\t\t<\/dt><\/dl><dl class='gallery-item'>\n\t\t\t\t<dt class='gallery-icon landscape'>\n\t\t\t\t\t<a class=\"rollover rollover-zoom dt-pswp-item\" title=\"658E228C-4E5B-4CB3-B9C3-BD8D6787B821\" data-dt-img-description=\"\" data-large_image_width=\"2048\" data-large_image_height=\"1366\"href='https:\/\/www.radiopiu.net\/wordpress\/wp-content\/uploads\/2023\/02\/658E228C-4E5B-4CB3-B9C3-BD8D6787B821.jpeg'><img loading=\"lazy\" decoding=\"async\" width=\"300\" height=\"200\" src=\"https:\/\/www.radiopiu.net\/wordpress\/wp-content\/uploads\/2023\/02\/658E228C-4E5B-4CB3-B9C3-BD8D6787B821-300x200.jpeg\" class=\"attachment-medium size-medium\" alt=\"\" srcset=\"https:\/\/www.radiopiu.net\/wordpress\/wp-content\/uploads\/2023\/02\/658E228C-4E5B-4CB3-B9C3-BD8D6787B821-300x200.jpeg 300w, https:\/\/www.radiopiu.net\/wordpress\/wp-content\/uploads\/2023\/02\/658E228C-4E5B-4CB3-B9C3-BD8D6787B821-1024x683.jpeg 1024w, https:\/\/www.radiopiu.net\/wordpress\/wp-content\/uploads\/2023\/02\/658E228C-4E5B-4CB3-B9C3-BD8D6787B821-768x512.jpeg 768w, https:\/\/www.radiopiu.net\/wordpress\/wp-content\/uploads\/2023\/02\/658E228C-4E5B-4CB3-B9C3-BD8D6787B821-1536x1025.jpeg 1536w, https:\/\/www.radiopiu.net\/wordpress\/wp-content\/uploads\/2023\/02\/658E228C-4E5B-4CB3-B9C3-BD8D6787B821.jpeg 2048w\" sizes=\"auto, (max-width: 300px) 100vw, 300px\" \/><\/a>\n\t\t\t\t<\/dt><\/dl><dl class='gallery-item'>\n\t\t\t\t<dt class='gallery-icon landscape'>\n\t\t\t\t\t<a class=\"rollover rollover-zoom dt-pswp-item\" title=\"FF4FCE75-5AAA-4593-88AD-3328716B93B4\" data-dt-img-description=\"\" data-large_image_width=\"2048\" data-large_image_height=\"1366\"href='https:\/\/www.radiopiu.net\/wordpress\/wp-content\/uploads\/2023\/02\/FF4FCE75-5AAA-4593-88AD-3328716B93B4.jpeg'><img loading=\"lazy\" decoding=\"async\" width=\"300\" height=\"200\" src=\"https:\/\/www.radiopiu.net\/wordpress\/wp-content\/uploads\/2023\/02\/FF4FCE75-5AAA-4593-88AD-3328716B93B4-300x200.jpeg\" class=\"attachment-medium size-medium\" alt=\"\" srcset=\"https:\/\/www.radiopiu.net\/wordpress\/wp-content\/uploads\/2023\/02\/FF4FCE75-5AAA-4593-88AD-3328716B93B4-300x200.jpeg 300w, https:\/\/www.radiopiu.net\/wordpress\/wp-content\/uploads\/2023\/02\/FF4FCE75-5AAA-4593-88AD-3328716B93B4-1024x683.jpeg 1024w, https:\/\/www.radiopiu.net\/wordpress\/wp-content\/uploads\/2023\/02\/FF4FCE75-5AAA-4593-88AD-3328716B93B4-768x512.jpeg 768w, https:\/\/www.radiopiu.net\/wordpress\/wp-content\/uploads\/2023\/02\/FF4FCE75-5AAA-4593-88AD-3328716B93B4-1536x1025.jpeg 1536w, https:\/\/www.radiopiu.net\/wordpress\/wp-content\/uploads\/2023\/02\/FF4FCE75-5AAA-4593-88AD-3328716B93B4.jpeg 2048w\" sizes=\"auto, (max-width: 300px) 100vw, 300px\" \/><\/a>\n\t\t\t\t<\/dt><\/dl><br style=\"clear: both\" \/>\n\t\t\t<\/div>\n\n<p>&nbsp;<\/p>\n<blockquote>\n<h3>ANCHE MARCO DAL FARRA, L&#8217;AUTORE E CANTAUTORE BELLUNESE, A CASA SANREMO<\/h3>\n<\/blockquote>\n<p><strong>SANREMO<\/strong> Dai palchi bellunesi e dai microfoni delle radio, in primis RADIOPIU al clima sanremese. Marco Dal Farra \u00e8 nella citt\u00e0 ligure,&#8230;.chiss\u00e0 che non arrivi anche il giorno del palco, tra i fiori.<\/p>\n\n\t\t\t<style type='text\/css'>\n\t\t\t\t#gallery-4 {\n\t\t\t\t\tmargin: auto;\n\t\t\t\t}\n\t\t\t\t#gallery-4 .gallery-item {\n\t\t\t\t\tfloat: left;\n\t\t\t\t\tmargin-top: 10px;\n\t\t\t\t\ttext-align: center;\n\t\t\t\t\twidth: 25%;\n\t\t\t\t}\n\t\t\t\t#gallery-4 img {\n\t\t\t\t\tborder: 2px solid #cfcfcf;\n\t\t\t\t}\n\t\t\t\t#gallery-4 .gallery-caption {\n\t\t\t\t\tmargin-left: 0;\n\t\t\t\t}\n\t\t\t\t\/* see gallery_shortcode() in wp-includes\/media.php *\/\n\t\t\t<\/style>\n\t\t<div id='gallery-4' class='dt-gallery-container gallery galleryid-321335 gallery-columns-4 gallery-size-thumbnail'><dl class='gallery-item'>\n\t\t\t\t<dt class='gallery-icon portrait'>\n\t\t\t\t\t<a class=\"rollover rollover-zoom dt-pswp-item\" title=\"3ada72ad-c219-4fd6-a90b-8a793852eb8a\" data-dt-img-description=\"\" data-large_image_width=\"1182\" data-large_image_height=\"1432\"href='https:\/\/www.radiopiu.net\/wordpress\/wp-content\/uploads\/2023\/02\/3ada72ad-c219-4fd6-a90b-8a793852eb8a.jpg'><img loading=\"lazy\" decoding=\"async\" width=\"150\" height=\"150\" src=\"https:\/\/www.radiopiu.net\/wordpress\/wp-content\/uploads\/2023\/02\/3ada72ad-c219-4fd6-a90b-8a793852eb8a-150x150.jpg\" class=\"attachment-thumbnail size-thumbnail\" alt=\"\" \/><\/a>\n\t\t\t\t<\/dt><\/dl><dl class='gallery-item'>\n\t\t\t\t<dt class='gallery-icon landscape'>\n\t\t\t\t\t<a class=\"rollover rollover-zoom dt-pswp-item\" title=\"71e218fb-4e4d-42fd-af6b-ee1ee8255067\" data-dt-img-description=\"\" data-large_image_width=\"1600\" data-large_image_height=\"1200\"href='https:\/\/www.radiopiu.net\/wordpress\/wp-content\/uploads\/2023\/02\/71e218fb-4e4d-42fd-af6b-ee1ee8255067.jpg'><img loading=\"lazy\" decoding=\"async\" width=\"150\" height=\"150\" src=\"https:\/\/www.radiopiu.net\/wordpress\/wp-content\/uploads\/2023\/02\/71e218fb-4e4d-42fd-af6b-ee1ee8255067-150x150.jpg\" class=\"attachment-thumbnail size-thumbnail\" alt=\"\" \/><\/a>\n\t\t\t\t<\/dt><\/dl><dl class='gallery-item'>\n\t\t\t\t<dt class='gallery-icon portrait'>\n\t\t\t\t\t<a class=\"rollover rollover-zoom dt-pswp-item\" title=\"97d78fb3-ef6b-40fb-84d3-8abbb78e57e7\" data-dt-img-description=\"\" data-large_image_width=\"1200\" data-large_image_height=\"1600\"href='https:\/\/www.radiopiu.net\/wordpress\/wp-content\/uploads\/2023\/02\/97d78fb3-ef6b-40fb-84d3-8abbb78e57e7.jpg'><img loading=\"lazy\" decoding=\"async\" width=\"150\" height=\"150\" src=\"https:\/\/www.radiopiu.net\/wordpress\/wp-content\/uploads\/2023\/02\/97d78fb3-ef6b-40fb-84d3-8abbb78e57e7-150x150.jpg\" class=\"attachment-thumbnail size-thumbnail\" alt=\"\" \/><\/a>\n\t\t\t\t<\/dt><\/dl><dl class='gallery-item'>\n\t\t\t\t<dt class='gallery-icon portrait'>\n\t\t\t\t\t<a class=\"rollover rollover-zoom dt-pswp-item\" title=\"acf892be-f507-418d-ada4-b7ed1395d2ef\" data-dt-img-description=\"\" data-large_image_width=\"1200\" data-large_image_height=\"1600\"href='https:\/\/www.radiopiu.net\/wordpress\/wp-content\/uploads\/2023\/02\/acf892be-f507-418d-ada4-b7ed1395d2ef.jpg'><img loading=\"lazy\" decoding=\"async\" width=\"150\" height=\"150\" src=\"https:\/\/www.radiopiu.net\/wordpress\/wp-content\/uploads\/2023\/02\/acf892be-f507-418d-ada4-b7ed1395d2ef-150x150.jpg\" class=\"attachment-thumbnail size-thumbnail\" alt=\"\" \/><\/a>\n\t\t\t\t<\/dt><\/dl><br style=\"clear: both\" \/><dl class='gallery-item'>\n\t\t\t\t<dt class='gallery-icon landscape'>\n\t\t\t\t\t<a class=\"rollover rollover-zoom dt-pswp-item\" title=\"5af5ad0b-2905-4e06-8466-caf74a5ad989\" data-dt-img-description=\"\" data-large_image_width=\"1599\" data-large_image_height=\"1200\"href='https:\/\/www.radiopiu.net\/wordpress\/wp-content\/uploads\/2023\/02\/5af5ad0b-2905-4e06-8466-caf74a5ad989.jpg'><img loading=\"lazy\" decoding=\"async\" width=\"150\" height=\"150\" src=\"https:\/\/www.radiopiu.net\/wordpress\/wp-content\/uploads\/2023\/02\/5af5ad0b-2905-4e06-8466-caf74a5ad989-150x150.jpg\" class=\"attachment-thumbnail size-thumbnail\" alt=\"\" \/><\/a>\n\t\t\t\t<\/dt><\/dl><dl class='gallery-item'>\n\t\t\t\t<dt class='gallery-icon landscape'>\n\t\t\t\t\t<a class=\"rollover rollover-zoom dt-pswp-item\" title=\"a4dc1003-52e1-4d3a-82b2-c33e21aa2545\" data-dt-img-description=\"\" data-large_image_width=\"1599\" data-large_image_height=\"1200\"href='https:\/\/www.radiopiu.net\/wordpress\/wp-content\/uploads\/2023\/02\/a4dc1003-52e1-4d3a-82b2-c33e21aa2545.jpg'><img loading=\"lazy\" decoding=\"async\" width=\"150\" height=\"150\" src=\"https:\/\/www.radiopiu.net\/wordpress\/wp-content\/uploads\/2023\/02\/a4dc1003-52e1-4d3a-82b2-c33e21aa2545-150x150.jpg\" class=\"attachment-thumbnail size-thumbnail\" alt=\"\" \/><\/a>\n\t\t\t\t<\/dt><\/dl><dl class='gallery-item'>\n\t\t\t\t<dt class='gallery-icon landscape'>\n\t\t\t\t\t<a class=\"rollover rollover-zoom dt-pswp-item\" title=\"68715738-215a-4e24-87bc-189ea81d2a4d\" data-dt-img-description=\"\" data-large_image_width=\"1600\" data-large_image_height=\"1200\"href='https:\/\/www.radiopiu.net\/wordpress\/wp-content\/uploads\/2023\/02\/68715738-215a-4e24-87bc-189ea81d2a4d.jpg'><img loading=\"lazy\" decoding=\"async\" width=\"150\" height=\"150\" src=\"https:\/\/www.radiopiu.net\/wordpress\/wp-content\/uploads\/2023\/02\/68715738-215a-4e24-87bc-189ea81d2a4d-150x150.jpg\" class=\"attachment-thumbnail size-thumbnail\" alt=\"\" \/><\/a>\n\t\t\t\t<\/dt><\/dl><dl class='gallery-item'>\n\t\t\t\t<dt class='gallery-icon landscape'>\n\t\t\t\t\t<a class=\"rollover rollover-zoom dt-pswp-item\" title=\"a30cd37f-e39d-4a12-98f4-7b17834be9bd\" data-dt-img-description=\"\" data-large_image_width=\"1600\" data-large_image_height=\"1200\"href='https:\/\/www.radiopiu.net\/wordpress\/wp-content\/uploads\/2023\/02\/a30cd37f-e39d-4a12-98f4-7b17834be9bd.jpg'><img loading=\"lazy\" decoding=\"async\" width=\"150\" height=\"150\" src=\"https:\/\/www.radiopiu.net\/wordpress\/wp-content\/uploads\/2023\/02\/a30cd37f-e39d-4a12-98f4-7b17834be9bd-150x150.jpg\" class=\"attachment-thumbnail size-thumbnail\" alt=\"\" \/><\/a>\n\t\t\t\t<\/dt><\/dl><br style=\"clear: both\" \/>\n\t\t\t<\/div>\n\n<p>&nbsp;<\/p>\n<blockquote>\n<h3>COTECHINO E PASTIN I PIATTI PREFERITI A CASA SANREMO<\/h3>\n<\/blockquote>\n<p><strong>SANREMO<\/strong> Se dici salsiccia, tutti sanno di cosa si tratta. E il pastin? A Sanremo c\u2019\u00e8 chi si improvvisa con pronunce strane, c\u2019\u00e8 chi sbaglia l\u2019accento e chi pensa si tratti di un dolce tipico. Ma l\u2019assaggio mette tutti d\u2019accordo. In questi giorni a Casa Sanremo, nel progetto di promozione messo in campo dalla Provincia con la collaborazione di Regione Veneto e Camera di Commercio, il territorio bellunese sta facendo mangiare giornalisti, vip e addetti ai lavori. E tra i protagonisti della cucina, magistralmente diretta dallo chef stellato Enzo De Pra, c\u2019\u00e8 il pastin di Valcarne, la pasta del salame servita in polpette e utilizzata anche per una lasagnetta con il radicchio che sta spopolando al ristorante delle Dolomiti Bellunesi inserito nel Palafiori. Oltre al pastin, spopola anche il cotechino, poco speziato e gradevolissimo al palato, servito con un\u2019altra eccellenza del territorio, le verze sofegade. Diversi i giornalisti che in uscita da una delle sale stampa Rai presenti al Palafiori si sono diretti sulle invitanti fettine di cotechino.<\/p>\n<p>&nbsp;<\/p>\n<p>&nbsp;<\/p>\n<hr \/>\n<p>&nbsp;<\/p>\n<blockquote>\n<h3>LE TEMPERATURE DELLA NOTTE SCORSA, ALLA SOGLIA DEI -16 A ROCCA PIETORE<\/h3>\n<\/blockquote>\n<blockquote>\n<div class=\"gmail_default\"><em><b><span style=\"font-size: large;\"> <img loading=\"lazy\" decoding=\"async\" class=\"alignleft\" src=\"https:\/\/www.radiopiu.net\/wordpress\/wp-content\/uploads\/2020\/12\/ghiaccio-freddo-brina.jpg\" width=\"207\" height=\"138\" \/>le temperature minime registrate la scorsa notte in alcune localit\u00e0 del Veneto<\/span><\/b><\/em><\/div>\n<\/blockquote>\n<div class=\"gmail_quote\">\n<div dir=\"ltr\">\n<div class=\"gmail_quote\">\n<div dir=\"ltr\">\n<div class=\"gmail_quote\">\n<div dir=\"ltr\">\n<div class=\"gmail_quote\">\n<div dir=\"ltr\">\n<p><span style=\"font-family: verdana, sans-serif;\"><u><b>Fra i paesi<span class=\"gmail_default\">,<\/span>\u00a0i valori pi\u00f9 significativi, in relazione all&#8217;altitudine, sono stati misurati a<\/b>: <\/u><\/span><span style=\"font-family: verdana, sans-serif;\">Boscoverde<\/span><span class=\"gmail_default\" style=\"font-family: verdana, sans-serif;\">\u00a0&#8211; Rocca Pietore<\/span><span style=\"font-family: verdana, sans-serif;\">\u00a0(BL-1200 m)\u00a0<\/span><b style=\"font-family: verdana, sans-serif;\">-15.8\u00b0C <\/b>Santo Stefano di Cadore (BL-905 m)\u00a0<b>-13.5<\/b><b>\u00b0C <\/b>Santa Giustina Bellunese (BL-278 m)\u00a0<b>-10.2\u00b0C <\/b><span style=\"font-family: verdana, sans-serif;\"><b><u>Per gli altri paesi e le citt\u00e0 della regione si veda questa\u00a0<a href=\"https:\/\/www.arpa.veneto.it\/dati-ambientali\/dati-in-diretta\/meteo-idro-nivo\/tminmaxoggi\" target=\"_blank\" rel=\"noopener\">tabella<\/a> <\/u><\/b><u style=\"font-family: 'normal Arial', Helvetica, sans-serif;\"><b>Si segnalano inoltre le temperature minime ne<\/b><span class=\"gmail_default\">lle\u00a0<b>localit\u00e0<\/b><\/span><b>\u00a0normalmente pi\u00f9 fredd<span class=\"gmail_default\">e<\/span>: <\/b><\/u><\/span><span style=\"font-family: verdana, sans-serif;\">Val Visdende (BL-1240 m)<\/span><b style=\"font-family: verdana, sans-serif;\"> -17.4\u00b0C <\/b><span style=\"font-family: verdana, sans-serif;\">Piana di Marcesina (VI-1310 m)\u00a0<b>-22.7\u00b0C <\/b><\/span><span style=\"font-family: verdana, sans-serif;\">Passo Cimabanche (BL-1530 m)\u00a0<\/span><b style=\"font-family: verdana, sans-serif;\">-21.5\u00b0C <\/b><span style=\"font-family: verdana, sans-serif;\">Passo Pordoi (BL-2154 m)\u00a0<\/span><span class=\"gmail_default\" style=\"font-family: verdana, sans-serif;\"><b>-9.5\u00b0C<\/b><\/span><\/p>\n<div>\n<p><span style=\"font-family: verdana, sans-serif;\">Marmolada- arrivo funivia (BL-3256 m)\u00a0<b>-13.8\u00b0C<\/b><\/span><\/p>\n<\/div>\n<\/div>\n<\/div>\n<\/div>\n<\/div>\n<\/div>\n<\/div>\n<\/div>\n<\/div>\n<p>&nbsp;<\/p>\n<p>&nbsp;<\/p>\n<hr \/>\n<h3><\/h3>\n<h3>GIORGIA RACCONTA LA RINASCITA, L&#8217;APPUNTAMENTO CON GENITORI SEMPRE<\/h3>\n<p><em>&#8220;NO ALL&#8217;USO DI DROGHE, SI AL DIVERTIMENTO SICURO&#8221;, a conclusione di un percorso tra le scuole della vallata: VENERDI 17 FEBBRAIO ALLE 20.30 IN SALA DON TAMIS AD AGORDO, L&#8217;INCONTRO PER GENITORI E LA COMUNITA&#8217;, PRESENTATO DA GIANPAOLO SORATROI, CON GIORGIA BENUSIGLIO, SCRITTRICE E TESTIMONIAL ANTI DROGA: &#8220;ESPERIENZA E RISCATTO&#8221;. <\/em><em>CON ALFIO DE SANDRE, MEDICO, TOSSICOLOGO E PSICOTERAPEUTA -Dipartimento delle dipendenze &#8211; AULS 1 DOLOMITI. <\/em><em>UN INVITO DI &#8220;GENITORI SEMPRE&#8221;, ASSOCIAZIONE DI PROMOZIONE SOCIALE, CON IL PATROCINIO DEI COMUNI DI AGORDO, CENCENIGHE E DELL&#8217;UNIONE MONTANA AGORDINA<\/em><\/p>\n<p>&nbsp;<\/p>\n<p>&nbsp;<\/p>\n<hr \/>\n<p>&nbsp;<\/p>\n<blockquote>\n<h3><a class=\"dt-pswp-item\" href=\"https:\/\/www.radiopiu.net\/wordpress\/wp-content\/uploads\/2023\/02\/c688b549-bd78-417a-82fc-9b5b7ddfe6eb.jpg\" data-dt-img-description=\"\" data-large_image_width=\"1131\" data-large_image_height=\"1600\"><img loading=\"lazy\" decoding=\"async\" class=\" wp-image-320109 alignleft\" src=\"https:\/\/www.radiopiu.net\/wordpress\/wp-content\/uploads\/2023\/02\/c688b549-bd78-417a-82fc-9b5b7ddfe6eb-212x300.jpg\" alt=\"\" width=\"131\" height=\"185\" srcset=\"https:\/\/www.radiopiu.net\/wordpress\/wp-content\/uploads\/2023\/02\/c688b549-bd78-417a-82fc-9b5b7ddfe6eb-212x300.jpg 212w, https:\/\/www.radiopiu.net\/wordpress\/wp-content\/uploads\/2023\/02\/c688b549-bd78-417a-82fc-9b5b7ddfe6eb-724x1024.jpg 724w, https:\/\/www.radiopiu.net\/wordpress\/wp-content\/uploads\/2023\/02\/c688b549-bd78-417a-82fc-9b5b7ddfe6eb-768x1086.jpg 768w, https:\/\/www.radiopiu.net\/wordpress\/wp-content\/uploads\/2023\/02\/c688b549-bd78-417a-82fc-9b5b7ddfe6eb-1086x1536.jpg 1086w, https:\/\/www.radiopiu.net\/wordpress\/wp-content\/uploads\/2023\/02\/c688b549-bd78-417a-82fc-9b5b7ddfe6eb.jpg 1131w\" sizes=\"auto, (max-width: 131px) 100vw, 131px\" \/><\/a>E DOMANI&#8230; A COLMEAN LA GARA DI RIDOLE A COPPIE<\/h3>\n<\/blockquote>\n<p>12 FEBBRAIO, ORE 14&#8230; .3-2-1.. SPINGI&#8230; VOLA&#8230;DAI&#8230;. ARRIVA: VINCI LA TUA SFIDA E&#8230; ABBRACCIATI! GARA DI RID\u00f2LE A COPPIE SULLA PISTA DI SLITTINO DI COLMEAN. UNA GIORNATA DI SPORT, DI FESTA E TRADIZIONI, CON IL GRUPPO CRODAIOLI DELL&#8217;AUTA DI FEDER. PUNTO BASE PER LE ISCRIZIONI IL BAR COLMEAN, FINO ALLE 12.30 DI DOMENICA 12 FEBBRAIO E PRESSO IL TRAGUARDO FINO A 15 MINUTI PRIMA DELLA PARTENZA. ALLE 16 LE PREMIAZIONI. INFORMAZIONI ALLO 0437 592078<\/p>\n<p><strong>di Gianni Santomaso<\/strong><\/p>\n<audio class=\"wp-audio-shortcode\" id=\"audio-321335-8\" preload=\"none\" style=\"width: 100%;\" controls=\"controls\"><source type=\"audio\/mpeg\" src=\"https:\/\/www.radiopiu.net\/wordpress\/wp-content\/uploads\/2023\/02\/GIANNI-RIDOLE-A-COPPIE.mp3?_=8\" \/><a href=\"https:\/\/www.radiopiu.net\/wordpress\/wp-content\/uploads\/2023\/02\/GIANNI-RIDOLE-A-COPPIE.mp3\">https:\/\/www.radiopiu.net\/wordpress\/wp-content\/uploads\/2023\/02\/GIANNI-RIDOLE-A-COPPIE.mp3<\/a><\/audio>\n<p>&nbsp;<\/p>\n<hr \/>\n<p>&nbsp;<\/p>\n<blockquote><p><span style=\"color: #ff99cc;\"><strong>CIASPOLATA IN ROSA, IN ATTESA DEL GIRO D&#8217;ITALIA. APPUNTAMENTO&#8230;PER TUTTI!<\/strong><\/span><\/p><\/blockquote>\n<p><span dir=\"ltr\" role=\"presentation\"><img loading=\"lazy\" decoding=\"async\" class=\"alignleft\" src=\"https:\/\/www.radiopiu.net\/wordpress\/wp-content\/uploads\/2023\/02\/COPERTA-1.jpg\" width=\"277\" height=\"153\" \/><\/span><strong>VAL DI ZOLDO<\/strong>\u00a0 <span dir=\"ltr\" role=\"presentation\">Il 18 febbraio, alle 18, a Palafavera\u00a0 \u201cCiaspolata in Rosa\u201d. <\/span><span dir=\"ltr\" role=\"presentation\">Aspettando l\u2019arrivo della tappa del Giro d\u2019Italia del 25 maggio 2023. Un evento, il primo di una serie,\u00a0 proposto dal<\/span><span dir=\"ltr\" role=\"presentation\"> Comune, in collaborazione con Atletica Zoldo e le <\/span><span dir=\"ltr\" role=\"presentation\">Associazioni del territorio (Consorzio Val di Zoldo Turismo, CNSAS Val di Zoldo, <\/span><span dir=\"ltr\" role=\"presentation\">CAI Val di Zoldo) <\/span><br role=\"presentation\" \/><span dir=\"ltr\" role=\"presentation\">Aperta a tutti e non competitiva, la Ciaspolata si snoda su un percorso di 4-5 km nella <\/span><span dir=\"ltr\" role=\"presentation\">suggestiva cornice di Palafavera dominata dai Monti Pelmo e Civetta. <\/span><span dir=\"ltr\" role=\"presentation\">Dress code consigliato: PINK! L\u2019abbigliamento rosa pi\u00f9 originale verr\u00e0 premiato. <\/span><span dir=\"ltr\" role=\"presentation\">Brul\u00e8 finale fronte rifugio Pelmo. <\/span><span dir=\"ltr\" role=\"presentation\">Iscrizioni online su \u201c<\/span><span dir=\"ltr\" role=\"presentation\">sportolomiti.it<\/span><span dir=\"ltr\" role=\"presentation\">\u201d, presso gli uffici comunali di Forno e Fusine di <\/span><span dir=\"ltr\" role=\"presentation\">Val di Zoldo e presso l\u2019ufficio turistico di Pecol.\u00a0<\/span><\/p>\n<p><strong>ALLA RADIO\u00a0<\/strong><\/p>\n<audio class=\"wp-audio-shortcode\" id=\"audio-321335-9\" preload=\"none\" style=\"width: 100%;\" controls=\"controls\"><source type=\"audio\/mpeg\" src=\"https:\/\/www.radiopiu.net\/wordpress\/wp-content\/uploads\/2023\/02\/CIASPOLATA_BA_0702.mp3?_=9\" \/><a href=\"https:\/\/www.radiopiu.net\/wordpress\/wp-content\/uploads\/2023\/02\/CIASPOLATA_BA_0702.mp3\">https:\/\/www.radiopiu.net\/wordpress\/wp-content\/uploads\/2023\/02\/CIASPOLATA_BA_0702.mp3<\/a><\/audio>\n<p>&nbsp;<\/p>\n<p>&nbsp;<\/p>\n<p>&nbsp;<\/p>\n<hr \/>\n<p>&nbsp;<\/p>\n<p>&nbsp;<\/p>\n<blockquote>\n<h2><span style=\"color: #ff0000;\">ON&#8212;&#8211;OFF<\/span><\/h2>\n<\/blockquote>\n<p><a class=\"dt-pswp-item\" href=\"https:\/\/www.radiopiu.net\/wordpress\/wp-content\/uploads\/2023\/01\/ZANETTI.png\" data-dt-img-description=\"\" data-large_image_width=\"744\" data-large_image_height=\"631\"><img loading=\"lazy\" decoding=\"async\" class=\"size-medium wp-image-319233 alignleft\" src=\"https:\/\/www.radiopiu.net\/wordpress\/wp-content\/uploads\/2023\/01\/ZANETTI-300x254.png\" alt=\"\" width=\"300\" height=\"254\" srcset=\"https:\/\/www.radiopiu.net\/wordpress\/wp-content\/uploads\/2023\/01\/ZANETTI-300x254.png 300w, https:\/\/www.radiopiu.net\/wordpress\/wp-content\/uploads\/2023\/01\/ZANETTI.png 744w\" sizes=\"auto, (max-width: 300px) 100vw, 300px\" \/><\/a>off?&#8230;. on!!!!! Accendi la tua notte! Con gli studenti del liceo scientifico SPORTIVO, al PALAFALCADE&#8230; OGGI serata con DJ BISSO E DALLA MEZZANOTTE happy hour. Se fai tardi? Puoi fare tardi&#8230; c&#8217;e&#8217; il servizio navetta con Massimo. Vantaggioso il biglietto in prevendita&#8230; a soli 7 euro. info 340 4865363 ACCENDI LA TUA NOTTE, A FALCADE, CON GLI STUDENTI DELLO SCIENTIFICO SPORTIVO DI AGORDO&#8230;.NO LIMITS IN COLLABORAZIONE CON Impresa edile eredi Dorigo Vincenzo , ad Agordo. Zumbrillenbar, ristorante e pizza unica, a mezzogiorno e sera, in localit\u00e0 Valcozzena. E.. impresa edile marco menegolla<\/p>\n<p><strong>ALLA RADIO<\/strong><\/p>\n<audio class=\"wp-audio-shortcode\" id=\"audio-321335-10\" preload=\"none\" style=\"width: 100%;\" controls=\"controls\"><source type=\"audio\/mpeg\" src=\"https:\/\/www.radiopiu.net\/wordpress\/wp-content\/uploads\/2023\/01\/LICEOAGORDO_BA_3101.mp3?_=10\" \/><a href=\"https:\/\/www.radiopiu.net\/wordpress\/wp-content\/uploads\/2023\/01\/LICEOAGORDO_BA_3101.mp3\">https:\/\/www.radiopiu.net\/wordpress\/wp-content\/uploads\/2023\/01\/LICEOAGORDO_BA_3101.mp3<\/a><\/audio>\n<p>&nbsp;<\/p>\n<p>&nbsp;<\/p>\n<hr \/>\n<p>&nbsp;<\/p>\n<p>&nbsp;<\/p>\n<blockquote>\n<h3>OGGI A LASTE DI ROCCA PIETORE CARNEVAI DE LE VAI, PRIMO DEI DUE EVENTI ROCCHESANI<\/h3>\n<\/blockquote>\n<p><strong><img loading=\"lazy\" decoding=\"async\" class=\"alignleft\" src=\"https:\/\/www.radiopiu.net\/wordpress\/wp-content\/uploads\/2023\/02\/COPERTA-3.jpg\" width=\"269\" height=\"184\" \/><\/strong><\/p>\n<p><strong>ROCCA PIETORE<\/strong> <em>&#8220;Questa cosa ce la invidiano&#8221;<\/em> dir\u00e0 Valerio Davare presentando non uno, ma due eventi del Carnevale sul territorio rocchesano. Oggi, il primo appuntamento a Laste, il secondo sabato prossimo a Sottoguda.<\/p>\n<p>Domani il carnevale si trasferir\u00e0 invece a Rivamonte con Olt da Riva.<\/p>\n<p><strong>\u00a0<\/strong><\/p>\n<p>&nbsp;<\/p>\n<p><strong>VALERIO DAVARE<\/strong><\/p>\n<audio class=\"wp-audio-shortcode\" id=\"audio-321335-11\" preload=\"none\" style=\"width: 100%;\" controls=\"controls\"><source type=\"audio\/mpeg\" src=\"https:\/\/www.radiopiu.net\/wordpress\/wp-content\/uploads\/2023\/02\/VALERIO-DAVARE.mp3?_=11\" \/><a href=\"https:\/\/www.radiopiu.net\/wordpress\/wp-content\/uploads\/2023\/02\/VALERIO-DAVARE.mp3\">https:\/\/www.radiopiu.net\/wordpress\/wp-content\/uploads\/2023\/02\/VALERIO-DAVARE.mp3<\/a><\/audio>\n<p>&nbsp;<\/p>\n<p><strong>RIVAMONTE<\/strong> Domani altro appuntamento importante, a Rivamonte. Ne parla Gabriele Riva.<\/p>\n<audio class=\"wp-audio-shortcode\" id=\"audio-321335-12\" preload=\"none\" style=\"width: 100%;\" controls=\"controls\"><source type=\"audio\/mpeg\" src=\"https:\/\/www.radiopiu.net\/wordpress\/wp-content\/uploads\/2023\/02\/gabri.mp3?_=12\" \/><a href=\"https:\/\/www.radiopiu.net\/wordpress\/wp-content\/uploads\/2023\/02\/gabri.mp3\">https:\/\/www.radiopiu.net\/wordpress\/wp-content\/uploads\/2023\/02\/gabri.mp3<\/a><\/audio>\n<p>&nbsp;<\/p>\n<p>&nbsp;<\/p>\n<p>&nbsp;<\/p>\n<hr \/>\n<blockquote>\n<h3><\/h3>\n<h3>IL CARNEVALE DI SEDICO AUDIO<\/h3>\n<\/blockquote>\n\n\t\t\t<style type='text\/css'>\n\t\t\t\t#gallery-5 {\n\t\t\t\t\tmargin: auto;\n\t\t\t\t}\n\t\t\t\t#gallery-5 .gallery-item {\n\t\t\t\t\tfloat: left;\n\t\t\t\t\tmargin-top: 10px;\n\t\t\t\t\ttext-align: center;\n\t\t\t\t\twidth: 25%;\n\t\t\t\t}\n\t\t\t\t#gallery-5 img {\n\t\t\t\t\tborder: 2px solid #cfcfcf;\n\t\t\t\t}\n\t\t\t\t#gallery-5 .gallery-caption {\n\t\t\t\t\tmargin-left: 0;\n\t\t\t\t}\n\t\t\t\t\/* see gallery_shortcode() in wp-includes\/media.php *\/\n\t\t\t<\/style>\n\t\t<div id='gallery-5' class='dt-gallery-container gallery galleryid-321335 gallery-columns-4 gallery-size-thumbnail'><dl class='gallery-item'>\n\t\t\t\t<dt class='gallery-icon landscape'>\n\t\t\t\t\t<a class=\"rollover rollover-zoom dt-pswp-item\" title=\"lsc1-1024x1013\" data-dt-img-description=\"\" data-large_image_width=\"1024\" data-large_image_height=\"1013\"href='https:\/\/www.radiopiu.net\/wordpress\/wp-content\/uploads\/2023\/02\/lsc1-1024x1013-1.jpg'><img loading=\"lazy\" decoding=\"async\" width=\"150\" height=\"150\" src=\"https:\/\/www.radiopiu.net\/wordpress\/wp-content\/uploads\/2023\/02\/lsc1-1024x1013-1-150x150.jpg\" class=\"attachment-thumbnail size-thumbnail\" alt=\"\" srcset=\"https:\/\/www.radiopiu.net\/wordpress\/wp-content\/uploads\/2023\/02\/lsc1-1024x1013-1-150x150.jpg 150w, https:\/\/www.radiopiu.net\/wordpress\/wp-content\/uploads\/2023\/02\/lsc1-1024x1013-1-300x297.jpg 300w\" sizes=\"auto, (max-width: 150px) 100vw, 150px\" \/><\/a>\n\t\t\t\t<\/dt><\/dl><dl class='gallery-item'>\n\t\t\t\t<dt class='gallery-icon landscape'>\n\t\t\t\t\t<a class=\"rollover rollover-zoom dt-pswp-item\" title=\"321145035_23852495964190037_3565507165864669981_n\" data-dt-img-description=\"\" data-large_image_width=\"960\" data-large_image_height=\"960\"href='https:\/\/www.radiopiu.net\/wordpress\/wp-content\/uploads\/2023\/02\/321145035_23852495964190037_3565507165864669981_n.jpg'><img loading=\"lazy\" decoding=\"async\" width=\"150\" height=\"150\" src=\"https:\/\/www.radiopiu.net\/wordpress\/wp-content\/uploads\/2023\/02\/321145035_23852495964190037_3565507165864669981_n-150x150.jpg\" class=\"attachment-thumbnail size-thumbnail\" alt=\"\" srcset=\"https:\/\/www.radiopiu.net\/wordpress\/wp-content\/uploads\/2023\/02\/321145035_23852495964190037_3565507165864669981_n-150x150.jpg 150w, https:\/\/www.radiopiu.net\/wordpress\/wp-content\/uploads\/2023\/02\/321145035_23852495964190037_3565507165864669981_n-300x300.jpg 300w, https:\/\/www.radiopiu.net\/wordpress\/wp-content\/uploads\/2023\/02\/321145035_23852495964190037_3565507165864669981_n-768x768.jpg 768w, https:\/\/www.radiopiu.net\/wordpress\/wp-content\/uploads\/2023\/02\/321145035_23852495964190037_3565507165864669981_n.jpg 960w\" sizes=\"auto, (max-width: 150px) 100vw, 150px\" \/><\/a>\n\t\t\t\t<\/dt><\/dl><dl class='gallery-item'>\n\t\t\t\t<dt class='gallery-icon landscape'>\n\t\t\t\t\t<a class=\"rollover rollover-zoom dt-pswp-item\" title=\"316029020_23852495963820037_1614347729215627725_n\" data-dt-img-description=\"\" data-large_image_width=\"960\" data-large_image_height=\"960\"href='https:\/\/www.radiopiu.net\/wordpress\/wp-content\/uploads\/2023\/02\/316029020_23852495963820037_1614347729215627725_n.jpg'><img loading=\"lazy\" decoding=\"async\" width=\"150\" height=\"150\" src=\"https:\/\/www.radiopiu.net\/wordpress\/wp-content\/uploads\/2023\/02\/316029020_23852495963820037_1614347729215627725_n-150x150.jpg\" class=\"attachment-thumbnail size-thumbnail\" alt=\"\" srcset=\"https:\/\/www.radiopiu.net\/wordpress\/wp-content\/uploads\/2023\/02\/316029020_23852495963820037_1614347729215627725_n-150x150.jpg 150w, https:\/\/www.radiopiu.net\/wordpress\/wp-content\/uploads\/2023\/02\/316029020_23852495963820037_1614347729215627725_n-300x300.jpg 300w, https:\/\/www.radiopiu.net\/wordpress\/wp-content\/uploads\/2023\/02\/316029020_23852495963820037_1614347729215627725_n-768x768.jpg 768w, https:\/\/www.radiopiu.net\/wordpress\/wp-content\/uploads\/2023\/02\/316029020_23852495963820037_1614347729215627725_n.jpg 960w\" sizes=\"auto, (max-width: 150px) 100vw, 150px\" \/><\/a>\n\t\t\t\t<\/dt><\/dl><dl class='gallery-item'>\n\t\t\t\t<dt class='gallery-icon landscape'>\n\t\t\t\t\t<a class=\"rollover rollover-zoom dt-pswp-item\" title=\"326751864_23852495963540037_8046812644008803059_n\" data-dt-img-description=\"\" data-large_image_width=\"960\" data-large_image_height=\"960\"href='https:\/\/www.radiopiu.net\/wordpress\/wp-content\/uploads\/2023\/02\/326751864_23852495963540037_8046812644008803059_n.jpg'><img loading=\"lazy\" decoding=\"async\" width=\"150\" height=\"150\" src=\"https:\/\/www.radiopiu.net\/wordpress\/wp-content\/uploads\/2023\/02\/326751864_23852495963540037_8046812644008803059_n-150x150.jpg\" class=\"attachment-thumbnail size-thumbnail\" alt=\"\" srcset=\"https:\/\/www.radiopiu.net\/wordpress\/wp-content\/uploads\/2023\/02\/326751864_23852495963540037_8046812644008803059_n-150x150.jpg 150w, https:\/\/www.radiopiu.net\/wordpress\/wp-content\/uploads\/2023\/02\/326751864_23852495963540037_8046812644008803059_n-300x300.jpg 300w, https:\/\/www.radiopiu.net\/wordpress\/wp-content\/uploads\/2023\/02\/326751864_23852495963540037_8046812644008803059_n-768x768.jpg 768w, https:\/\/www.radiopiu.net\/wordpress\/wp-content\/uploads\/2023\/02\/326751864_23852495963540037_8046812644008803059_n.jpg 960w\" sizes=\"auto, (max-width: 150px) 100vw, 150px\" \/><\/a>\n\t\t\t\t<\/dt><\/dl><br style=\"clear: both\" \/>\n\t\t\t<\/div>\n\n<audio class=\"wp-audio-shortcode\" id=\"audio-321335-13\" preload=\"none\" style=\"width: 100%;\" controls=\"controls\"><source type=\"audio\/mpeg\" src=\"https:\/\/www.radiopiu.net\/wordpress\/wp-content\/uploads\/2023\/02\/CARNEVALE-DI-SEDICO-05-feb-30s-coda-DE-MIN.mp3?_=13\" \/><a href=\"https:\/\/www.radiopiu.net\/wordpress\/wp-content\/uploads\/2023\/02\/CARNEVALE-DI-SEDICO-05-feb-30s-coda-DE-MIN.mp3\">https:\/\/www.radiopiu.net\/wordpress\/wp-content\/uploads\/2023\/02\/CARNEVALE-DI-SEDICO-05-feb-30s-coda-DE-MIN.mp3<\/a><\/audio>\n<h3><\/h3>\n<h3><\/h3>\n<blockquote>\n<h3>IL CARNEVALE CASTIONESE AUDIO<\/h3>\n<\/blockquote>\n<p><a class=\"dt-pswp-item\" href=\"https:\/\/www.radiopiu.net\/wordpress\/wp-content\/uploads\/2023\/02\/Senza-nome-16.jpg\" data-dt-img-description=\"\" data-large_image_width=\"662\" data-large_image_height=\"307\"><img loading=\"lazy\" decoding=\"async\" class=\" wp-image-320744 alignleft\" src=\"https:\/\/www.radiopiu.net\/wordpress\/wp-content\/uploads\/2023\/02\/Senza-nome-16-300x139.jpg\" alt=\"\" width=\"270\" height=\"125\" srcset=\"https:\/\/www.radiopiu.net\/wordpress\/wp-content\/uploads\/2023\/02\/Senza-nome-16-300x139.jpg 300w, https:\/\/www.radiopiu.net\/wordpress\/wp-content\/uploads\/2023\/02\/Senza-nome-16.jpg 662w\" sizes=\"auto, (max-width: 270px) 100vw, 270px\" \/><\/a>MASCHERE&#8230;MASCHERINE&#8230;CORIANDOLI E STELLE FILANTI&#8230;IL CARNEVALE<br \/>\nCASTIONESE PORTA&#8230;LA GIOIA!<br \/>\nTRE APPPUNTAMENTI CON LA PROLOCO E ASSOCIAZIONI LOCALI, PATROCINIO DELLA<br \/>\nPROVINCIA<br \/>\nsabato 18 febbraio alle 20.45 al teatro San Gaetano &#8220;Carnevale a Teatro&#8221;<br \/>\ndomenica 19 febbraio alle 11.30 sfilano le mascherine, dalle 14 in pian<br \/>\ndelle feste i carri mascherati<br \/>\nLunedi 20 febbraio alle 20.30 nella palestra delle scuole medie il gran<br \/>\nfinale con la tombola di carnevale.<br \/>\ninfo 345 8238880<\/p>\n<audio class=\"wp-audio-shortcode\" id=\"audio-321335-14\" preload=\"none\" style=\"width: 100%;\" controls=\"controls\"><source type=\"audio\/mpeg\" src=\"https:\/\/www.radiopiu.net\/wordpress\/wp-content\/uploads\/2023\/02\/carnevale-castionese-c.mp3?_=14\" \/><a href=\"https:\/\/www.radiopiu.net\/wordpress\/wp-content\/uploads\/2023\/02\/carnevale-castionese-c.mp3\">https:\/\/www.radiopiu.net\/wordpress\/wp-content\/uploads\/2023\/02\/carnevale-castionese-c.mp3<\/a><\/audio>\n<p>&nbsp;<\/p>\n<p>&nbsp;<\/p>\n<hr \/>\n<p>&nbsp;<\/p>\n<blockquote>\n<h3>LA ZINGHENESTA A CANALE D&#8217;AGORDO<\/h3>\n<\/blockquote>\n<p><strong>CANALE D&#8217;AGORDO<\/strong> Domenica 19 febbraio torna La Zinghenesta a Canale D&#8217;Agordo, il carnevale della Valle del Biois. L&#8217;evento inizier\u00e0 con la consueta sfilata del corteo mascherato in partenza da Falcade per poi arrivare verso le 12.00 a Canale d&#8217;Agordo. Alle 15.00 inizio della sfilata per le vie del paese, arrivo in piazza e premiazione della maschera pi\u00f9 bella; Alle 16.30 processo al Carnevale. Sculture in legno, divertimento e dolci per grandi e piccini accompagneranno questa edizione<\/p>\n<p>&nbsp;<\/p>\n<p>&nbsp;<\/p>\n<hr \/>\n<p>&nbsp;<\/p>\n<blockquote>\n<h3><strong><a class=\"dt-pswp-item\" href=\"https:\/\/www.radiopiu.net\/wordpress\/wp-content\/uploads\/2023\/02\/Senza-nome-6.jpg\" data-dt-img-description=\"\" data-large_image_width=\"242\" data-large_image_height=\"189\"><img loading=\"lazy\" decoding=\"async\" class=\"wp-image-320153 alignleft\" src=\"https:\/\/www.radiopiu.net\/wordpress\/wp-content\/uploads\/2023\/02\/Senza-nome-6.jpg\" alt=\"\" width=\"168\" height=\"131\" \/><\/a><\/strong>CARNEVALE CON LA PROLOCO DI SAN TOMASO<\/h3>\n<\/blockquote>\n<p><strong>SAN TOMASO<\/strong> Carnevale con la proloco di San Tomaso, tre gli appuntamenti: domani festa di carnevale, passeggiata in maschera da Celat e Colzares\u00e8; 16 febbraio lettura animate in biblioteca a Celat alle 17 (in maschera), 19 febbraio I racconti di Paolo Soppelsa alle 17 in sala a Celat.<\/p>\n<p>&nbsp;<\/p>\n<p>&nbsp;<\/p>\n<hr \/>\n<p>&nbsp;<\/p>\n<blockquote>\n<h3>EL CARNEVAL DEI BOCE A TAIBON<\/h3>\n<\/blockquote>\n<p><strong>TAIBON<\/strong> Pro Loco e Comune di Taibon organizzano El Carneval Dei Boce domenica 19 febbraio. Ritrovo in piazza alle 14, sfilata alla casa di riposo e festa all&#8217;ex municipio dalle 16.<\/p>\n<p>&nbsp;<\/p>\n<p>&nbsp;<\/p>\n<hr \/>\n<p>&nbsp;<\/p>\n<blockquote>\n<h3>GITA DI CLASSE, 1963<\/h3>\n<\/blockquote>\n<p><strong>REDAZIONE<\/strong> I coscritti del 1963 il 1 aprile si ritroveranno in gita, al Castello di Spessa e San Daniele. Partenza in pullman da Agordo alle 8.30, rientro in serata. Prenotazione e saldo (130euro) entro il 5 marzo. Info 348 0326080 -Giornale e Caffe&#8217;, Taibon.<\/p>\n<p>&nbsp;<\/p>\n<p>&nbsp;<\/p>\n<hr \/>\n<p>&nbsp;<\/p>\n<blockquote>\n<h3>A TEATRO CON IL CIRCOLO CULTURALE BELLUNESE<\/h3>\n<\/blockquote>\n<p><strong>BELLUNO<\/strong> Recentemente celebrati dalle riviste <em>Amadeus<\/em> e <em>Suonare<\/em>, l&#8217;astro nascente del violoncello, il giovanissimo Ettore Pagano, e la pianista Monica Cattarossi suonano a Belluno martedi alle 20:30 al Teatro Giovanni XXIII, ospiti della 70a Stagione 2023, <em>Intrecci Musicali<\/em>, del Circolo Culturale Bellunese. Biglietti in vendita nella sede del concerto, mezz\u2019ora prima del suo inizio, o presso la biglietteria di Palazzo Fulcis, nei giorni e negli orari di apertura, fino a 45 minuti prima della chiusura del Museo<\/p>\n<p>&nbsp;<\/p>\n<hr \/>\n<p>&nbsp;<\/p>\n<div>\n<div class=\"b654a4as d2edcug0\">\n<div class=\"rq0escxv hkbzh7o3 jwdofwj8 n8tt0mok r8blr3vg hyh9befq\">\n<p><a class=\"dt-pswp-item\" href=\"https:\/\/www.radiopiu.net\/wordpress\/wp-content\/uploads\/2020\/10\/pp.jpg\" data-dt-img-description=\"\" data-large_image_width=\"640\" data-large_image_height=\"640\"><img loading=\"lazy\" decoding=\"async\" class=\"wp-image-163678 alignleft\" src=\"https:\/\/www.radiopiu.net\/wordpress\/wp-content\/uploads\/2020\/10\/pp-300x300.jpg\" alt=\"\" width=\"106\" height=\"106\" srcset=\"https:\/\/www.radiopiu.net\/wordpress\/wp-content\/uploads\/2020\/10\/pp-300x300.jpg 300w, https:\/\/www.radiopiu.net\/wordpress\/wp-content\/uploads\/2020\/10\/pp-150x150.jpg 150w, https:\/\/www.radiopiu.net\/wordpress\/wp-content\/uploads\/2020\/10\/pp-125x125.jpg 125w, https:\/\/www.radiopiu.net\/wordpress\/wp-content\/uploads\/2020\/10\/pp-200x200.jpg 200w, https:\/\/www.radiopiu.net\/wordpress\/wp-content\/uploads\/2020\/10\/pp-80x80.jpg 80w, https:\/\/www.radiopiu.net\/wordpress\/wp-content\/uploads\/2020\/10\/pp-480x480.jpg 480w, https:\/\/www.radiopiu.net\/wordpress\/wp-content\/uploads\/2020\/10\/pp.jpg 640w\" sizes=\"auto, (max-width: 106px) 100vw, 106px\" \/><\/a><\/p>\n<\/div>\n<\/div>\n<\/div>\n<div>\n<div class=\"page-title-head hgroup\">\n<div class=\"page-title-head hgroup\">\n<div class=\"b654a4as d2edcug0\">\n<div class=\"j83agx80 btwxx1t3 lhclo0ds hop8lmos nkwizq5d scwd0bx6 roh60bw9\">\n<div class=\"rq0escxv hkbzh7o3 jwdofwj8 n8tt0mok r8blr3vg hyh9befq\">\n<div class=\"do00u71z l9j0dhe7 k4urcfbm\" style=\"text-align: left;\">\n<h2><span style=\"color: #000080;\">DON CESARE, IL PENSIERO DEL GIORNO. ALLA RADIO ALLE 7 DEL MATTINO E ALLE 19.30 DELLA SERA\u00a0<\/span><\/h2>\n<\/div>\n<\/div>\n<\/div>\n<\/div>\n<\/div>\n<\/div>\n<\/div>\n<audio class=\"wp-audio-shortcode\" id=\"audio-321335-15\" preload=\"none\" style=\"width: 100%;\" controls=\"controls\"><source type=\"audio\/mpeg\" src=\"https:\/\/www.radiopiu.net\/wordpress\/wp-content\/uploads\/2023\/02\/CESARE-10.mp3?_=15\" \/><a href=\"https:\/\/www.radiopiu.net\/wordpress\/wp-content\/uploads\/2023\/02\/CESARE-10.mp3\">https:\/\/www.radiopiu.net\/wordpress\/wp-content\/uploads\/2023\/02\/CESARE-10.mp3<\/a><\/audio>\n<p>&nbsp;<\/p>\n<hr \/>\n<p>&nbsp;<\/p>\n<h2><span style=\"color: #ff00ff;\">IN VIVO VERSO\u00a0<\/span><\/h2>\n<blockquote>\n<h3>ANDREA MORO, LEGGE BATTIATO &#8220;E TI VENGO A CERCARE&#8221;<\/h3>\n<\/blockquote>\n<p>AUDIO<\/p>\n<audio class=\"wp-audio-shortcode\" id=\"audio-321335-16\" preload=\"none\" style=\"width: 100%;\" controls=\"controls\"><source type=\"audio\/mpeg\" src=\"https:\/\/www.radiopiu.net\/wordpress\/wp-content\/uploads\/2023\/02\/5-ANDREA-MORO-LEGGE-FRANCO-BATTIATO.mp3?_=16\" \/><a href=\"https:\/\/www.radiopiu.net\/wordpress\/wp-content\/uploads\/2023\/02\/5-ANDREA-MORO-LEGGE-FRANCO-BATTIATO.mp3\">https:\/\/www.radiopiu.net\/wordpress\/wp-content\/uploads\/2023\/02\/5-ANDREA-MORO-LEGGE-FRANCO-BATTIATO.mp3<\/a><\/audio>\n<p>&nbsp;<\/p>\n<p><img loading=\"lazy\" decoding=\"async\" class=\"alignleft\" src=\"https:\/\/www.radiopiu.net\/wordpress\/wp-content\/uploads\/2023\/02\/5-ANDREA-MORO-FOTO.jpg\" width=\"140\" height=\"187\" \/><strong>Andrea Moro legge :<\/strong><br \/>\n<strong>Franco Battiato<\/strong><\/p>\n<p><strong>E TI VENGO A CERCARE<\/strong><\/p>\n<p>E ti vengo a cercare<br \/>\nAnche solo per vederti o parlare<br \/>\nPerch\u00e9 ho bisogno della tua presenza<br \/>\nPer capire meglio la mia essenza<br \/>\nQuesto sentimento popolare<br \/>\nNasce da meccaniche divine<br \/>\nUn rapimento mistico e sensuale<br \/>\nMi imprigiona a te<br \/>\nDovrei cambiare l&#8217;oggetto dei miei desideri<br \/>\nNon accontentarmi di piccole gioie quotidiane<br \/>\nFare come un eremita<br \/>\nChe rinuncia a s\u00e9<br \/>\nE ti vengo a cercare<br \/>\nCon la scusa di doverti parlare<br \/>\nPerch\u00e9 mi piace ci\u00f2 che pensi e che dici<br \/>\nPerch\u00e9 in te vedo le mie radici<br \/>\nQuesto secolo oramai alla fine<br \/>\nSaturo di parassiti senza dignit\u00e0<br \/>\nMi spinge solo ad essere migliore<br \/>\nCon pi\u00f9 volont\u00e0<br \/>\nEmanciparmi dall&#8217;incubo delle passioni<br \/>\nCercare l&#8217;Uno al di sopra del Bene e del Male<br \/>\nEssere un&#8217;immagine divina<br \/>\nDi questa realt\u00e0<br \/>\nE ti vengo a cercare<br \/>\nPerch\u00e9 sto bene con te<br \/>\nPerch\u00e9 ho bisogno della tua presenza<\/p>\n<p>&nbsp;<\/p>\n<div dir=\"auto\">\n<div dir=\"auto\">\n<div dir=\"auto\">\n<p><strong>LA RACCOLTA COMPLETA<\/strong><\/p>\n<blockquote class=\"wp-embedded-content\" data-secret=\"8a4wst16BX\"><p><a href=\"https:\/\/www.radiopiu.net\/wordpress\/in-vivo-verso\/\">In Vivo Verso<\/a><\/p><\/blockquote>\n<p><iframe loading=\"lazy\" class=\"wp-embedded-content\" sandbox=\"allow-scripts\" security=\"restricted\" style=\"position: absolute; clip: rect(1px, 1px, 1px, 1px);\" title=\"&#8220;In Vivo Verso&#8221; &#8212; Radio Pi\u00f9\" src=\"https:\/\/www.radiopiu.net\/wordpress\/in-vivo-verso\/embed\/#?secret=qkSXUxGC7w#?secret=8a4wst16BX\" data-secret=\"8a4wst16BX\" width=\"600\" height=\"338\" frameborder=\"0\" marginwidth=\"0\" marginheight=\"0\" scrolling=\"no\"><\/iframe><\/p>\n<\/div>\n<\/div>\n<\/div>\n<hr \/>\n<p>&nbsp;<\/p>\n<h1><span style=\"color: #ff00ff;\">GOCCE DI FILOSOFIA<\/span><\/h1>\n<blockquote>\n<h3>GOCCE DI FILOSOFIA \u2013 PUNTATA 245 \u2013 LISA DE LUCA, TERZA STAGIONE<\/h3>\n<\/blockquote>\n<p>AUDIO<\/p>\n<audio class=\"wp-audio-shortcode\" id=\"audio-321335-17\" preload=\"none\" style=\"width: 100%;\" controls=\"controls\"><source type=\"audio\/mpeg\" src=\"https:\/\/www.radiopiu.net\/wordpress\/wp-content\/uploads\/2023\/02\/FI5.mp3?_=17\" \/><a href=\"https:\/\/www.radiopiu.net\/wordpress\/wp-content\/uploads\/2023\/02\/FI5.mp3\">https:\/\/www.radiopiu.net\/wordpress\/wp-content\/uploads\/2023\/02\/FI5.mp3<\/a><\/audio>\n<p>&nbsp;<\/p>\n<p>LA RACCOLTA COMPLETA<\/p>\n<blockquote class=\"wp-embedded-content\" data-secret=\"GQ74kKYtZM\"><p><a href=\"https:\/\/www.radiopiu.net\/wordpress\/gocce-filosofia\/\">Gocce di filosofia,  LA TERZA STAGIONE&#8230; 2023<\/a><\/p><\/blockquote>\n<p><iframe loading=\"lazy\" class=\"wp-embedded-content\" sandbox=\"allow-scripts\" security=\"restricted\" style=\"position: absolute; clip: rect(1px, 1px, 1px, 1px);\" title=\"&#8220;Gocce di filosofia,  LA TERZA STAGIONE&#8230; 2023&#8221; &#8212; Radio Pi\u00f9\" src=\"https:\/\/www.radiopiu.net\/wordpress\/gocce-filosofia\/embed\/#?secret=NeyX40sBR0#?secret=GQ74kKYtZM\" data-secret=\"GQ74kKYtZM\" width=\"600\" height=\"338\" frameborder=\"0\" marginwidth=\"0\" marginheight=\"0\" scrolling=\"no\"><\/iframe><\/p>\n<p>&nbsp;<\/p>\n<p>&nbsp;<\/p>\n<hr \/>\n<p>&nbsp;<\/p>\n<p>&nbsp;<\/p>\n<div class=\"column\">\n<p><img loading=\"lazy\" decoding=\"async\" class=\"aligncenter wp-image-61954 size-full\" src=\"https:\/\/www.radiopiu.net\/wordpress\/wp-content\/uploads\/2018\/09\/viabilita.jpeg\" sizes=\"auto, (max-width: 800px) 100vw, 800px\" srcset=\"https:\/\/www.radiopiu.net\/wordpress\/wp-content\/uploads\/2018\/09\/viabilita.jpeg 800w, https:\/\/www.radiopiu.net\/wordpress\/wp-content\/uploads\/2018\/09\/viabilita-300x38.jpeg 300w, https:\/\/www.radiopiu.net\/wordpress\/wp-content\/uploads\/2018\/09\/viabilita-768x96.jpeg 768w\" alt=\"\" width=\"800\" height=\"100\" \/><\/p>\n<p>&nbsp;<\/p>\n<p>&nbsp;<\/p>\n<p><strong>AGGIORNAMENTO VENETO STRADE, AGGIORNAMENTO CONTINUO H 24<\/strong><\/p>\n<p>&nbsp;<\/p>\n<div>\n<div dir=\"ltr\">\n<div class=\"gmail_quote\">\n<div dir=\"ltr\">\n<div class=\"gmail_quote\"><\/div>\n<\/div>\n<\/div>\n<\/div>\n<\/div>\n<p>&nbsp;<\/p>\n<hr \/>\n<p>&nbsp;<\/p>\n<p><a class=\"dt-pswp-item\" href=\"https:\/\/www.radiopiu.net\/wordpress\/wp-content\/uploads\/2018\/09\/WhatsApp-Image-2018-09-20-at-16.04.06.jpeg\" data-dt-img-description=\"\" data-large_image_width=\"800\" data-large_image_height=\"100\"><img loading=\"lazy\" decoding=\"async\" class=\"wp-image-61378 size-full aligncenter\" src=\"https:\/\/www.radiopiu.net\/wordpress\/wp-content\/uploads\/2018\/09\/WhatsApp-Image-2018-09-20-at-16.04.06.jpeg\" alt=\"\" width=\"800\" height=\"100\" srcset=\"https:\/\/www.radiopiu.net\/wordpress\/wp-content\/uploads\/2018\/09\/WhatsApp-Image-2018-09-20-at-16.04.06.jpeg 800w, https:\/\/www.radiopiu.net\/wordpress\/wp-content\/uploads\/2018\/09\/WhatsApp-Image-2018-09-20-at-16.04.06-300x38.jpeg 300w, https:\/\/www.radiopiu.net\/wordpress\/wp-content\/uploads\/2018\/09\/WhatsApp-Image-2018-09-20-at-16.04.06-768x96.jpeg 768w\" sizes=\"auto, (max-width: 800px) 100vw, 800px\" \/><\/a><\/p>\n<p>&nbsp;<\/p>\n<p><center><\/center><b>OGGI: <\/b>Cielo da poco nuvoloso a tratti velato per il transito di nubi alte e medio-alte di sottovento, anche estese specie al mattino e fino al primo pomeriggio. <b>Precipitazioni: <\/b>Assenti <b>Temperature: <\/b>In marcato aumento specie le massime, minime stazionarie o in lieve aumento a fondovalle con ancora forti gelate e condizioni di inversione termica notturna.<\/p>\n<hr \/>\n<p><center><\/center><b>DOMANI: <\/b>Tempo ben soleggiato con cielo perlopi\u00f9 sereno, salvo qualche nube fino al primo mattino, in rapido dissolvimento.<br \/>\n<b>Precipitazioni: <\/b>Assenti (0%) <b>Temperature: <\/b>Stazionarie o in lieve aumento le minime.<\/p>\n<p>&nbsp;<\/p>\n<hr \/>\n<p><center><\/center><strong>LUNEDI<\/strong> Tempo stabile con cielo sereno. Temperature in aumento con valori ben superiori alla media( zero termico a 3100 metri) e forte inversione termica nelle valli durante le ore pi\u00f9 fredde.<\/p>\n<hr \/>\n<p><center><b>Martedi 14<\/b><\/center><strong>MARTEDI<\/strong> Persistenza del tempo stabile e particolarmente mite. Cielo sereno ed ottima visibilit\u00e0.<\/p>\n<p>&nbsp;<\/p>\n<div>\n<hr \/>\n<\/div>\n<p>&nbsp;<\/p>\n<p>&nbsp;<\/p>\n<p><a class=\"dt-pswp-item\" href=\"https:\/\/www.radiopiu.net\/wordpress\/wp-content\/uploads\/2018\/09\/sport.jpg\" data-dt-img-description=\"\" data-large_image_width=\"800\" data-large_image_height=\"100\"><img loading=\"lazy\" decoding=\"async\" class=\"aligncenter wp-image-60761 size-full\" src=\"https:\/\/www.radiopiu.net\/wordpress\/wp-content\/uploads\/2018\/09\/sport.jpg\" alt=\"\" width=\"800\" height=\"100\" srcset=\"https:\/\/www.radiopiu.net\/wordpress\/wp-content\/uploads\/2018\/09\/sport.jpg 800w, https:\/\/www.radiopiu.net\/wordpress\/wp-content\/uploads\/2018\/09\/sport-300x38.jpg 300w, https:\/\/www.radiopiu.net\/wordpress\/wp-content\/uploads\/2018\/09\/sport-768x96.jpg 768w\" sizes=\"auto, (max-width: 800px) 100vw, 800px\" \/><\/a><\/p>\n<p>&nbsp;<\/p>\n<p><span style=\"color: #0000ff;\"><strong>CALCIO<\/strong><\/span><\/p>\n<blockquote>\n<h3>CONTINUANO I CAMPIONATI REGIONALI LND PER L&#8217;AGORDINA<\/h3>\n<\/blockquote>\n<p><strong><a class=\"dt-pswp-item\" href=\"https:\/\/www.radiopiu.net\/wordpress\/wp-content\/uploads\/2022\/10\/CALCIO-2022-e1665937841126.jpg\" data-dt-img-description=\"\" data-large_image_width=\"400\" data-large_image_height=\"250\"><img loading=\"lazy\" decoding=\"async\" class=\" wp-image-301842 alignleft\" src=\"https:\/\/www.radiopiu.net\/wordpress\/wp-content\/uploads\/2022\/10\/CALCIO-2022-e1665937841126-300x188.jpg\" alt=\"\" width=\"185\" height=\"116\" srcset=\"https:\/\/www.radiopiu.net\/wordpress\/wp-content\/uploads\/2022\/10\/CALCIO-2022-e1665937841126-300x188.jpg 300w, https:\/\/www.radiopiu.net\/wordpress\/wp-content\/uploads\/2022\/10\/CALCIO-2022-e1665937841126.jpg 400w\" sizes=\"auto, (max-width: 185px) 100vw, 185px\" \/><\/a>di Marco Gaz<\/strong><\/p>\n<p><strong>REDAZIONE<\/strong> Continuano i campionati regionali LND e l&#8217;Agordina Calcio scende in campo con le due squadre iscritte ai rispettivi tornei. In campo gli allievi di Renato Orzetti alla ricerca della prima vittoria stagionale. La squadra giovanile di Agordo\u00a0 \u00e8 in fono alla classifica del campionato regionale con un solo punto messo a segno dopo 17 partite giocate. Domani mattina alle 10:30 i giovani agordini scenderanno in terra trevigiana per affrontare il Calcio Istriana, una squadra che milita al settimo posto della graduatoria e sulla carta la partita non sar\u00e0 alla portata della compagine agordina. Domani pomeriggio sar\u00e0 il turno della prima squadra allenata da Marco Lorenzi. L&#8217;Agordina giocher\u00e0 in casa dopo pi\u00f9 di due mesi e lo far\u00e0 contro il Nogar\u00e8 alle 15. Il match in programma per la seconda categoria girone T del Veneto sembra interessante. Entrambe le formazioni sono alla ricerca di punti importanti per la matematica salvezza. Radio Pi\u00f9 seguir\u00e0 in diretta la partita all&#8217;interno di Domenica Pi\u00f9 Sport a partire dalle 15.<\/p>\n<p>&nbsp;<\/p>\n<p>&nbsp;<\/p>\n<hr \/>\n<p>&nbsp;<\/p>\n<p><span style=\"color: #0000ff;\"><strong>HOCKEY SU GHIACCIO<\/strong><\/span><\/p>\n<blockquote>\n<h3>TRASFERTA A BRESSANONE PER L&#8217;ALLEGHE HOCKEY<\/h3>\n<\/blockquote>\n<p><strong><a class=\"dt-pswp-item\" href=\"https:\/\/www.radiopiu.net\/wordpress\/wp-content\/uploads\/2023\/02\/d279586e-9d09-4c88-8498-129ed8a12e25.jpg\" data-dt-img-description=\"\" data-large_image_width=\"1024\" data-large_image_height=\"638\"><img loading=\"lazy\" decoding=\"async\" class=\" wp-image-321438 alignleft\" src=\"https:\/\/www.radiopiu.net\/wordpress\/wp-content\/uploads\/2023\/02\/d279586e-9d09-4c88-8498-129ed8a12e25-300x187.jpg\" alt=\"\" width=\"189\" height=\"118\" srcset=\"https:\/\/www.radiopiu.net\/wordpress\/wp-content\/uploads\/2023\/02\/d279586e-9d09-4c88-8498-129ed8a12e25-300x187.jpg 300w, https:\/\/www.radiopiu.net\/wordpress\/wp-content\/uploads\/2023\/02\/d279586e-9d09-4c88-8498-129ed8a12e25-768x479.jpg 768w, https:\/\/www.radiopiu.net\/wordpress\/wp-content\/uploads\/2023\/02\/d279586e-9d09-4c88-8498-129ed8a12e25.jpg 1024w\" sizes=\"auto, (max-width: 189px) 100vw, 189px\" \/><\/a>di Roberto Miana, portavoce dell&#8217;Alleghe Hockey<\/strong><\/p>\n<p>Settima giornata di Qualification Round del campionato di Italian Hockey League 2022\/2023. Sabato 11 febbraio alle 20:00 le Civette giocano in trasferta sul ghiaccio di Bressanone. Nell\u2019ultimo turno il Valdifiemme ha espugnato 6-1 il \u201cDe Toni\u201d di Alleghe, in una gara dove gli ospiti hanno fatto valere la loro superiorit\u00e0. Gli Agordini sono riusciti a mantenere in equilibrio il match per un tempo, prima di capitolare sotto i colpi degli avversari che gi\u00e0 nel secondo parziale hanno chiuso la contesa. L\u2019unica marcatura alleghese porta la firma del giovane talentuoso Alessandro Frescura, aggregato alle Civette dal far team del Cortina. Coach Alessandro Fontana, per la partita contro i Falchi, dovr\u00e0 fare a meno del difensore Nicola Soppelsa a causa della giornata di squalifica comminatagli dal giudice sportivo dopo le animate proteste nel finale di gara con il Valdifiemme. Il Bressanone \u00e8 capoclassifica del Qualification Round, nonostante l&#8217;imprevista e sorprendente sconfitta 1-6 subita nell&#8217;ultimo turno in terra piemontese contro il Valpellice. Brissinesi che cercheranno un pronto riscatto contro gli agordini che a loro volta dovranno prestare particolare attenzione, tra gli altri, all&#8217;italo-americano Daniel Eruzione, al canadese Bryson Cianfrone e al brunicense Michael Purdeller, vere e proprie spine nel fianco per le difese avversarie. Alleghe e Bressanone si affrontano nel campionato di serie B di hockey su ghiaccio (IHL) dalla stagione 2018\/2019. Negli undici precedenti si sono registrate 5 vittorie Alleghesi e 6 Brissinesi. Nell&#8217;ultima gara disputata in Alto Adige, il 3 dicembre scorso in Regular Season, si sono imposti i padroni di casa 3-1. Conteggiando le reti totali segnate in questa sfida l\u2019Alleghe ha messo a referto 30 marcature contro 26 del Bressanone.<\/p>\n<p><strong>BRESSANONE &#8211; ALLEGHE <\/strong>Sabato 11 febbraio, ore 20:00, Stadio del ghiaccio di Bressanone (Bz). Arbitri: Massimo De Col e Federico Rivis con giudici di linea Luca Grisenti e Martin Mair. Collegamenti in DIRETTA RADIOFONICA su Radio Pi\u00f9 (www.radiopiu.net) con \u201cHockey al punto giusto\u201d, in studio Marco Gaz e da Bressanone interventi di Federico Paganin<\/p>\n<p>&nbsp;<\/p>\n<blockquote>\n<h3><a class=\"dt-pswp-item\" href=\"https:\/\/www.radiopiu.net\/wordpress\/wp-content\/uploads\/2023\/02\/385596a9-2b71-c789-d071-d46c5b991ce3-scaled.jpg\" data-dt-img-description=\"\" data-large_image_width=\"2560\" data-large_image_height=\"1707\"><img loading=\"lazy\" decoding=\"async\" class=\" wp-image-321500 alignleft\" src=\"https:\/\/www.radiopiu.net\/wordpress\/wp-content\/uploads\/2023\/02\/385596a9-2b71-c789-d071-d46c5b991ce3-300x200.jpg\" alt=\"\" width=\"188\" height=\"125\" srcset=\"https:\/\/www.radiopiu.net\/wordpress\/wp-content\/uploads\/2023\/02\/385596a9-2b71-c789-d071-d46c5b991ce3-300x200.jpg 300w, https:\/\/www.radiopiu.net\/wordpress\/wp-content\/uploads\/2023\/02\/385596a9-2b71-c789-d071-d46c5b991ce3-1024x683.jpg 1024w, https:\/\/www.radiopiu.net\/wordpress\/wp-content\/uploads\/2023\/02\/385596a9-2b71-c789-d071-d46c5b991ce3-768x512.jpg 768w, https:\/\/www.radiopiu.net\/wordpress\/wp-content\/uploads\/2023\/02\/385596a9-2b71-c789-d071-d46c5b991ce3-1536x1024.jpg 1536w, https:\/\/www.radiopiu.net\/wordpress\/wp-content\/uploads\/2023\/02\/385596a9-2b71-c789-d071-d46c5b991ce3-2048x1365.jpg 2048w\" sizes=\"auto, (max-width: 188px) 100vw, 188px\" \/><\/a>L&#8217;ITALIA RIFILA 3 GOL ALL&#8217;UNGHERIA NEL SECONDO MATCH DEL MEMORIAL MICHELE BOLOGNINI<\/h3>\n<\/blockquote>\n<p><strong>BOLZANO <\/strong>Vittoria e porta inviolata per la Nazionale italiana di hockey, che alla Sparkasse Arena di Bolzano piega per 3 a 0 l&#8217;Ungheria nella seconda giornata del Torneo 4 Nazioni &#8220;Michele Bolognini&#8221;. Decisiva la doppietta di Peter Spornberger, in grande serata, e lo shutout di Gianluca Vallini, capace di fermare tutti i 39 tiri degli avversari. Nel complesso, un netto passo avanti rispetto al match d&#8217;esordio contro la Slovenia. Gli Azzurri oggi dovranno cos\u00ec sperare in una vittoria dell&#8217;Ungheria contro la Slovenia (ore 13:00) e poi vincere contro la Corea del Sud (ore 17:00) per vincere il trofeo. (Foto: Valentina Gallina)<\/p>\n<p>&nbsp;<\/p>\n<p>&nbsp;<\/p>\n<hr \/>\n<p>&nbsp;<\/p>\n<p><span style=\"color: #0000ff;\"><strong>PALLAVOLO<\/strong><\/span><\/p>\n<blockquote>\n<h3>BELLUNESI A DOLO &#8220;DAREMO TUTTO, CI CREDIAMO&#8221;<\/h3>\n<\/blockquote>\n<\/div>\n<p><a class=\"dt-pswp-item\" href=\"https:\/\/www.radiopiu.net\/wordpress\/wp-content\/uploads\/2023\/02\/Dana_DIsep.jpg\" data-dt-img-description=\"\" data-large_image_width=\"899\" data-large_image_height=\"1599\"><img loading=\"lazy\" decoding=\"async\" class=\"wp-image-321399 alignleft\" src=\"https:\/\/www.radiopiu.net\/wordpress\/wp-content\/uploads\/2023\/02\/Dana_DIsep-169x300.jpg\" alt=\"\" width=\"95\" height=\"169\" srcset=\"https:\/\/www.radiopiu.net\/wordpress\/wp-content\/uploads\/2023\/02\/Dana_DIsep-169x300.jpg 169w, https:\/\/www.radiopiu.net\/wordpress\/wp-content\/uploads\/2023\/02\/Dana_DIsep-576x1024.jpg 576w, https:\/\/www.radiopiu.net\/wordpress\/wp-content\/uploads\/2023\/02\/Dana_DIsep-768x1366.jpg 768w, https:\/\/www.radiopiu.net\/wordpress\/wp-content\/uploads\/2023\/02\/Dana_DIsep-864x1536.jpg 864w, https:\/\/www.radiopiu.net\/wordpress\/wp-content\/uploads\/2023\/02\/Dana_DIsep.jpg 899w\" sizes=\"auto, (max-width: 95px) 100vw, 95px\" \/><\/a>L\u2019ultima trasferta nel campionato femminile di serie C risaliva a pi\u00f9 di due mesi fa: nello specifico, al 3 dicembre scorso, quando le lupe si sono esibite a Silea. Oggi il gruppo guidato da coach Nesello sar\u00e0 di scena a Dolo, dove affronter\u00e0 la seconda forza del girone (prima battuta alle ore 20.30).<span class=\"gmail-Apple-converted-space\">\u00a0<\/span><b><\/b> Le veneziane hanno vinto otto delle dieci partite finora disputate e si trovano a -4 dalla vetta, con una gara in meno. La palleggiatrice Dana D\u2019Isep (foto): <em>\u00abContro il Dolo dobbiamo mettere in campo tutto ci\u00f2 che abbiamo. Dando il massimo, potremo portare a casa un buon risultato. Ma \u00e8 necessario credere in noi stesse, evitando di rimuginare qualora incappassimo in qualche errore. La soglia di concentrazione non andr\u00e0 mai abbassata. In ogni caso, la guida e i suggerimenti costanti del nostro coach saranno fondamentali\u00bb. <\/em><b>CLASSIFICA CORTA &#8211; <\/b>La pallavolo Belluno occupa il penultimo posto in graduatoria, ma ci sono quattro squadre racchiuse in una manciata di punti. E ogni scenario \u00e8 apertissimo: <em>\u00abLa classifica va sistemata &#8211; riprende D\u2019Isep &#8211; per\u00f2 siamo sulla strada giusta. Con il duro lavoro, allenamento dopo allenamento, i miglioramenti si vedono\u00bb. Dentro e fuori dal parquet: \u00abQui ho trovato una squadra affiatata. Siamo pronte ad aiutarci una con l\u2019altra: unite in campo, nello spogliatoio e anche in ambito extra pallavolistico\u00bb.<span class=\"gmail-Apple-converted-space\">\u00a0<\/span><\/em><\/p>\n<div class=\"column\">\n<p>&nbsp;<\/p>\n<blockquote>\n<h3><a class=\"dt-pswp-item\" href=\"https:\/\/www.radiopiu.net\/wordpress\/wp-content\/uploads\/2023\/02\/Un_frammento_del_match_di_andata_a_Pineto.jpg\" data-dt-img-description=\"\" data-large_image_width=\"2421\" data-large_image_height=\"1603\"><img loading=\"lazy\" decoding=\"async\" class=\"size-medium wp-image-321404 alignleft\" src=\"https:\/\/www.radiopiu.net\/wordpress\/wp-content\/uploads\/2023\/02\/Un_frammento_del_match_di_andata_a_Pineto-300x199.jpg\" alt=\"\" width=\"300\" height=\"199\" srcset=\"https:\/\/www.radiopiu.net\/wordpress\/wp-content\/uploads\/2023\/02\/Un_frammento_del_match_di_andata_a_Pineto-300x199.jpg 300w, https:\/\/www.radiopiu.net\/wordpress\/wp-content\/uploads\/2023\/02\/Un_frammento_del_match_di_andata_a_Pineto-1024x678.jpg 1024w, https:\/\/www.radiopiu.net\/wordpress\/wp-content\/uploads\/2023\/02\/Un_frammento_del_match_di_andata_a_Pineto-768x509.jpg 768w, https:\/\/www.radiopiu.net\/wordpress\/wp-content\/uploads\/2023\/02\/Un_frammento_del_match_di_andata_a_Pineto-1536x1017.jpg 1536w, https:\/\/www.radiopiu.net\/wordpress\/wp-content\/uploads\/2023\/02\/Un_frammento_del_match_di_andata_a_Pineto-2048x1356.jpg 2048w\" sizes=\"auto, (max-width: 300px) 100vw, 300px\" \/><\/a>ANCHE I MASCHI IN CAMPO CON IL PINETO<\/h3>\n<\/blockquote>\n<p>Seconda sfida casalinga consecutiva per la Pallavolo\u00a0Belluno, chiamata ad affrontare una delle squadre pi\u00f9 quotate e attrezzate del girone bianco di Serie A3: l\u2019Abba Pineto. L\u2019appuntamento \u00e8 per domani, alla Spes Arena: rispetto alla sfida con la Geetit Bologna, torna il canonico orario delle 18.<span class=\"gmail-Apple-converted-space\">\u00a0<\/span>Gli abruzzesi occupano il secondo posto in graduatoria: sono a -3 dalla vetta, di propriet\u00e0 della Vigilar Fano, e hanno messo la loro impronta su 15 delle 19 partite finora disputate. I quattro passivi, invece, sono maturati lontano da casa: in questo senso, la compagine guidata da coach Giacomo Tomasello \u00e8 uscita sconfitta da due delle ultime tre trasferte, a San Don\u00e0 e Macerata.<\/p>\n<p>&nbsp;<\/p>\n<p>&nbsp;<\/p>\n<hr \/>\n<p>&nbsp;<\/p>\n<p><span style=\"color: #0000ff;\"><strong>ATLETICA<\/strong><\/span><\/p>\n<blockquote>\n<h3><strong><a class=\"dt-pswp-item\" href=\"https:\/\/www.radiopiu.net\/wordpress\/wp-content\/uploads\/2023\/02\/Zambon_Giorgia_Ad-Ancona-22.jpg\" data-dt-img-description=\"\" data-large_image_width=\"1152\" data-large_image_height=\"1793\"><img loading=\"lazy\" decoding=\"async\" class=\" wp-image-321420 alignleft\" src=\"https:\/\/www.radiopiu.net\/wordpress\/wp-content\/uploads\/2023\/02\/Zambon_Giorgia_Ad-Ancona-22-193x300.jpg\" alt=\"\" width=\"131\" height=\"204\" srcset=\"https:\/\/www.radiopiu.net\/wordpress\/wp-content\/uploads\/2023\/02\/Zambon_Giorgia_Ad-Ancona-22-193x300.jpg 193w, https:\/\/www.radiopiu.net\/wordpress\/wp-content\/uploads\/2023\/02\/Zambon_Giorgia_Ad-Ancona-22-658x1024.jpg 658w, https:\/\/www.radiopiu.net\/wordpress\/wp-content\/uploads\/2023\/02\/Zambon_Giorgia_Ad-Ancona-22-768x1195.jpg 768w, https:\/\/www.radiopiu.net\/wordpress\/wp-content\/uploads\/2023\/02\/Zambon_Giorgia_Ad-Ancona-22-987x1536.jpg 987w, https:\/\/www.radiopiu.net\/wordpress\/wp-content\/uploads\/2023\/02\/Zambon_Giorgia_Ad-Ancona-22.jpg 1152w\" sizes=\"auto, (max-width: 131px) 100vw, 131px\" \/><\/a><\/strong><\/h3>\n<h3><strong>GS LA PIAVE 2000, IN SEI AI TRICOLORI UNDER 18 INDOOR\u00a0 \u00a0 \u00a0<\/strong><\/h3>\n<h3><strong>\u00a0<\/strong><\/h3>\n<\/blockquote>\n<p>Un altro impegno tricolore per il Gs La Piave 2000. Ad una settimana dalla partecipazione ai Campionati Italiani Juniores e Promesse Indoor, la societ\u00e0 bellunese \u00e8 pronta ad affrontare una nuova trasferta ad Ancona. Oggi e domani , il Palaindoor della citt\u00e0 marchigiana ospita infatti la rassegna nazionale allievi (under 18), secondo grande appuntamento della stagione dell\u2019atletica in sala.\u00a0 Il Gs La Piave parteciper\u00e0 alla rassegna con ben sei atlete. La punta di diamante del gruppo \u00e8 Giorgia Zambon (foto). Oltre che nei 60 ostacoli, sar\u00e0 impegnata nella staffetta 4&#215;1 giro, dove il quartetto del Gs La Piave 2000 (1\u201948\u201d60 il 29 gennaio a Padova) sar\u00e0 completato da Martina Burigo, Nora Cavacece e Caterina Pison. Rofiat Oluwatoy Adetoro cercher\u00e0 di confermare i recenti miglioramenti nel salto in lungo, \u00a0Chiara Da Pra sar\u00e0 impegnata nell\u2019alto.\u00a0 Gare sprint, infine, per la gi\u00e0 citate staffettiste Martina Burigo,\u00a0 e Caterina Pison, al via pure nei 60 piani<\/p>\n<p>&nbsp;<\/p>\n<hr \/>\n<p>&nbsp;<\/p>\n<p><span style=\"color: #0000ff;\"><strong>KARATE<\/strong><\/span><\/p>\n<blockquote>\n<h3>SARA GIAZZON A PODIO NEL GRAND PRIX EMILIA DI KARATE<\/h3>\n<\/blockquote>\n<p><strong><a class=\"dt-pswp-item\" href=\"https:\/\/www.radiopiu.net\/wordpress\/wp-content\/uploads\/2023\/02\/eb4b5d10-6956-4b23-b4f7-73c315a93d38.jpg\" data-dt-img-description=\"\" data-large_image_width=\"1024\" data-large_image_height=\"768\"><img loading=\"lazy\" decoding=\"async\" class=\" wp-image-321494 alignleft\" src=\"https:\/\/www.radiopiu.net\/wordpress\/wp-content\/uploads\/2023\/02\/eb4b5d10-6956-4b23-b4f7-73c315a93d38-300x225.jpg\" alt=\"\" width=\"159\" height=\"119\" srcset=\"https:\/\/www.radiopiu.net\/wordpress\/wp-content\/uploads\/2023\/02\/eb4b5d10-6956-4b23-b4f7-73c315a93d38-300x225.jpg 300w, https:\/\/www.radiopiu.net\/wordpress\/wp-content\/uploads\/2023\/02\/eb4b5d10-6956-4b23-b4f7-73c315a93d38-768x576.jpg 768w, https:\/\/www.radiopiu.net\/wordpress\/wp-content\/uploads\/2023\/02\/eb4b5d10-6956-4b23-b4f7-73c315a93d38.jpg 1024w\" sizes=\"auto, (max-width: 159px) 100vw, 159px\" \/><\/a>CERVIA<\/strong> A Cervia si \u00e8 svolto il Grand Prix d&#8217;Emilia F.i.k. Federazione Italiana Karate, e hanno partecipato Giulia de Gruttola per la categoria seniores nella specialit\u00e0 Kata (forma), Sara Giazzon nella categoria juniores nel kumite conquistando il podio e Andrea Fiabane che purtroppo, per i postumi dovuti ad un infortunio subito nella prima tappa del campionato regionale Veneto F.i.k. , si \u00e8 dovuto ritirare. Massimiliano Polato, l&#8217;insegnante, \u00e8 comunque sempre soddisfatto sia degli ottimi risultati che delle performance degli atleti che si mettono in discussione. Prossimo impegno a al Palazzetto dello sport di Sedico il 19 febbraio per la seconda tappa del Campionato regionale Veneto.<\/p>\n<p>&nbsp;<\/p>\n<\/div>\n","protected":false},"excerpt":{"rendered":"<p>RADIO PIU INFORMAZIONE il canale su TELEGRAM informazione di prima\u00a0 mano e in tempo reale. iscriviti ed aiutaci a farlo conoscere\u00a0 \u00a0\u00a0 ISCRIVITI AL NOSTRO CANALE YOUTUBE PER SEGUIRE IN DIRETTA I PRINCIPALI PROGRAMMI DI RADIO PIU&#8217; E LE FUTURE DIRETTE IN ESTERNA. PER ISCRIVERTI CLICCA QUI E PREMI IL TASTO &#8220;Iscriviti&#8221;\u00a0 &nbsp; &nbsp; &nbsp;&hellip;<\/p>\n","protected":false},"author":4,"featured_media":321430,"comment_status":"closed","ping_status":"closed","sticky":false,"template":"","format":"standard","meta":{"_monsterinsights_skip_tracking":false,"_monsterinsights_sitenote_active":false,"_monsterinsights_sitenote_note":"","_monsterinsights_sitenote_category":0,"footnotes":""},"categories":[51,86,49],"tags":[],"class_list":["post-321335","post","type-post","status-publish","format-standard","has-post-thumbnail","hentry","category-evidenza-top","category-gr","category-news-18","category-51","category-86","category-49","description-off"],"img_url":"https:\/\/www.radiopiu.net\/wordpress\/wp-content\/uploads\/2023\/02\/IMG_20221212_152608.jpg","_links":{"self":[{"href":"https:\/\/www.radiopiu.net\/wordpress\/wp-json\/wp\/v2\/posts\/321335","targetHints":{"allow":["GET"]}}],"collection":[{"href":"https:\/\/www.radiopiu.net\/wordpress\/wp-json\/wp\/v2\/posts"}],"about":[{"href":"https:\/\/www.radiopiu.net\/wordpress\/wp-json\/wp\/v2\/types\/post"}],"author":[{"embeddable":true,"href":"https:\/\/www.radiopiu.net\/wordpress\/wp-json\/wp\/v2\/users\/4"}],"replies":[{"embeddable":true,"href":"https:\/\/www.radiopiu.net\/wordpress\/wp-json\/wp\/v2\/comments?post=321335"}],"version-history":[{"count":0,"href":"https:\/\/www.radiopiu.net\/wordpress\/wp-json\/wp\/v2\/posts\/321335\/revisions"}],"wp:featuredmedia":[{"embeddable":true,"href":"https:\/\/www.radiopiu.net\/wordpress\/wp-json\/wp\/v2\/media\/321430"}],"wp:attachment":[{"href":"https:\/\/www.radiopiu.net\/wordpress\/wp-json\/wp\/v2\/media?parent=321335"}],"wp:term":[{"taxonomy":"category","embeddable":true,"href":"https:\/\/www.radiopiu.net\/wordpress\/wp-json\/wp\/v2\/categories?post=321335"},{"taxonomy":"post_tag","embeddable":true,"href":"https:\/\/www.radiopiu.net\/wordpress\/wp-json\/wp\/v2\/tags?post=321335"}],"curies":[{"name":"wp","href":"https:\/\/api.w.org\/{rel}","templated":true}]}}