{"id":321346,"date":"2023-02-10T05:16:57","date_gmt":"2023-02-10T04:16:57","guid":{"rendered":"https:\/\/www.radiopiu.net\/wordpress\/?p=321346"},"modified":"2023-02-10T05:16:57","modified_gmt":"2023-02-10T04:16:57","slug":"violenze-domestiche-fugge-dalla-guerra-e-fa-arrestare-il-marito","status":"publish","type":"post","link":"https:\/\/www.radiopiu.net\/wordpress\/violenze-domestiche-fugge-dalla-guerra-e-fa-arrestare-il-marito\/","title":{"rendered":"VIOLENZE DOMESTICHE, FUGGE DALLA GUERRA E FA ARRESTARE IL MARITO"},"content":{"rendered":"<p><strong>OGGI SUL CORRIERE DELLE ALPI<\/strong><\/p>\n<p><strong>DI GIGI SOSSO<\/strong><\/p>\n<p>&nbsp;<\/p>\n<p><img loading=\"lazy\" decoding=\"async\" class=\"alignleft\" src=\"https:\/\/www.radiopiu.net\/wordpress\/wp-content\/uploads\/2023\/02\/Senza-nome-24.jpg\" width=\"258\" height=\"170\" \/>BELLUNO Dall&#8217;inferno del Kosovo all&#8217;inferno di casa. Una donna che aveva vissuto l&#8217;orrore della guerra in patria alla fine degli anni Novanta, pensava di poter cominciare una vita diversa in quella d&#8217;adozione. Ma dopo essere arrivata a Belluno con il marito, si \u00e8 vista costretta a denunciarlo per lesioni, minacce e violenza sessuale. Tutti reati in forma aggravata. L&#8217;uomo \u00e8 stato arrestato ed \u00e8 ancora detenuto nel carcere di Baldenich proprio per questa causa. \u00c8 arrivato in tribunale scortato dagli agenti della Polizia penitenziaria, dopo aver chiesto di essere tradotto per questa e anche le prossime udienze. Dopo il rinvio a giudizio, \u00e8 stato aperto il dibattimento e la prima udienza con audizione dei testimoni del pubblico ministero Roberta Gallego \u00e8 stata fissata per il prossimo 7 giugno.\u00a0L&#8217;imputato \u00e8 difeso dagli avvocati Mario Mazzoccoli ed Esmeralda Di Risio, mentre lei si \u00e8 costituita parte civile con Valentina Stefani e chieder\u00e0 un risarcimento danni<\/p>\n<p>&nbsp;<\/p>\n<p>&nbsp;<\/p>\n<p>&nbsp;<\/p>\n<hr \/>\n<p>&nbsp;<\/p>\n","protected":false},"excerpt":{"rendered":"<p>OGGI SUL CORRIERE DELLE ALPI DI GIGI SOSSO &nbsp; BELLUNO Dall&#8217;inferno del Kosovo all&#8217;inferno di casa. Una donna che aveva vissuto l&#8217;orrore della guerra in patria alla fine degli anni Novanta, pensava di poter cominciare una vita diversa in quella d&#8217;adozione. Ma dopo essere arrivata a Belluno con il marito, si \u00e8 vista costretta a&hellip;<\/p>\n","protected":false},"author":4,"featured_media":321347,"comment_status":"closed","ping_status":"closed","sticky":false,"template":"","format":"standard","meta":{"_monsterinsights_skip_tracking":false,"_monsterinsights_sitenote_active":false,"_monsterinsights_sitenote_note":"","_monsterinsights_sitenote_category":0,"footnotes":""},"categories":[51,49],"tags":[],"class_list":["post-321346","post","type-post","status-publish","format-standard","has-post-thumbnail","hentry","category-evidenza-top","category-news-18","category-51","category-49","description-off"],"img_url":"https:\/\/www.radiopiu.net\/wordpress\/wp-content\/uploads\/2023\/02\/Senza-nome-24.jpg","_links":{"self":[{"href":"https:\/\/www.radiopiu.net\/wordpress\/wp-json\/wp\/v2\/posts\/321346","targetHints":{"allow":["GET"]}}],"collection":[{"href":"https:\/\/www.radiopiu.net\/wordpress\/wp-json\/wp\/v2\/posts"}],"about":[{"href":"https:\/\/www.radiopiu.net\/wordpress\/wp-json\/wp\/v2\/types\/post"}],"author":[{"embeddable":true,"href":"https:\/\/www.radiopiu.net\/wordpress\/wp-json\/wp\/v2\/users\/4"}],"replies":[{"embeddable":true,"href":"https:\/\/www.radiopiu.net\/wordpress\/wp-json\/wp\/v2\/comments?post=321346"}],"version-history":[{"count":0,"href":"https:\/\/www.radiopiu.net\/wordpress\/wp-json\/wp\/v2\/posts\/321346\/revisions"}],"wp:featuredmedia":[{"embeddable":true,"href":"https:\/\/www.radiopiu.net\/wordpress\/wp-json\/wp\/v2\/media\/321347"}],"wp:attachment":[{"href":"https:\/\/www.radiopiu.net\/wordpress\/wp-json\/wp\/v2\/media?parent=321346"}],"wp:term":[{"taxonomy":"category","embeddable":true,"href":"https:\/\/www.radiopiu.net\/wordpress\/wp-json\/wp\/v2\/categories?post=321346"},{"taxonomy":"post_tag","embeddable":true,"href":"https:\/\/www.radiopiu.net\/wordpress\/wp-json\/wp\/v2\/tags?post=321346"}],"curies":[{"name":"wp","href":"https:\/\/api.w.org\/{rel}","templated":true}]}}