{"id":321354,"date":"2023-02-10T05:28:51","date_gmt":"2023-02-10T04:28:51","guid":{"rendered":"https:\/\/www.radiopiu.net\/wordpress\/?p=321354"},"modified":"2023-02-10T05:28:51","modified_gmt":"2023-02-10T04:28:51","slug":"libera-nelle-scuole-il-pm-roberta-gallego-spiega-la-legalita","status":"publish","type":"post","link":"https:\/\/www.radiopiu.net\/wordpress\/libera-nelle-scuole-il-pm-roberta-gallego-spiega-la-legalita\/","title":{"rendered":"LIBERA NELLE SCUOLE, IL PM ROBERTA GALLEGO SPIEGA LA LEGALITA&#8217;"},"content":{"rendered":"<blockquote>\n<h3><\/h3>\n<\/blockquote>\n<p><strong><a class=\"dt-pswp-item\" href=\"https:\/\/www.radiopiu.net\/wordpress\/wp-content\/uploads\/2023\/02\/th-8.jpg\" data-dt-img-description=\"\" data-large_image_width=\"474\" data-large_image_height=\"355\"><img loading=\"lazy\" decoding=\"async\" class=\" wp-image-321353 alignleft\" src=\"https:\/\/www.radiopiu.net\/wordpress\/wp-content\/uploads\/2023\/02\/th-8-300x225.jpg\" alt=\"\" width=\"263\" height=\"197\" srcset=\"https:\/\/www.radiopiu.net\/wordpress\/wp-content\/uploads\/2023\/02\/th-8-300x225.jpg 300w, https:\/\/www.radiopiu.net\/wordpress\/wp-content\/uploads\/2023\/02\/th-8.jpg 474w\" sizes=\"auto, (max-width: 263px) 100vw, 263px\" \/><\/a>BORGO VALBELLUNA<\/strong> Tecnologie, legalit\u00e0 e responsabilit\u00e0 educative: il ruolo della scuola e delle famiglie: ne parler\u00e0 la vice procuratore della Repubblica di Belluno Roberta Gallego,\u00a0 questa sera alle 20 alla palestra di Lentiai. \u00abQuali sono le tecnologie, la legalit\u00e0 e le responsabilit\u00e0 educative nel territorio e qual \u00e8 il ruolo della scuola e della famiglia? Sono temi che coinvolgono veramente tutte le realt\u00e0 che hanno a cuore il benessere e il futuro delle nuove generazioni\u00bb.<\/p>\n<p><strong>Roberta Gallego,<\/strong> vice Procuratore della Repubblica presso il Tribunale di Belluno e scrittrice. <em>\u00abLa proposta nasce all&#8217;interno del gruppo pedagogico dell&#8217;Istituto &#8211; si legge nella nota -, anche per dare maggior valore alla promulgazione del regolamento sull&#8217;uso dei cellulari, argomento particolarmente scottante che riguarda non solo i ragazzi, ma anche gli adulti. Fondamentale \u00e8 perci\u00f2 il coinvolgimento dei genitori nei confronti di temi importanti come la legalit\u00e0, dove solo l&#8217;alleanza scuola-famiglia-territorio e altre agenzie educative potr\u00e0 essere vincente. L&#8217;incontro per\u00f2 non \u00e8 esclusivamente rivolto ai genitori, ma anche a tutti i cittadini come occasione per fare squadra a favore delle giovani generazioni\u00bb.<\/em> Durante la serata, avverr\u00e0 anche la consegna ufficiale della bandiera di Libera ad una rappresentanza dei due plessi di scuola secondaria di I grado di Mel e di Lentiai.<\/p>\n<p>&nbsp;<\/p>\n<hr \/>\n<p>&nbsp;<\/p>\n","protected":false},"excerpt":{"rendered":"<p>BORGO VALBELLUNA Tecnologie, legalit\u00e0 e responsabilit\u00e0 educative: il ruolo della scuola e delle famiglie: ne parler\u00e0 la vice procuratore della Repubblica di Belluno Roberta Gallego,\u00a0 questa sera alle 20 alla palestra di Lentiai. \u00abQuali sono le tecnologie, la legalit\u00e0 e le responsabilit\u00e0 educative nel territorio e qual \u00e8 il ruolo della scuola e della famiglia?&hellip;<\/p>\n","protected":false},"author":4,"featured_media":321353,"comment_status":"closed","ping_status":"closed","sticky":false,"template":"","format":"standard","meta":{"_monsterinsights_skip_tracking":false,"_monsterinsights_sitenote_active":false,"_monsterinsights_sitenote_note":"","_monsterinsights_sitenote_category":0,"footnotes":""},"categories":[104,49],"tags":[],"class_list":["post-321354","post","type-post","status-publish","format-standard","has-post-thumbnail","hentry","category-evidenza_3","category-news-18","category-104","category-49","description-off"],"img_url":"https:\/\/www.radiopiu.net\/wordpress\/wp-content\/uploads\/2023\/02\/th-8.jpg","_links":{"self":[{"href":"https:\/\/www.radiopiu.net\/wordpress\/wp-json\/wp\/v2\/posts\/321354","targetHints":{"allow":["GET"]}}],"collection":[{"href":"https:\/\/www.radiopiu.net\/wordpress\/wp-json\/wp\/v2\/posts"}],"about":[{"href":"https:\/\/www.radiopiu.net\/wordpress\/wp-json\/wp\/v2\/types\/post"}],"author":[{"embeddable":true,"href":"https:\/\/www.radiopiu.net\/wordpress\/wp-json\/wp\/v2\/users\/4"}],"replies":[{"embeddable":true,"href":"https:\/\/www.radiopiu.net\/wordpress\/wp-json\/wp\/v2\/comments?post=321354"}],"version-history":[{"count":0,"href":"https:\/\/www.radiopiu.net\/wordpress\/wp-json\/wp\/v2\/posts\/321354\/revisions"}],"wp:featuredmedia":[{"embeddable":true,"href":"https:\/\/www.radiopiu.net\/wordpress\/wp-json\/wp\/v2\/media\/321353"}],"wp:attachment":[{"href":"https:\/\/www.radiopiu.net\/wordpress\/wp-json\/wp\/v2\/media?parent=321354"}],"wp:term":[{"taxonomy":"category","embeddable":true,"href":"https:\/\/www.radiopiu.net\/wordpress\/wp-json\/wp\/v2\/categories?post=321354"},{"taxonomy":"post_tag","embeddable":true,"href":"https:\/\/www.radiopiu.net\/wordpress\/wp-json\/wp\/v2\/tags?post=321354"}],"curies":[{"name":"wp","href":"https:\/\/api.w.org\/{rel}","templated":true}]}}