{"id":321378,"date":"2023-02-10T07:55:36","date_gmt":"2023-02-10T06:55:36","guid":{"rendered":"https:\/\/www.radiopiu.net\/wordpress\/?p=321378"},"modified":"2023-02-10T08:47:59","modified_gmt":"2023-02-10T07:47:59","slug":"ascolta-la-rassegna-stampa-locale-dal-1983-ogni-giorno-alle-otto-del-mattino-di-mirko-mezzacasa-2","status":"publish","type":"post","link":"https:\/\/www.radiopiu.net\/wordpress\/ascolta-la-rassegna-stampa-locale-dal-1983-ogni-giorno-alle-otto-del-mattino-di-mirko-mezzacasa-2\/","title":{"rendered":"ASCOLTA LA RASSEGNA STAMPA LOCALE, DAL 1983 OGNI GIORNO ALLE OTTO DEL MATTINO di MIRKO MEZZACASA"},"content":{"rendered":"<p><strong>LA VALLE AGORDINA<\/strong> Il forte vento di inizio febbraio ha causato gravi danni sulle strade per Passo Duran. Scoperchiata una struttura, danni anche in zona col di Foglia con piante abbattute e tegole volate via.<br \/>\n<strong>LONGARONE<\/strong> Dalla statale di Alemagna a Casa Sanremo, le problematiche della Safilo sono sempre all&#8217;ordine del giorno, il sindaco di Ponte nelle Alpi, Vendramini &#8220;Non possono chiudere lo stabilimento nel 60esimo anniversario del Vajont&#8221;.<br \/>\n<strong>AGORDO<\/strong> Le richieste della commissione trasporti in Luxottica. Tempi lunghi nonostante i solleciti. Da un anno e mezzo non arrivano le attese risposte da Provincia e Azienda.<br \/>\n<strong>BELLUNO<\/strong> All&#8217;esame della patente con gli auricolari e il complice a fare il &#8220;gobbo&#8221; con i suggerimenti. Donna straniera pizzicata dalla Polizia e denunciata per tentata truffa.<br \/>\n<strong>BELLUNO<\/strong> E&#8217; stata chiusa la sezione Anmic (Mutilati e invalidi civili). Sar\u00e0 nominato un commissario, sar\u00e0 avviata una causa legale per gravi inadempienze.<br \/>\n<strong>BELLUNO<\/strong> Lutto, \u00e8 morto il dottor Stefano Marson, medico ginecologo, aveva 65 anni, sconfitto dalla malattia.<br \/>\n<strong>LA VALLE<\/strong> Oggi alle 14.30 l&#8217;ultimo saluto a Manuela De Col. Con un ringraziamento dalla famiglia al personale degli ospedali di Agordo e Belluno, al medico curante dottor Fadig\u00e0.<br \/>\n<strong>BELLUNO<\/strong> Impianti in Nevegal, ecco il bando con i tempi di concessione allungati. La societ\u00e0 di gestione &#8220;Non siamo sicuri di partecipare&#8221;.<br \/>\n<strong>OLIMPIADI<\/strong> Sar\u00e0 il web a dare il responso sulla mascotte per le Olimpiadi. In gara una stella alpina con bucaneve o la coppia di ermellini. Via al voto, ieri la presentazione anche a Sanremo.<br \/>\n<strong>FELTRE<\/strong> Nominati i nuovi membri del Cda dell&#8217;Asilo Sanguinazzi, sono Nunzio Gorza e Maurizio Da Col.<br \/>\n<strong>CENCENIGHE<\/strong> Mauro Soppelsa titubante su una possibile ulteriore candidatura a sindaco del paese.<br \/>\n<strong>CANALE D&#8217;AGORDO<\/strong> Flavio Colcergnan &#8220;Futile sar\u00e0 la sua presenza in paese&#8221;, il sindaco contro il proprietario di seconde case che &#8220;offende&#8221; il volontariato del paese.<br \/>\n<strong>BELLUNO<\/strong> Le critiche di Altvelox dopo le dichiarazioni del Prefetto. \u201cC\u2019\u00e8 il sospetto che gli autovelox svolgano il ruolo di bancomat per le casse comunali. A Quero Vas, Arsi\u00e8 e Colle Santa Lucia, tre piccoli Comuni che assieme fanno 5000 abitanti, nel 2021 hanno incamerato 1.640.132,81 Euro<br \/>\n<strong>BORGO VALBELLUNA<\/strong> Tecnologie, legalit\u00e0 e responsabilit\u00e0 educative: il ruolo della scuola e delle famiglie: ne parler\u00e0 la vice procuratore della Repubblica di Belluno Roberta Gallego, questa sera alle 20 alla palestra di Lentiai.<br \/>\n<strong>BELLUNO<\/strong> Oggi, Ezio Paganin, il Presidente dell\u2019Assemblea provinciale del Partito Democratico, d\u2019intesa con la Segretaria, Monica Lotto, ha organizzato un primo incontro tra il deputato Piero Fassino e le Associazioni di Categoria provinciali.<br \/>\n<strong>NEL FINE SETTIMANA<\/strong> Doppio appuntamento con i carnevai de le vai, Domani a Laste e domenica a Rivamonte. Al Nof Filo&#8217; di Cencenighe il ballo di San Valentino con la famiglia agordina ex emigranti. Al Palafalcade oggi e domani la grande festa con gli studenti del liceo sportivo di Agordo.Domani a Limana, l\u2019Aido Belluno proporra\u0300 \u201cCammina con cuore\u201d, una passeggiata per adulti e bambini nel ricordo di Kevin Fontanive. Domenica a Colmean di Canale d&#8217;Agordo la gara di Ridole a coppie. Carnevale con la proloco di San Tomaso, domenica passeggiata in maschera da Celat e Colzares\u00e8.<br \/>\n<strong>AGORDO<\/strong> Dopo il buon avvio di stagione, con discreto innevamento e buona partecipazione alle escursioni scialpinistiche e con le racchette da neve, domenica nuovo appuntamento sulle Dolomiti Ampezzane, al lago di Federa, con racchette da neve.<br \/>\n<strong>ROCCA PIETORE<\/strong> Prima le \u201cformiche\u201d pi\u00f9 famose d\u2019Italia, poi le grandi emozioni dello snowboard con una gara aperta a tutti gli appassionati. Doppio evento sabato 11 febbraio in Marmolada tra arte e sport.<br \/>\n<strong>PIEVE DI CADORE<\/strong> Stasera alle 18:30 alla Magnifica Comunit\u00e0 Di Cadore Fabio \u201cRufus\u201d Bristot presenter\u00e0 il suo libro \u201cDon Claudio E La Luna\u201d. Un\u2019iniziativa del Lions Club \u201cCadore Dolomiti\u201d.<br \/>\n<span style=\"color: #ff0000;\">HOCKEY SU GHIACCIO<\/span> ALLEGHE UNDER 17 A CORTO DI VITTORIE NELLA SECONDA FASE DEL CAMPIONATO<br \/>\nTROFEO MICHELE BOLOGNINI. L\u2019ITALIA PERDE ALL\u2019OVERTIME CON LA SLOVENIA<br \/>\n<span style=\"color: #ff0000;\">SNOWBOARD PARALIMPICO<\/span> SI CHIUDE LA DUE GIORNI DEDICATA ALLO SNOWBOARD PARALIMPICO A CORTINA<br \/>\n<span style=\"color: #ff0000;\">QUIDDITCH<\/span> MATTEO GANZ CONVOCATO CON LA NAZIONALE ITALIANA DI QUIDDITCH<\/p>\n<p>&nbsp;<\/p>\n<p>&nbsp;<\/p>\n<p><iframe loading=\"lazy\" title=\"RASSEGNA STAMPA LOCALE\" width=\"1200\" height=\"675\" src=\"https:\/\/www.youtube.com\/embed\/Q8nNFpfFS2w?feature=oembed\" frameborder=\"0\" allow=\"accelerometer; autoplay; clipboard-write; encrypted-media; gyroscope; picture-in-picture; web-share\" allowfullscreen><\/iframe><\/p>\n<p>&nbsp;<\/p>\n<p>&nbsp;<\/p>\n<p>&nbsp;<\/p>\n<hr \/>\n<p>&nbsp;<\/p>\n","protected":false},"excerpt":{"rendered":"<p>LA VALLE AGORDINA Il forte vento di inizio febbraio ha causato gravi danni sulle strade per Passo Duran. Scoperchiata una struttura, danni anche in zona col di Foglia con piante abbattute e tegole volate via. LONGARONE Dalla statale di Alemagna a Casa Sanremo, le problematiche della Safilo sono sempre all&#8217;ordine del giorno, il sindaco di&hellip;<\/p>\n","protected":false},"author":4,"featured_media":321359,"comment_status":"closed","ping_status":"closed","sticky":false,"template":"","format":"standard","meta":{"_monsterinsights_skip_tracking":false,"_monsterinsights_sitenote_active":false,"_monsterinsights_sitenote_note":"","_monsterinsights_sitenote_category":0,"footnotes":""},"categories":[104,49,142],"tags":[],"class_list":["post-321378","post","type-post","status-publish","format-standard","has-post-thumbnail","hentry","category-evidenza_3","category-news-18","category-rassegna-stampa","category-104","category-49","category-142","description-off"],"img_url":"https:\/\/www.radiopiu.net\/wordpress\/wp-content\/uploads\/2023\/02\/COPERTA.jpg","_links":{"self":[{"href":"https:\/\/www.radiopiu.net\/wordpress\/wp-json\/wp\/v2\/posts\/321378","targetHints":{"allow":["GET"]}}],"collection":[{"href":"https:\/\/www.radiopiu.net\/wordpress\/wp-json\/wp\/v2\/posts"}],"about":[{"href":"https:\/\/www.radiopiu.net\/wordpress\/wp-json\/wp\/v2\/types\/post"}],"author":[{"embeddable":true,"href":"https:\/\/www.radiopiu.net\/wordpress\/wp-json\/wp\/v2\/users\/4"}],"replies":[{"embeddable":true,"href":"https:\/\/www.radiopiu.net\/wordpress\/wp-json\/wp\/v2\/comments?post=321378"}],"version-history":[{"count":0,"href":"https:\/\/www.radiopiu.net\/wordpress\/wp-json\/wp\/v2\/posts\/321378\/revisions"}],"wp:featuredmedia":[{"embeddable":true,"href":"https:\/\/www.radiopiu.net\/wordpress\/wp-json\/wp\/v2\/media\/321359"}],"wp:attachment":[{"href":"https:\/\/www.radiopiu.net\/wordpress\/wp-json\/wp\/v2\/media?parent=321378"}],"wp:term":[{"taxonomy":"category","embeddable":true,"href":"https:\/\/www.radiopiu.net\/wordpress\/wp-json\/wp\/v2\/categories?post=321378"},{"taxonomy":"post_tag","embeddable":true,"href":"https:\/\/www.radiopiu.net\/wordpress\/wp-json\/wp\/v2\/tags?post=321378"}],"curies":[{"name":"wp","href":"https:\/\/api.w.org\/{rel}","templated":true}]}}