{"id":321411,"date":"2023-02-21T10:35:56","date_gmt":"2023-02-21T09:35:56","guid":{"rendered":"https:\/\/www.radiopiu.net\/wordpress\/?p=321411"},"modified":"2023-02-21T15:15:11","modified_gmt":"2023-02-21T14:15:11","slug":"dillo-a-radio-piu-io-proporrei-a-papa-luciani","status":"publish","type":"post","link":"https:\/\/www.radiopiu.net\/wordpress\/dillo-a-radio-piu-io-proporrei-a-papa-luciani\/","title":{"rendered":"DILLO A RADIO PIU&#8217;&#8230;.&#8221;IO PROPORREI: A PAPA LUCIANI&#8221;"},"content":{"rendered":"<p><strong><img loading=\"lazy\" decoding=\"async\" class=\"alignleft\" src=\"https:\/\/www.radiopiu.net\/wordpress\/wp-content\/uploads\/2021\/07\/gallery_H05050102-300x300.png\" width=\"156\" height=\"156\" \/>REDAZIONE<\/strong> Riceviamo e volentieri pubblichiamo l&#8217;intervento di Alberto Curti a proposito della tanto attesa intitolazione dell&#8217;ospedale di Agordo, se ne parla da anni, decenni, a Papa Luciani.<\/p>\n<p>&nbsp;<\/p>\n<p>Scrivo a proposito dell&#8217;intitolazione dell&#8217;Ospedale di Agordo, al nostro Papa. L&#8217;idea \u00e8 ottima, senz&#8217;altro da condividere. E&#8217; inconcepibile il ritardo, perch\u00e9, a quanto ne so, se ne parla da anni. Tutti sembravano d&#8217;accordo, ma non se ne \u00e8 fatto finora nulla. Mi pare che l&#8217;idea sia di intitolare l&#8217;Ospedale di Agordo a &#8220;Giovanni Paolo I&#8221; Io proporrei invece di intitolarlo a &#8220;Papa Luciani&#8221;. Questo perch\u00e9 noi agordini sappiamo bene chi \u00e8 Giovanni Paolo I, ma tutti quelli che vengono da fuori senz&#8217;altro penserebbero a Papa Woytila (Giovanni Paolo II) molto pi\u00f9 conosciuto ovunque del nostro Luciani agordino. Se lo condivide, inviterei\u00a0 Radiopi\u00f9 di farsi sostenitrice-promotrice di questa proposta e di diffonderla perch\u00e9 sia conosciuta e condivisa da quanti pi\u00f9 cittadini possibile, e quindi sia portata all&#8217;attenzione di chi ha la possibilit\u00e0 e il potere di decidere in merito. Personalmente non immagino possano esserci obiezioni contrarie. In subordine, auspicherei un altro nominativo: Leonardo Del Vecchio. Per quest&#8217;altro illustrissimo personaggio agordino, sarebbe comunque da pensare a qualcosa di importante, quale l&#8217;intitolazione della Piazza centrale di Agordo, con una statua. Potrebbe essere bello.<\/p>\n<p>ALBERTO CURTI<\/p>\n<p>&nbsp;<\/p>\n<p>___<\/p>\n","protected":false},"excerpt":{"rendered":"<p>REDAZIONE Riceviamo e volentieri pubblichiamo l&#8217;intervento di Alberto Curti a proposito della tanto attesa intitolazione dell&#8217;ospedale di Agordo, se ne parla da anni, decenni, a Papa Luciani. &nbsp; Scrivo a proposito dell&#8217;intitolazione dell&#8217;Ospedale di Agordo, al nostro Papa. L&#8217;idea \u00e8 ottima, senz&#8217;altro da condividere. E&#8217; inconcepibile il ritardo, perch\u00e9, a quanto ne so, se ne&hellip;<\/p>\n","protected":false},"author":4,"featured_media":219312,"comment_status":"closed","ping_status":"closed","sticky":false,"template":"","format":"standard","meta":{"_monsterinsights_skip_tracking":false,"_monsterinsights_sitenote_active":false,"_monsterinsights_sitenote_note":"","_monsterinsights_sitenote_category":0,"footnotes":""},"categories":[51,49],"tags":[],"class_list":["post-321411","post","type-post","status-publish","format-standard","has-post-thumbnail","hentry","category-evidenza-top","category-news-18","category-51","category-49","description-off"],"img_url":"https:\/\/www.radiopiu.net\/wordpress\/wp-content\/uploads\/2021\/07\/gallery_H05050102.png","_links":{"self":[{"href":"https:\/\/www.radiopiu.net\/wordpress\/wp-json\/wp\/v2\/posts\/321411","targetHints":{"allow":["GET"]}}],"collection":[{"href":"https:\/\/www.radiopiu.net\/wordpress\/wp-json\/wp\/v2\/posts"}],"about":[{"href":"https:\/\/www.radiopiu.net\/wordpress\/wp-json\/wp\/v2\/types\/post"}],"author":[{"embeddable":true,"href":"https:\/\/www.radiopiu.net\/wordpress\/wp-json\/wp\/v2\/users\/4"}],"replies":[{"embeddable":true,"href":"https:\/\/www.radiopiu.net\/wordpress\/wp-json\/wp\/v2\/comments?post=321411"}],"version-history":[{"count":0,"href":"https:\/\/www.radiopiu.net\/wordpress\/wp-json\/wp\/v2\/posts\/321411\/revisions"}],"wp:featuredmedia":[{"embeddable":true,"href":"https:\/\/www.radiopiu.net\/wordpress\/wp-json\/wp\/v2\/media\/219312"}],"wp:attachment":[{"href":"https:\/\/www.radiopiu.net\/wordpress\/wp-json\/wp\/v2\/media?parent=321411"}],"wp:term":[{"taxonomy":"category","embeddable":true,"href":"https:\/\/www.radiopiu.net\/wordpress\/wp-json\/wp\/v2\/categories?post=321411"},{"taxonomy":"post_tag","embeddable":true,"href":"https:\/\/www.radiopiu.net\/wordpress\/wp-json\/wp\/v2\/tags?post=321411"}],"curies":[{"name":"wp","href":"https:\/\/api.w.org\/{rel}","templated":true}]}}