{"id":321422,"date":"2023-02-10T10:53:17","date_gmt":"2023-02-10T09:53:17","guid":{"rendered":"https:\/\/www.radiopiu.net\/wordpress\/?p=321422"},"modified":"2023-02-10T10:53:46","modified_gmt":"2023-02-10T09:53:46","slug":"gs-la-piave-2000-in-sei-ai-tricolori-under-18-indoor","status":"publish","type":"post","link":"https:\/\/www.radiopiu.net\/wordpress\/gs-la-piave-2000-in-sei-ai-tricolori-under-18-indoor\/","title":{"rendered":"GS LA PIAVE 2000, IN SEI AI TRICOLORI UNDER 18 INDOOR\u00a0 \u00a0 \u00a0"},"content":{"rendered":"<blockquote>\n<h3><strong><a class=\"dt-pswp-item\" href=\"https:\/\/www.radiopiu.net\/wordpress\/wp-content\/uploads\/2023\/02\/Zambon_Giorgia_Ad-Ancona-22.jpg\" data-dt-img-description=\"\" data-large_image_width=\"1152\" data-large_image_height=\"1793\"><img loading=\"lazy\" decoding=\"async\" class=\" wp-image-321420 alignleft\" src=\"https:\/\/www.radiopiu.net\/wordpress\/wp-content\/uploads\/2023\/02\/Zambon_Giorgia_Ad-Ancona-22-193x300.jpg\" alt=\"\" width=\"131\" height=\"204\" srcset=\"https:\/\/www.radiopiu.net\/wordpress\/wp-content\/uploads\/2023\/02\/Zambon_Giorgia_Ad-Ancona-22-193x300.jpg 193w, https:\/\/www.radiopiu.net\/wordpress\/wp-content\/uploads\/2023\/02\/Zambon_Giorgia_Ad-Ancona-22-658x1024.jpg 658w, https:\/\/www.radiopiu.net\/wordpress\/wp-content\/uploads\/2023\/02\/Zambon_Giorgia_Ad-Ancona-22-768x1195.jpg 768w, https:\/\/www.radiopiu.net\/wordpress\/wp-content\/uploads\/2023\/02\/Zambon_Giorgia_Ad-Ancona-22-987x1536.jpg 987w, https:\/\/www.radiopiu.net\/wordpress\/wp-content\/uploads\/2023\/02\/Zambon_Giorgia_Ad-Ancona-22.jpg 1152w\" sizes=\"auto, (max-width: 131px) 100vw, 131px\" \/><\/a><\/strong><\/h3>\n<\/blockquote>\n<h3><span style=\"font-size: 14px; font-weight: normal;\">Un altro impegno tricolore per il Gs La Piave 2000. Ad una settimana dalla partecipazione ai Campionati Italiani Juniores e Promesse Indoor, la societ\u00e0 bellunese \u00e8 pronta ad affrontare una nuova trasferta ad Ancona. Domani e domenica, il Palaindoor della citt\u00e0 marchigiana ospita infatti la rassegna nazionale allievi (under 18), secondo grande appuntamento della stagione dell\u2019atletica in sala.\u00a0 Il Gs La Piave parteciper\u00e0 alla rassegna con ben sei atlete. La punta di diamante del gruppo \u00e8 Giorgia Zambon (foto). Oltre che nei 60 ostacoli, sar\u00e0 impegnata nella staffetta 4&#215;1 giro, dove il quartetto del Gs La Piave 2000\u00a0 sar\u00e0 completato da Martina Burigo, Nora Cavacece e Caterina Pison, sia Martina Burigo che Caterina Pison saranno inoltre impegnate dei 60 piani.\u00a0 Rofiat Oluwatoy Adetoro cercher\u00e0 di confermare i recenti miglioramenti nel salto in lungo, \u00a0Chiara Da Pra sar\u00e0 impegnata nell\u2019alto.\u00a0<\/span><\/h3>\n<p>&nbsp;<\/p>\n<p>&nbsp;<\/p>\n<p>&nbsp;<\/p>\n<p>&nbsp;<\/p>\n<hr \/>\n<p>&nbsp;<\/p>\n","protected":false},"excerpt":{"rendered":"<p>Un altro impegno tricolore per il Gs La Piave 2000. Ad una settimana dalla partecipazione ai Campionati Italiani Juniores e Promesse Indoor, la societ\u00e0 bellunese \u00e8 pronta ad affrontare una nuova trasferta ad Ancona. Domani e domenica, il Palaindoor della citt\u00e0 marchigiana ospita infatti la rassegna nazionale allievi (under 18), secondo grande appuntamento della stagione&hellip;<\/p>\n","protected":false},"author":4,"featured_media":321421,"comment_status":"closed","ping_status":"closed","sticky":false,"template":"","format":"standard","meta":{"_monsterinsights_skip_tracking":false,"_monsterinsights_sitenote_active":false,"_monsterinsights_sitenote_note":"","_monsterinsights_sitenote_category":0,"footnotes":""},"categories":[49],"tags":[],"class_list":["post-321422","post","type-post","status-publish","format-standard","has-post-thumbnail","hentry","category-news-18","category-49","description-off"],"img_url":"https:\/\/www.radiopiu.net\/wordpress\/wp-content\/uploads\/2023\/02\/Senza-nome-25.jpg","_links":{"self":[{"href":"https:\/\/www.radiopiu.net\/wordpress\/wp-json\/wp\/v2\/posts\/321422","targetHints":{"allow":["GET"]}}],"collection":[{"href":"https:\/\/www.radiopiu.net\/wordpress\/wp-json\/wp\/v2\/posts"}],"about":[{"href":"https:\/\/www.radiopiu.net\/wordpress\/wp-json\/wp\/v2\/types\/post"}],"author":[{"embeddable":true,"href":"https:\/\/www.radiopiu.net\/wordpress\/wp-json\/wp\/v2\/users\/4"}],"replies":[{"embeddable":true,"href":"https:\/\/www.radiopiu.net\/wordpress\/wp-json\/wp\/v2\/comments?post=321422"}],"version-history":[{"count":0,"href":"https:\/\/www.radiopiu.net\/wordpress\/wp-json\/wp\/v2\/posts\/321422\/revisions"}],"wp:featuredmedia":[{"embeddable":true,"href":"https:\/\/www.radiopiu.net\/wordpress\/wp-json\/wp\/v2\/media\/321421"}],"wp:attachment":[{"href":"https:\/\/www.radiopiu.net\/wordpress\/wp-json\/wp\/v2\/media?parent=321422"}],"wp:term":[{"taxonomy":"category","embeddable":true,"href":"https:\/\/www.radiopiu.net\/wordpress\/wp-json\/wp\/v2\/categories?post=321422"},{"taxonomy":"post_tag","embeddable":true,"href":"https:\/\/www.radiopiu.net\/wordpress\/wp-json\/wp\/v2\/tags?post=321422"}],"curies":[{"name":"wp","href":"https:\/\/api.w.org\/{rel}","templated":true}]}}