{"id":321528,"date":"2023-02-11T10:30:16","date_gmt":"2023-02-11T09:30:16","guid":{"rendered":"https:\/\/www.radiopiu.net\/wordpress\/?p=321528"},"modified":"2023-02-11T10:46:22","modified_gmt":"2023-02-11T09:46:22","slug":"vasche-vuote-per-il-guasto-allacquedotto-di-falcade","status":"publish","type":"post","link":"https:\/\/www.radiopiu.net\/wordpress\/vasche-vuote-per-il-guasto-allacquedotto-di-falcade\/","title":{"rendered":"VASCHE VUOTE PER IL GUASTO ALL&#8217;ACQUEDOTTO DI FALCADE. IN ARRIVO DUE AUTOBOTTI CON ACQUA POTABILE"},"content":{"rendered":"<p><strong><a class=\"dt-pswp-item\" href=\"https:\/\/www.radiopiu.net\/wordpress\/wp-content\/uploads\/2022\/12\/MUNICIPIO-FALCADE.png\" data-dt-img-description=\"\" data-large_image_width=\"941\" data-large_image_height=\"655\"><img loading=\"lazy\" decoding=\"async\" class=\" wp-image-314065 alignleft\" src=\"https:\/\/www.radiopiu.net\/wordpress\/wp-content\/uploads\/2022\/12\/MUNICIPIO-FALCADE-300x209.png\" alt=\"\" width=\"132\" height=\"92\" srcset=\"https:\/\/www.radiopiu.net\/wordpress\/wp-content\/uploads\/2022\/12\/MUNICIPIO-FALCADE-300x209.png 300w, https:\/\/www.radiopiu.net\/wordpress\/wp-content\/uploads\/2022\/12\/MUNICIPIO-FALCADE-768x535.png 768w, https:\/\/www.radiopiu.net\/wordpress\/wp-content\/uploads\/2022\/12\/MUNICIPIO-FALCADE.png 941w\" sizes=\"auto, (max-width: 132px) 100vw, 132px\" \/><\/a>FALCADE\u00a0<\/strong>In alcune zone di Falcade da ieri sera manca l&#8217;acqua. La causa una rottura di un tubo che porta l&#8217;acqua in zona Piazza del Municipio. Bim GSP \u00e8 gi\u00e0 al lavoro per risolvere il problema nel pi\u00f9 breve tempo possibile. i tecnici stanno lavorando sulla collinetta vicino al palazzo comunale. Sembrerebbe che il guasto sia stato causato da un tubo che ha ceduto. Sembrerebbe che il lavori di sistemazione dovrebbero terminare in tarda mattinata. Le utenze senza acqua potabile si trovano vicino al Cinema Dolomiti fino alla Cooperativa, oltre che la parte alta di Caviola<\/p>\n<p><strong>AGGIORNAMENTO DELLE 10:30<\/strong><\/p>\n<p>Abbiamo sentito il sindaco di Falcade Mauro Salvaterra che ci ha confermato che il guasto si trova dietro al Municipio. &#8220;<em>Nella serata di ieri il nostro vigile si \u00e8 accorto che stava scendendo dell&#8217;acqua vicino al Bar da Ezio. Abbiamo subito allertato i Vigili del Fuoco e Bim GSP. I tecnici di Bim sono al lavoro da questa mattina per la sistemazione del guasto e ci hanno comunicato che ci vorr\u00e0 ancora qualche ora per risolvere il problema. La rottura del tubo per\u00f2 a causato lo svuotamento della vasca di acqua potabile e quindi i pompieri arriveranno con due autobotti per la cittadinanza. Coloro che si trovano senza acqua a casa potranno andare a rifornirsi in piazza del municipio oppure in via Trento e Trieste (istituto alberghiero)<\/em>&#8220;.<\/p>\n<p>&nbsp;<\/p>\n<p>&nbsp;<\/p>\n<p>&nbsp;<\/p>\n<p>*******<\/p>\n","protected":false},"excerpt":{"rendered":"<p>FALCADE\u00a0In alcune zone di Falcade da ieri sera manca l&#8217;acqua. La causa una rottura di un tubo che porta l&#8217;acqua in zona Piazza del Municipio. Bim GSP \u00e8 gi\u00e0 al lavoro per risolvere il problema nel pi\u00f9 breve tempo possibile. i tecnici stanno lavorando sulla collinetta vicino al palazzo comunale. Sembrerebbe che il guasto sia&hellip;<\/p>\n","protected":false},"author":4,"featured_media":314065,"comment_status":"closed","ping_status":"closed","sticky":false,"template":"","format":"standard","meta":{"_monsterinsights_skip_tracking":false,"_monsterinsights_sitenote_active":false,"_monsterinsights_sitenote_note":"","_monsterinsights_sitenote_category":0,"footnotes":""},"categories":[51,49],"tags":[],"class_list":["post-321528","post","type-post","status-publish","format-standard","has-post-thumbnail","hentry","category-evidenza-top","category-news-18","category-51","category-49","description-off"],"img_url":"https:\/\/www.radiopiu.net\/wordpress\/wp-content\/uploads\/2022\/12\/MUNICIPIO-FALCADE.png","_links":{"self":[{"href":"https:\/\/www.radiopiu.net\/wordpress\/wp-json\/wp\/v2\/posts\/321528","targetHints":{"allow":["GET"]}}],"collection":[{"href":"https:\/\/www.radiopiu.net\/wordpress\/wp-json\/wp\/v2\/posts"}],"about":[{"href":"https:\/\/www.radiopiu.net\/wordpress\/wp-json\/wp\/v2\/types\/post"}],"author":[{"embeddable":true,"href":"https:\/\/www.radiopiu.net\/wordpress\/wp-json\/wp\/v2\/users\/4"}],"replies":[{"embeddable":true,"href":"https:\/\/www.radiopiu.net\/wordpress\/wp-json\/wp\/v2\/comments?post=321528"}],"version-history":[{"count":0,"href":"https:\/\/www.radiopiu.net\/wordpress\/wp-json\/wp\/v2\/posts\/321528\/revisions"}],"wp:featuredmedia":[{"embeddable":true,"href":"https:\/\/www.radiopiu.net\/wordpress\/wp-json\/wp\/v2\/media\/314065"}],"wp:attachment":[{"href":"https:\/\/www.radiopiu.net\/wordpress\/wp-json\/wp\/v2\/media?parent=321528"}],"wp:term":[{"taxonomy":"category","embeddable":true,"href":"https:\/\/www.radiopiu.net\/wordpress\/wp-json\/wp\/v2\/categories?post=321528"},{"taxonomy":"post_tag","embeddable":true,"href":"https:\/\/www.radiopiu.net\/wordpress\/wp-json\/wp\/v2\/tags?post=321528"}],"curies":[{"name":"wp","href":"https:\/\/api.w.org\/{rel}","templated":true}]}}